{"id":5906,"date":"2019-04-11T11:48:51","date_gmt":"2019-04-11T09:48:51","guid":{"rendered":"https:\/\/blog.holyart.it\/it\/?p=5906"},"modified":"2022-10-14T12:05:09","modified_gmt":"2022-10-14T10:05:09","slug":"anniversario-elezione-papa-francesco","status":"publish","type":"post","link":"https:\/\/blog.holyart.it\/it\/articoli-religiosi\/anniversario-elezione-papa-francesco\/","title":{"rendered":"Anniversario elezione di Papa Francesco"},"content":{"rendered":"<h4 style=\"text-align: center;\"><em>La rivoluzione pacifica di Papa Francesco. In occasione del quinto anniversario dalla sua elezione, da poco celebrata, vediamo insieme come\u00a0la chiesa \u00e8 cambiata e sta cambiando sotto la guida di quest&#8217;uomo speciale.<\/em><\/h4>\n<p><em>&#8220;Non c\u2019\u00e8 nulla di pi\u00f9 grande e pi\u00f9 fecondo dell\u2019amore: esso conferisce alla persona tutta la sua dignit\u00e0, mentre, al contrario, l\u2019odio e la vendetta la sminuiscono, deturpando la bellezza della creatura fatta a immagine di Dio.&#8221;<\/em><\/p>\n<p>Questa frase l&#8217;ha pronunciata Papa Francesco in occasione dell&#8217;Angelus in Piazza San Pietro domenica 24 febbraio 2019. Abbiamo scelto di aprire con essa questo articolo che vuole essere una commemorazione per l&#8217;operato di Jorge Mario Bergoglio,\u00a0dal 13 marzo 2013 266\u00ba papa della Chiesa cattolica e vescovo di Roma, ma anche un augurio perch\u00e9 tutto ci\u00f2 che egli \u00e8 riuscito a realizzare in questi anni continui ad animare e ispirare la Chiesa.<\/p>\n<h2>Papa Francesco e l&#8217;Amore<\/h2>\n<p>Non \u00e8 un caso che la frase che abbiamo scelto parli di amore. L&#8217;<strong>amore<\/strong>, in particolare l&#8217;amore di Dio per noi, \u00e8 al centro della dottrina di Papa Francesco, che non si stanca di ribadire quanto sia esso sia unico e speciale. Il pontefice parla spesso di quella che lui chiama\u00a0<em>\u201cla gratuit\u00e0 della salvezza\u201d<\/em>.\u00a0 Siamo cos\u00ec abituati a sentirci dire che Ges\u00f9, Figlio di Dio, \u00e8 venuto sulla terra per\u00a0<strong>amore<\/strong>, per salvarci e che \u00e8 morto per noi che ormai non ci rendiamo nemmeno pi\u00f9 conto dell&#8217;enormit\u00e0 di questa rivelazione, come se avessimo timore nel riconoscerla. Il Papa ci invita a riscoprire ogni giorno il mistero di questo amore senza limiti e accoglierlo con la meraviglia che esso merita.<br \/>\nMa non solo. Papa Francesco non perde occasione per rammentarci che il messaggio di Ges\u00f9 per noi era un messaggio d&#8217;amore, di pi\u00f9, un\u00a0<strong>esempio d&#8217;amore<\/strong>, per Dio Padre, ma anche per i fratelli e le sorelle:\u00a0<em>\u201cE per questo Ges\u00f9 dice: \u2018L\u2019amore pi\u00f9 grande \u00e8 questo: amare Dio con tutta la vita, con tutto il cuore, con tutta la forza, e il prossimo come te stesso\u2019. Perch\u00e9 \u00e8 l\u2019unico comandamento che \u00e8 all\u2019altezza della gratuit\u00e0 della salvezza di Dio. E poi aggiunge Ges\u00f9: \u2018In questo comandamento ci sono tutti gli altri, perch\u00e9 quello chiama \u2013 fa tutto il bene \u2013 tutti gli altri\u2019.\u00a0<strong>Ma la fonte \u00e8 l\u2019amore; l\u2019orizzonte \u00e8 l\u2019amore.<\/strong>\u00a0Se tu hai chiuso la porta e hai portato via la chiave dell\u2019amore, non sarai all\u2019altezza della gratuit\u00e0 della salvezza che hai ricevuto.&#8221;<\/em><br \/>\nDunque non \u00e8 possibile separare la preghiera, l&#8217;osservanza dei Comandamenti, in una parola l&#8217;amore verso Dio dall\u2019amore per il prossimo:<em>\u00a0&#8220;Siamo in grado di riconoscere nell\u2019altro il volto di Dio? Non si pu\u00f2 separare la vita religiosa dall\u2019altro.&#8221;<br \/>\n<\/em>Naturalmente l&#8217;amore di cui parla Papa Francesco non \u00e8 un amore fatto solo di belle parole, ma di\u00a0<strong>fatti concreti<\/strong>.\u00a0<em>&#8220;Il vero amore \u00e8 concreto, \u00e8 nelle opere, \u00e8 un amore costante. Non \u00e8 un semplice entusiasmo.&#8221;<\/em><\/p>\n<p><strong>Un Papa umile<\/strong><\/p>\n<p>Un Papa che parla d&#8217;amore, dunque, <strong><a href=\"https:\/\/www.holyart.it\/it\/occasioni-speciali\/papa-francesco?sorter_id=1&amp;sort=20a\">Papa Francesco<\/a><\/strong>.\u00a0Un Papa sempre pronto all&#8217;<strong>umilt\u00e0<\/strong>, ad inchinarsi non solo a Dio, ma anche agli uomini. Basta pensare a quando si \u00e8 presentato per la prima volta sulla loggia vaticana, il\u00a013 marzo 2013, per salutare la folla venuta ad acclamarlo in Piazza San Pietro, senza indossare le insegne d&#8217;oro e di ermellino. Anzich\u00e9 benedire il popolo chiese a tutti i presenti che benedicessero lui.\u00a0<em>\u201cVorrei dare la Benedizione ma prima, vi chiedo un favore: prima che il vescovo benedica il popolo, vi chiedo che voi preghiate il Signore perch\u00e9 mi benedica, la preghiera del popolo, chiedendo la Benedizione per il suo vescovo. Facciamo in silenzio questa preghiera di voi su di me&#8221;<\/em>. Nessun Papa si era mai rivolto con tanta semplicit\u00e0 alla gente.<\/p>\n<p><strong>La strada del Buon Pastore<\/strong><\/p>\n<p>Papa Francesco ha condotto cos\u00ec la sua rivoluzione, con\u00a0<strong>umilt\u00e0 e amore<\/strong>, e su queste basi ha portato avanti per cinque anni il suo programma apostolico, per il quale ogni folla diventa una famiglia. La Chiesa che lui profetizza \u00e8 una\u00a0<strong>chiesa in uscita<\/strong>, che va dove si trova l\u2019uomo, per le strade del mondo.<br \/>\nMa in che modo si devono muovere gli uomini di chiesa? Nella messa celebrata luned\u00ec 30 ottobre 2017 a Santa Marta il Papa ha definito questa regola, questo stile di vita che deve venire dal cuore, come da cuore venivano tutte le azioni di Ges\u00f9.\u00a0<em>&#8220;Ges\u00f9 sempre si presenta cos\u00ec, vicino. Tante volte appare nel Vangelo che la vicinanza viene da quello che Ges\u00f9 sente nel cuore: \u201cGes\u00f9 si commosse\u201d, dice per esempio un passo del Vangelo, sente misericordia, si avvicina&#8221;.<br \/>\n<\/em>Papa Francesco indica cinque verbi\u00a0<em>di vicinanza<\/em>\u00a0vissuti in prima persona da Ges\u00f9, e che dovrebbero fornire l&#8217;esempio di vita e operato per i pastori, ma, in generale, per tutti gli uomini:\u00a0<strong><em>vedere, chiamare, parlare, toccare e guarire<\/em><\/strong>. Non bastano le belle parole, occorre agire, toccare con mano chi ci sta accanto, soprattutto se soffre. Il\u00a0buon pastore deve essere umile e mite di cuore, e non deve vergognarsi\u00a0di toccare la carne ferita, non pu\u00f2 dire:\u00a0<em>\u201cMa, s\u00ec, sta bene, s\u00ec s\u00ec, io sono vicino a te nello spirito\u201d.<\/em><\/p>\n<p>Ancora amore, dunque, e vicinanza, presenza.\u00a0Perch\u00e9\u00a0<em>&#8220;un buon pastore \u00e8 vicino, sempre&#8221;<\/em>.<\/p>\n<h2>Studi teologici e comunicazione<\/h2>\n<p>Papa Francesco ha posto la sua dottrina di amore e umilt\u00e0 anche alla base di una\u00a0profonda riforma nell&#8217;<strong>approccio agli studi teologici<\/strong>, finalizzati a sostenere e favorire il propagarsi della<\/p>\n<figure id=\"attachment_5913\" aria-describedby=\"caption-attachment-5913\" style=\"width: 300px\" class=\"wp-caption alignright\"><img loading=\"lazy\" decoding=\"async\" class=\"size-medium wp-image-5913\" src=\"https:\/\/blog.holyart.it\/it\/wp-content\/uploads\/sites\/17\/2019\/04\/san-giuseppe-dormiente-300x300.jpg\" alt=\"san giuseppe dormiente\" width=\"300\" height=\"300\" \/><figcaption id=\"caption-attachment-5913\" class=\"wp-caption-text\"><center><strong><a href=\"https:\/\/www.holyart.it\/blog\/santi-e-beati\/san-giuseppe-dormiente-santo-protettore-papa-francesco\/\">San Giuseppe dormiente: il santo protettore di Papa Francesco<\/a><\/strong><br \/><a href=\"https:\/\/www.holyart.it\/blog\/santi-e-beati\/san-giuseppe-dormiente-santo-protettore-papa-francesco\/\"><button class=\"bottoneacquista\" style=\"vertical-align: middle;\">Leggi di pi\u00f9<\/button><\/a><\/center><\/figcaption><\/figure>\n<p>sua<strong>\u00a0chiesa in uscita<\/strong>. Insegnamento della teologia e della dottrina devono adeguarsi alla modernit\u00e0, alle necessit\u00e0 del mondo attuale, cos\u00ec come devono farlo i linguaggi utilizzati. Non a caso Papa Bergoglio ha voluto<strong>\u00a0riformare anche i media vaticani<\/strong>, arrivando a promuovere iniziative come il film documentario<strong>\u00a0<\/strong>\u201cUn selfie con il Papa\u201d, costruito attraverso gli autoscatti dei fedeli realizzati con il Pontefice durante i viaggi, le celebrazioni e le udienze. Un Papa Pop, lo ha definito la rivista Rolling Stones.<\/p>\n<p><strong><a href=\"https:\/\/www.holyart.it\">Holyart<\/a><\/strong>\u00a0non pu\u00f2 non riservare un posto speciale nel suo catalogo agli articoli legati a Papa Francesco, a cominciare dalle statuine di\u00a0<strong>San Giuseppe dormiente<\/strong>. \u00c9 nota a tutti infatti la particolare devozione che il Pontefice coltiva da sempre per questa particolare raffigurazione di San Giuseppe che dorme.\u00a0<em>&#8220;Sul mio tavolo ho un\u2019immagine di san Giuseppe che dorme. E mentre dorme si prende cura della Chiesa!\u00a0S\u00ec! Pu\u00f2 farlo, lo sappiamo.\u00a0E quando ho un problema, una difficolt\u00e0, io scrivo un foglietto e lo metto sotto San Giuseppe, perch\u00e9 lo sogni!&#8221;<\/em>\u00a0ha dichiarato il Pontefice in molte occasioni. Ma ci sono anche molti altri articoli devozionali dedicati a questo Papa rivoluzionario, adatti per ogni <strong><a href=\"https:\/\/www.holyart.it\/it\/occasioni-speciali\">occasione speciale<\/a><\/strong>,\u00a0come per esempio la Prima Comunione. <strong><a href=\"https:\/\/www.holyart.it\/it\/articoli-religiosi\/bomboniere-sacre-e-ricordini\">Bomboniere<\/a><\/strong>, braccialetti,<strong>\u00a0<a href=\"https:\/\/www.holyart.it\/it\/articoli-religiosi\/rosari-e-portarosari\/rosari-e-corone-devozionali?\">rosari<\/a><\/strong>, quadri, portachiavi con immagine del Papa, <strong><a href=\"https:\/\/www.holyart.it\/it\/articoli-religiosi\/gioielli\/pendenti-croci-spille-catenelle\/croce-papa-francesco-buon-pastore-argento-800\">croce papale del\u00a0Buon Pastore<\/a><\/strong>. Molti modi per ricordarlo sempre e sentirlo un po&#8217; pi\u00f9 vicino, ogni giorno.<br \/>\n<div class=\"sp-styles-warning\" style=\"width: 450px; background-color: #FFF; color: #F00; border: 1px solid #F00; padding: 10px; font-size: 14px;\">\n\t\t\t<span style=\"font-weight: bold;\">Warning: The stylesheets were not loaded!<\/span> \n\t\t\tYou will need to change the <i>Load stylesheets<\/i> setting from <i>Automatically<\/i> to <i>On homepage<\/i> or <i>On all pages<\/i>. \n\t\t\tYou can set that <a style=\"text-decoration: underline; color: #F00;\" href=\"https:\/\/blog.holyart.it\/it\/wp-admin\/admin.php?page=sliderpro-settings\">here<\/a>.\n\t\t\t<\/div>\r\n<div id=\"slider-pro-32\" class=\"slider-pro sp-no-js\" style=\"width: 500px; height: 500px;\">\r\n\t<div class=\"sp-slides\">\r\n\t\t\r\n\t\t<div class=\"sp-slide\">\r\n\t\t\t<img loading=\"lazy\" decoding=\"async\" class=\"sp-image\" src=\"https:\/\/blog.holyart.it\/it\/wp-content\/uploads\/sites\/17\/2019\/04\/rosario-portachiavi-papa-francesco.jpg\" alt=\"rosario papa francesco\" width=\"500\" height=\"500\" \/>\r\n\t\t\t<div class=\"sp-thumbnail\"><img decoding=\"async\" src=\"https:\/\/blog.holyart.it\/it\/wp-content\/uploads\/sites\/17\/2019\/04\/rosario-portachiavi-papa-francesco-150x150.jpg\" \/>\r\n\t\t\t<\/div>\r\n\t\t\t<div class=\"sp-caption\">Cofanetto con rosario di Papa Francesco e portachiavi. <strong><a href=\"https:\/\/www.holyart.it\/it\/occasioni-speciali\/prima-comunione\/rosari-e-decine\/rosario-e-portachiavi-papa-francesco\">Acquista su Holyart<\/a><\/strong><\/div>\r\n\t\t<\/div>\r\n\t\t<div class=\"sp-slide\">\r\n\t\t\t<img loading=\"lazy\" decoding=\"async\" class=\"sp-image\" src=\"https:\/\/blog.holyart.it\/it\/wp-content\/uploads\/sites\/17\/2019\/04\/collana-papa-francesco.jpg\" alt=\"collana papa francesco\" width=\"500\" height=\"500\" \/>\r\n\t\t\t<div class=\"sp-thumbnail\"><img decoding=\"async\" src=\"https:\/\/blog.holyart.it\/it\/wp-content\/uploads\/sites\/17\/2019\/04\/collana-papa-francesco-150x150.jpg\" \/>\r\n\t\t\t<\/div>\r\n\t\t\t<div class=\"sp-caption\">Collana croce di Papa Francesco rappresentante il Buon Pastore, in metallo e corda marrone. <BR><strong><a href=\"https:\/\/www.holyart.it\/it\/articoli-religiosi\/pendenti-croci-tau-medaglie\/pendenti-croce-metallo\/collana-croce-papa-francesco-metallo-4x2-6-cm-con-corda\">Acquista su Holyart<\/a><\/strong><\/div>\r\n\t\t<\/div>\r\n\t\t<div class=\"sp-slide\">\r\n\t\t\t<img loading=\"lazy\" decoding=\"async\" class=\"sp-image\" src=\"https:\/\/blog.holyart.it\/it\/wp-content\/uploads\/sites\/17\/2019\/04\/san-giuseppe-dormiente-1.jpg\" alt=\"san giuseppe dormiente\" width=\"500\" height=\"500\" \/>\r\n\t\t\t<div class=\"sp-thumbnail\"><img decoding=\"async\" src=\"https:\/\/blog.holyart.it\/it\/wp-content\/uploads\/sites\/17\/2019\/04\/san-giuseppe-dormiente-1-150x150.jpg\" \/>\r\n\t\t\t<\/div>\r\n\t\t\t<div class=\"sp-caption\">San Giuseppe dormiente 17 cm in pvc dipinta a mano, statuina realizzata dall'azienda Fontanini. <strong><a href=\"https:\/\/www.holyart.it\/it\/natale\/statue-per-presepi\/san-giuseppe-dormiente-fontanini-17-cm\">Acquista su Holyart<\/a><\/strong><\/div>\r\n\t\t<\/div>\r\n\t\t<div class=\"sp-slide\">\r\n\t\t\t<img loading=\"lazy\" decoding=\"async\" class=\"sp-image\" src=\"https:\/\/blog.holyart.it\/it\/wp-content\/uploads\/sites\/17\/2019\/04\/bomboniera-comunione-papa-francesco.jpg\" alt=\"bomboniera papa francesco\" width=\"500\" height=\"500\" \/>\r\n\t\t\t<div class=\"sp-thumbnail\"><img decoding=\"async\" src=\"https:\/\/blog.holyart.it\/it\/wp-content\/uploads\/sites\/17\/2019\/04\/bomboniera-comunione-papa-francesco-150x150.jpg\" \/>\r\n\t\t\t<\/div>\r\n\t\t\t<div class=\"sp-caption\">Bomboniera Prima Comunione con quadro Papa Francesco. Realizzato in vetro e lamina in argento, prodotto interamente in Italia. <strong><a href=\"https:\/\/www.holyart.it\/it\/articoli-religiosi\/bomboniere-sacre-e-ricordini\/bomboniera-prima-comunione-quadro-papa-francesco-16-5-cm\">Acquista su Holyart<\/a><\/strong><\/div>\r\n\t\t<\/div>\r\n\t<\/div>\r\n<\/div><\/p>\n","protected":false},"excerpt":{"rendered":"<p>La rivoluzione pacifica di Papa Francesco. In occasione del quinto anniversario dalla sua elezione, da poco celebrata, vediamo insieme come\u00a0la chiesa \u00e8 cambiata e sta cambiando sotto la guida di quest&#8217;uomo speciale. &#8220;Non c\u2019\u00e8 nulla di pi\u00f9 grande e pi\u00f9 fecondo dell\u2019amore: esso conferisce alla&hellip;<\/p>\n","protected":false},"author":1,"featured_media":5963,"comment_status":"closed","ping_status":"open","sticky":false,"template":"","format":"standard","meta":{"_acf_changed":false,"footnotes":""},"categories":[16,15],"tags":[],"class_list":["post-5906","post","type-post","status-publish","format-standard","has-post-thumbnail","hentry","category-articoli-religiosi","category-santi-e-beati"],"acf":[],"yoast_head":"<!-- This site is optimized with the Yoast SEO plugin v26.6 - https:\/\/yoast.com\/wordpress\/plugins\/seo\/ -->\n<title>Anniversario elezione di Papa Francesco - Holyblog<\/title>\n<meta name=\"description\" content=\"La rivoluzione pacifica di Papa Francesco. Nell&#039;occasione speciale del quinto anniversario della sua elezione vediamo insieme come la chiesa \u00e8 cambiata\" \/>\n<meta name=\"robots\" content=\"index, follow, max-snippet:-1, max-image-preview:large, max-video-preview:-1\" \/>\n<link rel=\"canonical\" href=\"https:\/\/blog.holyart.it\/it\/articoli-religiosi\/anniversario-elezione-papa-francesco\/\" \/>\n<meta property=\"og:locale\" content=\"it_IT\" \/>\n<meta property=\"og:type\" content=\"article\" \/>\n<meta property=\"og:title\" content=\"Anniversario elezione di Papa Francesco - Holyblog\" \/>\n<meta property=\"og:description\" content=\"La rivoluzione pacifica di Papa Francesco. Nell&#039;occasione speciale del quinto anniversario della sua elezione vediamo insieme come la chiesa \u00e8 cambiata\" \/>\n<meta property=\"og:url\" content=\"https:\/\/blog.holyart.it\/it\/articoli-religiosi\/anniversario-elezione-papa-francesco\/\" \/>\n<meta property=\"og:site_name\" content=\"Holyblog\" \/>\n<meta property=\"article:published_time\" content=\"2019-04-11T09:48:51+00:00\" \/>\n<meta property=\"article:modified_time\" content=\"2022-10-14T10:05:09+00:00\" \/>\n<meta property=\"og:image\" content=\"https:\/\/blog.holyart.it\/it\/wp-content\/uploads\/sites\/17\/2019\/04\/Papa_Francesco.jpg\" \/>\n\t<meta property=\"og:image:width\" content=\"1000\" \/>\n\t<meta property=\"og:image:height\" content=\"666\" \/>\n\t<meta property=\"og:image:type\" content=\"image\/jpeg\" \/>\n<meta name=\"author\" content=\"Redazione\" \/>\n<meta name=\"twitter:card\" content=\"summary_large_image\" \/>\n<meta name=\"twitter:label1\" content=\"Scritto da\" \/>\n\t<meta name=\"twitter:data1\" content=\"Redazione\" \/>\n\t<meta name=\"twitter:label2\" content=\"Tempo di lettura stimato\" \/>\n\t<meta name=\"twitter:data2\" content=\"6 minuti\" \/>\n<script type=\"application\/ld+json\" class=\"yoast-schema-graph\">{\"@context\":\"https:\/\/schema.org\",\"@graph\":[{\"@type\":\"Article\",\"@id\":\"https:\/\/blog.holyart.it\/it\/articoli-religiosi\/anniversario-elezione-papa-francesco\/#article\",\"isPartOf\":{\"@id\":\"https:\/\/blog.holyart.it\/it\/articoli-religiosi\/anniversario-elezione-papa-francesco\/\"},\"author\":{\"name\":\"Redazione\",\"@id\":\"https:\/\/blog.holyart.it\/it\/#\/schema\/person\/0a7b686e5af0f856ec1e390dd0baecda\"},\"headline\":\"Anniversario elezione di Papa Francesco\",\"datePublished\":\"2019-04-11T09:48:51+00:00\",\"dateModified\":\"2022-10-14T10:05:09+00:00\",\"mainEntityOfPage\":{\"@id\":\"https:\/\/blog.holyart.it\/it\/articoli-religiosi\/anniversario-elezione-papa-francesco\/\"},\"wordCount\":1126,\"publisher\":{\"@id\":\"https:\/\/blog.holyart.it\/it\/#organization\"},\"image\":{\"@id\":\"https:\/\/blog.holyart.it\/it\/articoli-religiosi\/anniversario-elezione-papa-francesco\/#primaryimage\"},\"thumbnailUrl\":\"https:\/\/blog.holyart.it\/it\/wp-content\/uploads\/sites\/17\/2019\/04\/Papa_Francesco.jpg\",\"articleSection\":[\"Religione\",\"Santi e beati\"],\"inLanguage\":\"it-IT\"},{\"@type\":\"WebPage\",\"@id\":\"https:\/\/blog.holyart.it\/it\/articoli-religiosi\/anniversario-elezione-papa-francesco\/\",\"url\":\"https:\/\/blog.holyart.it\/it\/articoli-religiosi\/anniversario-elezione-papa-francesco\/\",\"name\":\"Anniversario elezione di Papa Francesco - Holyblog\",\"isPartOf\":{\"@id\":\"https:\/\/blog.holyart.it\/it\/#website\"},\"primaryImageOfPage\":{\"@id\":\"https:\/\/blog.holyart.it\/it\/articoli-religiosi\/anniversario-elezione-papa-francesco\/#primaryimage\"},\"image\":{\"@id\":\"https:\/\/blog.holyart.it\/it\/articoli-religiosi\/anniversario-elezione-papa-francesco\/#primaryimage\"},\"thumbnailUrl\":\"https:\/\/blog.holyart.it\/it\/wp-content\/uploads\/sites\/17\/2019\/04\/Papa_Francesco.jpg\",\"datePublished\":\"2019-04-11T09:48:51+00:00\",\"dateModified\":\"2022-10-14T10:05:09+00:00\",\"description\":\"La rivoluzione pacifica di Papa Francesco. Nell'occasione speciale del quinto anniversario della sua elezione vediamo insieme come la chiesa \u00e8 cambiata\",\"breadcrumb\":{\"@id\":\"https:\/\/blog.holyart.it\/it\/articoli-religiosi\/anniversario-elezione-papa-francesco\/#breadcrumb\"},\"inLanguage\":\"it-IT\",\"potentialAction\":[{\"@type\":\"ReadAction\",\"target\":[\"https:\/\/blog.holyart.it\/it\/articoli-religiosi\/anniversario-elezione-papa-francesco\/\"]}]},{\"@type\":\"ImageObject\",\"inLanguage\":\"it-IT\",\"@id\":\"https:\/\/blog.holyart.it\/it\/articoli-religiosi\/anniversario-elezione-papa-francesco\/#primaryimage\",\"url\":\"https:\/\/blog.holyart.it\/it\/wp-content\/uploads\/sites\/17\/2019\/04\/Papa_Francesco.jpg\",\"contentUrl\":\"https:\/\/blog.holyart.it\/it\/wp-content\/uploads\/sites\/17\/2019\/04\/Papa_Francesco.jpg\",\"width\":1000,\"height\":666,\"caption\":\"Papa Francesco\"},{\"@type\":\"BreadcrumbList\",\"@id\":\"https:\/\/blog.holyart.it\/it\/articoli-religiosi\/anniversario-elezione-papa-francesco\/#breadcrumb\",\"itemListElement\":[{\"@type\":\"ListItem\",\"position\":1,\"name\":\"Homepage\",\"item\":\"https:\/\/blog.holyart.it\/it\/\"},{\"@type\":\"ListItem\",\"position\":2,\"name\":\"Religione\",\"item\":\"https:\/\/blog.holyart.it\/it\/articoli-religiosi\/\"},{\"@type\":\"ListItem\",\"position\":3,\"name\":\"Anniversario elezione di Papa Francesco\"}]},{\"@type\":\"WebSite\",\"@id\":\"https:\/\/blog.holyart.it\/it\/#website\",\"url\":\"https:\/\/blog.holyart.it\/it\/\",\"name\":\"Holyblog\",\"description\":\"Il Blog di Holyart.it\",\"publisher\":{\"@id\":\"https:\/\/blog.holyart.it\/it\/#organization\"},\"potentialAction\":[{\"@type\":\"SearchAction\",\"target\":{\"@type\":\"EntryPoint\",\"urlTemplate\":\"https:\/\/blog.holyart.it\/it\/?s={search_term_string}\"},\"query-input\":{\"@type\":\"PropertyValueSpecification\",\"valueRequired\":true,\"valueName\":\"search_term_string\"}}],\"inLanguage\":\"it-IT\"},{\"@type\":\"Organization\",\"@id\":\"https:\/\/blog.holyart.it\/it\/#organization\",\"name\":\"Holyblog\",\"url\":\"https:\/\/blog.holyart.it\/it\/\",\"logo\":{\"@type\":\"ImageObject\",\"inLanguage\":\"it-IT\",\"@id\":\"https:\/\/blog.holyart.it\/it\/#\/schema\/logo\/image\/\",\"url\":\"https:\/\/blog.holyart.it\/it\/wp-content\/uploads\/sites\/17\/2022\/12\/Holyart_Blog_Logo.jpg\",\"contentUrl\":\"https:\/\/blog.holyart.it\/it\/wp-content\/uploads\/sites\/17\/2022\/12\/Holyart_Blog_Logo.jpg\",\"width\":300,\"height\":50,\"caption\":\"Holyblog\"},\"image\":{\"@id\":\"https:\/\/blog.holyart.it\/it\/#\/schema\/logo\/image\/\"}},{\"@type\":\"Person\",\"@id\":\"https:\/\/blog.holyart.it\/it\/#\/schema\/person\/0a7b686e5af0f856ec1e390dd0baecda\",\"name\":\"Redazione\"}]}<\/script>\n<!-- \/ Yoast SEO plugin. -->","yoast_head_json":{"title":"Anniversario elezione di Papa Francesco - Holyblog","description":"La rivoluzione pacifica di Papa Francesco. Nell'occasione speciale del quinto anniversario della sua elezione vediamo insieme come la chiesa \u00e8 cambiata","robots":{"index":"index","follow":"follow","max-snippet":"max-snippet:-1","max-image-preview":"max-image-preview:large","max-video-preview":"max-video-preview:-1"},"canonical":"https:\/\/blog.holyart.it\/it\/articoli-religiosi\/anniversario-elezione-papa-francesco\/","og_locale":"it_IT","og_type":"article","og_title":"Anniversario elezione di Papa Francesco - Holyblog","og_description":"La rivoluzione pacifica di Papa Francesco. Nell'occasione speciale del quinto anniversario della sua elezione vediamo insieme come la chiesa \u00e8 cambiata","og_url":"https:\/\/blog.holyart.it\/it\/articoli-religiosi\/anniversario-elezione-papa-francesco\/","og_site_name":"Holyblog","article_published_time":"2019-04-11T09:48:51+00:00","article_modified_time":"2022-10-14T10:05:09+00:00","og_image":[{"width":1000,"height":666,"url":"https:\/\/blog.holyart.it\/it\/wp-content\/uploads\/sites\/17\/2019\/04\/Papa_Francesco.jpg","type":"image\/jpeg"}],"author":"Redazione","twitter_card":"summary_large_image","twitter_misc":{"Scritto da":"Redazione","Tempo di lettura stimato":"6 minuti"},"schema":{"@context":"https:\/\/schema.org","@graph":[{"@type":"Article","@id":"https:\/\/blog.holyart.it\/it\/articoli-religiosi\/anniversario-elezione-papa-francesco\/#article","isPartOf":{"@id":"https:\/\/blog.holyart.it\/it\/articoli-religiosi\/anniversario-elezione-papa-francesco\/"},"author":{"name":"Redazione","@id":"https:\/\/blog.holyart.it\/it\/#\/schema\/person\/0a7b686e5af0f856ec1e390dd0baecda"},"headline":"Anniversario elezione di Papa Francesco","datePublished":"2019-04-11T09:48:51+00:00","dateModified":"2022-10-14T10:05:09+00:00","mainEntityOfPage":{"@id":"https:\/\/blog.holyart.it\/it\/articoli-religiosi\/anniversario-elezione-papa-francesco\/"},"wordCount":1126,"publisher":{"@id":"https:\/\/blog.holyart.it\/it\/#organization"},"image":{"@id":"https:\/\/blog.holyart.it\/it\/articoli-religiosi\/anniversario-elezione-papa-francesco\/#primaryimage"},"thumbnailUrl":"https:\/\/blog.holyart.it\/it\/wp-content\/uploads\/sites\/17\/2019\/04\/Papa_Francesco.jpg","articleSection":["Religione","Santi e beati"],"inLanguage":"it-IT"},{"@type":"WebPage","@id":"https:\/\/blog.holyart.it\/it\/articoli-religiosi\/anniversario-elezione-papa-francesco\/","url":"https:\/\/blog.holyart.it\/it\/articoli-religiosi\/anniversario-elezione-papa-francesco\/","name":"Anniversario elezione di Papa Francesco - Holyblog","isPartOf":{"@id":"https:\/\/blog.holyart.it\/it\/#website"},"primaryImageOfPage":{"@id":"https:\/\/blog.holyart.it\/it\/articoli-religiosi\/anniversario-elezione-papa-francesco\/#primaryimage"},"image":{"@id":"https:\/\/blog.holyart.it\/it\/articoli-religiosi\/anniversario-elezione-papa-francesco\/#primaryimage"},"thumbnailUrl":"https:\/\/blog.holyart.it\/it\/wp-content\/uploads\/sites\/17\/2019\/04\/Papa_Francesco.jpg","datePublished":"2019-04-11T09:48:51+00:00","dateModified":"2022-10-14T10:05:09+00:00","description":"La rivoluzione pacifica di Papa Francesco. Nell'occasione speciale del quinto anniversario della sua elezione vediamo insieme come la chiesa \u00e8 cambiata","breadcrumb":{"@id":"https:\/\/blog.holyart.it\/it\/articoli-religiosi\/anniversario-elezione-papa-francesco\/#breadcrumb"},"inLanguage":"it-IT","potentialAction":[{"@type":"ReadAction","target":["https:\/\/blog.holyart.it\/it\/articoli-religiosi\/anniversario-elezione-papa-francesco\/"]}]},{"@type":"ImageObject","inLanguage":"it-IT","@id":"https:\/\/blog.holyart.it\/it\/articoli-religiosi\/anniversario-elezione-papa-francesco\/#primaryimage","url":"https:\/\/blog.holyart.it\/it\/wp-content\/uploads\/sites\/17\/2019\/04\/Papa_Francesco.jpg","contentUrl":"https:\/\/blog.holyart.it\/it\/wp-content\/uploads\/sites\/17\/2019\/04\/Papa_Francesco.jpg","width":1000,"height":666,"caption":"Papa Francesco"},{"@type":"BreadcrumbList","@id":"https:\/\/blog.holyart.it\/it\/articoli-religiosi\/anniversario-elezione-papa-francesco\/#breadcrumb","itemListElement":[{"@type":"ListItem","position":1,"name":"Homepage","item":"https:\/\/blog.holyart.it\/it\/"},{"@type":"ListItem","position":2,"name":"Religione","item":"https:\/\/blog.holyart.it\/it\/articoli-religiosi\/"},{"@type":"ListItem","position":3,"name":"Anniversario elezione di Papa Francesco"}]},{"@type":"WebSite","@id":"https:\/\/blog.holyart.it\/it\/#website","url":"https:\/\/blog.holyart.it\/it\/","name":"Holyblog","description":"Il Blog di Holyart.it","publisher":{"@id":"https:\/\/blog.holyart.it\/it\/#organization"},"potentialAction":[{"@type":"SearchAction","target":{"@type":"EntryPoint","urlTemplate":"https:\/\/blog.holyart.it\/it\/?s={search_term_string}"},"query-input":{"@type":"PropertyValueSpecification","valueRequired":true,"valueName":"search_term_string"}}],"inLanguage":"it-IT"},{"@type":"Organization","@id":"https:\/\/blog.holyart.it\/it\/#organization","name":"Holyblog","url":"https:\/\/blog.holyart.it\/it\/","logo":{"@type":"ImageObject","inLanguage":"it-IT","@id":"https:\/\/blog.holyart.it\/it\/#\/schema\/logo\/image\/","url":"https:\/\/blog.holyart.it\/it\/wp-content\/uploads\/sites\/17\/2022\/12\/Holyart_Blog_Logo.jpg","contentUrl":"https:\/\/blog.holyart.it\/it\/wp-content\/uploads\/sites\/17\/2022\/12\/Holyart_Blog_Logo.jpg","width":300,"height":50,"caption":"Holyblog"},"image":{"@id":"https:\/\/blog.holyart.it\/it\/#\/schema\/logo\/image\/"}},{"@type":"Person","@id":"https:\/\/blog.holyart.it\/it\/#\/schema\/person\/0a7b686e5af0f856ec1e390dd0baecda","name":"Redazione"}]}},"_links":{"self":[{"href":"https:\/\/blog.holyart.it\/it\/wp-json\/wp\/v2\/posts\/5906","targetHints":{"allow":["GET"]}}],"collection":[{"href":"https:\/\/blog.holyart.it\/it\/wp-json\/wp\/v2\/posts"}],"about":[{"href":"https:\/\/blog.holyart.it\/it\/wp-json\/wp\/v2\/types\/post"}],"author":[{"embeddable":true,"href":"https:\/\/blog.holyart.it\/it\/wp-json\/wp\/v2\/users\/1"}],"replies":[{"embeddable":true,"href":"https:\/\/blog.holyart.it\/it\/wp-json\/wp\/v2\/comments?post=5906"}],"version-history":[{"count":0,"href":"https:\/\/blog.holyart.it\/it\/wp-json\/wp\/v2\/posts\/5906\/revisions"}],"wp:featuredmedia":[{"embeddable":true,"href":"https:\/\/blog.holyart.it\/it\/wp-json\/wp\/v2\/media\/5963"}],"wp:attachment":[{"href":"https:\/\/blog.holyart.it\/it\/wp-json\/wp\/v2\/media?parent=5906"}],"wp:term":[{"taxonomy":"category","embeddable":true,"href":"https:\/\/blog.holyart.it\/it\/wp-json\/wp\/v2\/categories?post=5906"},{"taxonomy":"post_tag","embeddable":true,"href":"https:\/\/blog.holyart.it\/it\/wp-json\/wp\/v2\/tags?post=5906"}],"curies":[{"name":"wp","href":"https:\/\/api.w.org\/{rel}","templated":true}]}}