{"id":589,"date":"2017-03-07T15:55:16","date_gmt":"2017-03-07T14:55:16","guid":{"rendered":"https:\/\/blog.holyart.it\/it\/?p=589"},"modified":"2025-04-17T14:48:18","modified_gmt":"2025-04-17T12:48:18","slug":"colori-nella-liturgia-cattolica-significato","status":"publish","type":"post","link":"https:\/\/blog.holyart.it\/it\/accessori-liturgia\/colori-nella-liturgia-cattolica-significato\/","title":{"rendered":"I colori nella liturgia cattolica e il loro significato"},"content":{"rendered":"<p>I <span style=\"color: #0000ff;\"><strong><a style=\"color: #0000ff;\" href=\"https:\/\/www.holyart.it\/it\/accessori-per-la-liturgia\/paramenti-liturgici-servizi-altare-coprileggii\">paramenti liturgici dei sacerdoti cattolici<\/a><\/strong><\/span> durante le celebrazioni religiose e i numerosi <strong>paramenti sacri<\/strong> da loro utilizzati si differenziano secondo una gamma di colori che ha un preciso significato simbolico preciso.<\/p>\n<p>I <strong>colori dei paramenti liturgici<\/strong>, quali il piviale, la casula, la dalmatica, la stola, <strong>rimandano al tempo liturgico<\/strong> o all\u2019occasione festiva presente. I colori liturgici in uso sono stati codificati per volont\u00e0 di Paolo VI nel Rito romano nel 1969 e sono quattro: <strong>bianco<\/strong>, <strong>verde<\/strong>, <strong>rosso<\/strong> e <strong>viola<\/strong>. A questi colori se ne aggiungono altri, come il rosa, l\u2019azzurro, l\u2019oro e il nero, utilizzati nei paramenti liturgici solo in alcune occasioni particolari o come alternativa ai colori canonici. Esaminiamoli uno per uno.<\/p>\n<figure id=\"attachment_2767\" aria-describedby=\"caption-attachment-2767\" style=\"width: 300px\" class=\"wp-caption alignleft\"><img loading=\"lazy\" decoding=\"async\" class=\"size-medium wp-image-2767\" src=\"https:\/\/blog.holyart.it\/it\/wp-content\/uploads\/sites\/17\/2017\/03\/casula-sacerdotale-e-stola-ricamo-300x300.jpg\" alt=\"casula sacerdotale\" width=\"300\" height=\"300\" \/><figcaption id=\"caption-attachment-2767\" class=\"wp-caption-text\"><center><strong><span style=\"color: #0000ff;\"><a style=\"color: #0000ff;\" href=\"https:\/\/www.holyart.it\/it\/accessori-per-la-liturgia\/paramenti-liturgici-servizi-altare-coprileggii\/casule\/casula-liturgica-e-stola-ricamo-con-ihs\">Casula Liturgica e Stola Sacerdotale<\/a><\/span><\/strong><br \/><a href=\"https:\/\/www.holyart.it\/it\/accessori-per-la-liturgia\/paramenti-liturgici-servizi-altare-coprileggii\/casule\/casula-liturgica-e-stola-ricamo-con-ihs\"><button class=\"bottoneacquista\" style=\"vertical-align: middle;\">Acquista su Holyart<\/button><\/a><\/center><\/figcaption><\/figure>\n<p><strong>Il bianco simboleggia la gioia e la purezza derivanti dalla Fede<\/strong>. \u00c8 uno dei colori pi\u00f9 ricorrenti nei paramenti liturgici che vengono utilizzati ogni giorno dai sacerdoti, a prescindere dal tempo liturgico e dalla festivit\u00e0 in corso. \u00c8 legato in particolare all\u2019adorazione di Ges\u00f9 e della Madonna e agli Uffici pasquali e natalizi. <strong>Simboleggia anche la risurrezione<\/strong>, il Cristo risorto nell\u2019esultanza della Fede.<\/p>\n<p>Dopo il bianco, il colore pi\u00f9 utilizzato nelle messe domenicali e feriali, al di fuori di festivit\u00e0 definite, \u00e8 <strong>il verde, simbolo di speranza, costanza e ascolto perseverante<\/strong>. Accompagna il cammino quotidiano dei sacerdoti e dei fedeli che ad essi si rivolgono.<\/p>\n<p><strong>Il colore viola richiama la penitenza, l\u2019attesa e il lutto<\/strong>. Viene utilizzato in particolare durante l\u2019Avvento e la Quaresima. I paramenti liturgici viola caratterizzano le Messe per i defunti, nelle quali possono essere sostituiti da paramenti di colore <strong>nero<\/strong>.<\/p>\n<figure id=\"attachment_2770\" aria-describedby=\"caption-attachment-2770\" style=\"width: 300px\" class=\"wp-caption alignright\"><img loading=\"lazy\" decoding=\"async\" class=\"size-medium wp-image-2770\" src=\"https:\/\/blog.holyart.it\/it\/wp-content\/uploads\/sites\/17\/2017\/03\/casula-azzurra-300x300.jpg\" alt=\"casula liturgica\" width=\"300\" height=\"300\" \/><figcaption id=\"caption-attachment-2770\" class=\"wp-caption-text\"><center><strong><span style=\"color: #0000ff;\"><a style=\"color: #0000ff;\" href=\"https:\/\/www.holyart.it\/it\/accessori-per-la-liturgia\/paramenti-liturgici-servizi-altare-coprileggii\/casule\/casula-azzurra-100-poliestere-croce-dorata\">Casula azzurra con Croce dorata<\/a><\/span><\/strong><br \/><a href=\"https:\/\/www.holyart.it\/it\/accessori-per-la-liturgia\/paramenti-liturgici-servizi-altare-coprileggii\/casule\/casula-azzurra-100-poliestere-croce-dorata\"><button class=\"bottoneacquista\" style=\"vertical-align: middle;\">Acquista su Holyart<\/button><\/a><\/center><\/figcaption><\/figure>\n<p><strong>Il rosso simboleggia la passione di Cristo<\/strong> e il sangue versato nel martirio da lui e dai santi. Per questo viene utilizzato per i paramenti liturgici la domenica delle Palme, il Venerd\u00ec santo, a Pentecoste, nelle celebrazioni dedicate alla Passione del Signore, nelle feste degli Apostoli, degli evangelisti e dei Santi Martiri.<\/p>\n<p>Per quanto riguarda i colori non codificati, l\u2019<strong>azzurro<\/strong> si utilizza soprattutto per le celebrazioni in onore della <span style=\"color: #0000ff;\"><strong><a style=\"color: #0000ff;\" href=\"https:\/\/www.holyart.it\/articoli\/statue-madonna.php\">Beata Vergine Maria<\/a><\/strong><\/span>, specialmente nei paesi di cultura spagnola o portoghese, il <strong>rosa<\/strong>, indica <strong>gioia<\/strong> e <strong>solennit\u00e0<\/strong> per la III domenica di Avvento e la IV domenica di Quaresima, mentre infine l\u2019<strong>oro<\/strong> simboleggia la <strong>regalit\u00e0<\/strong> e pu\u00f2 sostituire tutti i colori in ogni occasione, sebbene di solito venga utilizzato solo in alcune Solennit\u00e0 di particolare importanza.<\/p>\n","protected":false},"excerpt":{"rendered":"<p>I paramenti liturgici dei sacerdoti cattolici durante le celebrazioni religiose e i numerosi paramenti sacri da loro utilizzati si differenziano secondo una gamma di colori che ha un preciso significato simbolico preciso. I colori dei paramenti liturgici, quali il piviale, la casula, la dalmatica, la&hellip;<\/p>\n","protected":false},"author":1,"featured_media":590,"comment_status":"closed","ping_status":"open","sticky":false,"template":"","format":"standard","meta":{"_acf_changed":false,"footnotes":""},"categories":[14],"tags":[],"class_list":["post-589","post","type-post","status-publish","format-standard","has-post-thumbnail","hentry","category-accessori-liturgia"],"acf":[],"yoast_head":"<!-- This site is optimized with the Yoast SEO plugin v26.6 - https:\/\/yoast.com\/wordpress\/plugins\/seo\/ -->\n<title>I colori nella liturgia cattolica e il loro significato - Holyblog<\/title>\n<meta name=\"robots\" content=\"index, follow, max-snippet:-1, max-image-preview:large, max-video-preview:-1\" \/>\n<link rel=\"canonical\" href=\"https:\/\/blog.holyart.it\/it\/accessori-liturgia\/colori-nella-liturgia-cattolica-significato\/\" \/>\n<meta property=\"og:locale\" content=\"it_IT\" \/>\n<meta property=\"og:type\" content=\"article\" \/>\n<meta property=\"og:title\" content=\"I colori nella liturgia cattolica e il loro significato - Holyblog\" \/>\n<meta property=\"og:description\" content=\"I paramenti liturgici dei sacerdoti cattolici durante le celebrazioni religiose e i numerosi paramenti sacri da loro utilizzati si differenziano secondo una gamma di colori che ha un preciso significato simbolico preciso. I colori dei paramenti liturgici, quali il piviale, la casula, la dalmatica, la&hellip;\" \/>\n<meta property=\"og:url\" content=\"https:\/\/blog.holyart.it\/it\/accessori-liturgia\/colori-nella-liturgia-cattolica-significato\/\" \/>\n<meta property=\"og:site_name\" content=\"Holyblog\" \/>\n<meta property=\"article:published_time\" content=\"2017-03-07T14:55:16+00:00\" \/>\n<meta property=\"article:modified_time\" content=\"2025-04-17T12:48:18+00:00\" \/>\n<meta property=\"og:image\" content=\"https:\/\/blog.holyart.it\/it\/wp-content\/uploads\/sites\/17\/2017\/03\/I-colori-liturgici.jpg\" \/>\n\t<meta property=\"og:image:width\" content=\"1000\" \/>\n\t<meta property=\"og:image:height\" content=\"667\" \/>\n\t<meta property=\"og:image:type\" content=\"image\/jpeg\" \/>\n<meta name=\"author\" content=\"Redazione\" \/>\n<meta name=\"twitter:card\" content=\"summary_large_image\" \/>\n<meta name=\"twitter:label1\" content=\"Scritto da\" \/>\n\t<meta name=\"twitter:data1\" content=\"Redazione\" \/>\n\t<meta name=\"twitter:label2\" content=\"Tempo di lettura stimato\" \/>\n\t<meta name=\"twitter:data2\" content=\"3 minuti\" \/>\n<script type=\"application\/ld+json\" class=\"yoast-schema-graph\">{\"@context\":\"https:\/\/schema.org\",\"@graph\":[{\"@type\":\"Article\",\"@id\":\"https:\/\/blog.holyart.it\/it\/accessori-liturgia\/colori-nella-liturgia-cattolica-significato\/#article\",\"isPartOf\":{\"@id\":\"https:\/\/blog.holyart.it\/it\/accessori-liturgia\/colori-nella-liturgia-cattolica-significato\/\"},\"author\":{\"name\":\"Redazione\",\"@id\":\"https:\/\/blog.holyart.it\/it\/#\/schema\/person\/0a7b686e5af0f856ec1e390dd0baecda\"},\"headline\":\"I colori nella liturgia cattolica e il loro significato\",\"datePublished\":\"2017-03-07T14:55:16+00:00\",\"dateModified\":\"2025-04-17T12:48:18+00:00\",\"mainEntityOfPage\":{\"@id\":\"https:\/\/blog.holyart.it\/it\/accessori-liturgia\/colori-nella-liturgia-cattolica-significato\/\"},\"wordCount\":427,\"publisher\":{\"@id\":\"https:\/\/blog.holyart.it\/it\/#organization\"},\"image\":{\"@id\":\"https:\/\/blog.holyart.it\/it\/accessori-liturgia\/colori-nella-liturgia-cattolica-significato\/#primaryimage\"},\"thumbnailUrl\":\"https:\/\/blog.holyart.it\/it\/wp-content\/uploads\/sites\/17\/2017\/03\/I-colori-liturgici.jpg\",\"articleSection\":[\"Liturgia\"],\"inLanguage\":\"it-IT\"},{\"@type\":\"WebPage\",\"@id\":\"https:\/\/blog.holyart.it\/it\/accessori-liturgia\/colori-nella-liturgia-cattolica-significato\/\",\"url\":\"https:\/\/blog.holyart.it\/it\/accessori-liturgia\/colori-nella-liturgia-cattolica-significato\/\",\"name\":\"I colori nella liturgia cattolica e il loro significato - Holyblog\",\"isPartOf\":{\"@id\":\"https:\/\/blog.holyart.it\/it\/#website\"},\"primaryImageOfPage\":{\"@id\":\"https:\/\/blog.holyart.it\/it\/accessori-liturgia\/colori-nella-liturgia-cattolica-significato\/#primaryimage\"},\"image\":{\"@id\":\"https:\/\/blog.holyart.it\/it\/accessori-liturgia\/colori-nella-liturgia-cattolica-significato\/#primaryimage\"},\"thumbnailUrl\":\"https:\/\/blog.holyart.it\/it\/wp-content\/uploads\/sites\/17\/2017\/03\/I-colori-liturgici.jpg\",\"datePublished\":\"2017-03-07T14:55:16+00:00\",\"dateModified\":\"2025-04-17T12:48:18+00:00\",\"breadcrumb\":{\"@id\":\"https:\/\/blog.holyart.it\/it\/accessori-liturgia\/colori-nella-liturgia-cattolica-significato\/#breadcrumb\"},\"inLanguage\":\"it-IT\",\"potentialAction\":[{\"@type\":\"ReadAction\",\"target\":[\"https:\/\/blog.holyart.it\/it\/accessori-liturgia\/colori-nella-liturgia-cattolica-significato\/\"]}]},{\"@type\":\"ImageObject\",\"inLanguage\":\"it-IT\",\"@id\":\"https:\/\/blog.holyart.it\/it\/accessori-liturgia\/colori-nella-liturgia-cattolica-significato\/#primaryimage\",\"url\":\"https:\/\/blog.holyart.it\/it\/wp-content\/uploads\/sites\/17\/2017\/03\/I-colori-liturgici.jpg\",\"contentUrl\":\"https:\/\/blog.holyart.it\/it\/wp-content\/uploads\/sites\/17\/2017\/03\/I-colori-liturgici.jpg\",\"width\":1000,\"height\":667,\"caption\":\"I colori liturgici\"},{\"@type\":\"BreadcrumbList\",\"@id\":\"https:\/\/blog.holyart.it\/it\/accessori-liturgia\/colori-nella-liturgia-cattolica-significato\/#breadcrumb\",\"itemListElement\":[{\"@type\":\"ListItem\",\"position\":1,\"name\":\"Homepage\",\"item\":\"https:\/\/blog.holyart.it\/it\/\"},{\"@type\":\"ListItem\",\"position\":2,\"name\":\"Liturgia\",\"item\":\"https:\/\/blog.holyart.it\/it\/accessori-liturgia\/\"},{\"@type\":\"ListItem\",\"position\":3,\"name\":\"I colori nella liturgia cattolica e il loro significato\"}]},{\"@type\":\"WebSite\",\"@id\":\"https:\/\/blog.holyart.it\/it\/#website\",\"url\":\"https:\/\/blog.holyart.it\/it\/\",\"name\":\"Holyblog\",\"description\":\"Il Blog di Holyart.it\",\"publisher\":{\"@id\":\"https:\/\/blog.holyart.it\/it\/#organization\"},\"potentialAction\":[{\"@type\":\"SearchAction\",\"target\":{\"@type\":\"EntryPoint\",\"urlTemplate\":\"https:\/\/blog.holyart.it\/it\/?s={search_term_string}\"},\"query-input\":{\"@type\":\"PropertyValueSpecification\",\"valueRequired\":true,\"valueName\":\"search_term_string\"}}],\"inLanguage\":\"it-IT\"},{\"@type\":\"Organization\",\"@id\":\"https:\/\/blog.holyart.it\/it\/#organization\",\"name\":\"Holyblog\",\"url\":\"https:\/\/blog.holyart.it\/it\/\",\"logo\":{\"@type\":\"ImageObject\",\"inLanguage\":\"it-IT\",\"@id\":\"https:\/\/blog.holyart.it\/it\/#\/schema\/logo\/image\/\",\"url\":\"https:\/\/blog.holyart.it\/it\/wp-content\/uploads\/sites\/17\/2022\/12\/Holyart_Blog_Logo.jpg\",\"contentUrl\":\"https:\/\/blog.holyart.it\/it\/wp-content\/uploads\/sites\/17\/2022\/12\/Holyart_Blog_Logo.jpg\",\"width\":300,\"height\":50,\"caption\":\"Holyblog\"},\"image\":{\"@id\":\"https:\/\/blog.holyart.it\/it\/#\/schema\/logo\/image\/\"}},{\"@type\":\"Person\",\"@id\":\"https:\/\/blog.holyart.it\/it\/#\/schema\/person\/0a7b686e5af0f856ec1e390dd0baecda\",\"name\":\"Redazione\"}]}<\/script>\n<!-- \/ Yoast SEO plugin. -->","yoast_head_json":{"title":"I colori nella liturgia cattolica e il loro significato - Holyblog","robots":{"index":"index","follow":"follow","max-snippet":"max-snippet:-1","max-image-preview":"max-image-preview:large","max-video-preview":"max-video-preview:-1"},"canonical":"https:\/\/blog.holyart.it\/it\/accessori-liturgia\/colori-nella-liturgia-cattolica-significato\/","og_locale":"it_IT","og_type":"article","og_title":"I colori nella liturgia cattolica e il loro significato - Holyblog","og_description":"I paramenti liturgici dei sacerdoti cattolici durante le celebrazioni religiose e i numerosi paramenti sacri da loro utilizzati si differenziano secondo una gamma di colori che ha un preciso significato simbolico preciso. I colori dei paramenti liturgici, quali il piviale, la casula, la dalmatica, la&hellip;","og_url":"https:\/\/blog.holyart.it\/it\/accessori-liturgia\/colori-nella-liturgia-cattolica-significato\/","og_site_name":"Holyblog","article_published_time":"2017-03-07T14:55:16+00:00","article_modified_time":"2025-04-17T12:48:18+00:00","og_image":[{"width":1000,"height":667,"url":"https:\/\/blog.holyart.it\/it\/wp-content\/uploads\/sites\/17\/2017\/03\/I-colori-liturgici.jpg","type":"image\/jpeg"}],"author":"Redazione","twitter_card":"summary_large_image","twitter_misc":{"Scritto da":"Redazione","Tempo di lettura stimato":"3 minuti"},"schema":{"@context":"https:\/\/schema.org","@graph":[{"@type":"Article","@id":"https:\/\/blog.holyart.it\/it\/accessori-liturgia\/colori-nella-liturgia-cattolica-significato\/#article","isPartOf":{"@id":"https:\/\/blog.holyart.it\/it\/accessori-liturgia\/colori-nella-liturgia-cattolica-significato\/"},"author":{"name":"Redazione","@id":"https:\/\/blog.holyart.it\/it\/#\/schema\/person\/0a7b686e5af0f856ec1e390dd0baecda"},"headline":"I colori nella liturgia cattolica e il loro significato","datePublished":"2017-03-07T14:55:16+00:00","dateModified":"2025-04-17T12:48:18+00:00","mainEntityOfPage":{"@id":"https:\/\/blog.holyart.it\/it\/accessori-liturgia\/colori-nella-liturgia-cattolica-significato\/"},"wordCount":427,"publisher":{"@id":"https:\/\/blog.holyart.it\/it\/#organization"},"image":{"@id":"https:\/\/blog.holyart.it\/it\/accessori-liturgia\/colori-nella-liturgia-cattolica-significato\/#primaryimage"},"thumbnailUrl":"https:\/\/blog.holyart.it\/it\/wp-content\/uploads\/sites\/17\/2017\/03\/I-colori-liturgici.jpg","articleSection":["Liturgia"],"inLanguage":"it-IT"},{"@type":"WebPage","@id":"https:\/\/blog.holyart.it\/it\/accessori-liturgia\/colori-nella-liturgia-cattolica-significato\/","url":"https:\/\/blog.holyart.it\/it\/accessori-liturgia\/colori-nella-liturgia-cattolica-significato\/","name":"I colori nella liturgia cattolica e il loro significato - Holyblog","isPartOf":{"@id":"https:\/\/blog.holyart.it\/it\/#website"},"primaryImageOfPage":{"@id":"https:\/\/blog.holyart.it\/it\/accessori-liturgia\/colori-nella-liturgia-cattolica-significato\/#primaryimage"},"image":{"@id":"https:\/\/blog.holyart.it\/it\/accessori-liturgia\/colori-nella-liturgia-cattolica-significato\/#primaryimage"},"thumbnailUrl":"https:\/\/blog.holyart.it\/it\/wp-content\/uploads\/sites\/17\/2017\/03\/I-colori-liturgici.jpg","datePublished":"2017-03-07T14:55:16+00:00","dateModified":"2025-04-17T12:48:18+00:00","breadcrumb":{"@id":"https:\/\/blog.holyart.it\/it\/accessori-liturgia\/colori-nella-liturgia-cattolica-significato\/#breadcrumb"},"inLanguage":"it-IT","potentialAction":[{"@type":"ReadAction","target":["https:\/\/blog.holyart.it\/it\/accessori-liturgia\/colori-nella-liturgia-cattolica-significato\/"]}]},{"@type":"ImageObject","inLanguage":"it-IT","@id":"https:\/\/blog.holyart.it\/it\/accessori-liturgia\/colori-nella-liturgia-cattolica-significato\/#primaryimage","url":"https:\/\/blog.holyart.it\/it\/wp-content\/uploads\/sites\/17\/2017\/03\/I-colori-liturgici.jpg","contentUrl":"https:\/\/blog.holyart.it\/it\/wp-content\/uploads\/sites\/17\/2017\/03\/I-colori-liturgici.jpg","width":1000,"height":667,"caption":"I colori liturgici"},{"@type":"BreadcrumbList","@id":"https:\/\/blog.holyart.it\/it\/accessori-liturgia\/colori-nella-liturgia-cattolica-significato\/#breadcrumb","itemListElement":[{"@type":"ListItem","position":1,"name":"Homepage","item":"https:\/\/blog.holyart.it\/it\/"},{"@type":"ListItem","position":2,"name":"Liturgia","item":"https:\/\/blog.holyart.it\/it\/accessori-liturgia\/"},{"@type":"ListItem","position":3,"name":"I colori nella liturgia cattolica e il loro significato"}]},{"@type":"WebSite","@id":"https:\/\/blog.holyart.it\/it\/#website","url":"https:\/\/blog.holyart.it\/it\/","name":"Holyblog","description":"Il Blog di Holyart.it","publisher":{"@id":"https:\/\/blog.holyart.it\/it\/#organization"},"potentialAction":[{"@type":"SearchAction","target":{"@type":"EntryPoint","urlTemplate":"https:\/\/blog.holyart.it\/it\/?s={search_term_string}"},"query-input":{"@type":"PropertyValueSpecification","valueRequired":true,"valueName":"search_term_string"}}],"inLanguage":"it-IT"},{"@type":"Organization","@id":"https:\/\/blog.holyart.it\/it\/#organization","name":"Holyblog","url":"https:\/\/blog.holyart.it\/it\/","logo":{"@type":"ImageObject","inLanguage":"it-IT","@id":"https:\/\/blog.holyart.it\/it\/#\/schema\/logo\/image\/","url":"https:\/\/blog.holyart.it\/it\/wp-content\/uploads\/sites\/17\/2022\/12\/Holyart_Blog_Logo.jpg","contentUrl":"https:\/\/blog.holyart.it\/it\/wp-content\/uploads\/sites\/17\/2022\/12\/Holyart_Blog_Logo.jpg","width":300,"height":50,"caption":"Holyblog"},"image":{"@id":"https:\/\/blog.holyart.it\/it\/#\/schema\/logo\/image\/"}},{"@type":"Person","@id":"https:\/\/blog.holyart.it\/it\/#\/schema\/person\/0a7b686e5af0f856ec1e390dd0baecda","name":"Redazione"}]}},"_links":{"self":[{"href":"https:\/\/blog.holyart.it\/it\/wp-json\/wp\/v2\/posts\/589","targetHints":{"allow":["GET"]}}],"collection":[{"href":"https:\/\/blog.holyart.it\/it\/wp-json\/wp\/v2\/posts"}],"about":[{"href":"https:\/\/blog.holyart.it\/it\/wp-json\/wp\/v2\/types\/post"}],"author":[{"embeddable":true,"href":"https:\/\/blog.holyart.it\/it\/wp-json\/wp\/v2\/users\/1"}],"replies":[{"embeddable":true,"href":"https:\/\/blog.holyart.it\/it\/wp-json\/wp\/v2\/comments?post=589"}],"version-history":[{"count":1,"href":"https:\/\/blog.holyart.it\/it\/wp-json\/wp\/v2\/posts\/589\/revisions"}],"predecessor-version":[{"id":21759,"href":"https:\/\/blog.holyart.it\/it\/wp-json\/wp\/v2\/posts\/589\/revisions\/21759"}],"wp:featuredmedia":[{"embeddable":true,"href":"https:\/\/blog.holyart.it\/it\/wp-json\/wp\/v2\/media\/590"}],"wp:attachment":[{"href":"https:\/\/blog.holyart.it\/it\/wp-json\/wp\/v2\/media?parent=589"}],"wp:term":[{"taxonomy":"category","embeddable":true,"href":"https:\/\/blog.holyart.it\/it\/wp-json\/wp\/v2\/categories?post=589"},{"taxonomy":"post_tag","embeddable":true,"href":"https:\/\/blog.holyart.it\/it\/wp-json\/wp\/v2\/tags?post=589"}],"curies":[{"name":"wp","href":"https:\/\/api.w.org\/{rel}","templated":true}]}}