{"id":582,"date":"2017-02-28T15:39:12","date_gmt":"2017-02-28T14:39:12","guid":{"rendered":"https:\/\/blog.holyart.it\/it\/?p=582"},"modified":"2018-04-27T16:58:08","modified_gmt":"2018-04-27T14:58:08","slug":"labito-talare-nella-chiesa-cattolica","status":"publish","type":"post","link":"https:\/\/blog.holyart.it\/it\/accessori-liturgia\/labito-talare-nella-chiesa-cattolica\/","title":{"rendered":"L&#8217;abito talare nella Chiesa cattolica"},"content":{"rendered":"<p>Gli <strong>abiti religiosi<\/strong> sono considerati da sempre una sorta di \u2018divisa\u2019 richiesta ai sacerdoti per differenziarsi dagli uomini comuni. Questo perch\u00e9 fin dalle origini della religione si \u00e8 avvertita la necessit\u00e0 di identificare i membri delle proprie comunit\u00e0 anche sulla base di un determinato abbigliamento.<\/p>\n<p>In particolare, gli abiti religiosi maschili rendono il sacerdote immediatamente riconoscibile e ne fanno un punto di riferimento per i fedeli. Indossare un abito religioso, sia esso una <strong>veste talare<\/strong> o un <strong>clergyman<\/strong>, \u00e8 un modo per dimostrare la propria funzione, la propria vocazione, con tutti gli obblighi, i doveri e le responsabilit\u00e0 che essa comporta.<\/p>\n<p>L\u2019<span style=\"color: #0000ff;\"><strong><a style=\"color: #0000ff;\" href=\"https:\/\/www.holyart.it\/it\/accessori-per-la-liturgia\/abbigliamento-clero\">abito religioso maschile<\/a><\/strong><\/span> pi\u00f9 utilizzato dai sacerdoti cattolici \u00e8 l\u2019<span style=\"color: #0000ff;\"><strong><a style=\"color: #0000ff;\" href=\"https:\/\/www.holyart.it\/it\/accessori-per-la-liturgia\/paramenti-liturgici-servizi-altare-coprileggii\/camici\/abito-talare-in-lana-nera-con-bottoni-ricoperti\">abito talare<\/a><\/strong><\/span>, una lunga veste nera chiusa da bottoni e indossata abitualmente al di fuori delle funzioni religiose. Il modello e il colore dei dettagli cambia a seconda del grado del sacerdote, ma in generale l\u2019abito religioso maschile \u00e8 nero, arricchito con fasce, bottoni e accessori di colori diversi, e accompagnato da elementi diversi a seconda della circostanza (occhielli, bottoni, bordi, fodere, ferraiolone rosso, rocchetto, croce pettorale). I sacerdoti di rango superiore indossano sull\u2019abito talare una mantellina detta <strong>pellegrina<\/strong>, mentre seminaristi, accoliti e ministranti possono indossare l\u2019abito religioso, ma solo insieme alla cotta. Un lungo cappotto, <strong>la greca<\/strong>, completa l\u2019abito religioso nei mesi invernali.<\/p>\n<figure id=\"attachment_2878\" aria-describedby=\"caption-attachment-2878\" style=\"width: 300px\" class=\"wp-caption alignright\"><img loading=\"lazy\" decoding=\"async\" class=\"size-medium wp-image-2878\" src=\"https:\/\/blog.holyart.it\/it\/wp-content\/uploads\/sites\/17\/2017\/02\/camicia-clergy-grigio-300x300.jpg\" alt=\"camicia clergy grigia\" width=\"300\" height=\"300\" \/><figcaption id=\"caption-attachment-2878\" class=\"wp-caption-text\"><center><a href=\"https:\/\/www.holyart.it\/it\/accessori-per-la-liturgia\/abbigliamento-clero\/camicie-clergyman\"><strong><span style=\"color: #0000ff;\">Acquista su Holyart:<\/span><\/strong><\/a><br \/><a href=\"https:\/\/www.holyart.it\/it\/accessori-per-la-liturgia\/abbigliamento-clero\/camicie-clergyman\"><strong><span style=\"color: #0000ff;\">Camicia Clergyman da Prete e Clero<\/span><\/strong><\/a><\/center><\/figcaption><\/figure>\n<p>Oggi il <span style=\"color: #0000ff;\"><strong><a style=\"color: #0000ff;\" href=\"https:\/\/www.holyart.it\/it\/accessori-per-la-liturgia\/abbigliamento-clero\/camicie-clergyman\">clergyman<\/a><\/strong><\/span> ha sostituito in molti casi l\u2019abito talare come abito religioso maschile. Si tratta di un completo composto da pantaloni, camicia e giacca. La camicia \u00e8 dotata di un colletto rigido che riprende quello dell&#8217;abito talare. Il colletto pu\u00f2 essere di due modelli: \u201c<strong>alla romana<\/strong>\u201d, ovvero una fascetta di plastica bianca che emerge dal colletto nero, oppure un <strong>semplice inserto di plastica bianca<\/strong> infilato nel colletto della camicia grazie a due apposite fessure in cui vengono inseriti gli angoli. La camicia pu\u00f2 essere a manica lunga o corta, a seconda della stagione. I colori ricorrenti sono il grigio scuro, il grigio chiaro, l\u2019azzurro, il bianco, il nero.<\/p>\n<p>&nbsp;<\/p>\n","protected":false},"excerpt":{"rendered":"<p>Gli abiti religiosi sono considerati da sempre una sorta di \u2018divisa\u2019 richiesta ai sacerdoti per differenziarsi dagli uomini comuni. Questo perch\u00e9 fin dalle origini della religione si \u00e8 avvertita la necessit\u00e0 di identificare i membri delle proprie comunit\u00e0 anche sulla base di un determinato abbigliamento.&hellip;<\/p>\n","protected":false},"author":1,"featured_media":583,"comment_status":"closed","ping_status":"open","sticky":false,"template":"","format":"standard","meta":{"_acf_changed":false,"footnotes":""},"categories":[14],"tags":[],"class_list":["post-582","post","type-post","status-publish","format-standard","has-post-thumbnail","hentry","category-accessori-liturgia"],"acf":[],"yoast_head":"<!-- This site is optimized with the Yoast SEO plugin v26.6 - https:\/\/yoast.com\/wordpress\/plugins\/seo\/ -->\n<title>L&#039;abito talare nella Chiesa cattolica - Holyblog<\/title>\n<meta name=\"description\" content=\"L\u2019abito religioso pi\u00f9 utilizzato dai sacerdoti \u00e8 l\u2019abito talare, una lunga veste nera chiusa da bottoni e indossata al di fuori delle funzioni religiose.\" \/>\n<meta name=\"robots\" content=\"index, follow, max-snippet:-1, max-image-preview:large, max-video-preview:-1\" \/>\n<link rel=\"canonical\" href=\"https:\/\/blog.holyart.it\/it\/accessori-liturgia\/labito-talare-nella-chiesa-cattolica\/\" \/>\n<meta property=\"og:locale\" content=\"it_IT\" \/>\n<meta property=\"og:type\" content=\"article\" \/>\n<meta property=\"og:title\" content=\"L&#039;abito talare nella Chiesa cattolica - Holyblog\" \/>\n<meta property=\"og:description\" content=\"L\u2019abito religioso pi\u00f9 utilizzato dai sacerdoti \u00e8 l\u2019abito talare, una lunga veste nera chiusa da bottoni e indossata al di fuori delle funzioni religiose.\" \/>\n<meta property=\"og:url\" content=\"https:\/\/blog.holyart.it\/it\/accessori-liturgia\/labito-talare-nella-chiesa-cattolica\/\" \/>\n<meta property=\"og:site_name\" content=\"Holyblog\" \/>\n<meta property=\"article:published_time\" content=\"2017-02-28T14:39:12+00:00\" \/>\n<meta property=\"article:modified_time\" content=\"2018-04-27T14:58:08+00:00\" \/>\n<meta property=\"og:image\" content=\"https:\/\/blog.holyart.it\/it\/wp-content\/uploads\/sites\/17\/2017\/03\/Abito-talare.jpg\" \/>\n\t<meta property=\"og:image:width\" content=\"1000\" \/>\n\t<meta property=\"og:image:height\" content=\"667\" \/>\n\t<meta property=\"og:image:type\" content=\"image\/jpeg\" \/>\n<meta name=\"author\" content=\"Redazione\" \/>\n<meta name=\"twitter:card\" content=\"summary_large_image\" \/>\n<meta name=\"twitter:label1\" content=\"Scritto da\" \/>\n\t<meta name=\"twitter:data1\" content=\"Redazione\" \/>\n\t<meta name=\"twitter:label2\" content=\"Tempo di lettura stimato\" \/>\n\t<meta name=\"twitter:data2\" content=\"2 minuti\" \/>\n<script type=\"application\/ld+json\" class=\"yoast-schema-graph\">{\"@context\":\"https:\/\/schema.org\",\"@graph\":[{\"@type\":\"Article\",\"@id\":\"https:\/\/blog.holyart.it\/it\/accessori-liturgia\/labito-talare-nella-chiesa-cattolica\/#article\",\"isPartOf\":{\"@id\":\"https:\/\/blog.holyart.it\/it\/accessori-liturgia\/labito-talare-nella-chiesa-cattolica\/\"},\"author\":{\"name\":\"Redazione\",\"@id\":\"https:\/\/blog.holyart.it\/it\/#\/schema\/person\/0a7b686e5af0f856ec1e390dd0baecda\"},\"headline\":\"L&#8217;abito talare nella Chiesa cattolica\",\"datePublished\":\"2017-02-28T14:39:12+00:00\",\"dateModified\":\"2018-04-27T14:58:08+00:00\",\"mainEntityOfPage\":{\"@id\":\"https:\/\/blog.holyart.it\/it\/accessori-liturgia\/labito-talare-nella-chiesa-cattolica\/\"},\"wordCount\":348,\"publisher\":{\"@id\":\"https:\/\/blog.holyart.it\/it\/#organization\"},\"image\":{\"@id\":\"https:\/\/blog.holyart.it\/it\/accessori-liturgia\/labito-talare-nella-chiesa-cattolica\/#primaryimage\"},\"thumbnailUrl\":\"https:\/\/blog.holyart.it\/it\/wp-content\/uploads\/sites\/17\/2017\/03\/Abito-talare.jpg\",\"articleSection\":[\"Liturgia\"],\"inLanguage\":\"it-IT\"},{\"@type\":\"WebPage\",\"@id\":\"https:\/\/blog.holyart.it\/it\/accessori-liturgia\/labito-talare-nella-chiesa-cattolica\/\",\"url\":\"https:\/\/blog.holyart.it\/it\/accessori-liturgia\/labito-talare-nella-chiesa-cattolica\/\",\"name\":\"L'abito talare nella Chiesa cattolica - Holyblog\",\"isPartOf\":{\"@id\":\"https:\/\/blog.holyart.it\/it\/#website\"},\"primaryImageOfPage\":{\"@id\":\"https:\/\/blog.holyart.it\/it\/accessori-liturgia\/labito-talare-nella-chiesa-cattolica\/#primaryimage\"},\"image\":{\"@id\":\"https:\/\/blog.holyart.it\/it\/accessori-liturgia\/labito-talare-nella-chiesa-cattolica\/#primaryimage\"},\"thumbnailUrl\":\"https:\/\/blog.holyart.it\/it\/wp-content\/uploads\/sites\/17\/2017\/03\/Abito-talare.jpg\",\"datePublished\":\"2017-02-28T14:39:12+00:00\",\"dateModified\":\"2018-04-27T14:58:08+00:00\",\"description\":\"L\u2019abito religioso pi\u00f9 utilizzato dai sacerdoti \u00e8 l\u2019abito talare, una lunga veste nera chiusa da bottoni e indossata al di fuori delle funzioni religiose.\",\"breadcrumb\":{\"@id\":\"https:\/\/blog.holyart.it\/it\/accessori-liturgia\/labito-talare-nella-chiesa-cattolica\/#breadcrumb\"},\"inLanguage\":\"it-IT\",\"potentialAction\":[{\"@type\":\"ReadAction\",\"target\":[\"https:\/\/blog.holyart.it\/it\/accessori-liturgia\/labito-talare-nella-chiesa-cattolica\/\"]}]},{\"@type\":\"ImageObject\",\"inLanguage\":\"it-IT\",\"@id\":\"https:\/\/blog.holyart.it\/it\/accessori-liturgia\/labito-talare-nella-chiesa-cattolica\/#primaryimage\",\"url\":\"https:\/\/blog.holyart.it\/it\/wp-content\/uploads\/sites\/17\/2017\/03\/Abito-talare.jpg\",\"contentUrl\":\"https:\/\/blog.holyart.it\/it\/wp-content\/uploads\/sites\/17\/2017\/03\/Abito-talare.jpg\",\"width\":1000,\"height\":667,\"caption\":\"Abito talare\"},{\"@type\":\"BreadcrumbList\",\"@id\":\"https:\/\/blog.holyart.it\/it\/accessori-liturgia\/labito-talare-nella-chiesa-cattolica\/#breadcrumb\",\"itemListElement\":[{\"@type\":\"ListItem\",\"position\":1,\"name\":\"Homepage\",\"item\":\"https:\/\/blog.holyart.it\/it\/\"},{\"@type\":\"ListItem\",\"position\":2,\"name\":\"Liturgia\",\"item\":\"https:\/\/blog.holyart.it\/it\/accessori-liturgia\/\"},{\"@type\":\"ListItem\",\"position\":3,\"name\":\"L&#8217;abito talare nella Chiesa cattolica\"}]},{\"@type\":\"WebSite\",\"@id\":\"https:\/\/blog.holyart.it\/it\/#website\",\"url\":\"https:\/\/blog.holyart.it\/it\/\",\"name\":\"Holyblog\",\"description\":\"Il Blog di Holyart.it\",\"publisher\":{\"@id\":\"https:\/\/blog.holyart.it\/it\/#organization\"},\"potentialAction\":[{\"@type\":\"SearchAction\",\"target\":{\"@type\":\"EntryPoint\",\"urlTemplate\":\"https:\/\/blog.holyart.it\/it\/?s={search_term_string}\"},\"query-input\":{\"@type\":\"PropertyValueSpecification\",\"valueRequired\":true,\"valueName\":\"search_term_string\"}}],\"inLanguage\":\"it-IT\"},{\"@type\":\"Organization\",\"@id\":\"https:\/\/blog.holyart.it\/it\/#organization\",\"name\":\"Holyblog\",\"url\":\"https:\/\/blog.holyart.it\/it\/\",\"logo\":{\"@type\":\"ImageObject\",\"inLanguage\":\"it-IT\",\"@id\":\"https:\/\/blog.holyart.it\/it\/#\/schema\/logo\/image\/\",\"url\":\"https:\/\/blog.holyart.it\/it\/wp-content\/uploads\/sites\/17\/2022\/12\/Holyart_Blog_Logo.jpg\",\"contentUrl\":\"https:\/\/blog.holyart.it\/it\/wp-content\/uploads\/sites\/17\/2022\/12\/Holyart_Blog_Logo.jpg\",\"width\":300,\"height\":50,\"caption\":\"Holyblog\"},\"image\":{\"@id\":\"https:\/\/blog.holyart.it\/it\/#\/schema\/logo\/image\/\"}},{\"@type\":\"Person\",\"@id\":\"https:\/\/blog.holyart.it\/it\/#\/schema\/person\/0a7b686e5af0f856ec1e390dd0baecda\",\"name\":\"Redazione\"}]}<\/script>\n<!-- \/ Yoast SEO plugin. -->","yoast_head_json":{"title":"L'abito talare nella Chiesa cattolica - Holyblog","description":"L\u2019abito religioso pi\u00f9 utilizzato dai sacerdoti \u00e8 l\u2019abito talare, una lunga veste nera chiusa da bottoni e indossata al di fuori delle funzioni religiose.","robots":{"index":"index","follow":"follow","max-snippet":"max-snippet:-1","max-image-preview":"max-image-preview:large","max-video-preview":"max-video-preview:-1"},"canonical":"https:\/\/blog.holyart.it\/it\/accessori-liturgia\/labito-talare-nella-chiesa-cattolica\/","og_locale":"it_IT","og_type":"article","og_title":"L'abito talare nella Chiesa cattolica - Holyblog","og_description":"L\u2019abito religioso pi\u00f9 utilizzato dai sacerdoti \u00e8 l\u2019abito talare, una lunga veste nera chiusa da bottoni e indossata al di fuori delle funzioni religiose.","og_url":"https:\/\/blog.holyart.it\/it\/accessori-liturgia\/labito-talare-nella-chiesa-cattolica\/","og_site_name":"Holyblog","article_published_time":"2017-02-28T14:39:12+00:00","article_modified_time":"2018-04-27T14:58:08+00:00","og_image":[{"width":1000,"height":667,"url":"https:\/\/blog.holyart.it\/it\/wp-content\/uploads\/sites\/17\/2017\/03\/Abito-talare.jpg","type":"image\/jpeg"}],"author":"Redazione","twitter_card":"summary_large_image","twitter_misc":{"Scritto da":"Redazione","Tempo di lettura stimato":"2 minuti"},"schema":{"@context":"https:\/\/schema.org","@graph":[{"@type":"Article","@id":"https:\/\/blog.holyart.it\/it\/accessori-liturgia\/labito-talare-nella-chiesa-cattolica\/#article","isPartOf":{"@id":"https:\/\/blog.holyart.it\/it\/accessori-liturgia\/labito-talare-nella-chiesa-cattolica\/"},"author":{"name":"Redazione","@id":"https:\/\/blog.holyart.it\/it\/#\/schema\/person\/0a7b686e5af0f856ec1e390dd0baecda"},"headline":"L&#8217;abito talare nella Chiesa cattolica","datePublished":"2017-02-28T14:39:12+00:00","dateModified":"2018-04-27T14:58:08+00:00","mainEntityOfPage":{"@id":"https:\/\/blog.holyart.it\/it\/accessori-liturgia\/labito-talare-nella-chiesa-cattolica\/"},"wordCount":348,"publisher":{"@id":"https:\/\/blog.holyart.it\/it\/#organization"},"image":{"@id":"https:\/\/blog.holyart.it\/it\/accessori-liturgia\/labito-talare-nella-chiesa-cattolica\/#primaryimage"},"thumbnailUrl":"https:\/\/blog.holyart.it\/it\/wp-content\/uploads\/sites\/17\/2017\/03\/Abito-talare.jpg","articleSection":["Liturgia"],"inLanguage":"it-IT"},{"@type":"WebPage","@id":"https:\/\/blog.holyart.it\/it\/accessori-liturgia\/labito-talare-nella-chiesa-cattolica\/","url":"https:\/\/blog.holyart.it\/it\/accessori-liturgia\/labito-talare-nella-chiesa-cattolica\/","name":"L'abito talare nella Chiesa cattolica - Holyblog","isPartOf":{"@id":"https:\/\/blog.holyart.it\/it\/#website"},"primaryImageOfPage":{"@id":"https:\/\/blog.holyart.it\/it\/accessori-liturgia\/labito-talare-nella-chiesa-cattolica\/#primaryimage"},"image":{"@id":"https:\/\/blog.holyart.it\/it\/accessori-liturgia\/labito-talare-nella-chiesa-cattolica\/#primaryimage"},"thumbnailUrl":"https:\/\/blog.holyart.it\/it\/wp-content\/uploads\/sites\/17\/2017\/03\/Abito-talare.jpg","datePublished":"2017-02-28T14:39:12+00:00","dateModified":"2018-04-27T14:58:08+00:00","description":"L\u2019abito religioso pi\u00f9 utilizzato dai sacerdoti \u00e8 l\u2019abito talare, una lunga veste nera chiusa da bottoni e indossata al di fuori delle funzioni religiose.","breadcrumb":{"@id":"https:\/\/blog.holyart.it\/it\/accessori-liturgia\/labito-talare-nella-chiesa-cattolica\/#breadcrumb"},"inLanguage":"it-IT","potentialAction":[{"@type":"ReadAction","target":["https:\/\/blog.holyart.it\/it\/accessori-liturgia\/labito-talare-nella-chiesa-cattolica\/"]}]},{"@type":"ImageObject","inLanguage":"it-IT","@id":"https:\/\/blog.holyart.it\/it\/accessori-liturgia\/labito-talare-nella-chiesa-cattolica\/#primaryimage","url":"https:\/\/blog.holyart.it\/it\/wp-content\/uploads\/sites\/17\/2017\/03\/Abito-talare.jpg","contentUrl":"https:\/\/blog.holyart.it\/it\/wp-content\/uploads\/sites\/17\/2017\/03\/Abito-talare.jpg","width":1000,"height":667,"caption":"Abito talare"},{"@type":"BreadcrumbList","@id":"https:\/\/blog.holyart.it\/it\/accessori-liturgia\/labito-talare-nella-chiesa-cattolica\/#breadcrumb","itemListElement":[{"@type":"ListItem","position":1,"name":"Homepage","item":"https:\/\/blog.holyart.it\/it\/"},{"@type":"ListItem","position":2,"name":"Liturgia","item":"https:\/\/blog.holyart.it\/it\/accessori-liturgia\/"},{"@type":"ListItem","position":3,"name":"L&#8217;abito talare nella Chiesa cattolica"}]},{"@type":"WebSite","@id":"https:\/\/blog.holyart.it\/it\/#website","url":"https:\/\/blog.holyart.it\/it\/","name":"Holyblog","description":"Il Blog di Holyart.it","publisher":{"@id":"https:\/\/blog.holyart.it\/it\/#organization"},"potentialAction":[{"@type":"SearchAction","target":{"@type":"EntryPoint","urlTemplate":"https:\/\/blog.holyart.it\/it\/?s={search_term_string}"},"query-input":{"@type":"PropertyValueSpecification","valueRequired":true,"valueName":"search_term_string"}}],"inLanguage":"it-IT"},{"@type":"Organization","@id":"https:\/\/blog.holyart.it\/it\/#organization","name":"Holyblog","url":"https:\/\/blog.holyart.it\/it\/","logo":{"@type":"ImageObject","inLanguage":"it-IT","@id":"https:\/\/blog.holyart.it\/it\/#\/schema\/logo\/image\/","url":"https:\/\/blog.holyart.it\/it\/wp-content\/uploads\/sites\/17\/2022\/12\/Holyart_Blog_Logo.jpg","contentUrl":"https:\/\/blog.holyart.it\/it\/wp-content\/uploads\/sites\/17\/2022\/12\/Holyart_Blog_Logo.jpg","width":300,"height":50,"caption":"Holyblog"},"image":{"@id":"https:\/\/blog.holyart.it\/it\/#\/schema\/logo\/image\/"}},{"@type":"Person","@id":"https:\/\/blog.holyart.it\/it\/#\/schema\/person\/0a7b686e5af0f856ec1e390dd0baecda","name":"Redazione"}]}},"_links":{"self":[{"href":"https:\/\/blog.holyart.it\/it\/wp-json\/wp\/v2\/posts\/582","targetHints":{"allow":["GET"]}}],"collection":[{"href":"https:\/\/blog.holyart.it\/it\/wp-json\/wp\/v2\/posts"}],"about":[{"href":"https:\/\/blog.holyart.it\/it\/wp-json\/wp\/v2\/types\/post"}],"author":[{"embeddable":true,"href":"https:\/\/blog.holyart.it\/it\/wp-json\/wp\/v2\/users\/1"}],"replies":[{"embeddable":true,"href":"https:\/\/blog.holyart.it\/it\/wp-json\/wp\/v2\/comments?post=582"}],"version-history":[{"count":0,"href":"https:\/\/blog.holyart.it\/it\/wp-json\/wp\/v2\/posts\/582\/revisions"}],"wp:featuredmedia":[{"embeddable":true,"href":"https:\/\/blog.holyart.it\/it\/wp-json\/wp\/v2\/media\/583"}],"wp:attachment":[{"href":"https:\/\/blog.holyart.it\/it\/wp-json\/wp\/v2\/media?parent=582"}],"wp:term":[{"taxonomy":"category","embeddable":true,"href":"https:\/\/blog.holyart.it\/it\/wp-json\/wp\/v2\/categories?post=582"},{"taxonomy":"post_tag","embeddable":true,"href":"https:\/\/blog.holyart.it\/it\/wp-json\/wp\/v2\/tags?post=582"}],"curies":[{"name":"wp","href":"https:\/\/api.w.org\/{rel}","templated":true}]}}