{"id":5775,"date":"2019-03-28T09:43:01","date_gmt":"2019-03-28T08:43:01","guid":{"rendered":"https:\/\/blog.holyart.it\/it\/?p=5775"},"modified":"2022-10-14T11:09:16","modified_gmt":"2022-10-14T09:09:16","slug":"santa-teresa-davila-religiosa-mistica-spagnola","status":"publish","type":"post","link":"https:\/\/blog.holyart.it\/it\/santi-e-beati\/santa-teresa-davila-religiosa-mistica-spagnola\/","title":{"rendered":"Santa Teresa d&#8217;Avila: religiosa e mistica spagnola"},"content":{"rendered":"<h4 style=\"text-align: center;\"><em>Santa Teresa d&#8217;Avila fu una religiosa e mistica spagnola. Una delle poche donne elette a dottore della Chiesa, ebbe il merito di riformare l\u2019ordine dei Carmelitani, e di proporre un modello di fede basato sull\u2019amicizia tra uomo e Dio e su una dimensione profondamente umana di Ges\u00f9 Cristo. Ma perch\u00e9 le veneriamo?<\/em><\/h4>\n\n<p>In ogni epoca, in ogni civilt\u00e0, ci sono state forme di celebrazione e devozione per uomini e donne celebri e &#8216;speciali&#8217;, che si erano distinti in vita per azioni, opere e pensiero. Ma sarebbe riduttivo considerare il culto dei santi una derivazione di questa idealizzazione di morti eccezionali.<\/p>\n<p>Nel nuovo mondo dei cristiani, nato dalle ceneri dell&#8217;Impero romano, ancora pericolosamente influenzato da riti pagani e credenze millenarie, il culto dei santi nasce inizialmente come retaggio di antiche tradizioni. La devozione per i santi e i martiri emerge da una condizione di instabilit\u00e0 e fermento, dovuta a cambiamento sociali, psicologici, perfino urbanistici, profondi.<\/p>\n<p>Il culto dei santi nasce e si sviluppa parallelamente ai mutamenti esterni e interni vissuti dalla Chiesa delle origini. Ufficializzato e incoraggiato fin dal principio dai Vescovi, non deve in nessun caso essere considerato una forma di religiosit\u00e0 popolare, limitata al popolino ignorante e ancora suscettibile alle leggende pagane e alle favole, n\u00e8 un modo per convertire pi\u00f9 facilmente le masse ignoranti. E non dobbiamo neppure pensare che questa forma di espressione religiosa, nata nei cimiteri e presso le tombe dei beati, coinvolgesse solo le donne e i poveri, soggetti &#8216;deboli&#8217; da sempre, esclusi dalla religione &#8216;alta&#8217;. Non \u00e8 cos\u00ec. Anzi, il culto dei santi coinvolse fin da subito tutte le classi sociali, azzerando le barriere tra ricchi e poveri, tra uomini e donne.<\/p>\n<div class=\"link-article\">\n<p><img loading=\"lazy\" decoding=\"async\" class=\"alignnone size-thumbnail wp-image-9572\" src=\"https:\/\/blog.holyart.it\/it\/wp-content\/uploads\/sites\/17\/2019\/03\/santi-1-150x99.jpg\" alt=\"santi\" width=\"150\" height=\"99\" \/><\/p>\n<div class=\"leggi-anche\">Leggi anche:<\/div>\n<p><strong><a href=\"https:\/\/www.holyart.it\/blog\/santi-e-beati\/santi-sante-cambiato-mondo\/\">Santi e Sante che hanno cambiato il mondo<\/a><\/strong><br \/>\nLa Storia dell\u2019Europa e dell\u2019Occidente come li conosciamo passa attraverso una serie di continui sovvertimenti politici&#8230;<\/p>\n<\/div>\n<p>Se \u00e8 vero che il desiderio di invocare protettori invisibili pu\u00f2 essere legato alle antiche credenze pagane, \u00e8 la prima volta che i credenti si rivolgono non a essere sovrannaturali, ma a uomini defunti, che hanno vissuto e si sono mossi in un contesto storico non troppo lontano dal loro.<br \/>\nLa parola latina &#8220;sanctus&#8221;, participio passato di\u00a0<em>sanc\u012bre<\/em>, indicava qualcosa di inviolabile. Un Santo \u00e8 proprio questo, un essere legato alla divinit\u00e0, e, in quanto tale, degno di venerazione e rispetto. E, allo stesso, tempo, un protettore, qualcuno a cui rivolgere le proprie preghiere perch\u00e9, forte della sua santit\u00e0, funga da intermediario tra noi e Dio.<\/p>\n<p>Holyart ha sempre ospitato nel suo blog molti approfondimenti dedicati al culto dei santi. Pensiamo a\u00a0<strong>Santi e sante che hanno cambiato il mondo<\/strong>, o ai pi\u00f9 specifici\u00a0<strong><a href=\"https:\/\/www.holyart.it\/blog\/santi-e-beati\/santagostino-dippona-filosofo-vescovo-teologo\/\">Sant\u2019Agostino d\u2019Ippona: filosofo, vescovo e teologo<\/a><\/strong>,\u00a0<strong><a href=\"https:\/\/www.holyart.it\/blog\/santi-e-beati\/santagnese-storia-vergine-martire\/\">Sant\u2019Agnese: storia di una vergine e martire<\/a><\/strong>, solo per citarne alcuni, o ancora a\u00a0<strong><a href=\"https:\/\/www.holyart.it\/blog\/santi-e-beati\/padre-pio-lordine-dei-frati-minori-cappuccini\/\">Padre Pio e l\u2019ordine dei Frati Minori Cappuccini<\/a><\/strong>.<\/p>\n<p>Oggi ci soffermiamo su\u00a0<strong>Santa Teresa d&#8217;Avila,\u00a0religiosa e mistica spagnola<\/strong>.<\/p>\n<h2>Chi era Santa Teresa d&#8217;Avila, o di Ges\u00f9?<\/h2>\n<p>Il suo vero nome era Teresa S\u00e1nchez de Cepeda D\u00e1vila y Ahumada, nata il 28 marzo 1515 ad Avila, in Spagna. Fu qui che a\u00a020 anni entr\u00f2 nel monastero carmelitano dell&#8217;Incarnazione,\u00a0assumendo il nome di Teresa di Ges\u00f9. La sua giovinezza fu funestata da una grave malattia, che la costrinse a letto e lungo. Per quattro giorni rest\u00f2 perfino in coma, come morta. Ma questo non le imped\u00ec di vivere una vita religiosa piena e di diventare una delle figure pi\u00f9 importanti della Riforma cattolica. Infatti\u00a0fin da giovane inizi\u00f2 a impegnarsi\u00a0concretamente per la riforma dell&#8217;<strong><a href=\"https:\/\/www.holyart.it\/blog\/prodotti-monasteri\/lordine-delle-carmelitane-scalze\/\">Ordine carmelitano<\/a><\/strong>, e nel 1562 riusc\u00ec a fondare ad Avila il primo Carmelo riformato, a cui ne seguirono altri 16 in tutto il paese.<\/p>\n<p>Santa Teresa scrisse molti testi che raccoglievano i punti della sua dottrina mistico-spirituale.<\/p>\n<p>Innanzitutto ella prospettava\u00a0<strong>le virt\u00f9 evangeliche come base di tutta la vita cristiana e umana.\u00a0<\/strong>In questa visione rientrava la necessit\u00e0 di distaccarsi dai beni terreni per abbracciare la povert\u00e0, ma anche l<strong>&#8216;amore per il prossimo<\/strong>; l&#8217;<strong>umilt\u00e0<\/strong>;\u00a0<strong>la determinazione<\/strong>;<strong>\u00a0la speranza teologale<\/strong>.<\/p>\n<p>Ma Santa Teresa predicava anche la necessit\u00e0 di una profonda<strong>\u00a0sintonia con i grandi personaggi biblici<\/strong>\u00a0e di una sorta di\u00a0<strong>amicizia necessaria tra uomo e Dio<\/strong>. Nella sua &#8220;Vita&#8221;, parlando della preghiera, ella scrisse: \u201c<em>Pregare significa frequentare con amicizia, poich\u00e9 frequentiamo a tu per tu Colui che sappiamo che ci ama<\/em>\u201d (Vita, 8,5).<\/p>\n<p>Ancora, Santa Teresa D&#8217;Avila approfond\u00ec l&#8217;argomento dell&#8217;<strong>umanit\u00e0 di Cristo<\/strong>, soffermandosi sul fatto che la vita del cristiano dovesse essere una relazione personale con Ges\u00f9, basata su amore e imitazione, e finalizzata all&#8217;unione con Lui. Per giungere a ci\u00f2 la Santa predicava la necessit\u00e0 della meditazione sulla Passione e dell&#8217;Eucaristia.\u00a0Tutta l&#8217;esperienza umana e religiosa di Santa Teresa fu un tendere a questa perfezione d&#8217;amore, a questa pienezza di e in Cristo. Nella sua opera pi\u00f9 famosa, il &#8220;Castello interiore&#8221;,\u00a0itinerario dell&#8217;anima alla ricerca di Dio, descrive questa pienezza che si realizza nell&#8217;unione con Cristo attraverso il mistero della sua umanit\u00e0.<\/p>\n<p>Ma ci piace pensare a Santa Teresa d&#8217;Avila anche per la\u00a0<strong>sua profonda attualit\u00e0<\/strong>. Il\u00a02\u00a0 febbraio 2011, nel corso dell&#8217;udienza generale del mercoled\u00ec,\u00a0papa Benedetto XVI\u00a0disse di lei: \u00ab<em>Nella nostra societ\u00e0, spesso carente di valori spirituali, santa Teresa ci insegna ad essere testimoni instancabili di Dio, della sua presenza e della sua azione, ci insegna a sentire realmente questa sete di Dio che esiste nella profondit\u00e0 del nostro cuore, questo desiderio di vedere Dio, di cercare Dio, di essere in colloquio con Lui e di essere suoi amici. Questa \u00e8 l&#8217;amicizia che \u00e8 necessaria per noi tutti e che dobbiamo cercare, giorno per giorno, di nuovo. L\u2019esempio di questa santa, profondamente contemplativa ed efficacemente operosa, spinga anche noi a dedicare ogni giorno il giusto tempo alla preghiera, a questa apertura verso Dio, a questo cammino per cercare Dio, per vederlo, per trovare la sua amicizia e cos\u00ec la vera vita; perch\u00e9 realmente molti di noi dovrebbero dire: \u201cnon vivo, non vivo realmente, perch\u00e9 non vivo l&#8217;essenza della mia vita\u201d. Per questo il tempo della preghiera non \u00e8 tempo perso, \u00e8 tempo nel quale si apre la strada della vita, si apre la strada per imparare da Dio un amore ardente a Lui, alla sua Chiesa, e una carit\u00e0 concreta per i nostri fratelli<\/em>\u00bb.<\/p>\n<h2>Quando si festeggia Santa Teresa<\/h2>\n<p>Santa Teresa venne proclamata beata nel 1614 e poi santa da papa Gregorio XV nel 1622. Paolo VI nel 1970 la iscrisse tra i dottori della Chiesa, insieme a Caterina da Siena. Viene festeggiata il\u00a0<strong>15 ottobre<\/strong>, giorno della sua morte. Si dice che le sue ultime parole siano state:\u00a0\u00ab<em>Finalmente, o Sposo mio, \u00e8 ora che ci abbracciamo!<\/em>\u00bb<\/p>\n<h2>L&#8217;estasi di Santa Teresa<\/h2>\n<p>L&#8217;estasi di Santa Teresa,\u00a0o Transverberazione di santa Teresa d&#8217;Avila \u00e8 una scultura in marmo e bronzo dorato realizzata tra il 1647 e il 1652 da Gian Lorenzo Bernini. Si trova nella cappella Cornaro, all&#8217;interno della chiesa di Santa Maria della Vittoria, a Roma.<br \/>\nLa statua raffigura la Santa mentre, col capo reclinato, gli abiti scomposti, gli occhi chiusi e la bocca semiaperta viene trafitta al cuore con una lancia infuocata da un bellissimo angelo. Nei suoi scritti Santa Teresa aveva descritto questo episodio, specificando che era stata proprio la lancia impugnata dall&#8217;angelo a risvegliare in lei l\u2019amore per Dio. Si tratta di un esempio tipico di raffigurazione di estasi mistica, uno dei temi pi\u00f9 ricorrenti nell&#8217;arte barocca.<\/p>\n<p>La statua esprime misticismo, ma anche sensualit\u00e0, come se l&#8217;intensit\u00e0 del sentimento religioso la pervadesse al punto di scatenare una sorta di passione travolgente in lei, che coinvolge corpo e anima.<\/p>\n<h2>Novena a Santa Teresa d&#8217;Avila<\/h2>\n<p>Santa Teresa d\u2019Avila, tra le altre cose, ha composto una bellissima preghiera, dedicata al rimpianto che a volte coglie tutti noi, di aver sprecato il nostro tempo, anzich\u00e9 sfruttarlo per fare qualcosa di buono. Un sentimento molto umano e attuale, al quale la Santa ha saputo dare una sua personale e sensibilissima interpretazione.<\/p>\n<p>Dio, nella sua infinita bont\u00e0, trasforma perfino quel tempo perduto in qualcosa di positivo, in un &#8220;guadagno&#8221;. Una consolazione che \u00e8 anche un sprone a fare meglio in futuro.<\/p>\n<p>Ecco la preghiera.<\/p>\n<p><em>Oh, Signore! Fonte di ogni misericordia!<\/em><\/p>\n<p><em>Riconosco la vostra divina potenza.<\/em><br \/>\n<em>Ricordando gli anni sprecati ormai passati,<\/em><br \/>\n<em>credo che Voi, Signore,<\/em><br \/>\n<em>possiate in un istante trasformare questa perdita in guadagno.<\/em><br \/>\n<em>Per quanto miserabile io sia,<\/em><br \/>\n<em>credo fermamente che possiate tutto ci\u00f2 che volete.<\/em><br \/>\n<em>Ricuperatemi, Dio mio, il tempo perduto<\/em><br \/>\n<em>concedendomi la vostra grazia per il presente e per il futuro,<\/em><br \/>\n<em>affinch\u00e9 compaia davanti a voi con la veste nuziale<\/em><br \/>\n<em>perch\u00e9, se lo volete, lo potete.<\/em><br \/>\n<em>Amen.<\/em><\/p>\n<div class=\"link-product\">\n<div class=\"blocco-immagine\"><img loading=\"lazy\" decoding=\"async\" class=\"alignnone size-full wp-image-9574\" src=\"https:\/\/blog.holyart.it\/it\/wp-content\/uploads\/sites\/17\/2019\/03\/santino-santa-teresa-1.jpg\" alt=\"santino santa teresa\" width=\"100\" height=\"100\" \/><\/div>\n<div class=\"blocco-contenuto\">\n<div class=\"blocco-acquista\">Acquista su Holyart:<\/div>\n<div class=\"blocco-titolo\"><a href=\"https:\/\/www.holyart.it\/it\/articoli-religiosi\/santini-e-biglietti-augurali\/santini\">Oltre 400 Santini di diversi Santi!<\/a><\/div>\n<div class=\"blocco-descrizione\">Importanti sconti quantit\u00e0, fino al 40%<\/div>\n<\/div>\n<\/div>\n<h2>Santa Teresa su Holyart<\/h2>\n<p><strong><a href=\"https:\/\/www.holyart.it\/it\/\">Nel nostro store on line<\/a> <\/strong>troverete moltissimi articoli dedicati a Santa Teresa d&#8217;Avila: statue, rosari, santini, e cos\u00ec via. Portate nella vostra casa per esempio la\u00a0Statua di Santa Teresa d&#8217;Avila in legno d&#8217;acero della Val Gardena, intagliata in Italia, presso un\u2019azienda della Val Gardena che, grazie alla sua abilit\u00e0 nell&#8217;intaglio del legno, d\u00e0 vita ad opere di singolare bellezza nella forma e nel genere.<\/p>\n<div class=\"link-product\">\n<div class=\"blocco-immagine\"><img loading=\"lazy\" decoding=\"async\" class=\"alignnone size-full wp-image-9575\" src=\"https:\/\/blog.holyart.it\/it\/wp-content\/uploads\/sites\/17\/2019\/03\/santa-teresa-legno-valgardena-1.jpg\" alt=\"santa teresa legno valgardena\" width=\"100\" height=\"100\" \/><\/div>\n<div class=\"blocco-contenuto\">\n<div class=\"blocco-acquista\">Acquista su Holyart:<\/div>\n<div class=\"blocco-titolo\"><a href=\"https:\/\/www.holyart.it\/it\/articoli-religiosi\/statue\/statue-in-legno-dipinto\/santa-teresa-davila-con-corona-di-spine-dipinta-legno-valgardena\">Santa Teresa d&#8217;Avila con corona di spine<\/a><\/div>\n<div class=\"blocco-descrizione\">Statua dipinta in legno Valgardena<\/div>\n<\/div>\n<\/div>\n<p>La statua \u00e8 molto curata e rifinita nei minimi particolari, come si pu\u00f2 notare dai dettagli del volto, della veste e delle mani.<\/p>\n<p>Si tratta di un prodotto di grande prestigio e alta qualit\u00e0. Molto apprezzata anche la\u00a0<strong><a href=\"https:\/\/www.holyart.it\/it\/articoli-religiosi\/pendenti-croci-tau-medaglie\/medaglie\/medaglia-s.-teresa-avila-metallo-argentato-1-5cm\">Medaglia ovale di S. Teresa Avila<\/a>\u00a0<\/strong>in metallo argentato alta 1,5cm, che contiene il ritratto della Santa. Adatto per tutte le occasioni, il\u00a0Santino di Santa Teresa d&#8217;Avila, l\u2019immaginetta, stampata su cartoncino e decorata con impressioni in oro a caldo riproduce Santa Teresa d&#8217;Avila. Riporta, a retro, la novena a Lei dedicata.<\/p>\n","protected":false},"excerpt":{"rendered":"<p>Santa Teresa d&#8217;Avila fu una religiosa e mistica spagnola. Una delle poche donne elette a dottore della Chiesa, ebbe il merito di riformare l\u2019ordine dei Carmelitani, e di proporre un modello di fede basato sull\u2019amicizia tra uomo e Dio e su una dimensione profondamente umana&hellip;<\/p>\n","protected":false},"author":1,"featured_media":5804,"comment_status":"closed","ping_status":"open","sticky":false,"template":"","format":"standard","meta":{"_acf_changed":false,"footnotes":""},"categories":[15],"tags":[],"class_list":["post-5775","post","type-post","status-publish","format-standard","has-post-thumbnail","hentry","category-santi-e-beati"],"acf":[],"yoast_head":"<!-- This site is optimized with the Yoast SEO plugin v26.6 - https:\/\/yoast.com\/wordpress\/plugins\/seo\/ -->\n<title>Santa Teresa d&#039;Avila: religiosa e mistica spagnola<\/title>\n<meta name=\"description\" content=\"Santa Teresa d&#039;Avila fu una religiosa e mistica spagnola. Una delle poche donne elette a dottore della Chiesa, ebbe il merito di riformare l\u2019ordine\" \/>\n<meta name=\"robots\" content=\"index, follow, max-snippet:-1, max-image-preview:large, max-video-preview:-1\" \/>\n<link rel=\"canonical\" href=\"https:\/\/blog.holyart.it\/it\/santi-e-beati\/santa-teresa-davila-religiosa-mistica-spagnola\/\" \/>\n<meta property=\"og:locale\" content=\"it_IT\" \/>\n<meta property=\"og:type\" content=\"article\" \/>\n<meta property=\"og:title\" content=\"Santa Teresa d&#039;Avila: religiosa e mistica spagnola\" \/>\n<meta property=\"og:description\" content=\"Santa Teresa d&#039;Avila fu una religiosa e mistica spagnola. Una delle poche donne elette a dottore della Chiesa, ebbe il merito di riformare l\u2019ordine\" \/>\n<meta property=\"og:url\" content=\"https:\/\/blog.holyart.it\/it\/santi-e-beati\/santa-teresa-davila-religiosa-mistica-spagnola\/\" \/>\n<meta property=\"og:site_name\" content=\"Holyblog\" \/>\n<meta property=\"article:published_time\" content=\"2019-03-28T08:43:01+00:00\" \/>\n<meta property=\"article:modified_time\" content=\"2022-10-14T09:09:16+00:00\" \/>\n<meta property=\"og:image\" content=\"https:\/\/blog.holyart.it\/it\/wp-content\/uploads\/sites\/17\/2019\/03\/santa-teresa-avila.jpg\" \/>\n\t<meta property=\"og:image:width\" content=\"999\" \/>\n\t<meta property=\"og:image:height\" content=\"666\" \/>\n\t<meta property=\"og:image:type\" content=\"image\/jpeg\" \/>\n<meta name=\"author\" content=\"Redazione\" \/>\n<meta name=\"twitter:card\" content=\"summary_large_image\" \/>\n<meta name=\"twitter:label1\" content=\"Scritto da\" \/>\n\t<meta name=\"twitter:data1\" content=\"Redazione\" \/>\n\t<meta name=\"twitter:label2\" content=\"Tempo di lettura stimato\" \/>\n\t<meta name=\"twitter:data2\" content=\"8 minuti\" \/>\n<script type=\"application\/ld+json\" class=\"yoast-schema-graph\">{\"@context\":\"https:\/\/schema.org\",\"@graph\":[{\"@type\":\"Article\",\"@id\":\"https:\/\/blog.holyart.it\/it\/santi-e-beati\/santa-teresa-davila-religiosa-mistica-spagnola\/#article\",\"isPartOf\":{\"@id\":\"https:\/\/blog.holyart.it\/it\/santi-e-beati\/santa-teresa-davila-religiosa-mistica-spagnola\/\"},\"author\":{\"name\":\"Redazione\",\"@id\":\"https:\/\/blog.holyart.it\/it\/#\/schema\/person\/0a7b686e5af0f856ec1e390dd0baecda\"},\"headline\":\"Santa Teresa d&#8217;Avila: religiosa e mistica spagnola\",\"datePublished\":\"2019-03-28T08:43:01+00:00\",\"dateModified\":\"2022-10-14T09:09:16+00:00\",\"mainEntityOfPage\":{\"@id\":\"https:\/\/blog.holyart.it\/it\/santi-e-beati\/santa-teresa-davila-religiosa-mistica-spagnola\/\"},\"wordCount\":1599,\"publisher\":{\"@id\":\"https:\/\/blog.holyart.it\/it\/#organization\"},\"image\":{\"@id\":\"https:\/\/blog.holyart.it\/it\/santi-e-beati\/santa-teresa-davila-religiosa-mistica-spagnola\/#primaryimage\"},\"thumbnailUrl\":\"https:\/\/blog.holyart.it\/it\/wp-content\/uploads\/sites\/17\/2019\/03\/santa-teresa-avila.jpg\",\"articleSection\":[\"Santi e beati\"],\"inLanguage\":\"it-IT\"},{\"@type\":\"WebPage\",\"@id\":\"https:\/\/blog.holyart.it\/it\/santi-e-beati\/santa-teresa-davila-religiosa-mistica-spagnola\/\",\"url\":\"https:\/\/blog.holyart.it\/it\/santi-e-beati\/santa-teresa-davila-religiosa-mistica-spagnola\/\",\"name\":\"Santa Teresa d'Avila: religiosa e mistica spagnola\",\"isPartOf\":{\"@id\":\"https:\/\/blog.holyart.it\/it\/#website\"},\"primaryImageOfPage\":{\"@id\":\"https:\/\/blog.holyart.it\/it\/santi-e-beati\/santa-teresa-davila-religiosa-mistica-spagnola\/#primaryimage\"},\"image\":{\"@id\":\"https:\/\/blog.holyart.it\/it\/santi-e-beati\/santa-teresa-davila-religiosa-mistica-spagnola\/#primaryimage\"},\"thumbnailUrl\":\"https:\/\/blog.holyart.it\/it\/wp-content\/uploads\/sites\/17\/2019\/03\/santa-teresa-avila.jpg\",\"datePublished\":\"2019-03-28T08:43:01+00:00\",\"dateModified\":\"2022-10-14T09:09:16+00:00\",\"description\":\"Santa Teresa d'Avila fu una religiosa e mistica spagnola. Una delle poche donne elette a dottore della Chiesa, ebbe il merito di riformare l\u2019ordine\",\"breadcrumb\":{\"@id\":\"https:\/\/blog.holyart.it\/it\/santi-e-beati\/santa-teresa-davila-religiosa-mistica-spagnola\/#breadcrumb\"},\"inLanguage\":\"it-IT\",\"potentialAction\":[{\"@type\":\"ReadAction\",\"target\":[\"https:\/\/blog.holyart.it\/it\/santi-e-beati\/santa-teresa-davila-religiosa-mistica-spagnola\/\"]}]},{\"@type\":\"ImageObject\",\"inLanguage\":\"it-IT\",\"@id\":\"https:\/\/blog.holyart.it\/it\/santi-e-beati\/santa-teresa-davila-religiosa-mistica-spagnola\/#primaryimage\",\"url\":\"https:\/\/blog.holyart.it\/it\/wp-content\/uploads\/sites\/17\/2019\/03\/santa-teresa-avila.jpg\",\"contentUrl\":\"https:\/\/blog.holyart.it\/it\/wp-content\/uploads\/sites\/17\/2019\/03\/santa-teresa-avila.jpg\",\"width\":999,\"height\":666,\"caption\":\"santa teresa avila\"},{\"@type\":\"BreadcrumbList\",\"@id\":\"https:\/\/blog.holyart.it\/it\/santi-e-beati\/santa-teresa-davila-religiosa-mistica-spagnola\/#breadcrumb\",\"itemListElement\":[{\"@type\":\"ListItem\",\"position\":1,\"name\":\"Homepage\",\"item\":\"https:\/\/blog.holyart.it\/it\/\"},{\"@type\":\"ListItem\",\"position\":2,\"name\":\"Santi e beati\",\"item\":\"https:\/\/blog.holyart.it\/it\/santi-e-beati\/\"},{\"@type\":\"ListItem\",\"position\":3,\"name\":\"Santa Teresa d&#8217;Avila: religiosa e mistica spagnola\"}]},{\"@type\":\"WebSite\",\"@id\":\"https:\/\/blog.holyart.it\/it\/#website\",\"url\":\"https:\/\/blog.holyart.it\/it\/\",\"name\":\"Holyblog\",\"description\":\"Il Blog di Holyart.it\",\"publisher\":{\"@id\":\"https:\/\/blog.holyart.it\/it\/#organization\"},\"potentialAction\":[{\"@type\":\"SearchAction\",\"target\":{\"@type\":\"EntryPoint\",\"urlTemplate\":\"https:\/\/blog.holyart.it\/it\/?s={search_term_string}\"},\"query-input\":{\"@type\":\"PropertyValueSpecification\",\"valueRequired\":true,\"valueName\":\"search_term_string\"}}],\"inLanguage\":\"it-IT\"},{\"@type\":\"Organization\",\"@id\":\"https:\/\/blog.holyart.it\/it\/#organization\",\"name\":\"Holyblog\",\"url\":\"https:\/\/blog.holyart.it\/it\/\",\"logo\":{\"@type\":\"ImageObject\",\"inLanguage\":\"it-IT\",\"@id\":\"https:\/\/blog.holyart.it\/it\/#\/schema\/logo\/image\/\",\"url\":\"https:\/\/blog.holyart.it\/it\/wp-content\/uploads\/sites\/17\/2022\/12\/Holyart_Blog_Logo.jpg\",\"contentUrl\":\"https:\/\/blog.holyart.it\/it\/wp-content\/uploads\/sites\/17\/2022\/12\/Holyart_Blog_Logo.jpg\",\"width\":300,\"height\":50,\"caption\":\"Holyblog\"},\"image\":{\"@id\":\"https:\/\/blog.holyart.it\/it\/#\/schema\/logo\/image\/\"}},{\"@type\":\"Person\",\"@id\":\"https:\/\/blog.holyart.it\/it\/#\/schema\/person\/0a7b686e5af0f856ec1e390dd0baecda\",\"name\":\"Redazione\"}]}<\/script>\n<!-- \/ Yoast SEO plugin. -->","yoast_head_json":{"title":"Santa Teresa d'Avila: religiosa e mistica spagnola","description":"Santa Teresa d'Avila fu una religiosa e mistica spagnola. Una delle poche donne elette a dottore della Chiesa, ebbe il merito di riformare l\u2019ordine","robots":{"index":"index","follow":"follow","max-snippet":"max-snippet:-1","max-image-preview":"max-image-preview:large","max-video-preview":"max-video-preview:-1"},"canonical":"https:\/\/blog.holyart.it\/it\/santi-e-beati\/santa-teresa-davila-religiosa-mistica-spagnola\/","og_locale":"it_IT","og_type":"article","og_title":"Santa Teresa d'Avila: religiosa e mistica spagnola","og_description":"Santa Teresa d'Avila fu una religiosa e mistica spagnola. Una delle poche donne elette a dottore della Chiesa, ebbe il merito di riformare l\u2019ordine","og_url":"https:\/\/blog.holyart.it\/it\/santi-e-beati\/santa-teresa-davila-religiosa-mistica-spagnola\/","og_site_name":"Holyblog","article_published_time":"2019-03-28T08:43:01+00:00","article_modified_time":"2022-10-14T09:09:16+00:00","og_image":[{"width":999,"height":666,"url":"https:\/\/blog.holyart.it\/it\/wp-content\/uploads\/sites\/17\/2019\/03\/santa-teresa-avila.jpg","type":"image\/jpeg"}],"author":"Redazione","twitter_card":"summary_large_image","twitter_misc":{"Scritto da":"Redazione","Tempo di lettura stimato":"8 minuti"},"schema":{"@context":"https:\/\/schema.org","@graph":[{"@type":"Article","@id":"https:\/\/blog.holyart.it\/it\/santi-e-beati\/santa-teresa-davila-religiosa-mistica-spagnola\/#article","isPartOf":{"@id":"https:\/\/blog.holyart.it\/it\/santi-e-beati\/santa-teresa-davila-religiosa-mistica-spagnola\/"},"author":{"name":"Redazione","@id":"https:\/\/blog.holyart.it\/it\/#\/schema\/person\/0a7b686e5af0f856ec1e390dd0baecda"},"headline":"Santa Teresa d&#8217;Avila: religiosa e mistica spagnola","datePublished":"2019-03-28T08:43:01+00:00","dateModified":"2022-10-14T09:09:16+00:00","mainEntityOfPage":{"@id":"https:\/\/blog.holyart.it\/it\/santi-e-beati\/santa-teresa-davila-religiosa-mistica-spagnola\/"},"wordCount":1599,"publisher":{"@id":"https:\/\/blog.holyart.it\/it\/#organization"},"image":{"@id":"https:\/\/blog.holyart.it\/it\/santi-e-beati\/santa-teresa-davila-religiosa-mistica-spagnola\/#primaryimage"},"thumbnailUrl":"https:\/\/blog.holyart.it\/it\/wp-content\/uploads\/sites\/17\/2019\/03\/santa-teresa-avila.jpg","articleSection":["Santi e beati"],"inLanguage":"it-IT"},{"@type":"WebPage","@id":"https:\/\/blog.holyart.it\/it\/santi-e-beati\/santa-teresa-davila-religiosa-mistica-spagnola\/","url":"https:\/\/blog.holyart.it\/it\/santi-e-beati\/santa-teresa-davila-religiosa-mistica-spagnola\/","name":"Santa Teresa d'Avila: religiosa e mistica spagnola","isPartOf":{"@id":"https:\/\/blog.holyart.it\/it\/#website"},"primaryImageOfPage":{"@id":"https:\/\/blog.holyart.it\/it\/santi-e-beati\/santa-teresa-davila-religiosa-mistica-spagnola\/#primaryimage"},"image":{"@id":"https:\/\/blog.holyart.it\/it\/santi-e-beati\/santa-teresa-davila-religiosa-mistica-spagnola\/#primaryimage"},"thumbnailUrl":"https:\/\/blog.holyart.it\/it\/wp-content\/uploads\/sites\/17\/2019\/03\/santa-teresa-avila.jpg","datePublished":"2019-03-28T08:43:01+00:00","dateModified":"2022-10-14T09:09:16+00:00","description":"Santa Teresa d'Avila fu una religiosa e mistica spagnola. Una delle poche donne elette a dottore della Chiesa, ebbe il merito di riformare l\u2019ordine","breadcrumb":{"@id":"https:\/\/blog.holyart.it\/it\/santi-e-beati\/santa-teresa-davila-religiosa-mistica-spagnola\/#breadcrumb"},"inLanguage":"it-IT","potentialAction":[{"@type":"ReadAction","target":["https:\/\/blog.holyart.it\/it\/santi-e-beati\/santa-teresa-davila-religiosa-mistica-spagnola\/"]}]},{"@type":"ImageObject","inLanguage":"it-IT","@id":"https:\/\/blog.holyart.it\/it\/santi-e-beati\/santa-teresa-davila-religiosa-mistica-spagnola\/#primaryimage","url":"https:\/\/blog.holyart.it\/it\/wp-content\/uploads\/sites\/17\/2019\/03\/santa-teresa-avila.jpg","contentUrl":"https:\/\/blog.holyart.it\/it\/wp-content\/uploads\/sites\/17\/2019\/03\/santa-teresa-avila.jpg","width":999,"height":666,"caption":"santa teresa avila"},{"@type":"BreadcrumbList","@id":"https:\/\/blog.holyart.it\/it\/santi-e-beati\/santa-teresa-davila-religiosa-mistica-spagnola\/#breadcrumb","itemListElement":[{"@type":"ListItem","position":1,"name":"Homepage","item":"https:\/\/blog.holyart.it\/it\/"},{"@type":"ListItem","position":2,"name":"Santi e beati","item":"https:\/\/blog.holyart.it\/it\/santi-e-beati\/"},{"@type":"ListItem","position":3,"name":"Santa Teresa d&#8217;Avila: religiosa e mistica spagnola"}]},{"@type":"WebSite","@id":"https:\/\/blog.holyart.it\/it\/#website","url":"https:\/\/blog.holyart.it\/it\/","name":"Holyblog","description":"Il Blog di Holyart.it","publisher":{"@id":"https:\/\/blog.holyart.it\/it\/#organization"},"potentialAction":[{"@type":"SearchAction","target":{"@type":"EntryPoint","urlTemplate":"https:\/\/blog.holyart.it\/it\/?s={search_term_string}"},"query-input":{"@type":"PropertyValueSpecification","valueRequired":true,"valueName":"search_term_string"}}],"inLanguage":"it-IT"},{"@type":"Organization","@id":"https:\/\/blog.holyart.it\/it\/#organization","name":"Holyblog","url":"https:\/\/blog.holyart.it\/it\/","logo":{"@type":"ImageObject","inLanguage":"it-IT","@id":"https:\/\/blog.holyart.it\/it\/#\/schema\/logo\/image\/","url":"https:\/\/blog.holyart.it\/it\/wp-content\/uploads\/sites\/17\/2022\/12\/Holyart_Blog_Logo.jpg","contentUrl":"https:\/\/blog.holyart.it\/it\/wp-content\/uploads\/sites\/17\/2022\/12\/Holyart_Blog_Logo.jpg","width":300,"height":50,"caption":"Holyblog"},"image":{"@id":"https:\/\/blog.holyart.it\/it\/#\/schema\/logo\/image\/"}},{"@type":"Person","@id":"https:\/\/blog.holyart.it\/it\/#\/schema\/person\/0a7b686e5af0f856ec1e390dd0baecda","name":"Redazione"}]}},"_links":{"self":[{"href":"https:\/\/blog.holyart.it\/it\/wp-json\/wp\/v2\/posts\/5775","targetHints":{"allow":["GET"]}}],"collection":[{"href":"https:\/\/blog.holyart.it\/it\/wp-json\/wp\/v2\/posts"}],"about":[{"href":"https:\/\/blog.holyart.it\/it\/wp-json\/wp\/v2\/types\/post"}],"author":[{"embeddable":true,"href":"https:\/\/blog.holyart.it\/it\/wp-json\/wp\/v2\/users\/1"}],"replies":[{"embeddable":true,"href":"https:\/\/blog.holyart.it\/it\/wp-json\/wp\/v2\/comments?post=5775"}],"version-history":[{"count":0,"href":"https:\/\/blog.holyart.it\/it\/wp-json\/wp\/v2\/posts\/5775\/revisions"}],"wp:featuredmedia":[{"embeddable":true,"href":"https:\/\/blog.holyart.it\/it\/wp-json\/wp\/v2\/media\/5804"}],"wp:attachment":[{"href":"https:\/\/blog.holyart.it\/it\/wp-json\/wp\/v2\/media?parent=5775"}],"wp:term":[{"taxonomy":"category","embeddable":true,"href":"https:\/\/blog.holyart.it\/it\/wp-json\/wp\/v2\/categories?post=5775"},{"taxonomy":"post_tag","embeddable":true,"href":"https:\/\/blog.holyart.it\/it\/wp-json\/wp\/v2\/tags?post=5775"}],"curies":[{"name":"wp","href":"https:\/\/api.w.org\/{rel}","templated":true}]}}