{"id":5581,"date":"2019-03-21T09:21:57","date_gmt":"2019-03-21T08:21:57","guid":{"rendered":"https:\/\/blog.holyart.it\/it\/?p=5581"},"modified":"2022-08-02T09:46:51","modified_gmt":"2022-08-02T07:46:51","slug":"amen-collection-fede-fashion-si-incontrano","status":"publish","type":"post","link":"https:\/\/blog.holyart.it\/it\/articoli-religiosi\/amen-collection-fede-fashion-si-incontrano\/","title":{"rendered":"Amen Collection: quando fede e fashion si incontrano"},"content":{"rendered":"<h4 style=\"text-align: center;\"><em>Non \u00e8 facile coniugare la fede con la moda. I due concetti, posti l&#8217;uno accanto all&#8217;altro,\u00a0potrebbero apparire fuori luogo. Che cos&#8217;ha da spartire la fede, espressione massima di spiritualit\u00e0 e dialogo interiore tra uomo e Dio, con qualcosa di cos\u00ec esteriore, effimero, perfino frivolo come la moda? Ma non \u00e8 sempre cos\u00ec.<\/em><\/h4>\n\n<p>Esistono eccezioni, oggetti fashion, addirittura di lusso, che sanno esprimere con un linguaggio nuovo, originale e decisamente glamour, i concetti basilari della religione cattolica.<\/p>\n<p>Si tratta dei <a href=\"https:\/\/www.holyart.it\/it\/articoli-religiosi\/gioielli\/pendenti-croci-spille-catenelle?page=1&amp;params=%7B%22offset%22:0,%22limit%22:60,%22filters%22:%5B%5D,%22sorter%22:%22HIGHER_DISCOUNT%22,%22categoryIds%22:%5B108322%5D,%22filtersByIds%22:%5B%7B%22key%22:46,%22values%22:%5B1948%5D%7D%5D%7D\"><strong>gioielli\u00a0Amen collection<\/strong><\/a>. Unici nel loro genere, si sono imposti negli ultimi anni in Italia e all&#8217;estero, proponendo un connubio vincente tra moda, eleganza ed espressione spirituale. Il concetto \u00e8 semplice, nella sua intensit\u00e0: regalare parole di fede ogni giorno a chi si ama, far sentire loro che non sono soli, ma che sono amati, protetti, che il nostro spirito \u00e8 con loro, in ogni momento, ma, ancora di pi\u00f9, Ges\u00f9 \u00e8 con loro.<\/p>\n<p>La forza della fede, l&#8217;amore di Dio che \u00e8 base e fine della religione, un amore alto, universale, trovano in questi <a href=\"https:\/\/www.holyart.it\/blog\/articoli-religiosi\/gioielli-religiosi-moda-devozione\/\"><strong>gioielli<\/strong><\/a> una manifestazione di grande delicatezza e, nello stesso tempo, intensit\u00e0.<\/p>\n<div class=\"link-article\">\n<p><img loading=\"lazy\" decoding=\"async\" class=\"size-medium wp-image-5584 alignleft\" src=\"https:\/\/blog.holyart.it\/it\/wp-content\/uploads\/sites\/17\/2019\/03\/gioielli-religiosi-300x200.jpg\" alt=\"gioielli religiosi\" width=\"150\" height=\"100\" \/><\/p>\n<div class=\"leggi-anche\">Leggi anche:<\/div>\n<p><strong><a href=\"https:\/\/www.holyart.it\/blog\/articoli-religiosi\/gioielli-religiosi-moda-devozione\">Gioielli Religiosi: moda o devozione?<\/a><\/strong><br \/>\nSi fa un gran parlare della tendenza che ha preso piede negli ultimi anni di indossare gioielli religiosi senza conoscere appieno il loro significato.<\/p>\n<\/div>\n<p>Ma da dove nasce questo fenomeno cos\u00ec innovativo? \u00c8 l&#8217;imprenditore Giovanni Licastro,\u00a0che nel 2012\u00a0concepisce per primo l&#8217;idea di creare\u00a0gioielli ispirati alla religione cristiana. Una gioielleria fatta di parole, parole speciali.<\/p>\n<p>Un&#8217;idea nata da un uomo di fede, che si rivolge ad altri uomini di fede, proponendo gioielli capaci di parlare all&#8217;anima, di esprimere, in ogni momento della giornata, l&#8217;impegno spirituale di chi li indossa. Lo studio di design dietro a ogni singolo pezzo della collezione Amen \u00e8 accurato, sorprendente.<\/p>\n<p>La sfida non era facile. Si trattava di interpretare in un modo moderno un linguaggio spirituale basato sull&#8217;interiorit\u00e0 di ciascuno, sui ricordi, le speranze, i pi\u00f9 intimi aneliti, ma anche sul rispetto dovuto alla religione in tutte le sue manifestazioni. Un&#8217;operazione delicata, dalla quale \u00e8 nato un marchio unico nel suo genere.<\/p>\n<p>La fede \u00e8 una scelta che nasce da dentro, un desiderio di appartenenza a qualcosa di pi\u00f9 grande e prezioso. Un&#8217;esperienza individuale e consapevole, dunque, che ci proietta contemporaneamente nella parte pi\u00f9 profonda di noi e in quell&#8217;Amore universale che \u00e8 Dio. I gioielli Amen abbracciano un concetto pi\u00f9 ampio di amore, amore verso il marito o la moglie, il compagno, amore verso i figli, gli amici, verso tutti.<\/p>\n<p>Anche la scelta stessa del nome,\u00a0<strong>Amen<\/strong>, deriva dalla volont\u00e0 di veicolare il messaggio religioso attraverso questi oggetti di moda. Si tratta di un suono riconoscibile in tutti i paesi del mondo e facilmente ricordabile, veicolo di una fede universale. Amen \u00e8 una parola ebraica adottata nella liturgia cristiana come formula conclusiva per preghiere e inni. Il suo significato pu\u00f2 essere riassunto con &#8220;certamente&#8221;, &#8220;in verit\u00e0&#8221;, &#8220;cos\u00ec sia&#8221;.<\/p>\n<p>Ma le sfumature etimologiche di Amen sono molte e meriterebbero un articolo a parte. Nel Nuovo Testamento Ges\u00f9 introduce con questa parola i principi fondamentali che esprime, e nel farlo \u00e8 come se Egli sottolineasse la loro veridicit\u00e0:\u00a0<em>&#8220;Amen, amen, dico a voi&#8221; &#8211; con il significato: &#8220;In verit\u00e0 vi dico&#8221;, &#8220;Ci\u00f2 che dico, \u00e8 vero e certo&#8221;.<\/em><\/p>\n<div class=\"link-product\">\n<div class=\"blocco-immagine\"><img loading=\"lazy\" decoding=\"async\" class=\"size-full wp-image-16112 alignleft\" src=\"https:\/\/blog.holyart.it\/it\/wp-content\/uploads\/sites\/17\/2019\/03\/collana-albero-della-vita-e-angelo-argento-925-rodiato-e-rose.jpg\" alt=\"collana albero della vita e angelo argento 925 rodiato e rose\" width=\"100\" height=\"100\" data-kale-share-title=\"Amen Collection: quando fede e fashion si incontrano\" data-kale-share-url=\"https:\/\/blog.holyart.it\/it\/articoli-religiosi\/amen-collection-fede-fashion-si-incontrano\/\" \/><\/div>\n<div class=\"blocco-contenuto\">\n<div class=\"blocco-acquista\">Acquista su Holyart:<\/div>\n<div class=\"blocco-titolo\"><a href=\"https:\/\/www.holyart.it\/it\/articoli-religiosi\/gioielli\/pendenti-croci-spille-catenelle?page=1&amp;params=%7B%22offset%22:0,%22limit%22:60,%22filters%22:%5B%5D,%22sorter%22:%22HIGHER_DISCOUNT%22,%22categoryIds%22:%5B108322%5D,%22filtersByIds%22:%5B%7B%22key%22:46,%22values%22:%5B1948%5D%7D%5D%7D\">Pendenti, croci, spille, catenelle<\/a><\/div>\n<div class=\"blocco-descrizione\">Medaglie, colombe, croci, spille di diversi soggetti e misure.<\/div>\n<\/div>\n<\/div>\n<p>I gioielli Amen sono frutto di studi accurati e di processi creativi rivoluzionari, realizzati con materiali di pregio\u00a0selezionati, metallo, vera pelle, perle di fiume, perline di Murano, zirconi, pietre dure, e con la massima cura per tutti i dettagli. In particolare, bracciali e collane Amen si caratterizzano per l&#8217;innovativa chiusura magnetica in acciaio, per la tecnica di incisione delle parole, per i codici colore. Lo slogan dell&#8217;azienda recita:\u00a0<em>Faith is Fashion<\/em>. Tutte le fasi della produzione avvengono in Italia.<\/p>\n<p>Le collezioni Amen offrono gioielli di ogni genere: collane, bracciali, anelli, fedi, rosari, e cos\u00ec via. In particolare noi vogliamo soffermarci su\u00a0<strong><a href=\"https:\/\/www.holyart.it\/it\/articoli-religiosi\/gioielli\">anelli e bracciali<\/a>, che potrete trovare nel nostro store on line.<\/strong><\/p>\n<h2>Amen Collection: Anelli<\/h2>\n<p>Gli <a href=\"https:\/\/www.holyart.it\/it\/articoli-religiosi\/anelli-preghiera?page=1&amp;params=%7B%22offset%22:0,%22limit%22:60,%22filters%22:%5B%5D,%22sorter%22:%22HIGHER_DISCOUNT%22,%22categoryIds%22:%5B108239%5D,%22filtersByIds%22:%5B%7B%22key%22:46,%22values%22:%5B1948%5D%7D%5D%7D\"><strong>anelli Amen collection<\/strong><\/a> sono gioielli davvero sorprendenti, adatti per tutte le occasioni. I materiali con cui sono realizzati sono accuratamente selezionati e aggiungono valore a questi oggetti gi\u00e0 pregevoli per fattura ed eleganza. Molti modelli sono adatti tanto alle donne quanto agli uomini, e offrono un tocco di stile davvero unico.<\/p>\n<p>Nel catalogo Holyart troverete vari modelli di\u00a0<strong>anelli con preghiera Amen<\/strong>, tutti prodotti interamente in\u00a0Italia\u00a0utilizzando\u00a0argento 925\u00a0lavorato artigianalmente, come\u00a0l&#8217;<strong><a href=\"https:\/\/www.holyart.it\/it\/articoli-religiosi\/anelli-preghiera\/anello-amen-ave-maria-argento-rose\">anello\u00a0Amen in\u00a0argento 925 in finitura Rosa<\/a><\/strong>, con le parole del Padre Nostro o dell&#8217;Ave Maria incise sulla superficie. Questo modello \u00e8 disponibile anche in argento 925\u00a0bianco.\u00a0(guarda nella gallery!)<\/p>\n<p>Particolare l&#8217;<strong><a href=\"https:\/\/www.holyart.it\/it\/articoli-religiosi\/anelli-preghiera\/anello-amen-arg-925-rodio-e-zirconi-bianchi\">anello Amen con foglioline<\/a><\/strong>\u00a0rappresentate all&#8217;interno della fascia, di finitura rodiata su sfondo rodiato nero e impreziosite da piccoli zirconi neri, disponibile in diverse misure.<\/p>\n<p>Per chi vuole un anello raffinato, adatto per le occasioni speciali, ci sono modelli pi\u00f9 complessi e preziosi, decorati con zirconi, come l<strong>&#8216;<\/strong><a href=\"https:\/\/www.holyart.it\/it\/articoli-religiosi\/anelli-preghiera\/anello-amen-arg-925-rodiato-con-cerchio-zirconato-e-albero\"><strong>anello\u00a0Amen in Argento 925 rodiato con l&#8217;Albero della Vita<\/strong><\/a>\u00a0contornato da un cerchio impreziosito da zirconi bianchi, disponibile in varie misure di diametro, o l&#8217;<strong><a href=\"https:\/\/www.holyart.it\/it\/articoli-religiosi\/anelli-preghiera\/anello-amen-arg-925-rodiato-nero-ali-angelo-zirconi-neri\">anello Amen con ali di angelo<\/a><\/strong> in argento 925 e finitura rodiata nero che reca al centro\u00a0<strong>due<\/strong>\u00a0<strong>ali di angelo<\/strong>\u00a0di lunghezza circa 2 cm, impreziosite da zirconi neri. O\u00a0di taglio pi\u00f9 maschile l&#8217;anello AMEN in argento 925 e finitura brunita con al centro una\u00a0<strong>pietra onice con taglio cabochon<\/strong>\u00a0che le dona la parte superiore convessa e la base piatta.\u00a0Ai lati della pietra vi sono due Sacro Cuore.<br \/>\n<div class=\"sp-styles-warning\" style=\"width: 450px; background-color: #FFF; color: #F00; border: 1px solid #F00; padding: 10px; font-size: 14px;\">\n\t\t\t<span style=\"font-weight: bold;\">Warning: The stylesheets were not loaded!<\/span> \n\t\t\tYou will need to change the <i>Load stylesheets<\/i> setting from <i>Automatically<\/i> to <i>On homepage<\/i> or <i>On all pages<\/i>. \n\t\t\tYou can set that <a style=\"text-decoration: underline; color: #F00;\" href=\"https:\/\/blog.holyart.it\/it\/wp-admin\/admin.php?page=sliderpro-settings\">here<\/a>.\n\t\t\t<\/div>\r\n<div id=\"slider-pro-28\" class=\"slider-pro sp-no-js\" style=\"width: 500px; height: 500px;\">\r\n\t<div class=\"sp-slides\">\r\n\t\t\r\n\t\t<div class=\"sp-slide\">\r\n\t\t\t<img loading=\"lazy\" decoding=\"async\" class=\"sp-image\" src=\"https:\/\/blog.holyart.it\/it\/wp-content\/uploads\/sites\/17\/2019\/03\/anello-amen-padre-nostro-latino.jpg\" alt=\"anello amen padre nostro latino\" width=\"500\" height=\"500\" \/>\r\n\t\t\t<div class=\"sp-thumbnail\"><img decoding=\"async\" src=\"https:\/\/blog.holyart.it\/it\/wp-content\/uploads\/sites\/17\/2019\/03\/anello-amen-padre-nostro-latino-150x150.jpg\" \/>\r\n\t\t\t<\/div>\r\n\t\t\t<div class=\"sp-caption\"> Anello Amen con preghiera Ave Maria Ave Maria in rilievo, realizzato in Argento bianco e ros\u00e8. <BR \/><strong><a href=\"https:\/\/www.holyart.it\/it\/articoli-religiosi\/anelli-preghiera\/anello-amen-ave-maria-argento-rose\">Acquista su Holyart<\/a><\/strong><\/div>\r\n\t\t<\/div>\r\n\t\t<div class=\"sp-slide\">\r\n\t\t\t<img loading=\"lazy\" decoding=\"async\" class=\"sp-image\" src=\"https:\/\/blog.holyart.it\/it\/wp-content\/uploads\/sites\/17\/2019\/03\/anello-amen-arg-925-rodio.jpg\" alt=\"anello amen arg 925 rodio\" width=\"500\" height=\"500\" \/>\r\n\t\t\t<div class=\"sp-thumbnail\"><img decoding=\"async\" src=\"https:\/\/blog.holyart.it\/it\/wp-content\/uploads\/sites\/17\/2019\/03\/anello-amen-arg-925-rodio-150x150.jpg\" \/>\r\n\t\t\t<\/div>\r\n\t\t\t<div class=\"sp-caption\">Anello in argento 925 con foglioline rappresentate all'interno della fascia, su sfondo rodiato nero, impreziosite da piccoli zirconi bianchi. <BR \/><strong><a href=\"https:\/\/www.holyart.it\/it\/articoli-religiosi\/anelli-preghiera\/anello-amen-arg-925-rodio-e-zirconi-bianchi\">Acquista su Holyart<\/a><\/strong><\/div>\r\n\t\t<\/div>\r\n\t\t<div class=\"sp-slide\">\r\n\t\t\t<img loading=\"lazy\" decoding=\"async\" class=\"sp-image\" src=\"https:\/\/blog.holyart.it\/it\/wp-content\/uploads\/sites\/17\/2019\/03\/anello-amen-925-albero.jpg\" alt=\"anello amen 925 albero\" width=\"500\" height=\"500\" \/>\r\n\t\t\t<div class=\"sp-thumbnail\"><img decoding=\"async\" src=\"https:\/\/blog.holyart.it\/it\/wp-content\/uploads\/sites\/17\/2019\/03\/anello-amen-925-albero-150x150.jpg\" \/>\r\n\t\t\t<\/div>\r\n\t\t\t<div class=\"sp-caption\">Anello AMEN in Argento 925 rodiato con un Albero della Vita contornato da zirconi bianchi.  <BR \/><strong><a href=\"https:\/\/www.holyart.it\/it\/articoli-religiosi\/anelli-preghiera\/anello-amen-arg-925-rodiato-con-cerchio-zirconato-e-albero\">Acquista su Holyart<\/a><\/strong><\/div>\r\n\t\t<\/div>\r\n\t\t<div class=\"sp-slide\">\r\n\t\t\t<img loading=\"lazy\" decoding=\"async\" class=\"sp-image\" src=\"https:\/\/blog.holyart.it\/it\/wp-content\/uploads\/sites\/17\/2019\/03\/anello-amen-ali-angelo-arg-925-300x300.jpg\" alt=\"anello amen ali angelo arg 925\" width=\"300\" height=\"300\" \/>\r\n\t\t\t<div class=\"sp-thumbnail\"><img decoding=\"async\" src=\"https:\/\/blog.holyart.it\/it\/wp-content\/uploads\/sites\/17\/2019\/03\/anello-amen-ali-angelo-arg-925-150x150.jpg\" \/>\r\n\t\t\t<\/div>\r\n\t\t\t<div class=\"sp-caption\">Anello Amen in argento 925 e finitura rodiata nera, Ali di Angelo con zirconi. <BR \/><strong><a href=\"https:\/\/www.holyart.it\/it\/articoli-religiosi\/anelli-preghiera\/anello-amen-arg-925-rodiato-nero-ali-angelo-zirconi-neri\">Acquista su Holyart<\/a><\/strong><\/div>\r\n\t\t<\/div>\r\n\t<\/div>\r\n<\/div><\/p>\n<h2>Amen Collection: Bracciali<\/h2>\n<p><strong><a href=\"https:\/\/www.holyart.it\/it\/articoli-religiosi\/bracciali\/bracciali-amen\">I bracciali Amen collection<\/a><\/strong> sono interamente prodotti in Italia. Sono disponibili in diversi materiali, dalla pelle, al bronzo, dall\u2019argento alla gomma, per tutti i gusti e tutte le tasche.<\/p>\n<p>I\u00a0<strong>bracciali Amen in pelle<\/strong>\u00a0sono tutti realizzati in Acciaio 316L ipoallergenico e pelle a concia vegetale, senza nichel, senza cadmio e senza piombo. Le eventuali placcature elettrolitiche al rodio\/oro sono nichel free. Molti riportano incise le parole del Padre Nostro o dell&#8217;Ave Maria, o di altre preghiere, ma c&#8217;\u00e8 anche il\u00a0bracciale Amen con scritto\u00a0<em>Ti amo<\/em>\u00a0in tutte le lingue del mondo, quello con i Dieci Comandamenti, quello con le frasi di Madre Teresa di Calcutta e quelli con\u00a0la preghiera di Papa Francesco.<\/p>\n<div class=\"link-article\">\n<p><img loading=\"lazy\" decoding=\"async\" class=\"size-full wp-image-16110 alignleft\" src=\"https:\/\/blog.holyart.it\/it\/wp-content\/uploads\/sites\/17\/2019\/03\/Bracciali-religiosi-da-indossare-con-stile-1.jpg\" alt=\"Bracciali religiosi da indossare con stile\" width=\"150\" height=\"100\" data-kale-share-title=\"Amen Collection: quando fede e fashion si incontrano\" data-kale-share-url=\"https:\/\/blog.holyart.it\/it\/articoli-religiosi\/amen-collection-fede-fashion-si-incontrano\/\" \/><\/p>\n<div class=\"leggi-anche\">Leggi anche:<\/div>\n<p><strong><a href=\"https:\/\/www.holyart.it\/blog\/articoli-religiosi\/7-tipi-bracciali-religiosi-indossare-stile\/\">7 tipi di bracciali religiosi da indossare con stile<\/a><\/strong><br \/>\nGioielli. Simboli di vanit\u00e0, nati per ornare, abbellire, senza nessun altro scopo. Ma non \u00e8 sempre cos\u00ec&#8230;<\/p>\n<\/div>\n<p>Ci sono anche\u00a0<strong>bracciali Amen in bronzo<\/strong>\u00a0con l&#8217;incisione del Padre Nostro in latino,\u00a0i\u00a0<strong>bracciali Amen in argento e perle di Murano, o perle di fiume,\u00a0<\/strong>di vari colori, con pendente in argento 925 a forma di angioletto con incisa la preghiera in italiano dell&#8217;Angelo di Dio.\u00a0(Guardali tutti nella gallery!)<\/p>\n<p>Moderni ed eleganti i\u00a0<strong><a href=\"https:\/\/www.holyart.it\/it\/articoli-religiosi\/bracciali\/bracciali-amen\/bracciale-amen-lurex-oro-charm-argento-925-zirconi\">Bracciali Amen in lurex di colore oro e rodiato<\/a><\/strong>, o oro, ros\u00e8 e rodiato, con dettaglio di sfera magnetica per apertura e chiusura di diametro 10 mm.\u00a0Il bracciale ha una circonferenza di 38 cm che si avvolge attorno al polso.<\/p>\n<p>Splendido il\u00a0<a href=\"https:\/\/www.holyart.it\/it\/articoli-religiosi\/bracciali\/bracciali-amen\/bracciale-amen-schiava-con-scritte-argento-925\"><strong>Bracciale alla schiava\u00a0Amen\u00a0<\/strong><\/a>con\u00a0incisa la preghiera del Padre Nostro su una placca larga 8 mm.\u00a0Realizzato interamente in argento 925 rodiato, il bracciale \u00e8 semiaperto e presenta l&#8217;inserimento di zirconi all&#8217;inizio e alla fine della preghiera.<\/p>\n<p>Moderni e colorati i\u00a0<strong><a href=\"https:\/\/www.holyart.it\/it\/articoli-religiosi\/bracciali\/bracciali-amen\/bracciale-termoplastica-e-angioletto-zirconato-arg-925-amen\">Bracciali Amen a due giri in termoplastica lucida<\/a><\/strong>. Disponibili in vari colori e misure, hanno incisa in rilievo color oro la preghiera del Padre Nostro. Presentano una chiusura semplice magnetica in argento. Sempre per i pi\u00f9 giovani, allegri e frizzanti i\u00a0<a href=\"https:\/\/www.holyart.it\/it\/articoli-religiosi\/bracciali\/bracciali-amen\/bracciale-amen-arg-925-termoplastica-argento-incisione-padre-nostro\"><strong>Bracciali AMEN in termoplastica<\/strong><\/a>, con incise le parole del Padre Nostro, sempre con chiusura magnetica, in acciaio 316L ipoallergenico.<\/p>\n<div class=\"sp-styles-warning\" style=\"width: 450px; background-color: #FFF; color: #F00; border: 1px solid #F00; padding: 10px; font-size: 14px;\">\n\t\t\t<span style=\"font-weight: bold;\">Warning: The stylesheets were not loaded!<\/span> \n\t\t\tYou will need to change the <i>Load stylesheets<\/i> setting from <i>Automatically<\/i> to <i>On homepage<\/i> or <i>On all pages<\/i>. \n\t\t\tYou can set that <a style=\"text-decoration: underline; color: #F00;\" href=\"https:\/\/blog.holyart.it\/it\/wp-admin\/admin.php?page=sliderpro-settings\">here<\/a>.\n\t\t\t<\/div>\r\n<div id=\"slider-pro-29\" class=\"slider-pro sp-no-js\" style=\"width: 500px; height: 500px;\">\r\n\t<div class=\"sp-slides\">\r\n\t\t\r\n\t\t<div class=\"sp-slide\">\r\n\t\t\t<img loading=\"lazy\" decoding=\"async\" class=\"sp-image\" src=\"https:\/\/blog.holyart.it\/it\/wp-content\/uploads\/sites\/17\/2022\/08\/bracciale-amen-lurex-oro-charm-argento-925-zirconi.jpg\" alt=\"bracciale amen lurex oro charm argento 925 zirconi\" width=\"500\" height=\"500\" \/>\r\n\t\t\t<div class=\"sp-thumbnail\"><img decoding=\"async\" src=\"https:\/\/blog.holyart.it\/it\/wp-content\/uploads\/sites\/17\/2022\/08\/bracciale-amen-lurex-oro-charm-argento-925-zirconi-150x150.jpg\" \/>\r\n\t\t\t<\/div>\r\n\t\t\t<div class=\"sp-caption\">Bracciale AMEN lurex oro charm argento 925 zirconi. <BR \/><strong><a href=\"https:\/\/www.holyart.it\/it\/articoli-religiosi\/bracciali\/bracciali-amen\/bracciale-amen-lurex-oro-charm-argento-925-zirconi\">Acquista su Holyart<\/a><\/strong><\/div>\r\n\t\t<\/div>\r\n\t\t<div class=\"sp-slide\">\r\n\t\t\t<img loading=\"lazy\" decoding=\"async\" class=\"sp-image\" src=\"https:\/\/blog.holyart.it\/it\/wp-content\/uploads\/sites\/17\/2019\/03\/bracciale-amen-schiava-argento-925.jpg\" alt=\"Bracciale Amen Schiava in Argento 925\" width=\"500\" height=\"500\" \/>\r\n\t\t\t<div class=\"sp-thumbnail\"><img decoding=\"async\" src=\"https:\/\/blog.holyart.it\/it\/wp-content\/uploads\/sites\/17\/2019\/03\/bracciale-amen-schiava-argento-925-150x150.jpg\" \/>\r\n\t\t\t<\/div>\r\n\t\t\t<div class=\"sp-caption\">Bracciale tipo schiava argento 925 con scritta: \"Mettimi come sigillo sul tuo cuore, come sigillo sul tuo braccio, perch\u00e9 forte come la Morte \u00e8 l'Amore\" (cit. Cantico dei Cantici). <BR \/><strong><a href=\"https:\/\/www.holyart.it\/it\/articoli-religiosi\/bracciali\/bracciali-amen\/bracciale-amen-schiava-con-scritte-argento-925\">Acquista su Holyart<\/a><\/strong><\/div>\r\n\t\t<\/div>\r\n\t\t<div class=\"sp-slide\">\r\n\t\t\t<img loading=\"lazy\" decoding=\"async\" class=\"sp-image\" src=\"https:\/\/blog.holyart.it\/it\/wp-content\/uploads\/sites\/17\/2019\/03\/bracciale-termoplastica-e-angioletto-amen-.jpg\" alt=\" Bracciale termoplastica Amen argento 925\" width=\"500\" height=\"500\" \/>\r\n\t\t\t<div class=\"sp-thumbnail\"><img decoding=\"async\" src=\"https:\/\/blog.holyart.it\/it\/wp-content\/uploads\/sites\/17\/2019\/03\/bracciale-termoplastica-e-angioletto-amen--150x150.jpg\" \/>\r\n\t\t\t<\/div>\r\n\t\t\t<div class=\"sp-caption\">Bracciale con polsino termoplastica, con angioletto in argento 925, impreziosito da zirconi bianchi. <BR \/><strong><a href=\"https:\/\/www.holyart.it\/it\/articoli-religiosi\/bracciali\/bracciali-amen\/bracciale-termoplastica-e-angioletto-zirconato-arg-925-amen\">Acquista su Holyart<\/a><\/strong><\/div>\r\n\t\t<\/div>\r\n\t\t<div class=\"sp-slide\">\r\n\t\t\t<img loading=\"lazy\" decoding=\"async\" class=\"sp-image\" src=\"https:\/\/blog.holyart.it\/it\/wp-content\/uploads\/sites\/17\/2022\/08\/bracciale-amen-arg-925-termoplastica-argento-incisione-padre-nostro-1.jpg\" alt=\"bracciale amen arg 925 termoplastica argento incisione padre nostro\" width=\"500\" height=\"500\" \/>\r\n\t\t\t<div class=\"sp-thumbnail\"><img decoding=\"async\" src=\"https:\/\/blog.holyart.it\/it\/wp-content\/uploads\/sites\/17\/2022\/08\/bracciale-amen-arg-925-termoplastica-argento-incisione-padre-nostro-1-150x150.jpg\" \/>\r\n\t\t\t<\/div>\r\n\t\t\t<div class=\"sp-caption\">Bracciale AMEN Arg 925 termoplastica argento incisione Padre Nostro.<BR \/><strong><a href=\"https:\/\/www.holyart.it\/it\/articoli-religiosi\/bracciali\/bracciali-amen\/bracciale-amen-arg-925-termoplastica-argento-incisione-padre-nostro\">Acquista su Holyart<\/a><\/strong><\/div>\r\n\t\t<\/div>\r\n\t<\/div>\r\n<\/div>\n<h2>Amen Collection Prezzi<\/h2>\n<p>I gioielli Amen hanno prezzi che variano molto in base alla tipologia di gioiello e soprattutto al materiale con cui \u00e8 stato realizzato.<\/p>\n<p>Naturalmente i bracciali in gomma o termoplastica risulteranno pi\u00f9 accessibili rispetto ai gioielli realizzati interamente in argento, o decorati con perle o zirconi, ma Amen sapr\u00e0 stupirvi anche nei suoi prezzi, eccezionalmente convenienti e accessibili a tutti.<\/p>\n<p>Regalate e regalatevi un gioiello unico, nella forma e nell&#8217;intenzione, un simbolo d&#8217;amore e devozione che vi accompagner\u00e0 in ogni momento e accompagner\u00e0 chi amate.<\/p>\n","protected":false},"excerpt":{"rendered":"<p>Non \u00e8 facile coniugare la fede con la moda. I due concetti, posti l&#8217;uno accanto all&#8217;altro,\u00a0potrebbero apparire fuori luogo. Che cos&#8217;ha da spartire la fede, espressione massima di spiritualit\u00e0 e dialogo interiore tra uomo e Dio, con qualcosa di cos\u00ec esteriore, effimero, perfino frivolo come&hellip;<\/p>\n","protected":false},"author":1,"featured_media":5643,"comment_status":"closed","ping_status":"open","sticky":false,"template":"","format":"standard","meta":{"_acf_changed":false,"footnotes":""},"categories":[16],"tags":[],"class_list":["post-5581","post","type-post","status-publish","format-standard","has-post-thumbnail","hentry","category-articoli-religiosi"],"acf":[],"yoast_head":"<!-- This site is optimized with the Yoast SEO plugin v26.6 - https:\/\/yoast.com\/wordpress\/plugins\/seo\/ -->\n<title>Amen Collection: quando fede e fashion si incontrano<\/title>\n<meta name=\"description\" content=\"Non \u00e8 facile coniugare la fede con la moda. I due concetti, posti l&#039;uno accanto all&#039;altro, potrebbero apparire fuori luogo.\" \/>\n<meta name=\"robots\" content=\"index, follow, max-snippet:-1, max-image-preview:large, max-video-preview:-1\" \/>\n<link rel=\"canonical\" href=\"https:\/\/blog.holyart.it\/it\/articoli-religiosi\/amen-collection-fede-fashion-si-incontrano\/\" \/>\n<meta property=\"og:locale\" content=\"it_IT\" \/>\n<meta property=\"og:type\" content=\"article\" \/>\n<meta property=\"og:title\" content=\"Amen Collection: quando fede e fashion si incontrano\" \/>\n<meta property=\"og:description\" content=\"Non \u00e8 facile coniugare la fede con la moda. I due concetti, posti l&#039;uno accanto all&#039;altro, potrebbero apparire fuori luogo.\" \/>\n<meta property=\"og:url\" content=\"https:\/\/blog.holyart.it\/it\/articoli-religiosi\/amen-collection-fede-fashion-si-incontrano\/\" \/>\n<meta property=\"og:site_name\" content=\"Holyblog\" \/>\n<meta property=\"article:published_time\" content=\"2019-03-21T08:21:57+00:00\" \/>\n<meta property=\"article:modified_time\" content=\"2022-08-02T07:46:51+00:00\" \/>\n<meta property=\"og:image\" content=\"https:\/\/blog.holyart.it\/it\/wp-content\/uploads\/sites\/17\/2019\/03\/Amen-collection.jpg\" \/>\n\t<meta property=\"og:image:width\" content=\"1000\" \/>\n\t<meta property=\"og:image:height\" content=\"666\" \/>\n\t<meta property=\"og:image:type\" content=\"image\/jpeg\" \/>\n<meta name=\"author\" content=\"Redazione\" \/>\n<meta name=\"twitter:card\" content=\"summary_large_image\" \/>\n<meta name=\"twitter:label1\" content=\"Scritto da\" \/>\n\t<meta name=\"twitter:data1\" content=\"Redazione\" \/>\n\t<meta name=\"twitter:label2\" content=\"Tempo di lettura stimato\" \/>\n\t<meta name=\"twitter:data2\" content=\"7 minuti\" \/>\n<script type=\"application\/ld+json\" class=\"yoast-schema-graph\">{\"@context\":\"https:\/\/schema.org\",\"@graph\":[{\"@type\":\"Article\",\"@id\":\"https:\/\/blog.holyart.it\/it\/articoli-religiosi\/amen-collection-fede-fashion-si-incontrano\/#article\",\"isPartOf\":{\"@id\":\"https:\/\/blog.holyart.it\/it\/articoli-religiosi\/amen-collection-fede-fashion-si-incontrano\/\"},\"author\":{\"name\":\"Redazione\",\"@id\":\"https:\/\/blog.holyart.it\/it\/#\/schema\/person\/0a7b686e5af0f856ec1e390dd0baecda\"},\"headline\":\"Amen Collection: quando fede e fashion si incontrano\",\"datePublished\":\"2019-03-21T08:21:57+00:00\",\"dateModified\":\"2022-08-02T07:46:51+00:00\",\"mainEntityOfPage\":{\"@id\":\"https:\/\/blog.holyart.it\/it\/articoli-religiosi\/amen-collection-fede-fashion-si-incontrano\/\"},\"wordCount\":1351,\"publisher\":{\"@id\":\"https:\/\/blog.holyart.it\/it\/#organization\"},\"image\":{\"@id\":\"https:\/\/blog.holyart.it\/it\/articoli-religiosi\/amen-collection-fede-fashion-si-incontrano\/#primaryimage\"},\"thumbnailUrl\":\"https:\/\/blog.holyart.it\/it\/wp-content\/uploads\/sites\/17\/2019\/03\/Amen-collection.jpg\",\"articleSection\":[\"Religione\"],\"inLanguage\":\"it-IT\"},{\"@type\":\"WebPage\",\"@id\":\"https:\/\/blog.holyart.it\/it\/articoli-religiosi\/amen-collection-fede-fashion-si-incontrano\/\",\"url\":\"https:\/\/blog.holyart.it\/it\/articoli-religiosi\/amen-collection-fede-fashion-si-incontrano\/\",\"name\":\"Amen Collection: quando fede e fashion si incontrano\",\"isPartOf\":{\"@id\":\"https:\/\/blog.holyart.it\/it\/#website\"},\"primaryImageOfPage\":{\"@id\":\"https:\/\/blog.holyart.it\/it\/articoli-religiosi\/amen-collection-fede-fashion-si-incontrano\/#primaryimage\"},\"image\":{\"@id\":\"https:\/\/blog.holyart.it\/it\/articoli-religiosi\/amen-collection-fede-fashion-si-incontrano\/#primaryimage\"},\"thumbnailUrl\":\"https:\/\/blog.holyart.it\/it\/wp-content\/uploads\/sites\/17\/2019\/03\/Amen-collection.jpg\",\"datePublished\":\"2019-03-21T08:21:57+00:00\",\"dateModified\":\"2022-08-02T07:46:51+00:00\",\"description\":\"Non \u00e8 facile coniugare la fede con la moda. I due concetti, posti l'uno accanto all'altro, potrebbero apparire fuori luogo.\",\"breadcrumb\":{\"@id\":\"https:\/\/blog.holyart.it\/it\/articoli-religiosi\/amen-collection-fede-fashion-si-incontrano\/#breadcrumb\"},\"inLanguage\":\"it-IT\",\"potentialAction\":[{\"@type\":\"ReadAction\",\"target\":[\"https:\/\/blog.holyart.it\/it\/articoli-religiosi\/amen-collection-fede-fashion-si-incontrano\/\"]}]},{\"@type\":\"ImageObject\",\"inLanguage\":\"it-IT\",\"@id\":\"https:\/\/blog.holyart.it\/it\/articoli-religiosi\/amen-collection-fede-fashion-si-incontrano\/#primaryimage\",\"url\":\"https:\/\/blog.holyart.it\/it\/wp-content\/uploads\/sites\/17\/2019\/03\/Amen-collection.jpg\",\"contentUrl\":\"https:\/\/blog.holyart.it\/it\/wp-content\/uploads\/sites\/17\/2019\/03\/Amen-collection.jpg\",\"width\":1000,\"height\":666,\"caption\":\"Amen collection\"},{\"@type\":\"BreadcrumbList\",\"@id\":\"https:\/\/blog.holyart.it\/it\/articoli-religiosi\/amen-collection-fede-fashion-si-incontrano\/#breadcrumb\",\"itemListElement\":[{\"@type\":\"ListItem\",\"position\":1,\"name\":\"Homepage\",\"item\":\"https:\/\/blog.holyart.it\/it\/\"},{\"@type\":\"ListItem\",\"position\":2,\"name\":\"Religione\",\"item\":\"https:\/\/blog.holyart.it\/it\/articoli-religiosi\/\"},{\"@type\":\"ListItem\",\"position\":3,\"name\":\"Amen Collection: quando fede e fashion si incontrano\"}]},{\"@type\":\"WebSite\",\"@id\":\"https:\/\/blog.holyart.it\/it\/#website\",\"url\":\"https:\/\/blog.holyart.it\/it\/\",\"name\":\"Holyblog\",\"description\":\"Il Blog di Holyart.it\",\"publisher\":{\"@id\":\"https:\/\/blog.holyart.it\/it\/#organization\"},\"potentialAction\":[{\"@type\":\"SearchAction\",\"target\":{\"@type\":\"EntryPoint\",\"urlTemplate\":\"https:\/\/blog.holyart.it\/it\/?s={search_term_string}\"},\"query-input\":{\"@type\":\"PropertyValueSpecification\",\"valueRequired\":true,\"valueName\":\"search_term_string\"}}],\"inLanguage\":\"it-IT\"},{\"@type\":\"Organization\",\"@id\":\"https:\/\/blog.holyart.it\/it\/#organization\",\"name\":\"Holyblog\",\"url\":\"https:\/\/blog.holyart.it\/it\/\",\"logo\":{\"@type\":\"ImageObject\",\"inLanguage\":\"it-IT\",\"@id\":\"https:\/\/blog.holyart.it\/it\/#\/schema\/logo\/image\/\",\"url\":\"https:\/\/blog.holyart.it\/it\/wp-content\/uploads\/sites\/17\/2022\/12\/Holyart_Blog_Logo.jpg\",\"contentUrl\":\"https:\/\/blog.holyart.it\/it\/wp-content\/uploads\/sites\/17\/2022\/12\/Holyart_Blog_Logo.jpg\",\"width\":300,\"height\":50,\"caption\":\"Holyblog\"},\"image\":{\"@id\":\"https:\/\/blog.holyart.it\/it\/#\/schema\/logo\/image\/\"}},{\"@type\":\"Person\",\"@id\":\"https:\/\/blog.holyart.it\/it\/#\/schema\/person\/0a7b686e5af0f856ec1e390dd0baecda\",\"name\":\"Redazione\"}]}<\/script>\n<!-- \/ Yoast SEO plugin. -->","yoast_head_json":{"title":"Amen Collection: quando fede e fashion si incontrano","description":"Non \u00e8 facile coniugare la fede con la moda. I due concetti, posti l'uno accanto all'altro, potrebbero apparire fuori luogo.","robots":{"index":"index","follow":"follow","max-snippet":"max-snippet:-1","max-image-preview":"max-image-preview:large","max-video-preview":"max-video-preview:-1"},"canonical":"https:\/\/blog.holyart.it\/it\/articoli-religiosi\/amen-collection-fede-fashion-si-incontrano\/","og_locale":"it_IT","og_type":"article","og_title":"Amen Collection: quando fede e fashion si incontrano","og_description":"Non \u00e8 facile coniugare la fede con la moda. I due concetti, posti l'uno accanto all'altro, potrebbero apparire fuori luogo.","og_url":"https:\/\/blog.holyart.it\/it\/articoli-religiosi\/amen-collection-fede-fashion-si-incontrano\/","og_site_name":"Holyblog","article_published_time":"2019-03-21T08:21:57+00:00","article_modified_time":"2022-08-02T07:46:51+00:00","og_image":[{"width":1000,"height":666,"url":"https:\/\/blog.holyart.it\/it\/wp-content\/uploads\/sites\/17\/2019\/03\/Amen-collection.jpg","type":"image\/jpeg"}],"author":"Redazione","twitter_card":"summary_large_image","twitter_misc":{"Scritto da":"Redazione","Tempo di lettura stimato":"7 minuti"},"schema":{"@context":"https:\/\/schema.org","@graph":[{"@type":"Article","@id":"https:\/\/blog.holyart.it\/it\/articoli-religiosi\/amen-collection-fede-fashion-si-incontrano\/#article","isPartOf":{"@id":"https:\/\/blog.holyart.it\/it\/articoli-religiosi\/amen-collection-fede-fashion-si-incontrano\/"},"author":{"name":"Redazione","@id":"https:\/\/blog.holyart.it\/it\/#\/schema\/person\/0a7b686e5af0f856ec1e390dd0baecda"},"headline":"Amen Collection: quando fede e fashion si incontrano","datePublished":"2019-03-21T08:21:57+00:00","dateModified":"2022-08-02T07:46:51+00:00","mainEntityOfPage":{"@id":"https:\/\/blog.holyart.it\/it\/articoli-religiosi\/amen-collection-fede-fashion-si-incontrano\/"},"wordCount":1351,"publisher":{"@id":"https:\/\/blog.holyart.it\/it\/#organization"},"image":{"@id":"https:\/\/blog.holyart.it\/it\/articoli-religiosi\/amen-collection-fede-fashion-si-incontrano\/#primaryimage"},"thumbnailUrl":"https:\/\/blog.holyart.it\/it\/wp-content\/uploads\/sites\/17\/2019\/03\/Amen-collection.jpg","articleSection":["Religione"],"inLanguage":"it-IT"},{"@type":"WebPage","@id":"https:\/\/blog.holyart.it\/it\/articoli-religiosi\/amen-collection-fede-fashion-si-incontrano\/","url":"https:\/\/blog.holyart.it\/it\/articoli-religiosi\/amen-collection-fede-fashion-si-incontrano\/","name":"Amen Collection: quando fede e fashion si incontrano","isPartOf":{"@id":"https:\/\/blog.holyart.it\/it\/#website"},"primaryImageOfPage":{"@id":"https:\/\/blog.holyart.it\/it\/articoli-religiosi\/amen-collection-fede-fashion-si-incontrano\/#primaryimage"},"image":{"@id":"https:\/\/blog.holyart.it\/it\/articoli-religiosi\/amen-collection-fede-fashion-si-incontrano\/#primaryimage"},"thumbnailUrl":"https:\/\/blog.holyart.it\/it\/wp-content\/uploads\/sites\/17\/2019\/03\/Amen-collection.jpg","datePublished":"2019-03-21T08:21:57+00:00","dateModified":"2022-08-02T07:46:51+00:00","description":"Non \u00e8 facile coniugare la fede con la moda. I due concetti, posti l'uno accanto all'altro, potrebbero apparire fuori luogo.","breadcrumb":{"@id":"https:\/\/blog.holyart.it\/it\/articoli-religiosi\/amen-collection-fede-fashion-si-incontrano\/#breadcrumb"},"inLanguage":"it-IT","potentialAction":[{"@type":"ReadAction","target":["https:\/\/blog.holyart.it\/it\/articoli-religiosi\/amen-collection-fede-fashion-si-incontrano\/"]}]},{"@type":"ImageObject","inLanguage":"it-IT","@id":"https:\/\/blog.holyart.it\/it\/articoli-religiosi\/amen-collection-fede-fashion-si-incontrano\/#primaryimage","url":"https:\/\/blog.holyart.it\/it\/wp-content\/uploads\/sites\/17\/2019\/03\/Amen-collection.jpg","contentUrl":"https:\/\/blog.holyart.it\/it\/wp-content\/uploads\/sites\/17\/2019\/03\/Amen-collection.jpg","width":1000,"height":666,"caption":"Amen collection"},{"@type":"BreadcrumbList","@id":"https:\/\/blog.holyart.it\/it\/articoli-religiosi\/amen-collection-fede-fashion-si-incontrano\/#breadcrumb","itemListElement":[{"@type":"ListItem","position":1,"name":"Homepage","item":"https:\/\/blog.holyart.it\/it\/"},{"@type":"ListItem","position":2,"name":"Religione","item":"https:\/\/blog.holyart.it\/it\/articoli-religiosi\/"},{"@type":"ListItem","position":3,"name":"Amen Collection: quando fede e fashion si incontrano"}]},{"@type":"WebSite","@id":"https:\/\/blog.holyart.it\/it\/#website","url":"https:\/\/blog.holyart.it\/it\/","name":"Holyblog","description":"Il Blog di Holyart.it","publisher":{"@id":"https:\/\/blog.holyart.it\/it\/#organization"},"potentialAction":[{"@type":"SearchAction","target":{"@type":"EntryPoint","urlTemplate":"https:\/\/blog.holyart.it\/it\/?s={search_term_string}"},"query-input":{"@type":"PropertyValueSpecification","valueRequired":true,"valueName":"search_term_string"}}],"inLanguage":"it-IT"},{"@type":"Organization","@id":"https:\/\/blog.holyart.it\/it\/#organization","name":"Holyblog","url":"https:\/\/blog.holyart.it\/it\/","logo":{"@type":"ImageObject","inLanguage":"it-IT","@id":"https:\/\/blog.holyart.it\/it\/#\/schema\/logo\/image\/","url":"https:\/\/blog.holyart.it\/it\/wp-content\/uploads\/sites\/17\/2022\/12\/Holyart_Blog_Logo.jpg","contentUrl":"https:\/\/blog.holyart.it\/it\/wp-content\/uploads\/sites\/17\/2022\/12\/Holyart_Blog_Logo.jpg","width":300,"height":50,"caption":"Holyblog"},"image":{"@id":"https:\/\/blog.holyart.it\/it\/#\/schema\/logo\/image\/"}},{"@type":"Person","@id":"https:\/\/blog.holyart.it\/it\/#\/schema\/person\/0a7b686e5af0f856ec1e390dd0baecda","name":"Redazione"}]}},"_links":{"self":[{"href":"https:\/\/blog.holyart.it\/it\/wp-json\/wp\/v2\/posts\/5581","targetHints":{"allow":["GET"]}}],"collection":[{"href":"https:\/\/blog.holyart.it\/it\/wp-json\/wp\/v2\/posts"}],"about":[{"href":"https:\/\/blog.holyart.it\/it\/wp-json\/wp\/v2\/types\/post"}],"author":[{"embeddable":true,"href":"https:\/\/blog.holyart.it\/it\/wp-json\/wp\/v2\/users\/1"}],"replies":[{"embeddable":true,"href":"https:\/\/blog.holyart.it\/it\/wp-json\/wp\/v2\/comments?post=5581"}],"version-history":[{"count":0,"href":"https:\/\/blog.holyart.it\/it\/wp-json\/wp\/v2\/posts\/5581\/revisions"}],"wp:featuredmedia":[{"embeddable":true,"href":"https:\/\/blog.holyart.it\/it\/wp-json\/wp\/v2\/media\/5643"}],"wp:attachment":[{"href":"https:\/\/blog.holyart.it\/it\/wp-json\/wp\/v2\/media?parent=5581"}],"wp:term":[{"taxonomy":"category","embeddable":true,"href":"https:\/\/blog.holyart.it\/it\/wp-json\/wp\/v2\/categories?post=5581"},{"taxonomy":"post_tag","embeddable":true,"href":"https:\/\/blog.holyart.it\/it\/wp-json\/wp\/v2\/tags?post=5581"}],"curies":[{"name":"wp","href":"https:\/\/api.w.org\/{rel}","templated":true}]}}