{"id":538,"date":"2017-01-30T14:48:32","date_gmt":"2017-01-30T13:48:32","guid":{"rendered":"https:\/\/blog.holyart.it\/it\/?p=538"},"modified":"2018-02-16T16:15:05","modified_gmt":"2018-02-16T15:15:05","slug":"valore-del-bastone-pastorale-nella-simbologia-cattolica","status":"publish","type":"post","link":"https:\/\/blog.holyart.it\/it\/accessori-liturgia\/valore-del-bastone-pastorale-nella-simbologia-cattolica\/","title":{"rendered":"Il valore del bastone pastorale nella simbologia cattolica"},"content":{"rendered":"<p>Il <strong>bastone pastorale<\/strong> \u00e8 un simbolo del potere ecclesiastico che designa solitamente il ruolo del vescovo o dell&#8217;abate. Si tratta di un <strong>una lunga asta dotata<\/strong> di un\u2019estremit\u00e0 ricurva o di una terminazione a spirale fissata al supporto da un collarino e da un nodo.<\/p>\n<p>Simboleggia uno scettro, un oggetto di solennit\u00e0 a investitura, ma le sue origini sono umili, infatti il termine deriva da \u2018baculus pastoralis\u2019, il <strong>bastone del pastore<\/strong> (o vincastro). Con questo bastone, dotato di un\u2019estremit\u00e0 ricurva, il pastore poteva afferrare gli animali senza recar loro danno. Si tratta dunque di un <strong>bastone simbolico<\/strong>: il suo essere diritto richiama il buon governo ecclesiastico, <strong>la volont\u00e0 di condurre il gregge dei fedeli alla salvezza<\/strong>; l\u2019estremit\u00e0 appuntita dovrebbe servire a spronare i pigri e gli impenitenti; quella curva ad attirare i peccatori pentiti e gli smarriti.<\/p>\n<p>Il <strong>bastone del vescovo\u00a0<\/strong>s\u00ec rif\u00e0 dunque alla simbologia evangelica di <strong>Ges\u00f9 \u2018Buon Pastore\u2019<\/strong>. Impugnandolo al momento dell&#8217;investitura, nel rito di ordinazione, il vescovo accetta il proprio ruolo di guida e protettore del popolo cristiano.<\/p>\n<p>I <span style=\"color: #0000ff;\"><strong><a style=\"color: #0000ff;\" href=\"http:\/\/www.holyart.it\/it\/accessori-per-la-liturgia\/articoli-vescovili\">bastoni pastorali<\/a><\/strong><\/span> hanno conosciuto un\u2019inevitabile evoluzione artistica nel corso dei secoli. L\u2019estremit\u00e0 ricurva, inizialmente semplice e disadorna, assunse sempre pi\u00f9 spesso la forma a spirale e prese a essere decorata con incisioni, smalti, intarsi, oltre a pietre preziose o cristalli. I <strong>bastoni pastorali<\/strong> sono realizzati con materiali diversi: <strong>legno<\/strong>, <strong>avorio<\/strong>, <strong>osso<\/strong>, <strong>bronzo<\/strong>, <strong>rame dorato<\/strong>, <strong>argento<\/strong>, <strong>filigrane<\/strong>.<\/p>\n<p>Il vescovo utilizza il bastone del vescovo nell&#8217;ambito della Messa in particolare durante: Processione d&#8217;ingresso, Proclamazione del Vangelo, Omelia, Amministrazione di Sacramenti, Benedizione finale, Processione di congedo.<\/p>\n<p>Il Vescovo pu\u00f2 utilizzare il <strong>bastone pastorale<\/strong> solo all&#8217;interno della propria diocesi, infatti simboleggia il forte legame tra il pastore e il suo gregge, e non riveste un ruolo di investitura generica per il sacerdote.<\/p>\n","protected":false},"excerpt":{"rendered":"<p>Il bastone pastorale \u00e8 un simbolo del potere ecclesiastico che designa solitamente il ruolo del vescovo o dell&#8217;abate. Si tratta di un una lunga asta dotata di un\u2019estremit\u00e0 ricurva o di una terminazione a spirale fissata al supporto da un collarino e da un nodo.&hellip;<\/p>\n","protected":false},"author":1,"featured_media":539,"comment_status":"closed","ping_status":"open","sticky":false,"template":"","format":"standard","meta":{"_acf_changed":false,"footnotes":""},"categories":[14],"tags":[],"class_list":["post-538","post","type-post","status-publish","format-standard","has-post-thumbnail","hentry","category-accessori-liturgia"],"acf":[],"yoast_head":"<!-- This site is optimized with the Yoast SEO plugin v26.6 - https:\/\/yoast.com\/wordpress\/plugins\/seo\/ -->\n<title>Il valore del bastone pastorale nella simbologia cattolica<\/title>\n<meta name=\"description\" content=\"Il bastone pastorale \u00e8 un simbolo del potere ecclesiastico che designa solitamente il ruolo del vescovo o dell&#039;abate. Si tratta con estremit\u00e0 ricurva\" \/>\n<meta name=\"robots\" content=\"index, follow, max-snippet:-1, max-image-preview:large, max-video-preview:-1\" \/>\n<link rel=\"canonical\" href=\"https:\/\/blog.holyart.it\/it\/accessori-liturgia\/valore-del-bastone-pastorale-nella-simbologia-cattolica\/\" \/>\n<meta property=\"og:locale\" content=\"it_IT\" \/>\n<meta property=\"og:type\" content=\"article\" \/>\n<meta property=\"og:title\" content=\"Il valore del bastone pastorale nella simbologia cattolica\" \/>\n<meta property=\"og:description\" content=\"Il bastone pastorale \u00e8 un simbolo del potere ecclesiastico che designa solitamente il ruolo del vescovo o dell&#039;abate. Si tratta con estremit\u00e0 ricurva\" \/>\n<meta property=\"og:url\" content=\"https:\/\/blog.holyart.it\/it\/accessori-liturgia\/valore-del-bastone-pastorale-nella-simbologia-cattolica\/\" \/>\n<meta property=\"og:site_name\" content=\"Holyblog\" \/>\n<meta property=\"article:published_time\" content=\"2017-01-30T13:48:32+00:00\" \/>\n<meta property=\"article:modified_time\" content=\"2018-02-16T15:15:05+00:00\" \/>\n<meta property=\"og:image\" content=\"https:\/\/blog.holyart.it\/it\/wp-content\/uploads\/sites\/17\/2017\/01\/Bastoni-pastorali.jpg\" \/>\n\t<meta property=\"og:image:width\" content=\"1000\" \/>\n\t<meta property=\"og:image:height\" content=\"666\" \/>\n\t<meta property=\"og:image:type\" content=\"image\/jpeg\" \/>\n<meta name=\"author\" content=\"Redazione\" \/>\n<meta name=\"twitter:card\" content=\"summary_large_image\" \/>\n<meta name=\"twitter:label1\" content=\"Scritto da\" \/>\n\t<meta name=\"twitter:data1\" content=\"Redazione\" \/>\n\t<meta name=\"twitter:label2\" content=\"Tempo di lettura stimato\" \/>\n\t<meta name=\"twitter:data2\" content=\"1 minuto\" \/>\n<script type=\"application\/ld+json\" class=\"yoast-schema-graph\">{\"@context\":\"https:\/\/schema.org\",\"@graph\":[{\"@type\":\"Article\",\"@id\":\"https:\/\/blog.holyart.it\/it\/accessori-liturgia\/valore-del-bastone-pastorale-nella-simbologia-cattolica\/#article\",\"isPartOf\":{\"@id\":\"https:\/\/blog.holyart.it\/it\/accessori-liturgia\/valore-del-bastone-pastorale-nella-simbologia-cattolica\/\"},\"author\":{\"name\":\"Redazione\",\"@id\":\"https:\/\/blog.holyart.it\/it\/#\/schema\/person\/0a7b686e5af0f856ec1e390dd0baecda\"},\"headline\":\"Il valore del bastone pastorale nella simbologia cattolica\",\"datePublished\":\"2017-01-30T13:48:32+00:00\",\"dateModified\":\"2018-02-16T15:15:05+00:00\",\"mainEntityOfPage\":{\"@id\":\"https:\/\/blog.holyart.it\/it\/accessori-liturgia\/valore-del-bastone-pastorale-nella-simbologia-cattolica\/\"},\"wordCount\":303,\"publisher\":{\"@id\":\"https:\/\/blog.holyart.it\/it\/#organization\"},\"image\":{\"@id\":\"https:\/\/blog.holyart.it\/it\/accessori-liturgia\/valore-del-bastone-pastorale-nella-simbologia-cattolica\/#primaryimage\"},\"thumbnailUrl\":\"https:\/\/blog.holyart.it\/it\/wp-content\/uploads\/sites\/17\/2017\/01\/Bastoni-pastorali.jpg\",\"articleSection\":[\"Liturgia\"],\"inLanguage\":\"it-IT\"},{\"@type\":\"WebPage\",\"@id\":\"https:\/\/blog.holyart.it\/it\/accessori-liturgia\/valore-del-bastone-pastorale-nella-simbologia-cattolica\/\",\"url\":\"https:\/\/blog.holyart.it\/it\/accessori-liturgia\/valore-del-bastone-pastorale-nella-simbologia-cattolica\/\",\"name\":\"Il valore del bastone pastorale nella simbologia cattolica\",\"isPartOf\":{\"@id\":\"https:\/\/blog.holyart.it\/it\/#website\"},\"primaryImageOfPage\":{\"@id\":\"https:\/\/blog.holyart.it\/it\/accessori-liturgia\/valore-del-bastone-pastorale-nella-simbologia-cattolica\/#primaryimage\"},\"image\":{\"@id\":\"https:\/\/blog.holyart.it\/it\/accessori-liturgia\/valore-del-bastone-pastorale-nella-simbologia-cattolica\/#primaryimage\"},\"thumbnailUrl\":\"https:\/\/blog.holyart.it\/it\/wp-content\/uploads\/sites\/17\/2017\/01\/Bastoni-pastorali.jpg\",\"datePublished\":\"2017-01-30T13:48:32+00:00\",\"dateModified\":\"2018-02-16T15:15:05+00:00\",\"description\":\"Il bastone pastorale \u00e8 un simbolo del potere ecclesiastico che designa solitamente il ruolo del vescovo o dell'abate. Si tratta con estremit\u00e0 ricurva\",\"breadcrumb\":{\"@id\":\"https:\/\/blog.holyart.it\/it\/accessori-liturgia\/valore-del-bastone-pastorale-nella-simbologia-cattolica\/#breadcrumb\"},\"inLanguage\":\"it-IT\",\"potentialAction\":[{\"@type\":\"ReadAction\",\"target\":[\"https:\/\/blog.holyart.it\/it\/accessori-liturgia\/valore-del-bastone-pastorale-nella-simbologia-cattolica\/\"]}]},{\"@type\":\"ImageObject\",\"inLanguage\":\"it-IT\",\"@id\":\"https:\/\/blog.holyart.it\/it\/accessori-liturgia\/valore-del-bastone-pastorale-nella-simbologia-cattolica\/#primaryimage\",\"url\":\"https:\/\/blog.holyart.it\/it\/wp-content\/uploads\/sites\/17\/2017\/01\/Bastoni-pastorali.jpg\",\"contentUrl\":\"https:\/\/blog.holyart.it\/it\/wp-content\/uploads\/sites\/17\/2017\/01\/Bastoni-pastorali.jpg\",\"width\":1000,\"height\":666,\"caption\":\"Bastoni pastorali\"},{\"@type\":\"BreadcrumbList\",\"@id\":\"https:\/\/blog.holyart.it\/it\/accessori-liturgia\/valore-del-bastone-pastorale-nella-simbologia-cattolica\/#breadcrumb\",\"itemListElement\":[{\"@type\":\"ListItem\",\"position\":1,\"name\":\"Homepage\",\"item\":\"https:\/\/blog.holyart.it\/it\/\"},{\"@type\":\"ListItem\",\"position\":2,\"name\":\"Liturgia\",\"item\":\"https:\/\/blog.holyart.it\/it\/accessori-liturgia\/\"},{\"@type\":\"ListItem\",\"position\":3,\"name\":\"Il valore del bastone pastorale nella simbologia cattolica\"}]},{\"@type\":\"WebSite\",\"@id\":\"https:\/\/blog.holyart.it\/it\/#website\",\"url\":\"https:\/\/blog.holyart.it\/it\/\",\"name\":\"Holyblog\",\"description\":\"Il Blog di Holyart.it\",\"publisher\":{\"@id\":\"https:\/\/blog.holyart.it\/it\/#organization\"},\"potentialAction\":[{\"@type\":\"SearchAction\",\"target\":{\"@type\":\"EntryPoint\",\"urlTemplate\":\"https:\/\/blog.holyart.it\/it\/?s={search_term_string}\"},\"query-input\":{\"@type\":\"PropertyValueSpecification\",\"valueRequired\":true,\"valueName\":\"search_term_string\"}}],\"inLanguage\":\"it-IT\"},{\"@type\":\"Organization\",\"@id\":\"https:\/\/blog.holyart.it\/it\/#organization\",\"name\":\"Holyblog\",\"url\":\"https:\/\/blog.holyart.it\/it\/\",\"logo\":{\"@type\":\"ImageObject\",\"inLanguage\":\"it-IT\",\"@id\":\"https:\/\/blog.holyart.it\/it\/#\/schema\/logo\/image\/\",\"url\":\"https:\/\/blog.holyart.it\/it\/wp-content\/uploads\/sites\/17\/2022\/12\/Holyart_Blog_Logo.jpg\",\"contentUrl\":\"https:\/\/blog.holyart.it\/it\/wp-content\/uploads\/sites\/17\/2022\/12\/Holyart_Blog_Logo.jpg\",\"width\":300,\"height\":50,\"caption\":\"Holyblog\"},\"image\":{\"@id\":\"https:\/\/blog.holyart.it\/it\/#\/schema\/logo\/image\/\"}},{\"@type\":\"Person\",\"@id\":\"https:\/\/blog.holyart.it\/it\/#\/schema\/person\/0a7b686e5af0f856ec1e390dd0baecda\",\"name\":\"Redazione\"}]}<\/script>\n<!-- \/ Yoast SEO plugin. -->","yoast_head_json":{"title":"Il valore del bastone pastorale nella simbologia cattolica","description":"Il bastone pastorale \u00e8 un simbolo del potere ecclesiastico che designa solitamente il ruolo del vescovo o dell'abate. Si tratta con estremit\u00e0 ricurva","robots":{"index":"index","follow":"follow","max-snippet":"max-snippet:-1","max-image-preview":"max-image-preview:large","max-video-preview":"max-video-preview:-1"},"canonical":"https:\/\/blog.holyart.it\/it\/accessori-liturgia\/valore-del-bastone-pastorale-nella-simbologia-cattolica\/","og_locale":"it_IT","og_type":"article","og_title":"Il valore del bastone pastorale nella simbologia cattolica","og_description":"Il bastone pastorale \u00e8 un simbolo del potere ecclesiastico che designa solitamente il ruolo del vescovo o dell'abate. Si tratta con estremit\u00e0 ricurva","og_url":"https:\/\/blog.holyart.it\/it\/accessori-liturgia\/valore-del-bastone-pastorale-nella-simbologia-cattolica\/","og_site_name":"Holyblog","article_published_time":"2017-01-30T13:48:32+00:00","article_modified_time":"2018-02-16T15:15:05+00:00","og_image":[{"width":1000,"height":666,"url":"https:\/\/blog.holyart.it\/it\/wp-content\/uploads\/sites\/17\/2017\/01\/Bastoni-pastorali.jpg","type":"image\/jpeg"}],"author":"Redazione","twitter_card":"summary_large_image","twitter_misc":{"Scritto da":"Redazione","Tempo di lettura stimato":"1 minuto"},"schema":{"@context":"https:\/\/schema.org","@graph":[{"@type":"Article","@id":"https:\/\/blog.holyart.it\/it\/accessori-liturgia\/valore-del-bastone-pastorale-nella-simbologia-cattolica\/#article","isPartOf":{"@id":"https:\/\/blog.holyart.it\/it\/accessori-liturgia\/valore-del-bastone-pastorale-nella-simbologia-cattolica\/"},"author":{"name":"Redazione","@id":"https:\/\/blog.holyart.it\/it\/#\/schema\/person\/0a7b686e5af0f856ec1e390dd0baecda"},"headline":"Il valore del bastone pastorale nella simbologia cattolica","datePublished":"2017-01-30T13:48:32+00:00","dateModified":"2018-02-16T15:15:05+00:00","mainEntityOfPage":{"@id":"https:\/\/blog.holyart.it\/it\/accessori-liturgia\/valore-del-bastone-pastorale-nella-simbologia-cattolica\/"},"wordCount":303,"publisher":{"@id":"https:\/\/blog.holyart.it\/it\/#organization"},"image":{"@id":"https:\/\/blog.holyart.it\/it\/accessori-liturgia\/valore-del-bastone-pastorale-nella-simbologia-cattolica\/#primaryimage"},"thumbnailUrl":"https:\/\/blog.holyart.it\/it\/wp-content\/uploads\/sites\/17\/2017\/01\/Bastoni-pastorali.jpg","articleSection":["Liturgia"],"inLanguage":"it-IT"},{"@type":"WebPage","@id":"https:\/\/blog.holyart.it\/it\/accessori-liturgia\/valore-del-bastone-pastorale-nella-simbologia-cattolica\/","url":"https:\/\/blog.holyart.it\/it\/accessori-liturgia\/valore-del-bastone-pastorale-nella-simbologia-cattolica\/","name":"Il valore del bastone pastorale nella simbologia cattolica","isPartOf":{"@id":"https:\/\/blog.holyart.it\/it\/#website"},"primaryImageOfPage":{"@id":"https:\/\/blog.holyart.it\/it\/accessori-liturgia\/valore-del-bastone-pastorale-nella-simbologia-cattolica\/#primaryimage"},"image":{"@id":"https:\/\/blog.holyart.it\/it\/accessori-liturgia\/valore-del-bastone-pastorale-nella-simbologia-cattolica\/#primaryimage"},"thumbnailUrl":"https:\/\/blog.holyart.it\/it\/wp-content\/uploads\/sites\/17\/2017\/01\/Bastoni-pastorali.jpg","datePublished":"2017-01-30T13:48:32+00:00","dateModified":"2018-02-16T15:15:05+00:00","description":"Il bastone pastorale \u00e8 un simbolo del potere ecclesiastico che designa solitamente il ruolo del vescovo o dell'abate. Si tratta con estremit\u00e0 ricurva","breadcrumb":{"@id":"https:\/\/blog.holyart.it\/it\/accessori-liturgia\/valore-del-bastone-pastorale-nella-simbologia-cattolica\/#breadcrumb"},"inLanguage":"it-IT","potentialAction":[{"@type":"ReadAction","target":["https:\/\/blog.holyart.it\/it\/accessori-liturgia\/valore-del-bastone-pastorale-nella-simbologia-cattolica\/"]}]},{"@type":"ImageObject","inLanguage":"it-IT","@id":"https:\/\/blog.holyart.it\/it\/accessori-liturgia\/valore-del-bastone-pastorale-nella-simbologia-cattolica\/#primaryimage","url":"https:\/\/blog.holyart.it\/it\/wp-content\/uploads\/sites\/17\/2017\/01\/Bastoni-pastorali.jpg","contentUrl":"https:\/\/blog.holyart.it\/it\/wp-content\/uploads\/sites\/17\/2017\/01\/Bastoni-pastorali.jpg","width":1000,"height":666,"caption":"Bastoni pastorali"},{"@type":"BreadcrumbList","@id":"https:\/\/blog.holyart.it\/it\/accessori-liturgia\/valore-del-bastone-pastorale-nella-simbologia-cattolica\/#breadcrumb","itemListElement":[{"@type":"ListItem","position":1,"name":"Homepage","item":"https:\/\/blog.holyart.it\/it\/"},{"@type":"ListItem","position":2,"name":"Liturgia","item":"https:\/\/blog.holyart.it\/it\/accessori-liturgia\/"},{"@type":"ListItem","position":3,"name":"Il valore del bastone pastorale nella simbologia cattolica"}]},{"@type":"WebSite","@id":"https:\/\/blog.holyart.it\/it\/#website","url":"https:\/\/blog.holyart.it\/it\/","name":"Holyblog","description":"Il Blog di Holyart.it","publisher":{"@id":"https:\/\/blog.holyart.it\/it\/#organization"},"potentialAction":[{"@type":"SearchAction","target":{"@type":"EntryPoint","urlTemplate":"https:\/\/blog.holyart.it\/it\/?s={search_term_string}"},"query-input":{"@type":"PropertyValueSpecification","valueRequired":true,"valueName":"search_term_string"}}],"inLanguage":"it-IT"},{"@type":"Organization","@id":"https:\/\/blog.holyart.it\/it\/#organization","name":"Holyblog","url":"https:\/\/blog.holyart.it\/it\/","logo":{"@type":"ImageObject","inLanguage":"it-IT","@id":"https:\/\/blog.holyart.it\/it\/#\/schema\/logo\/image\/","url":"https:\/\/blog.holyart.it\/it\/wp-content\/uploads\/sites\/17\/2022\/12\/Holyart_Blog_Logo.jpg","contentUrl":"https:\/\/blog.holyart.it\/it\/wp-content\/uploads\/sites\/17\/2022\/12\/Holyart_Blog_Logo.jpg","width":300,"height":50,"caption":"Holyblog"},"image":{"@id":"https:\/\/blog.holyart.it\/it\/#\/schema\/logo\/image\/"}},{"@type":"Person","@id":"https:\/\/blog.holyart.it\/it\/#\/schema\/person\/0a7b686e5af0f856ec1e390dd0baecda","name":"Redazione"}]}},"_links":{"self":[{"href":"https:\/\/blog.holyart.it\/it\/wp-json\/wp\/v2\/posts\/538","targetHints":{"allow":["GET"]}}],"collection":[{"href":"https:\/\/blog.holyart.it\/it\/wp-json\/wp\/v2\/posts"}],"about":[{"href":"https:\/\/blog.holyart.it\/it\/wp-json\/wp\/v2\/types\/post"}],"author":[{"embeddable":true,"href":"https:\/\/blog.holyart.it\/it\/wp-json\/wp\/v2\/users\/1"}],"replies":[{"embeddable":true,"href":"https:\/\/blog.holyart.it\/it\/wp-json\/wp\/v2\/comments?post=538"}],"version-history":[{"count":0,"href":"https:\/\/blog.holyart.it\/it\/wp-json\/wp\/v2\/posts\/538\/revisions"}],"wp:featuredmedia":[{"embeddable":true,"href":"https:\/\/blog.holyart.it\/it\/wp-json\/wp\/v2\/media\/539"}],"wp:attachment":[{"href":"https:\/\/blog.holyart.it\/it\/wp-json\/wp\/v2\/media?parent=538"}],"wp:term":[{"taxonomy":"category","embeddable":true,"href":"https:\/\/blog.holyart.it\/it\/wp-json\/wp\/v2\/categories?post=538"},{"taxonomy":"post_tag","embeddable":true,"href":"https:\/\/blog.holyart.it\/it\/wp-json\/wp\/v2\/tags?post=538"}],"curies":[{"name":"wp","href":"https:\/\/api.w.org\/{rel}","templated":true}]}}