{"id":534,"date":"2017-01-27T12:40:37","date_gmt":"2017-01-27T11:40:37","guid":{"rendered":"https:\/\/blog.holyart.it\/it\/?p=534"},"modified":"2020-05-26T11:49:34","modified_gmt":"2020-05-26T09:49:34","slug":"san-benedetto-norcia-patrono-deuropa","status":"publish","type":"post","link":"https:\/\/blog.holyart.it\/it\/santi-e-beati\/san-benedetto-norcia-patrono-deuropa\/","title":{"rendered":"San Benedetto da Norcia: il Patrono d&#8217;Europa"},"content":{"rendered":"<p><strong>San Benedetto da Norcia<\/strong>, patrono d\u2019Europa, protettore di monaci, speleologi, architetti e ingegneri, fu un abate nato a Norcia in Umbria. Dopo aver compiuto i suoi studi a Roma, si ritir\u00f2 a vivere come un eremita prima a Subiaco, poi a Cassino. Qui, circondato da numerosi proseliti, fond\u00f2 un monastero e defin\u00ec la sua regola, basata sulla preghiera e sul lavoro (\u2018Ora et labora\u2019), divenuta probabilmente la pi\u00f9 diffusa tra i monaci di tutto il mondo.<\/p>\n<p>San Benedetto predicava l\u2019alternarsi della preghiera, della lettura della parola di Dio, con il lavoro intenso, in un ambito di carit\u00e0 e servizio reciproco tra i fratelli e verso i fedeli tutti.<\/p>\n<p>Uomo concreto, San Benedetto volle lasciare un modello di vita finalizzato alla perfezione e all&#8217;elevazione spirituale, ma non limitato alla trascendenza. Come Dio interviene nelle situazioni concrete della vita dell\u2019uomo, di ogni uomo, cos\u00ec l\u2019uomo stesso non deve dimenticare mai la sua presenza, glorificandola s\u00ec con la preghiera, ma anche con le azioni di ogni giorno, con il lavoro, appunto, e la carit\u00e0. Azione e contemplazione, dunque, non solo per i monaci, ma per chiunque voglia accostarsi a Dio e vivere nella sua luce, nel suo cammino, seguendo le orme di Ges\u00f9 Cristo, abbracciando con umilt\u00e0 e gioia le fatiche e gli impegni quotidiani.<\/p>\n<p>La <span style=\"color: #0000ff;\"><strong><a style=\"color: #0000ff;\" href=\"http:\/\/www.holyart.it\/it\/articoli-religiosi\/statue\/statue-in-gesso\/statua-san-benedetto-gesso-20-cm\">statua di San Benedetto<\/a><\/strong><\/span> \u00e8 oggetto di devozione cara ai fedeli di tutto il mondo cattolico. In essa il Santo \u00e8 raffigurato con la sua regola in mano, sotto forma di libro o fogli.<\/p>\n<p>In alcuni casi, nelle <strong>statue di San Benedetto<\/strong> ricorrono altri elementi simbolici legati alla vita e all&#8217;esperienza del Santo, come la <strong>coppa<\/strong> o il <strong>corvo<\/strong>. In entrambi i casi, fanno riferimento a due episodi in cui il monaco rischi\u00f2 di essere avvelenato dai suoi nemici, ma la volont\u00e0 di Dio lo salv\u00f2, preservandolo.<\/p>\n<p>Esistono <strong>statue di San Benedetto<\/strong> di ogni dimensione, costruite in svariati materiali, dal legno, alla resina. In ogni caso forniscono un riferimento di vita e preghiera costante e prezioso per chiunque voglia abbracciare il suo modello e la sua scelta.<\/p>\n","protected":false},"excerpt":{"rendered":"<p>San Benedetto da Norcia, patrono d\u2019Europa, protettore di monaci, speleologi, architetti e ingegneri, fu un abate nato a Norcia in Umbria. Dopo aver compiuto i suoi studi a Roma, si ritir\u00f2 a vivere come un eremita prima a Subiaco, poi a Cassino. Qui, circondato da&hellip;<\/p>\n","protected":false},"author":1,"featured_media":535,"comment_status":"closed","ping_status":"open","sticky":false,"template":"","format":"standard","meta":{"_acf_changed":false,"footnotes":""},"categories":[19,15],"tags":[],"class_list":["post-534","post","type-post","status-publish","format-standard","has-post-thumbnail","hentry","category-prodotti-monasteri","category-santi-e-beati"],"acf":[],"yoast_head":"<!-- This site is optimized with the Yoast SEO plugin v26.6 - https:\/\/yoast.com\/wordpress\/plugins\/seo\/ -->\n<title>San Benedetto da Norcia: il Patrono d&#039;Europa - Holyblog<\/title>\n<meta name=\"description\" content=\"San Benedetto da Norcia, patrono d\u2019Europa, protettore di monaci, speleologi, architetti e ingegneri, fu un abate nato a Norcia in Umbria.\" \/>\n<meta name=\"robots\" content=\"index, follow, max-snippet:-1, max-image-preview:large, max-video-preview:-1\" \/>\n<link rel=\"canonical\" href=\"https:\/\/blog.holyart.it\/it\/santi-e-beati\/san-benedetto-norcia-patrono-deuropa\/\" \/>\n<meta property=\"og:locale\" content=\"it_IT\" \/>\n<meta property=\"og:type\" content=\"article\" \/>\n<meta property=\"og:title\" content=\"San Benedetto da Norcia: il Patrono d&#039;Europa - Holyblog\" \/>\n<meta property=\"og:description\" content=\"San Benedetto da Norcia, patrono d\u2019Europa, protettore di monaci, speleologi, architetti e ingegneri, fu un abate nato a Norcia in Umbria.\" \/>\n<meta property=\"og:url\" content=\"https:\/\/blog.holyart.it\/it\/santi-e-beati\/san-benedetto-norcia-patrono-deuropa\/\" \/>\n<meta property=\"og:site_name\" content=\"Holyblog\" \/>\n<meta property=\"article:published_time\" content=\"2017-01-27T11:40:37+00:00\" \/>\n<meta property=\"article:modified_time\" content=\"2020-05-26T09:49:34+00:00\" \/>\n<meta property=\"og:image\" content=\"https:\/\/blog.holyart.it\/it\/wp-content\/uploads\/sites\/17\/2017\/01\/Statua-San-Benedetto.jpg\" \/>\n\t<meta property=\"og:image:width\" content=\"1000\" \/>\n\t<meta property=\"og:image:height\" content=\"667\" \/>\n\t<meta property=\"og:image:type\" content=\"image\/jpeg\" \/>\n<meta name=\"author\" content=\"Redazione\" \/>\n<meta name=\"twitter:card\" content=\"summary_large_image\" \/>\n<meta name=\"twitter:label1\" content=\"Scritto da\" \/>\n\t<meta name=\"twitter:data1\" content=\"Redazione\" \/>\n\t<meta name=\"twitter:label2\" content=\"Tempo di lettura stimato\" \/>\n\t<meta name=\"twitter:data2\" content=\"2 minuti\" \/>\n<script type=\"application\/ld+json\" class=\"yoast-schema-graph\">{\"@context\":\"https:\/\/schema.org\",\"@graph\":[{\"@type\":\"Article\",\"@id\":\"https:\/\/blog.holyart.it\/it\/santi-e-beati\/san-benedetto-norcia-patrono-deuropa\/#article\",\"isPartOf\":{\"@id\":\"https:\/\/blog.holyart.it\/it\/santi-e-beati\/san-benedetto-norcia-patrono-deuropa\/\"},\"author\":{\"name\":\"Redazione\",\"@id\":\"https:\/\/blog.holyart.it\/it\/#\/schema\/person\/0a7b686e5af0f856ec1e390dd0baecda\"},\"headline\":\"San Benedetto da Norcia: il Patrono d&#8217;Europa\",\"datePublished\":\"2017-01-27T11:40:37+00:00\",\"dateModified\":\"2020-05-26T09:49:34+00:00\",\"mainEntityOfPage\":{\"@id\":\"https:\/\/blog.holyart.it\/it\/santi-e-beati\/san-benedetto-norcia-patrono-deuropa\/\"},\"wordCount\":349,\"publisher\":{\"@id\":\"https:\/\/blog.holyart.it\/it\/#organization\"},\"image\":{\"@id\":\"https:\/\/blog.holyart.it\/it\/santi-e-beati\/san-benedetto-norcia-patrono-deuropa\/#primaryimage\"},\"thumbnailUrl\":\"https:\/\/blog.holyart.it\/it\/wp-content\/uploads\/sites\/17\/2017\/01\/Statua-San-Benedetto.jpg\",\"articleSection\":[\"Monasteri\",\"Santi e beati\"],\"inLanguage\":\"it-IT\"},{\"@type\":\"WebPage\",\"@id\":\"https:\/\/blog.holyart.it\/it\/santi-e-beati\/san-benedetto-norcia-patrono-deuropa\/\",\"url\":\"https:\/\/blog.holyart.it\/it\/santi-e-beati\/san-benedetto-norcia-patrono-deuropa\/\",\"name\":\"San Benedetto da Norcia: il Patrono d'Europa - Holyblog\",\"isPartOf\":{\"@id\":\"https:\/\/blog.holyart.it\/it\/#website\"},\"primaryImageOfPage\":{\"@id\":\"https:\/\/blog.holyart.it\/it\/santi-e-beati\/san-benedetto-norcia-patrono-deuropa\/#primaryimage\"},\"image\":{\"@id\":\"https:\/\/blog.holyart.it\/it\/santi-e-beati\/san-benedetto-norcia-patrono-deuropa\/#primaryimage\"},\"thumbnailUrl\":\"https:\/\/blog.holyart.it\/it\/wp-content\/uploads\/sites\/17\/2017\/01\/Statua-San-Benedetto.jpg\",\"datePublished\":\"2017-01-27T11:40:37+00:00\",\"dateModified\":\"2020-05-26T09:49:34+00:00\",\"description\":\"San Benedetto da Norcia, patrono d\u2019Europa, protettore di monaci, speleologi, architetti e ingegneri, fu un abate nato a Norcia in Umbria.\",\"breadcrumb\":{\"@id\":\"https:\/\/blog.holyart.it\/it\/santi-e-beati\/san-benedetto-norcia-patrono-deuropa\/#breadcrumb\"},\"inLanguage\":\"it-IT\",\"potentialAction\":[{\"@type\":\"ReadAction\",\"target\":[\"https:\/\/blog.holyart.it\/it\/santi-e-beati\/san-benedetto-norcia-patrono-deuropa\/\"]}]},{\"@type\":\"ImageObject\",\"inLanguage\":\"it-IT\",\"@id\":\"https:\/\/blog.holyart.it\/it\/santi-e-beati\/san-benedetto-norcia-patrono-deuropa\/#primaryimage\",\"url\":\"https:\/\/blog.holyart.it\/it\/wp-content\/uploads\/sites\/17\/2017\/01\/Statua-San-Benedetto.jpg\",\"contentUrl\":\"https:\/\/blog.holyart.it\/it\/wp-content\/uploads\/sites\/17\/2017\/01\/Statua-San-Benedetto.jpg\",\"width\":1000,\"height\":667,\"caption\":\"Statua San Benedetto\"},{\"@type\":\"BreadcrumbList\",\"@id\":\"https:\/\/blog.holyart.it\/it\/santi-e-beati\/san-benedetto-norcia-patrono-deuropa\/#breadcrumb\",\"itemListElement\":[{\"@type\":\"ListItem\",\"position\":1,\"name\":\"Homepage\",\"item\":\"https:\/\/blog.holyart.it\/it\/\"},{\"@type\":\"ListItem\",\"position\":2,\"name\":\"Santi e beati\",\"item\":\"https:\/\/blog.holyart.it\/it\/santi-e-beati\/\"},{\"@type\":\"ListItem\",\"position\":3,\"name\":\"San Benedetto da Norcia: il Patrono d&#8217;Europa\"}]},{\"@type\":\"WebSite\",\"@id\":\"https:\/\/blog.holyart.it\/it\/#website\",\"url\":\"https:\/\/blog.holyart.it\/it\/\",\"name\":\"Holyblog\",\"description\":\"Il Blog di Holyart.it\",\"publisher\":{\"@id\":\"https:\/\/blog.holyart.it\/it\/#organization\"},\"potentialAction\":[{\"@type\":\"SearchAction\",\"target\":{\"@type\":\"EntryPoint\",\"urlTemplate\":\"https:\/\/blog.holyart.it\/it\/?s={search_term_string}\"},\"query-input\":{\"@type\":\"PropertyValueSpecification\",\"valueRequired\":true,\"valueName\":\"search_term_string\"}}],\"inLanguage\":\"it-IT\"},{\"@type\":\"Organization\",\"@id\":\"https:\/\/blog.holyart.it\/it\/#organization\",\"name\":\"Holyblog\",\"url\":\"https:\/\/blog.holyart.it\/it\/\",\"logo\":{\"@type\":\"ImageObject\",\"inLanguage\":\"it-IT\",\"@id\":\"https:\/\/blog.holyart.it\/it\/#\/schema\/logo\/image\/\",\"url\":\"https:\/\/blog.holyart.it\/it\/wp-content\/uploads\/sites\/17\/2022\/12\/Holyart_Blog_Logo.jpg\",\"contentUrl\":\"https:\/\/blog.holyart.it\/it\/wp-content\/uploads\/sites\/17\/2022\/12\/Holyart_Blog_Logo.jpg\",\"width\":300,\"height\":50,\"caption\":\"Holyblog\"},\"image\":{\"@id\":\"https:\/\/blog.holyart.it\/it\/#\/schema\/logo\/image\/\"}},{\"@type\":\"Person\",\"@id\":\"https:\/\/blog.holyart.it\/it\/#\/schema\/person\/0a7b686e5af0f856ec1e390dd0baecda\",\"name\":\"Redazione\"}]}<\/script>\n<!-- \/ Yoast SEO plugin. -->","yoast_head_json":{"title":"San Benedetto da Norcia: il Patrono d'Europa - Holyblog","description":"San Benedetto da Norcia, patrono d\u2019Europa, protettore di monaci, speleologi, architetti e ingegneri, fu un abate nato a Norcia in Umbria.","robots":{"index":"index","follow":"follow","max-snippet":"max-snippet:-1","max-image-preview":"max-image-preview:large","max-video-preview":"max-video-preview:-1"},"canonical":"https:\/\/blog.holyart.it\/it\/santi-e-beati\/san-benedetto-norcia-patrono-deuropa\/","og_locale":"it_IT","og_type":"article","og_title":"San Benedetto da Norcia: il Patrono d'Europa - Holyblog","og_description":"San Benedetto da Norcia, patrono d\u2019Europa, protettore di monaci, speleologi, architetti e ingegneri, fu un abate nato a Norcia in Umbria.","og_url":"https:\/\/blog.holyart.it\/it\/santi-e-beati\/san-benedetto-norcia-patrono-deuropa\/","og_site_name":"Holyblog","article_published_time":"2017-01-27T11:40:37+00:00","article_modified_time":"2020-05-26T09:49:34+00:00","og_image":[{"width":1000,"height":667,"url":"https:\/\/blog.holyart.it\/it\/wp-content\/uploads\/sites\/17\/2017\/01\/Statua-San-Benedetto.jpg","type":"image\/jpeg"}],"author":"Redazione","twitter_card":"summary_large_image","twitter_misc":{"Scritto da":"Redazione","Tempo di lettura stimato":"2 minuti"},"schema":{"@context":"https:\/\/schema.org","@graph":[{"@type":"Article","@id":"https:\/\/blog.holyart.it\/it\/santi-e-beati\/san-benedetto-norcia-patrono-deuropa\/#article","isPartOf":{"@id":"https:\/\/blog.holyart.it\/it\/santi-e-beati\/san-benedetto-norcia-patrono-deuropa\/"},"author":{"name":"Redazione","@id":"https:\/\/blog.holyart.it\/it\/#\/schema\/person\/0a7b686e5af0f856ec1e390dd0baecda"},"headline":"San Benedetto da Norcia: il Patrono d&#8217;Europa","datePublished":"2017-01-27T11:40:37+00:00","dateModified":"2020-05-26T09:49:34+00:00","mainEntityOfPage":{"@id":"https:\/\/blog.holyart.it\/it\/santi-e-beati\/san-benedetto-norcia-patrono-deuropa\/"},"wordCount":349,"publisher":{"@id":"https:\/\/blog.holyart.it\/it\/#organization"},"image":{"@id":"https:\/\/blog.holyart.it\/it\/santi-e-beati\/san-benedetto-norcia-patrono-deuropa\/#primaryimage"},"thumbnailUrl":"https:\/\/blog.holyart.it\/it\/wp-content\/uploads\/sites\/17\/2017\/01\/Statua-San-Benedetto.jpg","articleSection":["Monasteri","Santi e beati"],"inLanguage":"it-IT"},{"@type":"WebPage","@id":"https:\/\/blog.holyart.it\/it\/santi-e-beati\/san-benedetto-norcia-patrono-deuropa\/","url":"https:\/\/blog.holyart.it\/it\/santi-e-beati\/san-benedetto-norcia-patrono-deuropa\/","name":"San Benedetto da Norcia: il Patrono d'Europa - Holyblog","isPartOf":{"@id":"https:\/\/blog.holyart.it\/it\/#website"},"primaryImageOfPage":{"@id":"https:\/\/blog.holyart.it\/it\/santi-e-beati\/san-benedetto-norcia-patrono-deuropa\/#primaryimage"},"image":{"@id":"https:\/\/blog.holyart.it\/it\/santi-e-beati\/san-benedetto-norcia-patrono-deuropa\/#primaryimage"},"thumbnailUrl":"https:\/\/blog.holyart.it\/it\/wp-content\/uploads\/sites\/17\/2017\/01\/Statua-San-Benedetto.jpg","datePublished":"2017-01-27T11:40:37+00:00","dateModified":"2020-05-26T09:49:34+00:00","description":"San Benedetto da Norcia, patrono d\u2019Europa, protettore di monaci, speleologi, architetti e ingegneri, fu un abate nato a Norcia in Umbria.","breadcrumb":{"@id":"https:\/\/blog.holyart.it\/it\/santi-e-beati\/san-benedetto-norcia-patrono-deuropa\/#breadcrumb"},"inLanguage":"it-IT","potentialAction":[{"@type":"ReadAction","target":["https:\/\/blog.holyart.it\/it\/santi-e-beati\/san-benedetto-norcia-patrono-deuropa\/"]}]},{"@type":"ImageObject","inLanguage":"it-IT","@id":"https:\/\/blog.holyart.it\/it\/santi-e-beati\/san-benedetto-norcia-patrono-deuropa\/#primaryimage","url":"https:\/\/blog.holyart.it\/it\/wp-content\/uploads\/sites\/17\/2017\/01\/Statua-San-Benedetto.jpg","contentUrl":"https:\/\/blog.holyart.it\/it\/wp-content\/uploads\/sites\/17\/2017\/01\/Statua-San-Benedetto.jpg","width":1000,"height":667,"caption":"Statua San Benedetto"},{"@type":"BreadcrumbList","@id":"https:\/\/blog.holyart.it\/it\/santi-e-beati\/san-benedetto-norcia-patrono-deuropa\/#breadcrumb","itemListElement":[{"@type":"ListItem","position":1,"name":"Homepage","item":"https:\/\/blog.holyart.it\/it\/"},{"@type":"ListItem","position":2,"name":"Santi e beati","item":"https:\/\/blog.holyart.it\/it\/santi-e-beati\/"},{"@type":"ListItem","position":3,"name":"San Benedetto da Norcia: il Patrono d&#8217;Europa"}]},{"@type":"WebSite","@id":"https:\/\/blog.holyart.it\/it\/#website","url":"https:\/\/blog.holyart.it\/it\/","name":"Holyblog","description":"Il Blog di Holyart.it","publisher":{"@id":"https:\/\/blog.holyart.it\/it\/#organization"},"potentialAction":[{"@type":"SearchAction","target":{"@type":"EntryPoint","urlTemplate":"https:\/\/blog.holyart.it\/it\/?s={search_term_string}"},"query-input":{"@type":"PropertyValueSpecification","valueRequired":true,"valueName":"search_term_string"}}],"inLanguage":"it-IT"},{"@type":"Organization","@id":"https:\/\/blog.holyart.it\/it\/#organization","name":"Holyblog","url":"https:\/\/blog.holyart.it\/it\/","logo":{"@type":"ImageObject","inLanguage":"it-IT","@id":"https:\/\/blog.holyart.it\/it\/#\/schema\/logo\/image\/","url":"https:\/\/blog.holyart.it\/it\/wp-content\/uploads\/sites\/17\/2022\/12\/Holyart_Blog_Logo.jpg","contentUrl":"https:\/\/blog.holyart.it\/it\/wp-content\/uploads\/sites\/17\/2022\/12\/Holyart_Blog_Logo.jpg","width":300,"height":50,"caption":"Holyblog"},"image":{"@id":"https:\/\/blog.holyart.it\/it\/#\/schema\/logo\/image\/"}},{"@type":"Person","@id":"https:\/\/blog.holyart.it\/it\/#\/schema\/person\/0a7b686e5af0f856ec1e390dd0baecda","name":"Redazione"}]}},"_links":{"self":[{"href":"https:\/\/blog.holyart.it\/it\/wp-json\/wp\/v2\/posts\/534","targetHints":{"allow":["GET"]}}],"collection":[{"href":"https:\/\/blog.holyart.it\/it\/wp-json\/wp\/v2\/posts"}],"about":[{"href":"https:\/\/blog.holyart.it\/it\/wp-json\/wp\/v2\/types\/post"}],"author":[{"embeddable":true,"href":"https:\/\/blog.holyart.it\/it\/wp-json\/wp\/v2\/users\/1"}],"replies":[{"embeddable":true,"href":"https:\/\/blog.holyart.it\/it\/wp-json\/wp\/v2\/comments?post=534"}],"version-history":[{"count":0,"href":"https:\/\/blog.holyart.it\/it\/wp-json\/wp\/v2\/posts\/534\/revisions"}],"wp:featuredmedia":[{"embeddable":true,"href":"https:\/\/blog.holyart.it\/it\/wp-json\/wp\/v2\/media\/535"}],"wp:attachment":[{"href":"https:\/\/blog.holyart.it\/it\/wp-json\/wp\/v2\/media?parent=534"}],"wp:term":[{"taxonomy":"category","embeddable":true,"href":"https:\/\/blog.holyart.it\/it\/wp-json\/wp\/v2\/categories?post=534"},{"taxonomy":"post_tag","embeddable":true,"href":"https:\/\/blog.holyart.it\/it\/wp-json\/wp\/v2\/tags?post=534"}],"curies":[{"name":"wp","href":"https:\/\/api.w.org\/{rel}","templated":true}]}}