{"id":504,"date":"2016-12-22T12:08:36","date_gmt":"2016-12-22T11:08:36","guid":{"rendered":"https:\/\/blog.holyart.it\/it\/?p=504"},"modified":"2019-03-29T09:35:15","modified_gmt":"2019-03-29T08:35:15","slug":"decorazione-immancabile-casa-la-corona-dellavvento","status":"publish","type":"post","link":"https:\/\/blog.holyart.it\/it\/natale\/decorazione-immancabile-casa-la-corona-dellavvento\/","title":{"rendered":"Una decorazione immancabile in ogni casa: la corona dell&#8217;Avvento"},"content":{"rendered":"<p>La <span style=\"color: #0000ff;\"><strong><a style=\"color: #0000ff;\" title=\"addobbi per la casa\" href=\"https:\/\/www.holyart.it\/it\/natale\/decori-natalizi-per-la-casa\/corona-ghirlanda-con-larice-ghiacciato-di-diam.-45-cm\">Corona dell&#8217;Avvento<\/a><\/strong><\/span> \u00e8 nello stesso tempo un <span style=\"color: #0000ff;\"><strong><a style=\"color: #0000ff;\" href=\"http:\/\/www.holyart.it\/it\/natale\/decori-natalizi-per-la-casa\">addobbo natalizio che abbellisce la casa<\/a><\/strong><\/span> in occasione delle Feste e un oggetto di grande valore sacro per i credenti. Infatti <strong>la Corona dell\u2019Avvento accompagna i fedeli per quattro settimane fino al Natale<\/strong>. \u00c8 composta da molti elementi dal forte carattere simbolico: i rami verdi e le bacche richiamano alla stagione invernale, la corona \u00e8 simbolo di unit\u00e0, comunione e eternit\u00e0 e richiama il sole e la terra, mentre le quattro candele simboleggiano la luce di salvezza offerta a tutti gli uomini in occasione del Natale.<\/p>\n<p>Una candela viene accesa per ogni domenica dell\u2019Avvento, e tutte e quattro hanno un valore preciso.<\/p>\n<p>La prima candela \u00e8 quella &#8220;del Profeta&#8221;: ricorda le profezie sulla venuta del Messia.<\/p>\n<p>La seconda candela \u00e8 quella &#8220;di Betlemme&#8221;, in memoria del luogo in cui Ges\u00f9 ha visto la luce.<\/p>\n<p>La terza candela \u00e8 quella &#8220;dei pastori&#8221;, gli umili tra gli umili, i primi a vedere e adorare il Messia.<\/p>\n<p>La quarta candela \u00e8 quella &#8220;degli Angeli&#8221;, che annunciarono a tutto il mondo la nascita miracolosa di Nostro Signore.<\/p>\n<p><strong>Le quattro candele rappresentano anche la progressiva vittoria della Luce contro le Tenebre<\/strong>, che conosce la sua apoteosi nella nascita di Ges\u00f9. In quest\u2019ottica le candele simboleggiano <strong>Speranza<\/strong>, <strong>Pace<\/strong>, <strong>Gioia<\/strong> e <strong>Amore<\/strong>, il messaggio portato dal Bambino al mondo.<\/p>\n<p><strong>La Corona dell&#8217;Avvento<\/strong> nasce a met\u00e0 del XIX secolo da un\u2019idea del pastore protestante Johann Hinrich Wichern, che volle con questo addobbo rischiarare le notti dei fanciulli orfani e bisognosi di Berlino.\u00a0 In un primo tempo essa prese piede soprattutto negli oratori, negli orfanotrofi e nelle scuole, ma ben presto l\u2019usanza si diffuse e si afferm\u00f2 anche nelle case private. Ancora oggi regalare una Corona dell\u2019Avvento \u00e8 un <strong>gesto di affetto e devozione<\/strong>.<\/p>\n<p>Le Corone dell\u2019Avvento sono belle, decorate oltre che con rami verdi anche con bacche, nastri, addobbi natalizi d\u2019oro e d\u2019argento. Possono fungere da <strong>eleganti centritavola<\/strong> per le Feste oltre che da <span style=\"color: #0000ff;\"><strong><a style=\"color: #0000ff;\" title=\"Oggetti liturgici\" href=\"http:\/\/www.holyart.it\/it\/accessori-per-la-liturgia\">oggetti liturgici<\/a><\/strong><\/span>, e portano luce, calore e bellezza a tutta la casa.<\/p>\n","protected":false},"excerpt":{"rendered":"<p>La Corona dell&#8217;Avvento \u00e8 nello stesso tempo un addobbo natalizio che abbellisce la casa in occasione delle Feste e un oggetto di grande valore sacro per i credenti. Infatti la Corona dell\u2019Avvento accompagna i fedeli per quattro settimane fino al Natale. \u00c8 composta da molti&hellip;<\/p>\n","protected":false},"author":1,"featured_media":505,"comment_status":"closed","ping_status":"open","sticky":false,"template":"","format":"standard","meta":{"_acf_changed":false,"footnotes":""},"categories":[18],"tags":[],"class_list":["post-504","post","type-post","status-publish","format-standard","has-post-thumbnail","hentry","category-natale"],"acf":[],"yoast_head":"<!-- This site is optimized with the Yoast SEO plugin v26.6 - https:\/\/yoast.com\/wordpress\/plugins\/seo\/ -->\n<title>Una decorazione immancabile in casa: la corona dell&#039;Avvento<\/title>\n<meta name=\"description\" content=\"La Corona dell&#039;Avvento \u00e8 nello stesso tempo un addobbo natalizio che abbellisce la casa in occasione delle Feste e un oggetto di grande valore sacro.\" \/>\n<meta name=\"robots\" content=\"index, follow, max-snippet:-1, max-image-preview:large, max-video-preview:-1\" \/>\n<link rel=\"canonical\" href=\"https:\/\/blog.holyart.it\/it\/natale\/decorazione-immancabile-casa-la-corona-dellavvento\/\" \/>\n<meta property=\"og:locale\" content=\"it_IT\" \/>\n<meta property=\"og:type\" content=\"article\" \/>\n<meta property=\"og:title\" content=\"Una decorazione immancabile in casa: la corona dell&#039;Avvento\" \/>\n<meta property=\"og:description\" content=\"La Corona dell&#039;Avvento \u00e8 nello stesso tempo un addobbo natalizio che abbellisce la casa in occasione delle Feste e un oggetto di grande valore sacro.\" \/>\n<meta property=\"og:url\" content=\"https:\/\/blog.holyart.it\/it\/natale\/decorazione-immancabile-casa-la-corona-dellavvento\/\" \/>\n<meta property=\"og:site_name\" content=\"Holyblog\" \/>\n<meta property=\"article:published_time\" content=\"2016-12-22T11:08:36+00:00\" \/>\n<meta property=\"article:modified_time\" content=\"2019-03-29T08:35:15+00:00\" \/>\n<meta property=\"og:image\" content=\"https:\/\/blog.holyart.it\/it\/wp-content\/uploads\/sites\/17\/2017\/01\/La-corona-dellavvento.jpg\" \/>\n\t<meta property=\"og:image:width\" content=\"1000\" \/>\n\t<meta property=\"og:image:height\" content=\"667\" \/>\n\t<meta property=\"og:image:type\" content=\"image\/jpeg\" \/>\n<meta name=\"author\" content=\"Redazione\" \/>\n<meta name=\"twitter:card\" content=\"summary_large_image\" \/>\n<meta name=\"twitter:label1\" content=\"Scritto da\" \/>\n\t<meta name=\"twitter:data1\" content=\"Redazione\" \/>\n\t<meta name=\"twitter:label2\" content=\"Tempo di lettura stimato\" \/>\n\t<meta name=\"twitter:data2\" content=\"2 minuti\" \/>\n<script type=\"application\/ld+json\" class=\"yoast-schema-graph\">{\"@context\":\"https:\/\/schema.org\",\"@graph\":[{\"@type\":\"Article\",\"@id\":\"https:\/\/blog.holyart.it\/it\/natale\/decorazione-immancabile-casa-la-corona-dellavvento\/#article\",\"isPartOf\":{\"@id\":\"https:\/\/blog.holyart.it\/it\/natale\/decorazione-immancabile-casa-la-corona-dellavvento\/\"},\"author\":{\"name\":\"Redazione\",\"@id\":\"https:\/\/blog.holyart.it\/it\/#\/schema\/person\/0a7b686e5af0f856ec1e390dd0baecda\"},\"headline\":\"Una decorazione immancabile in ogni casa: la corona dell&#8217;Avvento\",\"datePublished\":\"2016-12-22T11:08:36+00:00\",\"dateModified\":\"2019-03-29T08:35:15+00:00\",\"mainEntityOfPage\":{\"@id\":\"https:\/\/blog.holyart.it\/it\/natale\/decorazione-immancabile-casa-la-corona-dellavvento\/\"},\"wordCount\":346,\"publisher\":{\"@id\":\"https:\/\/blog.holyart.it\/it\/#organization\"},\"image\":{\"@id\":\"https:\/\/blog.holyart.it\/it\/natale\/decorazione-immancabile-casa-la-corona-dellavvento\/#primaryimage\"},\"thumbnailUrl\":\"https:\/\/blog.holyart.it\/it\/wp-content\/uploads\/sites\/17\/2017\/01\/La-corona-dellavvento.jpg\",\"articleSection\":[\"Natale\"],\"inLanguage\":\"it-IT\"},{\"@type\":\"WebPage\",\"@id\":\"https:\/\/blog.holyart.it\/it\/natale\/decorazione-immancabile-casa-la-corona-dellavvento\/\",\"url\":\"https:\/\/blog.holyart.it\/it\/natale\/decorazione-immancabile-casa-la-corona-dellavvento\/\",\"name\":\"Una decorazione immancabile in casa: la corona dell'Avvento\",\"isPartOf\":{\"@id\":\"https:\/\/blog.holyart.it\/it\/#website\"},\"primaryImageOfPage\":{\"@id\":\"https:\/\/blog.holyart.it\/it\/natale\/decorazione-immancabile-casa-la-corona-dellavvento\/#primaryimage\"},\"image\":{\"@id\":\"https:\/\/blog.holyart.it\/it\/natale\/decorazione-immancabile-casa-la-corona-dellavvento\/#primaryimage\"},\"thumbnailUrl\":\"https:\/\/blog.holyart.it\/it\/wp-content\/uploads\/sites\/17\/2017\/01\/La-corona-dellavvento.jpg\",\"datePublished\":\"2016-12-22T11:08:36+00:00\",\"dateModified\":\"2019-03-29T08:35:15+00:00\",\"description\":\"La Corona dell'Avvento \u00e8 nello stesso tempo un addobbo natalizio che abbellisce la casa in occasione delle Feste e un oggetto di grande valore sacro.\",\"breadcrumb\":{\"@id\":\"https:\/\/blog.holyart.it\/it\/natale\/decorazione-immancabile-casa-la-corona-dellavvento\/#breadcrumb\"},\"inLanguage\":\"it-IT\",\"potentialAction\":[{\"@type\":\"ReadAction\",\"target\":[\"https:\/\/blog.holyart.it\/it\/natale\/decorazione-immancabile-casa-la-corona-dellavvento\/\"]}]},{\"@type\":\"ImageObject\",\"inLanguage\":\"it-IT\",\"@id\":\"https:\/\/blog.holyart.it\/it\/natale\/decorazione-immancabile-casa-la-corona-dellavvento\/#primaryimage\",\"url\":\"https:\/\/blog.holyart.it\/it\/wp-content\/uploads\/sites\/17\/2017\/01\/La-corona-dellavvento.jpg\",\"contentUrl\":\"https:\/\/blog.holyart.it\/it\/wp-content\/uploads\/sites\/17\/2017\/01\/La-corona-dellavvento.jpg\",\"width\":1000,\"height\":667,\"caption\":\"La corona dell'avvento\"},{\"@type\":\"BreadcrumbList\",\"@id\":\"https:\/\/blog.holyart.it\/it\/natale\/decorazione-immancabile-casa-la-corona-dellavvento\/#breadcrumb\",\"itemListElement\":[{\"@type\":\"ListItem\",\"position\":1,\"name\":\"Homepage\",\"item\":\"https:\/\/blog.holyart.it\/it\/\"},{\"@type\":\"ListItem\",\"position\":2,\"name\":\"Natale\",\"item\":\"https:\/\/blog.holyart.it\/it\/natale\/\"},{\"@type\":\"ListItem\",\"position\":3,\"name\":\"Una decorazione immancabile in ogni casa: la corona dell&#8217;Avvento\"}]},{\"@type\":\"WebSite\",\"@id\":\"https:\/\/blog.holyart.it\/it\/#website\",\"url\":\"https:\/\/blog.holyart.it\/it\/\",\"name\":\"Holyblog\",\"description\":\"Il Blog di Holyart.it\",\"publisher\":{\"@id\":\"https:\/\/blog.holyart.it\/it\/#organization\"},\"potentialAction\":[{\"@type\":\"SearchAction\",\"target\":{\"@type\":\"EntryPoint\",\"urlTemplate\":\"https:\/\/blog.holyart.it\/it\/?s={search_term_string}\"},\"query-input\":{\"@type\":\"PropertyValueSpecification\",\"valueRequired\":true,\"valueName\":\"search_term_string\"}}],\"inLanguage\":\"it-IT\"},{\"@type\":\"Organization\",\"@id\":\"https:\/\/blog.holyart.it\/it\/#organization\",\"name\":\"Holyblog\",\"url\":\"https:\/\/blog.holyart.it\/it\/\",\"logo\":{\"@type\":\"ImageObject\",\"inLanguage\":\"it-IT\",\"@id\":\"https:\/\/blog.holyart.it\/it\/#\/schema\/logo\/image\/\",\"url\":\"https:\/\/blog.holyart.it\/it\/wp-content\/uploads\/sites\/17\/2022\/12\/Holyart_Blog_Logo.jpg\",\"contentUrl\":\"https:\/\/blog.holyart.it\/it\/wp-content\/uploads\/sites\/17\/2022\/12\/Holyart_Blog_Logo.jpg\",\"width\":300,\"height\":50,\"caption\":\"Holyblog\"},\"image\":{\"@id\":\"https:\/\/blog.holyart.it\/it\/#\/schema\/logo\/image\/\"}},{\"@type\":\"Person\",\"@id\":\"https:\/\/blog.holyart.it\/it\/#\/schema\/person\/0a7b686e5af0f856ec1e390dd0baecda\",\"name\":\"Redazione\"}]}<\/script>\n<!-- \/ Yoast SEO plugin. -->","yoast_head_json":{"title":"Una decorazione immancabile in casa: la corona dell'Avvento","description":"La Corona dell'Avvento \u00e8 nello stesso tempo un addobbo natalizio che abbellisce la casa in occasione delle Feste e un oggetto di grande valore sacro.","robots":{"index":"index","follow":"follow","max-snippet":"max-snippet:-1","max-image-preview":"max-image-preview:large","max-video-preview":"max-video-preview:-1"},"canonical":"https:\/\/blog.holyart.it\/it\/natale\/decorazione-immancabile-casa-la-corona-dellavvento\/","og_locale":"it_IT","og_type":"article","og_title":"Una decorazione immancabile in casa: la corona dell'Avvento","og_description":"La Corona dell'Avvento \u00e8 nello stesso tempo un addobbo natalizio che abbellisce la casa in occasione delle Feste e un oggetto di grande valore sacro.","og_url":"https:\/\/blog.holyart.it\/it\/natale\/decorazione-immancabile-casa-la-corona-dellavvento\/","og_site_name":"Holyblog","article_published_time":"2016-12-22T11:08:36+00:00","article_modified_time":"2019-03-29T08:35:15+00:00","og_image":[{"width":1000,"height":667,"url":"https:\/\/blog.holyart.it\/it\/wp-content\/uploads\/sites\/17\/2017\/01\/La-corona-dellavvento.jpg","type":"image\/jpeg"}],"author":"Redazione","twitter_card":"summary_large_image","twitter_misc":{"Scritto da":"Redazione","Tempo di lettura stimato":"2 minuti"},"schema":{"@context":"https:\/\/schema.org","@graph":[{"@type":"Article","@id":"https:\/\/blog.holyart.it\/it\/natale\/decorazione-immancabile-casa-la-corona-dellavvento\/#article","isPartOf":{"@id":"https:\/\/blog.holyart.it\/it\/natale\/decorazione-immancabile-casa-la-corona-dellavvento\/"},"author":{"name":"Redazione","@id":"https:\/\/blog.holyart.it\/it\/#\/schema\/person\/0a7b686e5af0f856ec1e390dd0baecda"},"headline":"Una decorazione immancabile in ogni casa: la corona dell&#8217;Avvento","datePublished":"2016-12-22T11:08:36+00:00","dateModified":"2019-03-29T08:35:15+00:00","mainEntityOfPage":{"@id":"https:\/\/blog.holyart.it\/it\/natale\/decorazione-immancabile-casa-la-corona-dellavvento\/"},"wordCount":346,"publisher":{"@id":"https:\/\/blog.holyart.it\/it\/#organization"},"image":{"@id":"https:\/\/blog.holyart.it\/it\/natale\/decorazione-immancabile-casa-la-corona-dellavvento\/#primaryimage"},"thumbnailUrl":"https:\/\/blog.holyart.it\/it\/wp-content\/uploads\/sites\/17\/2017\/01\/La-corona-dellavvento.jpg","articleSection":["Natale"],"inLanguage":"it-IT"},{"@type":"WebPage","@id":"https:\/\/blog.holyart.it\/it\/natale\/decorazione-immancabile-casa-la-corona-dellavvento\/","url":"https:\/\/blog.holyart.it\/it\/natale\/decorazione-immancabile-casa-la-corona-dellavvento\/","name":"Una decorazione immancabile in casa: la corona dell'Avvento","isPartOf":{"@id":"https:\/\/blog.holyart.it\/it\/#website"},"primaryImageOfPage":{"@id":"https:\/\/blog.holyart.it\/it\/natale\/decorazione-immancabile-casa-la-corona-dellavvento\/#primaryimage"},"image":{"@id":"https:\/\/blog.holyart.it\/it\/natale\/decorazione-immancabile-casa-la-corona-dellavvento\/#primaryimage"},"thumbnailUrl":"https:\/\/blog.holyart.it\/it\/wp-content\/uploads\/sites\/17\/2017\/01\/La-corona-dellavvento.jpg","datePublished":"2016-12-22T11:08:36+00:00","dateModified":"2019-03-29T08:35:15+00:00","description":"La Corona dell'Avvento \u00e8 nello stesso tempo un addobbo natalizio che abbellisce la casa in occasione delle Feste e un oggetto di grande valore sacro.","breadcrumb":{"@id":"https:\/\/blog.holyart.it\/it\/natale\/decorazione-immancabile-casa-la-corona-dellavvento\/#breadcrumb"},"inLanguage":"it-IT","potentialAction":[{"@type":"ReadAction","target":["https:\/\/blog.holyart.it\/it\/natale\/decorazione-immancabile-casa-la-corona-dellavvento\/"]}]},{"@type":"ImageObject","inLanguage":"it-IT","@id":"https:\/\/blog.holyart.it\/it\/natale\/decorazione-immancabile-casa-la-corona-dellavvento\/#primaryimage","url":"https:\/\/blog.holyart.it\/it\/wp-content\/uploads\/sites\/17\/2017\/01\/La-corona-dellavvento.jpg","contentUrl":"https:\/\/blog.holyart.it\/it\/wp-content\/uploads\/sites\/17\/2017\/01\/La-corona-dellavvento.jpg","width":1000,"height":667,"caption":"La corona dell'avvento"},{"@type":"BreadcrumbList","@id":"https:\/\/blog.holyart.it\/it\/natale\/decorazione-immancabile-casa-la-corona-dellavvento\/#breadcrumb","itemListElement":[{"@type":"ListItem","position":1,"name":"Homepage","item":"https:\/\/blog.holyart.it\/it\/"},{"@type":"ListItem","position":2,"name":"Natale","item":"https:\/\/blog.holyart.it\/it\/natale\/"},{"@type":"ListItem","position":3,"name":"Una decorazione immancabile in ogni casa: la corona dell&#8217;Avvento"}]},{"@type":"WebSite","@id":"https:\/\/blog.holyart.it\/it\/#website","url":"https:\/\/blog.holyart.it\/it\/","name":"Holyblog","description":"Il Blog di Holyart.it","publisher":{"@id":"https:\/\/blog.holyart.it\/it\/#organization"},"potentialAction":[{"@type":"SearchAction","target":{"@type":"EntryPoint","urlTemplate":"https:\/\/blog.holyart.it\/it\/?s={search_term_string}"},"query-input":{"@type":"PropertyValueSpecification","valueRequired":true,"valueName":"search_term_string"}}],"inLanguage":"it-IT"},{"@type":"Organization","@id":"https:\/\/blog.holyart.it\/it\/#organization","name":"Holyblog","url":"https:\/\/blog.holyart.it\/it\/","logo":{"@type":"ImageObject","inLanguage":"it-IT","@id":"https:\/\/blog.holyart.it\/it\/#\/schema\/logo\/image\/","url":"https:\/\/blog.holyart.it\/it\/wp-content\/uploads\/sites\/17\/2022\/12\/Holyart_Blog_Logo.jpg","contentUrl":"https:\/\/blog.holyart.it\/it\/wp-content\/uploads\/sites\/17\/2022\/12\/Holyart_Blog_Logo.jpg","width":300,"height":50,"caption":"Holyblog"},"image":{"@id":"https:\/\/blog.holyart.it\/it\/#\/schema\/logo\/image\/"}},{"@type":"Person","@id":"https:\/\/blog.holyart.it\/it\/#\/schema\/person\/0a7b686e5af0f856ec1e390dd0baecda","name":"Redazione"}]}},"_links":{"self":[{"href":"https:\/\/blog.holyart.it\/it\/wp-json\/wp\/v2\/posts\/504","targetHints":{"allow":["GET"]}}],"collection":[{"href":"https:\/\/blog.holyart.it\/it\/wp-json\/wp\/v2\/posts"}],"about":[{"href":"https:\/\/blog.holyart.it\/it\/wp-json\/wp\/v2\/types\/post"}],"author":[{"embeddable":true,"href":"https:\/\/blog.holyart.it\/it\/wp-json\/wp\/v2\/users\/1"}],"replies":[{"embeddable":true,"href":"https:\/\/blog.holyart.it\/it\/wp-json\/wp\/v2\/comments?post=504"}],"version-history":[{"count":0,"href":"https:\/\/blog.holyart.it\/it\/wp-json\/wp\/v2\/posts\/504\/revisions"}],"wp:featuredmedia":[{"embeddable":true,"href":"https:\/\/blog.holyart.it\/it\/wp-json\/wp\/v2\/media\/505"}],"wp:attachment":[{"href":"https:\/\/blog.holyart.it\/it\/wp-json\/wp\/v2\/media?parent=504"}],"wp:term":[{"taxonomy":"category","embeddable":true,"href":"https:\/\/blog.holyart.it\/it\/wp-json\/wp\/v2\/categories?post=504"},{"taxonomy":"post_tag","embeddable":true,"href":"https:\/\/blog.holyart.it\/it\/wp-json\/wp\/v2\/tags?post=504"}],"curies":[{"name":"wp","href":"https:\/\/api.w.org\/{rel}","templated":true}]}}