{"id":4808,"date":"2019-01-08T17:06:14","date_gmt":"2019-01-08T16:06:14","guid":{"rendered":"https:\/\/blog.holyart.it\/it\/?p=4808"},"modified":"2025-11-07T12:21:05","modified_gmt":"2025-11-07T11:21:05","slug":"la-nativita-storia-della-nascita-gesu","status":"publish","type":"post","link":"https:\/\/blog.holyart.it\/it\/natale\/la-nativita-storia-della-nascita-gesu\/","title":{"rendered":"La nativit\u00e0: storia della nascita di Ges\u00f9"},"content":{"rendered":"<h4 style=\"text-align: center;\"><em>La nascita di Ges\u00f9 \u00e8 un evento cardine per i cristiani, uno dei misteri pi\u00f9 solenni per l&#8217;umanit\u00e0. Ogni anno, a Natale, si festeggia questa ricorrenza. <strong>Ma che cosa sappiamo davvero della Nativit\u00e0?<\/strong><\/em><\/h4>\n\n<p>La nascita di Ges\u00f9 viene situata secondo la tradizione nell&#8217;inverno dell&#8217;anno 1 a.C. (in realt\u00e0 essa ebbe luogo probabilmente intorno al 7 o 6 a.C.) in una piccola cittadina a sud di Gerusalemme, Betlemme, dove\u00a0nacque anche David, secondo re di Giuda e Israele. Maria, Madre di Ges\u00f9, e Giuseppe, suo padre putativo, erano in viaggio da Nazaret a Betlemme, per un censimento, quando Maria fu colta dalle doglie. Poich\u00e9 erano giunti in citt\u00e0 la sera tardi e non erano riusciti a trovare posto in un albergo, i due erano stati costretti a cercare rifugio dal freddo in una stalla, o, secondo altre versioni della storia, in una grotta, dove un placido bue e l&#8217;asino su cui viaggiavano avevano scaldato il piccolo appena nato con il loro respiro. Cos\u00ec viene rappresentata da duemila anni <a href=\"https:\/\/www.holyart.it\/it\/natale\/nativita\"><strong>la nativit\u00e0<\/strong><\/a>: una grotta, un uomo, una donna, un piccolo bambino deposto in una mangiatoia, con solo un bue e un asino a scaldarlo nella sua prima, gelida notte nel mondo.<\/p>\n<div class=\"link-product\">\n<div class=\"blocco-immagine\"><img loading=\"lazy\" decoding=\"async\" class=\"size-full wp-image-16226 alignleft\" src=\"https:\/\/blog.holyart.it\/it\/wp-content\/uploads\/sites\/17\/2019\/01\/nativita-sdraiata-20-cm-composizione-in-resina-dipinta.jpg\" alt=\"nativita sdraiata 20 cm composizione in resina dipinta\" width=\"100\" height=\"100\" data-kale-share-title=\"La nativit\u00e0: storia della nascita di Ges\u00f9\" data-kale-share-url=\"https:\/\/blog.holyart.it\/it\/natale\/la-nativita-storia-della-nascita-gesu\/\" \/><\/div>\n<div class=\"blocco-contenuto\">\n<div class=\"blocco-acquista\">Acquista su Holyart:<\/div>\n<div class=\"blocco-titolo\"><a href=\"https:\/\/www.holyart.it\/it\/natale\/nativita\">Nativit\u00e0 presepe<\/a><\/div>\n<div class=\"blocco-descrizione\">Nativit\u00e0\u00a0in\u00a0legno, pietra, cotone, porcellana: in questa sessione puoi trovare tantissime tipologie di Nativit\u00e0.<\/div>\n<\/div>\n<\/div>\n<p>Non \u00e8 questa la sede per esaminare la profondit\u00e0 di questa immagine, il significato teologico di ogni singolo elemento di questo quadro, raffigurato innumerevoli volte da artisti pi\u00f9 o meno rinomati, riproposto ogni anno, in ogni casa, dal Presepe, entrato nella tradizione di ogni famiglia cristiana.\u00a0Quello che vogliamo indagare qui \u00e8 come viene raccontata la storia della nativit\u00e0 nei Vangeli, e come essa sia giunta fino a noi, nella versione che tutti conosciamo.<\/p>\n<p>Vogliamo anche fare una breve carrellata sulle <strong>rappresentazioni della nativit\u00e0 nella storia dell&#8217;arte<\/strong>, su come essa si sia evoluta, pur mantenendo tutta la forza della tradizione. Infine, vogliamo proporvi alcuni esempi di raffigurazioni della nativit\u00e0 disponibili nel nostro store on line, per celebrare il vostro Natale con un Presepe che sappia portare nella vostra casa tutto lo spirito della festa, o solo per ricordare, ogni giorno dell&#8217;anno, il miracolo della nascita di Nostro Signore.<\/p>\n<figure id=\"attachment_4811\" aria-describedby=\"caption-attachment-4811\" style=\"width: 800px\" class=\"wp-caption aligncenter\"><img loading=\"lazy\" decoding=\"async\" class=\"size-full wp-image-4811\" src=\"https:\/\/blog.holyart.it\/it\/wp-content\/uploads\/sites\/17\/2019\/01\/La-Nativit\u00e0-affrescata-da-Giotto-nel-transetto-destro-della-Basilica-inferiore-di-San-Francesco-dAssisi.jpg\" alt=\"La Nativit\u00e0 affrescata da Giotto nel transetto destro della Basilica inferiore di San Francesco d'Assisi\" width=\"800\" height=\"532\" \/><figcaption id=\"caption-attachment-4811\" class=\"wp-caption-text\"><center>La Nativit\u00e0 affrescata da Giotto nel transetto destro della Basilica inferiore di San Francesco d&#8217;Assisi<\/center><\/figcaption><\/figure>\n<h2>La nativit\u00e0 nel Vangelo secondo Matteo<\/h2>\n<p>Dei quattro vangeli cosiddetti\u00a0canonici, ovvero quelli entrati a far parte del canone della Bibbia come libri considerati &#8220;ispirati&#8221; da Dio e accettati dalle Chiese cristiane, solo due parlano della nascita e dell&#8217;infanzia di Ges\u00f9: il\u00a0<strong>Vangelo secondo Matteo<\/strong>\u00a0e il\u00a0<strong>Vangelo secondo Luca<\/strong>. Gli altri due vangeli, quello di Marco e quello di Giovanni, cominciano a raccontare la vita di Ges\u00f9 quando Egli \u00e8 gi\u00e0 uomo e ha iniziato il suo ministero pubblico.<\/p>\n<p>In particolare il Vangelo secondo\u00a0<strong>Matteo<\/strong>\u00a0comincia elencando la genealogia di Ges\u00f9. Passa poi a prendere in esame il concepimento di Maria Vergine per opera dello Spirito Santo, e quindi parla dell&#8217;apparizione di un angelo a Giuseppe, che, credendo di essere stato tradito dalla giovane sposa, intendeva ripudiarla. Viene dissuaso a farlo dal messaggero celeste, che lo informa anche dell&#8217;origine divina del piccolo.<\/p>\n<p>Quando Maria partorisce il bambino, Giuseppe se ne prende cura e gli d\u00e0 nome Ges\u00f9. Matteo descrive anche il viaggio dei Magi, giunti per adorare il piccolo, guidati da una stella splendente. Lo stesso angelo apparso a Giuseppe avvertir\u00e0 i Magi di guardarsi da Re Erode che, temendo di veder usurpato il proprio trono da questo re dei giudei annunciato da una stella,\u00a0fa uccidere tutti i bambini di Betlemme sotto i due anni.<\/p>\n<p>Giuseppe porta in salvo la famiglia in Egitto, per proteggerli dall&#8217;ira di Erode. Successivamente un altro angelo gli dir\u00e0 di andare a Nazaret, in Galilea, dove poi Ges\u00f9 crescer\u00e0 e inizier\u00e0 la sua missione.<\/p>\n<h2>La nativit\u00e0 nel Vangelo secondo Luca<\/h2>\n<p><strong>Luca<\/strong>\u00a0invece colloca la genealogia di Ges\u00f9 pi\u00f9 avanti, quando inizia il suo ministero pubblico. Comincia il suo Vangelo raccontando l&#8217;episodio dell&#8217;<a href=\"https:\/\/www.holyart.it\/blog\/articoli-religiosi\/annunciazione-del-signore-perche-si-festeggia-il-25-marzo\/\"><strong>Annunciazione del Signore<\/strong><\/a>: l&#8217;angelo Gabriele appare a Maria e le comunica che per opera dello Spirito Santo lei concepir\u00e0 un figlio, che verr\u00e0 chiamato Ges\u00f9. Per vincere l&#8217;incredulit\u00e0 della fanciulla, l&#8217;angelo le mostra come anche la sua parente Elisabetta, gi\u00e0 vecchia e sterile, per volont\u00e0 di Dio \u00e8 incinta e partorir\u00e0 Giovanni Battista.<\/p>\n<p>Il Vangelo di Luca \u00e8 molto importante perch\u00e9 ci mostra <strong>la scelta consapevole di Maria di diventare la madre del Salvatore<\/strong>. Dio non la obbliga, ma lei accetta, dichiarandosi serva del Signore. Poi si reca in visita da Elisabetta (Visitazione) a Gerusalemme.<\/p>\n<figure id=\"attachment_4813\" aria-describedby=\"caption-attachment-4813\" style=\"width: 585px\" class=\"wp-caption aligncenter\"><img loading=\"lazy\" decoding=\"async\" class=\"size-full wp-image-4813\" src=\"https:\/\/blog.holyart.it\/it\/wp-content\/uploads\/sites\/17\/2019\/01\/Nativit\u00e0-Piero-della-Francesca.jpg\" alt=\"Nativit\u00e0 Piero della Francesca\" width=\"585\" height=\"396\" \/><figcaption id=\"caption-attachment-4813\" class=\"wp-caption-text\"><center>La Nativit\u00e0 di Piero della Francesca<\/center><\/figcaption><\/figure>\n<p>Luca racconta la<strong>\u00a0<\/strong>nascita di Giovanni Battista e poi del viaggio da Nazaret a Betlemme, dove Giuseppe, discendente di re Davide, si reca con la moglie incinta per adempiere al censimento indetto da Cesare Augusto. Giunta a Betlemme Maria viene colta dalle doglie e d\u00e0 alla luce il piccolo Ges\u00f9.<\/p>\n<p>A differenza del Vangelo di Matteo, quello di Luca si sofferma anche sull&#8217;adorazione dei pastori, che, avvertiti da un angelo, vanno\u00a0a vedere il bambino appena nato, deposto in una mangiatoia, e gli portano doni. Otto giorni dopo la nascita di Ges\u00f9 egli viene condotto al tempio per essere circonciso, e qui <strong>viene\u00a0riconosciuto come messia da Simeone e dalla profetessa Anna<\/strong>. Successivamente la Sacra Famiglia fa ritorno a Nazaret.<\/p>\n<p>Anche nei cosiddetti Vangeli apocrifi si parla della nascita di Ges\u00f9, ma il valore storico di questi testi e\u00a0la loro impronta fiabesca non li rende attendibili.<\/p>\n<h2>La nativit\u00e0 nella storia dell&#8217;arte<\/h2>\n<p>La Nativit\u00e0 di Ges\u00f9 \u00e8 stata da sempre oggetto di interesse e ispirazione per gli artisti. Infatti si tratta di un episodio cos\u00ec ricco di significati e simboli da rappresentare un&#8217;autentica sfida per pittori e scultori di ogni epoca.<\/p>\n<p>Per questo la storia dell\u2019arte occidentale offre innumerevoli esempi di capolavori immortali che rappresentano la nascita di Ges\u00f9. Pensiamo alla\u00a0<strong>Nativit\u00e0 di Giotto<\/strong>, fulgido esempio di arte medievale,\u00a0nella\u00a0Cappella degli Scrovegni\u00a0di\u00a0Padova, con il paesaggio scarno e\u00a0roccioso, l&#8217;armonia data dai colori del cielo e del mantello della Madonna.<\/p>\n<p>O la\u00a0<strong>Nativit\u00e0 di Piero della Francesca<\/strong>, dall&#8217;influenza fiamminga, dove il colore della veste di Maria emerge in modo brillante sui colori spenti del paesaggio e degli altri personaggi.<\/p>\n<figure id=\"attachment_4814\" aria-describedby=\"caption-attachment-4814\" style=\"width: 800px\" class=\"wp-caption aligncenter\"><img loading=\"lazy\" decoding=\"async\" class=\"size-full wp-image-4814\" src=\"https:\/\/blog.holyart.it\/it\/wp-content\/uploads\/sites\/17\/2019\/01\/Sandro-Botticelli-Nativit\u00e0-mistica-di-Ges\u00f9-1501.-National-Gallery-Londra.jpg\" alt=\"Sandro Botticelli, Nativit\u00e0 mistica di Ges\u00f9, 1501. National Gallery, Londra\" width=\"800\" height=\"401\" \/><figcaption id=\"caption-attachment-4814\" class=\"wp-caption-text\"><center>Sandro Botticelli, Nativit\u00e0 mistica di Ges\u00f9, 1501. National Gallery, Londra<\/center><\/figcaption><\/figure>\n<p>Di grande pregio anche la\u00a0<strong>Nativit\u00e0 mistica di Sandro Botticelli<\/strong>, datata 1501, forse l&#8217;ultimo capolavoro dell&#8217;artista. Rispetto alle opere precedenti dell&#8217;artista questo quadro mostra una prospettiva sconvolta, figure rigide, innaturali e sproporzionate, colori violenti e linee nervose. Il quadro rispecchia la profonda crisi religiosa e personale dell&#8217;artista, ma anche del suo tempo e della sua citt\u00e0, Firenze, ed \u00e8 percorsa da una forte valenza simbolica e visionaria.<\/p>\n<p>Anche\u00a0<strong>Michelangelo Merisi da Caravaggio<\/strong>\u00a0rappresent\u00f2 a suo modo la Nativit\u00e0, offrendo alcune interpretazioni mirabili e assai discusse dai suoi contemporanei. Pochi artisti come lui hanno saputo rendere in modo realistico e profondo l&#8217;amore materno di Maria, donna umile, stremata dal parto e abbandonata a terra, circondata da poveri pastori, in un contesto quasi di degrado, e tuttavia capace di esprimere un amore e un calore impossibili da replicare.<\/p>\n<h2>Le nativit\u00e0 del catalogo Holyart<\/h2>\n<p>Oltre alla vasta gamma di <a href=\"https:\/\/www.holyart.it\/it\/natale\/presepi\"><strong>Presepi di ogni foggia e materiale<\/strong><\/a>, adatti a tutte le case e le situazioni, Holyart offre moltissime raffigurazioni della nativit\u00e0 di Ges\u00f9. Si tratta di rappresentazioni realizzate in legno, pietra, cotone, porcellana, che raffigurano solo la Sacra Famiglia: Ges\u00f9, Giuseppe e Maria.<\/p>\n<p>Questo per distinguere la Nativit\u00e0 dal Presepe, che invece, di solito, mostra molti altri personaggi della tradizione. Nel nostro store on line troverete <strong>nativit\u00e0 di ogni dimensione e materiale<\/strong>, che potranno essere un complemento d&#8217;arredo ideale per la vostra casa, non solo a Natale, ma per tutto l&#8217;anno.<\/p>\n<div class=\"link-product\">\n<div class=\"blocco-immagine\"><img loading=\"lazy\" decoding=\"async\" class=\"size-full wp-image-16227 alignleft\" src=\"https:\/\/blog.holyart.it\/it\/wp-content\/uploads\/sites\/17\/2019\/01\/borgo-con-grotta-illuminato-presepe-napoli-37x28x34-cm.jpg\" alt=\"borgo con grotta illuminato presepe napoli 37x28x34 cm\" width=\"100\" height=\"100\" data-kale-share-title=\"La nativit\u00e0: storia della nascita di Ges\u00f9\" data-kale-share-url=\"https:\/\/blog.holyart.it\/it\/natale\/la-nativita-storia-della-nascita-gesu\/\" \/><\/div>\n<div class=\"blocco-contenuto\">\n<div class=\"blocco-acquista\">Acquista su Holyart:<\/div>\n<div class=\"blocco-titolo\"><a href=\"https:\/\/www.holyart.it\/it\/natale\/presepi\">Presepi<\/a><\/div>\n<div class=\"blocco-descrizione\">In questo reparto puoi trovare vasti modelli diversi di presepe.<\/div>\n<\/div>\n<\/div>\n<p>Inoltre ci sono moltissime nativit\u00e0 che possono essere inserite in un Presepe pi\u00f9 grande, da quelle pi\u00f9 classiche, come quelle <a href=\"https:\/\/www.holyart.it\/it\/natale\/presepi\/presepe-fontanini\"><strong>Fontanini<\/strong><\/a>, <a href=\"https:\/\/www.holyart.it\/it\/natale\/presepi\/presepe-landi\"><strong>Landi<\/strong><\/a> o <a href=\"https:\/\/www.holyart.it\/it\/natale\/presepi\/presepe-moranduzzo\"><strong>Moranduzzo<\/strong><\/a>, a quelle pi\u00f9 particolari e moderne, come quelle realizzate dagli <a href=\"https:\/\/www.holyart.it\/it\/natale\/presepi\/presepe-val-gardena\"><strong>artigiani della Valgardena<\/strong><\/a> o\u00a0fatte e dipinte a mano dalle <strong>suore di San Bruno del Monastero di Bethleem<\/strong>.<\/p>\n","protected":false},"excerpt":{"rendered":"<p>La nascita di Ges\u00f9 \u00e8 un evento cardine per i cristiani, uno dei misteri pi\u00f9 solenni per l&#8217;umanit\u00e0. Ogni anno, a Natale, si festeggia questa ricorrenza. Ma che cosa sappiamo davvero della Nativit\u00e0? La nascita di Ges\u00f9 viene situata secondo la tradizione nell&#8217;inverno dell&#8217;anno 1&hellip;<\/p>\n","protected":false},"author":1,"featured_media":4809,"comment_status":"closed","ping_status":"open","sticky":false,"template":"","format":"standard","meta":{"_acf_changed":false,"footnotes":""},"categories":[18],"tags":[],"class_list":["post-4808","post","type-post","status-publish","format-standard","has-post-thumbnail","hentry","category-natale"],"acf":[],"yoast_head":"<!-- This site is optimized with the Yoast SEO plugin v26.6 - https:\/\/yoast.com\/wordpress\/plugins\/seo\/ -->\n<title>La nativit\u00e0: storia della nascita di Ges\u00f9 - Holyblog<\/title>\n<meta name=\"description\" content=\"La nativit\u00e0 di Ges\u00f9 nella tradizione e nella storia dell&#039;arte. Ecco come viene raccontato uno dei momenti pi\u00f9 alti della storia della religione.\" \/>\n<meta name=\"robots\" content=\"index, follow, max-snippet:-1, max-image-preview:large, max-video-preview:-1\" \/>\n<link rel=\"canonical\" href=\"https:\/\/blog.holyart.it\/it\/natale\/la-nativita-storia-della-nascita-gesu\/\" \/>\n<meta property=\"og:locale\" content=\"it_IT\" \/>\n<meta property=\"og:type\" content=\"article\" \/>\n<meta property=\"og:title\" content=\"La nativit\u00e0: storia della nascita di Ges\u00f9 - Holyblog\" \/>\n<meta property=\"og:description\" content=\"La nativit\u00e0 di Ges\u00f9 nella tradizione e nella storia dell&#039;arte. Ecco come viene raccontato uno dei momenti pi\u00f9 alti della storia della religione.\" \/>\n<meta property=\"og:url\" content=\"https:\/\/blog.holyart.it\/it\/natale\/la-nativita-storia-della-nascita-gesu\/\" \/>\n<meta property=\"og:site_name\" content=\"Holyblog\" \/>\n<meta property=\"article:published_time\" content=\"2019-01-08T16:06:14+00:00\" \/>\n<meta property=\"article:modified_time\" content=\"2025-11-07T11:21:05+00:00\" \/>\n<meta property=\"og:image\" content=\"https:\/\/blog.holyart.it\/it\/wp-content\/uploads\/sites\/17\/2019\/01\/La-nativit\u00e0-di-Ges\u00f9.jpg\" \/>\n\t<meta property=\"og:image:width\" content=\"1000\" \/>\n\t<meta property=\"og:image:height\" content=\"666\" \/>\n\t<meta property=\"og:image:type\" content=\"image\/jpeg\" \/>\n<meta name=\"author\" content=\"Redazione\" \/>\n<meta name=\"twitter:card\" content=\"summary_large_image\" \/>\n<meta name=\"twitter:label1\" content=\"Scritto da\" \/>\n\t<meta name=\"twitter:data1\" content=\"Redazione\" \/>\n\t<meta name=\"twitter:label2\" content=\"Tempo di lettura stimato\" \/>\n\t<meta name=\"twitter:data2\" content=\"9 minuti\" \/>\n<script type=\"application\/ld+json\" class=\"yoast-schema-graph\">{\"@context\":\"https:\/\/schema.org\",\"@graph\":[{\"@type\":\"Article\",\"@id\":\"https:\/\/blog.holyart.it\/it\/natale\/la-nativita-storia-della-nascita-gesu\/#article\",\"isPartOf\":{\"@id\":\"https:\/\/blog.holyart.it\/it\/natale\/la-nativita-storia-della-nascita-gesu\/\"},\"author\":{\"name\":\"Redazione\",\"@id\":\"https:\/\/blog.holyart.it\/it\/#\/schema\/person\/0a7b686e5af0f856ec1e390dd0baecda\"},\"headline\":\"La nativit\u00e0: storia della nascita di Ges\u00f9\",\"datePublished\":\"2019-01-08T16:06:14+00:00\",\"dateModified\":\"2025-11-07T11:21:05+00:00\",\"mainEntityOfPage\":{\"@id\":\"https:\/\/blog.holyart.it\/it\/natale\/la-nativita-storia-della-nascita-gesu\/\"},\"wordCount\":1363,\"publisher\":{\"@id\":\"https:\/\/blog.holyart.it\/it\/#organization\"},\"image\":{\"@id\":\"https:\/\/blog.holyart.it\/it\/natale\/la-nativita-storia-della-nascita-gesu\/#primaryimage\"},\"thumbnailUrl\":\"https:\/\/blog.holyart.it\/it\/wp-content\/uploads\/sites\/17\/2019\/01\/La-nativit\u00e0-di-Ges\u00f9.jpg\",\"articleSection\":[\"Natale\"],\"inLanguage\":\"it-IT\"},{\"@type\":\"WebPage\",\"@id\":\"https:\/\/blog.holyart.it\/it\/natale\/la-nativita-storia-della-nascita-gesu\/\",\"url\":\"https:\/\/blog.holyart.it\/it\/natale\/la-nativita-storia-della-nascita-gesu\/\",\"name\":\"La nativit\u00e0: storia della nascita di Ges\u00f9 - Holyblog\",\"isPartOf\":{\"@id\":\"https:\/\/blog.holyart.it\/it\/#website\"},\"primaryImageOfPage\":{\"@id\":\"https:\/\/blog.holyart.it\/it\/natale\/la-nativita-storia-della-nascita-gesu\/#primaryimage\"},\"image\":{\"@id\":\"https:\/\/blog.holyart.it\/it\/natale\/la-nativita-storia-della-nascita-gesu\/#primaryimage\"},\"thumbnailUrl\":\"https:\/\/blog.holyart.it\/it\/wp-content\/uploads\/sites\/17\/2019\/01\/La-nativit\u00e0-di-Ges\u00f9.jpg\",\"datePublished\":\"2019-01-08T16:06:14+00:00\",\"dateModified\":\"2025-11-07T11:21:05+00:00\",\"description\":\"La nativit\u00e0 di Ges\u00f9 nella tradizione e nella storia dell'arte. Ecco come viene raccontato uno dei momenti pi\u00f9 alti della storia della religione.\",\"breadcrumb\":{\"@id\":\"https:\/\/blog.holyart.it\/it\/natale\/la-nativita-storia-della-nascita-gesu\/#breadcrumb\"},\"inLanguage\":\"it-IT\",\"potentialAction\":[{\"@type\":\"ReadAction\",\"target\":[\"https:\/\/blog.holyart.it\/it\/natale\/la-nativita-storia-della-nascita-gesu\/\"]}]},{\"@type\":\"ImageObject\",\"inLanguage\":\"it-IT\",\"@id\":\"https:\/\/blog.holyart.it\/it\/natale\/la-nativita-storia-della-nascita-gesu\/#primaryimage\",\"url\":\"https:\/\/blog.holyart.it\/it\/wp-content\/uploads\/sites\/17\/2019\/01\/La-nativit\u00e0-di-Ges\u00f9.jpg\",\"contentUrl\":\"https:\/\/blog.holyart.it\/it\/wp-content\/uploads\/sites\/17\/2019\/01\/La-nativit\u00e0-di-Ges\u00f9.jpg\",\"width\":1000,\"height\":666,\"caption\":\"La nativit\u00e0 di Ges\u00f9\"},{\"@type\":\"BreadcrumbList\",\"@id\":\"https:\/\/blog.holyart.it\/it\/natale\/la-nativita-storia-della-nascita-gesu\/#breadcrumb\",\"itemListElement\":[{\"@type\":\"ListItem\",\"position\":1,\"name\":\"Homepage\",\"item\":\"https:\/\/blog.holyart.it\/it\/\"},{\"@type\":\"ListItem\",\"position\":2,\"name\":\"Natale\",\"item\":\"https:\/\/blog.holyart.it\/it\/natale\/\"},{\"@type\":\"ListItem\",\"position\":3,\"name\":\"La nativit\u00e0: storia della nascita di Ges\u00f9\"}]},{\"@type\":\"WebSite\",\"@id\":\"https:\/\/blog.holyart.it\/it\/#website\",\"url\":\"https:\/\/blog.holyart.it\/it\/\",\"name\":\"Holyblog\",\"description\":\"Il Blog di Holyart.it\",\"publisher\":{\"@id\":\"https:\/\/blog.holyart.it\/it\/#organization\"},\"potentialAction\":[{\"@type\":\"SearchAction\",\"target\":{\"@type\":\"EntryPoint\",\"urlTemplate\":\"https:\/\/blog.holyart.it\/it\/?s={search_term_string}\"},\"query-input\":{\"@type\":\"PropertyValueSpecification\",\"valueRequired\":true,\"valueName\":\"search_term_string\"}}],\"inLanguage\":\"it-IT\"},{\"@type\":\"Organization\",\"@id\":\"https:\/\/blog.holyart.it\/it\/#organization\",\"name\":\"Holyblog\",\"url\":\"https:\/\/blog.holyart.it\/it\/\",\"logo\":{\"@type\":\"ImageObject\",\"inLanguage\":\"it-IT\",\"@id\":\"https:\/\/blog.holyart.it\/it\/#\/schema\/logo\/image\/\",\"url\":\"https:\/\/blog.holyart.it\/it\/wp-content\/uploads\/sites\/17\/2022\/12\/Holyart_Blog_Logo.jpg\",\"contentUrl\":\"https:\/\/blog.holyart.it\/it\/wp-content\/uploads\/sites\/17\/2022\/12\/Holyart_Blog_Logo.jpg\",\"width\":300,\"height\":50,\"caption\":\"Holyblog\"},\"image\":{\"@id\":\"https:\/\/blog.holyart.it\/it\/#\/schema\/logo\/image\/\"}},{\"@type\":\"Person\",\"@id\":\"https:\/\/blog.holyart.it\/it\/#\/schema\/person\/0a7b686e5af0f856ec1e390dd0baecda\",\"name\":\"Redazione\"}]}<\/script>\n<!-- \/ Yoast SEO plugin. -->","yoast_head_json":{"title":"La nativit\u00e0: storia della nascita di Ges\u00f9 - Holyblog","description":"La nativit\u00e0 di Ges\u00f9 nella tradizione e nella storia dell'arte. Ecco come viene raccontato uno dei momenti pi\u00f9 alti della storia della religione.","robots":{"index":"index","follow":"follow","max-snippet":"max-snippet:-1","max-image-preview":"max-image-preview:large","max-video-preview":"max-video-preview:-1"},"canonical":"https:\/\/blog.holyart.it\/it\/natale\/la-nativita-storia-della-nascita-gesu\/","og_locale":"it_IT","og_type":"article","og_title":"La nativit\u00e0: storia della nascita di Ges\u00f9 - Holyblog","og_description":"La nativit\u00e0 di Ges\u00f9 nella tradizione e nella storia dell'arte. Ecco come viene raccontato uno dei momenti pi\u00f9 alti della storia della religione.","og_url":"https:\/\/blog.holyart.it\/it\/natale\/la-nativita-storia-della-nascita-gesu\/","og_site_name":"Holyblog","article_published_time":"2019-01-08T16:06:14+00:00","article_modified_time":"2025-11-07T11:21:05+00:00","og_image":[{"width":1000,"height":666,"url":"https:\/\/blog.holyart.it\/it\/wp-content\/uploads\/sites\/17\/2019\/01\/La-nativit\u00e0-di-Ges\u00f9.jpg","type":"image\/jpeg"}],"author":"Redazione","twitter_card":"summary_large_image","twitter_misc":{"Scritto da":"Redazione","Tempo di lettura stimato":"9 minuti"},"schema":{"@context":"https:\/\/schema.org","@graph":[{"@type":"Article","@id":"https:\/\/blog.holyart.it\/it\/natale\/la-nativita-storia-della-nascita-gesu\/#article","isPartOf":{"@id":"https:\/\/blog.holyart.it\/it\/natale\/la-nativita-storia-della-nascita-gesu\/"},"author":{"name":"Redazione","@id":"https:\/\/blog.holyart.it\/it\/#\/schema\/person\/0a7b686e5af0f856ec1e390dd0baecda"},"headline":"La nativit\u00e0: storia della nascita di Ges\u00f9","datePublished":"2019-01-08T16:06:14+00:00","dateModified":"2025-11-07T11:21:05+00:00","mainEntityOfPage":{"@id":"https:\/\/blog.holyart.it\/it\/natale\/la-nativita-storia-della-nascita-gesu\/"},"wordCount":1363,"publisher":{"@id":"https:\/\/blog.holyart.it\/it\/#organization"},"image":{"@id":"https:\/\/blog.holyart.it\/it\/natale\/la-nativita-storia-della-nascita-gesu\/#primaryimage"},"thumbnailUrl":"https:\/\/blog.holyart.it\/it\/wp-content\/uploads\/sites\/17\/2019\/01\/La-nativit\u00e0-di-Ges\u00f9.jpg","articleSection":["Natale"],"inLanguage":"it-IT"},{"@type":"WebPage","@id":"https:\/\/blog.holyart.it\/it\/natale\/la-nativita-storia-della-nascita-gesu\/","url":"https:\/\/blog.holyart.it\/it\/natale\/la-nativita-storia-della-nascita-gesu\/","name":"La nativit\u00e0: storia della nascita di Ges\u00f9 - Holyblog","isPartOf":{"@id":"https:\/\/blog.holyart.it\/it\/#website"},"primaryImageOfPage":{"@id":"https:\/\/blog.holyart.it\/it\/natale\/la-nativita-storia-della-nascita-gesu\/#primaryimage"},"image":{"@id":"https:\/\/blog.holyart.it\/it\/natale\/la-nativita-storia-della-nascita-gesu\/#primaryimage"},"thumbnailUrl":"https:\/\/blog.holyart.it\/it\/wp-content\/uploads\/sites\/17\/2019\/01\/La-nativit\u00e0-di-Ges\u00f9.jpg","datePublished":"2019-01-08T16:06:14+00:00","dateModified":"2025-11-07T11:21:05+00:00","description":"La nativit\u00e0 di Ges\u00f9 nella tradizione e nella storia dell'arte. Ecco come viene raccontato uno dei momenti pi\u00f9 alti della storia della religione.","breadcrumb":{"@id":"https:\/\/blog.holyart.it\/it\/natale\/la-nativita-storia-della-nascita-gesu\/#breadcrumb"},"inLanguage":"it-IT","potentialAction":[{"@type":"ReadAction","target":["https:\/\/blog.holyart.it\/it\/natale\/la-nativita-storia-della-nascita-gesu\/"]}]},{"@type":"ImageObject","inLanguage":"it-IT","@id":"https:\/\/blog.holyart.it\/it\/natale\/la-nativita-storia-della-nascita-gesu\/#primaryimage","url":"https:\/\/blog.holyart.it\/it\/wp-content\/uploads\/sites\/17\/2019\/01\/La-nativit\u00e0-di-Ges\u00f9.jpg","contentUrl":"https:\/\/blog.holyart.it\/it\/wp-content\/uploads\/sites\/17\/2019\/01\/La-nativit\u00e0-di-Ges\u00f9.jpg","width":1000,"height":666,"caption":"La nativit\u00e0 di Ges\u00f9"},{"@type":"BreadcrumbList","@id":"https:\/\/blog.holyart.it\/it\/natale\/la-nativita-storia-della-nascita-gesu\/#breadcrumb","itemListElement":[{"@type":"ListItem","position":1,"name":"Homepage","item":"https:\/\/blog.holyart.it\/it\/"},{"@type":"ListItem","position":2,"name":"Natale","item":"https:\/\/blog.holyart.it\/it\/natale\/"},{"@type":"ListItem","position":3,"name":"La nativit\u00e0: storia della nascita di Ges\u00f9"}]},{"@type":"WebSite","@id":"https:\/\/blog.holyart.it\/it\/#website","url":"https:\/\/blog.holyart.it\/it\/","name":"Holyblog","description":"Il Blog di Holyart.it","publisher":{"@id":"https:\/\/blog.holyart.it\/it\/#organization"},"potentialAction":[{"@type":"SearchAction","target":{"@type":"EntryPoint","urlTemplate":"https:\/\/blog.holyart.it\/it\/?s={search_term_string}"},"query-input":{"@type":"PropertyValueSpecification","valueRequired":true,"valueName":"search_term_string"}}],"inLanguage":"it-IT"},{"@type":"Organization","@id":"https:\/\/blog.holyart.it\/it\/#organization","name":"Holyblog","url":"https:\/\/blog.holyart.it\/it\/","logo":{"@type":"ImageObject","inLanguage":"it-IT","@id":"https:\/\/blog.holyart.it\/it\/#\/schema\/logo\/image\/","url":"https:\/\/blog.holyart.it\/it\/wp-content\/uploads\/sites\/17\/2022\/12\/Holyart_Blog_Logo.jpg","contentUrl":"https:\/\/blog.holyart.it\/it\/wp-content\/uploads\/sites\/17\/2022\/12\/Holyart_Blog_Logo.jpg","width":300,"height":50,"caption":"Holyblog"},"image":{"@id":"https:\/\/blog.holyart.it\/it\/#\/schema\/logo\/image\/"}},{"@type":"Person","@id":"https:\/\/blog.holyart.it\/it\/#\/schema\/person\/0a7b686e5af0f856ec1e390dd0baecda","name":"Redazione"}]}},"_links":{"self":[{"href":"https:\/\/blog.holyart.it\/it\/wp-json\/wp\/v2\/posts\/4808","targetHints":{"allow":["GET"]}}],"collection":[{"href":"https:\/\/blog.holyart.it\/it\/wp-json\/wp\/v2\/posts"}],"about":[{"href":"https:\/\/blog.holyart.it\/it\/wp-json\/wp\/v2\/types\/post"}],"author":[{"embeddable":true,"href":"https:\/\/blog.holyart.it\/it\/wp-json\/wp\/v2\/users\/1"}],"replies":[{"embeddable":true,"href":"https:\/\/blog.holyart.it\/it\/wp-json\/wp\/v2\/comments?post=4808"}],"version-history":[{"count":1,"href":"https:\/\/blog.holyart.it\/it\/wp-json\/wp\/v2\/posts\/4808\/revisions"}],"predecessor-version":[{"id":22912,"href":"https:\/\/blog.holyart.it\/it\/wp-json\/wp\/v2\/posts\/4808\/revisions\/22912"}],"wp:featuredmedia":[{"embeddable":true,"href":"https:\/\/blog.holyart.it\/it\/wp-json\/wp\/v2\/media\/4809"}],"wp:attachment":[{"href":"https:\/\/blog.holyart.it\/it\/wp-json\/wp\/v2\/media?parent=4808"}],"wp:term":[{"taxonomy":"category","embeddable":true,"href":"https:\/\/blog.holyart.it\/it\/wp-json\/wp\/v2\/categories?post=4808"},{"taxonomy":"post_tag","embeddable":true,"href":"https:\/\/blog.holyart.it\/it\/wp-json\/wp\/v2\/tags?post=4808"}],"curies":[{"name":"wp","href":"https:\/\/api.w.org\/{rel}","templated":true}]}}