{"id":434,"date":"2016-11-21T12:55:26","date_gmt":"2016-11-21T11:55:26","guid":{"rendered":"https:\/\/blog.holyart.it\/it\/?p=434"},"modified":"2016-11-18T14:20:35","modified_gmt":"2016-11-18T13:20:35","slug":"la-congregazione-camaldolese-dellordine-san-benedetto","status":"publish","type":"post","link":"https:\/\/blog.holyart.it\/it\/prodotti-monasteri\/la-congregazione-camaldolese-dellordine-san-benedetto\/","title":{"rendered":"La congregazione camaldolese dell&#8217;Ordine di San Benedetto"},"content":{"rendered":"<p>Nell&#8217;<strong>Ordine di San Benedetto<\/strong> rientrano tutti i monasteri autonomi e le congregazioni che vivono seguendo la regola stabilita da <span style=\"color: #0000ff;\"><strong><a style=\"color: #0000ff;\" title=\"Croci e medaglie di San Benedetto\" href=\"http:\/\/www.holyart.it\/it\/articoli-religiosi\/crocefissi\/croci-di-san-benedetto\">San Benedetto da Norcia<\/a><\/strong><\/span>. Tale regola, redatta dal Santo e affermatasi dall&#8217;817 in poi, si basa sul motto <em>Ora et labora<\/em>, prega e lavora. In questa semplice formula risiede la filosofia di vita e la scelta di fede dei <strong>Benedettini<\/strong>: accostare alla preghiera e alla vita contemplativa il lavoro manuale.<\/p>\n<p>Nel tempo, e fino ai giorni nostri, hanno assunto un&#8217;importanza via via crescente i <strong>prodotti che i Monasteri benedettini realizzano in modo autonomo e vendono<\/strong>. Si tratta soprattutto di <strong>prodotti di cosmesi<\/strong>, come quelli resi famosi dal <strong>Monastero di Camaldoli<\/strong>, spesso realizzati con metodi che si rifanno a tradizioni antiche, realizzati nel pieno rispetto della natura con ingredienti semplici e sicuri. Pensiamo per esempio a tutti i prodotti a base di erbe officinali e agli oli essenziali. In particolare, grande fama e diffusione ha conosciuto l&#8217;<span style=\"color: #0000ff;\"><strong><a style=\"color: #0000ff;\" title=\"Olio 31 dei monaci camaldolesi\" href=\"http:\/\/www.holyart.it\/it\/prodotti-dei-monasteri\/cosmetici-e-oli-essenziali\/olii-essenziali\/olio-aromatico-alle-31-erbe\">Olio 31<\/a><\/strong><\/span>, un preparato erboristico di formulazione antichissima, che ancora oggi i Monaci Camaldolesi producono e confezionano. L&#8217;<strong>olio 31<\/strong> \u00e8 composto da 31 oli essenziali estratti da altrettante erbe officinali. Possiede numerose propriet\u00e0 curative, rinfrescanti, balsamiche, tonificanti e disinfettanti, e per questo \u00e8 apprezzato e imitato in tutto il mondo.<\/p>\n<p>Pu\u00f2 essere utilizzato per combattere con successo dolori articolari o muscolari, come la lombalgia, la cervicale o il torcicollo; come tonico per i mal di testa; come cura per il raffreddore e i problemi respiratori, e in molti altri campi.<\/p>\n<p>I prodotti realizzati dall&#8217;Ordine di San Benedetto non sono per\u00f2 solo legati alle erbe officinali. Sono disponibili anche <span style=\"color: #0000ff;\"><strong><a style=\"color: #0000ff;\" title=\"Prodotti dell'alveare\" href=\"http:\/\/www.holyart.it\/it\/prodotti-dei-monasteri\/prodotti-dellalveare\">prodotti dell&#8217;alveare<\/a><\/strong><\/span>, come miele, pappa reale, cera, caramelle. E poi i <strong>distillati<\/strong>, i <strong>liquori di erbe<\/strong>, le <strong>grappe<\/strong> e i <strong>vini<\/strong>. Un mondo semplice, genuino, antichi sapori e profumi che ci donano un assaggio di inestimabile gusto e storia perduta, che si rinnova grazie all&#8217;abilit\u00e0 e alla dedizione dei monaci.<\/p>\n","protected":false},"excerpt":{"rendered":"<p>Nell&#8217;Ordine di San Benedetto rientrano tutti i monasteri autonomi e le congregazioni che vivono seguendo la regola stabilita da San Benedetto da Norcia. Tale regola, redatta dal Santo e affermatasi dall&#8217;817 in poi, si basa sul motto Ora et labora, prega e lavora. In questa&hellip;<\/p>\n","protected":false},"author":1,"featured_media":435,"comment_status":"closed","ping_status":"open","sticky":false,"template":"","format":"standard","meta":{"_acf_changed":false,"footnotes":""},"categories":[19],"tags":[],"class_list":["post-434","post","type-post","status-publish","format-standard","has-post-thumbnail","hentry","category-prodotti-monasteri"],"acf":[],"yoast_head":"<!-- This site is optimized with the Yoast SEO plugin v26.6 - https:\/\/yoast.com\/wordpress\/plugins\/seo\/ -->\n<title>La congregazione camaldolese dell&#039;Ordine di San Benedetto - Holyblog<\/title>\n<meta name=\"description\" content=\"Nell&#039;Ordine di San Benedetto rientrano tutti i monasteri autonomi e le congregazioni che vivono seguendo la regola stabilita da San Benedetto da Norcia.\" \/>\n<meta name=\"robots\" content=\"index, follow, max-snippet:-1, max-image-preview:large, max-video-preview:-1\" \/>\n<link rel=\"canonical\" href=\"https:\/\/blog.holyart.it\/it\/prodotti-monasteri\/la-congregazione-camaldolese-dellordine-san-benedetto\/\" \/>\n<meta property=\"og:locale\" content=\"it_IT\" \/>\n<meta property=\"og:type\" content=\"article\" \/>\n<meta property=\"og:title\" content=\"La congregazione camaldolese dell&#039;Ordine di San Benedetto - Holyblog\" \/>\n<meta property=\"og:description\" content=\"Nell&#039;Ordine di San Benedetto rientrano tutti i monasteri autonomi e le congregazioni che vivono seguendo la regola stabilita da San Benedetto da Norcia.\" \/>\n<meta property=\"og:url\" content=\"https:\/\/blog.holyart.it\/it\/prodotti-monasteri\/la-congregazione-camaldolese-dellordine-san-benedetto\/\" \/>\n<meta property=\"og:site_name\" content=\"Holyblog\" \/>\n<meta property=\"article:published_time\" content=\"2016-11-21T11:55:26+00:00\" \/>\n<meta property=\"og:image\" content=\"https:\/\/blog.holyart.it\/it\/wp-content\/uploads\/sites\/17\/2016\/11\/Congregazione-camaldolese.jpg\" \/>\n\t<meta property=\"og:image:width\" content=\"1000\" \/>\n\t<meta property=\"og:image:height\" content=\"664\" \/>\n\t<meta property=\"og:image:type\" content=\"image\/jpeg\" \/>\n<meta name=\"author\" content=\"Redazione\" \/>\n<meta name=\"twitter:card\" content=\"summary_large_image\" \/>\n<meta name=\"twitter:label1\" content=\"Scritto da\" \/>\n\t<meta name=\"twitter:data1\" content=\"Redazione\" \/>\n\t<meta name=\"twitter:label2\" content=\"Tempo di lettura stimato\" \/>\n\t<meta name=\"twitter:data2\" content=\"2 minuti\" \/>\n<script type=\"application\/ld+json\" class=\"yoast-schema-graph\">{\"@context\":\"https:\/\/schema.org\",\"@graph\":[{\"@type\":\"Article\",\"@id\":\"https:\/\/blog.holyart.it\/it\/prodotti-monasteri\/la-congregazione-camaldolese-dellordine-san-benedetto\/#article\",\"isPartOf\":{\"@id\":\"https:\/\/blog.holyart.it\/it\/prodotti-monasteri\/la-congregazione-camaldolese-dellordine-san-benedetto\/\"},\"author\":{\"name\":\"Redazione\",\"@id\":\"https:\/\/blog.holyart.it\/it\/#\/schema\/person\/0a7b686e5af0f856ec1e390dd0baecda\"},\"headline\":\"La congregazione camaldolese dell&#8217;Ordine di San Benedetto\",\"datePublished\":\"2016-11-21T11:55:26+00:00\",\"mainEntityOfPage\":{\"@id\":\"https:\/\/blog.holyart.it\/it\/prodotti-monasteri\/la-congregazione-camaldolese-dellordine-san-benedetto\/\"},\"wordCount\":315,\"publisher\":{\"@id\":\"https:\/\/blog.holyart.it\/it\/#organization\"},\"image\":{\"@id\":\"https:\/\/blog.holyart.it\/it\/prodotti-monasteri\/la-congregazione-camaldolese-dellordine-san-benedetto\/#primaryimage\"},\"thumbnailUrl\":\"https:\/\/blog.holyart.it\/it\/wp-content\/uploads\/sites\/17\/2016\/11\/Congregazione-camaldolese.jpg\",\"articleSection\":[\"Monasteri\"],\"inLanguage\":\"it-IT\"},{\"@type\":\"WebPage\",\"@id\":\"https:\/\/blog.holyart.it\/it\/prodotti-monasteri\/la-congregazione-camaldolese-dellordine-san-benedetto\/\",\"url\":\"https:\/\/blog.holyart.it\/it\/prodotti-monasteri\/la-congregazione-camaldolese-dellordine-san-benedetto\/\",\"name\":\"La congregazione camaldolese dell'Ordine di San Benedetto - Holyblog\",\"isPartOf\":{\"@id\":\"https:\/\/blog.holyart.it\/it\/#website\"},\"primaryImageOfPage\":{\"@id\":\"https:\/\/blog.holyart.it\/it\/prodotti-monasteri\/la-congregazione-camaldolese-dellordine-san-benedetto\/#primaryimage\"},\"image\":{\"@id\":\"https:\/\/blog.holyart.it\/it\/prodotti-monasteri\/la-congregazione-camaldolese-dellordine-san-benedetto\/#primaryimage\"},\"thumbnailUrl\":\"https:\/\/blog.holyart.it\/it\/wp-content\/uploads\/sites\/17\/2016\/11\/Congregazione-camaldolese.jpg\",\"datePublished\":\"2016-11-21T11:55:26+00:00\",\"description\":\"Nell'Ordine di San Benedetto rientrano tutti i monasteri autonomi e le congregazioni che vivono seguendo la regola stabilita da San Benedetto da Norcia.\",\"breadcrumb\":{\"@id\":\"https:\/\/blog.holyart.it\/it\/prodotti-monasteri\/la-congregazione-camaldolese-dellordine-san-benedetto\/#breadcrumb\"},\"inLanguage\":\"it-IT\",\"potentialAction\":[{\"@type\":\"ReadAction\",\"target\":[\"https:\/\/blog.holyart.it\/it\/prodotti-monasteri\/la-congregazione-camaldolese-dellordine-san-benedetto\/\"]}]},{\"@type\":\"ImageObject\",\"inLanguage\":\"it-IT\",\"@id\":\"https:\/\/blog.holyart.it\/it\/prodotti-monasteri\/la-congregazione-camaldolese-dellordine-san-benedetto\/#primaryimage\",\"url\":\"https:\/\/blog.holyart.it\/it\/wp-content\/uploads\/sites\/17\/2016\/11\/Congregazione-camaldolese.jpg\",\"contentUrl\":\"https:\/\/blog.holyart.it\/it\/wp-content\/uploads\/sites\/17\/2016\/11\/Congregazione-camaldolese.jpg\",\"width\":1000,\"height\":664,\"caption\":\"Congregazione camaldolese\"},{\"@type\":\"BreadcrumbList\",\"@id\":\"https:\/\/blog.holyart.it\/it\/prodotti-monasteri\/la-congregazione-camaldolese-dellordine-san-benedetto\/#breadcrumb\",\"itemListElement\":[{\"@type\":\"ListItem\",\"position\":1,\"name\":\"Homepage\",\"item\":\"https:\/\/blog.holyart.it\/it\/\"},{\"@type\":\"ListItem\",\"position\":2,\"name\":\"Monasteri\",\"item\":\"https:\/\/blog.holyart.it\/it\/prodotti-monasteri\/\"},{\"@type\":\"ListItem\",\"position\":3,\"name\":\"La congregazione camaldolese dell&#8217;Ordine di San Benedetto\"}]},{\"@type\":\"WebSite\",\"@id\":\"https:\/\/blog.holyart.it\/it\/#website\",\"url\":\"https:\/\/blog.holyart.it\/it\/\",\"name\":\"Holyblog\",\"description\":\"Il Blog di Holyart.it\",\"publisher\":{\"@id\":\"https:\/\/blog.holyart.it\/it\/#organization\"},\"potentialAction\":[{\"@type\":\"SearchAction\",\"target\":{\"@type\":\"EntryPoint\",\"urlTemplate\":\"https:\/\/blog.holyart.it\/it\/?s={search_term_string}\"},\"query-input\":{\"@type\":\"PropertyValueSpecification\",\"valueRequired\":true,\"valueName\":\"search_term_string\"}}],\"inLanguage\":\"it-IT\"},{\"@type\":\"Organization\",\"@id\":\"https:\/\/blog.holyart.it\/it\/#organization\",\"name\":\"Holyblog\",\"url\":\"https:\/\/blog.holyart.it\/it\/\",\"logo\":{\"@type\":\"ImageObject\",\"inLanguage\":\"it-IT\",\"@id\":\"https:\/\/blog.holyart.it\/it\/#\/schema\/logo\/image\/\",\"url\":\"https:\/\/blog.holyart.it\/it\/wp-content\/uploads\/sites\/17\/2022\/12\/Holyart_Blog_Logo.jpg\",\"contentUrl\":\"https:\/\/blog.holyart.it\/it\/wp-content\/uploads\/sites\/17\/2022\/12\/Holyart_Blog_Logo.jpg\",\"width\":300,\"height\":50,\"caption\":\"Holyblog\"},\"image\":{\"@id\":\"https:\/\/blog.holyart.it\/it\/#\/schema\/logo\/image\/\"}},{\"@type\":\"Person\",\"@id\":\"https:\/\/blog.holyart.it\/it\/#\/schema\/person\/0a7b686e5af0f856ec1e390dd0baecda\",\"name\":\"Redazione\"}]}<\/script>\n<!-- \/ Yoast SEO plugin. -->","yoast_head_json":{"title":"La congregazione camaldolese dell'Ordine di San Benedetto - Holyblog","description":"Nell'Ordine di San Benedetto rientrano tutti i monasteri autonomi e le congregazioni che vivono seguendo la regola stabilita da San Benedetto da Norcia.","robots":{"index":"index","follow":"follow","max-snippet":"max-snippet:-1","max-image-preview":"max-image-preview:large","max-video-preview":"max-video-preview:-1"},"canonical":"https:\/\/blog.holyart.it\/it\/prodotti-monasteri\/la-congregazione-camaldolese-dellordine-san-benedetto\/","og_locale":"it_IT","og_type":"article","og_title":"La congregazione camaldolese dell'Ordine di San Benedetto - Holyblog","og_description":"Nell'Ordine di San Benedetto rientrano tutti i monasteri autonomi e le congregazioni che vivono seguendo la regola stabilita da San Benedetto da Norcia.","og_url":"https:\/\/blog.holyart.it\/it\/prodotti-monasteri\/la-congregazione-camaldolese-dellordine-san-benedetto\/","og_site_name":"Holyblog","article_published_time":"2016-11-21T11:55:26+00:00","og_image":[{"width":1000,"height":664,"url":"https:\/\/blog.holyart.it\/it\/wp-content\/uploads\/sites\/17\/2016\/11\/Congregazione-camaldolese.jpg","type":"image\/jpeg"}],"author":"Redazione","twitter_card":"summary_large_image","twitter_misc":{"Scritto da":"Redazione","Tempo di lettura stimato":"2 minuti"},"schema":{"@context":"https:\/\/schema.org","@graph":[{"@type":"Article","@id":"https:\/\/blog.holyart.it\/it\/prodotti-monasteri\/la-congregazione-camaldolese-dellordine-san-benedetto\/#article","isPartOf":{"@id":"https:\/\/blog.holyart.it\/it\/prodotti-monasteri\/la-congregazione-camaldolese-dellordine-san-benedetto\/"},"author":{"name":"Redazione","@id":"https:\/\/blog.holyart.it\/it\/#\/schema\/person\/0a7b686e5af0f856ec1e390dd0baecda"},"headline":"La congregazione camaldolese dell&#8217;Ordine di San Benedetto","datePublished":"2016-11-21T11:55:26+00:00","mainEntityOfPage":{"@id":"https:\/\/blog.holyart.it\/it\/prodotti-monasteri\/la-congregazione-camaldolese-dellordine-san-benedetto\/"},"wordCount":315,"publisher":{"@id":"https:\/\/blog.holyart.it\/it\/#organization"},"image":{"@id":"https:\/\/blog.holyart.it\/it\/prodotti-monasteri\/la-congregazione-camaldolese-dellordine-san-benedetto\/#primaryimage"},"thumbnailUrl":"https:\/\/blog.holyart.it\/it\/wp-content\/uploads\/sites\/17\/2016\/11\/Congregazione-camaldolese.jpg","articleSection":["Monasteri"],"inLanguage":"it-IT"},{"@type":"WebPage","@id":"https:\/\/blog.holyart.it\/it\/prodotti-monasteri\/la-congregazione-camaldolese-dellordine-san-benedetto\/","url":"https:\/\/blog.holyart.it\/it\/prodotti-monasteri\/la-congregazione-camaldolese-dellordine-san-benedetto\/","name":"La congregazione camaldolese dell'Ordine di San Benedetto - Holyblog","isPartOf":{"@id":"https:\/\/blog.holyart.it\/it\/#website"},"primaryImageOfPage":{"@id":"https:\/\/blog.holyart.it\/it\/prodotti-monasteri\/la-congregazione-camaldolese-dellordine-san-benedetto\/#primaryimage"},"image":{"@id":"https:\/\/blog.holyart.it\/it\/prodotti-monasteri\/la-congregazione-camaldolese-dellordine-san-benedetto\/#primaryimage"},"thumbnailUrl":"https:\/\/blog.holyart.it\/it\/wp-content\/uploads\/sites\/17\/2016\/11\/Congregazione-camaldolese.jpg","datePublished":"2016-11-21T11:55:26+00:00","description":"Nell'Ordine di San Benedetto rientrano tutti i monasteri autonomi e le congregazioni che vivono seguendo la regola stabilita da San Benedetto da Norcia.","breadcrumb":{"@id":"https:\/\/blog.holyart.it\/it\/prodotti-monasteri\/la-congregazione-camaldolese-dellordine-san-benedetto\/#breadcrumb"},"inLanguage":"it-IT","potentialAction":[{"@type":"ReadAction","target":["https:\/\/blog.holyart.it\/it\/prodotti-monasteri\/la-congregazione-camaldolese-dellordine-san-benedetto\/"]}]},{"@type":"ImageObject","inLanguage":"it-IT","@id":"https:\/\/blog.holyart.it\/it\/prodotti-monasteri\/la-congregazione-camaldolese-dellordine-san-benedetto\/#primaryimage","url":"https:\/\/blog.holyart.it\/it\/wp-content\/uploads\/sites\/17\/2016\/11\/Congregazione-camaldolese.jpg","contentUrl":"https:\/\/blog.holyart.it\/it\/wp-content\/uploads\/sites\/17\/2016\/11\/Congregazione-camaldolese.jpg","width":1000,"height":664,"caption":"Congregazione camaldolese"},{"@type":"BreadcrumbList","@id":"https:\/\/blog.holyart.it\/it\/prodotti-monasteri\/la-congregazione-camaldolese-dellordine-san-benedetto\/#breadcrumb","itemListElement":[{"@type":"ListItem","position":1,"name":"Homepage","item":"https:\/\/blog.holyart.it\/it\/"},{"@type":"ListItem","position":2,"name":"Monasteri","item":"https:\/\/blog.holyart.it\/it\/prodotti-monasteri\/"},{"@type":"ListItem","position":3,"name":"La congregazione camaldolese dell&#8217;Ordine di San Benedetto"}]},{"@type":"WebSite","@id":"https:\/\/blog.holyart.it\/it\/#website","url":"https:\/\/blog.holyart.it\/it\/","name":"Holyblog","description":"Il Blog di Holyart.it","publisher":{"@id":"https:\/\/blog.holyart.it\/it\/#organization"},"potentialAction":[{"@type":"SearchAction","target":{"@type":"EntryPoint","urlTemplate":"https:\/\/blog.holyart.it\/it\/?s={search_term_string}"},"query-input":{"@type":"PropertyValueSpecification","valueRequired":true,"valueName":"search_term_string"}}],"inLanguage":"it-IT"},{"@type":"Organization","@id":"https:\/\/blog.holyart.it\/it\/#organization","name":"Holyblog","url":"https:\/\/blog.holyart.it\/it\/","logo":{"@type":"ImageObject","inLanguage":"it-IT","@id":"https:\/\/blog.holyart.it\/it\/#\/schema\/logo\/image\/","url":"https:\/\/blog.holyart.it\/it\/wp-content\/uploads\/sites\/17\/2022\/12\/Holyart_Blog_Logo.jpg","contentUrl":"https:\/\/blog.holyart.it\/it\/wp-content\/uploads\/sites\/17\/2022\/12\/Holyart_Blog_Logo.jpg","width":300,"height":50,"caption":"Holyblog"},"image":{"@id":"https:\/\/blog.holyart.it\/it\/#\/schema\/logo\/image\/"}},{"@type":"Person","@id":"https:\/\/blog.holyart.it\/it\/#\/schema\/person\/0a7b686e5af0f856ec1e390dd0baecda","name":"Redazione"}]}},"_links":{"self":[{"href":"https:\/\/blog.holyart.it\/it\/wp-json\/wp\/v2\/posts\/434","targetHints":{"allow":["GET"]}}],"collection":[{"href":"https:\/\/blog.holyart.it\/it\/wp-json\/wp\/v2\/posts"}],"about":[{"href":"https:\/\/blog.holyart.it\/it\/wp-json\/wp\/v2\/types\/post"}],"author":[{"embeddable":true,"href":"https:\/\/blog.holyart.it\/it\/wp-json\/wp\/v2\/users\/1"}],"replies":[{"embeddable":true,"href":"https:\/\/blog.holyart.it\/it\/wp-json\/wp\/v2\/comments?post=434"}],"version-history":[{"count":0,"href":"https:\/\/blog.holyart.it\/it\/wp-json\/wp\/v2\/posts\/434\/revisions"}],"wp:featuredmedia":[{"embeddable":true,"href":"https:\/\/blog.holyart.it\/it\/wp-json\/wp\/v2\/media\/435"}],"wp:attachment":[{"href":"https:\/\/blog.holyart.it\/it\/wp-json\/wp\/v2\/media?parent=434"}],"wp:term":[{"taxonomy":"category","embeddable":true,"href":"https:\/\/blog.holyart.it\/it\/wp-json\/wp\/v2\/categories?post=434"},{"taxonomy":"post_tag","embeddable":true,"href":"https:\/\/blog.holyart.it\/it\/wp-json\/wp\/v2\/tags?post=434"}],"curies":[{"name":"wp","href":"https:\/\/api.w.org\/{rel}","templated":true}]}}