{"id":4258,"date":"2018-09-06T16:03:46","date_gmt":"2018-09-06T14:03:46","guid":{"rendered":"https:\/\/blog.holyart.it\/it\/?p=4258"},"modified":"2022-08-30T12:36:41","modified_gmt":"2022-08-30T10:36:41","slug":"10-domande-10-risposte-sulle-ostie-la-comunione","status":"publish","type":"post","link":"https:\/\/blog.holyart.it\/it\/articoli-religiosi\/10-domande-10-risposte-sulle-ostie-la-comunione\/","title":{"rendered":"10 domande e 10 risposte sulle ostie e la comunione"},"content":{"rendered":"<h4 style=\"text-align: center;\"><em>Si\u00a0pu\u00f2 mangiare l\u2019ostia se cade per terra?\u00a0Bisogna ricevere la Comunione in piedi o in ginocchio? Come si chiama il contenitore che\u00a0custodisce le ostie consacrate? Le ostie senza glutine sono considerate valide dalla Chiesa? Come fare le ostie?<\/em><\/h4>\n\n<p>Non ci stancheremo mai di ribadire l&#8217;importanza fondamentale e imprescindibile che l&#8217;Eucarestia riveste nell&#8217;ambito delle celebrazioni della Chiesa cattolica e, in generale, nella vita di ogni cristiano. Ma sappiamo davvero tutto ci\u00f2 che \u00e8 importante sapere riguardo alle ostie, o al vino per la messa? <a href=\"https:\/\/holyart.it\/blog\/articoli-religiosi\/quello-devi-sapere-sulle-ostie-sulle-particole\/\"><strong>Abbiamo approfondito in un&#8217;altra sede la differenza che sussiste tra l&#8217;ostia consacrata e la particola<\/strong><\/a>. Abbiamo anche preso in esame un altro argomento molto delicato e attuale, che \u00e8 quello delle\u00a0ostie per celiaci, senza glutine.<\/p>\n<p>Vorremmo in questo articolo stilare un elenco pi\u00f9 o meno esauriente di domande e risposte utili riguardo al Santissimo Sacramento, non tanto nel suo valore intrinseco e inconfutabile, nel significato solenne che esso riveste per chi vi si accosta con animo devoto e proteso verso il Mistero che in esso si rinnova da migliaia di anni. Quello che vogliamo raccogliere qui \u00e8 un piccolo elenco di nozioni e conoscenze che si auguriamo possano essere utili o quanto meno curiose per chi legge.<\/p>\n<ol>\n<li>\n<h2>Si pu\u00f2 mangiare l\u2019ostia se cade per terra?<\/h2>\n<\/li>\n<\/ol>\n<p>No, solo il Sacerdote pu\u00f2 decidere se mangiarla o riporla. Prima della promulgazione del Concilio Vaticano II, la possibilit\u00e0 che un\u2019ostia cadesse a terra, mentre veniva impartita a un fedele, rappresentava un grosso problema. Infatti si trattava di un atto di grave profanazione, anche se, naturalmente, nella maggior parte dei casi esso avveniva indipendentemente dalla volont\u00e0 delle parti coinvolte. Quando accadeva, solo il sacerdote la poteva raccogliere. Il pavimento su cui era caduto il Santissimo Sacramento doveva essere coperto con un telo leggero, e lavato alla fine della cerimonia. Ancora, l&#8217;acqua usata per lavarlo doveva essere raccolta e versata nel \u201csacrario\u201d, la\u00a0piccola vasca destinata a raccogliere l\u2019acqua usata per le purificazioni dei\u00a0recipienti e dei lini sacri, oltre ai resti di oggetti benedetti. Oggi le cose sono un po&#8217;meno complicate.\u00a0Non esiste pi\u00f9 questa norma. Dal momento che \u00e8 concesso ai fedeli di ricevere in mano l&#8217;ostia consacrata, quando vengono comunicati, in teoria non ci sarebbe alcun problema se fosse il fedele stesso a raccogliere l&#8217;ostia caduta. Per una questione di rispetto, tuttavia, ancora oggi \u00e8 preferibile che sia il sacerdote a farlo. Una volta raccolta, l&#8217;ostia viene messa da parte, o consumata subito dal ministro. La cosa importante \u00e8 che non venga rimessa con le altre, o offerta a un altro fedele. Dobbiamo sempre ricordare che l&#8217;ostia consacrata \u00e8, a tutti gli effetti, il corpo di Cristo, e come tale deve essere trattata, con rispetto e venerazione, anche nelle sue pi\u00f9 piccole parti.<\/p>\n<ol start=\"2\">\n<li>\n<h2>Comunione sulla mano o direttamente in bocca?<\/h2>\n<\/li>\n<\/ol>\n<p>&nbsp;<\/p>\n<p>\u00c8 indifferente, la cosa pi\u00f9 importante \u00e8 l\u2019atteggiamento con cui ci accostiamo al Sacramento. Durante l\u2019Udienza Generale in Piazza San Pietro lo scorso 21 marzo, Papa Francesco ha parlato a lungo delle modalit\u00e0 corrette per accostarsi alla Comunione e ricevere il Santissimo Sacramento. Il Santo Padre si \u00e8 dapprima soffermato sul significato profondo dell\u2019Eucarestia, su come, attraverso la Comunione sacramentale, noi ci nutriamo del corpo e del sangue di Cristo, per diventare in un certo senso parte di Lui (\u201c<em>Chi mangia la mia carne e beve il mio sangue rimane in me e io in lui<\/em>\u201d, Gv 6,56), arrivando ad affermare che ogni volta che noi facciamo la Comunione, assomigliamo di pi\u00f9 a Ges\u00f9, ci trasformiamo di pi\u00f9 in Ges\u00f9. Ha poi chiarito le modalit\u00e0: \u201c<em>Il fedele si accosta normalmente all\u2019Eucaristia in forma processionale, come abbiamo detto, e si comunica in piedi con devozione, oppure in ginocchio, come stabilito dalla Conferenza Episcopale, ricevendo il sacramento in bocca o, dove \u00e8 permesso, sulla mano, come preferisce.\u201d<\/em>\u00a0(cfr OGMR, 160-161). Dunque \u00e8 indifferente che si riceva l\u2019ostia in bocca o in mano, in piedi o in ginocchio, la cosa importante \u00e8 l\u2019atteggiamento con cui ci accostiamo alla Comunione, ci\u00f2 che portiamo nel nostro cuore al momento di questo incontro emozionante e speciale con Ges\u00f9.<\/p>\n<ol start=\"3\">\n<li>\n<h2>L&#8217;ostia senza glutine \u00e8 accettata dalla Chiesa?<\/h2>\n<\/li>\n<\/ol>\n<p>S\u00ec, anche se occorre che rispetti la percentuale di glutine minima stabilita dalla Congregazione per la Dottrina della Fede. Abbiamo trattato di recente questo argomento, assai spinoso, in quanto, a fronte di una richiesta crescente, dovuta al moltiplicarsi di persone celiache, o comunque poco tolleranti al glutine, la posizione della Chiesa sembrava un po\u2019 confusa. La questione era stabilire quale fosse la percentuale di glutine accettata nella farina, ingrediente principale dell\u2019ostia, che non mettesse a repentaglio la sicurezza dei fedeli, ma che nello stesso tempo fosse ritenuta valida dalle disposizioni esistenti in tema di Eucaristia. La congregazione per la Dottrina della Fede stabilisce che le ostie debbano contenere amido di frumento, anche in minima parte: \u201c<em>Le condizioni di validit\u00e0 della materia per l\u2019Eucaristia sono le ostie nelle quali \u00e8 presente la quantit\u00e0 di glutine sufficiente per ottenere la panificazione senza aggiunta di materie estranee e purch\u00e9 il procedimento usato per la loro confezione non sia tale da snaturare la sostanza del pane<\/em>\u201d (lettera circolare del 19 giugno 1995 ai Presidenti delle Conferenze Episcopali). Adesso le cose sono un po\u2019pi\u00f9 chiare. Le <a href=\"https:\/\/www.holyart.it\/it\/prodotti-consumabili\/particole-ostie-per-la-messa?sorter_id=0&amp;39%5B%5D=1655&amp;p_min=&amp;p_max=\"><strong>ostie senza glutine<\/strong><\/a> (con un contenuto massimo di glutine di 20 mg\/kg) o con pochissimo glutine (massimo di 100 mg\/kg) saranno accettate dalla Chiesa e ritenute materia valida per l\u2019Eucarestia.<\/p>\n<ol start=\"4\">\n<li>\n<h2>Solo chi \u00e8 confessato pu\u00f2 ricevere la Comunione?<\/h2>\n<\/li>\n<\/ol>\n<p>&nbsp;<\/p>\n<p>Dipende dalla gravit\u00e0 dei peccati. Per chi si accosta alla Comunione avendo compiuto peccati leggeri e veniali, il sincero pentimento e l\u2019impegno a non commetterne pi\u00f9 \u00e8 sufficiente. Naturalmente la Confessione \u00e8 importantissima, ma va intesa come una conseguenza del pentimento autentico, non un lasciapassare che lava tutte le colpe a prescindere. \u00c8 un dono prezioso che riceviamo da Dio proprio perch\u00e9 ci siamo pentiti e abbiamo deciso di rigare dritto.\u00a0Nell\u2019esortazione apostolica\u00a0<em>Evangelii Gaudium<\/em>, che parla dell\u2019annuncio del Vangelo, ed \u00e8 rivolta ai vescovi, ai presbiteri e ai diaconi, alle persone consacrate e ai fedeli laici, Papa Francesco si sofferma sulla necessita che la Chiesa sia una casa sempre aperta, per chi vi si accosta col cuore puro e desideroso di grazia. Esorta i sacerdoti a non comportarsi come controllori della grazia, ma come facilitatori. Nessuno, entrando in Chiesa, dovrebbe mai trovare una porta chiusa e fredda, ma tutta la comprensione e l\u2019amore che ci si aspetta tornando alla casa del Padre. Tutti possono dunque prendere parte alla vita ecclesiale e far parte della comunit\u00e0. In quest\u2019ottica anche l\u2019accesso ai Sacramenti deve rimanere accessibile a tutti. L\u2019Eucaristia, in particolare, non dovrebbe essere intesa come premio per i pi\u00f9 integerrimi e meritevoli, ma anche e soprattutto come un incoraggiamento per i pi\u00f9 deboli, qualcosa che alimenti la loro fede e la loro volont\u00e0 di fare bene.<\/p>\n<ol start=\"5\">\n<li>\n<h2>Bisogna ricevere la Comunione in piedi o in ginocchio?<\/h2>\n<\/li>\n<\/ol>\n<p>\u00c8 indifferente. Abbiamo gi\u00e0 citato in precedenza quanto detto dal Santo Padre in occasione dell\u2019Udienza Generale in Piazza San Pietro lo scorso 21 marzo: la cosa importante non \u00e8 il modo, ma il come, l\u2019atteggiamento con cui ci si accosta al Sacramento. Prima del Concilio Vaticano II la norma pi\u00f9 diffusa era la Comunione in ginocchio, con l\u2019ostia ricevuta direttamente sulla lingua. Dopo il Concilio si \u00e8 reso possibile scegliere di ricevere il Santissimo Sacramento in piedi e in mano. Oggi la prassi pi\u00f9 praticata \u00e8 ricevere la Comunione in piedi e sulla mano o sulla lingua; oppure in ginocchio, con l\u2019ostia sulla lingua.<br \/>\nLa Comunione nasce come un atto comunitario. Durante l&#8217;ultima cena Ges\u00f9 era con i suoi Apostoli, intorno a un desco, e a loro per primi offr\u00ec il Pane della vita e il Calice della salvezza, il Suo corpo e il Suo sangue benedetti. Col passare del tempo, questo rito comunitario ha assunto una dimensione sempre pi\u00f9 individuale, privata. Un esempio chiaro \u00e8 il fatto che, anzich\u00e9 dividersi un pane comune, i fedeli iniziarono a consumare le ostie, o le particole, offerte loro direttamente dal Ministro. Dal 1967 i fedeli possono dunque scegliere se ricevere la Comunione in ginocchio, in piedi, in bocca o nella mano. L&#8217;unica cosa che devono tenere presente \u00e8 che quello che stanno compiendo non \u00e8 un atto di devozione individuale, ma comunitario, e questo implica la necessit\u00e0 di tener conto delle scelte e delle necessit\u00e0 altrui.<\/p>\n<ol start=\"6\">\n<li>\n<h2>Durante la Comunione il Sacerdote pu\u00f2 evitare di dire il &#8220;Corpo di Cristo&#8221;?<\/h2>\n<\/li>\n<\/ol>\n<p>No, non pu\u00f2. La riforma liturgica ha ripristinato la formula originaria da recitarsi al momento in cui il fedele riceve il corpo e il sangue di Cristo. Non pronunciarla significa spogliare quel momento, il pi\u00f9 alto e prezioso della celebrazione, della sua solennit\u00e0, mutilare la finalit\u00e0 stessa della Messa.<\/p>\n<ol start=\"7\">\n<li>\n<h2>Durante la messa bisogna coprire l&#8217;ostia eucaristica?<\/h2>\n<\/li>\n<\/ol>\n<p>Si pu\u00f2 fare, anche se non \u00e8 obbligatorio. In passato era la norma, anche se le ragioni per cui lo si faceva erano pi\u00f9 pratiche che sacrali. Infatti era necessario coprire il calice del vino, il\u00a0piattino per le ostie\u00a0e il\u00a0<a href=\"https:\/\/www.holyart.it\/it\/accessori-per-la-liturgia\/calici-pissidi-patene\/calici-pissidi-patene-metallo\"><strong>calice per ostie<\/strong><\/a>\u00a0per proteggerne il prezioso contenuto dalle mosche e dallo sporco. Questa necessit\u00e0 squisitamente pratica ha assunto, nel tempo, un valore consolidato, tanto da divenire una norma abituale. Al giorno d&#8217;oggi \u00e8 il sacerdote a decidere se sia opportuno coprire il calice e la pisside che custodisce le ostie consacrate con gli appositi teli. Non pu\u00f2 invece coprire l&#8217;ostia grande, quella usata per la Consacrazione.<\/p>\n<ol start=\"8\">\n<li>\n<h2>Quali abiti deve indossare un ministro laico mentre distribuisce la Comunione?<\/h2>\n<\/li>\n<\/ol>\n<p>Sebbene, di norma, il ministro straordinario della Comunione debba indossare una tunica o una veste approvata dalla Conferenza episcopale, non \u00e8 tuttavia un obbligo imprescindibile. Consideriamo che il ministro straordinario della Santa Comunione \u00e8 un laico che ricopre solo in caso di effettiva necessit\u00e0 il ruolo di officiante del Santissimo Sacramento. Ci\u00f2 avviene particolarmente durante le Messe affollate, quando il Ministro non riesca ad adempiere da solo ai propri doveri, nel caso in cui un malato in pericolo di morte che voglia ricevere l\u2019Eucarestia oppure in contesti in cui ci siano pi\u00f9 persone malate da comunicare e non abbastanza sacerdoti per farlo. Il mandato al Ministro straordinario deve essere impartito da un Sacerdote. Per un mandato permanente occorre che la persona designata abbia almeno venticinque anni, per un mandato temporaneo bastano ventuno anni. Naturalmente si deve trattare di una persona moralmente degna e adatta, dal momento che dovr\u00e0 comunicare gli altri. Allo stesso modo, sar\u00e0 sufficiente che il suo abbigliamento sia consono alla celebrazione e esprima rispetto e devozione.<\/p>\n<ol start=\"9\">\n<li>\n<h2>Solo pane di frumento per l&#8217;eucarestia?<\/h2>\n<\/li>\n<\/ol>\n<p>Assolutamente s\u00ec. Fin dal Concilio di Trento la Chiesa stessa ha dichiarato di non avere la facolt\u00e0 di cambiare la tradizione del pane di frumento, sebbene, nel tempo, si sia preso in considerazione l\u2019idea di permettere l\u2019uso di altre farine, nelle regioni e presso quelle culture in cui il frumento non venga utilizzato abitualmente. Ma si \u00e8 preferito evitare. Del resto, il punto 282 del Messale romano recita: \u201c<em>Il pane per la celebrazione dell\u2019Eucaristia deve essere di solo frumento, confezionato di recente, e azzimo, secondo l\u2019antica tradizione della Chiesa latina.\u201d\u00a0<\/em>La Chiesa condanna qualsiasi interpretazione troppo disinvolta della regola, e ha richiamato quei ministri della Chiesa che hanno tentato di rendere pi\u00f9 appetibili le loro ostie addolcendole con lo zucchero, o col miele, o aromatizzandole con la frutta. In Olanda, poi, a un certo punto si \u00e8 provato a sostituire il vino della Messa con della birra! L\u2019intervento di Papa Francesco ha posto fine a qualsiasi dubbio: con una circolare della Congregazione per il Culto Divino, il Santo Padre ha ribadito che: \u201c<em>Il pane, cio\u00e8 l\u2019ostia, deve essere azzimo, esclusivamente di frumento e preparato di recente, in modo che non ci sia alcun rischio di decomposizione<\/em>.\u201d<\/p>\n<ol start=\"10\">\n<li>\n<h2>Quante volte si pu\u00f2 ricevere la Comunione?<\/h2>\n<\/li>\n<\/ol>\n<p>Si possono ricevere fino a due Comunioni al giorno, purch\u00e9 entrambe nell\u2019ambito della Santa Messa. In pratica, dal 1967, non c&#8217;\u00e8 alcuna limitazione al numero di volte in cui si pu\u00f2 assistere alla Messa in un solo giorno, ma c\u2019\u00e8 una regola per il numero di volte in cui si pu\u00f2 prendere la Comunione. \u00c8 stato sconsigliato di andare oltre le due comunioni, per non cadere in eccessi di devozione che potrebbero far perdere di vista il reale valore dell\u2019atto. Questo vale anche per i sacerdoti, che possono celebrare fino a due messe al giorno, solo in caso di necessit\u00e0, e quindi possono ricevere la Comunione non pi\u00f9 di due volte al giorno. Il Codice di Diritto Canonico recita: \u201c<em>Eccettuati i casi in cui, a norma del diritto, \u00e8 lecito celebrare o concelebrare l&#8217;Eucaristia pi\u00f9 volte nello stesso giorno, non \u00e8 consentito al sacerdote celebrare pi\u00f9 di una volta al giorno. Nel caso vi sia scarsit\u00e0 di sacerdoti, l&#8217;Ordinario del luogo pu\u00f2 concedere che i sacerdoti, per giusta causa, celebrino due volte al giorno<\/em>\u201d (Canone 905). In questa questione, come in molte altre, inerente alla fede, non \u00e8 la quantit\u00e0 che conta, ma la qualit\u00e0. Meglio essere comunicati una volta alla settimana, ma col cuore pronto e l\u2019anima interamente rivolta a Dio, piuttosto che pi\u00f9 volte al giorno, ma senza il giusto atteggiamento.<\/p>\n","protected":false},"excerpt":{"rendered":"<p>Si\u00a0pu\u00f2 mangiare l\u2019ostia se cade per terra?\u00a0Bisogna ricevere la Comunione in piedi o in ginocchio? Come si chiama il contenitore che\u00a0custodisce le ostie consacrate? Le ostie senza glutine sono considerate valide dalla Chiesa? Come fare le ostie? Non ci stancheremo mai di ribadire l&#8217;importanza fondamentale&hellip;<\/p>\n","protected":false},"author":1,"featured_media":4259,"comment_status":"closed","ping_status":"open","sticky":false,"template":"","format":"standard","meta":{"_acf_changed":false,"footnotes":""},"categories":[16],"tags":[],"class_list":["post-4258","post","type-post","status-publish","format-standard","has-post-thumbnail","hentry","category-articoli-religiosi"],"acf":[],"yoast_head":"<!-- This site is optimized with the Yoast SEO plugin v26.6 - https:\/\/yoast.com\/wordpress\/plugins\/seo\/ -->\n<title>10 domande e 10 risposte sulle ostie e la comunione - Holyblog<\/title>\n<meta name=\"description\" content=\"Si pu\u00f2 mangiare l\u2019ostia se cade? La Comunione in piedi? Le ostie senza glutine sono valide dalla Chiesa? 10 domande, 10 risposte sulla comunione\" \/>\n<meta name=\"robots\" content=\"index, follow, max-snippet:-1, max-image-preview:large, max-video-preview:-1\" \/>\n<link rel=\"canonical\" href=\"https:\/\/blog.holyart.it\/it\/articoli-religiosi\/10-domande-10-risposte-sulle-ostie-la-comunione\/\" \/>\n<meta property=\"og:locale\" content=\"it_IT\" \/>\n<meta property=\"og:type\" content=\"article\" \/>\n<meta property=\"og:title\" content=\"10 domande e 10 risposte sulle ostie e la comunione - Holyblog\" \/>\n<meta property=\"og:description\" content=\"Si pu\u00f2 mangiare l\u2019ostia se cade? La Comunione in piedi? Le ostie senza glutine sono valide dalla Chiesa? 10 domande, 10 risposte sulla comunione\" \/>\n<meta property=\"og:url\" content=\"https:\/\/blog.holyart.it\/it\/articoli-religiosi\/10-domande-10-risposte-sulle-ostie-la-comunione\/\" \/>\n<meta property=\"og:site_name\" content=\"Holyblog\" \/>\n<meta property=\"article:published_time\" content=\"2018-09-06T14:03:46+00:00\" \/>\n<meta property=\"article:modified_time\" content=\"2022-08-30T10:36:41+00:00\" \/>\n<meta property=\"og:image\" content=\"https:\/\/blog.holyart.it\/it\/wp-content\/uploads\/sites\/17\/2018\/10\/Ostia-comunione.jpg\" \/>\n\t<meta property=\"og:image:width\" content=\"1000\" \/>\n\t<meta property=\"og:image:height\" content=\"666\" \/>\n\t<meta property=\"og:image:type\" content=\"image\/jpeg\" \/>\n<meta name=\"author\" content=\"Redazione\" \/>\n<meta name=\"twitter:card\" content=\"summary_large_image\" \/>\n<meta name=\"twitter:label1\" content=\"Scritto da\" \/>\n\t<meta name=\"twitter:data1\" content=\"Redazione\" \/>\n\t<meta name=\"twitter:label2\" content=\"Tempo di lettura stimato\" \/>\n\t<meta name=\"twitter:data2\" content=\"11 minuti\" \/>\n<script type=\"application\/ld+json\" class=\"yoast-schema-graph\">{\"@context\":\"https:\/\/schema.org\",\"@graph\":[{\"@type\":\"Article\",\"@id\":\"https:\/\/blog.holyart.it\/it\/articoli-religiosi\/10-domande-10-risposte-sulle-ostie-la-comunione\/#article\",\"isPartOf\":{\"@id\":\"https:\/\/blog.holyart.it\/it\/articoli-religiosi\/10-domande-10-risposte-sulle-ostie-la-comunione\/\"},\"author\":{\"name\":\"Redazione\",\"@id\":\"https:\/\/blog.holyart.it\/it\/#\/schema\/person\/0a7b686e5af0f856ec1e390dd0baecda\"},\"headline\":\"10 domande e 10 risposte sulle ostie e la comunione\",\"datePublished\":\"2018-09-06T14:03:46+00:00\",\"dateModified\":\"2022-08-30T10:36:41+00:00\",\"mainEntityOfPage\":{\"@id\":\"https:\/\/blog.holyart.it\/it\/articoli-religiosi\/10-domande-10-risposte-sulle-ostie-la-comunione\/\"},\"wordCount\":2170,\"publisher\":{\"@id\":\"https:\/\/blog.holyart.it\/it\/#organization\"},\"image\":{\"@id\":\"https:\/\/blog.holyart.it\/it\/articoli-religiosi\/10-domande-10-risposte-sulle-ostie-la-comunione\/#primaryimage\"},\"thumbnailUrl\":\"https:\/\/blog.holyart.it\/it\/wp-content\/uploads\/sites\/17\/2018\/10\/Ostia-comunione.jpg\",\"articleSection\":[\"Religione\"],\"inLanguage\":\"it-IT\"},{\"@type\":\"WebPage\",\"@id\":\"https:\/\/blog.holyart.it\/it\/articoli-religiosi\/10-domande-10-risposte-sulle-ostie-la-comunione\/\",\"url\":\"https:\/\/blog.holyart.it\/it\/articoli-religiosi\/10-domande-10-risposte-sulle-ostie-la-comunione\/\",\"name\":\"10 domande e 10 risposte sulle ostie e la comunione - Holyblog\",\"isPartOf\":{\"@id\":\"https:\/\/blog.holyart.it\/it\/#website\"},\"primaryImageOfPage\":{\"@id\":\"https:\/\/blog.holyart.it\/it\/articoli-religiosi\/10-domande-10-risposte-sulle-ostie-la-comunione\/#primaryimage\"},\"image\":{\"@id\":\"https:\/\/blog.holyart.it\/it\/articoli-religiosi\/10-domande-10-risposte-sulle-ostie-la-comunione\/#primaryimage\"},\"thumbnailUrl\":\"https:\/\/blog.holyart.it\/it\/wp-content\/uploads\/sites\/17\/2018\/10\/Ostia-comunione.jpg\",\"datePublished\":\"2018-09-06T14:03:46+00:00\",\"dateModified\":\"2022-08-30T10:36:41+00:00\",\"description\":\"Si pu\u00f2 mangiare l\u2019ostia se cade? La Comunione in piedi? Le ostie senza glutine sono valide dalla Chiesa? 10 domande, 10 risposte sulla comunione\",\"breadcrumb\":{\"@id\":\"https:\/\/blog.holyart.it\/it\/articoli-religiosi\/10-domande-10-risposte-sulle-ostie-la-comunione\/#breadcrumb\"},\"inLanguage\":\"it-IT\",\"potentialAction\":[{\"@type\":\"ReadAction\",\"target\":[\"https:\/\/blog.holyart.it\/it\/articoli-religiosi\/10-domande-10-risposte-sulle-ostie-la-comunione\/\"]}]},{\"@type\":\"ImageObject\",\"inLanguage\":\"it-IT\",\"@id\":\"https:\/\/blog.holyart.it\/it\/articoli-religiosi\/10-domande-10-risposte-sulle-ostie-la-comunione\/#primaryimage\",\"url\":\"https:\/\/blog.holyart.it\/it\/wp-content\/uploads\/sites\/17\/2018\/10\/Ostia-comunione.jpg\",\"contentUrl\":\"https:\/\/blog.holyart.it\/it\/wp-content\/uploads\/sites\/17\/2018\/10\/Ostia-comunione.jpg\",\"width\":1000,\"height\":666,\"caption\":\"Ostia comunione\"},{\"@type\":\"BreadcrumbList\",\"@id\":\"https:\/\/blog.holyart.it\/it\/articoli-religiosi\/10-domande-10-risposte-sulle-ostie-la-comunione\/#breadcrumb\",\"itemListElement\":[{\"@type\":\"ListItem\",\"position\":1,\"name\":\"Homepage\",\"item\":\"https:\/\/blog.holyart.it\/it\/\"},{\"@type\":\"ListItem\",\"position\":2,\"name\":\"Religione\",\"item\":\"https:\/\/blog.holyart.it\/it\/articoli-religiosi\/\"},{\"@type\":\"ListItem\",\"position\":3,\"name\":\"10 domande e 10 risposte sulle ostie e la comunione\"}]},{\"@type\":\"WebSite\",\"@id\":\"https:\/\/blog.holyart.it\/it\/#website\",\"url\":\"https:\/\/blog.holyart.it\/it\/\",\"name\":\"Holyblog\",\"description\":\"Il Blog di Holyart.it\",\"publisher\":{\"@id\":\"https:\/\/blog.holyart.it\/it\/#organization\"},\"potentialAction\":[{\"@type\":\"SearchAction\",\"target\":{\"@type\":\"EntryPoint\",\"urlTemplate\":\"https:\/\/blog.holyart.it\/it\/?s={search_term_string}\"},\"query-input\":{\"@type\":\"PropertyValueSpecification\",\"valueRequired\":true,\"valueName\":\"search_term_string\"}}],\"inLanguage\":\"it-IT\"},{\"@type\":\"Organization\",\"@id\":\"https:\/\/blog.holyart.it\/it\/#organization\",\"name\":\"Holyblog\",\"url\":\"https:\/\/blog.holyart.it\/it\/\",\"logo\":{\"@type\":\"ImageObject\",\"inLanguage\":\"it-IT\",\"@id\":\"https:\/\/blog.holyart.it\/it\/#\/schema\/logo\/image\/\",\"url\":\"https:\/\/blog.holyart.it\/it\/wp-content\/uploads\/sites\/17\/2022\/12\/Holyart_Blog_Logo.jpg\",\"contentUrl\":\"https:\/\/blog.holyart.it\/it\/wp-content\/uploads\/sites\/17\/2022\/12\/Holyart_Blog_Logo.jpg\",\"width\":300,\"height\":50,\"caption\":\"Holyblog\"},\"image\":{\"@id\":\"https:\/\/blog.holyart.it\/it\/#\/schema\/logo\/image\/\"}},{\"@type\":\"Person\",\"@id\":\"https:\/\/blog.holyart.it\/it\/#\/schema\/person\/0a7b686e5af0f856ec1e390dd0baecda\",\"name\":\"Redazione\"}]}<\/script>\n<!-- \/ Yoast SEO plugin. -->","yoast_head_json":{"title":"10 domande e 10 risposte sulle ostie e la comunione - Holyblog","description":"Si pu\u00f2 mangiare l\u2019ostia se cade? La Comunione in piedi? Le ostie senza glutine sono valide dalla Chiesa? 10 domande, 10 risposte sulla comunione","robots":{"index":"index","follow":"follow","max-snippet":"max-snippet:-1","max-image-preview":"max-image-preview:large","max-video-preview":"max-video-preview:-1"},"canonical":"https:\/\/blog.holyart.it\/it\/articoli-religiosi\/10-domande-10-risposte-sulle-ostie-la-comunione\/","og_locale":"it_IT","og_type":"article","og_title":"10 domande e 10 risposte sulle ostie e la comunione - Holyblog","og_description":"Si pu\u00f2 mangiare l\u2019ostia se cade? La Comunione in piedi? Le ostie senza glutine sono valide dalla Chiesa? 10 domande, 10 risposte sulla comunione","og_url":"https:\/\/blog.holyart.it\/it\/articoli-religiosi\/10-domande-10-risposte-sulle-ostie-la-comunione\/","og_site_name":"Holyblog","article_published_time":"2018-09-06T14:03:46+00:00","article_modified_time":"2022-08-30T10:36:41+00:00","og_image":[{"width":1000,"height":666,"url":"https:\/\/blog.holyart.it\/it\/wp-content\/uploads\/sites\/17\/2018\/10\/Ostia-comunione.jpg","type":"image\/jpeg"}],"author":"Redazione","twitter_card":"summary_large_image","twitter_misc":{"Scritto da":"Redazione","Tempo di lettura stimato":"11 minuti"},"schema":{"@context":"https:\/\/schema.org","@graph":[{"@type":"Article","@id":"https:\/\/blog.holyart.it\/it\/articoli-religiosi\/10-domande-10-risposte-sulle-ostie-la-comunione\/#article","isPartOf":{"@id":"https:\/\/blog.holyart.it\/it\/articoli-religiosi\/10-domande-10-risposte-sulle-ostie-la-comunione\/"},"author":{"name":"Redazione","@id":"https:\/\/blog.holyart.it\/it\/#\/schema\/person\/0a7b686e5af0f856ec1e390dd0baecda"},"headline":"10 domande e 10 risposte sulle ostie e la comunione","datePublished":"2018-09-06T14:03:46+00:00","dateModified":"2022-08-30T10:36:41+00:00","mainEntityOfPage":{"@id":"https:\/\/blog.holyart.it\/it\/articoli-religiosi\/10-domande-10-risposte-sulle-ostie-la-comunione\/"},"wordCount":2170,"publisher":{"@id":"https:\/\/blog.holyart.it\/it\/#organization"},"image":{"@id":"https:\/\/blog.holyart.it\/it\/articoli-religiosi\/10-domande-10-risposte-sulle-ostie-la-comunione\/#primaryimage"},"thumbnailUrl":"https:\/\/blog.holyart.it\/it\/wp-content\/uploads\/sites\/17\/2018\/10\/Ostia-comunione.jpg","articleSection":["Religione"],"inLanguage":"it-IT"},{"@type":"WebPage","@id":"https:\/\/blog.holyart.it\/it\/articoli-religiosi\/10-domande-10-risposte-sulle-ostie-la-comunione\/","url":"https:\/\/blog.holyart.it\/it\/articoli-religiosi\/10-domande-10-risposte-sulle-ostie-la-comunione\/","name":"10 domande e 10 risposte sulle ostie e la comunione - Holyblog","isPartOf":{"@id":"https:\/\/blog.holyart.it\/it\/#website"},"primaryImageOfPage":{"@id":"https:\/\/blog.holyart.it\/it\/articoli-religiosi\/10-domande-10-risposte-sulle-ostie-la-comunione\/#primaryimage"},"image":{"@id":"https:\/\/blog.holyart.it\/it\/articoli-religiosi\/10-domande-10-risposte-sulle-ostie-la-comunione\/#primaryimage"},"thumbnailUrl":"https:\/\/blog.holyart.it\/it\/wp-content\/uploads\/sites\/17\/2018\/10\/Ostia-comunione.jpg","datePublished":"2018-09-06T14:03:46+00:00","dateModified":"2022-08-30T10:36:41+00:00","description":"Si pu\u00f2 mangiare l\u2019ostia se cade? La Comunione in piedi? Le ostie senza glutine sono valide dalla Chiesa? 10 domande, 10 risposte sulla comunione","breadcrumb":{"@id":"https:\/\/blog.holyart.it\/it\/articoli-religiosi\/10-domande-10-risposte-sulle-ostie-la-comunione\/#breadcrumb"},"inLanguage":"it-IT","potentialAction":[{"@type":"ReadAction","target":["https:\/\/blog.holyart.it\/it\/articoli-religiosi\/10-domande-10-risposte-sulle-ostie-la-comunione\/"]}]},{"@type":"ImageObject","inLanguage":"it-IT","@id":"https:\/\/blog.holyart.it\/it\/articoli-religiosi\/10-domande-10-risposte-sulle-ostie-la-comunione\/#primaryimage","url":"https:\/\/blog.holyart.it\/it\/wp-content\/uploads\/sites\/17\/2018\/10\/Ostia-comunione.jpg","contentUrl":"https:\/\/blog.holyart.it\/it\/wp-content\/uploads\/sites\/17\/2018\/10\/Ostia-comunione.jpg","width":1000,"height":666,"caption":"Ostia comunione"},{"@type":"BreadcrumbList","@id":"https:\/\/blog.holyart.it\/it\/articoli-religiosi\/10-domande-10-risposte-sulle-ostie-la-comunione\/#breadcrumb","itemListElement":[{"@type":"ListItem","position":1,"name":"Homepage","item":"https:\/\/blog.holyart.it\/it\/"},{"@type":"ListItem","position":2,"name":"Religione","item":"https:\/\/blog.holyart.it\/it\/articoli-religiosi\/"},{"@type":"ListItem","position":3,"name":"10 domande e 10 risposte sulle ostie e la comunione"}]},{"@type":"WebSite","@id":"https:\/\/blog.holyart.it\/it\/#website","url":"https:\/\/blog.holyart.it\/it\/","name":"Holyblog","description":"Il Blog di Holyart.it","publisher":{"@id":"https:\/\/blog.holyart.it\/it\/#organization"},"potentialAction":[{"@type":"SearchAction","target":{"@type":"EntryPoint","urlTemplate":"https:\/\/blog.holyart.it\/it\/?s={search_term_string}"},"query-input":{"@type":"PropertyValueSpecification","valueRequired":true,"valueName":"search_term_string"}}],"inLanguage":"it-IT"},{"@type":"Organization","@id":"https:\/\/blog.holyart.it\/it\/#organization","name":"Holyblog","url":"https:\/\/blog.holyart.it\/it\/","logo":{"@type":"ImageObject","inLanguage":"it-IT","@id":"https:\/\/blog.holyart.it\/it\/#\/schema\/logo\/image\/","url":"https:\/\/blog.holyart.it\/it\/wp-content\/uploads\/sites\/17\/2022\/12\/Holyart_Blog_Logo.jpg","contentUrl":"https:\/\/blog.holyart.it\/it\/wp-content\/uploads\/sites\/17\/2022\/12\/Holyart_Blog_Logo.jpg","width":300,"height":50,"caption":"Holyblog"},"image":{"@id":"https:\/\/blog.holyart.it\/it\/#\/schema\/logo\/image\/"}},{"@type":"Person","@id":"https:\/\/blog.holyart.it\/it\/#\/schema\/person\/0a7b686e5af0f856ec1e390dd0baecda","name":"Redazione"}]}},"_links":{"self":[{"href":"https:\/\/blog.holyart.it\/it\/wp-json\/wp\/v2\/posts\/4258","targetHints":{"allow":["GET"]}}],"collection":[{"href":"https:\/\/blog.holyart.it\/it\/wp-json\/wp\/v2\/posts"}],"about":[{"href":"https:\/\/blog.holyart.it\/it\/wp-json\/wp\/v2\/types\/post"}],"author":[{"embeddable":true,"href":"https:\/\/blog.holyart.it\/it\/wp-json\/wp\/v2\/users\/1"}],"replies":[{"embeddable":true,"href":"https:\/\/blog.holyart.it\/it\/wp-json\/wp\/v2\/comments?post=4258"}],"version-history":[{"count":0,"href":"https:\/\/blog.holyart.it\/it\/wp-json\/wp\/v2\/posts\/4258\/revisions"}],"wp:featuredmedia":[{"embeddable":true,"href":"https:\/\/blog.holyart.it\/it\/wp-json\/wp\/v2\/media\/4259"}],"wp:attachment":[{"href":"https:\/\/blog.holyart.it\/it\/wp-json\/wp\/v2\/media?parent=4258"}],"wp:term":[{"taxonomy":"category","embeddable":true,"href":"https:\/\/blog.holyart.it\/it\/wp-json\/wp\/v2\/categories?post=4258"},{"taxonomy":"post_tag","embeddable":true,"href":"https:\/\/blog.holyart.it\/it\/wp-json\/wp\/v2\/tags?post=4258"}],"curies":[{"name":"wp","href":"https:\/\/api.w.org\/{rel}","templated":true}]}}