{"id":4202,"date":"2018-08-23T15:44:48","date_gmt":"2018-08-23T13:44:48","guid":{"rendered":"https:\/\/blog.holyart.it\/it\/?p=4202"},"modified":"2022-10-13T15:36:23","modified_gmt":"2022-10-13T13:36:23","slug":"il-giorno-in-cui-il-santissimo-sacramento-arrivo-nello-spazio","status":"publish","type":"post","link":"https:\/\/blog.holyart.it\/it\/articoli-religiosi\/il-giorno-in-cui-il-santissimo-sacramento-arrivo-nello-spazio\/","title":{"rendered":"Il giorno in cui il Santissimo Sacramento arriv\u00f2 nello spazio"},"content":{"rendered":"<p>Percepire la presenza di Dio mentre si \u00e8 immersi in un contesto naturale particolarmente maestoso e bello \u00e8\u00a0qualcosa che accomuna pressoch\u00e9 tutti i credenti, da sempre. Infatti, come si pu\u00f2 restare insensibili contemplando la grandiosit\u00e0 del cielo percorso da vascelli vaporosi fatti di nuvole, o trapunto di stelle scintillanti? Come si pu\u00f2 non pensare all&#8217;infinita saggezza e generosit\u00e0 di Chi ha creato una foresta secolare, con alberi svettanti come pilastri eretti a sorreggere il cielo, un sottobosco fremente di vita, florido di felci e di un infinito brulicare di piccoli animali? O ancora, la vastit\u00e0 del mare, il suo moto eterno e diseguale, la sua furia spaventosa, quando i venti gonfiano le onde e stravolgono i fondali, divorando la costa. Da dove viene tanta forza, tanta indomabile violenza? Chi pu\u00f2 placarla?<\/p>\n<p>Da sempre l&#8217;umanit\u00e0 assiste impotente e colma di stupore all&#8217;incomparabile spettacolo della natura, da sempre non pu\u00f2 fare a meno di leggere in essa la certezza che qualcosa o qualcuno di superiore esiste, e che a questa presenza sovrannaturale ed eterna deve l\u2019uomo tutta la terribile bellezza che lo circonda. Per i cristiani, naturalmente, tutto riconduce a Dio, Padre Onnipotente, creatore del cielo e della terra e di tutto ci\u00f2 che tra queste due sfere esiste, compresi gli uomini stessi.<\/p>\n<p>Dunque come\u00a0non comprendere l\u2019emozione intensa e impareggiabile di chi ha la fortuna e la possibilit\u00e0 di poter ammirare il nostro pianeta intero da una posizione decisamente privilegiata, ovvero dallo spazio?<\/p>\n<p>Parliamo degli astronauti, degli uomini e delle donne coraggiosi e capaci impegnati in missioni spaziali che li portano a trovarsi per periodi pi\u00f9 o meno lunghi a distanze dalla Terra inimmaginabili per i comuni mortali, e di certo in condizioni di vita quanto meno anomale. Eppure, nonostante la lontananza dalla propria esistenza quotidiana, dai propri affetti, dalle proprie abitudini, o forse proprio in virt\u00f9 di questa sorta di sospensione dalla vita \u2018terrestre\u2019, immersi in un contesto che non ha eguali, e dal quale possono contemplare la pienezza del creato nel senso pi\u00f9 vero del termine, questi uomini e queste donne avvertono con ancor maggior intensit\u00e0 la presenza di Dio al loro fianco.<\/p>\n<h2>Michael S. Hopkins: &#8220;Ges\u00f9 era con me!&#8221;<\/h2>\n<p>Ma come vivono la propria fede in orbita gli astronauti cattolici? Come possono supplire alla mancanza del Santissimo Sacramento per periodi anche molto lunghi?<\/p>\n<p>Ognuno secondo le proprie possibilit\u00e0, naturalmente. \u00c8 vero che non c\u2019\u00e8 modo per loro di partecipare alla messa e di ricevere la comunione, ma non esistono impedimenti che non consentano loro di pregare, da soli o perfino insieme. \u00c8 il caso di Sid Gutierrez, Thomas Jones e Kevin Chilton, tre astronauti in missione sull\u2019astronave Endeavour in viaggio intorno alla Terra per studiare i cambiamenti nell\u2019aprile del 1994: non solo pregavano insieme, ma celebrarono una liturgia cattolica con l\u2019<strong><a href=\"https:\/\/www.holyart.it\/blog\/accessori-liturgia\/lostia-nella-celebrazione-eucaristica\/\">Eucaristia<\/a><\/strong> a bordo dello Space Shuttle.<\/p>\n<p>Ma gi\u00e0 nel 1968 l\u2019equipaggio dell\u2019Apollo 8 in orbita intorno alla Luna aveva lanciato un messaggio importante ai cristiani rimasti sulla Terra leggendo in diretta televisiva alcuni brani della Genesi.<\/p>\n<p>Ancora, Buzz Aldrin, il secondo uomo sceso sulla Luna durante la missione Apollo 11, volle celebrare proprio sul satellite d\u2019argento l\u2019eucarestia utilizzando un <strong><a href=\"https:\/\/www.holyart.it\/it\/accessori-per-la-liturgia\/teche-eucaristiche\">kit da viaggio completo del Santissimo Sacramento<\/a><\/strong> e grazie a un permesso speciale della Chiesa presbiteriana.<\/p>\n<p>Un caso pi\u00f9 recente \u00e8 quello di Michael S. Hopkins, astronauta e colonnello della U.S. Air Force. La sua missione \u00e8 iniziata nel settembre del 2013: 24 settimane a bordo della Stazione Spaziale Internazionale. Poco prima di partire, l\u2019astronauta si era convertito al cristianesimo e aveva portato a termine il percorso di catechesi. Forse \u00e8 stata proprio la freschezza della sua fede a rendergli intollerabile l\u2019idea di dover rinunciare per un periodo cos\u00ec lungo a ricevere il Corpo di Cristo. Cos\u00ec, con l\u2019intercessione del suo parroco e un permesso speciale da parte dell\u2019Arcidiocesi di Galveston-Houston, all\u2019astronauta \u00e8 stato concesso di portare nello spazio una <strong><a href=\"https:\/\/www.holyart.it\/it\/accessori-per-la-liturgia\/calici-pissidi-patene\">pisside<\/a><\/strong> contenente sei <a href=\"https:\/\/www.holyart.it\/blog\/articoli-religiosi\/ostie-celiaci-facciamo-chiarezza\/\"><strong>ostie consacrate<\/strong><\/a>, ciascuna divisa in quattro parti: il necessario per poter ricevere\u00a0il Santissimo Sacramento una volta alla settimana per tutta la durata della missione. Inoltre il solerte parroco si \u00e8 anche preoccupato di fargli pervenire ogni settimana l\u2019omelia tramite e-mail, per rendere ancora pi\u00f9 completa e confortante la sua esperienza di fede.<\/p>\n<p><center><center><iframe loading=\"lazy\" src=\"https:\/\/www.youtube.com\/embed\/a3b-5qSXdVA\" width=\"560\" height=\"315\" frameborder=\"0\" allowfullscreen=\"allowfullscreen\"><\/iframe><\/center><\/center><\/p>\n<h2>Com\u2019\u00e8 pregare nello spazio?<\/h2>\n<p>La Stazione Spaziale Internazionale \u00e8 dotata di un particolare e unico modulo di osservazione, chiamato la Cupola. La Cupola \u00e8 una semisfera di tre metri di diametro, dotata di 6 finestre laterali e una finestra nella parte superiore. Da queste finestre gli astronauti godono di una vista davvero ampia e privilegiata sull\u2019esterno, e questo porta tutta una serie di vantaggi. Innanzitutto dalla Cupola si possono seguire le manovre dei colleghi impegnati all&#8217;esterno della Stazione, cos\u00ec come i movimenti del braccio meccanico e le operazioni di attracco.<\/p>\n<p>Ma ci\u00f2 che rende la Cupola davvero speciale, da un punto di vista squisitamente umano e psicologico, \u00e8 che da l\u00ec si pu\u00f2 vedere la Terra. A noi, abituati ai film di fantascienza, pu\u00f2 sembrare banale, ma proviamo a metterci nei panni di questi uomini e queste donne lontani miglia e miglia da casa, all\u2019effetto che deve sortire su di loro vedere il proprio pianeta ammantato di azzurro, sospeso nel vuoto cosmico come uno dei tanti altri corpi celesti. Non \u00e8 quindi un caso se molti astronauti cattolici scelgono proprio la Cupola per andare a pregare, come documentano molte foto scattate nel corso delle varie missioni. \u00c8 proprio quando avvertiamo in modo pi\u00f9 intenso e palpabile la nostra fragilit\u00e0, il nostro essere nulla di fronte all\u2019immensit\u00e0 del creato, che sentiamo la presenza di Dio al nostro fianco, il Suo sconfinato Amore che ci avvolge, ci conforta, ci protegge. E tutto appare improvvisamente ancora pi\u00f9 bello e prezioso, ancora pi\u00f9 inestimabile, perch\u00e9 Lui \u00e8 con noi, perfino quando siamo cos\u00ec lontani dalla nostra casa, sperduti in un abisso tempestato di stelle che ci gira intorno, indifferente, eterno. \u00c8 comprensibile, dunque, lo stupore, la reverenza e l\u2019amore che devono provare gli astronauti della Stazione Spaziale Internazionale quando, oltre le vetrate della Cupola, contemplano lo spazio profondo, raccolti in preghiera.<\/p>\n<p>Significativa anche la testimonianza del gi\u00e0 citato Thomas D. Jones. Nel suo libro biografico Jones scrive, tra le altre cose: \u201c<em>Ogni notte, prima di dormire, ringraziavo Dio per quelle meravigliose viste della Terra e per la riuscita della nostra missione. Pregavo in continuazione per la sicurezza della nostra squadra e affinch\u00e9 finisse tutto con un felice incontro con le nostre famiglie.<\/em>\u201d Anche in questa missione era stato concesso agli astronauti di portare con s\u00e9 alcune ostie, che venivano distribuite da uno di essi, designato come ministro straordinario dell\u2019Eucaristia<\/p>\n<p>\u201c<em>Kevin condivise il Corpo di Cristo con Sid e con me e fluttuammo nella cabina di volo, riflettendo in silenzio in questo momento di pace e di vera comunione con Cristo<\/em>\u201d, scrive ancora Jones, e continua: \u201c<em>Mentre meditavamo tranquillamente nell\u2019oscurit\u00e0 della cabina, una magnifica luce bianca sorse dallo spazio entrando nella cabina. La luce radiante del sole, penetrava attraverso le finestre anteriori dell\u2019Endeavour, infondendo calore. Quale altro segno avremmo potuto chiedere se non quello? Era la dolce affermazione da parte di Dio della nostra unione con Lui<\/em>\u201d.<\/p>\n<p>Il libro di Thomas D. Jones trascende l\u2019interesse scientifico per offrirci una testimonianza di grande umanit\u00e0 e fede. Attraverso i suoi occhi, l\u2019azzurro della Terra vista dallo spazio diventa quello del manto della Vergine, e non si pu\u00f2 rimanere insensibili alla profonda commozione che permea le sue parole, quando descrive i colori del nostro pianeta visti come impossibili da ritrovare nel quadro di qualsiasi pittore al mondo. Ancora una volta la consapevolezza della nostra piccolezza, rispetto al creato e a Dio, emerge dal racconto di chi ha avuto la fortuna di poter godere di questo punto di vista unico e privilegiato. Un altro dono di Dio ai suoi figli prediletti, un\u2019altra promessa di bellezza e amore che Lui ha voluto concedere agli uomini.<\/p>\n","protected":false},"excerpt":{"rendered":"<p>Percepire la presenza di Dio mentre si \u00e8 immersi in un contesto naturale particolarmente maestoso e bello \u00e8\u00a0qualcosa che accomuna pressoch\u00e9 tutti i credenti, da sempre. Infatti, come si pu\u00f2 restare insensibili contemplando la grandiosit\u00e0 del cielo percorso da vascelli vaporosi fatti di nuvole, o&hellip;<\/p>\n","protected":false},"author":1,"featured_media":4206,"comment_status":"closed","ping_status":"open","sticky":false,"template":"","format":"standard","meta":{"_acf_changed":false,"footnotes":""},"categories":[16],"tags":[],"class_list":["post-4202","post","type-post","status-publish","format-standard","has-post-thumbnail","hentry","category-articoli-religiosi"],"acf":[],"yoast_head":"<!-- This site is optimized with the Yoast SEO plugin v26.6 - https:\/\/yoast.com\/wordpress\/plugins\/seo\/ -->\n<title>Il giorno in cui il Santissimo Sacramento arriv\u00f2 nello spazio<\/title>\n<meta name=\"description\" content=\"Percepire la presenza di Dio mentre si \u00e8 immersi in un contesto naturale particolarmente maestoso e bello \u00e8 qualcosa che accomuna pressoch\u00e9 tutti i credenti\" \/>\n<meta name=\"robots\" content=\"index, follow, max-snippet:-1, max-image-preview:large, max-video-preview:-1\" \/>\n<link rel=\"canonical\" href=\"https:\/\/blog.holyart.it\/it\/articoli-religiosi\/il-giorno-in-cui-il-santissimo-sacramento-arrivo-nello-spazio\/\" \/>\n<meta property=\"og:locale\" content=\"it_IT\" \/>\n<meta property=\"og:type\" content=\"article\" \/>\n<meta property=\"og:title\" content=\"Il giorno in cui il Santissimo Sacramento arriv\u00f2 nello spazio\" \/>\n<meta property=\"og:description\" content=\"Percepire la presenza di Dio mentre si \u00e8 immersi in un contesto naturale particolarmente maestoso e bello \u00e8 qualcosa che accomuna pressoch\u00e9 tutti i credenti\" \/>\n<meta property=\"og:url\" content=\"https:\/\/blog.holyart.it\/it\/articoli-religiosi\/il-giorno-in-cui-il-santissimo-sacramento-arrivo-nello-spazio\/\" \/>\n<meta property=\"og:site_name\" content=\"Holyblog\" \/>\n<meta property=\"article:published_time\" content=\"2018-08-23T13:44:48+00:00\" \/>\n<meta property=\"article:modified_time\" content=\"2022-10-13T13:36:23+00:00\" \/>\n<meta property=\"og:image\" content=\"https:\/\/blog.holyart.it\/it\/wp-content\/uploads\/sites\/17\/2018\/08\/sacramento-nello-spazio.jpg\" \/>\n\t<meta property=\"og:image:width\" content=\"1000\" \/>\n\t<meta property=\"og:image:height\" content=\"666\" \/>\n\t<meta property=\"og:image:type\" content=\"image\/jpeg\" \/>\n<meta name=\"author\" content=\"Redazione\" \/>\n<meta name=\"twitter:card\" content=\"summary_large_image\" \/>\n<meta name=\"twitter:label1\" content=\"Scritto da\" \/>\n\t<meta name=\"twitter:data1\" content=\"Redazione\" \/>\n\t<meta name=\"twitter:label2\" content=\"Tempo di lettura stimato\" \/>\n\t<meta name=\"twitter:data2\" content=\"7 minuti\" \/>\n<script type=\"application\/ld+json\" class=\"yoast-schema-graph\">{\"@context\":\"https:\/\/schema.org\",\"@graph\":[{\"@type\":\"Article\",\"@id\":\"https:\/\/blog.holyart.it\/it\/articoli-religiosi\/il-giorno-in-cui-il-santissimo-sacramento-arrivo-nello-spazio\/#article\",\"isPartOf\":{\"@id\":\"https:\/\/blog.holyart.it\/it\/articoli-religiosi\/il-giorno-in-cui-il-santissimo-sacramento-arrivo-nello-spazio\/\"},\"author\":{\"name\":\"Redazione\",\"@id\":\"https:\/\/blog.holyart.it\/it\/#\/schema\/person\/0a7b686e5af0f856ec1e390dd0baecda\"},\"headline\":\"Il giorno in cui il Santissimo Sacramento arriv\u00f2 nello spazio\",\"datePublished\":\"2018-08-23T13:44:48+00:00\",\"dateModified\":\"2022-10-13T13:36:23+00:00\",\"mainEntityOfPage\":{\"@id\":\"https:\/\/blog.holyart.it\/it\/articoli-religiosi\/il-giorno-in-cui-il-santissimo-sacramento-arrivo-nello-spazio\/\"},\"wordCount\":1316,\"publisher\":{\"@id\":\"https:\/\/blog.holyart.it\/it\/#organization\"},\"image\":{\"@id\":\"https:\/\/blog.holyart.it\/it\/articoli-religiosi\/il-giorno-in-cui-il-santissimo-sacramento-arrivo-nello-spazio\/#primaryimage\"},\"thumbnailUrl\":\"https:\/\/blog.holyart.it\/it\/wp-content\/uploads\/sites\/17\/2018\/08\/sacramento-nello-spazio.jpg\",\"articleSection\":[\"Religione\"],\"inLanguage\":\"it-IT\"},{\"@type\":\"WebPage\",\"@id\":\"https:\/\/blog.holyart.it\/it\/articoli-religiosi\/il-giorno-in-cui-il-santissimo-sacramento-arrivo-nello-spazio\/\",\"url\":\"https:\/\/blog.holyart.it\/it\/articoli-religiosi\/il-giorno-in-cui-il-santissimo-sacramento-arrivo-nello-spazio\/\",\"name\":\"Il giorno in cui il Santissimo Sacramento arriv\u00f2 nello spazio\",\"isPartOf\":{\"@id\":\"https:\/\/blog.holyart.it\/it\/#website\"},\"primaryImageOfPage\":{\"@id\":\"https:\/\/blog.holyart.it\/it\/articoli-religiosi\/il-giorno-in-cui-il-santissimo-sacramento-arrivo-nello-spazio\/#primaryimage\"},\"image\":{\"@id\":\"https:\/\/blog.holyart.it\/it\/articoli-religiosi\/il-giorno-in-cui-il-santissimo-sacramento-arrivo-nello-spazio\/#primaryimage\"},\"thumbnailUrl\":\"https:\/\/blog.holyart.it\/it\/wp-content\/uploads\/sites\/17\/2018\/08\/sacramento-nello-spazio.jpg\",\"datePublished\":\"2018-08-23T13:44:48+00:00\",\"dateModified\":\"2022-10-13T13:36:23+00:00\",\"description\":\"Percepire la presenza di Dio mentre si \u00e8 immersi in un contesto naturale particolarmente maestoso e bello \u00e8 qualcosa che accomuna pressoch\u00e9 tutti i credenti\",\"breadcrumb\":{\"@id\":\"https:\/\/blog.holyart.it\/it\/articoli-religiosi\/il-giorno-in-cui-il-santissimo-sacramento-arrivo-nello-spazio\/#breadcrumb\"},\"inLanguage\":\"it-IT\",\"potentialAction\":[{\"@type\":\"ReadAction\",\"target\":[\"https:\/\/blog.holyart.it\/it\/articoli-religiosi\/il-giorno-in-cui-il-santissimo-sacramento-arrivo-nello-spazio\/\"]}]},{\"@type\":\"ImageObject\",\"inLanguage\":\"it-IT\",\"@id\":\"https:\/\/blog.holyart.it\/it\/articoli-religiosi\/il-giorno-in-cui-il-santissimo-sacramento-arrivo-nello-spazio\/#primaryimage\",\"url\":\"https:\/\/blog.holyart.it\/it\/wp-content\/uploads\/sites\/17\/2018\/08\/sacramento-nello-spazio.jpg\",\"contentUrl\":\"https:\/\/blog.holyart.it\/it\/wp-content\/uploads\/sites\/17\/2018\/08\/sacramento-nello-spazio.jpg\",\"width\":1000,\"height\":666,\"caption\":\"santissimo sacramento\"},{\"@type\":\"BreadcrumbList\",\"@id\":\"https:\/\/blog.holyart.it\/it\/articoli-religiosi\/il-giorno-in-cui-il-santissimo-sacramento-arrivo-nello-spazio\/#breadcrumb\",\"itemListElement\":[{\"@type\":\"ListItem\",\"position\":1,\"name\":\"Homepage\",\"item\":\"https:\/\/blog.holyart.it\/it\/\"},{\"@type\":\"ListItem\",\"position\":2,\"name\":\"Religione\",\"item\":\"https:\/\/blog.holyart.it\/it\/articoli-religiosi\/\"},{\"@type\":\"ListItem\",\"position\":3,\"name\":\"Il giorno in cui il Santissimo Sacramento arriv\u00f2 nello spazio\"}]},{\"@type\":\"WebSite\",\"@id\":\"https:\/\/blog.holyart.it\/it\/#website\",\"url\":\"https:\/\/blog.holyart.it\/it\/\",\"name\":\"Holyblog\",\"description\":\"Il Blog di Holyart.it\",\"publisher\":{\"@id\":\"https:\/\/blog.holyart.it\/it\/#organization\"},\"potentialAction\":[{\"@type\":\"SearchAction\",\"target\":{\"@type\":\"EntryPoint\",\"urlTemplate\":\"https:\/\/blog.holyart.it\/it\/?s={search_term_string}\"},\"query-input\":{\"@type\":\"PropertyValueSpecification\",\"valueRequired\":true,\"valueName\":\"search_term_string\"}}],\"inLanguage\":\"it-IT\"},{\"@type\":\"Organization\",\"@id\":\"https:\/\/blog.holyart.it\/it\/#organization\",\"name\":\"Holyblog\",\"url\":\"https:\/\/blog.holyart.it\/it\/\",\"logo\":{\"@type\":\"ImageObject\",\"inLanguage\":\"it-IT\",\"@id\":\"https:\/\/blog.holyart.it\/it\/#\/schema\/logo\/image\/\",\"url\":\"https:\/\/blog.holyart.it\/it\/wp-content\/uploads\/sites\/17\/2022\/12\/Holyart_Blog_Logo.jpg\",\"contentUrl\":\"https:\/\/blog.holyart.it\/it\/wp-content\/uploads\/sites\/17\/2022\/12\/Holyart_Blog_Logo.jpg\",\"width\":300,\"height\":50,\"caption\":\"Holyblog\"},\"image\":{\"@id\":\"https:\/\/blog.holyart.it\/it\/#\/schema\/logo\/image\/\"}},{\"@type\":\"Person\",\"@id\":\"https:\/\/blog.holyart.it\/it\/#\/schema\/person\/0a7b686e5af0f856ec1e390dd0baecda\",\"name\":\"Redazione\"}]}<\/script>\n<!-- \/ Yoast SEO plugin. -->","yoast_head_json":{"title":"Il giorno in cui il Santissimo Sacramento arriv\u00f2 nello spazio","description":"Percepire la presenza di Dio mentre si \u00e8 immersi in un contesto naturale particolarmente maestoso e bello \u00e8 qualcosa che accomuna pressoch\u00e9 tutti i credenti","robots":{"index":"index","follow":"follow","max-snippet":"max-snippet:-1","max-image-preview":"max-image-preview:large","max-video-preview":"max-video-preview:-1"},"canonical":"https:\/\/blog.holyart.it\/it\/articoli-religiosi\/il-giorno-in-cui-il-santissimo-sacramento-arrivo-nello-spazio\/","og_locale":"it_IT","og_type":"article","og_title":"Il giorno in cui il Santissimo Sacramento arriv\u00f2 nello spazio","og_description":"Percepire la presenza di Dio mentre si \u00e8 immersi in un contesto naturale particolarmente maestoso e bello \u00e8 qualcosa che accomuna pressoch\u00e9 tutti i credenti","og_url":"https:\/\/blog.holyart.it\/it\/articoli-religiosi\/il-giorno-in-cui-il-santissimo-sacramento-arrivo-nello-spazio\/","og_site_name":"Holyblog","article_published_time":"2018-08-23T13:44:48+00:00","article_modified_time":"2022-10-13T13:36:23+00:00","og_image":[{"width":1000,"height":666,"url":"https:\/\/blog.holyart.it\/it\/wp-content\/uploads\/sites\/17\/2018\/08\/sacramento-nello-spazio.jpg","type":"image\/jpeg"}],"author":"Redazione","twitter_card":"summary_large_image","twitter_misc":{"Scritto da":"Redazione","Tempo di lettura stimato":"7 minuti"},"schema":{"@context":"https:\/\/schema.org","@graph":[{"@type":"Article","@id":"https:\/\/blog.holyart.it\/it\/articoli-religiosi\/il-giorno-in-cui-il-santissimo-sacramento-arrivo-nello-spazio\/#article","isPartOf":{"@id":"https:\/\/blog.holyart.it\/it\/articoli-religiosi\/il-giorno-in-cui-il-santissimo-sacramento-arrivo-nello-spazio\/"},"author":{"name":"Redazione","@id":"https:\/\/blog.holyart.it\/it\/#\/schema\/person\/0a7b686e5af0f856ec1e390dd0baecda"},"headline":"Il giorno in cui il Santissimo Sacramento arriv\u00f2 nello spazio","datePublished":"2018-08-23T13:44:48+00:00","dateModified":"2022-10-13T13:36:23+00:00","mainEntityOfPage":{"@id":"https:\/\/blog.holyart.it\/it\/articoli-religiosi\/il-giorno-in-cui-il-santissimo-sacramento-arrivo-nello-spazio\/"},"wordCount":1316,"publisher":{"@id":"https:\/\/blog.holyart.it\/it\/#organization"},"image":{"@id":"https:\/\/blog.holyart.it\/it\/articoli-religiosi\/il-giorno-in-cui-il-santissimo-sacramento-arrivo-nello-spazio\/#primaryimage"},"thumbnailUrl":"https:\/\/blog.holyart.it\/it\/wp-content\/uploads\/sites\/17\/2018\/08\/sacramento-nello-spazio.jpg","articleSection":["Religione"],"inLanguage":"it-IT"},{"@type":"WebPage","@id":"https:\/\/blog.holyart.it\/it\/articoli-religiosi\/il-giorno-in-cui-il-santissimo-sacramento-arrivo-nello-spazio\/","url":"https:\/\/blog.holyart.it\/it\/articoli-religiosi\/il-giorno-in-cui-il-santissimo-sacramento-arrivo-nello-spazio\/","name":"Il giorno in cui il Santissimo Sacramento arriv\u00f2 nello spazio","isPartOf":{"@id":"https:\/\/blog.holyart.it\/it\/#website"},"primaryImageOfPage":{"@id":"https:\/\/blog.holyart.it\/it\/articoli-religiosi\/il-giorno-in-cui-il-santissimo-sacramento-arrivo-nello-spazio\/#primaryimage"},"image":{"@id":"https:\/\/blog.holyart.it\/it\/articoli-religiosi\/il-giorno-in-cui-il-santissimo-sacramento-arrivo-nello-spazio\/#primaryimage"},"thumbnailUrl":"https:\/\/blog.holyart.it\/it\/wp-content\/uploads\/sites\/17\/2018\/08\/sacramento-nello-spazio.jpg","datePublished":"2018-08-23T13:44:48+00:00","dateModified":"2022-10-13T13:36:23+00:00","description":"Percepire la presenza di Dio mentre si \u00e8 immersi in un contesto naturale particolarmente maestoso e bello \u00e8 qualcosa che accomuna pressoch\u00e9 tutti i credenti","breadcrumb":{"@id":"https:\/\/blog.holyart.it\/it\/articoli-religiosi\/il-giorno-in-cui-il-santissimo-sacramento-arrivo-nello-spazio\/#breadcrumb"},"inLanguage":"it-IT","potentialAction":[{"@type":"ReadAction","target":["https:\/\/blog.holyart.it\/it\/articoli-religiosi\/il-giorno-in-cui-il-santissimo-sacramento-arrivo-nello-spazio\/"]}]},{"@type":"ImageObject","inLanguage":"it-IT","@id":"https:\/\/blog.holyart.it\/it\/articoli-religiosi\/il-giorno-in-cui-il-santissimo-sacramento-arrivo-nello-spazio\/#primaryimage","url":"https:\/\/blog.holyart.it\/it\/wp-content\/uploads\/sites\/17\/2018\/08\/sacramento-nello-spazio.jpg","contentUrl":"https:\/\/blog.holyart.it\/it\/wp-content\/uploads\/sites\/17\/2018\/08\/sacramento-nello-spazio.jpg","width":1000,"height":666,"caption":"santissimo sacramento"},{"@type":"BreadcrumbList","@id":"https:\/\/blog.holyart.it\/it\/articoli-religiosi\/il-giorno-in-cui-il-santissimo-sacramento-arrivo-nello-spazio\/#breadcrumb","itemListElement":[{"@type":"ListItem","position":1,"name":"Homepage","item":"https:\/\/blog.holyart.it\/it\/"},{"@type":"ListItem","position":2,"name":"Religione","item":"https:\/\/blog.holyart.it\/it\/articoli-religiosi\/"},{"@type":"ListItem","position":3,"name":"Il giorno in cui il Santissimo Sacramento arriv\u00f2 nello spazio"}]},{"@type":"WebSite","@id":"https:\/\/blog.holyart.it\/it\/#website","url":"https:\/\/blog.holyart.it\/it\/","name":"Holyblog","description":"Il Blog di Holyart.it","publisher":{"@id":"https:\/\/blog.holyart.it\/it\/#organization"},"potentialAction":[{"@type":"SearchAction","target":{"@type":"EntryPoint","urlTemplate":"https:\/\/blog.holyart.it\/it\/?s={search_term_string}"},"query-input":{"@type":"PropertyValueSpecification","valueRequired":true,"valueName":"search_term_string"}}],"inLanguage":"it-IT"},{"@type":"Organization","@id":"https:\/\/blog.holyart.it\/it\/#organization","name":"Holyblog","url":"https:\/\/blog.holyart.it\/it\/","logo":{"@type":"ImageObject","inLanguage":"it-IT","@id":"https:\/\/blog.holyart.it\/it\/#\/schema\/logo\/image\/","url":"https:\/\/blog.holyart.it\/it\/wp-content\/uploads\/sites\/17\/2022\/12\/Holyart_Blog_Logo.jpg","contentUrl":"https:\/\/blog.holyart.it\/it\/wp-content\/uploads\/sites\/17\/2022\/12\/Holyart_Blog_Logo.jpg","width":300,"height":50,"caption":"Holyblog"},"image":{"@id":"https:\/\/blog.holyart.it\/it\/#\/schema\/logo\/image\/"}},{"@type":"Person","@id":"https:\/\/blog.holyart.it\/it\/#\/schema\/person\/0a7b686e5af0f856ec1e390dd0baecda","name":"Redazione"}]}},"_links":{"self":[{"href":"https:\/\/blog.holyart.it\/it\/wp-json\/wp\/v2\/posts\/4202","targetHints":{"allow":["GET"]}}],"collection":[{"href":"https:\/\/blog.holyart.it\/it\/wp-json\/wp\/v2\/posts"}],"about":[{"href":"https:\/\/blog.holyart.it\/it\/wp-json\/wp\/v2\/types\/post"}],"author":[{"embeddable":true,"href":"https:\/\/blog.holyart.it\/it\/wp-json\/wp\/v2\/users\/1"}],"replies":[{"embeddable":true,"href":"https:\/\/blog.holyart.it\/it\/wp-json\/wp\/v2\/comments?post=4202"}],"version-history":[{"count":0,"href":"https:\/\/blog.holyart.it\/it\/wp-json\/wp\/v2\/posts\/4202\/revisions"}],"wp:featuredmedia":[{"embeddable":true,"href":"https:\/\/blog.holyart.it\/it\/wp-json\/wp\/v2\/media\/4206"}],"wp:attachment":[{"href":"https:\/\/blog.holyart.it\/it\/wp-json\/wp\/v2\/media?parent=4202"}],"wp:term":[{"taxonomy":"category","embeddable":true,"href":"https:\/\/blog.holyart.it\/it\/wp-json\/wp\/v2\/categories?post=4202"},{"taxonomy":"post_tag","embeddable":true,"href":"https:\/\/blog.holyart.it\/it\/wp-json\/wp\/v2\/tags?post=4202"}],"curies":[{"name":"wp","href":"https:\/\/api.w.org\/{rel}","templated":true}]}}