{"id":403,"date":"2016-11-09T13:00:32","date_gmt":"2016-11-09T12:00:32","guid":{"rendered":"https:\/\/blog.holyart.it\/it\/?p=403"},"modified":"2024-09-10T16:54:13","modified_gmt":"2024-09-10T14:54:13","slug":"san-giuseppe-dormiente-santo-protettore-papa-francesco","status":"publish","type":"post","link":"https:\/\/blog.holyart.it\/it\/santi-e-beati\/san-giuseppe-dormiente-santo-protettore-papa-francesco\/","title":{"rendered":"San Giuseppe dormiente: il santo protettore di Papa Francesco"},"content":{"rendered":"<p>La storia umana e religiosa di <strong>Jorge Mario Bergoglio<\/strong>, futuro <span style=\"color: #000080;\"><strong><a style=\"color: #000080;\" title=\"Papa Francesco\" href=\"http:\/\/www.holyart.it\/it\/occasioni-speciali\/papa-francesco\">Papa Francesco<\/a><\/strong><\/span>, \u00e8 stata legata fin dal principio a una particolare figura cara ai cristiani di tutto il mondo: quella di <strong>San Giuseppe<\/strong>.<\/p>\n<p>Un legame sottile, fatto di coincidenze a volte fortuite, di un concatenarsi di tasselli piccoli e grandi che si sono disposti, nel tempo, a creare un disegno straordinariamente vivido e forte nel suo simbolismo.<\/p>\n<p>\u00c8 nella chiesa di San Jos\u00e9 Buenos Aires che nel 1953 il diciassettenne Jorge Mario Bergoglio scopre la vocazione e decreta la sua volont\u00e0 di dedicare la propria vita a Dio e agli uomini. Tanti anni dopo, \u00e8 nel giorno di <a href=\"https:\/\/www.holyart.it\/it\/articoli\/statue-san-giuseppe.php?page=1&amp;search_term=statua+san+giuseppe\"><strong>San Giuseppe<\/strong><\/a>, il 19 marzo 2013, che quel ragazzo divenuto uomo viene consacrato al ruolo di Pontefice e Padre della Chiesa.<\/p>\n<div class=\"link-article\">\n<p><img loading=\"lazy\" decoding=\"async\" class=\"alignleft size-full wp-image-11954\" src=\"https:\/\/blog.holyart.it\/it\/wp-content\/uploads\/sites\/17\/2016\/11\/Papa-Francesco.jpg\" alt=\"Papa Francesco\" width=\"150\" height=\"100\" data-kale-share-title=\"San Giuseppe dormiente: il santo protettore di Papa Francesco\" data-kale-share-url=\"https:\/\/blog.holyart.it\/it\/santi-e-beati\/san-giuseppe-dormiente-santo-protettore-papa-francesco\/\" \/><\/p>\n<div class=\"leggi-anche\">Leggi anche:<\/div>\n<p><strong><a href=\"https:\/\/www.holyart.it\/blog\/articoli-religiosi\/anniversario-elezione-papa-francesco\/\">Anniversario elezione di Papa Francesco<\/a><\/strong><br \/>\nLa rivoluzione pacifica di Papa Francesco. Vediamo insieme come la chiesa \u00e8 cambiata e sta cambiando sotto la guida di quest\u2019uomo speciale&#8230;<\/p>\n<\/div>\n<p>Un cammino lungo, arduo, che Papa Francesco ha affrontato con il <strong>coraggio<\/strong>, la <strong>determinazione<\/strong> e l\u2019<strong>ottimismo<\/strong> che lo contraddistinguono. Un viaggio che non ha intrapreso da solo. Papa Francesco ha voluto che San Giuseppe fosse con lui, una guida discreta, <strong>un protettore silente<\/strong>, ma sempre attento. Ancora oggi, nello studio personale del Papa a Casa Santa Marta, ci sono due statue che raffigurano il Santo. Una in particolare \u00e8 molto cara al Papa e lo accompagna da sempre, da quando viveva a nel Collegio Maximo di San Miguel di cui era rettore. Si tratta di un\u2019immagine insolita, per noi, ma molto diffusa tra i fedeli sudamericani: una statua che raffigura <strong>San Giuseppe dormiente<\/strong>.<\/p>\n<p>Il Papa l\u2019ha voluta con s\u00e9 quando si \u00e8 trasferito in Italia dall\u2019Argentina. Una statua di legno, semplice nella fattura, come semplice \u00e8 l\u2019uomo che vi \u00e8 raffigurato, avvolto nelle sue umili vesti veri e rosse. Eppure il valore simbolico di questa raffigurazione \u00e8 grande. <strong>Nel sonno Giuseppe riceve i messaggi di Dio<\/strong>, che lo avverte del pericolo rappresentato da Re Erode, lo raccomanda di amare e proteggere Maria e il Bambino. \u00c8 nel sogno che Giuseppe assume il suo ruolo di Padre putativo di Ges\u00f9 e di tutti gli uomini, una figura archetipa, di protettore, difensore, consolatore. Giuseppe \u00e8 l\u2019attento e tenero custode della Famiglia, l\u2019uomo giusto, che accoglie e custodisce i misteri di Dio, come ha scelto consapevolmente di accettare e proteggere Maria, la donna che Dio ha voluto come <span style=\"color: #000080;\"><a style=\"color: #000080;\" href=\"https:\/\/www.holyart.it\/blog\/santi-e-beati\/1-gennaio-maria-santissima-madre-dio\/\"><strong>madre santissima e immacolata<\/strong><\/a><\/span> del suo unico Figlio. Giuseppe \u00e8 l\u2019archetipo del vescovo cristiano, padre e protettore della Chiesa e di tutti gli uomini e le donne che la compongono.<\/p>\n<p>Ecco alcune varianti che proponiamo di San Giuseppe dormiente:<\/p>\n<div class=\"sp-styles-warning\" style=\"width: 450px; background-color: #FFF; color: #F00; border: 1px solid #F00; padding: 10px; font-size: 14px;\">\n\t\t\t<span style=\"font-weight: bold;\">Warning: The stylesheets were not loaded!<\/span> \n\t\t\tYou will need to change the <i>Load stylesheets<\/i> setting from <i>Automatically<\/i> to <i>On homepage<\/i> or <i>On all pages<\/i>. \n\t\t\tYou can set that <a style=\"text-decoration: underline; color: #F00;\" href=\"https:\/\/blog.holyart.it\/it\/wp-admin\/admin.php?page=sliderpro-settings\">here<\/a>.\n\t\t\t<\/div>\r\n<div id=\"slider-pro-99\" class=\"slider-pro sp-no-js\" style=\"width: 500px; height: 500px;\">\r\n\t<div class=\"sp-slides\">\r\n\t\t\r\n\t\t<div class=\"sp-slide\">\r\n\t\t\t<img loading=\"lazy\" decoding=\"async\" class=\"sp-image\" src=\"https:\/\/blog.holyart.it\/it\/wp-content\/uploads\/sites\/17\/2021\/02\/san-giuseppe-dormiente-1.jpg\" alt=\"san giuseppe dormiente 1\" width=\"500\" height=\"500\" \/>\r\n\t\t\t<div class=\"sp-thumbnail\"><img decoding=\"async\" src=\"https:\/\/blog.holyart.it\/it\/wp-content\/uploads\/sites\/17\/2021\/02\/san-giuseppe-dormiente-1-di-lato-150x150.jpg\" alt=\"san giuseppe dormiente 1 di lato - 150x150\" \/>\r\n\t\t\t<\/div>\r\n\t\t\t<div class=\"sp-caption\">San Giuseppe dormiente 12 cm in pvc.<br \/>Consegnato in confezione regalo, con preghiera multilingua in italiano, inglese e spagnolo.<br \/><strong><a href=\"https:\/\/www.holyart.it\/it\/articoli-religiosi\/statue\/statue-in-resina-e-pvc\/san-giuseppe-dormiente-12-cm-pvc-confezione-regalo\">Acquista su Holyart<\/a><\/strong><\/div>\r\n\t\t<\/div>\r\n\t\t<div class=\"sp-slide\">\r\n\t\t\t<img loading=\"lazy\" decoding=\"async\" class=\"sp-image\" src=\"https:\/\/blog.holyart.it\/it\/wp-content\/uploads\/sites\/17\/2021\/02\/san-giuseppe-dormiente-2.jpg\" alt=\"san giuseppe dormiente 2\" width=\"500\" height=\"500\" \/>\r\n\t\t\t<div class=\"sp-thumbnail\"><img decoding=\"async\" src=\"https:\/\/blog.holyart.it\/it\/wp-content\/uploads\/sites\/17\/2021\/02\/san-giuseppe-dormiente-2-150x150-1.jpg\" alt=\"san giuseppe dormiente 2 - 150x150\" \/>\r\n\t\t\t<\/div>\r\n\t\t\t<div class=\"sp-caption\">San Giuseppe dormiente, Fontanini.<br \/>San Giuseppe dormiente 17 cm in pvc dipinta a mano, statuina realizzata dall'azienda Fontanini.<br \/><strong><a href=\"https:\/\/www.holyart.it\/it\/natale\/presepi\/presepe-fontanini\/san-giuseppe-dormiente-fontanini-17-cm\">Acquista su Holyart<\/a><\/strong><\/div>\r\n\t\t<\/div>\r\n\t\t<div class=\"sp-slide\">\r\n\t\t\t<img loading=\"lazy\" decoding=\"async\" class=\"sp-image\" src=\"https:\/\/blog.holyart.it\/it\/wp-content\/uploads\/sites\/17\/2021\/02\/san-giuseppe-dormiente-3.jpg\" alt=\"san giuseppe dormiente 3\" width=\"500\" height=\"500\" \/>\r\n\t\t\t<div class=\"sp-thumbnail\"><img decoding=\"async\" src=\"https:\/\/blog.holyart.it\/it\/wp-content\/uploads\/sites\/17\/2021\/02\/san-giuseppe-dormiente-3-di-lato-150x150-1.jpg\" alt=\"san giuseppe dormiente 3 di lato - 150x150\" \/>\r\n\t\t\t<\/div>\r\n\t\t\t<div class=\"sp-caption\">Statua San Giuseppe dormiente in resina, 40 cm.<br \/>La statua \u00e8 realizzata in resina e dipinta a mano, con veste in dettaglio di finitura color oro.<br \/><strong><a href=\"https:\/\/www.holyart.it\/it\/natale\/statue-per-presepi\/statua-san-giuseppe-dormiente-per-presepe-40-cm\">Acquista su Holyart<\/a><\/strong><\/div>\r\n\t\t<\/div>\r\n\t\t<div class=\"sp-slide\">\r\n\t\t\t<img loading=\"lazy\" decoding=\"async\" class=\"sp-image\" src=\"https:\/\/blog.holyart.it\/it\/wp-content\/uploads\/sites\/17\/2021\/02\/san-giuseppe-dormiente-4-1.jpg\" alt=\"san giuseppe dormiente 4\" width=\"500\" height=\"500\" \/>\r\n\t\t\t<div class=\"sp-thumbnail\"><img decoding=\"async\" src=\"https:\/\/blog.holyart.it\/it\/wp-content\/uploads\/sites\/17\/2021\/02\/san-giuseppe-dormiente-4-di-lato-150x150.jpg\" alt=\"san giuseppe dormiente 4 di lato - 150x150\" \/>\r\n\t\t\t<\/div>\r\n\t\t\t<div class=\"sp-caption\">San Giuseppe dormiente resina Fontanini.<br \/>San Giuseppe dormiente in resina realizzato dall'azienda Fontanini, altezza 38 cm.<br \/><strong><a href=\"https:\/\/www.holyart.it\/it\/natale\/presepi\/presepe-fontanini\/san-giuseppe-dormiente-resina-fontanini-38-cm\">Acquista su Holyart<\/a><\/strong><\/div>\r\n\t\t<\/div>\r\n\t<\/div>\r\n<\/div>\n<p>&nbsp;<\/p>\n<p>Per questo il Papa ha l\u2019abitudine di infilare sotto la statua del <strong>santo addormentato<\/strong> biglietti che contengono problemi, richieste di grazia, preghiere dei fedeli. \u00c8 come se invitasse San Giuseppe a \u2018dormirci su\u2019, e magari a mettere una buona parola davanti a Dio, per risolvere situazioni difficili e aiutare i bisognosi, rinnovando cos\u00ec il suo ruolo di padre misericordioso e tutto proteso verso coloro che ama.<\/p>\n<p style=\"text-align: center;\"><em>\u201cVorrei anche dirvi una cosa molto personale. Io amo molto san Giuseppe, perch\u00e9 \u00e8 un uomo forte e silenzioso. Sul mio tavolo ho un\u2019immagine di san Giuseppe che dorme. E mentre dorme si prende cura della Chiesa! S\u00ec! Pu\u00f2 farlo, lo sappiamo. E quando ho un problema, una difficolt\u00e0, io scrivo un foglietto e lo metto sotto san Giuseppe, perch\u00e9 lo sogni! Questo gesto significa: prega per questo problema!\u201d<\/em><\/p>\n<p>Questo \u00e8 quello che ha detto Francesco il 16 gennaio 2015 alle famiglie riunite nel Mall of Asia Arena di Manila. Un\u2019immagine molto bella, di devozione semplice e profonda, che ha spinto molti fedeli anche in Italia a seguire l\u2019esempio del Papa e a porre nella loro casa una <span style=\"color: #000080;\"><a style=\"color: #000080;\" href=\"https:\/\/www.holyart.it\/it\/natale\/presepi\/presepe-fontanini\/san-giuseppe-dormiente-fontanini-17-cm\"><strong>statua di San Giuseppe dormie<\/strong><strong>nte<\/strong><\/a><\/span>. Un santo davvero speciale, che protegge e aiuta perfino quando dorme!<\/p>\n","protected":false},"excerpt":{"rendered":"<p>La storia umana e religiosa di Jorge Mario Bergoglio, futuro Papa Francesco, \u00e8 stata legata fin dal principio a una particolare figura cara ai cristiani di tutto il mondo: quella di San Giuseppe. Un legame sottile, fatto di coincidenze a volte fortuite, di un concatenarsi&hellip;<\/p>\n","protected":false},"author":1,"featured_media":404,"comment_status":"closed","ping_status":"open","sticky":false,"template":"","format":"standard","meta":{"_acf_changed":false,"footnotes":""},"categories":[15],"tags":[],"class_list":["post-403","post","type-post","status-publish","format-standard","has-post-thumbnail","hentry","category-santi-e-beati"],"acf":[],"yoast_head":"<!-- This site is optimized with the Yoast SEO plugin v26.6 - https:\/\/yoast.com\/wordpress\/plugins\/seo\/ -->\n<title>San Giuseppe dormiente: il santo protettore di Papa Francesco - Holyblog<\/title>\n<meta name=\"description\" content=\"San Giuseppe dormiente: un santo davvero speciale, che protegge e aiuta i fedeli perfino quando dorme! Segui l&#039;esempio di Papa Francesco\" \/>\n<meta name=\"robots\" content=\"index, follow, max-snippet:-1, max-image-preview:large, max-video-preview:-1\" \/>\n<link rel=\"canonical\" href=\"https:\/\/blog.holyart.it\/it\/santi-e-beati\/san-giuseppe-dormiente-santo-protettore-papa-francesco\/\" \/>\n<meta property=\"og:locale\" content=\"it_IT\" \/>\n<meta property=\"og:type\" content=\"article\" \/>\n<meta property=\"og:title\" content=\"San Giuseppe dormiente: il santo protettore di Papa Francesco - Holyblog\" \/>\n<meta property=\"og:description\" content=\"San Giuseppe dormiente: un santo davvero speciale, che protegge e aiuta i fedeli perfino quando dorme! Segui l&#039;esempio di Papa Francesco\" \/>\n<meta property=\"og:url\" content=\"https:\/\/blog.holyart.it\/it\/santi-e-beati\/san-giuseppe-dormiente-santo-protettore-papa-francesco\/\" \/>\n<meta property=\"og:site_name\" content=\"Holyblog\" \/>\n<meta property=\"article:published_time\" content=\"2016-11-09T12:00:32+00:00\" \/>\n<meta property=\"article:modified_time\" content=\"2024-09-10T14:54:13+00:00\" \/>\n<meta property=\"og:image\" content=\"https:\/\/blog.holyart.it\/it\/wp-content\/uploads\/sites\/17\/2016\/11\/San-Giuseppe-dormiente.jpg\" \/>\n\t<meta property=\"og:image:width\" content=\"1000\" \/>\n\t<meta property=\"og:image:height\" content=\"659\" \/>\n\t<meta property=\"og:image:type\" content=\"image\/jpeg\" \/>\n<meta name=\"author\" content=\"Redazione\" \/>\n<meta name=\"twitter:card\" content=\"summary_large_image\" \/>\n<meta name=\"twitter:label1\" content=\"Scritto da\" \/>\n\t<meta name=\"twitter:data1\" content=\"Redazione\" \/>\n\t<meta name=\"twitter:label2\" content=\"Tempo di lettura stimato\" \/>\n\t<meta name=\"twitter:data2\" content=\"4 minuti\" \/>\n<script type=\"application\/ld+json\" class=\"yoast-schema-graph\">{\"@context\":\"https:\/\/schema.org\",\"@graph\":[{\"@type\":\"Article\",\"@id\":\"https:\/\/blog.holyart.it\/it\/santi-e-beati\/san-giuseppe-dormiente-santo-protettore-papa-francesco\/#article\",\"isPartOf\":{\"@id\":\"https:\/\/blog.holyart.it\/it\/santi-e-beati\/san-giuseppe-dormiente-santo-protettore-papa-francesco\/\"},\"author\":{\"name\":\"Redazione\",\"@id\":\"https:\/\/blog.holyart.it\/it\/#\/schema\/person\/0a7b686e5af0f856ec1e390dd0baecda\"},\"headline\":\"San Giuseppe dormiente: il santo protettore di Papa Francesco\",\"datePublished\":\"2016-11-09T12:00:32+00:00\",\"dateModified\":\"2024-09-10T14:54:13+00:00\",\"mainEntityOfPage\":{\"@id\":\"https:\/\/blog.holyart.it\/it\/santi-e-beati\/san-giuseppe-dormiente-santo-protettore-papa-francesco\/\"},\"wordCount\":648,\"publisher\":{\"@id\":\"https:\/\/blog.holyart.it\/it\/#organization\"},\"image\":{\"@id\":\"https:\/\/blog.holyart.it\/it\/santi-e-beati\/san-giuseppe-dormiente-santo-protettore-papa-francesco\/#primaryimage\"},\"thumbnailUrl\":\"https:\/\/blog.holyart.it\/it\/wp-content\/uploads\/sites\/17\/2016\/11\/San-Giuseppe-dormiente.jpg\",\"articleSection\":[\"Santi e beati\"],\"inLanguage\":\"it-IT\"},{\"@type\":\"WebPage\",\"@id\":\"https:\/\/blog.holyart.it\/it\/santi-e-beati\/san-giuseppe-dormiente-santo-protettore-papa-francesco\/\",\"url\":\"https:\/\/blog.holyart.it\/it\/santi-e-beati\/san-giuseppe-dormiente-santo-protettore-papa-francesco\/\",\"name\":\"San Giuseppe dormiente: il santo protettore di Papa Francesco - Holyblog\",\"isPartOf\":{\"@id\":\"https:\/\/blog.holyart.it\/it\/#website\"},\"primaryImageOfPage\":{\"@id\":\"https:\/\/blog.holyart.it\/it\/santi-e-beati\/san-giuseppe-dormiente-santo-protettore-papa-francesco\/#primaryimage\"},\"image\":{\"@id\":\"https:\/\/blog.holyart.it\/it\/santi-e-beati\/san-giuseppe-dormiente-santo-protettore-papa-francesco\/#primaryimage\"},\"thumbnailUrl\":\"https:\/\/blog.holyart.it\/it\/wp-content\/uploads\/sites\/17\/2016\/11\/San-Giuseppe-dormiente.jpg\",\"datePublished\":\"2016-11-09T12:00:32+00:00\",\"dateModified\":\"2024-09-10T14:54:13+00:00\",\"description\":\"San Giuseppe dormiente: un santo davvero speciale, che protegge e aiuta i fedeli perfino quando dorme! Segui l'esempio di Papa Francesco\",\"breadcrumb\":{\"@id\":\"https:\/\/blog.holyart.it\/it\/santi-e-beati\/san-giuseppe-dormiente-santo-protettore-papa-francesco\/#breadcrumb\"},\"inLanguage\":\"it-IT\",\"potentialAction\":[{\"@type\":\"ReadAction\",\"target\":[\"https:\/\/blog.holyart.it\/it\/santi-e-beati\/san-giuseppe-dormiente-santo-protettore-papa-francesco\/\"]}]},{\"@type\":\"ImageObject\",\"inLanguage\":\"it-IT\",\"@id\":\"https:\/\/blog.holyart.it\/it\/santi-e-beati\/san-giuseppe-dormiente-santo-protettore-papa-francesco\/#primaryimage\",\"url\":\"https:\/\/blog.holyart.it\/it\/wp-content\/uploads\/sites\/17\/2016\/11\/San-Giuseppe-dormiente.jpg\",\"contentUrl\":\"https:\/\/blog.holyart.it\/it\/wp-content\/uploads\/sites\/17\/2016\/11\/San-Giuseppe-dormiente.jpg\",\"width\":1000,\"height\":659,\"caption\":\"San Giuseppe dormiente\"},{\"@type\":\"BreadcrumbList\",\"@id\":\"https:\/\/blog.holyart.it\/it\/santi-e-beati\/san-giuseppe-dormiente-santo-protettore-papa-francesco\/#breadcrumb\",\"itemListElement\":[{\"@type\":\"ListItem\",\"position\":1,\"name\":\"Homepage\",\"item\":\"https:\/\/blog.holyart.it\/it\/\"},{\"@type\":\"ListItem\",\"position\":2,\"name\":\"Santi e beati\",\"item\":\"https:\/\/blog.holyart.it\/it\/santi-e-beati\/\"},{\"@type\":\"ListItem\",\"position\":3,\"name\":\"San Giuseppe dormiente: il santo protettore di Papa Francesco\"}]},{\"@type\":\"WebSite\",\"@id\":\"https:\/\/blog.holyart.it\/it\/#website\",\"url\":\"https:\/\/blog.holyart.it\/it\/\",\"name\":\"Holyblog\",\"description\":\"Il Blog di Holyart.it\",\"publisher\":{\"@id\":\"https:\/\/blog.holyart.it\/it\/#organization\"},\"potentialAction\":[{\"@type\":\"SearchAction\",\"target\":{\"@type\":\"EntryPoint\",\"urlTemplate\":\"https:\/\/blog.holyart.it\/it\/?s={search_term_string}\"},\"query-input\":{\"@type\":\"PropertyValueSpecification\",\"valueRequired\":true,\"valueName\":\"search_term_string\"}}],\"inLanguage\":\"it-IT\"},{\"@type\":\"Organization\",\"@id\":\"https:\/\/blog.holyart.it\/it\/#organization\",\"name\":\"Holyblog\",\"url\":\"https:\/\/blog.holyart.it\/it\/\",\"logo\":{\"@type\":\"ImageObject\",\"inLanguage\":\"it-IT\",\"@id\":\"https:\/\/blog.holyart.it\/it\/#\/schema\/logo\/image\/\",\"url\":\"https:\/\/blog.holyart.it\/it\/wp-content\/uploads\/sites\/17\/2022\/12\/Holyart_Blog_Logo.jpg\",\"contentUrl\":\"https:\/\/blog.holyart.it\/it\/wp-content\/uploads\/sites\/17\/2022\/12\/Holyart_Blog_Logo.jpg\",\"width\":300,\"height\":50,\"caption\":\"Holyblog\"},\"image\":{\"@id\":\"https:\/\/blog.holyart.it\/it\/#\/schema\/logo\/image\/\"}},{\"@type\":\"Person\",\"@id\":\"https:\/\/blog.holyart.it\/it\/#\/schema\/person\/0a7b686e5af0f856ec1e390dd0baecda\",\"name\":\"Redazione\"}]}<\/script>\n<!-- \/ Yoast SEO plugin. -->","yoast_head_json":{"title":"San Giuseppe dormiente: il santo protettore di Papa Francesco - Holyblog","description":"San Giuseppe dormiente: un santo davvero speciale, che protegge e aiuta i fedeli perfino quando dorme! Segui l'esempio di Papa Francesco","robots":{"index":"index","follow":"follow","max-snippet":"max-snippet:-1","max-image-preview":"max-image-preview:large","max-video-preview":"max-video-preview:-1"},"canonical":"https:\/\/blog.holyart.it\/it\/santi-e-beati\/san-giuseppe-dormiente-santo-protettore-papa-francesco\/","og_locale":"it_IT","og_type":"article","og_title":"San Giuseppe dormiente: il santo protettore di Papa Francesco - Holyblog","og_description":"San Giuseppe dormiente: un santo davvero speciale, che protegge e aiuta i fedeli perfino quando dorme! Segui l'esempio di Papa Francesco","og_url":"https:\/\/blog.holyart.it\/it\/santi-e-beati\/san-giuseppe-dormiente-santo-protettore-papa-francesco\/","og_site_name":"Holyblog","article_published_time":"2016-11-09T12:00:32+00:00","article_modified_time":"2024-09-10T14:54:13+00:00","og_image":[{"width":1000,"height":659,"url":"https:\/\/blog.holyart.it\/it\/wp-content\/uploads\/sites\/17\/2016\/11\/San-Giuseppe-dormiente.jpg","type":"image\/jpeg"}],"author":"Redazione","twitter_card":"summary_large_image","twitter_misc":{"Scritto da":"Redazione","Tempo di lettura stimato":"4 minuti"},"schema":{"@context":"https:\/\/schema.org","@graph":[{"@type":"Article","@id":"https:\/\/blog.holyart.it\/it\/santi-e-beati\/san-giuseppe-dormiente-santo-protettore-papa-francesco\/#article","isPartOf":{"@id":"https:\/\/blog.holyart.it\/it\/santi-e-beati\/san-giuseppe-dormiente-santo-protettore-papa-francesco\/"},"author":{"name":"Redazione","@id":"https:\/\/blog.holyart.it\/it\/#\/schema\/person\/0a7b686e5af0f856ec1e390dd0baecda"},"headline":"San Giuseppe dormiente: il santo protettore di Papa Francesco","datePublished":"2016-11-09T12:00:32+00:00","dateModified":"2024-09-10T14:54:13+00:00","mainEntityOfPage":{"@id":"https:\/\/blog.holyart.it\/it\/santi-e-beati\/san-giuseppe-dormiente-santo-protettore-papa-francesco\/"},"wordCount":648,"publisher":{"@id":"https:\/\/blog.holyart.it\/it\/#organization"},"image":{"@id":"https:\/\/blog.holyart.it\/it\/santi-e-beati\/san-giuseppe-dormiente-santo-protettore-papa-francesco\/#primaryimage"},"thumbnailUrl":"https:\/\/blog.holyart.it\/it\/wp-content\/uploads\/sites\/17\/2016\/11\/San-Giuseppe-dormiente.jpg","articleSection":["Santi e beati"],"inLanguage":"it-IT"},{"@type":"WebPage","@id":"https:\/\/blog.holyart.it\/it\/santi-e-beati\/san-giuseppe-dormiente-santo-protettore-papa-francesco\/","url":"https:\/\/blog.holyart.it\/it\/santi-e-beati\/san-giuseppe-dormiente-santo-protettore-papa-francesco\/","name":"San Giuseppe dormiente: il santo protettore di Papa Francesco - Holyblog","isPartOf":{"@id":"https:\/\/blog.holyart.it\/it\/#website"},"primaryImageOfPage":{"@id":"https:\/\/blog.holyart.it\/it\/santi-e-beati\/san-giuseppe-dormiente-santo-protettore-papa-francesco\/#primaryimage"},"image":{"@id":"https:\/\/blog.holyart.it\/it\/santi-e-beati\/san-giuseppe-dormiente-santo-protettore-papa-francesco\/#primaryimage"},"thumbnailUrl":"https:\/\/blog.holyart.it\/it\/wp-content\/uploads\/sites\/17\/2016\/11\/San-Giuseppe-dormiente.jpg","datePublished":"2016-11-09T12:00:32+00:00","dateModified":"2024-09-10T14:54:13+00:00","description":"San Giuseppe dormiente: un santo davvero speciale, che protegge e aiuta i fedeli perfino quando dorme! Segui l'esempio di Papa Francesco","breadcrumb":{"@id":"https:\/\/blog.holyart.it\/it\/santi-e-beati\/san-giuseppe-dormiente-santo-protettore-papa-francesco\/#breadcrumb"},"inLanguage":"it-IT","potentialAction":[{"@type":"ReadAction","target":["https:\/\/blog.holyart.it\/it\/santi-e-beati\/san-giuseppe-dormiente-santo-protettore-papa-francesco\/"]}]},{"@type":"ImageObject","inLanguage":"it-IT","@id":"https:\/\/blog.holyart.it\/it\/santi-e-beati\/san-giuseppe-dormiente-santo-protettore-papa-francesco\/#primaryimage","url":"https:\/\/blog.holyart.it\/it\/wp-content\/uploads\/sites\/17\/2016\/11\/San-Giuseppe-dormiente.jpg","contentUrl":"https:\/\/blog.holyart.it\/it\/wp-content\/uploads\/sites\/17\/2016\/11\/San-Giuseppe-dormiente.jpg","width":1000,"height":659,"caption":"San Giuseppe dormiente"},{"@type":"BreadcrumbList","@id":"https:\/\/blog.holyart.it\/it\/santi-e-beati\/san-giuseppe-dormiente-santo-protettore-papa-francesco\/#breadcrumb","itemListElement":[{"@type":"ListItem","position":1,"name":"Homepage","item":"https:\/\/blog.holyart.it\/it\/"},{"@type":"ListItem","position":2,"name":"Santi e beati","item":"https:\/\/blog.holyart.it\/it\/santi-e-beati\/"},{"@type":"ListItem","position":3,"name":"San Giuseppe dormiente: il santo protettore di Papa Francesco"}]},{"@type":"WebSite","@id":"https:\/\/blog.holyart.it\/it\/#website","url":"https:\/\/blog.holyart.it\/it\/","name":"Holyblog","description":"Il Blog di Holyart.it","publisher":{"@id":"https:\/\/blog.holyart.it\/it\/#organization"},"potentialAction":[{"@type":"SearchAction","target":{"@type":"EntryPoint","urlTemplate":"https:\/\/blog.holyart.it\/it\/?s={search_term_string}"},"query-input":{"@type":"PropertyValueSpecification","valueRequired":true,"valueName":"search_term_string"}}],"inLanguage":"it-IT"},{"@type":"Organization","@id":"https:\/\/blog.holyart.it\/it\/#organization","name":"Holyblog","url":"https:\/\/blog.holyart.it\/it\/","logo":{"@type":"ImageObject","inLanguage":"it-IT","@id":"https:\/\/blog.holyart.it\/it\/#\/schema\/logo\/image\/","url":"https:\/\/blog.holyart.it\/it\/wp-content\/uploads\/sites\/17\/2022\/12\/Holyart_Blog_Logo.jpg","contentUrl":"https:\/\/blog.holyart.it\/it\/wp-content\/uploads\/sites\/17\/2022\/12\/Holyart_Blog_Logo.jpg","width":300,"height":50,"caption":"Holyblog"},"image":{"@id":"https:\/\/blog.holyart.it\/it\/#\/schema\/logo\/image\/"}},{"@type":"Person","@id":"https:\/\/blog.holyart.it\/it\/#\/schema\/person\/0a7b686e5af0f856ec1e390dd0baecda","name":"Redazione"}]}},"_links":{"self":[{"href":"https:\/\/blog.holyart.it\/it\/wp-json\/wp\/v2\/posts\/403","targetHints":{"allow":["GET"]}}],"collection":[{"href":"https:\/\/blog.holyart.it\/it\/wp-json\/wp\/v2\/posts"}],"about":[{"href":"https:\/\/blog.holyart.it\/it\/wp-json\/wp\/v2\/types\/post"}],"author":[{"embeddable":true,"href":"https:\/\/blog.holyart.it\/it\/wp-json\/wp\/v2\/users\/1"}],"replies":[{"embeddable":true,"href":"https:\/\/blog.holyart.it\/it\/wp-json\/wp\/v2\/comments?post=403"}],"version-history":[{"count":2,"href":"https:\/\/blog.holyart.it\/it\/wp-json\/wp\/v2\/posts\/403\/revisions"}],"predecessor-version":[{"id":20542,"href":"https:\/\/blog.holyart.it\/it\/wp-json\/wp\/v2\/posts\/403\/revisions\/20542"}],"wp:featuredmedia":[{"embeddable":true,"href":"https:\/\/blog.holyart.it\/it\/wp-json\/wp\/v2\/media\/404"}],"wp:attachment":[{"href":"https:\/\/blog.holyart.it\/it\/wp-json\/wp\/v2\/media?parent=403"}],"wp:term":[{"taxonomy":"category","embeddable":true,"href":"https:\/\/blog.holyart.it\/it\/wp-json\/wp\/v2\/categories?post=403"},{"taxonomy":"post_tag","embeddable":true,"href":"https:\/\/blog.holyart.it\/it\/wp-json\/wp\/v2\/tags?post=403"}],"curies":[{"name":"wp","href":"https:\/\/api.w.org\/{rel}","templated":true}]}}