{"id":4023,"date":"2018-08-08T18:00:17","date_gmt":"2018-08-08T16:00:17","guid":{"rendered":"https:\/\/blog.holyart.it\/it\/?p=4023"},"modified":"2022-10-13T15:10:17","modified_gmt":"2022-10-13T13:10:17","slug":"santi-sante-cambiato-mondo","status":"publish","type":"post","link":"https:\/\/blog.holyart.it\/it\/santi-e-beati\/santi-sante-cambiato-mondo\/","title":{"rendered":"Santi famosi che hanno cambiato il mondo"},"content":{"rendered":"<h4>Vogliamo redigere un elenco di santi famosi per aver cambiato il mondo, una galleria di ritratti di uomini e donne sorprendenti per levatura morale, forza spirituale, e per l\u2019impatto che le loro scelte e le loro azioni hanno avuto sulla nascita dell\u2019Europa e della civilt\u00e0 occidentale.<\/h4>\n\n<p>La Storia dell\u2019Europa e dell\u2019Occidente come li conosciamo passa attraverso una serie di continui sovvertimenti politici, profondi cambiamenti sociali, rivoluzioni economiche e di pensiero. Lo studio di tutti questi fenomeni \u00e8 alla base della comprensione storica, e dovrebbe essere anche il cuore e il motore della nostra consapevolezza di essere abitanti di una porzione di mondo che si \u00e8 definita nel corso di secoli, evolvendosi e mutando in virt\u00f9 del pensiero e delle azioni degli uomini e delle donne che l\u2019hanno popolata.<\/p>\n<p>In questa visione storica, ma soprattutto di presa di coscienza degli uomini di oggi verso chi \u00e8 venuto prima di loro e ha definito le regole del mondo in cui essi si muovono, non pu\u00f2 certamente mancare una riflessione su una serie di figure di <strong>santi famosi<\/strong>, che hanno lasciato una profonda impronta non solo nelle questioni strettamente legate alla Chiesa e alla fede, ma anche nella storia del pensiero, nell\u2019evoluzione della societ\u00e0, nelle vicende politiche, economiche e umane. Parliamo di <a href=\"https:\/\/www.holyart.it\/it\/articoli-religiosi\/santini-e-biglietti-augurali\/santini\"><strong>santi e sante<\/strong><\/a> dalla forza spirituale sorprendente, dalla fede incrollabile, e che in nome di questa fede hanno sacrificato la loro stessa esistenza, rinunciando a ogni altra cosa, immolandosi solo alla volont\u00e0 di Dio, al bene dei fratelli. Ma volendo redigere un elenco di queste magnifiche personalit\u00e0, di questi modelli di comportamento umano, civile e religioso, non possiamo fermarci solo ai martiri, a chi ha immolato la propria vita alla fede.<\/p>\n<div class=\"link-product\">\n<div class=\"blocco-immagine\"><img loading=\"lazy\" decoding=\"async\" class=\"size-full wp-image-15314 alignleft\" src=\"https:\/\/blog.holyart.it\/it\/wp-content\/uploads\/sites\/17\/2018\/08\/santino-santa-rita-da-cascia-10x5-cm-ita.jpg\" alt=\"santino santa rita da cascia 10x5 cm ita\" width=\"100\" height=\"100\" data-kale-share-title=\"Santi e sante che hanno cambiato il mondo\" data-kale-share-url=\"https:\/\/blog.holyart.it\/it\/santi-e-beati\/santi-sante-cambiato-mondo\/\" \/><\/div>\n<div class=\"blocco-contenuto\">\n<div class=\"blocco-acquista\">Acquista su Holyart:<\/div>\n<div class=\"blocco-titolo\"><a href=\"https:\/\/www.holyart.it\/it\/articoli-religiosi\/santini-e-biglietti-augurali\/santini\">Santini<\/a><\/div>\n<div class=\"blocco-descrizione\">Santini della Madonna, immagini dei Santi, santini dei Papi e di personaggi sacri e religiosi.<\/div>\n<\/div>\n<\/div>\n<p>Dovremmo soffermarci in particolare su quelle forze spirituali e personalit\u00e0 carismatiche che hanno contribuito alla <a href=\"https:\/\/www.holyart.it\/blog\/santi-e-beati\/i-santi-patroni-deuropa-ogni-paese-ha-un-santo-protettore\/\"><strong>cristianizzazione dell\u2019Europa<\/strong><\/a> e alla nascita della societ\u00e0 occidentale. Santi e sante che hanno fatto del Cristianesimo qualcosa di vivo e concreto, che travalica il concetto astratto di religione, o di filosofia. In nome di un Dio fattosi uomo, hanno impugnato le armi dell\u2019Amore e della Carit\u00e0, facendone gli strumenti di una rivoluzione spirituale e umana profonda, sconvolgente, come \u00e8 normale siano le rivoluzioni. Questa rivoluzione, manifestandosi sotto forma di creazione di nuovi modi di concepire il monachesimo, o di relazionarsi con la povert\u00e0 e con gli ultimi tra gli ultimi, o ancora di tradurre i messaggi dello Spirito Santo, rendendoli comprensibili e accettabili da tutti, ha permesso a questi uomini e queste donne di raccogliere popolazioni diverse, variegate, disgiunte, e di unirle sotto l\u2019egida di un unico credo, un\u2019unica fede, un\u2019unica concezione di Dio e della religione cattolica. Il loro modello di vita e il loro esempio hanno sollevato l\u2019umanit\u00e0 dall\u2019abbruttimento che secoli di guerre, invasioni, decadenza avevano messo a dura prova. Grazie a loro il Cristianesimo ha assunto il ruolo e l\u2019incommensurabile valore di un faro splendente eretto a rischiarare secoli di oscurit\u00e0 e incertezza.<\/p>\n<div class=\"link-article\">\n<p><img loading=\"lazy\" decoding=\"async\" class=\"size-full wp-image-15313 alignleft\" src=\"https:\/\/blog.holyart.it\/it\/wp-content\/uploads\/sites\/17\/2018\/08\/santi-patroni.jpeg\" alt=\"santi patroni\" width=\"150\" height=\"99\" data-kale-share-title=\"Santi e sante che hanno cambiato il mondo\" data-kale-share-url=\"https:\/\/blog.holyart.it\/it\/santi-e-beati\/santi-sante-cambiato-mondo\/\" \/><\/p>\n<div class=\"leggi-anche\">Leggi anche:<\/div>\n<p><strong><a href=\"https:\/\/www.holyart.it\/blog\/santi-e-beati\/i-santi-patroni-deuropa-ogni-paese-ha-un-santo-protettore\/\">I santi patroni d\u2019Europa: ogni paese ha un santo protettore<\/a><\/strong><br \/>\nOgni Paese ha il suo santo protettore: in questo articolo scoprirai tutti i santi protettori d\u2019Europa&#8230;<\/p>\n<\/div>\n<p>E oggi? Oggi pi\u00f9 che mai il nostro mondo ha bisogno di santit\u00e0, nella rinnovata decadenza dei costumi e dei valori in cui versa tutto il genere umano, nei paradossi incontestabili ormai elevati a normalit\u00e0, universalmente dati per scontato. In un\u2019epoca dominata dal progresso, dalla filosofia dell\u2019utile a tutti i costi, si sente la mancanza di figure di uomini e donne capaci di rimettere tutto in discussione, a partire da loro stessi, e di sconvolgere il mondo con la loro capacit\u00e0 di andare oltre, di ergersi al di sopra del marasma, del caos, della velocit\u00e0 vorticosa, per costringersi a riflettere, a pensare, ad amare, e per mostrare a tutti gli altri come ci\u00f2 sia ancora possibile.<\/p>\n<p>Vogliamo redigere un elenco di santi pi\u00f9 importanti che hanno cambiato il mondo, e per farlo seguiremo l\u2019esempio presentato da Marina Motta, suora e studiosa, nel libro \u201cCarismatica Europa. Come i santi hanno rivoluzionato la storia dell&#8217;Occidente\u201d (Citt\u00e0 Nuova). In questo libro viene presentata una galleria di ritratti di santi e sante sorprendenti per levatura morale, forza spirituale, e per l\u2019impatto che le loro scelte e le loro azioni hanno avuto sulla nascita dell\u2019Europa e della civilt\u00e0 occidentale. Cos\u00ec la studiosa prende in esame San Cirillo e San Metodio, due fratelli devoti e sapienti, che hanno fornito un punto d\u2019incontro fra Oriente e Occidente, portando all\u2019evangelizzazione dei popoli slavi; <a href=\"https:\/\/www.holyart.it\/blog\/santi-e-beati\/san-benedetto-il-santo-che-ha-ispirato-lartigianato-italiano\/\"><strong>San Benedetto da Norcia<\/strong><\/a>, creatore di un nuovo modo di dedicare la propria vita a Dio, con la sua Regola; San Francesco e Santa Chiara, che hanno portato gli uomini di chiesa tra la gente, a praticare la carit\u00e0. Ma ci sono anche mistiche che hanno scritto ci\u00f2 che lo Spirito Santo suggeriva loro, come Ildegarda di Bingen, i gesuiti, che con la loro attivit\u00e0 di missionari hanno portato il messaggio evangelico in tutto il mondo, e cos\u00ec via. Non solo singoli santi importanti, dunque, ma anche movimenti e ordini religiosi, che hanno plasmato la cultura e la societ\u00e0, influenzato la politica, indirizzato la storia, forti della propria fede, delle proprie convinzioni, della propria, incredibile carica umana e spirituale.<\/p>\n<div class=\"link-article\">\n<p><img loading=\"lazy\" decoding=\"async\" class=\"size-full wp-image-15315 alignleft\" src=\"https:\/\/blog.holyart.it\/it\/wp-content\/uploads\/sites\/17\/2018\/08\/croce-san-benedetto.jpg\" alt=\"croce san benedetto\" width=\"150\" height=\"99\" data-kale-share-title=\"Santi e sante che hanno cambiato il mondo\" data-kale-share-url=\"https:\/\/blog.holyart.it\/it\/santi-e-beati\/santi-sante-cambiato-mondo\/\" \/><\/p>\n<div class=\"leggi-anche\">Leggi anche:<\/div>\n<p><strong><a href=\"https:\/\/www.holyart.it\/blog\/santi-e-beati\/san-benedetto-il-santo-che-ha-ispirato-lartigianato-italiano\/\">San Benedetto: il santo che ha ispirato l\u2019artigianato italiano<\/a><\/strong><br \/>\nSan Benedetto da Norcia, Patrono d\u2019Europa, per tutta la vita lott\u00f2 contro il demonio che scacciava nel nome della Croce&#8230;<\/p>\n<\/div>\n<h2>San Benedetto (480-547)<\/h2>\n<p>Tra i santi pi\u00f9 importanti troviamo <a href=\"https:\/\/www.holyart.it\/it\/occasioni-speciali\/san-benedetto\"><strong>San Benedetto<\/strong><\/a>, fondatore dell&#8217;ordine dei Benedettini e considerato padre del monachesimo occidentale, fu l\u2019iniziatore di un nuovo modo di concepire la vita monastica. Il suo amore per Dio, il suo desiderio di vivere nella Sua contemplazione e al Suo servizio, si tradusse inizialmente in un\u2019esperienza di vita eremitica, ma ben presto lo port\u00f2 a creare una comunit\u00e0 di uomini accumunati dal suo medesimo anelito spirituale, dalla carit\u00e0 fraterna. In questo modo seppe attingere dal retaggio della tradizione monastica ed eremitica orientale, unendo ad essa i valori del mondo latino, che rischiavano di andare perduti a causa delle invasioni barbariche e del declino dell\u2019Impero romano. Dal suo esempio e seguendo la sua Regola, nacquero molti centri di preghiera, ma anche di cultura e di assistenza per i poveri. In questi luoghi veniva praticata la preghiera singola e comunitaria, alla quale si affiancava il lavoro per il bene della comunit\u00e0, in un clima di letizia e servizio reciproco. La solitudine dell\u2019eremita si trasform\u00f2 cos\u00ec in una comunione di uomini, con i loro intenti, la loro forza, la loro fede, che fornirono un esempio di grande impatto e forza per tutta l\u2019umanit\u00e0 dell\u2019epoca e dei secoli successivi.<\/p>\n<div class=\"link-product\">\n<div class=\"blocco-immagine\"><img loading=\"lazy\" decoding=\"async\" class=\"size-full wp-image-15316 alignleft\" src=\"https:\/\/blog.holyart.it\/it\/wp-content\/uploads\/sites\/17\/2018\/08\/collana-croce-san-benedetto-blu-elegante.jpg\" alt=\"collana croce san benedetto blu elegante\" width=\"100\" height=\"100\" data-kale-share-title=\"Santi e sante che hanno cambiato il mondo\" data-kale-share-url=\"https:\/\/blog.holyart.it\/it\/santi-e-beati\/santi-sante-cambiato-mondo\/\" \/><\/div>\n<div class=\"blocco-contenuto\">\n<div class=\"blocco-acquista\">Acquista su Holyart:<\/div>\n<div class=\"blocco-titolo\"><a href=\"https:\/\/www.holyart.it\/it\/occasioni-speciali\/san-benedetto\">San Benedetto<\/a><\/div>\n<div class=\"blocco-descrizione\">San Benedetto: medaglie, crocifissi e croci, oggettistica varia dedicate a San Benedetto da Norcia.<\/div>\n<\/div>\n<\/div>\n<h2>Santi Cirillo e Metodio<\/h2>\n<p>Santi Cirillo e Metodio furono due fratelli nati a Tessalonica all\u2019inizio del sec. IX. Per ordine del Patriarca di Costantinopoli partirono per evangelizzare i popoli della Pannonia e della Moravia, traducendo le Sante Scritture in glagolitico, un dialetto creato appositamente da loro per poterle rendere comprensibili a tutti i popoli slavi. In questo modo diedero la possibilit\u00e0 alle popolazioni presso le quali compivano la loro opera di evangelizzazione di capire e fare propria la Parola di Dio. La loro missione e il loro sacrificio crearono un ponte tra Oriente e Occidente destinato a rafforzarsi nei secoli.<\/p>\n<h2>San Domenico (1170-1221)<\/h2>\n<p>Tra i santi famosi troviamo anche San Domenico di Guzm\u00e1n. Egli fu un religioso spagnolo, fondatore dell\u2019<strong><a href=\"https:\/\/www.holyart.it\/blog\/articoli-religiosi\/sacerdote-frate-e-monaco-tre-termini-che-si-confondono\/\">Ordine dei frati<\/a><\/strong> Predicatori. Egli profess\u00f2 uno stile di vita votato alla preghiera, allo studio, alla carit\u00e0 e povert\u00e0, e fece dono di tutti i suoi beni, compresi i suoi libri, ai quali era straordinariamente, legato, come sapiente, per aiutare i poveri che morivano di fame. Il suo zelo apostolico e il suo spirito di sacrificio si manifestarono soprattutto nel suo ergersi contro le eresie catara e valdese. Molti furono gli eretici da lui convertiti.<\/p>\n<h2>Francesco D&#8217;assisi (1181 o 1182-1226)<\/h2>\n<p><a href=\"https:\/\/www.holyart.it\/it\/articoli-religiosi\/statue\/statue-in-resina-e-pvc\/statua-san-francesco-con-colombe-30-cm-resina-dipinta\"><strong>San Francesco d\u2019Assisi<\/strong><\/a> seppe prevedere con incredibile lungimiranza e lucidit\u00e0 quella che sarebbe stata l\u2019evoluzione della Chiesa nei secoli, la diffusione del messaggio evangelico, la fede che percorre le vie di un mondo che, ai suoi tempi, era ancora piccolo, ma del quale egli percepiva la grandezza, la variet\u00e0. Il suo amore per Ges\u00f9 e per la Chiesa lo port\u00f2 a rinunciare a tutto, dedicando la propria vita alla preghiera, al lavoro, alla predicazione. Votato alla povert\u00e0, anelava a un ritorno alla medesima per tutta la Chiesa, secondo l\u2019esempio di Cristo, e questo, se da un lato lo rese inviso ad alcuni dei suoi contemporanei, dall\u2019altro fa percepire l\u2019eccezionale modernit\u00e0 del suo pensiero, della sua visione. In questa dimensione di povert\u00e0 e sacrificio, egli volle seguire le orme di Ges\u00f9, che sapeva riconoscere in ogni fratello sofferente e bisognoso. Il suo messaggio d\u2019amore e fraternit\u00e0 \u00e8 giunto fino a noi con sorprendente intensit\u00e0 e vividezza. A lui dobbiamo la fondazione degli ordini mendicanti, accumunati dal voto di povert\u00e0 e dalla pratica della raccolta delle elemosine come unica forma di sostentamento.<\/p>\n<div class=\"link-product\">\n<div class=\"blocco-immagine\"><img loading=\"lazy\" decoding=\"async\" class=\"size-full wp-image-15318 alignleft\" src=\"https:\/\/blog.holyart.it\/it\/wp-content\/uploads\/sites\/17\/2018\/08\/statua-san-francesco-con-colombe-30-cm-resina-dipinta.jpg\" alt=\"statua san francesco con colombe 30 cm resina dipinta\" width=\"100\" height=\"100\" data-kale-share-title=\"Santi e sante che hanno cambiato il mondo\" data-kale-share-url=\"https:\/\/blog.holyart.it\/it\/santi-e-beati\/santi-sante-cambiato-mondo\/\" \/><\/div>\n<div class=\"blocco-contenuto\">\n<div class=\"blocco-acquista\">Acquista su Holyart:<\/div>\n<div class=\"blocco-titolo\"><a href=\"https:\/\/www.holyart.it\/it\/articoli-religiosi\/statue\/statue-in-resina-e-pvc\/statua-san-francesco-con-colombe-30-cm-resina-dipinta\">Statua San Francesco con colombe 30 cm resina<\/a><\/div>\n<div class=\"blocco-descrizione\">La statua di San Francesco \u00e8 prodotta in resina ed \u00e8 finemente lavorata nei minimi dettagli.<\/div>\n<\/div>\n<\/div>\n<h2>Chiara D&#8217;Assisi (1193-1253)<\/h2>\n<p>Discepola di Francesco, ne segu\u00ec l\u2019esempio, rinunciando a una vita agiata e felice per sacrificare se stessa in nome di un ideale di povert\u00e0 e servizio verso i malati e i bisognosi. La sua convinzione in tal senso fu cos\u00ec incrollabile, nonostante i tanti tentativi di riportarla a uno stile di vita pi\u00f9 adeguato a una giovane donna, che alla fine ottenne dal Papa il privilegium paupertatis, ovvero la facolt\u00e0 di poter scegliere di non possedere alcuna propriet\u00e0. Su questa imposizione autoindotta Chiara scrisse la sua Regola, e fu la prima donna a compiere una simile impresa. La sua Regola venne garantita anche alle sue compagne, ma non alle suore che vennero dopo di loro, ma rappresenta comunque un precedente di notevole impatto sociale e filosofico.<\/p>\n<h2>Ildegarda Di Bingen (1098-1179)<\/h2>\n<p>Un\u2019altra donna che rappresent\u00f2 una figura di spicco per la spiritualit\u00e0 medievale fu <a href=\"https:\/\/www.holyart.it\/blog\/santi-e-beati\/lalimentazione-di-santa-ildegarda-dimagrire-seguendo-questa-dieta\/\"><strong>Ildegarda di Bingen<\/strong><\/a>, mistica e teologa, sapiente e donna di sconfinato sapere. Trascrisse le proprie numerose visioni, prima in appunti, poi in numerosi libri. Ma non si limit\u00f2 a farsi strumento dello Spirito Santo, \u201ctromba di Dio\u201d, come ella stessa si definiva. Lasci\u00f2 numerosissimi testi di teologia, filosofia, morale, agiografia, scienza, medicina, cosmologia. Fu anche poetessa delicata e musicista di grande sensibilit\u00e0. Soprattutto, moltissime personalit\u00e0 del tempo, della cultura, ma anche della politica, si rivolsero a lei per chiedere consiglio, e con alcuni di essi Ildegarda intrattenne un fitto cambio epistolare. Una donna di grande fascino e carisma, che lasci\u00f2 un\u2019impronta indelebile nell\u2019evoluzione della Chiesa e del sapere, ma anche della storia del suo tempo.<\/p>\n<div class=\"link-article\">\n<p><img loading=\"lazy\" decoding=\"async\" class=\"size-full wp-image-15319 alignleft\" src=\"https:\/\/blog.holyart.it\/it\/wp-content\/uploads\/sites\/17\/2018\/08\/alimentazione-di-Santa-Ildegarda.jpg\" alt=\"alimentazione di Santa Ildegarda\" width=\"150\" height=\"99\" data-kale-share-title=\"Santi e sante che hanno cambiato il mondo\" data-kale-share-url=\"https:\/\/blog.holyart.it\/it\/santi-e-beati\/santi-sante-cambiato-mondo\/\" \/><\/p>\n<div class=\"leggi-anche\">Leggi anche:<\/div>\n<p><strong><a href=\"https:\/\/www.holyart.it\/blog\/santi-e-beati\/lalimentazione-di-santa-ildegarda-dimagrire-seguendo-questa-dieta\/\">L\u2019alimentazione di Santa Ildegarda: dimagrire seguendo questa dieta<\/a><\/strong><br \/>\nSanta Ildegarda di Bingen \u00e8 conosciuta per il contributo che ha dato&#8230;<\/p>\n<\/div>\n<h2>Santa Brigida di Svezia (1303-1373)<\/h2>\n<p><a href=\"https:\/\/www.holyart.it\/it\/articoli-religiosi\/rosari-e-portarosari\/rosari-e-corone-devozionali\/rosario-devozionale-santa-brigida\"><strong>Santa Brigida<\/strong><\/a>, religiosa e mistica svedese, fondatrice dell&#8217;Ordine del Santissimo Salvatore, \u00e8 con santa Caterina da Siena e santa Teresa Benedetta della Croce una delle patrone d\u2019Europa. Mistica e portavoce di Dio, votata all\u2019ascetismo e alla vita contemplativa, ricevette moltissime rivelazioni da Ges\u00f9, dalla Madonna e da alcuni santi. Dett\u00f2 queste rivelazioni ai suoi padri spirituali. Spesso esse riguardavano avvenimenti storici contingenti o futuri, e questo le gener\u00f2 una notevole fama. Attraverso le sue rivelazioni spesso Santa Brigida condannava le autorit\u00e0 religiose e politiche, promuovendo con fervore un ritorno a una vita pi\u00f9 cristiana. La sua predicazione per riportare il Papato da Avignone a Roma, il suo intento di riformare la Chiesa, riconducendola a una maggior integrit\u00e0 e moralit\u00e0, la rendono una figura moderna e di grande forza e levatura.<\/p>\n<h2>Santa Caterina Da Siena (1347-1380)<\/h2>\n<p>Religiosa, teologa, filosofa e mistica, <a href=\"https:\/\/www.holyart.it\/blog\/santi-e-beati\/santa-caterina-da-siena-patrona-ditalia\/\"><strong>Santa Caterina<\/strong><\/a> divise la propria esistenza tra il servizio verso i poveri e gli ammalati, per lei autentico tramite per trovare Dio, e l\u2019attivit\u00e0 di sapiente, che si concretizz\u00f2 in un fitto Epistolario rivolto al Papa e ad altri potenti del suo tempo, nella redazione di Orazioni e del \u201cDialogo della Divina Provvidenza\u201d, uno dei capolavori della letteratura mistica medievale. Questo risulta ancora pi\u00f9 sorprendente tenendo conto che ella non aveva alcuna cultura. Votata fin dalla giovinezza a una vita ascetica, a vent\u2019anni ebbe una visione in cui ricevette da Ges\u00f9 l\u2019anello delle nozze mistiche. Attenta a quanto avveniva intorno a lei, alle vicende storiche che sconvolgevano il mondo, individu\u00f2 nella Chiesa e nel Papato in particolare la salvezza per tutti i cristiani e tutti gli uomini. Le sue lettere di conforto, di consigli e di esortazione, rivolte a sovrani, condottieri e letterati, esercitarono un incredibile effetto su molti avvenimenti e controversie.<\/p>\n<div class=\"link-article\">\n<p><img loading=\"lazy\" decoding=\"async\" class=\"size-full wp-image-15320 alignleft\" src=\"https:\/\/blog.holyart.it\/it\/wp-content\/uploads\/sites\/17\/2018\/08\/Santa-Caterina-da-Siena-matrimonio.jpg\" alt=\"Santa Caterina da Siena matrimonio\" width=\"150\" height=\"99\" data-kale-share-title=\"Santi e sante che hanno cambiato il mondo\" data-kale-share-url=\"https:\/\/blog.holyart.it\/it\/santi-e-beati\/santi-sante-cambiato-mondo\/\" \/><\/p>\n<div class=\"leggi-anche\">Leggi anche:<\/div>\n<p><strong><a href=\"https:\/\/www.holyart.it\/blog\/santi-e-beati\/santa-caterina-da-siena-patrona-ditalia\/\">Santa Caterina da Siena: patrona d\u2019Italia<\/a><\/strong><br \/>\nSanta Caterina da Siena, da donna del popolo a consigliera di Papi e principi. Coraggiosa, saggia, e totalmente devota a Cristo&#8230;<\/p>\n<\/div>\n<h2>Santa Giovanna D&#8217;Arco (1412-1431)<\/h2>\n<p><a href=\"https:\/\/www.holyart.it\/blog\/santi-e-beati\/simbolo-di-fede-e-coraggio-giovanna-darco-la-santa-guerriera\/\"><strong>Giovanna<\/strong><\/a> rivest\u00ec un ruolo fondamentale nella guerra dei Cent\u2019anni e, in generale, nel clima di profonda crisi politica causata dallo Scisma d\u2019Occidente e dai contrasti tra Francia e Inghilterra.<br \/>\nSi present\u00f2 come paladina della sua terra, inviata da Dio, e guid\u00f2 in battaglia l\u2019esercito francese. Tradita dal suo stesso re e lasciata in mano del nemico, venne arsa sul rogo come eretica. Il suo esempio giunto fino a noi testimonia che l\u2019amore per il proprio paese pu\u00f2 essere considerato un valore cristiano; che occorre sempre lottare per la verit\u00e0, e non per il potere; che combattere \u00e8 il rimedio estremo per risolvere le dispute e porre fine alle controversie.<\/p>\n<h2>Santa Teresa D&#8217;Avila (1515-1582)<\/h2>\n<p>Mistica e religiosa spagnola, fu una delle protagoniste della Riforma cattolica, alla quale diede un profondo contributo con i suoi scritti. Fu anche fondatrice delle monache e dei frati Carmelitani Scalzi, che sceglievano di dedicare tutta la propria vita alla preghiera, anzi, di trasformare la vita stessa in preghiera.<br \/>\nFu la prima donna riconosciuta come <a href=\"https:\/\/www.holyart.it\/blog\/santi-e-beati\/santa-teresa-davila-religiosa-mistica-spagnola\/\"><strong>Dottore della Chiesa<\/strong><\/a>, e ha contribuito al rinnovamento della Chiesa stessa, offrendo un nuovo modello di carit\u00e0 e interpretazione del Vangelo, e di una scelta di vita religiosa fatta di austerit\u00e0 e gioia, rigore, solitudine, in un\u2019unione profonda fra vita mistica e vita apostolica. Il suo sguardo era sempre attento e fisso sui bisogni della Chiesa, e cos\u00ec predicava alle sue Sorelle.<\/p>\n<div class=\"link-article\">\n<p><img loading=\"lazy\" decoding=\"async\" class=\"size-full wp-image-15321 alignleft\" src=\"https:\/\/blog.holyart.it\/it\/wp-content\/uploads\/sites\/17\/2018\/08\/santa-teresa-avila.jpg\" alt=\"santa teresa avila\" width=\"150\" height=\"100\" data-kale-share-title=\"Santi e sante che hanno cambiato il mondo\" data-kale-share-url=\"https:\/\/blog.holyart.it\/it\/santi-e-beati\/santi-sante-cambiato-mondo\/\" \/><\/p>\n<div class=\"leggi-anche\">Leggi anche:<\/div>\n<p><strong><a href=\"https:\/\/www.holyart.it\/blog\/santi-e-beati\/santa-teresa-davila-religiosa-mistica-spagnola\/\">Santa Teresa d\u2019Avila: religiosa e mistica spagnola<\/a><\/strong><br \/>\nSanta Teresa d\u2019Avila fu una religiosa e mistica spagnola. Una delle poche donne elette a dottore della Chiesa, ebbe il merito di riformare l\u2019ordine&#8230;<\/p>\n<\/div>\n<h2>Santa Caterina da Genova (1447-1510)<\/h2>\n<p>Appartenente a una nobile e influente famiglia genovese, lasci\u00f2 tutto in seguito a una crisi religiosa, e vot\u00f2 la sua intera esistenza Cristo crocifisso come manifestazione somma dell\u2019amore di Dio. Seguit\u00f2 la sua vita come mistica e religiosa, insieme al marito, e viene ricordata per la sua misericordia verso i poveri e gli ammalati. Attraverso le opere di carit\u00e0 e misericordia, rivolte verso gli umili, gli infelici, i reietti, gli appestati, lei visse l\u2019esperienza dell\u2019Amore di Dio, con coraggio e abnegazione totali.<\/p>\n<h2>Sant&#8217;Angela Merici (1474-1540)<\/h2>\n<p>Fondatrice della Compagnia delle dimesse di Sant&#8217;Orsola, ovvero delle suore note come Orsoline, prima congregazione secolare femminile sorta nella Chiesa, si preoccup\u00f2 di dare una possibilit\u00e0 a quelle donne che, non volendo o non potendosi sposare, non sentivano nemmeno di voler entrare in monastero. Cre\u00f2 cos\u00ec le cre\u00f2 le vergini consacrate nel mondo, che vivevano al di fuori della protezione del convento, in famiglia o in casa, rimanendo fedeli a Cristo, conducendo una vita di penitenza e mantenendosi con il proprio lavoro.<\/p>\n<h2>San Camillo De Lellis (1550-1614)<\/h2>\n<p>Fondatore dei Camilliani, Ordine dei Chierici Regolari Ministri degli Infermi, consacrato alla cura degli ammalati. Egli stesso, dopo aver condotto un\u2019esistenza dissoluta e senza m\u00e8ta, dopo un incontro con San Filippo Neri matur\u00f2 la vocazione all&#8217;assistenza dei malati dopo un lungo soggiorno presso l&#8217;Ospedale degli Incurabili, a Roma. <a href=\"https:\/\/www.holyart.it\/blog\/santi-e-beati\/san-camillo-de-lellis-il-santo-protettore-degli-infermi\/\"><strong>San Camillo<\/strong><\/a> dedic\u00f2 il resto della sua vita a curare ed accudire gli infermi e i malati. Lui e i suoi fratelli vissero secondo i voti di povert\u00e0, castit\u00e0 e obbedienza, ai quali aggiunsero un quarto voto, quello di \u201cperpetua assistenza corporale e spirituale ai malati, ancorch\u00e9 appestati\u201d. Il loro motto era: il corpo prima dell\u2019anima, il corpo per l\u2019anima, l\u2019uno e l\u2019altra per Iddio. Il simbolo della croce rossa che portavano sulle vesti divenne poi simbolo della cura e dell\u2019assistenza al prossimo.<\/p>\n<div class=\"link-article\">\n<p><img loading=\"lazy\" decoding=\"async\" class=\"size-full wp-image-15322 alignleft\" src=\"https:\/\/blog.holyart.it\/it\/wp-content\/uploads\/sites\/17\/2018\/08\/san-camillo-de-lellis-protettore-degli-infermi.jpg\" alt=\"san camillo de lellis protettore degli infermi\" width=\"150\" height=\"99\" data-kale-share-title=\"Santi e sante che hanno cambiato il mondo\" data-kale-share-url=\"https:\/\/blog.holyart.it\/it\/santi-e-beati\/santi-sante-cambiato-mondo\/\" \/><\/p>\n<div class=\"leggi-anche\">Leggi anche:<\/div>\n<p><strong><a href=\"https:\/\/www.holyart.it\/blog\/santi-e-beati\/san-camillo-de-lellis-il-santo-protettore-degli-infermi\/\">San Camillo de Lellis: il santo protettore degli infermi<\/a><\/strong><br \/>\nDa uomo dissoluto a fondatore dei Camilliani, San Camillo de Lellis \u00e8 patrono universale dei malati, degli infermieri e&#8230;<\/p>\n<\/div>\n<h2>San Vincenzo De&#8217; Paoli (1581-1660)<\/h2>\n<p>Presbitero francese, fu fondatore di congregazioni religiose votate alle opere di carit\u00e0 e misericordia, come la Congregazione della Missione (\u201cLazzaristi\u201d), le &#8220;Dame della carit\u00e0\u201d e le \u201cFiglie della carit\u00e0\u201d.<br \/>\nIdentific\u00f2 la visione di Cristo povero nei poveri, negli ultimi, e dedic\u00f2 la propria vita e la propria missione a restituire ad essi dignit\u00e0 e speranza, la possibilit\u00e0 di risollevarsi dalla propria condizione e di lavorare.<br \/>\nOltre al servizio ai poveri, San Vincenzo vot\u00f2 la propria esistenza all\u2019evangelizzazione delle campagne. In entrambi i casi faceva in modo di rivolgersi alla gente in un modo semplice, chiaro, che essi potessero comprendere, e non mancava di prestare attenzione alle loro esigenze contingenti. Un altro suo obiettivo fu la formazione di sacerdoti capaci di sostenere il proprio ruolo sia come ambasciatori del Vangelo, sia come un appoggio reale e pratico ai bisognosi.<\/p>\n<h2>Sant&#8217;Alfonso Maria De&#8217; Liguori (1696-1787)<\/h2>\n<p>Sant\u2019Alfonso fu vescovo e fondatore della Congregazione del Santissimo Redentore. Uomo di intelletto e studio, segu\u00ec la carriera forense con brillanti risultati, prima di convertirsi e votare la propria vita alla chiesa. Scrisse opere letterarie e teologiche e fu anche compositore di melodie diventate famose, come il canto di Natale Tu scendi dalle stelle. Teologo attento alla morale, ma anche consapevole dei limiti degli uomini, fu attento alla causa degli umili, di chi era stato abbandonato da tutti. All\u2019attivit\u00e0 caritatevole, affianc\u00f2 quella di formazione per sacerdoti e catechisti, diffondendo con il suo eloquio semplice e concreto la necessit\u00e0 di alimentare la Chiesa, rinnovandola fin dalle sue fondamenta, per riportarla a una dimensione pi\u00f9 legata a Cristo, pi\u00f9 sottomessa alla volont\u00e0 del Padre.<\/p>\n<h2>San Giovanni Bosco (1815-1888)<\/h2>\n<p>Religioso e pedagogo, <a href=\"https:\/\/www.holyart.it\/blog\/santi-e-beati\/la-storia-di-don-bosco\/\"><strong>Don Bosco<\/strong><\/a> dedic\u00f2 la sua vita in particolare all\u2019educazione e alla cura dei giovani, soprattutto quelli pi\u00f9 disagiati, intervenendo su di loro in giovane et\u00e0 per renderli adulti consapevoli e devoti. Per educarli usava ragione, religione, amorevolezza, laddove, fino ad allora, severit\u00e0 e autorit\u00e0 erano stati gli unici strumenti pedagogici considerati validi. Un\u2019educazione basata sull\u2019amore, sul rispetto, sull\u2019allegria, su un modello di vita da fornire ai ragazzi. Considerato un \u201csanto sociale\u201d, fu fondatore delle congregazioni dei Salesiani e delle Figlie di Maria Ausiliatrice.<\/p>\n<div class=\"link-article\">\n<p><img loading=\"lazy\" decoding=\"async\" class=\"size-full wp-image-15323 alignleft\" src=\"https:\/\/blog.holyart.it\/it\/wp-content\/uploads\/sites\/17\/2018\/08\/storia-don-bosco.jpg\" alt=\"storia don bosco\" width=\"150\" height=\"99\" data-kale-share-title=\"Santi e sante che hanno cambiato il mondo\" data-kale-share-url=\"https:\/\/blog.holyart.it\/it\/santi-e-beati\/santi-sante-cambiato-mondo\/\" \/><\/p>\n<div class=\"leggi-anche\">Leggi anche:<\/div>\n<p><strong><a href=\"https:\/\/www.holyart.it\/blog\/santi-e-beati\/la-storia-di-don-bosco\/\">La Storia di Don Bosco<\/a><\/strong><br \/>\nTra tutti i santi e beati venerati dalla chiesa cattolica, Don Bosco occupa un posto davvero speciale. Fondatore dei Salesiani e delle Figlie di&#8230;<\/p>\n<\/div>\n<h2>Charles De Foucauld (1858-1916)<\/h2>\n<p>Dopo un\u2019esistenza scapestrata e dopo aver viaggiato come esploratore in Marocco, <a href=\"https:\/\/www.holyart.it\/it\/articoli-religiosi\/arazzi\/arazzo-charles-de-foucauld-40x30-cm\"><strong>Charles De Foucauld<\/strong><\/a> scopr\u00ec la propria vocazione. Il suo messaggio e la sua missione divennero da quel momento l\u2019amore universale, un concetto di fraternit\u00e0 e carit\u00e0 che abbracciava tutti i popoli. Si considerava \u201cfratello di tutti\u201d, e come tale viveva, dispensando misericordia, diffondendo un messaggio di amore e tolleranza tra i nomadi del deserto e ovunque lo portassero i suoi viaggi di evangelizzazione.<\/p>\n<h2>Santa Teresa Di Lisieux (1873-1897)<\/h2>\n<p>Nota anche come <a href=\"https:\/\/www.holyart.it\/it\/articoli-religiosi\/statue\/statue-in-legno-dipinto\/santa-teresa-di-lisieux-s.-teresa-del-bambino-gesu-legno-dipinto-val-gardena\"><strong>Santa Teresa di Ges\u00f9 Bambino<\/strong><\/a>, Th\u00e9r\u00e8se Fran\u00e7oise Marie Martin fu una monaca Carmelitana e una mistica. Patrona dei missionari e di Francia, fu la creatrice della teologia della &#8220;piccola via&#8221;. Teresa proponeva la ricerca della santit\u00e0, attraverso piccoli gesti quotidiani, compiuti nell\u2019amore di Dio. La sua abnegazione, il suo totale abbandono alla volont\u00e0 Padre, furono il suo modo per essere vicina a Ges\u00f9. I suoi strumenti, oltre alla preghiera, alla fede e al silenzio, alle privazioni, che la condurranno alla malattia e alla morte, furono la solidariet\u00e0 e la carit\u00e0 verso il prossimo.<\/p>\n<div class=\"link-product\">\n<div class=\"blocco-immagine\"><img loading=\"lazy\" decoding=\"async\" class=\"size-full wp-image-15324 alignleft\" src=\"https:\/\/blog.holyart.it\/it\/wp-content\/uploads\/sites\/17\/2018\/08\/santa-teresa-di-lisieux-s.-teresa-del-bambino-gesu-legno-dipinto-val-gardena.jpg\" alt=\"santa teresa di lisieux s. teresa del bambino gesu legno dipinto val gardena\" width=\"100\" height=\"100\" data-kale-share-title=\"Santi e sante che hanno cambiato il mondo\" data-kale-share-url=\"https:\/\/blog.holyart.it\/it\/santi-e-beati\/santi-sante-cambiato-mondo\/\" \/><\/div>\n<div class=\"blocco-contenuto\">\n<div class=\"blocco-acquista\">Acquista su Holyart:<\/div>\n<div class=\"blocco-titolo\"><a href=\"https:\/\/www.holyart.it\/it\/articoli-religiosi\/statue\/statue-in-legno-dipinto\/santa-teresa-di-lisieux-s.-teresa-del-bambino-gesu-legno-dipinto-val-gardena\">Santa Teresa di Lisieux legno dipinto Val Gardena<\/a><\/div>\n<div class=\"blocco-descrizione\">La statua \u00e8 realizzata in legno d&#8217;acero ed \u00e8 disponibile in diverse misure.<\/div>\n<\/div>\n<\/div>\n<h2>Edith Stein, Santa Teresa Benedetta Della Croce (1891-1942)<\/h2>\n<p>Patrona dell\u2019Europa insieme a Caterina da Siena, Brigida di Svezia, Benedetto da Norcia e Cirillo e Metodio, Edith Stein \u00e8 stata una religiosa, ma anche una filosofa discepola di Husserl e una femminista ante litteram. Di origine ebraica, fu teologa e mistica, e come monaca dedic\u00f2 la propria vita a Maria. Il suo martirio ad Auschwitz l\u2019ha resa un personaggio emblematico, simbolo di un\u2019epoca di orrori, ma anche di profondi mutamenti spirituali e filosofici, dei quali lei \u00e8 stata protagonista e sostenitrice.<\/p>\n","protected":false},"excerpt":{"rendered":"<p>Vogliamo redigere un elenco di santi famosi per aver cambiato il mondo, una galleria di ritratti di uomini e donne sorprendenti per levatura morale, forza spirituale, e per l\u2019impatto che le loro scelte e le loro azioni hanno avuto sulla nascita dell\u2019Europa e della civilt\u00e0&hellip;<\/p>\n","protected":false},"author":1,"featured_media":4090,"comment_status":"closed","ping_status":"open","sticky":false,"template":"","format":"standard","meta":{"_acf_changed":false,"footnotes":""},"categories":[15],"tags":[],"class_list":["post-4023","post","type-post","status-publish","format-standard","has-post-thumbnail","hentry","category-santi-e-beati"],"acf":[],"yoast_head":"<!-- This site is optimized with the Yoast SEO plugin v26.6 - https:\/\/yoast.com\/wordpress\/plugins\/seo\/ -->\n<title>Santi famosi che hanno cambiato il mondo - Holyblog<\/title>\n<meta name=\"description\" content=\"Vogliamo redigere un elenco di santi famosi per aver cambiato il mondo, una galleria di ritratti di uomini e donne sorprendenti per le loro azioni\" \/>\n<meta name=\"robots\" content=\"index, follow, max-snippet:-1, max-image-preview:large, max-video-preview:-1\" \/>\n<link rel=\"canonical\" href=\"https:\/\/blog.holyart.it\/it\/santi-e-beati\/santi-sante-cambiato-mondo\/\" \/>\n<meta property=\"og:locale\" content=\"it_IT\" \/>\n<meta property=\"og:type\" content=\"article\" \/>\n<meta property=\"og:title\" content=\"Santi famosi che hanno cambiato il mondo - Holyblog\" \/>\n<meta property=\"og:description\" content=\"Vogliamo redigere un elenco di santi famosi per aver cambiato il mondo, una galleria di ritratti di uomini e donne sorprendenti per le loro azioni\" \/>\n<meta property=\"og:url\" content=\"https:\/\/blog.holyart.it\/it\/santi-e-beati\/santi-sante-cambiato-mondo\/\" \/>\n<meta property=\"og:site_name\" content=\"Holyblog\" \/>\n<meta property=\"article:published_time\" content=\"2018-08-08T16:00:17+00:00\" \/>\n<meta property=\"article:modified_time\" content=\"2022-10-13T13:10:17+00:00\" \/>\n<meta property=\"og:image\" content=\"https:\/\/blog.holyart.it\/it\/wp-content\/uploads\/sites\/17\/2018\/08\/santi.jpg\" \/>\n\t<meta property=\"og:image:width\" content=\"1000\" \/>\n\t<meta property=\"og:image:height\" content=\"666\" \/>\n\t<meta property=\"og:image:type\" content=\"image\/jpeg\" \/>\n<meta name=\"author\" content=\"Redazione\" \/>\n<meta name=\"twitter:card\" content=\"summary_large_image\" \/>\n<meta name=\"twitter:label1\" content=\"Scritto da\" \/>\n\t<meta name=\"twitter:data1\" content=\"Redazione\" \/>\n\t<meta name=\"twitter:label2\" content=\"Tempo di lettura stimato\" \/>\n\t<meta name=\"twitter:data2\" content=\"17 minuti\" \/>\n<script type=\"application\/ld+json\" class=\"yoast-schema-graph\">{\"@context\":\"https:\/\/schema.org\",\"@graph\":[{\"@type\":\"Article\",\"@id\":\"https:\/\/blog.holyart.it\/it\/santi-e-beati\/santi-sante-cambiato-mondo\/#article\",\"isPartOf\":{\"@id\":\"https:\/\/blog.holyart.it\/it\/santi-e-beati\/santi-sante-cambiato-mondo\/\"},\"author\":{\"name\":\"Redazione\",\"@id\":\"https:\/\/blog.holyart.it\/it\/#\/schema\/person\/0a7b686e5af0f856ec1e390dd0baecda\"},\"headline\":\"Santi famosi che hanno cambiato il mondo\",\"datePublished\":\"2018-08-08T16:00:17+00:00\",\"dateModified\":\"2022-10-13T13:10:17+00:00\",\"mainEntityOfPage\":{\"@id\":\"https:\/\/blog.holyart.it\/it\/santi-e-beati\/santi-sante-cambiato-mondo\/\"},\"wordCount\":3505,\"publisher\":{\"@id\":\"https:\/\/blog.holyart.it\/it\/#organization\"},\"image\":{\"@id\":\"https:\/\/blog.holyart.it\/it\/santi-e-beati\/santi-sante-cambiato-mondo\/#primaryimage\"},\"thumbnailUrl\":\"https:\/\/blog.holyart.it\/it\/wp-content\/uploads\/sites\/17\/2018\/08\/santi.jpg\",\"articleSection\":[\"Santi e beati\"],\"inLanguage\":\"it-IT\"},{\"@type\":\"WebPage\",\"@id\":\"https:\/\/blog.holyart.it\/it\/santi-e-beati\/santi-sante-cambiato-mondo\/\",\"url\":\"https:\/\/blog.holyart.it\/it\/santi-e-beati\/santi-sante-cambiato-mondo\/\",\"name\":\"Santi famosi che hanno cambiato il mondo - Holyblog\",\"isPartOf\":{\"@id\":\"https:\/\/blog.holyart.it\/it\/#website\"},\"primaryImageOfPage\":{\"@id\":\"https:\/\/blog.holyart.it\/it\/santi-e-beati\/santi-sante-cambiato-mondo\/#primaryimage\"},\"image\":{\"@id\":\"https:\/\/blog.holyart.it\/it\/santi-e-beati\/santi-sante-cambiato-mondo\/#primaryimage\"},\"thumbnailUrl\":\"https:\/\/blog.holyart.it\/it\/wp-content\/uploads\/sites\/17\/2018\/08\/santi.jpg\",\"datePublished\":\"2018-08-08T16:00:17+00:00\",\"dateModified\":\"2022-10-13T13:10:17+00:00\",\"description\":\"Vogliamo redigere un elenco di santi famosi per aver cambiato il mondo, una galleria di ritratti di uomini e donne sorprendenti per le loro azioni\",\"breadcrumb\":{\"@id\":\"https:\/\/blog.holyart.it\/it\/santi-e-beati\/santi-sante-cambiato-mondo\/#breadcrumb\"},\"inLanguage\":\"it-IT\",\"potentialAction\":[{\"@type\":\"ReadAction\",\"target\":[\"https:\/\/blog.holyart.it\/it\/santi-e-beati\/santi-sante-cambiato-mondo\/\"]}]},{\"@type\":\"ImageObject\",\"inLanguage\":\"it-IT\",\"@id\":\"https:\/\/blog.holyart.it\/it\/santi-e-beati\/santi-sante-cambiato-mondo\/#primaryimage\",\"url\":\"https:\/\/blog.holyart.it\/it\/wp-content\/uploads\/sites\/17\/2018\/08\/santi.jpg\",\"contentUrl\":\"https:\/\/blog.holyart.it\/it\/wp-content\/uploads\/sites\/17\/2018\/08\/santi.jpg\",\"width\":1000,\"height\":666,\"caption\":\"santi\"},{\"@type\":\"BreadcrumbList\",\"@id\":\"https:\/\/blog.holyart.it\/it\/santi-e-beati\/santi-sante-cambiato-mondo\/#breadcrumb\",\"itemListElement\":[{\"@type\":\"ListItem\",\"position\":1,\"name\":\"Homepage\",\"item\":\"https:\/\/blog.holyart.it\/it\/\"},{\"@type\":\"ListItem\",\"position\":2,\"name\":\"Santi e beati\",\"item\":\"https:\/\/blog.holyart.it\/it\/santi-e-beati\/\"},{\"@type\":\"ListItem\",\"position\":3,\"name\":\"Santi famosi che hanno cambiato il mondo\"}]},{\"@type\":\"WebSite\",\"@id\":\"https:\/\/blog.holyart.it\/it\/#website\",\"url\":\"https:\/\/blog.holyart.it\/it\/\",\"name\":\"Holyblog\",\"description\":\"Il Blog di Holyart.it\",\"publisher\":{\"@id\":\"https:\/\/blog.holyart.it\/it\/#organization\"},\"potentialAction\":[{\"@type\":\"SearchAction\",\"target\":{\"@type\":\"EntryPoint\",\"urlTemplate\":\"https:\/\/blog.holyart.it\/it\/?s={search_term_string}\"},\"query-input\":{\"@type\":\"PropertyValueSpecification\",\"valueRequired\":true,\"valueName\":\"search_term_string\"}}],\"inLanguage\":\"it-IT\"},{\"@type\":\"Organization\",\"@id\":\"https:\/\/blog.holyart.it\/it\/#organization\",\"name\":\"Holyblog\",\"url\":\"https:\/\/blog.holyart.it\/it\/\",\"logo\":{\"@type\":\"ImageObject\",\"inLanguage\":\"it-IT\",\"@id\":\"https:\/\/blog.holyart.it\/it\/#\/schema\/logo\/image\/\",\"url\":\"https:\/\/blog.holyart.it\/it\/wp-content\/uploads\/sites\/17\/2022\/12\/Holyart_Blog_Logo.jpg\",\"contentUrl\":\"https:\/\/blog.holyart.it\/it\/wp-content\/uploads\/sites\/17\/2022\/12\/Holyart_Blog_Logo.jpg\",\"width\":300,\"height\":50,\"caption\":\"Holyblog\"},\"image\":{\"@id\":\"https:\/\/blog.holyart.it\/it\/#\/schema\/logo\/image\/\"}},{\"@type\":\"Person\",\"@id\":\"https:\/\/blog.holyart.it\/it\/#\/schema\/person\/0a7b686e5af0f856ec1e390dd0baecda\",\"name\":\"Redazione\"}]}<\/script>\n<!-- \/ Yoast SEO plugin. -->","yoast_head_json":{"title":"Santi famosi che hanno cambiato il mondo - Holyblog","description":"Vogliamo redigere un elenco di santi famosi per aver cambiato il mondo, una galleria di ritratti di uomini e donne sorprendenti per le loro azioni","robots":{"index":"index","follow":"follow","max-snippet":"max-snippet:-1","max-image-preview":"max-image-preview:large","max-video-preview":"max-video-preview:-1"},"canonical":"https:\/\/blog.holyart.it\/it\/santi-e-beati\/santi-sante-cambiato-mondo\/","og_locale":"it_IT","og_type":"article","og_title":"Santi famosi che hanno cambiato il mondo - Holyblog","og_description":"Vogliamo redigere un elenco di santi famosi per aver cambiato il mondo, una galleria di ritratti di uomini e donne sorprendenti per le loro azioni","og_url":"https:\/\/blog.holyart.it\/it\/santi-e-beati\/santi-sante-cambiato-mondo\/","og_site_name":"Holyblog","article_published_time":"2018-08-08T16:00:17+00:00","article_modified_time":"2022-10-13T13:10:17+00:00","og_image":[{"width":1000,"height":666,"url":"https:\/\/blog.holyart.it\/it\/wp-content\/uploads\/sites\/17\/2018\/08\/santi.jpg","type":"image\/jpeg"}],"author":"Redazione","twitter_card":"summary_large_image","twitter_misc":{"Scritto da":"Redazione","Tempo di lettura stimato":"17 minuti"},"schema":{"@context":"https:\/\/schema.org","@graph":[{"@type":"Article","@id":"https:\/\/blog.holyart.it\/it\/santi-e-beati\/santi-sante-cambiato-mondo\/#article","isPartOf":{"@id":"https:\/\/blog.holyart.it\/it\/santi-e-beati\/santi-sante-cambiato-mondo\/"},"author":{"name":"Redazione","@id":"https:\/\/blog.holyart.it\/it\/#\/schema\/person\/0a7b686e5af0f856ec1e390dd0baecda"},"headline":"Santi famosi che hanno cambiato il mondo","datePublished":"2018-08-08T16:00:17+00:00","dateModified":"2022-10-13T13:10:17+00:00","mainEntityOfPage":{"@id":"https:\/\/blog.holyart.it\/it\/santi-e-beati\/santi-sante-cambiato-mondo\/"},"wordCount":3505,"publisher":{"@id":"https:\/\/blog.holyart.it\/it\/#organization"},"image":{"@id":"https:\/\/blog.holyart.it\/it\/santi-e-beati\/santi-sante-cambiato-mondo\/#primaryimage"},"thumbnailUrl":"https:\/\/blog.holyart.it\/it\/wp-content\/uploads\/sites\/17\/2018\/08\/santi.jpg","articleSection":["Santi e beati"],"inLanguage":"it-IT"},{"@type":"WebPage","@id":"https:\/\/blog.holyart.it\/it\/santi-e-beati\/santi-sante-cambiato-mondo\/","url":"https:\/\/blog.holyart.it\/it\/santi-e-beati\/santi-sante-cambiato-mondo\/","name":"Santi famosi che hanno cambiato il mondo - Holyblog","isPartOf":{"@id":"https:\/\/blog.holyart.it\/it\/#website"},"primaryImageOfPage":{"@id":"https:\/\/blog.holyart.it\/it\/santi-e-beati\/santi-sante-cambiato-mondo\/#primaryimage"},"image":{"@id":"https:\/\/blog.holyart.it\/it\/santi-e-beati\/santi-sante-cambiato-mondo\/#primaryimage"},"thumbnailUrl":"https:\/\/blog.holyart.it\/it\/wp-content\/uploads\/sites\/17\/2018\/08\/santi.jpg","datePublished":"2018-08-08T16:00:17+00:00","dateModified":"2022-10-13T13:10:17+00:00","description":"Vogliamo redigere un elenco di santi famosi per aver cambiato il mondo, una galleria di ritratti di uomini e donne sorprendenti per le loro azioni","breadcrumb":{"@id":"https:\/\/blog.holyart.it\/it\/santi-e-beati\/santi-sante-cambiato-mondo\/#breadcrumb"},"inLanguage":"it-IT","potentialAction":[{"@type":"ReadAction","target":["https:\/\/blog.holyart.it\/it\/santi-e-beati\/santi-sante-cambiato-mondo\/"]}]},{"@type":"ImageObject","inLanguage":"it-IT","@id":"https:\/\/blog.holyart.it\/it\/santi-e-beati\/santi-sante-cambiato-mondo\/#primaryimage","url":"https:\/\/blog.holyart.it\/it\/wp-content\/uploads\/sites\/17\/2018\/08\/santi.jpg","contentUrl":"https:\/\/blog.holyart.it\/it\/wp-content\/uploads\/sites\/17\/2018\/08\/santi.jpg","width":1000,"height":666,"caption":"santi"},{"@type":"BreadcrumbList","@id":"https:\/\/blog.holyart.it\/it\/santi-e-beati\/santi-sante-cambiato-mondo\/#breadcrumb","itemListElement":[{"@type":"ListItem","position":1,"name":"Homepage","item":"https:\/\/blog.holyart.it\/it\/"},{"@type":"ListItem","position":2,"name":"Santi e beati","item":"https:\/\/blog.holyart.it\/it\/santi-e-beati\/"},{"@type":"ListItem","position":3,"name":"Santi famosi che hanno cambiato il mondo"}]},{"@type":"WebSite","@id":"https:\/\/blog.holyart.it\/it\/#website","url":"https:\/\/blog.holyart.it\/it\/","name":"Holyblog","description":"Il Blog di Holyart.it","publisher":{"@id":"https:\/\/blog.holyart.it\/it\/#organization"},"potentialAction":[{"@type":"SearchAction","target":{"@type":"EntryPoint","urlTemplate":"https:\/\/blog.holyart.it\/it\/?s={search_term_string}"},"query-input":{"@type":"PropertyValueSpecification","valueRequired":true,"valueName":"search_term_string"}}],"inLanguage":"it-IT"},{"@type":"Organization","@id":"https:\/\/blog.holyart.it\/it\/#organization","name":"Holyblog","url":"https:\/\/blog.holyart.it\/it\/","logo":{"@type":"ImageObject","inLanguage":"it-IT","@id":"https:\/\/blog.holyart.it\/it\/#\/schema\/logo\/image\/","url":"https:\/\/blog.holyart.it\/it\/wp-content\/uploads\/sites\/17\/2022\/12\/Holyart_Blog_Logo.jpg","contentUrl":"https:\/\/blog.holyart.it\/it\/wp-content\/uploads\/sites\/17\/2022\/12\/Holyart_Blog_Logo.jpg","width":300,"height":50,"caption":"Holyblog"},"image":{"@id":"https:\/\/blog.holyart.it\/it\/#\/schema\/logo\/image\/"}},{"@type":"Person","@id":"https:\/\/blog.holyart.it\/it\/#\/schema\/person\/0a7b686e5af0f856ec1e390dd0baecda","name":"Redazione"}]}},"_links":{"self":[{"href":"https:\/\/blog.holyart.it\/it\/wp-json\/wp\/v2\/posts\/4023","targetHints":{"allow":["GET"]}}],"collection":[{"href":"https:\/\/blog.holyart.it\/it\/wp-json\/wp\/v2\/posts"}],"about":[{"href":"https:\/\/blog.holyart.it\/it\/wp-json\/wp\/v2\/types\/post"}],"author":[{"embeddable":true,"href":"https:\/\/blog.holyart.it\/it\/wp-json\/wp\/v2\/users\/1"}],"replies":[{"embeddable":true,"href":"https:\/\/blog.holyart.it\/it\/wp-json\/wp\/v2\/comments?post=4023"}],"version-history":[{"count":0,"href":"https:\/\/blog.holyart.it\/it\/wp-json\/wp\/v2\/posts\/4023\/revisions"}],"wp:featuredmedia":[{"embeddable":true,"href":"https:\/\/blog.holyart.it\/it\/wp-json\/wp\/v2\/media\/4090"}],"wp:attachment":[{"href":"https:\/\/blog.holyart.it\/it\/wp-json\/wp\/v2\/media?parent=4023"}],"wp:term":[{"taxonomy":"category","embeddable":true,"href":"https:\/\/blog.holyart.it\/it\/wp-json\/wp\/v2\/categories?post=4023"},{"taxonomy":"post_tag","embeddable":true,"href":"https:\/\/blog.holyart.it\/it\/wp-json\/wp\/v2\/tags?post=4023"}],"curies":[{"name":"wp","href":"https:\/\/api.w.org\/{rel}","templated":true}]}}