{"id":3979,"date":"2018-08-01T14:39:02","date_gmt":"2018-08-01T12:39:02","guid":{"rendered":"https:\/\/blog.holyart.it\/it\/?p=3979"},"modified":"2022-04-12T17:03:36","modified_gmt":"2022-04-12T15:03:36","slug":"padre-pio-lordine-dei-frati-minori-cappuccini","status":"publish","type":"post","link":"https:\/\/blog.holyart.it\/it\/santi-e-beati\/padre-pio-lordine-dei-frati-minori-cappuccini\/","title":{"rendered":"Padre Pio e l&#8217;ordine dei Frati Minori Cappuccini"},"content":{"rendered":"<h4>Padre Pio dimostr\u00f2 fin da giovane il desiderio di abbracciare la vita religiosa: entr\u00f2 in convento a quattordici anni nell&#8217;Ordine dei Frati Cappuccini<\/h4>\n\n<p>Che cosa rende <a href=\"https:\/\/www.holyart.it\/it\/occasioni-speciali\/padre-pio\"><strong>Padre Pio<\/strong><\/a>, oggi conosciuto come San Pio da Pietrelcina, un personaggio cos\u00ec venerato e celebrato, fin da quando era vivo, e tuttavia anche cos\u00ec discusso? La venerazione popolare di cui \u00e8 stato oggetto fin dagli anni della sua giovinezza \u00e8 dovuta probabilmente alla sua fama di taumaturgo, agli eventi miracolosi di cui sarebbe stato protagonista, gli stessi che gli hanno valso tante critiche dal mondo ecclesiastico.<\/p>\n<p>Di certo l\u2019avventura umana e spirituale di quest\u2019uomo nato e vissuto a cavallo tra due secoli, che ha attraversato il \u2018900, con le due Guerre mondiali e tutti gli sconvolgimenti che hanno cambiato il volto dell\u2019Europa e del mondo, senza tuttavia perdere il suo spirito ardente e, allo stesso tempo, intriso di un\u2019umanit\u00e0 che non disdegnava lo scherzo e la battuta, merita di essere ricordata. Cos\u00ec come merita di essere ricordato ci\u00f2 che ha fatto per molti, moltissimi che, direttamente o indirettamente, si sono rivolti a lui in cerca di conforto e aiuto. Il suo impatto umano e religioso ha davvero segnato un secolo, e il suo ricordo continua a suscitare emozioni contrastanti e una devozione cos\u00ec forte da rendere davvero impossibile ignorarlo.<\/p>\n<p>La sua vicenda umana \u00e8 abbastanza nota.<\/p>\n<div class=\"link-product\">\n<div class=\"blocco-immagine\"><img loading=\"lazy\" decoding=\"async\" class=\"size-full wp-image-15291 alignleft\" src=\"https:\/\/blog.holyart.it\/it\/wp-content\/uploads\/sites\/17\/2018\/08\/statua-legno-san-padre-pio-da-pietrelcina-dipinta.jpg\" alt=\"statua legno san padre pio da pietrelcina dipinta\" width=\"100\" height=\"100\" data-kale-share-title=\"Padre Pio e l\u2019ordine dei Frati Minori Cappuccini\" data-kale-share-url=\"https:\/\/blog.holyart.it\/it\/santi-e-beati\/padre-pio-lordine-dei-frati-minori-cappuccini\/\" \/><\/div>\n<div class=\"blocco-contenuto\">\n<div class=\"blocco-acquista\">Acquista su Holyart:<\/div>\n<div class=\"blocco-titolo\"><a href=\"https:\/\/www.holyart.it\/it\/occasioni-speciali\/padre-pio\">Padre Pio<\/a><\/div>\n<div class=\"blocco-descrizione\">Visita il nostro reparto interamente dedicato a Padre Pio, il grande frate di Pietralcina.<\/div>\n<\/div>\n<\/div>\n<h2>Fra&#8217; Pio dell&#8217;Ordine dei Cappuccini<\/h2>\n<p>Nato a Pietrelcina, in provincia di Benevento, nel 1887, era figlio di umili contadini. Fu battezzato col nome di Francesco Forgione. La madre era una donna molto pia, totalmente devota a<strong> <a href=\"https:\/\/www.holyart.it\/blog\/santi-e-beati\/san-francesco-dassisi\/\">San Francesco d\u2019Assisi<\/a><\/strong>, e a questo amore per il poverello d\u2019Assisi, Francesco dovette il proprio nome.<\/p>\n<p>Dimostr\u00f2 fin da giovane il desiderio di abbracciare la vita religiosa, entr\u00f2 in convento appena quattordicenne e prese presto i voti come frate cappuccino, con il nome di Fra\u2019 Pio. Negli anni successivi visse e studi\u00f2 tra il convento di Serracapriola e Pietrelcina, spesso costretto al riposo dalla salute cagionevole che lo perseguiter\u00e0 per tutta la vita, e gi\u00e0 in questo primo periodo della sua vita manifester\u00e0 una serie di esperienze spirituali fuori dalla norma, tra cui le stimmate \u201cprovvisorie\u201d, ferite che per anni appariranno e scompariranno dalle sue mani, e dialoghi frequenti con Dio. Viene ordinato sacerdote ad appena 23 anni, nel 1910. Nel 1916 si reca per la prima volta al convento di San Giovanni Rotondo, dove si fermer\u00e0, anche dietro \u201csuggerimento\u201d di Ges\u00f9, che gli avrebbe assicurato che quel luogo avrebbe giovato alla sua salute.<\/p>\n<div class=\"link-product\">\n<div class=\"blocco-immagine\"><img loading=\"lazy\" decoding=\"async\" class=\"size-full wp-image-15292 alignleft\" src=\"https:\/\/blog.holyart.it\/it\/wp-content\/uploads\/sites\/17\/2018\/08\/san-francesco-dassisi-legno-dipinto-val-gardena.jpg\" alt=\"san francesco d'assisi legno dipinto val gardena\" width=\"100\" height=\"100\" data-kale-share-title=\"Padre Pio e l\u2019ordine dei Frati Minori Cappuccini\" data-kale-share-url=\"https:\/\/blog.holyart.it\/it\/santi-e-beati\/padre-pio-lordine-dei-frati-minori-cappuccini\/\" \/><\/div>\n<div class=\"blocco-contenuto\">\n<div class=\"blocco-acquista\">Acquista su Holyart:<\/div>\n<div class=\"blocco-titolo\"><a href=\"https:\/\/www.holyart.it\/it\/articoli-religiosi\/statue\/statue-in-legno-dipinto\/san-francesco-dassisi-legno-dipinto-val-gardena\">San Francesco d&#8217;Assisi legno dipinto Val Gardena<\/a><\/div>\n<div class=\"blocco-descrizione\">Statua realizzata a mano e dipinta finemente, dagli artigiani della Valgardena.<\/div>\n<\/div>\n<\/div>\n<p>\u00c8 a <a href=\"https:\/\/www.holyart.it\/blog\/santi-e-beati\/santuario-padre-pio-san-giovanni-rotondo\/\"><strong>San Giovanni Rotondo<\/strong><\/a> che Padre Pio riceve, in seguito ad alcune visioni, le stimmate \u201cdefinitive\u201d, che non lo lasceranno pi\u00f9, e, nello stesso periodo, si dice che inizi ad emanare un soave profumo di fiori, percepibile a chiunque gli si avvicina. Altri segni miracolosi, che si manifesteranno da qui in poi, e che porteranno alla sua beatificazione, sono il dono della bilocazione, la profezia, la lettura della mente e del cuore dei suoi fedeli. Il convento che lo ospita diviene ben presto m\u00e8ta di pellegrinaggi da tutto il mondo. Questo porta inevitabilmente anche una serie di reazioni ostili, indagini sul religioso e sull\u2019uomo, che portano l\u2019opinione pubblica e la chiesa stessa a spaccarsi in due, nei riguardi del frate, al quale viene impedito, per un certo periodo, di dire messa e\u00a0<strong><a href=\"https:\/\/www.holyart.it\/blog\/articoli-religiosi\/spiegare-la-confessione-al-bambino\/\">l&#8217;esercizio della confessione<\/a><\/strong>. Ma questo non scoraggia i suoi devoti, n\u00e9 fa cessare i pellegrinaggi a San Giovanni Rotondo, che anzi si intensificano sempre di pi\u00f9. Anche alcuni reali d\u2019Europa gli fanno visita, e intorno a Padre Pio, \u2018santo vivente\u2019, nasce un vero e proprio culto che aumenta in modo inarrestabile, soprattutto dopo la Seconda guerra mondiale.<\/p>\n<p>Quando mor\u00ec, il 23 settembre del 1968, ai suoi funerali parteciparono pi\u00f9 di centomila persone. Dichiarato Beato nel 1999, fu proclamato Santo nel 2002 da Papa Giovanni Paolo II, col nome di San Pio da Pietrelcina. Da allora viene festeggiato il 23 settembre ed \u00e8 considerato patrono dei volontari della protezione civile e degli adolescenti cattolici.<\/p>\n<div class=\"link-article\">\n<p><img loading=\"lazy\" decoding=\"async\" class=\"size-full wp-image-15293 alignleft\" src=\"https:\/\/blog.holyart.it\/it\/wp-content\/uploads\/sites\/17\/2018\/08\/santuario-di-padre-pio.jpg\" alt=\"santuario di padre pio\" width=\"150\" height=\"99\" data-kale-share-title=\"Padre Pio e l\u2019ordine dei Frati Minori Cappuccini\" data-kale-share-url=\"https:\/\/blog.holyart.it\/it\/santi-e-beati\/padre-pio-lordine-dei-frati-minori-cappuccini\/\" \/><\/p>\n<div class=\"leggi-anche\">Leggi anche:<\/div>\n<p><strong><a href=\"https:\/\/www.holyart.it\/blog\/santi-e-beati\/santuario-padre-pio-san-giovanni-rotondo\/\">Il Santuario di Padre Pio a San Giovanni Rotondo<\/a><\/strong><br \/>\nChe cosa spinge migliaia di persone a visitare ogni anno il Santuario di Padre Pio a San Giovanni Rotondo?&#8230;<\/p>\n<\/div>\n<p>Degli svariati <strong>miracoli <\/strong>che gli sono attribuiti, quello che gli merit\u00f2 la santit\u00e0 fu la guarigione di Matteo Pio Colella, un bambino di sette anni colpito da meningite batterica fulminante e considerato senza speranza dai medici. Per lui si attivarono i genitori, devoti a Padre Pio, e molti altri fedeli iniziarono a pregare, indirizzando le loro suppliche al Frate di Pietrelcina, che all\u2019epoca era gi\u00e0 morto da tempo. Tanto la madre di Matteo quanto il bambino stesso, una volta uscito dal coma, dichiararono di aver avuto una visione di Padre Pio. Il piccolo si riprese, venne dimesso, e guar\u00ec completamente, contro ogni previsione.<\/p>\n<p>Molte furono anche le <strong>profezie<\/strong> a lui attribuite, la pi\u00f9 famosa delle quali fu probabilmente quella che coinvolse Karol Wojtyla, futuro <a href=\"https:\/\/www.holyart.it\/it\/occasioni-speciali\/giovanni-paolo-ii\"><strong>Papa Giovanni Paolo II<\/strong><\/a>. Nel 1947 Padre Pio lo incontr\u00f2 e predisse la sua ascesa al Soglio pontificio, ma anche il terribile attentato di cui sarebbe stato vittima. Non ci sono tuttavia prove che attestino che il Papa raccolse questa predizione.<\/p>\n<p>A distanza di cinquant\u2019anni dalla sua morte, <a href=\"https:\/\/www.holyart.it\/it\/articoli-religiosi\/quadri-stampe-codici-miniati\/quadro-su-tela-pittorica-padre-pio-70x50-cm\"><strong>San Pio di Pietrelcina<\/strong><\/a> \u00e8 tuttora oggetto di una devozione popolare sorprendente e di dubbi e critiche, che tuttavia non mettono in ombra l\u2019amore incondizionato di chi in lui crede e confida, e le tante questioni legate alla sua straordinaria esperienza di uomo e sacerdote.<\/p>\n<div class=\"link-product\">\n<div class=\"blocco-immagine\"><img loading=\"lazy\" decoding=\"async\" class=\"size-full wp-image-15294 alignleft\" src=\"https:\/\/blog.holyart.it\/it\/wp-content\/uploads\/sites\/17\/2018\/08\/quadro-su-tela-pittorica-padre-pio-70x50-cm.jpg\" alt=\"quadro su tela pittorica padre pio 70x50 cm\" width=\"100\" height=\"100\" data-kale-share-title=\"Padre Pio e l\u2019ordine dei Frati Minori Cappuccini\" data-kale-share-url=\"https:\/\/blog.holyart.it\/it\/santi-e-beati\/padre-pio-lordine-dei-frati-minori-cappuccini\/\" \/><\/div>\n<div class=\"blocco-contenuto\">\n<div class=\"blocco-acquista\">Acquista su Holyart:<\/div>\n<div class=\"blocco-titolo\"><a href=\"https:\/\/www.holyart.it\/it\/articoli-religiosi\/quadri-stampe-codici-miniati\/quadro-su-tela-pittorica-padre-pio-70x50-cm\">Quadro su tela pittorica Padre Pio 70&#215;50 cm<\/a><\/div>\n<div class=\"blocco-descrizione\">In questa immagine tradizionale, la misticit\u00e0 del soggetto viene esaltata dall\u2019effetto donato dalla tela pittorica.<\/div>\n<\/div>\n<\/div>\n<h2>L\u2019ordine dei Cappuccini<\/h2>\n<p>Impossibile parlare di Padre Pio, senza accennare anche solo brevemente ai frati minori cappuccini, l\u2019ordine religioso al quale egli apparteneva. Si tratta di uno dei cosiddetti <strong>Ordini mendicanti<\/strong>, nati in seguito all\u2019esperienza e al <a href=\"https:\/\/www.holyart.it\/blog\/articoli-religiosi\/il-cantico-delle-creature-di-san-francesco\/\"><strong>modello offerto da San Francesco<\/strong><\/a>. Secondo l\u2019esempio di San Francesco, i Cappuccini predicavano in particolare il ritorno alla <strong>povert\u00e0 assoluta<\/strong> della chiesa, un valore che, alla data della fondazione dell\u2019ordine, intorno al 1520, si era perduto un po\u2019. Fu un francescano, <strong>Matteo da Bascio<\/strong>, a raccogliere intorno a s\u00e9 alcuni confratelli che condividevano il suo pensiero e la sua aspirazione a tornare a una vita umile, semplice, fatta di preghiera, eremitaggio e servizio ai poveri e ai bisognosi. Quelle idee, per quanto nobili, erano malviste dall\u2019Autorit\u00e0 ecclesiastica, soprattutto in un periodo in cui la Riforma luterana rendeva la chiesa cattolica instabile e ogni posizione dissidente era considerata una potenziale minaccia.<\/p>\n<div class=\"link-article\">\n<p><img loading=\"lazy\" decoding=\"async\" class=\"size-full wp-image-15295 alignleft\" src=\"https:\/\/blog.holyart.it\/it\/wp-content\/uploads\/sites\/17\/2018\/08\/san-francesco.jpg\" alt=\"san francesco\" width=\"150\" height=\"99\" data-kale-share-title=\"Padre Pio e l\u2019ordine dei Frati Minori Cappuccini\" data-kale-share-url=\"https:\/\/blog.holyart.it\/it\/santi-e-beati\/padre-pio-lordine-dei-frati-minori-cappuccini\/\" \/><\/p>\n<div class=\"leggi-anche\">Leggi anche:<\/div>\n<p><strong><a href=\"https:\/\/www.holyart.it\/blog\/articoli-religiosi\/il-cantico-delle-creature-di-san-francesco\/\">Il cantico delle creature di San Francesco<\/a><\/strong><br \/>\nSan Francesco d\u2019Assisi \u00e8 uno dei santi pi\u00f9 amati e venerati dalla Chiesa cattolica. Vicino ai poveri, fratello degli ultimi, fece dell\u2019amore&#8230;<\/p>\n<\/div>\n<p>Da Bascio e i suoi, tuttavia, non erano sovversivi. Volevano solo poter condurre la propria esistenza umana e spirituale secondo i <strong>principi della povert\u00e0<\/strong>. Per poter fare questo, cercarono inizialmente ospitalit\u00e0 presso i monaci Camaldolesi, ai quali debbono la veste col caratteristico cappuccio da cui prenderanno poi nome. Successivamente, ottennero di poter vivere come eremiti, in povert\u00e0 e predicando ai poveri, e poterono istituirsi come <strong>Frati minori eremiti<\/strong>, grazie alla bolla di approvazione \u201cReligionis Zelus\u201d concessa loro nel 1528 da papa Clemente VII. L\u2019ordine continu\u00f2 ad ampliarsi, tra il 1600 e il 1700, con la nascita di molti conventi, soprattutto in Francia, ma anche nelle missioni. Infatti i Cappuccini si rivelarono <strong>grandi predicatori<\/strong>, e, in virt\u00f9 di questa loro dote, vennero inviati come missionari un po\u2019 ovunque, ottenendo un grande seguito.<\/p>\n<h3>L&#8217;acronimo OfmCap<\/h3>\n<p>Oggi l&#8217;Ordine dei Frati Cappuccini appartiene ai <strong>tre ordini maschili<\/strong> che fanno parte della <strong>Famiglia Francescana<\/strong>: i Frati Minori (detti anche Osservanti), i Frati Minori Conventuali e, appunto, l&#8217;Ordine dei Frati Minori Cappuccini. La Famiglia Francescana \u00e8 la famiglia spirituale pi\u00f9 numerosa e varia della Chiesa. Raccoglie frati, suore e laici uniti dal carisma di San Francesco d\u2019Assisi e dalla volont\u00e0 di vivere seguendo i suoi dettami di <strong>povert\u00e0<\/strong>, <strong>obbedienza<\/strong> e <strong>castit\u00e0<\/strong>. In latino l\u2019Ordine dei Cappuccini era chiamato <em>Ordo fratrum minorum capuccinorum<\/em>, in cui acronimo O.F.M.Cap. viene ancora usato in alcuni contesti. Oltre alla veste e al cappuccio, i Cappuccini hanno \u2018ereditato\u2019 dai <a href=\"https:\/\/www.holyart.it\/it\/prodotti-dei-monasteri\"><strong>monaci di Camaldoli<\/strong><\/a> la tradizione di portare la <strong>barba<\/strong>. Ancora oggi i Cappuccini sono caratterizzati dalla barba lunga e incolta, dal tipico saio marrone chiaro, con un grande cappuccio sulle spalle e dal cordone come cintura.<\/p>\n<div class=\"link-product\">\n<div class=\"blocco-immagine\"><img loading=\"lazy\" decoding=\"async\" class=\"size-full wp-image-15296 alignleft\" src=\"https:\/\/blog.holyart.it\/it\/wp-content\/uploads\/sites\/17\/2018\/08\/tisana-alla-melissa-di-camaldoli-100-gr.jpg\" alt=\"tisana alla melissa di camaldoli 100 gr\" width=\"100\" height=\"100\" data-kale-share-title=\"Padre Pio e l\u2019ordine dei Frati Minori Cappuccini\" data-kale-share-url=\"https:\/\/blog.holyart.it\/it\/santi-e-beati\/padre-pio-lordine-dei-frati-minori-cappuccini\/\" \/><\/div>\n<div class=\"blocco-contenuto\">\n<div class=\"blocco-acquista\">Acquista su Holyart:<\/div>\n<div class=\"blocco-titolo\"><a href=\"https:\/\/www.holyart.it\/it\/prodotti-dei-monasteri\">Prodotti dei Monasteri<\/a><\/div>\n<div class=\"blocco-descrizione\">Mieli,\u00a0liquori,\u00a0vini,\u00a0oli\u00a0essenziali, caramelle e dolciumi,\u00a0grappe\u00a0e distillati,\u00a0erbe\u00a0officinali e tanti altri articoli.<\/div>\n<\/div>\n<\/div>\n<p>Le ragioni che hanno fatto s\u00ec che i frati Cappuccini abbiano ottenuto tanto seguito e benevolenza sia dal popolo, sia, col tempo, dalle gerarchie ecclesiastiche, sono la loro scelta di condurre una <strong>vita semplice e povera<\/strong>, votata alla contemplazione e alla preghiera; la loro <strong>capacit\u00e0 come predicatori<\/strong>, in virt\u00f9 della loro profonda empatia, che permetteva loro di mettersi in contatto con le persone, anche le pi\u00f9 semplici e ignoranti, conducendo il dialogo spirituale su un piano comprensibile e accessibile a tutti, legato anche alle questioni immanenti, ai problemi, ai bisogni; la volont\u00e0 di essere <strong>vicini alle persone<\/strong>, di aiutarli anche nelle difficolt\u00e0 materiali, di essere \u201cfrati del popolo\u201d, frati di mondo.<\/p>\n<p>Ancora al giorno d\u2019oggi il punto di forza dell&#8217;Ordine dei Frati di Padre Pio, oltre all\u2019austerit\u00e0 e santit\u00e0 della loro vita, \u00e8 la loro capacit\u00e0 di inserirsi all\u2019interno del tessuto locale con una serie di iniziative votate al benessere della comunit\u00e0. Il loro servizio non \u00e8 solo di apostolato religioso, ma anche sociale, con realt\u00e0 rivolte alla cura e al benessere dei fedeli, alle opere di carit\u00e0, e cos\u00ec via. Preghiera, dunque, solitaria o condivisa con i fratelli e con i fedeli, ma anche predicazione, confessioni (<strong><a href=\"https:\/\/www.holyart.it\/blog\/santi-e-beati\/padre-pio-e-la-sua-preghiera-preferita\/\">Padre Pio \u00e8 un esempio per preghiere<\/a><\/strong> e confessioni \u2013 si parla di circa seicentomila persone confessate &#8211; che si dica abbia raccolto durante la sua vita), i gruppi di preghiera, ascolto e guida spirituale, spesso anche legati a parrocchie e chiese locali, l\u2019aiuto ad ammalati e carcerati, ai tossicodipendenti, ai poveri, ma anche ai giovani. Numerosissime sono le associazioni e <strong><a href=\"https:\/\/www.holyart.it\/blog\/articoli-religiosi\/sacerdote-frate-e-monaco-tre-termini-che-si-confondono\/\">confraternite legate ai Frati Cappuccini<\/a><\/strong> e finalizzate ad attivit\u00e0 benefiche e assistenziali in tutto il mondo. Non \u00e8 cessata nemmeno l\u2019attivit\u00e0 di missionari all\u2019estero, sia come supporto pratico (cibo, medicine, cure), sia come apostolato spirituale, in Africa, Asia e America.<\/p>\n<div class=\"link-article\">\n<p><img loading=\"lazy\" decoding=\"async\" class=\"size-full wp-image-15297 alignleft\" src=\"https:\/\/blog.holyart.it\/it\/wp-content\/uploads\/sites\/17\/2018\/08\/padre-pio-e-la-sua-preghiera-preferita.jpg\" alt=\"padre pio e la sua preghiera preferita\" width=\"150\" height=\"99\" data-kale-share-title=\"Padre Pio e l\u2019ordine dei Frati Minori Cappuccini\" data-kale-share-url=\"https:\/\/blog.holyart.it\/it\/santi-e-beati\/padre-pio-lordine-dei-frati-minori-cappuccini\/\" \/><\/p>\n<div class=\"leggi-anche\">Leggi anche:<\/div>\n<p><strong><a href=\"https:\/\/www.holyart.it\/blog\/santi-e-beati\/padre-pio-e-la-sua-preghiera-preferita\/\">Padre Pio e la sua preghiera preferita<\/a><\/strong><br \/>\nLa preghiera di Padre Pio, in cui il frate infondeva tutta la propria fede e il proprio amore, aveva effetti miracolosi su&#8230;<\/p>\n<\/div>\n","protected":false},"excerpt":{"rendered":"<p>Padre Pio dimostr\u00f2 fin da giovane il desiderio di abbracciare la vita religiosa: entr\u00f2 in convento a quattordici anni nell&#8217;Ordine dei Frati Cappuccini Che cosa rende Padre Pio, oggi conosciuto come San Pio da Pietrelcina, un personaggio cos\u00ec venerato e celebrato, fin da quando era&hellip;<\/p>\n","protected":false},"author":1,"featured_media":3982,"comment_status":"closed","ping_status":"open","sticky":false,"template":"","format":"standard","meta":{"_acf_changed":false,"footnotes":""},"categories":[19,15],"tags":[],"class_list":["post-3979","post","type-post","status-publish","format-standard","has-post-thumbnail","hentry","category-prodotti-monasteri","category-santi-e-beati"],"acf":[],"yoast_head":"<!-- This site is optimized with the Yoast SEO plugin v26.6 - https:\/\/yoast.com\/wordpress\/plugins\/seo\/ -->\n<title>Padre Pio e l&#039;ordine dei Frati Minori Cappuccini - Holyblog<\/title>\n<meta name=\"description\" content=\"Padre Pio dimostr\u00f2 fin da giovane il desiderio di abbracciare la vita religiosa: entr\u00f2 in convento a quattordici anni nell&#039;Ordine dei Frati Cappuccini\" \/>\n<meta name=\"robots\" content=\"index, follow, max-snippet:-1, max-image-preview:large, max-video-preview:-1\" \/>\n<link rel=\"canonical\" href=\"https:\/\/blog.holyart.it\/it\/santi-e-beati\/padre-pio-lordine-dei-frati-minori-cappuccini\/\" \/>\n<meta property=\"og:locale\" content=\"it_IT\" \/>\n<meta property=\"og:type\" content=\"article\" \/>\n<meta property=\"og:title\" content=\"Padre Pio e l&#039;ordine dei Frati Minori Cappuccini - Holyblog\" \/>\n<meta property=\"og:description\" content=\"Padre Pio dimostr\u00f2 fin da giovane il desiderio di abbracciare la vita religiosa: entr\u00f2 in convento a quattordici anni nell&#039;Ordine dei Frati Cappuccini\" \/>\n<meta property=\"og:url\" content=\"https:\/\/blog.holyart.it\/it\/santi-e-beati\/padre-pio-lordine-dei-frati-minori-cappuccini\/\" \/>\n<meta property=\"og:site_name\" content=\"Holyblog\" \/>\n<meta property=\"article:published_time\" content=\"2018-08-01T12:39:02+00:00\" \/>\n<meta property=\"article:modified_time\" content=\"2022-04-12T15:03:36+00:00\" \/>\n<meta property=\"og:image\" content=\"https:\/\/blog.holyart.it\/it\/wp-content\/uploads\/sites\/17\/2018\/07\/padre-pio-1.jpg\" \/>\n\t<meta property=\"og:image:width\" content=\"1000\" \/>\n\t<meta property=\"og:image:height\" content=\"666\" \/>\n\t<meta property=\"og:image:type\" content=\"image\/jpeg\" \/>\n<meta name=\"author\" content=\"Redazione\" \/>\n<meta name=\"twitter:card\" content=\"summary_large_image\" \/>\n<meta name=\"twitter:label1\" content=\"Scritto da\" \/>\n\t<meta name=\"twitter:data1\" content=\"Redazione\" \/>\n\t<meta name=\"twitter:label2\" content=\"Tempo di lettura stimato\" \/>\n\t<meta name=\"twitter:data2\" content=\"9 minuti\" \/>\n<script type=\"application\/ld+json\" class=\"yoast-schema-graph\">{\"@context\":\"https:\/\/schema.org\",\"@graph\":[{\"@type\":\"Article\",\"@id\":\"https:\/\/blog.holyart.it\/it\/santi-e-beati\/padre-pio-lordine-dei-frati-minori-cappuccini\/#article\",\"isPartOf\":{\"@id\":\"https:\/\/blog.holyart.it\/it\/santi-e-beati\/padre-pio-lordine-dei-frati-minori-cappuccini\/\"},\"author\":{\"name\":\"Redazione\",\"@id\":\"https:\/\/blog.holyart.it\/it\/#\/schema\/person\/0a7b686e5af0f856ec1e390dd0baecda\"},\"headline\":\"Padre Pio e l&#8217;ordine dei Frati Minori Cappuccini\",\"datePublished\":\"2018-08-01T12:39:02+00:00\",\"dateModified\":\"2022-04-12T15:03:36+00:00\",\"mainEntityOfPage\":{\"@id\":\"https:\/\/blog.holyart.it\/it\/santi-e-beati\/padre-pio-lordine-dei-frati-minori-cappuccini\/\"},\"wordCount\":1789,\"publisher\":{\"@id\":\"https:\/\/blog.holyart.it\/it\/#organization\"},\"image\":{\"@id\":\"https:\/\/blog.holyart.it\/it\/santi-e-beati\/padre-pio-lordine-dei-frati-minori-cappuccini\/#primaryimage\"},\"thumbnailUrl\":\"https:\/\/blog.holyart.it\/it\/wp-content\/uploads\/sites\/17\/2018\/07\/padre-pio-1.jpg\",\"articleSection\":[\"Monasteri\",\"Santi e beati\"],\"inLanguage\":\"it-IT\"},{\"@type\":\"WebPage\",\"@id\":\"https:\/\/blog.holyart.it\/it\/santi-e-beati\/padre-pio-lordine-dei-frati-minori-cappuccini\/\",\"url\":\"https:\/\/blog.holyart.it\/it\/santi-e-beati\/padre-pio-lordine-dei-frati-minori-cappuccini\/\",\"name\":\"Padre Pio e l'ordine dei Frati Minori Cappuccini - Holyblog\",\"isPartOf\":{\"@id\":\"https:\/\/blog.holyart.it\/it\/#website\"},\"primaryImageOfPage\":{\"@id\":\"https:\/\/blog.holyart.it\/it\/santi-e-beati\/padre-pio-lordine-dei-frati-minori-cappuccini\/#primaryimage\"},\"image\":{\"@id\":\"https:\/\/blog.holyart.it\/it\/santi-e-beati\/padre-pio-lordine-dei-frati-minori-cappuccini\/#primaryimage\"},\"thumbnailUrl\":\"https:\/\/blog.holyart.it\/it\/wp-content\/uploads\/sites\/17\/2018\/07\/padre-pio-1.jpg\",\"datePublished\":\"2018-08-01T12:39:02+00:00\",\"dateModified\":\"2022-04-12T15:03:36+00:00\",\"description\":\"Padre Pio dimostr\u00f2 fin da giovane il desiderio di abbracciare la vita religiosa: entr\u00f2 in convento a quattordici anni nell'Ordine dei Frati Cappuccini\",\"breadcrumb\":{\"@id\":\"https:\/\/blog.holyart.it\/it\/santi-e-beati\/padre-pio-lordine-dei-frati-minori-cappuccini\/#breadcrumb\"},\"inLanguage\":\"it-IT\",\"potentialAction\":[{\"@type\":\"ReadAction\",\"target\":[\"https:\/\/blog.holyart.it\/it\/santi-e-beati\/padre-pio-lordine-dei-frati-minori-cappuccini\/\"]}]},{\"@type\":\"ImageObject\",\"inLanguage\":\"it-IT\",\"@id\":\"https:\/\/blog.holyart.it\/it\/santi-e-beati\/padre-pio-lordine-dei-frati-minori-cappuccini\/#primaryimage\",\"url\":\"https:\/\/blog.holyart.it\/it\/wp-content\/uploads\/sites\/17\/2018\/07\/padre-pio-1.jpg\",\"contentUrl\":\"https:\/\/blog.holyart.it\/it\/wp-content\/uploads\/sites\/17\/2018\/07\/padre-pio-1.jpg\",\"width\":1000,\"height\":666,\"caption\":\"ordine dei frati cappuccini\"},{\"@type\":\"BreadcrumbList\",\"@id\":\"https:\/\/blog.holyart.it\/it\/santi-e-beati\/padre-pio-lordine-dei-frati-minori-cappuccini\/#breadcrumb\",\"itemListElement\":[{\"@type\":\"ListItem\",\"position\":1,\"name\":\"Homepage\",\"item\":\"https:\/\/blog.holyart.it\/it\/\"},{\"@type\":\"ListItem\",\"position\":2,\"name\":\"Santi e beati\",\"item\":\"https:\/\/blog.holyart.it\/it\/santi-e-beati\/\"},{\"@type\":\"ListItem\",\"position\":3,\"name\":\"Padre Pio e l&#8217;ordine dei Frati Minori Cappuccini\"}]},{\"@type\":\"WebSite\",\"@id\":\"https:\/\/blog.holyart.it\/it\/#website\",\"url\":\"https:\/\/blog.holyart.it\/it\/\",\"name\":\"Holyblog\",\"description\":\"Il Blog di Holyart.it\",\"publisher\":{\"@id\":\"https:\/\/blog.holyart.it\/it\/#organization\"},\"potentialAction\":[{\"@type\":\"SearchAction\",\"target\":{\"@type\":\"EntryPoint\",\"urlTemplate\":\"https:\/\/blog.holyart.it\/it\/?s={search_term_string}\"},\"query-input\":{\"@type\":\"PropertyValueSpecification\",\"valueRequired\":true,\"valueName\":\"search_term_string\"}}],\"inLanguage\":\"it-IT\"},{\"@type\":\"Organization\",\"@id\":\"https:\/\/blog.holyart.it\/it\/#organization\",\"name\":\"Holyblog\",\"url\":\"https:\/\/blog.holyart.it\/it\/\",\"logo\":{\"@type\":\"ImageObject\",\"inLanguage\":\"it-IT\",\"@id\":\"https:\/\/blog.holyart.it\/it\/#\/schema\/logo\/image\/\",\"url\":\"https:\/\/blog.holyart.it\/it\/wp-content\/uploads\/sites\/17\/2022\/12\/Holyart_Blog_Logo.jpg\",\"contentUrl\":\"https:\/\/blog.holyart.it\/it\/wp-content\/uploads\/sites\/17\/2022\/12\/Holyart_Blog_Logo.jpg\",\"width\":300,\"height\":50,\"caption\":\"Holyblog\"},\"image\":{\"@id\":\"https:\/\/blog.holyart.it\/it\/#\/schema\/logo\/image\/\"}},{\"@type\":\"Person\",\"@id\":\"https:\/\/blog.holyart.it\/it\/#\/schema\/person\/0a7b686e5af0f856ec1e390dd0baecda\",\"name\":\"Redazione\"}]}<\/script>\n<!-- \/ Yoast SEO plugin. -->","yoast_head_json":{"title":"Padre Pio e l'ordine dei Frati Minori Cappuccini - Holyblog","description":"Padre Pio dimostr\u00f2 fin da giovane il desiderio di abbracciare la vita religiosa: entr\u00f2 in convento a quattordici anni nell'Ordine dei Frati Cappuccini","robots":{"index":"index","follow":"follow","max-snippet":"max-snippet:-1","max-image-preview":"max-image-preview:large","max-video-preview":"max-video-preview:-1"},"canonical":"https:\/\/blog.holyart.it\/it\/santi-e-beati\/padre-pio-lordine-dei-frati-minori-cappuccini\/","og_locale":"it_IT","og_type":"article","og_title":"Padre Pio e l'ordine dei Frati Minori Cappuccini - Holyblog","og_description":"Padre Pio dimostr\u00f2 fin da giovane il desiderio di abbracciare la vita religiosa: entr\u00f2 in convento a quattordici anni nell'Ordine dei Frati Cappuccini","og_url":"https:\/\/blog.holyart.it\/it\/santi-e-beati\/padre-pio-lordine-dei-frati-minori-cappuccini\/","og_site_name":"Holyblog","article_published_time":"2018-08-01T12:39:02+00:00","article_modified_time":"2022-04-12T15:03:36+00:00","og_image":[{"width":1000,"height":666,"url":"https:\/\/blog.holyart.it\/it\/wp-content\/uploads\/sites\/17\/2018\/07\/padre-pio-1.jpg","type":"image\/jpeg"}],"author":"Redazione","twitter_card":"summary_large_image","twitter_misc":{"Scritto da":"Redazione","Tempo di lettura stimato":"9 minuti"},"schema":{"@context":"https:\/\/schema.org","@graph":[{"@type":"Article","@id":"https:\/\/blog.holyart.it\/it\/santi-e-beati\/padre-pio-lordine-dei-frati-minori-cappuccini\/#article","isPartOf":{"@id":"https:\/\/blog.holyart.it\/it\/santi-e-beati\/padre-pio-lordine-dei-frati-minori-cappuccini\/"},"author":{"name":"Redazione","@id":"https:\/\/blog.holyart.it\/it\/#\/schema\/person\/0a7b686e5af0f856ec1e390dd0baecda"},"headline":"Padre Pio e l&#8217;ordine dei Frati Minori Cappuccini","datePublished":"2018-08-01T12:39:02+00:00","dateModified":"2022-04-12T15:03:36+00:00","mainEntityOfPage":{"@id":"https:\/\/blog.holyart.it\/it\/santi-e-beati\/padre-pio-lordine-dei-frati-minori-cappuccini\/"},"wordCount":1789,"publisher":{"@id":"https:\/\/blog.holyart.it\/it\/#organization"},"image":{"@id":"https:\/\/blog.holyart.it\/it\/santi-e-beati\/padre-pio-lordine-dei-frati-minori-cappuccini\/#primaryimage"},"thumbnailUrl":"https:\/\/blog.holyart.it\/it\/wp-content\/uploads\/sites\/17\/2018\/07\/padre-pio-1.jpg","articleSection":["Monasteri","Santi e beati"],"inLanguage":"it-IT"},{"@type":"WebPage","@id":"https:\/\/blog.holyart.it\/it\/santi-e-beati\/padre-pio-lordine-dei-frati-minori-cappuccini\/","url":"https:\/\/blog.holyart.it\/it\/santi-e-beati\/padre-pio-lordine-dei-frati-minori-cappuccini\/","name":"Padre Pio e l'ordine dei Frati Minori Cappuccini - Holyblog","isPartOf":{"@id":"https:\/\/blog.holyart.it\/it\/#website"},"primaryImageOfPage":{"@id":"https:\/\/blog.holyart.it\/it\/santi-e-beati\/padre-pio-lordine-dei-frati-minori-cappuccini\/#primaryimage"},"image":{"@id":"https:\/\/blog.holyart.it\/it\/santi-e-beati\/padre-pio-lordine-dei-frati-minori-cappuccini\/#primaryimage"},"thumbnailUrl":"https:\/\/blog.holyart.it\/it\/wp-content\/uploads\/sites\/17\/2018\/07\/padre-pio-1.jpg","datePublished":"2018-08-01T12:39:02+00:00","dateModified":"2022-04-12T15:03:36+00:00","description":"Padre Pio dimostr\u00f2 fin da giovane il desiderio di abbracciare la vita religiosa: entr\u00f2 in convento a quattordici anni nell'Ordine dei Frati Cappuccini","breadcrumb":{"@id":"https:\/\/blog.holyart.it\/it\/santi-e-beati\/padre-pio-lordine-dei-frati-minori-cappuccini\/#breadcrumb"},"inLanguage":"it-IT","potentialAction":[{"@type":"ReadAction","target":["https:\/\/blog.holyart.it\/it\/santi-e-beati\/padre-pio-lordine-dei-frati-minori-cappuccini\/"]}]},{"@type":"ImageObject","inLanguage":"it-IT","@id":"https:\/\/blog.holyart.it\/it\/santi-e-beati\/padre-pio-lordine-dei-frati-minori-cappuccini\/#primaryimage","url":"https:\/\/blog.holyart.it\/it\/wp-content\/uploads\/sites\/17\/2018\/07\/padre-pio-1.jpg","contentUrl":"https:\/\/blog.holyart.it\/it\/wp-content\/uploads\/sites\/17\/2018\/07\/padre-pio-1.jpg","width":1000,"height":666,"caption":"ordine dei frati cappuccini"},{"@type":"BreadcrumbList","@id":"https:\/\/blog.holyart.it\/it\/santi-e-beati\/padre-pio-lordine-dei-frati-minori-cappuccini\/#breadcrumb","itemListElement":[{"@type":"ListItem","position":1,"name":"Homepage","item":"https:\/\/blog.holyart.it\/it\/"},{"@type":"ListItem","position":2,"name":"Santi e beati","item":"https:\/\/blog.holyart.it\/it\/santi-e-beati\/"},{"@type":"ListItem","position":3,"name":"Padre Pio e l&#8217;ordine dei Frati Minori Cappuccini"}]},{"@type":"WebSite","@id":"https:\/\/blog.holyart.it\/it\/#website","url":"https:\/\/blog.holyart.it\/it\/","name":"Holyblog","description":"Il Blog di Holyart.it","publisher":{"@id":"https:\/\/blog.holyart.it\/it\/#organization"},"potentialAction":[{"@type":"SearchAction","target":{"@type":"EntryPoint","urlTemplate":"https:\/\/blog.holyart.it\/it\/?s={search_term_string}"},"query-input":{"@type":"PropertyValueSpecification","valueRequired":true,"valueName":"search_term_string"}}],"inLanguage":"it-IT"},{"@type":"Organization","@id":"https:\/\/blog.holyart.it\/it\/#organization","name":"Holyblog","url":"https:\/\/blog.holyart.it\/it\/","logo":{"@type":"ImageObject","inLanguage":"it-IT","@id":"https:\/\/blog.holyart.it\/it\/#\/schema\/logo\/image\/","url":"https:\/\/blog.holyart.it\/it\/wp-content\/uploads\/sites\/17\/2022\/12\/Holyart_Blog_Logo.jpg","contentUrl":"https:\/\/blog.holyart.it\/it\/wp-content\/uploads\/sites\/17\/2022\/12\/Holyart_Blog_Logo.jpg","width":300,"height":50,"caption":"Holyblog"},"image":{"@id":"https:\/\/blog.holyart.it\/it\/#\/schema\/logo\/image\/"}},{"@type":"Person","@id":"https:\/\/blog.holyart.it\/it\/#\/schema\/person\/0a7b686e5af0f856ec1e390dd0baecda","name":"Redazione"}]}},"_links":{"self":[{"href":"https:\/\/blog.holyart.it\/it\/wp-json\/wp\/v2\/posts\/3979","targetHints":{"allow":["GET"]}}],"collection":[{"href":"https:\/\/blog.holyart.it\/it\/wp-json\/wp\/v2\/posts"}],"about":[{"href":"https:\/\/blog.holyart.it\/it\/wp-json\/wp\/v2\/types\/post"}],"author":[{"embeddable":true,"href":"https:\/\/blog.holyart.it\/it\/wp-json\/wp\/v2\/users\/1"}],"replies":[{"embeddable":true,"href":"https:\/\/blog.holyart.it\/it\/wp-json\/wp\/v2\/comments?post=3979"}],"version-history":[{"count":0,"href":"https:\/\/blog.holyart.it\/it\/wp-json\/wp\/v2\/posts\/3979\/revisions"}],"wp:featuredmedia":[{"embeddable":true,"href":"https:\/\/blog.holyart.it\/it\/wp-json\/wp\/v2\/media\/3982"}],"wp:attachment":[{"href":"https:\/\/blog.holyart.it\/it\/wp-json\/wp\/v2\/media?parent=3979"}],"wp:term":[{"taxonomy":"category","embeddable":true,"href":"https:\/\/blog.holyart.it\/it\/wp-json\/wp\/v2\/categories?post=3979"},{"taxonomy":"post_tag","embeddable":true,"href":"https:\/\/blog.holyart.it\/it\/wp-json\/wp\/v2\/tags?post=3979"}],"curies":[{"name":"wp","href":"https:\/\/api.w.org\/{rel}","templated":true}]}}