{"id":3857,"date":"2018-07-16T16:09:56","date_gmt":"2018-07-16T14:09:56","guid":{"rendered":"https:\/\/blog.holyart.it\/it\/?p=3857"},"modified":"2022-06-27T17:44:39","modified_gmt":"2022-06-27T15:44:39","slug":"la-novena-san-benedetto","status":"publish","type":"post","link":"https:\/\/blog.holyart.it\/it\/santi-e-beati\/la-novena-san-benedetto\/","title":{"rendered":"La Novena a San Benedetto"},"content":{"rendered":"<h4>L\u201911 luglio si festeggia San Benedetto da Norcia, ma non \u00e8 il solo giorno dedicato al Patrono d&#8217;Europa.<\/h4>\n\n<p>In realt\u00e0 questa \u00e8 solo una delle date dedicate al Santo umbro, fondatore dell&#8217;ordine dei Benedettini e creatore della cosiddetta Regola, che influir\u00e0 potentemente sulla vita e sull\u2019esperienza spirituale di tutte le comunit\u00e0 monastiche che verranno dopo di lui.<\/p>\n<p>L\u201911 luglio \u00e8 il giorno in cui la Chiesa cattolica festeggia <strong><a href=\"https:\/\/www.holyart.it\/blog\/santi-e-beati\/san-benedetto-norcia-patrono-deuropa\/\">San Benedetto come Patrono d\u2019Europa<\/a><\/strong>. Un altro giorno a lui dedicato e celebrato in particolare dalle congregazioni religiose a lui legate, \u00e8 il 21 marzo, anniversario della sua morte.<\/p>\n<p>San Benedetto visse nella seconda met\u00e0 del V secolo. Si accost\u00f2 molto presto alla vita religiosa. Mandato appena dodicenne dalla nativa Norcia a Roma, perch\u00e9 compisse laggi\u00f9 i suoi studi, rimase talmente disgustato dalla decadenza dei costumi, dalla vita dissoluta che animava la citt\u00e0, che prefer\u00ec rigettare gli studi e l\u2019eredit\u00e0 paterna, per ritirarsi a vivere con la nutrice nella valle dell\u2019Aniene. Fu proprio presso la casa della nutrice che, ancora ragazzo, comp\u00ec il suo primo miracolo rimettendo insieme un vassoio mandato in frantumi dalla donna. Successivamente, recatosi a Subiaco, s\u2019imbatt\u00e9 in Romano, un monaco che viveva in solitudine, e che lo inizi\u00f2 alla vita eremitica. Ma San Benedetto, pur apprezzando l\u2019isolamento e la vita contemplativa, sentiva che non era quello il modo in cui voleva servire Dio. Infatti la sua Regola si distaccher\u00e0 in modo rivoluzionario dallo stile di vita isolato e ascetico che accumunava la maggior parte dei religiosi in quei tempi.<\/p>\n<div class=\"link-article\">\n<p><img loading=\"lazy\" decoding=\"async\" class=\"size-full wp-image-15848 alignleft\" src=\"https:\/\/blog.holyart.it\/it\/wp-content\/uploads\/sites\/17\/2018\/07\/Statua-San-Benedetto.jpg\" alt=\"Statua San Benedetto\" width=\"150\" height=\"100\" data-kale-share-title=\"La Novena a San Benedetto\" data-kale-share-url=\"https:\/\/blog.holyart.it\/it\/santi-e-beati\/la-novena-san-benedetto\/\" \/><\/p>\n<div class=\"leggi-anche\">Leggi anche:<\/div>\n<p><strong><a href=\"https:\/\/www.holyart.it\/blog\/santi-e-beati\/san-benedetto-norcia-patrono-deuropa\/\">San Benedetto da Norcia: il Patrono d\u2019Europa<\/a><\/strong><br \/>\nSan Benedetto da Norcia, patrono d\u2019Europa, protettore di monaci, speleologi, architetti e ingegneri, fu&#8230;<\/p>\n<\/div>\n<p>San Benedetto volle associare alla <strong>preghiera solitaria<\/strong> quella <strong>comunitaria<\/strong>, condivisa con i Fratelli in ogni momento del giorno, durante i pasti, durante le celebrazioni, espressa anche tramite il <strong>canto<\/strong> (i canti gregoriani acquistano una grandissima spinta in questo frangente). A questa preghiera collettiva, egli un\u00ec il <strong>lavoro<\/strong>, indicandolo come un altro modo per adorare Dio, per onorarlo. In particolare San Benedetto si riferiva al lavoro degli amanuensi, che copiavano e trascrivevano i testi sacri, ma la sua Regola abbracciava ogni tipo di lavoro utile alla comunit\u00e0.<\/p>\n<p>Non pi\u00f9 dunque mortificazione della carne, digiuni, privazioni, anni in isolamento, ma un modo nuovo di essere al servizio di Dio e della comunit\u00e0 religiosa, fatto di <a href=\"https:\/\/www.holyart.it\/blog\/articoli-religiosi\/le-invenzioni-dei-monaci-maggiori-responsabili-del-progresso-in-europa\/\"><strong>preghiera e lavoro<\/strong><\/a>, in un equilibrio fisico e mentale atto a portare la pace e la piena realizzazione del proprio equilibrio interiore. Non per niente San Benedetto paragonava il monastero a una scuola che doveva insegnare a chi vi entrava la via della salvezza. Vivendo secondo le regole del monastero si acquisiva il merito necessario per divenire parte del regno di Cristo.<\/p>\n<div class=\"link-article\">\n<p><img loading=\"lazy\" decoding=\"async\" class=\"size-full wp-image-15849 alignleft\" src=\"https:\/\/blog.holyart.it\/it\/wp-content\/uploads\/sites\/17\/2018\/07\/invenzioni-monaci.jpeg\" alt=\"invenzioni monaci\" width=\"150\" height=\"99\" data-kale-share-title=\"La Novena a San Benedetto\" data-kale-share-url=\"https:\/\/blog.holyart.it\/it\/santi-e-beati\/la-novena-san-benedetto\/\" \/><\/p>\n<div class=\"leggi-anche\">Leggi anche:<\/div>\n<p><strong><a href=\"https:\/\/www.holyart.it\/blog\/articoli-religiosi\/le-invenzioni-dei-monaci-maggiori-responsabili-del-progresso-in-europa\/\">Le invenzioni dei monaci: maggiori responsabili del progresso in Europa<\/a><\/strong><br \/>\nScopriamo come le invenzioni dei monaci hanno favorito lo sviluppo&#8230;<\/p>\n<\/div>\n<p>La Regola di San Benedetto, dunque, rivendica l\u2019importanza della preghiera, ma anche del valore umano, delle capacit\u00e0 individuali, della personalit\u00e0 che, ordinate da una buona disciplina, da una condotta morale impeccabile, dalla piet\u00e0 reciproca e dall&#8217;obbedienza all&#8217;abate, portano il fedele a servire Dio nel migliore dei modi. Per sua stessa affermazione egli volle fondare una \u201c<em>scuola del servizio del Signore, in cui speriamo di non ordinare nulla di duro e di rigoroso.<\/em>\u201d<\/p>\n<p>Non fu facile per San Benedetto elaborare la sua Regola, n\u00e9 tantomeno imporla ai monaci. Il suo primo incarico come abate a Vicovaro fin\u00ec con un tentativo da parte di alcuni monaci, refrattari alle regole e alla disciplina, di avvelenarlo. Le cose andarono meglio a Subiaco, dove egli riusc\u00ec a creare una prima comunit\u00e0 religiosa di giovani devoti e ligi ai suoi comandamenti, e la Regola di San Benedetto conobbe la sua consacrazione a Montecassino, il monastero da lui fondato e dove il Santo visse fino alla morte.<\/p>\n<h2>Patrono d\u2019Europa<\/h2>\n<p>Ma perch\u00e9 <a href=\"https:\/\/www.holyart.it\/it\/articoli-religiosi\/statue\/statue-in-legno-dipinto\/san-benedetto-colorato-val-gardena\"><strong>San Benedetto<\/strong><\/a> venne proclamato Patrono d\u2019Europa? Perch\u00e9 il suo modello di vita monastica, la sua Regola contribu\u00ec a offrire all\u2019Europa del Medioevo, dilaniata dalle invasioni barbariche, dalla decadenza inarrestabile dell\u2019Impero romano, con i suoi modelli e le sue leggi, un nuovo esempio di vita e civilt\u00e0. I tantissimi luoghi di preghiera e cultura nati secondo il suo insegnamento, i monasteri e i centri di ospitalit\u00e0 per i poveri e i malati, le strutture di ricezione per i pellegrini offrirono agli uomini e alle donne di quell\u2019epoca buia dei veri e propri fari di luce, oasi di pace e razionalit\u00e0, dove trovare protezione, sicurezza, e quella fiducia nel genere umano che nulla toglie alla fede e alla devozione a Dio, ma che anzi arricchisce l\u2019esperienza religiosa proprio investendo maggiormente nel potenziale umano.<\/p>\n<div class=\"link-product\">\n<div class=\"blocco-immagine\"><img loading=\"lazy\" decoding=\"async\" class=\"size-full wp-image-15850 alignleft\" src=\"https:\/\/blog.holyart.it\/it\/wp-content\/uploads\/sites\/17\/2018\/07\/san-benedetto-val-gardena-2.jpg\" alt=\"san benedetto val gardena\" width=\"100\" height=\"100\" data-kale-share-title=\"La Novena a San Benedetto\" data-kale-share-url=\"https:\/\/blog.holyart.it\/it\/santi-e-beati\/la-novena-san-benedetto\/\" \/><\/div>\n<div class=\"blocco-contenuto\">\n<div class=\"blocco-acquista\">Acquista su Holyart:<\/div>\n<div class=\"blocco-titolo\"><a href=\"https:\/\/www.holyart.it\/it\/articoli-religiosi\/statue\/statue-in-legno-dipinto\/san-benedetto-colorato-val-gardena\">San Benedetto colorato Val Gardena<\/a><\/div>\n<div class=\"blocco-descrizione\">Statua in legno d&#8217;acero e successivamente dipinto a mano dagli artigiani pittori della Val Gardena.<\/div>\n<\/div>\n<\/div>\n<p>Un <strong>Umanesimo cristiano<\/strong>, se vogliamo, e proprio per questo ancora pi\u00f9 forte e prezioso, nel suo riconoscimento di Dio e dell\u2019uomo come suo strumento. La Parola di Dio, letta e compresa, la preghiera solitaria e comune, il lavoro portato avanti con carit\u00e0 fraterna e con la volont\u00e0 di aiutarsi gli uni con gli altri, offrono un modello di vita non solo per i monaci, ma per chiunque voglia condurre la propria esistenza nel nome di Dio. A met\u00e0 del Novecento l\u2019Europa era ridotta in rovina dalle due guerre mondiali, devastata dalle violenze, dagli innumerevoli morti, dal crollo delle grandi e illusorie ideologie politiche e sociali, dall\u2019annientamento dei valori e della morale, perpetrato per tanti, troppi anni. Si sentiva il bisogno di un nuovo modello etico e spirituale a cui affidarsi. Un modello nuovo, ma che si rifacesse alla tradizione, alle origini stesse della civilt\u00e0 Occidentale come la conosciamo. La Regola di San Benedetto apparve a molti come la soluzione pi\u00f9 raccomandabile. Gi\u00e0 Papa Pio XII, nel 1947 gli riconobbe il ruolo di <strong>Padre dell\u2019Europa<\/strong>, e successivamente, il 24 ottobre 1964, durante la consacrazione della nuova basilica di Montecassino ricostruita dopo essere stata distrutta dai bombardamenti alleati, Papa Paolo VI defin\u00ec San Benedetto <strong>Patrono d\u2019Europa<\/strong>. Il suo modello di vita e di percorso umano e spirituale, ancora oggi pu\u00f2 illuminare il nostro cammino, offrirci una direzione verso cui muovere i nostri passi, come uomini e cristiani, come degni membri della comunit\u00e0 religiosa, ma anche come cittadini dell\u2019Europa responsabili e consapevoli del fatto che, lavorando insieme, credendo negli stessi valori, e sforzandosi ogni giorno per realizzarli, si pu\u00f2 arrivare molto pi\u00f9 lontano.<\/p>\n<h2>Il culto e i simboli<\/h2>\n<p>La vita e l\u2019esempio di San Benedetto da Norcia lo resero protagonista di molte forme di devozione popolare, fin da quando era ancora vivo. Basta pensare alla diffusione della\u00a0<a href=\"https:\/\/www.holyart.it\/it\/articoli\/medaglia-di-san-benedetto.php\"><strong>Medaglia di San\u00a0<\/strong><strong>Benedetto<\/strong><\/a>, uno dei simboli sacri pi\u00f9 diffusi e amati dai fedeli. Indossare una catenina con la <strong>medaglia di San Benedetto<\/strong> non \u00e8 solo un modo per proteggersi dal male nelle sue forme pi\u00f9 subdole e terribili, ma soprattutto un modo per rivendicare la presenza di Dio al proprio fianco in ogni momento. Infatti attraverso la medaglia \u00e8 Ges\u00f9 a operare, col Suo immenso potere, a garantire il suo appoggio a chi crede e confida in lui in ogni gesto, in ogni momento.<\/p>\n<div class=\"link-product\">\n<div class=\"blocco-immagine\"><img loading=\"lazy\" decoding=\"async\" class=\"size-full wp-image-15851 alignleft\" src=\"https:\/\/blog.holyart.it\/it\/wp-content\/uploads\/sites\/17\/2018\/07\/medaglia-di-san-benedetto.jpg\" alt=\"medaglia di san benedetto\" width=\"100\" height=\"100\" data-kale-share-title=\"La Novena a San Benedetto\" data-kale-share-url=\"https:\/\/blog.holyart.it\/it\/santi-e-beati\/la-novena-san-benedetto\/\" \/><\/div>\n<div class=\"blocco-contenuto\">\n<div class=\"blocco-acquista\">Acquista su Holyart:<\/div>\n<div class=\"blocco-titolo\"><a href=\"https:\/\/www.holyart.it\/it\/articoli-religiosi\/pendenti-croci-tau-medaglie\/pendenti-vari\/medaglia-di-san-benedetto-dorata\">Medaglia di San Benedetto dorata<\/a><\/div>\n<div class=\"blocco-descrizione\">Medaglia di san Benedetto con catenella realizzate entrambe in metallo dorato, la doratura \u00e8 antiallergica.<\/div>\n<\/div>\n<\/div>\n<p>Papa Benedetto XIV nel 1742 concesse l\u2019indulgenza a chiunque indossasse la medaglia con consapevolezza. Non solo,\u00a0<strong>la medaglia di San Benedetto<\/strong> vien considerata uno degli strumenti di esorcismo pi\u00f9 potenti in assoluto. Infatti su di essa, oltre all\u2019effige del Santo che tiene nella mano la propria Regola, sono incise le iniziali delle parole di una potente preghiera che ha il potere di scacciare il maligno e di tenerlo lontano da chi indossa la medaglia e crede nel suo potere di protezione.<\/p>\n<p>Ma in generale l\u2019immagine del Santo di Norcia \u00e8 amata e ricorre non solo nei luoghi di culto, ovunque. <a href=\"https:\/\/www.holyart.it\/it\/articoli-religiosi\/statue\/statue-in-legno-dipinto\/san-benedetto-da-norcia-con-corvo-e-pane-legno-valgardena\"><strong>Statue di San Benedetto<\/strong><\/a> ornano le chiese e i monasteri di tutto il mondo, soprattutto da quando Papa Paolo VI nel 1964 lo proclam\u00f2 Patrono d&#8217;Europa. Un riconoscimento importante, per un Santo che seppe insegnare ai suoi Fratelli a servire la Chiesa con il corpo, la mente, e con ogni dono che Dio aveva voluto concedere loro.<\/p>\n<div class=\"link-product\">\n<div class=\"blocco-immagine\"><img loading=\"lazy\" decoding=\"async\" class=\"size-full wp-image-15852 alignleft\" src=\"https:\/\/blog.holyart.it\/it\/wp-content\/uploads\/sites\/17\/2018\/07\/san-benedetto-da-norcia-con-corvo-e-pane-legno-valgardena.jpg\" alt=\"san benedetto da norcia con corvo e pane legno valgardena\" width=\"100\" height=\"100\" data-kale-share-title=\"La Novena a San Benedetto\" data-kale-share-url=\"https:\/\/blog.holyart.it\/it\/santi-e-beati\/la-novena-san-benedetto\/\" \/><\/div>\n<div class=\"blocco-contenuto\">\n<div class=\"blocco-acquista\">Acquista su Holyart:<\/div>\n<div class=\"blocco-titolo\"><a href=\"https:\/\/www.holyart.it\/it\/articoli-religiosi\/statue\/statue-in-legno-dipinto\/san-benedetto-da-norcia-con-corvo-e-pane-legno-valgardena\">San Benedetto da Norcia con corvo e pane<\/a><\/div>\n<div class=\"blocco-descrizione\">San Benedetto da Norcia con corvo e pane in legno della Valgardena.<\/div>\n<\/div>\n<\/div>\n<h2>La Novena di San Benedetto<\/h2>\n<p>Un altro modo per esprimere la propria devozione a San Benedetto \u00e8 recitare la sua <a href=\"https:\/\/www.holyart.it\/it\/articoli-religiosi\/santini-e-biglietti-augurali\/santini\/santino-san-benedetto-10x5-cm-ita\"><strong>Novena<\/strong><\/a>.<\/p>\n<p>La Novena pu\u00f2 essere recitata in ogni momento in cui si avverta la necessit\u00e0 di ricevere il supporto di San Benedetto, la sua protezione, ma, in generale, viene recitata tra il 12 e il 20 marzo, per commemorare la sua morte avvenuta il 21 marzo, o tra il 2 e il 10 luglio per celebrare la sua consacrazione a Patrono d&#8217;Europa l&#8217;11 luglio. Pu\u00f2 essere recitata da soli o con la famiglia, e ne esistono diverse versioni, elaborate nel corso dei secoli dai fedeli devoti al Santo. Basta trovare quella pi\u00f9 vicina alla nostra sensibilit\u00e0 e adatta al tempo che abbiamo da dedicare ad essa. In ogni caso si riveler\u00e0 un esercizio spirituale efficacie e potente.<\/p>\n","protected":false},"excerpt":{"rendered":"<p>L\u201911 luglio si festeggia San Benedetto da Norcia, ma non \u00e8 il solo giorno dedicato al Patrono d&#8217;Europa. In realt\u00e0 questa \u00e8 solo una delle date dedicate al Santo umbro, fondatore dell&#8217;ordine dei Benedettini e creatore della cosiddetta Regola, che influir\u00e0 potentemente sulla vita e&hellip;<\/p>\n","protected":false},"author":1,"featured_media":3898,"comment_status":"closed","ping_status":"open","sticky":false,"template":"","format":"standard","meta":{"_acf_changed":false,"footnotes":""},"categories":[15],"tags":[],"class_list":["post-3857","post","type-post","status-publish","format-standard","has-post-thumbnail","hentry","category-santi-e-beati"],"acf":[],"yoast_head":"<!-- This site is optimized with the Yoast SEO plugin v26.6 - https:\/\/yoast.com\/wordpress\/plugins\/seo\/ -->\n<title>La Novena a San Benedetto - Holyblog<\/title>\n<meta name=\"description\" content=\"L\u201911 luglio si festeggia San Benedetto da Norcia. In realt\u00e0 questa \u00e8 solo una delle date dedicate al Santo umbro, fondatore dell&#039;ordine dei Benedettini\" \/>\n<meta name=\"robots\" content=\"index, follow, max-snippet:-1, max-image-preview:large, max-video-preview:-1\" \/>\n<link rel=\"canonical\" href=\"https:\/\/blog.holyart.it\/it\/santi-e-beati\/la-novena-san-benedetto\/\" \/>\n<meta property=\"og:locale\" content=\"it_IT\" \/>\n<meta property=\"og:type\" content=\"article\" \/>\n<meta property=\"og:title\" content=\"La Novena a San Benedetto - Holyblog\" \/>\n<meta property=\"og:description\" content=\"L\u201911 luglio si festeggia San Benedetto da Norcia. In realt\u00e0 questa \u00e8 solo una delle date dedicate al Santo umbro, fondatore dell&#039;ordine dei Benedettini\" \/>\n<meta property=\"og:url\" content=\"https:\/\/blog.holyart.it\/it\/santi-e-beati\/la-novena-san-benedetto\/\" \/>\n<meta property=\"og:site_name\" content=\"Holyblog\" \/>\n<meta property=\"article:published_time\" content=\"2018-07-16T14:09:56+00:00\" \/>\n<meta property=\"article:modified_time\" content=\"2022-06-27T15:44:39+00:00\" \/>\n<meta property=\"og:image\" content=\"https:\/\/blog.holyart.it\/it\/wp-content\/uploads\/sites\/17\/2018\/07\/san-benedetto.jpg\" \/>\n\t<meta property=\"og:image:width\" content=\"1000\" \/>\n\t<meta property=\"og:image:height\" content=\"666\" \/>\n\t<meta property=\"og:image:type\" content=\"image\/jpeg\" \/>\n<meta name=\"author\" content=\"Redazione\" \/>\n<meta name=\"twitter:card\" content=\"summary_large_image\" \/>\n<meta name=\"twitter:label1\" content=\"Scritto da\" \/>\n\t<meta name=\"twitter:data1\" content=\"Redazione\" \/>\n\t<meta name=\"twitter:label2\" content=\"Tempo di lettura stimato\" \/>\n\t<meta name=\"twitter:data2\" content=\"8 minuti\" \/>\n<script type=\"application\/ld+json\" class=\"yoast-schema-graph\">{\"@context\":\"https:\/\/schema.org\",\"@graph\":[{\"@type\":\"Article\",\"@id\":\"https:\/\/blog.holyart.it\/it\/santi-e-beati\/la-novena-san-benedetto\/#article\",\"isPartOf\":{\"@id\":\"https:\/\/blog.holyart.it\/it\/santi-e-beati\/la-novena-san-benedetto\/\"},\"author\":{\"name\":\"Redazione\",\"@id\":\"https:\/\/blog.holyart.it\/it\/#\/schema\/person\/0a7b686e5af0f856ec1e390dd0baecda\"},\"headline\":\"La Novena a San Benedetto\",\"datePublished\":\"2018-07-16T14:09:56+00:00\",\"dateModified\":\"2022-06-27T15:44:39+00:00\",\"mainEntityOfPage\":{\"@id\":\"https:\/\/blog.holyart.it\/it\/santi-e-beati\/la-novena-san-benedetto\/\"},\"wordCount\":1529,\"publisher\":{\"@id\":\"https:\/\/blog.holyart.it\/it\/#organization\"},\"image\":{\"@id\":\"https:\/\/blog.holyart.it\/it\/santi-e-beati\/la-novena-san-benedetto\/#primaryimage\"},\"thumbnailUrl\":\"https:\/\/blog.holyart.it\/it\/wp-content\/uploads\/sites\/17\/2018\/07\/san-benedetto.jpg\",\"articleSection\":[\"Santi e beati\"],\"inLanguage\":\"it-IT\"},{\"@type\":\"WebPage\",\"@id\":\"https:\/\/blog.holyart.it\/it\/santi-e-beati\/la-novena-san-benedetto\/\",\"url\":\"https:\/\/blog.holyart.it\/it\/santi-e-beati\/la-novena-san-benedetto\/\",\"name\":\"La Novena a San Benedetto - Holyblog\",\"isPartOf\":{\"@id\":\"https:\/\/blog.holyart.it\/it\/#website\"},\"primaryImageOfPage\":{\"@id\":\"https:\/\/blog.holyart.it\/it\/santi-e-beati\/la-novena-san-benedetto\/#primaryimage\"},\"image\":{\"@id\":\"https:\/\/blog.holyart.it\/it\/santi-e-beati\/la-novena-san-benedetto\/#primaryimage\"},\"thumbnailUrl\":\"https:\/\/blog.holyart.it\/it\/wp-content\/uploads\/sites\/17\/2018\/07\/san-benedetto.jpg\",\"datePublished\":\"2018-07-16T14:09:56+00:00\",\"dateModified\":\"2022-06-27T15:44:39+00:00\",\"description\":\"L\u201911 luglio si festeggia San Benedetto da Norcia. In realt\u00e0 questa \u00e8 solo una delle date dedicate al Santo umbro, fondatore dell'ordine dei Benedettini\",\"breadcrumb\":{\"@id\":\"https:\/\/blog.holyart.it\/it\/santi-e-beati\/la-novena-san-benedetto\/#breadcrumb\"},\"inLanguage\":\"it-IT\",\"potentialAction\":[{\"@type\":\"ReadAction\",\"target\":[\"https:\/\/blog.holyart.it\/it\/santi-e-beati\/la-novena-san-benedetto\/\"]}]},{\"@type\":\"ImageObject\",\"inLanguage\":\"it-IT\",\"@id\":\"https:\/\/blog.holyart.it\/it\/santi-e-beati\/la-novena-san-benedetto\/#primaryimage\",\"url\":\"https:\/\/blog.holyart.it\/it\/wp-content\/uploads\/sites\/17\/2018\/07\/san-benedetto.jpg\",\"contentUrl\":\"https:\/\/blog.holyart.it\/it\/wp-content\/uploads\/sites\/17\/2018\/07\/san-benedetto.jpg\",\"width\":1000,\"height\":666,\"caption\":\"san benedetto\"},{\"@type\":\"BreadcrumbList\",\"@id\":\"https:\/\/blog.holyart.it\/it\/santi-e-beati\/la-novena-san-benedetto\/#breadcrumb\",\"itemListElement\":[{\"@type\":\"ListItem\",\"position\":1,\"name\":\"Homepage\",\"item\":\"https:\/\/blog.holyart.it\/it\/\"},{\"@type\":\"ListItem\",\"position\":2,\"name\":\"Santi e beati\",\"item\":\"https:\/\/blog.holyart.it\/it\/santi-e-beati\/\"},{\"@type\":\"ListItem\",\"position\":3,\"name\":\"La Novena a San Benedetto\"}]},{\"@type\":\"WebSite\",\"@id\":\"https:\/\/blog.holyart.it\/it\/#website\",\"url\":\"https:\/\/blog.holyart.it\/it\/\",\"name\":\"Holyblog\",\"description\":\"Il Blog di Holyart.it\",\"publisher\":{\"@id\":\"https:\/\/blog.holyart.it\/it\/#organization\"},\"potentialAction\":[{\"@type\":\"SearchAction\",\"target\":{\"@type\":\"EntryPoint\",\"urlTemplate\":\"https:\/\/blog.holyart.it\/it\/?s={search_term_string}\"},\"query-input\":{\"@type\":\"PropertyValueSpecification\",\"valueRequired\":true,\"valueName\":\"search_term_string\"}}],\"inLanguage\":\"it-IT\"},{\"@type\":\"Organization\",\"@id\":\"https:\/\/blog.holyart.it\/it\/#organization\",\"name\":\"Holyblog\",\"url\":\"https:\/\/blog.holyart.it\/it\/\",\"logo\":{\"@type\":\"ImageObject\",\"inLanguage\":\"it-IT\",\"@id\":\"https:\/\/blog.holyart.it\/it\/#\/schema\/logo\/image\/\",\"url\":\"https:\/\/blog.holyart.it\/it\/wp-content\/uploads\/sites\/17\/2022\/12\/Holyart_Blog_Logo.jpg\",\"contentUrl\":\"https:\/\/blog.holyart.it\/it\/wp-content\/uploads\/sites\/17\/2022\/12\/Holyart_Blog_Logo.jpg\",\"width\":300,\"height\":50,\"caption\":\"Holyblog\"},\"image\":{\"@id\":\"https:\/\/blog.holyart.it\/it\/#\/schema\/logo\/image\/\"}},{\"@type\":\"Person\",\"@id\":\"https:\/\/blog.holyart.it\/it\/#\/schema\/person\/0a7b686e5af0f856ec1e390dd0baecda\",\"name\":\"Redazione\"}]}<\/script>\n<!-- \/ Yoast SEO plugin. -->","yoast_head_json":{"title":"La Novena a San Benedetto - Holyblog","description":"L\u201911 luglio si festeggia San Benedetto da Norcia. In realt\u00e0 questa \u00e8 solo una delle date dedicate al Santo umbro, fondatore dell'ordine dei Benedettini","robots":{"index":"index","follow":"follow","max-snippet":"max-snippet:-1","max-image-preview":"max-image-preview:large","max-video-preview":"max-video-preview:-1"},"canonical":"https:\/\/blog.holyart.it\/it\/santi-e-beati\/la-novena-san-benedetto\/","og_locale":"it_IT","og_type":"article","og_title":"La Novena a San Benedetto - Holyblog","og_description":"L\u201911 luglio si festeggia San Benedetto da Norcia. In realt\u00e0 questa \u00e8 solo una delle date dedicate al Santo umbro, fondatore dell'ordine dei Benedettini","og_url":"https:\/\/blog.holyart.it\/it\/santi-e-beati\/la-novena-san-benedetto\/","og_site_name":"Holyblog","article_published_time":"2018-07-16T14:09:56+00:00","article_modified_time":"2022-06-27T15:44:39+00:00","og_image":[{"width":1000,"height":666,"url":"https:\/\/blog.holyart.it\/it\/wp-content\/uploads\/sites\/17\/2018\/07\/san-benedetto.jpg","type":"image\/jpeg"}],"author":"Redazione","twitter_card":"summary_large_image","twitter_misc":{"Scritto da":"Redazione","Tempo di lettura stimato":"8 minuti"},"schema":{"@context":"https:\/\/schema.org","@graph":[{"@type":"Article","@id":"https:\/\/blog.holyart.it\/it\/santi-e-beati\/la-novena-san-benedetto\/#article","isPartOf":{"@id":"https:\/\/blog.holyart.it\/it\/santi-e-beati\/la-novena-san-benedetto\/"},"author":{"name":"Redazione","@id":"https:\/\/blog.holyart.it\/it\/#\/schema\/person\/0a7b686e5af0f856ec1e390dd0baecda"},"headline":"La Novena a San Benedetto","datePublished":"2018-07-16T14:09:56+00:00","dateModified":"2022-06-27T15:44:39+00:00","mainEntityOfPage":{"@id":"https:\/\/blog.holyart.it\/it\/santi-e-beati\/la-novena-san-benedetto\/"},"wordCount":1529,"publisher":{"@id":"https:\/\/blog.holyart.it\/it\/#organization"},"image":{"@id":"https:\/\/blog.holyart.it\/it\/santi-e-beati\/la-novena-san-benedetto\/#primaryimage"},"thumbnailUrl":"https:\/\/blog.holyart.it\/it\/wp-content\/uploads\/sites\/17\/2018\/07\/san-benedetto.jpg","articleSection":["Santi e beati"],"inLanguage":"it-IT"},{"@type":"WebPage","@id":"https:\/\/blog.holyart.it\/it\/santi-e-beati\/la-novena-san-benedetto\/","url":"https:\/\/blog.holyart.it\/it\/santi-e-beati\/la-novena-san-benedetto\/","name":"La Novena a San Benedetto - Holyblog","isPartOf":{"@id":"https:\/\/blog.holyart.it\/it\/#website"},"primaryImageOfPage":{"@id":"https:\/\/blog.holyart.it\/it\/santi-e-beati\/la-novena-san-benedetto\/#primaryimage"},"image":{"@id":"https:\/\/blog.holyart.it\/it\/santi-e-beati\/la-novena-san-benedetto\/#primaryimage"},"thumbnailUrl":"https:\/\/blog.holyart.it\/it\/wp-content\/uploads\/sites\/17\/2018\/07\/san-benedetto.jpg","datePublished":"2018-07-16T14:09:56+00:00","dateModified":"2022-06-27T15:44:39+00:00","description":"L\u201911 luglio si festeggia San Benedetto da Norcia. In realt\u00e0 questa \u00e8 solo una delle date dedicate al Santo umbro, fondatore dell'ordine dei Benedettini","breadcrumb":{"@id":"https:\/\/blog.holyart.it\/it\/santi-e-beati\/la-novena-san-benedetto\/#breadcrumb"},"inLanguage":"it-IT","potentialAction":[{"@type":"ReadAction","target":["https:\/\/blog.holyart.it\/it\/santi-e-beati\/la-novena-san-benedetto\/"]}]},{"@type":"ImageObject","inLanguage":"it-IT","@id":"https:\/\/blog.holyart.it\/it\/santi-e-beati\/la-novena-san-benedetto\/#primaryimage","url":"https:\/\/blog.holyart.it\/it\/wp-content\/uploads\/sites\/17\/2018\/07\/san-benedetto.jpg","contentUrl":"https:\/\/blog.holyart.it\/it\/wp-content\/uploads\/sites\/17\/2018\/07\/san-benedetto.jpg","width":1000,"height":666,"caption":"san benedetto"},{"@type":"BreadcrumbList","@id":"https:\/\/blog.holyart.it\/it\/santi-e-beati\/la-novena-san-benedetto\/#breadcrumb","itemListElement":[{"@type":"ListItem","position":1,"name":"Homepage","item":"https:\/\/blog.holyart.it\/it\/"},{"@type":"ListItem","position":2,"name":"Santi e beati","item":"https:\/\/blog.holyart.it\/it\/santi-e-beati\/"},{"@type":"ListItem","position":3,"name":"La Novena a San Benedetto"}]},{"@type":"WebSite","@id":"https:\/\/blog.holyart.it\/it\/#website","url":"https:\/\/blog.holyart.it\/it\/","name":"Holyblog","description":"Il Blog di Holyart.it","publisher":{"@id":"https:\/\/blog.holyart.it\/it\/#organization"},"potentialAction":[{"@type":"SearchAction","target":{"@type":"EntryPoint","urlTemplate":"https:\/\/blog.holyart.it\/it\/?s={search_term_string}"},"query-input":{"@type":"PropertyValueSpecification","valueRequired":true,"valueName":"search_term_string"}}],"inLanguage":"it-IT"},{"@type":"Organization","@id":"https:\/\/blog.holyart.it\/it\/#organization","name":"Holyblog","url":"https:\/\/blog.holyart.it\/it\/","logo":{"@type":"ImageObject","inLanguage":"it-IT","@id":"https:\/\/blog.holyart.it\/it\/#\/schema\/logo\/image\/","url":"https:\/\/blog.holyart.it\/it\/wp-content\/uploads\/sites\/17\/2022\/12\/Holyart_Blog_Logo.jpg","contentUrl":"https:\/\/blog.holyart.it\/it\/wp-content\/uploads\/sites\/17\/2022\/12\/Holyart_Blog_Logo.jpg","width":300,"height":50,"caption":"Holyblog"},"image":{"@id":"https:\/\/blog.holyart.it\/it\/#\/schema\/logo\/image\/"}},{"@type":"Person","@id":"https:\/\/blog.holyart.it\/it\/#\/schema\/person\/0a7b686e5af0f856ec1e390dd0baecda","name":"Redazione"}]}},"_links":{"self":[{"href":"https:\/\/blog.holyart.it\/it\/wp-json\/wp\/v2\/posts\/3857","targetHints":{"allow":["GET"]}}],"collection":[{"href":"https:\/\/blog.holyart.it\/it\/wp-json\/wp\/v2\/posts"}],"about":[{"href":"https:\/\/blog.holyart.it\/it\/wp-json\/wp\/v2\/types\/post"}],"author":[{"embeddable":true,"href":"https:\/\/blog.holyart.it\/it\/wp-json\/wp\/v2\/users\/1"}],"replies":[{"embeddable":true,"href":"https:\/\/blog.holyart.it\/it\/wp-json\/wp\/v2\/comments?post=3857"}],"version-history":[{"count":0,"href":"https:\/\/blog.holyart.it\/it\/wp-json\/wp\/v2\/posts\/3857\/revisions"}],"wp:featuredmedia":[{"embeddable":true,"href":"https:\/\/blog.holyart.it\/it\/wp-json\/wp\/v2\/media\/3898"}],"wp:attachment":[{"href":"https:\/\/blog.holyart.it\/it\/wp-json\/wp\/v2\/media?parent=3857"}],"wp:term":[{"taxonomy":"category","embeddable":true,"href":"https:\/\/blog.holyart.it\/it\/wp-json\/wp\/v2\/categories?post=3857"},{"taxonomy":"post_tag","embeddable":true,"href":"https:\/\/blog.holyart.it\/it\/wp-json\/wp\/v2\/tags?post=3857"}],"curies":[{"name":"wp","href":"https:\/\/api.w.org\/{rel}","templated":true}]}}