{"id":3771,"date":"2018-07-10T15:53:50","date_gmt":"2018-07-10T13:53:50","guid":{"rendered":"https:\/\/blog.holyart.it\/it\/?p=3771"},"modified":"2022-10-12T17:21:14","modified_gmt":"2022-10-12T15:21:14","slug":"significato-dellalbero-della-vita","status":"publish","type":"post","link":"https:\/\/blog.holyart.it\/it\/articoli-religiosi\/significato-dellalbero-della-vita\/","title":{"rendered":"Il significato dell&#8217;albero della vita"},"content":{"rendered":"<h4>Tutte le religioni, dalle origini della storia dell\u2019uomo, sono legate in qualche modo agli alberi.<\/h4>\n\n<p>Abbiamo gi\u00e0 approfondito questo argomento in un articolo precedente, soffermandoci su\u00a0significati degli\u00a0<a href=\"https:\/\/www.holyart.it\/blog\/natale\/alberi-piante-nella-tradizione-cristiana\/\"><strong>alberi e delle piante citati nelle Sacre Scritture<\/strong>,<\/a> e, oltre ad essi, su come la vegetazione sia stata investita, nelle varie epoche, di un <strong>significato religioso profondo<\/strong>.<\/p>\n<p>Pensiamo solo al seme di <strong>grano<\/strong>, associato alla parola di Cristo, e al Suo stesso sacrificio, Lui che come un seme \u00e8 morto nella terra per rinascere e dare frutti.<\/p>\n<p>O all\u2019<strong>ulivo<\/strong>, anch\u2019esso pianta simbolo di Ges\u00f9, della rinnovata alleanza voluta da Dio con gli uomini e sancita con la Sua morte in croce.<\/p>\n<p>Pensiamo ovviamente all\u2019<strong><a href=\"https:\/\/www.holyart.it\/it\/natale\/alberi-di-natale\">abete<\/a><\/strong>, che ogni anno addobbiamo in occasione del Natale, simbolo, come tutti i sempreverdi, della Resurrezione di Cristo, della rinascita, ma che gi\u00e0 presso civilt\u00e0 precedenti, era associato al concetto di speranza, di nuova vita, di fertilit\u00e0. Basti pensare come i culti celtici avessero\u00a0al centro\u00a0proprio gli alberi. L&#8217;albero celtico della vita sorreggeva addirittura l&#8217;intera volta celeste.<\/p>\n<h2>Cos&#8217;\u00e8 l&#8217;Albero della vita<\/h2>\n<p>L\u2019<strong>albero della vita <\/strong>merita un discorso a parte. \u00c8 citato nei <strong><a href=\"https:\/\/www.holyart.it\/it\/articoli-religiosi\/libri-e-testi-sacri\">testi sacri<\/a><\/strong>, dalla Genesi all\u2019Apocalisse, e le sue immagini ricorrono nella cultura ebraica, prima, e poi cristiana, arricchendosi di significati pi\u00f9 profondi e spirituali, diventano una metafora fondamentale anche in moltissime culture non di origini giudaico cristiane.<\/p>\n<p>Ma\u00a0qual \u00e8 il significato dell&#8217;albero della vita? Cosa rappresenta questo simbolo? Qual \u00e8 il suo valore religioso e il suo significato cristiano?<\/p>\n<p>Si trattava di un albero che Dio aveva fatto nascere in mezzo al <a href=\"https:\/\/www.holyart.it\/blog\/articoli-religiosi\/giardino-delleden-nella-genesi\/\"><strong>giardino dell\u2019Eden<\/strong><\/a>, proprio accanto all\u2019albero della conoscenza del bene e del male. Finch\u00e9 Adamo ed Eva poterono cibarsi dei frutti dell\u2019Albero della vita, entrambi erano immortali, non toccati dallo scorrere del tempo, dalla vecchiaia, dalle malattie.<\/p>\n<p>L&#8217;albero della vita rappresenta quindi la sorgente di ogni essere vivente, il simbolo della vita per eccellenza. Gli elementi che lo compongono sono le radici, il tronco, le foglie e i frutti. Unendoli insieme otteniamo una vita costruita su solide e profonde\u00a0relazioni con i nostri famigliari e i nostri amici pi\u00f9 stretti (le radici), piena e ricca (come le foglie dell&#8217;albero) ed intensa da cogliere nel momento giusto (come i frutti maturi dell&#8217;albero).<\/p>\n<p><a href=\"https:\/\/www.holyart.it\"><img loading=\"lazy\" decoding=\"async\" class=\"aligncenter size-full wp-image-7237\" src=\"https:\/\/blog.holyart.it\/it\/wp-content\/uploads\/sites\/17\/2017\/08\/holyart_banner_blog_coupon-IT-790x119.png\" alt=\"holyart_banner_blog_coupon-IT-790x119\" width=\"790\" height=\"119\" \/><\/a><\/p>\n<h2>L&#8217;albero della vita e i riferimenti Biblici<\/h2>\n<p>I testi sacri ci insegnano per\u00f2 che, peccando d\u2019orgoglio e arroganza, Adamo ed Eva mangiarono anche i frutti dell\u2019altro albero, quello della conoscenza del bene e del male, sebbene Dio avesse intimato loro di non farlo, e con questo gesto sciagurato e ribelle condannarono tutti gli uomini e le donne a vagare nel mondo convivendo con il peccato e il dolore.<\/p>\n<p><em>\u201cEcco, l\u2019uomo \u00e8 diventato come uno di noi, quanto alla conoscenza del bene e del male. Guardiamo che egli non stenda la mano e prenda anche del frutto dell\u2019albero della vita, ne mangi e viva per sempre.\u201d<\/em> (Genesi, 3:22)<\/p>\n<p>Cos\u00ec l\u2019uomo viene bandito dal Paradiso terrestre e dai doni inestimabili dell\u2019Albero della vita. La conoscenza, la percezione di s\u00e9, dei propri desideri, e dei desideri altrui, fu l\u2019inizio della fine. Solo restando puri e innocenti si poteva godere dei frutti dell\u2019immortalit\u00e0. Vergogna, invidia, ricatto, guerra nascono da questa conoscenza rubata, che l\u2019uomo non sa evidentemente gestire, e che lo porter\u00e0, in breve tempo, a suscitare l\u2019ira di Dio al punto da far s\u00ec che Egli scateni il Diluvio universale.<\/p>\n<p>Tuttavia, nonostante il peccato dell\u2019uomo e la sua cacciata, l\u2019albero simbolo della vita non scompare dai testi sacri. Dio, nella sua infinita bont\u00e0 e lungimiranza, lascia uno spiraglio di luce per i Suoi figli ribelli. Arriver\u00e0 un giorno in cui gli uomini meritevoli, coloro i quali saranno stati capaci di prestare orecchio alla Parola di Dio, di vivere secondo i Suoi dettami, potranno ancora gioire dei frutti dell\u2019Albero della vita, insieme a tutte le altre delizie del Paradiso:\u00a0<em>\u201cChi ha orecchi ascolti ci\u00f2 che lo Spirito dice alle chiese. A chi vince io dar\u00f2 da mangiare dell\u2019albero della vita, che \u00e8 nel paradiso di Dio.\u201d<\/em> (Apocalisse, 2:7)<\/p>\n<p>Infatti nella nuova Gerusalemme, la citt\u00e0 degli eletti che verranno risvegliati da Cristo per vivere una nuova era di pace e splendore in terra, ritroveremo l\u2019Albero della vita: \u201c<em>In mezzo alla piazza della citt\u00e0 e sulle due rive del fiume stava l\u2019albero della vita. Esso d\u00e0 dodici raccolti all\u2019anno, porta il suo frutto ogni mese e le foglie dell\u2019albero sono per la guarigione delle nazioni.\u201d (<\/em>Apocalisse, 22:2)<\/p>\n<p>Ma la promessa celata dal <strong><a href=\"https:\/\/www.holyart.it\/blog\/articoli-religiosi\/gioielli-religiosi-moda-devozione\/\">simbolo dell\u2019Albero della vita<\/a><\/strong> va ben oltre.<\/p>\n<p>Perch\u00e9 questo fiume che scorre nel nuovo Paradiso in terra \u00e8 la Parola di Dio, come si legge in molte citazioni dei testi sacri, e in essa noi possiamo vivere gi\u00e0 da ora ogni giorno della nostra vita, godendo del Suo nutrimento, della Sua acqua benedetta, come se fossimo noi stessi alberi: <em>\u201cBeato l\u2019uomo che non cammina secondo il consiglio degli empi, che non si ferma nella via dei peccatori; n\u00e9 si siede in compagnia degli schernitori; ma il cui diletto \u00e8 nella legge del SIGNORE, e su quella legge medita giorno e notte. Egli sar\u00e0 come un albero piantato vicino a ruscelli, il quale d\u00e0 il suo frutto a suo tempo, e il cui fogliame non appassisce; e tutto quello che fa, prosperer\u00e0.\u201d<\/em> (Salmi, 1:1-3)<\/p>\n<p>Questa similitudine tra chi crede, chi vive seguendo la volont\u00e0 del Signore, e alberi ricchi di frutto che crescono presso un fiume fresco e vitale, ricorre anche in altri passaggi dei testi sacri, nelle parole di profeti e saggi.<\/p>\n<h2>L&#8217;Albero della Vita associato alla Croce<\/h2>\n<p><a href=\"https:\/\/www.holyart.it\/it\/search?params=%7B%22search%22%3A%22albero%20della%20vita%22%7D&amp;search=albero+della+vita\"><img loading=\"lazy\" decoding=\"async\" class=\"aligncenter size-full wp-image-7291\" src=\"https:\/\/blog.holyart.it\/it\/wp-content\/uploads\/sites\/17\/2018\/07\/Banner-Albero-della-vita.png\" alt=\"Banner - Albero della vita\" width=\"790\" height=\"277\" \/><\/a><\/p>\n<p>Dunque noi stessi possiamo essere alberi della vita, ricchi di frutti in ogni giorno, ogni stagione, se lasciamo che l\u2019acqua vivificante dello Spirito Santo continui a scorrere in noi e si disseti, ci nutra.<\/p>\n<p>Un altro significato dell\u2019Albero della vita in ambito cristiano \u00e8 quello che lo associa con la\u00a0<strong>Croce di Cristo<\/strong>. Infatti \u00e8 grazie alla croce che Ges\u00f9 ha stabilito la nostra salvezza, decidendo deliberatamente di offrire se stesso perch\u00e9 dove era solo morte potesse tornare la vita.<\/p>\n<p>In questa visione, citata in diversi passaggi dei testi sacri, la croce \u00e8 paragonata a un albero. Per esempio nella Liturgia della Esaltazione della Santa Croce leggiamo:<\/p>\n<p><em>\u201cNell\u2019albero della Croce tu (o Dio) hai stabilito la salvezza dell\u2019uomo, perch\u00e9 donde sorgeva la morte di l\u00e0 risorgesse la vita, e chi dall\u2019albero traeva vittoria, dall\u2019albero venisse sconfitto, per Cristo nostro Signore\u201d <\/em>(prefazio).<\/p>\n<p>L\u2019uomo ha perduto la grazia mettendosi contro Dio, sfidandolo, acquisendo la conoscenza del bene e del male, e con essa dando origine al peccato in tutte le sue forme. Adamo ha cercato di diventare come Dio, senza averne le capacit\u00e0, n\u00e9 il diritto. Un figlio che sfida il proprio Padre con l\u2019arroganza e l\u2019insolenza tipica di chi, troppo giovane e immaturo, non comprende la portata delle proprie azioni.<\/p>\n<p>Ed ecco che un nuovo Figlio si erge per difendere l\u2019umanit\u00e0, un Figlio che riconosce la superiorit\u00e0, la volont\u00e0 del Padre al punto di farsi inchiodare a una croce, per seguire il Suo piano. Ges\u00f9 ha accettato il suo destino con umilt\u00e0 e obbedienza, e per questo Suo atto di sottomissione la Croce su cui \u00e8 morto \u00e8 divenuta il nuovo significato dell&#8217;albero della vita. Le colpe dell\u2019umanit\u00e0 sono state lavate dal sangue e dall\u2019acqua scaturite dalle ferite di Ges\u00f9, il peccato originale messo in discussione. La croce \u00e8 il nuovo albero della vita, che ci ha donato la speranza di poterci salvare, di poter accedere, un giorno, al nuovo Paradiso terrestre, se seguiremo il consiglio di Ges\u00f9 e sapremo: \u201c<em>riconoscere la grandezza di Dio e accettare la nostra piccolezza, la nostra condizione di creature lasciando che il Signore la ricolmi del suo amore<\/em>\u201d (Papa Benedetto XVI, Udienza Generale del 6 febbraio 2013)<\/p>\n<h2>L&#8217;Albero della vita nelle diverse culture<\/h2>\n<p>Oggi l\u2019Albero della vita \u00e8 diventato un simbolo di vita che trascende i valori cristiani, recuperando in buona parte dal paganesimo e da filosofie orientali (il Peepal indiano per esempio\u00a0\u00e8\u00a0ad oggi\u00a0il pi\u00f9 importante tra gli alberi sacri dell\u2019India); un vero e proprio Mandala. Ma la verit\u00e0 \u00e8 che, come per ogni simbolo, la cosa importante \u00e8 ci\u00f2 che noi riconosciamo in esso.<\/p>\n<p>In tutte le culture e in tutte le religioni, l\u2019Albero della vita \u00e8 comunque un simbolo vitale, rigeneratore, che dona speranza e forza. Le sue radici simboleggiano le nostre origini, e la forza interiore, che deve essere solida e resistente; il tronco \u00e8 la vita stessa, che si estende tra il passato e un futuro ricco di foglie rigogliose e frutti abbondanti.<\/p>\n<p>Nella cultura gaelica l&#8217;albero della vita celtico ha rami che si intrecciano unendosi in una trama molto complessa che rappresenta la vita e i diversi eventi, anche negativi, che dovremo affrontare.<\/p>\n<p>Il tronco rappresenta il mondo in cui viviamo, le radici il collegamento con i mondi inferiori mentre i rami e le foglie quello verso i mondi superiori.<\/p>\n<h2>Quando regalare l&#8217;albero della vita<\/h2>\n<p>Regalare a qualcuno una <strong><a href=\"https:\/\/www.holyart.it\/it\/articoli-religiosi\/gioielli\/pendenti-croci-spille-catenelle\/collana-amen-ciondolo-albero-della-vita-angioletto-arg-925\">collana con il ciondolo dell\u2019albero della vita<\/a><\/strong> sar\u00e0 sempre e comunque un bel modo per augurargli buona fortuna per un nuovo inizio, sia un nuovo lavoro, una nuova vita, il trasloco in una nuova casa, un matrimonio, una cresima o un battesimo. \u00c8 un modo per ricordare che non saremmo ci\u00f2 che siamo se non fossimo stati qualcosa di diverso, prima, solo un piccolo seme che ha ben attecchito nella terra, dando origine a un albero con radici robuste (che rappresentano la nostra famiglia e la nostra sfera di affetti) e rami protesi verso il cielo. Se poi sapremo scegliere con saggezza il nostro nutrimento, il nostro Albero della vita crescer\u00e0 sempre pi\u00f9 forte e rigoglioso e ricco di frutti preziosi.<\/p>\n<p>Di seguito vi proponiamo alcuni prodotti del catalogo Holyart!<\/p>\n<div class=\"sp-styles-warning\" style=\"width: 450px; background-color: #FFF; color: #F00; border: 1px solid #F00; padding: 10px; font-size: 14px;\">\n\t\t\t<span style=\"font-weight: bold;\">Warning: The stylesheets were not loaded!<\/span> \n\t\t\tYou will need to change the <i>Load stylesheets<\/i> setting from <i>Automatically<\/i> to <i>On homepage<\/i> or <i>On all pages<\/i>. \n\t\t\tYou can set that <a style=\"text-decoration: underline; color: #F00;\" href=\"https:\/\/blog.holyart.it\/it\/wp-admin\/admin.php?page=sliderpro-settings\">here<\/a>.\n\t\t\t<\/div>\r\n<div id=\"slider-pro-14\" class=\"slider-pro sp-no-js\" style=\"width: 500px; height: 500px;\">\r\n\t<div class=\"sp-slides\">\r\n\t\t\r\n\t\t<div class=\"sp-slide\">\r\n\t\t\t<img loading=\"lazy\" decoding=\"async\" class=\"sp-image\" src=\"https:\/\/blog.holyart.it\/it\/wp-content\/uploads\/sites\/17\/2019\/02\/croce-albero-della-vita-ambiente-design-valgardena-2.jpg\" alt=\"croce albero della vita ambiente design valgardena\" width=\"500\" height=\"500\" \/>\r\n\t\t\t<div class=\"sp-thumbnail\"><img decoding=\"async\" src=\"https:\/\/blog.holyart.it\/it\/wp-content\/uploads\/sites\/17\/2019\/02\/croce-albero-della-vita-ambiente-design-valgardena-2-150x150.jpg\" \/>\r\n\t\t\t<\/div>\r\n\t\t\t<div class=\"sp-caption\">Croce Albero della Vita Ambiente Design in legno d'acero della Valgardena, finitura cerata filo oro. Finitura con cera incolore, decorato con un filo dipinto. Scultura in legno d'acero dipinto, realizzata manualmente da artigiani della Valgardena, secondo la migliore tradizione artistica locale. Gli artigiani e gli artisti scolpiscono il legno dei boschi alpini e lo dipingono con maestria in ogni minimo particolare. E' realizzato in legno d'acero della Valgardena, da artigiani specializzati. <br \/><strong><a href=\"https:\/\/www.holyart.it\/it\/articoli-religiosi\/crocefissi\/crocifissi-in-legno\/croce-albero-della-vita-ambiente-design-legno-valgardena-cerata-filo-oro\">Acquista su Holyart<\/a><\/strong><\/div>\r\n\t\t<\/div>\r\n\t\t<div class=\"sp-slide\">\r\n\t\t\t<img loading=\"lazy\" decoding=\"async\" class=\"sp-image\" src=\"https:\/\/blog.holyart.it\/it\/wp-content\/uploads\/sites\/17\/2019\/02\/decina-rosario-bracciale-albero-della-vita.jpg\" alt=\"decina rosario bracciale albero della vita\" width=\"500\" height=\"500\" \/>\r\n\t\t\t<div class=\"sp-thumbnail\"><img decoding=\"async\" src=\"https:\/\/blog.holyart.it\/it\/wp-content\/uploads\/sites\/17\/2019\/02\/decina-rosario-bracciale-albero-della-vita-150x150.jpg\" \/>\r\n\t\t\t<\/div>\r\n\t\t\t<div class=\"sp-caption\">Decina rosario con grani in legno palissandro da 10 mm con albero della vita placcato in argento pendente. <br \/><strong><a href=\"https:\/\/www.holyart.it\/it\/articoli-religiosi\/rosari-e-portarosari\/rosari-decina\/decina-rosario-con-grani-in-legno-e-albero-della-vita\">Acquista su Holyart<\/a><\/strong><\/div>\r\n\t\t<\/div>\r\n\t\t<div class=\"sp-slide\">\r\n\t\t\t<img loading=\"lazy\" decoding=\"async\" class=\"sp-image\" src=\"https:\/\/blog.holyart.it\/it\/wp-content\/uploads\/sites\/17\/2019\/02\/icona-albero-della-vita.jpg\" alt=\"icona albero della vita\" width=\"500\" height=\"500\" \/>\r\n\t\t\t<div class=\"sp-thumbnail\"><img decoding=\"async\" src=\"https:\/\/blog.holyart.it\/it\/wp-content\/uploads\/sites\/17\/2019\/02\/icona-albero-della-vita-150x150.jpg\" \/>\r\n\t\t\t<\/div>\r\n\t\t\t<div class=\"sp-caption\">Icona stampata su legno e fondo oro la cui immagine raffigura l'Albero della vita. \nOggetto realizzato a mano, ideale come regalo o ricordo di occasioni speciali e sacramenti. L'icona si pu\u00f2 comodamente appendere alla parete grazie a un pratico gancio. <br \/><strong><a href=\"https:\/\/www.holyart.it\/it\/articoli-religiosi\/icone-sacre\/icone-grecia-dipinte-e-serigrafate\/icona-stampa-14x10-cm-albero-della-vita\">Acquista su Holyart<\/a><\/strong><\/div>\r\n\t\t<\/div>\r\n\t\t<div class=\"sp-slide\">\r\n\t\t\t<img loading=\"lazy\" decoding=\"async\" class=\"sp-image\" src=\"https:\/\/blog.holyart.it\/it\/wp-content\/uploads\/sites\/17\/2019\/02\/collana-amen-albero-della-vita-argento.jpg\" alt=\"collana amen albero della vita argento\" width=\"500\" height=\"500\" \/>\r\n\t\t\t<div class=\"sp-thumbnail\"><img decoding=\"async\" src=\"https:\/\/blog.holyart.it\/it\/wp-content\/uploads\/sites\/17\/2019\/02\/collana-amen-albero-della-vita-argento-150x150.jpg\" \/>\r\n\t\t\t<\/div>\r\n\t\t\t<div class=\"sp-caption\">Collana Amen con doppia catenina e doppio ciondolo. Un ciondolo racchiude l'Albero della Vita rodiato e ros\u00e8, l'altro ciondolo \u00e8 in argento ros\u00e8 a forma di angioletto ricoperto di zirconi bianchi. La collana ha circonferenza 80 cm, chiusura con moschettone e catenella regolabile per 4 cm. Peso del gioiello: 10 grammi. <br \/><strong><a href=\"https:\/\/www.holyart.it\/it\/articoli-religiosi\/gioielli\/pendenti-croci-spille-catenelle\/collana-amen-albero-della-vita-argento-925-lunga\">Acquista su Holyart<\/a><\/strong><\/div>\r\n\t\t<\/div>\r\n\t\t<div class=\"sp-slide\">\r\n\t\t\t<img loading=\"lazy\" decoding=\"async\" class=\"sp-image\" src=\"https:\/\/blog.holyart.it\/it\/wp-content\/uploads\/sites\/17\/2022\/05\/albero-della-vita-decorazione-legno-ulivo-15x10x1-cm-1.jpg\" alt=\"albero della vita legno ulivo\" width=\"500\" height=\"500\" \/>\r\n\t\t\t<div class=\"sp-thumbnail\"><a class=\"\" href=\"https:\/\/www.holyart.it\/it\/articoli-religiosi\/bomboniere-sacre-e-ricordini\/albero-della-vita-decorazione-legno-ulivo-15x10x1-cm\">\r\n\t\t\t\t<img decoding=\"async\" src=\"https:\/\/blog.holyart.it\/it\/wp-content\/uploads\/sites\/17\/2022\/05\/albero-della-vita-decorazione-legno-ulivo-15x10x1-cm-1.jpg\" alt=\"albero della vita legno ulivo\" \/>\r\n\t\t\t<\/a>\r\n\t\t\t<\/div>\r\n\t\t\t<div class=\"sp-caption\">Albero della vita decorazione legno ulivo 15x10x1 cm. \nDecorazione in elegante e pregiato legno di ulivo, sagomato a formare il profilo bidimensionale di un albero della vita. <br \/><strong><a href=\"https:\/\/www.holyart.it\/it\/articoli-religiosi\/bomboniere-sacre-e-ricordini\/albero-della-vita-decorazione-legno-ulivo-15x10x1-cm\">Acquista su Holyart<\/a><\/strong><\/div>\r\n\t\t<\/div>\r\n\t\t<div class=\"sp-slide\">\r\n\t\t\t<img loading=\"lazy\" decoding=\"async\" class=\"sp-image\" src=\"https:\/\/blog.holyart.it\/it\/wp-content\/uploads\/sites\/17\/2019\/02\/orecchini-albero-della-vita.jpg\" alt=\"orecchini albero della vita\" width=\"500\" height=\"500\" \/>\r\n\t\t\t<div class=\"sp-thumbnail\"><img decoding=\"async\" src=\"https:\/\/blog.holyart.it\/it\/wp-content\/uploads\/sites\/17\/2019\/02\/orecchini-albero-della-vita-150x150.jpg\" \/>\r\n\t\t\t<\/div>\r\n\t\t\t<div class=\"sp-caption\">Orecchini pendenti con medaglietta rappresentato l'Albero della Vita in finitura ros\u00e8 su cerchio rodio, con angioletto a lobo impreziosito da zirconi bianchi. Orecchini interamente in argento 925 finitura ros\u00e8 e rodio con chiusura a farfalla. Orecchini di diametro 12 mm, realizzati in Italia da azienda specializzata con qualit\u00e0 garantita. \nPeso del gioiello: 4,24 grammi. <br \/><strong><a href=\"https:\/\/www.holyart.it\/it\/articoli-religiosi\/gioielli\/pendenti-croci-spille-catenelle\/orecchini-in-arg-925-amen-angioletto-e-albero-della-vita\">Acquista su Holyart<\/a><\/strong>\n\n<\/div>\r\n\t\t<\/div>\r\n\t<\/div>\r\n<\/div>\n","protected":false},"excerpt":{"rendered":"<p>Tutte le religioni, dalle origini della storia dell\u2019uomo, sono legate in qualche modo agli alberi. Abbiamo gi\u00e0 approfondito questo argomento in un articolo precedente, soffermandoci su\u00a0significati degli\u00a0alberi e delle piante citati nelle Sacre Scritture, e, oltre ad essi, su come la vegetazione sia stata investita,&hellip;<\/p>\n","protected":false},"author":1,"featured_media":3794,"comment_status":"closed","ping_status":"open","sticky":false,"template":"","format":"standard","meta":{"_acf_changed":false,"footnotes":""},"categories":[16],"tags":[],"class_list":["post-3771","post","type-post","status-publish","format-standard","has-post-thumbnail","hentry","category-articoli-religiosi"],"acf":[],"yoast_head":"<!-- This site is optimized with the Yoast SEO plugin v26.6 - https:\/\/yoast.com\/wordpress\/plugins\/seo\/ -->\n<title>Il significato dell&#039;albero della vita - Holyblog<\/title>\n<meta name=\"description\" content=\"Tutte le religioni, dalle origini della storia dell\u2019uomo, sono legate in qualche modo agli alberi. Scopriamo insieme il significato dell&#039;albero della vita\" \/>\n<meta name=\"robots\" content=\"index, follow, max-snippet:-1, max-image-preview:large, max-video-preview:-1\" \/>\n<link rel=\"canonical\" href=\"https:\/\/blog.holyart.it\/it\/articoli-religiosi\/significato-dellalbero-della-vita\/\" \/>\n<meta property=\"og:locale\" content=\"it_IT\" \/>\n<meta property=\"og:type\" content=\"article\" \/>\n<meta property=\"og:title\" content=\"Il significato dell&#039;albero della vita - Holyblog\" \/>\n<meta property=\"og:description\" content=\"Tutte le religioni, dalle origini della storia dell\u2019uomo, sono legate in qualche modo agli alberi. Scopriamo insieme il significato dell&#039;albero della vita\" \/>\n<meta property=\"og:url\" content=\"https:\/\/blog.holyart.it\/it\/articoli-religiosi\/significato-dellalbero-della-vita\/\" \/>\n<meta property=\"og:site_name\" content=\"Holyblog\" \/>\n<meta property=\"article:published_time\" content=\"2018-07-10T13:53:50+00:00\" \/>\n<meta property=\"article:modified_time\" content=\"2022-10-12T15:21:14+00:00\" \/>\n<meta property=\"og:image\" content=\"https:\/\/blog.holyart.it\/it\/wp-content\/uploads\/sites\/17\/2018\/06\/albero-della-vita.jpg\" \/>\n\t<meta property=\"og:image:width\" content=\"1000\" \/>\n\t<meta property=\"og:image:height\" content=\"666\" \/>\n\t<meta property=\"og:image:type\" content=\"image\/jpeg\" \/>\n<meta name=\"author\" content=\"Redazione\" \/>\n<meta name=\"twitter:card\" content=\"summary_large_image\" \/>\n<meta name=\"twitter:label1\" content=\"Scritto da\" \/>\n\t<meta name=\"twitter:data1\" content=\"Redazione\" \/>\n\t<meta name=\"twitter:label2\" content=\"Tempo di lettura stimato\" \/>\n\t<meta name=\"twitter:data2\" content=\"8 minuti\" \/>\n<script type=\"application\/ld+json\" class=\"yoast-schema-graph\">{\"@context\":\"https:\/\/schema.org\",\"@graph\":[{\"@type\":\"Article\",\"@id\":\"https:\/\/blog.holyart.it\/it\/articoli-religiosi\/significato-dellalbero-della-vita\/#article\",\"isPartOf\":{\"@id\":\"https:\/\/blog.holyart.it\/it\/articoli-religiosi\/significato-dellalbero-della-vita\/\"},\"author\":{\"name\":\"Redazione\",\"@id\":\"https:\/\/blog.holyart.it\/it\/#\/schema\/person\/0a7b686e5af0f856ec1e390dd0baecda\"},\"headline\":\"Il significato dell&#8217;albero della vita\",\"datePublished\":\"2018-07-10T13:53:50+00:00\",\"dateModified\":\"2022-10-12T15:21:14+00:00\",\"mainEntityOfPage\":{\"@id\":\"https:\/\/blog.holyart.it\/it\/articoli-religiosi\/significato-dellalbero-della-vita\/\"},\"wordCount\":1630,\"publisher\":{\"@id\":\"https:\/\/blog.holyart.it\/it\/#organization\"},\"image\":{\"@id\":\"https:\/\/blog.holyart.it\/it\/articoli-religiosi\/significato-dellalbero-della-vita\/#primaryimage\"},\"thumbnailUrl\":\"https:\/\/blog.holyart.it\/it\/wp-content\/uploads\/sites\/17\/2018\/06\/albero-della-vita.jpg\",\"articleSection\":[\"Religione\"],\"inLanguage\":\"it-IT\"},{\"@type\":\"WebPage\",\"@id\":\"https:\/\/blog.holyart.it\/it\/articoli-religiosi\/significato-dellalbero-della-vita\/\",\"url\":\"https:\/\/blog.holyart.it\/it\/articoli-religiosi\/significato-dellalbero-della-vita\/\",\"name\":\"Il significato dell'albero della vita - Holyblog\",\"isPartOf\":{\"@id\":\"https:\/\/blog.holyart.it\/it\/#website\"},\"primaryImageOfPage\":{\"@id\":\"https:\/\/blog.holyart.it\/it\/articoli-religiosi\/significato-dellalbero-della-vita\/#primaryimage\"},\"image\":{\"@id\":\"https:\/\/blog.holyart.it\/it\/articoli-religiosi\/significato-dellalbero-della-vita\/#primaryimage\"},\"thumbnailUrl\":\"https:\/\/blog.holyart.it\/it\/wp-content\/uploads\/sites\/17\/2018\/06\/albero-della-vita.jpg\",\"datePublished\":\"2018-07-10T13:53:50+00:00\",\"dateModified\":\"2022-10-12T15:21:14+00:00\",\"description\":\"Tutte le religioni, dalle origini della storia dell\u2019uomo, sono legate in qualche modo agli alberi. Scopriamo insieme il significato dell'albero della vita\",\"breadcrumb\":{\"@id\":\"https:\/\/blog.holyart.it\/it\/articoli-religiosi\/significato-dellalbero-della-vita\/#breadcrumb\"},\"inLanguage\":\"it-IT\",\"potentialAction\":[{\"@type\":\"ReadAction\",\"target\":[\"https:\/\/blog.holyart.it\/it\/articoli-religiosi\/significato-dellalbero-della-vita\/\"]}]},{\"@type\":\"ImageObject\",\"inLanguage\":\"it-IT\",\"@id\":\"https:\/\/blog.holyart.it\/it\/articoli-religiosi\/significato-dellalbero-della-vita\/#primaryimage\",\"url\":\"https:\/\/blog.holyart.it\/it\/wp-content\/uploads\/sites\/17\/2018\/06\/albero-della-vita.jpg\",\"contentUrl\":\"https:\/\/blog.holyart.it\/it\/wp-content\/uploads\/sites\/17\/2018\/06\/albero-della-vita.jpg\",\"width\":1000,\"height\":666,\"caption\":\"albero della vita\"},{\"@type\":\"BreadcrumbList\",\"@id\":\"https:\/\/blog.holyart.it\/it\/articoli-religiosi\/significato-dellalbero-della-vita\/#breadcrumb\",\"itemListElement\":[{\"@type\":\"ListItem\",\"position\":1,\"name\":\"Homepage\",\"item\":\"https:\/\/blog.holyart.it\/it\/\"},{\"@type\":\"ListItem\",\"position\":2,\"name\":\"Religione\",\"item\":\"https:\/\/blog.holyart.it\/it\/articoli-religiosi\/\"},{\"@type\":\"ListItem\",\"position\":3,\"name\":\"Il significato dell&#8217;albero della vita\"}]},{\"@type\":\"WebSite\",\"@id\":\"https:\/\/blog.holyart.it\/it\/#website\",\"url\":\"https:\/\/blog.holyart.it\/it\/\",\"name\":\"Holyblog\",\"description\":\"Il Blog di Holyart.it\",\"publisher\":{\"@id\":\"https:\/\/blog.holyart.it\/it\/#organization\"},\"potentialAction\":[{\"@type\":\"SearchAction\",\"target\":{\"@type\":\"EntryPoint\",\"urlTemplate\":\"https:\/\/blog.holyart.it\/it\/?s={search_term_string}\"},\"query-input\":{\"@type\":\"PropertyValueSpecification\",\"valueRequired\":true,\"valueName\":\"search_term_string\"}}],\"inLanguage\":\"it-IT\"},{\"@type\":\"Organization\",\"@id\":\"https:\/\/blog.holyart.it\/it\/#organization\",\"name\":\"Holyblog\",\"url\":\"https:\/\/blog.holyart.it\/it\/\",\"logo\":{\"@type\":\"ImageObject\",\"inLanguage\":\"it-IT\",\"@id\":\"https:\/\/blog.holyart.it\/it\/#\/schema\/logo\/image\/\",\"url\":\"https:\/\/blog.holyart.it\/it\/wp-content\/uploads\/sites\/17\/2022\/12\/Holyart_Blog_Logo.jpg\",\"contentUrl\":\"https:\/\/blog.holyart.it\/it\/wp-content\/uploads\/sites\/17\/2022\/12\/Holyart_Blog_Logo.jpg\",\"width\":300,\"height\":50,\"caption\":\"Holyblog\"},\"image\":{\"@id\":\"https:\/\/blog.holyart.it\/it\/#\/schema\/logo\/image\/\"}},{\"@type\":\"Person\",\"@id\":\"https:\/\/blog.holyart.it\/it\/#\/schema\/person\/0a7b686e5af0f856ec1e390dd0baecda\",\"name\":\"Redazione\"}]}<\/script>\n<!-- \/ Yoast SEO plugin. -->","yoast_head_json":{"title":"Il significato dell'albero della vita - Holyblog","description":"Tutte le religioni, dalle origini della storia dell\u2019uomo, sono legate in qualche modo agli alberi. Scopriamo insieme il significato dell'albero della vita","robots":{"index":"index","follow":"follow","max-snippet":"max-snippet:-1","max-image-preview":"max-image-preview:large","max-video-preview":"max-video-preview:-1"},"canonical":"https:\/\/blog.holyart.it\/it\/articoli-religiosi\/significato-dellalbero-della-vita\/","og_locale":"it_IT","og_type":"article","og_title":"Il significato dell'albero della vita - Holyblog","og_description":"Tutte le religioni, dalle origini della storia dell\u2019uomo, sono legate in qualche modo agli alberi. Scopriamo insieme il significato dell'albero della vita","og_url":"https:\/\/blog.holyart.it\/it\/articoli-religiosi\/significato-dellalbero-della-vita\/","og_site_name":"Holyblog","article_published_time":"2018-07-10T13:53:50+00:00","article_modified_time":"2022-10-12T15:21:14+00:00","og_image":[{"width":1000,"height":666,"url":"https:\/\/blog.holyart.it\/it\/wp-content\/uploads\/sites\/17\/2018\/06\/albero-della-vita.jpg","type":"image\/jpeg"}],"author":"Redazione","twitter_card":"summary_large_image","twitter_misc":{"Scritto da":"Redazione","Tempo di lettura stimato":"8 minuti"},"schema":{"@context":"https:\/\/schema.org","@graph":[{"@type":"Article","@id":"https:\/\/blog.holyart.it\/it\/articoli-religiosi\/significato-dellalbero-della-vita\/#article","isPartOf":{"@id":"https:\/\/blog.holyart.it\/it\/articoli-religiosi\/significato-dellalbero-della-vita\/"},"author":{"name":"Redazione","@id":"https:\/\/blog.holyart.it\/it\/#\/schema\/person\/0a7b686e5af0f856ec1e390dd0baecda"},"headline":"Il significato dell&#8217;albero della vita","datePublished":"2018-07-10T13:53:50+00:00","dateModified":"2022-10-12T15:21:14+00:00","mainEntityOfPage":{"@id":"https:\/\/blog.holyart.it\/it\/articoli-religiosi\/significato-dellalbero-della-vita\/"},"wordCount":1630,"publisher":{"@id":"https:\/\/blog.holyart.it\/it\/#organization"},"image":{"@id":"https:\/\/blog.holyart.it\/it\/articoli-religiosi\/significato-dellalbero-della-vita\/#primaryimage"},"thumbnailUrl":"https:\/\/blog.holyart.it\/it\/wp-content\/uploads\/sites\/17\/2018\/06\/albero-della-vita.jpg","articleSection":["Religione"],"inLanguage":"it-IT"},{"@type":"WebPage","@id":"https:\/\/blog.holyart.it\/it\/articoli-religiosi\/significato-dellalbero-della-vita\/","url":"https:\/\/blog.holyart.it\/it\/articoli-religiosi\/significato-dellalbero-della-vita\/","name":"Il significato dell'albero della vita - Holyblog","isPartOf":{"@id":"https:\/\/blog.holyart.it\/it\/#website"},"primaryImageOfPage":{"@id":"https:\/\/blog.holyart.it\/it\/articoli-religiosi\/significato-dellalbero-della-vita\/#primaryimage"},"image":{"@id":"https:\/\/blog.holyart.it\/it\/articoli-religiosi\/significato-dellalbero-della-vita\/#primaryimage"},"thumbnailUrl":"https:\/\/blog.holyart.it\/it\/wp-content\/uploads\/sites\/17\/2018\/06\/albero-della-vita.jpg","datePublished":"2018-07-10T13:53:50+00:00","dateModified":"2022-10-12T15:21:14+00:00","description":"Tutte le religioni, dalle origini della storia dell\u2019uomo, sono legate in qualche modo agli alberi. Scopriamo insieme il significato dell'albero della vita","breadcrumb":{"@id":"https:\/\/blog.holyart.it\/it\/articoli-religiosi\/significato-dellalbero-della-vita\/#breadcrumb"},"inLanguage":"it-IT","potentialAction":[{"@type":"ReadAction","target":["https:\/\/blog.holyart.it\/it\/articoli-religiosi\/significato-dellalbero-della-vita\/"]}]},{"@type":"ImageObject","inLanguage":"it-IT","@id":"https:\/\/blog.holyart.it\/it\/articoli-religiosi\/significato-dellalbero-della-vita\/#primaryimage","url":"https:\/\/blog.holyart.it\/it\/wp-content\/uploads\/sites\/17\/2018\/06\/albero-della-vita.jpg","contentUrl":"https:\/\/blog.holyart.it\/it\/wp-content\/uploads\/sites\/17\/2018\/06\/albero-della-vita.jpg","width":1000,"height":666,"caption":"albero della vita"},{"@type":"BreadcrumbList","@id":"https:\/\/blog.holyart.it\/it\/articoli-religiosi\/significato-dellalbero-della-vita\/#breadcrumb","itemListElement":[{"@type":"ListItem","position":1,"name":"Homepage","item":"https:\/\/blog.holyart.it\/it\/"},{"@type":"ListItem","position":2,"name":"Religione","item":"https:\/\/blog.holyart.it\/it\/articoli-religiosi\/"},{"@type":"ListItem","position":3,"name":"Il significato dell&#8217;albero della vita"}]},{"@type":"WebSite","@id":"https:\/\/blog.holyart.it\/it\/#website","url":"https:\/\/blog.holyart.it\/it\/","name":"Holyblog","description":"Il Blog di Holyart.it","publisher":{"@id":"https:\/\/blog.holyart.it\/it\/#organization"},"potentialAction":[{"@type":"SearchAction","target":{"@type":"EntryPoint","urlTemplate":"https:\/\/blog.holyart.it\/it\/?s={search_term_string}"},"query-input":{"@type":"PropertyValueSpecification","valueRequired":true,"valueName":"search_term_string"}}],"inLanguage":"it-IT"},{"@type":"Organization","@id":"https:\/\/blog.holyart.it\/it\/#organization","name":"Holyblog","url":"https:\/\/blog.holyart.it\/it\/","logo":{"@type":"ImageObject","inLanguage":"it-IT","@id":"https:\/\/blog.holyart.it\/it\/#\/schema\/logo\/image\/","url":"https:\/\/blog.holyart.it\/it\/wp-content\/uploads\/sites\/17\/2022\/12\/Holyart_Blog_Logo.jpg","contentUrl":"https:\/\/blog.holyart.it\/it\/wp-content\/uploads\/sites\/17\/2022\/12\/Holyart_Blog_Logo.jpg","width":300,"height":50,"caption":"Holyblog"},"image":{"@id":"https:\/\/blog.holyart.it\/it\/#\/schema\/logo\/image\/"}},{"@type":"Person","@id":"https:\/\/blog.holyart.it\/it\/#\/schema\/person\/0a7b686e5af0f856ec1e390dd0baecda","name":"Redazione"}]}},"_links":{"self":[{"href":"https:\/\/blog.holyart.it\/it\/wp-json\/wp\/v2\/posts\/3771","targetHints":{"allow":["GET"]}}],"collection":[{"href":"https:\/\/blog.holyart.it\/it\/wp-json\/wp\/v2\/posts"}],"about":[{"href":"https:\/\/blog.holyart.it\/it\/wp-json\/wp\/v2\/types\/post"}],"author":[{"embeddable":true,"href":"https:\/\/blog.holyart.it\/it\/wp-json\/wp\/v2\/users\/1"}],"replies":[{"embeddable":true,"href":"https:\/\/blog.holyart.it\/it\/wp-json\/wp\/v2\/comments?post=3771"}],"version-history":[{"count":0,"href":"https:\/\/blog.holyart.it\/it\/wp-json\/wp\/v2\/posts\/3771\/revisions"}],"wp:featuredmedia":[{"embeddable":true,"href":"https:\/\/blog.holyart.it\/it\/wp-json\/wp\/v2\/media\/3794"}],"wp:attachment":[{"href":"https:\/\/blog.holyart.it\/it\/wp-json\/wp\/v2\/media?parent=3771"}],"wp:term":[{"taxonomy":"category","embeddable":true,"href":"https:\/\/blog.holyart.it\/it\/wp-json\/wp\/v2\/categories?post=3771"},{"taxonomy":"post_tag","embeddable":true,"href":"https:\/\/blog.holyart.it\/it\/wp-json\/wp\/v2\/tags?post=3771"}],"curies":[{"name":"wp","href":"https:\/\/api.w.org\/{rel}","templated":true}]}}