{"id":3725,"date":"2018-07-03T17:01:10","date_gmt":"2018-07-03T15:01:10","guid":{"rendered":"https:\/\/blog.holyart.it\/it\/?p=3725"},"modified":"2025-02-04T17:05:10","modified_gmt":"2025-02-04T16:05:10","slug":"ss-cuore-gesu","status":"publish","type":"post","link":"https:\/\/blog.holyart.it\/it\/articoli-religiosi\/ss-cuore-gesu\/","title":{"rendered":"Il Sacro Cuore di Ges\u00f9"},"content":{"rendered":"<h4>Quando ricorre la Festa del Sacro Cuore di Ges\u00f9 e qual \u00e8 il suo significato? Scopriamo di pi\u00f9 sul culto e la devozione al Sacro Cuore di Ges\u00f9<\/h4>\n\n<p>La festa dedicata al Sacro Cuore di Ges\u00f9 \u00e8 una delle cosiddette <strong><a href=\"https:\/\/www.holyart.it\/blog\/articoli-religiosi\/le-feste-mobili-feste-religiose-feste-civili-italia-allestero\/\">Feste mobili<\/a><\/strong>, ovvero una festa che non cade sempre nella stessa data, ma varia di anno in anno. L\u2019esempio pi\u00f9 evidente di Festa mobile \u00e8 la Pasqua, la cui data cambia sempre. In realt\u00e0 la maggior parte delle Feste mobili sono legate alla <strong><a href=\"https:\/\/www.holyart.it\/it\/occasioni-speciali\/pasqua-e-quaresima\">Pasqua<\/a><\/strong>, e da qui deriva il fatto che non hanno un giorno fisso per essere celebrate. Le Feste mobili cattoliche possono dipendere anche dall\u2019Epifania o essere legate a giorni della settimana circoscritti a certi periodi dell\u2019anno.<\/p>\n<div class=\"link-article\">\n<p><img loading=\"lazy\" decoding=\"async\" class=\"size-full wp-image-15603 alignleft\" src=\"https:\/\/blog.holyart.it\/it\/wp-content\/uploads\/sites\/17\/2018\/07\/Feste-mobili.jpg\" alt=\"Feste mobili\" width=\"150\" height=\"99\" data-kale-share-title=\"Il Sacro Cuore di Ges\u00f9\" data-kale-share-url=\"https:\/\/blog.holyart.it\/it\/articoli-religiosi\/ss-cuore-gesu\/\" \/><\/p>\n<div class=\"leggi-anche\">Leggi anche:<\/div>\n<p><strong><a href=\"https:\/\/www.holyart.it\/blog\/articoli-religiosi\/le-feste-mobili-feste-religiose-feste-civili-italia-allestero\/\">Le feste mobili. Feste religiose e feste civili in Italia (e all\u2019estero)<\/a><\/strong><br \/>\nLe feste mobili sono quelle feste religiose che, come la Pasqua&#8230;<\/p>\n<\/div>\n<h2>La Festa del Sacro Cuore di Ges\u00f9<\/h2>\n<p>Sacro Cuore di Ges\u00f9 \u00e8 un giorno di festa?<\/p>\n<p>Per esempio la Festa del Sacro Cuore di Ges\u00f9 cade sempre il venerd\u00ec successivo alla domenica del <strong><a href=\"https:\/\/www.holyart.it\/blog\/accessori-liturgia\/la-solennita-del-corpus-domini\/\">Corpus Domini<\/a><\/strong>, quindi sessantotto giorni dopo la Pasqua. La Festa del <a href=\"https:\/\/www.holyart.it\/blog\/santi-e-beati\/cuore-immacolato-maria\/\"><strong>Cuore Immacolato di Maria<\/strong><\/a>, d\u2019altro canto, cade il sabato successivo a quella del Sacro Cuore di Ges\u00f9, e quindi dipende da quest\u2019ultima. Indicativamente la Festa del Sacro Cuore di Ges\u00f9 pu\u00f2 cadere in una data tra il 29 maggio e il 2 luglio. Quest\u2019anno, per esempio, \u00e8 caduta l\u20198 giugno, e tutto il mese \u00e8 consacrato a questa celebrazione.<\/p>\n<p>Altri esempi di Feste mobili sono il Battesimo del Signore, che si celebra la prima Domenica dopo l&#8217;Epifania, o tutte le domeniche dell\u2019Avvento.<\/p>\n<div class=\"link-article\">\n<p><img loading=\"lazy\" decoding=\"async\" class=\"size-full wp-image-15604 alignleft\" src=\"https:\/\/blog.holyart.it\/it\/wp-content\/uploads\/sites\/17\/2018\/07\/sacro-cuore-di-maria.jpg\" alt=\"sacro cuore di maria\" width=\"150\" height=\"99\" data-kale-share-title=\"Il Sacro Cuore di Ges\u00f9\" data-kale-share-url=\"https:\/\/blog.holyart.it\/it\/articoli-religiosi\/ss-cuore-gesu\/\" \/><\/p>\n<div class=\"leggi-anche\">Leggi anche:<\/div>\n<p><strong><a href=\"https:\/\/www.holyart.it\/blog\/santi-e-beati\/cuore-immacolato-maria\/\">Il Cuore immacolato di Maria<\/a><\/strong><br \/>\nLa festa del Cuore immacolato della Beata Vergine Maria \u00e8 una delle feste mobili: il giorno dedicato alla sua memoria cade il&#8230;<\/p>\n<\/div>\n<p>Tutti i giorni di festa legati alla Pasqua sono per forza di cose Feste mobili: Gioved\u00ec Santo, Venerd\u00ec Santo, Sabato Santo, <a href=\"https:\/\/www.holyart.it\/blog\/articoli-religiosi\/pasquetta-o-lunedi-dellangelo-scopriamo-perche-vengono-chiamate-cosi\/\"><strong>Luned\u00ec dell&#8217;Angelo<\/strong><\/a> cambiano sempre in relazione con la data in cui cade la Pasqua, appunto.<\/p>\n<p>La Festa del Sacro Cuore di Ges\u00f9 vuole celebrare da una parte proprio il cuore fisico di Ges\u00f9 vero uomo, oltre che vero Dio, dall\u2019altra il cuore intenso come <strong>bont\u00e0, misericordia, amore<\/strong> del Salvatore per noi tutti.<\/p>\n<p>In quanto organo che simboleggia l\u2019umanit\u00e0 di Cristo, questo particolare cuore ha diritto di adorazione.<\/p>\n<h2>Iconografia del Sacro Cuore e devozione<\/h2>\n<p>L\u2019<strong>iconografia<\/strong> tradizionale mostra il Sacro Cuore in mezzo al petto di Ges\u00f9, con una croce posta sopra di esso, incoronato di spine. Sul fianco del Cuore c\u2019\u00e8 una ferita sanguinante che ricorda quella inferta a Ges\u00f9 sulla croce, e simboleggia le ferite che i peccati degli uomini continuano a fargli, ogni giorno. Il Sacro Cuore \u00e8 circondato dalle fiamme, simbolo della misericordia bruciante, dell\u2019amore ardente del Salvatore per tutti gli uomini.<\/p>\n<p>Il culto del Sacro Cuore di Ges\u00f9 nasce nel Medioevo, nell\u2019ambito dei grandi mistici tedeschi, ma conosce la sua vera fioritura solo nel XVII secolo grazie a <strong>S. Giovanni Eudes<\/strong> (1601-1680), religioso, predicatore e studioso francese, che propag\u00f2 in tutta la Francia <strong><a href=\"http:\/\/www.holyart.it\/blog\/santi-e-beati\/qual-la-differenza-venerazione-devozione-adorazione\/\">la devozione ai Sacri Cuori di Ges\u00f9 e di Maria<\/a><\/strong>, e in special modo grazie a <strong>S. Margherita Maria Alacoque<\/strong> (1647-1690). Era una suora francese, dotata di grandi doni mistici, che dal 1673 e fino al giorno della sua precoce morte ricevette quattro rivelazioni, pi\u00f9 molte altre visioni minori, da parte di Ges\u00f9. In queste visioni Ges\u00f9 in persona le si rivolgeva, e in tutte il Suo Sacro Cuore rivestiva un ruolo fondamentale. Nella prima delle visioni di Santa Margherita, per esempio, Ges\u00f9 le parl\u00f2 cos\u00ec: \u201c<em>Il mio divino Cuore \u00e8 cos\u00ec appassionato d\u2019amore per gli uomini, che non potendo pi\u00f9 racchiudere in s\u00e9 le fiamme della sua ardente carit\u00e0, bisogna che le spanda. Io ti ho scelta per adempiere a questo grande disegno, affinch\u00e9 tutto sia fatto da me.<\/em>\u201d<\/p>\n<div class=\"link-article\">\n<p><img loading=\"lazy\" decoding=\"async\" class=\"size-full wp-image-15607 alignleft\" src=\"https:\/\/blog.holyart.it\/it\/wp-content\/uploads\/sites\/17\/2018\/07\/madonna-addolorata.jpg\" alt=\"madonna addolorata\" width=\"150\" height=\"99\" data-kale-share-title=\"Il Sacro Cuore di Ges\u00f9\" data-kale-share-url=\"https:\/\/blog.holyart.it\/it\/articoli-religiosi\/ss-cuore-gesu\/\" \/><\/p>\n<div class=\"leggi-anche\">Leggi anche:<\/div>\n<p><strong><a href=\"https:\/\/www.holyart.it\/blog\/santi-e-beati\/qual-la-differenza-venerazione-devozione-adorazione\/\">Qual \u00e8 la differenza tra Venerazione, Devozione e Adorazione?<\/a><\/strong><br \/>\nLa Venerazione, in ambito religioso, \u00e8 l\u2019atto di onorare Dio, la Madonna, un Santo, un angelo, o anche un oggetto sacro&#8230;<\/p>\n<\/div>\n<p>Nelle visioni successive la Santa vide il Sacro Cuore avvolto dalle fiamme, incoronato di spine, risplendente di luce, nonostante le ferite, nel petto del Salvatore. A lei dobbiamo l\u2019iconografia tradizionale, giunta fino a noi.<\/p>\n<p>In occasione della quarta visione Ges\u00f9 dichiar\u00f2 a Santa Margerita di soffrire per l\u2019arroganza e la mancanza di umilt\u00e0 dei cristiani, e ancora di pi\u00f9 per il sacrilegio degli empi. Le manifest\u00f2 poi la Sua volont\u00e0 che il venerd\u00ec dopo la seconda domenica dopo Pentecoste, ovvero l\u2019ottavo giorno dopo il <strong>Corpus Domini<\/strong>, venisse dedicato a celebrare il Suo Cuore.<\/p>\n<p>Nonostante gli ostacoli eretti da diverse realt\u00e0 religiose, che lo tacciavano di idolatria, il culto del <a href=\"https:\/\/www.holyart.it\/it\/articoli-religiosi\/rosari-e-portarosari\/rosari-metallo\/rosario-sacro-cuore-di-gesu-metallo-grani-a-forma-di-cuore-5-mm\"><strong>Sacro Cuore di Ges\u00f9<\/strong><\/a> conobbe fin da subito un grande sviluppo e fervore. Nel 1672 la Festa del Sacro Cuore venne celebrata per la prima volta ufficialmente. Nel 1856, per volont\u00e0 di Papa Pio IX, il culto divenne universale per tutta la Chiesa cattolica e da allora molte congregazioni sia maschili sia femminili sorsero intorno ad esso.<\/p>\n<div class=\"link-product\">\n<div class=\"blocco-immagine\"><img loading=\"lazy\" decoding=\"async\" class=\"size-full wp-image-15606 alignleft\" src=\"https:\/\/blog.holyart.it\/it\/wp-content\/uploads\/sites\/17\/2018\/07\/rosario-sacro-cuore-di-gesu-metallo-grani-a-forma-di-cuore-5-mm.jpg\" alt=\"rosario sacro cuore di gesu metallo grani a forma di cuore 5 mm\" width=\"100\" height=\"100\" data-kale-share-title=\"Il Sacro Cuore di Ges\u00f9\" data-kale-share-url=\"https:\/\/blog.holyart.it\/it\/articoli-religiosi\/ss-cuore-gesu\/\" \/><\/div>\n<div class=\"blocco-contenuto\">\n<div class=\"blocco-acquista\">Acquista su Holyart:<\/div>\n<div class=\"blocco-titolo\"><a href=\"https:\/\/www.holyart.it\/it\/articoli-religiosi\/rosari-e-portarosari\/rosari-metallo\/rosario-sacro-cuore-di-gesu-metallo-grani-a-forma-di-cuore-5-mm\">Rosario Sacro Cuore di Ges\u00f9 grani a forma di cuore<\/a><\/div>\n<div class=\"blocco-descrizione\">Il rosario presenta delle medagliette su cui \u00e8 raffigurato il Sacro Cuore di Ges\u00f9.<\/div>\n<\/div>\n<\/div>\n<h2>Le Preghiere al Sacro Cuore di Ges\u00f9<\/h2>\n<p>La Festa del Sacro Cuore di Ges\u00f9 \u00e8 celebrata tramite l\u2019adorazione eucaristica ogni primo venerd\u00ec del mese e tramite la recita delle Litanie del Sacro Cuore. Ce ne sono numerosissime, ecco solo qualche esempio:<\/p>\n<p><em>Sacro Cuore di Ges\u00f9, confido in Te!; <\/em><\/p>\n<p><em>Dolce Cuore del mio Ges\u00f9, fa ch\u2019io t\u2019ami sempre pi\u00f9!<\/em><\/p>\n<p><em>O Ges\u00f9 di amore acceso, non Ti avessi mai offeso!<\/em><\/p>\n<p>Oppure:<\/p>\n<p><em>Amore del Cuore di Ges\u00f9, infiamma il mio cuore. <\/em><\/p>\n<p><em>Carit\u00e0 del Cuore di Ges\u00f9, diffonditi nel mio cuore. <\/em><\/p>\n<p><em>Forza del Cuore di Ges\u00f9, sostieni il mio cuore. <\/em><\/p>\n<p><em>Misericordia del Cuore di Ges\u00f9, rendi dolce il mio cuore. <\/em><\/p>\n<p><em>Pazienza del Cuore di Ges\u00f9, non ti stancare del mio cuore. <\/em><\/p>\n<p><em>Regno del Cuore di Ges\u00f9, stabilisciti nel mio cuore. <\/em><\/p>\n<p><em>Sapienza del Cuore di Ges\u00f9, ammaestra il mio cuore.<\/em><\/p>\n<p>O ancora:<\/p>\n<p><em>O Cuore di Ges\u00f9,<\/em><\/p>\n<p><em>a te raccomando <\/em><\/p>\n<p><em>in questa notte <\/em><\/p>\n<p><em>l\u2019anima e il corpo, <\/em><\/p>\n<p><em>affinch\u00e9 dolcemente <\/em><\/p>\n<p><em>in te riposino. <\/em><\/p>\n<p><em>E poich\u00e9 durante <\/em><\/p>\n<p><em>il sonno non potr\u00f2 <\/em><\/p>\n<p><em>lodare il mio Dio, <\/em><\/p>\n<p><em>tu degnati di farlo per me, <\/em><\/p>\n<p><em>in modo che <\/em><\/p>\n<p><em>quanti saranno<\/em><\/p>\n<p><em>i battiti del mio cuore <\/em><\/p>\n<p><em>in questa notte, <\/em><\/p>\n<p><em>tante siano le lodi <\/em><\/p>\n<p><em>che tu darai <\/em><\/p>\n<p><em>alla santissima Trinit\u00e0. <\/em><\/p>\n<p><em>Amen.\u00a0<\/em><\/p>\n<div class=\"link-product\">\n<div class=\"blocco-immagine\"><img loading=\"lazy\" decoding=\"async\" class=\"size-full wp-image-15608 alignleft\" src=\"https:\/\/blog.holyart.it\/it\/wp-content\/uploads\/sites\/17\/2018\/07\/arazzo-sacro-cuore-di-gesu-con-paesaggio-cornice-ganci-50x40.jpg\" alt=\"arazzo sacro cuore di gesu con paesaggio cornice ganci 50x40\" width=\"100\" height=\"100\" data-kale-share-title=\"Il Sacro Cuore di Ges\u00f9\" data-kale-share-url=\"https:\/\/blog.holyart.it\/it\/articoli-religiosi\/ss-cuore-gesu\/\" \/><\/div>\n<div class=\"blocco-contenuto\">\n<div class=\"blocco-acquista\">Acquista su Holyart:<\/div>\n<div class=\"blocco-titolo\"><a href=\"https:\/\/www.holyart.it\/it\/articoli-religiosi\/arazzi\/arazzo-sacro-cuore-di-gesu-con-paesaggio-cornice-ganci-50x40\">Arazzo Sacro Cuore di Ges\u00f9 50&#215;40<\/a><\/div>\n<div class=\"blocco-descrizione\">Arazzo in tessuto jacquard rifinito a mano, interamente in Italia.<\/div>\n<\/div>\n<\/div>\n<h2>Oggetti devozionali<\/h2>\n<p>Per accompagnare le preghiere e le litanie sono stati diffusi nel tempo <strong><a href=\"https:\/\/www.holyart.it\/it\/articoli-religiosi\/rosari-e-portarosari\/rosari-e-corone-devozionali\">rosari e corone devozionali<\/a><\/strong> particolari, cos\u00ec come medagliette di ogni foggia e materiale.<\/p>\n<p>Sull\u2019iconografia sono state realizzate<strong> <a href=\"https:\/\/www.holyart.it\/articoli\/statue-sacro-cuore-di-gesu.php\">statue del Sacro Cuore di Ges\u00f9<\/a><\/strong> che raffigurano il Salvatore nella caratteristica posa con la mano che indica il petto aperto, nel quale palpita il Suo cuore ferito, ma ancora colmo di amore per tutti i Suoi figli.<\/p>\n<div class=\"link-product\">\n<div class=\"blocco-immagine\"><img loading=\"lazy\" decoding=\"async\" class=\"size-full wp-image-15609 alignleft\" src=\"https:\/\/blog.holyart.it\/it\/wp-content\/uploads\/sites\/17\/2018\/07\/statua-sacro-cuore-di-gesu-80-cm.jpg\" alt=\"statua sacro cuore di gesu 80 cm\" width=\"100\" height=\"100\" data-kale-share-title=\"Il Sacro Cuore di Ges\u00f9\" data-kale-share-url=\"https:\/\/blog.holyart.it\/it\/articoli-religiosi\/ss-cuore-gesu\/\" \/><\/div>\n<div class=\"blocco-contenuto\">\n<div class=\"blocco-acquista\">Acquista su Holyart:<\/div>\n<div class=\"blocco-titolo\"><a href=\"https:\/\/www.holyart.it\/it\/articoli-religiosi\/statue\/statue-in-vetroresina\/statua-sacro-cuore-di-gesu-80-cm\">Statua Sacro cuore di Ges\u00f9 80 cm<\/a><\/div>\n<div class=\"blocco-descrizione\">Statua del Sacro Cuore di Ges\u00f9, realizzata in fiberglass e dipinta a mano con vernici ad olio.<\/div>\n<\/div>\n<\/div>\n<p>Una curiosit\u00e0. Gli <strong><a href=\"https:\/\/www.holyart.it\/blog\/articoli-religiosi\/cosa-angelo-custode-10-cose-sapere-2\/\">angeli<\/a> <\/strong>rivestono un ruolo particolare nel culto e nella devozione al Sacro Cuore di Ges\u00f9. Infatti il cuore del Cristo \u00e8 identificato come la fonte dell\u2019amore che investe e coinvolge tutti gli uomini, ma anche i santi e gli angeli. Giovanni Paolo II sosteneva che il Cuore Sacro \u00e8 una sorta di luogo mistico fatto d\u2019Amore, dal quale coloro i quali riescono ad accedere possono trarre gioia sconfinata ed eterna.<\/p>\n<p>Gli angeli in particolare possono contemplare in ogni istante l\u2019amore misericordioso di Ges\u00f9 in tutta la sua grandezza e perfezione ma, e questo \u00e8 ci\u00f2 che riguarda noi uomini, essi fungono anche da messaggeri, come vuole la tradizione, tra Dio e gli uomini, e anche tra l\u2019Amore di Dio e noi tutti. Formano una sorta di catena spirituale, che ci avvicina all\u2019Amore di Dio, ci rende partecipi della sua immensit\u00e0, ce ne fa percepire il calore, la perfezione. E in qualche modo questo amore ci contagia, rendendoci pi\u00f9 vicini a Ges\u00f9, pi\u00f9 simili a lui, nella capacit\u00e0 di amare in modo umile e puro, con la Sua mitezza, il Suo spirito di sacrificio. Con tutta la forza del suo Sacro Cuore.<\/p>\n<div class=\"link-article\">\n<p><img loading=\"lazy\" decoding=\"async\" class=\"size-full wp-image-15610 alignleft\" src=\"https:\/\/blog.holyart.it\/it\/wp-content\/uploads\/sites\/17\/2018\/07\/Langelo-custode.jpg\" alt=\"L'angelo custode\" width=\"150\" height=\"99\" data-kale-share-title=\"Il Sacro Cuore di Ges\u00f9\" data-kale-share-url=\"https:\/\/blog.holyart.it\/it\/articoli-religiosi\/ss-cuore-gesu\/\" \/><\/p>\n<div class=\"leggi-anche\">Leggi anche:<\/div>\n<p><strong><a href=\"https:\/\/www.holyart.it\/blog\/articoli-religiosi\/cosa-angelo-custode-10-cose-sapere-2\/\">Chi \u00e8 e cosa fa il tuo Angelo custode: 10 cose da sapere<\/a><\/strong><br \/>\nSecondo la tradizione cristiana, ciascuno di noi ha un Angelo custode, che lo accompagna dall\u2019istante della sua nascita&#8230;<\/p>\n<\/div>\n","protected":false},"excerpt":{"rendered":"<p>Quando ricorre la Festa del Sacro Cuore di Ges\u00f9 e qual \u00e8 il suo significato? Scopriamo di pi\u00f9 sul culto e la devozione al Sacro Cuore di Ges\u00f9 La festa dedicata al Sacro Cuore di Ges\u00f9 \u00e8 una delle cosiddette Feste mobili, ovvero una festa&hellip;<\/p>\n","protected":false},"author":1,"featured_media":9819,"comment_status":"closed","ping_status":"open","sticky":false,"template":"","format":"standard","meta":{"_acf_changed":false,"footnotes":""},"categories":[26,16],"tags":[],"class_list":["post-3725","post","type-post","status-publish","format-standard","has-post-thumbnail","hentry","category-pasqua","category-articoli-religiosi"],"acf":[],"yoast_head":"<!-- This site is optimized with the Yoast SEO plugin v26.6 - https:\/\/yoast.com\/wordpress\/plugins\/seo\/ -->\n<title>Il Sacro Cuore di Ges\u00f9 - Holyblog.it<\/title>\n<meta name=\"description\" content=\"La festa dedicata al Sacro Cuore di Ges\u00f9 \u00e8 una delle cosiddette Feste mobili, ovvero una festa che non cade sempre nella stessa data, ma varia di anno\" \/>\n<meta name=\"robots\" content=\"index, follow, max-snippet:-1, max-image-preview:large, max-video-preview:-1\" \/>\n<link rel=\"canonical\" href=\"https:\/\/blog.holyart.it\/it\/articoli-religiosi\/ss-cuore-gesu\/\" \/>\n<meta property=\"og:locale\" content=\"it_IT\" \/>\n<meta property=\"og:type\" content=\"article\" \/>\n<meta property=\"og:title\" content=\"Il Sacro Cuore di Ges\u00f9 - Holyblog.it\" \/>\n<meta property=\"og:description\" content=\"La festa dedicata al Sacro Cuore di Ges\u00f9 \u00e8 una delle cosiddette Feste mobili, ovvero una festa che non cade sempre nella stessa data, ma varia di anno\" \/>\n<meta property=\"og:url\" content=\"https:\/\/blog.holyart.it\/it\/articoli-religiosi\/ss-cuore-gesu\/\" \/>\n<meta property=\"og:site_name\" content=\"Holyblog\" \/>\n<meta property=\"article:published_time\" content=\"2018-07-03T15:01:10+00:00\" \/>\n<meta property=\"article:modified_time\" content=\"2025-02-04T16:05:10+00:00\" \/>\n<meta property=\"og:image\" content=\"https:\/\/blog.holyart.it\/it\/wp-content\/uploads\/sites\/17\/2018\/07\/sacro-cuore-di-gesu.jpg\" \/>\n\t<meta property=\"og:image:width\" content=\"1000\" \/>\n\t<meta property=\"og:image:height\" content=\"665\" \/>\n\t<meta property=\"og:image:type\" content=\"image\/jpeg\" \/>\n<meta name=\"author\" content=\"Redazione\" \/>\n<meta name=\"twitter:card\" content=\"summary_large_image\" \/>\n<meta name=\"twitter:label1\" content=\"Scritto da\" \/>\n\t<meta name=\"twitter:data1\" content=\"Redazione\" \/>\n\t<meta name=\"twitter:label2\" content=\"Tempo di lettura stimato\" \/>\n\t<meta name=\"twitter:data2\" content=\"7 minuti\" \/>\n<script type=\"application\/ld+json\" class=\"yoast-schema-graph\">{\"@context\":\"https:\/\/schema.org\",\"@graph\":[{\"@type\":\"Article\",\"@id\":\"https:\/\/blog.holyart.it\/it\/articoli-religiosi\/ss-cuore-gesu\/#article\",\"isPartOf\":{\"@id\":\"https:\/\/blog.holyart.it\/it\/articoli-religiosi\/ss-cuore-gesu\/\"},\"author\":{\"name\":\"Redazione\",\"@id\":\"https:\/\/blog.holyart.it\/it\/#\/schema\/person\/0a7b686e5af0f856ec1e390dd0baecda\"},\"headline\":\"Il Sacro Cuore di Ges\u00f9\",\"datePublished\":\"2018-07-03T15:01:10+00:00\",\"dateModified\":\"2025-02-04T16:05:10+00:00\",\"mainEntityOfPage\":{\"@id\":\"https:\/\/blog.holyart.it\/it\/articoli-religiosi\/ss-cuore-gesu\/\"},\"wordCount\":1411,\"publisher\":{\"@id\":\"https:\/\/blog.holyart.it\/it\/#organization\"},\"image\":{\"@id\":\"https:\/\/blog.holyart.it\/it\/articoli-religiosi\/ss-cuore-gesu\/#primaryimage\"},\"thumbnailUrl\":\"https:\/\/blog.holyart.it\/it\/wp-content\/uploads\/sites\/17\/2018\/07\/sacro-cuore-di-gesu.jpg\",\"articleSection\":[\"Pasqua\",\"Religione\"],\"inLanguage\":\"it-IT\"},{\"@type\":\"WebPage\",\"@id\":\"https:\/\/blog.holyart.it\/it\/articoli-religiosi\/ss-cuore-gesu\/\",\"url\":\"https:\/\/blog.holyart.it\/it\/articoli-religiosi\/ss-cuore-gesu\/\",\"name\":\"Il Sacro Cuore di Ges\u00f9 - Holyblog.it\",\"isPartOf\":{\"@id\":\"https:\/\/blog.holyart.it\/it\/#website\"},\"primaryImageOfPage\":{\"@id\":\"https:\/\/blog.holyart.it\/it\/articoli-religiosi\/ss-cuore-gesu\/#primaryimage\"},\"image\":{\"@id\":\"https:\/\/blog.holyart.it\/it\/articoli-religiosi\/ss-cuore-gesu\/#primaryimage\"},\"thumbnailUrl\":\"https:\/\/blog.holyart.it\/it\/wp-content\/uploads\/sites\/17\/2018\/07\/sacro-cuore-di-gesu.jpg\",\"datePublished\":\"2018-07-03T15:01:10+00:00\",\"dateModified\":\"2025-02-04T16:05:10+00:00\",\"description\":\"La festa dedicata al Sacro Cuore di Ges\u00f9 \u00e8 una delle cosiddette Feste mobili, ovvero una festa che non cade sempre nella stessa data, ma varia di anno\",\"breadcrumb\":{\"@id\":\"https:\/\/blog.holyart.it\/it\/articoli-religiosi\/ss-cuore-gesu\/#breadcrumb\"},\"inLanguage\":\"it-IT\",\"potentialAction\":[{\"@type\":\"ReadAction\",\"target\":[\"https:\/\/blog.holyart.it\/it\/articoli-religiosi\/ss-cuore-gesu\/\"]}]},{\"@type\":\"ImageObject\",\"inLanguage\":\"it-IT\",\"@id\":\"https:\/\/blog.holyart.it\/it\/articoli-religiosi\/ss-cuore-gesu\/#primaryimage\",\"url\":\"https:\/\/blog.holyart.it\/it\/wp-content\/uploads\/sites\/17\/2018\/07\/sacro-cuore-di-gesu.jpg\",\"contentUrl\":\"https:\/\/blog.holyart.it\/it\/wp-content\/uploads\/sites\/17\/2018\/07\/sacro-cuore-di-gesu.jpg\",\"width\":1000,\"height\":665,\"caption\":\"sacro cuore di gesu\"},{\"@type\":\"BreadcrumbList\",\"@id\":\"https:\/\/blog.holyart.it\/it\/articoli-religiosi\/ss-cuore-gesu\/#breadcrumb\",\"itemListElement\":[{\"@type\":\"ListItem\",\"position\":1,\"name\":\"Homepage\",\"item\":\"https:\/\/blog.holyart.it\/it\/\"},{\"@type\":\"ListItem\",\"position\":2,\"name\":\"Religione\",\"item\":\"https:\/\/blog.holyart.it\/it\/articoli-religiosi\/\"},{\"@type\":\"ListItem\",\"position\":3,\"name\":\"Il Sacro Cuore di Ges\u00f9\"}]},{\"@type\":\"WebSite\",\"@id\":\"https:\/\/blog.holyart.it\/it\/#website\",\"url\":\"https:\/\/blog.holyart.it\/it\/\",\"name\":\"Holyblog\",\"description\":\"Il Blog di Holyart.it\",\"publisher\":{\"@id\":\"https:\/\/blog.holyart.it\/it\/#organization\"},\"potentialAction\":[{\"@type\":\"SearchAction\",\"target\":{\"@type\":\"EntryPoint\",\"urlTemplate\":\"https:\/\/blog.holyart.it\/it\/?s={search_term_string}\"},\"query-input\":{\"@type\":\"PropertyValueSpecification\",\"valueRequired\":true,\"valueName\":\"search_term_string\"}}],\"inLanguage\":\"it-IT\"},{\"@type\":\"Organization\",\"@id\":\"https:\/\/blog.holyart.it\/it\/#organization\",\"name\":\"Holyblog\",\"url\":\"https:\/\/blog.holyart.it\/it\/\",\"logo\":{\"@type\":\"ImageObject\",\"inLanguage\":\"it-IT\",\"@id\":\"https:\/\/blog.holyart.it\/it\/#\/schema\/logo\/image\/\",\"url\":\"https:\/\/blog.holyart.it\/it\/wp-content\/uploads\/sites\/17\/2022\/12\/Holyart_Blog_Logo.jpg\",\"contentUrl\":\"https:\/\/blog.holyart.it\/it\/wp-content\/uploads\/sites\/17\/2022\/12\/Holyart_Blog_Logo.jpg\",\"width\":300,\"height\":50,\"caption\":\"Holyblog\"},\"image\":{\"@id\":\"https:\/\/blog.holyart.it\/it\/#\/schema\/logo\/image\/\"}},{\"@type\":\"Person\",\"@id\":\"https:\/\/blog.holyart.it\/it\/#\/schema\/person\/0a7b686e5af0f856ec1e390dd0baecda\",\"name\":\"Redazione\"}]}<\/script>\n<!-- \/ Yoast SEO plugin. -->","yoast_head_json":{"title":"Il Sacro Cuore di Ges\u00f9 - Holyblog.it","description":"La festa dedicata al Sacro Cuore di Ges\u00f9 \u00e8 una delle cosiddette Feste mobili, ovvero una festa che non cade sempre nella stessa data, ma varia di anno","robots":{"index":"index","follow":"follow","max-snippet":"max-snippet:-1","max-image-preview":"max-image-preview:large","max-video-preview":"max-video-preview:-1"},"canonical":"https:\/\/blog.holyart.it\/it\/articoli-religiosi\/ss-cuore-gesu\/","og_locale":"it_IT","og_type":"article","og_title":"Il Sacro Cuore di Ges\u00f9 - Holyblog.it","og_description":"La festa dedicata al Sacro Cuore di Ges\u00f9 \u00e8 una delle cosiddette Feste mobili, ovvero una festa che non cade sempre nella stessa data, ma varia di anno","og_url":"https:\/\/blog.holyart.it\/it\/articoli-religiosi\/ss-cuore-gesu\/","og_site_name":"Holyblog","article_published_time":"2018-07-03T15:01:10+00:00","article_modified_time":"2025-02-04T16:05:10+00:00","og_image":[{"width":1000,"height":665,"url":"https:\/\/blog.holyart.it\/it\/wp-content\/uploads\/sites\/17\/2018\/07\/sacro-cuore-di-gesu.jpg","type":"image\/jpeg"}],"author":"Redazione","twitter_card":"summary_large_image","twitter_misc":{"Scritto da":"Redazione","Tempo di lettura stimato":"7 minuti"},"schema":{"@context":"https:\/\/schema.org","@graph":[{"@type":"Article","@id":"https:\/\/blog.holyart.it\/it\/articoli-religiosi\/ss-cuore-gesu\/#article","isPartOf":{"@id":"https:\/\/blog.holyart.it\/it\/articoli-religiosi\/ss-cuore-gesu\/"},"author":{"name":"Redazione","@id":"https:\/\/blog.holyart.it\/it\/#\/schema\/person\/0a7b686e5af0f856ec1e390dd0baecda"},"headline":"Il Sacro Cuore di Ges\u00f9","datePublished":"2018-07-03T15:01:10+00:00","dateModified":"2025-02-04T16:05:10+00:00","mainEntityOfPage":{"@id":"https:\/\/blog.holyart.it\/it\/articoli-religiosi\/ss-cuore-gesu\/"},"wordCount":1411,"publisher":{"@id":"https:\/\/blog.holyart.it\/it\/#organization"},"image":{"@id":"https:\/\/blog.holyart.it\/it\/articoli-religiosi\/ss-cuore-gesu\/#primaryimage"},"thumbnailUrl":"https:\/\/blog.holyart.it\/it\/wp-content\/uploads\/sites\/17\/2018\/07\/sacro-cuore-di-gesu.jpg","articleSection":["Pasqua","Religione"],"inLanguage":"it-IT"},{"@type":"WebPage","@id":"https:\/\/blog.holyart.it\/it\/articoli-religiosi\/ss-cuore-gesu\/","url":"https:\/\/blog.holyart.it\/it\/articoli-religiosi\/ss-cuore-gesu\/","name":"Il Sacro Cuore di Ges\u00f9 - Holyblog.it","isPartOf":{"@id":"https:\/\/blog.holyart.it\/it\/#website"},"primaryImageOfPage":{"@id":"https:\/\/blog.holyart.it\/it\/articoli-religiosi\/ss-cuore-gesu\/#primaryimage"},"image":{"@id":"https:\/\/blog.holyart.it\/it\/articoli-religiosi\/ss-cuore-gesu\/#primaryimage"},"thumbnailUrl":"https:\/\/blog.holyart.it\/it\/wp-content\/uploads\/sites\/17\/2018\/07\/sacro-cuore-di-gesu.jpg","datePublished":"2018-07-03T15:01:10+00:00","dateModified":"2025-02-04T16:05:10+00:00","description":"La festa dedicata al Sacro Cuore di Ges\u00f9 \u00e8 una delle cosiddette Feste mobili, ovvero una festa che non cade sempre nella stessa data, ma varia di anno","breadcrumb":{"@id":"https:\/\/blog.holyart.it\/it\/articoli-religiosi\/ss-cuore-gesu\/#breadcrumb"},"inLanguage":"it-IT","potentialAction":[{"@type":"ReadAction","target":["https:\/\/blog.holyart.it\/it\/articoli-religiosi\/ss-cuore-gesu\/"]}]},{"@type":"ImageObject","inLanguage":"it-IT","@id":"https:\/\/blog.holyart.it\/it\/articoli-religiosi\/ss-cuore-gesu\/#primaryimage","url":"https:\/\/blog.holyart.it\/it\/wp-content\/uploads\/sites\/17\/2018\/07\/sacro-cuore-di-gesu.jpg","contentUrl":"https:\/\/blog.holyart.it\/it\/wp-content\/uploads\/sites\/17\/2018\/07\/sacro-cuore-di-gesu.jpg","width":1000,"height":665,"caption":"sacro cuore di gesu"},{"@type":"BreadcrumbList","@id":"https:\/\/blog.holyart.it\/it\/articoli-religiosi\/ss-cuore-gesu\/#breadcrumb","itemListElement":[{"@type":"ListItem","position":1,"name":"Homepage","item":"https:\/\/blog.holyart.it\/it\/"},{"@type":"ListItem","position":2,"name":"Religione","item":"https:\/\/blog.holyart.it\/it\/articoli-religiosi\/"},{"@type":"ListItem","position":3,"name":"Il Sacro Cuore di Ges\u00f9"}]},{"@type":"WebSite","@id":"https:\/\/blog.holyart.it\/it\/#website","url":"https:\/\/blog.holyart.it\/it\/","name":"Holyblog","description":"Il Blog di Holyart.it","publisher":{"@id":"https:\/\/blog.holyart.it\/it\/#organization"},"potentialAction":[{"@type":"SearchAction","target":{"@type":"EntryPoint","urlTemplate":"https:\/\/blog.holyart.it\/it\/?s={search_term_string}"},"query-input":{"@type":"PropertyValueSpecification","valueRequired":true,"valueName":"search_term_string"}}],"inLanguage":"it-IT"},{"@type":"Organization","@id":"https:\/\/blog.holyart.it\/it\/#organization","name":"Holyblog","url":"https:\/\/blog.holyart.it\/it\/","logo":{"@type":"ImageObject","inLanguage":"it-IT","@id":"https:\/\/blog.holyart.it\/it\/#\/schema\/logo\/image\/","url":"https:\/\/blog.holyart.it\/it\/wp-content\/uploads\/sites\/17\/2022\/12\/Holyart_Blog_Logo.jpg","contentUrl":"https:\/\/blog.holyart.it\/it\/wp-content\/uploads\/sites\/17\/2022\/12\/Holyart_Blog_Logo.jpg","width":300,"height":50,"caption":"Holyblog"},"image":{"@id":"https:\/\/blog.holyart.it\/it\/#\/schema\/logo\/image\/"}},{"@type":"Person","@id":"https:\/\/blog.holyart.it\/it\/#\/schema\/person\/0a7b686e5af0f856ec1e390dd0baecda","name":"Redazione"}]}},"_links":{"self":[{"href":"https:\/\/blog.holyart.it\/it\/wp-json\/wp\/v2\/posts\/3725","targetHints":{"allow":["GET"]}}],"collection":[{"href":"https:\/\/blog.holyart.it\/it\/wp-json\/wp\/v2\/posts"}],"about":[{"href":"https:\/\/blog.holyart.it\/it\/wp-json\/wp\/v2\/types\/post"}],"author":[{"embeddable":true,"href":"https:\/\/blog.holyart.it\/it\/wp-json\/wp\/v2\/users\/1"}],"replies":[{"embeddable":true,"href":"https:\/\/blog.holyart.it\/it\/wp-json\/wp\/v2\/comments?post=3725"}],"version-history":[{"count":1,"href":"https:\/\/blog.holyart.it\/it\/wp-json\/wp\/v2\/posts\/3725\/revisions"}],"predecessor-version":[{"id":21351,"href":"https:\/\/blog.holyart.it\/it\/wp-json\/wp\/v2\/posts\/3725\/revisions\/21351"}],"wp:featuredmedia":[{"embeddable":true,"href":"https:\/\/blog.holyart.it\/it\/wp-json\/wp\/v2\/media\/9819"}],"wp:attachment":[{"href":"https:\/\/blog.holyart.it\/it\/wp-json\/wp\/v2\/media?parent=3725"}],"wp:term":[{"taxonomy":"category","embeddable":true,"href":"https:\/\/blog.holyart.it\/it\/wp-json\/wp\/v2\/categories?post=3725"},{"taxonomy":"post_tag","embeddable":true,"href":"https:\/\/blog.holyart.it\/it\/wp-json\/wp\/v2\/tags?post=3725"}],"curies":[{"name":"wp","href":"https:\/\/api.w.org\/{rel}","templated":true}]}}