{"id":3443,"date":"2018-05-31T16:17:04","date_gmt":"2018-05-31T14:17:04","guid":{"rendered":"https:\/\/blog.holyart.it\/it\/?p=3443"},"modified":"2022-10-21T17:07:47","modified_gmt":"2022-10-21T15:07:47","slug":"novena-san-giuseppe-la-festa-dei-lavoratori","status":"publish","type":"post","link":"https:\/\/blog.holyart.it\/it\/santi-e-beati\/novena-san-giuseppe-la-festa-dei-lavoratori\/","title":{"rendered":"Novena a San Giuseppe per la festa dei lavoratori"},"content":{"rendered":"<h4><em>San Giuseppe \u00e8 una figura imprescindibile, quando si rivolge il pensiero alla vita e all&#8217;opera di Ges\u00f9.<\/em><\/h4>\n\n<p>Sebbene, con ogni probabilit\u00e0, egli fosse gi\u00e0 morto quando quest\u2019ultimo inizi\u00f2 la propria missione, resta vero che il suo ruolo di <strong>sposo di Maria<\/strong> e <strong><a href=\"https:\/\/www.holyart.it\/blog\/santi-e-beati\/san-giuseppe-padre-putativo-gesu\/\">padre putativo del Salvatore<\/a><\/strong> <strong>lo colloca tra i santi pi\u00f9 importanti e venerati dalla chiesa cattolica.<\/strong><\/p>\n<p>La sua popolarit\u00e0 nasce da una serie di ragioni. <strong>Innanzitutto egli era un uomo giusto.<\/strong> \u00c8 cos\u00ec che viene definito anche nel Vangelo di Matteo. Giusto perch\u00e9 non volle ripudiare e rinnegare pubblicamente Maria, quando seppe della sua miracolosa gravidanza. Pur ferito e addolorato da quella che per lui, almeno in un primo tempo, era la prova di un adulterio, non volle rovinare la fanciulla che gli era stata data in sposa, e quando l\u2019angelo gli apparve, esortandolo a prendersi cura di lei e del bambino che portava in grembo, come se fosse suo, <strong>Giuseppe accett\u00f2 il proprio destino e il proprio ruolo, con umilt\u00e0 e dedizione<\/strong>. Am\u00f2 e rispett\u00f2 <strong><a href=\"https:\/\/www.holyart.it\/articoli\/statue-madonna.php\">Maria<\/a><\/strong> come il pi\u00f9 affettuoso dei mariti, proteggendola dai pericoli, vegliando su di lei, sempre attento, sempre presente, e allo stesso modo crebbe Ges\u00f9 come un figlio, cercando di trasmettergli tutto ci\u00f2 che sapeva, facendolo sentire parte di una famiglia unita e amorevole. Un uomo speciale, Giuseppe, forse proprio nella sua semplicit\u00e0. Il suo culto conobbe fortuna fin da tempi remoti proprio perch\u00e9 lui era un uomo comune, nel quale chiunque poteva immedesimarsi con facilit\u00e0. E nel suo essere un uomo comune, gran parte della sua identit\u00e0 \u00e8 dovuta senza ombra di dubbio al fatto che fosse un gran lavoratore: per questo motivo, a lui \u00e8 rivolta la novena per trovare lavoro.<\/p>\n<div class=\"link-article\">\n<p><img loading=\"lazy\" decoding=\"async\" class=\"wp-image-9360 size-full alignleft\" src=\"https:\/\/blog.holyart.it\/it\/wp-content\/uploads\/sites\/17\/2018\/05\/San-Giuseppe.jpg\" alt=\"San Giuseppe\" width=\"150\" height=\"100\" \/><\/p>\n<div class=\"leggi-anche\">Leggi anche:<\/div>\n<p><strong><a href=\"https:\/\/www.holyart.it\/blog\/santi-e-beati\/san-giuseppe-padre-putativo-gesu\/\">San Giuseppe: il padre putativo di Ges\u00f9<\/a><\/strong><br \/>\nSan Giuseppe \u00e8 una figura molto amata dai cristiani e venerata con un affetto e una devozione incomparabili. Nel suo essere considerato&#8230;<\/p>\n<\/div>\n<h2>San Giuseppe e il legame con la Festa dei Lavoratori<\/h2>\n<p>I Vangeli ci raccontano che Giuseppe era un <em>t\u00e9kt\u00f3n<\/em>, parola greca che si presta a diverse interpretazioni. Se la cultura popolare ha scelto di vedere in Giuseppe un umile falegname, \u00e8 probabile che il suo mestiere fosse molto pi\u00f9 complesso e articolato, legato all\u2019edilizia e alle costruzioni. Gli studiosi hanno dissertato a lungo a riguardo, portando avanti diverse teorie. Quello che sta a cuore sottolineare a noi, in questa sede, \u00e8 solo che Giuseppe lavorava, e molto, e che, come era costume per l\u2019epoca, insegn\u00f2 il proprio lavoro a <strong><a href=\"https:\/\/www.holyart.it\/it\/articoli-religiosi\/statue\/statue-bambinello\">suo figlio Ges\u00f9<\/a><\/strong>. Perci\u00f2 San Giuseppe, oltre che protettore dei padri di famiglia, dei falegnami, degli ebanisti, dei carpentieri e dei moribondi, <a href=\"https:\/\/www.holyart.it\/it\/articoli-religiosi\/statue\/statue-in-vetroresina\/san-giuseppe-falegname-80-cm-fiberglass\"><strong>\u00e8 riconosciuto come<\/strong> <strong>patrono di tutti i lavoratori<\/strong><\/a>.<\/p>\n<div class=\"link-product\">\n<div class=\"blocco-immagine\"><img loading=\"lazy\" decoding=\"async\" class=\"size-full wp-image-9361 alignnone\" src=\"https:\/\/blog.holyart.it\/it\/wp-content\/uploads\/sites\/17\/2018\/05\/san-giuseppe-falegname.jpg\" alt=\"San Giuseppe falegname\" width=\"100\" height=\"100\" \/><\/div>\n<div class=\"blocco-contenuto\">\n<div class=\"blocco-acquista\">Acquista su Holyart:<\/div>\n<div class=\"blocco-titolo\"><a href=\"https:\/\/www.holyart.it\/it\/articoli-religiosi\/statue\/statue-in-vetroresina\/san-giuseppe-falegname-80-cm-fiberglass\">San Giuseppe falegname 80 cm fiberglass<\/a><\/div>\n<div class=\"blocco-descrizione\">Statua di San Giuseppe dipinta a mano con vernici a olio.<\/div>\n<\/div>\n<\/div>\n<p>San Giuseppe non viene festeggiato solo il 19 marzo, come vuole la tradizione, ma anche il <strong>1 maggio, Festa dei lavoratori<\/strong>. Fu Papa Pio XII nel 1955 a istituire questa memoria liturgica, associando la figura del Santo al concetto stesso di dignit\u00e0 insito nel lavoro, che in questo contesto diviene quasi un prolungamento, un completamento dell\u2019opera di Dio. Nel <strong>Concilio Vaticano II <\/strong>leggiamo come nella figura di <strong><a href=\"https:\/\/www.holyart.it\/blog\/santi-e-beati\/san-giuseppe-dormiente-santo-protettore-papa-francesco\/\">San Giuseppe<\/a><\/strong>, uomo umile, devoto e fedele \u201c<em>si riconosce la dignit\u00e0 del lavoro umano, come dovere e perfezionamento dell\u2019uomo, esercizio benefico del suo dominio sul creato, servizio della comunit\u00e0, prolungamento dell\u2019opera del Creatore, contributo al piano della salvezza<\/em>\u201d (cfr. Conc. Vat. II, Gaudium et spes, 34)<\/p>\n<div class=\"link-article\">\n<p><img loading=\"lazy\" decoding=\"async\" class=\"alignleft size-thumbnail wp-image-11884\" src=\"https:\/\/blog.holyart.it\/it\/wp-content\/uploads\/sites\/17\/2018\/05\/san-giuseppe-dormiente-150x100.jpg\" alt=\"san giuseppe dormiente\" width=\"150\" height=\"100\" data-kale-share-title=\"Novena a San Giuseppe per la festa dei lavoratori\" data-kale-share-url=\"https:\/\/blog.holyart.it\/it\/santi-e-beati\/novena-san-giuseppe-la-festa-dei-lavoratori\/\" \/><\/p>\n<div class=\"leggi-anche\">Leggi anche:<\/div>\n<p><strong><a href=\"https:\/\/www.holyart.it\/blog\/santi-e-beati\/san-giuseppe-dormiente-santo-protettore-papa-francesco\/\">San Giuseppe dormiente: il santo protettore di Papa Francesco<\/a><\/strong><br \/>\nLa storia umana e religiosa di Jorge Mario Bergoglio, futuro Papa Francesco, \u00e8 stata legata fin dal principio a una particolare figura&#8230;<\/p>\n<\/div>\n<h2>La gratitudine dei Papi<\/h2>\n<p>Santo caro a <a href=\"https:\/\/www.holyart.it\/it\/occasioni-speciali\/giovanni-paolo-ii\"><strong>Papa Giovanni Paolo II<\/strong><\/a>, lo \u00e8 ancora di pi\u00f9 a <a href=\"https:\/\/www.holyart.it\/it\/occasioni-speciali\/papa-francesco\"><strong>Papa Francesco<\/strong><\/a>, che il 1 maggio del 2013, durante la celebrazione dell\u2019Omelia del mattino a Santa Marta, ha sottolineato l\u2019importanza del lavoro nella vita di ogni uomo e donna, parlando in particolare del concetto di \u2018dignit\u00e0\u2019 insito nel lavoro stesso, quella dignit\u00e0 troppo spesso negata a chi vorrebbe lavorare, ma non pu\u00f2: \u201c<em>Chi lavora \u00e8 degno, ha una dignit\u00e0 speciale, una dignit\u00e0 di persona: l\u2019uomo e la donna che lavorano sono degni [\u2026] (Molte persone) vogliono lavorare e non possono. [\u2026] (Questo) \u00e8 un peso per la nostra coscienza, perch\u00e9 quando la societ\u00e0 \u00e8 organizzata in tal modo. [\u2026] Non tutti hanno la possibilit\u00e0 di lavorare, di essere \u201cunti\u201d dalla dignit\u00e0 del lavoro, quella societ\u00e0 non va bene: non \u00e8 giusta! Va contro lo stesso Dio, che ha voluto che la nostra dignit\u00e0 incominci di qua<\/em>\u201d.<\/p>\n<div class=\"link-article\">\n<p><img loading=\"lazy\" decoding=\"async\" class=\"size-full wp-image-11988 alignleft\" src=\"https:\/\/blog.holyart.it\/it\/wp-content\/uploads\/sites\/17\/2018\/05\/papa-giovanni-paolo-II.jpg\" alt=\"papa giovanni paolo II\" width=\"150\" height=\"100\" data-kale-share-title=\"Novena a San Giuseppe per la festa dei lavoratori\" data-kale-share-url=\"https:\/\/blog.holyart.it\/it\/santi-e-beati\/novena-san-giuseppe-la-festa-dei-lavoratori\/\" \/><\/p>\n<div class=\"leggi-anche\">Leggi anche:<\/div>\n<p><strong><a href=\"https:\/\/www.holyart.it\/blog\/santi-e-beati\/papa-giovanni-paolo-ii-10-curiosita-potresti-non-conoscere\/\">Papa Giovanni Paolo II: 10 curiosit\u00e0 che potresti non conoscere<\/a><\/strong><br \/>\nPapa Giovanni Paolo II, o Papa Wojtyla, ha segnato col suo Pontificato la storia del XX secolo. Ha retto le sorti della Chiesa per 27 anni&#8230;<\/p>\n<\/div>\n<p>Ecco dunque che la novena a San Giuseppe viene in aiuto a tutti quegli uomini e quelle donne che desidererebbero sopra ogni cosa avere un lavoro, ma che non riescono a trovarlo. Persone piegate dalla necessit\u00e0, ma, pi\u00f9 ancora, dal senso di incompletezza e indegnit\u00e0, seppur indipendente dalla loro volont\u00e0, cui si sentono condannati a causa di questa mancanza. Rivolgere una <strong>preghiera a San Giuseppe<\/strong>\u00a0per il lavoro diventa allora un modo per trovare ogni giorno la forza per superare il disagio, per rinnovare il proprio impegno nella ricerca, affidandosi alla benevolenza di questo santo cos\u00ec umile e laborioso, di quest\u2019uomo semplice e tuttavia fiero, che ha saputo farsi strumento della volont\u00e0 di Dio andando contro il proprio orgoglio e i propri comprensibili dubbi, in nome di un piano misterioso, di un amore oltre ogni umana concezione.<\/p>\n<h2>Novena a San Giuseppe lavoratore<\/h2>\n<p>Abbiamo gi\u00e0 parlato in altri articoli della pratica della <strong>Novena <\/strong>nella chiesa cattolica.<strong> Si tratta di una forma di devozione cristiana che prevede il recitare una particolare <a href=\"https:\/\/www.holyart.it\/it\/articoli-religiosi\/rosari-e-portarosari\">preghiera o Rosario<\/a> per nove giorni consecutivi.<\/strong> Solitamente la Novena viene praticata in vista di una festa o di una celebrazione solenne, e, pi\u00f9 in generale, \u00e8 per il fedele un veicolo di devozione finalizzato a richiedere una grazia. Ricordiamo per esempio la Novena di Natale, che si recita a partire dal 16 dicembre fino al giorno della Vigilia, e che ricorda la gravidanza di Maria, o <a href=\"https:\/\/www.holyart.it\/blog\/santi-e-beati\/la-novena-maria-scioglie-nodi\/\"><strong>la Novena a Maria che scioglie i nodi, con la quale i fedeli chiedono l\u2019intercessione di Maria<\/strong><\/a> per far sciogliere qualsiasi nodo che genera loro dolore.<\/p>\n<div class=\"link-article\">\n<p><img loading=\"lazy\" decoding=\"async\" class=\"alignnone size-full wp-image-9364\" src=\"https:\/\/blog.holyart.it\/it\/wp-content\/uploads\/sites\/17\/2018\/05\/novena-maria-che-scioglie-i-nodi.jpg\" alt=\"novena maria che scioglie i nodi\" width=\"150\" height=\"99\" \/><\/p>\n<div class=\"leggi-anche\">Leggi anche:<\/div>\n<p><strong><a href=\"https:\/\/www.holyart.it\/blog\/santi-e-beati\/la-novena-maria-scioglie-nodi\/\">La Novena a Maria che scioglie i nodi<\/a><\/strong><br \/>\nLa Novena \u00e8 una forma devozionale cristiana che viene praticata in vista di una ricorrenza religiosa particolarmente importante&#8230;<\/p>\n<\/div>\n<p>Anche San Giuseppe ha una sua particolare Novena, dedicata a chi lavora, a chi vorrebbe lavorare, a chi ha sofferto a causa del proprio lavoro, e in generale a tutti coloro i quali vedono nell\u2019attivit\u00e0 lavorativa la piena realizzazione di s\u00e9 come individui e membri della societ\u00e0. <a href=\"https:\/\/www.holyart.it\/it\/articoli-religiosi\/libri-e-testi-sacri\/calendari-e-altri-libri-religiosi\/libretto-rosario-san-giuseppe-e-rosario-ita\"><strong>La<\/strong> <strong>Novena a San Giuseppe per il lavoro<\/strong><\/a> si recita di norma dal 22 al 30 aprile, ma pu\u00f2 essere recitata sempre, se si \u00e8 alla ricerca di un lavoro, se si soffre per la sua mancanza, o per chi ha parenti o amici che soffrono per una condizione di disoccupazione che non hanno cercato, che non desiderano. Viene recitata solitamente accompagnandosi con un rosario, da cui la definizione <a href=\"https:\/\/www.holyart.it\/it\/articoli-religiosi\/rosari-e-portarosari\/rosari-e-corone-devozionali\/rosario-plastica-san-giuseppe-5x3-mm-viola\"><strong>Rosario a San Giuseppe<\/strong><\/a>, ed esprime tutta la devozione al Santo, invocando la sua benevolenza, il suo conforto, la sua protezione. In questo caso, come altrove spesso accade con Maria, \u00e8 Giuseppe a fungere da intercessore tra il fedele e Dio, per fargli ottenere la grazia che invoca e che, anche se non \u00e8 mai affermato apertamente nella preghiera, \u00e8 legata al lavoro e alla ricerca dello stesso, come strumento di presa di coscienza e dignit\u00e0 per l\u2019individuo.<\/p>\n<div class=\"link-product\">\n<div class=\"blocco-immagine\"><img loading=\"lazy\" decoding=\"async\" class=\"alignleft size-full wp-image-11880\" src=\"https:\/\/blog.holyart.it\/it\/wp-content\/uploads\/sites\/17\/2018\/05\/rosario-san-giuseppe-1.jpg\" alt=\"rosario san giuseppe\" width=\"100\" height=\"100\" data-kale-share-title=\"Novena a San Giuseppe per la festa dei lavoratori\" data-kale-share-url=\"https:\/\/blog.holyart.it\/it\/santi-e-beati\/novena-san-giuseppe-la-festa-dei-lavoratori\/\" \/><\/div>\n<div class=\"blocco-contenuto\">\n<div class=\"blocco-acquista\">Acquista su Holyart:<\/div>\n<div class=\"blocco-titolo\"><a href=\"https:\/\/www.holyart.it\/it\/articoli-religiosi\/rosari-e-portarosari\/rosari-e-corone-devozionali\/rosario-plastica-san-giuseppe-5x3-mm-viola\">Rosario di San Giuseppe<\/a><\/div>\n<div class=\"blocco-descrizione\">Rosario devozionale di San Giuseppe, medaglia con immagine del santo e nel retro una piccola incisione<\/div>\n<\/div>\n<\/div>\n<h2>Preghiera a San Giuseppe lavoratore<\/h2>\n<p><em>O S. Giuseppe, mio protettore ed avvocato, a te ricorro, affinch\u00e9 m\u2019implori la grazia, per la quale mi vedi gemere e supplicare davanti a te. E\u2019 vero che i presenti dispiaceri e le amarezze che sono forse il giusto castigo dei miei peccati. Riconoscendomi colpevole, dovr\u00f2 per questo perdere la speranza di essere aiutato dal Signore? \u201cAh! No!\u201d \u2013 mi risponde la tua grande devota Santa Teresa \u2013 \u201cNo certo, o poveri peccatori. Rivolgetevi in qualunque bisogno, per grave che sia, alla efficace<\/em><\/p>\n<p><em>intercessione dei Patriarca S. Giuseppe; andate con vera fede da Lui e resterete certamente esauditi nelle vostre domande\u201d. Con tanta fiducia, mi presento, quindi, davanti a Te e imploro misericordia e piet\u00e0. Deh!, per quanto puoi, o San Giuseppe prestami soccorso nelle mie tribolazioni. Supplisci alla mia mancanza e, potente come sei, fa che, ottenuta per la tua pia intercessione la grazia che imploro, possa ritornare al tuo altare per renderti l\u2019omaggio della mia riconoscenza.<\/em><\/p>\n<p><em>Padre Nostro \u2013 Ave Maria \u2013 Gloria.<\/em><\/p>\n<p><em>Non dimenticare, o misericordioso S. Giuseppe, che nessuna persona al mondo, per grande peccatrice che, fosse, \u00e8 ricorsa a te, rimanendo delusa nella fede e nella speranza in te riposte. Quante grazie e favori hai ottenuto agli afflitti! Ammalati, oppressi, calunniati, traditi, abbandonati, ricorrendo alla tua protezione sono stati esauditi. Deh! non permettere, o gran Santo che io abbia ad essere il solo, fra tanti, a rimanere privo del tuo conforto. Mostrati buono e generoso anche verso di me, ed io, ringraziandoti, esalter\u00f2 in te la bont\u00e0 e la misericordia del Signore.<\/em><\/p>\n<p><em>Padre Nostro \u2013 Ave Maria \u2013 Gloria.<\/em><\/p>\n<p><em>O eccelso Capo della Sacra Famiglia, io ti venero profondamente e di cuore t\u2019invoco. Agli afflitti, che ti hanno pregato prima di me, hai concesso conforto e pace, grazie e favori. Degnati quindi di consolare anche l\u2019animo mio addolorato, che non trova riposo in mezzo alle ingiustizie da cui \u00e8 oppresso. Tu, o sapientissimo Santo, vedi in Dio tutti i miei bisogni prima ancora che io te li esponga con la mia preghiera. Tu dunque sai benissimo quanto mi \u00e8 necessaria la grazia che ti domando. Nessun cuore umano mi pu\u00f2 consolare; da te spero d\u2019essere confortato, da te, o glorioso Santo. Se mi concedi la grazia che con tanta insistenza io domando, prometto di diffondere la devozione verso di te, di aiutare e sostenere le opere che, nel tuo Nome, sorgono a sollievo di tanti infelici e dei poveri morenti. O. S. Giuseppe, consolatore degli afflitti, abbi piet\u00e0 del mio dolore!<\/em><\/p>\n<p><em>Padre Nostro \u2013 Ave Maria \u2013 Gloria.<\/em><\/p>\n<div class=\"link-product\">\n<div class=\"blocco-immagine\"><img loading=\"lazy\" decoding=\"async\" class=\"alignnone size-full wp-image-9363\" src=\"https:\/\/blog.holyart.it\/it\/wp-content\/uploads\/sites\/17\/2018\/05\/santino-san-giuseppe.jpg\" alt=\"santino san giuseppe\" width=\"100\" height=\"100\" \/><\/div>\n<div class=\"blocco-contenuto\">\n<div class=\"blocco-acquista\">Acquista su Holyart:<\/div>\n<div class=\"blocco-titolo\"><a href=\"https:\/\/www.holyart.it\/it\/articoli-religiosi\/santini-e-biglietti-augurali\/santini\/santino-san-giuseppe-e-il-bambino-gesu-al-tavolo-da-lavoro-10x5-ita\">Santino San Giuseppe e Ges\u00f9 al tavolo da lavoro<\/a><\/div>\n<div class=\"blocco-descrizione\">Santino con preghiera a San Giuseppe Lavoratore.<\/div>\n<\/div>\n<\/div>\n","protected":false},"excerpt":{"rendered":"<p>San Giuseppe \u00e8 una figura imprescindibile, quando si rivolge il pensiero alla vita e all&#8217;opera di Ges\u00f9. Sebbene, con ogni probabilit\u00e0, egli fosse gi\u00e0 morto quando quest\u2019ultimo inizi\u00f2 la propria missione, resta vero che il suo ruolo di sposo di Maria e padre putativo del&hellip;<\/p>\n","protected":false},"author":1,"featured_media":11882,"comment_status":"closed","ping_status":"open","sticky":false,"template":"","format":"standard","meta":{"_acf_changed":false,"footnotes":""},"categories":[15],"tags":[],"class_list":["post-3443","post","type-post","status-publish","format-standard","has-post-thumbnail","hentry","category-santi-e-beati"],"acf":[],"yoast_head":"<!-- This site is optimized with the Yoast SEO plugin v26.6 - https:\/\/yoast.com\/wordpress\/plugins\/seo\/ -->\n<title>Novena a San Giuseppe per la festa dei lavoratori - Holyblog<\/title>\n<meta name=\"description\" content=\"La Novena a San Giuseppe da recitare se si \u00e8 alla ricerca di un lavoro o in una condizione di disoccupazione, per se e per i propri cari\" \/>\n<meta name=\"robots\" content=\"index, follow, max-snippet:-1, max-image-preview:large, max-video-preview:-1\" \/>\n<link rel=\"canonical\" href=\"https:\/\/blog.holyart.it\/it\/santi-e-beati\/novena-san-giuseppe-la-festa-dei-lavoratori\/\" \/>\n<meta property=\"og:locale\" content=\"it_IT\" \/>\n<meta property=\"og:type\" content=\"article\" \/>\n<meta property=\"og:title\" content=\"Novena a San Giuseppe per la festa dei lavoratori - Holyblog\" \/>\n<meta property=\"og:description\" content=\"La Novena a San Giuseppe da recitare se si \u00e8 alla ricerca di un lavoro o in una condizione di disoccupazione, per se e per i propri cari\" \/>\n<meta property=\"og:url\" content=\"https:\/\/blog.holyart.it\/it\/santi-e-beati\/novena-san-giuseppe-la-festa-dei-lavoratori\/\" \/>\n<meta property=\"og:site_name\" content=\"Holyblog\" \/>\n<meta property=\"article:published_time\" content=\"2018-05-31T14:17:04+00:00\" \/>\n<meta property=\"article:modified_time\" content=\"2022-10-21T15:07:47+00:00\" \/>\n<meta property=\"og:image\" content=\"https:\/\/blog.holyart.it\/it\/wp-content\/uploads\/sites\/17\/2018\/05\/Novena-a-San-Giuseppe-per-la-festa-dei-lavoratori.jpg\" \/>\n\t<meta property=\"og:image:width\" content=\"1000\" \/>\n\t<meta property=\"og:image:height\" content=\"666\" \/>\n\t<meta property=\"og:image:type\" content=\"image\/jpeg\" \/>\n<meta name=\"author\" content=\"Redazione\" \/>\n<meta name=\"twitter:card\" content=\"summary_large_image\" \/>\n<meta name=\"twitter:label1\" content=\"Scritto da\" \/>\n\t<meta name=\"twitter:data1\" content=\"Redazione\" \/>\n\t<meta name=\"twitter:label2\" content=\"Tempo di lettura stimato\" \/>\n\t<meta name=\"twitter:data2\" content=\"9 minuti\" \/>\n<script type=\"application\/ld+json\" class=\"yoast-schema-graph\">{\"@context\":\"https:\/\/schema.org\",\"@graph\":[{\"@type\":\"Article\",\"@id\":\"https:\/\/blog.holyart.it\/it\/santi-e-beati\/novena-san-giuseppe-la-festa-dei-lavoratori\/#article\",\"isPartOf\":{\"@id\":\"https:\/\/blog.holyart.it\/it\/santi-e-beati\/novena-san-giuseppe-la-festa-dei-lavoratori\/\"},\"author\":{\"name\":\"Redazione\",\"@id\":\"https:\/\/blog.holyart.it\/it\/#\/schema\/person\/0a7b686e5af0f856ec1e390dd0baecda\"},\"headline\":\"Novena a San Giuseppe per la festa dei lavoratori\",\"datePublished\":\"2018-05-31T14:17:04+00:00\",\"dateModified\":\"2022-10-21T15:07:47+00:00\",\"mainEntityOfPage\":{\"@id\":\"https:\/\/blog.holyart.it\/it\/santi-e-beati\/novena-san-giuseppe-la-festa-dei-lavoratori\/\"},\"wordCount\":1736,\"publisher\":{\"@id\":\"https:\/\/blog.holyart.it\/it\/#organization\"},\"image\":{\"@id\":\"https:\/\/blog.holyart.it\/it\/santi-e-beati\/novena-san-giuseppe-la-festa-dei-lavoratori\/#primaryimage\"},\"thumbnailUrl\":\"https:\/\/blog.holyart.it\/it\/wp-content\/uploads\/sites\/17\/2018\/05\/Novena-a-San-Giuseppe-per-la-festa-dei-lavoratori.jpg\",\"articleSection\":[\"Santi e beati\"],\"inLanguage\":\"it-IT\"},{\"@type\":\"WebPage\",\"@id\":\"https:\/\/blog.holyart.it\/it\/santi-e-beati\/novena-san-giuseppe-la-festa-dei-lavoratori\/\",\"url\":\"https:\/\/blog.holyart.it\/it\/santi-e-beati\/novena-san-giuseppe-la-festa-dei-lavoratori\/\",\"name\":\"Novena a San Giuseppe per la festa dei lavoratori - Holyblog\",\"isPartOf\":{\"@id\":\"https:\/\/blog.holyart.it\/it\/#website\"},\"primaryImageOfPage\":{\"@id\":\"https:\/\/blog.holyart.it\/it\/santi-e-beati\/novena-san-giuseppe-la-festa-dei-lavoratori\/#primaryimage\"},\"image\":{\"@id\":\"https:\/\/blog.holyart.it\/it\/santi-e-beati\/novena-san-giuseppe-la-festa-dei-lavoratori\/#primaryimage\"},\"thumbnailUrl\":\"https:\/\/blog.holyart.it\/it\/wp-content\/uploads\/sites\/17\/2018\/05\/Novena-a-San-Giuseppe-per-la-festa-dei-lavoratori.jpg\",\"datePublished\":\"2018-05-31T14:17:04+00:00\",\"dateModified\":\"2022-10-21T15:07:47+00:00\",\"description\":\"La Novena a San Giuseppe da recitare se si \u00e8 alla ricerca di un lavoro o in una condizione di disoccupazione, per se e per i propri cari\",\"breadcrumb\":{\"@id\":\"https:\/\/blog.holyart.it\/it\/santi-e-beati\/novena-san-giuseppe-la-festa-dei-lavoratori\/#breadcrumb\"},\"inLanguage\":\"it-IT\",\"potentialAction\":[{\"@type\":\"ReadAction\",\"target\":[\"https:\/\/blog.holyart.it\/it\/santi-e-beati\/novena-san-giuseppe-la-festa-dei-lavoratori\/\"]}]},{\"@type\":\"ImageObject\",\"inLanguage\":\"it-IT\",\"@id\":\"https:\/\/blog.holyart.it\/it\/santi-e-beati\/novena-san-giuseppe-la-festa-dei-lavoratori\/#primaryimage\",\"url\":\"https:\/\/blog.holyart.it\/it\/wp-content\/uploads\/sites\/17\/2018\/05\/Novena-a-San-Giuseppe-per-la-festa-dei-lavoratori.jpg\",\"contentUrl\":\"https:\/\/blog.holyart.it\/it\/wp-content\/uploads\/sites\/17\/2018\/05\/Novena-a-San-Giuseppe-per-la-festa-dei-lavoratori.jpg\",\"width\":1000,\"height\":666,\"caption\":\"Novena a San Giuseppe per la festa dei lavoratori\"},{\"@type\":\"BreadcrumbList\",\"@id\":\"https:\/\/blog.holyart.it\/it\/santi-e-beati\/novena-san-giuseppe-la-festa-dei-lavoratori\/#breadcrumb\",\"itemListElement\":[{\"@type\":\"ListItem\",\"position\":1,\"name\":\"Homepage\",\"item\":\"https:\/\/blog.holyart.it\/it\/\"},{\"@type\":\"ListItem\",\"position\":2,\"name\":\"Santi e beati\",\"item\":\"https:\/\/blog.holyart.it\/it\/santi-e-beati\/\"},{\"@type\":\"ListItem\",\"position\":3,\"name\":\"Novena a San Giuseppe per la festa dei lavoratori\"}]},{\"@type\":\"WebSite\",\"@id\":\"https:\/\/blog.holyart.it\/it\/#website\",\"url\":\"https:\/\/blog.holyart.it\/it\/\",\"name\":\"Holyblog\",\"description\":\"Il Blog di Holyart.it\",\"publisher\":{\"@id\":\"https:\/\/blog.holyart.it\/it\/#organization\"},\"potentialAction\":[{\"@type\":\"SearchAction\",\"target\":{\"@type\":\"EntryPoint\",\"urlTemplate\":\"https:\/\/blog.holyart.it\/it\/?s={search_term_string}\"},\"query-input\":{\"@type\":\"PropertyValueSpecification\",\"valueRequired\":true,\"valueName\":\"search_term_string\"}}],\"inLanguage\":\"it-IT\"},{\"@type\":\"Organization\",\"@id\":\"https:\/\/blog.holyart.it\/it\/#organization\",\"name\":\"Holyblog\",\"url\":\"https:\/\/blog.holyart.it\/it\/\",\"logo\":{\"@type\":\"ImageObject\",\"inLanguage\":\"it-IT\",\"@id\":\"https:\/\/blog.holyart.it\/it\/#\/schema\/logo\/image\/\",\"url\":\"https:\/\/blog.holyart.it\/it\/wp-content\/uploads\/sites\/17\/2022\/12\/Holyart_Blog_Logo.jpg\",\"contentUrl\":\"https:\/\/blog.holyart.it\/it\/wp-content\/uploads\/sites\/17\/2022\/12\/Holyart_Blog_Logo.jpg\",\"width\":300,\"height\":50,\"caption\":\"Holyblog\"},\"image\":{\"@id\":\"https:\/\/blog.holyart.it\/it\/#\/schema\/logo\/image\/\"}},{\"@type\":\"Person\",\"@id\":\"https:\/\/blog.holyart.it\/it\/#\/schema\/person\/0a7b686e5af0f856ec1e390dd0baecda\",\"name\":\"Redazione\"}]}<\/script>\n<!-- \/ Yoast SEO plugin. -->","yoast_head_json":{"title":"Novena a San Giuseppe per la festa dei lavoratori - Holyblog","description":"La Novena a San Giuseppe da recitare se si \u00e8 alla ricerca di un lavoro o in una condizione di disoccupazione, per se e per i propri cari","robots":{"index":"index","follow":"follow","max-snippet":"max-snippet:-1","max-image-preview":"max-image-preview:large","max-video-preview":"max-video-preview:-1"},"canonical":"https:\/\/blog.holyart.it\/it\/santi-e-beati\/novena-san-giuseppe-la-festa-dei-lavoratori\/","og_locale":"it_IT","og_type":"article","og_title":"Novena a San Giuseppe per la festa dei lavoratori - Holyblog","og_description":"La Novena a San Giuseppe da recitare se si \u00e8 alla ricerca di un lavoro o in una condizione di disoccupazione, per se e per i propri cari","og_url":"https:\/\/blog.holyart.it\/it\/santi-e-beati\/novena-san-giuseppe-la-festa-dei-lavoratori\/","og_site_name":"Holyblog","article_published_time":"2018-05-31T14:17:04+00:00","article_modified_time":"2022-10-21T15:07:47+00:00","og_image":[{"width":1000,"height":666,"url":"https:\/\/blog.holyart.it\/it\/wp-content\/uploads\/sites\/17\/2018\/05\/Novena-a-San-Giuseppe-per-la-festa-dei-lavoratori.jpg","type":"image\/jpeg"}],"author":"Redazione","twitter_card":"summary_large_image","twitter_misc":{"Scritto da":"Redazione","Tempo di lettura stimato":"9 minuti"},"schema":{"@context":"https:\/\/schema.org","@graph":[{"@type":"Article","@id":"https:\/\/blog.holyart.it\/it\/santi-e-beati\/novena-san-giuseppe-la-festa-dei-lavoratori\/#article","isPartOf":{"@id":"https:\/\/blog.holyart.it\/it\/santi-e-beati\/novena-san-giuseppe-la-festa-dei-lavoratori\/"},"author":{"name":"Redazione","@id":"https:\/\/blog.holyart.it\/it\/#\/schema\/person\/0a7b686e5af0f856ec1e390dd0baecda"},"headline":"Novena a San Giuseppe per la festa dei lavoratori","datePublished":"2018-05-31T14:17:04+00:00","dateModified":"2022-10-21T15:07:47+00:00","mainEntityOfPage":{"@id":"https:\/\/blog.holyart.it\/it\/santi-e-beati\/novena-san-giuseppe-la-festa-dei-lavoratori\/"},"wordCount":1736,"publisher":{"@id":"https:\/\/blog.holyart.it\/it\/#organization"},"image":{"@id":"https:\/\/blog.holyart.it\/it\/santi-e-beati\/novena-san-giuseppe-la-festa-dei-lavoratori\/#primaryimage"},"thumbnailUrl":"https:\/\/blog.holyart.it\/it\/wp-content\/uploads\/sites\/17\/2018\/05\/Novena-a-San-Giuseppe-per-la-festa-dei-lavoratori.jpg","articleSection":["Santi e beati"],"inLanguage":"it-IT"},{"@type":"WebPage","@id":"https:\/\/blog.holyart.it\/it\/santi-e-beati\/novena-san-giuseppe-la-festa-dei-lavoratori\/","url":"https:\/\/blog.holyart.it\/it\/santi-e-beati\/novena-san-giuseppe-la-festa-dei-lavoratori\/","name":"Novena a San Giuseppe per la festa dei lavoratori - Holyblog","isPartOf":{"@id":"https:\/\/blog.holyart.it\/it\/#website"},"primaryImageOfPage":{"@id":"https:\/\/blog.holyart.it\/it\/santi-e-beati\/novena-san-giuseppe-la-festa-dei-lavoratori\/#primaryimage"},"image":{"@id":"https:\/\/blog.holyart.it\/it\/santi-e-beati\/novena-san-giuseppe-la-festa-dei-lavoratori\/#primaryimage"},"thumbnailUrl":"https:\/\/blog.holyart.it\/it\/wp-content\/uploads\/sites\/17\/2018\/05\/Novena-a-San-Giuseppe-per-la-festa-dei-lavoratori.jpg","datePublished":"2018-05-31T14:17:04+00:00","dateModified":"2022-10-21T15:07:47+00:00","description":"La Novena a San Giuseppe da recitare se si \u00e8 alla ricerca di un lavoro o in una condizione di disoccupazione, per se e per i propri cari","breadcrumb":{"@id":"https:\/\/blog.holyart.it\/it\/santi-e-beati\/novena-san-giuseppe-la-festa-dei-lavoratori\/#breadcrumb"},"inLanguage":"it-IT","potentialAction":[{"@type":"ReadAction","target":["https:\/\/blog.holyart.it\/it\/santi-e-beati\/novena-san-giuseppe-la-festa-dei-lavoratori\/"]}]},{"@type":"ImageObject","inLanguage":"it-IT","@id":"https:\/\/blog.holyart.it\/it\/santi-e-beati\/novena-san-giuseppe-la-festa-dei-lavoratori\/#primaryimage","url":"https:\/\/blog.holyart.it\/it\/wp-content\/uploads\/sites\/17\/2018\/05\/Novena-a-San-Giuseppe-per-la-festa-dei-lavoratori.jpg","contentUrl":"https:\/\/blog.holyart.it\/it\/wp-content\/uploads\/sites\/17\/2018\/05\/Novena-a-San-Giuseppe-per-la-festa-dei-lavoratori.jpg","width":1000,"height":666,"caption":"Novena a San Giuseppe per la festa dei lavoratori"},{"@type":"BreadcrumbList","@id":"https:\/\/blog.holyart.it\/it\/santi-e-beati\/novena-san-giuseppe-la-festa-dei-lavoratori\/#breadcrumb","itemListElement":[{"@type":"ListItem","position":1,"name":"Homepage","item":"https:\/\/blog.holyart.it\/it\/"},{"@type":"ListItem","position":2,"name":"Santi e beati","item":"https:\/\/blog.holyart.it\/it\/santi-e-beati\/"},{"@type":"ListItem","position":3,"name":"Novena a San Giuseppe per la festa dei lavoratori"}]},{"@type":"WebSite","@id":"https:\/\/blog.holyart.it\/it\/#website","url":"https:\/\/blog.holyart.it\/it\/","name":"Holyblog","description":"Il Blog di Holyart.it","publisher":{"@id":"https:\/\/blog.holyart.it\/it\/#organization"},"potentialAction":[{"@type":"SearchAction","target":{"@type":"EntryPoint","urlTemplate":"https:\/\/blog.holyart.it\/it\/?s={search_term_string}"},"query-input":{"@type":"PropertyValueSpecification","valueRequired":true,"valueName":"search_term_string"}}],"inLanguage":"it-IT"},{"@type":"Organization","@id":"https:\/\/blog.holyart.it\/it\/#organization","name":"Holyblog","url":"https:\/\/blog.holyart.it\/it\/","logo":{"@type":"ImageObject","inLanguage":"it-IT","@id":"https:\/\/blog.holyart.it\/it\/#\/schema\/logo\/image\/","url":"https:\/\/blog.holyart.it\/it\/wp-content\/uploads\/sites\/17\/2022\/12\/Holyart_Blog_Logo.jpg","contentUrl":"https:\/\/blog.holyart.it\/it\/wp-content\/uploads\/sites\/17\/2022\/12\/Holyart_Blog_Logo.jpg","width":300,"height":50,"caption":"Holyblog"},"image":{"@id":"https:\/\/blog.holyart.it\/it\/#\/schema\/logo\/image\/"}},{"@type":"Person","@id":"https:\/\/blog.holyart.it\/it\/#\/schema\/person\/0a7b686e5af0f856ec1e390dd0baecda","name":"Redazione"}]}},"_links":{"self":[{"href":"https:\/\/blog.holyart.it\/it\/wp-json\/wp\/v2\/posts\/3443","targetHints":{"allow":["GET"]}}],"collection":[{"href":"https:\/\/blog.holyart.it\/it\/wp-json\/wp\/v2\/posts"}],"about":[{"href":"https:\/\/blog.holyart.it\/it\/wp-json\/wp\/v2\/types\/post"}],"author":[{"embeddable":true,"href":"https:\/\/blog.holyart.it\/it\/wp-json\/wp\/v2\/users\/1"}],"replies":[{"embeddable":true,"href":"https:\/\/blog.holyart.it\/it\/wp-json\/wp\/v2\/comments?post=3443"}],"version-history":[{"count":0,"href":"https:\/\/blog.holyart.it\/it\/wp-json\/wp\/v2\/posts\/3443\/revisions"}],"wp:featuredmedia":[{"embeddable":true,"href":"https:\/\/blog.holyart.it\/it\/wp-json\/wp\/v2\/media\/11882"}],"wp:attachment":[{"href":"https:\/\/blog.holyart.it\/it\/wp-json\/wp\/v2\/media?parent=3443"}],"wp:term":[{"taxonomy":"category","embeddable":true,"href":"https:\/\/blog.holyart.it\/it\/wp-json\/wp\/v2\/categories?post=3443"},{"taxonomy":"post_tag","embeddable":true,"href":"https:\/\/blog.holyart.it\/it\/wp-json\/wp\/v2\/tags?post=3443"}],"curies":[{"name":"wp","href":"https:\/\/api.w.org\/{rel}","templated":true}]}}