{"id":340,"date":"2016-10-21T17:27:39","date_gmt":"2016-10-21T15:27:39","guid":{"rendered":"https:\/\/blog.holyart.it\/it\/?p=340"},"modified":"2018-08-03T15:14:49","modified_gmt":"2018-08-03T13:14:49","slug":"benino-pastore-dormiente","status":"publish","type":"post","link":"https:\/\/blog.holyart.it\/it\/natale\/benino-pastore-dormiente\/","title":{"rendered":"Chi \u00e8 Benino, il pastore dormiente?"},"content":{"rendered":"<p>Tra gli innumerevoli personaggi che animano il <strong>presepe napoletano<\/strong>, ce ne sono alcuni le cui storie si tramandano in una tradizione davvero molto suggestiva e affascinante.<\/p>\n<figure id=\"attachment_2709\" aria-describedby=\"caption-attachment-2709\" style=\"width: 300px\" class=\"wp-caption alignleft\"><img loading=\"lazy\" decoding=\"async\" class=\"size-medium wp-image-2709\" src=\"https:\/\/blog.holyart.it\/it\/wp-content\/uploads\/sites\/17\/2016\/10\/benino-presepe-napoletano-300x300.jpg\" alt=\"benino statua presepe\" width=\"300\" height=\"300\" \/><figcaption id=\"caption-attachment-2709\" class=\"wp-caption-text\"><center><span style=\"color: #0000ff;\"><a style=\"color: #0000ff;\" href=\"https:\/\/www.holyart.it\/it\/natale\/presepi\/presepe-napoletano\/il-benino-30-cm-presepe-napoletano\"><strong>Statua del Presepe Napoletano Benino<\/strong><\/a><\/span><br \/><a href=\"https:\/\/www.holyart.it\/it\/natale\/presepi\/presepe-napoletano\/il-benino-30-cm-presepe-napoletano\"><button class=\"bottoneacquista\" style=\"vertical-align: middle;\">Acquista su Holyart<\/button><br \/><\/center><\/figcaption><\/figure>\n<p>Il <strong><a title=\"Presepe napoletano\" href=\"http:\/\/www.holyart.it\/it\/natale\/presepi\/presepe-napoletano\">presepe napoletano<\/a><\/strong>, pi\u00f9 di qualunque altro, \u00e8 fatto di <strong>simboli incarnati da uomini e donne<\/strong>, figure caratteristiche del popolo assunte a personificazione di leggende che spesso trascendono anche la religione, affondando le proprie origini in realt\u00e0 ancora pi\u00f9 antiche.<\/p>\n<p>Nel caso di <span style=\"color: #0000ff;\"><strong><a style=\"color: #0000ff;\" href=\"https:\/\/www.holyart.it\/it\/natale\/presepi\/presepe-angela-tripi\/dormiente-30-cm-presepe-angela-tripi\">Benino<\/a><\/strong><\/span>, il pastore addormentato nella grotta al limitare del presepe stesso, il significato religioso si intreccia in modo indissolubile con un senso del magico pi\u00f9 antico. La figura di Benino nasce da quanto affermato nelle sacre scritture: &#8220;<em>E gli angeli diedero l&#8217;annunzio ai pastori dormienti<\/em>&#8220;.<\/p>\n<p>Benino \u00e8 rappresentato solitamente come un <strong>giovane pastore<\/strong>, poco pi\u00f9 che un ragazzo. <strong>Il suo sonno simboleggia la giovinezza<\/strong>, l\u2019immaturit\u00e0 dello spirito, oltre alla fanciullezza del corpo. Non \u00e8 solo uno stato fisiologico, ma una condizione dello spirito di inconsapevole tensione verso qualcosa di grande e irreparabile che deve accadere. <\/p>\n<figure id=\"attachment_2711\" aria-describedby=\"caption-attachment-2711\" style=\"width: 300px\" class=\"wp-caption alignright\"><img loading=\"lazy\" decoding=\"async\" class=\"size-medium wp-image-2711\" src=\"https:\/\/blog.holyart.it\/it\/wp-content\/uploads\/sites\/17\/2016\/10\/benino-pastore-dormiente-300x300.jpg\" alt=\"benino pastore dormiente\" width=\"300\" height=\"300\" \/><figcaption id=\"caption-attachment-2711\" class=\"wp-caption-text\"><center><strong><span style=\"color: #0000ff;\"><a style=\"color: #0000ff;\" href=\"https:\/\/www.holyart.it\/it\/natale\/presepi\/presepe-angela-tripi\/pastore-dormiente-sul-fianco-18-cm-angela-tripi\">Benino il Pastore Dormiente per il tuo Presepe<\/a><\/span><\/strong><br \/><a href=\"https:\/\/www.holyart.it\/it\/natale\/presepi\/presepe-angela-tripi\/pastore-dormiente-sul-fianco-18-cm-angela-tripi\"><button class=\"bottoneacquista\" style=\"vertical-align: middle;\">Acquista su Holyart<\/button><\/a><\/center><\/figcaption><\/figure>\n<p>In questa accezione <strong>il risveglio \u00e8 considerato come una rinascita<\/strong>, il passaggio inevitabile all\u2019et\u00e0 adulta, ma anche la rivelazione del sacro rappresentata dalla Nativit\u00e0 e il passaggio a una nuova vita pi\u00f9 matura e consapevole. Una sorta di sonno iniziatico, dunque, che sembra ricollegarsi ad antichi riti di passaggio, ai quali l\u2019esperienza cristiana ha infuso un valore simbolico ancora pi\u00f9 grande.<\/p>\n<p>Ma Benino \u00e8 famoso anche perch\u00e9 si dice che sia <strong>colui che sogna il presepe di cui \u00e8 protagonista<\/strong>. Un\u2019immagine che possiede una valenza filosofica fortissima, oltre che una simbologia profonda. Il sonno non \u00e8 solo il preludio all\u2019evoluzione dell\u2019anima, ma \u00e8 atto di creazione esso stesso, una sorta di preparazione dello scenario in cui si manifester\u00e0 il miracolo della <strong>Nativit\u00e0<\/strong> e con esso la rinascita spirituale del singolo. Un equilibrio fragile e delicatissimo, come \u00e8 nella natura dei sogni.<\/p>\n<p>Benino dorme, e nel suo sonno si compie ancora una volta il miracolo del Natale. Il suo risveglio rappresenta una nuova fine, un nuovo inizio per tutti.<\/p>\n","protected":false},"excerpt":{"rendered":"<p>Tra gli innumerevoli personaggi che animano il presepe napoletano, ce ne sono alcuni le cui storie si tramandano in una tradizione davvero molto suggestiva e affascinante. Il presepe napoletano, pi\u00f9 di qualunque altro, \u00e8 fatto di simboli incarnati da uomini e donne, figure caratteristiche del&hellip;<\/p>\n","protected":false},"author":1,"featured_media":341,"comment_status":"closed","ping_status":"open","sticky":false,"template":"","format":"standard","meta":{"_acf_changed":false,"footnotes":""},"categories":[18],"tags":[],"class_list":["post-340","post","type-post","status-publish","format-standard","has-post-thumbnail","hentry","category-natale"],"acf":[],"yoast_head":"<!-- This site is optimized with the Yoast SEO plugin v26.6 - https:\/\/yoast.com\/wordpress\/plugins\/seo\/ -->\n<title>Chi \u00e8 Benino, il pastore dormiente? - Holyblog<\/title>\n<meta name=\"description\" content=\"Il significato religioso di Benino, il pastore addormentato nella grotta al limitare del presepe stesso,si intreccia con un senso del magico pi\u00f9 antico.\" \/>\n<meta name=\"robots\" content=\"index, follow, max-snippet:-1, max-image-preview:large, max-video-preview:-1\" \/>\n<link rel=\"canonical\" href=\"https:\/\/blog.holyart.it\/it\/natale\/benino-pastore-dormiente\/\" \/>\n<meta property=\"og:locale\" content=\"it_IT\" \/>\n<meta property=\"og:type\" content=\"article\" \/>\n<meta property=\"og:title\" content=\"Chi \u00e8 Benino, il pastore dormiente? - Holyblog\" \/>\n<meta property=\"og:description\" content=\"Il significato religioso di Benino, il pastore addormentato nella grotta al limitare del presepe stesso,si intreccia con un senso del magico pi\u00f9 antico.\" \/>\n<meta property=\"og:url\" content=\"https:\/\/blog.holyart.it\/it\/natale\/benino-pastore-dormiente\/\" \/>\n<meta property=\"og:site_name\" content=\"Holyblog\" \/>\n<meta property=\"article:published_time\" content=\"2016-10-21T15:27:39+00:00\" \/>\n<meta property=\"article:modified_time\" content=\"2018-08-03T13:14:49+00:00\" \/>\n<meta property=\"og:image\" content=\"https:\/\/blog.holyart.it\/it\/wp-content\/uploads\/sites\/17\/2016\/11\/Benino-il-pastore-dormiente.jpg\" \/>\n\t<meta property=\"og:image:width\" content=\"1000\" \/>\n\t<meta property=\"og:image:height\" content=\"690\" \/>\n\t<meta property=\"og:image:type\" content=\"image\/jpeg\" \/>\n<meta name=\"author\" content=\"Redazione\" \/>\n<meta name=\"twitter:card\" content=\"summary_large_image\" \/>\n<meta name=\"twitter:label1\" content=\"Scritto da\" \/>\n\t<meta name=\"twitter:data1\" content=\"Redazione\" \/>\n\t<meta name=\"twitter:label2\" content=\"Tempo di lettura stimato\" \/>\n\t<meta name=\"twitter:data2\" content=\"2 minuti\" \/>\n<script type=\"application\/ld+json\" class=\"yoast-schema-graph\">{\"@context\":\"https:\/\/schema.org\",\"@graph\":[{\"@type\":\"Article\",\"@id\":\"https:\/\/blog.holyart.it\/it\/natale\/benino-pastore-dormiente\/#article\",\"isPartOf\":{\"@id\":\"https:\/\/blog.holyart.it\/it\/natale\/benino-pastore-dormiente\/\"},\"author\":{\"name\":\"Redazione\",\"@id\":\"https:\/\/blog.holyart.it\/it\/#\/schema\/person\/0a7b686e5af0f856ec1e390dd0baecda\"},\"headline\":\"Chi \u00e8 Benino, il pastore dormiente?\",\"datePublished\":\"2016-10-21T15:27:39+00:00\",\"dateModified\":\"2018-08-03T13:14:49+00:00\",\"mainEntityOfPage\":{\"@id\":\"https:\/\/blog.holyart.it\/it\/natale\/benino-pastore-dormiente\/\"},\"wordCount\":367,\"publisher\":{\"@id\":\"https:\/\/blog.holyart.it\/it\/#organization\"},\"image\":{\"@id\":\"https:\/\/blog.holyart.it\/it\/natale\/benino-pastore-dormiente\/#primaryimage\"},\"thumbnailUrl\":\"https:\/\/blog.holyart.it\/it\/wp-content\/uploads\/sites\/17\/2016\/11\/Benino-il-pastore-dormiente.jpg\",\"articleSection\":[\"Natale\"],\"inLanguage\":\"it-IT\"},{\"@type\":\"WebPage\",\"@id\":\"https:\/\/blog.holyart.it\/it\/natale\/benino-pastore-dormiente\/\",\"url\":\"https:\/\/blog.holyart.it\/it\/natale\/benino-pastore-dormiente\/\",\"name\":\"Chi \u00e8 Benino, il pastore dormiente? - Holyblog\",\"isPartOf\":{\"@id\":\"https:\/\/blog.holyart.it\/it\/#website\"},\"primaryImageOfPage\":{\"@id\":\"https:\/\/blog.holyart.it\/it\/natale\/benino-pastore-dormiente\/#primaryimage\"},\"image\":{\"@id\":\"https:\/\/blog.holyart.it\/it\/natale\/benino-pastore-dormiente\/#primaryimage\"},\"thumbnailUrl\":\"https:\/\/blog.holyart.it\/it\/wp-content\/uploads\/sites\/17\/2016\/11\/Benino-il-pastore-dormiente.jpg\",\"datePublished\":\"2016-10-21T15:27:39+00:00\",\"dateModified\":\"2018-08-03T13:14:49+00:00\",\"description\":\"Il significato religioso di Benino, il pastore addormentato nella grotta al limitare del presepe stesso,si intreccia con un senso del magico pi\u00f9 antico.\",\"breadcrumb\":{\"@id\":\"https:\/\/blog.holyart.it\/it\/natale\/benino-pastore-dormiente\/#breadcrumb\"},\"inLanguage\":\"it-IT\",\"potentialAction\":[{\"@type\":\"ReadAction\",\"target\":[\"https:\/\/blog.holyart.it\/it\/natale\/benino-pastore-dormiente\/\"]}]},{\"@type\":\"ImageObject\",\"inLanguage\":\"it-IT\",\"@id\":\"https:\/\/blog.holyart.it\/it\/natale\/benino-pastore-dormiente\/#primaryimage\",\"url\":\"https:\/\/blog.holyart.it\/it\/wp-content\/uploads\/sites\/17\/2016\/11\/Benino-il-pastore-dormiente.jpg\",\"contentUrl\":\"https:\/\/blog.holyart.it\/it\/wp-content\/uploads\/sites\/17\/2016\/11\/Benino-il-pastore-dormiente.jpg\",\"width\":1000,\"height\":690,\"caption\":\"Benino il pastore dormiente\"},{\"@type\":\"BreadcrumbList\",\"@id\":\"https:\/\/blog.holyart.it\/it\/natale\/benino-pastore-dormiente\/#breadcrumb\",\"itemListElement\":[{\"@type\":\"ListItem\",\"position\":1,\"name\":\"Homepage\",\"item\":\"https:\/\/blog.holyart.it\/it\/\"},{\"@type\":\"ListItem\",\"position\":2,\"name\":\"Natale\",\"item\":\"https:\/\/blog.holyart.it\/it\/natale\/\"},{\"@type\":\"ListItem\",\"position\":3,\"name\":\"Chi \u00e8 Benino, il pastore dormiente?\"}]},{\"@type\":\"WebSite\",\"@id\":\"https:\/\/blog.holyart.it\/it\/#website\",\"url\":\"https:\/\/blog.holyart.it\/it\/\",\"name\":\"Holyblog\",\"description\":\"Il Blog di Holyart.it\",\"publisher\":{\"@id\":\"https:\/\/blog.holyart.it\/it\/#organization\"},\"potentialAction\":[{\"@type\":\"SearchAction\",\"target\":{\"@type\":\"EntryPoint\",\"urlTemplate\":\"https:\/\/blog.holyart.it\/it\/?s={search_term_string}\"},\"query-input\":{\"@type\":\"PropertyValueSpecification\",\"valueRequired\":true,\"valueName\":\"search_term_string\"}}],\"inLanguage\":\"it-IT\"},{\"@type\":\"Organization\",\"@id\":\"https:\/\/blog.holyart.it\/it\/#organization\",\"name\":\"Holyblog\",\"url\":\"https:\/\/blog.holyart.it\/it\/\",\"logo\":{\"@type\":\"ImageObject\",\"inLanguage\":\"it-IT\",\"@id\":\"https:\/\/blog.holyart.it\/it\/#\/schema\/logo\/image\/\",\"url\":\"https:\/\/blog.holyart.it\/it\/wp-content\/uploads\/sites\/17\/2022\/12\/Holyart_Blog_Logo.jpg\",\"contentUrl\":\"https:\/\/blog.holyart.it\/it\/wp-content\/uploads\/sites\/17\/2022\/12\/Holyart_Blog_Logo.jpg\",\"width\":300,\"height\":50,\"caption\":\"Holyblog\"},\"image\":{\"@id\":\"https:\/\/blog.holyart.it\/it\/#\/schema\/logo\/image\/\"}},{\"@type\":\"Person\",\"@id\":\"https:\/\/blog.holyart.it\/it\/#\/schema\/person\/0a7b686e5af0f856ec1e390dd0baecda\",\"name\":\"Redazione\"}]}<\/script>\n<!-- \/ Yoast SEO plugin. -->","yoast_head_json":{"title":"Chi \u00e8 Benino, il pastore dormiente? - Holyblog","description":"Il significato religioso di Benino, il pastore addormentato nella grotta al limitare del presepe stesso,si intreccia con un senso del magico pi\u00f9 antico.","robots":{"index":"index","follow":"follow","max-snippet":"max-snippet:-1","max-image-preview":"max-image-preview:large","max-video-preview":"max-video-preview:-1"},"canonical":"https:\/\/blog.holyart.it\/it\/natale\/benino-pastore-dormiente\/","og_locale":"it_IT","og_type":"article","og_title":"Chi \u00e8 Benino, il pastore dormiente? - Holyblog","og_description":"Il significato religioso di Benino, il pastore addormentato nella grotta al limitare del presepe stesso,si intreccia con un senso del magico pi\u00f9 antico.","og_url":"https:\/\/blog.holyart.it\/it\/natale\/benino-pastore-dormiente\/","og_site_name":"Holyblog","article_published_time":"2016-10-21T15:27:39+00:00","article_modified_time":"2018-08-03T13:14:49+00:00","og_image":[{"width":1000,"height":690,"url":"https:\/\/blog.holyart.it\/it\/wp-content\/uploads\/sites\/17\/2016\/11\/Benino-il-pastore-dormiente.jpg","type":"image\/jpeg"}],"author":"Redazione","twitter_card":"summary_large_image","twitter_misc":{"Scritto da":"Redazione","Tempo di lettura stimato":"2 minuti"},"schema":{"@context":"https:\/\/schema.org","@graph":[{"@type":"Article","@id":"https:\/\/blog.holyart.it\/it\/natale\/benino-pastore-dormiente\/#article","isPartOf":{"@id":"https:\/\/blog.holyart.it\/it\/natale\/benino-pastore-dormiente\/"},"author":{"name":"Redazione","@id":"https:\/\/blog.holyart.it\/it\/#\/schema\/person\/0a7b686e5af0f856ec1e390dd0baecda"},"headline":"Chi \u00e8 Benino, il pastore dormiente?","datePublished":"2016-10-21T15:27:39+00:00","dateModified":"2018-08-03T13:14:49+00:00","mainEntityOfPage":{"@id":"https:\/\/blog.holyart.it\/it\/natale\/benino-pastore-dormiente\/"},"wordCount":367,"publisher":{"@id":"https:\/\/blog.holyart.it\/it\/#organization"},"image":{"@id":"https:\/\/blog.holyart.it\/it\/natale\/benino-pastore-dormiente\/#primaryimage"},"thumbnailUrl":"https:\/\/blog.holyart.it\/it\/wp-content\/uploads\/sites\/17\/2016\/11\/Benino-il-pastore-dormiente.jpg","articleSection":["Natale"],"inLanguage":"it-IT"},{"@type":"WebPage","@id":"https:\/\/blog.holyart.it\/it\/natale\/benino-pastore-dormiente\/","url":"https:\/\/blog.holyart.it\/it\/natale\/benino-pastore-dormiente\/","name":"Chi \u00e8 Benino, il pastore dormiente? - Holyblog","isPartOf":{"@id":"https:\/\/blog.holyart.it\/it\/#website"},"primaryImageOfPage":{"@id":"https:\/\/blog.holyart.it\/it\/natale\/benino-pastore-dormiente\/#primaryimage"},"image":{"@id":"https:\/\/blog.holyart.it\/it\/natale\/benino-pastore-dormiente\/#primaryimage"},"thumbnailUrl":"https:\/\/blog.holyart.it\/it\/wp-content\/uploads\/sites\/17\/2016\/11\/Benino-il-pastore-dormiente.jpg","datePublished":"2016-10-21T15:27:39+00:00","dateModified":"2018-08-03T13:14:49+00:00","description":"Il significato religioso di Benino, il pastore addormentato nella grotta al limitare del presepe stesso,si intreccia con un senso del magico pi\u00f9 antico.","breadcrumb":{"@id":"https:\/\/blog.holyart.it\/it\/natale\/benino-pastore-dormiente\/#breadcrumb"},"inLanguage":"it-IT","potentialAction":[{"@type":"ReadAction","target":["https:\/\/blog.holyart.it\/it\/natale\/benino-pastore-dormiente\/"]}]},{"@type":"ImageObject","inLanguage":"it-IT","@id":"https:\/\/blog.holyart.it\/it\/natale\/benino-pastore-dormiente\/#primaryimage","url":"https:\/\/blog.holyart.it\/it\/wp-content\/uploads\/sites\/17\/2016\/11\/Benino-il-pastore-dormiente.jpg","contentUrl":"https:\/\/blog.holyart.it\/it\/wp-content\/uploads\/sites\/17\/2016\/11\/Benino-il-pastore-dormiente.jpg","width":1000,"height":690,"caption":"Benino il pastore dormiente"},{"@type":"BreadcrumbList","@id":"https:\/\/blog.holyart.it\/it\/natale\/benino-pastore-dormiente\/#breadcrumb","itemListElement":[{"@type":"ListItem","position":1,"name":"Homepage","item":"https:\/\/blog.holyart.it\/it\/"},{"@type":"ListItem","position":2,"name":"Natale","item":"https:\/\/blog.holyart.it\/it\/natale\/"},{"@type":"ListItem","position":3,"name":"Chi \u00e8 Benino, il pastore dormiente?"}]},{"@type":"WebSite","@id":"https:\/\/blog.holyart.it\/it\/#website","url":"https:\/\/blog.holyart.it\/it\/","name":"Holyblog","description":"Il Blog di Holyart.it","publisher":{"@id":"https:\/\/blog.holyart.it\/it\/#organization"},"potentialAction":[{"@type":"SearchAction","target":{"@type":"EntryPoint","urlTemplate":"https:\/\/blog.holyart.it\/it\/?s={search_term_string}"},"query-input":{"@type":"PropertyValueSpecification","valueRequired":true,"valueName":"search_term_string"}}],"inLanguage":"it-IT"},{"@type":"Organization","@id":"https:\/\/blog.holyart.it\/it\/#organization","name":"Holyblog","url":"https:\/\/blog.holyart.it\/it\/","logo":{"@type":"ImageObject","inLanguage":"it-IT","@id":"https:\/\/blog.holyart.it\/it\/#\/schema\/logo\/image\/","url":"https:\/\/blog.holyart.it\/it\/wp-content\/uploads\/sites\/17\/2022\/12\/Holyart_Blog_Logo.jpg","contentUrl":"https:\/\/blog.holyart.it\/it\/wp-content\/uploads\/sites\/17\/2022\/12\/Holyart_Blog_Logo.jpg","width":300,"height":50,"caption":"Holyblog"},"image":{"@id":"https:\/\/blog.holyart.it\/it\/#\/schema\/logo\/image\/"}},{"@type":"Person","@id":"https:\/\/blog.holyart.it\/it\/#\/schema\/person\/0a7b686e5af0f856ec1e390dd0baecda","name":"Redazione"}]}},"_links":{"self":[{"href":"https:\/\/blog.holyart.it\/it\/wp-json\/wp\/v2\/posts\/340","targetHints":{"allow":["GET"]}}],"collection":[{"href":"https:\/\/blog.holyart.it\/it\/wp-json\/wp\/v2\/posts"}],"about":[{"href":"https:\/\/blog.holyart.it\/it\/wp-json\/wp\/v2\/types\/post"}],"author":[{"embeddable":true,"href":"https:\/\/blog.holyart.it\/it\/wp-json\/wp\/v2\/users\/1"}],"replies":[{"embeddable":true,"href":"https:\/\/blog.holyart.it\/it\/wp-json\/wp\/v2\/comments?post=340"}],"version-history":[{"count":0,"href":"https:\/\/blog.holyart.it\/it\/wp-json\/wp\/v2\/posts\/340\/revisions"}],"wp:featuredmedia":[{"embeddable":true,"href":"https:\/\/blog.holyart.it\/it\/wp-json\/wp\/v2\/media\/341"}],"wp:attachment":[{"href":"https:\/\/blog.holyart.it\/it\/wp-json\/wp\/v2\/media?parent=340"}],"wp:term":[{"taxonomy":"category","embeddable":true,"href":"https:\/\/blog.holyart.it\/it\/wp-json\/wp\/v2\/categories?post=340"},{"taxonomy":"post_tag","embeddable":true,"href":"https:\/\/blog.holyart.it\/it\/wp-json\/wp\/v2\/tags?post=340"}],"curies":[{"name":"wp","href":"https:\/\/api.w.org\/{rel}","templated":true}]}}