{"id":3381,"date":"2018-05-29T16:04:38","date_gmt":"2018-05-29T14:04:38","guid":{"rendered":"https:\/\/blog.holyart.it\/it\/?p=3381"},"modified":"2022-03-15T15:00:52","modified_gmt":"2022-03-15T14:00:52","slug":"la-comunione-principi-principesse-un-giorno","status":"publish","type":"post","link":"https:\/\/blog.holyart.it\/it\/occasioni-speciali\/la-comunione-principi-principesse-un-giorno\/","title":{"rendered":"La Prima Comunione: principi e principesse per un giorno, ma\u2026"},"content":{"rendered":"<h4>La Prima Comunione \u00e8 uno dei sacramenti pi\u00f9 importanti e preziosi, nella vita di un giovane cristiano. Celebra il momento in cui, per la prima volta, lui o lei potranno accostarsi alla Santa Eucarestia, partecipare a tutti gli effetti alla Messa, ricevendo dal Sacerdote il Corpo di Nostro Signore Ges\u00f9.<\/h4>\n<p>Maggio \u00e8 il mese dedicato alle celebrazioni della Prima Comunione. Un evento davvero unico e irripetibile non solo per il giovane fedele, che ad esso si \u00e8 preparato con un lungo percorso di catechesi, nei due anni precedenti, ma anche per la sua famiglia, che, come vuole la tradizione, lo rende anche un\u2019occasione di festa.<\/p>\n<p>Ma vogliamo soffermarci un momento su che cosa rappresentino al giorno d\u2019oggi i festeggiamenti per la Santa Comunione.<\/p>\n<h2>Il significato della Prima Comunione<\/h2>\n<p>\u00c8 vero che rendere<strong> <a href=\"https:\/\/www.holyart.it\/blog\/articoli-religiosi\/10-consigli-organizzare-la-comunione\/\">il giorno della Prima Comunione<\/a> <\/strong>una festa a tutti gli effetti, e come tale celebrarlo con un grande pranzo, a cui verranno invitati parenti, amici, con regali, con un abito speciale per il giovane festeggiato, sono tutti modi per sottolinearne l\u2019importanza e il valore. Tuttavia, non bisogna fare in modo che tutti questi elementi esterni si trasformino nel vero nucleo della giornata, nel centro della celebrazione, facendo passare in secondo piano il vero significato dottrinale e spirituale del sacramento in s\u00e9.<\/p>\n<p>Troppo spesso accade che la Prima Comunione degeneri in un evento solo sociale, un\u2019occasione per le famiglie dei bambini che vi partecipano di fare sfoggio di bei vestiti e banchetti costosi, spesso affrontando anche spese molto ingenti, ma perdendo di vista ci\u00f2 che veramente conta.<\/p>\n<p>Viene data troppa enfasi agli aspetti esteriori di questo evento cos\u00ec prezioso, e, cos\u00ec facendo, in qualche modo, se ne tradisce il senso spirituale pi\u00f9 profondo e autentico.<\/p>\n<p><img loading=\"lazy\" decoding=\"async\" class=\"aligncenter size-full wp-image-4508\" src=\"https:\/\/blog.holyart.it\/it\/wp-content\/uploads\/sites\/17\/2018\/05\/La-prima-comunione-di-un-bambino.jpg\" alt=\"La prima comunione di un bambino\" width=\"800\" height=\"533\" \/><\/p>\n<p>\u00c8 un discorso delicato, perch\u00e9 \u00e8 anche vero che \u00e8 giusto rendere il giorno della <strong>Prima Comunione<\/strong> una grande festa per il bambino che si accosta per la prima volta all\u2019<a href=\"https:\/\/www.holyart.it\/it\/occasioni-speciali\/prima-comunione\"><strong>Eucarestia<\/strong><\/a> e per coloro che lo amano, ma, nello stesso tempo, si rischia di esagerare.<\/p>\n<p>Alcune parrocchie tentano di ovviare almeno al problema dell\u2019abito offrendo in affitto ai ragazzi che devono fare la Prima Comunione delle tuniche bianche, molto semplici, e imponendo loro di usarle durante la cerimonia. La tunica bianca esprime da sola tutta la semplicit\u00e0 e la purezza che ci si aspetta da questi nuovi, giovani cristiani, invitati per la prima volta a ricevere l\u2019Eucarestia. Perch\u00e9 davvero suscita stupore scoprire a quali esagerazioni sono arrivati gli abiti da cerimonia proposti ai bambini e soprattutto alle bambine per questa grande occasione. Basta digitare \u2018abito da comunione\u2019 su un qualsiasi motore di ricerca per avere un colpo d\u2019occhio sconcertante. Pizzi, fronzoli, lunghi strascichi, pi\u00f9 adatti a una principessa Disney che a qualcuno che \u00e8 giunto alla fine di un percorso spirituale e umano profondo e significativo!<\/p>\n<p>Ma c\u2019\u00e8 di pi\u00f9, e riguarda sempre in particolar modo le bambine. Molto, troppo spesso, in occasione della Prima Comunione, esse vengono pettinate e truccate in un modo che definire fuori luogo \u00e8 un eufemismo. \u00c8 vero, viviamo in un\u2019epoca in cui l\u2019apparenza \u00e8 assunta a stato sociale, in cui fin da giovanissimi si \u00e8 costantemente bombardati da input che impongono precisi canoni estetici, senza i quali \u00e8 impossibile essere riconosciuti dai propri coetanei, apprezzati, diventare popolari. La maggior parte di questi input vengono dai media, dal mondo dello spettacolo, e non tengono minimamente conto del fatto che, a ricevere questi segnali, sono spesso persone terribilmente giovani, pi\u00f9 esposte e malleabili, la cui percezione di s\u00e9 e del proprio aspetto verr\u00e0 irrimediabilmente influenzata da questi modelli artefatti e irraggiungibili. O sono le mamme a voler a tutti i costi trasformare le loro figlie in piccole adulte imbellettate, un po\u2019per vanit\u00e0, un po\u2019per esigenza di ostentare il proprio essere alla moda.<\/p>\n<p>Il risultato non cambia.<\/p>\n<p>In un giorno in cui tutto dovrebbe parlare di innocenza e purezza, di candore spirituale e di una nuova, fresca presa di coscienza del proprio essere cristiani, la maggior parte dei bambini e delle bambine appaiono come dei piccoli modelli usciti da una rivista di glamour, o da un film a cartoni animati, appunto, o ancora peggio come piccoli sposi in miniatura.<\/p>\n<p>Al di l\u00e0 del messaggio assolutamente sbagliato, ci\u00f2 che si evince da questo scenario \u00e8 una profonda incomprensione del vero significato della comunione, soprattutto da parte delle famiglie, del valore del sacramento della comunione che ci si accinge a celebrare. E se certi valori non vengono recepiti dagli adulti, come si pu\u00f2 pretendere che i bambini li facciano propri?<\/p>\n<h2>Abiti Holyart: bellissimi, ma soprattutto adatti per la Prima Comunione<\/h2>\n<figure id=\"attachment_4509\" aria-describedby=\"caption-attachment-4509\" style=\"width: 800px\" class=\"wp-caption aligncenter\"><img loading=\"lazy\" decoding=\"async\" class=\"size-full wp-image-4509\" src=\"https:\/\/blog.holyart.it\/it\/wp-content\/uploads\/sites\/17\/2018\/05\/La-prima-comunione-Holyart.jpg\" alt=\"https:\/\/www.holyart.it\/it\/occasioni-speciali\/prima-comunione\/abiti-prima-comunione\" width=\"800\" height=\"533\" \/><figcaption id=\"caption-attachment-4509\" class=\"wp-caption-text\"><center><a href=\"https:\/\/www.holyart.it\/it\/occasioni-speciali\/prima-comunione\/abiti-prima-comunione\">Oltre 90 modelli di tuniche per la Prima Comunione &#8211; Solo su Holyart<\/a><\/center><\/figcaption><\/figure>\n<p>Esistono delle valide alternative a pizzi, fiocchi, scollature, abiti firmati (e costosissimi\u2026).<\/p>\n<p>Anche se non si vuole ricorrere alle sopracitate tuniche in affitto, che comunque non tutte le parrocchie offrono, ci sono <strong><a href=\"https:\/\/www.holyart.it\/it\/occasioni-speciali\/prima-comunione\/abiti-prima-comunione\">abiti per la Prima Comunione<\/a><\/strong> belli, ben confezionati, e soprattutto adeguati alla cerimonia che deve avere luogo. Nel <strong>catalogo Holyart<\/strong> ce ne sono di diverso tipo, con un gamma di possibilit\u00e0 e combinazioni adatte per ogni bambino e ogni esigenza. Sono disponibili in varie taglie facilmente individuabili tramite le indicazioni specifiche in cm.<\/p>\n<p>Si va dalle\u00a0<strong><a href=\"https:\/\/www.holyart.it\/it\/occasioni-speciali\/prima-comunione\/abiti-prima-comunione?58%5B%5D=1962&amp;p_min=&amp;p_max=\">tuniche unisex<\/a><\/strong>, adatte tanto ai maschi quanto alle femmine, non dissimili da quelle usate dai chierichetti che affiancano il sacerdote durante la messa, a modelli studiati in modo pi\u00f9 specifico per ragazzi e ragazze. In generale si tratta di abiti per la Prima Comunione prodotti interamente in Italia da laboratori artigianali, alcuni molto semplici e lineari, altri con piegoni (pieghe ampie poste solitamente sul lato posteriore della tonaca talare) che ne aumentano la vestibilit\u00e0, accompagnando meglio la figura, e con bordi d\u2019oro, o ricamati.<\/p>\n<p>I tessuti variano dal cotone al poliestere, il colore \u00e8 quasi sempre il bianco, in tutte le sue gradazioni, che vanno dall\u2019avorio al bianco ghiaccio. I ricami offrono una vasta gamma di varianti, dai semplici bordi dorati che ornano l\u2019orlo della veste e delle maniche, a ricami pi\u00f9 complessi, a forma di croce, per esempio, che occupano tutto il petto. Alcuni dei nostri abiti per la Prima Comunione sono anche arricchiti da un scapolare, la striscia di stoffa con apertura per la testa, pendente sul petto e sul dorso, che gli appartenenti ad alcuni ordini religiosi indossano sopra la veste sacerdotale, bordato d\u2019oro o ornato da ricami. Altri presentano elementi decorativi ulteriori, come questo modello, arricchito da uno stolone sul quale \u00e8 ricamata una croce a nido d&#8217;ape. Altri ancora hanno i bordi impreziositi da galloni, passamanerie a forma di nastro schiacciato composte da fili di seta fili intrecciati, solitamente dorate\u00a0o rossi.<\/p>\n<p>Un\u2019interessante variante pu\u00f2 essere la tarcisiana, una veste bianca simile al camice, ma decorata con due strisce rosse verticali che scendono dalle spalle. Il nome deriva da San Tarcisio, patrono dei chierichetti.<\/p>\n<p>La semplicit\u00e0 di questi abiti non preclude la possibilit\u00e0 di renderli ancora pi\u00f9 belli con una serie di accessori studiati appositamente per essi, per completarne l\u2019effetto. Parliamo sempre di elementi legati alla solennit\u00e0 che ci si accinge a celebrare: crocette, cerchietti per i capelli, coroncine di fiori di stoffa, e cingoli, le cinture sacerdotali con cui stringere in vita la veste.<\/p>\n<p>Completer\u00e0 l\u2019abbigliamento <strong><a href=\"https:\/\/www.holyart.it\/it\/occasioni-speciali\/prima-comunione\/abiti-prima-comunione?59%5B%5D=1965&amp;p_min=&amp;p_max=%20%22\">una bella croce della Prima Comunione<\/a><\/strong>, magari in legno l\u2019ulivo, semplice, adatta a ragazzi di quell\u2019et\u00e0. Perch\u00e9 non c\u2019\u00e8 niente di pi\u00f9 bello dell\u2019innocenza per celebrare un giorno cos\u00ec speciale.<\/p>\n<p>Di seguito vi presentiamo i prodotti descritti, disponibili sul nostro sito!<\/p>\n<div class=\"sp-styles-warning\" style=\"width: 450px; background-color: #FFF; color: #F00; border: 1px solid #F00; padding: 10px; font-size: 14px;\">\n\t\t\t<span style=\"font-weight: bold;\">Warning: The stylesheets were not loaded!<\/span> \n\t\t\tYou will need to change the <i>Load stylesheets<\/i> setting from <i>Automatically<\/i> to <i>On homepage<\/i> or <i>On all pages<\/i>. \n\t\t\tYou can set that <a style=\"text-decoration: underline; color: #F00;\" href=\"https:\/\/blog.holyart.it\/it\/wp-admin\/admin.php?page=sliderpro-settings\">here<\/a>.\n\t\t\t<\/div>\r\n<div id=\"slider-pro-7\" class=\"slider-pro sp-no-js\" style=\"width: 500px; height: 500px;\">\r\n\t<div class=\"sp-slides\">\r\n\t\t\r\n\t\t<div class=\"sp-slide\">\r\n\t\t\t<img loading=\"lazy\" decoding=\"async\" class=\"sp-image\" src=\"https:\/\/blog.holyart.it\/it\/wp-content\/uploads\/sites\/17\/2019\/02\/saio-prima-comunione-bianco-scapolare-gallone-ricamo-croce.jpg\" alt=\"saio prima comunione bianco scapolare gallone ricamo croce\" width=\"500\" height=\"500\" \/>\r\n\t\t\t<div class=\"sp-thumbnail\"><img decoding=\"async\" src=\"https:\/\/blog.holyart.it\/it\/wp-content\/uploads\/sites\/17\/2019\/02\/saio-prima-comunione-bianco-scapolare-gallone-ricamo-croce-150x150.jpg\" \/>\r\n\t\t\t<\/div>\r\n\t\t\t<div class=\"sp-caption\">Saio per Prima Comunione bianco con scapolare, gallone e ricamo di croce bicolore. \nQuesto abito per la prima comunione \u00e8 realizzato interamente in Italia, con materiali esclusivamente di origine italiana. Questa tunichetta bianca, in poliestere 100% \u00e8 disponibile in varie taglie. <br \/><strong><a href=\"https:\/\/www.holyart.it\/it\/occasioni-speciali\/prima-comunione\/abiti-prima-comunione\/saio-prima-comunione-bianco-scapolare-gallone-ricamo-croce\">Acquista su Holyart<\/a><\/strong><\/div>\r\n\t\t<\/div>\r\n\t\t<div class=\"sp-slide\">\r\n\t\t\t<img loading=\"lazy\" decoding=\"async\" class=\"sp-image\" src=\"https:\/\/blog.holyart.it\/it\/wp-content\/uploads\/sites\/17\/2019\/02\/abito-per-prima-comunione.jpg\" alt=\"abito per prima comunione\" width=\"500\" height=\"500\" \/>\r\n\t\t\t<div class=\"sp-thumbnail\"><img decoding=\"async\" src=\"https:\/\/blog.holyart.it\/it\/wp-content\/uploads\/sites\/17\/2019\/02\/abito-per-prima-comunione-150x150.jpg\" \/>\r\n\t\t\t<\/div>\r\n\t\t\t<div class=\"sp-caption\">Abito per Prima Comunione 2 bordi. Tunica per la Prima Comunione ricamata prodotta interamente in Italia da un laboratorio artigianale con un'esperienza consolidata negli anni, garantendoti un prodotti di qualit\u00e0, tradizione e bellezza. L'abito \u00e8 disponibile in diverse taglie. <br \/><strong><a href=\"https:\/\/www.holyart.it\/it\/occasioni-speciali\/prima-comunione\/abiti-prima-comunione\/abito-per-prima-comunione-2-bordi\">Acquista su Holyart<\/a><\/strong><\/div>\r\n\t\t<\/div>\r\n\t\t<div class=\"sp-slide\">\r\n\t\t\t<img loading=\"lazy\" decoding=\"async\" class=\"sp-image\" src=\"https:\/\/blog.holyart.it\/it\/wp-content\/uploads\/sites\/17\/2019\/02\/tarcisiana-prima-comunione-bianca-poliestere-bordi-rossi.jpg\" alt=\"tarcisiana prima comunione bianca poliestere bordi rossi\" width=\"500\" height=\"500\" \/>\r\n\t\t\t<div class=\"sp-thumbnail\"><img decoding=\"async\" src=\"https:\/\/blog.holyart.it\/it\/wp-content\/uploads\/sites\/17\/2019\/02\/tarcisiana-prima-comunione-bianca-poliestere-bordi-rossi-150x150.jpg\" \/>\r\n\t\t\t<\/div>\r\n\t\t\t<div class=\"sp-caption\">Tarcisiana per Prima Comunione. Elegante tunichetta realizzata da una sartoria italiana. La tunichetta bianca, con bordi rossi, \u00e8 in tessuto poliestere e Made in Italy. L'abito \u00e8 disponibile in varie taglie standard in base alla misura dell\u2019altezza della tunica (dalla spalla ai piedi). <br \/><strong><a href=\"https:\/\/www.holyart.it\/it\/occasioni-speciali\/prima-comunione\/abiti-prima-comunione\/tarcisiana-prima-comunione-bianca-poliestere-bordi-rossi\">Acquista su Holyart<\/a><\/strong><\/div>\r\n\t\t<\/div>\r\n\t\t<div class=\"sp-slide\">\r\n\t\t\t<img loading=\"lazy\" decoding=\"async\" class=\"sp-image\" src=\"https:\/\/blog.holyart.it\/it\/wp-content\/uploads\/sites\/17\/2019\/02\/cerchietto-floreale-per-abito-della-prima-comunione.jpg\" alt=\"cerchietto floreale per abito della prima comunione\" width=\"500\" height=\"500\" \/>\r\n\t\t\t<div class=\"sp-thumbnail\"><img decoding=\"async\" src=\"https:\/\/blog.holyart.it\/it\/wp-content\/uploads\/sites\/17\/2019\/02\/cerchietto-floreale-per-abito-della-prima-comunione-150x150.jpg\" \/>\r\n\t\t\t<\/div>\r\n\t\t\t<div class=\"sp-caption\">Cerchietto rivestito in stoffa, elegante e di colore bianco, prodotto da un laboratorio artigianale italiano. <br \/><strong><a href=\"https:\/\/www.holyart.it\/it\/occasioni-speciali\/prima-comunione\/abiti-prima-comunione\/cerchietto-floreale-per-abito-della-prima-comunione\">Acquista su Holyart<\/a><\/strong><\/div>\r\n\t\t<\/div>\r\n\t\t<div class=\"sp-slide\">\r\n\t\t\t<img loading=\"lazy\" decoding=\"async\" class=\"sp-image\" src=\"https:\/\/blog.holyart.it\/it\/wp-content\/uploads\/sites\/17\/2019\/02\/prima-comunione-coroncina-floreale.jpg\" alt=\"prima comunione coroncina floreale\" width=\"500\" height=\"500\" \/>\r\n\t\t\t<div class=\"sp-thumbnail\"><img decoding=\"async\" src=\"https:\/\/blog.holyart.it\/it\/wp-content\/uploads\/sites\/17\/2019\/02\/prima-comunione-coroncina-floreale-150x150.jpg\" \/>\r\n\t\t\t<\/div>\r\n\t\t\t<div class=\"sp-caption\">Coroncina floreale bianca, da bambina, adatta da abbinare gli abiti e tunichette per il Sacramento della prima comunione. Coroncina rivestita in tessuto, Made in Italy. <br \/><strong><a href=\"https:\/\/www.holyart.it\/it\/occasioni-speciali\/prima-comunione\/abiti-prima-comunione\/abito-prima-comunione-coroncina-floreale\">Acquista su Holyart<\/a><\/strong><\/div>\r\n\t\t<\/div>\r\n\t\t<div class=\"sp-slide\">\r\n\t\t\t<img loading=\"lazy\" decoding=\"async\" class=\"sp-image\" src=\"https:\/\/blog.holyart.it\/it\/wp-content\/uploads\/sites\/17\/2019\/02\/prima-comunione-cingolo-con-nodo.jpg\" alt=\"prima comunione cingolo con nodo\" width=\"500\" height=\"500\" \/>\r\n\t\t\t<div class=\"sp-thumbnail\"><img decoding=\"async\" src=\"https:\/\/blog.holyart.it\/it\/wp-content\/uploads\/sites\/17\/2019\/02\/prima-comunione-cingolo-con-nodo-150x150.jpg\" \/>\r\n\t\t\t<\/div>\r\n\t\t\t<div class=\"sp-caption\">Cingolo con nodo per la Tunica della Prima Comunione. Il cingolo \u00e8 realizzato interamente in Italia, al 100% in seta. <br \/><strong><a href=\"https:\/\/www.holyart.it\/it\/occasioni-speciali\/prima-comunione\/abiti-prima-comunione\/tunica-prima-comunione-cingolo-con-nodo\">Acquista su Holyart<\/a><\/strong><\/div>\r\n\t\t<\/div>\r\n\t<\/div>\r\n<\/div>\n","protected":false},"excerpt":{"rendered":"<p>La Prima Comunione \u00e8 uno dei sacramenti pi\u00f9 importanti e preziosi, nella vita di un giovane cristiano. Celebra il momento in cui, per la prima volta, lui o lei potranno accostarsi alla Santa Eucarestia, partecipare a tutti gli effetti alla Messa, ricevendo dal Sacerdote il&hellip;<\/p>\n","protected":false},"author":1,"featured_media":3421,"comment_status":"closed","ping_status":"open","sticky":false,"template":"","format":"standard","meta":{"_acf_changed":false,"footnotes":""},"categories":[20],"tags":[],"class_list":["post-3381","post","type-post","status-publish","format-standard","has-post-thumbnail","hentry","category-occasioni-speciali"],"acf":[],"yoast_head":"<!-- This site is optimized with the Yoast SEO plugin v26.6 - https:\/\/yoast.com\/wordpress\/plugins\/seo\/ -->\n<title>La Prima Comunione: principi e principesse per un giorno, ma\u2026<\/title>\n<meta name=\"description\" content=\"Maggio \u00e8 il mese delle comunioni. La Prima Comunione \u00e8 uno dei sacramenti pi\u00f9 importanti e preziosi, nella vita di un giovane cristiano.\" \/>\n<meta name=\"robots\" content=\"index, follow, max-snippet:-1, max-image-preview:large, max-video-preview:-1\" \/>\n<link rel=\"canonical\" href=\"https:\/\/blog.holyart.it\/it\/occasioni-speciali\/la-comunione-principi-principesse-un-giorno\/\" \/>\n<meta property=\"og:locale\" content=\"it_IT\" \/>\n<meta property=\"og:type\" content=\"article\" \/>\n<meta property=\"og:title\" content=\"La Prima Comunione: principi e principesse per un giorno, ma\u2026\" \/>\n<meta property=\"og:description\" content=\"Maggio \u00e8 il mese delle comunioni. La Prima Comunione \u00e8 uno dei sacramenti pi\u00f9 importanti e preziosi, nella vita di un giovane cristiano.\" \/>\n<meta property=\"og:url\" content=\"https:\/\/blog.holyart.it\/it\/occasioni-speciali\/la-comunione-principi-principesse-un-giorno\/\" \/>\n<meta property=\"og:site_name\" content=\"Holyblog\" \/>\n<meta property=\"article:published_time\" content=\"2018-05-29T14:04:38+00:00\" \/>\n<meta property=\"article:modified_time\" content=\"2022-03-15T14:00:52+00:00\" \/>\n<meta property=\"og:image\" content=\"https:\/\/blog.holyart.it\/it\/wp-content\/uploads\/sites\/17\/2018\/05\/abiti-comunione.jpg\" \/>\n\t<meta property=\"og:image:width\" content=\"1000\" \/>\n\t<meta property=\"og:image:height\" content=\"666\" \/>\n\t<meta property=\"og:image:type\" content=\"image\/jpeg\" \/>\n<meta name=\"author\" content=\"Redazione\" \/>\n<meta name=\"twitter:card\" content=\"summary_large_image\" \/>\n<meta name=\"twitter:label1\" content=\"Scritto da\" \/>\n\t<meta name=\"twitter:data1\" content=\"Redazione\" \/>\n\t<meta name=\"twitter:label2\" content=\"Tempo di lettura stimato\" \/>\n\t<meta name=\"twitter:data2\" content=\"6 minuti\" \/>\n<script type=\"application\/ld+json\" class=\"yoast-schema-graph\">{\"@context\":\"https:\/\/schema.org\",\"@graph\":[{\"@type\":\"Article\",\"@id\":\"https:\/\/blog.holyart.it\/it\/occasioni-speciali\/la-comunione-principi-principesse-un-giorno\/#article\",\"isPartOf\":{\"@id\":\"https:\/\/blog.holyart.it\/it\/occasioni-speciali\/la-comunione-principi-principesse-un-giorno\/\"},\"author\":{\"name\":\"Redazione\",\"@id\":\"https:\/\/blog.holyart.it\/it\/#\/schema\/person\/0a7b686e5af0f856ec1e390dd0baecda\"},\"headline\":\"La Prima Comunione: principi e principesse per un giorno, ma\u2026\",\"datePublished\":\"2018-05-29T14:04:38+00:00\",\"dateModified\":\"2022-03-15T14:00:52+00:00\",\"mainEntityOfPage\":{\"@id\":\"https:\/\/blog.holyart.it\/it\/occasioni-speciali\/la-comunione-principi-principesse-un-giorno\/\"},\"wordCount\":1255,\"publisher\":{\"@id\":\"https:\/\/blog.holyart.it\/it\/#organization\"},\"image\":{\"@id\":\"https:\/\/blog.holyart.it\/it\/occasioni-speciali\/la-comunione-principi-principesse-un-giorno\/#primaryimage\"},\"thumbnailUrl\":\"https:\/\/blog.holyart.it\/it\/wp-content\/uploads\/sites\/17\/2018\/05\/abiti-comunione.jpg\",\"articleSection\":[\"Occasioni speciali\"],\"inLanguage\":\"it-IT\"},{\"@type\":\"WebPage\",\"@id\":\"https:\/\/blog.holyart.it\/it\/occasioni-speciali\/la-comunione-principi-principesse-un-giorno\/\",\"url\":\"https:\/\/blog.holyart.it\/it\/occasioni-speciali\/la-comunione-principi-principesse-un-giorno\/\",\"name\":\"La Prima Comunione: principi e principesse per un giorno, ma\u2026\",\"isPartOf\":{\"@id\":\"https:\/\/blog.holyart.it\/it\/#website\"},\"primaryImageOfPage\":{\"@id\":\"https:\/\/blog.holyart.it\/it\/occasioni-speciali\/la-comunione-principi-principesse-un-giorno\/#primaryimage\"},\"image\":{\"@id\":\"https:\/\/blog.holyart.it\/it\/occasioni-speciali\/la-comunione-principi-principesse-un-giorno\/#primaryimage\"},\"thumbnailUrl\":\"https:\/\/blog.holyart.it\/it\/wp-content\/uploads\/sites\/17\/2018\/05\/abiti-comunione.jpg\",\"datePublished\":\"2018-05-29T14:04:38+00:00\",\"dateModified\":\"2022-03-15T14:00:52+00:00\",\"description\":\"Maggio \u00e8 il mese delle comunioni. La Prima Comunione \u00e8 uno dei sacramenti pi\u00f9 importanti e preziosi, nella vita di un giovane cristiano.\",\"breadcrumb\":{\"@id\":\"https:\/\/blog.holyart.it\/it\/occasioni-speciali\/la-comunione-principi-principesse-un-giorno\/#breadcrumb\"},\"inLanguage\":\"it-IT\",\"potentialAction\":[{\"@type\":\"ReadAction\",\"target\":[\"https:\/\/blog.holyart.it\/it\/occasioni-speciali\/la-comunione-principi-principesse-un-giorno\/\"]}]},{\"@type\":\"ImageObject\",\"inLanguage\":\"it-IT\",\"@id\":\"https:\/\/blog.holyart.it\/it\/occasioni-speciali\/la-comunione-principi-principesse-un-giorno\/#primaryimage\",\"url\":\"https:\/\/blog.holyart.it\/it\/wp-content\/uploads\/sites\/17\/2018\/05\/abiti-comunione.jpg\",\"contentUrl\":\"https:\/\/blog.holyart.it\/it\/wp-content\/uploads\/sites\/17\/2018\/05\/abiti-comunione.jpg\",\"width\":1000,\"height\":666,\"caption\":\"abiti comunione\"},{\"@type\":\"BreadcrumbList\",\"@id\":\"https:\/\/blog.holyart.it\/it\/occasioni-speciali\/la-comunione-principi-principesse-un-giorno\/#breadcrumb\",\"itemListElement\":[{\"@type\":\"ListItem\",\"position\":1,\"name\":\"Homepage\",\"item\":\"https:\/\/blog.holyart.it\/it\/\"},{\"@type\":\"ListItem\",\"position\":2,\"name\":\"Occasioni speciali\",\"item\":\"https:\/\/blog.holyart.it\/it\/occasioni-speciali\/\"},{\"@type\":\"ListItem\",\"position\":3,\"name\":\"La Prima Comunione: principi e principesse per un giorno, ma\u2026\"}]},{\"@type\":\"WebSite\",\"@id\":\"https:\/\/blog.holyart.it\/it\/#website\",\"url\":\"https:\/\/blog.holyart.it\/it\/\",\"name\":\"Holyblog\",\"description\":\"Il Blog di Holyart.it\",\"publisher\":{\"@id\":\"https:\/\/blog.holyart.it\/it\/#organization\"},\"potentialAction\":[{\"@type\":\"SearchAction\",\"target\":{\"@type\":\"EntryPoint\",\"urlTemplate\":\"https:\/\/blog.holyart.it\/it\/?s={search_term_string}\"},\"query-input\":{\"@type\":\"PropertyValueSpecification\",\"valueRequired\":true,\"valueName\":\"search_term_string\"}}],\"inLanguage\":\"it-IT\"},{\"@type\":\"Organization\",\"@id\":\"https:\/\/blog.holyart.it\/it\/#organization\",\"name\":\"Holyblog\",\"url\":\"https:\/\/blog.holyart.it\/it\/\",\"logo\":{\"@type\":\"ImageObject\",\"inLanguage\":\"it-IT\",\"@id\":\"https:\/\/blog.holyart.it\/it\/#\/schema\/logo\/image\/\",\"url\":\"https:\/\/blog.holyart.it\/it\/wp-content\/uploads\/sites\/17\/2022\/12\/Holyart_Blog_Logo.jpg\",\"contentUrl\":\"https:\/\/blog.holyart.it\/it\/wp-content\/uploads\/sites\/17\/2022\/12\/Holyart_Blog_Logo.jpg\",\"width\":300,\"height\":50,\"caption\":\"Holyblog\"},\"image\":{\"@id\":\"https:\/\/blog.holyart.it\/it\/#\/schema\/logo\/image\/\"}},{\"@type\":\"Person\",\"@id\":\"https:\/\/blog.holyart.it\/it\/#\/schema\/person\/0a7b686e5af0f856ec1e390dd0baecda\",\"name\":\"Redazione\"}]}<\/script>\n<!-- \/ Yoast SEO plugin. -->","yoast_head_json":{"title":"La Prima Comunione: principi e principesse per un giorno, ma\u2026","description":"Maggio \u00e8 il mese delle comunioni. La Prima Comunione \u00e8 uno dei sacramenti pi\u00f9 importanti e preziosi, nella vita di un giovane cristiano.","robots":{"index":"index","follow":"follow","max-snippet":"max-snippet:-1","max-image-preview":"max-image-preview:large","max-video-preview":"max-video-preview:-1"},"canonical":"https:\/\/blog.holyart.it\/it\/occasioni-speciali\/la-comunione-principi-principesse-un-giorno\/","og_locale":"it_IT","og_type":"article","og_title":"La Prima Comunione: principi e principesse per un giorno, ma\u2026","og_description":"Maggio \u00e8 il mese delle comunioni. La Prima Comunione \u00e8 uno dei sacramenti pi\u00f9 importanti e preziosi, nella vita di un giovane cristiano.","og_url":"https:\/\/blog.holyart.it\/it\/occasioni-speciali\/la-comunione-principi-principesse-un-giorno\/","og_site_name":"Holyblog","article_published_time":"2018-05-29T14:04:38+00:00","article_modified_time":"2022-03-15T14:00:52+00:00","og_image":[{"width":1000,"height":666,"url":"https:\/\/blog.holyart.it\/it\/wp-content\/uploads\/sites\/17\/2018\/05\/abiti-comunione.jpg","type":"image\/jpeg"}],"author":"Redazione","twitter_card":"summary_large_image","twitter_misc":{"Scritto da":"Redazione","Tempo di lettura stimato":"6 minuti"},"schema":{"@context":"https:\/\/schema.org","@graph":[{"@type":"Article","@id":"https:\/\/blog.holyart.it\/it\/occasioni-speciali\/la-comunione-principi-principesse-un-giorno\/#article","isPartOf":{"@id":"https:\/\/blog.holyart.it\/it\/occasioni-speciali\/la-comunione-principi-principesse-un-giorno\/"},"author":{"name":"Redazione","@id":"https:\/\/blog.holyart.it\/it\/#\/schema\/person\/0a7b686e5af0f856ec1e390dd0baecda"},"headline":"La Prima Comunione: principi e principesse per un giorno, ma\u2026","datePublished":"2018-05-29T14:04:38+00:00","dateModified":"2022-03-15T14:00:52+00:00","mainEntityOfPage":{"@id":"https:\/\/blog.holyart.it\/it\/occasioni-speciali\/la-comunione-principi-principesse-un-giorno\/"},"wordCount":1255,"publisher":{"@id":"https:\/\/blog.holyart.it\/it\/#organization"},"image":{"@id":"https:\/\/blog.holyart.it\/it\/occasioni-speciali\/la-comunione-principi-principesse-un-giorno\/#primaryimage"},"thumbnailUrl":"https:\/\/blog.holyart.it\/it\/wp-content\/uploads\/sites\/17\/2018\/05\/abiti-comunione.jpg","articleSection":["Occasioni speciali"],"inLanguage":"it-IT"},{"@type":"WebPage","@id":"https:\/\/blog.holyart.it\/it\/occasioni-speciali\/la-comunione-principi-principesse-un-giorno\/","url":"https:\/\/blog.holyart.it\/it\/occasioni-speciali\/la-comunione-principi-principesse-un-giorno\/","name":"La Prima Comunione: principi e principesse per un giorno, ma\u2026","isPartOf":{"@id":"https:\/\/blog.holyart.it\/it\/#website"},"primaryImageOfPage":{"@id":"https:\/\/blog.holyart.it\/it\/occasioni-speciali\/la-comunione-principi-principesse-un-giorno\/#primaryimage"},"image":{"@id":"https:\/\/blog.holyart.it\/it\/occasioni-speciali\/la-comunione-principi-principesse-un-giorno\/#primaryimage"},"thumbnailUrl":"https:\/\/blog.holyart.it\/it\/wp-content\/uploads\/sites\/17\/2018\/05\/abiti-comunione.jpg","datePublished":"2018-05-29T14:04:38+00:00","dateModified":"2022-03-15T14:00:52+00:00","description":"Maggio \u00e8 il mese delle comunioni. La Prima Comunione \u00e8 uno dei sacramenti pi\u00f9 importanti e preziosi, nella vita di un giovane cristiano.","breadcrumb":{"@id":"https:\/\/blog.holyart.it\/it\/occasioni-speciali\/la-comunione-principi-principesse-un-giorno\/#breadcrumb"},"inLanguage":"it-IT","potentialAction":[{"@type":"ReadAction","target":["https:\/\/blog.holyart.it\/it\/occasioni-speciali\/la-comunione-principi-principesse-un-giorno\/"]}]},{"@type":"ImageObject","inLanguage":"it-IT","@id":"https:\/\/blog.holyart.it\/it\/occasioni-speciali\/la-comunione-principi-principesse-un-giorno\/#primaryimage","url":"https:\/\/blog.holyart.it\/it\/wp-content\/uploads\/sites\/17\/2018\/05\/abiti-comunione.jpg","contentUrl":"https:\/\/blog.holyart.it\/it\/wp-content\/uploads\/sites\/17\/2018\/05\/abiti-comunione.jpg","width":1000,"height":666,"caption":"abiti comunione"},{"@type":"BreadcrumbList","@id":"https:\/\/blog.holyart.it\/it\/occasioni-speciali\/la-comunione-principi-principesse-un-giorno\/#breadcrumb","itemListElement":[{"@type":"ListItem","position":1,"name":"Homepage","item":"https:\/\/blog.holyart.it\/it\/"},{"@type":"ListItem","position":2,"name":"Occasioni speciali","item":"https:\/\/blog.holyart.it\/it\/occasioni-speciali\/"},{"@type":"ListItem","position":3,"name":"La Prima Comunione: principi e principesse per un giorno, ma\u2026"}]},{"@type":"WebSite","@id":"https:\/\/blog.holyart.it\/it\/#website","url":"https:\/\/blog.holyart.it\/it\/","name":"Holyblog","description":"Il Blog di Holyart.it","publisher":{"@id":"https:\/\/blog.holyart.it\/it\/#organization"},"potentialAction":[{"@type":"SearchAction","target":{"@type":"EntryPoint","urlTemplate":"https:\/\/blog.holyart.it\/it\/?s={search_term_string}"},"query-input":{"@type":"PropertyValueSpecification","valueRequired":true,"valueName":"search_term_string"}}],"inLanguage":"it-IT"},{"@type":"Organization","@id":"https:\/\/blog.holyart.it\/it\/#organization","name":"Holyblog","url":"https:\/\/blog.holyart.it\/it\/","logo":{"@type":"ImageObject","inLanguage":"it-IT","@id":"https:\/\/blog.holyart.it\/it\/#\/schema\/logo\/image\/","url":"https:\/\/blog.holyart.it\/it\/wp-content\/uploads\/sites\/17\/2022\/12\/Holyart_Blog_Logo.jpg","contentUrl":"https:\/\/blog.holyart.it\/it\/wp-content\/uploads\/sites\/17\/2022\/12\/Holyart_Blog_Logo.jpg","width":300,"height":50,"caption":"Holyblog"},"image":{"@id":"https:\/\/blog.holyart.it\/it\/#\/schema\/logo\/image\/"}},{"@type":"Person","@id":"https:\/\/blog.holyart.it\/it\/#\/schema\/person\/0a7b686e5af0f856ec1e390dd0baecda","name":"Redazione"}]}},"_links":{"self":[{"href":"https:\/\/blog.holyart.it\/it\/wp-json\/wp\/v2\/posts\/3381","targetHints":{"allow":["GET"]}}],"collection":[{"href":"https:\/\/blog.holyart.it\/it\/wp-json\/wp\/v2\/posts"}],"about":[{"href":"https:\/\/blog.holyart.it\/it\/wp-json\/wp\/v2\/types\/post"}],"author":[{"embeddable":true,"href":"https:\/\/blog.holyart.it\/it\/wp-json\/wp\/v2\/users\/1"}],"replies":[{"embeddable":true,"href":"https:\/\/blog.holyart.it\/it\/wp-json\/wp\/v2\/comments?post=3381"}],"version-history":[{"count":0,"href":"https:\/\/blog.holyart.it\/it\/wp-json\/wp\/v2\/posts\/3381\/revisions"}],"wp:featuredmedia":[{"embeddable":true,"href":"https:\/\/blog.holyart.it\/it\/wp-json\/wp\/v2\/media\/3421"}],"wp:attachment":[{"href":"https:\/\/blog.holyart.it\/it\/wp-json\/wp\/v2\/media?parent=3381"}],"wp:term":[{"taxonomy":"category","embeddable":true,"href":"https:\/\/blog.holyart.it\/it\/wp-json\/wp\/v2\/categories?post=3381"},{"taxonomy":"post_tag","embeddable":true,"href":"https:\/\/blog.holyart.it\/it\/wp-json\/wp\/v2\/tags?post=3381"}],"curies":[{"name":"wp","href":"https:\/\/api.w.org\/{rel}","templated":true}]}}