{"id":2897,"date":"2018-04-26T12:30:27","date_gmt":"2018-04-26T10:30:27","guid":{"rendered":"https:\/\/blog.holyart.it\/it\/?p=2897"},"modified":"2022-03-29T15:07:33","modified_gmt":"2022-03-29T13:07:33","slug":"candele-liturgiche-perche-importanti","status":"publish","type":"post","link":"https:\/\/blog.holyart.it\/it\/accessori-liturgia\/candele-liturgiche-perche-importanti\/","title":{"rendered":"Candele liturgiche: quando e perch\u00e9 sono importanti"},"content":{"rendered":"<h4>Vogliamo prendere in considerazione un genere particolare di \u2018luce\u2019 associata alla religione, alla spiritualit\u00e0. Parliamo delle candele liturgiche.<\/h4>\n\n<p>La luce racchiude da sempre un significato molto profondo e imprescindibile, per gli uomini. Non esiste religione che non ne abbia fatto un elemento chiave della propria mitologia, non esiste civilt\u00e0 che non l\u2019abbia celebrata come elemento assimilabile, se non sovrapponibile, al concetto stesso di vita. Le ragioni sono ovvie, e meriterebbero sicuramente una pi\u00f9 approfondita trattazione.<\/p>\n<p>In questo articolo, vogliamo trattare in particolare delle candele, spesso associate alla religione. Le<strong> candele liturgiche<\/strong>, fin dalla loro creazione, compaiono nei riti e nelle cerimonie di moltissime religioni.<\/p>\n<p>Pensiamo per esempio alla religione ebraica, all&#8217;accensione delle candele il venerd\u00ec sera, per celebrare l\u2019inizio dello Shabbat, o la Festa di Hanukkah, la Festa delle Luci, in occasione della quale ogni notte per otto giorni consecutivi viene accesa una candela che commemora la consacrazione di un nuovo altare nel Tempio di Gerusalemme dopo la libert\u00e0 conquistata dagli invasori elleni. Ancora, gli ebrei hanno l\u2019usanza di accendere una candela che dura 24 ore per ricordare l\u2019anniversario della morte di una persona cara.<\/p>\n<p>Il Cristianesimo ha rivestito <a href=\"https:\/\/www.holyart.it\/it\/prodotti-consumabili\/candele-ceri-ceretti\"><strong>le candele e la loro luce<\/strong><\/a> di un\u2019importanza ancora pi\u00f9 significativa.<\/p>\n<div class=\"link-product\">\n<div class=\"blocco-immagine\"><img loading=\"lazy\" decoding=\"async\" class=\"size-full wp-image-15124 alignleft\" src=\"https:\/\/blog.holyart.it\/it\/wp-content\/uploads\/sites\/17\/2018\/04\/cero-per-altare-opaco-diam.-6-cm1.jpg\" alt=\"cero per altare opaco diam. 6 cm1\" width=\"100\" height=\"100\" data-kale-share-title=\"Candele liturgiche: quando e perch\u00e9 sono importanti\" data-kale-share-url=\"https:\/\/blog.holyart.it\/it\/accessori-liturgia\/candele-liturgiche-perche-importanti\/\" \/><\/div>\n<div class=\"blocco-contenuto\">\n<div class=\"blocco-acquista\">Acquista su Holyart:<\/div>\n<div class=\"blocco-titolo\"><a href=\"https:\/\/www.holyart.it\/it\/prodotti-consumabili\/candele-ceri-ceretti\">Candele, ceri, ceretti<\/a><\/div>\n<div class=\"blocco-descrizione\">Candele, ceri, ceri pasquali, ceretti, candele da altare.<\/div>\n<\/div>\n<\/div>\n<p>\u201c<em>E Dio disse: Fiat lux!, sia fatta la luce. E la luce fu<\/em>\u201d (Gen 1,3).<\/p>\n<p>Questa \u00e8 una delle prime cose che leggiamo nella Bibbia, la creazione della luce da parte di Dio Padre. \u00c8 questo il suo primo dono per il mondo che Lui sta realizzando, la prima, visibile manifestazione della Sua Volont\u00e0, della Sua Essenza, poich\u00e9 dove c\u2019\u00e8 Dio non potr\u00e0 pi\u00f9 esserci oscurit\u00e0. Non solo. \u00c8 la luce che ci permette di vedere, di constatare la magnificenza del mondo creato da Dio. Senza luce la Creazione stessa non avrebbe ragione d\u2019essere, perderebbe gran parte della sua immensa grandezza. Un mondo che non pu\u00f2 essere ammirato non esiste.<\/p>\n<p>Da questo momento in poi, dunque, da questa prima scintilla scaturita da un atto di amore e di volont\u00e0, l\u2019idea di Dio \u00e8 costantemente connessa a quella della luce. Una luce che illumina, riscalda, vivifica, che nutre e \u2018contagia\u2019, rendendo migliori colori i quali ne sono esposti, avvolti, alimentati.<\/p>\n<p>Le<strong> candele liturgiche<\/strong> si ricollegano a questa idea di Dio inteso come luce, e soprattutto di Ges\u00f9 come Luce di Dio. Ges\u00f9 infatti viene definito ripetutamente nelle Sacre scritture come la \u201cluce che rischiara il mondo\u201d.<\/p>\n<p><em>\u00abIn lei era la vita, e la vita era la luce degli uomini. La luce splende nelle tenebre, e le tenebre non l&#8217;hanno sopraffatta\u00bb<\/em> (Giovanni 1:4-5)<\/p>\n<p><em>\u00abLa vera luce che illumina ogni uomo stava venendo nel mondo<\/em>\u201d (Giovanni 1:9)<\/p>\n<p><em>\u00abDi nuovo Ges\u00f9 parl\u00f2 loro: \u201cIo sono la luce del mondo; chi segue me, non camminer\u00e0 nelle tenebre, ma avr\u00e0 la luce della vita.\u201d\u00bb<\/em> (Giovanni 8:12)<\/p>\n<p>La luce in questo caso ha una valenza squisitamente spirituale, di guida nell\u2019oscurit\u00e0, di conoscenza di Dio che, attraverso Suo Figlio, discende su di noi, aprendo i nostri occhi e rendendoci degni della Sua presenza, della Sua considerazione.<\/p>\n<p>Ancora, fu Ges\u00f9 stesso a dire ai suoi discepoli: <em>\u00abIo sono la vera luce\u00bb<\/em> e pi\u00f9 tardi: <em>\u00abVoi siete la luce del mondo\u2026 la vostra luce deve brillare davanti agli uomini affinch\u00e9 vedano le vostre opere buone e glorifichino il Padre che sta nei cieli!\u00bb <\/em>(Mt 5,16).<\/p>\n<p>\u00c8 normale dunque che, all\u2019interno delle chiese, le candele siano poste sull\u2019altare, o presso il tabernacolo, e che esse siano protagoniste di riti e celebrazioni.<\/p>\n<p>Non solo, la chiesa utilizza le candele nell\u2019ambito di quasi tutti i sacramenti, dal Battesimo all\u2019Estrema unzione, come elementi simbolici insostituibili.<\/p>\n<p>Vogliamo provare a conoscere e identificare le diverse candele liturgiche, scoprire il loro significato e la loro importanza nell\u2019ambito dei riti sacri.<\/p>\n<h2>Candela del Battesimo o cero battesimale<\/h2>\n<p>Il <a href=\"https:\/\/www.holyart.it\/blog\/articoli-religiosi\/battesimo-significato-simboli-organizzarlo\/\"><strong>Battesimo<\/strong><\/a> \u00e8 il primo sacramento che viene impartito al nuovo cristiano. Solitamente ci\u00f2 accade quando esso \u00e8 ancora neonato, se appartiene a una famiglia religiosa, ma pu\u00f2 essere celebrato a tutte le et\u00e0. \u00c8 fondamentale e imprescindibile, perch\u00e9 \u00e8 con esso che il Peccato originale viene lavato via dall\u2019anima, rendendoci puri e pronti ad accogliere Dio nella nostra vita.<\/p>\n<p>Oltre alla presenza di un sacerdote che pronunci le parole di rito e compia i gesti necessari perch\u00e9 il nuovo fedele inizi la sua nuova vita di fede, il Battesimo prevede l\u2019utilizzo di alcuni oggetti, che in questo ambito assumono una serie di significati profondi e simbolici. C\u2019\u00e8 l\u2019acqua, naturalmente, che lava via il Peccato originale; l&#8217;olio dei catecumeni, applicato sul petto come uno scudo contro le tentazioni e il male; il crisma, che consacra a Dio il neobattezzato; la veste bianca, simbolo di purezza e rinascita; e, infine, la candela accesa, che viene consegnata ai padrini che accompagnano il nuovo cristiano, e che simboleggia Cristo, la luce del mondo.<\/p>\n<div class=\"link-article\">\n<p><img loading=\"lazy\" decoding=\"async\" class=\"size-thumbnail wp-image-15125 alignleft\" src=\"https:\/\/blog.holyart.it\/it\/wp-content\/uploads\/sites\/17\/2018\/04\/Il-Battesimo-150x99.jpg\" alt=\"battesimo\" width=\"150\" height=\"99\" data-kale-share-title=\"Candele liturgiche: quando e perch\u00e9 sono importanti\" data-kale-share-url=\"https:\/\/blog.holyart.it\/it\/accessori-liturgia\/candele-liturgiche-perche-importanti\/\" \/><\/p>\n<div class=\"leggi-anche\">Leggi anche:<\/div>\n<p><strong><a href=\"https:\/\/www.holyart.it\/blog\/articoli-religiosi\/battesimo-significato-simboli-organizzarlo\/\">Il Battesimo: il significato, i simboli e come organizzarlo<\/a><\/strong><br \/>\nGrazie al Battesimo abbiamo accesso agli altri sacramenti e iniziamo a intraprendere la via dello Spirito&#8230;<\/p>\n<\/div>\n<p>La simbologia della candela accesa a compimento del rito del Battesimo ha origini antiche e esprime diversi aspetti della vita spirituale del neobattezzato.<\/p>\n<p>Prima di tutto c\u2019\u00e8 l\u2019augurio da parte di chi gli vuole bene che egli o ella possa trovare la luce nella propria esistenza (Gv 8,12 &#8211; <em>\u00abIo sono la luce del mondo\u00bb<\/em>). L\u2019augurio di una vita con Cristo e in Cristo, dunque, illuminata dalla Sua presenza, dal Suo esempio. Il fatto che al giorno d\u2019oggi la candela venga consegnata ai padrini, \u00e8 significativo del loro ruolo. La candela consegnata nelle loro mani simboleggia il fatto che il nuovo battezzato non dovr\u00e0 compiere la propria ricerca della luce da solo, ma che queste presenze forti e sagge lo guideranno in ogni momento, per aiutarlo, consigliarlo e far s\u00ec che possa diventare un vero cristiano.<\/p>\n<p>In secondo luogo, la <a href=\"https:\/\/www.holyart.it\/it\/prodotti-consumabili\/candele-ceri-ceretti\/candela-battesimo-in-astuccio\"><strong>candela battesimale<\/strong><\/a> indica che lo stesso neobattezzato deve diventare a sua volta luce per il mondo (Mt 5,14 &#8211; <em>\u00abVoi siete la luce del mondo; non pu\u00f2 restare nascosta una citt\u00e0 collocata sopra un monte\u00bb<\/em>) e per farlo deve condurre una vita di operosa testimonianza (Mt 25,1-15 <em>Parabola delle vergini sagge e delle vergini stolte<\/em>).<\/p>\n<div class=\"link-product\">\n<div class=\"blocco-immagine\"><img loading=\"lazy\" decoding=\"async\" class=\"size-full wp-image-15126 alignleft\" src=\"https:\/\/blog.holyart.it\/it\/wp-content\/uploads\/sites\/17\/2018\/04\/candela-battesimo.jpg\" alt=\"candela battesimo\" width=\"100\" height=\"100\" data-kale-share-title=\"Candele liturgiche: quando e perch\u00e9 sono importanti\" data-kale-share-url=\"https:\/\/blog.holyart.it\/it\/accessori-liturgia\/candele-liturgiche-perche-importanti\/\" \/><\/div>\n<div class=\"blocco-contenuto\">\n<div class=\"blocco-acquista\">Acquista su Holyart:<\/div>\n<div class=\"blocco-titolo\"><a href=\"https:\/\/www.holyart.it\/it\/prodotti-consumabili\/candele-ceri-ceretti\/candela-battesimo-in-astuccio\">Candela Battesimo in astuccio<\/a><\/div>\n<div class=\"blocco-descrizione\">Candela del battesimo rosa, celeste o avorio, in confezione elegante con cartoncino ricordo.<\/div>\n<\/div>\n<\/div>\n<p><strong>Il cero o la candela battesimale<\/strong> accompagnano il fedele per tutta la sua vita religiosa. Infatti dovranno essere riportate in Chiesa in occasione degli altri sacramenti. \u00c8 una sorta di \u2018documento di identit\u00e0\u2019 del fedele, un lasciapassare che gli permettere di accedere volta per volta alle celebrazioni religiose che accompagneranno i momenti pi\u00f9 importanti della sua esistenza.<\/p>\n<h2>Cero pasquale<\/h2>\n<p><a href=\"https:\/\/www.holyart.it\/it\/occasioni-speciali\/pasqua-e-quaresima\/ceri-pasquali-e-basi-portacero\"><strong>Il cero pasquale<\/strong><\/a> viene accesso durante la Veglia di Pasqua, la messa solenne celebrata dopo il tramonto del Sabato Santo e prima dell&#8217;alba della domenica di <a href=\"https:\/\/www.holyart.it\/it\/occasioni-speciali\/pasqua-e-quaresima\"><strong>Pasqua<\/strong><\/a>, per festeggiare la risurrezione di Ges\u00f9. Pi\u00f9 che in ogni altra circostanza, dunque, la candela accesa simboleggia, in questo caso, Ges\u00f9 come \u201cLuce del Mondo\u201d, risorto dalla morte per illuminare il cammino dei Suoi Figli e garantire loro la salvezza.<\/p>\n<div class=\"link-product\">\n<div class=\"blocco-immagine\"><img loading=\"lazy\" decoding=\"async\" class=\"size-full wp-image-15127 alignleft\" src=\"https:\/\/blog.holyart.it\/it\/wp-content\/uploads\/sites\/17\/2018\/04\/cero-pasquale-cera-dapi-agnello-croce-8x120-cm.jpg\" alt=\"cero pasquale cera d'api agnello croce 8x120 cm\" width=\"100\" height=\"100\" data-kale-share-title=\"Candele liturgiche: quando e perch\u00e9 sono importanti\" data-kale-share-url=\"https:\/\/blog.holyart.it\/it\/accessori-liturgia\/candele-liturgiche-perche-importanti\/\" \/><\/div>\n<div class=\"blocco-contenuto\">\n<div class=\"blocco-acquista\">Acquista su Holyart:<\/div>\n<div class=\"blocco-titolo\"><a href=\"https:\/\/www.holyart.it\/it\/occasioni-speciali\/pasqua-e-quaresima\/ceri-pasquali-e-basi-portacero\">Ceri pasquali e basi portacero<\/a><\/div>\n<div class=\"blocco-descrizione\">Ceri pasquali, basi portacero pasquale, adesivi per il cero pasquale e grani di incenso per cero pasquale.<\/div>\n<\/div>\n<\/div>\n<p>Il cero pasquale viene poi lasciato acceso presso l&#8217;altare per tutto il Tempo Pasquale e viene spento a <a href=\"https:\/\/www.holyart.it\/blog\/accessori-liturgia\/in-occasione-della-pentecoste-prega-maria-che-scioglie-i-nodi\/\"><strong>Pentecoste<\/strong><\/a>, quando si festeggia l\u2019Ascensione di Ges\u00f9 alla gloria dei cieli. Di solito si tratta di un cero molto grande e riccamente decorato. Al di fuori della Pasqua, viene conservato nel Battistero e acceso in occasione di ogni battesimo. Anzi, la sua fiamma servir\u00e0 per accendere la candela battesimale che verr\u00e0 consegnata ai padrini del neobattezzato, come augurio di una vita nella fede e nella luce di Cristo. Il cero pasquale viene accesso anche in occasione dei funerali, come simbolo di speranza di resurrezione e vita eterna.<\/p>\n<h2>Candele votive<\/h2>\n<p><strong>Le candele votive <\/strong>accese dai fedeli davanti a un altare, o a una <a href=\"https:\/\/www.holyart.it\/it\/articoli\/statue-sacro-cuore-di-gesu.php\"><strong>statua di Ges\u00f9<\/strong><\/a>, della <a href=\"https:\/\/www.holyart.it\/it\/articoli\/statue-madonna.php\"><strong>Madonna<\/strong><\/a>, di un <a href=\"https:\/\/www.holyart.it\/it\/articoli-religiosi\/statue\"><strong>Santo<\/strong><\/a>, hanno un significato ben preciso. Non si tratta semplicemente di un\u2019offerta che il cristiano fa per accompagnare la propria preghiera, per rafforzarla o chiedere una grazia. La candela bianca accesa simboleggia il cristiano stesso, il suo essere figlio della luce, e dunque figlio di Dio. Accendere una candela in chiesa e offrirla \u00e8 un modo per affermare la propria volont\u00e0 di seguire l\u2019esempio di Ges\u00f9, di essere \u201cluce del mondo\u201d. Accendere una candela votiva esprime anche la volont\u00e0 di affidare le proprie parole e i propri pensieri al Signore, alla Madonna, ai Santi. \u00c8 una richiesta d\u2019aiuto, di una luce che illumini dall\u2019alto la nostra vita, magari in un momento in cui ci dibattiamo nelle tenebre. Infine, l\u2019offerta che lasciamo per accendere la candela, \u00e8 un sacrificio che accompagna coi fatti la nostra preghiera e rende tangibile la nostra intenzione di Fede.<\/p>\n<div class=\"link-product\">\n<div class=\"blocco-immagine\"><img loading=\"lazy\" decoding=\"async\" class=\"size-full wp-image-15128 alignleft\" src=\"https:\/\/blog.holyart.it\/it\/wp-content\/uploads\/sites\/17\/2018\/04\/candela-votiva.jpg\" alt=\"candela votiva\" width=\"100\" height=\"100\" data-kale-share-title=\"Candele liturgiche: quando e perch\u00e9 sono importanti\" data-kale-share-url=\"https:\/\/blog.holyart.it\/it\/accessori-liturgia\/candele-liturgiche-perche-importanti\/\" \/><\/div>\n<div class=\"blocco-contenuto\">\n<div class=\"blocco-acquista\">Acquista su Holyart:<\/div>\n<div class=\"blocco-titolo\"><a href=\"https:\/\/www.holyart.it\/it\/prodotti-consumabili\/candele-ceri-ceretti\/candela-votiva-confezione\">Candela votiva (confezione)<\/a><\/div>\n<div class=\"blocco-descrizione\">Candela votiva in cera bianca raffinata.<\/div>\n<\/div>\n<\/div>\n<h2>Candela del Tabernacolo<\/h2>\n<p>Un discorso a parte meriterebbe\u00a0<a href=\"https:\/\/www.holyart.it\/it\/prodotti-consumabili\/candele-ceri-ceretti?page=1&amp;params=%7B%22offset%22:0,%22limit%22:60,%22filters%22:%5B%5D,%22categoryIds%22:%5B105073%5D,%22filtersByIds%22:%5B%7B%22key%22:99,%22values%22:%5B2594%5D%7D%5D%7D\"><strong>la luce che illumina il Tabernacolo<\/strong><\/a>, indicando la presenza di Cristo al suo interno. Si tratta per\u00f2 solitamente di una lampada, non di una candela, quindi esulerebbe un po\u2019 dal nostro excursus. Va tuttavia ricordato che, tra tutte le luci che illuminano le nostre chiese, essa \u00e8 una delle pi\u00f9 importanti e preziose, la fiamma ardente che simboleggia Ges\u00f9 e la fede di chi lo ama, la luce inesausta che rimane accesa per noi anche quando lasciamo la chiesa, promettendoci un posto sicuro in cui tornare in ogni momento.<\/p>\n<div class=\"link-product\">\n<div class=\"blocco-immagine\"><img loading=\"lazy\" decoding=\"async\" class=\"size-full wp-image-15129 alignleft\" src=\"https:\/\/blog.holyart.it\/it\/wp-content\/uploads\/sites\/17\/2018\/04\/cerone-tabernacolo-per-il-santissimo.jpg\" alt=\"cerone tabernacolo per il santissimo\" width=\"100\" height=\"100\" data-kale-share-title=\"Candele liturgiche: quando e perch\u00e9 sono importanti\" data-kale-share-url=\"https:\/\/blog.holyart.it\/it\/accessori-liturgia\/candele-liturgiche-perche-importanti\/\" \/><\/div>\n<div class=\"blocco-contenuto\">\n<div class=\"blocco-acquista\">Acquista su Holyart:<\/div>\n<div class=\"blocco-titolo\"><a href=\"https:\/\/www.holyart.it\/it\/prodotti-consumabili\/candele-ceri-ceretti?page=1&amp;params=%7B%22offset%22:0,%22limit%22:60,%22filters%22:%5B%5D,%22categoryIds%22:%5B105073%5D,%22filtersByIds%22:%5B%7B%22key%22:99,%22values%22:%5B2594%5D%7D%5D%7D\">Ceroni per il Santissimo<\/a><\/div>\n<div class=\"blocco-descrizione\"><\/div>\n<\/div>\n<\/div>\n<h2>Candele dell\u2019Avvento<\/h2>\n<p><a href=\"https:\/\/www.holyart.it\/it\/natale\/avvento\/kit-liturgico-per-lavvento-corona-e-ceri-lucidi-8x15-cm\"><strong>La corona dell\u2019Avvento<\/strong><\/a> \u00e8 un\u2019usanza sviluppatasi in Europa, a partire dalla met\u00e0 del 1800, per scandire le settimane che mancano al <a href=\"https:\/\/www.holyart.it\/it\/natale\"><strong>Natale<\/strong><\/a>. Infatti essa \u00e8 composta da una corona di rami di sempreverdi intrecciati tra loro, che sorreggono quattro candele. Ogni domenica di Avvento una candela viene accesa. In origine <a href=\"https:\/\/www.holyart.it\/blog\/natale\/la-corona-davvento-in-chiesa-10-curiosita\/\"><strong>la corona dell\u2019Avvento<\/strong><\/a> prevedeva una candela per ogni giorno dell\u2019Avvento, e spesso, anche nelle corone moderne, viene inserita una quinta candela, che viene accesa a Natale. Le corone vengono tenute in casa e solitamente il compito di accendere le candele viene dato al pi\u00f9 piccolo della famiglia.<\/p>\n<div class=\"link-product\">\n<div class=\"blocco-immagine\"><img loading=\"lazy\" decoding=\"async\" class=\"size-full wp-image-15130 alignleft\" src=\"https:\/\/blog.holyart.it\/it\/wp-content\/uploads\/sites\/17\/2018\/04\/avvento-corona-e-ceri.jpg\" alt=\"avvento corona e ceri\" width=\"100\" height=\"100\" data-kale-share-title=\"Candele liturgiche: quando e perch\u00e9 sono importanti\" data-kale-share-url=\"https:\/\/blog.holyart.it\/it\/accessori-liturgia\/candele-liturgiche-perche-importanti\/\" \/><\/div>\n<div class=\"blocco-contenuto\">\n<div class=\"blocco-acquista\">Acquista su Holyart:<\/div>\n<div class=\"blocco-titolo\"><a href=\"https:\/\/www.holyart.it\/it\/natale\/avvento\/kit-liturgico-per-lavvento-corona-e-ceri-lucidi-8x15-cm\">Kit liturgico per l&#8217;Avvento corona e ceri lucidi<\/a><\/div>\n<div class=\"blocco-descrizione\">La confezione contiene sia la Corona dell&#8217;Avvento che 4 candele: 3 di colore viola e 1 di colore rosa.<\/div>\n<\/div>\n<\/div>\n<p>Ciascuna delle quattro candele dell\u2019Avvento ha un nome e un significato particolari.<\/p>\n<ol>\n<li>Nella prima domenica di Avvento si accende la &#8220;Candela del profeta&#8221; o &#8220;Candela della Speranza&#8221;. Esso ricorda le profezie sulla venuta del Messia.<\/li>\n<li>Nella seconda domenica di Avvento si accende la &#8220;Candela di Betlemme&#8221; o &#8220;Candela della chiamata universale alla salvezza&#8221;. Essa ricorda la citt\u00e0 in cui \u00e8 nato il Messia.<\/li>\n<li>Nella terza domenica di Avvento si accende la &#8220;Candela dei Pastori&#8221; o &#8220;Candela della gioia&#8221;. Ricorda i pastori, i primi ad adorare Ges\u00f9. Di solito ha un colore diverso rispetto alle altre, perch\u00e9 nella terza domenica d&#8217;Avvento la Liturgia prevede che il sacerdote indossi i paramenti rosa anzich\u00e9 viola.<\/li>\n<li>Nella quarta e ultima domenica di Avvento si accende la &#8220;Candela degli angeli&#8221;. Ricorda che essi furono i primi ad annunciare al mondo la nascita del Salvatore.<\/li>\n<\/ol>\n<h2>Candele della Candelora<\/h2>\n<p>Quaranta giorni dopo Natale si festeggia la <a href=\"https:\/\/www.holyart.it\/blog\/articoli-religiosi\/presentazione-di-gesu-al-tempio-fino-alla-festa-della-candelora\"><strong>Presentazione di Ges\u00f9 al tempio<\/strong><\/a>. Questa festa \u00e8 conosciuta da tutti come <strong>Candelora<\/strong>, e deve il suo nome sia all\u2019antico proverbio popolare: \u201c<em>Per la santa Candelora se nevica o se plora dell&#8217;inverno siamo fora<\/em>\u201d, che si ricollega ai festeggiamenti per la fine dell\u2019inverno celebrati nello stesso periodo, sia alle tante candele benedette e accese durante la celebrazione. Ancora una volta il rito si rif\u00e0 a Ges\u00f9, luce del mondo. Nel Vangelo secondo Luca, Ges\u00f9 viene condotto al tempio dai genitori e Simeone afferma commosso: <em>\u00abOra lascia o Signore che il tuo servo vada in pace, secondo la tua Parola, perch\u00e9 i miei occhi hanno visto la tua salvezza, preparata da te davanti a tutti i popoli: luce per illuminare le genti e gloria del tuo popolo, Israele\u00bb<\/em> (Luca 2,25-35). L\u2019accensione delle candele della Candelora \u00e8 dunque un omaggio a Ges\u00f9 portatore di luce e un gesto che esprime la volont\u00e0 di scacciare le tenebre.<\/p>\n<div class=\"link-article\">\n<p><img loading=\"lazy\" decoding=\"async\" class=\"size-thumbnail wp-image-15131 alignleft\" src=\"https:\/\/blog.holyart.it\/it\/wp-content\/uploads\/sites\/17\/2018\/04\/presentazione-di-Ges\u00f9-al-tempio-150x99.jpg\" alt=\"presentazione di Ges\u00f9 al tempio\" width=\"150\" height=\"99\" data-kale-share-title=\"Candele liturgiche: quando e perch\u00e9 sono importanti\" data-kale-share-url=\"https:\/\/blog.holyart.it\/it\/accessori-liturgia\/candele-liturgiche-perche-importanti\/\" \/><\/p>\n<div class=\"leggi-anche\">Leggi anche:<\/div>\n<p><strong><a href=\"https:\/\/www.holyart.it\/blog\/articoli-religiosi\/presentazione-di-gesu-al-tempio-fino-alla-festa-della-candelora\/\">Presentazione di Ges\u00f9 al tempio fino alla festa della Candelora<\/a><\/strong><br \/>\nIl 2 febbraio si festeggia la presentazione di Ges\u00f9 al tempio. Conosciuta anche come festa della purificazione di Maria&#8230;<\/p>\n<\/div>\n","protected":false},"excerpt":{"rendered":"<p>Vogliamo prendere in considerazione un genere particolare di \u2018luce\u2019 associata alla religione, alla spiritualit\u00e0. Parliamo delle candele liturgiche. La luce racchiude da sempre un significato molto profondo e imprescindibile, per gli uomini. Non esiste religione che non ne abbia fatto un elemento chiave della propria&hellip;<\/p>\n","protected":false},"author":1,"featured_media":2971,"comment_status":"closed","ping_status":"open","sticky":false,"template":"","format":"standard","meta":{"_acf_changed":false,"footnotes":""},"categories":[14],"tags":[],"class_list":["post-2897","post","type-post","status-publish","format-standard","has-post-thumbnail","hentry","category-accessori-liturgia"],"acf":[],"yoast_head":"<!-- This site is optimized with the Yoast SEO plugin v26.6 - https:\/\/yoast.com\/wordpress\/plugins\/seo\/ -->\n<title>Candele liturgiche: quando e perch\u00e9 sono importanti - Holyblog<\/title>\n<meta name=\"description\" content=\"Qui vogliamo prendere in considerazione un genere particolare di \u2018luce\u2019 associata alla religione, alla spiritualit\u00e0. Parliamo delle candele liturgiche.\" \/>\n<meta name=\"robots\" content=\"index, follow, max-snippet:-1, max-image-preview:large, max-video-preview:-1\" \/>\n<link rel=\"canonical\" href=\"https:\/\/blog.holyart.it\/it\/accessori-liturgia\/candele-liturgiche-perche-importanti\/\" \/>\n<meta property=\"og:locale\" content=\"it_IT\" \/>\n<meta property=\"og:type\" content=\"article\" \/>\n<meta property=\"og:title\" content=\"Candele liturgiche: quando e perch\u00e9 sono importanti - Holyblog\" \/>\n<meta property=\"og:description\" content=\"Qui vogliamo prendere in considerazione un genere particolare di \u2018luce\u2019 associata alla religione, alla spiritualit\u00e0. Parliamo delle candele liturgiche.\" \/>\n<meta property=\"og:url\" content=\"https:\/\/blog.holyart.it\/it\/accessori-liturgia\/candele-liturgiche-perche-importanti\/\" \/>\n<meta property=\"og:site_name\" content=\"Holyblog\" \/>\n<meta property=\"article:published_time\" content=\"2018-04-26T10:30:27+00:00\" \/>\n<meta property=\"article:modified_time\" content=\"2022-03-29T13:07:33+00:00\" \/>\n<meta property=\"og:image\" content=\"https:\/\/blog.holyart.it\/it\/wp-content\/uploads\/sites\/17\/2018\/04\/candele.jpg\" \/>\n\t<meta property=\"og:image:width\" content=\"1000\" \/>\n\t<meta property=\"og:image:height\" content=\"666\" \/>\n\t<meta property=\"og:image:type\" content=\"image\/jpeg\" \/>\n<meta name=\"author\" content=\"Redazione\" \/>\n<meta name=\"twitter:card\" content=\"summary_large_image\" \/>\n<meta name=\"twitter:label1\" content=\"Scritto da\" \/>\n\t<meta name=\"twitter:data1\" content=\"Redazione\" \/>\n\t<meta name=\"twitter:label2\" content=\"Tempo di lettura stimato\" \/>\n\t<meta name=\"twitter:data2\" content=\"10 minuti\" \/>\n<script type=\"application\/ld+json\" class=\"yoast-schema-graph\">{\"@context\":\"https:\/\/schema.org\",\"@graph\":[{\"@type\":\"Article\",\"@id\":\"https:\/\/blog.holyart.it\/it\/accessori-liturgia\/candele-liturgiche-perche-importanti\/#article\",\"isPartOf\":{\"@id\":\"https:\/\/blog.holyart.it\/it\/accessori-liturgia\/candele-liturgiche-perche-importanti\/\"},\"author\":{\"name\":\"Redazione\",\"@id\":\"https:\/\/blog.holyart.it\/it\/#\/schema\/person\/0a7b686e5af0f856ec1e390dd0baecda\"},\"headline\":\"Candele liturgiche: quando e perch\u00e9 sono importanti\",\"datePublished\":\"2018-04-26T10:30:27+00:00\",\"dateModified\":\"2022-03-29T13:07:33+00:00\",\"mainEntityOfPage\":{\"@id\":\"https:\/\/blog.holyart.it\/it\/accessori-liturgia\/candele-liturgiche-perche-importanti\/\"},\"wordCount\":2055,\"publisher\":{\"@id\":\"https:\/\/blog.holyart.it\/it\/#organization\"},\"image\":{\"@id\":\"https:\/\/blog.holyart.it\/it\/accessori-liturgia\/candele-liturgiche-perche-importanti\/#primaryimage\"},\"thumbnailUrl\":\"https:\/\/blog.holyart.it\/it\/wp-content\/uploads\/sites\/17\/2018\/04\/candele.jpg\",\"articleSection\":[\"Liturgia\"],\"inLanguage\":\"it-IT\"},{\"@type\":\"WebPage\",\"@id\":\"https:\/\/blog.holyart.it\/it\/accessori-liturgia\/candele-liturgiche-perche-importanti\/\",\"url\":\"https:\/\/blog.holyart.it\/it\/accessori-liturgia\/candele-liturgiche-perche-importanti\/\",\"name\":\"Candele liturgiche: quando e perch\u00e9 sono importanti - Holyblog\",\"isPartOf\":{\"@id\":\"https:\/\/blog.holyart.it\/it\/#website\"},\"primaryImageOfPage\":{\"@id\":\"https:\/\/blog.holyart.it\/it\/accessori-liturgia\/candele-liturgiche-perche-importanti\/#primaryimage\"},\"image\":{\"@id\":\"https:\/\/blog.holyart.it\/it\/accessori-liturgia\/candele-liturgiche-perche-importanti\/#primaryimage\"},\"thumbnailUrl\":\"https:\/\/blog.holyart.it\/it\/wp-content\/uploads\/sites\/17\/2018\/04\/candele.jpg\",\"datePublished\":\"2018-04-26T10:30:27+00:00\",\"dateModified\":\"2022-03-29T13:07:33+00:00\",\"description\":\"Qui vogliamo prendere in considerazione un genere particolare di \u2018luce\u2019 associata alla religione, alla spiritualit\u00e0. Parliamo delle candele liturgiche.\",\"breadcrumb\":{\"@id\":\"https:\/\/blog.holyart.it\/it\/accessori-liturgia\/candele-liturgiche-perche-importanti\/#breadcrumb\"},\"inLanguage\":\"it-IT\",\"potentialAction\":[{\"@type\":\"ReadAction\",\"target\":[\"https:\/\/blog.holyart.it\/it\/accessori-liturgia\/candele-liturgiche-perche-importanti\/\"]}]},{\"@type\":\"ImageObject\",\"inLanguage\":\"it-IT\",\"@id\":\"https:\/\/blog.holyart.it\/it\/accessori-liturgia\/candele-liturgiche-perche-importanti\/#primaryimage\",\"url\":\"https:\/\/blog.holyart.it\/it\/wp-content\/uploads\/sites\/17\/2018\/04\/candele.jpg\",\"contentUrl\":\"https:\/\/blog.holyart.it\/it\/wp-content\/uploads\/sites\/17\/2018\/04\/candele.jpg\",\"width\":1000,\"height\":666,\"caption\":\"candele liturgiche\"},{\"@type\":\"BreadcrumbList\",\"@id\":\"https:\/\/blog.holyart.it\/it\/accessori-liturgia\/candele-liturgiche-perche-importanti\/#breadcrumb\",\"itemListElement\":[{\"@type\":\"ListItem\",\"position\":1,\"name\":\"Homepage\",\"item\":\"https:\/\/blog.holyart.it\/it\/\"},{\"@type\":\"ListItem\",\"position\":2,\"name\":\"Liturgia\",\"item\":\"https:\/\/blog.holyart.it\/it\/accessori-liturgia\/\"},{\"@type\":\"ListItem\",\"position\":3,\"name\":\"Candele liturgiche: quando e perch\u00e9 sono importanti\"}]},{\"@type\":\"WebSite\",\"@id\":\"https:\/\/blog.holyart.it\/it\/#website\",\"url\":\"https:\/\/blog.holyart.it\/it\/\",\"name\":\"Holyblog\",\"description\":\"Il Blog di Holyart.it\",\"publisher\":{\"@id\":\"https:\/\/blog.holyart.it\/it\/#organization\"},\"potentialAction\":[{\"@type\":\"SearchAction\",\"target\":{\"@type\":\"EntryPoint\",\"urlTemplate\":\"https:\/\/blog.holyart.it\/it\/?s={search_term_string}\"},\"query-input\":{\"@type\":\"PropertyValueSpecification\",\"valueRequired\":true,\"valueName\":\"search_term_string\"}}],\"inLanguage\":\"it-IT\"},{\"@type\":\"Organization\",\"@id\":\"https:\/\/blog.holyart.it\/it\/#organization\",\"name\":\"Holyblog\",\"url\":\"https:\/\/blog.holyart.it\/it\/\",\"logo\":{\"@type\":\"ImageObject\",\"inLanguage\":\"it-IT\",\"@id\":\"https:\/\/blog.holyart.it\/it\/#\/schema\/logo\/image\/\",\"url\":\"https:\/\/blog.holyart.it\/it\/wp-content\/uploads\/sites\/17\/2022\/12\/Holyart_Blog_Logo.jpg\",\"contentUrl\":\"https:\/\/blog.holyart.it\/it\/wp-content\/uploads\/sites\/17\/2022\/12\/Holyart_Blog_Logo.jpg\",\"width\":300,\"height\":50,\"caption\":\"Holyblog\"},\"image\":{\"@id\":\"https:\/\/blog.holyart.it\/it\/#\/schema\/logo\/image\/\"}},{\"@type\":\"Person\",\"@id\":\"https:\/\/blog.holyart.it\/it\/#\/schema\/person\/0a7b686e5af0f856ec1e390dd0baecda\",\"name\":\"Redazione\"}]}<\/script>\n<!-- \/ Yoast SEO plugin. -->","yoast_head_json":{"title":"Candele liturgiche: quando e perch\u00e9 sono importanti - Holyblog","description":"Qui vogliamo prendere in considerazione un genere particolare di \u2018luce\u2019 associata alla religione, alla spiritualit\u00e0. Parliamo delle candele liturgiche.","robots":{"index":"index","follow":"follow","max-snippet":"max-snippet:-1","max-image-preview":"max-image-preview:large","max-video-preview":"max-video-preview:-1"},"canonical":"https:\/\/blog.holyart.it\/it\/accessori-liturgia\/candele-liturgiche-perche-importanti\/","og_locale":"it_IT","og_type":"article","og_title":"Candele liturgiche: quando e perch\u00e9 sono importanti - Holyblog","og_description":"Qui vogliamo prendere in considerazione un genere particolare di \u2018luce\u2019 associata alla religione, alla spiritualit\u00e0. Parliamo delle candele liturgiche.","og_url":"https:\/\/blog.holyart.it\/it\/accessori-liturgia\/candele-liturgiche-perche-importanti\/","og_site_name":"Holyblog","article_published_time":"2018-04-26T10:30:27+00:00","article_modified_time":"2022-03-29T13:07:33+00:00","og_image":[{"width":1000,"height":666,"url":"https:\/\/blog.holyart.it\/it\/wp-content\/uploads\/sites\/17\/2018\/04\/candele.jpg","type":"image\/jpeg"}],"author":"Redazione","twitter_card":"summary_large_image","twitter_misc":{"Scritto da":"Redazione","Tempo di lettura stimato":"10 minuti"},"schema":{"@context":"https:\/\/schema.org","@graph":[{"@type":"Article","@id":"https:\/\/blog.holyart.it\/it\/accessori-liturgia\/candele-liturgiche-perche-importanti\/#article","isPartOf":{"@id":"https:\/\/blog.holyart.it\/it\/accessori-liturgia\/candele-liturgiche-perche-importanti\/"},"author":{"name":"Redazione","@id":"https:\/\/blog.holyart.it\/it\/#\/schema\/person\/0a7b686e5af0f856ec1e390dd0baecda"},"headline":"Candele liturgiche: quando e perch\u00e9 sono importanti","datePublished":"2018-04-26T10:30:27+00:00","dateModified":"2022-03-29T13:07:33+00:00","mainEntityOfPage":{"@id":"https:\/\/blog.holyart.it\/it\/accessori-liturgia\/candele-liturgiche-perche-importanti\/"},"wordCount":2055,"publisher":{"@id":"https:\/\/blog.holyart.it\/it\/#organization"},"image":{"@id":"https:\/\/blog.holyart.it\/it\/accessori-liturgia\/candele-liturgiche-perche-importanti\/#primaryimage"},"thumbnailUrl":"https:\/\/blog.holyart.it\/it\/wp-content\/uploads\/sites\/17\/2018\/04\/candele.jpg","articleSection":["Liturgia"],"inLanguage":"it-IT"},{"@type":"WebPage","@id":"https:\/\/blog.holyart.it\/it\/accessori-liturgia\/candele-liturgiche-perche-importanti\/","url":"https:\/\/blog.holyart.it\/it\/accessori-liturgia\/candele-liturgiche-perche-importanti\/","name":"Candele liturgiche: quando e perch\u00e9 sono importanti - Holyblog","isPartOf":{"@id":"https:\/\/blog.holyart.it\/it\/#website"},"primaryImageOfPage":{"@id":"https:\/\/blog.holyart.it\/it\/accessori-liturgia\/candele-liturgiche-perche-importanti\/#primaryimage"},"image":{"@id":"https:\/\/blog.holyart.it\/it\/accessori-liturgia\/candele-liturgiche-perche-importanti\/#primaryimage"},"thumbnailUrl":"https:\/\/blog.holyart.it\/it\/wp-content\/uploads\/sites\/17\/2018\/04\/candele.jpg","datePublished":"2018-04-26T10:30:27+00:00","dateModified":"2022-03-29T13:07:33+00:00","description":"Qui vogliamo prendere in considerazione un genere particolare di \u2018luce\u2019 associata alla religione, alla spiritualit\u00e0. Parliamo delle candele liturgiche.","breadcrumb":{"@id":"https:\/\/blog.holyart.it\/it\/accessori-liturgia\/candele-liturgiche-perche-importanti\/#breadcrumb"},"inLanguage":"it-IT","potentialAction":[{"@type":"ReadAction","target":["https:\/\/blog.holyart.it\/it\/accessori-liturgia\/candele-liturgiche-perche-importanti\/"]}]},{"@type":"ImageObject","inLanguage":"it-IT","@id":"https:\/\/blog.holyart.it\/it\/accessori-liturgia\/candele-liturgiche-perche-importanti\/#primaryimage","url":"https:\/\/blog.holyart.it\/it\/wp-content\/uploads\/sites\/17\/2018\/04\/candele.jpg","contentUrl":"https:\/\/blog.holyart.it\/it\/wp-content\/uploads\/sites\/17\/2018\/04\/candele.jpg","width":1000,"height":666,"caption":"candele liturgiche"},{"@type":"BreadcrumbList","@id":"https:\/\/blog.holyart.it\/it\/accessori-liturgia\/candele-liturgiche-perche-importanti\/#breadcrumb","itemListElement":[{"@type":"ListItem","position":1,"name":"Homepage","item":"https:\/\/blog.holyart.it\/it\/"},{"@type":"ListItem","position":2,"name":"Liturgia","item":"https:\/\/blog.holyart.it\/it\/accessori-liturgia\/"},{"@type":"ListItem","position":3,"name":"Candele liturgiche: quando e perch\u00e9 sono importanti"}]},{"@type":"WebSite","@id":"https:\/\/blog.holyart.it\/it\/#website","url":"https:\/\/blog.holyart.it\/it\/","name":"Holyblog","description":"Il Blog di Holyart.it","publisher":{"@id":"https:\/\/blog.holyart.it\/it\/#organization"},"potentialAction":[{"@type":"SearchAction","target":{"@type":"EntryPoint","urlTemplate":"https:\/\/blog.holyart.it\/it\/?s={search_term_string}"},"query-input":{"@type":"PropertyValueSpecification","valueRequired":true,"valueName":"search_term_string"}}],"inLanguage":"it-IT"},{"@type":"Organization","@id":"https:\/\/blog.holyart.it\/it\/#organization","name":"Holyblog","url":"https:\/\/blog.holyart.it\/it\/","logo":{"@type":"ImageObject","inLanguage":"it-IT","@id":"https:\/\/blog.holyart.it\/it\/#\/schema\/logo\/image\/","url":"https:\/\/blog.holyart.it\/it\/wp-content\/uploads\/sites\/17\/2022\/12\/Holyart_Blog_Logo.jpg","contentUrl":"https:\/\/blog.holyart.it\/it\/wp-content\/uploads\/sites\/17\/2022\/12\/Holyart_Blog_Logo.jpg","width":300,"height":50,"caption":"Holyblog"},"image":{"@id":"https:\/\/blog.holyart.it\/it\/#\/schema\/logo\/image\/"}},{"@type":"Person","@id":"https:\/\/blog.holyart.it\/it\/#\/schema\/person\/0a7b686e5af0f856ec1e390dd0baecda","name":"Redazione"}]}},"_links":{"self":[{"href":"https:\/\/blog.holyart.it\/it\/wp-json\/wp\/v2\/posts\/2897","targetHints":{"allow":["GET"]}}],"collection":[{"href":"https:\/\/blog.holyart.it\/it\/wp-json\/wp\/v2\/posts"}],"about":[{"href":"https:\/\/blog.holyart.it\/it\/wp-json\/wp\/v2\/types\/post"}],"author":[{"embeddable":true,"href":"https:\/\/blog.holyart.it\/it\/wp-json\/wp\/v2\/users\/1"}],"replies":[{"embeddable":true,"href":"https:\/\/blog.holyart.it\/it\/wp-json\/wp\/v2\/comments?post=2897"}],"version-history":[{"count":0,"href":"https:\/\/blog.holyart.it\/it\/wp-json\/wp\/v2\/posts\/2897\/revisions"}],"wp:featuredmedia":[{"embeddable":true,"href":"https:\/\/blog.holyart.it\/it\/wp-json\/wp\/v2\/media\/2971"}],"wp:attachment":[{"href":"https:\/\/blog.holyart.it\/it\/wp-json\/wp\/v2\/media?parent=2897"}],"wp:term":[{"taxonomy":"category","embeddable":true,"href":"https:\/\/blog.holyart.it\/it\/wp-json\/wp\/v2\/categories?post=2897"},{"taxonomy":"post_tag","embeddable":true,"href":"https:\/\/blog.holyart.it\/it\/wp-json\/wp\/v2\/tags?post=2897"}],"curies":[{"name":"wp","href":"https:\/\/api.w.org\/{rel}","templated":true}]}}