{"id":271,"date":"2016-09-30T18:25:14","date_gmt":"2016-09-30T16:25:14","guid":{"rendered":"https:\/\/blog.holyart.it\/it\/?p=271"},"modified":"2018-07-23T12:34:01","modified_gmt":"2018-07-23T10:34:01","slug":"le-capanne-presepe-simbolo-della-nascita-gesu","status":"publish","type":"post","link":"https:\/\/blog.holyart.it\/it\/natale\/le-capanne-presepe-simbolo-della-nascita-gesu\/","title":{"rendered":"Le Capanne per presepe: simbolo della nascita di Ges\u00f9"},"content":{"rendered":"<p>Le&nbsp;<span style=\"color: #0000ff;\"><a style=\"color: #0000ff;\" href=\"https:\/\/www.holyart.it\/it\/natale\/scenografie-presepe\/capanne-presepe-e-grotte\"><strong>capanne&nbsp;per presepe<\/strong>&nbsp;<\/a><\/span>sono sicuramente l&#8217;elemento centrale di qualsiasi raffigurazione che voglia rappresentare la <strong>nascita di Ges\u00f9<\/strong>. Da quando esiste la <strong>tradizione del presepe<\/strong>, e quindi dal Medioevo, l&#8217;importanza di questo elemento \u00e8 sempre stata insindacabile e di primaria importanza. L&#8217;<strong>iconografia del presepe<\/strong> si rif\u00e0 in particolare a quanto scritto nei Vangeli di Matteo e Luca, nei versetti relativi alla nascita e all&#8217;infanzia di Ges\u00f9, ma col passare dei secoli infinite altre suggestioni si sono aggiunte, alcune tratte, per esempio, dai Vangeli apocrifi, ma pi\u00f9 spesso da tradizioni in bilico tra il sacro e il profano delle quali diventa quasi impossibile rintracciare l&#8217;evoluzione.<\/p>\n<figure id=\"attachment_2850\" aria-describedby=\"caption-attachment-2850\" style=\"width: 300px\" class=\"wp-caption alignright\"><img loading=\"lazy\" decoding=\"async\" class=\"size-medium wp-image-2850\" src=\"https:\/\/blog.holyart.it\/it\/wp-content\/uploads\/sites\/17\/2016\/09\/bue-presepe-fontanini-300x300.jpg\" alt=\"bue presepe fontanini\" width=\"300\" height=\"300\"><figcaption id=\"caption-attachment-2850\" class=\"wp-caption-text\"><center><strong><span style=\"color: #0000ff;\"><a style=\"color: #0000ff;\" href=\"https:\/\/www.holyart.it\/it\/natale\/animali-presepe\/bue-presepe-fontanini-45-cm\">Acquista su Holyart:<\/a><\/span><\/strong><br \/><strong><span style=\"color: #0000ff;\"><a style=\"color: #0000ff;\" href=\"https:\/\/www.holyart.it\/it\/natale\/animali-presepe\/bue-presepe-fontanini-45-cm\">Bue per Presepe di Fontanini<\/a><\/span><\/strong><\/center><\/figcaption><\/figure>\n<p>Fin dagli albori del presepe, si \u00e8 cercato di ricostruire la scenografia, l&#8217;ambiente, in modo il pi\u00f9 possibile realistico. La <strong>capanna in cui San Giuseppe e Maria si rifugiarono giunti a Betlemme<\/strong>, non avendo trovato nessun alloggio in quella lontana e gelida notte, era, secondo alcune versioni, una <strong>stalla<\/strong>, nella quale dormiva un <span style=\"color: #0000ff;\"><strong><a style=\"color: #0000ff;\" href=\"https:\/\/www.holyart.it\/it\/natale\/animali-presepe\/bue-presepe-fontanini-45-cm\">bue<\/a><\/strong><\/span> e in cui trov\u00f2 posto anche l&#8217;<span style=\"color: #0000ff;\"><strong><a style=\"color: #0000ff;\" href=\"https:\/\/www.holyart.it\/it\/natale\/presepi\/presepe-moranduzzo\/asino-e-asinello-moranduzzo-8-cm\">asinello<\/a><\/strong><\/span> con cui la coppia era in viaggio. Per questo il piccolo Ges\u00f9 venne posto nella mangiatoia, una volta nato. In altri casi si parla di una <strong>grotta<\/strong>. Nella ricostruzione dello scenario, la <strong>capanna del presepe<\/strong> \u00e8 dunque sempre una costruzione umile, quando non addirittura un antro naturale.<\/p>\n<figure id=\"attachment_2848\" aria-describedby=\"caption-attachment-2848\" style=\"width: 300px\" class=\"wp-caption alignleft\"><img loading=\"lazy\" decoding=\"async\" class=\"size-medium wp-image-2848\" src=\"https:\/\/blog.holyart.it\/it\/wp-content\/uploads\/sites\/17\/2016\/09\/presepe-legno-val-gardena-presepio-legno-300x300.jpg\" alt=\"presepe legno val gardena\" width=\"300\" height=\"300\"><figcaption id=\"caption-attachment-2848\" class=\"wp-caption-text\"><center><strong><span style=\"color: #0000ff;\"><a style=\"color: #0000ff;\" href=\"https:\/\/www.holyart.it\/it\/natale\/presepi\/presepe-val-gardena\/presepe-bambini-legno-con-magneti\">Acquista su Holyart:<\/a><\/span><\/strong><br \/><strong><span style=\"color: #0000ff;\"><a style=\"color: #0000ff;\" href=\"https:\/\/www.holyart.it\/it\/natale\/presepi\/presepe-val-gardena\/presepe-bambini-legno-con-magneti\">Presepe in Legno Val Gardena<\/a><\/span><\/strong><\/center><\/figcaption><\/figure>\n<p>Solitamente \u00e8 costituita da una <strong>semplice struttura di legno<\/strong>, decorata con muschio per renderla pi\u00f9 realistica, con elementi in sughero, materiale plastico che somiglia alla roccia, finta paglia, etc. Oggi sono disponibili <strong>capanne per il presepe molto pi\u00f9 elaborate<\/strong>, dotate di luci elettriche che permettono di creare effetti suggestivi, o da costruire fin nei minimi dettagli, con tegole, cancelletti in ferro, piccoli dettagli perfettamente rifiniti.<\/p>\n<p>Esistono anche <strong>diverse tipologie di capanne per il presepe<\/strong> che si rifanno alle differenti tradizioni del presepe stesso. Per esempio, <strong>le capanne ispirate ai presepi napoletani<\/strong> sono molto elaborate, spesso racchiuse in veri e propri borghi e contesti urbani ricchi di dettagli. Le <strong>capanne del presepe ispirate ai <span style=\"color: #0000ff;\"><a style=\"color: #0000ff;\" href=\"https:\/\/www.holyart.it\/it\/natale\/presepi\/presepe-val-gardena\">presepi della Valgardena<\/a><\/span><\/strong> sono, invece, semplici baite dal tetto appuntito che si rifanno, appunto, a modelli architettonici montani.<\/p>\n","protected":false},"excerpt":{"rendered":"<p>Le&nbsp;capanne&nbsp;per presepe&nbsp;sono sicuramente l&#8217;elemento centrale di qualsiasi raffigurazione che voglia rappresentare la nascita di Ges\u00f9. Da quando esiste la tradizione del presepe, e quindi dal Medioevo, l&#8217;importanza di questo elemento \u00e8 sempre stata insindacabile e di primaria importanza. L&#8217;iconografia del presepe si rif\u00e0 in particolare&hellip;<\/p>\n","protected":false},"author":1,"featured_media":272,"comment_status":"closed","ping_status":"open","sticky":false,"template":"","format":"standard","meta":{"_acf_changed":false,"footnotes":""},"categories":[18],"tags":[],"class_list":["post-271","post","type-post","status-publish","format-standard","has-post-thumbnail","hentry","category-natale"],"acf":[],"yoast_head":"<!-- This site is optimized with the Yoast SEO plugin v26.6 - https:\/\/yoast.com\/wordpress\/plugins\/seo\/ -->\n<title>Le Capanne per presepe: simbolo della nascita di Ges\u00f9 - Holyblog<\/title>\n<meta name=\"description\" content=\"Le capanne per presepe sono l&#039;elemento centrale di qualsiasi raffigurazione che voglia rappresentare la nascita di Ges\u00f9 da quando esiste il presepe\" \/>\n<meta name=\"robots\" content=\"index, follow, max-snippet:-1, max-image-preview:large, max-video-preview:-1\" \/>\n<link rel=\"canonical\" href=\"https:\/\/blog.holyart.it\/it\/natale\/le-capanne-presepe-simbolo-della-nascita-gesu\/\" \/>\n<meta property=\"og:locale\" content=\"it_IT\" \/>\n<meta property=\"og:type\" content=\"article\" \/>\n<meta property=\"og:title\" content=\"Le Capanne per presepe: simbolo della nascita di Ges\u00f9 - Holyblog\" \/>\n<meta property=\"og:description\" content=\"Le capanne per presepe sono l&#039;elemento centrale di qualsiasi raffigurazione che voglia rappresentare la nascita di Ges\u00f9 da quando esiste il presepe\" \/>\n<meta property=\"og:url\" content=\"https:\/\/blog.holyart.it\/it\/natale\/le-capanne-presepe-simbolo-della-nascita-gesu\/\" \/>\n<meta property=\"og:site_name\" content=\"Holyblog\" \/>\n<meta property=\"article:published_time\" content=\"2016-09-30T16:25:14+00:00\" \/>\n<meta property=\"article:modified_time\" content=\"2018-07-23T10:34:01+00:00\" \/>\n<meta property=\"og:image\" content=\"https:\/\/blog.holyart.it\/it\/wp-content\/uploads\/sites\/17\/2016\/10\/Capanna-per-presepe.jpg\" \/>\n\t<meta property=\"og:image:width\" content=\"998\" \/>\n\t<meta property=\"og:image:height\" content=\"685\" \/>\n\t<meta property=\"og:image:type\" content=\"image\/jpeg\" \/>\n<meta name=\"author\" content=\"Redazione\" \/>\n<meta name=\"twitter:card\" content=\"summary_large_image\" \/>\n<meta name=\"twitter:label1\" content=\"Scritto da\" \/>\n\t<meta name=\"twitter:data1\" content=\"Redazione\" \/>\n\t<meta name=\"twitter:label2\" content=\"Tempo di lettura stimato\" \/>\n\t<meta name=\"twitter:data2\" content=\"2 minuti\" \/>\n<script type=\"application\/ld+json\" class=\"yoast-schema-graph\">{\"@context\":\"https:\/\/schema.org\",\"@graph\":[{\"@type\":\"Article\",\"@id\":\"https:\/\/blog.holyart.it\/it\/natale\/le-capanne-presepe-simbolo-della-nascita-gesu\/#article\",\"isPartOf\":{\"@id\":\"https:\/\/blog.holyart.it\/it\/natale\/le-capanne-presepe-simbolo-della-nascita-gesu\/\"},\"author\":{\"name\":\"Redazione\",\"@id\":\"https:\/\/blog.holyart.it\/it\/#\/schema\/person\/0a7b686e5af0f856ec1e390dd0baecda\"},\"headline\":\"Le Capanne per presepe: simbolo della nascita di Ges\u00f9\",\"datePublished\":\"2016-09-30T16:25:14+00:00\",\"dateModified\":\"2018-07-23T10:34:01+00:00\",\"mainEntityOfPage\":{\"@id\":\"https:\/\/blog.holyart.it\/it\/natale\/le-capanne-presepe-simbolo-della-nascita-gesu\/\"},\"wordCount\":382,\"publisher\":{\"@id\":\"https:\/\/blog.holyart.it\/it\/#organization\"},\"image\":{\"@id\":\"https:\/\/blog.holyart.it\/it\/natale\/le-capanne-presepe-simbolo-della-nascita-gesu\/#primaryimage\"},\"thumbnailUrl\":\"https:\/\/blog.holyart.it\/it\/wp-content\/uploads\/sites\/17\/2016\/10\/Capanna-per-presepe.jpg\",\"articleSection\":[\"Natale\"],\"inLanguage\":\"it-IT\"},{\"@type\":\"WebPage\",\"@id\":\"https:\/\/blog.holyart.it\/it\/natale\/le-capanne-presepe-simbolo-della-nascita-gesu\/\",\"url\":\"https:\/\/blog.holyart.it\/it\/natale\/le-capanne-presepe-simbolo-della-nascita-gesu\/\",\"name\":\"Le Capanne per presepe: simbolo della nascita di Ges\u00f9 - Holyblog\",\"isPartOf\":{\"@id\":\"https:\/\/blog.holyart.it\/it\/#website\"},\"primaryImageOfPage\":{\"@id\":\"https:\/\/blog.holyart.it\/it\/natale\/le-capanne-presepe-simbolo-della-nascita-gesu\/#primaryimage\"},\"image\":{\"@id\":\"https:\/\/blog.holyart.it\/it\/natale\/le-capanne-presepe-simbolo-della-nascita-gesu\/#primaryimage\"},\"thumbnailUrl\":\"https:\/\/blog.holyart.it\/it\/wp-content\/uploads\/sites\/17\/2016\/10\/Capanna-per-presepe.jpg\",\"datePublished\":\"2016-09-30T16:25:14+00:00\",\"dateModified\":\"2018-07-23T10:34:01+00:00\",\"description\":\"Le capanne per presepe sono l'elemento centrale di qualsiasi raffigurazione che voglia rappresentare la nascita di Ges\u00f9 da quando esiste il presepe\",\"breadcrumb\":{\"@id\":\"https:\/\/blog.holyart.it\/it\/natale\/le-capanne-presepe-simbolo-della-nascita-gesu\/#breadcrumb\"},\"inLanguage\":\"it-IT\",\"potentialAction\":[{\"@type\":\"ReadAction\",\"target\":[\"https:\/\/blog.holyart.it\/it\/natale\/le-capanne-presepe-simbolo-della-nascita-gesu\/\"]}]},{\"@type\":\"ImageObject\",\"inLanguage\":\"it-IT\",\"@id\":\"https:\/\/blog.holyart.it\/it\/natale\/le-capanne-presepe-simbolo-della-nascita-gesu\/#primaryimage\",\"url\":\"https:\/\/blog.holyart.it\/it\/wp-content\/uploads\/sites\/17\/2016\/10\/Capanna-per-presepe.jpg\",\"contentUrl\":\"https:\/\/blog.holyart.it\/it\/wp-content\/uploads\/sites\/17\/2016\/10\/Capanna-per-presepe.jpg\",\"width\":998,\"height\":685,\"caption\":\"Capanna per presepe\"},{\"@type\":\"BreadcrumbList\",\"@id\":\"https:\/\/blog.holyart.it\/it\/natale\/le-capanne-presepe-simbolo-della-nascita-gesu\/#breadcrumb\",\"itemListElement\":[{\"@type\":\"ListItem\",\"position\":1,\"name\":\"Homepage\",\"item\":\"https:\/\/blog.holyart.it\/it\/\"},{\"@type\":\"ListItem\",\"position\":2,\"name\":\"Natale\",\"item\":\"https:\/\/blog.holyart.it\/it\/natale\/\"},{\"@type\":\"ListItem\",\"position\":3,\"name\":\"Le Capanne per presepe: simbolo della nascita di Ges\u00f9\"}]},{\"@type\":\"WebSite\",\"@id\":\"https:\/\/blog.holyart.it\/it\/#website\",\"url\":\"https:\/\/blog.holyart.it\/it\/\",\"name\":\"Holyblog\",\"description\":\"Il Blog di Holyart.it\",\"publisher\":{\"@id\":\"https:\/\/blog.holyart.it\/it\/#organization\"},\"potentialAction\":[{\"@type\":\"SearchAction\",\"target\":{\"@type\":\"EntryPoint\",\"urlTemplate\":\"https:\/\/blog.holyart.it\/it\/?s={search_term_string}\"},\"query-input\":{\"@type\":\"PropertyValueSpecification\",\"valueRequired\":true,\"valueName\":\"search_term_string\"}}],\"inLanguage\":\"it-IT\"},{\"@type\":\"Organization\",\"@id\":\"https:\/\/blog.holyart.it\/it\/#organization\",\"name\":\"Holyblog\",\"url\":\"https:\/\/blog.holyart.it\/it\/\",\"logo\":{\"@type\":\"ImageObject\",\"inLanguage\":\"it-IT\",\"@id\":\"https:\/\/blog.holyart.it\/it\/#\/schema\/logo\/image\/\",\"url\":\"https:\/\/blog.holyart.it\/it\/wp-content\/uploads\/sites\/17\/2022\/12\/Holyart_Blog_Logo.jpg\",\"contentUrl\":\"https:\/\/blog.holyart.it\/it\/wp-content\/uploads\/sites\/17\/2022\/12\/Holyart_Blog_Logo.jpg\",\"width\":300,\"height\":50,\"caption\":\"Holyblog\"},\"image\":{\"@id\":\"https:\/\/blog.holyart.it\/it\/#\/schema\/logo\/image\/\"}},{\"@type\":\"Person\",\"@id\":\"https:\/\/blog.holyart.it\/it\/#\/schema\/person\/0a7b686e5af0f856ec1e390dd0baecda\",\"name\":\"Redazione\"}]}<\/script>\n<!-- \/ Yoast SEO plugin. -->","yoast_head_json":{"title":"Le Capanne per presepe: simbolo della nascita di Ges\u00f9 - Holyblog","description":"Le capanne per presepe sono l'elemento centrale di qualsiasi raffigurazione che voglia rappresentare la nascita di Ges\u00f9 da quando esiste il presepe","robots":{"index":"index","follow":"follow","max-snippet":"max-snippet:-1","max-image-preview":"max-image-preview:large","max-video-preview":"max-video-preview:-1"},"canonical":"https:\/\/blog.holyart.it\/it\/natale\/le-capanne-presepe-simbolo-della-nascita-gesu\/","og_locale":"it_IT","og_type":"article","og_title":"Le Capanne per presepe: simbolo della nascita di Ges\u00f9 - Holyblog","og_description":"Le capanne per presepe sono l'elemento centrale di qualsiasi raffigurazione che voglia rappresentare la nascita di Ges\u00f9 da quando esiste il presepe","og_url":"https:\/\/blog.holyart.it\/it\/natale\/le-capanne-presepe-simbolo-della-nascita-gesu\/","og_site_name":"Holyblog","article_published_time":"2016-09-30T16:25:14+00:00","article_modified_time":"2018-07-23T10:34:01+00:00","og_image":[{"width":998,"height":685,"url":"https:\/\/blog.holyart.it\/it\/wp-content\/uploads\/sites\/17\/2016\/10\/Capanna-per-presepe.jpg","type":"image\/jpeg"}],"author":"Redazione","twitter_card":"summary_large_image","twitter_misc":{"Scritto da":"Redazione","Tempo di lettura stimato":"2 minuti"},"schema":{"@context":"https:\/\/schema.org","@graph":[{"@type":"Article","@id":"https:\/\/blog.holyart.it\/it\/natale\/le-capanne-presepe-simbolo-della-nascita-gesu\/#article","isPartOf":{"@id":"https:\/\/blog.holyart.it\/it\/natale\/le-capanne-presepe-simbolo-della-nascita-gesu\/"},"author":{"name":"Redazione","@id":"https:\/\/blog.holyart.it\/it\/#\/schema\/person\/0a7b686e5af0f856ec1e390dd0baecda"},"headline":"Le Capanne per presepe: simbolo della nascita di Ges\u00f9","datePublished":"2016-09-30T16:25:14+00:00","dateModified":"2018-07-23T10:34:01+00:00","mainEntityOfPage":{"@id":"https:\/\/blog.holyart.it\/it\/natale\/le-capanne-presepe-simbolo-della-nascita-gesu\/"},"wordCount":382,"publisher":{"@id":"https:\/\/blog.holyart.it\/it\/#organization"},"image":{"@id":"https:\/\/blog.holyart.it\/it\/natale\/le-capanne-presepe-simbolo-della-nascita-gesu\/#primaryimage"},"thumbnailUrl":"https:\/\/blog.holyart.it\/it\/wp-content\/uploads\/sites\/17\/2016\/10\/Capanna-per-presepe.jpg","articleSection":["Natale"],"inLanguage":"it-IT"},{"@type":"WebPage","@id":"https:\/\/blog.holyart.it\/it\/natale\/le-capanne-presepe-simbolo-della-nascita-gesu\/","url":"https:\/\/blog.holyart.it\/it\/natale\/le-capanne-presepe-simbolo-della-nascita-gesu\/","name":"Le Capanne per presepe: simbolo della nascita di Ges\u00f9 - Holyblog","isPartOf":{"@id":"https:\/\/blog.holyart.it\/it\/#website"},"primaryImageOfPage":{"@id":"https:\/\/blog.holyart.it\/it\/natale\/le-capanne-presepe-simbolo-della-nascita-gesu\/#primaryimage"},"image":{"@id":"https:\/\/blog.holyart.it\/it\/natale\/le-capanne-presepe-simbolo-della-nascita-gesu\/#primaryimage"},"thumbnailUrl":"https:\/\/blog.holyart.it\/it\/wp-content\/uploads\/sites\/17\/2016\/10\/Capanna-per-presepe.jpg","datePublished":"2016-09-30T16:25:14+00:00","dateModified":"2018-07-23T10:34:01+00:00","description":"Le capanne per presepe sono l'elemento centrale di qualsiasi raffigurazione che voglia rappresentare la nascita di Ges\u00f9 da quando esiste il presepe","breadcrumb":{"@id":"https:\/\/blog.holyart.it\/it\/natale\/le-capanne-presepe-simbolo-della-nascita-gesu\/#breadcrumb"},"inLanguage":"it-IT","potentialAction":[{"@type":"ReadAction","target":["https:\/\/blog.holyart.it\/it\/natale\/le-capanne-presepe-simbolo-della-nascita-gesu\/"]}]},{"@type":"ImageObject","inLanguage":"it-IT","@id":"https:\/\/blog.holyart.it\/it\/natale\/le-capanne-presepe-simbolo-della-nascita-gesu\/#primaryimage","url":"https:\/\/blog.holyart.it\/it\/wp-content\/uploads\/sites\/17\/2016\/10\/Capanna-per-presepe.jpg","contentUrl":"https:\/\/blog.holyart.it\/it\/wp-content\/uploads\/sites\/17\/2016\/10\/Capanna-per-presepe.jpg","width":998,"height":685,"caption":"Capanna per presepe"},{"@type":"BreadcrumbList","@id":"https:\/\/blog.holyart.it\/it\/natale\/le-capanne-presepe-simbolo-della-nascita-gesu\/#breadcrumb","itemListElement":[{"@type":"ListItem","position":1,"name":"Homepage","item":"https:\/\/blog.holyart.it\/it\/"},{"@type":"ListItem","position":2,"name":"Natale","item":"https:\/\/blog.holyart.it\/it\/natale\/"},{"@type":"ListItem","position":3,"name":"Le Capanne per presepe: simbolo della nascita di Ges\u00f9"}]},{"@type":"WebSite","@id":"https:\/\/blog.holyart.it\/it\/#website","url":"https:\/\/blog.holyart.it\/it\/","name":"Holyblog","description":"Il Blog di Holyart.it","publisher":{"@id":"https:\/\/blog.holyart.it\/it\/#organization"},"potentialAction":[{"@type":"SearchAction","target":{"@type":"EntryPoint","urlTemplate":"https:\/\/blog.holyart.it\/it\/?s={search_term_string}"},"query-input":{"@type":"PropertyValueSpecification","valueRequired":true,"valueName":"search_term_string"}}],"inLanguage":"it-IT"},{"@type":"Organization","@id":"https:\/\/blog.holyart.it\/it\/#organization","name":"Holyblog","url":"https:\/\/blog.holyart.it\/it\/","logo":{"@type":"ImageObject","inLanguage":"it-IT","@id":"https:\/\/blog.holyart.it\/it\/#\/schema\/logo\/image\/","url":"https:\/\/blog.holyart.it\/it\/wp-content\/uploads\/sites\/17\/2022\/12\/Holyart_Blog_Logo.jpg","contentUrl":"https:\/\/blog.holyart.it\/it\/wp-content\/uploads\/sites\/17\/2022\/12\/Holyart_Blog_Logo.jpg","width":300,"height":50,"caption":"Holyblog"},"image":{"@id":"https:\/\/blog.holyart.it\/it\/#\/schema\/logo\/image\/"}},{"@type":"Person","@id":"https:\/\/blog.holyart.it\/it\/#\/schema\/person\/0a7b686e5af0f856ec1e390dd0baecda","name":"Redazione"}]}},"_links":{"self":[{"href":"https:\/\/blog.holyart.it\/it\/wp-json\/wp\/v2\/posts\/271","targetHints":{"allow":["GET"]}}],"collection":[{"href":"https:\/\/blog.holyart.it\/it\/wp-json\/wp\/v2\/posts"}],"about":[{"href":"https:\/\/blog.holyart.it\/it\/wp-json\/wp\/v2\/types\/post"}],"author":[{"embeddable":true,"href":"https:\/\/blog.holyart.it\/it\/wp-json\/wp\/v2\/users\/1"}],"replies":[{"embeddable":true,"href":"https:\/\/blog.holyart.it\/it\/wp-json\/wp\/v2\/comments?post=271"}],"version-history":[{"count":0,"href":"https:\/\/blog.holyart.it\/it\/wp-json\/wp\/v2\/posts\/271\/revisions"}],"wp:featuredmedia":[{"embeddable":true,"href":"https:\/\/blog.holyart.it\/it\/wp-json\/wp\/v2\/media\/272"}],"wp:attachment":[{"href":"https:\/\/blog.holyart.it\/it\/wp-json\/wp\/v2\/media?parent=271"}],"wp:term":[{"taxonomy":"category","embeddable":true,"href":"https:\/\/blog.holyart.it\/it\/wp-json\/wp\/v2\/categories?post=271"},{"taxonomy":"post_tag","embeddable":true,"href":"https:\/\/blog.holyart.it\/it\/wp-json\/wp\/v2\/tags?post=271"}],"curies":[{"name":"wp","href":"https:\/\/api.w.org\/{rel}","templated":true}]}}