{"id":23621,"date":"2026-04-08T10:00:41","date_gmt":"2026-04-08T08:00:41","guid":{"rendered":"https:\/\/blog.holyart.it\/it\/?p=23621"},"modified":"2026-03-06T10:47:46","modified_gmt":"2026-03-06T09:47:46","slug":"le-virtu-cardinali-nel-pensiero-cristiano-un-percorso-tra-fede-e-ragione","status":"publish","type":"post","link":"https:\/\/blog.holyart.it\/it\/articoli-religiosi\/le-virtu-cardinali-nel-pensiero-cristiano-un-percorso-tra-fede-e-ragione\/","title":{"rendered":"Le virt\u00f9 cardinali nel pensiero cristiano: un percorso tra fede e ragione"},"content":{"rendered":"<h4>Prudenza, giustizia, fortezza e temperanza: le virt\u00f9 cardinali sorreggono la vita come colonne invisibili, tra scelta, misura e verit\u00e0. Conosciamole<\/h4>\n\n<p>C\u2019\u00e8 qualcosa che caratterizza l&#8217;essere umano, rispetto alle altre specie animali. Pi\u00f9 di una cosa, naturalmente, ma questa ci rende uno speciale onore: l&#8217;anelito profondamente umano di migliorare s\u00e9 stessi. Non perfetti, quella \u00e8 un\u2019illusione elegante, una maschera che la vita si diverte a strapparci via quando meno ce lo aspettiamo, ma semplicemente migliori di come eravamo ieri. Solo un po&#8217;, solo un passo, un gesto un po\u2019 pi\u00f9 pulito, una parola inutilmente dura trattenuta, una scelta meno istintiva. \u00c8 in questo desiderio di miglioramento anelito che affondano le radici delle <strong>virt\u00f9 cardinali<\/strong>:\u00a0<strong>prudenza<\/strong>,<strong>\u00a0giustizia<\/strong>,\u00a0<strong>fortezza<\/strong>\u00a0e\u00a0<strong>temperanza<\/strong>. Quattro parole antiche come colonne di pietra, che suonano solenni, severe, ma che, a guardarle bene, sono carne, lotta quotidiana, vita.<\/p>\n<p>Quando le nominiamo, non stiamo evocando astrazioni da manuale, formule destinate a restare chiuse nei capitoli della teologia morale. Stiamo parlando di qualcosa di molto pi\u00f9 concreto: qualit\u00e0 che si imparano inciampando, che si conquistano con fatica, che a volte si pagano care.\u00a0Le virt\u00f9 cristiane non sono medaglie consegnate dal cielo senza la nostra partecipazione. Sono semi, e i semi non fanno rumore, chiedono tempo, chiedono pazienza, chiedono terreno. Anche quando quel terreno \u00e8 arido, duro, pieno di sassi.<\/p>\n<p>La tradizione cristiana, nella sua saggezza millenaria, ha sempre intuito una cosa semplice e rivoluzionaria: la fede non cancella la ragione, non la sostituisce. La illumina.\u00a0E le virt\u00f9 cardinali sono proprio questo punto d\u2019incontro, questo ponte sottile tra ci\u00f2 che possiamo comprendere con la nostra intelligenza e ci\u00f2 che ci viene incontro come grazia.<\/p>\n<p>I filosofi greci le avevano gi\u00e0 individuate. Platone le aveva intuite, Aristotele le aveva sezionate con la precisione di chi vuole capire l\u2019anima come si studia un corpo. Ma \u00e8 stato il Cristianesimo a dare loro un orizzonte nuovo, a spalancare davanti a queste quattro virt\u00f9 una destinazione che supera il semplice\u00a0<em>\u201cvivere bene\u201d<\/em>.<\/p>\n<p>Perch\u00e9, i cristiani, le quattro virt\u00f9 cardinali servono s\u00ec a vivere bene, ma per andare oltre.<\/p>\n<p><a href=\"https:\/\/www.holyart.it\/blog\/occasioni-speciali\/come-papa-francesco-ha-trasformato-la-chiesa-durante-il-suo-pontificato\/\"><strong>Papa Francesco<\/strong><\/a>\u00a0lo ha ricordato pi\u00f9 volte: le virt\u00f9 cardinali sono un patrimonio universale, un tesoro che precede il Cristianesimo e appartiene a tutti gli uomini di buona volont\u00e0.\u00a0Ed \u00e8 forse una delle cose pi\u00f9 belle della dottrina cristiana: la capacit\u00e0 di riconoscere la luce ovunque essa appaia, di vedere i semi del Verbo anche fuori dai confini visibili della Chiesa, abbracciando ci\u00f2 che di vero e di buono l\u2019umanit\u00e0 ha saputo intuire, secolo dopo secolo, come chi raccoglie briciole di cielo sparse nella polvere.<\/p>\n<div class=\"link-article\">\n<p><img loading=\"lazy\" decoding=\"async\" class=\"size-full wp-image-23622 alignleft\" src=\"https:\/\/blog.holyart.it\/it\/wp-content\/uploads\/sites\/17\/2026\/03\/Holyart_Blog_PapaFrancesco_it.jpg\" alt=\"Holyart Blog Papa Francesco\" width=\"150\" height=\"99\" data-kale-share-title=\"Le virt\u00f9 cardinali nel pensiero cristiano: un percorso tra fede e ragione\" data-kale-share-url=\"https:\/\/blog.holyart.it\/it\/?p=23621\" \/><\/p>\n<div class=\"leggi-anche\">Leggi anche:<\/div>\n<p><strong><a href=\"https:\/\/www.holyart.it\/blog\/occasioni-speciali\/come-papa-francesco-ha-trasformato-la-chiesa-durante-il-suo-pontificato\/\">Come Papa Francesco ha trasformato la Chiesa durante il suo pontificato<\/a><\/strong><br \/>\nChe cosa ha fatto di importante Papa Francesco? Il suo pontificato \u00e8&#8230;<\/p>\n<\/div>\n<h2>Cosa si intende per virt\u00f9 cardinali e virt\u00f9 teologali<\/h2>\n<p>Per capire davvero cosa sono le virt\u00f9 cardinali, bisogna prima fare un passo indietro e distinguere queste quattro colonne interiori da quelle che la tradizione cristiana chiama, con un termine quasi solenne,\u00a0<a href=\"https:\/\/www.holyart.it\/blog\/articoli-religiosi\/fede-speranza-e-carita-virtu-teologali\"><strong>virt\u00f9 teologali:\u00a0<\/strong><\/a>\u00a0<strong>fede<\/strong>,\u00a0<strong>speranza<\/strong>\u00a0e\u00a0<strong>carit\u00e0<\/strong>.\u00a0Tre parole che, a differenza delle cardinali, non nascono semplicemente dalla nostra disciplina o dalla nostra volont\u00e0. Non vengono da un allenamento paziente, n\u00e9 da una lunga serie di tentativi riusciti e falliti.\u00a0<strong>Hanno Dio stesso come origine<\/strong>, come orizzonte, come meta.<br \/>\nLa fede, la speranza e la carit\u00e0 sono dono puro, qualcosa che viene infuso nell\u2019anima al momento del battesimo, come una scintilla che non ci appartiene del tutto, eppure ci cambia. Orientano l\u2019uomo verso la vita eterna, verso ci\u00f2 che non finisce.<\/p>\n<p>Le virt\u00f9 cardinali e quelle teologali camminano insieme, certo, come due compagne di viaggio. Ma lo fanno su binari diversi. Le cardinali germogliano dalla natura umana, sono intrinsecamente legate a quella capacit\u00e0 misteriosa che ci rende liberi: il discernere, il poter scegliere, il saper trattenersi, il voler resistere. Sono virt\u00f9 che parlano la lingua della responsabilit\u00e0. Platone, nella\u00a0<strong><em>Repubblica<\/em><\/strong>, il suo dialogo sulla citt\u00e0 ideale, molto prima del cristianesimo, le immaginava come le\u00a0<strong>colonne portanti di una societ\u00e0 giusta<\/strong>: la prudenza per chi governa, la fortezza per chi difende, la temperanza come misura condivisa, e la giustizia come armonia che tiene insieme tutto l\u2019edificio.\u00a0E forse \u00e8 proprio questo il punto: le virt\u00f9 cardinali sono universali.<\/p>\n<div class=\"link-article\">\n<p><img loading=\"lazy\" decoding=\"async\" class=\"size-full wp-image-23623 alignleft\" src=\"https:\/\/blog.holyart.it\/it\/wp-content\/uploads\/sites\/17\/2026\/03\/fede-carita-speranza.jpeg\" alt=\"fede carit\u00e0 speranza\" width=\"150\" height=\"99\" data-kale-share-title=\"Le virt\u00f9 cardinali nel pensiero cristiano: un percorso tra fede e ragione\" data-kale-share-url=\"https:\/\/blog.holyart.it\/it\/?p=23621\" \/><\/p>\n<div class=\"leggi-anche\">Leggi anche:<\/div>\n<p><strong><a href=\"https:\/\/www.holyart.it\/blog\/articoli-religiosi\/fede-speranza-e-carita-virtu-teologali\/\">Fede, speranza e carit\u00e0: virt\u00f9 teologali<\/a><\/strong><br \/>\nFede, speranza e carit\u00e0 sono le tre virt\u00f9 teologali. Determinano il legame tra uomo e Dio e l\u2019agire morale&#8230;<\/p>\n<\/div>\n<p>E come si imparano? Possiamo acquisirle lentamente, attraverso l\u2019esercizio, attraverso quella ripetizione di atti buoni che, giorno dopo giorno, ci plasmano. Sono virt\u00f9 \u201cnostre\u201d in un senso quasi commovente: frutto della fatica quotidiana, delle cadute e delle risalite, di quella palestra morale che \u00e8 la vita ordinaria.\u00a0Non serve una rivelazione per capire che la prudenza \u00e8 preferibile all\u2019imprudenza, che la giustizia \u00e8 pi\u00f9 vera dell\u2019ingiustizia. Sono scritte, come direbbe San Paolo, nel cuore di ogni uomo.<\/p>\n<p>Eppure, la grazia non le lascia sole.\u00a0Il Cristianesimo insegna che anche ci\u00f2 che \u00e8 naturale pu\u00f2 essere elevato, trasfigurato, portato a compimento. Una cosa \u00e8 la prudenza del filosofo stoico, altra \u00e8 quella del cristiano, che sa di camminare alla presenza di Dio.\u00a0La giustizia umana cerca equilibrio tra gli uomini; quella cristiana non pu\u00f2 prescindere dalla giustizia divina, e da quella misericordia che la completa e la salva dal diventare pietra.<br \/>\n\u00c8 qui che accade qualcosa di straordinario: l\u2019umano non viene negato, ma assunto, come se Dio prendesse ci\u00f2 che siamo, fragili, incompleti, imperfetti, e lo portasse pi\u00f9 in alto, senza distruggerlo.<br \/>\nLe virt\u00f9 cardinali diventano allora il terreno su cui le virt\u00f9 teologali possono attecchire e dare frutto, come un\u2019orchestra, dove gli archi e i fiati dialogano, creando un\u2019armonia che nessuno strumento potrebbe produrre da solo.<\/p>\n<h2>Quali sono le 4 virt\u00f9 cardinali<\/h2>\n<h3>Prudenza<\/h3>\n<p>La\u00a0<strong>prudenza<\/strong>\u00a0viene per prima, e non \u00e8 un caso.\u00a0Essa \u00e8 una priorit\u00e0 dell\u2019anima, quella saggezza pratica che ci permette di riconoscere il bene, qui e ora, dentro le situazioni concrete, spesso ambigue, spesso imperfette.\u00a0Non \u00e8 la freddezza di chi calcola tutto fino a restare immobile, n\u00e9 la paura travestita da cautela. \u00c8, piuttosto, un\u2019intelligenza del cuore:\u00a0<strong>la capacit\u00e0 di guardare la realt\u00e0 con occhi limpidi, senza lasciarsi trascinare n\u00e9 dall\u2019impulso n\u00e9 dal panico<\/strong>. La prudenza \u00e8 la virt\u00f9 di chi cerca, ogni volta, la via giusta, quella che rispetta insieme la verit\u00e0 delle cose e la dignit\u00e0 delle persone.\u00a0I greci la chiamavano\u00a0<em>phronesis<\/em>, e la consideravano la regina delle virt\u00f9. Forse avevano intuito qualcosa di essenziale: senza discernimento, anche le intenzioni pi\u00f9 nobili rischiano di trasformarsi in danno.\u00a0E quante volte, oggi, confondiamo la prudenza con la timidezza, o peggio con l\u2019opportunismo.<br \/>\nUn cristiano prudente non \u00e8 un cristiano tiepido, \u00e8 uno che sa attendere, che distingue tra ci\u00f2 che sembra bene e ci\u00f2 che lo \u00e8 davvero, e non si lascia sedurre dalle scorciatoie.<\/p>\n<h3>Giustizia<\/h3>\n<p>Poi c\u2019\u00e8 la\u00a0<strong>giustizia<\/strong>, forse la pi\u00f9 immediata da comprendere.\u00a0\u00c8 quella disposizione ferma e costante a\u00a0<strong>dare a ciascuno il suo<\/strong>: a Dio l\u2019adorazione, al prossimo il rispetto, l\u2019aiuto, la cura. \u00c8 la virt\u00f9 che tiene insieme la comunit\u00e0 come una trama invisibile.\u00a0Platone la considerava la virt\u00f9 per eccellenza, quella che armonizza tutte le altre.<br \/>\nMa la giustizia cristiana va oltre l\u2019equilibrio matematico. Non \u00e8 solo\u00a0<em>\u201cdare il giusto\u201d<\/em>, \u00e8 ricordare che anche noi siamo debitori, che siamo fragili, che la vera giustizia non pu\u00f2 mai essere senza misericordia.\u00a0E forse il peccato pi\u00f9 subdolo \u00e8 proprio quello di chi si crede giusto e, da quella presunta altezza, condanna gli altri.<\/p>\n<h3>Fortezza<\/h3>\n<p>La\u00a0<strong>fortezza<\/strong>, invece, \u00e8 una parola che spesso immaginiamo eroica, e lo \u00e8 davvero, ma non perch\u00e9 significhi non avere paura.\u00a0La fortezza \u00e8 il\u00a0<strong>coraggio di andare avanti nonostante la paura<\/strong>. \u00c8 la virt\u00f9 dei\u00a0<strong><a href=\"https:\/\/www.holyart.it\/blog\/santi-e-beati\/santi-martiri-sacrificare-la-propria-vita-in-nome-di-dio\/\">martiri<\/a><\/strong>, certo, di chi ha dato la vita piuttosto che tradire la fede, ma \u00e8 anche la virt\u00f9 silenziosa di ogni giorno: di chi resiste alle tentazioni piccole e grandi, di chi non si lascia spezzare dalle difficolt\u00e0, di chi cade e, misteriosamente, trova la forza di rialzarsi ancora. Gli antichi la chiamavano <em>andreia<\/em>: fermezza d\u2019animo.<br \/>\nLa fortezza cristiana porta dentro una nota particolare: la pazienza. Quella capacit\u00e0 di sopportare senza perdere la speranza, sapendo che Dio, spesso, scrive diritto anche sulle righe storte della nostra storia.<\/p>\n<div class=\"link-article\">\n<p><img loading=\"lazy\" decoding=\"async\" class=\"size-full wp-image-23625 alignleft\" src=\"https:\/\/blog.holyart.it\/it\/wp-content\/uploads\/sites\/17\/2026\/03\/Santi-martiri.jpg\" alt=\"Santi martiri\" width=\"150\" height=\"99\" data-kale-share-title=\"Le virt\u00f9 cardinali nel pensiero cristiano: un percorso tra fede e ragione\" data-kale-share-url=\"https:\/\/blog.holyart.it\/it\/?p=23621\" \/><\/p>\n<div class=\"leggi-anche\">Leggi anche:<\/div>\n<p><strong><a href=\"https:\/\/www.holyart.it\/blog\/santi-e-beati\/santi-martiri-sacrificare-la-propria-vita-in-nome-di-dio\/\">Santi Martiri: sacrificare la propria vita in nome di Dio<\/a><\/strong><br \/>\nI Santi Martiri sono uomini e donne, spesso molto giovani, che hanno sacrificato la propria vita per amore&#8230;<\/p>\n<\/div>\n<h3>Temperanza<\/h3>\n<p>E infine la temperanza, l\u2019arte della misura.\u00a0In un mondo che ci spinge all\u2019eccesso, che ci spinge a travalicare i giusti confini in ogni cosa, nei consumi, nei piaceri, nelle ambizioni, perfino nelle parole, la temperanza \u00e8 quasi rivoluzionaria.\u00a0Non \u00e8 repressione, non \u00e8 disprezzo della vita: al contrario, \u00e8 la sua piena affermazione.\u00a0Perch\u00e9\u00a0<strong>solo chi sa dominare i propri desideri \u00e8 davvero libero<\/strong>. Ancora Platone aveva intuito che una citt\u00e0, come un\u2019anima, \u00e8 sana quando ogni parte sa stare al proprio posto, senza prevaricare sulle altre.<br \/>\nLa temperanza cristiana nasce dall\u2019amore per il corpo e per il mondo, non dal rifiuto. Sa che per godere veramente della vita occorre non esserne schiavi.\u00a0\u00c8 una libert\u00e0 delicata, difficile, ma luminosa.<\/p>\n<h2>Perch\u00e9 si chiamano virt\u00f9 cardinali<\/h2>\n<p>Si chiamano \u201ccardinali\u201d per un motivo bellissimo, quasi fisico.\u00a0Il termine viene dal latino\u00a0<em>cardo<\/em>: cardine, perno, asse portante. La parola stessa suggerisce una porta che ruota, una struttura che si regge su un punto centrale. In effetti queste quattro virt\u00f9 prudenza, giustizia, fortezza e temperanza, sono proprio questo: i cardini attorno ai quali ruota tutta la vita morale.\u00a0Non sono le uniche virt\u00f9. La tradizione cristiana ne custodisce molte altre, come un giardino pieno di sentieri, ma tutte, in qualche modo, riconducono qui, queste quattro fondamenta.\u00a0Sono come i punti cardinali dell\u2019anima, nord, sud, est, ovest.<br \/>\nLa vita morale non \u00e8 mai un territorio semplice, \u00e8 spesso confuso, ambiguo, pieno di sfumature. \u00c8 facile perdersi, scambiare il bene con ci\u00f2 che ci piace, con ci\u00f2 che ci conviene, con ci\u00f2 che ci risparmia fatica.<br \/>\nLe virt\u00f9 cardinali sono una\u00a0<strong>bussola<\/strong>, e la cosa sorprendente \u00e8 che questa bussola funziona per tutti, per i cristiani e per chi non lo \u00e8, per i credenti e per chi non crede. Perch\u00e9, come ricordava Papa Francesco, queste virt\u00f9 appartengono al patrimonio comune dell\u2019umanit\u00e0, sono scritte in una lingua universale, quella della\u00a0<strong>dignit\u00e0 umana<\/strong>.<\/p>\n<p>Forse \u00e8 anche per questo che, nei secoli, l\u2019arte le ha amate cos\u00ec tanto.\u00a0L\u2019<strong>iconografia cristiana<\/strong>\u00a0ha rappresentato la loro centralit\u00e0 con una fedelt\u00e0 quasi ostinata. Nei portali delle cattedrali gotiche, negli affreschi rinascimentali, nelle <a href=\"https:\/\/www.holyart.it\/blog\/articoli-religiosi\/cosa-sono-i-codici-miniati\/\"><strong>miniature dei codici medievali<\/strong><\/a>, le quattro virt\u00f9 cardinali appaiono spesso come figure femminili, donne simboliche, solenni, quasi regali.<br \/>\nLa prudenza con lo specchio e il serpente: perch\u00e9 vedere se stessi con verit\u00e0 \u00e8 gi\u00e0 un atto di saggezza.<br \/>\nLa giustizia con la bilancia e la spada: equilibrio e fermezza insieme.<br \/>\nLa fortezza con la colonna o il leone: ci\u00f2 che resiste, ci\u00f2 che non crolla.<br \/>\nLa temperanza con due anfore, mentre versa acqua nel vino: la misura, il gesto gentile che impedisce all\u2019eccesso di dominare.<\/p>\n<div class=\"link-article\">\n<p><img loading=\"lazy\" decoding=\"async\" class=\"size-full wp-image-23626 alignleft\" src=\"https:\/\/blog.holyart.it\/it\/wp-content\/uploads\/sites\/17\/2026\/03\/codici-miniati.jpeg\" alt=\"codici miniati\" width=\"150\" height=\"99\" data-kale-share-title=\"Le virt\u00f9 cardinali nel pensiero cristiano: un percorso tra fede e ragione\" data-kale-share-url=\"https:\/\/blog.holyart.it\/it\/?p=23621\" \/><\/p>\n<div class=\"leggi-anche\">Leggi anche:<\/div>\n<p><strong><a href=\"https:\/\/www.holyart.it\/blog\/articoli-religiosi\/cosa-sono-i-codici-miniati\/\">Cosa sono i codici miniati?<\/a><\/strong><br \/>\nViaggio nel mondo dei codici miniati, tesori di arte e spiritualit\u00e0 che hanno saputo raccontare oltre&#8230;<\/p>\n<\/div>\n<p>Queste immagini non erano semplici ornamenti, erano catechesi scolpite nella pietra, dipinte sugli intonaci, pensate per imprimersi nella memoria e nell\u2019immaginazione. I nostri antenati imparavano cos\u00ec che la vita cristiana non \u00e8 soltanto una questione di dogmi da credere, ma di virt\u00f9 da praticare, che la fede non vive solo nelle parole, ma nelle scelte.<br \/>\nImparavano anche un\u2019altra cosa, forse ancora pi\u00f9 profonda: che queste virt\u00f9 hanno una forma concreta, riconoscibile, quasi tangibile.\u00a0Forme che avrebbe compreso anche un filosofo greco, anche un saggio romano, perch\u00e9 parlano il linguaggio antico e sempre attuale dell\u2019umano che cerca di non perdersi.<\/p>\n<p>E forse non \u00e8 un caso che, accanto alle virt\u00f9 cardinali, la tradizione cristiana abbia sempre posto in ombra il loro opposto: i\u00a0<a href=\"https:\/\/www.holyart.it\/blog\/articoli-religiosi\/il-significato-dei-sette-peccati-capitali\/\"><strong>peccati capitali<\/strong><\/a>. Se le virt\u00f9 sono cardini che reggono l\u2019anima e la orientano, i vizi capitali sono crepe, derive, forze interiori che ci disgregano e ci trascinano lontano dal bene. Superbia, avarizia, ira, invidia, lussuria, gola e accidia non sono solo \u201ccolpe\u201d, ma smarrimenti del cuore: e proprio per questo le virt\u00f9 cardinali appaiono come una risposta concreta, quotidiana, quasi terapeutica, una bussola silenziosa contro tutto ci\u00f2 che ci fa perdere noi stessi.<\/p>\n<div class=\"link-article\">\n<p><img loading=\"lazy\" decoding=\"async\" class=\"size-full wp-image-23627 alignleft\" src=\"https:\/\/blog.holyart.it\/it\/wp-content\/uploads\/sites\/17\/2026\/03\/peccati-capitali.jpg\" alt=\"peccati capitali\" width=\"150\" height=\"99\" data-kale-share-title=\"Le virt\u00f9 cardinali nel pensiero cristiano: un percorso tra fede e ragione\" data-kale-share-url=\"https:\/\/blog.holyart.it\/it\/?p=23621\" \/><\/p>\n<div class=\"leggi-anche\">Leggi anche:<\/div>\n<p><strong><a href=\"https:\/\/www.holyart.it\/blog\/articoli-religiosi\/il-significato-dei-sette-peccati-capitali\/\">Il significato dei sette peccati capitali<\/a><\/strong><br \/>\nQual \u00e8 il significato dei sette peccati capitali? Da dove derivano, come sono stati definiti nella storia&#8230;<\/p>\n<\/div>\n","protected":false},"excerpt":{"rendered":"<p>Prudenza, giustizia, fortezza e temperanza: le virt\u00f9 cardinali sorreggono la vita come colonne invisibili, tra scelta, misura e verit\u00e0. Conosciamole C\u2019\u00e8 qualcosa che caratterizza l&#8217;essere umano, rispetto alle altre specie animali. Pi\u00f9 di una cosa, naturalmente, ma questa ci rende uno speciale onore: l&#8217;anelito profondamente&hellip;<\/p>\n","protected":false},"author":1,"featured_media":23630,"comment_status":"closed","ping_status":"open","sticky":false,"template":"","format":"standard","meta":{"_acf_changed":false,"footnotes":""},"categories":[16],"tags":[],"class_list":["post-23621","post","type-post","status-publish","format-standard","has-post-thumbnail","hentry","category-articoli-religiosi"],"acf":[],"yoast_head":"<!-- This site is optimized with the Yoast SEO plugin v26.6 - https:\/\/yoast.com\/wordpress\/plugins\/seo\/ -->\n<title>Le virt\u00f9 cardinali nel pensiero cristiano: un percorso tra fede e ragione - Holyblog<\/title>\n<meta name=\"description\" content=\"Le virt\u00f9 cardinali insegnano l\u2019arte del vivere cristiano: pensare con saggezza, agire con giustizia, resistere con forza, amare la misura\" \/>\n<meta name=\"robots\" content=\"index, follow, max-snippet:-1, max-image-preview:large, max-video-preview:-1\" \/>\n<link rel=\"canonical\" href=\"https:\/\/blog.holyart.it\/it\/articoli-religiosi\/le-virtu-cardinali-nel-pensiero-cristiano-un-percorso-tra-fede-e-ragione\/\" \/>\n<meta property=\"og:locale\" content=\"it_IT\" \/>\n<meta property=\"og:type\" content=\"article\" \/>\n<meta property=\"og:title\" content=\"Le virt\u00f9 cardinali nel pensiero cristiano: un percorso tra fede e ragione - Holyblog\" \/>\n<meta property=\"og:description\" content=\"Le virt\u00f9 cardinali insegnano l\u2019arte del vivere cristiano: pensare con saggezza, agire con giustizia, resistere con forza, amare la misura\" \/>\n<meta property=\"og:url\" content=\"https:\/\/blog.holyart.it\/it\/articoli-religiosi\/le-virtu-cardinali-nel-pensiero-cristiano-un-percorso-tra-fede-e-ragione\/\" \/>\n<meta property=\"og:site_name\" content=\"Holyblog\" \/>\n<meta property=\"article:published_time\" content=\"2026-04-08T08:00:41+00:00\" \/>\n<meta property=\"og:image\" content=\"https:\/\/blog.holyart.it\/it\/wp-content\/uploads\/sites\/17\/2026\/03\/virtu-cardinali.jpg\" \/>\n\t<meta property=\"og:image:width\" content=\"1000\" \/>\n\t<meta property=\"og:image:height\" content=\"666\" \/>\n\t<meta property=\"og:image:type\" content=\"image\/jpeg\" \/>\n<meta name=\"author\" content=\"Redazione\" \/>\n<meta name=\"twitter:card\" content=\"summary_large_image\" \/>\n<meta name=\"twitter:label1\" content=\"Scritto da\" \/>\n\t<meta name=\"twitter:data1\" content=\"Redazione\" \/>\n\t<meta name=\"twitter:label2\" content=\"Tempo di lettura stimato\" \/>\n\t<meta name=\"twitter:data2\" content=\"13 minuti\" \/>\n<script type=\"application\/ld+json\" class=\"yoast-schema-graph\">{\"@context\":\"https:\/\/schema.org\",\"@graph\":[{\"@type\":\"Article\",\"@id\":\"https:\/\/blog.holyart.it\/it\/articoli-religiosi\/le-virtu-cardinali-nel-pensiero-cristiano-un-percorso-tra-fede-e-ragione\/#article\",\"isPartOf\":{\"@id\":\"https:\/\/blog.holyart.it\/it\/articoli-religiosi\/le-virtu-cardinali-nel-pensiero-cristiano-un-percorso-tra-fede-e-ragione\/\"},\"author\":{\"name\":\"Redazione\",\"@id\":\"https:\/\/blog.holyart.it\/it\/#\/schema\/person\/0a7b686e5af0f856ec1e390dd0baecda\"},\"headline\":\"Le virt\u00f9 cardinali nel pensiero cristiano: un percorso tra fede e ragione\",\"datePublished\":\"2026-04-08T08:00:41+00:00\",\"mainEntityOfPage\":{\"@id\":\"https:\/\/blog.holyart.it\/it\/articoli-religiosi\/le-virtu-cardinali-nel-pensiero-cristiano-un-percorso-tra-fede-e-ragione\/\"},\"wordCount\":2078,\"publisher\":{\"@id\":\"https:\/\/blog.holyart.it\/it\/#organization\"},\"image\":{\"@id\":\"https:\/\/blog.holyart.it\/it\/articoli-religiosi\/le-virtu-cardinali-nel-pensiero-cristiano-un-percorso-tra-fede-e-ragione\/#primaryimage\"},\"thumbnailUrl\":\"https:\/\/blog.holyart.it\/it\/wp-content\/uploads\/sites\/17\/2026\/03\/virtu-cardinali.jpg\",\"articleSection\":[\"Religione\"],\"inLanguage\":\"it-IT\"},{\"@type\":\"WebPage\",\"@id\":\"https:\/\/blog.holyart.it\/it\/articoli-religiosi\/le-virtu-cardinali-nel-pensiero-cristiano-un-percorso-tra-fede-e-ragione\/\",\"url\":\"https:\/\/blog.holyart.it\/it\/articoli-religiosi\/le-virtu-cardinali-nel-pensiero-cristiano-un-percorso-tra-fede-e-ragione\/\",\"name\":\"Le virt\u00f9 cardinali nel pensiero cristiano: un percorso tra fede e ragione - Holyblog\",\"isPartOf\":{\"@id\":\"https:\/\/blog.holyart.it\/it\/#website\"},\"primaryImageOfPage\":{\"@id\":\"https:\/\/blog.holyart.it\/it\/articoli-religiosi\/le-virtu-cardinali-nel-pensiero-cristiano-un-percorso-tra-fede-e-ragione\/#primaryimage\"},\"image\":{\"@id\":\"https:\/\/blog.holyart.it\/it\/articoli-religiosi\/le-virtu-cardinali-nel-pensiero-cristiano-un-percorso-tra-fede-e-ragione\/#primaryimage\"},\"thumbnailUrl\":\"https:\/\/blog.holyart.it\/it\/wp-content\/uploads\/sites\/17\/2026\/03\/virtu-cardinali.jpg\",\"datePublished\":\"2026-04-08T08:00:41+00:00\",\"description\":\"Le virt\u00f9 cardinali insegnano l\u2019arte del vivere cristiano: pensare con saggezza, agire con giustizia, resistere con forza, amare la misura\",\"breadcrumb\":{\"@id\":\"https:\/\/blog.holyart.it\/it\/articoli-religiosi\/le-virtu-cardinali-nel-pensiero-cristiano-un-percorso-tra-fede-e-ragione\/#breadcrumb\"},\"inLanguage\":\"it-IT\",\"potentialAction\":[{\"@type\":\"ReadAction\",\"target\":[\"https:\/\/blog.holyart.it\/it\/articoli-religiosi\/le-virtu-cardinali-nel-pensiero-cristiano-un-percorso-tra-fede-e-ragione\/\"]}]},{\"@type\":\"ImageObject\",\"inLanguage\":\"it-IT\",\"@id\":\"https:\/\/blog.holyart.it\/it\/articoli-religiosi\/le-virtu-cardinali-nel-pensiero-cristiano-un-percorso-tra-fede-e-ragione\/#primaryimage\",\"url\":\"https:\/\/blog.holyart.it\/it\/wp-content\/uploads\/sites\/17\/2026\/03\/virtu-cardinali.jpg\",\"contentUrl\":\"https:\/\/blog.holyart.it\/it\/wp-content\/uploads\/sites\/17\/2026\/03\/virtu-cardinali.jpg\",\"width\":1000,\"height\":666,\"caption\":\"virt\u00f9 cardinali\"},{\"@type\":\"BreadcrumbList\",\"@id\":\"https:\/\/blog.holyart.it\/it\/articoli-religiosi\/le-virtu-cardinali-nel-pensiero-cristiano-un-percorso-tra-fede-e-ragione\/#breadcrumb\",\"itemListElement\":[{\"@type\":\"ListItem\",\"position\":1,\"name\":\"Homepage\",\"item\":\"https:\/\/blog.holyart.it\/it\/\"},{\"@type\":\"ListItem\",\"position\":2,\"name\":\"Religione\",\"item\":\"https:\/\/blog.holyart.it\/it\/articoli-religiosi\/\"},{\"@type\":\"ListItem\",\"position\":3,\"name\":\"Le virt\u00f9 cardinali nel pensiero cristiano: un percorso tra fede e ragione\"}]},{\"@type\":\"WebSite\",\"@id\":\"https:\/\/blog.holyart.it\/it\/#website\",\"url\":\"https:\/\/blog.holyart.it\/it\/\",\"name\":\"Holyblog\",\"description\":\"Il Blog di Holyart.it\",\"publisher\":{\"@id\":\"https:\/\/blog.holyart.it\/it\/#organization\"},\"potentialAction\":[{\"@type\":\"SearchAction\",\"target\":{\"@type\":\"EntryPoint\",\"urlTemplate\":\"https:\/\/blog.holyart.it\/it\/?s={search_term_string}\"},\"query-input\":{\"@type\":\"PropertyValueSpecification\",\"valueRequired\":true,\"valueName\":\"search_term_string\"}}],\"inLanguage\":\"it-IT\"},{\"@type\":\"Organization\",\"@id\":\"https:\/\/blog.holyart.it\/it\/#organization\",\"name\":\"Holyblog\",\"url\":\"https:\/\/blog.holyart.it\/it\/\",\"logo\":{\"@type\":\"ImageObject\",\"inLanguage\":\"it-IT\",\"@id\":\"https:\/\/blog.holyart.it\/it\/#\/schema\/logo\/image\/\",\"url\":\"https:\/\/blog.holyart.it\/it\/wp-content\/uploads\/sites\/17\/2022\/12\/Holyart_Blog_Logo.jpg\",\"contentUrl\":\"https:\/\/blog.holyart.it\/it\/wp-content\/uploads\/sites\/17\/2022\/12\/Holyart_Blog_Logo.jpg\",\"width\":300,\"height\":50,\"caption\":\"Holyblog\"},\"image\":{\"@id\":\"https:\/\/blog.holyart.it\/it\/#\/schema\/logo\/image\/\"}},{\"@type\":\"Person\",\"@id\":\"https:\/\/blog.holyart.it\/it\/#\/schema\/person\/0a7b686e5af0f856ec1e390dd0baecda\",\"name\":\"Redazione\"}]}<\/script>\n<!-- \/ Yoast SEO plugin. -->","yoast_head_json":{"title":"Le virt\u00f9 cardinali nel pensiero cristiano: un percorso tra fede e ragione - Holyblog","description":"Le virt\u00f9 cardinali insegnano l\u2019arte del vivere cristiano: pensare con saggezza, agire con giustizia, resistere con forza, amare la misura","robots":{"index":"index","follow":"follow","max-snippet":"max-snippet:-1","max-image-preview":"max-image-preview:large","max-video-preview":"max-video-preview:-1"},"canonical":"https:\/\/blog.holyart.it\/it\/articoli-religiosi\/le-virtu-cardinali-nel-pensiero-cristiano-un-percorso-tra-fede-e-ragione\/","og_locale":"it_IT","og_type":"article","og_title":"Le virt\u00f9 cardinali nel pensiero cristiano: un percorso tra fede e ragione - Holyblog","og_description":"Le virt\u00f9 cardinali insegnano l\u2019arte del vivere cristiano: pensare con saggezza, agire con giustizia, resistere con forza, amare la misura","og_url":"https:\/\/blog.holyart.it\/it\/articoli-religiosi\/le-virtu-cardinali-nel-pensiero-cristiano-un-percorso-tra-fede-e-ragione\/","og_site_name":"Holyblog","article_published_time":"2026-04-08T08:00:41+00:00","og_image":[{"width":1000,"height":666,"url":"https:\/\/blog.holyart.it\/it\/wp-content\/uploads\/sites\/17\/2026\/03\/virtu-cardinali.jpg","type":"image\/jpeg"}],"author":"Redazione","twitter_card":"summary_large_image","twitter_misc":{"Scritto da":"Redazione","Tempo di lettura stimato":"13 minuti"},"schema":{"@context":"https:\/\/schema.org","@graph":[{"@type":"Article","@id":"https:\/\/blog.holyart.it\/it\/articoli-religiosi\/le-virtu-cardinali-nel-pensiero-cristiano-un-percorso-tra-fede-e-ragione\/#article","isPartOf":{"@id":"https:\/\/blog.holyart.it\/it\/articoli-religiosi\/le-virtu-cardinali-nel-pensiero-cristiano-un-percorso-tra-fede-e-ragione\/"},"author":{"name":"Redazione","@id":"https:\/\/blog.holyart.it\/it\/#\/schema\/person\/0a7b686e5af0f856ec1e390dd0baecda"},"headline":"Le virt\u00f9 cardinali nel pensiero cristiano: un percorso tra fede e ragione","datePublished":"2026-04-08T08:00:41+00:00","mainEntityOfPage":{"@id":"https:\/\/blog.holyart.it\/it\/articoli-religiosi\/le-virtu-cardinali-nel-pensiero-cristiano-un-percorso-tra-fede-e-ragione\/"},"wordCount":2078,"publisher":{"@id":"https:\/\/blog.holyart.it\/it\/#organization"},"image":{"@id":"https:\/\/blog.holyart.it\/it\/articoli-religiosi\/le-virtu-cardinali-nel-pensiero-cristiano-un-percorso-tra-fede-e-ragione\/#primaryimage"},"thumbnailUrl":"https:\/\/blog.holyart.it\/it\/wp-content\/uploads\/sites\/17\/2026\/03\/virtu-cardinali.jpg","articleSection":["Religione"],"inLanguage":"it-IT"},{"@type":"WebPage","@id":"https:\/\/blog.holyart.it\/it\/articoli-religiosi\/le-virtu-cardinali-nel-pensiero-cristiano-un-percorso-tra-fede-e-ragione\/","url":"https:\/\/blog.holyart.it\/it\/articoli-religiosi\/le-virtu-cardinali-nel-pensiero-cristiano-un-percorso-tra-fede-e-ragione\/","name":"Le virt\u00f9 cardinali nel pensiero cristiano: un percorso tra fede e ragione - Holyblog","isPartOf":{"@id":"https:\/\/blog.holyart.it\/it\/#website"},"primaryImageOfPage":{"@id":"https:\/\/blog.holyart.it\/it\/articoli-religiosi\/le-virtu-cardinali-nel-pensiero-cristiano-un-percorso-tra-fede-e-ragione\/#primaryimage"},"image":{"@id":"https:\/\/blog.holyart.it\/it\/articoli-religiosi\/le-virtu-cardinali-nel-pensiero-cristiano-un-percorso-tra-fede-e-ragione\/#primaryimage"},"thumbnailUrl":"https:\/\/blog.holyart.it\/it\/wp-content\/uploads\/sites\/17\/2026\/03\/virtu-cardinali.jpg","datePublished":"2026-04-08T08:00:41+00:00","description":"Le virt\u00f9 cardinali insegnano l\u2019arte del vivere cristiano: pensare con saggezza, agire con giustizia, resistere con forza, amare la misura","breadcrumb":{"@id":"https:\/\/blog.holyart.it\/it\/articoli-religiosi\/le-virtu-cardinali-nel-pensiero-cristiano-un-percorso-tra-fede-e-ragione\/#breadcrumb"},"inLanguage":"it-IT","potentialAction":[{"@type":"ReadAction","target":["https:\/\/blog.holyart.it\/it\/articoli-religiosi\/le-virtu-cardinali-nel-pensiero-cristiano-un-percorso-tra-fede-e-ragione\/"]}]},{"@type":"ImageObject","inLanguage":"it-IT","@id":"https:\/\/blog.holyart.it\/it\/articoli-religiosi\/le-virtu-cardinali-nel-pensiero-cristiano-un-percorso-tra-fede-e-ragione\/#primaryimage","url":"https:\/\/blog.holyart.it\/it\/wp-content\/uploads\/sites\/17\/2026\/03\/virtu-cardinali.jpg","contentUrl":"https:\/\/blog.holyart.it\/it\/wp-content\/uploads\/sites\/17\/2026\/03\/virtu-cardinali.jpg","width":1000,"height":666,"caption":"virt\u00f9 cardinali"},{"@type":"BreadcrumbList","@id":"https:\/\/blog.holyart.it\/it\/articoli-religiosi\/le-virtu-cardinali-nel-pensiero-cristiano-un-percorso-tra-fede-e-ragione\/#breadcrumb","itemListElement":[{"@type":"ListItem","position":1,"name":"Homepage","item":"https:\/\/blog.holyart.it\/it\/"},{"@type":"ListItem","position":2,"name":"Religione","item":"https:\/\/blog.holyart.it\/it\/articoli-religiosi\/"},{"@type":"ListItem","position":3,"name":"Le virt\u00f9 cardinali nel pensiero cristiano: un percorso tra fede e ragione"}]},{"@type":"WebSite","@id":"https:\/\/blog.holyart.it\/it\/#website","url":"https:\/\/blog.holyart.it\/it\/","name":"Holyblog","description":"Il Blog di Holyart.it","publisher":{"@id":"https:\/\/blog.holyart.it\/it\/#organization"},"potentialAction":[{"@type":"SearchAction","target":{"@type":"EntryPoint","urlTemplate":"https:\/\/blog.holyart.it\/it\/?s={search_term_string}"},"query-input":{"@type":"PropertyValueSpecification","valueRequired":true,"valueName":"search_term_string"}}],"inLanguage":"it-IT"},{"@type":"Organization","@id":"https:\/\/blog.holyart.it\/it\/#organization","name":"Holyblog","url":"https:\/\/blog.holyart.it\/it\/","logo":{"@type":"ImageObject","inLanguage":"it-IT","@id":"https:\/\/blog.holyart.it\/it\/#\/schema\/logo\/image\/","url":"https:\/\/blog.holyart.it\/it\/wp-content\/uploads\/sites\/17\/2022\/12\/Holyart_Blog_Logo.jpg","contentUrl":"https:\/\/blog.holyart.it\/it\/wp-content\/uploads\/sites\/17\/2022\/12\/Holyart_Blog_Logo.jpg","width":300,"height":50,"caption":"Holyblog"},"image":{"@id":"https:\/\/blog.holyart.it\/it\/#\/schema\/logo\/image\/"}},{"@type":"Person","@id":"https:\/\/blog.holyart.it\/it\/#\/schema\/person\/0a7b686e5af0f856ec1e390dd0baecda","name":"Redazione"}]}},"_links":{"self":[{"href":"https:\/\/blog.holyart.it\/it\/wp-json\/wp\/v2\/posts\/23621","targetHints":{"allow":["GET"]}}],"collection":[{"href":"https:\/\/blog.holyart.it\/it\/wp-json\/wp\/v2\/posts"}],"about":[{"href":"https:\/\/blog.holyart.it\/it\/wp-json\/wp\/v2\/types\/post"}],"author":[{"embeddable":true,"href":"https:\/\/blog.holyart.it\/it\/wp-json\/wp\/v2\/users\/1"}],"replies":[{"embeddable":true,"href":"https:\/\/blog.holyart.it\/it\/wp-json\/wp\/v2\/comments?post=23621"}],"version-history":[{"count":3,"href":"https:\/\/blog.holyart.it\/it\/wp-json\/wp\/v2\/posts\/23621\/revisions"}],"predecessor-version":[{"id":23629,"href":"https:\/\/blog.holyart.it\/it\/wp-json\/wp\/v2\/posts\/23621\/revisions\/23629"}],"wp:featuredmedia":[{"embeddable":true,"href":"https:\/\/blog.holyart.it\/it\/wp-json\/wp\/v2\/media\/23630"}],"wp:attachment":[{"href":"https:\/\/blog.holyart.it\/it\/wp-json\/wp\/v2\/media?parent=23621"}],"wp:term":[{"taxonomy":"category","embeddable":true,"href":"https:\/\/blog.holyart.it\/it\/wp-json\/wp\/v2\/categories?post=23621"},{"taxonomy":"post_tag","embeddable":true,"href":"https:\/\/blog.holyart.it\/it\/wp-json\/wp\/v2\/tags?post=23621"}],"curies":[{"name":"wp","href":"https:\/\/api.w.org\/{rel}","templated":true}]}}