{"id":23456,"date":"2026-03-23T10:00:00","date_gmt":"2026-03-23T09:00:00","guid":{"rendered":"https:\/\/blog.holyart.it\/it\/?p=23456"},"modified":"2026-02-06T15:24:48","modified_gmt":"2026-02-06T14:24:48","slug":"la-storia-dei-sette-dormienti-di-efeso","status":"publish","type":"post","link":"https:\/\/blog.holyart.it\/it\/articoli-religiosi\/la-storia-dei-sette-dormienti-di-efeso\/","title":{"rendered":"La storia dei sette dormienti di Efeso"},"content":{"rendered":"<h4>I Sette Dormienti di Efeso: una storia fiabesca di fede, coraggio e speranza eterna<\/h4>\n<p>L&#8217;agiografia cristiana \u00e8 come un mare vasto e mutevole, dove storie di uomini e donne, le cui vicende umane sono state documentate dai cronisti di ogni epoca, si mescolano con leggende e racconti popolari. Alcune di queste storie assomigliano pi\u00f9 a favole, eppure, forse proprio per questo, restano capaci di guidare i nostri cuori attraverso le tempeste della vita, nonostante lo scorrere del tempo. La leggenda dei\u00a0<strong>Sette Dormienti di Efeso<\/strong>\u00a0\u00e8 una di queste: un racconto popolare dai toni magici, che unisce il respiro della fede alla promessa della\u00a0<strong><a href=\"https:\/\/www.holyart.it\/blog\/articoli-religiosi\/la-storia-di-gesu-gli-eventi-piu-importanti-della-sua-vita\/#Resurrezione_e_Ascensione_diGesu\">resurrezione di Cristo<\/a>. <\/strong>Ancora oggi questa vicenda\u00a0ispira devozione e stupore, grazie alle antiche icone russe che la rappresentano, una delle pi\u00f9 celebri conservata al primo piano della\u00a0<strong>Galleria degli Uffizi<\/strong>, nella Sala delle <a href=\"https:\/\/www.holyart.it\/it\/articoli-religiosi\/icone-sacre\"><strong>Icone dei Santi<\/strong><\/a>.<\/p>\n<div class=\"link-product\">\n<div class=\"blocco-immagine\"><img loading=\"lazy\" decoding=\"async\" class=\"size-full wp-image-23458 alignleft\" src=\"https:\/\/blog.holyart.it\/it\/wp-content\/uploads\/sites\/17\/2026\/02\/icona-san-giovanni-evangelista-ovale.jpg\" alt=\"icona san giovanni evangelista ovale\" width=\"100\" height=\"100\" data-kale-share-title=\"La storia dei sette dormienti di Efeso\" data-kale-share-url=\"https:\/\/blog.holyart.it\/it\/?p=23456\" \/><\/div>\n<div class=\"blocco-contenuto\">\n<div class=\"blocco-acquista\">Acquista su Holyart:<\/div>\n<div class=\"blocco-titolo\"><a href=\"https:\/\/www.holyart.it\/it\/articoli-religiosi\/icone-sacre\">Icone Sacre<\/a><\/div>\n<div class=\"blocco-descrizione\">Icone dipinte a mano secondo il metodo tradizionale, icone antiche russe e icone moderne, icone serigrafate, icone a croce e icone con placca in argento e oro con riza.<\/div>\n<\/div>\n<\/div>\n<h2>Chi erano i dormienti di Efeso?<\/h2>\n<p>Questa storia che ha il profumo di una favola, ha come teatro il III secolo d.C., quando l\u2019imperatore Decio, custode degli antichi culti pagani, scaten\u00f2 una delle persecuzioni pi\u00f9 dure di tutti i tempi. Era fatto obbligo a ogni cittadino di offrire sacrifici agli d\u00e8i di Roma Chiunque rifiutasse di adempiere a questo dovere veniva accusato di tradimento e giustiziato. In questo clima di paura e oppressione vivono sette giovani soldati di Efeso:\u00a0<strong>Costantino<\/strong>,\u00a0<strong>Dionisio<\/strong>,\u00a0<strong>Giovanni<\/strong>,\u00a0<strong>Massimiano<\/strong>,\u00a0<strong>Malco<\/strong>,\u00a0<strong>Marciano<\/strong>\u00a0e\u00a0<strong>Serapione<\/strong>. Sono solo ragazzi, ma forti, addestrati alle armi, e soprattutto saldi nella fede cristiana, che praticano segretamente.<br \/>\nQuando la loro fede in Cristo viene scoperta, i sette sono degradati e convocati davanti al tribunale. Viene offerta loro una via di fuga, la possibilit\u00e0 di avere salva la vita: <a href=\"https:\/\/www.holyart.it\/it\/prodotti-consumabili\/incensi\"><strong>bruciare incenso<\/strong><\/a> agli d\u00e8i. I sette ragazzi rifiutano. Per loro, quel gesto significherebbe tradire la propria anima. Scelgono Ges\u00f9 e il Vangelo, e sono pronti a morire.<\/p>\n<div class=\"link-product\">\n<div class=\"blocco-immagine\"><img loading=\"lazy\" decoding=\"async\" class=\"size-full wp-image-23459 alignleft\" src=\"https:\/\/blog.holyart.it\/it\/wp-content\/uploads\/sites\/17\/2026\/02\/incenso-pontifical-19-500-gr.jpg\" alt=\"incenso pontifical 19 500 gr.\" width=\"100\" height=\"100\" data-kale-share-title=\"La storia dei sette dormienti di Efeso\" data-kale-share-url=\"https:\/\/blog.holyart.it\/it\/?p=23456\" \/><\/div>\n<div class=\"blocco-contenuto\">\n<div class=\"blocco-acquista\">Acquista su Holyart:<\/div>\n<div class=\"blocco-titolo\"><a href=\"https:\/\/www.holyart.it\/it\/prodotti-consumabili\/incensi\">Incensi<\/a><\/div>\n<div class=\"blocco-descrizione\">Incensi naturali, miscele di incenso, incensi liturgici, incensi profumati, incenso in grani e balsami ed essenze.<\/div>\n<\/div>\n<\/div>\n<p>Forse in virt\u00f9 della loro giovinezza e del loro valore, forse nella speranza che si ravvedano e tornino sulle proprie posizioni, i sette ragazzi vengono liberati temporaneamente. Ma loro restano saldi nella fede, uniti nell&#8217;amicizia, e si rifugiano in una grotta nascosta tra le asperit\u00e0 del monte Celion. Quel luogo impervio diventa per loro rifugio e altare, un luogo in cui vivere pienamente la propria devozione. Uno di loro,\u00a0<strong>Malco<\/strong>, si avventura talvolta in citt\u00e0 per comprare il cibo, travestito da mendicante.<br \/>\nMa le autorit\u00e0 scoprono presto il nascondiglio. Mentre i ragazzi dormono all&#8217;interno, emissari dell&#8217;Imperatore risalgono le pendici del monte Celion e murano l&#8217;ingresso della grotta, condannando i sette giovani a morire di fame. Il rifugio \u00e8 diventato una prigione e una tomba.<br \/>\nMa \u00e8 proprio <a href=\"https:\/\/www.holyart.it\/blog\/articoli-religiosi\/i-miracoli-cosa-sono-e-come-vengono-classificati\/\"><strong>nella notte pi\u00f9 buia che avvengono i miracoli<\/strong><\/a> pi\u00f9 luminosi: i sette non muoiono. Cadono in un sonno misterioso, profondo, cullati dalla speranza e custoditi dall&#8217;amore di Dio. E cos\u00ec, come solo nelle fiabe pu\u00f2 accadere, passano duecento anni. Il mondo \u00e8 cambiato. L\u2019imperatore\u00a0<strong>Costantino<\/strong>, con l&#8217;editto di Milano, ha legalizzato il Cristianesimo. L&#8217;impero professa quella stessa fede che un tempo perseguitava.<\/p>\n<div class=\"link-article\">\n<p><img loading=\"lazy\" decoding=\"async\" class=\"size-full wp-image-23460 alignleft\" src=\"https:\/\/blog.holyart.it\/it\/wp-content\/uploads\/sites\/17\/2026\/02\/miracoli.jpg\" alt=\"miracoli\" width=\"150\" height=\"99\" data-kale-share-title=\"La storia dei sette dormienti di Efeso\" data-kale-share-url=\"https:\/\/blog.holyart.it\/it\/?p=23456\" \/><\/p>\n<div class=\"leggi-anche\">Leggi anche:<\/div>\n<p><strong><a href=\"https:\/\/www.holyart.it\/blog\/articoli-religiosi\/i-miracoli-cosa-sono-e-come-vengono-classificati\/\">I miracoli: cosa sono e come vengono classificati<\/a><\/strong><br \/>\nGuarigioni ed esorcismi, apparizioni, dominio sulla natura, fino alla resurrezione dei morti&#8230;<\/p>\n<\/div>\n<p>Durante il regno di Teodosio II, alcuni muratori che lavorano nei pressi del monte Celion, abbattono casualmente una parete in muratura. Alla luce che filtra dalle prima fenditure scorgono sette corpi. Sono i sette dormienti di Efeso, intatti, sereni, addormentati come il giorno in cui vi erano entrati. Forse a causa del trambusto fatto dai muratori i ragazzi si ridestano, come se fosse trascorsa solo una notte da quando si sono sdraiati.\u00a0Ignari del tempo trascorso, mandano Malco in citt\u00e0 per acquistare del pane. Il giovane per primo scopre che il mondo che lui e i suoi compagni conoscevano, quel <a href=\"https:\/\/www.holyart.it\/blog\/santi-e-beati\/santi-martiri-sacrificare-la-propria-vita-in-nome-di-dio\/\"><strong>mondo di orrori in cui essere cristiani significava morire<\/strong><\/a>, non esiste pi\u00f9. Ci sono torri sormontate da croci, chiese aperte, cristiani che pregano liberamente alla luce del sole. Quando Malco offre in cambio del cibo monete coniate ai tempi di Decio, il venditore \u00e8 colto da meraviglia e sospetto e lo conduce dal vescovo. La verit\u00e0 viene svelata e subito si grida al miracolo. I sette giovani dormienti sono una testimonianza vivente della potenza di Dio, segno concreto della\u00a0<strong>resurrezione di Cristo<\/strong>. L\u2019eco dell\u2019evento si diffonde rapidamente, passando di bocca in bocca, di citt\u00e0 in citt\u00e0. Per i cristiani del tempo, i Sette Dormienti sono prova tangibile che il corpo pu\u00f2 essere preservato e richiamato alla vita da Dio stesso. In un\u2019epoca in cui si dibatteva riguardo la resurrezione dei morti, il loro risveglio diventa per molti un conforto spirituale, per altri un argomento teologico fondamentale.<\/p>\n<div class=\"link-article\">\n<p><img loading=\"lazy\" decoding=\"async\" class=\"size-full wp-image-23461 alignleft\" src=\"https:\/\/blog.holyart.it\/it\/wp-content\/uploads\/sites\/17\/2026\/02\/Santi-martiri.jpg\" alt=\"Santi martiri\" width=\"150\" height=\"99\" data-kale-share-title=\"La storia dei sette dormienti di Efeso\" data-kale-share-url=\"https:\/\/blog.holyart.it\/it\/?p=23456\" \/><\/p>\n<div class=\"leggi-anche\">Leggi anche:<\/div>\n<p><strong><a href=\"https:\/\/www.holyart.it\/blog\/santi-e-beati\/santi-martiri-sacrificare-la-propria-vita-in-nome-di-dio\/\">Santi Martiri: sacrificare la propria vita in nome di Dio<\/a><\/strong><br \/>\nI Santi Martiri sono uomini e donne, spesso molto giovani, che hanno sacrificato la propria vita per amore di Dio&#8230;<\/p>\n<\/div>\n<p>Si racconta che, il giorno stesso del loro miracoloso risveglio, i sette giovani si addormentarono per sempre, questa volta nel sonno che attende la vita eterna. L\u2019imperatore Teodosio II, al quale i sette sarebbero apparsi in sogno, ordin\u00f2 che fossero sepolti con onore nella stessa caverna che li aveva ospitati per duecento anni, in una tomba rivestita di pietre dorate, segno visibile di gloria e venerazione. Secondo la\u00a0<strong>Legenda Aurea<\/strong>\u00a0questo sarebbe stato il loro ultimo desiderio, essere lasciati nella loro grotta, affinch\u00e9 quel luogo restasse custode del loro corpo fino al giorno della resurrezione finale.<\/p>\n<p>La chiesa cattolica li annovera tra i santi e celebra la loro memoria liturgica il\u00a0<strong>27 luglio<\/strong>. La Chiesa Ortodossa li ricorda il 4 agosto e il 22 ottobre. Infatti il loro culto non rest\u00f2 confinato nelle terre del Mediterraneo, ma diede vita nel tempo a una venerazione condivisa che attraversa i confini del cristianesimo orientale e occidentale. Nel mondo slavo questa devozione trov\u00f2 espressione nelle splendide\u00a0<a href=\"https:\/\/www.holyart.it\/it\/articoli-religiosi\/icone-sacre\/icone-russe-antiche\/icona-antica-russia-i-sette-dormienti-di-efeso-xix-sec-26-5x22-cm\"><strong>icone russe<\/strong><\/a>.\u00a0Queste icone, spesso di piccolo formato, destinate alla devozione domestica, mostrano i sette giovani distesi nella grotta, i volti pacifici, circondati da simboli della protezione divina. Non sono ritratti nella morte, ma nell\u2019attesa: i loro occhi chiusi non hanno smesso di contemplare la luce di Dio, i corpi abbandonati suggeriscono pace, piena fiducia della Sua protezione. Sullo sfondo, la citt\u00e0 di Efeso, con mura e torri, ricorda il legame tra la storia terrena e il mistero celeste.<br \/>\nUn esempio straordinario \u00e8 l\u2019icona russa conservata nella Sala delle Icone dei Santi, della\u00a0<strong>Galleria degli Uffizi<\/strong>. Realizzata nel XVIII secolo, unisce il linguaggio simbolico dell\u2019iconografia ortodossa con il gusto barocco.<\/p>\n<div class=\"link-product\">\n<div class=\"blocco-immagine\"><img loading=\"lazy\" decoding=\"async\" class=\"size-full wp-image-23462 alignleft\" src=\"https:\/\/blog.holyart.it\/it\/wp-content\/uploads\/sites\/17\/2026\/02\/icona-antica-russia-i-sette-dormienti-di-efeso-xix-sec-26-5x22-cm.jpg\" alt=\"icona antica russia i sette dormienti di efeso xix sec 26,5x22 cm\" width=\"100\" height=\"100\" data-kale-share-title=\"La storia dei sette dormienti di Efeso\" data-kale-share-url=\"https:\/\/blog.holyart.it\/it\/?p=23456\" \/><\/div>\n<div class=\"blocco-contenuto\">\n<div class=\"blocco-acquista\">Acquista su Holyart:<\/div>\n<div class=\"blocco-titolo\"><a href=\"https:\/\/www.holyart.it\/it\/articoli-religiosi\/icone-sacre\/icone-russe-antiche\/icona-antica-russia-i-sette-dormienti-di-efeso-xix-sec-26-5x22-cm\">Icona antica Russia i Sette Dormienti di Efeso XIX sec 26,5&#215;22 cm<\/a><\/div>\n<div class=\"blocco-descrizione\">I Sette Dormienti di Efeso riposano in pace, aspettando in pace il giorno della risurrezione.<\/div>\n<\/div>\n<\/div>\n<p>Il fascino della vicenda supera persino i confini della cristianit\u00e0.\u00a0Nel\u00a0<strong>Corano<\/strong>, la storia dei dormienti \u00e8 narrata nella\u00a0<em>Sura della Caverna<\/em>, con alcune varianti: il numero esatto dei giovani non \u00e8 definito, e con loro compare un cane, Qitmir, fedele custode dell\u2019ingresso. Anche in questa tradizione, il sonno miracoloso \u00e8 segno del potere divino e della protezione riservata a chi crede.<br \/>\nNei secoli, il racconto ha ispirato cronache, sermoni, opere letterarie.\u00a0<strong><em>La Legenda Aurea<\/em><\/strong>\u00a0di Jacopo da Varazze ne ha fissato la versione pi\u00f9 diffusa in Occidente.<br \/>\nMolti scrittori l\u2019anno citata e rielaborata nelle proprie opere letterarie, come Borges, che vi ha letto la simbologia del tempo sospeso, della memoria che sopravvive oltre le epoche.\u00a0Al di l\u00e0 delle interpretazioni, il messaggio resta immutato:\u00a0<strong>la morte non \u00e8 la fine<\/strong>, la fede in Dio non \u00e8 mai vana. Costantino, Dionisio, Giovanni, Massimiano, Malco, Marciano e Serapione non sono solo testimoni di un miracolo antico. Come loro si sono risvegliati in un mondo trasformato, cos\u00ec ogni cristiano attende il giorno in cui, al suono della chiamata di Dio, ogni cuore addormentato sar\u00e0 destato alla vita eterna.<\/p>\n","protected":false},"excerpt":{"rendered":"<p>I Sette Dormienti di Efeso: una storia fiabesca di fede, coraggio e speranza eterna L&#8217;agiografia cristiana \u00e8 come un mare vasto e mutevole, dove storie di uomini e donne, le cui vicende umane sono state documentate dai cronisti di ogni epoca, si mescolano con leggende&hellip;<\/p>\n","protected":false},"author":1,"featured_media":23464,"comment_status":"closed","ping_status":"open","sticky":false,"template":"","format":"standard","meta":{"_acf_changed":false,"footnotes":""},"categories":[16],"tags":[],"class_list":["post-23456","post","type-post","status-publish","format-standard","has-post-thumbnail","hentry","category-articoli-religiosi"],"acf":[],"yoast_head":"<!-- This site is optimized with the Yoast SEO plugin v26.6 - https:\/\/yoast.com\/wordpress\/plugins\/seo\/ -->\n<title>La storia dei sette dormienti di Efeso - Holyblog<\/title>\n<meta name=\"description\" content=\"I Sette Dormienti di Efeso: una storia fiabesca di fede, coraggio e speranza eterna che si unisce alla promessa di resurrezione di Cristo\" \/>\n<meta name=\"robots\" content=\"index, follow, max-snippet:-1, max-image-preview:large, max-video-preview:-1\" \/>\n<link rel=\"canonical\" href=\"https:\/\/blog.holyart.it\/it\/articoli-religiosi\/la-storia-dei-sette-dormienti-di-efeso\/\" \/>\n<meta property=\"og:locale\" content=\"it_IT\" \/>\n<meta property=\"og:type\" content=\"article\" \/>\n<meta property=\"og:title\" content=\"La storia dei sette dormienti di Efeso - Holyblog\" \/>\n<meta property=\"og:description\" content=\"I Sette Dormienti di Efeso: una storia fiabesca di fede, coraggio e speranza eterna che si unisce alla promessa di resurrezione di Cristo\" \/>\n<meta property=\"og:url\" content=\"https:\/\/blog.holyart.it\/it\/articoli-religiosi\/la-storia-dei-sette-dormienti-di-efeso\/\" \/>\n<meta property=\"og:site_name\" content=\"Holyblog\" \/>\n<meta property=\"article:published_time\" content=\"2026-03-23T09:00:00+00:00\" \/>\n<meta property=\"og:image\" content=\"https:\/\/blog.holyart.it\/it\/wp-content\/uploads\/sites\/17\/2026\/02\/sette-dormienti-di-efeso.jpg\" \/>\n\t<meta property=\"og:image:width\" content=\"1000\" \/>\n\t<meta property=\"og:image:height\" content=\"666\" \/>\n\t<meta property=\"og:image:type\" content=\"image\/jpeg\" \/>\n<meta name=\"author\" content=\"Redazione\" \/>\n<meta name=\"twitter:card\" content=\"summary_large_image\" \/>\n<meta name=\"twitter:label1\" content=\"Scritto da\" \/>\n\t<meta name=\"twitter:data1\" content=\"Redazione\" \/>\n\t<meta name=\"twitter:label2\" content=\"Tempo di lettura stimato\" \/>\n\t<meta name=\"twitter:data2\" content=\"9 minuti\" \/>\n<script type=\"application\/ld+json\" class=\"yoast-schema-graph\">{\"@context\":\"https:\/\/schema.org\",\"@graph\":[{\"@type\":\"Article\",\"@id\":\"https:\/\/blog.holyart.it\/it\/articoli-religiosi\/la-storia-dei-sette-dormienti-di-efeso\/#article\",\"isPartOf\":{\"@id\":\"https:\/\/blog.holyart.it\/it\/articoli-religiosi\/la-storia-dei-sette-dormienti-di-efeso\/\"},\"author\":{\"name\":\"Redazione\",\"@id\":\"https:\/\/blog.holyart.it\/it\/#\/schema\/person\/0a7b686e5af0f856ec1e390dd0baecda\"},\"headline\":\"La storia dei sette dormienti di Efeso\",\"datePublished\":\"2026-03-23T09:00:00+00:00\",\"mainEntityOfPage\":{\"@id\":\"https:\/\/blog.holyart.it\/it\/articoli-religiosi\/la-storia-dei-sette-dormienti-di-efeso\/\"},\"wordCount\":1341,\"publisher\":{\"@id\":\"https:\/\/blog.holyart.it\/it\/#organization\"},\"image\":{\"@id\":\"https:\/\/blog.holyart.it\/it\/articoli-religiosi\/la-storia-dei-sette-dormienti-di-efeso\/#primaryimage\"},\"thumbnailUrl\":\"https:\/\/blog.holyart.it\/it\/wp-content\/uploads\/sites\/17\/2026\/02\/sette-dormienti-di-efeso.jpg\",\"articleSection\":[\"Religione\"],\"inLanguage\":\"it-IT\"},{\"@type\":\"WebPage\",\"@id\":\"https:\/\/blog.holyart.it\/it\/articoli-religiosi\/la-storia-dei-sette-dormienti-di-efeso\/\",\"url\":\"https:\/\/blog.holyart.it\/it\/articoli-religiosi\/la-storia-dei-sette-dormienti-di-efeso\/\",\"name\":\"La storia dei sette dormienti di Efeso - Holyblog\",\"isPartOf\":{\"@id\":\"https:\/\/blog.holyart.it\/it\/#website\"},\"primaryImageOfPage\":{\"@id\":\"https:\/\/blog.holyart.it\/it\/articoli-religiosi\/la-storia-dei-sette-dormienti-di-efeso\/#primaryimage\"},\"image\":{\"@id\":\"https:\/\/blog.holyart.it\/it\/articoli-religiosi\/la-storia-dei-sette-dormienti-di-efeso\/#primaryimage\"},\"thumbnailUrl\":\"https:\/\/blog.holyart.it\/it\/wp-content\/uploads\/sites\/17\/2026\/02\/sette-dormienti-di-efeso.jpg\",\"datePublished\":\"2026-03-23T09:00:00+00:00\",\"description\":\"I Sette Dormienti di Efeso: una storia fiabesca di fede, coraggio e speranza eterna che si unisce alla promessa di resurrezione di Cristo\",\"breadcrumb\":{\"@id\":\"https:\/\/blog.holyart.it\/it\/articoli-religiosi\/la-storia-dei-sette-dormienti-di-efeso\/#breadcrumb\"},\"inLanguage\":\"it-IT\",\"potentialAction\":[{\"@type\":\"ReadAction\",\"target\":[\"https:\/\/blog.holyart.it\/it\/articoli-religiosi\/la-storia-dei-sette-dormienti-di-efeso\/\"]}]},{\"@type\":\"ImageObject\",\"inLanguage\":\"it-IT\",\"@id\":\"https:\/\/blog.holyart.it\/it\/articoli-religiosi\/la-storia-dei-sette-dormienti-di-efeso\/#primaryimage\",\"url\":\"https:\/\/blog.holyart.it\/it\/wp-content\/uploads\/sites\/17\/2026\/02\/sette-dormienti-di-efeso.jpg\",\"contentUrl\":\"https:\/\/blog.holyart.it\/it\/wp-content\/uploads\/sites\/17\/2026\/02\/sette-dormienti-di-efeso.jpg\",\"width\":1000,\"height\":666,\"caption\":\"sette dormienti di efeso\"},{\"@type\":\"BreadcrumbList\",\"@id\":\"https:\/\/blog.holyart.it\/it\/articoli-religiosi\/la-storia-dei-sette-dormienti-di-efeso\/#breadcrumb\",\"itemListElement\":[{\"@type\":\"ListItem\",\"position\":1,\"name\":\"Homepage\",\"item\":\"https:\/\/blog.holyart.it\/it\/\"},{\"@type\":\"ListItem\",\"position\":2,\"name\":\"Religione\",\"item\":\"https:\/\/blog.holyart.it\/it\/articoli-religiosi\/\"},{\"@type\":\"ListItem\",\"position\":3,\"name\":\"La storia dei sette dormienti di Efeso\"}]},{\"@type\":\"WebSite\",\"@id\":\"https:\/\/blog.holyart.it\/it\/#website\",\"url\":\"https:\/\/blog.holyart.it\/it\/\",\"name\":\"Holyblog\",\"description\":\"Il Blog di Holyart.it\",\"publisher\":{\"@id\":\"https:\/\/blog.holyart.it\/it\/#organization\"},\"potentialAction\":[{\"@type\":\"SearchAction\",\"target\":{\"@type\":\"EntryPoint\",\"urlTemplate\":\"https:\/\/blog.holyart.it\/it\/?s={search_term_string}\"},\"query-input\":{\"@type\":\"PropertyValueSpecification\",\"valueRequired\":true,\"valueName\":\"search_term_string\"}}],\"inLanguage\":\"it-IT\"},{\"@type\":\"Organization\",\"@id\":\"https:\/\/blog.holyart.it\/it\/#organization\",\"name\":\"Holyblog\",\"url\":\"https:\/\/blog.holyart.it\/it\/\",\"logo\":{\"@type\":\"ImageObject\",\"inLanguage\":\"it-IT\",\"@id\":\"https:\/\/blog.holyart.it\/it\/#\/schema\/logo\/image\/\",\"url\":\"https:\/\/blog.holyart.it\/it\/wp-content\/uploads\/sites\/17\/2022\/12\/Holyart_Blog_Logo.jpg\",\"contentUrl\":\"https:\/\/blog.holyart.it\/it\/wp-content\/uploads\/sites\/17\/2022\/12\/Holyart_Blog_Logo.jpg\",\"width\":300,\"height\":50,\"caption\":\"Holyblog\"},\"image\":{\"@id\":\"https:\/\/blog.holyart.it\/it\/#\/schema\/logo\/image\/\"}},{\"@type\":\"Person\",\"@id\":\"https:\/\/blog.holyart.it\/it\/#\/schema\/person\/0a7b686e5af0f856ec1e390dd0baecda\",\"name\":\"Redazione\"}]}<\/script>\n<!-- \/ Yoast SEO plugin. -->","yoast_head_json":{"title":"La storia dei sette dormienti di Efeso - Holyblog","description":"I Sette Dormienti di Efeso: una storia fiabesca di fede, coraggio e speranza eterna che si unisce alla promessa di resurrezione di Cristo","robots":{"index":"index","follow":"follow","max-snippet":"max-snippet:-1","max-image-preview":"max-image-preview:large","max-video-preview":"max-video-preview:-1"},"canonical":"https:\/\/blog.holyart.it\/it\/articoli-religiosi\/la-storia-dei-sette-dormienti-di-efeso\/","og_locale":"it_IT","og_type":"article","og_title":"La storia dei sette dormienti di Efeso - Holyblog","og_description":"I Sette Dormienti di Efeso: una storia fiabesca di fede, coraggio e speranza eterna che si unisce alla promessa di resurrezione di Cristo","og_url":"https:\/\/blog.holyart.it\/it\/articoli-religiosi\/la-storia-dei-sette-dormienti-di-efeso\/","og_site_name":"Holyblog","article_published_time":"2026-03-23T09:00:00+00:00","og_image":[{"width":1000,"height":666,"url":"https:\/\/blog.holyart.it\/it\/wp-content\/uploads\/sites\/17\/2026\/02\/sette-dormienti-di-efeso.jpg","type":"image\/jpeg"}],"author":"Redazione","twitter_card":"summary_large_image","twitter_misc":{"Scritto da":"Redazione","Tempo di lettura stimato":"9 minuti"},"schema":{"@context":"https:\/\/schema.org","@graph":[{"@type":"Article","@id":"https:\/\/blog.holyart.it\/it\/articoli-religiosi\/la-storia-dei-sette-dormienti-di-efeso\/#article","isPartOf":{"@id":"https:\/\/blog.holyart.it\/it\/articoli-religiosi\/la-storia-dei-sette-dormienti-di-efeso\/"},"author":{"name":"Redazione","@id":"https:\/\/blog.holyart.it\/it\/#\/schema\/person\/0a7b686e5af0f856ec1e390dd0baecda"},"headline":"La storia dei sette dormienti di Efeso","datePublished":"2026-03-23T09:00:00+00:00","mainEntityOfPage":{"@id":"https:\/\/blog.holyart.it\/it\/articoli-religiosi\/la-storia-dei-sette-dormienti-di-efeso\/"},"wordCount":1341,"publisher":{"@id":"https:\/\/blog.holyart.it\/it\/#organization"},"image":{"@id":"https:\/\/blog.holyart.it\/it\/articoli-religiosi\/la-storia-dei-sette-dormienti-di-efeso\/#primaryimage"},"thumbnailUrl":"https:\/\/blog.holyart.it\/it\/wp-content\/uploads\/sites\/17\/2026\/02\/sette-dormienti-di-efeso.jpg","articleSection":["Religione"],"inLanguage":"it-IT"},{"@type":"WebPage","@id":"https:\/\/blog.holyart.it\/it\/articoli-religiosi\/la-storia-dei-sette-dormienti-di-efeso\/","url":"https:\/\/blog.holyart.it\/it\/articoli-religiosi\/la-storia-dei-sette-dormienti-di-efeso\/","name":"La storia dei sette dormienti di Efeso - Holyblog","isPartOf":{"@id":"https:\/\/blog.holyart.it\/it\/#website"},"primaryImageOfPage":{"@id":"https:\/\/blog.holyart.it\/it\/articoli-religiosi\/la-storia-dei-sette-dormienti-di-efeso\/#primaryimage"},"image":{"@id":"https:\/\/blog.holyart.it\/it\/articoli-religiosi\/la-storia-dei-sette-dormienti-di-efeso\/#primaryimage"},"thumbnailUrl":"https:\/\/blog.holyart.it\/it\/wp-content\/uploads\/sites\/17\/2026\/02\/sette-dormienti-di-efeso.jpg","datePublished":"2026-03-23T09:00:00+00:00","description":"I Sette Dormienti di Efeso: una storia fiabesca di fede, coraggio e speranza eterna che si unisce alla promessa di resurrezione di Cristo","breadcrumb":{"@id":"https:\/\/blog.holyart.it\/it\/articoli-religiosi\/la-storia-dei-sette-dormienti-di-efeso\/#breadcrumb"},"inLanguage":"it-IT","potentialAction":[{"@type":"ReadAction","target":["https:\/\/blog.holyart.it\/it\/articoli-religiosi\/la-storia-dei-sette-dormienti-di-efeso\/"]}]},{"@type":"ImageObject","inLanguage":"it-IT","@id":"https:\/\/blog.holyart.it\/it\/articoli-religiosi\/la-storia-dei-sette-dormienti-di-efeso\/#primaryimage","url":"https:\/\/blog.holyart.it\/it\/wp-content\/uploads\/sites\/17\/2026\/02\/sette-dormienti-di-efeso.jpg","contentUrl":"https:\/\/blog.holyart.it\/it\/wp-content\/uploads\/sites\/17\/2026\/02\/sette-dormienti-di-efeso.jpg","width":1000,"height":666,"caption":"sette dormienti di efeso"},{"@type":"BreadcrumbList","@id":"https:\/\/blog.holyart.it\/it\/articoli-religiosi\/la-storia-dei-sette-dormienti-di-efeso\/#breadcrumb","itemListElement":[{"@type":"ListItem","position":1,"name":"Homepage","item":"https:\/\/blog.holyart.it\/it\/"},{"@type":"ListItem","position":2,"name":"Religione","item":"https:\/\/blog.holyart.it\/it\/articoli-religiosi\/"},{"@type":"ListItem","position":3,"name":"La storia dei sette dormienti di Efeso"}]},{"@type":"WebSite","@id":"https:\/\/blog.holyart.it\/it\/#website","url":"https:\/\/blog.holyart.it\/it\/","name":"Holyblog","description":"Il Blog di Holyart.it","publisher":{"@id":"https:\/\/blog.holyart.it\/it\/#organization"},"potentialAction":[{"@type":"SearchAction","target":{"@type":"EntryPoint","urlTemplate":"https:\/\/blog.holyart.it\/it\/?s={search_term_string}"},"query-input":{"@type":"PropertyValueSpecification","valueRequired":true,"valueName":"search_term_string"}}],"inLanguage":"it-IT"},{"@type":"Organization","@id":"https:\/\/blog.holyart.it\/it\/#organization","name":"Holyblog","url":"https:\/\/blog.holyart.it\/it\/","logo":{"@type":"ImageObject","inLanguage":"it-IT","@id":"https:\/\/blog.holyart.it\/it\/#\/schema\/logo\/image\/","url":"https:\/\/blog.holyart.it\/it\/wp-content\/uploads\/sites\/17\/2022\/12\/Holyart_Blog_Logo.jpg","contentUrl":"https:\/\/blog.holyart.it\/it\/wp-content\/uploads\/sites\/17\/2022\/12\/Holyart_Blog_Logo.jpg","width":300,"height":50,"caption":"Holyblog"},"image":{"@id":"https:\/\/blog.holyart.it\/it\/#\/schema\/logo\/image\/"}},{"@type":"Person","@id":"https:\/\/blog.holyart.it\/it\/#\/schema\/person\/0a7b686e5af0f856ec1e390dd0baecda","name":"Redazione"}]}},"_links":{"self":[{"href":"https:\/\/blog.holyart.it\/it\/wp-json\/wp\/v2\/posts\/23456","targetHints":{"allow":["GET"]}}],"collection":[{"href":"https:\/\/blog.holyart.it\/it\/wp-json\/wp\/v2\/posts"}],"about":[{"href":"https:\/\/blog.holyart.it\/it\/wp-json\/wp\/v2\/types\/post"}],"author":[{"embeddable":true,"href":"https:\/\/blog.holyart.it\/it\/wp-json\/wp\/v2\/users\/1"}],"replies":[{"embeddable":true,"href":"https:\/\/blog.holyart.it\/it\/wp-json\/wp\/v2\/comments?post=23456"}],"version-history":[{"count":3,"href":"https:\/\/blog.holyart.it\/it\/wp-json\/wp\/v2\/posts\/23456\/revisions"}],"predecessor-version":[{"id":23465,"href":"https:\/\/blog.holyart.it\/it\/wp-json\/wp\/v2\/posts\/23456\/revisions\/23465"}],"wp:featuredmedia":[{"embeddable":true,"href":"https:\/\/blog.holyart.it\/it\/wp-json\/wp\/v2\/media\/23464"}],"wp:attachment":[{"href":"https:\/\/blog.holyart.it\/it\/wp-json\/wp\/v2\/media?parent=23456"}],"wp:term":[{"taxonomy":"category","embeddable":true,"href":"https:\/\/blog.holyart.it\/it\/wp-json\/wp\/v2\/categories?post=23456"},{"taxonomy":"post_tag","embeddable":true,"href":"https:\/\/blog.holyart.it\/it\/wp-json\/wp\/v2\/tags?post=23456"}],"curies":[{"name":"wp","href":"https:\/\/api.w.org\/{rel}","templated":true}]}}