{"id":23443,"date":"2026-03-11T10:00:53","date_gmt":"2026-03-11T09:00:53","guid":{"rendered":"https:\/\/blog.holyart.it\/it\/?p=23443"},"modified":"2026-02-06T12:26:44","modified_gmt":"2026-02-06T11:26:44","slug":"santa-gertrude-di-nivelles-la-storia-della-santa-protettrice-dei-gatti","status":"publish","type":"post","link":"https:\/\/blog.holyart.it\/it\/santi-e-beati\/santa-gertrude-di-nivelles-la-storia-della-santa-protettrice-dei-gatti\/","title":{"rendered":"Santa Gertrude di Nivelles: la storia della santa protettrice dei gatti"},"content":{"rendered":"<h4>Santa Gertrude di Nivelles: la Santa Protettrice dei Gatti, tra misticismo e carit\u00e0<\/h4>\n\n<p>Nel cuore verde e nebbioso delle Fiandre, quando il tempo era scandito dal suono delle campane e il mondo ancora sognava a lume di candela, visse una donna la cui anima avrebbe toccato i secoli. Il suo nome era\u00a0<strong>Santa Gertrude di Nivelles<\/strong>. E se oggi i nostri<strong>\u00a0gatti\u00a0<\/strong>si stiracchiano al sole o ci fissano come se custodissero antichi segreti, forse \u00e8 perch\u00e9, tra i beati del Cielo, c\u2019\u00e8 questa santa speciale che veglia proprio su di loro. Per chi si \u00e8 mai chiesto chi \u00e8 <a href=\"https:\/\/www.holyart.it\/it\/articoli-religiosi\/statue\/statue-in-legno-dipinto\/santa-gertrude-con-penna-dipinta-legno-acero-valgardena\"><strong>la santa protettrice dei gatti<\/strong><\/a>, la risposta giunge con il profumo delle erbe d\u2019abbazia e l\u2019eco di passi silenziosi tra corridoi monastici: \u00e8 lei, Gertrude, nobile di sangue e ancora pi\u00f9 nobile di spirito, la badessa che seppe trasformare la fede in azione, la contemplazione in cura, e l\u2019amore in protezione per tutte le creature del Signore.<\/p>\n<div class=\"link-product\">\n<div class=\"blocco-immagine\"><img loading=\"lazy\" decoding=\"async\" class=\"size-full wp-image-23445 alignleft\" src=\"https:\/\/blog.holyart.it\/it\/wp-content\/uploads\/sites\/17\/2026\/02\/santa-gertrude-con-penna-dipinta-legno-acero-valgardena.jpg\" alt=\"santa gertrude con penna dipinta legno acero valgardena\" width=\"100\" height=\"100\" data-kale-share-title=\"Santa Gertrude di Nivelles: la storia della santa protettrice dei gatti\" data-kale-share-url=\"https:\/\/blog.holyart.it\/it\/?p=23443\" \/><\/div>\n<div class=\"blocco-contenuto\">\n<div class=\"blocco-acquista\">Acquista su Holyart:<\/div>\n<div class=\"blocco-titolo\"><a href=\"https:\/\/www.holyart.it\/it\/articoli-religiosi\/statue\/statue-in-legno-dipinto\/santa-gertrude-con-penna-dipinta-legno-acero-valgardena\">Santa Gertrude con penna dipinta legno acero Valgardena<\/a><\/div>\n<div class=\"blocco-descrizione\">Questa statua in legno d&#8217;acero \u00e8 stata intagliata in Italia, presso una azienda della Val Gardena.<\/div>\n<\/div>\n<\/div>\n<h2>Chi \u00e8 Santa Gertrude di Nivelles<\/h2>\n<p>Santa Gertrude di Nivelles nacque nel 626 d.C., figlia di Pipino il Vecchio e della beata Itta, in un\u2019epoca in cui la santit\u00e0 si mescolava alla regalit\u00e0, e la nobilt\u00e0 si misurava pi\u00f9 nella carit\u00e0 che nel potere. Ancora bambina, dichiar\u00f2 di voler consacrare la sua vita a Cristo, rifiutando ogni matrimonio politico e scegliendo il silenzio del chiostro al clamore della corte. Con sua madre, fond\u00f2 il\u00a0<strong>monastero di Nivelles<\/strong>, dove la preghiera si univa allo studio, e l\u2019ospitalit\u00e0 ai viandanti divenne la regola. Il monastero di Nivelles non fu una semplice dimora di preghiera, ma una creatura a due anime. Quando si dice che divenne un \u201cmonastero doppio\u201d, si intende che, tra le sue mura, vivevano e servivano Dio due comunit\u00e0 distinte: <a href=\"https:\/\/www.holyart.it\/it\/prodotti-dei-monasteri\"><strong>quella dei monaci e quella delle monache<\/strong><\/a>. Come due rive dello stesso fiume, scorrevano parallele, separate, ma unite nella fede, ognuna con i suoi spazi, le sue regole, le sue veglie notturne. Uomini e donne, consacrati alla stessa luce, respiravano lo stesso incenso, ascoltavano le stesse campane. Le loro strade non si incrociavano, se non nell\u2019orizzonte spirituale condiviso, sotto la guida di una sola figura materna: Gertrude, giovane badessa, cuore e mente del monastero.<\/p>\n<div class=\"link-product\">\n<div class=\"blocco-immagine\"><img loading=\"lazy\" decoding=\"async\" class=\"size-full wp-image-23446 alignleft\" src=\"https:\/\/blog.holyart.it\/it\/wp-content\/uploads\/sites\/17\/2026\/02\/olio-aromatico-alle-31-erbe.jpg\" alt=\"olio aromatico alle 31 erbe\" width=\"100\" height=\"100\" data-kale-share-title=\"Santa Gertrude di Nivelles: la storia della santa protettrice dei gatti\" data-kale-share-url=\"https:\/\/blog.holyart.it\/it\/?p=23443\" \/><\/div>\n<div class=\"blocco-contenuto\">\n<div class=\"blocco-acquista\">Acquista su Holyart:<\/div>\n<div class=\"blocco-titolo\"><a href=\"https:\/\/www.holyart.it\/it\/prodotti-dei-monasteri\">Prodotti dei Monasteri<\/a><\/div>\n<div class=\"blocco-descrizione\">In questo reparto sono disponibili tanti articoli, tutti prodotti dai Monasteri.<\/div>\n<\/div>\n<\/div>\n<p>Era una struttura rara per l\u2019epoca, un intreccio armonico di maschile e femminile, dove la cooperazione non violava il silenzio, ma lo rendeva pi\u00f9 ricco. Gertrude, con la sua visione audace, comprese che l\u2019armonia nasce dal rispetto e dalla distanza benedetta, non dall\u2019isolamento. E cos\u00ec, come in una liturgia di voci alternate, i due cori, quello dei monaci e quello delle monache, salmodiavano lode al Creatore, ognuno dalla propria ala, sotto lo stesso cielo. In questo, come in ogni altra cosa, Santa Gertrude fu avanti sul tempo. Un architetto dello spirito. Gertrude, diventata badessa a soli ventisei anni, port\u00f2 nel monastero il sapere di Roma, l\u2019ardore missionario e la dolcezza della carit\u00e0 cristiana. Era una donna che sapeva parlare ai cuori, e proprio per questo <a href=\"https:\/\/www.holyart.it\/blog\/articoli-religiosi\/il-cantico-delle-creature-di-san-francesco\/#San_Francesco_e_gli_animali\"><strong>parlava anche agli animali<\/strong><\/a>, ai poveri, ai pellegrini. Di lei si raccontava fosse una mistica, aveva visioni, dialogava con i santi, e curava con la stessa attenzione le anime e i corpi. <strong>Mor\u00ec il 17 marzo 659<\/strong>, a soli 33 anni, ma gi\u00e0 circondata dalla fama di santit\u00e0 e di amore universale.<\/p>\n<div class=\"link-article\">\n<p><img loading=\"lazy\" decoding=\"async\" class=\"size-full wp-image-23447 alignleft\" src=\"https:\/\/blog.holyart.it\/it\/wp-content\/uploads\/sites\/17\/2026\/02\/san-francesco-1.jpg\" alt=\"san francesco\" width=\"150\" height=\"99\" data-kale-share-title=\"Santa Gertrude di Nivelles: la storia della santa protettrice dei gatti\" data-kale-share-url=\"https:\/\/blog.holyart.it\/it\/?p=23443\" \/><\/p>\n<div class=\"leggi-anche\">Leggi anche:<\/div>\n<p><strong><a href=\"https:\/\/www.holyart.it\/blog\/articoli-religiosi\/il-cantico-delle-creature-di-san-francesco\/#San_Francesco_e_gli_animali\">Il cantico delle creature di San Francesco<\/a><\/strong><br \/>\nSan Francesco d\u2019Assisi \u00e8 uno dei santi pi\u00f9 amati e venerati dalla Chiesa cattolica. Vicino ai poveri&#8230;<\/p>\n<\/div>\n<p>A Nivelles, tra vicoli antichi e silenzi che sanno di tempo passato, sorge la\u00a0<strong>Collegiata di Santa Gertrude<\/strong>, maestosa e severa come certe memorie che non vogliono farsi dimenticare. Fu costruita nell\u2019VIII secolo, e nel corso dei secoli ha conosciuto restauri, distruzioni e rinascite. Non \u00e8 solo <a href=\"https:\/\/www.holyart.it\/blog\/articoli-religiosi\/differenza-tra-duomo-cattedrale-basilica\/\"><strong>una chiesa<\/strong><\/a> romanica tra le pi\u00f9 antiche del continente: \u00e8 un cuore di pietra che continua a battere, una sentinella che veglia sulla citt\u00e0 e sulle sue storie. Il profilo severo della collegiata, con le sue linee pulite e il ritmo antico delle pietre, accoglie chi arriva come se lo stesse aspettando da tempo. Le sue due absidi gemelle parlano di una spiritualit\u00e0 concreta, che si traduce in architettura e si lascia toccare. Dentro, la luce filtra tra colonne robuste e vetrate che colorano l\u2019aria: si ha l\u2019impressione che il tempo rallenti, che i rumori si facciano pi\u00f9 lievi, come se tutto chiedesse rispetto. Sotto il coro si trova la cripta, dove \u00e8 custodito ancora oggi il sarcofago della santa. Un luogo piccolo e raccolto, dove la piet\u00e0 prende la forma di fiori lasciati con discrezione, di candele che bruciano piano, e di quel silenzio carico di presenza che si percepisce pi\u00f9 col cuore che con l\u2019udito. \u00c8 l\u00ec che riposa Gertrude, la ragazza che prefer\u00ec la vita monastica a un trono, che apr\u00ec le porte a chi non aveva casa, n\u00e9 nome, n\u00e9 potere. E a chi portava con s\u00e9 solo un bagaglio di zampe e manto, come i gatti. La collegiata ha vissuto secoli difficili: incendi, guerre, distruzioni, perfino i bombardamenti della Seconda Guerra Mondiale, che la ferirono duramente. Ma ha saputo rinascere, ricostruita con pazienza, rispetto e amore, come si ricuce una cosa che non si vuole perdere. Oggi \u00e8 ancora l\u00ec, essenziale e bellissima, a ricordare che la fede pu\u00f2 attraversare il tempo senza far rumore, e restare.<\/p>\n<div class=\"link-article\">\n<p><img loading=\"lazy\" decoding=\"async\" class=\"size-full wp-image-23449 alignleft\" src=\"https:\/\/blog.holyart.it\/it\/wp-content\/uploads\/sites\/17\/2026\/02\/differenza-tra-duomo-e-cattedrale.jpg\" alt=\"differenza tra duomo e cattedrale\" width=\"150\" height=\"99\" data-kale-share-title=\"Santa Gertrude di Nivelles: la storia della santa protettrice dei gatti\" data-kale-share-url=\"https:\/\/blog.holyart.it\/it\/?p=23443\" \/><\/p>\n<div class=\"leggi-anche\">Leggi anche:<\/div>\n<p><strong><a href=\"https:\/\/www.holyart.it\/blog\/articoli-religiosi\/differenza-tra-duomo-cattedrale-basilica\/\">Che differenza c\u2019\u00e8 tra duomo cattedrale e basilica? Facciamo chiarezza<\/a><\/strong><br \/>\nQual \u00e8 la differenza tra duomo e cattedrale? E tra cattedrale e basilica&#8230;<\/p>\n<\/div>\n<h2>Perch\u00e9 Santa Gertrude \u00e8 la protettrice dei gatti<\/h2>\n<p>La domanda \u201cperch\u00e9 Santa Gertrude \u00e8 la protettrice dei gatti\u201d ci conduce in una danza tra realt\u00e0 storica e tradizione popolare. In origine, la santa era invocata\u00a0<strong>contro i roditori<\/strong>. Proprio cos\u00ec, topi e ratti! Le leggende medievali raccontano che, grazie alle sue preghiere, i topi fuggivano dal monastero e dai villaggi, lasciando intatte le scorte di grano e i libri preziosi. I gatti, si sa, sono i nemici naturali dei topi, ed ecco che col tempo, la saggezza popolare ha fatto il resto: se Gertrude scacciava i topi, in un certo senso benediceva anche i gatti. Cos\u00ec, nei secoli, la santa \u00e8 diventata il volto celeste della protezione felina. Le raffigurazioni la mostrano spesso con topolini ai piedi o sul saio, simbolo della vittoria del bene sul male, dell\u2019ordine sulla distruzione. Ma nei cuori dei fedeli, Gertrude \u00e8 diventata qualcosa di pi\u00f9: <strong><a href=\"https:\/\/www.holyart.it\/it\/articoli-religiosi\/statue\/statue-in-legno-naturale\/santa-gertrude-con-penna-naturale-legno-acero-valgardena\">la madre spirituale dei gatti<\/a><\/strong>, la santa che capisce il loro silenzio, la loro fierezza, la loro grazia notturna.<\/p>\n<p>Nel folklore fiammingo, il\u00a0<strong>17 marzo<\/strong>, giorno della sua festa, \u00e8 anche il giorno in cui si benedicono i gatti. In alcune chiese si tengono persino celebrazioni dedicate, dove i mici vengono affidati alla sua protezione. Perch\u00e9 Gertrude non \u00e8 soltanto la santa dei monaci e dei libri, ma anche dei ronfanti compagni che ci scaldano le ginocchia e l\u2019anima.<\/p>\n<div class=\"link-product\">\n<div class=\"blocco-immagine\"><img loading=\"lazy\" decoding=\"async\" class=\"size-full wp-image-23450 alignleft\" src=\"https:\/\/blog.holyart.it\/it\/wp-content\/uploads\/sites\/17\/2026\/02\/santa-gertrude-con-penna-naturale-legno-acero-valgardena.jpg\" alt=\"santa gertrude con penna naturale legno acero valgardena\" width=\"100\" height=\"100\" data-kale-share-title=\"Santa Gertrude di Nivelles: la storia della santa protettrice dei gatti\" data-kale-share-url=\"https:\/\/blog.holyart.it\/it\/?p=23443\" \/><\/div>\n<div class=\"blocco-contenuto\">\n<div class=\"blocco-acquista\">Acquista su Holyart:<\/div>\n<div class=\"blocco-titolo\"><a href=\"https:\/\/www.holyart.it\/it\/articoli-religiosi\/statue\/statue-in-legno-naturale\/santa-gertrude-con-penna-naturale-legno-acero-valgardena\">Santa Gertrude con penna naturale legno acero Valgardena<\/a><\/div>\n<div class=\"blocco-descrizione\">La statua \u00e8 prodotta interamente in Italia, molto curata e rifinita nei minimi particolari.<\/div>\n<\/div>\n<\/div>\n<h2>Preghiera a Santa Gertrude di Nivelles<\/h2>\n<p>Pregare Santa Gertrude di Nivelles \u00e8 come bussare a una porta che si apre sul giardino della tenerezza. Le sue preghiere sono antiche come la pietra delle abbazie, ma ancora oggi pronunciate da chi affida alla santa i propri amici a quattro zampe.\u00a0Ecco una preghiera dedicata a lei, dolce come un mormorio tra i chiostri. Recitarla pu\u00f2 essere un gesto quotidiano, un sussurro al mattino, un pensiero la sera, magari accarezzando il manto caldo di un gatto addormentato sul cuscino. Santa\u00a0Gertrude ci ricorda che la santit\u00e0 non vive soltanto nei grandi eventi o nei prodigi clamorosi, ma si nasconde nei dettagli pi\u00f9 semplici: uno sguardo attento, una carezza data con cura, un gesto ripetuto ogni giorno senza clamore.\u00a0In un mondo che spesso dimentica la bellezza delle cose semplici, Santa Gertrude di Nivelles ci invita a riscoprire la cura, l\u2019attenzione, la dolcezza. Per questo la santa protettrice dei gatti non \u00e8 solo una curiosit\u00e0 da calendario liturgico, ma una verit\u00e0 che profuma di casa, di <a href=\"https:\/\/www.holyart.it\/it\/prodotti-consumabili\/incensi\/erbe-aromatiche-con-incenso-180-gr\"><strong>erbe aromatiche<\/strong><\/a>, di ronfare di felini e di preghiere che salgono come incenso verso il cielo. E forse, la prossima volta che il tuo gatto ti guarda come se sapesse qualcosa che tu ignori, saprai chi ringraziare. Con una carezza e un sorriso. Con una preghiera sussurrata nel silenzio.<\/p>\n<div class=\"link-product\">\n<div class=\"blocco-immagine\"><img loading=\"lazy\" decoding=\"async\" class=\"size-full wp-image-23451 alignleft\" src=\"https:\/\/blog.holyart.it\/it\/wp-content\/uploads\/sites\/17\/2026\/02\/erbe-aromatiche-con-incenso-180-gr.jpg\" alt=\"erbe aromatiche con incenso 180 gr\" width=\"100\" height=\"100\" data-kale-share-title=\"Santa Gertrude di Nivelles: la storia della santa protettrice dei gatti\" data-kale-share-url=\"https:\/\/blog.holyart.it\/it\/?p=23443\" \/><\/div>\n<div class=\"blocco-contenuto\">\n<div class=\"blocco-acquista\">Acquista su Holyart:<\/div>\n<div class=\"blocco-titolo\"><a href=\"https:\/\/www.holyart.it\/it\/prodotti-consumabili\/incensi\/erbe-aromatiche-con-incenso-180-gr\">Erbe aromatiche con incenso 180 gr<\/a><\/div>\n<div class=\"blocco-descrizione\">Erbe aromatiche della Provenza con incenso, confezione da 180 grammi.<\/div>\n<\/div>\n<\/div>\n<h3>Novena a Santa Gertrude di Nivelles<\/h3>\n<p><em>periodo:\u00a0<strong>dal 8 al 16 marzo<\/strong><\/em><\/p>\n<p><em>I. Chi non ammirer\u00e0, o gran vergine santa Geltrude, la copia delle benedizioni con cui vi prevenne il Signore nel darvi a genitori i due pi\u00f9 santi coniugi del vostro secolo (anno 626) il beato Pipino da Landen maestro del palazzo dei Re d\u2019Austrasia e la Beata Itta sorella del Trevirense vescovo s. Modoaldo? Ma, chi non rester\u00e0 sommamente edificato nel considerare la prontezza, la fedelt\u00e0, la costanza con cui fin dai principio corrispondeste a tanti divini favori mostrando nella et\u00e0 la pi\u00f9 tenera il pi\u00f9 infuocato trasporto per lo pi\u00f9 belle virt\u00f9! Deh! per tanti vostri meriti, ottenete anche a noi tutti la grazia di approfittare cos\u00ec bene o delle istruzioni e degli esempi dei veri amanti di Dio, da fare continuamente nostra delizia il sempre pi\u00f9 crescere di giorno in giorno della evangelica perfezione.<\/em><\/p>\n<p><em>Gloria al Padre al Figlio e allo Spirito Santo come era in principio ora e sempre nei secoli dei secoli.<\/em><\/p>\n<p><em>II. Che bell\u2019esempio di cristiana generosit\u00e0 non desto al mondo, o gran vergine santa Geltrude, allora quando invitata a migliorare la vostra temporal condizione con il pi\u00f9 onorifico collocamento, rispondeste alla presenza del Re Dagoberto che niente avria potuto giammai indurvi a rompere la fede da voi giurata al Re dei Vergini il divin Redentore: e lasciata in pace nei vostri propositi, vi chiedeste per sempre nel monastero di Nivelle, in Brabante, fondato dalla vostra piissima madre, che fin\u00ec a mettersi spontaneamente sotto la vostra disciplina quando per la singolarit\u00e0 dei vostri neniti, creata voi Abbadessa in et\u00e0 di soli 20 anni, vi mostraste vero modello di carit\u00e0, d\u00ec prudenza e di zelo nel procurare la santificazione di tutte le vostre religiose. Deh, per tanta vostra virt\u00f9 impetrate a noi tutti la grazia di non venire mai meno ai nostri santi propositi, e di regolarci s\u00ec bene con tutti quelli con cui la provvidenza ci vuole uniti, da renderli tutti con il nostro esempio veri modelli di santit\u00e0 cos\u00ec nel servizio di Dio, come nella convivenza con il prossimo.<\/em><\/p>\n<p><em>Gloria al Padre al Figlio e allo Spirito Santo come era in principio ora e sempre nei secoli dei secoli.<\/em><\/p>\n<p><em>III. Di quale confusione non veniamo noi a coprirci, o gran vergine santa Geltrude, quando consideriamo, che, non ostante la continua edificazione da voi data con il vostro costantissimo amore alla povert\u00e0, alla penitenza, all\u2019orazione, poi perfezionamento di voi medesima, e con la vostra cotantissima pratica della Carit\u00e0, della compassione, dell\u2019elemosina per la santificazione degli altri, codeste nell\u2019et\u00e0 di trent\u2019anni alla santa vostra nipote Wilfetruda l\u2019onore e il Carico di Superiora per meglio prepararvi con l&#8217; esercizio dell\u2019umilt\u00e0 pi\u00f9 profonda a quel beatissimo transito che dopo soli tre anni vi tolse alle miserie di questa terra per unirvi ai beati del cielo! (17 Marzo 659). Deh, per quelle tante virt\u00f9 e per quei tanti prodigi, onde si compiacque il Signore di onorare la vostra memoria non solo in Lovanio e nel Brabante ove si celebra come festivo il giorno del vostro trapasso, ma in tutto il mondo che non ha mai cessato d\u2019onorarvi col massimo impegno e d\u2019invocarvi con somma fiducia; impetrate a noi tutti la grazia d\u2019incominciare da questo momento a prepararci al gran rendiconto, onde all\u2019arrivar della morte ci troviamo a somiglianza di voi nel fortunatissimo novero di quelle vergini che il divin sposo introduce nella sala dell\u2019eterno convito, dacch\u00e9 non cessarono mai di vegliare in aspettazione di lui, tenendo sempre la lampada della propria anima ben provveduta del mistico olio di ogni maniera d\u2019opere buone.<\/em><\/p>\n<p><em>Gloria al Padre al Figlio e allo Spirito Santo come era in principio ora e sempre nei secoli dei secoli.<\/em><\/p>\n","protected":false},"excerpt":{"rendered":"<p>Santa Gertrude di Nivelles: la Santa Protettrice dei Gatti, tra misticismo e carit\u00e0 Nel cuore verde e nebbioso delle Fiandre, quando il tempo era scandito dal suono delle campane e il mondo ancora sognava a lume di candela, visse una donna la cui anima avrebbe&hellip;<\/p>\n","protected":false},"author":1,"featured_media":23454,"comment_status":"closed","ping_status":"open","sticky":false,"template":"","format":"standard","meta":{"_acf_changed":false,"footnotes":""},"categories":[15],"tags":[],"class_list":["post-23443","post","type-post","status-publish","format-standard","has-post-thumbnail","hentry","category-santi-e-beati"],"acf":[],"yoast_head":"<!-- This site is optimized with the Yoast SEO plugin v26.6 - https:\/\/yoast.com\/wordpress\/plugins\/seo\/ -->\n<title>Santa Gertrude di Nivelles: la storia della santa protettrice dei gatti - Holyblog<\/title>\n<meta name=\"description\" content=\"La storia mistica e tenera di Santa Gertrude di Nivelles. Nel cuore del Belgio, una santa veglia da secoli sui gatti e sui pellegrini.\" \/>\n<meta name=\"robots\" content=\"index, follow, max-snippet:-1, max-image-preview:large, max-video-preview:-1\" \/>\n<link rel=\"canonical\" href=\"https:\/\/blog.holyart.it\/it\/santi-e-beati\/santa-gertrude-di-nivelles-la-storia-della-santa-protettrice-dei-gatti\/\" \/>\n<meta property=\"og:locale\" content=\"it_IT\" \/>\n<meta property=\"og:type\" content=\"article\" \/>\n<meta property=\"og:title\" content=\"Santa Gertrude di Nivelles: la storia della santa protettrice dei gatti - Holyblog\" \/>\n<meta property=\"og:description\" content=\"La storia mistica e tenera di Santa Gertrude di Nivelles. Nel cuore del Belgio, una santa veglia da secoli sui gatti e sui pellegrini.\" \/>\n<meta property=\"og:url\" content=\"https:\/\/blog.holyart.it\/it\/santi-e-beati\/santa-gertrude-di-nivelles-la-storia-della-santa-protettrice-dei-gatti\/\" \/>\n<meta property=\"og:site_name\" content=\"Holyblog\" \/>\n<meta property=\"article:published_time\" content=\"2026-03-11T09:00:53+00:00\" \/>\n<meta property=\"og:image\" content=\"https:\/\/blog.holyart.it\/it\/wp-content\/uploads\/sites\/17\/2026\/02\/santa-gertrude-di-nivelles.jpg\" \/>\n\t<meta property=\"og:image:width\" content=\"1000\" \/>\n\t<meta property=\"og:image:height\" content=\"666\" \/>\n\t<meta property=\"og:image:type\" content=\"image\/jpeg\" \/>\n<meta name=\"author\" content=\"Redazione\" \/>\n<meta name=\"twitter:card\" content=\"summary_large_image\" \/>\n<meta name=\"twitter:label1\" content=\"Scritto da\" \/>\n\t<meta name=\"twitter:data1\" content=\"Redazione\" \/>\n\t<meta name=\"twitter:label2\" content=\"Tempo di lettura stimato\" \/>\n\t<meta name=\"twitter:data2\" content=\"13 minuti\" \/>\n<script type=\"application\/ld+json\" class=\"yoast-schema-graph\">{\"@context\":\"https:\/\/schema.org\",\"@graph\":[{\"@type\":\"Article\",\"@id\":\"https:\/\/blog.holyart.it\/it\/santi-e-beati\/santa-gertrude-di-nivelles-la-storia-della-santa-protettrice-dei-gatti\/#article\",\"isPartOf\":{\"@id\":\"https:\/\/blog.holyart.it\/it\/santi-e-beati\/santa-gertrude-di-nivelles-la-storia-della-santa-protettrice-dei-gatti\/\"},\"author\":{\"name\":\"Redazione\",\"@id\":\"https:\/\/blog.holyart.it\/it\/#\/schema\/person\/0a7b686e5af0f856ec1e390dd0baecda\"},\"headline\":\"Santa Gertrude di Nivelles: la storia della santa protettrice dei gatti\",\"datePublished\":\"2026-03-11T09:00:53+00:00\",\"mainEntityOfPage\":{\"@id\":\"https:\/\/blog.holyart.it\/it\/santi-e-beati\/santa-gertrude-di-nivelles-la-storia-della-santa-protettrice-dei-gatti\/\"},\"wordCount\":2063,\"publisher\":{\"@id\":\"https:\/\/blog.holyart.it\/it\/#organization\"},\"image\":{\"@id\":\"https:\/\/blog.holyart.it\/it\/santi-e-beati\/santa-gertrude-di-nivelles-la-storia-della-santa-protettrice-dei-gatti\/#primaryimage\"},\"thumbnailUrl\":\"https:\/\/blog.holyart.it\/it\/wp-content\/uploads\/sites\/17\/2026\/02\/santa-gertrude-di-nivelles.jpg\",\"articleSection\":[\"Santi e beati\"],\"inLanguage\":\"it-IT\"},{\"@type\":\"WebPage\",\"@id\":\"https:\/\/blog.holyart.it\/it\/santi-e-beati\/santa-gertrude-di-nivelles-la-storia-della-santa-protettrice-dei-gatti\/\",\"url\":\"https:\/\/blog.holyart.it\/it\/santi-e-beati\/santa-gertrude-di-nivelles-la-storia-della-santa-protettrice-dei-gatti\/\",\"name\":\"Santa Gertrude di Nivelles: la storia della santa protettrice dei gatti - Holyblog\",\"isPartOf\":{\"@id\":\"https:\/\/blog.holyart.it\/it\/#website\"},\"primaryImageOfPage\":{\"@id\":\"https:\/\/blog.holyart.it\/it\/santi-e-beati\/santa-gertrude-di-nivelles-la-storia-della-santa-protettrice-dei-gatti\/#primaryimage\"},\"image\":{\"@id\":\"https:\/\/blog.holyart.it\/it\/santi-e-beati\/santa-gertrude-di-nivelles-la-storia-della-santa-protettrice-dei-gatti\/#primaryimage\"},\"thumbnailUrl\":\"https:\/\/blog.holyart.it\/it\/wp-content\/uploads\/sites\/17\/2026\/02\/santa-gertrude-di-nivelles.jpg\",\"datePublished\":\"2026-03-11T09:00:53+00:00\",\"description\":\"La storia mistica e tenera di Santa Gertrude di Nivelles. Nel cuore del Belgio, una santa veglia da secoli sui gatti e sui pellegrini.\",\"breadcrumb\":{\"@id\":\"https:\/\/blog.holyart.it\/it\/santi-e-beati\/santa-gertrude-di-nivelles-la-storia-della-santa-protettrice-dei-gatti\/#breadcrumb\"},\"inLanguage\":\"it-IT\",\"potentialAction\":[{\"@type\":\"ReadAction\",\"target\":[\"https:\/\/blog.holyart.it\/it\/santi-e-beati\/santa-gertrude-di-nivelles-la-storia-della-santa-protettrice-dei-gatti\/\"]}]},{\"@type\":\"ImageObject\",\"inLanguage\":\"it-IT\",\"@id\":\"https:\/\/blog.holyart.it\/it\/santi-e-beati\/santa-gertrude-di-nivelles-la-storia-della-santa-protettrice-dei-gatti\/#primaryimage\",\"url\":\"https:\/\/blog.holyart.it\/it\/wp-content\/uploads\/sites\/17\/2026\/02\/santa-gertrude-di-nivelles.jpg\",\"contentUrl\":\"https:\/\/blog.holyart.it\/it\/wp-content\/uploads\/sites\/17\/2026\/02\/santa-gertrude-di-nivelles.jpg\",\"width\":1000,\"height\":666,\"caption\":\"santa gertrude di nivelles\"},{\"@type\":\"BreadcrumbList\",\"@id\":\"https:\/\/blog.holyart.it\/it\/santi-e-beati\/santa-gertrude-di-nivelles-la-storia-della-santa-protettrice-dei-gatti\/#breadcrumb\",\"itemListElement\":[{\"@type\":\"ListItem\",\"position\":1,\"name\":\"Homepage\",\"item\":\"https:\/\/blog.holyart.it\/it\/\"},{\"@type\":\"ListItem\",\"position\":2,\"name\":\"Santi e beati\",\"item\":\"https:\/\/blog.holyart.it\/it\/santi-e-beati\/\"},{\"@type\":\"ListItem\",\"position\":3,\"name\":\"Santa Gertrude di Nivelles: la storia della santa protettrice dei gatti\"}]},{\"@type\":\"WebSite\",\"@id\":\"https:\/\/blog.holyart.it\/it\/#website\",\"url\":\"https:\/\/blog.holyart.it\/it\/\",\"name\":\"Holyblog\",\"description\":\"Il Blog di Holyart.it\",\"publisher\":{\"@id\":\"https:\/\/blog.holyart.it\/it\/#organization\"},\"potentialAction\":[{\"@type\":\"SearchAction\",\"target\":{\"@type\":\"EntryPoint\",\"urlTemplate\":\"https:\/\/blog.holyart.it\/it\/?s={search_term_string}\"},\"query-input\":{\"@type\":\"PropertyValueSpecification\",\"valueRequired\":true,\"valueName\":\"search_term_string\"}}],\"inLanguage\":\"it-IT\"},{\"@type\":\"Organization\",\"@id\":\"https:\/\/blog.holyart.it\/it\/#organization\",\"name\":\"Holyblog\",\"url\":\"https:\/\/blog.holyart.it\/it\/\",\"logo\":{\"@type\":\"ImageObject\",\"inLanguage\":\"it-IT\",\"@id\":\"https:\/\/blog.holyart.it\/it\/#\/schema\/logo\/image\/\",\"url\":\"https:\/\/blog.holyart.it\/it\/wp-content\/uploads\/sites\/17\/2022\/12\/Holyart_Blog_Logo.jpg\",\"contentUrl\":\"https:\/\/blog.holyart.it\/it\/wp-content\/uploads\/sites\/17\/2022\/12\/Holyart_Blog_Logo.jpg\",\"width\":300,\"height\":50,\"caption\":\"Holyblog\"},\"image\":{\"@id\":\"https:\/\/blog.holyart.it\/it\/#\/schema\/logo\/image\/\"}},{\"@type\":\"Person\",\"@id\":\"https:\/\/blog.holyart.it\/it\/#\/schema\/person\/0a7b686e5af0f856ec1e390dd0baecda\",\"name\":\"Redazione\"}]}<\/script>\n<!-- \/ Yoast SEO plugin. -->","yoast_head_json":{"title":"Santa Gertrude di Nivelles: la storia della santa protettrice dei gatti - Holyblog","description":"La storia mistica e tenera di Santa Gertrude di Nivelles. Nel cuore del Belgio, una santa veglia da secoli sui gatti e sui pellegrini.","robots":{"index":"index","follow":"follow","max-snippet":"max-snippet:-1","max-image-preview":"max-image-preview:large","max-video-preview":"max-video-preview:-1"},"canonical":"https:\/\/blog.holyart.it\/it\/santi-e-beati\/santa-gertrude-di-nivelles-la-storia-della-santa-protettrice-dei-gatti\/","og_locale":"it_IT","og_type":"article","og_title":"Santa Gertrude di Nivelles: la storia della santa protettrice dei gatti - Holyblog","og_description":"La storia mistica e tenera di Santa Gertrude di Nivelles. Nel cuore del Belgio, una santa veglia da secoli sui gatti e sui pellegrini.","og_url":"https:\/\/blog.holyart.it\/it\/santi-e-beati\/santa-gertrude-di-nivelles-la-storia-della-santa-protettrice-dei-gatti\/","og_site_name":"Holyblog","article_published_time":"2026-03-11T09:00:53+00:00","og_image":[{"width":1000,"height":666,"url":"https:\/\/blog.holyart.it\/it\/wp-content\/uploads\/sites\/17\/2026\/02\/santa-gertrude-di-nivelles.jpg","type":"image\/jpeg"}],"author":"Redazione","twitter_card":"summary_large_image","twitter_misc":{"Scritto da":"Redazione","Tempo di lettura stimato":"13 minuti"},"schema":{"@context":"https:\/\/schema.org","@graph":[{"@type":"Article","@id":"https:\/\/blog.holyart.it\/it\/santi-e-beati\/santa-gertrude-di-nivelles-la-storia-della-santa-protettrice-dei-gatti\/#article","isPartOf":{"@id":"https:\/\/blog.holyart.it\/it\/santi-e-beati\/santa-gertrude-di-nivelles-la-storia-della-santa-protettrice-dei-gatti\/"},"author":{"name":"Redazione","@id":"https:\/\/blog.holyart.it\/it\/#\/schema\/person\/0a7b686e5af0f856ec1e390dd0baecda"},"headline":"Santa Gertrude di Nivelles: la storia della santa protettrice dei gatti","datePublished":"2026-03-11T09:00:53+00:00","mainEntityOfPage":{"@id":"https:\/\/blog.holyart.it\/it\/santi-e-beati\/santa-gertrude-di-nivelles-la-storia-della-santa-protettrice-dei-gatti\/"},"wordCount":2063,"publisher":{"@id":"https:\/\/blog.holyart.it\/it\/#organization"},"image":{"@id":"https:\/\/blog.holyart.it\/it\/santi-e-beati\/santa-gertrude-di-nivelles-la-storia-della-santa-protettrice-dei-gatti\/#primaryimage"},"thumbnailUrl":"https:\/\/blog.holyart.it\/it\/wp-content\/uploads\/sites\/17\/2026\/02\/santa-gertrude-di-nivelles.jpg","articleSection":["Santi e beati"],"inLanguage":"it-IT"},{"@type":"WebPage","@id":"https:\/\/blog.holyart.it\/it\/santi-e-beati\/santa-gertrude-di-nivelles-la-storia-della-santa-protettrice-dei-gatti\/","url":"https:\/\/blog.holyart.it\/it\/santi-e-beati\/santa-gertrude-di-nivelles-la-storia-della-santa-protettrice-dei-gatti\/","name":"Santa Gertrude di Nivelles: la storia della santa protettrice dei gatti - Holyblog","isPartOf":{"@id":"https:\/\/blog.holyart.it\/it\/#website"},"primaryImageOfPage":{"@id":"https:\/\/blog.holyart.it\/it\/santi-e-beati\/santa-gertrude-di-nivelles-la-storia-della-santa-protettrice-dei-gatti\/#primaryimage"},"image":{"@id":"https:\/\/blog.holyart.it\/it\/santi-e-beati\/santa-gertrude-di-nivelles-la-storia-della-santa-protettrice-dei-gatti\/#primaryimage"},"thumbnailUrl":"https:\/\/blog.holyart.it\/it\/wp-content\/uploads\/sites\/17\/2026\/02\/santa-gertrude-di-nivelles.jpg","datePublished":"2026-03-11T09:00:53+00:00","description":"La storia mistica e tenera di Santa Gertrude di Nivelles. Nel cuore del Belgio, una santa veglia da secoli sui gatti e sui pellegrini.","breadcrumb":{"@id":"https:\/\/blog.holyart.it\/it\/santi-e-beati\/santa-gertrude-di-nivelles-la-storia-della-santa-protettrice-dei-gatti\/#breadcrumb"},"inLanguage":"it-IT","potentialAction":[{"@type":"ReadAction","target":["https:\/\/blog.holyart.it\/it\/santi-e-beati\/santa-gertrude-di-nivelles-la-storia-della-santa-protettrice-dei-gatti\/"]}]},{"@type":"ImageObject","inLanguage":"it-IT","@id":"https:\/\/blog.holyart.it\/it\/santi-e-beati\/santa-gertrude-di-nivelles-la-storia-della-santa-protettrice-dei-gatti\/#primaryimage","url":"https:\/\/blog.holyart.it\/it\/wp-content\/uploads\/sites\/17\/2026\/02\/santa-gertrude-di-nivelles.jpg","contentUrl":"https:\/\/blog.holyart.it\/it\/wp-content\/uploads\/sites\/17\/2026\/02\/santa-gertrude-di-nivelles.jpg","width":1000,"height":666,"caption":"santa gertrude di nivelles"},{"@type":"BreadcrumbList","@id":"https:\/\/blog.holyart.it\/it\/santi-e-beati\/santa-gertrude-di-nivelles-la-storia-della-santa-protettrice-dei-gatti\/#breadcrumb","itemListElement":[{"@type":"ListItem","position":1,"name":"Homepage","item":"https:\/\/blog.holyart.it\/it\/"},{"@type":"ListItem","position":2,"name":"Santi e beati","item":"https:\/\/blog.holyart.it\/it\/santi-e-beati\/"},{"@type":"ListItem","position":3,"name":"Santa Gertrude di Nivelles: la storia della santa protettrice dei gatti"}]},{"@type":"WebSite","@id":"https:\/\/blog.holyart.it\/it\/#website","url":"https:\/\/blog.holyart.it\/it\/","name":"Holyblog","description":"Il Blog di Holyart.it","publisher":{"@id":"https:\/\/blog.holyart.it\/it\/#organization"},"potentialAction":[{"@type":"SearchAction","target":{"@type":"EntryPoint","urlTemplate":"https:\/\/blog.holyart.it\/it\/?s={search_term_string}"},"query-input":{"@type":"PropertyValueSpecification","valueRequired":true,"valueName":"search_term_string"}}],"inLanguage":"it-IT"},{"@type":"Organization","@id":"https:\/\/blog.holyart.it\/it\/#organization","name":"Holyblog","url":"https:\/\/blog.holyart.it\/it\/","logo":{"@type":"ImageObject","inLanguage":"it-IT","@id":"https:\/\/blog.holyart.it\/it\/#\/schema\/logo\/image\/","url":"https:\/\/blog.holyart.it\/it\/wp-content\/uploads\/sites\/17\/2022\/12\/Holyart_Blog_Logo.jpg","contentUrl":"https:\/\/blog.holyart.it\/it\/wp-content\/uploads\/sites\/17\/2022\/12\/Holyart_Blog_Logo.jpg","width":300,"height":50,"caption":"Holyblog"},"image":{"@id":"https:\/\/blog.holyart.it\/it\/#\/schema\/logo\/image\/"}},{"@type":"Person","@id":"https:\/\/blog.holyart.it\/it\/#\/schema\/person\/0a7b686e5af0f856ec1e390dd0baecda","name":"Redazione"}]}},"_links":{"self":[{"href":"https:\/\/blog.holyart.it\/it\/wp-json\/wp\/v2\/posts\/23443","targetHints":{"allow":["GET"]}}],"collection":[{"href":"https:\/\/blog.holyart.it\/it\/wp-json\/wp\/v2\/posts"}],"about":[{"href":"https:\/\/blog.holyart.it\/it\/wp-json\/wp\/v2\/types\/post"}],"author":[{"embeddable":true,"href":"https:\/\/blog.holyart.it\/it\/wp-json\/wp\/v2\/users\/1"}],"replies":[{"embeddable":true,"href":"https:\/\/blog.holyart.it\/it\/wp-json\/wp\/v2\/comments?post=23443"}],"version-history":[{"count":5,"href":"https:\/\/blog.holyart.it\/it\/wp-json\/wp\/v2\/posts\/23443\/revisions"}],"predecessor-version":[{"id":23455,"href":"https:\/\/blog.holyart.it\/it\/wp-json\/wp\/v2\/posts\/23443\/revisions\/23455"}],"wp:featuredmedia":[{"embeddable":true,"href":"https:\/\/blog.holyart.it\/it\/wp-json\/wp\/v2\/media\/23454"}],"wp:attachment":[{"href":"https:\/\/blog.holyart.it\/it\/wp-json\/wp\/v2\/media?parent=23443"}],"wp:term":[{"taxonomy":"category","embeddable":true,"href":"https:\/\/blog.holyart.it\/it\/wp-json\/wp\/v2\/categories?post=23443"},{"taxonomy":"post_tag","embeddable":true,"href":"https:\/\/blog.holyart.it\/it\/wp-json\/wp\/v2\/tags?post=23443"}],"curies":[{"name":"wp","href":"https:\/\/api.w.org\/{rel}","templated":true}]}}