{"id":23376,"date":"2026-01-28T10:00:27","date_gmt":"2026-01-28T09:00:27","guid":{"rendered":"https:\/\/blog.holyart.it\/it\/?p=23376"},"modified":"2026-03-03T10:42:43","modified_gmt":"2026-03-03T09:42:43","slug":"benedizione-delle-candele-nella-candelora-un-rito-antico","status":"publish","type":"post","link":"https:\/\/blog.holyart.it\/it\/articoli-religiosi\/benedizione-delle-candele-nella-candelora-un-rito-antico\/","title":{"rendered":"Benedizione delle candele nella Candelora: un rito antico"},"content":{"rendered":"<h4>La benedizione delle candele della Candelora: luce, fede e tradizione in un rito antico che unisce cielo e terra nel cuore dell\u2019inverno<\/h4>\n\n<p>Quando febbraio stringe la terra nel suo pugno gelido e il giorno guadagna luce con pudore, quasi chiedendo permesso, la Chiesa accende una fiamma antica. \u00c8 la\u00a0<a href=\"https:\/\/www.holyart.it\/blog\/articoli-religiosi\/la-candelora-storia-e-curiosita\/\"><strong>Candelora<\/strong><\/a>, un rito che non ha bisogno di clamore, perch\u00e9 parla sottovoce: basta una candela, basta una mano che la regge, basta il buio intorno. La\u00a0<strong>benedizione delle candele<\/strong>\u00a0\u00e8 uno dei gesti pi\u00f9 antichi e suggestivi della tradizione cristiana, un gesto semplice, umile, che trasforma la luce in preghiera e il fuoco in promessa. Accendere una fiamma, in questo giorno, non \u00e8 solo un atto simbolico: \u00e8 un modo di dire io credo che la notte non abbia l&#8217;ultima parola.<\/p>\n<div class=\"link-article\">\n<p><img loading=\"lazy\" decoding=\"async\" class=\"size-full wp-image-23377 alignleft\" src=\"https:\/\/blog.holyart.it\/it\/wp-content\/uploads\/sites\/17\/2026\/01\/candelora.jpg\" alt=\"candelora\" width=\"150\" height=\"99\" data-kale-share-title=\"Benedizione delle candele nella Candelora: un rito antico\" data-kale-share-url=\"https:\/\/blog.holyart.it\/it\/?p=23376\" \/><\/p>\n<div class=\"leggi-anche\">Leggi anche:<\/div>\n<p><strong><a href=\"https:\/\/www.holyart.it\/blog\/articoli-religiosi\/la-candelora-storia-e-curiosita\/\">La Candelora: storia e curiosit\u00e0<\/a><\/strong><br \/>\nLa Candelora, storia di una festa dalle grandi suggestioni che affonda le sue radici in riti precristiani legati&#8230;<\/p>\n<\/div>\n<p>La Candelora cade il\u00a0<strong>2 febbraio<\/strong>, quaranta giorni dopo il Natale. \u00c8 il tempo in cui Maria e Giuseppe salgono al tempio per compiere ci\u00f2 che la Legge prescriveva: la<a href=\"https:\/\/www.holyart.it\/blog\/articoli-religiosi\/presentazione-di-gesu-al-tempio-fino-alla-festa-della-candelora\/\">\u00a0<strong>presentazione del primogenito<\/strong><\/a>\u00a0e la purificazione della madre. Ma come spesso accade nei Vangeli, l&#8217;obbedienza alla Legge diventa occasione di rivelazione. In quel gesto apparentemente ordinario si apre uno squarcio di eterno.\u00a0Simeone, vecchio e stanco di attese, prende Ges\u00f9 tra le braccia. Anna, profetessa, riconosce ci\u00f2 che altri non vedono. Non servono segni spettacolari: basta lo sguardo di chi ha imparato ad aspettare. \u00c8 allora che risuonano parole che attraversano i secoli: luce per illuminare le genti. Non una luce che acceca, ma una luce che accompagna, che rischiara i passi incerti, che resta accesa anche quando tutto intorno sembra spegnersi.\u00a0Ed \u00e8 questa luce a dare il tono alla Candelora. Le candele benedette non sono semplici oggetti di cera e stoppino. Sono memoria viva di Cristo, luce entrata nel mondo senza fare rumore, capace per\u00f2 di scardinare le tenebre pi\u00f9 ostinate.<\/p>\n<div class=\"link-article\">\n<p><img loading=\"lazy\" decoding=\"async\" class=\"size-full wp-image-23378 alignleft\" src=\"https:\/\/blog.holyart.it\/it\/wp-content\/uploads\/sites\/17\/2026\/01\/presentazione-di-Gesu-al-tempio.jpg\" alt=\"presentazione di Ges\u00f9 al tempio\" width=\"150\" height=\"99\" data-kale-share-title=\"Benedizione delle candele nella Candelora: un rito antico\" data-kale-share-url=\"https:\/\/blog.holyart.it\/it\/?p=23376\" \/><\/p>\n<div class=\"leggi-anche\">Leggi anche:<\/div>\n<p><strong><a href=\"https:\/\/www.holyart.it\/blog\/articoli-religiosi\/presentazione-di-gesu-al-tempio-fino-alla-festa-della-candelora\/\">Presentazione di Ges\u00f9 al tempio fino alla festa della Candelora<\/a><\/strong><br \/>\nIl 2 febbraio si festeggia la presentazione di Ges\u00f9 al tempio. Conosciuta anche come festa della purificazione&#8230;<\/p>\n<\/div>\n<h2>Ma perch\u00e9 proprio le candele?<\/h2>\n<p>Perch\u00e9 il fuoco, molto prima di diventare simbolo cristiano, era gi\u00e0 parte del linguaggio dell&#8217;uomo, un alfabeto primordiale, comprensibile a tutti. Nell&#8217;<strong>antica Roma<\/strong>, in questo tempo di passaggio si celebravano feste dedicate alla purificazione: la citt\u00e0 veniva attraversata da uomini e donne con fiaccole accese, in una corsa rituale che prendeva il nome di\u00a0<em>februatio<\/em>. Il fuoco non serviva a distruggere, ma a mondare, a preparare, a scacciare ci\u00f2 che apparteneva all&#8217;inverno dell&#8217;anima. Al centro di queste celebrazioni c&#8217;era Giunone, venerata anche come Lucina, dea della luce e protettrice delle partorienti.<\/p>\n<p>La\u00a0<strong>Chiesa dei primi secoli<\/strong>\u00a0non oper\u00f2 una cancellazione brutale di questi riti antichi. Fece qualcosa di pi\u00f9 sottile e duraturo: li attravers\u00f2, li prese per mano, li svuot\u00f2 del loro significato superstizioso e li colm\u00f2 di una luce nuova. Dove prima c&#8217;era il timore degli d\u00e8i, mise la fiducia. Dove c&#8217;era il gesto magico, mise la preghiera. Ci\u00f2 che era ritenuto superstizione venne trasformato in atto di piet\u00e0 cristiana. Il fuoco rimase, ma cambi\u00f2 volto.<br \/>\nGi\u00e0 nel VII secolo, a Roma, la Candelora era celebrata con una processione notturna. I fedeli, provenienti dalle diverse parrocchie, si muovevano lentamente nella citt\u00e0 addormentata, <a href=\"https:\/\/www.holyart.it\/it\/prodotti-consumabili\/candele-ceri-ceretti\/fiammelle-bianche-100-pz.\"><strong>ceri accesi tra le mani<\/strong><\/a>. Confluivano verso Santa Maria Maggiore come un unico corpo luminoso, un fiume di piccole fiamme che fendono il buio. Non era solo una processione: era la realizzazione di una visione, la fede come cammino, la luce come compagna.<\/p>\n<div class=\"link-product\">\n<div class=\"blocco-immagine\"><img loading=\"lazy\" decoding=\"async\" class=\"size-full wp-image-23379 alignleft\" src=\"https:\/\/blog.holyart.it\/it\/wp-content\/uploads\/sites\/17\/2026\/01\/fiammelle-bianche-100-pz.jpg\" alt=\"fiammelle bianche 100 pz.\" width=\"100\" height=\"100\" data-kale-share-title=\"Benedizione delle candele nella Candelora: un rito antico\" data-kale-share-url=\"https:\/\/blog.holyart.it\/it\/?p=23376\" \/><\/div>\n<div class=\"blocco-contenuto\">\n<div class=\"blocco-acquista\">Acquista su Holyart:<\/div>\n<div class=\"blocco-titolo\"><a href=\"https:\/\/www.holyart.it\/it\/prodotti-consumabili\/candele-ceri-ceretti\/fiammelle-bianche-100-pz.\">Fiammelle bianche 100 pz.<\/a><\/div>\n<div class=\"blocco-descrizione\">Fiammelle bianche in cera (sacchetto 100 pz.) di altezza 25 cm.<\/div>\n<\/div>\n<\/div>\n<p>Secondo la tradizione, le candele benedette durante la Candelora venivano poi portate a casa e conservate con cura dai fedeli. Si accendevano per placare l&#8217;ira divina durante i violenti temporali, quando la furia degli elementi sembrava minacciare la vita stessa. Ardevano nell&#8217;attesa angosciosa di una persona che non tornava o che si pensava fosse in grave pericolo. Illuminavano le stanze quando si assisteva un moribondo, accompagnando il passaggio dalla vita terrena all&#8217;eternit\u00e0. Venivano accese durante le epidemie o durante i parti difficili, quando la vita nuova faticava a venire alla luce. In tutti questi momenti cruciali, la fiamma della candela benedetta diventava preghiera visibile, invocazione silenziosa dell&#8217;aiuto divino.<\/p>\n<h2>Un ponte tra cielo e terra, tra inverno e primavera<\/h2>\n<p>La Candelora cade in un tempo sospeso. Non appartiene del tutto all&#8217;inverno, ma non \u00e8 ancora primavera. \u00c8 una soglia, un passaggio, un respiro trattenuto. Nel cielo, l&#8217;inverno \u00e8 ancora sovrano. Eppure, nel ritmo pi\u00f9 antico, quello dei campi, delle radici, dei semi nascosti, qualcosa ha gi\u00e0 cominciato a muoversi. La linfa si prepara. La luce ritorna, timida, ma ostinata.<\/p>\n<p>Nelle tradizioni alpine e medievali, il protagonista di questo giorno era l&#8217;<strong>orso<\/strong>. Il 2 febbraio, secondo la credenza popolare, l&#8217;orso usciva dalla tana per scrutare il cielo. Se trovava bel tempo e vedeva la propria ombra, rientrava a dormire: l&#8217;inverno non era finito. Se invece il cielo era coperto, restava fuori: la primavera era vicina. Non era superstizione ingenua, ma osservazione paziente del ritmo naturale.\u00a0Con l&#8217;emigrazione europea verso il Nuovo Mondo, questa antica credenza attravers\u00f2 l&#8217;oceano e cambi\u00f2 volto. L&#8217;orso lasci\u00f2 il posto alla\u00a0<strong>marmotta<\/strong>, dando vita al Giorno della Marmotta che ancora oggi, il 2 febbraio, ripete lo stesso gesto simbolico. Cambiano i nomi, cambiano gli animali, ma il cuore del rito resta identico.<\/p>\n<p>La<strong><a href=\"https:\/\/www.holyart.it\/blog\/articoli-religiosi\/proverbi-sulla-candelora-le-tradizioni-legate-alla-festivita\/\">\u00a0sapienza popolare<\/a><\/strong>\u00a0lo ha sempre saputo: questo non \u00e8 un giorno qualunque.<br \/>\n<em>Quando vien la Candelora, de l&#8217;inverno semo fora; ma se piove o tira vento, de l&#8217;inverno semo dentro.<br \/>\n<\/em>Il proverbio parla del tempo, ma racconta molto di pi\u00f9. Racconta l&#8217;attesa, il timore di sperare troppo presto, la prudenza di chi sa che la luce va accolta con rispetto.<br \/>\nIn questo contesto, la benedizione delle candele acquista un significato ancora pi\u00f9 profondo. La fiamma accesa tra le mani non \u00e8 solo memoria di Cristo, ma\u00a0<strong>riflesso del sole che ritorna<\/strong>, promessa di un calore che verr\u00e0. Come la natura attraversa il freddo per prepararsi al risveglio, cos\u00ec l&#8217;uomo attraversa il buio per essere purificato.<br \/>\nLa Candelora insegna che la luce non irrompe all&#8217;improvviso: cresce, avanza, conquista terreno.<br \/>\nE quando finalmente arriva la primavera, nella terra e nel cuore, non \u00e8 un miracolo improvviso, ma il frutto di un&#8217;attesa fedele, vegliata come una fiamma, anche nei giorni pi\u00f9 freddi.<\/p>\n<div class=\"link-article\">\n<p><img loading=\"lazy\" decoding=\"async\" class=\"size-full wp-image-23380 alignleft\" src=\"https:\/\/blog.holyart.it\/it\/wp-content\/uploads\/sites\/17\/2026\/01\/candelora.jpeg\" alt=\"candelora\" width=\"150\" height=\"100\" data-kale-share-title=\"Benedizione delle candele nella Candelora: un rito antico\" data-kale-share-url=\"https:\/\/blog.holyart.it\/it\/?p=23376\" \/><\/p>\n<div class=\"leggi-anche\">Leggi anche:<\/div>\n<p><strong><a href=\"https:\/\/www.holyart.it\/blog\/articoli-religiosi\/proverbi-sulla-candelora-le-tradizioni-legate-alla-festivita\/\">Proverbi sulla Candelora le tradizioni legate alla festivit\u00e0<\/a><\/strong><br \/>\nI proverbi sulla Candelora appartengono al patrimonio folkloristico del nostro paese, ma attingono anche&#8230;<\/p>\n<\/div>\n<h2>La preghiera della Candelora<\/h2>\n<p>Ancora oggi, la benedizione delle candele conserva una bellezza che non ha bisogno di essere spiegata. Basta vederla, viverla.\u00a0I fedeli si radunano fuori dalla chiesa principale, o in una cappella pi\u00f9 piccola, stringendo tra le mani candele gi\u00e0 accese. <a href=\"https:\/\/www.holyart.it\/it\/prodotti-consumabili\/candele-ceri-ceretti\/candela-votiva-confezione\"><strong>Piccole fiamme che tremano nell&#8217;aria fredda<\/strong><\/a>, come se anche loro sapessero di essere chiamate a qualcosa. Il sacerdote indossa i <a href=\"https:\/\/www.holyart.it\/it\/accessori-per-la-liturgia\/paramenti-liturgici-servizi-altare-coprileggii\"><strong>paramenti bianchi<\/strong><\/a> della festa: il colore della luce piena, della rivelazione, dell&#8217;attesa che si compie.<\/p>\n<div class=\"link-product\">\n<div class=\"blocco-immagine\"><img loading=\"lazy\" decoding=\"async\" class=\"size-full wp-image-23381 alignleft\" src=\"https:\/\/blog.holyart.it\/it\/wp-content\/uploads\/sites\/17\/2026\/01\/candela-votiva-confezione.jpg\" alt=\"candela votiva confezione\" width=\"100\" height=\"100\" data-kale-share-title=\"Benedizione delle candele nella Candelora: un rito antico\" data-kale-share-url=\"https:\/\/blog.holyart.it\/it\/?p=23376\" \/><\/div>\n<div class=\"blocco-contenuto\">\n<div class=\"blocco-acquista\">Acquista su Holyart:<\/div>\n<div class=\"blocco-titolo\"><a href=\"https:\/\/www.holyart.it\/it\/prodotti-consumabili\/candele-ceri-ceretti\/candela-votiva-confezione\">Candela votiva (confezione)<\/a><\/div>\n<div class=\"blocco-descrizione\">Candela votiva in cera bianca raffinata.<\/div>\n<\/div>\n<\/div>\n<p>L&#8217;antifona di apertura rompe il silenzio con parole che sembrano venire da lontano:<\/p>\n<p><em>Il Signore nostro Dio verr\u00e0 con potenza, e illuminer\u00e0 il suo popolo. Alleluia.<\/em><\/p>\n<p>Non \u00e8 un annuncio urlato. \u00c8 una certezza sussurrata.<\/p>\n<p>Poi il celebrante invita l&#8217;assemblea a fermarsi un istante, a comprendere. Ricorda che sono passati quaranta giorni dal Natale. Che Maria e Giuseppe salgono al tempio portando con s\u00e9 un bambino. Che quel gesto, apparentemente umile e dovuto, \u00e8 in realt\u00e0 un incontro atteso da secoli. E anche noi siamo qui per questo: per andare incontro a Cristo, per riconoscerlo, per lasciarci sorprendere.<\/p>\n<div class=\"link-product\">\n<div class=\"blocco-immagine\"><img loading=\"lazy\" decoding=\"async\" class=\"size-full wp-image-23382 alignleft\" src=\"https:\/\/blog.holyart.it\/it\/wp-content\/uploads\/sites\/17\/2026\/01\/casula-liturgica-ricamo-dorato.jpg\" alt=\"casula liturgica ricamo dorato\" width=\"100\" height=\"100\" data-kale-share-title=\"Benedizione delle candele nella Candelora: un rito antico\" data-kale-share-url=\"https:\/\/blog.holyart.it\/it\/?p=23376\" \/><\/div>\n<div class=\"blocco-contenuto\">\n<div class=\"blocco-acquista\">Acquista su Holyart:<\/div>\n<div class=\"blocco-titolo\"><a href=\"https:\/\/www.holyart.it\/it\/accessori-per-la-liturgia\/paramenti-liturgici-servizi-altare-coprileggii\">Paramenti liturgici, servizi altare, coprileggii<\/a><\/div>\n<div class=\"blocco-descrizione\">Casule e stole, servizi da altare, piviali, pianete, tovaglie da altare, camici liturgici, coprileggii e tanti altri paramenti.<\/div>\n<\/div>\n<\/div>\n<p>La preghiera della Candelora risuona a mani giunte, con una solennit\u00e0 che non \u00e8 rigida, ma densa:<\/p>\n<p><em>O Dio, fonte e principio di ogni luce,<\/em><br \/>\n<em>che oggi hai rivelato al santo vecchio Simeone<\/em><br \/>\n<em>il Cristo, vera luce di tutte le genti,<\/em><br \/>\n<em>benedici questi ceri e ascolta le preghiere del tuo popolo,<\/em><br \/>\n<em>che viene incontro a te \u00a0<\/em><br \/>\n<em>con questi segni luminosi e con inni di lode;<\/em><br \/>\n<em>guidalo sulla via del bene, \u00a0<\/em><br \/>\n<em>perch\u00e9 giunga alla luce che non ha fine.<\/em><br \/>\n<em>Per Cristo nostro Signore.<\/em><br \/>\n<em>Amen\u00a0<\/em><\/p>\n<p>In queste parole si raccoglie tutta la teologia della Candelora: Dio come sorgente, Cristo come luce resa visibile, l&#8217;uomo come viandante che non cammina al buio. Le candele non sono talismani. Sono segni poveri e potentissimi insieme.<\/p>\n<p>Dopo la benedizione, la processione si mette in cammino. I fedeli avanzano lentamente verso l&#8217;altare, candele accese tra le mani, cantando. \u00c8 un gesto semplice, quasi elementare, eppure carico di memoria: Maria e Giuseppe che salgono al tempio, Simeone che va incontro alla promessa, un popolo intero che si muove verso la luce invece di aspettarla seduto.<\/p>\n<p>Come abbiamo visto anche nei nostri approfondimenti dedicati alle\u00a0curiosit\u00e0 sulla Candelora\u00a0e alla Presentazione di Ges\u00f9 al Tempio, questa festa \u00e8 una soglia, un punto d&#8217;incontro raro, dove tradizioni antichissime e fede cristiana non si scontrano, ma si riconoscono. E camminano insieme, tenendo accesa una fiamma che non chiede di essere grande. Solo di non spegnersi.<\/p>\n","protected":false},"excerpt":{"rendered":"<p>La benedizione delle candele della Candelora: luce, fede e tradizione in un rito antico che unisce cielo e terra nel cuore dell\u2019inverno Quando febbraio stringe la terra nel suo pugno gelido e il giorno guadagna luce con pudore, quasi chiedendo permesso, la Chiesa accende una&hellip;<\/p>\n","protected":false},"author":1,"featured_media":23384,"comment_status":"closed","ping_status":"open","sticky":false,"template":"","format":"standard","meta":{"_acf_changed":false,"footnotes":""},"categories":[16],"tags":[],"class_list":["post-23376","post","type-post","status-publish","format-standard","has-post-thumbnail","hentry","category-articoli-religiosi"],"acf":[],"yoast_head":"<!-- This site is optimized with the Yoast SEO plugin v26.6 - https:\/\/yoast.com\/wordpress\/plugins\/seo\/ -->\n<title>Benedizione delle candele nella Candelora: un rito antico - Holyblog<\/title>\n<meta name=\"description\" content=\"La benedizione delle candele della Candelora: luce, fede e tradizione in un rito antico che unisce cielo e terra nel cuore dell\u2019inverno\" \/>\n<meta name=\"robots\" content=\"index, follow, max-snippet:-1, max-image-preview:large, max-video-preview:-1\" \/>\n<link rel=\"canonical\" href=\"https:\/\/blog.holyart.it\/it\/articoli-religiosi\/benedizione-delle-candele-nella-candelora-un-rito-antico\/\" \/>\n<meta property=\"og:locale\" content=\"it_IT\" \/>\n<meta property=\"og:type\" content=\"article\" \/>\n<meta property=\"og:title\" content=\"Benedizione delle candele nella Candelora: un rito antico - Holyblog\" \/>\n<meta property=\"og:description\" content=\"La benedizione delle candele della Candelora: luce, fede e tradizione in un rito antico che unisce cielo e terra nel cuore dell\u2019inverno\" \/>\n<meta property=\"og:url\" content=\"https:\/\/blog.holyart.it\/it\/articoli-religiosi\/benedizione-delle-candele-nella-candelora-un-rito-antico\/\" \/>\n<meta property=\"og:site_name\" content=\"Holyblog\" \/>\n<meta property=\"article:published_time\" content=\"2026-01-28T09:00:27+00:00\" \/>\n<meta property=\"article:modified_time\" content=\"2026-03-03T09:42:43+00:00\" \/>\n<meta property=\"og:image\" content=\"https:\/\/blog.holyart.it\/it\/wp-content\/uploads\/sites\/17\/2026\/01\/benedizione-delle-candele.jpg\" \/>\n\t<meta property=\"og:image:width\" content=\"1000\" \/>\n\t<meta property=\"og:image:height\" content=\"666\" \/>\n\t<meta property=\"og:image:type\" content=\"image\/jpeg\" \/>\n<meta name=\"author\" content=\"Redazione\" \/>\n<meta name=\"twitter:card\" content=\"summary_large_image\" \/>\n<meta name=\"twitter:label1\" content=\"Scritto da\" \/>\n\t<meta name=\"twitter:data1\" content=\"Redazione\" \/>\n\t<meta name=\"twitter:label2\" content=\"Tempo di lettura stimato\" \/>\n\t<meta name=\"twitter:data2\" content=\"10 minuti\" \/>\n<script type=\"application\/ld+json\" class=\"yoast-schema-graph\">{\"@context\":\"https:\/\/schema.org\",\"@graph\":[{\"@type\":\"Article\",\"@id\":\"https:\/\/blog.holyart.it\/it\/articoli-religiosi\/benedizione-delle-candele-nella-candelora-un-rito-antico\/#article\",\"isPartOf\":{\"@id\":\"https:\/\/blog.holyart.it\/it\/articoli-religiosi\/benedizione-delle-candele-nella-candelora-un-rito-antico\/\"},\"author\":{\"name\":\"Redazione\",\"@id\":\"https:\/\/blog.holyart.it\/it\/#\/schema\/person\/0a7b686e5af0f856ec1e390dd0baecda\"},\"headline\":\"Benedizione delle candele nella Candelora: un rito antico\",\"datePublished\":\"2026-01-28T09:00:27+00:00\",\"dateModified\":\"2026-03-03T09:42:43+00:00\",\"mainEntityOfPage\":{\"@id\":\"https:\/\/blog.holyart.it\/it\/articoli-religiosi\/benedizione-delle-candele-nella-candelora-un-rito-antico\/\"},\"wordCount\":1528,\"publisher\":{\"@id\":\"https:\/\/blog.holyart.it\/it\/#organization\"},\"image\":{\"@id\":\"https:\/\/blog.holyart.it\/it\/articoli-religiosi\/benedizione-delle-candele-nella-candelora-un-rito-antico\/#primaryimage\"},\"thumbnailUrl\":\"https:\/\/blog.holyart.it\/it\/wp-content\/uploads\/sites\/17\/2026\/01\/benedizione-delle-candele.jpg\",\"articleSection\":[\"Religione\"],\"inLanguage\":\"it-IT\"},{\"@type\":\"WebPage\",\"@id\":\"https:\/\/blog.holyart.it\/it\/articoli-religiosi\/benedizione-delle-candele-nella-candelora-un-rito-antico\/\",\"url\":\"https:\/\/blog.holyart.it\/it\/articoli-religiosi\/benedizione-delle-candele-nella-candelora-un-rito-antico\/\",\"name\":\"Benedizione delle candele nella Candelora: un rito antico - Holyblog\",\"isPartOf\":{\"@id\":\"https:\/\/blog.holyart.it\/it\/#website\"},\"primaryImageOfPage\":{\"@id\":\"https:\/\/blog.holyart.it\/it\/articoli-religiosi\/benedizione-delle-candele-nella-candelora-un-rito-antico\/#primaryimage\"},\"image\":{\"@id\":\"https:\/\/blog.holyart.it\/it\/articoli-religiosi\/benedizione-delle-candele-nella-candelora-un-rito-antico\/#primaryimage\"},\"thumbnailUrl\":\"https:\/\/blog.holyart.it\/it\/wp-content\/uploads\/sites\/17\/2026\/01\/benedizione-delle-candele.jpg\",\"datePublished\":\"2026-01-28T09:00:27+00:00\",\"dateModified\":\"2026-03-03T09:42:43+00:00\",\"description\":\"La benedizione delle candele della Candelora: luce, fede e tradizione in un rito antico che unisce cielo e terra nel cuore dell\u2019inverno\",\"breadcrumb\":{\"@id\":\"https:\/\/blog.holyart.it\/it\/articoli-religiosi\/benedizione-delle-candele-nella-candelora-un-rito-antico\/#breadcrumb\"},\"inLanguage\":\"it-IT\",\"potentialAction\":[{\"@type\":\"ReadAction\",\"target\":[\"https:\/\/blog.holyart.it\/it\/articoli-religiosi\/benedizione-delle-candele-nella-candelora-un-rito-antico\/\"]}]},{\"@type\":\"ImageObject\",\"inLanguage\":\"it-IT\",\"@id\":\"https:\/\/blog.holyart.it\/it\/articoli-religiosi\/benedizione-delle-candele-nella-candelora-un-rito-antico\/#primaryimage\",\"url\":\"https:\/\/blog.holyart.it\/it\/wp-content\/uploads\/sites\/17\/2026\/01\/benedizione-delle-candele.jpg\",\"contentUrl\":\"https:\/\/blog.holyart.it\/it\/wp-content\/uploads\/sites\/17\/2026\/01\/benedizione-delle-candele.jpg\",\"width\":1000,\"height\":666,\"caption\":\"benedizione delle candele\"},{\"@type\":\"BreadcrumbList\",\"@id\":\"https:\/\/blog.holyart.it\/it\/articoli-religiosi\/benedizione-delle-candele-nella-candelora-un-rito-antico\/#breadcrumb\",\"itemListElement\":[{\"@type\":\"ListItem\",\"position\":1,\"name\":\"Homepage\",\"item\":\"https:\/\/blog.holyart.it\/it\/\"},{\"@type\":\"ListItem\",\"position\":2,\"name\":\"Religione\",\"item\":\"https:\/\/blog.holyart.it\/it\/articoli-religiosi\/\"},{\"@type\":\"ListItem\",\"position\":3,\"name\":\"Benedizione delle candele nella Candelora: un rito antico\"}]},{\"@type\":\"WebSite\",\"@id\":\"https:\/\/blog.holyart.it\/it\/#website\",\"url\":\"https:\/\/blog.holyart.it\/it\/\",\"name\":\"Holyblog\",\"description\":\"Il Blog di Holyart.it\",\"publisher\":{\"@id\":\"https:\/\/blog.holyart.it\/it\/#organization\"},\"potentialAction\":[{\"@type\":\"SearchAction\",\"target\":{\"@type\":\"EntryPoint\",\"urlTemplate\":\"https:\/\/blog.holyart.it\/it\/?s={search_term_string}\"},\"query-input\":{\"@type\":\"PropertyValueSpecification\",\"valueRequired\":true,\"valueName\":\"search_term_string\"}}],\"inLanguage\":\"it-IT\"},{\"@type\":\"Organization\",\"@id\":\"https:\/\/blog.holyart.it\/it\/#organization\",\"name\":\"Holyblog\",\"url\":\"https:\/\/blog.holyart.it\/it\/\",\"logo\":{\"@type\":\"ImageObject\",\"inLanguage\":\"it-IT\",\"@id\":\"https:\/\/blog.holyart.it\/it\/#\/schema\/logo\/image\/\",\"url\":\"https:\/\/blog.holyart.it\/it\/wp-content\/uploads\/sites\/17\/2022\/12\/Holyart_Blog_Logo.jpg\",\"contentUrl\":\"https:\/\/blog.holyart.it\/it\/wp-content\/uploads\/sites\/17\/2022\/12\/Holyart_Blog_Logo.jpg\",\"width\":300,\"height\":50,\"caption\":\"Holyblog\"},\"image\":{\"@id\":\"https:\/\/blog.holyart.it\/it\/#\/schema\/logo\/image\/\"}},{\"@type\":\"Person\",\"@id\":\"https:\/\/blog.holyart.it\/it\/#\/schema\/person\/0a7b686e5af0f856ec1e390dd0baecda\",\"name\":\"Redazione\"}]}<\/script>\n<!-- \/ Yoast SEO plugin. -->","yoast_head_json":{"title":"Benedizione delle candele nella Candelora: un rito antico - Holyblog","description":"La benedizione delle candele della Candelora: luce, fede e tradizione in un rito antico che unisce cielo e terra nel cuore dell\u2019inverno","robots":{"index":"index","follow":"follow","max-snippet":"max-snippet:-1","max-image-preview":"max-image-preview:large","max-video-preview":"max-video-preview:-1"},"canonical":"https:\/\/blog.holyart.it\/it\/articoli-religiosi\/benedizione-delle-candele-nella-candelora-un-rito-antico\/","og_locale":"it_IT","og_type":"article","og_title":"Benedizione delle candele nella Candelora: un rito antico - Holyblog","og_description":"La benedizione delle candele della Candelora: luce, fede e tradizione in un rito antico che unisce cielo e terra nel cuore dell\u2019inverno","og_url":"https:\/\/blog.holyart.it\/it\/articoli-religiosi\/benedizione-delle-candele-nella-candelora-un-rito-antico\/","og_site_name":"Holyblog","article_published_time":"2026-01-28T09:00:27+00:00","article_modified_time":"2026-03-03T09:42:43+00:00","og_image":[{"width":1000,"height":666,"url":"https:\/\/blog.holyart.it\/it\/wp-content\/uploads\/sites\/17\/2026\/01\/benedizione-delle-candele.jpg","type":"image\/jpeg"}],"author":"Redazione","twitter_card":"summary_large_image","twitter_misc":{"Scritto da":"Redazione","Tempo di lettura stimato":"10 minuti"},"schema":{"@context":"https:\/\/schema.org","@graph":[{"@type":"Article","@id":"https:\/\/blog.holyart.it\/it\/articoli-religiosi\/benedizione-delle-candele-nella-candelora-un-rito-antico\/#article","isPartOf":{"@id":"https:\/\/blog.holyart.it\/it\/articoli-religiosi\/benedizione-delle-candele-nella-candelora-un-rito-antico\/"},"author":{"name":"Redazione","@id":"https:\/\/blog.holyart.it\/it\/#\/schema\/person\/0a7b686e5af0f856ec1e390dd0baecda"},"headline":"Benedizione delle candele nella Candelora: un rito antico","datePublished":"2026-01-28T09:00:27+00:00","dateModified":"2026-03-03T09:42:43+00:00","mainEntityOfPage":{"@id":"https:\/\/blog.holyart.it\/it\/articoli-religiosi\/benedizione-delle-candele-nella-candelora-un-rito-antico\/"},"wordCount":1528,"publisher":{"@id":"https:\/\/blog.holyart.it\/it\/#organization"},"image":{"@id":"https:\/\/blog.holyart.it\/it\/articoli-religiosi\/benedizione-delle-candele-nella-candelora-un-rito-antico\/#primaryimage"},"thumbnailUrl":"https:\/\/blog.holyart.it\/it\/wp-content\/uploads\/sites\/17\/2026\/01\/benedizione-delle-candele.jpg","articleSection":["Religione"],"inLanguage":"it-IT"},{"@type":"WebPage","@id":"https:\/\/blog.holyart.it\/it\/articoli-religiosi\/benedizione-delle-candele-nella-candelora-un-rito-antico\/","url":"https:\/\/blog.holyart.it\/it\/articoli-religiosi\/benedizione-delle-candele-nella-candelora-un-rito-antico\/","name":"Benedizione delle candele nella Candelora: un rito antico - Holyblog","isPartOf":{"@id":"https:\/\/blog.holyart.it\/it\/#website"},"primaryImageOfPage":{"@id":"https:\/\/blog.holyart.it\/it\/articoli-religiosi\/benedizione-delle-candele-nella-candelora-un-rito-antico\/#primaryimage"},"image":{"@id":"https:\/\/blog.holyart.it\/it\/articoli-religiosi\/benedizione-delle-candele-nella-candelora-un-rito-antico\/#primaryimage"},"thumbnailUrl":"https:\/\/blog.holyart.it\/it\/wp-content\/uploads\/sites\/17\/2026\/01\/benedizione-delle-candele.jpg","datePublished":"2026-01-28T09:00:27+00:00","dateModified":"2026-03-03T09:42:43+00:00","description":"La benedizione delle candele della Candelora: luce, fede e tradizione in un rito antico che unisce cielo e terra nel cuore dell\u2019inverno","breadcrumb":{"@id":"https:\/\/blog.holyart.it\/it\/articoli-religiosi\/benedizione-delle-candele-nella-candelora-un-rito-antico\/#breadcrumb"},"inLanguage":"it-IT","potentialAction":[{"@type":"ReadAction","target":["https:\/\/blog.holyart.it\/it\/articoli-religiosi\/benedizione-delle-candele-nella-candelora-un-rito-antico\/"]}]},{"@type":"ImageObject","inLanguage":"it-IT","@id":"https:\/\/blog.holyart.it\/it\/articoli-religiosi\/benedizione-delle-candele-nella-candelora-un-rito-antico\/#primaryimage","url":"https:\/\/blog.holyart.it\/it\/wp-content\/uploads\/sites\/17\/2026\/01\/benedizione-delle-candele.jpg","contentUrl":"https:\/\/blog.holyart.it\/it\/wp-content\/uploads\/sites\/17\/2026\/01\/benedizione-delle-candele.jpg","width":1000,"height":666,"caption":"benedizione delle candele"},{"@type":"BreadcrumbList","@id":"https:\/\/blog.holyart.it\/it\/articoli-religiosi\/benedizione-delle-candele-nella-candelora-un-rito-antico\/#breadcrumb","itemListElement":[{"@type":"ListItem","position":1,"name":"Homepage","item":"https:\/\/blog.holyart.it\/it\/"},{"@type":"ListItem","position":2,"name":"Religione","item":"https:\/\/blog.holyart.it\/it\/articoli-religiosi\/"},{"@type":"ListItem","position":3,"name":"Benedizione delle candele nella Candelora: un rito antico"}]},{"@type":"WebSite","@id":"https:\/\/blog.holyart.it\/it\/#website","url":"https:\/\/blog.holyart.it\/it\/","name":"Holyblog","description":"Il Blog di Holyart.it","publisher":{"@id":"https:\/\/blog.holyart.it\/it\/#organization"},"potentialAction":[{"@type":"SearchAction","target":{"@type":"EntryPoint","urlTemplate":"https:\/\/blog.holyart.it\/it\/?s={search_term_string}"},"query-input":{"@type":"PropertyValueSpecification","valueRequired":true,"valueName":"search_term_string"}}],"inLanguage":"it-IT"},{"@type":"Organization","@id":"https:\/\/blog.holyart.it\/it\/#organization","name":"Holyblog","url":"https:\/\/blog.holyart.it\/it\/","logo":{"@type":"ImageObject","inLanguage":"it-IT","@id":"https:\/\/blog.holyart.it\/it\/#\/schema\/logo\/image\/","url":"https:\/\/blog.holyart.it\/it\/wp-content\/uploads\/sites\/17\/2022\/12\/Holyart_Blog_Logo.jpg","contentUrl":"https:\/\/blog.holyart.it\/it\/wp-content\/uploads\/sites\/17\/2022\/12\/Holyart_Blog_Logo.jpg","width":300,"height":50,"caption":"Holyblog"},"image":{"@id":"https:\/\/blog.holyart.it\/it\/#\/schema\/logo\/image\/"}},{"@type":"Person","@id":"https:\/\/blog.holyart.it\/it\/#\/schema\/person\/0a7b686e5af0f856ec1e390dd0baecda","name":"Redazione"}]}},"_links":{"self":[{"href":"https:\/\/blog.holyart.it\/it\/wp-json\/wp\/v2\/posts\/23376","targetHints":{"allow":["GET"]}}],"collection":[{"href":"https:\/\/blog.holyart.it\/it\/wp-json\/wp\/v2\/posts"}],"about":[{"href":"https:\/\/blog.holyart.it\/it\/wp-json\/wp\/v2\/types\/post"}],"author":[{"embeddable":true,"href":"https:\/\/blog.holyart.it\/it\/wp-json\/wp\/v2\/users\/1"}],"replies":[{"embeddable":true,"href":"https:\/\/blog.holyart.it\/it\/wp-json\/wp\/v2\/comments?post=23376"}],"version-history":[{"count":2,"href":"https:\/\/blog.holyart.it\/it\/wp-json\/wp\/v2\/posts\/23376\/revisions"}],"predecessor-version":[{"id":23385,"href":"https:\/\/blog.holyart.it\/it\/wp-json\/wp\/v2\/posts\/23376\/revisions\/23385"}],"wp:featuredmedia":[{"embeddable":true,"href":"https:\/\/blog.holyart.it\/it\/wp-json\/wp\/v2\/media\/23384"}],"wp:attachment":[{"href":"https:\/\/blog.holyart.it\/it\/wp-json\/wp\/v2\/media?parent=23376"}],"wp:term":[{"taxonomy":"category","embeddable":true,"href":"https:\/\/blog.holyart.it\/it\/wp-json\/wp\/v2\/categories?post=23376"},{"taxonomy":"post_tag","embeddable":true,"href":"https:\/\/blog.holyart.it\/it\/wp-json\/wp\/v2\/tags?post=23376"}],"curies":[{"name":"wp","href":"https:\/\/api.w.org\/{rel}","templated":true}]}}