{"id":23361,"date":"2026-02-25T10:00:18","date_gmt":"2026-02-25T09:00:18","guid":{"rendered":"https:\/\/blog.holyart.it\/it\/?p=23361"},"modified":"2026-03-03T10:44:35","modified_gmt":"2026-03-03T09:44:35","slug":"chi-era-santa-francesca-romana-storia-miracoli-e-culto","status":"publish","type":"post","link":"https:\/\/blog.holyart.it\/it\/santi-e-beati\/chi-era-santa-francesca-romana-storia-miracoli-e-culto\/","title":{"rendered":"Chi era Santa Francesca Romana: storia, miracoli e culto"},"content":{"rendered":"<h4>Santa Francesca Romana, mistica e benefattrice di Roma: una vita tra carit\u00e0, visioni, miracoli e un culto ancora vivo nel cuore della citt\u00e0 eterna<\/h4>\n\n<p>Nel cuore di una Roma stanca e ferita, all\u2019alba del Quattrocento, una donna attraversava i vicoli come una brace che non fa fumo. Indossava una tunica di panno grezzo, verde scuro, e camminava tra le rovine di un\u2019antica grandezza senza voltarsi indietro. Non cercava ci\u00f2 che Roma era stata, ma ci\u00f2 che ancora poteva salvare. Cercava il volto di Cristo nei poveri, negli ammalati, negli ultimi. Era Santa Francesca Romana.<br \/>\nSi chiamava Francesca Bussa, sposata Ponziani. Per tutti era semplicemente\u00a0<em>Ceccolella<\/em>. La sua fede, silenziosa e ostinata, avrebbe attraversato i secoli fino a farla proclamare\u00a0<strong>patrona di Roma<\/strong>, accanto a\u00a0<strong><a href=\"https:\/\/www.holyart.it\/blog\/santi-e-beati\/san-pietro-e-paolo-perche-vengono-festeggiati-insieme\/\">Pietro e Paolo<\/a><\/strong>.<\/p>\n<div class=\"link-article\">\n<p><img loading=\"lazy\" decoding=\"async\" class=\"size-full wp-image-23362 alignleft\" src=\"https:\/\/blog.holyart.it\/it\/wp-content\/uploads\/sites\/17\/2026\/01\/santi-pietro-e-paolo.jpg\" alt=\"santi pietro e paolo\" width=\"150\" height=\"99\" data-kale-share-title=\"Chi era Santa Francesca Romana: storia, miracoli e culto\" data-kale-share-url=\"https:\/\/blog.holyart.it\/it\/?p=23361\" \/><\/p>\n<div class=\"leggi-anche\">Leggi anche:<\/div>\n<p><strong><a href=\"https:\/\/www.holyart.it\/blog\/santi-e-beati\/san-pietro-e-paolo-perche-vengono-festeggiati-insieme\/\">San Pietro e Paolo, perch\u00e9 vengono festeggiati insieme?<\/a><\/strong><br \/>\nIl 29 giugno si festeggiano San Pietro e Paolo. Due apostoli, due uomini diversissimi tra loro, ma entrambi&#8230;<\/p>\n<\/div>\n<h2>La vita di Santa Francesca Romana<\/h2>\n<p>Quando Francesca nacque nel 1384, nella nobile famiglia dei Bussa de\u2019 Leoni, Roma non era pi\u00f9 la capitale di un Impero trionfante. Dentro le Mura Aureliane vivevano poco pi\u00f9 di venticinquemila anime. Guerre intestine, carestie e pestilenze l\u2019avevano ridotta a un corpo stremato. I fori erano cumuli di pietre, le chiese si perdevano tra rovi e macerie, e la miseria scorreva nelle strade dove un tempo risplendevano marmi e ori.<\/p>\n<p>Fin da bambina Francesca sent\u00ec il desiderio di appartenere a Dio senza riserve. Pregava a lungo, si sottoponeva a penitenze che oggi sembrerebbero eccessive, ma che allora erano il linguaggio comune della <a href=\"https:\/\/www.holyart.it\/blog\/santi-e-beati\/qual-la-differenza-venerazione-devozione-adorazione\/\"><strong>devozione<\/strong><\/a>. Suo padre, per\u00f2, aveva altri progetti. Come accadeva nelle famiglie aristocratiche, il destino era gi\u00e0 scritto: a dodici anni Francesca fu data in sposa a Lorenzo de\u2019 Ponziani, giovane di nobile casato, secondo alcune fonti legato agli ambienti della curia romana.<\/p>\n<div class=\"link-article\">\n<p><img loading=\"lazy\" decoding=\"async\" class=\"size-full wp-image-23363 alignleft\" src=\"https:\/\/blog.holyart.it\/it\/wp-content\/uploads\/sites\/17\/2026\/01\/Madonna_Addolorata-foto-evidenza.jpg\" alt=\"Madonna Addolorata\" width=\"150\" height=\"99\" data-kale-share-title=\"Chi era Santa Francesca Romana: storia, miracoli e culto\" data-kale-share-url=\"https:\/\/blog.holyart.it\/it\/?p=23361\" \/><\/p>\n<div class=\"leggi-anche\">Leggi anche:<\/div>\n<p><strong><a href=\"https:\/\/www.holyart.it\/blog\/santi-e-beati\/qual-la-differenza-venerazione-devozione-adorazione\/\">Qual \u00e8 la differenza tra Venerazione, Devozione e Adorazione?<\/a><\/strong><br \/>\nIn questo articolo approfondiamo la differenza tra venerazione, devozione e adorazione&#8230;<\/p>\n<\/div>\n<p>Quel matrimonio, nato per convenienza, non spense la sua vocazione. La trasform\u00f2. Francesca scopr\u00ec una forma di santit\u00e0 diversa, quotidiana, incarnata. Fu moglie attenta e madre premurosa. Ebbe tre figli: Battista, Evangelista e Agnese. Ma nel 1410 la peste le port\u00f2 via Evangelista e Agnese, ancora bambini. Un dolore che avrebbe potuto spezzarla, ma lei lo lasci\u00f2 scavare pi\u00f9 a fondo. Da quel lutto nacque una compassione radicale, un\u2019attenzione feroce per ogni madre che piangeva, per ogni famiglia divorata dalla fame o dalla malattia.<\/p>\n<p>Sotto la sua guida, il palazzo dei Ponziani a Trastevere smise di essere una dimora nobiliare come le altre. Divenne un rifugio, un luogo dove i poveri sapevano di poter trovare pane, vino, un abito pulito, qualche moneta. Ma Francesca non si limitava a distribuire dall\u2019alto. <a href=\"https:\/\/www.holyart.it\/blog\/articoli-religiosi\/fare-lelemosina-e-carita\/\"><strong>La si vedeva mendicare lei stessa<\/strong><\/a>, all\u2019uscita delle chiese, bussare alle porte dei nobili per chiedere in nome di chi non osava farlo.<\/p>\n<div class=\"link-article\">\n<p><img loading=\"lazy\" decoding=\"async\" class=\"size-full wp-image-23364 alignleft\" src=\"https:\/\/blog.holyart.it\/it\/wp-content\/uploads\/sites\/17\/2026\/01\/elemosina.jpg\" alt=\"elemosina\" width=\"150\" height=\"99\" data-kale-share-title=\"Chi era Santa Francesca Romana: storia, miracoli e culto\" data-kale-share-url=\"https:\/\/blog.holyart.it\/it\/?p=23361\" \/><\/p>\n<div class=\"leggi-anche\">Leggi anche:<\/div>\n<p><strong><a href=\"https:\/\/www.holyart.it\/blog\/articoli-religiosi\/fare-lelemosina-e-carita\/\">Fare l\u2019elemosina: \u00e8 carit\u00e0?<\/a><\/strong><br \/>\nL\u2019elemosina ai poveri \u00e8 una manifestazione di misericordia strettamente connessa ai doveri&#8230;<\/p>\n<\/div>\n<p>Questo comportamento le attir\u00f2 disprezzo e scherno. Le matrone romane la giudicavano indecorosa, i pari del suo rango la accusavano di tradire la propria condizione. Anche in famiglia le tensioni furono dure. Quando il suocero, esasperato, le tolse le chiavi delle dispense e svuot\u00f2 il granaio, accadde ci\u00f2 che i contemporanei raccontarono come un segno. Dopo pochi giorni, l\u00e0 dove restava solo la pula, il granaio era di nuovo colmo di frumento. Nessuno lo aveva comprato. Era il primo di molti prodigi attribuiti a Francesca.<\/p>\n<p>Il 15 agosto 1425,<a href=\"https:\/\/www.holyart.it\/blog\/occasioni-speciali\/lassunzione-di-maria-e-le-celebrazioni-piu-caratteristiche\/\">\u00a0<strong>festa dell\u2019Assunta<\/strong><\/a>, comp\u00ec una scelta decisiva. Insieme a nove compagne si offr\u00ec come oblata della Vergine Maria nella basilica di Santa Maria Nova al Foro. Nacque cos\u00ec la\u00a0<strong>comunit\u00e0 delle Oblate<\/strong>, donne che continuarono a vivere nelle proprie case, senza rompere i legami familiari. Solo nel 1433, con l\u2019acquisto di una casa ai piedi del Campidoglio, nel rione Campitelli, iniziarono la vita comune. Quel luogo, Tor de\u2019 Specchi, divenne il cuore di una spiritualit\u00e0 nuova: contemplativa e concreta, mistica e profondamente sociale.<\/p>\n<p>Francesca raggiunse le sue compagne nel 1436, dopo la morte del marito. Ne divenne guida con naturalezza, senza mai imporsi. Il 9 marzo 1440, a cinquantasei anni, mor\u00ec nella sua casa di Trastevere. Per tre giorni una folla ininterrotta pass\u00f2 a salutarla. Roma non ebbe dubbi: quella donna che aveva camminato tra i vicoli come una fiamma silenziosa era gi\u00e0, da tempo, la sua santa.<\/p>\n<div class=\"link-article\">\n<p><img loading=\"lazy\" decoding=\"async\" class=\"size-full wp-image-23365 alignleft\" src=\"https:\/\/blog.holyart.it\/it\/wp-content\/uploads\/sites\/17\/2026\/01\/Asunzione-della-vergine-maria.jpg\" alt=\"Assunzione della vergine maria\" width=\"150\" height=\"99\" data-kale-share-title=\"Chi era Santa Francesca Romana: storia, miracoli e culto\" data-kale-share-url=\"https:\/\/blog.holyart.it\/it\/?p=23361\" \/><\/p>\n<div class=\"leggi-anche\">Leggi anche:<\/div>\n<p><strong><a href=\"https:\/\/www.holyart.it\/blog\/occasioni-speciali\/lassunzione-di-maria-e-le-celebrazioni-piu-caratteristiche\/\">L\u2019Assunzione di Maria e le celebrazioni pi\u00f9 caratteristiche<\/a><\/strong><br \/>\nIl 15 agosto non \u00e8 solo un\u2019occasione di festa e gite fuori porta. Si ricorda infatti l\u2019Assunzione&#8230;<\/p>\n<\/div>\n<h2>I miracoli e le esperienze mistiche<\/h2>\n<p>La vita di Santa Francesca Romana fu attraversata da <a href=\"https:\/\/www.holyart.it\/blog\/articoli-religiosi\/i-miracoli-cosa-sono-e-come-vengono-classificati\/\"><strong>eventi straordinari<\/strong><\/a> che i contemporanei non lasciarono scivolare nell\u2019oblio. Furono raccolti, vagliati e messi per iscritto nei quattro processi ecclesiastici celebrati nel 1440, 1443, 1451 e infine nel 1604. Non si trattava di miracoli esibiti o cercati, ma di segni che affioravano quasi contro la sua volont\u00e0, come un riflesso naturale di un\u2019anima totalmente consegnata a Dio e, insieme, ostinatamente rivolta agli altri.<\/p>\n<p>Il miracolo del granaio, quello che aveva visto la pula trasformarsi in frumento quando ogni riserva era stata tolta, fu solo il primo. A esso seguirono guarigioni improvvise e inspiegabili: corpi devastati dalla malattia che si rialzavano, febbri che si spegnevano, dolori cronici che cedevano al passaggio silenzioso di una preghiera. Altre volte il prodigio prendeva la forma pi\u00f9 umile e necessaria: il cibo che non finiva, il pane che bastava per tutti quando, umanamente, non avrebbe dovuto bastare.<\/p>\n<div class=\"link-article\">\n<p><img loading=\"lazy\" decoding=\"async\" class=\"size-full wp-image-23366 alignleft\" src=\"https:\/\/blog.holyart.it\/it\/wp-content\/uploads\/sites\/17\/2026\/01\/miracoli.jpg\" alt=\"miracoli\" width=\"150\" height=\"99\" data-kale-share-title=\"Chi era Santa Francesca Romana: storia, miracoli e culto\" data-kale-share-url=\"https:\/\/blog.holyart.it\/it\/?p=23361\" \/><\/p>\n<div class=\"leggi-anche\">Leggi anche:<\/div>\n<p><strong><a href=\"https:\/\/www.holyart.it\/blog\/articoli-religiosi\/i-miracoli-cosa-sono-e-come-vengono-classificati\/\">I miracoli: cosa sono e come vengono classificati<\/a><\/strong><br \/>\nGuarigioni ed esorcismi, apparizioni, dominio sulla natura, fino alla resurrezione dei morti&#8230;<\/p>\n<\/div>\n<p>Ma ci\u00f2 che colp\u00ec pi\u00f9 profondamente i suoi biografi fu la relazione intima e costante con il suo\u00a0<a href=\"https:\/\/www.holyart.it\/blog\/articoli-religiosi\/cosa-angelo-custode-10-cose-sapere-2\/\"><strong>angelo custode<\/strong><\/a>. Francesca non parlava di una presenza simbolica o interiore: lo vedeva. Una figura luminosa che la accompagnava, la proteggeva, la guidava. Di notte, quando attraversava Roma per rispondere a una richiesta d\u2019aiuto, quella luce la precedeva, rischiarando i vicoli pi\u00f9 bui e pericolosi. Le cronache raccontano che camminava con sicurezza in luoghi dove perfino gli uomini armati esitavano a entrare.<\/p>\n<p>Questa familiarit\u00e0 con l\u2019angelo custode, cos\u00ec concreta, cos\u00ec quotidiana, attravers\u00f2 i secoli fino a un riconoscimento inatteso. Nel 1925 papa Pio XI la proclam\u00f2\u00a0<strong>patrona degli automobilisti<\/strong>: colei che un tempo vegliava sui passi degli uomini nelle strade oscure di Roma, dal cielo avrebbe continuato a proteggere chi percorreva le strade moderne, affidandosi alla custodia invisibile degli angeli.<\/p>\n<div class=\"link-article\">\n<p><img loading=\"lazy\" decoding=\"async\" class=\"size-full wp-image-23367 alignleft\" src=\"https:\/\/blog.holyart.it\/it\/wp-content\/uploads\/sites\/17\/2026\/01\/Langelo-custode.jpg\" alt=\"L'angelo custode\" width=\"150\" height=\"99\" data-kale-share-title=\"Chi era Santa Francesca Romana: storia, miracoli e culto\" data-kale-share-url=\"https:\/\/blog.holyart.it\/it\/?p=23361\" \/><\/p>\n<div class=\"leggi-anche\">Leggi anche:<\/div>\n<p><strong><a href=\"https:\/\/www.holyart.it\/blog\/articoli-religiosi\/cosa-angelo-custode-10-cose-sapere-2\/\">Chi \u00e8 e cosa fa il tuo Angelo custode: 10 cose da sapere<\/a><\/strong><br \/>\nSecondo la tradizione cristiana, ciascuno di noi ha un Angelo custode, che lo accompagna&#8230;<\/p>\n<\/div>\n<p>Eppure la sua esperienza spirituale non fu fatta solo di luce. Francesca conobbe anche l\u2019ombra. Le fonti parlano apertamente di assalti demoniaci: aggressioni violente, percosse che lasciavano il suo corpo segnato. Non sono racconti edulcorati, ma testimonianze dure, che mostrano una santit\u00e0 tutt\u2019altro che pacificata. Quei combattimenti interiori e fisici non la piegarono. Al contrario, la radicarono sempre pi\u00f9 in una fede spoglia, essenziale, fondata non sulle consolazioni, ma sull\u2019adesione ostinata alla volont\u00e0 di Dio.<\/p>\n<p>Le sue esperienze mistiche si collocano in un tempo spiritualmente incandescente. Erano gli anni di\u00a0<a href=\"https:\/\/www.holyart.it\/blog\/santi-e-beati\/santa-caterina-da-siena-patrona-ditalia\/\"><strong>Caterina da Siena<\/strong><\/a>\u00a0e di\u00a0<a href=\"https:\/\/www.holyart.it\/blog\/articoli-religiosi\/santa-brigida-di-svezia-compatrona-deuropa\/\"><strong>Brigida di Svezia<\/strong><\/a>, donne che avevano osato parlare a papi e sovrani, che avevano vissuto una fede fatta di visioni e carne, di estasi e politica. Come loro, Francesca ricevette doni straordinari. Ma, come loro, non li trattenne mai per s\u00e9.<\/p>\n<p>In lei la contemplazione non fuggiva dal mondo: lo attraversava. L\u2019azione non disperdeva la preghiera: la rendeva viva. In questo movimento continuo, circolare, la sua esistenza divenne una liturgia quotidiana, una preghiera incarnata che passava per le mani sporche, per le strade buie, per il dolore condiviso.<\/p>\n<div class=\"link-article\">\n<p><img loading=\"lazy\" decoding=\"async\" class=\"size-full wp-image-23368 alignleft\" src=\"https:\/\/blog.holyart.it\/it\/wp-content\/uploads\/sites\/17\/2026\/01\/Santa-Caterina-da-Siena-matrimonio-1.jpg\" alt=\"Santa Caterina da Siena matrimonio\" width=\"150\" height=\"99\" data-kale-share-title=\"Chi era Santa Francesca Romana: storia, miracoli e culto\" data-kale-share-url=\"https:\/\/blog.holyart.it\/it\/?p=23361\" \/><\/p>\n<div class=\"leggi-anche\">Leggi anche:<\/div>\n<p><strong><a href=\"https:\/\/www.holyart.it\/blog\/santi-e-beati\/santa-caterina-da-siena-patrona-ditalia\/\">Santa Caterina da Siena: patrona d\u2019Italia<\/a><\/strong><br \/>\nSanta Caterina da Siena, da donna del popolo a consigliera di Papi e principi. Coraggiosa, saggia, e&#8230;<\/p>\n<\/div>\n<h2>La festa liturgica e il culto di Santa Francesca Romana<\/h2>\n<p>Il\u00a0<strong>9 marzo<\/strong>\u00a01440, quando Francesca spir\u00f2, a Roma accadde qualcosa che nessun decreto avrebbe potuto imporre. La gente accorse da sola. Dai rioni, dalle botteghe, dai vicoli. Come se un filo invisibile li avesse tirati tutti nella stessa direzione. Per salutare quella donna che avevano visto passare mille volte sotto le loro finestre, piegata sui poveri, presente senza rumore. Un angelo, s\u00ec, ma con il peso del corpo, con la fatica delle mani.\u00a0La folla fu cos\u00ec imponente che, pochi anni dopo, l\u2019anniversario della sua morte venne dichiarato giorno festivo. Prima ancora della Chiesa, fu il popolo a riconoscerla. Roma, che sa essere spietata e generosa insieme, aveva gi\u00e0 deciso.<\/p>\n<p><a href=\"https:\/\/www.holyart.it\/blog\/articoli-religiosi\/come-si-fa-a-diventare-santi-spieghiamo-il-processo-di-santificazione\/\"><strong>La canonizzazione<\/strong><\/a> arriv\u00f2 molto pi\u00f9 tardi, il 29 maggio 1608, per mano di papa Paolo V, con la bolla\u00a0<em>Caelestis aquae flumen<\/em>, nella Basilica Vaticana. Un atto solenne che sanciva ufficialmente ci\u00f2 che da quasi due secoli era evidente a tutti: Francesca era santa. Non per fama, ma per evidenza. Una luce rimasta accesa nei decenni pi\u00f9 bui della citt\u00e0.<\/p>\n<div class=\"link-article\">\n<p><img loading=\"lazy\" decoding=\"async\" class=\"size-full wp-image-23369 alignleft\" src=\"https:\/\/blog.holyart.it\/it\/wp-content\/uploads\/sites\/17\/2026\/01\/processo-di-santificazione.jpg\" alt=\"processo di santificazione\" width=\"150\" height=\"99\" data-kale-share-title=\"Chi era Santa Francesca Romana: storia, miracoli e culto\" data-kale-share-url=\"https:\/\/blog.holyart.it\/it\/?p=23361\" \/><\/p>\n<div class=\"leggi-anche\">Leggi anche:<\/div>\n<p><strong><a href=\"https:\/\/www.holyart.it\/blog\/articoli-religiosi\/come-si-fa-a-diventare-santi-spieghiamo-il-processo-di-santificazione\/\">Come si fa a diventare santi? Spieghiamo il processo di santificazione<\/a><\/strong><br \/>\nIl processo di Santificazione \u00e8 composto da diverse fasi e si articola&#8230;<\/p>\n<\/div>\n<p>La sua<strong>\u00a0memoria liturgica<\/strong>\u00a0ricorre ogni anno il 9 marzo, giorno della sua nascita al cielo. A Roma \u00e8 una data che non passa inosservata. Tradizioni antiche e devozioni popolari si intrecciano, come spesso accade quando la fede \u00e8 davvero radicata. In quel giorno il monastero di Tor de\u2019 Specchi apre le porte: un gesto raro, quasi un varco nel tempo. Si entra in un luogo che conserva ancora il respiro della fondatrice, dove le oblate vivono secondo il suo carisma. Qui si celebra l\u2019antico rito della benedizione dell\u2019unguento e delle fettucce per le partorienti, segno concreto di una cura che Francesca aveva sempre riservato alle madri, ai bambini, alla fragilit\u00e0 della vita che nasce.<\/p>\n<p>Ma il culto di Santa Francesca Romana ha anche un volto sorprendentemente moderno. Ogni 9 marzo, in Piazza del Colosseo, si svolge la<strong>\u00a0benedizione delle automobili<\/strong>. La prima celebrazione ufficiale risale al 1928, e da allora l\u2019appuntamento si rinnova con puntualit\u00e0 quasi affettuosa. Davanti all\u2019anfiteatro simbolo della Roma pagana, vengono benedetti i mezzi delle forze dell\u2019ordine, delle ambulanze, dei trasporti pubblici, dei taxi, e alcune vetture private. \u00c8 un\u2019immagine potente: l\u2019antica pietra e il rombo dei motori, la citt\u00e0 eterna e la fragilit\u00e0 dei viaggi umani. Francesca, che camminava di notte guidata dalla luce dell\u2019angelo, continua a proteggere chi percorre le strade.<\/p>\n<p>Ogni venticinque anni il legame tra la santa e <a href=\"https:\/\/www.holyart.it\/blog\/articoli-religiosi\/pellegrinaggio-a-roma-tra-le-mete-preferite-dei-cristiani\/\"><strong>Roma<\/strong><\/a> si rinnova in modo ancora pi\u00f9 solenne. Le sue spoglie vengono affidate alle oblate di Tor de\u2019 Specchi per un intero anno, prima di tornare nella basilica di Santa Francesca Romana al Palatino, l\u2019antica Santa Maria Nova al Foro. La traslazione coinvolge il Comune, le autorit\u00e0 religiose, una folla che accompagna il passaggio come si accompagna una persona di famiglia. \u00c8 un rito che dice chiaramente una cosa: Francesca non \u00e8 mai uscita davvero dalla sua citt\u00e0.<\/p>\n<div class=\"link-article\">\n<p><img loading=\"lazy\" decoding=\"async\" class=\"size-full wp-image-23370 alignleft\" src=\"https:\/\/blog.holyart.it\/it\/wp-content\/uploads\/sites\/17\/2026\/01\/pellegrinaggio-a-roma.jpg\" alt=\"pellegrinaggio a roma\" width=\"150\" height=\"99\" data-kale-share-title=\"Chi era Santa Francesca Romana: storia, miracoli e culto\" data-kale-share-url=\"https:\/\/blog.holyart.it\/it\/?p=23361\" \/><\/p>\n<div class=\"leggi-anche\">Leggi anche:<\/div>\n<p><strong><a href=\"https:\/\/www.holyart.it\/blog\/articoli-religiosi\/pellegrinaggio-a-roma-tra-le-mete-preferite-dei-cristiani\/\">Pellegrinaggio a Roma: tra le mete preferite dei cristiani<\/a><\/strong><br \/>\nUn pellegrinaggio a Roma \u00e8 da sempre una delle esperienze spirituali pi\u00f9 significative per i cristiani&#8230;<\/p>\n<\/div>\n<p>Il suo corpo riposa oggi presso l\u2019altare maggiore della basilica che porta il suo nome, in una confessione a forma di tempietto progettata da Gian Lorenzo Bernini e completata nel 1649. In origine vi era una statua bronzea della santa con l\u2019angelo, distrutta durante l\u2019occupazione napoleonica e restaurata solo nel 1866. A Tor de\u2019 Specchi si conservano invece le sue vesti e un dito: reliquie che non attirano per spettacolarit\u00e0, ma per prossimit\u00e0. Oggetti che parlano di una santit\u00e0 vissuta, consumata, indossata.<\/p>\n<p>Santa Francesca Romana \u00e8<strong>\u00a0<a href=\"https:\/\/www.holyart.it\/it\/gioielli\/medaglie-sacre\/medaglie-dei-santi\/medaglia-santa-francesca-romana-argento-925-rodiata-10-mm\">patrona di Roma<\/a> insieme ai santi Pietro e Paolo<\/strong>. Un riconoscimento che la pone accanto ai fondatori della Chiesa romana, ma senza toglierle la sua unicit\u00e0: lei non ha predicato nelle piazze, non ha scritto lettere infuocate. Ha semplicemente vissuto. La sua protezione si estende ai viaggiatori, agli automobilisti, a chi affida il proprio cammino a una guida invisibile. Ma forse la sua custodia pi\u00f9 profonda \u00e8 un\u2019altra.<\/p>\n<p>Quando si festeggia Santa Francesca Romana? Il nove marzo, certo. Ma in realt\u00e0 Roma la festeggia ogni giorno. Nei vicoli di Trastevere, nelle strade che ha percorso, nella basilica dove pregava e dove ora riposa, nella vita silenziosa delle oblate che continuano il suo carisma. Francesca \u00e8 una presenza costante. \u00c8 la prova che si pu\u00f2 appartenere totalmente a Dio restando immersi nel mondo, che la nobilt\u00e0 pi\u00f9 alta non \u00e8 quella del sangue ma quella del cuore.<\/p>\n<div class=\"link-product\">\n<div class=\"blocco-immagine\"><img loading=\"lazy\" decoding=\"async\" class=\"size-full wp-image-23371 alignleft\" src=\"https:\/\/blog.holyart.it\/it\/wp-content\/uploads\/sites\/17\/2026\/01\/medaglia-santa-francesca-romana-argento-925-rodiata-10-mm.jpg\" alt=\"medaglia santa francesca romana argento 925 rodiata 10 mm\" width=\"100\" height=\"100\" data-kale-share-title=\"Chi era Santa Francesca Romana: storia, miracoli e culto\" data-kale-share-url=\"https:\/\/blog.holyart.it\/it\/?p=23361\" \/><\/div>\n<div class=\"blocco-contenuto\">\n<div class=\"blocco-acquista\">Acquista su Holyart:<\/div>\n<div class=\"blocco-titolo\"><a href=\"https:\/\/www.holyart.it\/it\/gioielli\/medaglie-sacre\/medaglie-dei-santi\/medaglia-santa-francesca-romana-argento-925-rodiata-10-mm\">Medaglia Santa Francesca Romana Argento 925 rodiata 10 mm<\/a><\/div>\n<div class=\"blocco-descrizione\">Prodotta in Italia, \u00e8 confezionata insieme a un opuscolo che racchiude la vita della Santa, il significato del nome Francesca e una preghiera d&#8217;intercessione.<\/div>\n<\/div>\n<\/div>\n<p>La sua eredit\u00e0 non \u00e8 fatta solo di miracoli e visioni, ma di gesti semplici e radicali: aprire una porta, dividere il pane, trasformare un palazzo in una casa per tutti. Camminare per la citt\u00e0 con una tunica di panno grezzo, portando nella Roma delle glorie perdute l\u2019unica gloria che non crolla: quella dell\u2019amore che non calcola, non si stanca, non si arrende.<\/p>\n<p>Cosa protegge Santa Francesca Romana? Protegge i viaggiatori, s\u00ec. Ma soprattutto protegge chi tenta, ogni giorno, di vivere il Vangelo nell\u2019ordinariet\u00e0: madri e padri, famiglie, persone comuni. In un tempo segnato dalla chiusura e dall\u2019egoismo, Francesca ci ricorda che la santit\u00e0 non \u00e8 fatta di estasi, ma di fedelt\u00e0 quotidiana. Di quella carit\u00e0 tenace che riconosce nel volto dell\u2019ultimo il volto stesso di Dio.<\/p>\n<p>Dove \u00e8 sepolta Santa Francesca Romana? Al Foro Romano, nella basilica che porta il suo nome. Ma, pi\u00f9 profondamente, \u00e8 sepolta \u2013 e viva \u2013 nel cuore di Roma. Nella memoria di una citt\u00e0 che in lei ha riconosciuto non solo una santa, ma\u00a0<em>la<\/em>\u00a0santa: colei che ha incarnato l\u2019anima pi\u00f9 vera dell\u2019Urbe, la sua capacit\u00e0 di accogliere, rialzare, custodire. Una maternit\u00e0 spirituale che continua a parlare, anche oggi.<\/p>\n","protected":false},"excerpt":{"rendered":"<p>Santa Francesca Romana, mistica e benefattrice di Roma: una vita tra carit\u00e0, visioni, miracoli e un culto ancora vivo nel cuore della citt\u00e0 eterna Nel cuore di una Roma stanca e ferita, all\u2019alba del Quattrocento, una donna attraversava i vicoli come una brace che non&hellip;<\/p>\n","protected":false},"author":1,"featured_media":23374,"comment_status":"closed","ping_status":"open","sticky":false,"template":"","format":"standard","meta":{"_acf_changed":false,"footnotes":""},"categories":[15],"tags":[],"class_list":["post-23361","post","type-post","status-publish","format-standard","has-post-thumbnail","hentry","category-santi-e-beati"],"acf":[],"yoast_head":"<!-- This site is optimized with the Yoast SEO plugin v26.6 - https:\/\/yoast.com\/wordpress\/plugins\/seo\/ -->\n<title>Chi era Santa Francesca Romana: storia, miracoli e culto - Holyblog<\/title>\n<meta name=\"description\" content=\"Nella Citt\u00e0 eterna Francesca Romana dedic\u00f2 la vita alla carit\u00e0 e ai miracoli. Moglie, madre, santa, il suo culto attraversa i secoli.\" \/>\n<meta name=\"robots\" content=\"index, follow, max-snippet:-1, max-image-preview:large, max-video-preview:-1\" \/>\n<link rel=\"canonical\" href=\"https:\/\/blog.holyart.it\/it\/santi-e-beati\/chi-era-santa-francesca-romana-storia-miracoli-e-culto\/\" \/>\n<meta property=\"og:locale\" content=\"it_IT\" \/>\n<meta property=\"og:type\" content=\"article\" \/>\n<meta property=\"og:title\" content=\"Chi era Santa Francesca Romana: storia, miracoli e culto - Holyblog\" \/>\n<meta property=\"og:description\" content=\"Nella Citt\u00e0 eterna Francesca Romana dedic\u00f2 la vita alla carit\u00e0 e ai miracoli. Moglie, madre, santa, il suo culto attraversa i secoli.\" \/>\n<meta property=\"og:url\" content=\"https:\/\/blog.holyart.it\/it\/santi-e-beati\/chi-era-santa-francesca-romana-storia-miracoli-e-culto\/\" \/>\n<meta property=\"og:site_name\" content=\"Holyblog\" \/>\n<meta property=\"article:published_time\" content=\"2026-02-25T09:00:18+00:00\" \/>\n<meta property=\"article:modified_time\" content=\"2026-03-03T09:44:35+00:00\" \/>\n<meta property=\"og:image\" content=\"https:\/\/blog.holyart.it\/it\/wp-content\/uploads\/sites\/17\/2026\/01\/santa-francesca-romana.jpg\" \/>\n\t<meta property=\"og:image:width\" content=\"1000\" \/>\n\t<meta property=\"og:image:height\" content=\"666\" \/>\n\t<meta property=\"og:image:type\" content=\"image\/jpeg\" \/>\n<meta name=\"author\" content=\"Redazione\" \/>\n<meta name=\"twitter:card\" content=\"summary_large_image\" \/>\n<meta name=\"twitter:label1\" content=\"Scritto da\" \/>\n\t<meta name=\"twitter:data1\" content=\"Redazione\" \/>\n\t<meta name=\"twitter:label2\" content=\"Tempo di lettura stimato\" \/>\n\t<meta name=\"twitter:data2\" content=\"15 minuti\" \/>\n<script type=\"application\/ld+json\" class=\"yoast-schema-graph\">{\"@context\":\"https:\/\/schema.org\",\"@graph\":[{\"@type\":\"Article\",\"@id\":\"https:\/\/blog.holyart.it\/it\/santi-e-beati\/chi-era-santa-francesca-romana-storia-miracoli-e-culto\/#article\",\"isPartOf\":{\"@id\":\"https:\/\/blog.holyart.it\/it\/santi-e-beati\/chi-era-santa-francesca-romana-storia-miracoli-e-culto\/\"},\"author\":{\"name\":\"Redazione\",\"@id\":\"https:\/\/blog.holyart.it\/it\/#\/schema\/person\/0a7b686e5af0f856ec1e390dd0baecda\"},\"headline\":\"Chi era Santa Francesca Romana: storia, miracoli e culto\",\"datePublished\":\"2026-02-25T09:00:18+00:00\",\"dateModified\":\"2026-03-03T09:44:35+00:00\",\"mainEntityOfPage\":{\"@id\":\"https:\/\/blog.holyart.it\/it\/santi-e-beati\/chi-era-santa-francesca-romana-storia-miracoli-e-culto\/\"},\"wordCount\":2319,\"publisher\":{\"@id\":\"https:\/\/blog.holyart.it\/it\/#organization\"},\"image\":{\"@id\":\"https:\/\/blog.holyart.it\/it\/santi-e-beati\/chi-era-santa-francesca-romana-storia-miracoli-e-culto\/#primaryimage\"},\"thumbnailUrl\":\"https:\/\/blog.holyart.it\/it\/wp-content\/uploads\/sites\/17\/2026\/01\/santa-francesca-romana.jpg\",\"articleSection\":[\"Santi e beati\"],\"inLanguage\":\"it-IT\"},{\"@type\":\"WebPage\",\"@id\":\"https:\/\/blog.holyart.it\/it\/santi-e-beati\/chi-era-santa-francesca-romana-storia-miracoli-e-culto\/\",\"url\":\"https:\/\/blog.holyart.it\/it\/santi-e-beati\/chi-era-santa-francesca-romana-storia-miracoli-e-culto\/\",\"name\":\"Chi era Santa Francesca Romana: storia, miracoli e culto - Holyblog\",\"isPartOf\":{\"@id\":\"https:\/\/blog.holyart.it\/it\/#website\"},\"primaryImageOfPage\":{\"@id\":\"https:\/\/blog.holyart.it\/it\/santi-e-beati\/chi-era-santa-francesca-romana-storia-miracoli-e-culto\/#primaryimage\"},\"image\":{\"@id\":\"https:\/\/blog.holyart.it\/it\/santi-e-beati\/chi-era-santa-francesca-romana-storia-miracoli-e-culto\/#primaryimage\"},\"thumbnailUrl\":\"https:\/\/blog.holyart.it\/it\/wp-content\/uploads\/sites\/17\/2026\/01\/santa-francesca-romana.jpg\",\"datePublished\":\"2026-02-25T09:00:18+00:00\",\"dateModified\":\"2026-03-03T09:44:35+00:00\",\"description\":\"Nella Citt\u00e0 eterna Francesca Romana dedic\u00f2 la vita alla carit\u00e0 e ai miracoli. Moglie, madre, santa, il suo culto attraversa i secoli.\",\"breadcrumb\":{\"@id\":\"https:\/\/blog.holyart.it\/it\/santi-e-beati\/chi-era-santa-francesca-romana-storia-miracoli-e-culto\/#breadcrumb\"},\"inLanguage\":\"it-IT\",\"potentialAction\":[{\"@type\":\"ReadAction\",\"target\":[\"https:\/\/blog.holyart.it\/it\/santi-e-beati\/chi-era-santa-francesca-romana-storia-miracoli-e-culto\/\"]}]},{\"@type\":\"ImageObject\",\"inLanguage\":\"it-IT\",\"@id\":\"https:\/\/blog.holyart.it\/it\/santi-e-beati\/chi-era-santa-francesca-romana-storia-miracoli-e-culto\/#primaryimage\",\"url\":\"https:\/\/blog.holyart.it\/it\/wp-content\/uploads\/sites\/17\/2026\/01\/santa-francesca-romana.jpg\",\"contentUrl\":\"https:\/\/blog.holyart.it\/it\/wp-content\/uploads\/sites\/17\/2026\/01\/santa-francesca-romana.jpg\",\"width\":1000,\"height\":666,\"caption\":\"santa francesca romana\"},{\"@type\":\"BreadcrumbList\",\"@id\":\"https:\/\/blog.holyart.it\/it\/santi-e-beati\/chi-era-santa-francesca-romana-storia-miracoli-e-culto\/#breadcrumb\",\"itemListElement\":[{\"@type\":\"ListItem\",\"position\":1,\"name\":\"Homepage\",\"item\":\"https:\/\/blog.holyart.it\/it\/\"},{\"@type\":\"ListItem\",\"position\":2,\"name\":\"Santi e beati\",\"item\":\"https:\/\/blog.holyart.it\/it\/santi-e-beati\/\"},{\"@type\":\"ListItem\",\"position\":3,\"name\":\"Chi era Santa Francesca Romana: storia, miracoli e culto\"}]},{\"@type\":\"WebSite\",\"@id\":\"https:\/\/blog.holyart.it\/it\/#website\",\"url\":\"https:\/\/blog.holyart.it\/it\/\",\"name\":\"Holyblog\",\"description\":\"Il Blog di Holyart.it\",\"publisher\":{\"@id\":\"https:\/\/blog.holyart.it\/it\/#organization\"},\"potentialAction\":[{\"@type\":\"SearchAction\",\"target\":{\"@type\":\"EntryPoint\",\"urlTemplate\":\"https:\/\/blog.holyart.it\/it\/?s={search_term_string}\"},\"query-input\":{\"@type\":\"PropertyValueSpecification\",\"valueRequired\":true,\"valueName\":\"search_term_string\"}}],\"inLanguage\":\"it-IT\"},{\"@type\":\"Organization\",\"@id\":\"https:\/\/blog.holyart.it\/it\/#organization\",\"name\":\"Holyblog\",\"url\":\"https:\/\/blog.holyart.it\/it\/\",\"logo\":{\"@type\":\"ImageObject\",\"inLanguage\":\"it-IT\",\"@id\":\"https:\/\/blog.holyart.it\/it\/#\/schema\/logo\/image\/\",\"url\":\"https:\/\/blog.holyart.it\/it\/wp-content\/uploads\/sites\/17\/2022\/12\/Holyart_Blog_Logo.jpg\",\"contentUrl\":\"https:\/\/blog.holyart.it\/it\/wp-content\/uploads\/sites\/17\/2022\/12\/Holyart_Blog_Logo.jpg\",\"width\":300,\"height\":50,\"caption\":\"Holyblog\"},\"image\":{\"@id\":\"https:\/\/blog.holyart.it\/it\/#\/schema\/logo\/image\/\"}},{\"@type\":\"Person\",\"@id\":\"https:\/\/blog.holyart.it\/it\/#\/schema\/person\/0a7b686e5af0f856ec1e390dd0baecda\",\"name\":\"Redazione\"}]}<\/script>\n<!-- \/ Yoast SEO plugin. -->","yoast_head_json":{"title":"Chi era Santa Francesca Romana: storia, miracoli e culto - Holyblog","description":"Nella Citt\u00e0 eterna Francesca Romana dedic\u00f2 la vita alla carit\u00e0 e ai miracoli. Moglie, madre, santa, il suo culto attraversa i secoli.","robots":{"index":"index","follow":"follow","max-snippet":"max-snippet:-1","max-image-preview":"max-image-preview:large","max-video-preview":"max-video-preview:-1"},"canonical":"https:\/\/blog.holyart.it\/it\/santi-e-beati\/chi-era-santa-francesca-romana-storia-miracoli-e-culto\/","og_locale":"it_IT","og_type":"article","og_title":"Chi era Santa Francesca Romana: storia, miracoli e culto - Holyblog","og_description":"Nella Citt\u00e0 eterna Francesca Romana dedic\u00f2 la vita alla carit\u00e0 e ai miracoli. Moglie, madre, santa, il suo culto attraversa i secoli.","og_url":"https:\/\/blog.holyart.it\/it\/santi-e-beati\/chi-era-santa-francesca-romana-storia-miracoli-e-culto\/","og_site_name":"Holyblog","article_published_time":"2026-02-25T09:00:18+00:00","article_modified_time":"2026-03-03T09:44:35+00:00","og_image":[{"width":1000,"height":666,"url":"https:\/\/blog.holyart.it\/it\/wp-content\/uploads\/sites\/17\/2026\/01\/santa-francesca-romana.jpg","type":"image\/jpeg"}],"author":"Redazione","twitter_card":"summary_large_image","twitter_misc":{"Scritto da":"Redazione","Tempo di lettura stimato":"15 minuti"},"schema":{"@context":"https:\/\/schema.org","@graph":[{"@type":"Article","@id":"https:\/\/blog.holyart.it\/it\/santi-e-beati\/chi-era-santa-francesca-romana-storia-miracoli-e-culto\/#article","isPartOf":{"@id":"https:\/\/blog.holyart.it\/it\/santi-e-beati\/chi-era-santa-francesca-romana-storia-miracoli-e-culto\/"},"author":{"name":"Redazione","@id":"https:\/\/blog.holyart.it\/it\/#\/schema\/person\/0a7b686e5af0f856ec1e390dd0baecda"},"headline":"Chi era Santa Francesca Romana: storia, miracoli e culto","datePublished":"2026-02-25T09:00:18+00:00","dateModified":"2026-03-03T09:44:35+00:00","mainEntityOfPage":{"@id":"https:\/\/blog.holyart.it\/it\/santi-e-beati\/chi-era-santa-francesca-romana-storia-miracoli-e-culto\/"},"wordCount":2319,"publisher":{"@id":"https:\/\/blog.holyart.it\/it\/#organization"},"image":{"@id":"https:\/\/blog.holyart.it\/it\/santi-e-beati\/chi-era-santa-francesca-romana-storia-miracoli-e-culto\/#primaryimage"},"thumbnailUrl":"https:\/\/blog.holyart.it\/it\/wp-content\/uploads\/sites\/17\/2026\/01\/santa-francesca-romana.jpg","articleSection":["Santi e beati"],"inLanguage":"it-IT"},{"@type":"WebPage","@id":"https:\/\/blog.holyart.it\/it\/santi-e-beati\/chi-era-santa-francesca-romana-storia-miracoli-e-culto\/","url":"https:\/\/blog.holyart.it\/it\/santi-e-beati\/chi-era-santa-francesca-romana-storia-miracoli-e-culto\/","name":"Chi era Santa Francesca Romana: storia, miracoli e culto - Holyblog","isPartOf":{"@id":"https:\/\/blog.holyart.it\/it\/#website"},"primaryImageOfPage":{"@id":"https:\/\/blog.holyart.it\/it\/santi-e-beati\/chi-era-santa-francesca-romana-storia-miracoli-e-culto\/#primaryimage"},"image":{"@id":"https:\/\/blog.holyart.it\/it\/santi-e-beati\/chi-era-santa-francesca-romana-storia-miracoli-e-culto\/#primaryimage"},"thumbnailUrl":"https:\/\/blog.holyart.it\/it\/wp-content\/uploads\/sites\/17\/2026\/01\/santa-francesca-romana.jpg","datePublished":"2026-02-25T09:00:18+00:00","dateModified":"2026-03-03T09:44:35+00:00","description":"Nella Citt\u00e0 eterna Francesca Romana dedic\u00f2 la vita alla carit\u00e0 e ai miracoli. Moglie, madre, santa, il suo culto attraversa i secoli.","breadcrumb":{"@id":"https:\/\/blog.holyart.it\/it\/santi-e-beati\/chi-era-santa-francesca-romana-storia-miracoli-e-culto\/#breadcrumb"},"inLanguage":"it-IT","potentialAction":[{"@type":"ReadAction","target":["https:\/\/blog.holyart.it\/it\/santi-e-beati\/chi-era-santa-francesca-romana-storia-miracoli-e-culto\/"]}]},{"@type":"ImageObject","inLanguage":"it-IT","@id":"https:\/\/blog.holyart.it\/it\/santi-e-beati\/chi-era-santa-francesca-romana-storia-miracoli-e-culto\/#primaryimage","url":"https:\/\/blog.holyart.it\/it\/wp-content\/uploads\/sites\/17\/2026\/01\/santa-francesca-romana.jpg","contentUrl":"https:\/\/blog.holyart.it\/it\/wp-content\/uploads\/sites\/17\/2026\/01\/santa-francesca-romana.jpg","width":1000,"height":666,"caption":"santa francesca romana"},{"@type":"BreadcrumbList","@id":"https:\/\/blog.holyart.it\/it\/santi-e-beati\/chi-era-santa-francesca-romana-storia-miracoli-e-culto\/#breadcrumb","itemListElement":[{"@type":"ListItem","position":1,"name":"Homepage","item":"https:\/\/blog.holyart.it\/it\/"},{"@type":"ListItem","position":2,"name":"Santi e beati","item":"https:\/\/blog.holyart.it\/it\/santi-e-beati\/"},{"@type":"ListItem","position":3,"name":"Chi era Santa Francesca Romana: storia, miracoli e culto"}]},{"@type":"WebSite","@id":"https:\/\/blog.holyart.it\/it\/#website","url":"https:\/\/blog.holyart.it\/it\/","name":"Holyblog","description":"Il Blog di Holyart.it","publisher":{"@id":"https:\/\/blog.holyart.it\/it\/#organization"},"potentialAction":[{"@type":"SearchAction","target":{"@type":"EntryPoint","urlTemplate":"https:\/\/blog.holyart.it\/it\/?s={search_term_string}"},"query-input":{"@type":"PropertyValueSpecification","valueRequired":true,"valueName":"search_term_string"}}],"inLanguage":"it-IT"},{"@type":"Organization","@id":"https:\/\/blog.holyart.it\/it\/#organization","name":"Holyblog","url":"https:\/\/blog.holyart.it\/it\/","logo":{"@type":"ImageObject","inLanguage":"it-IT","@id":"https:\/\/blog.holyart.it\/it\/#\/schema\/logo\/image\/","url":"https:\/\/blog.holyart.it\/it\/wp-content\/uploads\/sites\/17\/2022\/12\/Holyart_Blog_Logo.jpg","contentUrl":"https:\/\/blog.holyart.it\/it\/wp-content\/uploads\/sites\/17\/2022\/12\/Holyart_Blog_Logo.jpg","width":300,"height":50,"caption":"Holyblog"},"image":{"@id":"https:\/\/blog.holyart.it\/it\/#\/schema\/logo\/image\/"}},{"@type":"Person","@id":"https:\/\/blog.holyart.it\/it\/#\/schema\/person\/0a7b686e5af0f856ec1e390dd0baecda","name":"Redazione"}]}},"_links":{"self":[{"href":"https:\/\/blog.holyart.it\/it\/wp-json\/wp\/v2\/posts\/23361","targetHints":{"allow":["GET"]}}],"collection":[{"href":"https:\/\/blog.holyart.it\/it\/wp-json\/wp\/v2\/posts"}],"about":[{"href":"https:\/\/blog.holyart.it\/it\/wp-json\/wp\/v2\/types\/post"}],"author":[{"embeddable":true,"href":"https:\/\/blog.holyart.it\/it\/wp-json\/wp\/v2\/users\/1"}],"replies":[{"embeddable":true,"href":"https:\/\/blog.holyart.it\/it\/wp-json\/wp\/v2\/comments?post=23361"}],"version-history":[{"count":2,"href":"https:\/\/blog.holyart.it\/it\/wp-json\/wp\/v2\/posts\/23361\/revisions"}],"predecessor-version":[{"id":23373,"href":"https:\/\/blog.holyart.it\/it\/wp-json\/wp\/v2\/posts\/23361\/revisions\/23373"}],"wp:featuredmedia":[{"embeddable":true,"href":"https:\/\/blog.holyart.it\/it\/wp-json\/wp\/v2\/media\/23374"}],"wp:attachment":[{"href":"https:\/\/blog.holyart.it\/it\/wp-json\/wp\/v2\/media?parent=23361"}],"wp:term":[{"taxonomy":"category","embeddable":true,"href":"https:\/\/blog.holyart.it\/it\/wp-json\/wp\/v2\/categories?post=23361"},{"taxonomy":"post_tag","embeddable":true,"href":"https:\/\/blog.holyart.it\/it\/wp-json\/wp\/v2\/tags?post=23361"}],"curies":[{"name":"wp","href":"https:\/\/api.w.org\/{rel}","templated":true}]}}