{"id":23302,"date":"2026-02-11T10:00:01","date_gmt":"2026-02-11T09:00:01","guid":{"rendered":"https:\/\/blog.holyart.it\/it\/?p=23302"},"modified":"2026-03-03T10:36:11","modified_gmt":"2026-03-03T09:36:11","slug":"la-madonna-di-montserrat-la-moreneta-che-veglia-sulla-catalogna","status":"publish","type":"post","link":"https:\/\/blog.holyart.it\/it\/santi-e-beati\/la-madonna-di-montserrat-la-moreneta-che-veglia-sulla-catalogna\/","title":{"rendered":"La Madonna di Montserrat: la \u201cMoreneta\u201d che veglia sulla Catalogna"},"content":{"rendered":"\n<p>Sulle vette aspre e frastagliate di Montserrat, le rocce assomigliano a gigantesche mani levate al cielo, e sono le custodi fedeli di un segreto antico. Qui infatti, a pi\u00f9 di settecento metri d\u2019altezza, sorge un santuario che da secoli \u00e8 cuore e simbolo della Catalogna, dove ha dimora la\u00a0<strong>Madonna di Montserrat<\/strong>, la\u00a0<strong><em>Moreneta<\/em><\/strong>. Di che si tratta? Di una piccola effige che raffigura la Vergine Maria, vestita d&#8217;oro e col volto scuro che veglia instancabile su questa terra. \u00c8 una Madonna nera, una delle tante diffuse in giro per il mondo. Il culto delle <strong><a href=\"https:\/\/www.holyart.it\/blog\/articoli-religiosi\/madonne-nere-in-italia-e-nel-mondo-origini-e-mistero-di-un-culto\/\">Madonne nere<\/a><\/strong> attraversa i secoli e i continenti. Da Montserrat a\u00a0<strong><a href=\"https:\/\/www.holyart.it\/blog\/articoli-religiosi\/la-madonnina-di-tindari-la-madonna-nera-e-il-suo-santuario-sul-mare\/\">Tindari<\/a><\/strong>, da\u00a0<strong><a href=\"https:\/\/www.holyart.it\/blog\/articoli-religiosi\/vergine-nera-di-czestochowa-san-luca\/\">Cz\u0119stochowa<\/a><\/strong> all\u2019America Latina, queste immagini custodiscono un mistero che intreccia fede e leggenda.<\/p>\n<div class=\"link-article\">\n<p><img loading=\"lazy\" decoding=\"async\" class=\"size-full wp-image-23304 alignleft\" src=\"https:\/\/blog.holyart.it\/it\/wp-content\/uploads\/sites\/17\/2026\/01\/madonne-nere.jpeg\" alt=\"madonne nere\" width=\"150\" height=\"99\" data-kale-share-title=\"La Madonna di Montserrat: la \u201cMoreneta\u201d che veglia sulla Catalogna\" data-kale-share-url=\"https:\/\/blog.holyart.it\/it\/?p=23302\" \/><\/p>\n<div class=\"leggi-anche\">Leggi anche:<\/div>\n<p><strong><a href=\"https:\/\/www.holyart.it\/blog\/articoli-religiosi\/madonne-nere-in-italia-e-nel-mondo-origini-e-mistero-di-un-culto\/\">Madonne nere in Italia e nel mondo: origini e mistero di un culto<\/a><\/strong><br \/>\nDa secoli le Madonne Nere costituiscono il cuore di molti&#8230;<\/p>\n<\/div>\n<p>La teoria pi\u00f9 verosimile \u00e8 che queste statue siano diventate nere per effetto del tempo, del fumo delle candele o della naturale ossidazione del legno. Alcune per\u00f2 sembrano nate cos\u00ec e richiamano antichi simboli di fertilit\u00e0 e di sacralit\u00e0, forse immagini di divinit\u00e0 pagane riadattate dopo l&#8217;avvento del Cristianesimo. In ogni caso, il colore non ne diminuisce la luce: anzi, ne accresce il mistero e l\u2019attrazione. La tradizione attribuisce molte di queste Madonne, compresa la Madonna di Montserrat, all\u2019<strong><a href=\"https:\/\/www.holyart.it\/blog\/articoli-religiosi\/la-madonna-nera-nel-santuario-di-san-luca-a-bologna\/\">evangelista Luca<\/a><\/strong>.<\/p>\n<p>Salendo fino all\u2019abbazia di Montserrat, con la funivia che si libra in un vuoto vertiginoso, o con il treno a cremagliera che serpeggia tra i dirupi, si percepisce subito il mistero e la fascinazione mistica di questo luogo. Qui si respira un\u2019aria diversa, e il Monastero di Santa Maria di Montserrat non \u00e8 una m\u00e8ta per chi cerca il semplice turismo, ma un vero pellegrinaggio dell\u2019anima.<\/p>\n<div class=\"link-article\">\n<p><img loading=\"lazy\" decoding=\"async\" class=\"size-full wp-image-23305 alignleft\" src=\"https:\/\/blog.holyart.it\/it\/wp-content\/uploads\/sites\/17\/2026\/01\/madonna-nera-santuario-san-luca.jpg\" alt=\"madonna nera santuario san luca\" width=\"150\" height=\"99\" data-kale-share-title=\"La Madonna di Montserrat: la \u201cMoreneta\u201d che veglia sulla Catalogna\" data-kale-share-url=\"https:\/\/blog.holyart.it\/it\/?p=23302\" \/><\/p>\n<div class=\"leggi-anche\">Leggi anche:<\/div>\n<p><strong><a href=\"https:\/\/www.holyart.it\/blog\/articoli-religiosi\/la-madonna-nera-nel-santuario-di-san-luca-a-bologna\/\">La Madonna Nera nel Santuario di San Luca a Bologna<\/a><\/strong><br \/>\nLa Madonna Nera del Santuario sul colle della Guardia, a Bologna, \u00e8 una delle immagini&#8230;<\/p>\n<\/div>\n<h2>La storia della Madonna nera di Montserrat<\/h2>\n<p>Una leggenda racconta che alcuni pastori intenti a custodire le greggi tra le rupi impervie udirono un canto celestiale alzarsi dalle rocce. Seguendo quel canto vennero abbagliati da luce splendente e, quando i loro occhi tornarono a vedere, scorsero l&#8217;entrata di una grotta. Qui trovarono la piccola statua lignea della Vergine con il Bambino. Era l&#8217;880 d.C.<br \/>\nQuando il vescovo, informato dell&#8217;evento miracoloso, tent\u00f2 di portarla a Manresa, la statua si fece tanto pesante da non poter essere trasportata. Il messaggio era chiaro: Maria voleva restare l\u00ec, tra quelle montagne, che da allora sono diventate la sua dimora.<\/p>\n<p>Alta appena 95 centimetri, l&#8217;attuale statua che raffigura la Vergine \u00e8 di epoca romanica, risalente al XII secolo. <a href=\"https:\/\/www.holyart.it\/it\/articoli-religiosi\/statue\/statue-in-legno-dipinto\/madonna-di-montserrat-statua-legno-colorata-val-gardena\"><strong>Maria \u00e8 seduta in trono e tiene Ges\u00f9 Bambino sulle ginocchia<\/strong><\/a>. Nella sua mano destra regge una sfera, che simboleggia l\u2019universo e il creato. Il Bambino ha invece nella manina una pigna, emblema di fecondit\u00e0 e vita eterna, mentre con l&#8217;altra mano benedice i fedeli. Il colore bruno del volto e delle mani non \u00e8 un artificio: il tempo, il fumo delle candele, i secoli di preghiere hanno scurito il legno, donandole quella tonalit\u00e0 unica che le valse il nome di Moreneta, la \u201c<em>piccola scura<\/em>\u201d. A parte i volti e le mani, la statua \u00e8 quasi interamente rivestita d\u2019oro. Secondo la leggenda, anche la Madonna di Montserrat \u00e8 stata attribuita a San Luca, che l&#8217;avrebbe scolpita in Terra Santa. Sarebbe stato San Pietro a portarla fino a Barcellona e poi, con alterne vicende, sarebbe arrivata fino alla grotta in cui la ritrovarono i pastorelli. Difficile scindere storia e leggenda.<\/p>\n<div class=\"link-product\">\n<div class=\"blocco-immagine\"><img loading=\"lazy\" decoding=\"async\" class=\"size-full wp-image-23307 alignleft\" src=\"https:\/\/blog.holyart.it\/it\/wp-content\/uploads\/sites\/17\/2026\/01\/madonna-di-montserrat-statua-legno-colorata-val-gardena.jpg\" alt=\"madonna di montserrat statua legno colorata val gardena\" width=\"100\" height=\"100\" data-kale-share-title=\"La Madonna di Montserrat: la \u201cMoreneta\u201d che veglia sulla Catalogna\" data-kale-share-url=\"https:\/\/blog.holyart.it\/it\/?p=23302\" \/><\/div>\n<div class=\"blocco-contenuto\">\n<div class=\"blocco-acquista\">Acquista su Holyart:<\/div>\n<div class=\"blocco-titolo\"><a href=\"https:\/\/www.holyart.it\/it\/articoli-religiosi\/statue\/statue-in-legno-dipinto\/madonna-di-montserrat-statua-legno-colorata-val-gardena\">Madonna di Montserrat statua legno colorata Val Gardena<\/a><\/div>\n<div class=\"blocco-descrizione\">Questa statua raffigura la Madonna di Montserrat attentamente scolpita e dipinta a mano dagli artigiani della Val Gardena.<\/div>\n<\/div>\n<\/div>\n<p>Il culto della Madonna di Montserrat si \u00e8 diffuso dalla Catalogna e ha viaggiato attraverso il mare. In Sardegna \u00e8 riconosciuta come patrona dei sarti, e ad Alghero una cappella a lei dedicata \u00e8 stata benedetta nel 2012 dall\u2019abate di Montserrat, sigillando un legame che da secoli unisce due terre attraverso lo stesso volto scuro e luminoso di Maria. La festa liturgica della\u00a0<em>Moreneta<\/em>\u00a0\u00e8 il\u00a0<strong>27 aprile<\/strong>.<\/p>\n<h2>Il Santuario di Montserrat sfida i secoli<\/h2>\n<p>La storia del Monastero di Santa Maria di Montserrat comincia ufficialmente nel 1025, quando l\u2019abate Oliba di Ripoll decise di fondare un nuovo monastero benedettino nel luogo dove gi\u00e0 sorgeva un antico eremo. Le ragioni di questa scelta sono da ricercare nelle dispute con i monaci del vicino monastero di Santa Cecilia, ma fu proprio grazie a questi contrasti che a Montserrat nacque una comunit\u00e0 destinata a diventare il cuore spirituale per tutta la Catalogna. La devozione alla Madonna nera rinvenuta nella grotta attirava gi\u00e0 da tempo numerosi pellegrini tra quei sentieri impervi e quelle terrazze di pietra spalancate su abissi spaventosi. I fedeli lasciavano donazioni sempre pi\u00f9 cospicue, mentre aumentavano i racconti sui prodigi legati alla Vergine, e questo permise al complesso di crescere rapidamente e prosperare. Nel 1409, dopo lunghe diatribe, una bolla di Benedetto XIII concesse a Montserrat il titolo di abbazia autonoma, ma in seguito re Ferdinando II impose un nuovo controllo esterno, legando il monastero alla congregazione di Valladolid. Cos\u00ec, per secoli, la vita monastica fu segnata da un alternarsi di abati catalani e castigliani, in un gioco di tensioni pi\u00f9 politiche che religiose, come spesso accadeva in passato.<img loading=\"lazy\" decoding=\"async\" class=\"size-full wp-image-23308 aligncenter\" src=\"https:\/\/blog.holyart.it\/it\/wp-content\/uploads\/sites\/17\/2026\/01\/santuario-montserrat.jpg\" alt=\"santuario montserrat\" width=\"1000\" height=\"666\" data-kale-share-title=\"La Madonna di Montserrat: la \u201cMoreneta\u201d che veglia sulla Catalogna\" data-kale-share-url=\"https:\/\/blog.holyart.it\/it\/?p=23302\" \/><\/p>\n<p>Il XIX secolo port\u00f2 nuove sciagure sulla dimora della\u00a0<em>Moreneta<\/em>: le truppe napoleoniche saccheggiarono e incendiarono il complesso nel 1811 e di nuovo nel 1812. Come se non bastasse, nel 1835 la legge di esproprio di Mendiz\u00e1bal costrinse i monaci ad abbandonare Montserrat e per nove anni la montagna rest\u00f2 senza la sua comunit\u00e0. Poi, nel 1844, i benedettini tornarono. Una rinascita lenta, ma definitiva. Dal 1862 Montserrat entr\u00f2 a far parte della congregazione sublacense dell\u2019Ordine di San Benedetto, legame che dura ancora oggi.<\/p>\n<p>Oggi il complesso si sviluppa come una piccola cittadella. Da una parte la basilica con gli spazi monastici, dall\u2019altra gli edifici destinati ai pellegrini, con foresterie, ristoranti e negozi. La basilica, ricostruita dopo le distruzioni ottocentesche, presenta una navata unica circondata da cappelle laterali. Sull\u2019altare maggiore si ammira un raffinato crocifisso d\u2019avorio, attribuito al giovane Michelangelo, sebbene l&#8217;attribuzione non sia unanimemente accettata. Sopra, attraverso un portale di alabastro intarsiato di scene bibliche, si accede al cuore pi\u00f9 segreto: la cappella che custodisce la\u00a0<em>Moreneta<\/em>.\u00a0Il chiostro si snoda su due livelli e conserva reperti antichi, alcuni dei quali risalgono al X secolo. Accanto, il\u00a0<strong>museo del monastero\u00a0<\/strong>racconta l\u2019anima culturale di Montserrat: una sezione preistorica, una dedicata all\u2019Oriente biblico e una pinacoteca che raccoglie nomi come Dal\u00ed, Picasso, El Greco e persino Caravaggio.<br \/>\nMa Montserrat non \u00e8 solo storia e architettura. La voce dell\u2019<strong>Escolania<\/strong>, il coro di voci bianche che canta dal XIII secolo senza interruzione, ne riempie le sale e i cortili. I ragazzi che lo compongono vivono insieme ai circa ottanta monaci che abitano il monastero, e ogni giorno alle 13:00 le loro voci si elevano nel\u00a0<em>Virolai<\/em>, l\u2019inno alla Vergine, riempiendo la basilica e le montagne di una dolcezza che commuove:<\/p>\n<p><em>\u201cRosa d\u2019abril, Morena de la serra, de Montserrat estel\u201d<br \/>\n(Rosa d\u2019Aprile, Morena de la Sierra, stella di Montserrat)<\/em><\/p>\n<p>Non mancano gli episodi che intrecciano Montserrat alla grande storia: qui, nel 1522, sant\u2019<strong><a href=\"https:\/\/www.holyart.it\/blog\/articoli-religiosi\/chi-sono-i-gesuiti-e-cosa-fanno\/\">Ignazio di Loyola<\/a><\/strong>\u00a0decise di deporre la sua spada ai piedi della Madonna, segnando l\u2019inizio della sua conversione. Ferito nella battaglia di Pamplona nel 1521, si rec\u00f2 al monastero di Montserrat, dove vegli\u00f2 davanti alla Madonna, rinunciando alla sua vita di cavaliere. Prosegu\u00ec poi a Manresa, vivendo mesi di ascesi e preghiera nella grotta che ancora oggi si visita, luogo in cui prese forma il nucleo degli Esercizi Spirituali. Sul percorso che conduce al tempietto della Vergine di Montserrat si incontra una copia della sua spada, simbolo di quella scelta radicale. Da queste mura, nel 1493, part\u00ec Bernat de Bo\u00efl, monaco benedettino che accompagn\u00f2 Colombo nel suo secondo viaggio verso le Americhe.<\/p>\n<div class=\"link-article\">\n<p><img loading=\"lazy\" decoding=\"async\" class=\"size-full wp-image-23309 alignleft\" src=\"https:\/\/blog.holyart.it\/it\/wp-content\/uploads\/sites\/17\/2026\/01\/chi-sono-i-gesuiti-e-cosa-fanno.jpg\" alt=\"chi sono i gesuiti e cosa fanno\" width=\"150\" height=\"99\" data-kale-share-title=\"La Madonna di Montserrat: la \u201cMoreneta\u201d che veglia sulla Catalogna\" data-kale-share-url=\"https:\/\/blog.holyart.it\/it\/?p=23302\" \/><\/p>\n<div class=\"leggi-anche\">Leggi anche:<\/div>\n<p><strong><a href=\"https:\/\/www.holyart.it\/blog\/articoli-religiosi\/chi-sono-i-gesuiti-e-cosa-fanno\/\">Chi sono i gesuiti e cosa fanno?<\/a><\/strong><br \/>\nScopriamo chi sono i gesuiti e cosa fanno e ricordiamo perch\u00e9 quest\u2019Ordine \u00e8 cos\u00ec importante&#8230;<\/p>\n<\/div>\n<p>Passeggiare oggi nel complesso di Montserrat significa percepire la stratificazione di tutto questo: le ferite lasciate dagli incendi e dalle guerre, la grandezza dell\u2019arte che impreziosisce i suoi spazi, la vita silenziosa dei monaci, <a href=\"https:\/\/www.holyart.it\/it\/articoli-religiosi\/statue\/statue-in-pietra\/beata-vergine-di-montserrat-16-cm-pietra-avorio-bethleem\"><strong>la presenza costante della\u00a0<em>Moreneta<\/em><\/strong><\/a>\u00a0che attira migliaia di pellegrini. \u00c8 un luogo che non si lascia raccontare solo con le date, ma con i gesti, i canti, i colori che cambiano al tramonto. Un luogo che, pur avendo conosciuto distruzione e abbandono, ha sempre trovato la forza di rinascere, rinnovando il suo ruolo di cuore spirituale della Catalogna.<br \/>\nChi si mette in fila per salire alla \u201csala del trono\u201d percorre un sentiero fatto di silenzio e attesa. Le cappelle che si incontrano lungo il cammino, le centinaia di candele del\u00a0<em>Cam\u00ed de l\u2019Ave Maria<\/em>, il Cammino dell&#8217;Ave Maria, le preghiere sussurrate: tutto prepara l\u2019anima all\u2019incontro con la\u00a0<em>Moreneta<\/em>.<br \/>\nToccare la mano che regge la sfera \u00e8 un gesto semplice, ma potente: un contatto diretto con il mistero, la firma di un pellegrinaggio che rimane nel cuore per sempre.<\/p>\n<div class=\"link-product\">\n<div class=\"blocco-immagine\"><img loading=\"lazy\" decoding=\"async\" class=\"size-full wp-image-23310 alignleft\" src=\"https:\/\/blog.holyart.it\/it\/wp-content\/uploads\/sites\/17\/2026\/01\/beata-vergine-di-montserrat-16-cm-pietra-avorio-bethleem.jpg\" alt=\"beata vergine di montserrat 16 cm pietra avorio bethleem\" width=\"100\" height=\"100\" data-kale-share-title=\"La Madonna di Montserrat: la \u201cMoreneta\u201d che veglia sulla Catalogna\" data-kale-share-url=\"https:\/\/blog.holyart.it\/it\/?p=23302\" \/><\/div>\n<div class=\"blocco-contenuto\">\n<div class=\"blocco-acquista\">Acquista su Holyart:<\/div>\n<div class=\"blocco-titolo\"><a href=\"https:\/\/www.holyart.it\/it\/articoli-religiosi\/statue\/statue-in-pietra\/beata-vergine-di-montserrat-16-cm-pietra-avorio-bethleem\">Beata Vergine di Montserrat 16 cm pietra avorio Bethl\u00e9em<\/a><\/div>\n<div class=\"blocco-descrizione\">Statua realizzata dalle suore del Monastero di Bethl\u00e9em (Francia).<\/div>\n<\/div>\n<\/div>\n<h2>Come arrivare al monastero di Montserrat<\/h2>\n<p>Da Barcellona, in un\u2019ora di treno si arriva ai piedi della montagna. Da l\u00ec, la funivia Aeri sale fino al monastero, mentre il treno a cremagliera permette di osservare da vicino le forme bizzarre delle rocce.<br \/>\nChi preferisce l\u2019auto pu\u00f2 percorrere la strada tortuosa che sale da Monistrol, mentre i pi\u00f9 devoti scelgono ancora <a href=\"https:\/\/www.holyart.it\/blog\/articoli-religiosi\/via-francigena-tra-i-piu-antichi-itinerari-di-pellegrinaggio\/\"><strong>l\u2019antico sentiero dei pellegrini<\/strong><\/a>, due ore di cammino che trasformano ogni passo in preghiera.\u00a0Ogni stagione offre il suo volto: i fiori selvatici in primavera, la luce lunga d\u2019estate, i toni caldi dell\u2019autunno, la neve silenziosa d\u2019inverno.<\/p>\n<p>Da oltre mille anni la Madonna di Montserrat continua a vegliare sui catalani e su chiunque arrivi a cercare pace sulle sue montagne. Pellegrini, turisti, artisti, credenti e semplici viandanti: tutti trovano in lei un sorriso misterioso che consola e unisce.\u00a0E quando il sole tramonta sulle cime seghettate, tingendo di rosa e oro le mura dell\u2019abbazia, sembra di udire ancora l\u2019eco di quel canto celestiale che guid\u00f2 i pastorelli tanti secoli fa. Un canto che dice, con voce materna, che chi sale a Montserrat non torna mai a mani vuote: la\u00a0<em>Moreneta<\/em>\u00a0dona sempre qualcosa, anche solo un filo di serenit\u00e0.<\/p>\n<div class=\"link-article\">\n<p><img loading=\"lazy\" decoding=\"async\" class=\"size-full wp-image-23312 alignleft\" src=\"https:\/\/blog.holyart.it\/it\/wp-content\/uploads\/sites\/17\/2026\/01\/via-francigena.jpg\" alt=\"via francigena\" width=\"150\" height=\"99\" data-kale-share-title=\"La Madonna di Montserrat: la \u201cMoreneta\u201d che veglia sulla Catalogna\" data-kale-share-url=\"https:\/\/blog.holyart.it\/it\/?p=23302\" \/><\/p>\n<div class=\"leggi-anche\">Leggi anche:<\/div>\n<p><strong><a href=\"https:\/\/www.holyart.it\/blog\/articoli-religiosi\/via-francigena-tra-i-piu-antichi-itinerari-di-pellegrinaggio\/\">Via Francigena: tra i pi\u00f9 antichi itinerari di pellegrinaggio<\/a><\/strong><br \/>\nDa Canterbury alla Puglia si snoda una strada percorsa per secoli da uomini alla ricerca di Dio&#8230;<\/p>\n<\/div>\n","protected":false},"excerpt":{"rendered":"<p>Sulle vette aspre e frastagliate di Montserrat, le rocce assomigliano a gigantesche mani levate al cielo, e sono le custodi fedeli di un segreto antico. Qui infatti, a pi\u00f9 di settecento metri d\u2019altezza, sorge un santuario che da secoli \u00e8 cuore e simbolo della Catalogna,&hellip;<\/p>\n","protected":false},"author":1,"featured_media":23315,"comment_status":"closed","ping_status":"open","sticky":false,"template":"","format":"standard","meta":{"_acf_changed":false,"footnotes":""},"categories":[15],"tags":[],"class_list":["post-23302","post","type-post","status-publish","format-standard","has-post-thumbnail","hentry","category-santi-e-beati"],"acf":[],"yoast_head":"<!-- This site is optimized with the Yoast SEO plugin v26.6 - https:\/\/yoast.com\/wordpress\/plugins\/seo\/ -->\n<title>La Madonna di Montserrat: la \u201cMoreneta\u201d che veglia sulla Catalogna - Holyblog<\/title>\n<meta name=\"description\" content=\"La Madonna di Montserrat: una leggenda che profuma di eternit\u00e0. La Madonna nera \u00e8 custode della Catalogna.\" \/>\n<meta name=\"robots\" content=\"index, follow, max-snippet:-1, max-image-preview:large, max-video-preview:-1\" \/>\n<link rel=\"canonical\" href=\"https:\/\/blog.holyart.it\/it\/santi-e-beati\/la-madonna-di-montserrat-la-moreneta-che-veglia-sulla-catalogna\/\" \/>\n<meta property=\"og:locale\" content=\"it_IT\" \/>\n<meta property=\"og:type\" content=\"article\" \/>\n<meta property=\"og:title\" content=\"La Madonna di Montserrat: la \u201cMoreneta\u201d che veglia sulla Catalogna - Holyblog\" \/>\n<meta property=\"og:description\" content=\"La Madonna di Montserrat: una leggenda che profuma di eternit\u00e0. La Madonna nera \u00e8 custode della Catalogna.\" \/>\n<meta property=\"og:url\" content=\"https:\/\/blog.holyart.it\/it\/santi-e-beati\/la-madonna-di-montserrat-la-moreneta-che-veglia-sulla-catalogna\/\" \/>\n<meta property=\"og:site_name\" content=\"Holyblog\" \/>\n<meta property=\"article:published_time\" content=\"2026-02-11T09:00:01+00:00\" \/>\n<meta property=\"article:modified_time\" content=\"2026-03-03T09:36:11+00:00\" \/>\n<meta property=\"og:image\" content=\"https:\/\/blog.holyart.it\/it\/wp-content\/uploads\/sites\/17\/2026\/01\/madonna-di-montserrat.jpg\" \/>\n\t<meta property=\"og:image:width\" content=\"1000\" \/>\n\t<meta property=\"og:image:height\" content=\"666\" \/>\n\t<meta property=\"og:image:type\" content=\"image\/jpeg\" \/>\n<meta name=\"author\" content=\"Redazione\" \/>\n<meta name=\"twitter:card\" content=\"summary_large_image\" \/>\n<meta name=\"twitter:label1\" content=\"Scritto da\" \/>\n\t<meta name=\"twitter:data1\" content=\"Redazione\" \/>\n\t<meta name=\"twitter:label2\" content=\"Tempo di lettura stimato\" \/>\n\t<meta name=\"twitter:data2\" content=\"12 minuti\" \/>\n<script type=\"application\/ld+json\" class=\"yoast-schema-graph\">{\"@context\":\"https:\/\/schema.org\",\"@graph\":[{\"@type\":\"Article\",\"@id\":\"https:\/\/blog.holyart.it\/it\/santi-e-beati\/la-madonna-di-montserrat-la-moreneta-che-veglia-sulla-catalogna\/#article\",\"isPartOf\":{\"@id\":\"https:\/\/blog.holyart.it\/it\/santi-e-beati\/la-madonna-di-montserrat-la-moreneta-che-veglia-sulla-catalogna\/\"},\"author\":{\"name\":\"Redazione\",\"@id\":\"https:\/\/blog.holyart.it\/it\/#\/schema\/person\/0a7b686e5af0f856ec1e390dd0baecda\"},\"headline\":\"La Madonna di Montserrat: la \u201cMoreneta\u201d che veglia sulla Catalogna\",\"datePublished\":\"2026-02-11T09:00:01+00:00\",\"dateModified\":\"2026-03-03T09:36:11+00:00\",\"mainEntityOfPage\":{\"@id\":\"https:\/\/blog.holyart.it\/it\/santi-e-beati\/la-madonna-di-montserrat-la-moreneta-che-veglia-sulla-catalogna\/\"},\"wordCount\":1786,\"publisher\":{\"@id\":\"https:\/\/blog.holyart.it\/it\/#organization\"},\"image\":{\"@id\":\"https:\/\/blog.holyart.it\/it\/santi-e-beati\/la-madonna-di-montserrat-la-moreneta-che-veglia-sulla-catalogna\/#primaryimage\"},\"thumbnailUrl\":\"https:\/\/blog.holyart.it\/it\/wp-content\/uploads\/sites\/17\/2026\/01\/madonna-di-montserrat.jpg\",\"articleSection\":[\"Santi e beati\"],\"inLanguage\":\"it-IT\"},{\"@type\":\"WebPage\",\"@id\":\"https:\/\/blog.holyart.it\/it\/santi-e-beati\/la-madonna-di-montserrat-la-moreneta-che-veglia-sulla-catalogna\/\",\"url\":\"https:\/\/blog.holyart.it\/it\/santi-e-beati\/la-madonna-di-montserrat-la-moreneta-che-veglia-sulla-catalogna\/\",\"name\":\"La Madonna di Montserrat: la \u201cMoreneta\u201d che veglia sulla Catalogna - Holyblog\",\"isPartOf\":{\"@id\":\"https:\/\/blog.holyart.it\/it\/#website\"},\"primaryImageOfPage\":{\"@id\":\"https:\/\/blog.holyart.it\/it\/santi-e-beati\/la-madonna-di-montserrat-la-moreneta-che-veglia-sulla-catalogna\/#primaryimage\"},\"image\":{\"@id\":\"https:\/\/blog.holyart.it\/it\/santi-e-beati\/la-madonna-di-montserrat-la-moreneta-che-veglia-sulla-catalogna\/#primaryimage\"},\"thumbnailUrl\":\"https:\/\/blog.holyart.it\/it\/wp-content\/uploads\/sites\/17\/2026\/01\/madonna-di-montserrat.jpg\",\"datePublished\":\"2026-02-11T09:00:01+00:00\",\"dateModified\":\"2026-03-03T09:36:11+00:00\",\"description\":\"La Madonna di Montserrat: una leggenda che profuma di eternit\u00e0. La Madonna nera \u00e8 custode della Catalogna.\",\"breadcrumb\":{\"@id\":\"https:\/\/blog.holyart.it\/it\/santi-e-beati\/la-madonna-di-montserrat-la-moreneta-che-veglia-sulla-catalogna\/#breadcrumb\"},\"inLanguage\":\"it-IT\",\"potentialAction\":[{\"@type\":\"ReadAction\",\"target\":[\"https:\/\/blog.holyart.it\/it\/santi-e-beati\/la-madonna-di-montserrat-la-moreneta-che-veglia-sulla-catalogna\/\"]}]},{\"@type\":\"ImageObject\",\"inLanguage\":\"it-IT\",\"@id\":\"https:\/\/blog.holyart.it\/it\/santi-e-beati\/la-madonna-di-montserrat-la-moreneta-che-veglia-sulla-catalogna\/#primaryimage\",\"url\":\"https:\/\/blog.holyart.it\/it\/wp-content\/uploads\/sites\/17\/2026\/01\/madonna-di-montserrat.jpg\",\"contentUrl\":\"https:\/\/blog.holyart.it\/it\/wp-content\/uploads\/sites\/17\/2026\/01\/madonna-di-montserrat.jpg\",\"width\":1000,\"height\":666,\"caption\":\"madonna di montserrat\"},{\"@type\":\"BreadcrumbList\",\"@id\":\"https:\/\/blog.holyart.it\/it\/santi-e-beati\/la-madonna-di-montserrat-la-moreneta-che-veglia-sulla-catalogna\/#breadcrumb\",\"itemListElement\":[{\"@type\":\"ListItem\",\"position\":1,\"name\":\"Homepage\",\"item\":\"https:\/\/blog.holyart.it\/it\/\"},{\"@type\":\"ListItem\",\"position\":2,\"name\":\"Santi e beati\",\"item\":\"https:\/\/blog.holyart.it\/it\/santi-e-beati\/\"},{\"@type\":\"ListItem\",\"position\":3,\"name\":\"La Madonna di Montserrat: la \u201cMoreneta\u201d che veglia sulla Catalogna\"}]},{\"@type\":\"WebSite\",\"@id\":\"https:\/\/blog.holyart.it\/it\/#website\",\"url\":\"https:\/\/blog.holyart.it\/it\/\",\"name\":\"Holyblog\",\"description\":\"Il Blog di Holyart.it\",\"publisher\":{\"@id\":\"https:\/\/blog.holyart.it\/it\/#organization\"},\"potentialAction\":[{\"@type\":\"SearchAction\",\"target\":{\"@type\":\"EntryPoint\",\"urlTemplate\":\"https:\/\/blog.holyart.it\/it\/?s={search_term_string}\"},\"query-input\":{\"@type\":\"PropertyValueSpecification\",\"valueRequired\":true,\"valueName\":\"search_term_string\"}}],\"inLanguage\":\"it-IT\"},{\"@type\":\"Organization\",\"@id\":\"https:\/\/blog.holyart.it\/it\/#organization\",\"name\":\"Holyblog\",\"url\":\"https:\/\/blog.holyart.it\/it\/\",\"logo\":{\"@type\":\"ImageObject\",\"inLanguage\":\"it-IT\",\"@id\":\"https:\/\/blog.holyart.it\/it\/#\/schema\/logo\/image\/\",\"url\":\"https:\/\/blog.holyart.it\/it\/wp-content\/uploads\/sites\/17\/2022\/12\/Holyart_Blog_Logo.jpg\",\"contentUrl\":\"https:\/\/blog.holyart.it\/it\/wp-content\/uploads\/sites\/17\/2022\/12\/Holyart_Blog_Logo.jpg\",\"width\":300,\"height\":50,\"caption\":\"Holyblog\"},\"image\":{\"@id\":\"https:\/\/blog.holyart.it\/it\/#\/schema\/logo\/image\/\"}},{\"@type\":\"Person\",\"@id\":\"https:\/\/blog.holyart.it\/it\/#\/schema\/person\/0a7b686e5af0f856ec1e390dd0baecda\",\"name\":\"Redazione\"}]}<\/script>\n<!-- \/ Yoast SEO plugin. -->","yoast_head_json":{"title":"La Madonna di Montserrat: la \u201cMoreneta\u201d che veglia sulla Catalogna - Holyblog","description":"La Madonna di Montserrat: una leggenda che profuma di eternit\u00e0. La Madonna nera \u00e8 custode della Catalogna.","robots":{"index":"index","follow":"follow","max-snippet":"max-snippet:-1","max-image-preview":"max-image-preview:large","max-video-preview":"max-video-preview:-1"},"canonical":"https:\/\/blog.holyart.it\/it\/santi-e-beati\/la-madonna-di-montserrat-la-moreneta-che-veglia-sulla-catalogna\/","og_locale":"it_IT","og_type":"article","og_title":"La Madonna di Montserrat: la \u201cMoreneta\u201d che veglia sulla Catalogna - Holyblog","og_description":"La Madonna di Montserrat: una leggenda che profuma di eternit\u00e0. La Madonna nera \u00e8 custode della Catalogna.","og_url":"https:\/\/blog.holyart.it\/it\/santi-e-beati\/la-madonna-di-montserrat-la-moreneta-che-veglia-sulla-catalogna\/","og_site_name":"Holyblog","article_published_time":"2026-02-11T09:00:01+00:00","article_modified_time":"2026-03-03T09:36:11+00:00","og_image":[{"width":1000,"height":666,"url":"https:\/\/blog.holyart.it\/it\/wp-content\/uploads\/sites\/17\/2026\/01\/madonna-di-montserrat.jpg","type":"image\/jpeg"}],"author":"Redazione","twitter_card":"summary_large_image","twitter_misc":{"Scritto da":"Redazione","Tempo di lettura stimato":"12 minuti"},"schema":{"@context":"https:\/\/schema.org","@graph":[{"@type":"Article","@id":"https:\/\/blog.holyart.it\/it\/santi-e-beati\/la-madonna-di-montserrat-la-moreneta-che-veglia-sulla-catalogna\/#article","isPartOf":{"@id":"https:\/\/blog.holyart.it\/it\/santi-e-beati\/la-madonna-di-montserrat-la-moreneta-che-veglia-sulla-catalogna\/"},"author":{"name":"Redazione","@id":"https:\/\/blog.holyart.it\/it\/#\/schema\/person\/0a7b686e5af0f856ec1e390dd0baecda"},"headline":"La Madonna di Montserrat: la \u201cMoreneta\u201d che veglia sulla Catalogna","datePublished":"2026-02-11T09:00:01+00:00","dateModified":"2026-03-03T09:36:11+00:00","mainEntityOfPage":{"@id":"https:\/\/blog.holyart.it\/it\/santi-e-beati\/la-madonna-di-montserrat-la-moreneta-che-veglia-sulla-catalogna\/"},"wordCount":1786,"publisher":{"@id":"https:\/\/blog.holyart.it\/it\/#organization"},"image":{"@id":"https:\/\/blog.holyart.it\/it\/santi-e-beati\/la-madonna-di-montserrat-la-moreneta-che-veglia-sulla-catalogna\/#primaryimage"},"thumbnailUrl":"https:\/\/blog.holyart.it\/it\/wp-content\/uploads\/sites\/17\/2026\/01\/madonna-di-montserrat.jpg","articleSection":["Santi e beati"],"inLanguage":"it-IT"},{"@type":"WebPage","@id":"https:\/\/blog.holyart.it\/it\/santi-e-beati\/la-madonna-di-montserrat-la-moreneta-che-veglia-sulla-catalogna\/","url":"https:\/\/blog.holyart.it\/it\/santi-e-beati\/la-madonna-di-montserrat-la-moreneta-che-veglia-sulla-catalogna\/","name":"La Madonna di Montserrat: la \u201cMoreneta\u201d che veglia sulla Catalogna - Holyblog","isPartOf":{"@id":"https:\/\/blog.holyart.it\/it\/#website"},"primaryImageOfPage":{"@id":"https:\/\/blog.holyart.it\/it\/santi-e-beati\/la-madonna-di-montserrat-la-moreneta-che-veglia-sulla-catalogna\/#primaryimage"},"image":{"@id":"https:\/\/blog.holyart.it\/it\/santi-e-beati\/la-madonna-di-montserrat-la-moreneta-che-veglia-sulla-catalogna\/#primaryimage"},"thumbnailUrl":"https:\/\/blog.holyart.it\/it\/wp-content\/uploads\/sites\/17\/2026\/01\/madonna-di-montserrat.jpg","datePublished":"2026-02-11T09:00:01+00:00","dateModified":"2026-03-03T09:36:11+00:00","description":"La Madonna di Montserrat: una leggenda che profuma di eternit\u00e0. La Madonna nera \u00e8 custode della Catalogna.","breadcrumb":{"@id":"https:\/\/blog.holyart.it\/it\/santi-e-beati\/la-madonna-di-montserrat-la-moreneta-che-veglia-sulla-catalogna\/#breadcrumb"},"inLanguage":"it-IT","potentialAction":[{"@type":"ReadAction","target":["https:\/\/blog.holyart.it\/it\/santi-e-beati\/la-madonna-di-montserrat-la-moreneta-che-veglia-sulla-catalogna\/"]}]},{"@type":"ImageObject","inLanguage":"it-IT","@id":"https:\/\/blog.holyart.it\/it\/santi-e-beati\/la-madonna-di-montserrat-la-moreneta-che-veglia-sulla-catalogna\/#primaryimage","url":"https:\/\/blog.holyart.it\/it\/wp-content\/uploads\/sites\/17\/2026\/01\/madonna-di-montserrat.jpg","contentUrl":"https:\/\/blog.holyart.it\/it\/wp-content\/uploads\/sites\/17\/2026\/01\/madonna-di-montserrat.jpg","width":1000,"height":666,"caption":"madonna di montserrat"},{"@type":"BreadcrumbList","@id":"https:\/\/blog.holyart.it\/it\/santi-e-beati\/la-madonna-di-montserrat-la-moreneta-che-veglia-sulla-catalogna\/#breadcrumb","itemListElement":[{"@type":"ListItem","position":1,"name":"Homepage","item":"https:\/\/blog.holyart.it\/it\/"},{"@type":"ListItem","position":2,"name":"Santi e beati","item":"https:\/\/blog.holyart.it\/it\/santi-e-beati\/"},{"@type":"ListItem","position":3,"name":"La Madonna di Montserrat: la \u201cMoreneta\u201d che veglia sulla Catalogna"}]},{"@type":"WebSite","@id":"https:\/\/blog.holyart.it\/it\/#website","url":"https:\/\/blog.holyart.it\/it\/","name":"Holyblog","description":"Il Blog di Holyart.it","publisher":{"@id":"https:\/\/blog.holyart.it\/it\/#organization"},"potentialAction":[{"@type":"SearchAction","target":{"@type":"EntryPoint","urlTemplate":"https:\/\/blog.holyart.it\/it\/?s={search_term_string}"},"query-input":{"@type":"PropertyValueSpecification","valueRequired":true,"valueName":"search_term_string"}}],"inLanguage":"it-IT"},{"@type":"Organization","@id":"https:\/\/blog.holyart.it\/it\/#organization","name":"Holyblog","url":"https:\/\/blog.holyart.it\/it\/","logo":{"@type":"ImageObject","inLanguage":"it-IT","@id":"https:\/\/blog.holyart.it\/it\/#\/schema\/logo\/image\/","url":"https:\/\/blog.holyart.it\/it\/wp-content\/uploads\/sites\/17\/2022\/12\/Holyart_Blog_Logo.jpg","contentUrl":"https:\/\/blog.holyart.it\/it\/wp-content\/uploads\/sites\/17\/2022\/12\/Holyart_Blog_Logo.jpg","width":300,"height":50,"caption":"Holyblog"},"image":{"@id":"https:\/\/blog.holyart.it\/it\/#\/schema\/logo\/image\/"}},{"@type":"Person","@id":"https:\/\/blog.holyart.it\/it\/#\/schema\/person\/0a7b686e5af0f856ec1e390dd0baecda","name":"Redazione"}]}},"_links":{"self":[{"href":"https:\/\/blog.holyart.it\/it\/wp-json\/wp\/v2\/posts\/23302","targetHints":{"allow":["GET"]}}],"collection":[{"href":"https:\/\/blog.holyart.it\/it\/wp-json\/wp\/v2\/posts"}],"about":[{"href":"https:\/\/blog.holyart.it\/it\/wp-json\/wp\/v2\/types\/post"}],"author":[{"embeddable":true,"href":"https:\/\/blog.holyart.it\/it\/wp-json\/wp\/v2\/users\/1"}],"replies":[{"embeddable":true,"href":"https:\/\/blog.holyart.it\/it\/wp-json\/wp\/v2\/comments?post=23302"}],"version-history":[{"count":7,"href":"https:\/\/blog.holyart.it\/it\/wp-json\/wp\/v2\/posts\/23302\/revisions"}],"predecessor-version":[{"id":23317,"href":"https:\/\/blog.holyart.it\/it\/wp-json\/wp\/v2\/posts\/23302\/revisions\/23317"}],"wp:featuredmedia":[{"embeddable":true,"href":"https:\/\/blog.holyart.it\/it\/wp-json\/wp\/v2\/media\/23315"}],"wp:attachment":[{"href":"https:\/\/blog.holyart.it\/it\/wp-json\/wp\/v2\/media?parent=23302"}],"wp:term":[{"taxonomy":"category","embeddable":true,"href":"https:\/\/blog.holyart.it\/it\/wp-json\/wp\/v2\/categories?post=23302"},{"taxonomy":"post_tag","embeddable":true,"href":"https:\/\/blog.holyart.it\/it\/wp-json\/wp\/v2\/tags?post=23302"}],"curies":[{"name":"wp","href":"https:\/\/api.w.org\/{rel}","templated":true}]}}