{"id":23289,"date":"2026-01-26T10:00:09","date_gmt":"2026-01-26T09:00:09","guid":{"rendered":"https:\/\/blog.holyart.it\/it\/?p=23289"},"modified":"2026-04-23T12:44:19","modified_gmt":"2026-04-23T10:44:19","slug":"festivita-di-san-francesco-lottocentenario-e-il-riconoscimento-come-festa-nazionale-in-italia","status":"publish","type":"post","link":"https:\/\/blog.holyart.it\/it\/santi-e-beati\/festivita-di-san-francesco-lottocentenario-e-il-riconoscimento-come-festa-nazionale-in-italia\/","title":{"rendered":"Festivit\u00e0 di San Francesco: l&#8217;Ottocentenario e il riconoscimento come festa nazionale in Italia"},"content":{"rendered":"<h4>Nel 2026 la festivit\u00e0 di San Francesco coincider\u00e0 con l\u2019Ottocentenario del Santo d\u2019Assisi. In questa occasione torner\u00e0 a essere riconosciuta come Festa Nazionale italiana<\/h4>\n\n<p>Il 4 ottobre, in Italia, non \u00e8 una data qualunque. \u00c8 un giorno che sembra scivolare fuori dal ritmo consueto, come se il tempo stesso decidesse di farsi pi\u00f9 lento, pi\u00f9 attento. Le campane non suonano soltanto: indugiano. L\u2019aria porta con s\u00e9 l\u2019odore dei fiori selvatici e dell\u2019incenso, e in quel miscuglio antico riaffiora una presenza che non ha bisogno di essere nominata subito.\u00a0<a href=\"https:\/\/www.holyart.it\/it\/occasioni-speciali\/san-francesco-dassisi\"><strong>San Francesco<\/strong><\/a>, il poverello di Assisi, l\u2019uomo che seppe camminare nel mondo senza possederlo, toccare le cose senza ferirle, vivere ogni creatura come una sorella.\u00a0La\u00a0<strong>festivit\u00e0 di San Francesco d\u2019Assisi<\/strong>, che cade in questa data, non si esaurisce in una liturgia. \u00c8 una soglia, un momento in cui, quasi senza accorgersene, un intero Paese si ritrova a fare i conti con parole che non smettono di bruciare:\u00a0<strong>pace, fraternit\u00e0, cura del creato<\/strong>. Parole consumate dall\u2019uso, forse, ma ancora capaci di ferire e guarire insieme. Parole che per Francesco non furono solo concetti, ma vita vissuta, scelta dopo scelta, rinuncia dopo rinuncia.<\/p>\n<div class=\"link-product\">\n<div class=\"blocco-immagine\"><img loading=\"lazy\" decoding=\"async\" class=\"size-full wp-image-23291 alignleft\" src=\"https:\/\/blog.holyart.it\/it\/wp-content\/uploads\/sites\/17\/2026\/01\/san-francesco-con-lupo-val-gardena-acero-dipinto.jpg\" alt=\"san francesco con lupo val gardena acero dipinto\" width=\"100\" height=\"100\" data-kale-share-title=\"Festivit\u00e0 di San Francesco: l\u2019Ottocentenario e il riconoscimento come festa nazionale in Italia\" data-kale-share-url=\"https:\/\/blog.holyart.it\/it\/?p=23289\" \/><\/div>\n<div class=\"blocco-contenuto\">\n<div class=\"blocco-acquista\">Acquista su Holyart:<\/div>\n<div class=\"blocco-titolo\"><a href=\"https:\/\/www.holyart.it\/it\/occasioni-speciali\/san-francesco-dassisi\">San Francesco d&#8217;Assisi<\/a><\/div>\n<div class=\"blocco-descrizione\">In questa sezione troverai una ricca selezione di articoli dedicati al santo.<\/div>\n<\/div>\n<\/div>\n<p>Nel 2026 questa ricorrenza si caricher\u00e0 di un peso ulteriore. La festivit\u00e0 di San Francesco coincider\u00e0 con l\u2019Ottocentenario del Santo d\u2019Assisi. In questa occasione torner\u00e0 a essere riconosciuta come<strong>\u00a0festa nazionale italiana<\/strong>, nel segno di pace e fraternit\u00e0. Ottocento anni separano quel 4 ottobre dalla stessa notte del 1226, quando Francesco lasci\u00f2 questa terra, eppure la distanza non \u00e8 mai sembrata cos\u00ec fragile, effimera. L\u2019Ottocentenario della morte di Francesco attraverser\u00e0 l\u2019Italia con celebrazioni, incontri, momenti di riflessione diffusi lungo tutta la penisola, come un filo invisibile che inviter\u00e0 a fermarsi, a guardare indietro non per rimpianto, ma per orientarsi. La festivit\u00e0 di San Francesco diventa cos\u00ec qualcosa di pi\u00f9 di una data sul calendario: un punto fermo, una bussola, un richiamo.<\/p>\n<p>Ma, al di l\u00e0 delle celebrazioni nazionali, restano i ricordi personali, quelli che affiorano quasi senza permesso, le storie che tutti abbiamo udito, fin da piccoli. <a href=\"https:\/\/www.holyart.it\/it\/articoli-religiosi\/statue\/statue-in-resina-e-pvc\/statua-s.-francesco-resina-30-cm\"><strong>Francesco che parla agli uccelli<\/strong><\/a>, che abbraccia il lebbroso, che lascia tutto per seguire una voce interiore pi\u00f9 forte di ogni sicurezza. Storie ascoltate da bambini, forse, ma che da adulti rivelano un\u2019altra profondit\u00e0. Francesco non fu semplicemente \u201cbuono\u201d: fu scomodo, radicale, persino scandaloso. Un\u00a0<strong>rivoluzionario dello spirito<\/strong>, capace di vivere il Vangelo con tale coerenza da sembrare folle ai suoi contemporanei, e, forse, ancora oggi.<\/p>\n<div class=\"link-product\">\n<div class=\"blocco-immagine\"><img loading=\"lazy\" decoding=\"async\" class=\"size-full wp-image-23292 alignleft\" src=\"https:\/\/blog.holyart.it\/it\/wp-content\/uploads\/sites\/17\/2026\/01\/statua-s.-francesco-resina-30-cm.jpg\" alt=\"statua s. francesco resina 30 cm\" width=\"100\" height=\"100\" data-kale-share-title=\"Festivit\u00e0 di San Francesco: l\u2019Ottocentenario e il riconoscimento come festa nazionale in Italia\" data-kale-share-url=\"https:\/\/blog.holyart.it\/it\/?p=23289\" \/><\/div>\n<div class=\"blocco-contenuto\">\n<div class=\"blocco-acquista\">Acquista su Holyart:<\/div>\n<div class=\"blocco-titolo\"><a href=\"https:\/\/www.holyart.it\/it\/articoli-religiosi\/statue\/statue-in-resina-e-pvc\/statua-s.-francesco-resina-30-cm\">Statua S. Francesco resina 30 cm<\/a><\/div>\n<div class=\"blocco-descrizione\">Statua in resina dedicata a San Francesco che tiene tra le mani delle colombe, realizzata con cura in ogni dettaglio.<\/div>\n<\/div>\n<\/div>\n<h2>800 anni dalla morte di San Francesco<\/h2>\n<p>Otto secoli sono passati da quella notte del 3 ottobre 1226, quando Francesco mor\u00ec alla Porziuncola, con i suoi frati attorno. Aveva quarantaquattro anni appena, ma il corpo era gi\u00e0 allo stremo: la povert\u00e0 scelta fino in fondo, le stimmate portate nel silenzio, la malattia che negli ultimi tempi lo aveva reso fragile, quasi cieco. Le fonti raccontano per\u00f2 di un volto sereno, disteso. Come se, alla fine, non ci fosse stata paura, ma solo un andare incontro.<\/p>\n<p>L\u2019Ottocentenario della morte di San Francesco arriva in un tempo inquieto, e forse non \u00e8 un caso. Viviamo tra <a href=\"https:\/\/www.holyart.it\/blog\/articoli-religiosi\/papa-francesco-e-lambiente-ecco-cosa-lo-accomuna-al-santo-da-cui-ha-preso-il-nome\/\"><strong>crisi ambientali<\/strong><\/a>, conflitti che sembrano non avere fine, disuguaglianze sempre pi\u00f9 evidenti. In mezzo a tutto questo, Francesco continua a parlare. Non con soluzioni, non con slogan, ma con un modo di stare al mondo che mette in discussione le nostre abitudini pi\u00f9 radicate. Il\u00a0<strong><a href=\"https:\/\/www.holyart.it\/blog\/articoli-religiosi\/il-cantico-delle-creature-di-san-francesco\/\"><em>Cantico delle Creature<\/em><\/a><\/strong>, scritto quando ormai soffriva e vedeva appena, non \u00e8 un inno ingenuo: \u00e8 lo sguardo di chi riconosce una parentela profonda con ogni cosa, persino con la morte. Una visione che oggi chiameremmo\u00a0<strong>ecologica<\/strong>, ma che nasce da qualcosa di pi\u00f9 semplice e pi\u00f9 radicale.<\/p>\n<div class=\"link-article\">\n<p><img loading=\"lazy\" decoding=\"async\" class=\"size-full wp-image-23293 alignleft\" src=\"https:\/\/blog.holyart.it\/it\/wp-content\/uploads\/sites\/17\/2026\/01\/papa-francesco-e-san-francesco.jpg\" alt=\"papa francesco e san francesco\" width=\"150\" height=\"99\" data-kale-share-title=\"Festivit\u00e0 di San Francesco: l\u2019Ottocentenario e il riconoscimento come festa nazionale in Italia\" data-kale-share-url=\"https:\/\/blog.holyart.it\/it\/?p=23289\" \/><\/p>\n<div class=\"leggi-anche\">Leggi anche:<\/div>\n<p><strong><a href=\"https:\/\/www.holyart.it\/blog\/articoli-religiosi\/papa-francesco-e-lambiente-ecco-cosa-lo-accomuna-al-santo-da-cui-ha-preso-il-nome\/\">Papa Francesco e l\u2019ambiente: ecco cosa lo accomuna al santo da cui ha preso il nome<\/a><\/strong><br \/>\nIn occasione della Giornata mondiale di preghiera per la cura del creato&#8230;<\/p>\n<\/div>\n<p>Francesco aveva capito che la<strong>\u00a0pace<\/strong>\u00a0non si impone e non si proclama. Inizia dentro, quando si smette di misurare l\u2019altro come un avversario o un ostacolo. La preghiera che gli viene attribuita \u2014\u00a0<em>\u00abSignore, fammi strumento della tua pace\u00bb<\/em>\u00a0\u2014 non consola: impegna. Chiede di rinunciare a qualcosa, di esporsi, di accettare di cambiare. Per lui la\u00a0<strong>conversione non era un\u2019idea astratta<\/strong>, ma un processo continuo, spesso faticoso, sempre concreto.<\/p>\n<p>Guardare a Francesco oggi significa anche\u00a0<strong>interrogarsi sul futuro<\/strong>. Cosa vuol dire vivere il suo messaggio nel presente? Non serve un saio, n\u00e9 una fuga dal mondo. Serve\u00a0<strong>scegliere l\u2019essenziale<\/strong>, dare peso alle relazioni, prendersi cura di ci\u00f2 che ci \u00e8 affidato. Francesco non parlava a pochi eletti: parlava a chiunque fosse disposto ad ascoltare. E forse \u00e8 proprio questo che, dopo ottocento anni, rende ancora difficile ignorarlo.<\/p>\n<div class=\"link-article\">\n<p><img loading=\"lazy\" decoding=\"async\" class=\"size-full wp-image-23294 alignleft\" src=\"https:\/\/blog.holyart.it\/it\/wp-content\/uploads\/sites\/17\/2026\/01\/san-francesco.jpg\" alt=\"san francesco\" width=\"150\" height=\"99\" data-kale-share-title=\"Festivit\u00e0 di San Francesco: l\u2019Ottocentenario e il riconoscimento come festa nazionale in Italia\" data-kale-share-url=\"https:\/\/blog.holyart.it\/it\/?p=23289\" \/><\/p>\n<div class=\"leggi-anche\">Leggi anche:<\/div>\n<p><strong><a href=\"https:\/\/www.holyart.it\/blog\/articoli-religiosi\/il-cantico-delle-creature-di-san-francesco\/\">Il cantico delle creature di San Francesco<\/a><\/strong><br \/>\nSan Francesco d\u2019Assisi \u00e8 uno dei santi pi\u00f9 amati e venerati dalla Chiesa cattolica. Vicino ai poveri&#8230;<\/p>\n<\/div>\n<h2>San Francesco festa nazionale<\/h2>\n<p>Dal 2026 il 4 ottobre torna a essere<strong>\u00a0festa nazionale italiana<\/strong>. Una decisione arrivata con una legge approvata nel 2025, che reinserisce la giornata di San Francesco d\u2019Assisi tra le festivit\u00e0 civili, con i suoi effetti concreti sul lavoro e sulla vita quotidiana, dopo l\u2019abolizione del 1977. Non \u00e8 un ritorno folcloristico, n\u00e9 una concessione nostalgica. \u00c8 una scelta che dice qualcosa di preciso su ci\u00f2 che questo Paese riconosce ancora come essenziale.<\/p>\n<p>San Francesco \u00e8 il\u00a0<strong>patrono d\u2019Italia<\/strong>\u00a0dal 1939, quando Pio XII lo proclam\u00f2 tale insieme a\u00a0<strong><a href=\"https:\/\/www.holyart.it\/blog\/santi-e-beati\/santa-caterina-da-siena-patrona-ditalia\/\">Santa Caterina da Siena<\/a><\/strong>. Ma quel titolo non \u00e8 mai rimasto confinato a una formula ufficiale. Francesco attraversa la storia italiana in modo carsico: nei paesaggi, nell\u2019arte, nel linguaggio, in un certo modo di intendere la povert\u00e0, la bellezza, la relazione con il creato. Riconoscere il 4 ottobre come festa nazionale significa dare forma civile a un legame che, di fatto, non si \u00e8 mai spezzato.<\/p>\n<div class=\"link-article\">\n<p><img loading=\"lazy\" decoding=\"async\" class=\"size-full wp-image-23295 alignleft\" src=\"https:\/\/blog.holyart.it\/it\/wp-content\/uploads\/sites\/17\/2026\/01\/Santa-Caterina-da-Siena-matrimonio.jpg\" alt=\"Santa Caterina da Siena matrimonio\" width=\"150\" height=\"99\" data-kale-share-title=\"Festivit\u00e0 di San Francesco: l\u2019Ottocentenario e il riconoscimento come festa nazionale in Italia\" data-kale-share-url=\"https:\/\/blog.holyart.it\/it\/?p=23289\" \/><\/p>\n<div class=\"leggi-anche\">Leggi anche:<\/div>\n<p><strong><a href=\"https:\/\/www.holyart.it\/blog\/santi-e-beati\/santa-caterina-da-siena-patrona-ditalia\/\">Santa Caterina da Siena: patrona d\u2019Italia<\/a><\/strong><br \/>\nSanta Caterina da Siena, da donna del popolo a consigliera di Papi e principi. Coraggiosa&#8230;<\/p>\n<\/div>\n<p>Questa giornata parla a<strong>\u00a0credenti e non credenti insieme<\/strong>. Pace, dialogo, attenzione agli ultimi, rispetto per l\u2019ambiente non sono parole di una sola tradizione, ma punti di contatto possibili in un tempo frammentato, spesso aggressivo. In questo senso, la festa nazionale di San Francesco non divide: raccoglie. Non chiede adesioni ideologiche, ma invita a sostare, almeno per un giorno, attorno a valori che non hanno perso urgenza.<\/p>\n<p>Per le comunit\u00e0 francescane, naturalmente, il 4 ottobre resta il cuore dell\u2019anno. Frati, clarisse, terziari lo vivono come un momento di rinnovamento profondo, di ritorno alle origini. Ma Francesco non appartiene solo alla Chiesa. \u00c8 una figura che ha parlato, e continua a parlare, a mondi diversi, a sensibilit\u00e0 lontane tra loro. Da Giotto a Dante, da Dostoevskij a Gandhi, il suo passaggio ha lasciato tracce ovunque ci fosse qualcuno disposto a interrogarsi sul senso ultimo delle cose.<\/p>\n<p>Questa festa ricorda anche una\u00a0<strong>responsabilit\u00e0<\/strong>. L\u2019Italia custodisce i luoghi francescani: Assisi, certo, con le sue basiliche e i suoi affreschi, ma anche una costellazione di eremi, conventi, chiese disseminate lungo la penisola. Luoghi che non sono solo patrimonio artistico, ma spazi vivi, capaci ancora oggi di parlare di silenzio, di essenzialit\u00e0, di pace. Celebrarli significa non trasformarli in reliquie immobili, ma mantenerli attraversabili.<\/p>\n<h2>Celebrazioni e iniziative<\/h2>\n<p>L\u2019Ottocentenario della morte di San Francesco, intrecciato al ripristino del 4 ottobre come festivit\u00e0 nazionale, ha generato un movimento ampio, diffuso. Un calendario fitto di celebrazioni e iniziative che non riguarda soltanto Assisi, ma attraversa l\u2019intero Paese, come se l\u2019Italia avesse sentito il bisogno di tornare a interrogarsi, insieme, sulla figura del Poverello. Il Ministero della Cultura ha accompagnato questo percorso dedicando all\u2019evento un\u00a0portale specifico, pensato non come semplice contenitore informativo, ma come spazio di connessione tra progetti culturali, artistici e spirituali rivolti anche alle nuove generazioni.<\/p>\n<p>Le\u00a0<strong><a href=\"https:\/\/www.holyart.it\/blog\/articoli-religiosi\/la-serie-di-celebrazioni-per-lottavo-centenario-della-morte-di-san-francesco-dassisi\/\">celebrazioni toccano ambiti diversi<\/a><\/strong>, perch\u00e9 diverso \u00e8 il modo in cui Francesco ha parlato agli uomini nel corso dei secoli. Ci sono mostre che raccolgono opere ispirate alla sua vita, concerti che intrecciano musica sacra e contemporanea, incontri e seminari che scavano nella storia e nella teologia del suo pensiero. Ci sono, soprattutto, i\u00a0<a href=\"https:\/\/www.holyart.it\/blog\/articoli-religiosi\/il-cammino-di-san-francesco-in-pellegrinaggio-fino-ad-assisi\/\"><strong>cammini<\/strong><\/a>: itinerari francescani che permettono di ripercorrere i luoghi attraversati dal santo, di misurare il paesaggio con il passo lento di chi cammina per cercare. L\u2019Umbria resta il cuore di questo movimento, con Assisi pronta ad accogliere pellegrini da ogni parte del mondo per le celebrazioni solenni.<\/p>\n<div class=\"link-article\">\n<p><img loading=\"lazy\" decoding=\"async\" class=\"size-full wp-image-23296 alignleft\" src=\"https:\/\/blog.holyart.it\/it\/wp-content\/uploads\/sites\/17\/2026\/01\/san-francesco-copertina.jpg\" alt=\"san francesco copertina\" width=\"150\" height=\"99\" data-kale-share-title=\"Festivit\u00e0 di San Francesco: l\u2019Ottocentenario e il riconoscimento come festa nazionale in Italia\" data-kale-share-url=\"https:\/\/blog.holyart.it\/it\/?p=23289\" \/><\/p>\n<div class=\"leggi-anche\">Leggi anche:<\/div>\n<p><strong><a href=\"https:\/\/www.holyart.it\/blog\/articoli-religiosi\/la-serie-di-celebrazioni-per-lottavo-centenario-della-morte-di-san-francesco-dassisi\/\">La serie di celebrazioni per l\u2019ottavo centenario della morte di San Francesco d\u2019Assisi<\/a><\/strong><br \/>\nNel 2026 cadr\u00e0 l\u2019ottavo centenario della morte di San Francesco&#8230;<\/p>\n<\/div>\n<p>Quest\u2019anno, per\u00f2, il calendario si carica di un\u2019intensit\u00e0 rara. Per la prima volta nella storia,\u00a0<strong>le spoglie mortali di Francesco saranno esposte alla venerazione di chiunque desideri avvicinarsi<\/strong>. Dal\u00a0<strong>22 febbraio al 22 marzo 2026<\/strong>, nella Basilica di Assisi il suo corpo, spostato dalla cripta e deposto ai piedi dell\u2019altare, sar\u00e0 visibile a tutti, pellegrini e viandanti, famiglie e stranieri venuti da lontano, in un unico, semplice gesto di incontro. \u00c8 un invito che va oltre la devozione formale: lascia che ci si possa fermare davanti a una realt\u00e0 concreta, a una vita che si \u00e8 consumata tra polvere di cammino e richieste di compassione, e che continua ancora a parlare di pace, fraternit\u00e0 e cura dell\u2019altro come se fosse una parola viva.<\/p>\n<p>Tra le reliquie esposte ci sono testimonianze di straordinario valore simbolico oltre che storico: il saio rattoppato, segnato dal tempo e dall\u2019uso, emblema di una povert\u00e0 non esibita ma vissuta fino in fondo; le lettere autografe, che restituiscono una voce fragile e ardente insieme; piccoli oggetti quotidiani, apparentemente insignificanti, che diventano improvvisamente carichi di senso. Ogni reliquia racconta una storia, ogni frammento apre una finestra su quel mondo medievale in cui un giovane di Assisi decise di abbandonare tutto per seguire Cristo senza compromessi.<\/p>\n<div class=\"link-article\">\n<p><img loading=\"lazy\" decoding=\"async\" class=\"size-full wp-image-23297 alignleft\" src=\"https:\/\/blog.holyart.it\/it\/wp-content\/uploads\/sites\/17\/2026\/01\/cammino-di-san-francesco.jpg\" alt=\"cammino di san francesco\" width=\"150\" height=\"99\" data-kale-share-title=\"Festivit\u00e0 di San Francesco: l\u2019Ottocentenario e il riconoscimento come festa nazionale in Italia\" data-kale-share-url=\"https:\/\/blog.holyart.it\/it\/?p=23289\" \/><\/p>\n<div class=\"leggi-anche\">Leggi anche:<\/div>\n<p><strong><a href=\"https:\/\/www.holyart.it\/blog\/articoli-religiosi\/il-cammino-di-san-francesco-in-pellegrinaggio-fino-ad-assisi\/\">Il cammino di San Francesco: in pellegrinaggio fino ad Assisi<\/a><\/strong><br \/>\nIl cammino di San Francesco ripercorre i passi del Patrono d\u2019Italia, tra paesaggi naturali incantevoli e panorami suggestivi&#8230;<\/p>\n<\/div>\n","protected":false},"excerpt":{"rendered":"<p>Nel 2026 la festivit\u00e0 di San Francesco coincider\u00e0 con l\u2019Ottocentenario del Santo d\u2019Assisi. In questa occasione torner\u00e0 a essere riconosciuta come Festa Nazionale italiana Il 4 ottobre, in Italia, non \u00e8 una data qualunque. \u00c8 un giorno che sembra scivolare fuori dal ritmo consueto, come&hellip;<\/p>\n","protected":false},"author":1,"featured_media":23300,"comment_status":"closed","ping_status":"open","sticky":false,"template":"","format":"standard","meta":{"_acf_changed":false,"footnotes":""},"categories":[15],"tags":[],"class_list":["post-23289","post","type-post","status-publish","format-standard","has-post-thumbnail","hentry","category-santi-e-beati"],"acf":[],"yoast_head":"<!-- This site is optimized with the Yoast SEO plugin v26.6 - https:\/\/yoast.com\/wordpress\/plugins\/seo\/ -->\n<title>Festivit\u00e0 di San Francesco: l&#039;Ottocentenario e il riconoscimento come festa nazionale in Italia - Holyblog<\/title>\n<meta name=\"description\" content=\"Il 4 ottobre 2026, festivit\u00e0 di San Francesco, torner\u00e0 a essere festa nazionale e coincider\u00e0 con l\u2019ottocentenario della morte del Santo\" \/>\n<meta name=\"robots\" content=\"index, follow, max-snippet:-1, max-image-preview:large, max-video-preview:-1\" \/>\n<link rel=\"canonical\" href=\"https:\/\/blog.holyart.it\/it\/santi-e-beati\/festivita-di-san-francesco-lottocentenario-e-il-riconoscimento-come-festa-nazionale-in-italia\/\" \/>\n<meta property=\"og:locale\" content=\"it_IT\" \/>\n<meta property=\"og:type\" content=\"article\" \/>\n<meta property=\"og:title\" content=\"Festivit\u00e0 di San Francesco: l&#039;Ottocentenario e il riconoscimento come festa nazionale in Italia - Holyblog\" \/>\n<meta property=\"og:description\" content=\"Il 4 ottobre 2026, festivit\u00e0 di San Francesco, torner\u00e0 a essere festa nazionale e coincider\u00e0 con l\u2019ottocentenario della morte del Santo\" \/>\n<meta property=\"og:url\" content=\"https:\/\/blog.holyart.it\/it\/santi-e-beati\/festivita-di-san-francesco-lottocentenario-e-il-riconoscimento-come-festa-nazionale-in-italia\/\" \/>\n<meta property=\"og:site_name\" content=\"Holyblog\" \/>\n<meta property=\"article:published_time\" content=\"2026-01-26T09:00:09+00:00\" \/>\n<meta property=\"article:modified_time\" content=\"2026-04-23T10:44:19+00:00\" \/>\n<meta property=\"og:image\" content=\"https:\/\/blog.holyart.it\/it\/wp-content\/uploads\/sites\/17\/2026\/01\/festivita-di-san-francesco.jpg\" \/>\n\t<meta property=\"og:image:width\" content=\"1000\" \/>\n\t<meta property=\"og:image:height\" content=\"666\" \/>\n\t<meta property=\"og:image:type\" content=\"image\/jpeg\" \/>\n<meta name=\"author\" content=\"Redazione\" \/>\n<meta name=\"twitter:card\" content=\"summary_large_image\" \/>\n<meta name=\"twitter:label1\" content=\"Scritto da\" \/>\n\t<meta name=\"twitter:data1\" content=\"Redazione\" \/>\n\t<meta name=\"twitter:label2\" content=\"Tempo di lettura stimato\" \/>\n\t<meta name=\"twitter:data2\" content=\"11 minuti\" \/>\n<script type=\"application\/ld+json\" class=\"yoast-schema-graph\">{\"@context\":\"https:\/\/schema.org\",\"@graph\":[{\"@type\":\"Article\",\"@id\":\"https:\/\/blog.holyart.it\/it\/santi-e-beati\/festivita-di-san-francesco-lottocentenario-e-il-riconoscimento-come-festa-nazionale-in-italia\/#article\",\"isPartOf\":{\"@id\":\"https:\/\/blog.holyart.it\/it\/santi-e-beati\/festivita-di-san-francesco-lottocentenario-e-il-riconoscimento-come-festa-nazionale-in-italia\/\"},\"author\":{\"name\":\"Redazione\",\"@id\":\"https:\/\/blog.holyart.it\/it\/#\/schema\/person\/0a7b686e5af0f856ec1e390dd0baecda\"},\"headline\":\"Festivit\u00e0 di San Francesco: l&#8217;Ottocentenario e il riconoscimento come festa nazionale in Italia\",\"datePublished\":\"2026-01-26T09:00:09+00:00\",\"dateModified\":\"2026-04-23T10:44:19+00:00\",\"mainEntityOfPage\":{\"@id\":\"https:\/\/blog.holyart.it\/it\/santi-e-beati\/festivita-di-san-francesco-lottocentenario-e-il-riconoscimento-come-festa-nazionale-in-italia\/\"},\"wordCount\":1701,\"publisher\":{\"@id\":\"https:\/\/blog.holyart.it\/it\/#organization\"},\"image\":{\"@id\":\"https:\/\/blog.holyart.it\/it\/santi-e-beati\/festivita-di-san-francesco-lottocentenario-e-il-riconoscimento-come-festa-nazionale-in-italia\/#primaryimage\"},\"thumbnailUrl\":\"https:\/\/blog.holyart.it\/it\/wp-content\/uploads\/sites\/17\/2026\/01\/festivita-di-san-francesco.jpg\",\"articleSection\":[\"Santi e beati\"],\"inLanguage\":\"it-IT\"},{\"@type\":\"WebPage\",\"@id\":\"https:\/\/blog.holyart.it\/it\/santi-e-beati\/festivita-di-san-francesco-lottocentenario-e-il-riconoscimento-come-festa-nazionale-in-italia\/\",\"url\":\"https:\/\/blog.holyart.it\/it\/santi-e-beati\/festivita-di-san-francesco-lottocentenario-e-il-riconoscimento-come-festa-nazionale-in-italia\/\",\"name\":\"Festivit\u00e0 di San Francesco: l'Ottocentenario e il riconoscimento come festa nazionale in Italia - Holyblog\",\"isPartOf\":{\"@id\":\"https:\/\/blog.holyart.it\/it\/#website\"},\"primaryImageOfPage\":{\"@id\":\"https:\/\/blog.holyart.it\/it\/santi-e-beati\/festivita-di-san-francesco-lottocentenario-e-il-riconoscimento-come-festa-nazionale-in-italia\/#primaryimage\"},\"image\":{\"@id\":\"https:\/\/blog.holyart.it\/it\/santi-e-beati\/festivita-di-san-francesco-lottocentenario-e-il-riconoscimento-come-festa-nazionale-in-italia\/#primaryimage\"},\"thumbnailUrl\":\"https:\/\/blog.holyart.it\/it\/wp-content\/uploads\/sites\/17\/2026\/01\/festivita-di-san-francesco.jpg\",\"datePublished\":\"2026-01-26T09:00:09+00:00\",\"dateModified\":\"2026-04-23T10:44:19+00:00\",\"description\":\"Il 4 ottobre 2026, festivit\u00e0 di San Francesco, torner\u00e0 a essere festa nazionale e coincider\u00e0 con l\u2019ottocentenario della morte del Santo\",\"breadcrumb\":{\"@id\":\"https:\/\/blog.holyart.it\/it\/santi-e-beati\/festivita-di-san-francesco-lottocentenario-e-il-riconoscimento-come-festa-nazionale-in-italia\/#breadcrumb\"},\"inLanguage\":\"it-IT\",\"potentialAction\":[{\"@type\":\"ReadAction\",\"target\":[\"https:\/\/blog.holyart.it\/it\/santi-e-beati\/festivita-di-san-francesco-lottocentenario-e-il-riconoscimento-come-festa-nazionale-in-italia\/\"]}]},{\"@type\":\"ImageObject\",\"inLanguage\":\"it-IT\",\"@id\":\"https:\/\/blog.holyart.it\/it\/santi-e-beati\/festivita-di-san-francesco-lottocentenario-e-il-riconoscimento-come-festa-nazionale-in-italia\/#primaryimage\",\"url\":\"https:\/\/blog.holyart.it\/it\/wp-content\/uploads\/sites\/17\/2026\/01\/festivita-di-san-francesco.jpg\",\"contentUrl\":\"https:\/\/blog.holyart.it\/it\/wp-content\/uploads\/sites\/17\/2026\/01\/festivita-di-san-francesco.jpg\",\"width\":1000,\"height\":666,\"caption\":\"festivit\u00e0 di san francesco\"},{\"@type\":\"BreadcrumbList\",\"@id\":\"https:\/\/blog.holyart.it\/it\/santi-e-beati\/festivita-di-san-francesco-lottocentenario-e-il-riconoscimento-come-festa-nazionale-in-italia\/#breadcrumb\",\"itemListElement\":[{\"@type\":\"ListItem\",\"position\":1,\"name\":\"Homepage\",\"item\":\"https:\/\/blog.holyart.it\/it\/\"},{\"@type\":\"ListItem\",\"position\":2,\"name\":\"Santi e beati\",\"item\":\"https:\/\/blog.holyart.it\/it\/santi-e-beati\/\"},{\"@type\":\"ListItem\",\"position\":3,\"name\":\"Festivit\u00e0 di San Francesco: l&#8217;Ottocentenario e il riconoscimento come festa nazionale in Italia\"}]},{\"@type\":\"WebSite\",\"@id\":\"https:\/\/blog.holyart.it\/it\/#website\",\"url\":\"https:\/\/blog.holyart.it\/it\/\",\"name\":\"Holyblog\",\"description\":\"Il Blog di Holyart.it\",\"publisher\":{\"@id\":\"https:\/\/blog.holyart.it\/it\/#organization\"},\"potentialAction\":[{\"@type\":\"SearchAction\",\"target\":{\"@type\":\"EntryPoint\",\"urlTemplate\":\"https:\/\/blog.holyart.it\/it\/?s={search_term_string}\"},\"query-input\":{\"@type\":\"PropertyValueSpecification\",\"valueRequired\":true,\"valueName\":\"search_term_string\"}}],\"inLanguage\":\"it-IT\"},{\"@type\":\"Organization\",\"@id\":\"https:\/\/blog.holyart.it\/it\/#organization\",\"name\":\"Holyblog\",\"url\":\"https:\/\/blog.holyart.it\/it\/\",\"logo\":{\"@type\":\"ImageObject\",\"inLanguage\":\"it-IT\",\"@id\":\"https:\/\/blog.holyart.it\/it\/#\/schema\/logo\/image\/\",\"url\":\"https:\/\/blog.holyart.it\/it\/wp-content\/uploads\/sites\/17\/2022\/12\/Holyart_Blog_Logo.jpg\",\"contentUrl\":\"https:\/\/blog.holyart.it\/it\/wp-content\/uploads\/sites\/17\/2022\/12\/Holyart_Blog_Logo.jpg\",\"width\":300,\"height\":50,\"caption\":\"Holyblog\"},\"image\":{\"@id\":\"https:\/\/blog.holyart.it\/it\/#\/schema\/logo\/image\/\"}},{\"@type\":\"Person\",\"@id\":\"https:\/\/blog.holyart.it\/it\/#\/schema\/person\/0a7b686e5af0f856ec1e390dd0baecda\",\"name\":\"Redazione\"}]}<\/script>\n<!-- \/ Yoast SEO plugin. -->","yoast_head_json":{"title":"Festivit\u00e0 di San Francesco: l'Ottocentenario e il riconoscimento come festa nazionale in Italia - Holyblog","description":"Il 4 ottobre 2026, festivit\u00e0 di San Francesco, torner\u00e0 a essere festa nazionale e coincider\u00e0 con l\u2019ottocentenario della morte del Santo","robots":{"index":"index","follow":"follow","max-snippet":"max-snippet:-1","max-image-preview":"max-image-preview:large","max-video-preview":"max-video-preview:-1"},"canonical":"https:\/\/blog.holyart.it\/it\/santi-e-beati\/festivita-di-san-francesco-lottocentenario-e-il-riconoscimento-come-festa-nazionale-in-italia\/","og_locale":"it_IT","og_type":"article","og_title":"Festivit\u00e0 di San Francesco: l'Ottocentenario e il riconoscimento come festa nazionale in Italia - Holyblog","og_description":"Il 4 ottobre 2026, festivit\u00e0 di San Francesco, torner\u00e0 a essere festa nazionale e coincider\u00e0 con l\u2019ottocentenario della morte del Santo","og_url":"https:\/\/blog.holyart.it\/it\/santi-e-beati\/festivita-di-san-francesco-lottocentenario-e-il-riconoscimento-come-festa-nazionale-in-italia\/","og_site_name":"Holyblog","article_published_time":"2026-01-26T09:00:09+00:00","article_modified_time":"2026-04-23T10:44:19+00:00","og_image":[{"width":1000,"height":666,"url":"https:\/\/blog.holyart.it\/it\/wp-content\/uploads\/sites\/17\/2026\/01\/festivita-di-san-francesco.jpg","type":"image\/jpeg"}],"author":"Redazione","twitter_card":"summary_large_image","twitter_misc":{"Scritto da":"Redazione","Tempo di lettura stimato":"11 minuti"},"schema":{"@context":"https:\/\/schema.org","@graph":[{"@type":"Article","@id":"https:\/\/blog.holyart.it\/it\/santi-e-beati\/festivita-di-san-francesco-lottocentenario-e-il-riconoscimento-come-festa-nazionale-in-italia\/#article","isPartOf":{"@id":"https:\/\/blog.holyart.it\/it\/santi-e-beati\/festivita-di-san-francesco-lottocentenario-e-il-riconoscimento-come-festa-nazionale-in-italia\/"},"author":{"name":"Redazione","@id":"https:\/\/blog.holyart.it\/it\/#\/schema\/person\/0a7b686e5af0f856ec1e390dd0baecda"},"headline":"Festivit\u00e0 di San Francesco: l&#8217;Ottocentenario e il riconoscimento come festa nazionale in Italia","datePublished":"2026-01-26T09:00:09+00:00","dateModified":"2026-04-23T10:44:19+00:00","mainEntityOfPage":{"@id":"https:\/\/blog.holyart.it\/it\/santi-e-beati\/festivita-di-san-francesco-lottocentenario-e-il-riconoscimento-come-festa-nazionale-in-italia\/"},"wordCount":1701,"publisher":{"@id":"https:\/\/blog.holyart.it\/it\/#organization"},"image":{"@id":"https:\/\/blog.holyart.it\/it\/santi-e-beati\/festivita-di-san-francesco-lottocentenario-e-il-riconoscimento-come-festa-nazionale-in-italia\/#primaryimage"},"thumbnailUrl":"https:\/\/blog.holyart.it\/it\/wp-content\/uploads\/sites\/17\/2026\/01\/festivita-di-san-francesco.jpg","articleSection":["Santi e beati"],"inLanguage":"it-IT"},{"@type":"WebPage","@id":"https:\/\/blog.holyart.it\/it\/santi-e-beati\/festivita-di-san-francesco-lottocentenario-e-il-riconoscimento-come-festa-nazionale-in-italia\/","url":"https:\/\/blog.holyart.it\/it\/santi-e-beati\/festivita-di-san-francesco-lottocentenario-e-il-riconoscimento-come-festa-nazionale-in-italia\/","name":"Festivit\u00e0 di San Francesco: l'Ottocentenario e il riconoscimento come festa nazionale in Italia - Holyblog","isPartOf":{"@id":"https:\/\/blog.holyart.it\/it\/#website"},"primaryImageOfPage":{"@id":"https:\/\/blog.holyart.it\/it\/santi-e-beati\/festivita-di-san-francesco-lottocentenario-e-il-riconoscimento-come-festa-nazionale-in-italia\/#primaryimage"},"image":{"@id":"https:\/\/blog.holyart.it\/it\/santi-e-beati\/festivita-di-san-francesco-lottocentenario-e-il-riconoscimento-come-festa-nazionale-in-italia\/#primaryimage"},"thumbnailUrl":"https:\/\/blog.holyart.it\/it\/wp-content\/uploads\/sites\/17\/2026\/01\/festivita-di-san-francesco.jpg","datePublished":"2026-01-26T09:00:09+00:00","dateModified":"2026-04-23T10:44:19+00:00","description":"Il 4 ottobre 2026, festivit\u00e0 di San Francesco, torner\u00e0 a essere festa nazionale e coincider\u00e0 con l\u2019ottocentenario della morte del Santo","breadcrumb":{"@id":"https:\/\/blog.holyart.it\/it\/santi-e-beati\/festivita-di-san-francesco-lottocentenario-e-il-riconoscimento-come-festa-nazionale-in-italia\/#breadcrumb"},"inLanguage":"it-IT","potentialAction":[{"@type":"ReadAction","target":["https:\/\/blog.holyart.it\/it\/santi-e-beati\/festivita-di-san-francesco-lottocentenario-e-il-riconoscimento-come-festa-nazionale-in-italia\/"]}]},{"@type":"ImageObject","inLanguage":"it-IT","@id":"https:\/\/blog.holyart.it\/it\/santi-e-beati\/festivita-di-san-francesco-lottocentenario-e-il-riconoscimento-come-festa-nazionale-in-italia\/#primaryimage","url":"https:\/\/blog.holyart.it\/it\/wp-content\/uploads\/sites\/17\/2026\/01\/festivita-di-san-francesco.jpg","contentUrl":"https:\/\/blog.holyart.it\/it\/wp-content\/uploads\/sites\/17\/2026\/01\/festivita-di-san-francesco.jpg","width":1000,"height":666,"caption":"festivit\u00e0 di san francesco"},{"@type":"BreadcrumbList","@id":"https:\/\/blog.holyart.it\/it\/santi-e-beati\/festivita-di-san-francesco-lottocentenario-e-il-riconoscimento-come-festa-nazionale-in-italia\/#breadcrumb","itemListElement":[{"@type":"ListItem","position":1,"name":"Homepage","item":"https:\/\/blog.holyart.it\/it\/"},{"@type":"ListItem","position":2,"name":"Santi e beati","item":"https:\/\/blog.holyart.it\/it\/santi-e-beati\/"},{"@type":"ListItem","position":3,"name":"Festivit\u00e0 di San Francesco: l&#8217;Ottocentenario e il riconoscimento come festa nazionale in Italia"}]},{"@type":"WebSite","@id":"https:\/\/blog.holyart.it\/it\/#website","url":"https:\/\/blog.holyart.it\/it\/","name":"Holyblog","description":"Il Blog di Holyart.it","publisher":{"@id":"https:\/\/blog.holyart.it\/it\/#organization"},"potentialAction":[{"@type":"SearchAction","target":{"@type":"EntryPoint","urlTemplate":"https:\/\/blog.holyart.it\/it\/?s={search_term_string}"},"query-input":{"@type":"PropertyValueSpecification","valueRequired":true,"valueName":"search_term_string"}}],"inLanguage":"it-IT"},{"@type":"Organization","@id":"https:\/\/blog.holyart.it\/it\/#organization","name":"Holyblog","url":"https:\/\/blog.holyart.it\/it\/","logo":{"@type":"ImageObject","inLanguage":"it-IT","@id":"https:\/\/blog.holyart.it\/it\/#\/schema\/logo\/image\/","url":"https:\/\/blog.holyart.it\/it\/wp-content\/uploads\/sites\/17\/2022\/12\/Holyart_Blog_Logo.jpg","contentUrl":"https:\/\/blog.holyart.it\/it\/wp-content\/uploads\/sites\/17\/2022\/12\/Holyart_Blog_Logo.jpg","width":300,"height":50,"caption":"Holyblog"},"image":{"@id":"https:\/\/blog.holyart.it\/it\/#\/schema\/logo\/image\/"}},{"@type":"Person","@id":"https:\/\/blog.holyart.it\/it\/#\/schema\/person\/0a7b686e5af0f856ec1e390dd0baecda","name":"Redazione"}]}},"_links":{"self":[{"href":"https:\/\/blog.holyart.it\/it\/wp-json\/wp\/v2\/posts\/23289","targetHints":{"allow":["GET"]}}],"collection":[{"href":"https:\/\/blog.holyart.it\/it\/wp-json\/wp\/v2\/posts"}],"about":[{"href":"https:\/\/blog.holyart.it\/it\/wp-json\/wp\/v2\/types\/post"}],"author":[{"embeddable":true,"href":"https:\/\/blog.holyart.it\/it\/wp-json\/wp\/v2\/users\/1"}],"replies":[{"embeddable":true,"href":"https:\/\/blog.holyart.it\/it\/wp-json\/wp\/v2\/comments?post=23289"}],"version-history":[{"count":4,"href":"https:\/\/blog.holyart.it\/it\/wp-json\/wp\/v2\/posts\/23289\/revisions"}],"predecessor-version":[{"id":23301,"href":"https:\/\/blog.holyart.it\/it\/wp-json\/wp\/v2\/posts\/23289\/revisions\/23301"}],"wp:featuredmedia":[{"embeddable":true,"href":"https:\/\/blog.holyart.it\/it\/wp-json\/wp\/v2\/media\/23300"}],"wp:attachment":[{"href":"https:\/\/blog.holyart.it\/it\/wp-json\/wp\/v2\/media?parent=23289"}],"wp:term":[{"taxonomy":"category","embeddable":true,"href":"https:\/\/blog.holyart.it\/it\/wp-json\/wp\/v2\/categories?post=23289"},{"taxonomy":"post_tag","embeddable":true,"href":"https:\/\/blog.holyart.it\/it\/wp-json\/wp\/v2\/tags?post=23289"}],"curies":[{"name":"wp","href":"https:\/\/api.w.org\/{rel}","templated":true}]}}