{"id":23265,"date":"2026-01-19T10:08:42","date_gmt":"2026-01-19T09:08:42","guid":{"rendered":"https:\/\/blog.holyart.it\/it\/?p=23265"},"modified":"2026-03-03T10:43:53","modified_gmt":"2026-03-03T09:43:53","slug":"da-persecutore-ad-apostolo-la-conversione-di-san-paolo","status":"publish","type":"post","link":"https:\/\/blog.holyart.it\/it\/santi-e-beati\/da-persecutore-ad-apostolo-la-conversione-di-san-paolo\/","title":{"rendered":"Da persecutore ad apostolo: la conversione di San Paolo"},"content":{"rendered":"<h4>Da nemico dei cristiani a loro difensore: la conversione di San Paolo \u00e8 una storia di rottura, illuminazione e rinascita spirituale<\/h4>\n\n<p>Succede nella vita di ogni uomo o donna. Basta un singolo momento e l&#8217;intera esistenza cambia completamente, si ribalta. Non succede solo nei libri o nei film. La luce irrompe, squarcia le tenebre dell&#8217;anima e nulla potr\u00e0 pi\u00f9 essere come prima. La\u00a0<strong>conversione di San Paolo<\/strong>\u00a0nasce cos\u00ec: come uno strappo netto, una luce che non consola, ma ferisce, acceca, costringe a guardare.<\/p>\n<p><a href=\"https:\/\/www.holyart.it\/it\/articoli-religiosi\/icone-sacre\/icone-romania-dipinte\/icona-dipinta-san-paolo\"><strong>Paolo di Tarso<\/strong><\/a>, l\u2019apostolo delle genti, colui che avrebbe portato il nome di Cristo fino ai confini del mondo conosciuto, non \u00e8 sempre stato Paolo. Prima di diventare voce del Vangelo, \u00e8 stato Saulo: un uomo convinto di stare dalla parte giusta della storia, di servire Dio con inflessibile coerenza. E proprio per questo, un\u00a0<strong>persecutore<\/strong>.<\/p>\n<div class=\"link-product\">\n<div class=\"blocco-immagine\"><img loading=\"lazy\" decoding=\"async\" class=\"size-full wp-image-23267 alignleft\" src=\"https:\/\/blog.holyart.it\/it\/wp-content\/uploads\/sites\/17\/2026\/01\/icona-dipinta-san-paolo.jpg\" alt=\"icona dipinta san paolo\" width=\"100\" height=\"100\" data-kale-share-title=\"Da persecutore ad apostolo: la conversione di San Paolo\" data-kale-share-url=\"https:\/\/blog.holyart.it\/it\/?p=23265\" \/><\/div>\n<div class=\"blocco-contenuto\">\n<div class=\"blocco-acquista\">Acquista su Holyart:<\/div>\n<div class=\"blocco-titolo\"><a href=\"https:\/\/www.holyart.it\/it\/articoli-religiosi\/icone-sacre\/icone-romania-dipinte\/icona-dipinta-san-paolo\">Icona dipinta San Paolo<\/a><\/div>\n<div class=\"blocco-descrizione\">Icona dipinta a mano in Romania di san Paolo l&#8217;apostolo delle genti, secondo le antiche raffigurazioni cristiane.<\/div>\n<\/div>\n<\/div>\n<p>La sua non \u00e8 una storia edificante di lenta maturazione spirituale. \u00c8 una caduta verticale, una frattura. Un prima e un dopo che non dialogano tra loro. La conversione di San Paolo non racconta un cambio d\u2019idea, ma il crollo di un\u2019identit\u00e0, l\u2019esperienza violenta di essere smentiti da Dio stesso.<\/p>\n<p>Saulo perseguitava i cristiani non per sadismo, ma per fede. Credeva davvero di difendere la purezza della Legge, di proteggere il popolo eletto da una pericolosa deviazione. Ed \u00e8 proprio questo a rendere la sua figura ancora inquietante: non \u00e8 il cattivo da manuale, ma l\u2019uomo che sbaglia in buona fede, che confonde lo zelo con la giustizia, la violenza con la fedelt\u00e0.<\/p>\n<h2>San Paolo prima della conversione<\/h2>\n<p>Per comprendere davvero la portata della conversione di Saulo bisogna guardare all\u2019uomo che era prima dell\u2019incontro con Cristo. Nato a Tarso, in Cilicia, tra il 5 e il 10 d.C., Saulo possedeva un privilegio raro: la cittadinanza romana per nascita. Un dettaglio tutt\u2019altro che secondario, destinato a incidere profondamente sul suo futuro apostolato.<\/p>\n<p>Ma ci\u00f2 che lo definiva davvero era la sua identit\u00e0 religiosa. Saulo era un fariseo zelante, formato alla scuola di Gamaliele, uno dei pi\u00f9 grandi maestri della Legge a Gerusalemme. Non un credente superficiale, ma un uomo che prendeva tremendamente sul serio ogni parola della\u00a0<strong><a href=\"https:\/\/www.holyart.it\/blog\/articoli-religiosi\/le-differenze-ebraismo-cristianesimo\/\"><em>Torah<\/em><\/a><\/strong>, ogni precetto, ogni confine.<\/p>\n<div class=\"link-article\">\n<p><img loading=\"lazy\" decoding=\"async\" class=\"size-full wp-image-23268 alignleft\" src=\"https:\/\/blog.holyart.it\/it\/wp-content\/uploads\/sites\/17\/2026\/01\/differenze-tra-ebraismo-e-cristianesimo.jpg\" alt=\"differenze tra ebraismo e cristianesimo\" width=\"150\" height=\"99\" data-kale-share-title=\"Da persecutore ad apostolo: la conversione di San Paolo\" data-kale-share-url=\"https:\/\/blog.holyart.it\/it\/?p=23265\" \/><\/p>\n<div class=\"leggi-anche\">Leggi anche:<\/div>\n<p><strong><a href=\"https:\/\/www.holyart.it\/blog\/articoli-religiosi\/le-differenze-ebraismo-cristianesimo\/\">Le differenze tra ebraismo e cristianesimo<\/a><\/strong><br \/>\nQuali sono le differenze tra Ebraismo e Cristianesimo? Il Dio degli Ebrei \u00e8 lo stesso dei Cristiani&#8230;<\/p>\n<\/div>\n<p>Cosa faceva San Paolo prima della conversione? Perseguitava la Chiesa nascente con determinazione inflessibile. Le Scritture lo mostrano presente alla lapidazione di\u00a0<strong><a href=\"https:\/\/www.holyart.it\/blog\/natale\/santo-stefano-il-primo-martire-del-cristianesimo\/\">Stefano<\/a><\/strong>, il primo martire cristiano: Saulo custodisce i mantelli di chi lo uccide, senza distogliere lo sguardo, senza esitazione. Poco dopo ottiene lettere ufficiali per arrestare i seguaci di Cristo, ovunque si nascondano, trascinarli in catene a Gerusalemme, spegnere quella che considera un\u2019eresia pericolosa.<\/p>\n<p>Era un uomo colto, appassionato, assoluto. Quando credeva in qualcosa, vi si dedicava senza riserve. Ed \u00e8 proprio questa intensit\u00e0 a rendere la sua trasformazione cos\u00ec radicale. Dio non smorza quel fuoco: lo rovescia. Non spegne la passione di Saulo, la riconsegna al mondo con un nome nuovo e una direzione opposta.<\/p>\n<p>La<a href=\"https:\/\/www.holyart.it\/blog\/santi-e-beati\/folgorato-sulla-via-di-damasco-da-cosa-deriva-questo-modo-di-dire\/\">\u00a0<strong>strada verso Damasco<\/strong><\/a>, lunga e polverosa, non \u00e8 solo un percorso geografico. \u00c8 il luogo in cui un uomo convinto di vedere chiaramente viene gettato nella cecit\u00e0. \u00c8 il punto esatto in cui il persecutore cade a terra e, nel dolore e nello smarrimento, inizia a nascere l\u2019apostolo.<\/p>\n<h2>Come \u00e8 avvenuta la conversione di San Paolo<\/h2>\n<p>L\u2019episodio della conversione di San Paolo, cos\u00ec come viene raccontato negli Atti degli Apostoli, ha una forza drammatica che attraversa i secoli. Non \u00e8 solo un evento fondativo della storia cristiana: \u00e8 una scena, quasi teatrale, che sembra chiedere di essere guardata da vicino, vissuta, attraversata.<\/p>\n<p>Saulo \u00e8 in cammino verso Damasco. Non \u00e8 un uomo alla ricerca di qualcosa, n\u00e9 divorato dal dubbio. \u00c8 un uomo certo, coerente con s\u00e9 stesso e con la propria vocazione. Respira minacce, porta con s\u00e9 lettere di arresto, ha una missione chiara e una coscienza convinta di stare dalla parte giusta. \u00c8 mezzogiorno, il sole cade a picco sulla strada polverosa, nessuna ombra in cui ripararsi. Ed \u00e8 proprio allora che accade l\u2019impossibile: una luce lo avvolge, pi\u00f9 forte del sole stesso. Non una luce che guida, ma una luce che schiaccia, che annienta ogni riferimento.<\/p>\n<div class=\"link-article\">\n<p><img loading=\"lazy\" decoding=\"async\" class=\"size-full wp-image-23269 alignleft\" src=\"https:\/\/blog.holyart.it\/it\/wp-content\/uploads\/sites\/17\/2026\/01\/san-paolo.jpg\" alt=\"san paolo\" width=\"150\" height=\"99\" data-kale-share-title=\"Da persecutore ad apostolo: la conversione di San Paolo\" data-kale-share-url=\"https:\/\/blog.holyart.it\/it\/?p=23265\" \/><\/p>\n<div class=\"leggi-anche\">Leggi anche:<\/div>\n<p><strong><a href=\"https:\/\/www.holyart.it\/blog\/santi-e-beati\/folgorato-sulla-via-di-damasco-da-cosa-deriva-questo-modo-di-dire\/\">Folgorato sulla via di Damasco: da cosa deriva questo modo di dire<\/a><\/strong><br \/>\nFolgorato sulla via di Damasco, un modo di dire che nasconde&#8230;<\/p>\n<\/div>\n<p>Saulo cade a terra. Non vede pi\u00f9 nulla. E sente una voce.<br \/>\n<em>\u00abSaulo, Saulo, perch\u00e9 mi perseguiti?\u00bb\u00a0<\/em>(Atti 9,1-9)<\/p>\n<p>La ripetizione del nome \u00e8 intima, quasi dolorosa. Non \u00e8 l\u2019accusa di un giudice, ma il richiamo di chi conosce. Saulo risponde come pu\u00f2, tremando:\u00a0<em>\u00abChi sei, Signore?\u00bb<\/em><br \/>\nLa risposta non lascia scampo:<em>\u00a0\u00abIo sono Ges\u00f9, che tu perseguiti\u00bb.<\/em><\/p>\n<p>Non dice: perseguiti i miei discepoli. Dice: perseguiti me.<br \/>\nIn quell\u2019istante, tutto si ricompone e tutto crolla insieme. Ogni arresto, ogni catena, ogni violenza compiuta in nome di Dio si rivela per ci\u00f2 che \u00e8 stata: un colpo inferto direttamente a Cristo. Non una metafora. Una realt\u00e0.<\/p>\n<p>La conversione di San Paolo non avviene per argomentazione, n\u00e9 per studio, n\u00e9 per persuasione morale. Avviene con un incontro che \u00e8 uno scontro, brutale, definitivo, che non chiede consenso. Cristo si impone a colui che lo perseguita, non per schiacciarlo, ma per fermarlo.<\/p>\n<p>Saulo resta cieco tre giorni. Non \u00e8 un dettaglio secondario, bens\u00ec il cuore dell\u2019esperienza. L\u2019uomo che credeva di vedere tutto con chiarezza viene gettato nel buio. Deve farsi guidare, dipendere dagli altri, rinunciare a ogni controllo. In quei giorni non mangia, non beve. Tutto ci\u00f2 che sapeva viene lentamente smontato, ricomposto, purificato.<\/p>\n<p>A Damasco vive Anania, un discepolo qualunque, che conosce bene il nome di Saulo e ne ha paura. Quando il Signore gli chiede di andare proprio da lui, Anania obietta, come farebbe chiunque. Ma la risposta che riceve cambia il corso della storia: Saulo \u00e8 uno strumento eletto. Non perch\u00e9 innocente, ma perch\u00e9 capace di ardere.<\/p>\n<p>Anania va. Gli impone le mani. E lo chiama \u201cfratello\u201d. \u00c8 forse il gesto pi\u00f9 scandaloso di tutta la vicenda.<\/p>\n<p>Le squame cadono dagli occhi di Saulo. Vede di nuovo. Riceve il Battesimo. Da quel momento non \u00e8 pi\u00f9 solo Saulo. Nasce <a href=\"https:\/\/www.holyart.it\/it\/articoli-religiosi\/statue\/statue-in-resina-e-pvc\/statua-di-san-paolo-resina-20-cm\"><strong>Paolo<\/strong><\/a>.<\/p>\n<div class=\"link-product\">\n<div class=\"blocco-immagine\"><img loading=\"lazy\" decoding=\"async\" class=\"size-full wp-image-23271 alignleft\" src=\"https:\/\/blog.holyart.it\/it\/wp-content\/uploads\/sites\/17\/2026\/01\/statua-di-san-paolo-resina-20-cm.jpg\" alt=\"statua di san paolo resina 20 cm\" width=\"100\" height=\"100\" data-kale-share-title=\"Da persecutore ad apostolo: la conversione di San Paolo\" data-kale-share-url=\"https:\/\/blog.holyart.it\/it\/?p=23265\" \/><\/div>\n<div class=\"blocco-contenuto\">\n<div class=\"blocco-acquista\">Acquista su Holyart:<\/div>\n<div class=\"blocco-titolo\"><a href=\"https:\/\/www.holyart.it\/it\/articoli-religiosi\/statue\/statue-in-resina-e-pvc\/statua-di-san-paolo-resina-20-cm\">Statua di San Paolo resina 20 cm<\/a><\/div>\n<div class=\"blocco-descrizione\">Statua di san Paolo con libro in mano, realizzata in resina.<\/div>\n<\/div>\n<\/div>\n<p>Ma la sua conversione non \u00e8 un istante isolato, una magia improvvisa. \u00c8 l\u2019inizio di un cammino lungo e doloroso. Il persecutore diventa testimone, l\u2019accusatore diventa perseguitato, l\u2019uomo delle certezze assolute impara a vivere nella fragilit\u00e0. E un giorno potr\u00e0 scrivere, senza retorica:\u00a0<em>\u00abNon sono pi\u00f9 io che vivo, ma Cristo vive in me\u00bb\u00a0<\/em>(Lettera ai Galati 2:20).<\/p>\n<p>Non perch\u00e9 abbia cambiato idea, ma perch\u00e9 \u00e8 stato cambiato.<\/p>\n<h2>L&#8217;episodio nell&#8217;arte<\/h2>\n<p>La conversione di San Paolo ha ossessionato artisti di ogni epoca. Non tanto per l\u2019evento in s\u00e9, quanto per ci\u00f2 che rappresenta: l\u2019istante preciso in cui il divino irrompe nella vita di un uomo e lo spezza, lo ribalta, lo costringe a rinascere. Tra tutte le immagini nate da questo racconto, ce n\u2019\u00e8 una che continua a imporsi con una forza quasi fisica:\u00a0<strong>la Conversione di San Paolo di Caravaggio<\/strong>, dipinta tra il 1600 e il 1601.<br \/>\nCaravaggio realizza l\u2019opera per la cappella Cerasi, nella chiesa di Santa Maria del Popolo, a Roma. \u00c8 ancora l\u00ec, e basta entrare in quello spazio per capire che non si tratta di una semplice decorazione sacra: le tele dialogano, si affrontano. <a href=\"https:\/\/www.holyart.it\/it\/articoli-religiosi\/icone-sacre\/icone-romania-dipinte\/icona-santi-pietro-e-paolo\"><strong>Da una parte Paolo, dall\u2019altra Pietro<\/strong><\/a> crocifisso. Due uomini spezzati, <a href=\"https:\/\/www.holyart.it\/blog\/santi-e-beati\/santi-martiri-sacrificare-la-propria-vita-in-nome-di-dio\/\"><strong>due martiri<\/strong><\/a>, due storie di fede raccontate senza alcuna indulgenza.<\/p>\n<div class=\"link-product\">\n<div class=\"blocco-immagine\"><img loading=\"lazy\" decoding=\"async\" class=\"size-full wp-image-23272 alignleft\" src=\"https:\/\/blog.holyart.it\/it\/wp-content\/uploads\/sites\/17\/2026\/01\/icona-santi-pietro-e-paolo.jpg\" alt=\"icona santi pietro e paolo\" width=\"100\" height=\"100\" data-kale-share-title=\"Da persecutore ad apostolo: la conversione di San Paolo\" data-kale-share-url=\"https:\/\/blog.holyart.it\/it\/?p=23265\" \/><\/div>\n<div class=\"blocco-contenuto\">\n<div class=\"blocco-acquista\">Acquista su Holyart:<\/div>\n<div class=\"blocco-titolo\"><a href=\"https:\/\/www.holyart.it\/it\/articoli-religiosi\/icone-sacre\/icone-romania-dipinte\/icona-santi-pietro-e-paolo\">Icona Santi Pietro e Paolo<\/a><\/div>\n<div class=\"blocco-descrizione\">L&#8217;abbraccio tra la Pietra su cui si \u00e8 edificata la Chiesa e &#8216;L&#8217;Apostolo delle genti&#8217; che l&#8217;ha portata in tutto il mondo.<\/div>\n<\/div>\n<\/div>\n<p>La conversione di San Paolo di Caravaggio \u00e8, prima di tutto, una scena di intimit\u00e0 radicale. Paolo \u00e8 a terra, occupa la parte bassa della tela, le braccia aperte in un gesto che non \u00e8 solo resa, ma disponibilit\u00e0 totale. Gli occhi sono chiusi. Non perch\u00e9 sia cieco, ma perch\u00e9 ci\u00f2 che sta accadendo non ha bisogno dello sguardo. \u00c8 un\u2019esperienza interiore, violenta e silenziosa insieme.<br \/>\nCaravaggio elimina tutto ci\u00f2 che la tradizione aveva accumulato nei secoli. Nessun Cristo in gloria, nessun angelo, nessun cielo squarciato. Niente effetti miracolosi. Solo una strada qualsiasi, un uomo caduto, un cavallo imponente e uno stalliere anziano che lo trattiene con attenzione. La luce non scende come un raggio soprannaturale: entra di taglio, radente, scolpisce i corpi, ferisce il buio.\u00a0Ed \u00e8 proprio qui che il sacro esplode.<br \/>\nPaolo \u00e8 completamente esposto. Le braccia aperte ricordano una crocifissione rovesciata: non sta soffrendo, sta accogliendo. Sta dicendo s\u00ec con tutto il corpo, prima ancora che con la volont\u00e0. Il cavallo, enorme, domina la scena. Una scelta che scandalizz\u00f2 i\u00a0contemporanei. Troppo grande, troppo centrale, troppo \u201cterreno\u201d. Eppure non schiaccia Paolo. Solleva lo zoccolo. Si ferma. Protegge. \u00c8 la creazione stessa che riconosce il momento sacro e si ritrae.<br \/>\nAnche lo stalliere \u00e8 l\u00ec, concreto, quotidiano, quasi indifferente. Non vede nulla di ci\u00f2 che accade dentro Paolo. Eppure \u00e8 parte della scena. Perch\u00e9 la grazia non ha bisogno di testimoni consapevoli. Agisce anche sotto lo sguardo distratto del mondo.<\/p>\n<div class=\"link-article\">\n<p><img loading=\"lazy\" decoding=\"async\" class=\"size-full wp-image-23273 alignleft\" src=\"https:\/\/blog.holyart.it\/it\/wp-content\/uploads\/sites\/17\/2026\/01\/Santi-martiri.jpg\" alt=\"Santi martiri\" width=\"150\" height=\"99\" data-kale-share-title=\"Da persecutore ad apostolo: la conversione di San Paolo\" data-kale-share-url=\"https:\/\/blog.holyart.it\/it\/?p=23265\" \/><\/p>\n<div class=\"leggi-anche\">Leggi anche:<\/div>\n<p><strong><a href=\"https:\/\/www.holyart.it\/blog\/santi-e-beati\/santi-martiri-sacrificare-la-propria-vita-in-nome-di-dio\/\">Santi Martiri: sacrificare la propria vita in nome di Dio<\/a><\/strong><br \/>\nI Santi Martiri sono uomini e donne, spesso molto giovani, che hanno sacrificato la propria vita per amore di Dio&#8230;<\/p>\n<\/div>\n<p>Molti artisti avevano raccontato la conversione prima di Caravaggio: Michelangelo nella Cappella Paolina, Raffaello negli arazzi vaticani, Parmigianino, Bruegel. Tutti avevano scelto la spettacolarit\u00e0: cavalli impennati, soldati, cieli squarciati, luce trionfale. Caravaggio sceglie l\u2019opposto: la solitudine. Il silenzio. Il momento in cui tutto accade dentro, prima ancora che fuori.<br \/>\nLa luce che colpisce Paolo non \u00e8 solo un espediente pittorico. \u00c8 grazia che entra nel buio senza chiedere permesso. Non cancella l\u2019oscurit\u00e0: la attraversa. Le mani aperte di Paolo sono vulnerabili, disarmate. \u00c8 l\u2019unica postura possibile davanti a Dio.<br \/>\nC\u2019\u00e8 un dettaglio che spesso passa inosservato: la spada, caduta a terra, quasi ai margini della scena. L\u2019arma del persecutore non serve pi\u00f9. \u00c8 finita nella polvere. Al suo posto nascer\u00e0 un\u2019altra forza, invisibile: la Parola. Quella \u201cspada dello Spirito\u201d di cui Paolo scriver\u00e0 anni dopo, non per ferire, ma per rivelare.<\/p>\n<p>La conversione di San Paolo continua a parlarci perch\u00e9 racconta una verit\u00e0 insopportabilmente consolante: nessuno \u00e8 irrecuperabile. Nessun errore \u00e8 definitivo. Saulo, che aveva devastato la Chiesa, diventa la sua colonna. Il persecutore diventa perseguitato. L\u2019uomo delle certezze diventa testimone fragile.\u00a0Non servono sempre luci accecanti o cadute clamorose. Spesso la conversione avviene nel silenzio, in un punto preciso della vita in cui qualcosa cede. In cui la voce chiama per nome.<br \/>\nLa via di Damasco non \u00e8 un luogo: \u00e8 un momento.<\/p>\n<p>Come scriver\u00e0 Paolo ai Romani:\u00a0<em>\u00ab<strong><a href=\"https:\/\/www.holyart.it\/blog\/santi-e-beati\/santi-peccatori-conversioni-piu-celebri\/\">Dove abbond\u00f2 il peccato<\/a><\/strong>, sovrabbond\u00f2 la grazia\u00bb<\/em>.<br \/>\nIn questo paradosso vive il cuore del Vangelo. Ed \u00e8 lo stesso paradosso che Caravaggio inchioda sulla tela: un uomo a terra, disarmato, finalmente pronto a vivere.<\/p>\n<div class=\"link-article\">\n<p><img loading=\"lazy\" decoding=\"async\" class=\"size-full wp-image-23274 alignleft\" src=\"https:\/\/blog.holyart.it\/it\/wp-content\/uploads\/sites\/17\/2026\/01\/santi-peccatori.jpg\" alt=\"santi peccatori\" width=\"150\" height=\"99\" data-kale-share-title=\"Da persecutore ad apostolo: la conversione di San Paolo\" data-kale-share-url=\"https:\/\/blog.holyart.it\/it\/?p=23265\" \/><\/p>\n<div class=\"leggi-anche\">Leggi anche:<\/div>\n<p><strong><a href=\"https:\/\/www.holyart.it\/blog\/santi-e-beati\/santi-peccatori-conversioni-piu-celebri\/\">Santi peccatori: ecco le conversioni pi\u00f9 celebri<\/a><\/strong><br \/>\nSanti peccatori. Una contraddizione in termini? Non sempre. Ecco i santi che si sono convertiti&#8230;<\/p>\n<\/div>\n","protected":false},"excerpt":{"rendered":"<p>Da nemico dei cristiani a loro difensore: la conversione di San Paolo \u00e8 una storia di rottura, illuminazione e rinascita spirituale Succede nella vita di ogni uomo o donna. Basta un singolo momento e l&#8217;intera esistenza cambia completamente, si ribalta. Non succede solo nei libri&hellip;<\/p>\n","protected":false},"author":1,"featured_media":23277,"comment_status":"closed","ping_status":"open","sticky":false,"template":"","format":"standard","meta":{"_acf_changed":false,"footnotes":""},"categories":[15],"tags":[],"class_list":["post-23265","post","type-post","status-publish","format-standard","has-post-thumbnail","hentry","category-santi-e-beati"],"acf":[],"yoast_head":"<!-- This site is optimized with the Yoast SEO plugin v26.6 - https:\/\/yoast.com\/wordpress\/plugins\/seo\/ -->\n<title>Da persecutore ad apostolo: la conversione di San Paolo - Holyblog<\/title>\n<meta name=\"description\" content=\"La conversione di San Paolo racconta il passaggio da persecutore a voce del Vangelo. La luce che trasforma odio e cecit\u00e0 in fede e missione.\" \/>\n<meta name=\"robots\" content=\"index, follow, max-snippet:-1, max-image-preview:large, max-video-preview:-1\" \/>\n<link rel=\"canonical\" href=\"https:\/\/blog.holyart.it\/it\/santi-e-beati\/da-persecutore-ad-apostolo-la-conversione-di-san-paolo\/\" \/>\n<meta property=\"og:locale\" content=\"it_IT\" \/>\n<meta property=\"og:type\" content=\"article\" \/>\n<meta property=\"og:title\" content=\"Da persecutore ad apostolo: la conversione di San Paolo - Holyblog\" \/>\n<meta property=\"og:description\" content=\"La conversione di San Paolo racconta il passaggio da persecutore a voce del Vangelo. La luce che trasforma odio e cecit\u00e0 in fede e missione.\" \/>\n<meta property=\"og:url\" content=\"https:\/\/blog.holyart.it\/it\/santi-e-beati\/da-persecutore-ad-apostolo-la-conversione-di-san-paolo\/\" \/>\n<meta property=\"og:site_name\" content=\"Holyblog\" \/>\n<meta property=\"article:published_time\" content=\"2026-01-19T09:08:42+00:00\" \/>\n<meta property=\"article:modified_time\" content=\"2026-03-03T09:43:53+00:00\" \/>\n<meta property=\"og:image\" content=\"https:\/\/blog.holyart.it\/it\/wp-content\/uploads\/sites\/17\/2026\/01\/conversione-di-san-paolo.jpg\" \/>\n\t<meta property=\"og:image:width\" content=\"1000\" \/>\n\t<meta property=\"og:image:height\" content=\"666\" \/>\n\t<meta property=\"og:image:type\" content=\"image\/jpeg\" \/>\n<meta name=\"author\" content=\"Redazione\" \/>\n<meta name=\"twitter:card\" content=\"summary_large_image\" \/>\n<meta name=\"twitter:label1\" content=\"Scritto da\" \/>\n\t<meta name=\"twitter:data1\" content=\"Redazione\" \/>\n\t<meta name=\"twitter:label2\" content=\"Tempo di lettura stimato\" \/>\n\t<meta name=\"twitter:data2\" content=\"12 minuti\" \/>\n<script type=\"application\/ld+json\" class=\"yoast-schema-graph\">{\"@context\":\"https:\/\/schema.org\",\"@graph\":[{\"@type\":\"Article\",\"@id\":\"https:\/\/blog.holyart.it\/it\/santi-e-beati\/da-persecutore-ad-apostolo-la-conversione-di-san-paolo\/#article\",\"isPartOf\":{\"@id\":\"https:\/\/blog.holyart.it\/it\/santi-e-beati\/da-persecutore-ad-apostolo-la-conversione-di-san-paolo\/\"},\"author\":{\"name\":\"Redazione\",\"@id\":\"https:\/\/blog.holyart.it\/it\/#\/schema\/person\/0a7b686e5af0f856ec1e390dd0baecda\"},\"headline\":\"Da persecutore ad apostolo: la conversione di San Paolo\",\"datePublished\":\"2026-01-19T09:08:42+00:00\",\"dateModified\":\"2026-03-03T09:43:53+00:00\",\"mainEntityOfPage\":{\"@id\":\"https:\/\/blog.holyart.it\/it\/santi-e-beati\/da-persecutore-ad-apostolo-la-conversione-di-san-paolo\/\"},\"wordCount\":1858,\"publisher\":{\"@id\":\"https:\/\/blog.holyart.it\/it\/#organization\"},\"image\":{\"@id\":\"https:\/\/blog.holyart.it\/it\/santi-e-beati\/da-persecutore-ad-apostolo-la-conversione-di-san-paolo\/#primaryimage\"},\"thumbnailUrl\":\"https:\/\/blog.holyart.it\/it\/wp-content\/uploads\/sites\/17\/2026\/01\/conversione-di-san-paolo.jpg\",\"articleSection\":[\"Santi e beati\"],\"inLanguage\":\"it-IT\"},{\"@type\":\"WebPage\",\"@id\":\"https:\/\/blog.holyart.it\/it\/santi-e-beati\/da-persecutore-ad-apostolo-la-conversione-di-san-paolo\/\",\"url\":\"https:\/\/blog.holyart.it\/it\/santi-e-beati\/da-persecutore-ad-apostolo-la-conversione-di-san-paolo\/\",\"name\":\"Da persecutore ad apostolo: la conversione di San Paolo - Holyblog\",\"isPartOf\":{\"@id\":\"https:\/\/blog.holyart.it\/it\/#website\"},\"primaryImageOfPage\":{\"@id\":\"https:\/\/blog.holyart.it\/it\/santi-e-beati\/da-persecutore-ad-apostolo-la-conversione-di-san-paolo\/#primaryimage\"},\"image\":{\"@id\":\"https:\/\/blog.holyart.it\/it\/santi-e-beati\/da-persecutore-ad-apostolo-la-conversione-di-san-paolo\/#primaryimage\"},\"thumbnailUrl\":\"https:\/\/blog.holyart.it\/it\/wp-content\/uploads\/sites\/17\/2026\/01\/conversione-di-san-paolo.jpg\",\"datePublished\":\"2026-01-19T09:08:42+00:00\",\"dateModified\":\"2026-03-03T09:43:53+00:00\",\"description\":\"La conversione di San Paolo racconta il passaggio da persecutore a voce del Vangelo. La luce che trasforma odio e cecit\u00e0 in fede e missione.\",\"breadcrumb\":{\"@id\":\"https:\/\/blog.holyart.it\/it\/santi-e-beati\/da-persecutore-ad-apostolo-la-conversione-di-san-paolo\/#breadcrumb\"},\"inLanguage\":\"it-IT\",\"potentialAction\":[{\"@type\":\"ReadAction\",\"target\":[\"https:\/\/blog.holyart.it\/it\/santi-e-beati\/da-persecutore-ad-apostolo-la-conversione-di-san-paolo\/\"]}]},{\"@type\":\"ImageObject\",\"inLanguage\":\"it-IT\",\"@id\":\"https:\/\/blog.holyart.it\/it\/santi-e-beati\/da-persecutore-ad-apostolo-la-conversione-di-san-paolo\/#primaryimage\",\"url\":\"https:\/\/blog.holyart.it\/it\/wp-content\/uploads\/sites\/17\/2026\/01\/conversione-di-san-paolo.jpg\",\"contentUrl\":\"https:\/\/blog.holyart.it\/it\/wp-content\/uploads\/sites\/17\/2026\/01\/conversione-di-san-paolo.jpg\",\"width\":1000,\"height\":666,\"caption\":\"conversione di san paolo\"},{\"@type\":\"BreadcrumbList\",\"@id\":\"https:\/\/blog.holyart.it\/it\/santi-e-beati\/da-persecutore-ad-apostolo-la-conversione-di-san-paolo\/#breadcrumb\",\"itemListElement\":[{\"@type\":\"ListItem\",\"position\":1,\"name\":\"Homepage\",\"item\":\"https:\/\/blog.holyart.it\/it\/\"},{\"@type\":\"ListItem\",\"position\":2,\"name\":\"Santi e beati\",\"item\":\"https:\/\/blog.holyart.it\/it\/santi-e-beati\/\"},{\"@type\":\"ListItem\",\"position\":3,\"name\":\"Da persecutore ad apostolo: la conversione di San Paolo\"}]},{\"@type\":\"WebSite\",\"@id\":\"https:\/\/blog.holyart.it\/it\/#website\",\"url\":\"https:\/\/blog.holyart.it\/it\/\",\"name\":\"Holyblog\",\"description\":\"Il Blog di Holyart.it\",\"publisher\":{\"@id\":\"https:\/\/blog.holyart.it\/it\/#organization\"},\"potentialAction\":[{\"@type\":\"SearchAction\",\"target\":{\"@type\":\"EntryPoint\",\"urlTemplate\":\"https:\/\/blog.holyart.it\/it\/?s={search_term_string}\"},\"query-input\":{\"@type\":\"PropertyValueSpecification\",\"valueRequired\":true,\"valueName\":\"search_term_string\"}}],\"inLanguage\":\"it-IT\"},{\"@type\":\"Organization\",\"@id\":\"https:\/\/blog.holyart.it\/it\/#organization\",\"name\":\"Holyblog\",\"url\":\"https:\/\/blog.holyart.it\/it\/\",\"logo\":{\"@type\":\"ImageObject\",\"inLanguage\":\"it-IT\",\"@id\":\"https:\/\/blog.holyart.it\/it\/#\/schema\/logo\/image\/\",\"url\":\"https:\/\/blog.holyart.it\/it\/wp-content\/uploads\/sites\/17\/2022\/12\/Holyart_Blog_Logo.jpg\",\"contentUrl\":\"https:\/\/blog.holyart.it\/it\/wp-content\/uploads\/sites\/17\/2022\/12\/Holyart_Blog_Logo.jpg\",\"width\":300,\"height\":50,\"caption\":\"Holyblog\"},\"image\":{\"@id\":\"https:\/\/blog.holyart.it\/it\/#\/schema\/logo\/image\/\"}},{\"@type\":\"Person\",\"@id\":\"https:\/\/blog.holyart.it\/it\/#\/schema\/person\/0a7b686e5af0f856ec1e390dd0baecda\",\"name\":\"Redazione\"}]}<\/script>\n<!-- \/ Yoast SEO plugin. -->","yoast_head_json":{"title":"Da persecutore ad apostolo: la conversione di San Paolo - Holyblog","description":"La conversione di San Paolo racconta il passaggio da persecutore a voce del Vangelo. La luce che trasforma odio e cecit\u00e0 in fede e missione.","robots":{"index":"index","follow":"follow","max-snippet":"max-snippet:-1","max-image-preview":"max-image-preview:large","max-video-preview":"max-video-preview:-1"},"canonical":"https:\/\/blog.holyart.it\/it\/santi-e-beati\/da-persecutore-ad-apostolo-la-conversione-di-san-paolo\/","og_locale":"it_IT","og_type":"article","og_title":"Da persecutore ad apostolo: la conversione di San Paolo - Holyblog","og_description":"La conversione di San Paolo racconta il passaggio da persecutore a voce del Vangelo. La luce che trasforma odio e cecit\u00e0 in fede e missione.","og_url":"https:\/\/blog.holyart.it\/it\/santi-e-beati\/da-persecutore-ad-apostolo-la-conversione-di-san-paolo\/","og_site_name":"Holyblog","article_published_time":"2026-01-19T09:08:42+00:00","article_modified_time":"2026-03-03T09:43:53+00:00","og_image":[{"width":1000,"height":666,"url":"https:\/\/blog.holyart.it\/it\/wp-content\/uploads\/sites\/17\/2026\/01\/conversione-di-san-paolo.jpg","type":"image\/jpeg"}],"author":"Redazione","twitter_card":"summary_large_image","twitter_misc":{"Scritto da":"Redazione","Tempo di lettura stimato":"12 minuti"},"schema":{"@context":"https:\/\/schema.org","@graph":[{"@type":"Article","@id":"https:\/\/blog.holyart.it\/it\/santi-e-beati\/da-persecutore-ad-apostolo-la-conversione-di-san-paolo\/#article","isPartOf":{"@id":"https:\/\/blog.holyart.it\/it\/santi-e-beati\/da-persecutore-ad-apostolo-la-conversione-di-san-paolo\/"},"author":{"name":"Redazione","@id":"https:\/\/blog.holyart.it\/it\/#\/schema\/person\/0a7b686e5af0f856ec1e390dd0baecda"},"headline":"Da persecutore ad apostolo: la conversione di San Paolo","datePublished":"2026-01-19T09:08:42+00:00","dateModified":"2026-03-03T09:43:53+00:00","mainEntityOfPage":{"@id":"https:\/\/blog.holyart.it\/it\/santi-e-beati\/da-persecutore-ad-apostolo-la-conversione-di-san-paolo\/"},"wordCount":1858,"publisher":{"@id":"https:\/\/blog.holyart.it\/it\/#organization"},"image":{"@id":"https:\/\/blog.holyart.it\/it\/santi-e-beati\/da-persecutore-ad-apostolo-la-conversione-di-san-paolo\/#primaryimage"},"thumbnailUrl":"https:\/\/blog.holyart.it\/it\/wp-content\/uploads\/sites\/17\/2026\/01\/conversione-di-san-paolo.jpg","articleSection":["Santi e beati"],"inLanguage":"it-IT"},{"@type":"WebPage","@id":"https:\/\/blog.holyart.it\/it\/santi-e-beati\/da-persecutore-ad-apostolo-la-conversione-di-san-paolo\/","url":"https:\/\/blog.holyart.it\/it\/santi-e-beati\/da-persecutore-ad-apostolo-la-conversione-di-san-paolo\/","name":"Da persecutore ad apostolo: la conversione di San Paolo - Holyblog","isPartOf":{"@id":"https:\/\/blog.holyart.it\/it\/#website"},"primaryImageOfPage":{"@id":"https:\/\/blog.holyart.it\/it\/santi-e-beati\/da-persecutore-ad-apostolo-la-conversione-di-san-paolo\/#primaryimage"},"image":{"@id":"https:\/\/blog.holyart.it\/it\/santi-e-beati\/da-persecutore-ad-apostolo-la-conversione-di-san-paolo\/#primaryimage"},"thumbnailUrl":"https:\/\/blog.holyart.it\/it\/wp-content\/uploads\/sites\/17\/2026\/01\/conversione-di-san-paolo.jpg","datePublished":"2026-01-19T09:08:42+00:00","dateModified":"2026-03-03T09:43:53+00:00","description":"La conversione di San Paolo racconta il passaggio da persecutore a voce del Vangelo. La luce che trasforma odio e cecit\u00e0 in fede e missione.","breadcrumb":{"@id":"https:\/\/blog.holyart.it\/it\/santi-e-beati\/da-persecutore-ad-apostolo-la-conversione-di-san-paolo\/#breadcrumb"},"inLanguage":"it-IT","potentialAction":[{"@type":"ReadAction","target":["https:\/\/blog.holyart.it\/it\/santi-e-beati\/da-persecutore-ad-apostolo-la-conversione-di-san-paolo\/"]}]},{"@type":"ImageObject","inLanguage":"it-IT","@id":"https:\/\/blog.holyart.it\/it\/santi-e-beati\/da-persecutore-ad-apostolo-la-conversione-di-san-paolo\/#primaryimage","url":"https:\/\/blog.holyart.it\/it\/wp-content\/uploads\/sites\/17\/2026\/01\/conversione-di-san-paolo.jpg","contentUrl":"https:\/\/blog.holyart.it\/it\/wp-content\/uploads\/sites\/17\/2026\/01\/conversione-di-san-paolo.jpg","width":1000,"height":666,"caption":"conversione di san paolo"},{"@type":"BreadcrumbList","@id":"https:\/\/blog.holyart.it\/it\/santi-e-beati\/da-persecutore-ad-apostolo-la-conversione-di-san-paolo\/#breadcrumb","itemListElement":[{"@type":"ListItem","position":1,"name":"Homepage","item":"https:\/\/blog.holyart.it\/it\/"},{"@type":"ListItem","position":2,"name":"Santi e beati","item":"https:\/\/blog.holyart.it\/it\/santi-e-beati\/"},{"@type":"ListItem","position":3,"name":"Da persecutore ad apostolo: la conversione di San Paolo"}]},{"@type":"WebSite","@id":"https:\/\/blog.holyart.it\/it\/#website","url":"https:\/\/blog.holyart.it\/it\/","name":"Holyblog","description":"Il Blog di Holyart.it","publisher":{"@id":"https:\/\/blog.holyart.it\/it\/#organization"},"potentialAction":[{"@type":"SearchAction","target":{"@type":"EntryPoint","urlTemplate":"https:\/\/blog.holyart.it\/it\/?s={search_term_string}"},"query-input":{"@type":"PropertyValueSpecification","valueRequired":true,"valueName":"search_term_string"}}],"inLanguage":"it-IT"},{"@type":"Organization","@id":"https:\/\/blog.holyart.it\/it\/#organization","name":"Holyblog","url":"https:\/\/blog.holyart.it\/it\/","logo":{"@type":"ImageObject","inLanguage":"it-IT","@id":"https:\/\/blog.holyart.it\/it\/#\/schema\/logo\/image\/","url":"https:\/\/blog.holyart.it\/it\/wp-content\/uploads\/sites\/17\/2022\/12\/Holyart_Blog_Logo.jpg","contentUrl":"https:\/\/blog.holyart.it\/it\/wp-content\/uploads\/sites\/17\/2022\/12\/Holyart_Blog_Logo.jpg","width":300,"height":50,"caption":"Holyblog"},"image":{"@id":"https:\/\/blog.holyart.it\/it\/#\/schema\/logo\/image\/"}},{"@type":"Person","@id":"https:\/\/blog.holyart.it\/it\/#\/schema\/person\/0a7b686e5af0f856ec1e390dd0baecda","name":"Redazione"}]}},"_links":{"self":[{"href":"https:\/\/blog.holyart.it\/it\/wp-json\/wp\/v2\/posts\/23265","targetHints":{"allow":["GET"]}}],"collection":[{"href":"https:\/\/blog.holyart.it\/it\/wp-json\/wp\/v2\/posts"}],"about":[{"href":"https:\/\/blog.holyart.it\/it\/wp-json\/wp\/v2\/types\/post"}],"author":[{"embeddable":true,"href":"https:\/\/blog.holyart.it\/it\/wp-json\/wp\/v2\/users\/1"}],"replies":[{"embeddable":true,"href":"https:\/\/blog.holyart.it\/it\/wp-json\/wp\/v2\/comments?post=23265"}],"version-history":[{"count":5,"href":"https:\/\/blog.holyart.it\/it\/wp-json\/wp\/v2\/posts\/23265\/revisions"}],"predecessor-version":[{"id":23278,"href":"https:\/\/blog.holyart.it\/it\/wp-json\/wp\/v2\/posts\/23265\/revisions\/23278"}],"wp:featuredmedia":[{"embeddable":true,"href":"https:\/\/blog.holyart.it\/it\/wp-json\/wp\/v2\/media\/23277"}],"wp:attachment":[{"href":"https:\/\/blog.holyart.it\/it\/wp-json\/wp\/v2\/media?parent=23265"}],"wp:term":[{"taxonomy":"category","embeddable":true,"href":"https:\/\/blog.holyart.it\/it\/wp-json\/wp\/v2\/categories?post=23265"},{"taxonomy":"post_tag","embeddable":true,"href":"https:\/\/blog.holyart.it\/it\/wp-json\/wp\/v2\/tags?post=23265"}],"curies":[{"name":"wp","href":"https:\/\/api.w.org\/{rel}","templated":true}]}}