{"id":23244,"date":"2025-12-22T10:00:48","date_gmt":"2025-12-22T09:00:48","guid":{"rendered":"https:\/\/blog.holyart.it\/it\/?p=23244"},"modified":"2026-03-03T10:47:04","modified_gmt":"2026-03-03T09:47:04","slug":"quando-si-chiude-il-giubileo-2025-date-e-chiusura-delle-porte-sante","status":"publish","type":"post","link":"https:\/\/blog.holyart.it\/it\/giubileo-2025\/quando-si-chiude-il-giubileo-2025-date-e-chiusura-delle-porte-sante\/","title":{"rendered":"Quando si chiude il Giubileo 2025: date e chiusura delle Porte Sante"},"content":{"rendered":"<h4>Mentre Natale si avvicina \u00e8 tempo di chiedersi quando si chiude il Giubileo del 2025. Una riflessione sull&#8217;Anno Santo che sta per chiudersi e le date di chiusura delle Porte Sante<\/h4>\n\n<p>Un altro anno volge al termine, un anno Santo, che ha visto innumerevoli pellegrini mettersi in cammino, intraprendere viaggi anche lunghissimi per poter partecipare a questo evento di Fede e comunione. E ora? Quanto tempo rimane prima che tutto torni alla normalit\u00e0? E come avverr\u00e0? Il <strong><a href=\"https:\/\/www.holyart.it\/blog\/articoli-religiosi\/cose-il-giubileo-prepariamoci-a-un-nuovo-anno-santo\/\">Giubileo 2025<\/a><\/strong>\u00a0non finir\u00e0 all\u2019improvviso. Il Giubileo 2025 non finir\u00e0 di colpo. Si spegner\u00e0 piano, senza rumore. Iniziato nella notte di Natale del 2024, continuer\u00e0 a essere celebrato fino agli ultimi giorni del 2025, e oltre. \u00c8 per questo che molti si stanno chiedendo, ora:\u00a0<strong>c\u2019\u00e8 ancora tempo? Quando si chiude il Giubileo del 2025?<\/strong>\u00a0E fino a quando \u00e8 possibile attraversare le Porte Sante?<\/p>\n<div class=\"link-article\">\n<p><img loading=\"lazy\" decoding=\"async\" class=\"size-full wp-image-23247 alignleft\" src=\"https:\/\/blog.holyart.it\/it\/wp-content\/uploads\/sites\/17\/2025\/12\/vaticano.jpg\" alt=\"vaticano\" width=\"150\" height=\"99\" data-kale-share-title=\"Quando si chiude il Giubileo 2025: date e chiusura delle Porte Sante\" data-kale-share-url=\"https:\/\/blog.holyart.it\/it\/?p=23244\" \/><\/p>\n<div class=\"leggi-anche\">Leggi anche:<\/div>\n<p><strong><a href=\"https:\/\/www.holyart.it\/blog\/articoli-religiosi\/cose-il-giubileo-prepariamoci-a-un-nuovo-anno-santo\/\">Cos\u2019\u00e8 il Giubileo: prepariamoci a un nuovo Anno Santo<\/a><\/strong><br \/>\nCos\u2019\u00e8 il Giubileo? Ogni quanto viene celebrato? In vista dell\u2019Anno Santo 2025 scopriamo l\u2019origine&#8230;<\/p>\n<\/div>\n<p>Per le Porte Sante delle principali\u00a0<strong><a href=\"https:\/\/www.holyart.it\/blog\/articoli-religiosi\/giro-delle-sette-chiese-itinerari-di-pellegrinaggio-per-il-giubileo\/\">Basiliche di Roma<\/a><\/strong>, la conclusione \u00e8 fissata al\u00a0<strong>28 dicembre 2025<\/strong>. Da quel giorno, le porte verranno richiuse. Le Basiliche resteranno ovviamente visitabili, ma non sar\u00e0 pi\u00f9 possibile per i pellegrini ottenere <a href=\"https:\/\/www.holyart.it\/blog\/articoli-religiosi\/indulgenza-plenaria-significato-origini-e-come-ottenerla\/\"><strong>l&#8217;indulgenza plenaria<\/strong><\/a>. Fa eccezione la Basilica di San Pietro, la cui\u00a0<strong><a href=\"https:\/\/www.holyart.it\/blog\/articoli-religiosi\/porta-santa-cose-e-cosa-rappresenta-la-sua-apertura\/\">Porta Santa<\/a><\/strong>\u00a0rester\u00e0 aperta fino al\u00a0<strong>6 gennaio 2026<\/strong>, giorno dell\u2019Epifania.<\/p>\n<p>Queste date non sono casuali. Il 28 dicembre si celebra infatti\u00a0<a href=\"https:\/\/www.holyart.it\/blog\/santi-e-beati\/cosa-si-celebra-nel-giorno-dedicato-ai-santi-innocenti\/\">la\u00a0<strong>memoria dei Santi Innocenti<\/strong><\/a>, il giorno in cui la Chiesa ricorda una violenza antica e senza difesa: quella perpetrata da Re Erode contro i bambini di Betlemme, uccisi nel vano tentativo di eliminare il piccolo Ges\u00f9. Questi piccoli, strappati all&#8217;abbraccio delle madri e trucidati senza saperne il motivo, sono stati riconosciuti come primi martiri del Cristianesimo. L\u2019<a href=\"https:\/\/www.holyart.it\/blog\/articoli-religiosi\/perche-si-festeggia-lepifania\/\"><strong>Epifania<\/strong><\/a>, invece, \u00e8 la festa della rivelazione di Ges\u00f9,<strong>\u00a0<\/strong>della Sua consacrazione ad opera dei Magi, che lo riconoscono come Re dei Re e figlio di Dio. Non a caso, dunque, si \u00e8 stabilito di chiudere il tempo del Giubileo tra queste due commemorazioni: il ricordo di una ferita indelebile e dolorosissima e la manifestazione di luce e salvezza, che senza quel sacrificio non sarebbe stata possibile.<\/p>\n<div class=\"link-article\">\n<p><img loading=\"lazy\" decoding=\"async\" class=\"size-full wp-image-23248 alignleft\" src=\"https:\/\/blog.holyart.it\/it\/wp-content\/uploads\/sites\/17\/2025\/12\/giro-delle-sette-chiese.jpg\" alt=\"giro delle sette chiese\" width=\"150\" height=\"99\" data-kale-share-title=\"Quando si chiude il Giubileo 2025: date e chiusura delle Porte Sante\" data-kale-share-url=\"https:\/\/blog.holyart.it\/it\/?p=23244\" \/><\/p>\n<div class=\"leggi-anche\">Leggi anche:<\/div>\n<p><strong><a href=\"https:\/\/www.holyart.it\/blog\/articoli-religiosi\/giro-delle-sette-chiese-itinerari-di-pellegrinaggio-per-il-giubileo\/\">Giro delle Sette Chiese: itinerari di pellegrinaggio per il Giubileo<\/a><\/strong><br \/>\nIl Giro delle Sette Chiese \u00e8 un antico itinerario devozionale ancora&#8230;<\/p>\n<\/div>\n<p>Mentre gli ultimi giorni del Giubileo 2025 scorrono via come grani di un Rosario, ci preme ricordare che attraversare una Porta Santa non \u00e8 mai stato un gesto neutro. \u00c8 un passaggio che concentra secoli di attese, di ritorni, di promesse fatte sottovoce. Sapere che quelle porte stanno per richiudersi cambia il peso del cammino, rende pi\u00f9 preziosi questi ultimi giorni. Non per urgenza, ma per consapevolezza. Non perch\u00e9 si ha fretta, ma perch\u00e9 si guarda meglio dove si mette il piede.<\/p>\n<h2>Le ultime celebrazioni del Giubileo 2025<\/h2>\n<p>Gli ultimi mesi di un Giubileo hanno sempre un tono diverso. Non c\u2019\u00e8 l\u2019entusiasmo dell\u2019inizio, ma qualcosa di pi\u00f9 raccolto, pi\u00f9 denso di significato. I Giubilei ordinari tornano ogni venticinque anni: per molti, questo \u00e8 l\u2019unico vissuto in un\u2019et\u00e0 in cui si capisce davvero cosa significa varcare una soglia.<\/p>\n<p>Tra le\u00a0<strong><a href=\"https:\/\/www.holyart.it\/blog\/articoli-religiosi\/il-calendario-degli-eventi-del-giubileo-2025\/\">celebrazioni finali del Giubileo 2025<\/a><\/strong>, una resta impressa pi\u00f9 delle altre. Il\u00a0<strong>14 dicembre 2025<\/strong>\u00a0\u00e8 previsto il\u00a0<strong>Giubileo dei Detenuti<\/strong>. In quel giorno, anche all\u2019interno del carcere di Rebibbia, una Porta Santa verr\u00e0 attraversata.<\/p>\n<div class=\"link-article\">\n<p><img loading=\"lazy\" decoding=\"async\" class=\"size-full wp-image-23249 alignleft\" src=\"https:\/\/blog.holyart.it\/it\/wp-content\/uploads\/sites\/17\/2025\/12\/giubileo-2025.jpg\" alt=\"giubileo 2025\" width=\"150\" height=\"99\" data-kale-share-title=\"Quando si chiude il Giubileo 2025: date e chiusura delle Porte Sante\" data-kale-share-url=\"https:\/\/blog.holyart.it\/it\/?p=23244\" \/><\/p>\n<div class=\"leggi-anche\">Leggi anche:<\/div>\n<p><strong><a href=\"https:\/\/www.holyart.it\/blog\/articoli-religiosi\/il-calendario-degli-eventi-del-giubileo-2025\/\">Il calendario degli eventi del Giubileo 2025<\/a><\/strong><br \/>\n\u00c8 stato pubblicato il calendario degli eventi del Giubileo 2025, dodici mesi di eventi e occasioni per approfondire&#8230;<\/p>\n<\/div>\n<p>Non \u00e8 un gesto simbolico nel senso debole del termine. \u00c8 un\u2019affermazione precisa: il Giubileo non resta fuori dai luoghi chiusi, non si ferma davanti alle sbarre. Entra dove il tempo sembra immobile e concede lo stesso passaggio, lo stesso varco, la stessa possibilit\u00e0 di attraversare.<\/p>\n<p>Poi arriver\u00e0 il Natale del 2025, esattamente un anno dopo l\u2019apertura della prima Porta Santa.\u00a0<strong><a href=\"https:\/\/www.holyart.it\/blog\/articoli-religiosi\/san-pietro-in-vaticano-chiesa-simbolo-di-tutto-il-mondo-cristiano\/\">Piazza San Pietro<\/a><\/strong> sar\u00e0 illuminata come ogni Natale, ma quel giorno porter\u00e0 con s\u00e9 anche un ricordo preciso: l\u2019inizio dell\u2019Anno Santo, la notte in cui <strong><a href=\"https:\/\/www.holyart.it\/blog\/occasioni-speciali\/come-papa-francesco-ha-trasformato-la-chiesa-durante-il-suo-pontificato\/\">Papa Francesco<\/a><\/strong>\u00a0si \u00e8 chinato per aprire una porta rimasta murata per venticinque anni. Un gesto semplice, eppure destinato a restare, soprattutto perch\u00e9 uno degli ultimi compiuti dall&#8217;amatissimo Pontefice.<\/p>\n<div class=\"link-article\">\n<p><img loading=\"lazy\" decoding=\"async\" class=\"size-full wp-image-23250 alignleft\" src=\"https:\/\/blog.holyart.it\/it\/wp-content\/uploads\/sites\/17\/2025\/12\/san-pietro-basilica.jpeg\" alt=\"san pietro basilica\" width=\"150\" height=\"100\" data-kale-share-title=\"Quando si chiude il Giubileo 2025: date e chiusura delle Porte Sante\" data-kale-share-url=\"https:\/\/blog.holyart.it\/it\/?p=23244\" \/><\/p>\n<div class=\"leggi-anche\">Leggi anche:<\/div>\n<p><strong><a href=\"https:\/\/www.holyart.it\/blog\/articoli-religiosi\/san-pietro-in-vaticano-chiesa-simbolo-di-tutto-il-mondo-cristiano\/\">San Pietro in Vaticano: Chiesa simbolo di tutto il mondo cristiano<\/a><\/strong><br \/>\nSan Pietro in Vaticano \u00e8 una basilica piena di significati, misteri e&#8230;<\/p>\n<\/div>\n<h2>La chiusura delle Porte Sante<\/h2>\n<p>A quel punto la domanda diventa inevitabile:\u00a0<strong>quando si chiude la Porta del Giubileo 2025?<\/strong><br \/>\nCome abbiamo scritto in apertura, per tre delle quattro basiliche papali la risposta \u00e8 il\u00a0<strong>28 dicembre<\/strong>: parliamo di San Giovanni in Laterano, la cattedrale di Roma, Santa Maria Maggiore e San Paolo fuori le Mura. Sar\u00e0 una domenica particolare, l\u2019ultima in cui sar\u00e0 possibile attraversare quelle soglie, sapendo che il prossimo varco si aprir\u00e0 solo tra altri venticinque anni.<\/p>\n<p>La chiusura delle Porte Sante non \u00e8 un atto formale. \u00c8 un rito. C\u2019\u00e8 un ultimo attraversamento, poi i mattoni vengono posati, la malta stesa, e il silenzio torna a occupare lo spazio. La stessa porta che per un anno ha accolto milioni di passi viene richiusa, ma non \u00e8 un atto che vuole cancellare ci\u00f2 che \u00e8 stato, piuttosto custodirlo, come se quel passaggio di piedi e preghiere e speranze sia ormai diventato parte integrante dell&#8217;edificio e di tutto ci\u00f2 che simboleggia.<\/p>\n<div class=\"link-article\">\n<p><img loading=\"lazy\" decoding=\"async\" class=\"size-full wp-image-23251 alignleft\" src=\"https:\/\/blog.holyart.it\/it\/wp-content\/uploads\/sites\/17\/2025\/12\/porta-santa.jpeg\" alt=\"porta santa\" width=\"150\" height=\"104\" data-kale-share-title=\"Quando si chiude il Giubileo 2025: date e chiusura delle Porte Sante\" data-kale-share-url=\"https:\/\/blog.holyart.it\/it\/?p=23244\" \/><\/p>\n<div class=\"leggi-anche\">Leggi anche:<\/div>\n<p><strong><a href=\"https:\/\/www.holyart.it\/blog\/articoli-religiosi\/porta-santa-cose-e-cosa-rappresenta-la-sua-apertura\/\">Porta Santa: cos\u2019\u00e8 e cosa rappresenta la sua apertura<\/a><\/strong><br \/>\nL\u2019apertura della Porta Santa segno l\u2019inizio del Giubileo, ma rappresenta anche per i cristiani un simbolo&#8230;<\/p>\n<\/div>\n<p>Con la chiusura delle Porte Sante di San Giovanni in Laterano, Santa Maria Maggiore e San Paolo fuori le Mura si conclude anche l\u2019<strong>Anno Santo nelle diocesi di tutto il mondo<\/strong>. Il 28 dicembre 2025 segna la fine del Giubileo universale. Roma, per\u00f2, trattiene ancora un\u2019ultima soglia aperta, la pi\u00f9 importante, la prima ad essere stata aperta.\u00a0<strong>Quando si chiude il Giubileo 2025 a San Pietro?\u00a0<\/strong>La data \u00e8 il\u00a0<strong>6 gennaio 2026<\/strong>, giorno dell\u2019Epifania. Sar\u00e0 l\u2019ultimo passaggio, l\u2019ultima volta in cui quella porta verr\u00e0 attraversata prima di essere sigillata. Ci saranno pellegrini arrivati da lontano e altri che hanno aspettato fino all\u2019ultimo. Qualcuno passer\u00e0 in silenzio, qualcuno si fermer\u00e0 un istante in pi\u00f9. Poi la porta si chiuder\u00e0.<\/p>\n<p>Le Porte Sante hanno una storia che attraversa i secoli. La tradizione risale al 1500, quando Papa Alessandro VI inaugur\u00f2 per la prima volta questo rito. Da allora, ogni Giubileo ripete lo stesso ciclo: la porta viene aperta, attraversata, poi nuovamente murata. \u00c8 un tempo che si apre e si richiude, come accade alle stagioni.<\/p>\n<p>Durante il Giubileo 2025 le Porte Sante sono state quelle delle basiliche papali di Roma, a cui si \u00e8 aggiunta quella particolare aperta nel carcere di Rebibbia. Ognuna diversa, per storia e atmosfera. Chi le ha attraversate tutte racconta esperienze differenti, non sovrapponibili.<\/p>\n<p><strong>San Giovanni in Laterano<\/strong>, madre di tutte le chiese, parla di origine e autorit\u00e0.\u00a0<a href=\"https:\/\/www.holyart.it\/blog\/santi-e-beati\/madonna-della-neve-e-il-miracolo-del-5-agosto\/\"><strong>Santa Maria Maggiore<\/strong><\/a>, con i suoi mosaici e la memoria della nascita, ha un tono pi\u00f9 raccolto.\u00a0<strong>San Paolo fuori le Mura<\/strong>, lungo la via Ostiense, invita a una meditazione pi\u00f9 silenziosa.\u00a0<strong>San Pietro<\/strong>, infine, resta il cuore visibile della cristianit\u00e0, dove la Porta Santa assume un valore che va oltre Roma e oltre il Giubileo stesso.<\/p>\n<div class=\"link-article\">\n<p><img loading=\"lazy\" decoding=\"async\" class=\"size-full wp-image-23252 alignleft\" src=\"https:\/\/blog.holyart.it\/it\/wp-content\/uploads\/sites\/17\/2025\/12\/madonna-della-neve.jpg\" alt=\"madonna della neve\" width=\"150\" height=\"99\" data-kale-share-title=\"Quando si chiude il Giubileo 2025: date e chiusura delle Porte Sante\" data-kale-share-url=\"https:\/\/blog.holyart.it\/it\/?p=23244\" \/><\/p>\n<div class=\"leggi-anche\">Leggi anche:<\/div>\n<p><strong><a href=\"https:\/\/www.holyart.it\/blog\/santi-e-beati\/madonna-della-neve-e-il-miracolo-del-5-agosto\/\">Madonna della Neve e il miracolo del 5 agosto<\/a><\/strong><br \/>\nIl 5 agosto a Roma si ricorda la Madonna della Neve, con una nevicata spettacolare sulla piazza della Basilica&#8230;<\/p>\n<\/div>\n<h2>Cosa succede dopo la fine del Giubileo<\/h2>\n<p><em>\u201cIl Giubileo, quando finisce?\u201d<\/em>\u00a0\u00c8 una domanda che ne contiene subito un\u2019altra.\u00a0<strong><em>Cosa resta, quando le Porte si chiudono?<\/em><\/strong><\/p>\n<p>Dopo il 6 gennaio 2026, quando anche l\u2019ultima Porta Santa verr\u00e0 sigillata, il Giubileo non continuer\u00e0 nei riti, ma nelle persone. In chi ha attraversato quelle soglie qualcosa sar\u00e0 cambiato, anche solo di poco: un pensiero acquietato, rimesso in ordine, un peso lasciato andare, un nome pronunciato in silenzio, posto come un sigillo sul cuore. Non sempre si tratter\u00e0 di cambiamenti vistosi. A volte saranno minimi, ma dureranno, nel tempo.<\/p>\n<p>Il\u00a0<a href=\"https:\/\/www.holyart.it\/blog\/articoli-religiosi\/il-significato-del-logo-del-giubileo-2025-pellegrini-di-speranza\/\"><strong>motto del Giubileo 2025<\/strong><\/a>,\u00a0<em>Pellegrini di speranza<\/em>, non si esaurisce con la chiusura delle porte. Non perch\u00e9 debba \u201ccontinuare\u201d, ma perch\u00e9 non si lascer\u00e0 dimenticare cos\u00ec facilmente. La speranza non appartiene solo ai giorni solenni. Si infila in quelli feriali, nelle decisioni prese senza pubblico, nelle difficolt\u00e0 che tornano uguali a prima. E solo il cielo sa quanto abbiamo bisogno di quella speranza, in questo mondo!<\/p>\n<div class=\"link-article\">\n<p><img loading=\"lazy\" decoding=\"async\" class=\"size-full wp-image-23254 alignleft\" src=\"https:\/\/blog.holyart.it\/it\/wp-content\/uploads\/sites\/17\/2025\/12\/giubileo_stole_logo_blog.jpg\" alt=\"giubileo logo\" width=\"150\" height=\"99\" data-kale-share-title=\"Quando si chiude il Giubileo 2025: date e chiusura delle Porte Sante\" data-kale-share-url=\"https:\/\/blog.holyart.it\/it\/?p=23244\" \/><\/p>\n<div class=\"leggi-anche\">Leggi anche:<\/div>\n<p><strong><a href=\"https:\/\/www.holyart.it\/blog\/articoli-religiosi\/il-significato-del-logo-del-giubileo-2025-pellegrini-di-speranza\/\">Il significato del logo del Giubileo 2025: Pellegrini di speranza<\/a><\/strong><br \/>\n\u00c8 stato presentato il logo del Giubileo 2025, scelto tra quasi trecento proposte. Un simbolo di speranza&#8230;<\/p>\n<\/div>\n<p>Resteranno anche segni molto concreti. Roma ha cambiato volto per accogliere i pellegrini: spazi riaperti, percorsi pi\u00f9 accessibili, zone finalmente restituite alle persone. Piazza Pia, l\u2019area intorno al Vaticano, i camminamenti resi pi\u00f9 sicuri. Tutto questo non scomparir\u00e0 con la fine del Giubileo. Rimarr\u00e0 nella vita quotidiana della citt\u00e0, come un\u2019eredit\u00e0 silenziosa.<\/p>\n<p>Ma il segno pi\u00f9 profondo non \u00e8 urbano. \u00c8 l\u2019idea stessa del\u00a0<strong>mettersi in cammino<\/strong>. Il pellegrinaggio non finisce perch\u00e9 una Porta Santa si chiude. Non ha bisogno di date precise.\u00a0<strong>Ogni giorno pu\u00f2 diventare una soglia<\/strong>, ogni scelta un attraversamento.<\/p>\n<p>Le Basiliche torneranno alla loro vita ordinaria. Le porte murate resteranno l\u00ec, visibili, come una traccia. Chi entrer\u00e0 potr\u00e0 riconoscerle subito: quel profilo chiuso racconta che, per un tempo limitato, l\u00ec \u00e8 passata la preghiera di milioni di persone.<br \/>\nE poi c\u2019\u00e8 l\u2019attesa. Perch\u00e9 ogni Giubileo, quando finisce, lascia dietro di s\u00e9 anche questo: l\u2019idea che il tempo si riaprir\u00e0. Il<strong>\u00a0<\/strong>2050 sembra lontano, quasi astratto. Eppure arriver\u00e0. Alcuni di noi ci saranno, altri no. Le porte, per\u00f2, torneranno ad aprirsi. Il gesto si ripeter\u00e0. Le storie saranno nuove.<\/p>\n<p><a href=\"https:\/\/www.holyart.it\/blog\/articoli-religiosi\/pellegrinaggio-a-roma-tra-le-mete-preferite-dei-cristiani\/\"><strong>A chi sta pensando di recarsi a Roma<\/strong><\/a> in queste ultime settimane, a chi si chiede se abbia senso partire ora che il Giubileo sta finendo, la risposta non \u00e8 un incoraggiamento. \u00c8 una constatazione: proprio perch\u00e9 il tempo \u00e8 poco, ogni passo pesa di pi\u00f9.\u00a0Non servono itinerari perfetti. Non serve \u201cfare tutto\u201d. Basta arrivare, attraversare una sola Porta, o anche nessuna. Restare un giorno, o fermarsi di pi\u00f9. Quello che conta \u00e8 il modo in cui si entra, non quanto si resta.<\/p>\n<p>Il Giubileo 2025 sta per chiudere le sue porte. Il resto non si pu\u00f2 sigillare. Quando il 6 gennaio 2026 anche l\u2019ultima Porta Santa verr\u00e0 richiusa, non sar\u00e0 una fine. Sar\u00e0 una pausa, un tempo trattenuto. In attesa di una nuova occasione.<\/p>\n<div class=\"link-article\">\n<p><img loading=\"lazy\" decoding=\"async\" class=\"size-full wp-image-23256 alignleft\" src=\"https:\/\/blog.holyart.it\/it\/wp-content\/uploads\/sites\/17\/2025\/12\/pellegrinaggio-a-roma-1.jpg\" alt=\"pellegrinaggio a roma\" width=\"150\" height=\"99\" data-kale-share-title=\"Quando si chiude il Giubileo 2025: date e chiusura delle Porte Sante\" data-kale-share-url=\"https:\/\/blog.holyart.it\/it\/?p=23244\" \/><\/p>\n<div class=\"leggi-anche\">Leggi anche:<\/div>\n<p><strong><a href=\"https:\/\/www.holyart.it\/blog\/articoli-religiosi\/pellegrinaggio-a-roma-tra-le-mete-preferite-dei-cristiani\/\">Pellegrinaggio a Roma: tra le mete preferite dei cristiani<\/a><\/strong><br \/>\nUn pellegrinaggio a Roma \u00e8 da sempre una delle esperienze spirituali pi\u00f9 significative per i cristiani&#8230;<\/p>\n<\/div>\n","protected":false},"excerpt":{"rendered":"<p>Mentre Natale si avvicina \u00e8 tempo di chiedersi quando si chiude il Giubileo del 2025. Una riflessione sull&#8217;Anno Santo che sta per chiudersi e le date di chiusura delle Porte Sante Un altro anno volge al termine, un anno Santo, che ha visto innumerevoli pellegrini&hellip;<\/p>\n","protected":false},"author":1,"featured_media":23258,"comment_status":"closed","ping_status":"open","sticky":false,"template":"","format":"standard","meta":{"_acf_changed":false,"footnotes":""},"categories":[25],"tags":[],"class_list":["post-23244","post","type-post","status-publish","format-standard","has-post-thumbnail","hentry","category-giubileo-2025"],"acf":[],"yoast_head":"<!-- This site is optimized with the Yoast SEO plugin v26.6 - https:\/\/yoast.com\/wordpress\/plugins\/seo\/ -->\n<title>Quando si chiude il Giubileo 2025: date e chiusura delle Porte Sante<\/title>\n<meta name=\"description\" content=\"Quando si chiude il Giubileo del 2025? Se state progettando di visitare Roma e attraversare una delle Porte Sante ecco le date di chiusura\" \/>\n<meta name=\"robots\" content=\"index, follow, max-snippet:-1, max-image-preview:large, max-video-preview:-1\" \/>\n<link rel=\"canonical\" href=\"https:\/\/blog.holyart.it\/it\/giubileo-2025\/quando-si-chiude-il-giubileo-2025-date-e-chiusura-delle-porte-sante\/\" \/>\n<meta property=\"og:locale\" content=\"it_IT\" \/>\n<meta property=\"og:type\" content=\"article\" \/>\n<meta property=\"og:title\" content=\"Quando si chiude il Giubileo 2025: date e chiusura delle Porte Sante\" \/>\n<meta property=\"og:description\" content=\"Quando si chiude il Giubileo del 2025? Se state progettando di visitare Roma e attraversare una delle Porte Sante ecco le date di chiusura\" \/>\n<meta property=\"og:url\" content=\"https:\/\/blog.holyart.it\/it\/giubileo-2025\/quando-si-chiude-il-giubileo-2025-date-e-chiusura-delle-porte-sante\/\" \/>\n<meta property=\"og:site_name\" content=\"Holyblog\" \/>\n<meta property=\"article:published_time\" content=\"2025-12-22T09:00:48+00:00\" \/>\n<meta property=\"article:modified_time\" content=\"2026-03-03T09:47:04+00:00\" \/>\n<meta property=\"og:image\" content=\"https:\/\/blog.holyart.it\/it\/wp-content\/uploads\/sites\/17\/2025\/12\/quando-si-chiude-il-giubileo-del-2025.jpg\" \/>\n\t<meta property=\"og:image:width\" content=\"1000\" \/>\n\t<meta property=\"og:image:height\" content=\"666\" \/>\n\t<meta property=\"og:image:type\" content=\"image\/jpeg\" \/>\n<meta name=\"author\" content=\"Redazione\" \/>\n<meta name=\"twitter:card\" content=\"summary_large_image\" \/>\n<meta name=\"twitter:label1\" content=\"Scritto da\" \/>\n\t<meta name=\"twitter:data1\" content=\"Redazione\" \/>\n\t<meta name=\"twitter:label2\" content=\"Tempo di lettura stimato\" \/>\n\t<meta name=\"twitter:data2\" content=\"12 minuti\" \/>\n<script type=\"application\/ld+json\" class=\"yoast-schema-graph\">{\"@context\":\"https:\/\/schema.org\",\"@graph\":[{\"@type\":\"Article\",\"@id\":\"https:\/\/blog.holyart.it\/it\/giubileo-2025\/quando-si-chiude-il-giubileo-2025-date-e-chiusura-delle-porte-sante\/#article\",\"isPartOf\":{\"@id\":\"https:\/\/blog.holyart.it\/it\/giubileo-2025\/quando-si-chiude-il-giubileo-2025-date-e-chiusura-delle-porte-sante\/\"},\"author\":{\"name\":\"Redazione\",\"@id\":\"https:\/\/blog.holyart.it\/it\/#\/schema\/person\/0a7b686e5af0f856ec1e390dd0baecda\"},\"headline\":\"Quando si chiude il Giubileo 2025: date e chiusura delle Porte Sante\",\"datePublished\":\"2025-12-22T09:00:48+00:00\",\"dateModified\":\"2026-03-03T09:47:04+00:00\",\"mainEntityOfPage\":{\"@id\":\"https:\/\/blog.holyart.it\/it\/giubileo-2025\/quando-si-chiude-il-giubileo-2025-date-e-chiusura-delle-porte-sante\/\"},\"wordCount\":1730,\"publisher\":{\"@id\":\"https:\/\/blog.holyart.it\/it\/#organization\"},\"image\":{\"@id\":\"https:\/\/blog.holyart.it\/it\/giubileo-2025\/quando-si-chiude-il-giubileo-2025-date-e-chiusura-delle-porte-sante\/#primaryimage\"},\"thumbnailUrl\":\"https:\/\/blog.holyart.it\/it\/wp-content\/uploads\/sites\/17\/2025\/12\/quando-si-chiude-il-giubileo-del-2025.jpg\",\"articleSection\":[\"Giubileo 2025\"],\"inLanguage\":\"it-IT\"},{\"@type\":\"WebPage\",\"@id\":\"https:\/\/blog.holyart.it\/it\/giubileo-2025\/quando-si-chiude-il-giubileo-2025-date-e-chiusura-delle-porte-sante\/\",\"url\":\"https:\/\/blog.holyart.it\/it\/giubileo-2025\/quando-si-chiude-il-giubileo-2025-date-e-chiusura-delle-porte-sante\/\",\"name\":\"Quando si chiude il Giubileo 2025: date e chiusura delle Porte Sante\",\"isPartOf\":{\"@id\":\"https:\/\/blog.holyart.it\/it\/#website\"},\"primaryImageOfPage\":{\"@id\":\"https:\/\/blog.holyart.it\/it\/giubileo-2025\/quando-si-chiude-il-giubileo-2025-date-e-chiusura-delle-porte-sante\/#primaryimage\"},\"image\":{\"@id\":\"https:\/\/blog.holyart.it\/it\/giubileo-2025\/quando-si-chiude-il-giubileo-2025-date-e-chiusura-delle-porte-sante\/#primaryimage\"},\"thumbnailUrl\":\"https:\/\/blog.holyart.it\/it\/wp-content\/uploads\/sites\/17\/2025\/12\/quando-si-chiude-il-giubileo-del-2025.jpg\",\"datePublished\":\"2025-12-22T09:00:48+00:00\",\"dateModified\":\"2026-03-03T09:47:04+00:00\",\"description\":\"Quando si chiude il Giubileo del 2025? Se state progettando di visitare Roma e attraversare una delle Porte Sante ecco le date di chiusura\",\"breadcrumb\":{\"@id\":\"https:\/\/blog.holyart.it\/it\/giubileo-2025\/quando-si-chiude-il-giubileo-2025-date-e-chiusura-delle-porte-sante\/#breadcrumb\"},\"inLanguage\":\"it-IT\",\"potentialAction\":[{\"@type\":\"ReadAction\",\"target\":[\"https:\/\/blog.holyart.it\/it\/giubileo-2025\/quando-si-chiude-il-giubileo-2025-date-e-chiusura-delle-porte-sante\/\"]}]},{\"@type\":\"ImageObject\",\"inLanguage\":\"it-IT\",\"@id\":\"https:\/\/blog.holyart.it\/it\/giubileo-2025\/quando-si-chiude-il-giubileo-2025-date-e-chiusura-delle-porte-sante\/#primaryimage\",\"url\":\"https:\/\/blog.holyart.it\/it\/wp-content\/uploads\/sites\/17\/2025\/12\/quando-si-chiude-il-giubileo-del-2025.jpg\",\"contentUrl\":\"https:\/\/blog.holyart.it\/it\/wp-content\/uploads\/sites\/17\/2025\/12\/quando-si-chiude-il-giubileo-del-2025.jpg\",\"width\":1000,\"height\":666,\"caption\":\"quando si chiude il giubileo del 2025\"},{\"@type\":\"BreadcrumbList\",\"@id\":\"https:\/\/blog.holyart.it\/it\/giubileo-2025\/quando-si-chiude-il-giubileo-2025-date-e-chiusura-delle-porte-sante\/#breadcrumb\",\"itemListElement\":[{\"@type\":\"ListItem\",\"position\":1,\"name\":\"Homepage\",\"item\":\"https:\/\/blog.holyart.it\/it\/\"},{\"@type\":\"ListItem\",\"position\":2,\"name\":\"Giubileo 2025\",\"item\":\"https:\/\/blog.holyart.it\/it\/giubileo-2025\/\"},{\"@type\":\"ListItem\",\"position\":3,\"name\":\"Quando si chiude il Giubileo 2025: date e chiusura delle Porte Sante\"}]},{\"@type\":\"WebSite\",\"@id\":\"https:\/\/blog.holyart.it\/it\/#website\",\"url\":\"https:\/\/blog.holyart.it\/it\/\",\"name\":\"Holyblog\",\"description\":\"Il Blog di Holyart.it\",\"publisher\":{\"@id\":\"https:\/\/blog.holyart.it\/it\/#organization\"},\"potentialAction\":[{\"@type\":\"SearchAction\",\"target\":{\"@type\":\"EntryPoint\",\"urlTemplate\":\"https:\/\/blog.holyart.it\/it\/?s={search_term_string}\"},\"query-input\":{\"@type\":\"PropertyValueSpecification\",\"valueRequired\":true,\"valueName\":\"search_term_string\"}}],\"inLanguage\":\"it-IT\"},{\"@type\":\"Organization\",\"@id\":\"https:\/\/blog.holyart.it\/it\/#organization\",\"name\":\"Holyblog\",\"url\":\"https:\/\/blog.holyart.it\/it\/\",\"logo\":{\"@type\":\"ImageObject\",\"inLanguage\":\"it-IT\",\"@id\":\"https:\/\/blog.holyart.it\/it\/#\/schema\/logo\/image\/\",\"url\":\"https:\/\/blog.holyart.it\/it\/wp-content\/uploads\/sites\/17\/2022\/12\/Holyart_Blog_Logo.jpg\",\"contentUrl\":\"https:\/\/blog.holyart.it\/it\/wp-content\/uploads\/sites\/17\/2022\/12\/Holyart_Blog_Logo.jpg\",\"width\":300,\"height\":50,\"caption\":\"Holyblog\"},\"image\":{\"@id\":\"https:\/\/blog.holyart.it\/it\/#\/schema\/logo\/image\/\"}},{\"@type\":\"Person\",\"@id\":\"https:\/\/blog.holyart.it\/it\/#\/schema\/person\/0a7b686e5af0f856ec1e390dd0baecda\",\"name\":\"Redazione\"}]}<\/script>\n<!-- \/ Yoast SEO plugin. -->","yoast_head_json":{"title":"Quando si chiude il Giubileo 2025: date e chiusura delle Porte Sante","description":"Quando si chiude il Giubileo del 2025? Se state progettando di visitare Roma e attraversare una delle Porte Sante ecco le date di chiusura","robots":{"index":"index","follow":"follow","max-snippet":"max-snippet:-1","max-image-preview":"max-image-preview:large","max-video-preview":"max-video-preview:-1"},"canonical":"https:\/\/blog.holyart.it\/it\/giubileo-2025\/quando-si-chiude-il-giubileo-2025-date-e-chiusura-delle-porte-sante\/","og_locale":"it_IT","og_type":"article","og_title":"Quando si chiude il Giubileo 2025: date e chiusura delle Porte Sante","og_description":"Quando si chiude il Giubileo del 2025? Se state progettando di visitare Roma e attraversare una delle Porte Sante ecco le date di chiusura","og_url":"https:\/\/blog.holyart.it\/it\/giubileo-2025\/quando-si-chiude-il-giubileo-2025-date-e-chiusura-delle-porte-sante\/","og_site_name":"Holyblog","article_published_time":"2025-12-22T09:00:48+00:00","article_modified_time":"2026-03-03T09:47:04+00:00","og_image":[{"width":1000,"height":666,"url":"https:\/\/blog.holyart.it\/it\/wp-content\/uploads\/sites\/17\/2025\/12\/quando-si-chiude-il-giubileo-del-2025.jpg","type":"image\/jpeg"}],"author":"Redazione","twitter_card":"summary_large_image","twitter_misc":{"Scritto da":"Redazione","Tempo di lettura stimato":"12 minuti"},"schema":{"@context":"https:\/\/schema.org","@graph":[{"@type":"Article","@id":"https:\/\/blog.holyart.it\/it\/giubileo-2025\/quando-si-chiude-il-giubileo-2025-date-e-chiusura-delle-porte-sante\/#article","isPartOf":{"@id":"https:\/\/blog.holyart.it\/it\/giubileo-2025\/quando-si-chiude-il-giubileo-2025-date-e-chiusura-delle-porte-sante\/"},"author":{"name":"Redazione","@id":"https:\/\/blog.holyart.it\/it\/#\/schema\/person\/0a7b686e5af0f856ec1e390dd0baecda"},"headline":"Quando si chiude il Giubileo 2025: date e chiusura delle Porte Sante","datePublished":"2025-12-22T09:00:48+00:00","dateModified":"2026-03-03T09:47:04+00:00","mainEntityOfPage":{"@id":"https:\/\/blog.holyart.it\/it\/giubileo-2025\/quando-si-chiude-il-giubileo-2025-date-e-chiusura-delle-porte-sante\/"},"wordCount":1730,"publisher":{"@id":"https:\/\/blog.holyart.it\/it\/#organization"},"image":{"@id":"https:\/\/blog.holyart.it\/it\/giubileo-2025\/quando-si-chiude-il-giubileo-2025-date-e-chiusura-delle-porte-sante\/#primaryimage"},"thumbnailUrl":"https:\/\/blog.holyart.it\/it\/wp-content\/uploads\/sites\/17\/2025\/12\/quando-si-chiude-il-giubileo-del-2025.jpg","articleSection":["Giubileo 2025"],"inLanguage":"it-IT"},{"@type":"WebPage","@id":"https:\/\/blog.holyart.it\/it\/giubileo-2025\/quando-si-chiude-il-giubileo-2025-date-e-chiusura-delle-porte-sante\/","url":"https:\/\/blog.holyart.it\/it\/giubileo-2025\/quando-si-chiude-il-giubileo-2025-date-e-chiusura-delle-porte-sante\/","name":"Quando si chiude il Giubileo 2025: date e chiusura delle Porte Sante","isPartOf":{"@id":"https:\/\/blog.holyart.it\/it\/#website"},"primaryImageOfPage":{"@id":"https:\/\/blog.holyart.it\/it\/giubileo-2025\/quando-si-chiude-il-giubileo-2025-date-e-chiusura-delle-porte-sante\/#primaryimage"},"image":{"@id":"https:\/\/blog.holyart.it\/it\/giubileo-2025\/quando-si-chiude-il-giubileo-2025-date-e-chiusura-delle-porte-sante\/#primaryimage"},"thumbnailUrl":"https:\/\/blog.holyart.it\/it\/wp-content\/uploads\/sites\/17\/2025\/12\/quando-si-chiude-il-giubileo-del-2025.jpg","datePublished":"2025-12-22T09:00:48+00:00","dateModified":"2026-03-03T09:47:04+00:00","description":"Quando si chiude il Giubileo del 2025? Se state progettando di visitare Roma e attraversare una delle Porte Sante ecco le date di chiusura","breadcrumb":{"@id":"https:\/\/blog.holyart.it\/it\/giubileo-2025\/quando-si-chiude-il-giubileo-2025-date-e-chiusura-delle-porte-sante\/#breadcrumb"},"inLanguage":"it-IT","potentialAction":[{"@type":"ReadAction","target":["https:\/\/blog.holyart.it\/it\/giubileo-2025\/quando-si-chiude-il-giubileo-2025-date-e-chiusura-delle-porte-sante\/"]}]},{"@type":"ImageObject","inLanguage":"it-IT","@id":"https:\/\/blog.holyart.it\/it\/giubileo-2025\/quando-si-chiude-il-giubileo-2025-date-e-chiusura-delle-porte-sante\/#primaryimage","url":"https:\/\/blog.holyart.it\/it\/wp-content\/uploads\/sites\/17\/2025\/12\/quando-si-chiude-il-giubileo-del-2025.jpg","contentUrl":"https:\/\/blog.holyart.it\/it\/wp-content\/uploads\/sites\/17\/2025\/12\/quando-si-chiude-il-giubileo-del-2025.jpg","width":1000,"height":666,"caption":"quando si chiude il giubileo del 2025"},{"@type":"BreadcrumbList","@id":"https:\/\/blog.holyart.it\/it\/giubileo-2025\/quando-si-chiude-il-giubileo-2025-date-e-chiusura-delle-porte-sante\/#breadcrumb","itemListElement":[{"@type":"ListItem","position":1,"name":"Homepage","item":"https:\/\/blog.holyart.it\/it\/"},{"@type":"ListItem","position":2,"name":"Giubileo 2025","item":"https:\/\/blog.holyart.it\/it\/giubileo-2025\/"},{"@type":"ListItem","position":3,"name":"Quando si chiude il Giubileo 2025: date e chiusura delle Porte Sante"}]},{"@type":"WebSite","@id":"https:\/\/blog.holyart.it\/it\/#website","url":"https:\/\/blog.holyart.it\/it\/","name":"Holyblog","description":"Il Blog di Holyart.it","publisher":{"@id":"https:\/\/blog.holyart.it\/it\/#organization"},"potentialAction":[{"@type":"SearchAction","target":{"@type":"EntryPoint","urlTemplate":"https:\/\/blog.holyart.it\/it\/?s={search_term_string}"},"query-input":{"@type":"PropertyValueSpecification","valueRequired":true,"valueName":"search_term_string"}}],"inLanguage":"it-IT"},{"@type":"Organization","@id":"https:\/\/blog.holyart.it\/it\/#organization","name":"Holyblog","url":"https:\/\/blog.holyart.it\/it\/","logo":{"@type":"ImageObject","inLanguage":"it-IT","@id":"https:\/\/blog.holyart.it\/it\/#\/schema\/logo\/image\/","url":"https:\/\/blog.holyart.it\/it\/wp-content\/uploads\/sites\/17\/2022\/12\/Holyart_Blog_Logo.jpg","contentUrl":"https:\/\/blog.holyart.it\/it\/wp-content\/uploads\/sites\/17\/2022\/12\/Holyart_Blog_Logo.jpg","width":300,"height":50,"caption":"Holyblog"},"image":{"@id":"https:\/\/blog.holyart.it\/it\/#\/schema\/logo\/image\/"}},{"@type":"Person","@id":"https:\/\/blog.holyart.it\/it\/#\/schema\/person\/0a7b686e5af0f856ec1e390dd0baecda","name":"Redazione"}]}},"_links":{"self":[{"href":"https:\/\/blog.holyart.it\/it\/wp-json\/wp\/v2\/posts\/23244","targetHints":{"allow":["GET"]}}],"collection":[{"href":"https:\/\/blog.holyart.it\/it\/wp-json\/wp\/v2\/posts"}],"about":[{"href":"https:\/\/blog.holyart.it\/it\/wp-json\/wp\/v2\/types\/post"}],"author":[{"embeddable":true,"href":"https:\/\/blog.holyart.it\/it\/wp-json\/wp\/v2\/users\/1"}],"replies":[{"embeddable":true,"href":"https:\/\/blog.holyart.it\/it\/wp-json\/wp\/v2\/comments?post=23244"}],"version-history":[{"count":8,"href":"https:\/\/blog.holyart.it\/it\/wp-json\/wp\/v2\/posts\/23244\/revisions"}],"predecessor-version":[{"id":23261,"href":"https:\/\/blog.holyart.it\/it\/wp-json\/wp\/v2\/posts\/23244\/revisions\/23261"}],"wp:featuredmedia":[{"embeddable":true,"href":"https:\/\/blog.holyart.it\/it\/wp-json\/wp\/v2\/media\/23258"}],"wp:attachment":[{"href":"https:\/\/blog.holyart.it\/it\/wp-json\/wp\/v2\/media?parent=23244"}],"wp:term":[{"taxonomy":"category","embeddable":true,"href":"https:\/\/blog.holyart.it\/it\/wp-json\/wp\/v2\/categories?post=23244"},{"taxonomy":"post_tag","embeddable":true,"href":"https:\/\/blog.holyart.it\/it\/wp-json\/wp\/v2\/tags?post=23244"}],"curies":[{"name":"wp","href":"https:\/\/api.w.org\/{rel}","templated":true}]}}