{"id":23040,"date":"2025-12-15T10:00:41","date_gmt":"2025-12-15T09:00:41","guid":{"rendered":"https:\/\/blog.holyart.it\/it\/?p=23040"},"modified":"2025-11-25T16:41:15","modified_gmt":"2025-11-25T15:41:15","slug":"camini-addobbati-per-natale-idee-e-ispirazioni-per-unatmosfera-calda-e-accogliente","status":"publish","type":"post","link":"https:\/\/blog.holyart.it\/it\/natale\/camini-addobbati-per-natale-idee-e-ispirazioni-per-unatmosfera-calda-e-accogliente\/","title":{"rendered":"Camini addobbati per Natale: idee e ispirazioni per un&#8217;atmosfera calda e accogliente"},"content":{"rendered":"<h4>Creiamo un\u2019atmosfera natalizia unica nella nostra casa con i camini addobbati per Natale<\/h4>\n\n<p>Che cosa rende cos\u00ec irresistibile il calore di un camino durante le Feste di Natale? C\u2019\u00e8 qualcosa, in quella fiamma viva, che ci sfiora tutti. Forse \u00e8 un ricordo antico, pi\u00f9 vecchio delle parole: uomini e donne raccolti attorno al fuoco nelle notti gelide, cercando calore, sicurezza, un senso di appartenenza. Oppure \u00e8 semplicemente la promessa di intimit\u00e0 che il crepitio della legna porta con s\u00e9, una promessa che non delude mai. Sta di fatto che, quando dicembre arriva e le prime <a href=\"https:\/\/www.holyart.it\/blog\/natale\/la-corona-davvento-in-chiesa-10-curiosita\/\"><strong>luci dell&#8217;Avvento<\/strong><\/a>\u00a0si accendono timidamente, il\u00a0<strong>camino addobbato<\/strong>\u00a0diventa il vero centro della casa. Attira sguardi, richiama presenze, scalda pi\u00f9 dei termosifoni e consola pi\u00f9 di tante parole. \u00c8 l\u00ec che la magia si posa, silenziosa, ma innegabile, e basta un attimo per sentirla anche noi. Per questo oggi parliamo dei<strong>\u00a0camini addobbati per Natale<\/strong>, luoghi di magia e suggestione per eccellenza nella casa delle Feste.<\/p>\n<div class=\"link-article\">\n<p><img loading=\"lazy\" decoding=\"async\" class=\"size-full wp-image-23042 alignleft\" src=\"https:\/\/blog.holyart.it\/it\/wp-content\/uploads\/sites\/17\/2025\/11\/corona-davvento-in-chiesa.jpg\" alt=\"corona d'avvento in chiesa\" width=\"150\" height=\"99\" data-kale-share-title=\"Camini addobbati per Natale: idee e ispirazioni per un\u2019atmosfera calda e accogliente\" data-kale-share-url=\"https:\/\/blog.holyart.it\/it\/?p=23040\" \/><\/p>\n<div class=\"leggi-anche\">Leggi anche:<\/div>\n<p><strong><a href=\"https:\/\/www.holyart.it\/blog\/natale\/la-corona-davvento-in-chiesa-10-curiosita\/\">La Corona d\u2019Avvento in chiesa: 10 curiosit\u00e0<\/a><\/strong><br \/>\nLa Corona d\u2019Avvento in chiesa e a casa: che cosa simboleggia? Quando deve essere accesa la prima candela&#8230;<\/p>\n<\/div>\n<p>Quando arriva il Natale, il camino non \u00e8 pi\u00f9 solo un camino. \u00c8 un piccolo teatro di ricordi.<br \/>\nQuante volte ci siamo ritrovati davanti alle sue fiamme senza dire una parola, lasciando che il rosso e l\u2019oro della legna ardente raccontassero da soli? Quante mani, negli anni, hanno appeso una calza, un rametto di abete, un biglietto lasciato l\u00ec\u00a0<em>\u201cper quando arriva Babbo Natale\u201d?<\/em>\u00a0Ogni dettaglio parla di noi: una ghirlanda scelta al volo al mercato, una candela mezza consumata, un nastro che ci piaceva e basta. Eppure, messi insieme, diventano il ritratto di una famiglia, delle sue abitudini, dei suoi riti un po\u2019 imperfetti, ma sempre autentici. Forse la forza del camino viene da lontano, quando il focolare era davvero il cuore della casa, il luogo dove ci si stringeva per scaldarsi, per raccontarsi la giornata, per sentirsi meno soli nelle notti pi\u00f9 lunghe dell\u2019anno.<br \/>\nQuell\u2019idea non \u00e8 mai sparita: anche nei salotti moderni, dove il camino \u00e8 quasi un vezzo, basta accendere una fiamma, vera o elettrica, poco importa, perch\u00e9 la stanza cambi. Diventa un porto sicuro. Un punto di raccolta. Un \u201cqui\u201d che sa di casa e di protezione. <a href=\"https:\/\/www.holyart.it\/it\/natale\/decori-natalizi-per-la-casa\"><strong>Decorarlo a Natale<\/strong><\/a> \u00e8 un modo semplice per dire:\u00a0<em>siamo qui, insieme, e anche quest\u2019anno un po\u2019 di luce l\u2019abbiamo trovata.<\/em><\/p>\n<div class=\"link-product\">\n<div class=\"blocco-immagine\"><img loading=\"lazy\" decoding=\"async\" class=\"size-full wp-image-23043 alignleft\" src=\"https:\/\/blog.holyart.it\/it\/wp-content\/uploads\/sites\/17\/2025\/11\/candele-per-lavvento-4-sfere-lucide-10-cm.jpg\" alt=\"candele per l'avvento 4 sfere lucide 10 cm\" width=\"100\" height=\"100\" data-kale-share-title=\"Camini addobbati per Natale: idee e ispirazioni per un\u2019atmosfera calda e accogliente\" data-kale-share-url=\"https:\/\/blog.holyart.it\/it\/?p=23040\" \/><\/div>\n<div class=\"blocco-contenuto\">\n<div class=\"blocco-acquista\">Acquista su Holyart:<\/div>\n<div class=\"blocco-titolo\"><a href=\"https:\/\/www.holyart.it\/it\/natale\/decori-natalizi-per-la-casa\/\">Decori natalizi per la casa<\/a><\/div>\n<div class=\"blocco-descrizione\">Decori natalizi per la casa e addobbi Natalizi.<\/div>\n<\/div>\n<\/div>\n<h2>Come decorare il camino per Natale<\/h2>\n<p>Decorare il camino per Natale \u00e8 una piccola forma d\u2019arte, ma soprattutto un gesto istintivo, quasi affettivo. Non servono regole: conta trovare quel punto in cui gusto personale e atmosfera si incontrano. Prima di mettere mano a ghirlande e nastri, pu\u00f2 essere utile fermarsi un momento e guardare il camino come se fosse la prima volta: che sensazione vogliamo che dia? Che storia vogliamo che racconti, a noi e a chi entra?<\/p>\n<p>La\u00a0<strong>mensola<\/strong>\u00a0\u00e8 il cuore di tutto. \u00c8 l\u00ec che luci, oggetti e ricordi si intrecciano in qualcosa di unico. Giochiamo pure con le altezze, con le forme, con le sfumature: basta poco per creare un equilibrio che funzioni. E poi ci sono le\u00a0<strong>candele<\/strong>. Quelle non sbagliano mai.<br \/>\nLa loro luce che vibra, che si mescola a quella del fuoco, cambia subito l\u2019umore della stanza: la fa sembrare pi\u00f9 accogliente, pi\u00f9 morbida, quasi sospesa. Una piccola magia quotidiana, che a Natale si sente ancora di pi\u00f9.\u00a0Una\u00a0<a href=\"https:\/\/www.holyart.it\/it\/natale\/decori-natalizi-per-la-casa\/candele-natalizie\/candela-natalizia-a-forma-di-albero-bianco-laccato-20-cm-cereria-di-giorgio\"><strong>candela natalizia a forma di albero bianco<\/strong><\/a>, alta e luminosa, pu\u00f2 diventare il centro della composizione: un piccolo faro che attira lo sguardo. Accanto, candele pi\u00f9 piccole, magari irregolari, vissute, di quelle che si accendono \u201cda anni\u201d, creano un ritmo gentile, una sorta di battito visivo che accompagna lo sguardo senza mai sovrastarlo.<br \/>\nIl bello \u00e8 tutto qui: costruire un paesaggio che assomigli a noi, che scaldi la stanza e, un po\u2019, anche il cuore.<\/p>\n<div class=\"sp-styles-warning\" style=\"width: 450px; background-color: #FFF; color: #F00; border: 1px solid #F00; padding: 10px; font-size: 14px;\">\n\t\t\t<span style=\"font-weight: bold;\">Warning: The stylesheets were not loaded!<\/span> \n\t\t\tYou will need to change the <i>Load stylesheets<\/i> setting from <i>Automatically<\/i> to <i>On homepage<\/i> or <i>On all pages<\/i>. \n\t\t\tYou can set that <a style=\"text-decoration: underline; color: #F00;\" href=\"https:\/\/blog.holyart.it\/it\/wp-admin\/admin.php?page=sliderpro-settings\">here<\/a>.\n\t\t\t<\/div>\r\n<div id=\"slider-pro-255\" class=\"slider-pro sp-no-js\" style=\"width: 500px; height: 500px;\">\r\n\t<div class=\"sp-slides\">\r\n\t\t\r\n\t\t<div class=\"sp-slide\">\r\n\t\t\t<img loading=\"lazy\" decoding=\"async\" class=\"sp-image\" src=\"https:\/\/blog.holyart.it\/it\/wp-content\/uploads\/sites\/17\/2025\/11\/schiaccianoci-sfera-vetro-movimento-musica-40x15x10-cm.jpg\" alt=\"schiaccianoci sfera vetro movimento musica 40x15x10 cm\" width=\"500\" height=\"500\" \/>\r\n\t\t\t<div class=\"sp-thumbnail\"><a class=\"\" href=\"https:\/\/www.holyart.it\/it\/natale\/sfere-di-vetro-di-natale-con-neve\/schiaccianoci-sfera-vetro-movimento-musica-40x15x10-cm\">\r\n\t\t\t\t<img decoding=\"async\" src=\"https:\/\/blog.holyart.it\/it\/wp-content\/uploads\/sites\/17\/2025\/11\/schiaccianoci-sfera-vetro-movimento-musica-40x15x10-cm-1.jpg\" alt=\"schiaccianoci sfera vetro movimento musica 40x15x10 cm\" \/>\r\n\t\t\t<\/a>\r\n\t\t\t<\/div>\r\n\t\t\t<div class=\"sp-caption\">Schiaccianoci sfera vetro movimento musica 40x15x10 cm.<br \/>\n<strong><a href=\"https:\/\/www.holyart.it\/it\/natale\/sfere-di-vetro-di-natale-con-neve\/schiaccianoci-sfera-vetro-movimento-musica-40x15x10-cm\">Acquista su Holyart<\/a><\/strong><\/div>\r\n\t\t<\/div>\r\n\t\t<div class=\"sp-slide\">\r\n\t\t\t<img loading=\"lazy\" decoding=\"async\" class=\"sp-image\" src=\"https:\/\/blog.holyart.it\/it\/wp-content\/uploads\/sites\/17\/2025\/11\/candela-natalizia-a-forma-di-albero-bianco-laccato-20-cm-cereria-di-giorgio.jpg\" alt=\"candela natalizia a forma di albero bianco laccato 20 cm cereria di giorgio\" width=\"500\" height=\"500\" \/>\r\n\t\t\t<div class=\"sp-thumbnail\"><a class=\"\" href=\"https:\/\/www.holyart.it\/it\/natale\/decori-natalizi-per-la-casa\/candele-natalizie\/candela-natalizia-a-forma-di-albero-bianco-laccato-20-cm-cereria-di-giorgio\">\r\n\t\t\t\t<img decoding=\"async\" src=\"https:\/\/blog.holyart.it\/it\/wp-content\/uploads\/sites\/17\/2025\/11\/candela-natalizia-a-forma-di-albero-bianco-laccato-20-cm-cereria-di-giorgio-e1764068475825.jpg\" alt=\"candela natalizia a forma di albero bianco laccato 20 cm cereria di giorgio\" \/>\r\n\t\t\t<\/a>\r\n\t\t\t<\/div>\r\n\t\t\t<div class=\"sp-caption\">Candela natalizia a forma di albero bianco laccato 20 cm Cereria Di Giorgio.<br \/>\n<strong><a href=\"https:\/\/www.holyart.it\/it\/natale\/decori-natalizi-per-la-casa\/candele-natalizie\/candela-natalizia-a-forma-di-albero-bianco-laccato-20-cm-cereria-di-giorgio\">Acquista su Holyart<\/a><\/strong><\/div>\r\n\t\t<\/div>\r\n\t\t<div class=\"sp-slide\">\r\n\t\t\t<img loading=\"lazy\" decoding=\"async\" class=\"sp-image\" src=\"https:\/\/blog.holyart.it\/it\/wp-content\/uploads\/sites\/17\/2025\/11\/ghirlanda-luminosa-led-fissa-luce-bianca-calda-50-cm.jpg\" alt=\"ghirlanda luminosa led fissa luce bianca calda 50 cm\" width=\"500\" height=\"500\" \/>\r\n\t\t\t<div class=\"sp-thumbnail\"><a class=\"\" href=\"https:\/\/www.holyart.it\/it\/natale\/avvento\/ghirlanda-luminosa-led-fissa-luce-bianca-calda-50-cm\">\r\n\t\t\t\t<img decoding=\"async\" src=\"https:\/\/blog.holyart.it\/it\/wp-content\/uploads\/sites\/17\/2025\/11\/ghirlanda-luminosa-led-fissa-luce-bianca-calda-50-cm-e1764068532530.jpg\" alt=\"ghirlanda luminosa led fissa luce bianca calda 50 cm\" \/>\r\n\t\t\t<\/a>\r\n\t\t\t<\/div>\r\n\t\t\t<div class=\"sp-caption\">Ghirlanda luminosa LED fissa luce bianca calda 50 cm.<br \/>\n<strong><a href=\"https:\/\/www.holyart.it\/it\/natale\/avvento\/ghirlanda-luminosa-led-fissa-luce-bianca-calda-50-cm\">Acquista su Holyart<\/a><\/strong><\/div>\r\n\t\t<\/div>\r\n\t<\/div>\r\n<\/div>\n<p>Ma la vera magia dei caminetti di Natale si manifesta quando riusciamo a mescolare elementi diversi con naturalezza. Accanto alle candele possiamo collocare\u00a0<strong>piccoli personaggi della tradizione natalizia<\/strong>: uno\u00a0<strong><a href=\"https:\/\/www.holyart.it\/it\/natale\/sfere-di-vetro-di-natale-con-neve\/schiaccianoci-sfera-vetro-movimento-musica-40x15x10-cm\">Schiaccianoci con sfera in vetro e musica<\/a><\/strong>, con il suo aspetto da soldatino d&#8217;altri tempi, aggiunge un tocco di nostalgia e colore. Questi guardiani lignei, con i loro colori vivaci e le espressioni severe, ma rassicuranti, sono stati per generazioni i custodi del Natale, e la loro presenza sulla mensola del camino sembra quasi benedire la casa. Storicamente, infatti, lo Schiaccianoci era considerato <strong><a href=\"https:\/\/www.holyart.it\/blog\/natale\/la-tradizione-dello-schiaccianoci-a-natale\">un portafortuna e un guardiano<\/a><\/strong>, capace di allontanare gli spiriti maligni.<\/p>\n<p>Le<strong>\u00a0luci LED<\/strong>\u00a0rappresentano una risorsa preziosa per chi vuole creare atmosfera senza rinunciare alla\u00a0<strong><a href=\"https:\/\/www.holyart.it\/blog\/natale\/utilizzare-le-luci-natale-piena-sicurezza\/\">sicurezza<\/a><\/strong>. Una\u00a0<strong><a href=\"https:\/\/www.holyart.it\/it\/natale\/avvento\/ghirlanda-luminosa-led-fissa-luce-bianca-calda-50-cm\">ghirlanda luminosa con LED a luce calda<\/a><\/strong>\u00a0pu\u00f2 essere inserita tra le decorazioni, con le sue piccole lucine che emergono come stelle cadute sulla terra.<\/p>\n<p>L&#8217;arte di decorare i camini natalizi richiede anche un\u00a0<strong>pensiero alle proporzioni<\/strong>. Una mensola troppo affollata perde la sua capacit\u00e0 di comunicare, diventa rumore invece che poesia. Meglio scegliere pochi elementi significativi, lasciando che respirino, che abbiano lo spazio per esprimere la loro bellezza individuale pur contribuendo all&#8217;armonia dell&#8217;insieme. Gli spazi vuoti non sono assenza, ma pause che permettono all&#8217;occhio e al cuore di assorbire la bellezza di ci\u00f2 che stiamo guardando.<\/p>\n<div class=\"link-article\">\n<p><img loading=\"lazy\" decoding=\"async\" class=\"size-full wp-image-23050 alignleft\" src=\"https:\/\/blog.holyart.it\/it\/wp-content\/uploads\/sites\/17\/2025\/11\/schiaccianoci.jpg\" alt=\"schiaccianoci\" width=\"150\" height=\"99\" data-kale-share-title=\"Camini addobbati per Natale: idee e ispirazioni per un\u2019atmosfera calda e accogliente\" data-kale-share-url=\"https:\/\/blog.holyart.it\/it\/?p=23040\" \/><\/p>\n<div class=\"leggi-anche\">Leggi anche:<\/div>\n<p><strong><a href=\"https:\/\/www.holyart.it\/blog\/natale\/la-tradizione-dello-schiaccianoci-a-natale\/\">La tradizione dello Schiaccianoci a Natale<\/a><\/strong><br \/>\nLo schiaccianoci come decorazione natalizia nasce dalla tradizione tedesca. Protagonista di una famosa&#8230;<\/p>\n<\/div>\n<h2>Ghirlande natalizie per camino<\/h2>\n<p>Se c\u2019\u00e8 qualcosa che d\u00e0 subito carattere a un camino natalizio, \u00e8 la\u00a0<strong><a href=\"https:\/\/www.holyart.it\/it\/natale\/decori-natalizi-per-la-casa\/ghirlande-natalizie-e-corone\">ghirlanda<\/a><\/strong>. Non \u00e8 solo un addobbo: \u00e8 un gesto, un simbolo, una specie di abbraccio appeso al muro. La forma rotonda parla da sola: un cerchio che non finisce mai, che richiama le stagioni, i ritorni, la continuit\u00e0 delle cose belle. E il profumo dei rami di sempreverde, anche quando \u00e8 solo accennato, porta in casa un soffio di bosco, come un respiro fresco in pieno inverno.<\/p>\n<p>Una ghirlanda ben scelta cambia completamente l\u2019atmosfera. Che sia grande e importante, o pi\u00f9 compatta e discreta, basta appenderla e il camino sembra prendere vita. Il verde del pino gioca con il rosso delle bacche, con i tocchi dorati delle decorazioni, con il bianco immaginario della neve oltre la finestra. E quando la luce del fuoco si riflette su qualche dettaglio brillante, sembra quasi che la ghirlanda si muova piano, come se respirasse.<\/p>\n<p>Molte ghirlande oggi hanno lucine incorporate, una meraviglia in pi\u00f9. I LED caldi non hanno nulla a che fare con la luce fredda delle lampade moderne: sono morbidi, ambrati, ricordano le fiammelle delle vecchie lanterne. Una luce che non invade, ma accompagna: una presenza discreta, come le stelle in una notte limpida.<\/p>\n<p>Il modo in cui la appendiamo dice molto del nostro stile. C\u2019\u00e8 chi la vuole esattamente centrata, come un sigillo sopra il focolare. Chi la lascia scendere un po\u2019 di lato, per un effetto pi\u00f9 spontaneo, quasi casuale. E chi ama i festoni abbondanti, intrecciati, che corrono lungo tutta la mensola creando un\u2019onda verde che sembra voler uscire dalla stanza. Non c\u2019\u00e8 una scelta giusta: c\u2019\u00e8 solo quella che fa sentire la casa \u201ctua\u201d.<\/p>\n<div class=\"sp-styles-warning\" style=\"width: 450px; background-color: #FFF; color: #F00; border: 1px solid #F00; padding: 10px; font-size: 14px;\">\n\t\t\t<span style=\"font-weight: bold;\">Warning: The stylesheets were not loaded!<\/span> \n\t\t\tYou will need to change the <i>Load stylesheets<\/i> setting from <i>Automatically<\/i> to <i>On homepage<\/i> or <i>On all pages<\/i>. \n\t\t\tYou can set that <a style=\"text-decoration: underline; color: #F00;\" href=\"https:\/\/blog.holyart.it\/it\/wp-admin\/admin.php?page=sliderpro-settings\">here<\/a>.\n\t\t\t<\/div>\r\n<div id=\"slider-pro-256\" class=\"slider-pro sp-no-js\" style=\"width: 500px; height: 500px;\">\r\n\t<div class=\"sp-slides\">\r\n\t\t\r\n\t\t<div class=\"sp-slide\">\r\n\t\t\t<img loading=\"lazy\" decoding=\"async\" class=\"sp-image\" src=\"https:\/\/blog.holyart.it\/it\/wp-content\/uploads\/sites\/17\/2025\/11\/corona-legno-nativita-50-cm-celebration-diam.-85-cm.jpg\" alt=\"corona legno nativit\u00e0 50 cm celebration diam. 85 cm\" width=\"500\" height=\"500\" \/>\r\n\t\t\t<div class=\"sp-thumbnail\"><a class=\"\" href=\"https:\/\/www.holyart.it\/it\/natale\/presepi\/presepe-resina-e-stoffa\/corona-legno-nativita-50-cm-celebration-diam.-85-cm\">\r\n\t\t\t\t<img decoding=\"async\" src=\"https:\/\/blog.holyart.it\/it\/wp-content\/uploads\/sites\/17\/2025\/11\/corona-legno-nativita-50-cm-celebration-diam.-85-cm-1.jpg\" alt=\"corona legno nativit\u00e0 50 cm celebration diam. 85 cm\" \/>\r\n\t\t\t<\/a>\r\n\t\t\t<\/div>\r\n\t\t\t<div class=\"sp-caption\">Corona legno Nativit\u00e0 50 cm Celebration diam. 85 cm.<br \/>\n<strong><a href=\"https:\/\/www.holyart.it\/it\/natale\/presepi\/presepe-resina-e-stoffa\/corona-legno-nativita-50-cm-celebration-diam.-85-cm\">Acquista su Holyart<\/a><\/strong><\/div>\r\n\t\t<\/div>\r\n\t\t<div class=\"sp-slide\">\r\n\t\t\t<img loading=\"lazy\" decoding=\"async\" class=\"sp-image\" src=\"https:\/\/blog.holyart.it\/it\/wp-content\/uploads\/sites\/17\/2025\/11\/corona-avvento-ghirlanda-natalizia-glitterata-45-cm-verde-1.jpg\" alt=\"corona avvento ghirlanda natalizia glitterata 45 cm verde\" width=\"500\" height=\"500\" \/>\r\n\t\t\t<div class=\"sp-thumbnail\"><a class=\"\" href=\"https:\/\/www.holyart.it\/it\/natale\/avvento\/corona-avvento-ghirlanda-natalizia-glitterata-45-cm-verde\">\r\n\t\t\t\t<img decoding=\"async\" src=\"https:\/\/blog.holyart.it\/it\/wp-content\/uploads\/sites\/17\/2025\/11\/corona-avvento-ghirlanda-natalizia-glitterata-45-cm-verde.jpg\" alt=\"corona avvento ghirlanda natalizia glitterata 45 cm verde\" \/>\r\n\t\t\t<\/a>\r\n\t\t\t<\/div>\r\n\t\t\t<div class=\"sp-caption\">Corona Avvento ghirlanda natalizia glitterata 45 cm verde.<br \/>\n<strong><a href=\"https:\/\/www.holyart.it\/it\/natale\/avvento\/corona-avvento-ghirlanda-natalizia-glitterata-45-cm-verde\">Acquista su Holyart<\/a><\/strong><\/div>\r\n\t\t<\/div>\r\n\t\t<div class=\"sp-slide\">\r\n\t\t\t<img loading=\"lazy\" decoding=\"async\" class=\"sp-image\" src=\"https:\/\/blog.holyart.it\/it\/wp-content\/uploads\/sites\/17\/2025\/11\/custodia-ghirlanda-natalizia-60x20-cm.jpg\" alt=\"custodia ghirlanda natalizia 60x20 cm\" width=\"500\" height=\"500\" \/>\r\n\t\t\t<div class=\"sp-thumbnail\"><a class=\"\" href=\"https:\/\/www.holyart.it\/it\/natale\/avvento\/custodia-ghirlanda-natalizia-60x20-cm\">\r\n\t\t\t\t<img decoding=\"async\" src=\"https:\/\/blog.holyart.it\/it\/wp-content\/uploads\/sites\/17\/2025\/11\/custodia-ghirlanda-natalizia-60x20-cm-1.jpg\" alt=\"custodia ghirlanda natalizia 60x20 cm\" \/>\r\n\t\t\t<\/a>\r\n\t\t\t<\/div>\r\n\t\t\t<div class=\"sp-caption\">Custodia ghirlanda natalizia 60x20 cm.<br \/>\n<strong><a href=\"https:\/\/www.holyart.it\/it\/natale\/avvento\/custodia-ghirlanda-natalizia-60x20-cm\">Acquista su Holyart<\/a><\/strong><\/div>\r\n\t\t<\/div>\r\n\t\t<div class=\"sp-slide\">\r\n\t\t\t<img loading=\"lazy\" decoding=\"async\" class=\"sp-image\" src=\"https:\/\/blog.holyart.it\/it\/wp-content\/uploads\/sites\/17\/2025\/11\/ghirlanda-natalizia-diametro-35-cm-bacche-e-pigne-argento-1.jpg\" alt=\"ghirlanda natalizia diametro 35 cm bacche e pigne argento\" width=\"500\" height=\"500\" \/>\r\n\t\t\t<div class=\"sp-thumbnail\"><a class=\"\" href=\"https:\/\/www.holyart.it\/it\/natale\/avvento\/ghirlanda-natalizia-diametro-35-cm-bacche-e-pigne-argento\">\r\n\t\t\t\t<img decoding=\"async\" src=\"https:\/\/blog.holyart.it\/it\/wp-content\/uploads\/sites\/17\/2025\/11\/ghirlanda-natalizia-diametro-35-cm-bacche-e-pigne-argento.jpg\" alt=\"ghirlanda natalizia diametro 35 cm bacche e pigne argento\" \/>\r\n\t\t\t<\/a>\r\n\t\t\t<\/div>\r\n\t\t\t<div class=\"sp-caption\">Ghirlanda natalizia diametro 35 cm bacche e pigne argento.<br \/>\n<strong><a href=\"https:\/\/www.holyart.it\/it\/natale\/avvento\/ghirlanda-natalizia-diametro-35-cm-bacche-e-pigne-argento\">Acquista su Holyart<\/a><\/strong><\/div>\r\n\t\t<\/div>\r\n\t<\/div>\r\n<\/div>\n<p>E poi arrivano i dettagli personali, quelli che fanno la differenza. Una pigna raccolta in montagna, colorata a mano con un po\u2019 d\u2019oro. Un nastro di velluto che avevamo conservato\u00a0<em>\u201cperch\u00e9 prima o poi servir\u00e0\u201d<\/em>. Le piccole sfere argentate che catturano qualsiasi riflesso. O magari qualcosa di ancora pi\u00f9 intimo: una foto incorniciata, la pallina dipinta dai bambini, un rametto di vischio colto durante una passeggiata.<\/p>\n<p>Sono queste piccole cose a trasformare una ghirlanda qualunque in un pezzo di storia familiare. In un ricordo che ogni dicembre torna a brillare.<\/p>\n<p>Anche una\u00a0<strong><a href=\"https:\/\/www.holyart.it\/it\/natale\/avvento\/corona-avvento-ghirlanda-natalizia-glitterata-45-cm-verde\">corona d&#8217;avvento o ghirlanda natalizia glitterata<\/a><\/strong>\u00a0pu\u00f2 trasformare completamente l&#8217;aspetto di un camino. Con i suoi quarantacinque centimetri di diametro e il suo verde intenso impreziosito da tocchi brillanti, diventa una presenza importante ma mai invadente, capace di fare da cornice perfetta al focolare sottostante. Il verde intenso del pino dialoga meravigliosamente con il rosso delle bacche, con l&#8217;oro delle decorazioni, con il bianco della neve che immaginiamo fuori dalla finestra. E quando piccoli tocchi di glitter catturano la luce delle fiamme, la ghirlanda diventa un gioiello vivente, qualcosa che sembra pulsare di vita propria.<\/p>\n<h2>Camini finti natalizi<\/h2>\n<p>Non tutti hanno un camino vero in casa. Soprattutto negli appartamenti moderni: sono belli, pratici, luminosi\u2026 ma il focolare, quello no, quasi mai. Eppure questo non significa dover rinunciare alla sua atmosfera. Negli ultimi anni i camini finti sono diventati una piccola magia domestica: belli, convincenti, e capaci di ricreare quel senso di calore che associamo subito al Natale.<\/p>\n<p>I\u00a0<strong><a href=\"https:\/\/www.holyart.it\/it\/natale\/decori-natalizi-per-la-casa\/caminetti-led-decorativi\">caminetti LED decorativi<\/a><\/strong>, poi, hanno raggiunto un realismo sorprendente. Le fiamme sembrano muoversi davvero, tremano, si riflettono sulle superfici proprio come farebbe un fuoco vero. Con la differenza che non fanno fumo, non scaldano troppo, non richiedono manutenzione. Sono perfetti per chi vive in appartamento, o <strong><a href=\"https:\/\/www.holyart.it\/blog\/natale\/convivenza-tra-gatto-e-albero-di-natale-alcuni-consigli-pratici\/\">per chi ha bambini e animali e vuole stare tranquillo<\/a><\/strong>.<\/p>\n<div class=\"link-article\">\n<p><img loading=\"lazy\" decoding=\"async\" class=\"size-full wp-image-23062 alignleft\" src=\"https:\/\/blog.holyart.it\/it\/wp-content\/uploads\/sites\/17\/2025\/11\/gatto-e-albero-di-natale.jpg\" alt=\"gatto e albero di natale\" width=\"150\" height=\"99\" data-kale-share-title=\"Camini addobbati per Natale: idee e ispirazioni per un\u2019atmosfera calda e accogliente\" data-kale-share-url=\"https:\/\/blog.holyart.it\/it\/?p=23040\" \/><\/p>\n<div class=\"leggi-anche\">Leggi anche:<\/div>\n<p><strong><a href=\"https:\/\/www.holyart.it\/blog\/natale\/convivenza-tra-gatto-e-albero-di-natale-alcuni-consigli-pratici\/\">Convivenza tra gatto e albero di Natale: alcuni consigli pratici<\/a><\/strong><br \/>\nGatto e Albero di Natale? Non \u00e8 cos\u00ec impossibile. Ecco alcuni utili consigli per allestire il vostro Albero senza indurre&#8230;<\/p>\n<\/div>\n<p>Creare un angolo camino pu\u00f2 diventare anche un bel progetto creativo. A volte basta una consolle o una nicchia un po\u2019 anonima: ci si aggiunge una cornice scenografica, si sistema il modulo LED all\u2019interno, e la mensola diventa subito un piccolo altare natalizio da riempire con ci\u00f2 che amiamo. \u00c8 incredibile come un punto luce possa cambiare il carattere di una stanza: diventa un punto di ritrovo, un richiamo, una promessa di quiete.<\/p>\n<p>E quando ci si siede davanti a quei bagliori, veri o finti che siano, la differenza smette di avere importanza. I bambini appendono le loro letterine, qualcuno si avvicina con una tazza fumante, qualcun altro mette un nastro, una ghirlanda, una candela\u2026 e in un attimo l\u2019illusione diventa reale, perch\u00e9 l\u2019atmosfera non la fa il fuoco: la fanno le persone.<\/p>\n<p>Il bello dei camini finti \u00e8 anche la libert\u00e0. Li puoi spostare, reinventare, cambiare stile ogni anno. Un Natale tutto rosso e verde, quello dopo bianco e argento, poi magari qualcosa di pi\u00f9 rustico o minimalista. \u00c8 un gioco, un rituale che si aggiorna senza perdere la sua magia.<\/p>\n<p>E alla fine, che la fiamma sia vera o disegnata dalla tecnologia, il suo messaggio resta lo stesso: anche nelle notti pi\u00f9 fredde c\u2019\u00e8 sempre una luce che resiste. Una promessa di calore, di vicinanza, di casa. Ed \u00e8 proprio questo, in fondo, il cuore del Natale.<\/p>\n<div class=\"sp-styles-warning\" style=\"width: 450px; background-color: #FFF; color: #F00; border: 1px solid #F00; padding: 10px; font-size: 14px;\">\n\t\t\t<span style=\"font-weight: bold;\">Warning: The stylesheets were not loaded!<\/span> \n\t\t\tYou will need to change the <i>Load stylesheets<\/i> setting from <i>Automatically<\/i> to <i>On homepage<\/i> or <i>On all pages<\/i>. \n\t\t\tYou can set that <a style=\"text-decoration: underline; color: #F00;\" href=\"https:\/\/blog.holyart.it\/it\/wp-admin\/admin.php?page=sliderpro-settings\">here<\/a>.\n\t\t\t<\/div>\r\n<div id=\"slider-pro-257\" class=\"slider-pro sp-no-js\" style=\"width: 500px; height: 500px;\">\r\n\t<div class=\"sp-slides\">\r\n\t\t\r\n\t\t<div class=\"sp-slide\">\r\n\t\t\t<img loading=\"lazy\" decoding=\"async\" class=\"sp-image\" src=\"https:\/\/blog.holyart.it\/it\/wp-content\/uploads\/sites\/17\/2025\/11\/caminetto-led-effetto-fiamma-nero-50x80x10-cm.jpg\" alt=\"caminetto led effetto fiamma nero 50x80x10 cm\" width=\"500\" height=\"500\" \/>\r\n\t\t\t<div class=\"sp-thumbnail\"><a class=\"\" href=\"https:\/\/www.holyart.it\/it\/natale\/decori-natalizi-per-la-casa\/caminetti-led-decorativi\/caminetto-led-effetto-fiamma-nero-50x80x10-cm\">\r\n\t\t\t\t<img decoding=\"async\" src=\"https:\/\/blog.holyart.it\/it\/wp-content\/uploads\/sites\/17\/2025\/11\/caminetto-led-effetto-fiamma-nero-50x80x10-cm-1.jpg\" alt=\"caminetto led effetto fiamma nero 50x80x10 cm\" \/>\r\n\t\t\t<\/a>\r\n\t\t\t<\/div>\r\n\t\t\t<div class=\"sp-caption\">Caminetto led effetto fiamma nero 50x80x10 cm.<br \/>\n<strong><a href=\"https:\/\/www.holyart.it\/it\/natale\/decori-natalizi-per-la-casa\/caminetti-led-decorativi\/caminetto-led-effetto-fiamma-nero-50x80x10-cm\">Acquista su Holyart<\/a><\/strong><\/div>\r\n\t\t<\/div>\r\n\t\t<div class=\"sp-slide\">\r\n\t\t\t<img loading=\"lazy\" decoding=\"async\" class=\"sp-image\" src=\"https:\/\/blog.holyart.it\/it\/wp-content\/uploads\/sites\/17\/2025\/11\/caminetto-led-10x5x11-cm-vetro-oro.jpg\" alt=\"caminetto led 10x5x11 cm vetro oro\" width=\"500\" height=\"500\" \/>\r\n\t\t\t<div class=\"sp-thumbnail\"><a class=\"\" href=\"https:\/\/www.holyart.it\/it\/natale\/decori-natalizi-per-la-casa\/caminetti-led-decorativi\/caminetto-led-10x5x11-cm-vetro-oro\">\r\n\t\t\t\t<img decoding=\"async\" src=\"https:\/\/blog.holyart.it\/it\/wp-content\/uploads\/sites\/17\/2025\/11\/caminetto-led-10x5x11-cm-vetro-oro-1.jpg\" alt=\"caminetto led 10x5x11 cm vetro oro\" \/>\r\n\t\t\t<\/a>\r\n\t\t\t<\/div>\r\n\t\t\t<div class=\"sp-caption\">Caminetto led 10x5x11 cm vetro oro.<br \/>\n<strong><a href=\"https:\/\/www.holyart.it\/it\/natale\/decori-natalizi-per-la-casa\/caminetti-led-decorativi\/caminetto-led-10x5x11-cm-vetro-oro\">Acquista su Holyart<\/a><\/strong><\/div>\r\n\t\t<\/div>\r\n\t\t<div class=\"sp-slide\">\r\n\t\t\t<img loading=\"lazy\" decoding=\"async\" class=\"sp-image\" src=\"https:\/\/blog.holyart.it\/it\/wp-content\/uploads\/sites\/17\/2025\/11\/caminetto-led-effetto-fuoco-20x35x10-cm.jpg\" alt=\"caminetto led effetto fuoco 20x35x10 cm\" width=\"500\" height=\"500\" \/>\r\n\t\t\t<div class=\"sp-thumbnail\"><a class=\"\" href=\"https:\/\/www.holyart.it\/it\/natale\/decori-natalizi-per-la-casa\/caminetti-led-decorativi\/caminetto-led-effetto-fuoco-20x35x10-cm\">\r\n\t\t\t\t<img decoding=\"async\" src=\"https:\/\/blog.holyart.it\/it\/wp-content\/uploads\/sites\/17\/2025\/11\/caminetto-led-effetto-fuoco-20x35x10-cm-1.jpg\" alt=\"caminetto led effetto fuoco 20x35x10 cm\" \/>\r\n\t\t\t<\/a>\r\n\t\t\t<\/div>\r\n\t\t\t<div class=\"sp-caption\">Caminetto led effetto fuoco 20x35x10 cm.<br \/>\n<strong><a href=\"https:\/\/www.holyart.it\/it\/natale\/decori-natalizi-per-la-casa\/caminetti-led-decorativi\/caminetto-led-effetto-fuoco-20x35x10-cm\">Acquista su Holyart<\/a><\/strong><\/div>\r\n\t\t<\/div>\r\n\t\t<div class=\"sp-slide\">\r\n\t\t\t<img loading=\"lazy\" decoding=\"async\" class=\"sp-image\" src=\"https:\/\/blog.holyart.it\/it\/wp-content\/uploads\/sites\/17\/2025\/11\/caminetto-antico-effetto-fiamma-led-55x45x24-cm.jpg\" alt=\"caminetto antico effetto fiamma led 55x45x24 cm\" width=\"500\" height=\"500\" \/>\r\n\t\t\t<div class=\"sp-thumbnail\"><a class=\"\" href=\"https:\/\/www.holyart.it\/it\/natale\/decori-natalizi-per-la-casa\/caminetti-led-decorativi\/caminetto-antico-effetto-fiamma-led-55x45x24-cm\">\r\n\t\t\t\t<img decoding=\"async\" src=\"https:\/\/blog.holyart.it\/it\/wp-content\/uploads\/sites\/17\/2025\/11\/caminetto-antico-effetto-fiamma-led-55x45x24-cm-1.jpg\" alt=\"caminetto antico effetto fiamma led 55x45x24 cm\" \/>\r\n\t\t\t<\/a>\r\n\t\t\t<\/div>\r\n\t\t\t<div class=\"sp-caption\">Caminetto antico effetto fiamma led 55x45x24 cm.<br \/>\n<strong><a href=\"https:\/\/www.holyart.it\/it\/natale\/decori-natalizi-per-la-casa\/caminetti-led-decorativi\/caminetto-antico-effetto-fiamma-led-55x45x24-cm\">Acquista su Holyart<\/a><\/strong><\/div>\r\n\t\t<\/div>\r\n\t<\/div>\r\n<\/div>\n","protected":false},"excerpt":{"rendered":"<p>Creiamo un\u2019atmosfera natalizia unica nella nostra casa con i camini addobbati per Natale Che cosa rende cos\u00ec irresistibile il calore di un camino durante le Feste di Natale? C\u2019\u00e8 qualcosa, in quella fiamma viva, che ci sfiora tutti. Forse \u00e8 un ricordo antico, pi\u00f9 vecchio&hellip;<\/p>\n","protected":false},"author":1,"featured_media":23072,"comment_status":"closed","ping_status":"open","sticky":false,"template":"","format":"standard","meta":{"_acf_changed":false,"footnotes":""},"categories":[18],"tags":[],"class_list":["post-23040","post","type-post","status-publish","format-standard","has-post-thumbnail","hentry","category-natale"],"acf":[],"yoast_head":"<!-- This site is optimized with the Yoast SEO plugin v26.6 - https:\/\/yoast.com\/wordpress\/plugins\/seo\/ -->\n<title>Camini addobbati per Natale: idee e ispirazioni per un&#039;atmosfera calda e accogliente - Holyblog<\/title>\n<meta name=\"description\" content=\"I camini addobbati per Natale trasformano la casa delle Feste. Calore, intimit\u00e0, magia senza tempo che contagia tutti.\" \/>\n<meta name=\"robots\" content=\"index, follow, max-snippet:-1, max-image-preview:large, max-video-preview:-1\" \/>\n<link rel=\"canonical\" href=\"https:\/\/blog.holyart.it\/it\/natale\/camini-addobbati-per-natale-idee-e-ispirazioni-per-unatmosfera-calda-e-accogliente\/\" \/>\n<meta property=\"og:locale\" content=\"it_IT\" \/>\n<meta property=\"og:type\" content=\"article\" \/>\n<meta property=\"og:title\" content=\"Camini addobbati per Natale: idee e ispirazioni per un&#039;atmosfera calda e accogliente - Holyblog\" \/>\n<meta property=\"og:description\" content=\"I camini addobbati per Natale trasformano la casa delle Feste. Calore, intimit\u00e0, magia senza tempo che contagia tutti.\" \/>\n<meta property=\"og:url\" content=\"https:\/\/blog.holyart.it\/it\/natale\/camini-addobbati-per-natale-idee-e-ispirazioni-per-unatmosfera-calda-e-accogliente\/\" \/>\n<meta property=\"og:site_name\" content=\"Holyblog\" \/>\n<meta property=\"article:published_time\" content=\"2025-12-15T09:00:41+00:00\" \/>\n<meta property=\"og:image\" content=\"https:\/\/blog.holyart.it\/it\/wp-content\/uploads\/sites\/17\/2025\/11\/camini-addobbati-per-natale.jpg\" \/>\n\t<meta property=\"og:image:width\" content=\"1000\" \/>\n\t<meta property=\"og:image:height\" content=\"666\" \/>\n\t<meta property=\"og:image:type\" content=\"image\/jpeg\" \/>\n<meta name=\"author\" content=\"Redazione\" \/>\n<meta name=\"twitter:card\" content=\"summary_large_image\" \/>\n<meta name=\"twitter:label1\" content=\"Scritto da\" \/>\n\t<meta name=\"twitter:data1\" content=\"Redazione\" \/>\n\t<meta name=\"twitter:label2\" content=\"Tempo di lettura stimato\" \/>\n\t<meta name=\"twitter:data2\" content=\"11 minuti\" \/>\n<script type=\"application\/ld+json\" class=\"yoast-schema-graph\">{\"@context\":\"https:\/\/schema.org\",\"@graph\":[{\"@type\":\"Article\",\"@id\":\"https:\/\/blog.holyart.it\/it\/natale\/camini-addobbati-per-natale-idee-e-ispirazioni-per-unatmosfera-calda-e-accogliente\/#article\",\"isPartOf\":{\"@id\":\"https:\/\/blog.holyart.it\/it\/natale\/camini-addobbati-per-natale-idee-e-ispirazioni-per-unatmosfera-calda-e-accogliente\/\"},\"author\":{\"name\":\"Redazione\",\"@id\":\"https:\/\/blog.holyart.it\/it\/#\/schema\/person\/0a7b686e5af0f856ec1e390dd0baecda\"},\"headline\":\"Camini addobbati per Natale: idee e ispirazioni per un&#8217;atmosfera calda e accogliente\",\"datePublished\":\"2025-12-15T09:00:41+00:00\",\"mainEntityOfPage\":{\"@id\":\"https:\/\/blog.holyart.it\/it\/natale\/camini-addobbati-per-natale-idee-e-ispirazioni-per-unatmosfera-calda-e-accogliente\/\"},\"wordCount\":1759,\"publisher\":{\"@id\":\"https:\/\/blog.holyart.it\/it\/#organization\"},\"image\":{\"@id\":\"https:\/\/blog.holyart.it\/it\/natale\/camini-addobbati-per-natale-idee-e-ispirazioni-per-unatmosfera-calda-e-accogliente\/#primaryimage\"},\"thumbnailUrl\":\"https:\/\/blog.holyart.it\/it\/wp-content\/uploads\/sites\/17\/2025\/11\/camini-addobbati-per-natale.jpg\",\"articleSection\":[\"Natale\"],\"inLanguage\":\"it-IT\"},{\"@type\":\"WebPage\",\"@id\":\"https:\/\/blog.holyart.it\/it\/natale\/camini-addobbati-per-natale-idee-e-ispirazioni-per-unatmosfera-calda-e-accogliente\/\",\"url\":\"https:\/\/blog.holyart.it\/it\/natale\/camini-addobbati-per-natale-idee-e-ispirazioni-per-unatmosfera-calda-e-accogliente\/\",\"name\":\"Camini addobbati per Natale: idee e ispirazioni per un'atmosfera calda e accogliente - Holyblog\",\"isPartOf\":{\"@id\":\"https:\/\/blog.holyart.it\/it\/#website\"},\"primaryImageOfPage\":{\"@id\":\"https:\/\/blog.holyart.it\/it\/natale\/camini-addobbati-per-natale-idee-e-ispirazioni-per-unatmosfera-calda-e-accogliente\/#primaryimage\"},\"image\":{\"@id\":\"https:\/\/blog.holyart.it\/it\/natale\/camini-addobbati-per-natale-idee-e-ispirazioni-per-unatmosfera-calda-e-accogliente\/#primaryimage\"},\"thumbnailUrl\":\"https:\/\/blog.holyart.it\/it\/wp-content\/uploads\/sites\/17\/2025\/11\/camini-addobbati-per-natale.jpg\",\"datePublished\":\"2025-12-15T09:00:41+00:00\",\"description\":\"I camini addobbati per Natale trasformano la casa delle Feste. Calore, intimit\u00e0, magia senza tempo che contagia tutti.\",\"breadcrumb\":{\"@id\":\"https:\/\/blog.holyart.it\/it\/natale\/camini-addobbati-per-natale-idee-e-ispirazioni-per-unatmosfera-calda-e-accogliente\/#breadcrumb\"},\"inLanguage\":\"it-IT\",\"potentialAction\":[{\"@type\":\"ReadAction\",\"target\":[\"https:\/\/blog.holyart.it\/it\/natale\/camini-addobbati-per-natale-idee-e-ispirazioni-per-unatmosfera-calda-e-accogliente\/\"]}]},{\"@type\":\"ImageObject\",\"inLanguage\":\"it-IT\",\"@id\":\"https:\/\/blog.holyart.it\/it\/natale\/camini-addobbati-per-natale-idee-e-ispirazioni-per-unatmosfera-calda-e-accogliente\/#primaryimage\",\"url\":\"https:\/\/blog.holyart.it\/it\/wp-content\/uploads\/sites\/17\/2025\/11\/camini-addobbati-per-natale.jpg\",\"contentUrl\":\"https:\/\/blog.holyart.it\/it\/wp-content\/uploads\/sites\/17\/2025\/11\/camini-addobbati-per-natale.jpg\",\"width\":1000,\"height\":666,\"caption\":\"camini addobbati per natale\"},{\"@type\":\"BreadcrumbList\",\"@id\":\"https:\/\/blog.holyart.it\/it\/natale\/camini-addobbati-per-natale-idee-e-ispirazioni-per-unatmosfera-calda-e-accogliente\/#breadcrumb\",\"itemListElement\":[{\"@type\":\"ListItem\",\"position\":1,\"name\":\"Homepage\",\"item\":\"https:\/\/blog.holyart.it\/it\/\"},{\"@type\":\"ListItem\",\"position\":2,\"name\":\"Natale\",\"item\":\"https:\/\/blog.holyart.it\/it\/natale\/\"},{\"@type\":\"ListItem\",\"position\":3,\"name\":\"Camini addobbati per Natale: idee e ispirazioni per un&#8217;atmosfera calda e accogliente\"}]},{\"@type\":\"WebSite\",\"@id\":\"https:\/\/blog.holyart.it\/it\/#website\",\"url\":\"https:\/\/blog.holyart.it\/it\/\",\"name\":\"Holyblog\",\"description\":\"Il Blog di Holyart.it\",\"publisher\":{\"@id\":\"https:\/\/blog.holyart.it\/it\/#organization\"},\"potentialAction\":[{\"@type\":\"SearchAction\",\"target\":{\"@type\":\"EntryPoint\",\"urlTemplate\":\"https:\/\/blog.holyart.it\/it\/?s={search_term_string}\"},\"query-input\":{\"@type\":\"PropertyValueSpecification\",\"valueRequired\":true,\"valueName\":\"search_term_string\"}}],\"inLanguage\":\"it-IT\"},{\"@type\":\"Organization\",\"@id\":\"https:\/\/blog.holyart.it\/it\/#organization\",\"name\":\"Holyblog\",\"url\":\"https:\/\/blog.holyart.it\/it\/\",\"logo\":{\"@type\":\"ImageObject\",\"inLanguage\":\"it-IT\",\"@id\":\"https:\/\/blog.holyart.it\/it\/#\/schema\/logo\/image\/\",\"url\":\"https:\/\/blog.holyart.it\/it\/wp-content\/uploads\/sites\/17\/2022\/12\/Holyart_Blog_Logo.jpg\",\"contentUrl\":\"https:\/\/blog.holyart.it\/it\/wp-content\/uploads\/sites\/17\/2022\/12\/Holyart_Blog_Logo.jpg\",\"width\":300,\"height\":50,\"caption\":\"Holyblog\"},\"image\":{\"@id\":\"https:\/\/blog.holyart.it\/it\/#\/schema\/logo\/image\/\"}},{\"@type\":\"Person\",\"@id\":\"https:\/\/blog.holyart.it\/it\/#\/schema\/person\/0a7b686e5af0f856ec1e390dd0baecda\",\"name\":\"Redazione\"}]}<\/script>\n<!-- \/ Yoast SEO plugin. -->","yoast_head_json":{"title":"Camini addobbati per Natale: idee e ispirazioni per un'atmosfera calda e accogliente - Holyblog","description":"I camini addobbati per Natale trasformano la casa delle Feste. Calore, intimit\u00e0, magia senza tempo che contagia tutti.","robots":{"index":"index","follow":"follow","max-snippet":"max-snippet:-1","max-image-preview":"max-image-preview:large","max-video-preview":"max-video-preview:-1"},"canonical":"https:\/\/blog.holyart.it\/it\/natale\/camini-addobbati-per-natale-idee-e-ispirazioni-per-unatmosfera-calda-e-accogliente\/","og_locale":"it_IT","og_type":"article","og_title":"Camini addobbati per Natale: idee e ispirazioni per un'atmosfera calda e accogliente - Holyblog","og_description":"I camini addobbati per Natale trasformano la casa delle Feste. Calore, intimit\u00e0, magia senza tempo che contagia tutti.","og_url":"https:\/\/blog.holyart.it\/it\/natale\/camini-addobbati-per-natale-idee-e-ispirazioni-per-unatmosfera-calda-e-accogliente\/","og_site_name":"Holyblog","article_published_time":"2025-12-15T09:00:41+00:00","og_image":[{"width":1000,"height":666,"url":"https:\/\/blog.holyart.it\/it\/wp-content\/uploads\/sites\/17\/2025\/11\/camini-addobbati-per-natale.jpg","type":"image\/jpeg"}],"author":"Redazione","twitter_card":"summary_large_image","twitter_misc":{"Scritto da":"Redazione","Tempo di lettura stimato":"11 minuti"},"schema":{"@context":"https:\/\/schema.org","@graph":[{"@type":"Article","@id":"https:\/\/blog.holyart.it\/it\/natale\/camini-addobbati-per-natale-idee-e-ispirazioni-per-unatmosfera-calda-e-accogliente\/#article","isPartOf":{"@id":"https:\/\/blog.holyart.it\/it\/natale\/camini-addobbati-per-natale-idee-e-ispirazioni-per-unatmosfera-calda-e-accogliente\/"},"author":{"name":"Redazione","@id":"https:\/\/blog.holyart.it\/it\/#\/schema\/person\/0a7b686e5af0f856ec1e390dd0baecda"},"headline":"Camini addobbati per Natale: idee e ispirazioni per un&#8217;atmosfera calda e accogliente","datePublished":"2025-12-15T09:00:41+00:00","mainEntityOfPage":{"@id":"https:\/\/blog.holyart.it\/it\/natale\/camini-addobbati-per-natale-idee-e-ispirazioni-per-unatmosfera-calda-e-accogliente\/"},"wordCount":1759,"publisher":{"@id":"https:\/\/blog.holyart.it\/it\/#organization"},"image":{"@id":"https:\/\/blog.holyart.it\/it\/natale\/camini-addobbati-per-natale-idee-e-ispirazioni-per-unatmosfera-calda-e-accogliente\/#primaryimage"},"thumbnailUrl":"https:\/\/blog.holyart.it\/it\/wp-content\/uploads\/sites\/17\/2025\/11\/camini-addobbati-per-natale.jpg","articleSection":["Natale"],"inLanguage":"it-IT"},{"@type":"WebPage","@id":"https:\/\/blog.holyart.it\/it\/natale\/camini-addobbati-per-natale-idee-e-ispirazioni-per-unatmosfera-calda-e-accogliente\/","url":"https:\/\/blog.holyart.it\/it\/natale\/camini-addobbati-per-natale-idee-e-ispirazioni-per-unatmosfera-calda-e-accogliente\/","name":"Camini addobbati per Natale: idee e ispirazioni per un'atmosfera calda e accogliente - Holyblog","isPartOf":{"@id":"https:\/\/blog.holyart.it\/it\/#website"},"primaryImageOfPage":{"@id":"https:\/\/blog.holyart.it\/it\/natale\/camini-addobbati-per-natale-idee-e-ispirazioni-per-unatmosfera-calda-e-accogliente\/#primaryimage"},"image":{"@id":"https:\/\/blog.holyart.it\/it\/natale\/camini-addobbati-per-natale-idee-e-ispirazioni-per-unatmosfera-calda-e-accogliente\/#primaryimage"},"thumbnailUrl":"https:\/\/blog.holyart.it\/it\/wp-content\/uploads\/sites\/17\/2025\/11\/camini-addobbati-per-natale.jpg","datePublished":"2025-12-15T09:00:41+00:00","description":"I camini addobbati per Natale trasformano la casa delle Feste. Calore, intimit\u00e0, magia senza tempo che contagia tutti.","breadcrumb":{"@id":"https:\/\/blog.holyart.it\/it\/natale\/camini-addobbati-per-natale-idee-e-ispirazioni-per-unatmosfera-calda-e-accogliente\/#breadcrumb"},"inLanguage":"it-IT","potentialAction":[{"@type":"ReadAction","target":["https:\/\/blog.holyart.it\/it\/natale\/camini-addobbati-per-natale-idee-e-ispirazioni-per-unatmosfera-calda-e-accogliente\/"]}]},{"@type":"ImageObject","inLanguage":"it-IT","@id":"https:\/\/blog.holyart.it\/it\/natale\/camini-addobbati-per-natale-idee-e-ispirazioni-per-unatmosfera-calda-e-accogliente\/#primaryimage","url":"https:\/\/blog.holyart.it\/it\/wp-content\/uploads\/sites\/17\/2025\/11\/camini-addobbati-per-natale.jpg","contentUrl":"https:\/\/blog.holyart.it\/it\/wp-content\/uploads\/sites\/17\/2025\/11\/camini-addobbati-per-natale.jpg","width":1000,"height":666,"caption":"camini addobbati per natale"},{"@type":"BreadcrumbList","@id":"https:\/\/blog.holyart.it\/it\/natale\/camini-addobbati-per-natale-idee-e-ispirazioni-per-unatmosfera-calda-e-accogliente\/#breadcrumb","itemListElement":[{"@type":"ListItem","position":1,"name":"Homepage","item":"https:\/\/blog.holyart.it\/it\/"},{"@type":"ListItem","position":2,"name":"Natale","item":"https:\/\/blog.holyart.it\/it\/natale\/"},{"@type":"ListItem","position":3,"name":"Camini addobbati per Natale: idee e ispirazioni per un&#8217;atmosfera calda e accogliente"}]},{"@type":"WebSite","@id":"https:\/\/blog.holyart.it\/it\/#website","url":"https:\/\/blog.holyart.it\/it\/","name":"Holyblog","description":"Il Blog di Holyart.it","publisher":{"@id":"https:\/\/blog.holyart.it\/it\/#organization"},"potentialAction":[{"@type":"SearchAction","target":{"@type":"EntryPoint","urlTemplate":"https:\/\/blog.holyart.it\/it\/?s={search_term_string}"},"query-input":{"@type":"PropertyValueSpecification","valueRequired":true,"valueName":"search_term_string"}}],"inLanguage":"it-IT"},{"@type":"Organization","@id":"https:\/\/blog.holyart.it\/it\/#organization","name":"Holyblog","url":"https:\/\/blog.holyart.it\/it\/","logo":{"@type":"ImageObject","inLanguage":"it-IT","@id":"https:\/\/blog.holyart.it\/it\/#\/schema\/logo\/image\/","url":"https:\/\/blog.holyart.it\/it\/wp-content\/uploads\/sites\/17\/2022\/12\/Holyart_Blog_Logo.jpg","contentUrl":"https:\/\/blog.holyart.it\/it\/wp-content\/uploads\/sites\/17\/2022\/12\/Holyart_Blog_Logo.jpg","width":300,"height":50,"caption":"Holyblog"},"image":{"@id":"https:\/\/blog.holyart.it\/it\/#\/schema\/logo\/image\/"}},{"@type":"Person","@id":"https:\/\/blog.holyart.it\/it\/#\/schema\/person\/0a7b686e5af0f856ec1e390dd0baecda","name":"Redazione"}]}},"_links":{"self":[{"href":"https:\/\/blog.holyart.it\/it\/wp-json\/wp\/v2\/posts\/23040","targetHints":{"allow":["GET"]}}],"collection":[{"href":"https:\/\/blog.holyart.it\/it\/wp-json\/wp\/v2\/posts"}],"about":[{"href":"https:\/\/blog.holyart.it\/it\/wp-json\/wp\/v2\/types\/post"}],"author":[{"embeddable":true,"href":"https:\/\/blog.holyart.it\/it\/wp-json\/wp\/v2\/users\/1"}],"replies":[{"embeddable":true,"href":"https:\/\/blog.holyart.it\/it\/wp-json\/wp\/v2\/comments?post=23040"}],"version-history":[{"count":8,"href":"https:\/\/blog.holyart.it\/it\/wp-json\/wp\/v2\/posts\/23040\/revisions"}],"predecessor-version":[{"id":23073,"href":"https:\/\/blog.holyart.it\/it\/wp-json\/wp\/v2\/posts\/23040\/revisions\/23073"}],"wp:featuredmedia":[{"embeddable":true,"href":"https:\/\/blog.holyart.it\/it\/wp-json\/wp\/v2\/media\/23072"}],"wp:attachment":[{"href":"https:\/\/blog.holyart.it\/it\/wp-json\/wp\/v2\/media?parent=23040"}],"wp:term":[{"taxonomy":"category","embeddable":true,"href":"https:\/\/blog.holyart.it\/it\/wp-json\/wp\/v2\/categories?post=23040"},{"taxonomy":"post_tag","embeddable":true,"href":"https:\/\/blog.holyart.it\/it\/wp-json\/wp\/v2\/tags?post=23040"}],"curies":[{"name":"wp","href":"https:\/\/api.w.org\/{rel}","templated":true}]}}