{"id":22963,"date":"2025-12-29T10:00:49","date_gmt":"2025-12-29T09:00:49","guid":{"rendered":"https:\/\/blog.holyart.it\/it\/?p=22963"},"modified":"2026-03-03T10:49:21","modified_gmt":"2026-03-03T09:49:21","slug":"il-viaggio-della-luce-di-betlemme-per-la-pace","status":"publish","type":"post","link":"https:\/\/blog.holyart.it\/it\/natale\/il-viaggio-della-luce-di-betlemme-per-la-pace\/","title":{"rendered":"Il viaggio della luce di Betlemme per la pace"},"content":{"rendered":"<h4>Il viaggio della Luce di Betlemme: una storia che riscalda il cuore e regala speranza<\/h4>\n\n<p>Nella penombra sacra della\u00a0<strong><a href=\"https:\/\/www.holyart.it\/blog\/articoli-religiosi\/chiese-giubilari-mete-di-pellegrinaggio-irrinunciabili-durante-il-giubileo\/\">Basilica della Nativit\u00e0 a Betlemme<\/a><\/strong>, tra le pietre che profumano di secoli e di fede, arde una lampada a olio. Non \u00e8 la stessa fiamma che brucia da mille anni, come sarebbe bello poter credere. Il fuoco, come la memoria e la devozione, ha bisogno delle mani dell\u2019uomo per essere alimentato. Ma la luce di questa particolare lampada si rinnova da generazioni, tenuta viva dall\u2019olio che le nazioni cristiane di tutto il mondo offrono a turno, e ogni anno, proprio da l\u00ec, scocca la scintilla di un viaggio straordinario: quello della<strong>\u00a0Luce della Pace di Betlemme<\/strong>.<\/p>\n<p>Questa piccola fiamma \u00e8 vera, concreta, delicata, ma tangibile, non \u00e8 un simbolo astratto. \u00c8 accesa nella Grotta dove, secondo la tradizione, venne alla luce quel Bambino che, con il solo respiro, ha cambiato la storia dell\u2019umanit\u00e0. Quando arriva dicembre e si avvicina il Natale, dalla fiamma di quella lampada viene accesa una lanterna. La prende in custodia proprio un bambino, con mani emozionate e occhi spalancati sul mistero, e quella fiamma diventa un dono per il mondo.<\/p>\n<div class=\"link-article\">\n<p><img loading=\"lazy\" decoding=\"async\" class=\"size-full wp-image-22964 alignleft\" src=\"https:\/\/blog.holyart.it\/it\/wp-content\/uploads\/sites\/17\/2025\/11\/chiese-giubilari.jpg\" alt=\"chiese giubilari\" width=\"150\" height=\"99\" data-kale-share-title=\"Il viaggio della luce di Betlemme per la pace\" data-kale-share-url=\"https:\/\/blog.holyart.it\/it\/?p=22963\" \/><\/p>\n<div class=\"leggi-anche\">Leggi anche:<\/div>\n<p><strong><a href=\"https:\/\/www.holyart.it\/blog\/articoli-religiosi\/chiese-giubilari-mete-di-pellegrinaggio-irrinunciabili-durante-il-giubileo\/\">Chiese Giubilari, mete di pellegrinaggio irrinunciabili durante il Giubileo<\/a><\/strong><br \/>\nLe Chiese Giubilari sono quelle dotate di una Porta Santa, attraversando&#8230;<\/p>\n<\/div>\n<p>Negli aeroporti, tra le coperte di lana e <a href=\"https:\/\/www.holyart.it\/blog\/giubileo-2025\/cosa-portare-in-pellegrinaggio-organizzare-lo-zaino\/\"><strong>gli zaini degli scout<\/strong><\/a>, la fiamma affronta un lungo viaggio: parte dalla Terra Santa, approda a Vienna, in Austria, e da l\u00ec si divide, genera altre fiammelle, che corrono lungo vie gelate, confini sepolti dalla neve, citt\u00e0 brulicanti di attesa. Ovunque si ferma, prima di lasciarsi trasportare di nuovo lontano, la lanterna \u00e8 protagonista di un cammino silenzioso, una processione di pace. Mani la sfiorano, si bisbigliano preghiere davanti alla danza della sua fiamma, chi la riceve le confida i propri sogni, perch\u00e9 li custodisca e li riveli al prossimo che la ricever\u00e0.<\/p>\n<p>Il viaggio di questa luce dura da generazioni, ha attraversato paesi e citt\u00e0, passando di mano in mano fra scout, volontari, famiglie, parrocchie, ospedali, carceri. La sua fiamma ha illuminato luoghi abitati dalla sofferenza. Dove manca la pace, lei la porta, dove regna il buio, fa palpitare la luce della speranza, oltre muri e barriere, divorando distanze inconcepibili. Ovunque arriva, parla di speranza.<\/p>\n<div class=\"link-article\">\n<p><img loading=\"lazy\" decoding=\"async\" class=\"size-full wp-image-22965 alignleft\" src=\"https:\/\/blog.holyart.it\/it\/wp-content\/uploads\/sites\/17\/2025\/11\/cosa-portare-in-pellegrinaggio.jpg\" alt=\"cosa portare in pellegrinaggio\" width=\"150\" height=\"99\" data-kale-share-title=\"Il viaggio della luce di Betlemme per la pace\" data-kale-share-url=\"https:\/\/blog.holyart.it\/it\/?p=22963\" \/><\/p>\n<div class=\"leggi-anche\">Leggi anche:<\/div>\n<p><strong><a href=\"https:\/\/www.holyart.it\/blog\/giubileo-2025\/cosa-portare-in-pellegrinaggio-organizzare-lo-zaino\/\">Cosa portare in pellegrinaggio: organizzare lo zaino!<\/a><\/strong><br \/>\nPrepararsi per un pellegrinaggio \u00e8 un\u2019esperienza emozionante e spiritualmente arricchente. Per garantire che&#8230;<\/p>\n<\/div>\n<h2>Un sogno nato in Austria<\/h2>\n<p>La storia della Luce della Pace di Betlemme non nasce con un\u2019antica leggenda. In realt\u00e0 \u00e8 molto recente, ma chi ha detto che il mondo non \u00e8 pi\u00f9 <a href=\"https:\/\/www.holyart.it\/blog\/articoli-religiosi\/come-chiedere-un-miracolo-un-percorso-di-fede-e-preghiera\/\"><strong>un posto per i miracoli<\/strong><\/a>? Nel 1986, la televisione nazionale austriaca ORF invent\u00f2 la\u00a0<strong><em>Licht ins Dunkel<\/em><\/strong>, una maratona di solidariet\u00e0 natalizia che significa \u201cLuce nel buio\u201d. L\u2019idea, all\u2019inizio, era semplice: inviare un bambino in Terra Santa, fargli accendere una lanterna proprio dalla lampada nella <a href=\"https:\/\/www.holyart.it\/it\/natale\/scenografie-presepe\/capanne-presepe-e-grotte\"><strong>Grotta della Nativit\u00e0<\/strong><\/a>, riportare quella scintilla a Linz, e donarla a chiunque volesse riceverla.\u200b<\/p>\n<p>Cos\u00ec \u00e8 cominciata. Da allora, ogni inverno, la luce della pace viene accesa a Betlemme e vola dall\u2019Oriente all\u2019Europa, portata da un bambino. La diffusione e la trasmissione di questa tradizione \u00e8 stata possibile grazie alla\u00a0<strong>rete mondiale degli scout<\/strong>. Nel 1988 \u00e8 arrivata anche in Italia, portata ogni anno da ragazzi e ragazze che salgono fino al Brennero, per scambiarla con i loro coetanei oltre confine, e poi la portano in treno nelle piazze, nei sagrati delle chiese. Un pellegrinaggio silenzioso, una staffetta virtuosa in cui il testimone non \u00e8 di carta n\u00e9 di metallo, ma di fuoco e di desiderio di condivisione e fratellanza.<\/p>\n<div class=\"link-product\">\n<div class=\"blocco-immagine\"><img loading=\"lazy\" decoding=\"async\" class=\"size-full wp-image-22967 alignleft\" src=\"https:\/\/blog.holyart.it\/it\/wp-content\/uploads\/sites\/17\/2025\/11\/capanna-in-legno-con-fuoco-25x35x15-cm.jpg\" alt=\"capanna in legno con fuoco 25x35x15 cm\" width=\"100\" height=\"100\" data-kale-share-title=\"Il viaggio della luce di Betlemme per la pace\" data-kale-share-url=\"https:\/\/blog.holyart.it\/it\/?p=22963\" \/><\/div>\n<div class=\"blocco-contenuto\">\n<div class=\"blocco-acquista\">Acquista su Holyart:<\/div>\n<div class=\"blocco-titolo\"><a href=\"https:\/\/www.holyart.it\/it\/natale\/scenografie-presepe\/capanne-presepe-e-grotte\">Capanne Presepe e Grotte<\/a><\/div>\n<div class=\"blocco-descrizione\">Qui puoi trovare una selezione di capanne per presepe e grotte per presepe in sughero, muschio, paglia, legno.<\/div>\n<\/div>\n<\/div>\n<p>Durante il viaggio la Luce della Pace diventa pretesto per gesti, incontri, sorrisi scambiati senza bisogno di parlare la stessa lingua. \u00c8 un simbolo che non appartiene solo ai cristiani, ma a tutti gli uomini, credenti o meno. La pace non ha confini n\u00e9 etichette.\u200b<\/p>\n<h2>Il pellegrinaggio delle lanterne<\/h2>\n<p>Dopo l\u2019arrivo dalla Terra Santa a Vienna, la Luce della Pace di Betlemme viene accolta in una cerimonia internazionale. Scout e volontari da tutta Europa sono l\u00ec, <a href=\"https:\/\/www.holyart.it\/it\/prodotti-consumabili\/candele-ceri-ceretti\"><strong>pronti ad accendere un lumino, una piccola lampada, una candela<\/strong><\/a>. Poi ripartono: treni carichi di luce attraversano i confini tra Austria e Italia, la fiamma si moltiplica in staffette, celebrazioni, veglie e incontri. Dal Brennero, si espande a sud: Trento, Bolzano, Genova, Roma, Napoli. Un mare di luci palpitanti dilaga verso tutte le citt\u00e0 italiane.\u200b<br \/>\nMa non solo. La lanterna percorre le capitali europee, passa nei quartieri pi\u00f9 dimenticati, entra negli ospedali e nelle carceri, raggiunge i bambini, gli anziani, chi vive la notte e chi aspetta il giorno. Ogni candela accesa diventa una preghiera a volte silenziosa, a volte cantata con tutta la gioia della giovinezza, un inno alla fraternit\u00e0, all\u2019inclusivit\u00e0.<\/p>\n<div class=\"link-product\">\n<div class=\"blocco-immagine\"><img loading=\"lazy\" decoding=\"async\" class=\"size-full wp-image-22968 alignleft\" src=\"https:\/\/blog.holyart.it\/it\/wp-content\/uploads\/sites\/17\/2025\/11\/candela-effetto-fiamma-elettrica-a-pile.jpg\" alt=\"candela effetto fiamma elettrica a pile\" width=\"100\" height=\"100\" data-kale-share-title=\"Il viaggio della luce di Betlemme per la pace\" data-kale-share-url=\"https:\/\/blog.holyart.it\/it\/?p=22963\" \/><\/div>\n<div class=\"blocco-contenuto\">\n<div class=\"blocco-acquista\">Acquista su Holyart:<\/div>\n<div class=\"blocco-titolo\"><a href=\"https:\/\/www.holyart.it\/it\/prodotti-consumabili\/candele-ceri-ceretti\">Candele, ceri, ceretti<\/a><\/div>\n<div class=\"blocco-descrizione\">Candele, ceri, ceri pasquali, ceretti, candele da altare.<\/div>\n<\/div>\n<\/div>\n<h2>Quando la fiamma non parte<\/h2>\n<p>A volte anche la fiamma deve cambiare strada.<br \/>\nNel 2023, il viaggio della Luce di Betlemme sembrava destinato a infrangersi contro <a href=\"https:\/\/www.holyart.it\/blog\/articoli-religiosi\/preghiera-per-la-pace-preghiamo-insieme-per-un-mondo-migliore\/\"><strong>la follia della guerra<\/strong><\/a>. Nessun bambino austriaco ha potuto raggiungere la Grotta della Nativit\u00e0, come accade ogni anno. Eppure, proprio l\u00ec, tra le pietre antiche e il silenzio delle preghiere, una bambina palestinese cristiana di Betlemme, Pillar Jarayseh, di appena dodici anni, si \u00e8 chinata davanti alla lampada a olio e ha acceso una lanterna. Quel piccolo gesto, fragile e grandissimo, ha dato inizio al viaggio della pace. La lanterna ha dovuto cambiare percorso: da Betlemme \u00e8 passata per Amman, in Giordania, per aggirare i divieti sui voli diretti a Israele. Da l\u00ec ha proseguito verso l\u2019Austria, dove un altro bambino, Michael Putz, dieci anni, scout e giovane pompiere, l\u2019ha accolta con le mani tremanti e gli occhi pieni di luce. A Linz, durante una cerimonia semplice, ma intensa, le delegazioni di tanti Paesi hanno ricevuto quella fiamma. Poi, come ogni anno, \u00e8 cominciata la staffetta: centinaia di mani, di volti, di storie diverse. Tutti uniti da un\u2019unica scintilla.<\/p>\n<div class=\"link-article\">\n<p><img loading=\"lazy\" decoding=\"async\" class=\"size-full wp-image-22969 alignleft\" src=\"https:\/\/blog.holyart.it\/it\/wp-content\/uploads\/sites\/17\/2025\/11\/preghiera-per-la-pace.jpeg\" alt=\"preghiera per la pace\" width=\"150\" height=\"99\" data-kale-share-title=\"Il viaggio della luce di Betlemme per la pace\" data-kale-share-url=\"https:\/\/blog.holyart.it\/it\/?p=22963\" \/><\/p>\n<div class=\"leggi-anche\">Leggi anche:<\/div>\n<p><strong><a href=\"https:\/\/www.holyart.it\/blog\/articoli-religiosi\/preghiera-per-la-pace-preghiamo-insieme-per-un-mondo-migliore\/\">Preghiera per la pace: preghiamo insieme per un mondo migliore<\/a><\/strong><br \/>\nDa sempre l\u2019umanit\u00e0 ricerca nella preghiera per la pace le parole&#8230;<\/p>\n<\/div>\n<p>Anche nel 2024, la Luce della Pace non ha potuto essere accesa direttamente a Betlemme. Ma gli scout europei non si sono persi d\u2019animo. Dal 2023 Steyr, citt\u00e0 austriaca gemellata con Betlemme, conservava una fiammella accesa l\u2019anno prima, mantenuta viva dai volontari con amore e dedizione. Contro ogni insensatezza umana, la luce non si \u00e8 spenta, ma ha ripreso il suo viaggio, fra difficolt\u00e0 e incertezze, verso i quartieri di Vienna, nei boschi del Tirolo, ai confini dell\u2019Italia. Nel buio della notte pi\u00f9 grande la Luce della Pace ha acceso di nuovo la speranza del Natale.<\/p>\n<h2>Valore e significato<\/h2>\n<p>Ma cosa significa davvero portare questa luce? La Luce di Betlemme \u00e8 pi\u00f9 di un simbolo religioso: \u00e8 messaggera di fraternit\u00e0 tra i popoli, invito a uscire dalla propria solitudine, antidoto contro la disperazione.\u200b<br \/>\nLa Pace, come la fiamma, ha bisogno di custodi. Non basta accenderla, bisogna proteggerla, difenderla dal vento del cinismo, dal gelo dell\u2019indifferenza, offrirla di nuovo al prossimo. E ogni Casa, ogni Chiesa, ogni strada che l\u2019accoglie, diventa luogo di comunione, anche per chi \u00e8 lontano dalla fede, anche per chi non ha pi\u00f9 parole da recitare. Basta una candela accesa, un momento di silenzio, un pensiero sincero: che quella piccola luce sia seme di pace nel mondo. Cos\u00ec quando vedremo <a href=\"https:\/\/www.holyart.it\/it\/natale\/decori-natalizi-per-la-casa\/candele-natalizie\"><strong>una candela accesa<\/strong><\/a>, magari nella nostra casa, in un angolo remoto della citt\u00e0, nel tepore di una chiesa, rivolgiamo un pensiero alla Luce di Betlemme, al viaggio che ha compiuto quella fiamma. Pensiamo alle mani che l\u2019hanno protetta, ai confini che ha attraversato, ai cuori che ha scaldato. La Luce della Pace di Betlemme ci ricorda che anche nel buio pi\u00f9 fitto, anche quando tutto sembra perduto, c\u2019\u00e8 sempre una fiammella che continua a brillare. Se ciascuno di noi la protegge e la condivide, quella piccola luce pu\u00f2 davvero illuminare il mondo intero.<\/p>\n<div class=\"link-product\">\n<div class=\"blocco-immagine\"><img loading=\"lazy\" decoding=\"async\" class=\"size-full wp-image-22970 alignleft\" src=\"https:\/\/blog.holyart.it\/it\/wp-content\/uploads\/sites\/17\/2025\/11\/kit-4-candele-avvento-viola-e-rosa-20-cm.jpg\" alt=\"kit 4 candele avvento viola e rosa 20 cm\" width=\"100\" height=\"100\" data-kale-share-title=\"Il viaggio della luce di Betlemme per la pace\" data-kale-share-url=\"https:\/\/blog.holyart.it\/it\/?p=22963\" \/><\/div>\n<div class=\"blocco-contenuto\">\n<div class=\"blocco-acquista\">Acquista su Holyart:<\/div>\n<div class=\"blocco-titolo\"><a href=\"https:\/\/www.holyart.it\/it\/natale\/decori-natalizi-per-la-casa\/candele-natalizie\">Candele natalizie<\/a><\/div>\n<div class=\"blocco-descrizione\">Candele natalizie \u00e8 la categoria dedicata alle candele di Natale per profumare la tua casa.<\/div>\n<\/div>\n<\/div>\n<h2>Preghiera per la Luce di Betlemme<\/h2>\n<p>Quando la fiamma arriva, la si riceve senza parole grandi, in raccoglimento. Non ci sono formule fisse: la preghiera per la Luce di Betlemme \u00e8 desiderio che ogni oscurit\u00e0 sia rischiarata, che la luce entri nelle case e nei cuori. \u00a0Non esiste una\u00a0preghiera \u201cufficiale\u201d unica\u00a0e universalmente\u00a0valida per la\u00a0Luce della Pace\u00a0di Betlemme,\u00a0ma esistono diverse\u00a0preghiere tradizionali utilizzate nelle cerimonie di accoglienza e distribuzione della Luce:<\/p>\n<p><em>Vieni in me con la tua Luce che risplende.<br \/>\nAccendi il mio cuore, fa che in esso arda il desiderio di servire i miei fratelli.<br \/>\nAccendi la mia mente, rendila capace di capire quello che devo fare.<br \/>\nAccendi i miei occhi, rendili capaci di vedere le cose meravigliose che fai sulla mia strada.<br \/>\nAccendi la mia vita, rendila capace di comunicare gioia alle persone che mi sono accanto.<br \/>\nAccendi la mia voglia di fare, rendila capace di collaborare alla costruzione di un mondo di pace.<\/em><\/p>\n","protected":false},"excerpt":{"rendered":"<p>Il viaggio della Luce di Betlemme: una storia che riscalda il cuore e regala speranza Nella penombra sacra della\u00a0Basilica della Nativit\u00e0 a Betlemme, tra le pietre che profumano di secoli e di fede, arde una lampada a olio. Non \u00e8 la stessa fiamma che brucia&hellip;<\/p>\n","protected":false},"author":1,"featured_media":22973,"comment_status":"closed","ping_status":"open","sticky":false,"template":"","format":"standard","meta":{"_acf_changed":false,"footnotes":""},"categories":[18],"tags":[],"class_list":["post-22963","post","type-post","status-publish","format-standard","has-post-thumbnail","hentry","category-natale"],"acf":[],"yoast_head":"<!-- This site is optimized with the Yoast SEO plugin v26.6 - https:\/\/yoast.com\/wordpress\/plugins\/seo\/ -->\n<title>Il viaggio della luce di Betlemme per la pace - Holyblog<\/title>\n<meta name=\"description\" content=\"Il viaggio della Luce di Betlemme: da una piccola fiamma accesa nella grotta del Bambino, un messaggio di pace e di speranza per il mondo.\" \/>\n<meta name=\"robots\" content=\"index, follow, max-snippet:-1, max-image-preview:large, max-video-preview:-1\" \/>\n<link rel=\"canonical\" href=\"https:\/\/blog.holyart.it\/it\/natale\/il-viaggio-della-luce-di-betlemme-per-la-pace\/\" \/>\n<meta property=\"og:locale\" content=\"it_IT\" \/>\n<meta property=\"og:type\" content=\"article\" \/>\n<meta property=\"og:title\" content=\"Il viaggio della luce di Betlemme per la pace - Holyblog\" \/>\n<meta property=\"og:description\" content=\"Il viaggio della Luce di Betlemme: da una piccola fiamma accesa nella grotta del Bambino, un messaggio di pace e di speranza per il mondo.\" \/>\n<meta property=\"og:url\" content=\"https:\/\/blog.holyart.it\/it\/natale\/il-viaggio-della-luce-di-betlemme-per-la-pace\/\" \/>\n<meta property=\"og:site_name\" content=\"Holyblog\" \/>\n<meta property=\"article:published_time\" content=\"2025-12-29T09:00:49+00:00\" \/>\n<meta property=\"article:modified_time\" content=\"2026-03-03T09:49:21+00:00\" \/>\n<meta property=\"og:image\" content=\"https:\/\/blog.holyart.it\/it\/wp-content\/uploads\/sites\/17\/2025\/11\/luce-di-betlemme.jpg\" \/>\n\t<meta property=\"og:image:width\" content=\"1000\" \/>\n\t<meta property=\"og:image:height\" content=\"666\" \/>\n\t<meta property=\"og:image:type\" content=\"image\/jpeg\" \/>\n<meta name=\"author\" content=\"Redazione\" \/>\n<meta name=\"twitter:card\" content=\"summary_large_image\" \/>\n<meta name=\"twitter:label1\" content=\"Scritto da\" \/>\n\t<meta name=\"twitter:data1\" content=\"Redazione\" \/>\n\t<meta name=\"twitter:label2\" content=\"Tempo di lettura stimato\" \/>\n\t<meta name=\"twitter:data2\" content=\"10 minuti\" \/>\n<script type=\"application\/ld+json\" class=\"yoast-schema-graph\">{\"@context\":\"https:\/\/schema.org\",\"@graph\":[{\"@type\":\"Article\",\"@id\":\"https:\/\/blog.holyart.it\/it\/natale\/il-viaggio-della-luce-di-betlemme-per-la-pace\/#article\",\"isPartOf\":{\"@id\":\"https:\/\/blog.holyart.it\/it\/natale\/il-viaggio-della-luce-di-betlemme-per-la-pace\/\"},\"author\":{\"name\":\"Redazione\",\"@id\":\"https:\/\/blog.holyart.it\/it\/#\/schema\/person\/0a7b686e5af0f856ec1e390dd0baecda\"},\"headline\":\"Il viaggio della luce di Betlemme per la pace\",\"datePublished\":\"2025-12-29T09:00:49+00:00\",\"dateModified\":\"2026-03-03T09:49:21+00:00\",\"mainEntityOfPage\":{\"@id\":\"https:\/\/blog.holyart.it\/it\/natale\/il-viaggio-della-luce-di-betlemme-per-la-pace\/\"},\"wordCount\":1525,\"publisher\":{\"@id\":\"https:\/\/blog.holyart.it\/it\/#organization\"},\"image\":{\"@id\":\"https:\/\/blog.holyart.it\/it\/natale\/il-viaggio-della-luce-di-betlemme-per-la-pace\/#primaryimage\"},\"thumbnailUrl\":\"https:\/\/blog.holyart.it\/it\/wp-content\/uploads\/sites\/17\/2025\/11\/luce-di-betlemme.jpg\",\"articleSection\":[\"Natale\"],\"inLanguage\":\"it-IT\"},{\"@type\":\"WebPage\",\"@id\":\"https:\/\/blog.holyart.it\/it\/natale\/il-viaggio-della-luce-di-betlemme-per-la-pace\/\",\"url\":\"https:\/\/blog.holyart.it\/it\/natale\/il-viaggio-della-luce-di-betlemme-per-la-pace\/\",\"name\":\"Il viaggio della luce di Betlemme per la pace - Holyblog\",\"isPartOf\":{\"@id\":\"https:\/\/blog.holyart.it\/it\/#website\"},\"primaryImageOfPage\":{\"@id\":\"https:\/\/blog.holyart.it\/it\/natale\/il-viaggio-della-luce-di-betlemme-per-la-pace\/#primaryimage\"},\"image\":{\"@id\":\"https:\/\/blog.holyart.it\/it\/natale\/il-viaggio-della-luce-di-betlemme-per-la-pace\/#primaryimage\"},\"thumbnailUrl\":\"https:\/\/blog.holyart.it\/it\/wp-content\/uploads\/sites\/17\/2025\/11\/luce-di-betlemme.jpg\",\"datePublished\":\"2025-12-29T09:00:49+00:00\",\"dateModified\":\"2026-03-03T09:49:21+00:00\",\"description\":\"Il viaggio della Luce di Betlemme: da una piccola fiamma accesa nella grotta del Bambino, un messaggio di pace e di speranza per il mondo.\",\"breadcrumb\":{\"@id\":\"https:\/\/blog.holyart.it\/it\/natale\/il-viaggio-della-luce-di-betlemme-per-la-pace\/#breadcrumb\"},\"inLanguage\":\"it-IT\",\"potentialAction\":[{\"@type\":\"ReadAction\",\"target\":[\"https:\/\/blog.holyart.it\/it\/natale\/il-viaggio-della-luce-di-betlemme-per-la-pace\/\"]}]},{\"@type\":\"ImageObject\",\"inLanguage\":\"it-IT\",\"@id\":\"https:\/\/blog.holyart.it\/it\/natale\/il-viaggio-della-luce-di-betlemme-per-la-pace\/#primaryimage\",\"url\":\"https:\/\/blog.holyart.it\/it\/wp-content\/uploads\/sites\/17\/2025\/11\/luce-di-betlemme.jpg\",\"contentUrl\":\"https:\/\/blog.holyart.it\/it\/wp-content\/uploads\/sites\/17\/2025\/11\/luce-di-betlemme.jpg\",\"width\":1000,\"height\":666,\"caption\":\"luce di betlemme\"},{\"@type\":\"BreadcrumbList\",\"@id\":\"https:\/\/blog.holyart.it\/it\/natale\/il-viaggio-della-luce-di-betlemme-per-la-pace\/#breadcrumb\",\"itemListElement\":[{\"@type\":\"ListItem\",\"position\":1,\"name\":\"Homepage\",\"item\":\"https:\/\/blog.holyart.it\/it\/\"},{\"@type\":\"ListItem\",\"position\":2,\"name\":\"Natale\",\"item\":\"https:\/\/blog.holyart.it\/it\/natale\/\"},{\"@type\":\"ListItem\",\"position\":3,\"name\":\"Il viaggio della luce di Betlemme per la pace\"}]},{\"@type\":\"WebSite\",\"@id\":\"https:\/\/blog.holyart.it\/it\/#website\",\"url\":\"https:\/\/blog.holyart.it\/it\/\",\"name\":\"Holyblog\",\"description\":\"Il Blog di Holyart.it\",\"publisher\":{\"@id\":\"https:\/\/blog.holyart.it\/it\/#organization\"},\"potentialAction\":[{\"@type\":\"SearchAction\",\"target\":{\"@type\":\"EntryPoint\",\"urlTemplate\":\"https:\/\/blog.holyart.it\/it\/?s={search_term_string}\"},\"query-input\":{\"@type\":\"PropertyValueSpecification\",\"valueRequired\":true,\"valueName\":\"search_term_string\"}}],\"inLanguage\":\"it-IT\"},{\"@type\":\"Organization\",\"@id\":\"https:\/\/blog.holyart.it\/it\/#organization\",\"name\":\"Holyblog\",\"url\":\"https:\/\/blog.holyart.it\/it\/\",\"logo\":{\"@type\":\"ImageObject\",\"inLanguage\":\"it-IT\",\"@id\":\"https:\/\/blog.holyart.it\/it\/#\/schema\/logo\/image\/\",\"url\":\"https:\/\/blog.holyart.it\/it\/wp-content\/uploads\/sites\/17\/2022\/12\/Holyart_Blog_Logo.jpg\",\"contentUrl\":\"https:\/\/blog.holyart.it\/it\/wp-content\/uploads\/sites\/17\/2022\/12\/Holyart_Blog_Logo.jpg\",\"width\":300,\"height\":50,\"caption\":\"Holyblog\"},\"image\":{\"@id\":\"https:\/\/blog.holyart.it\/it\/#\/schema\/logo\/image\/\"}},{\"@type\":\"Person\",\"@id\":\"https:\/\/blog.holyart.it\/it\/#\/schema\/person\/0a7b686e5af0f856ec1e390dd0baecda\",\"name\":\"Redazione\"}]}<\/script>\n<!-- \/ Yoast SEO plugin. -->","yoast_head_json":{"title":"Il viaggio della luce di Betlemme per la pace - Holyblog","description":"Il viaggio della Luce di Betlemme: da una piccola fiamma accesa nella grotta del Bambino, un messaggio di pace e di speranza per il mondo.","robots":{"index":"index","follow":"follow","max-snippet":"max-snippet:-1","max-image-preview":"max-image-preview:large","max-video-preview":"max-video-preview:-1"},"canonical":"https:\/\/blog.holyart.it\/it\/natale\/il-viaggio-della-luce-di-betlemme-per-la-pace\/","og_locale":"it_IT","og_type":"article","og_title":"Il viaggio della luce di Betlemme per la pace - Holyblog","og_description":"Il viaggio della Luce di Betlemme: da una piccola fiamma accesa nella grotta del Bambino, un messaggio di pace e di speranza per il mondo.","og_url":"https:\/\/blog.holyart.it\/it\/natale\/il-viaggio-della-luce-di-betlemme-per-la-pace\/","og_site_name":"Holyblog","article_published_time":"2025-12-29T09:00:49+00:00","article_modified_time":"2026-03-03T09:49:21+00:00","og_image":[{"width":1000,"height":666,"url":"https:\/\/blog.holyart.it\/it\/wp-content\/uploads\/sites\/17\/2025\/11\/luce-di-betlemme.jpg","type":"image\/jpeg"}],"author":"Redazione","twitter_card":"summary_large_image","twitter_misc":{"Scritto da":"Redazione","Tempo di lettura stimato":"10 minuti"},"schema":{"@context":"https:\/\/schema.org","@graph":[{"@type":"Article","@id":"https:\/\/blog.holyart.it\/it\/natale\/il-viaggio-della-luce-di-betlemme-per-la-pace\/#article","isPartOf":{"@id":"https:\/\/blog.holyart.it\/it\/natale\/il-viaggio-della-luce-di-betlemme-per-la-pace\/"},"author":{"name":"Redazione","@id":"https:\/\/blog.holyart.it\/it\/#\/schema\/person\/0a7b686e5af0f856ec1e390dd0baecda"},"headline":"Il viaggio della luce di Betlemme per la pace","datePublished":"2025-12-29T09:00:49+00:00","dateModified":"2026-03-03T09:49:21+00:00","mainEntityOfPage":{"@id":"https:\/\/blog.holyart.it\/it\/natale\/il-viaggio-della-luce-di-betlemme-per-la-pace\/"},"wordCount":1525,"publisher":{"@id":"https:\/\/blog.holyart.it\/it\/#organization"},"image":{"@id":"https:\/\/blog.holyart.it\/it\/natale\/il-viaggio-della-luce-di-betlemme-per-la-pace\/#primaryimage"},"thumbnailUrl":"https:\/\/blog.holyart.it\/it\/wp-content\/uploads\/sites\/17\/2025\/11\/luce-di-betlemme.jpg","articleSection":["Natale"],"inLanguage":"it-IT"},{"@type":"WebPage","@id":"https:\/\/blog.holyart.it\/it\/natale\/il-viaggio-della-luce-di-betlemme-per-la-pace\/","url":"https:\/\/blog.holyart.it\/it\/natale\/il-viaggio-della-luce-di-betlemme-per-la-pace\/","name":"Il viaggio della luce di Betlemme per la pace - Holyblog","isPartOf":{"@id":"https:\/\/blog.holyart.it\/it\/#website"},"primaryImageOfPage":{"@id":"https:\/\/blog.holyart.it\/it\/natale\/il-viaggio-della-luce-di-betlemme-per-la-pace\/#primaryimage"},"image":{"@id":"https:\/\/blog.holyart.it\/it\/natale\/il-viaggio-della-luce-di-betlemme-per-la-pace\/#primaryimage"},"thumbnailUrl":"https:\/\/blog.holyart.it\/it\/wp-content\/uploads\/sites\/17\/2025\/11\/luce-di-betlemme.jpg","datePublished":"2025-12-29T09:00:49+00:00","dateModified":"2026-03-03T09:49:21+00:00","description":"Il viaggio della Luce di Betlemme: da una piccola fiamma accesa nella grotta del Bambino, un messaggio di pace e di speranza per il mondo.","breadcrumb":{"@id":"https:\/\/blog.holyart.it\/it\/natale\/il-viaggio-della-luce-di-betlemme-per-la-pace\/#breadcrumb"},"inLanguage":"it-IT","potentialAction":[{"@type":"ReadAction","target":["https:\/\/blog.holyart.it\/it\/natale\/il-viaggio-della-luce-di-betlemme-per-la-pace\/"]}]},{"@type":"ImageObject","inLanguage":"it-IT","@id":"https:\/\/blog.holyart.it\/it\/natale\/il-viaggio-della-luce-di-betlemme-per-la-pace\/#primaryimage","url":"https:\/\/blog.holyart.it\/it\/wp-content\/uploads\/sites\/17\/2025\/11\/luce-di-betlemme.jpg","contentUrl":"https:\/\/blog.holyart.it\/it\/wp-content\/uploads\/sites\/17\/2025\/11\/luce-di-betlemme.jpg","width":1000,"height":666,"caption":"luce di betlemme"},{"@type":"BreadcrumbList","@id":"https:\/\/blog.holyart.it\/it\/natale\/il-viaggio-della-luce-di-betlemme-per-la-pace\/#breadcrumb","itemListElement":[{"@type":"ListItem","position":1,"name":"Homepage","item":"https:\/\/blog.holyart.it\/it\/"},{"@type":"ListItem","position":2,"name":"Natale","item":"https:\/\/blog.holyart.it\/it\/natale\/"},{"@type":"ListItem","position":3,"name":"Il viaggio della luce di Betlemme per la pace"}]},{"@type":"WebSite","@id":"https:\/\/blog.holyart.it\/it\/#website","url":"https:\/\/blog.holyart.it\/it\/","name":"Holyblog","description":"Il Blog di Holyart.it","publisher":{"@id":"https:\/\/blog.holyart.it\/it\/#organization"},"potentialAction":[{"@type":"SearchAction","target":{"@type":"EntryPoint","urlTemplate":"https:\/\/blog.holyart.it\/it\/?s={search_term_string}"},"query-input":{"@type":"PropertyValueSpecification","valueRequired":true,"valueName":"search_term_string"}}],"inLanguage":"it-IT"},{"@type":"Organization","@id":"https:\/\/blog.holyart.it\/it\/#organization","name":"Holyblog","url":"https:\/\/blog.holyart.it\/it\/","logo":{"@type":"ImageObject","inLanguage":"it-IT","@id":"https:\/\/blog.holyart.it\/it\/#\/schema\/logo\/image\/","url":"https:\/\/blog.holyart.it\/it\/wp-content\/uploads\/sites\/17\/2022\/12\/Holyart_Blog_Logo.jpg","contentUrl":"https:\/\/blog.holyart.it\/it\/wp-content\/uploads\/sites\/17\/2022\/12\/Holyart_Blog_Logo.jpg","width":300,"height":50,"caption":"Holyblog"},"image":{"@id":"https:\/\/blog.holyart.it\/it\/#\/schema\/logo\/image\/"}},{"@type":"Person","@id":"https:\/\/blog.holyart.it\/it\/#\/schema\/person\/0a7b686e5af0f856ec1e390dd0baecda","name":"Redazione"}]}},"_links":{"self":[{"href":"https:\/\/blog.holyart.it\/it\/wp-json\/wp\/v2\/posts\/22963","targetHints":{"allow":["GET"]}}],"collection":[{"href":"https:\/\/blog.holyart.it\/it\/wp-json\/wp\/v2\/posts"}],"about":[{"href":"https:\/\/blog.holyart.it\/it\/wp-json\/wp\/v2\/types\/post"}],"author":[{"embeddable":true,"href":"https:\/\/blog.holyart.it\/it\/wp-json\/wp\/v2\/users\/1"}],"replies":[{"embeddable":true,"href":"https:\/\/blog.holyart.it\/it\/wp-json\/wp\/v2\/comments?post=22963"}],"version-history":[{"count":4,"href":"https:\/\/blog.holyart.it\/it\/wp-json\/wp\/v2\/posts\/22963\/revisions"}],"predecessor-version":[{"id":22974,"href":"https:\/\/blog.holyart.it\/it\/wp-json\/wp\/v2\/posts\/22963\/revisions\/22974"}],"wp:featuredmedia":[{"embeddable":true,"href":"https:\/\/blog.holyart.it\/it\/wp-json\/wp\/v2\/media\/22973"}],"wp:attachment":[{"href":"https:\/\/blog.holyart.it\/it\/wp-json\/wp\/v2\/media?parent=22963"}],"wp:term":[{"taxonomy":"category","embeddable":true,"href":"https:\/\/blog.holyart.it\/it\/wp-json\/wp\/v2\/categories?post=22963"},{"taxonomy":"post_tag","embeddable":true,"href":"https:\/\/blog.holyart.it\/it\/wp-json\/wp\/v2\/tags?post=22963"}],"curies":[{"name":"wp","href":"https:\/\/api.w.org\/{rel}","templated":true}]}}