{"id":22830,"date":"2026-01-05T10:00:43","date_gmt":"2026-01-05T09:00:43","guid":{"rendered":"https:\/\/blog.holyart.it\/it\/?p=22830"},"modified":"2026-03-03T10:50:52","modified_gmt":"2026-03-03T09:50:52","slug":"solennita-feste-e-memorie-le-priorita-del-calendario-liturgico","status":"publish","type":"post","link":"https:\/\/blog.holyart.it\/it\/articoli-religiosi\/solennita-feste-e-memorie-le-priorita-del-calendario-liturgico\/","title":{"rendered":"Solennit\u00e0, feste e memorie: le \u201cpriorit\u00e0\u201d del calendario liturgico"},"content":{"rendered":"<h4>Il calendario liturgico scandisce l\u2019anno di fede con Solennit\u00e0, Feste e Memorie, che raccontano il cammino della Chiesa nel tempo<\/h4>\n\n<p>Immagina di entrare in una cattedrale la notte di Natale. Le navate sono gremite di volti emozionati, i canti si alzano come un respiro comune, e la luce tremolante delle candele danza sui paramenti dorati del sacerdote. Tutto parla di festa, di attesa compiuta, di mistero e di gioia.\u00a0Ora immagina di tornare nello stesso luogo qualche mese dopo, in un mercoled\u00ec qualunque. Poche persone, silenziose. L\u2019altare \u00e8 spoglio, il sacerdote indossa paramenti semplici, le letture scorrono con la calma dei giorni feriali. Eppure anche qui si respira qualcosa di sacro, un\u2019intimit\u00e0 diversa: quella di chi celebra la memoria liturgica di un santo poco conosciuto, un testimone nascosto della fede.\u00a0Perch\u00e9 questa differenza? Perch\u00e9 la Chiesa, nel suo ritmo millenario, non celebra ogni giorno allo stesso modo. Ha un suo cuore pulsante, scandito da solennit\u00e0, feste liturgiche e memorie, e un calendario, il\u00a0<strong>calendario liturgico,<\/strong>\u00a0che non serve solo a segnare le date, ma a raccontare il cammino di Dio nella storia.<\/p>\n<p>L\u2019<a href=\"https:\/\/www.holyart.it\/blog\/accessori-liturgia\/lanno-e-tempi-liturgici-facciamo-chiarezza\/\"><strong>anno liturgico<\/strong><\/a>\u00a0\u00e8 come una sinfonia: alcune note esplodono in gloria, altre restano quasi impercettibili, ma tutte concorrono a formare un\u2019armonia. Ci sono festivit\u00e0 cristiane in occasione delle quali il mondo intero resta in sospeso, come Natale o Pasqua, e altre che, pur pi\u00f9 piccole, portano la luce discreta della quotidianit\u00e0. In questo alternarsi di splendore e silenzio, di canti solenni e preghiere sussurrate, la Chiesa insegna che la fede si vive tanto nei giorni grandi quanto in quelli umili, perch\u00e9 ogni tempo pu\u00f2 diventare incontro con il divino.<\/p>\n<div class=\"link-article\">\n<p><img loading=\"lazy\" decoding=\"async\" class=\"size-full wp-image-22831 alignleft\" src=\"https:\/\/blog.holyart.it\/it\/wp-content\/uploads\/sites\/17\/2025\/11\/calendario-liturgico.jpg\" alt=\"calendario liturgico\" width=\"150\" height=\"99\" data-kale-share-title=\"Solennit\u00e0, feste e memorie: le \u201cpriorit\u00e0\u201d del calendario liturgico\" data-kale-share-url=\"https:\/\/blog.holyart.it\/it\/?p=22830\" \/><\/p>\n<div class=\"leggi-anche\">Leggi anche:<\/div>\n<p><strong><a href=\"https:\/\/www.holyart.it\/blog\/accessori-liturgia\/lanno-e-tempi-liturgici-facciamo-chiarezza\/\">L\u2019anno e tempi liturgici: facciamo chiarezza<\/a><\/strong><br \/>\nI tempi liturgici della chiesa cattolica sono le stagioni in cui \u00e8 suddiviso l\u2019anno liturgico. Scopriamoli insieme&#8230;<\/p>\n<\/div>\n<p>Per questo, nelle ricorrenze del Calendario liturgico, distinguiamo tra\u00a0<strong>Solennit\u00e0, Feste e Memorie<\/strong>. Non si tratta solo di etichette liturgiche, ma di tre modi diversi con cui la Chiesa vive l\u2019anno liturgico.<br \/>\nSono come tre intensit\u00e0 di luce: la solennit\u00e0 \u00e8 il pieno giorno, la festa \u00e8 il crepuscolo, la memoria \u00e8 la piccola fiamma che arde costante nel quotidiano.<\/p>\n<h2>Solennit\u00e0, Feste e Memorie<\/h2>\n<p>La distinzione tra\u00a0<strong>Solennit\u00e0<\/strong>,\u00a0<strong>Feste<\/strong>\u00a0e\u00a0<strong>Memorie<\/strong>\u00a0non \u00e8 un dettaglio tecnico, ma una bussola che aiuta la Chiesa a raccontare, nel corso dell\u2019anno, il mistero di Cristo, della Vergine e dei santi.<br \/>\nTutto questo \u00e8 stabilito dall\u2019Ordinamento Generale dell\u2019Anno Liturgico e del Calendario (OG 1969, aggiornato) e dal Calendario Romano Generale: veri e propri atlanti del sacro. In essi, i giorni si distinguono non per importanza mondana, ma per intensit\u00e0 spirituale.<br \/>\nLe\u00a0<strong>Solennit\u00e0<\/strong>\u00a0sono le vette pi\u00f9 alte di questo paesaggio liturgico, i giorni in cui la Chiesa si veste a festa e fa risuonare il suo canto pi\u00f9 solenne. Sono le celebrazioni centrali dell\u2019anno cristiano: la\u00a0<a href=\"https:\/\/www.holyart.it\/it\/occasioni-speciali\/pasqua-e-quaresima\"><strong>Pasqua<\/strong><\/a>, il\u00a0<a href=\"https:\/\/www.holyart.it\/it\/natale\"><strong>Natale<\/strong><\/a>, <a href=\"https:\/\/www.holyart.it\/blog\/articoli-religiosi\/festa-dei-re-magi-le-tradizioni-in-italia-e-in-europa\/\">l\u2019<strong>Epifania<\/strong><\/a>, la\u00a0<a href=\"https:\/\/www.holyart.it\/blog\/pasqua\/la-pentecoste-giorno-cui-si-celebra-lo-spirito-santo-la-nascita-della-chiesa\/\"><strong>Pentecoste<\/strong><\/a>, il\u00a0<strong>Corpus Domini<\/strong>.<\/p>\n<div class=\"link-product\">\n<div class=\"blocco-immagine\"><img loading=\"lazy\" decoding=\"async\" class=\"size-full wp-image-22833 alignleft\" src=\"https:\/\/blog.holyart.it\/it\/wp-content\/uploads\/sites\/17\/2025\/11\/albero-di-natale-270cm-prelit-1048-led-bianco-caldo-multicolor-litzner-verde-winter-woodland.jpg\" alt=\"albero di natale 270cm prelit 1048 led bianco caldo multicolor litzner verde winter woodland\" width=\"100\" height=\"100\" data-kale-share-title=\"Solennit\u00e0, feste e memorie: le \u201cpriorit\u00e0\u201d del calendario liturgico\" data-kale-share-url=\"https:\/\/blog.holyart.it\/it\/?p=22830\" \/><\/div>\n<div class=\"blocco-contenuto\">\n<div class=\"blocco-acquista\">Acquista su Holyart:<\/div>\n<div class=\"blocco-titolo\"><a href=\"https:\/\/www.holyart.it\/it\/natale\/\">Natale<\/a><\/div>\n<div class=\"blocco-descrizione\">Una vasta gamma di articoli per il periodo natalizio.<\/div>\n<\/div>\n<\/div>\n<p>A queste si aggiungono le grandi\u00a0<strong>feste mariane<\/strong>, e alcune dedicate a santi che segnano la storia della fede:\u00a0<a href=\"https:\/\/www.holyart.it\/it\/occasioni-speciali\/san-giuseppe\"><strong>San Giuseppe<\/strong><\/a>,\u00a0<strong>i Santi Pietro e Paolo<\/strong>,\u00a0<a href=\"https:\/\/www.holyart.it\/blog\/articoli-religiosi\/festa-tutti-santi-1-novembre\/\"><strong>Tutti i Santi<\/strong><\/a>.<br \/>\nLe solennit\u00e0 sono precedute da una preparazione profonda e accompagnate da una liturgia ricca: i\u00a0<strong>Vespri di vigilia<\/strong>, la\u00a0<strong>Messa vigiliare<\/strong>, la proclamazione di\u00a0<strong>letture proprie<\/strong>, il canto del\u00a0<strong>Gloria<\/strong>\u00a0e la recita del\u00a0<strong>Credo<\/strong>.<br \/>\nTra tutte,\u00a0<strong>Pasqua<\/strong>\u00a0e\u00a0<strong>Natale<\/strong>\u00a0restano le due colonne portanti: momenti di grazia che scandiscono il ritmo dell\u2019anno e della vita stessa della Chiesa.<\/p>\n<p>Subito sotto le solennit\u00e0 troviamo le\u00a0<strong>Feste liturgiche<\/strong>, giornate di grande importanza, anche se pi\u00f9 semplici nel tono. Celebrano momenti significativi della vita di Cristo, della Vergine e dei santi maggiori, in particolare\u00a0<strong><a href=\"https:\/\/www.holyart.it\/blog\/santi-e-beati\/chi-erano-i-12-apostoli-e-scopri-la-differenza-tra-apostoli-e-discepoli\/\">Apostoli<\/a> ed Evangelisti<\/strong>. Durante la Messa si canta il\u00a0<strong>Gloria<\/strong>, ma non il\u00a0<strong>Credo<\/strong>, a eccezione di alcune feste del Signore. Non prevedono, di norma, una Messa di vigilia, salvo rare eccezioni come la <a href=\"https:\/\/www.holyart.it\/blog\/articoli-religiosi\/presentazione-di-gesu-al-tempio-fino-alla-festa-della-candelora\/\"><strong>Presentazione del Signore<\/strong><\/a>. Quando una festa cade di domenica in Tempo Ordinario, lascia spazio alla celebrazione domenicale, a meno che non si tratti, appunto, di una festa del Signore, che mantiene la precedenza.<\/p>\n<div class=\"link-article\">\n<p><img loading=\"lazy\" decoding=\"async\" class=\"size-full wp-image-22834 alignleft\" src=\"https:\/\/blog.holyart.it\/it\/wp-content\/uploads\/sites\/17\/2025\/11\/presentazione-di-Gesu-al-tempio.jpg\" alt=\"presentazione di Ges\u00f9 al tempio\" width=\"150\" height=\"99\" data-kale-share-title=\"Solennit\u00e0, feste e memorie: le \u201cpriorit\u00e0\u201d del calendario liturgico\" data-kale-share-url=\"https:\/\/blog.holyart.it\/it\/?p=22830\" \/><\/p>\n<div class=\"leggi-anche\">Leggi anche:<\/div>\n<p><strong><a href=\"https:\/\/www.holyart.it\/blog\/articoli-religiosi\/presentazione-di-gesu-al-tempio-fino-alla-festa-della-candelora\/\">Presentazione di Ges\u00f9 al tempio fino alla festa della Candelora<\/a><\/strong><br \/>\nIl 2 febbraio si festeggia la presentazione di Ges\u00f9 al tempio. Conosciuta anche come festa della purificazione di Maria&#8230;<\/p>\n<\/div>\n<p>Infine, scendendo all\u2019ultimo gradino, troviamo le\u00a0<strong>Memorie<\/strong>, le celebrazioni pi\u00f9 semplici e quotidiane, ma anche le pi\u00f9 numerose: quelle che tengono viva, giorno dopo giorno, la memoria dei santi e dei beati. Possono essere\u00a0<strong>obbligatorie<\/strong>\u00a0o\u00a0<strong>facoltative<\/strong>, a seconda del loro peso nella vita della Chiesa. La loro liturgia \u00e8 sobria e adattabile: si possono usare le letture del giorno o quelle proprie del santo, le preghiere cambiano solo leggermente, e non si recitano n\u00e9\u00a0<strong>Gloria<\/strong>\u00a0n\u00e9\u00a0<strong>Credo<\/strong>. Il colore liturgico \u00e8 di solito bianco per i santi non martiri e rosso per i martiri. Le memorie non interrompono il tempo liturgico, lo accompagnano.<br \/>\nAlcune, dette\u00a0<em>ad libitum<\/em>, permettono di celebrare santi locali, patroni o beati legati a una diocesi o a una tradizione particolare.<\/p>\n<p>Ogni grado liturgico ha il suo perch\u00e9, ogni data del calendario liturgico \u00e8 una scelta consapevole, un segno che orienta lo sguardo verso il mistero di Dio. Capire questa gerarchia non significa perdersi nei dettagli di un calendario: significa entrare nel respiro della Chiesa, adeguarsi al suo ritmo, da quella alternanza di silenzio e canto, di raccoglimento e gioia. Il calendario liturgico diventa cos\u00ec una mappa spirituale che attraversiamo ogni anno, un percorso dove le feste religiose ci chiamano a fermarci con intensit\u00e0 diversa, a contemplare con sguardi differenti i volti del mistero cristiano. Ogni giorno ha il suo posto nel grande mosaico della fede cattolica. Soprattutto, non dobbiamo mai perdere di vista la verit\u00e0 pi\u00f9 importante: dietro ogni festa religiosa, grande o piccola, c\u2019\u00e8 un invito a fermarsi, a ricordare, e a riscoprire che la fede non \u00e8 statica, ma viva, capace di cambiare colore e intensit\u00e0 come le stagioni dell\u2019anima.<\/p>\n<h2>Le Solennit\u00e0 cattoliche<\/h2>\n<p>Le\u00a0<strong>Solennit\u00e0 cattoliche<\/strong>\u00a0rappresentano i momenti pi\u00f9 alti del calendario liturgico, le feste pi\u00f9 importanti e significative, i giorni in cui la fede si fa canto, festa, stupore.<br \/>\nSono i momenti in cui la Chiesa ci invita a fermarci davvero, a respirare il mistero, a lasciare che la liturgia ci attraversi e ci coinvolga, facendoci sentire parte di un tutto prezioso e trascendentale. Non sono solo formalit\u00e0, o almeno non dovrebbero esserlo. Ogni solennit\u00e0 \u00e8 una porta che si apre sull\u2019eternit\u00e0, un frammento di cielo che scende sulla terra e la benedice, la rinnova. Ogni Solennit\u00e0 ha le sue regole, le proprie letture, vigilie, orazioni, ma ci\u00f2 che la distingue non \u00e8 la forma. Sono giornate in cui la comunit\u00e0 si stringe, le famiglie si riuniscono, e anche chi vive la fede con distanza sente, per un istante, il desiderio di tornare in chiesa. Sono come punti di luce che ci orientano, momenti in cui il tempo si ferma e l\u2019eterno si lascia intravedere. Hanno anche un volto sensoriale: <a href=\"https:\/\/www.holyart.it\/it\/prodotti-consumabili\/incensi\"><strong>profumo d\u2019incenso<\/strong><\/a> e <a href=\"https:\/\/www.holyart.it\/it\/prodotti-consumabili\/candele-ceri-ceretti\"><strong>luce di candele<\/strong><\/a>, oro e bianco che brillano nei <a href=\"https:\/\/www.holyart.it\/it\/accessori-per-la-liturgia\/paramenti-liturgici-servizi-altare-coprileggii\"><strong>paramenti<\/strong><\/a>, canto d\u2019organo che riempie le volte.<br \/>\nLa liturgia cattolica sa che la fede passa attraverso il corpo: il suono, il colore, il gesto. \u00c8 una fede che si tocca, che si respira, che si vede.<\/p>\n<div class=\"link-product\">\n<div class=\"blocco-immagine\"><img loading=\"lazy\" decoding=\"async\" class=\"size-full wp-image-22835 alignleft\" src=\"https:\/\/blog.holyart.it\/it\/wp-content\/uploads\/sites\/17\/2025\/11\/casula-con-ricamo-bicolore-ihs-in-primis.jpg\" alt=\"casula con ricamo bicolore ihs in primis\" width=\"100\" height=\"100\" data-kale-share-title=\"Solennit\u00e0, feste e memorie: le \u201cpriorit\u00e0\u201d del calendario liturgico\" data-kale-share-url=\"https:\/\/blog.holyart.it\/it\/?p=22830\" \/><\/div>\n<div class=\"blocco-contenuto\">\n<div class=\"blocco-acquista\">Acquista su Holyart:<\/div>\n<div class=\"blocco-titolo\"><a href=\"https:\/\/www.holyart.it\/it\/accessori-per-la-liturgia\/paramenti-liturgici-servizi-altare-coprileggii\">Paramenti liturgici, servizi altare, coprileggii<\/a><\/div>\n<div class=\"blocco-descrizione\">Casule e stole, servizi da altare, piviali, pianete, tovaglie da altare, camici liturgici, coprileggii e tanti altri paramenti sacri per la messa.<\/div>\n<\/div>\n<\/div>\n<h2>Il cuore della fede: Pasqua e Natale<\/h2>\n<p>Pensiamo alla\u00a0<a href=\"https:\/\/www.holyart.it\/blog\/pasqua\/le-origini-della-pasqua\/\"><strong>Pasqua<\/strong><\/a>, la \u201cfesta delle feste\u201d, il cuore di tutto l\u2019anno liturgico.<br \/>\n\u00c8 la celebrazione della\u00a0<strong>risurrezione di Cristo<\/strong>, la luce che squarcia le tenebre della morte. Non dura un solo giorno: la sua gioia si dilata per cinquanta, fino alla\u00a0Pentecoste. Prima ancora, la\u00a0<strong><a href=\"https:\/\/www.holyart.it\/blog\/pasqua\/quaresima-cose-funziona\">Quaresima<\/a>\u00a0<\/strong>ci prepara a questo periodo cos\u00ec importante, come un lungo respiro, un\u2019ascesa silenziosa. Ogni gesto, ogni canto, ogni colore, dal viola penitenziale al bianco del mattino di Pasqua, racconta una trasformazione: quella di chi passa con Cristo dalle tenebre alla luce.<\/p>\n<p>Anche il\u00a0<a href=\"https:\/\/www.holyart.it\/blog\/articoli-religiosi\/messa-di-natale-tutte-le-curiosita-sul-rito\/\"><strong>Natale<\/strong><\/a>\u00a0ha un suo linguaggio di incanto e meraviglia. Dio sceglie di farsi bambino, di entrare nel mondo non con potenza, ma con fragilit\u00e0. <strong>L\u2019<a href=\"https:\/\/www.holyart.it\/blog\/natale\/la-corona-davvento-in-chiesa-10-curiosita\/\">Avvento<\/a>\u00a0<\/strong>ci conduce a quel momento come un\u2019attesa lenta e dolce, e la festa esplode di luce e di bianco. Le celebrazioni liturgiche di questo tempo ci ricordano che l\u2019amore divino sa essere disarmante, concreto, tenerissimo.<\/p>\n<div class=\"link-article\">\n<p><img loading=\"lazy\" decoding=\"async\" class=\"size-full wp-image-22836 alignleft\" src=\"https:\/\/blog.holyart.it\/it\/wp-content\/uploads\/sites\/17\/2025\/11\/messa-di-natale.jpg\" alt=\"messa di natale\" width=\"150\" height=\"99\" data-kale-share-title=\"Solennit\u00e0, feste e memorie: le \u201cpriorit\u00e0\u201d del calendario liturgico\" data-kale-share-url=\"https:\/\/blog.holyart.it\/it\/?p=22830\" \/><\/p>\n<div class=\"leggi-anche\">Leggi anche:<\/div>\n<p><strong><a href=\"https:\/\/www.holyart.it\/blog\/articoli-religiosi\/messa-di-natale-tutte-le-curiosita-sul-rito\/\">Messa di Natale: tutte le curiosit\u00e0 sul rito<\/a><\/strong><br \/>\nLa Messa di Natale \u00e8 una tradizione antica, che affonda le sue radici nelle Sacre Scritture, ma anche in antiche feste pagane&#8230;<\/p>\n<\/div>\n<h2>Le altre grandi Solennit\u00e0<\/h2>\n<p>Ma le<strong>\u00a0<\/strong>Solennit\u00e0 non si fermano a Natale e Pasqua. C\u2019\u00e8 l\u2019<strong>Epifania<\/strong>, che illumina i cammini dei Magi e svela Cristo come luce delle nazioni.<br \/>\nC\u2019\u00e8 l\u2019<a href=\"https:\/\/www.holyart.it\/blog\/pasqua\/ascensione-del-signore-il-significato-della-festa\/\"><strong>Ascensione del Signore<\/strong><\/a>, che innalza Ges\u00f9 e con Lui l\u2019umanit\u00e0 fino al cuore di Dio.<br \/>\nC\u2019\u00e8 la gi\u00e0 citata\u00a0<strong>Pentecoste<\/strong>, che infonde lo Spirito nella Chiesa e la trasforma in comunit\u00e0 viva e ardente.<br \/>\nNel ritmo dell\u2019anno, ogni solennit\u00e0 \u00e8 un atto di rivelazione: un diverso volto dello stesso mistero che si lascia contemplare.\u00a0Pensiamo, per esempio, al 29 giugno, quando celebriamo\u00a0<strong><a href=\"https:\/\/www.holyart.it\/blog\/santi-e-beati\/san-pietro-e-paolo-perche-vengono-festeggiati-insieme\/\">San Pietro e San Paolo<\/a><\/strong>. Non \u00e8 un semplice anniversario, ma un incontro con due persone vive nella memoria di Dio e della Chiesa. Due uomini diversissimi, uno impulsivo, l\u2019altro riflessivo, uniti dallo stesso amore per Cristo. Due testimoni che hanno fondato comunit\u00e0, versato il sangue, e reso possibile la fede che oggi professiamo. Quando li ricordiamo, non guardiamo solo al passato: \u00e8 come se ci sedessimo accanto a loro, ascoltando ancora la forza delle loro parole, la passione della loro vita. E in quel momento capiamo che la santit\u00e0 non \u00e8 qualcosa di lontano, ma un fuoco che continua a passare di mano in mano, fino ad arrivare a noi.<\/p>\n<div class=\"link-article\">\n<p><img loading=\"lazy\" decoding=\"async\" class=\"size-full wp-image-22837 alignleft\" src=\"https:\/\/blog.holyart.it\/it\/wp-content\/uploads\/sites\/17\/2025\/11\/ascensione-del-signore.jpg\" alt=\"ascensione del signore\" width=\"150\" height=\"99\" data-kale-share-title=\"Solennit\u00e0, feste e memorie: le \u201cpriorit\u00e0\u201d del calendario liturgico\" data-kale-share-url=\"https:\/\/blog.holyart.it\/it\/?p=22830\" \/><\/p>\n<div class=\"leggi-anche\">Leggi anche:<\/div>\n<p><strong><a href=\"https:\/\/www.holyart.it\/blog\/pasqua\/ascensione-del-signore-il-significato-della-festa\/\">Ascensione del Signore: il significato della festa<\/a><\/strong><br \/>\nL\u2019Ascensione del Signore rappresenta il momento in cui Ges\u00f9 si stacca dalla Terra e dai suoi discepoli, lasciando&#8230;<\/p>\n<\/div>\n<h2>Le Solennit\u00e0 mariane<\/h2>\n<p>Tra le Solennit\u00e0 pi\u00f9 amate ci sono quelle rivolte a\u00a0<strong>Maria, Madre di Ges\u00f9<\/strong>. Le Solennit\u00e0 a lei dedicate non sono semplici omaggi: sono riconoscimento di un amore che ha saputo dire \u201cs\u00ec\u201d fino in fondo. L&#8217;8 dicembre la ricordiamo con l\u2019<a href=\"https:\/\/www.holyart.it\/blog\/santi-e-beati\/limmacolata-concezione-della-vergine-maria\"><strong>Immacolata Concezione<\/strong><\/a>, che celebra la sua purezza, lei che \u00e8 stata preservata dal peccato fin dal primo istante della sua vita.<br \/>\nIl 15 agosto, invece, la\u00a0<a href=\"https:\/\/www.holyart.it\/blog\/occasioni-speciali\/lassunzione-di-maria-e-le-celebrazioni-piu-caratteristiche\/\"><strong>Festa dell\u2019Assunzione<\/strong><\/a><strong>\u00a0<\/strong>celebra la sua gloria, la sua piena comunione con il Figlio, anima e corpo.<\/p>\n<div class=\"link-article\">\n<p><img loading=\"lazy\" decoding=\"async\" class=\"size-full wp-image-22838 alignleft\" src=\"https:\/\/blog.holyart.it\/it\/wp-content\/uploads\/sites\/17\/2025\/11\/Asunzione-della-vergine-maria.jpg\" alt=\"Assunzione della vergine maria\" width=\"150\" height=\"99\" data-kale-share-title=\"Solennit\u00e0, feste e memorie: le \u201cpriorit\u00e0\u201d del calendario liturgico\" data-kale-share-url=\"https:\/\/blog.holyart.it\/it\/?p=22830\" \/><\/p>\n<div class=\"leggi-anche\">Leggi anche:<\/div>\n<p><strong><a href=\"https:\/\/www.holyart.it\/blog\/occasioni-speciali\/lassunzione-di-maria-e-le-celebrazioni-piu-caratteristiche\/\">L\u2019Assunzione di Maria e le celebrazioni pi\u00f9 caratteristiche<\/a><\/strong><br \/>\nIl 15 agosto non \u00e8 solo un\u2019occasione di festa e gite fuori porta. Si ricorda infatti l\u2019Assunzione di Maria al cielo&#8230;<\/p>\n<\/div>\n<h2>Il mistero dell\u2019Eucaristia<\/h2>\n<p>Un&#8217;altra Solennit\u00e0 fondamentale per la chiesa cattolica \u00e8 il\u00a0<a href=\"https:\/\/www.holyart.it\/blog\/articoli-religiosi\/corpus-domini-il-significato-e-le-celebrazioni\/\"><strong>Corpus Domini<\/strong><\/a>, il giorno in cui la Chiesa si inginocchia davanti al suo mistero pi\u00f9 grande: Cristo, realmente presente nel pane e nel vino.<br \/>\nLe strade si riempiono di petali, le processioni diventano preghiera visibile, e ogni gesto sembra sussurrare:<em>\u00a0\u201cTu sei qui, in mezzo a noi.\u201d<\/em><\/p>\n<div class=\"link-article\">\n<p><img loading=\"lazy\" decoding=\"async\" class=\"size-full wp-image-22839 alignleft\" src=\"https:\/\/blog.holyart.it\/it\/wp-content\/uploads\/sites\/17\/2025\/11\/corpus-domini.jpg\" alt=\"corpus domini\" width=\"150\" height=\"99\" data-kale-share-title=\"Solennit\u00e0, feste e memorie: le \u201cpriorit\u00e0\u201d del calendario liturgico\" data-kale-share-url=\"https:\/\/blog.holyart.it\/it\/?p=22830\" \/><\/p>\n<div class=\"leggi-anche\">Leggi anche:<\/div>\n<p><strong><a href=\"https:\/\/www.holyart.it\/blog\/articoli-religiosi\/corpus-domini-il-significato-e-le-celebrazioni\/\">Corpus Domini, il significato e le celebrazioni<\/a><\/strong><br \/>\nLa Solennit\u00e0 del Corpus Domini \u00e8 una delle pi\u00f9 sentite a livello popolare. Scopriamo cosa celebra&#8230;<\/p>\n<\/div>\n<h2>Feste liturgiche<\/h2>\n<p>Scendendo un po\u2019 pi\u00f9 gi\u00f9 nella scala del calendario liturgico, troviamo le Feste liturgiche.<br \/>\nSe le Solennit\u00e0 sono le grandi vette dell\u2019anno, le feste sono cime pi\u00f9 basse, ma ugualmente luminose. Sono giorni in cui la Chiesa si ferma per celebrare, per ricordare, per ringraziare.\u00a0Non hanno la maestosit\u00e0 della Pasqua o del Natale, ma custodiscono una bellezza pi\u00f9 raccolta, una spiritualit\u00e0 pi\u00f9 intima. Sono dedicate a momenti importanti della storia della salvezza, agli\u00a0<strong>apostoli<\/strong>, agli\u00a0<strong>evangelisti<\/strong>, o a\u00a0<strong>santi<\/strong>\u00a0che hanno lasciato un segno profondo nel cammino della fede.<br \/>\nPer capire cosa rappresentano davvero, bisogna cambiare prospettiva. La Chiesa non celebra solo \u201cricorrenze\u201d, ma\u00a0<strong>relazioni<\/strong>, e tra di esse una delle pi\u00f9 importanti \u00e8 la\u00a0<a href=\"https:\/\/www.holyart.it\/blog\/articoli-religiosi\/come-si-fa-a-diventare-santi-spieghiamo-il-processo-di-santificazione\/\"><strong>comunione dei santi<\/strong><\/a>. Ogni Festa liturgica \u00e8 come un abbraccio tra cielo e terra, un momento in cui una presenza che ha vissuto nella grazia divina e si \u00e8 fatta tramite tra Dio e gli uomini si manifesta, viene ricordata, non solo per ci\u00f2 che \u00e8 stata la sua vita mortale, ma per tutto quello che ha rappresentato e rappresenta per chi \u00e8 venuto dopo.<\/p>\n<div class=\"link-article\">\n<p><img loading=\"lazy\" decoding=\"async\" class=\"size-full wp-image-22840 alignleft\" src=\"https:\/\/blog.holyart.it\/it\/wp-content\/uploads\/sites\/17\/2025\/11\/processo-di-santificazione.jpg\" alt=\"processo di santificazione\" width=\"150\" height=\"99\" data-kale-share-title=\"Solennit\u00e0, feste e memorie: le \u201cpriorit\u00e0\u201d del calendario liturgico\" data-kale-share-url=\"https:\/\/blog.holyart.it\/it\/?p=22830\" \/><\/p>\n<div class=\"leggi-anche\">Leggi anche:<\/div>\n<p><strong><a href=\"https:\/\/www.holyart.it\/blog\/articoli-religiosi\/come-si-fa-a-diventare-santi-spieghiamo-il-processo-di-santificazione\/\">Come si fa a diventare santi? Spieghiamo il processo di santificazione<\/a><\/strong><br \/>\nIl processo di Santificazione \u00e8 composto da diverse fasi e si articola&#8230;<\/p>\n<\/div>\n<p>Alcune Feste liturgiche sono legate a\u00a0<strong>eventi biblici specifici<\/strong>, altre a\u00a0<strong>santi<\/strong>\u00a0che hanno segnato profondamente la storia della Chiesa. Il ciclo delle feste liturgiche attraversa tutto l&#8217;anno, creando un ritmo che alterna celebrazioni del Signore, della Vergine Maria e dei santi. La Chiesa sa che abbiamo bisogno di variet\u00e0 nella nostra vita spirituale, di contemplare ora il mistero di Cristo, ora l&#8217;esempio dei santi, ora la presenza materna di Maria. Ogni festa porta un dono specifico, illumina un aspetto particolare del cammino di fede. Le festivit\u00e0 cristiane di questo livello hanno caratteristiche liturgiche proprie, anche se meno elaborate delle solennit\u00e0. Non hanno vigilie come le solennit\u00e0 maggiori, ma hanno letture bibliche specifiche, formulari propri, colori liturgici appropriati. Quando una festa liturgica cade di domenica, generalmente cede il passo alla celebrazione domenicale, a meno che non si tratti di una festa del Signore cadente in domenica ordinaria.<\/p>\n<p>Le Feste liturgiche degli <strong><a href=\"https:\/\/www.holyart.it\/blog\/santi-e-beati\/i-simboli-degli-evangelisti-e-il-loro-significato\/\">apostoli ed evangelisti<\/a><\/strong> hanno tutte un sapore particolare. Ognuno di questi santi ci ha donato un Vangelo, una prospettiva unica sul mistero di Cristo. Celebrare la loro festa significa entrare nella gratitudine per il dono inestimabile delle Scritture, ringraziare per queste voci che attraversano i secoli portandoci le parole e i gesti del Salvatore.<\/p>\n<p>Pensiamo poi alla festa della<strong>\u00a0Presentazione del Signore<\/strong>, il 2 febbraio, chiamata anche Candelora. Ges\u00f9 bambino viene portato al tempio, e il vecchio Simeone lo riconosce come\u00a0<em>luce delle nazioni<\/em>. Questa festa liturgica ci parla di riconoscimento, di profezia, di un Dio che si manifesta nell&#8217;umilt\u00e0 di un neonato presentato secondo la legge mosaica. Le\u00a0<strong><a href=\"https:\/\/www.holyart.it\/blog\/articoli-religiosi\/la-candelora-storia-e-curiosita\/\">candele benedette<\/a><\/strong>\u00a0in questo giorno porteranno nelle case dei fedeli il simbolo di Cristo luce del mondo.<\/p>\n<p>C&#8217;\u00e8 poi la<a href=\"https:\/\/www.holyart.it\/blog\/articoli-religiosi\/la-trasfigurazione-gesu-cristo\/\"><strong>\u00a0festa della Trasfigurazione<\/strong><\/a>, il 6 agosto, quando Cristo si manifesta ai discepoli prediletti nello splendore della Sua gloria divina. Sul monte Tabor, per un istante, il velo dell&#8217;umanit\u00e0 si solleva e Pietro, Giacomo e Giovanni contemplano chi \u00e8 veramente quel Maestro che hanno seguito. Questa festa liturgica ci ricorda che la nostra fede non \u00e8 un&#8217;astrazione, ma l&#8217;incontro con una Persona che trasfigura l&#8217;esistenza.<\/p>\n<div class=\"link-article\">\n<p><img loading=\"lazy\" decoding=\"async\" class=\"size-full wp-image-22841 alignleft\" src=\"https:\/\/blog.holyart.it\/it\/wp-content\/uploads\/sites\/17\/2025\/11\/candelora.jpg\" alt=\"candelora\" width=\"150\" height=\"99\" data-kale-share-title=\"Solennit\u00e0, feste e memorie: le \u201cpriorit\u00e0\u201d del calendario liturgico\" data-kale-share-url=\"https:\/\/blog.holyart.it\/it\/?p=22830\" \/><\/p>\n<div class=\"leggi-anche\">Leggi anche:<\/div>\n<p><strong><a href=\"https:\/\/www.holyart.it\/blog\/articoli-religiosi\/la-candelora-storia-e-curiosita\/\">La Candelora: storia e curiosit\u00e0<\/a><\/strong><br \/>\nLa Candelora, storia di una festa dalle grandi suggestioni che affonda le sue radici in riti precristiani legati&#8230;<\/p>\n<\/div>\n<h2>Significato di Memoria liturgica<\/h2>\n<p>Scendiamo ora all\u2019ultimo gradino della gerarchia liturgica, l\u00e0 dove il tempo ordinario incontra la santit\u00e0 quotidiana: le\u00a0<strong>Memorie liturgiche<\/strong>.<br \/>\nQui non ci sono fanfare n\u00e9 grandi assemblee, ma un ritmo discreto, fedele, che accompagna i giorni feriali come una presenza silenziosa. Il significato di memoria liturgica va molto oltre la semplice commemorazione. \u00c8 un modo per dire che la santit\u00e0 non appartiene solo alle grandi date del calendario, ma abita ogni giorno, anche quelli che ci sembrano uguali agli altri. \u00c8 un filo luminoso che intreccia il nostro tempo con quello dei santi, una voce che sussurra:\u00a0<em>\u201cGuarda, anche oggi c\u2019\u00e8 qualcuno che ha vissuto il Vangelo con coraggio. Anche oggi puoi farlo tu.\u201d\u00a0<\/em><\/p>\n<p>Ogni giorno, quasi senza accorgercene, il calendario liturgico ci ricorda almeno un nome: un santo, una beata, una figura nascosta che ha reso il mondo un po\u2019 pi\u00f9 luminoso. \u00c8 come se la Chiesa ci dicesse che nessun giorno \u00e8 mai del tutto feriale, perch\u00e9 la grazia pu\u00f2 fiorire ovunque. Per questo le Memorie sono il respiro quotidiano della Chiesa: piccole scintille che mantengono accesa la fiamma della fede tra una festa e l\u2019altra, tra un tempo forte e l\u2019altro.<br \/>\nLe celebrazioni\u00a0hanno una forma semplice e raccolta. Durante la Messa si possono usare le letture del giorno o quelle del santo, le preghiere cambiano appena, il colore dei paramenti varia a seconda: bianco per i santi non martiri, rosso per\u00a0<strong><a href=\"https:\/\/www.holyart.it\/blog\/santi-e-beati\/santi-martiri-sacrificare-la-propria-vita-in-nome-di-dio\/\">chi ha versato il sangue per Cristo<\/a><\/strong>. Tutto \u00e8 sobrio, essenziale, ma non per questo privo di profondit\u00e0.\u00a0Le memorie non interrompono la vita quotidiana: la accompagnano. Non chiedono di fermarsi, ma di ricordare, di alzare lo sguardo per un momento e riconoscere la scia di luce lasciata da chi ha camminato prima di noi.<\/p>\n<div class=\"link-article\">\n<p><img loading=\"lazy\" decoding=\"async\" class=\"size-full wp-image-22842 alignleft\" src=\"https:\/\/blog.holyart.it\/it\/wp-content\/uploads\/sites\/17\/2025\/11\/Santi-martiri.jpg\" alt=\"Santi martiri\" width=\"150\" height=\"99\" data-kale-share-title=\"Solennit\u00e0, feste e memorie: le \u201cpriorit\u00e0\u201d del calendario liturgico\" data-kale-share-url=\"https:\/\/blog.holyart.it\/it\/?p=22830\" \/><\/p>\n<div class=\"leggi-anche\">Leggi anche:<\/div>\n<p><strong><a href=\"https:\/\/www.holyart.it\/blog\/santi-e-beati\/santi-martiri-sacrificare-la-propria-vita-in-nome-di-dio\/\">Santi Martiri: sacrificare la propria vita in nome di Dio<\/a><\/strong><br \/>\nI Santi Martiri sono uomini e donne, spesso molto giovani, che hanno sacrificato la propria vita per amore di Dio&#8230;<\/p>\n<\/div>\n<p>Alcune sono\u00a0<strong>obbligatorie<\/strong>, altre\u00a0<strong>facoltative<\/strong>. Le prime vengono celebrate in tutta la Chiesa, le seconde possono variare da un luogo all\u2019altro, secondo la devozione o la storia di una comunit\u00e0. \u00c8 cos\u00ec che ogni diocesi, ogni popolo, ogni santuario pu\u00f2 mantenere viva la memoria dei propri testimoni: un patrono locale, un beato del territorio, un martire venerato in un piccolo altare.<\/p>\n<p>C\u2019\u00e8 anche un\u2019ulteriore sfumatura: le\u00a0<strong>Memorie ad libitum<\/strong>, ancora pi\u00f9 libere, legate a tradizioni particolari o spiritualit\u00e0 specifiche. \u00c8 il modo in cui la Chiesa mostra la sua sapienza: unita nei grandi misteri, ma capace di custodire la variet\u00e0 infinita delle esperienze di fede.<\/p>\n<p>Le Memorie ci insegnano che la\u00a0<strong>santit\u00e0<\/strong>\u00a0<strong>ha mille volti<\/strong>. C\u2019\u00e8 quella dei martiri e quella dei confessori, delle vergini e delle madri di famiglia, dei vescovi e dei laici, dei missionari e degli eremiti. Ogni giorno ci viene incontro una storia diversa, e in ognuna possiamo riconoscere un frammento di noi stessi. Ci ricordano che la santit\u00e0 non \u00e8 un privilegio raro, ma una chiamata per tutti. Che non serve compiere gesti eroici, ma vivere ogni giorno con amore, nella luce tranquilla di chi sa di essere parte di un\u2019unica, grande storia di grazia.<\/p>\n","protected":false},"excerpt":{"rendered":"<p>Il calendario liturgico scandisce l\u2019anno di fede con Solennit\u00e0, Feste e Memorie, che raccontano il cammino della Chiesa nel tempo Immagina di entrare in una cattedrale la notte di Natale. Le navate sono gremite di volti emozionati, i canti si alzano come un respiro comune,&hellip;<\/p>\n","protected":false},"author":1,"featured_media":22845,"comment_status":"closed","ping_status":"open","sticky":false,"template":"","format":"standard","meta":{"_acf_changed":false,"footnotes":""},"categories":[16],"tags":[],"class_list":["post-22830","post","type-post","status-publish","format-standard","has-post-thumbnail","hentry","category-articoli-religiosi"],"acf":[],"yoast_head":"<!-- This site is optimized with the Yoast SEO plugin v26.6 - https:\/\/yoast.com\/wordpress\/plugins\/seo\/ -->\n<title>Solennit\u00e0, feste e memorie: le \u201cpriorit\u00e0\u201d del calendario liturgico - Holyblog<\/title>\n<meta name=\"description\" content=\"Scopriamo come il calendario liturgico cattolico ordina Solennit\u00e0, Feste e Memorie, scandendo l\u2019anno con feste di fede e celebrazioni\" \/>\n<meta name=\"robots\" content=\"index, follow, max-snippet:-1, max-image-preview:large, max-video-preview:-1\" \/>\n<link rel=\"canonical\" href=\"https:\/\/blog.holyart.it\/it\/articoli-religiosi\/solennita-feste-e-memorie-le-priorita-del-calendario-liturgico\/\" \/>\n<meta property=\"og:locale\" content=\"it_IT\" \/>\n<meta property=\"og:type\" content=\"article\" \/>\n<meta property=\"og:title\" content=\"Solennit\u00e0, feste e memorie: le \u201cpriorit\u00e0\u201d del calendario liturgico - Holyblog\" \/>\n<meta property=\"og:description\" content=\"Scopriamo come il calendario liturgico cattolico ordina Solennit\u00e0, Feste e Memorie, scandendo l\u2019anno con feste di fede e celebrazioni\" \/>\n<meta property=\"og:url\" content=\"https:\/\/blog.holyart.it\/it\/articoli-religiosi\/solennita-feste-e-memorie-le-priorita-del-calendario-liturgico\/\" \/>\n<meta property=\"og:site_name\" content=\"Holyblog\" \/>\n<meta property=\"article:published_time\" content=\"2026-01-05T09:00:43+00:00\" \/>\n<meta property=\"article:modified_time\" content=\"2026-03-03T09:50:52+00:00\" \/>\n<meta property=\"og:image\" content=\"https:\/\/blog.holyart.it\/it\/wp-content\/uploads\/sites\/17\/2025\/11\/solennita-feste-memorie-le-priorita-del-calendario-liturgico.jpg\" \/>\n\t<meta property=\"og:image:width\" content=\"1000\" \/>\n\t<meta property=\"og:image:height\" content=\"666\" \/>\n\t<meta property=\"og:image:type\" content=\"image\/jpeg\" \/>\n<meta name=\"author\" content=\"Redazione\" \/>\n<meta name=\"twitter:card\" content=\"summary_large_image\" \/>\n<meta name=\"twitter:label1\" content=\"Scritto da\" \/>\n\t<meta name=\"twitter:data1\" content=\"Redazione\" \/>\n\t<meta name=\"twitter:label2\" content=\"Tempo di lettura stimato\" \/>\n\t<meta name=\"twitter:data2\" content=\"19 minuti\" \/>\n<script type=\"application\/ld+json\" class=\"yoast-schema-graph\">{\"@context\":\"https:\/\/schema.org\",\"@graph\":[{\"@type\":\"Article\",\"@id\":\"https:\/\/blog.holyart.it\/it\/articoli-religiosi\/solennita-feste-e-memorie-le-priorita-del-calendario-liturgico\/#article\",\"isPartOf\":{\"@id\":\"https:\/\/blog.holyart.it\/it\/articoli-religiosi\/solennita-feste-e-memorie-le-priorita-del-calendario-liturgico\/\"},\"author\":{\"name\":\"Redazione\",\"@id\":\"https:\/\/blog.holyart.it\/it\/#\/schema\/person\/0a7b686e5af0f856ec1e390dd0baecda\"},\"headline\":\"Solennit\u00e0, feste e memorie: le \u201cpriorit\u00e0\u201d del calendario liturgico\",\"datePublished\":\"2026-01-05T09:00:43+00:00\",\"dateModified\":\"2026-03-03T09:50:52+00:00\",\"mainEntityOfPage\":{\"@id\":\"https:\/\/blog.holyart.it\/it\/articoli-religiosi\/solennita-feste-e-memorie-le-priorita-del-calendario-liturgico\/\"},\"wordCount\":2965,\"publisher\":{\"@id\":\"https:\/\/blog.holyart.it\/it\/#organization\"},\"image\":{\"@id\":\"https:\/\/blog.holyart.it\/it\/articoli-religiosi\/solennita-feste-e-memorie-le-priorita-del-calendario-liturgico\/#primaryimage\"},\"thumbnailUrl\":\"https:\/\/blog.holyart.it\/it\/wp-content\/uploads\/sites\/17\/2025\/11\/solennita-feste-memorie-le-priorita-del-calendario-liturgico.jpg\",\"articleSection\":[\"Religione\"],\"inLanguage\":\"it-IT\"},{\"@type\":\"WebPage\",\"@id\":\"https:\/\/blog.holyart.it\/it\/articoli-religiosi\/solennita-feste-e-memorie-le-priorita-del-calendario-liturgico\/\",\"url\":\"https:\/\/blog.holyart.it\/it\/articoli-religiosi\/solennita-feste-e-memorie-le-priorita-del-calendario-liturgico\/\",\"name\":\"Solennit\u00e0, feste e memorie: le \u201cpriorit\u00e0\u201d del calendario liturgico - Holyblog\",\"isPartOf\":{\"@id\":\"https:\/\/blog.holyart.it\/it\/#website\"},\"primaryImageOfPage\":{\"@id\":\"https:\/\/blog.holyart.it\/it\/articoli-religiosi\/solennita-feste-e-memorie-le-priorita-del-calendario-liturgico\/#primaryimage\"},\"image\":{\"@id\":\"https:\/\/blog.holyart.it\/it\/articoli-religiosi\/solennita-feste-e-memorie-le-priorita-del-calendario-liturgico\/#primaryimage\"},\"thumbnailUrl\":\"https:\/\/blog.holyart.it\/it\/wp-content\/uploads\/sites\/17\/2025\/11\/solennita-feste-memorie-le-priorita-del-calendario-liturgico.jpg\",\"datePublished\":\"2026-01-05T09:00:43+00:00\",\"dateModified\":\"2026-03-03T09:50:52+00:00\",\"description\":\"Scopriamo come il calendario liturgico cattolico ordina Solennit\u00e0, Feste e Memorie, scandendo l\u2019anno con feste di fede e celebrazioni\",\"breadcrumb\":{\"@id\":\"https:\/\/blog.holyart.it\/it\/articoli-religiosi\/solennita-feste-e-memorie-le-priorita-del-calendario-liturgico\/#breadcrumb\"},\"inLanguage\":\"it-IT\",\"potentialAction\":[{\"@type\":\"ReadAction\",\"target\":[\"https:\/\/blog.holyart.it\/it\/articoli-religiosi\/solennita-feste-e-memorie-le-priorita-del-calendario-liturgico\/\"]}]},{\"@type\":\"ImageObject\",\"inLanguage\":\"it-IT\",\"@id\":\"https:\/\/blog.holyart.it\/it\/articoli-religiosi\/solennita-feste-e-memorie-le-priorita-del-calendario-liturgico\/#primaryimage\",\"url\":\"https:\/\/blog.holyart.it\/it\/wp-content\/uploads\/sites\/17\/2025\/11\/solennita-feste-memorie-le-priorita-del-calendario-liturgico.jpg\",\"contentUrl\":\"https:\/\/blog.holyart.it\/it\/wp-content\/uploads\/sites\/17\/2025\/11\/solennita-feste-memorie-le-priorita-del-calendario-liturgico.jpg\",\"width\":1000,\"height\":666,\"caption\":\"solennit\u00e0, feste, memorie: le priorit\u00e0 del calendario liturgico\"},{\"@type\":\"BreadcrumbList\",\"@id\":\"https:\/\/blog.holyart.it\/it\/articoli-religiosi\/solennita-feste-e-memorie-le-priorita-del-calendario-liturgico\/#breadcrumb\",\"itemListElement\":[{\"@type\":\"ListItem\",\"position\":1,\"name\":\"Homepage\",\"item\":\"https:\/\/blog.holyart.it\/it\/\"},{\"@type\":\"ListItem\",\"position\":2,\"name\":\"Religione\",\"item\":\"https:\/\/blog.holyart.it\/it\/articoli-religiosi\/\"},{\"@type\":\"ListItem\",\"position\":3,\"name\":\"Solennit\u00e0, feste e memorie: le \u201cpriorit\u00e0\u201d del calendario liturgico\"}]},{\"@type\":\"WebSite\",\"@id\":\"https:\/\/blog.holyart.it\/it\/#website\",\"url\":\"https:\/\/blog.holyart.it\/it\/\",\"name\":\"Holyblog\",\"description\":\"Il Blog di Holyart.it\",\"publisher\":{\"@id\":\"https:\/\/blog.holyart.it\/it\/#organization\"},\"potentialAction\":[{\"@type\":\"SearchAction\",\"target\":{\"@type\":\"EntryPoint\",\"urlTemplate\":\"https:\/\/blog.holyart.it\/it\/?s={search_term_string}\"},\"query-input\":{\"@type\":\"PropertyValueSpecification\",\"valueRequired\":true,\"valueName\":\"search_term_string\"}}],\"inLanguage\":\"it-IT\"},{\"@type\":\"Organization\",\"@id\":\"https:\/\/blog.holyart.it\/it\/#organization\",\"name\":\"Holyblog\",\"url\":\"https:\/\/blog.holyart.it\/it\/\",\"logo\":{\"@type\":\"ImageObject\",\"inLanguage\":\"it-IT\",\"@id\":\"https:\/\/blog.holyart.it\/it\/#\/schema\/logo\/image\/\",\"url\":\"https:\/\/blog.holyart.it\/it\/wp-content\/uploads\/sites\/17\/2022\/12\/Holyart_Blog_Logo.jpg\",\"contentUrl\":\"https:\/\/blog.holyart.it\/it\/wp-content\/uploads\/sites\/17\/2022\/12\/Holyart_Blog_Logo.jpg\",\"width\":300,\"height\":50,\"caption\":\"Holyblog\"},\"image\":{\"@id\":\"https:\/\/blog.holyart.it\/it\/#\/schema\/logo\/image\/\"}},{\"@type\":\"Person\",\"@id\":\"https:\/\/blog.holyart.it\/it\/#\/schema\/person\/0a7b686e5af0f856ec1e390dd0baecda\",\"name\":\"Redazione\"}]}<\/script>\n<!-- \/ Yoast SEO plugin. -->","yoast_head_json":{"title":"Solennit\u00e0, feste e memorie: le \u201cpriorit\u00e0\u201d del calendario liturgico - Holyblog","description":"Scopriamo come il calendario liturgico cattolico ordina Solennit\u00e0, Feste e Memorie, scandendo l\u2019anno con feste di fede e celebrazioni","robots":{"index":"index","follow":"follow","max-snippet":"max-snippet:-1","max-image-preview":"max-image-preview:large","max-video-preview":"max-video-preview:-1"},"canonical":"https:\/\/blog.holyart.it\/it\/articoli-religiosi\/solennita-feste-e-memorie-le-priorita-del-calendario-liturgico\/","og_locale":"it_IT","og_type":"article","og_title":"Solennit\u00e0, feste e memorie: le \u201cpriorit\u00e0\u201d del calendario liturgico - Holyblog","og_description":"Scopriamo come il calendario liturgico cattolico ordina Solennit\u00e0, Feste e Memorie, scandendo l\u2019anno con feste di fede e celebrazioni","og_url":"https:\/\/blog.holyart.it\/it\/articoli-religiosi\/solennita-feste-e-memorie-le-priorita-del-calendario-liturgico\/","og_site_name":"Holyblog","article_published_time":"2026-01-05T09:00:43+00:00","article_modified_time":"2026-03-03T09:50:52+00:00","og_image":[{"width":1000,"height":666,"url":"https:\/\/blog.holyart.it\/it\/wp-content\/uploads\/sites\/17\/2025\/11\/solennita-feste-memorie-le-priorita-del-calendario-liturgico.jpg","type":"image\/jpeg"}],"author":"Redazione","twitter_card":"summary_large_image","twitter_misc":{"Scritto da":"Redazione","Tempo di lettura stimato":"19 minuti"},"schema":{"@context":"https:\/\/schema.org","@graph":[{"@type":"Article","@id":"https:\/\/blog.holyart.it\/it\/articoli-religiosi\/solennita-feste-e-memorie-le-priorita-del-calendario-liturgico\/#article","isPartOf":{"@id":"https:\/\/blog.holyart.it\/it\/articoli-religiosi\/solennita-feste-e-memorie-le-priorita-del-calendario-liturgico\/"},"author":{"name":"Redazione","@id":"https:\/\/blog.holyart.it\/it\/#\/schema\/person\/0a7b686e5af0f856ec1e390dd0baecda"},"headline":"Solennit\u00e0, feste e memorie: le \u201cpriorit\u00e0\u201d del calendario liturgico","datePublished":"2026-01-05T09:00:43+00:00","dateModified":"2026-03-03T09:50:52+00:00","mainEntityOfPage":{"@id":"https:\/\/blog.holyart.it\/it\/articoli-religiosi\/solennita-feste-e-memorie-le-priorita-del-calendario-liturgico\/"},"wordCount":2965,"publisher":{"@id":"https:\/\/blog.holyart.it\/it\/#organization"},"image":{"@id":"https:\/\/blog.holyart.it\/it\/articoli-religiosi\/solennita-feste-e-memorie-le-priorita-del-calendario-liturgico\/#primaryimage"},"thumbnailUrl":"https:\/\/blog.holyart.it\/it\/wp-content\/uploads\/sites\/17\/2025\/11\/solennita-feste-memorie-le-priorita-del-calendario-liturgico.jpg","articleSection":["Religione"],"inLanguage":"it-IT"},{"@type":"WebPage","@id":"https:\/\/blog.holyart.it\/it\/articoli-religiosi\/solennita-feste-e-memorie-le-priorita-del-calendario-liturgico\/","url":"https:\/\/blog.holyart.it\/it\/articoli-religiosi\/solennita-feste-e-memorie-le-priorita-del-calendario-liturgico\/","name":"Solennit\u00e0, feste e memorie: le \u201cpriorit\u00e0\u201d del calendario liturgico - Holyblog","isPartOf":{"@id":"https:\/\/blog.holyart.it\/it\/#website"},"primaryImageOfPage":{"@id":"https:\/\/blog.holyart.it\/it\/articoli-religiosi\/solennita-feste-e-memorie-le-priorita-del-calendario-liturgico\/#primaryimage"},"image":{"@id":"https:\/\/blog.holyart.it\/it\/articoli-religiosi\/solennita-feste-e-memorie-le-priorita-del-calendario-liturgico\/#primaryimage"},"thumbnailUrl":"https:\/\/blog.holyart.it\/it\/wp-content\/uploads\/sites\/17\/2025\/11\/solennita-feste-memorie-le-priorita-del-calendario-liturgico.jpg","datePublished":"2026-01-05T09:00:43+00:00","dateModified":"2026-03-03T09:50:52+00:00","description":"Scopriamo come il calendario liturgico cattolico ordina Solennit\u00e0, Feste e Memorie, scandendo l\u2019anno con feste di fede e celebrazioni","breadcrumb":{"@id":"https:\/\/blog.holyart.it\/it\/articoli-religiosi\/solennita-feste-e-memorie-le-priorita-del-calendario-liturgico\/#breadcrumb"},"inLanguage":"it-IT","potentialAction":[{"@type":"ReadAction","target":["https:\/\/blog.holyart.it\/it\/articoli-religiosi\/solennita-feste-e-memorie-le-priorita-del-calendario-liturgico\/"]}]},{"@type":"ImageObject","inLanguage":"it-IT","@id":"https:\/\/blog.holyart.it\/it\/articoli-religiosi\/solennita-feste-e-memorie-le-priorita-del-calendario-liturgico\/#primaryimage","url":"https:\/\/blog.holyart.it\/it\/wp-content\/uploads\/sites\/17\/2025\/11\/solennita-feste-memorie-le-priorita-del-calendario-liturgico.jpg","contentUrl":"https:\/\/blog.holyart.it\/it\/wp-content\/uploads\/sites\/17\/2025\/11\/solennita-feste-memorie-le-priorita-del-calendario-liturgico.jpg","width":1000,"height":666,"caption":"solennit\u00e0, feste, memorie: le priorit\u00e0 del calendario liturgico"},{"@type":"BreadcrumbList","@id":"https:\/\/blog.holyart.it\/it\/articoli-religiosi\/solennita-feste-e-memorie-le-priorita-del-calendario-liturgico\/#breadcrumb","itemListElement":[{"@type":"ListItem","position":1,"name":"Homepage","item":"https:\/\/blog.holyart.it\/it\/"},{"@type":"ListItem","position":2,"name":"Religione","item":"https:\/\/blog.holyart.it\/it\/articoli-religiosi\/"},{"@type":"ListItem","position":3,"name":"Solennit\u00e0, feste e memorie: le \u201cpriorit\u00e0\u201d del calendario liturgico"}]},{"@type":"WebSite","@id":"https:\/\/blog.holyart.it\/it\/#website","url":"https:\/\/blog.holyart.it\/it\/","name":"Holyblog","description":"Il Blog di Holyart.it","publisher":{"@id":"https:\/\/blog.holyart.it\/it\/#organization"},"potentialAction":[{"@type":"SearchAction","target":{"@type":"EntryPoint","urlTemplate":"https:\/\/blog.holyart.it\/it\/?s={search_term_string}"},"query-input":{"@type":"PropertyValueSpecification","valueRequired":true,"valueName":"search_term_string"}}],"inLanguage":"it-IT"},{"@type":"Organization","@id":"https:\/\/blog.holyart.it\/it\/#organization","name":"Holyblog","url":"https:\/\/blog.holyart.it\/it\/","logo":{"@type":"ImageObject","inLanguage":"it-IT","@id":"https:\/\/blog.holyart.it\/it\/#\/schema\/logo\/image\/","url":"https:\/\/blog.holyart.it\/it\/wp-content\/uploads\/sites\/17\/2022\/12\/Holyart_Blog_Logo.jpg","contentUrl":"https:\/\/blog.holyart.it\/it\/wp-content\/uploads\/sites\/17\/2022\/12\/Holyart_Blog_Logo.jpg","width":300,"height":50,"caption":"Holyblog"},"image":{"@id":"https:\/\/blog.holyart.it\/it\/#\/schema\/logo\/image\/"}},{"@type":"Person","@id":"https:\/\/blog.holyart.it\/it\/#\/schema\/person\/0a7b686e5af0f856ec1e390dd0baecda","name":"Redazione"}]}},"_links":{"self":[{"href":"https:\/\/blog.holyart.it\/it\/wp-json\/wp\/v2\/posts\/22830","targetHints":{"allow":["GET"]}}],"collection":[{"href":"https:\/\/blog.holyart.it\/it\/wp-json\/wp\/v2\/posts"}],"about":[{"href":"https:\/\/blog.holyart.it\/it\/wp-json\/wp\/v2\/types\/post"}],"author":[{"embeddable":true,"href":"https:\/\/blog.holyart.it\/it\/wp-json\/wp\/v2\/users\/1"}],"replies":[{"embeddable":true,"href":"https:\/\/blog.holyart.it\/it\/wp-json\/wp\/v2\/comments?post=22830"}],"version-history":[{"count":4,"href":"https:\/\/blog.holyart.it\/it\/wp-json\/wp\/v2\/posts\/22830\/revisions"}],"predecessor-version":[{"id":22846,"href":"https:\/\/blog.holyart.it\/it\/wp-json\/wp\/v2\/posts\/22830\/revisions\/22846"}],"wp:featuredmedia":[{"embeddable":true,"href":"https:\/\/blog.holyart.it\/it\/wp-json\/wp\/v2\/media\/22845"}],"wp:attachment":[{"href":"https:\/\/blog.holyart.it\/it\/wp-json\/wp\/v2\/media?parent=22830"}],"wp:term":[{"taxonomy":"category","embeddable":true,"href":"https:\/\/blog.holyart.it\/it\/wp-json\/wp\/v2\/categories?post=22830"},{"taxonomy":"post_tag","embeddable":true,"href":"https:\/\/blog.holyart.it\/it\/wp-json\/wp\/v2\/tags?post=22830"}],"curies":[{"name":"wp","href":"https:\/\/api.w.org\/{rel}","templated":true}]}}