{"id":22712,"date":"2025-11-26T10:00:21","date_gmt":"2025-11-26T09:00:21","guid":{"rendered":"https:\/\/blog.holyart.it\/it\/?p=22712"},"modified":"2025-10-22T11:22:39","modified_gmt":"2025-10-22T09:22:39","slug":"dies-natalis-il-giorno-in-cui-si-nasce-al-cielo","status":"publish","type":"post","link":"https:\/\/blog.holyart.it\/it\/articoli-religiosi\/dies-natalis-il-giorno-in-cui-si-nasce-al-cielo\/","title":{"rendered":"Dies Natalis: il giorno in cui si nasce al cielo"},"content":{"rendered":"<h4>Dies Natalis: il giorno in cui la morte diventa nascita, e l\u2019anima rinasce alla luce<\/h4>\n<p><strong><em>Dies Natalis<\/em><\/strong> \u00e8 un\u2019espressione che racchiude il senso di molte nascite. Viene dal latino e significa \u201cgiorno di nascita\u201d, una nascita che pu\u00f2 essere identificata con quella fisica, di una vita che comincia, o con il passaggio dalla vita alla morte, quando un\u2019anima muore alla carne e rinasce al cielo. Per i cristiani, indica proprio questo, il giorno in cui <a href=\"https:\/\/www.holyart.it\/blog\/articoli-religiosi\/come-si-fa-a-diventare-santi-spieghiamo-il-processo-di-santificazione\/\"><strong>un santo lascia la terra per entrare nella pienezza di Dio<\/strong><\/a>. \u00c8 il momento del \u201cpassaggio\u201d, quando la morte si trasforma in rinascita alla vita eterna. La Chiesa identifica il giorno della morte dei santi come il loro trionfo, il loro ingresso in cielo. Per questo la memoria liturgica, che celebra quel passaggio, diventa il\u00a0vero compleanno di ciascun santo.<\/p>\n<div class=\"link-article\">\n<p><img loading=\"lazy\" decoding=\"async\" class=\"size-full wp-image-22713 alignleft\" src=\"https:\/\/blog.holyart.it\/it\/wp-content\/uploads\/sites\/17\/2025\/10\/processo-di-santificazione.jpg\" alt=\"processo di santificazione\" width=\"150\" height=\"99\" data-kale-share-title=\"Dies Natalis: il giorno in cui si nasce al cielo\" data-kale-share-url=\"https:\/\/blog.holyart.it\/it\/?p=22712\" \/><\/p>\n<div class=\"leggi-anche\">Leggi anche:<\/div>\n<p><strong><a href=\"https:\/\/www.holyart.it\/blog\/articoli-religiosi\/come-si-fa-a-diventare-santi-spieghiamo-il-processo-di-santificazione\/\">Come si fa a diventare santi? Spieghiamo il processo di santificazione<\/a><\/strong><br \/>\nIl processo di Santificazione \u00e8 composto da diverse fasi e si articola&#8230;<\/p>\n<\/div>\n<p>Ma questa parola, cos\u00ec intrisa di luce e di mistero, affonda le sue radici molto prima, nel mondo romano.<br \/>\nIl 25 dicembre gli antichi romani celebravano il\u00a0<em>Dies Natalis Solis Invicti<\/em>, la nascita del Sole Invitto, divinit\u00e0 che simboleggiava la forza e la protezione dell\u2019Impero. Il sole che ardeva nel cuore dell\u2019inverno, quando le giornate iniziavano lentamente ad allungarsi e la luce a riconquistare il suo dominio, celebrava il trionfo della vita dopo le tenebre e il gelo. \u00c8 facile comprendere come, col passare dei secoli, la figura di Cristo salvatore resuscitato dalla morte venne a sovrapporsi e sostituire il Sole Invitto che non conosce tramonto e il 25 dicembre \u00e8 diventato <a href=\"https:\/\/www.holyart.it\/it\/natale\"><strong>il nostro Natale<\/strong><\/a>.<\/p>\n<p>Il termine continua a vivere nel linguaggio e nella cultura popolare, dove viene usato per celebrare non solo nascite terrene, ma anche rinascite spirituali e ricorrenze commemorative. A Viterbo, ogni anno il 3 settembre, la grande\u00a0<a href=\"https:\/\/www.holyart.it\/blog\/articoli-religiosi\/le-feste-patronali-piu-belle-del-sud-italia\/#LAZIO\"><strong>Macchina di Santa Rosa<\/strong><\/a>\u00a0attraversa le vie della citt\u00e0 per commemorare la traslazione del corpo della giovane santa, morta a soli diciotto anni. Non \u00e8 un caso che proprio il nome\u00a0<em>Dies Natalis<\/em>\u00a0sia stato scelto per la nuova Macchina di Santa Rosa, ideata nel 2024 da Raffaele Ascenzi, gi\u00e0 facchino e profondo conoscitore della tradizione viterbese. Con questa opera, Ascenzi ha voluto ritrovare una scenografia intrisa di devozione e di memoria.\u00a0Sulla guglia della nuova Macchina non svetta pi\u00f9 la statua di Santa Rosa, ma una croce luminosa, simbolo di fede e rinascita, mentre la Santa \u00e8 collocata pi\u00f9 in basso, velata, quasi nascosta sotto quel segno di salvezza. \u00c8 un gesto di profonda umilt\u00e0 e insieme di significato teologico: la luce non viene pi\u00f9 solo dalla figura della santa, ma dalla<strong>\u00a0<\/strong>Croce che redime il mondo, la stessa croce alla quale ogni\u00a0<em>dies natalis<\/em>\u00a0allude come soglia tra vita e vita eterna.<\/p>\n<div class=\"link-article\">\n<p><img loading=\"lazy\" decoding=\"async\" class=\"size-full wp-image-22714 alignleft\" src=\"https:\/\/blog.holyart.it\/it\/wp-content\/uploads\/sites\/17\/2025\/10\/feste-patronali.jpg\" alt=\"feste patronali\" width=\"150\" height=\"99\" data-kale-share-title=\"Dies Natalis: il giorno in cui si nasce al cielo\" data-kale-share-url=\"https:\/\/blog.holyart.it\/it\/?p=22712\" \/><\/p>\n<div class=\"leggi-anche\">Leggi anche:<\/div>\n<p><strong><a href=\"https:\/\/www.holyart.it\/blog\/articoli-religiosi\/le-feste-patronali-piu-belle-del-sud-italia\/#LAZIO\">Le feste patronali pi\u00f9 belle del Sud Italia<\/a><\/strong><br \/>\nLe feste patronali sono una tradizione molto radicata e importante nel nostro paese, soprattutto nel Sud&#8230;<\/p>\n<\/div>\n<p>Questa visione cristiana del\u00a0<em>Dies Natalis<\/em>\u00a0come giorno della morte di un santo rappresenta un capovolgimento radicale: il dolore si trasforma in speranza, il lutto diventa promessa, e la separazione si fa attesa gioiosa. Attraverso i secoli, il\u00a0<em>Dies Natalis<\/em>\u00a0continua a ricordare ai cristiani che la morte non \u00e8 la fine, che in ogni nascita, terrena o celeste, c\u2019\u00e8 sempre il riflesso di una luce pi\u00f9 grande che ritorna. Che dove gli occhi del mondo vedono una fine, il cielo vede un inizio.<\/p>\n<h2>Un nome antico per una nascita nuova<\/h2>\n<p>Per comprendere fino in fondo la bellezza di questa parola, occorre tornare alle sue radici.<br \/>\nCome abbiamo detto, in latino,\u00a0<em>dies natalis<\/em> significa letteralmente \u201cgiorno della nascita\u201d: <em>dies<\/em>, il giorno;\u00a0<em>natalis<\/em>, da\u00a0<em>nasci<\/em>, nascere.\u00a0Nell\u2019antica Roma era il giorno in cui si celebrava il compleanno, non solo l&#8217;ingresso nella vita terrena di un uomo, ma anche la fondazione di una citt\u00e0, l\u2019inaugurazione di un tempio, la consacrazione di un imperatore. In generale era un giorno in cui si ricordava un inizio, e come tale meritava di essere festeggiato.<\/p>\n<p>Con i primi cristiani, questo linguaggio cambi\u00f2 pelle, e il\u00a0<em>dies natalis<\/em>\u00a0divenne il giorno della\u00a0<strong>vera nascita<\/strong>, quella che segue la morte terrena, il giorno del sangue e della gloria dei<a href=\"https:\/\/www.holyart.it\/blog\/santi-e-beati\/santi-martiri-sacrificare-la-propria-vita-in-nome-di-dio\/\">\u00a0<strong>martiri<\/strong><\/a>. Da allora ogni commemorazione di un santo \u00e8 un canto di nascita, non un requiem. Non si piange una perdita, ma si celebra un compimento. Il\u00a0<em>dies natalis<\/em>\u00a0incarna in modo molto significativo la visione cristiana dell\u2019esistenza. Ogni santo ci ricorda che la vita \u00e8 un pellegrinaggio, un\u2019attesa piena di promesse, che ciascuno di noi non vive per morire, ma\u00a0<strong>muore per rinascere<\/strong>. Questa prospettiva non sminuisce la vita presente, anzi: la illumina di eternit\u00e0.<\/p>\n<div class=\"link-article\">\n<p><img loading=\"lazy\" decoding=\"async\" class=\"size-full wp-image-22716 alignleft\" src=\"https:\/\/blog.holyart.it\/it\/wp-content\/uploads\/sites\/17\/2025\/10\/Santi-martiri.jpg\" alt=\"Santi martiri\" width=\"150\" height=\"99\" data-kale-share-title=\"Dies Natalis: il giorno in cui si nasce al cielo\" data-kale-share-url=\"https:\/\/blog.holyart.it\/it\/?p=22712\" \/><\/p>\n<div class=\"leggi-anche\">Leggi anche:<\/div>\n<p><strong><a href=\"https:\/\/www.holyart.it\/blog\/santi-e-beati\/santi-martiri-sacrificare-la-propria-vita-in-nome-di-dio\/\">Santi Martiri: sacrificare la propria vita in nome di Dio<\/a><\/strong><br \/>\nI Santi Martiri sono uomini e donne, spesso molto giovani, che hanno sacrificato la propria vita per amore di Dio&#8230;<\/p>\n<\/div>\n<p>Se ogni giorno ci avvicina al nostro vero compleanno, allora ogni gesto ha peso, ogni parola \u00e8 seme, ogni amore \u00e8 un frammento di cielo.<br \/>\nI santi non disprezzavano la terra: la amavano con una passione cos\u00ec pura da desiderarne il compimento.\u00a0Il\u00a0<em>dies natalis<\/em>\u00a0\u00e8 un invito a vivere senza paura, con la leggerezza di chi sa che la morte non \u00e8 un abisso ma un grembo pronto ad accoglierci.<\/p>\n<h2>Dies Natalis Solis Invicti: il Sole che non tramonta<\/h2>\n<p>Ma come scritto in apertura il termine\u00a0<em>dies natalis<\/em>\u00a0ci conduce anche in un\u2019altra direzione, antica e ardente: quella del\u00a0<strong>Sole Invincibile<\/strong>, il\u00a0<em>Dies Natalis Solis Invicti<\/em>, celebrato a Roma il 25 dicembre, la festa della rinascita del sole, il momento che segnava la vittoria della vita sulla morte, del cosmo sul caos.<br \/>\nIl cristianesimo non cancell\u00f2 quella festa: la\u00a0<strong>trasfigur\u00f2<\/strong>. Il Sole invincibile divenne\u00a0<strong>Cristo<\/strong>, il vero\u00a0<em>Sol Iustitiae<\/em>, il Sole di giustizia che illumina ogni uomo. Il 25 dicembre, giorno in cui la luce vince le tenebre, divenne cos\u00ec il giorno della\u00a0<a href=\"https:\/\/www.holyart.it\/blog\/natale\/gesu-bambino-le-raffigurazioni-piu-famose\/\"><strong>Nascita del Verbo fatto carne<\/strong><\/a>. Il sole materiale sorge e tramonta; Cristo, invece, \u00e8 la\u00a0<strong>luce che non conosce tramonto<\/strong>. \u00c8 la luce che libera chi vive nell\u2019ombra della paura, che riscalda chi \u00e8 smarrito nel gelo del dolore, che guida i passi dell\u2019uomo sulla via della pace. \u00c8 lo splendore della misericordia divina che scende dal cielo per abbracciare la terra, e trasforma la morte in nascita, e il buio in aurora.<\/p>\n<div class=\"link-article\">\n<p><img loading=\"lazy\" decoding=\"async\" class=\"size-full wp-image-22717 alignleft\" src=\"https:\/\/blog.holyart.it\/it\/wp-content\/uploads\/sites\/17\/2025\/10\/gesu-bambino.jpg\" alt=\"ges\u00f9 bambino\" width=\"150\" height=\"99\" data-kale-share-title=\"Dies Natalis: il giorno in cui si nasce al cielo\" data-kale-share-url=\"https:\/\/blog.holyart.it\/it\/?p=22712\" \/><\/p>\n<div class=\"leggi-anche\">Leggi anche:<\/div>\n<p><strong><a href=\"https:\/\/www.holyart.it\/blog\/natale\/gesu-bambino-le-raffigurazioni-piu-famose\/\">Ges\u00f9 Bambino: le raffigurazioni pi\u00f9 famose nel mondo<\/a><\/strong><br \/>\nLa figura di Ges\u00f9 Bambino non appartiene solo al Presepe e al nostro immaginario infantile. Simbolo di salvezza&#8230;<\/p>\n<\/div>\n<p><em>&#8220;Ci visiter\u00e0 un sole che sorge dall\u2019alto, per rischiarare quelli che stanno nelle tenebre e nell\u2019ombra di morte.&#8221;\u00a0<\/em><\/p>\n<p>Cos\u00ec canta\u00a0<strong>Zaccaria<\/strong>, padre di <a href=\"https:\/\/www.holyart.it\/blog\/santi-e-beati\/24-giugno-san-giovanni-battista\/\"><strong>Giovanni Battista<\/strong><\/a>, nel momento in cui la sua voce, rimasta muta per l\u2019incredulit\u00e0, si apre finalmente alla lode. \u00c8 un canto profetico, nato dalla gratitudine e dall\u2019illuminazione dello Spirito Santo, che ci fa comprendere molto chiaramente il passaggio dal Sole Invincibile pagano a Ges\u00f9. Dopo aver atteso in silenzio, Zaccaria contempla il compimento della promessa e annuncia l\u2019avvento del Messia come un sole che sorge, un astro di misericordia che squarcia le ombre del mondo.\u00a0Questi versetti, contenuti nel\u00a0<em>Vangelo secondo Luca<\/em>\u00a0(Lc 1,67-79), li ritroviamo ogni giorno nel\u00a0<em>Benedictus<\/em>\u00a0che risuona nelle\u00a0<strong>Lodi Mattutine<\/strong>, la preghiera che la Chiesa innalza nelle prime ore del giorno, quando il cielo si tinge d\u2019oro e l\u2019alba comincia a vincere la notte. Si tratta da sempre di una delle ore canoniche della\u00a0<a href=\"https:\/\/www.holyart.it\/it\/articoli-religiosi\/libri-e-testi-sacri\/liturgia-delle-ore\"><strong>Liturgia delle Ore<\/strong><\/a>. Recitare le Lodi significa consacrare il mattino a Dio, offrire i primi pensieri del giorno al Signore, nel momento in cui la terra si ridesta, e con essa anche l\u2019anima del credente si apre alla luce. \u00c8 una preghiera di lode e di speranza, un canto che prepara l\u2019anima a vivere la giornata come un piccolo\u00a0<em>dies natalis<\/em>, una rinascita alla luce dell\u2019Amore eterno.<\/p>\n<div class=\"link-article\">\n<p><img loading=\"lazy\" decoding=\"async\" class=\"size-full wp-image-22718 alignleft\" src=\"https:\/\/blog.holyart.it\/it\/wp-content\/uploads\/sites\/17\/2025\/10\/San-Giovanni-BAttista.jpg\" alt=\"San Giovanni Battista\" width=\"150\" height=\"101\" data-kale-share-title=\"Dies Natalis: il giorno in cui si nasce al cielo\" data-kale-share-url=\"https:\/\/blog.holyart.it\/it\/?p=22712\" \/><\/p>\n<div class=\"leggi-anche\">Leggi anche:<\/div>\n<p><strong><a href=\"https:\/\/www.holyart.it\/blog\/santi-e-beati\/24-giugno-san-giovanni-battista\/\">24 giugno San Giovanni Battista<\/a><\/strong><br \/>\nIl 24 giugno si festeggia la nascita di San Giovanni Battista, uno dei Santi pi\u00f9 venerati nel mondo, ultimo profeta dell\u2019Antico&#8230;<\/p>\n<\/div>\n","protected":false},"excerpt":{"rendered":"<p>Dies Natalis: il giorno in cui la morte diventa nascita, e l\u2019anima rinasce alla luce Dies Natalis \u00e8 un\u2019espressione che racchiude il senso di molte nascite. Viene dal latino e significa \u201cgiorno di nascita\u201d, una nascita che pu\u00f2 essere identificata con quella fisica, di una&hellip;<\/p>\n","protected":false},"author":1,"featured_media":22721,"comment_status":"closed","ping_status":"open","sticky":false,"template":"","format":"standard","meta":{"_acf_changed":false,"footnotes":""},"categories":[16],"tags":[],"class_list":["post-22712","post","type-post","status-publish","format-standard","has-post-thumbnail","hentry","category-articoli-religiosi"],"acf":[],"yoast_head":"<!-- This site is optimized with the Yoast SEO plugin v26.6 - https:\/\/yoast.com\/wordpress\/plugins\/seo\/ -->\n<title>Dies Natalis: il giorno in cui si nasce al cielo - Holyblog<\/title>\n<meta name=\"description\" content=\"Scopriamo cosa vuol dire l&#039;espressione Dies Natalis: il giorno in cui la morte diventa nascita, e l\u2019anima rinasce alla luce.\" \/>\n<meta name=\"robots\" content=\"index, follow, max-snippet:-1, max-image-preview:large, max-video-preview:-1\" \/>\n<link rel=\"canonical\" href=\"https:\/\/blog.holyart.it\/it\/articoli-religiosi\/dies-natalis-il-giorno-in-cui-si-nasce-al-cielo\/\" \/>\n<meta property=\"og:locale\" content=\"it_IT\" \/>\n<meta property=\"og:type\" content=\"article\" \/>\n<meta property=\"og:title\" content=\"Dies Natalis: il giorno in cui si nasce al cielo - Holyblog\" \/>\n<meta property=\"og:description\" content=\"Scopriamo cosa vuol dire l&#039;espressione Dies Natalis: il giorno in cui la morte diventa nascita, e l\u2019anima rinasce alla luce.\" \/>\n<meta property=\"og:url\" content=\"https:\/\/blog.holyart.it\/it\/articoli-religiosi\/dies-natalis-il-giorno-in-cui-si-nasce-al-cielo\/\" \/>\n<meta property=\"og:site_name\" content=\"Holyblog\" \/>\n<meta property=\"article:published_time\" content=\"2025-11-26T09:00:21+00:00\" \/>\n<meta property=\"og:image\" content=\"https:\/\/blog.holyart.it\/it\/wp-content\/uploads\/sites\/17\/2025\/10\/dies-natalis.jpg\" \/>\n\t<meta property=\"og:image:width\" content=\"1000\" \/>\n\t<meta property=\"og:image:height\" content=\"666\" \/>\n\t<meta property=\"og:image:type\" content=\"image\/jpeg\" \/>\n<meta name=\"author\" content=\"Redazione\" \/>\n<meta name=\"twitter:card\" content=\"summary_large_image\" \/>\n<meta name=\"twitter:label1\" content=\"Scritto da\" \/>\n\t<meta name=\"twitter:data1\" content=\"Redazione\" \/>\n\t<meta name=\"twitter:label2\" content=\"Tempo di lettura stimato\" \/>\n\t<meta name=\"twitter:data2\" content=\"9 minuti\" \/>\n<script type=\"application\/ld+json\" class=\"yoast-schema-graph\">{\"@context\":\"https:\/\/schema.org\",\"@graph\":[{\"@type\":\"Article\",\"@id\":\"https:\/\/blog.holyart.it\/it\/articoli-religiosi\/dies-natalis-il-giorno-in-cui-si-nasce-al-cielo\/#article\",\"isPartOf\":{\"@id\":\"https:\/\/blog.holyart.it\/it\/articoli-religiosi\/dies-natalis-il-giorno-in-cui-si-nasce-al-cielo\/\"},\"author\":{\"name\":\"Redazione\",\"@id\":\"https:\/\/blog.holyart.it\/it\/#\/schema\/person\/0a7b686e5af0f856ec1e390dd0baecda\"},\"headline\":\"Dies Natalis: il giorno in cui si nasce al cielo\",\"datePublished\":\"2025-11-26T09:00:21+00:00\",\"mainEntityOfPage\":{\"@id\":\"https:\/\/blog.holyart.it\/it\/articoli-religiosi\/dies-natalis-il-giorno-in-cui-si-nasce-al-cielo\/\"},\"wordCount\":1336,\"publisher\":{\"@id\":\"https:\/\/blog.holyart.it\/it\/#organization\"},\"image\":{\"@id\":\"https:\/\/blog.holyart.it\/it\/articoli-religiosi\/dies-natalis-il-giorno-in-cui-si-nasce-al-cielo\/#primaryimage\"},\"thumbnailUrl\":\"https:\/\/blog.holyart.it\/it\/wp-content\/uploads\/sites\/17\/2025\/10\/dies-natalis.jpg\",\"articleSection\":[\"Religione\"],\"inLanguage\":\"it-IT\"},{\"@type\":\"WebPage\",\"@id\":\"https:\/\/blog.holyart.it\/it\/articoli-religiosi\/dies-natalis-il-giorno-in-cui-si-nasce-al-cielo\/\",\"url\":\"https:\/\/blog.holyart.it\/it\/articoli-religiosi\/dies-natalis-il-giorno-in-cui-si-nasce-al-cielo\/\",\"name\":\"Dies Natalis: il giorno in cui si nasce al cielo - Holyblog\",\"isPartOf\":{\"@id\":\"https:\/\/blog.holyart.it\/it\/#website\"},\"primaryImageOfPage\":{\"@id\":\"https:\/\/blog.holyart.it\/it\/articoli-religiosi\/dies-natalis-il-giorno-in-cui-si-nasce-al-cielo\/#primaryimage\"},\"image\":{\"@id\":\"https:\/\/blog.holyart.it\/it\/articoli-religiosi\/dies-natalis-il-giorno-in-cui-si-nasce-al-cielo\/#primaryimage\"},\"thumbnailUrl\":\"https:\/\/blog.holyart.it\/it\/wp-content\/uploads\/sites\/17\/2025\/10\/dies-natalis.jpg\",\"datePublished\":\"2025-11-26T09:00:21+00:00\",\"description\":\"Scopriamo cosa vuol dire l'espressione Dies Natalis: il giorno in cui la morte diventa nascita, e l\u2019anima rinasce alla luce.\",\"breadcrumb\":{\"@id\":\"https:\/\/blog.holyart.it\/it\/articoli-religiosi\/dies-natalis-il-giorno-in-cui-si-nasce-al-cielo\/#breadcrumb\"},\"inLanguage\":\"it-IT\",\"potentialAction\":[{\"@type\":\"ReadAction\",\"target\":[\"https:\/\/blog.holyart.it\/it\/articoli-religiosi\/dies-natalis-il-giorno-in-cui-si-nasce-al-cielo\/\"]}]},{\"@type\":\"ImageObject\",\"inLanguage\":\"it-IT\",\"@id\":\"https:\/\/blog.holyart.it\/it\/articoli-religiosi\/dies-natalis-il-giorno-in-cui-si-nasce-al-cielo\/#primaryimage\",\"url\":\"https:\/\/blog.holyart.it\/it\/wp-content\/uploads\/sites\/17\/2025\/10\/dies-natalis.jpg\",\"contentUrl\":\"https:\/\/blog.holyart.it\/it\/wp-content\/uploads\/sites\/17\/2025\/10\/dies-natalis.jpg\",\"width\":1000,\"height\":666,\"caption\":\"dies natalis\"},{\"@type\":\"BreadcrumbList\",\"@id\":\"https:\/\/blog.holyart.it\/it\/articoli-religiosi\/dies-natalis-il-giorno-in-cui-si-nasce-al-cielo\/#breadcrumb\",\"itemListElement\":[{\"@type\":\"ListItem\",\"position\":1,\"name\":\"Homepage\",\"item\":\"https:\/\/blog.holyart.it\/it\/\"},{\"@type\":\"ListItem\",\"position\":2,\"name\":\"Religione\",\"item\":\"https:\/\/blog.holyart.it\/it\/articoli-religiosi\/\"},{\"@type\":\"ListItem\",\"position\":3,\"name\":\"Dies Natalis: il giorno in cui si nasce al cielo\"}]},{\"@type\":\"WebSite\",\"@id\":\"https:\/\/blog.holyart.it\/it\/#website\",\"url\":\"https:\/\/blog.holyart.it\/it\/\",\"name\":\"Holyblog\",\"description\":\"Il Blog di Holyart.it\",\"publisher\":{\"@id\":\"https:\/\/blog.holyart.it\/it\/#organization\"},\"potentialAction\":[{\"@type\":\"SearchAction\",\"target\":{\"@type\":\"EntryPoint\",\"urlTemplate\":\"https:\/\/blog.holyart.it\/it\/?s={search_term_string}\"},\"query-input\":{\"@type\":\"PropertyValueSpecification\",\"valueRequired\":true,\"valueName\":\"search_term_string\"}}],\"inLanguage\":\"it-IT\"},{\"@type\":\"Organization\",\"@id\":\"https:\/\/blog.holyart.it\/it\/#organization\",\"name\":\"Holyblog\",\"url\":\"https:\/\/blog.holyart.it\/it\/\",\"logo\":{\"@type\":\"ImageObject\",\"inLanguage\":\"it-IT\",\"@id\":\"https:\/\/blog.holyart.it\/it\/#\/schema\/logo\/image\/\",\"url\":\"https:\/\/blog.holyart.it\/it\/wp-content\/uploads\/sites\/17\/2022\/12\/Holyart_Blog_Logo.jpg\",\"contentUrl\":\"https:\/\/blog.holyart.it\/it\/wp-content\/uploads\/sites\/17\/2022\/12\/Holyart_Blog_Logo.jpg\",\"width\":300,\"height\":50,\"caption\":\"Holyblog\"},\"image\":{\"@id\":\"https:\/\/blog.holyart.it\/it\/#\/schema\/logo\/image\/\"}},{\"@type\":\"Person\",\"@id\":\"https:\/\/blog.holyart.it\/it\/#\/schema\/person\/0a7b686e5af0f856ec1e390dd0baecda\",\"name\":\"Redazione\"}]}<\/script>\n<!-- \/ Yoast SEO plugin. -->","yoast_head_json":{"title":"Dies Natalis: il giorno in cui si nasce al cielo - Holyblog","description":"Scopriamo cosa vuol dire l'espressione Dies Natalis: il giorno in cui la morte diventa nascita, e l\u2019anima rinasce alla luce.","robots":{"index":"index","follow":"follow","max-snippet":"max-snippet:-1","max-image-preview":"max-image-preview:large","max-video-preview":"max-video-preview:-1"},"canonical":"https:\/\/blog.holyart.it\/it\/articoli-religiosi\/dies-natalis-il-giorno-in-cui-si-nasce-al-cielo\/","og_locale":"it_IT","og_type":"article","og_title":"Dies Natalis: il giorno in cui si nasce al cielo - Holyblog","og_description":"Scopriamo cosa vuol dire l'espressione Dies Natalis: il giorno in cui la morte diventa nascita, e l\u2019anima rinasce alla luce.","og_url":"https:\/\/blog.holyart.it\/it\/articoli-religiosi\/dies-natalis-il-giorno-in-cui-si-nasce-al-cielo\/","og_site_name":"Holyblog","article_published_time":"2025-11-26T09:00:21+00:00","og_image":[{"width":1000,"height":666,"url":"https:\/\/blog.holyart.it\/it\/wp-content\/uploads\/sites\/17\/2025\/10\/dies-natalis.jpg","type":"image\/jpeg"}],"author":"Redazione","twitter_card":"summary_large_image","twitter_misc":{"Scritto da":"Redazione","Tempo di lettura stimato":"9 minuti"},"schema":{"@context":"https:\/\/schema.org","@graph":[{"@type":"Article","@id":"https:\/\/blog.holyart.it\/it\/articoli-religiosi\/dies-natalis-il-giorno-in-cui-si-nasce-al-cielo\/#article","isPartOf":{"@id":"https:\/\/blog.holyart.it\/it\/articoli-religiosi\/dies-natalis-il-giorno-in-cui-si-nasce-al-cielo\/"},"author":{"name":"Redazione","@id":"https:\/\/blog.holyart.it\/it\/#\/schema\/person\/0a7b686e5af0f856ec1e390dd0baecda"},"headline":"Dies Natalis: il giorno in cui si nasce al cielo","datePublished":"2025-11-26T09:00:21+00:00","mainEntityOfPage":{"@id":"https:\/\/blog.holyart.it\/it\/articoli-religiosi\/dies-natalis-il-giorno-in-cui-si-nasce-al-cielo\/"},"wordCount":1336,"publisher":{"@id":"https:\/\/blog.holyart.it\/it\/#organization"},"image":{"@id":"https:\/\/blog.holyart.it\/it\/articoli-religiosi\/dies-natalis-il-giorno-in-cui-si-nasce-al-cielo\/#primaryimage"},"thumbnailUrl":"https:\/\/blog.holyart.it\/it\/wp-content\/uploads\/sites\/17\/2025\/10\/dies-natalis.jpg","articleSection":["Religione"],"inLanguage":"it-IT"},{"@type":"WebPage","@id":"https:\/\/blog.holyart.it\/it\/articoli-religiosi\/dies-natalis-il-giorno-in-cui-si-nasce-al-cielo\/","url":"https:\/\/blog.holyart.it\/it\/articoli-religiosi\/dies-natalis-il-giorno-in-cui-si-nasce-al-cielo\/","name":"Dies Natalis: il giorno in cui si nasce al cielo - Holyblog","isPartOf":{"@id":"https:\/\/blog.holyart.it\/it\/#website"},"primaryImageOfPage":{"@id":"https:\/\/blog.holyart.it\/it\/articoli-religiosi\/dies-natalis-il-giorno-in-cui-si-nasce-al-cielo\/#primaryimage"},"image":{"@id":"https:\/\/blog.holyart.it\/it\/articoli-religiosi\/dies-natalis-il-giorno-in-cui-si-nasce-al-cielo\/#primaryimage"},"thumbnailUrl":"https:\/\/blog.holyart.it\/it\/wp-content\/uploads\/sites\/17\/2025\/10\/dies-natalis.jpg","datePublished":"2025-11-26T09:00:21+00:00","description":"Scopriamo cosa vuol dire l'espressione Dies Natalis: il giorno in cui la morte diventa nascita, e l\u2019anima rinasce alla luce.","breadcrumb":{"@id":"https:\/\/blog.holyart.it\/it\/articoli-religiosi\/dies-natalis-il-giorno-in-cui-si-nasce-al-cielo\/#breadcrumb"},"inLanguage":"it-IT","potentialAction":[{"@type":"ReadAction","target":["https:\/\/blog.holyart.it\/it\/articoli-religiosi\/dies-natalis-il-giorno-in-cui-si-nasce-al-cielo\/"]}]},{"@type":"ImageObject","inLanguage":"it-IT","@id":"https:\/\/blog.holyart.it\/it\/articoli-religiosi\/dies-natalis-il-giorno-in-cui-si-nasce-al-cielo\/#primaryimage","url":"https:\/\/blog.holyart.it\/it\/wp-content\/uploads\/sites\/17\/2025\/10\/dies-natalis.jpg","contentUrl":"https:\/\/blog.holyart.it\/it\/wp-content\/uploads\/sites\/17\/2025\/10\/dies-natalis.jpg","width":1000,"height":666,"caption":"dies natalis"},{"@type":"BreadcrumbList","@id":"https:\/\/blog.holyart.it\/it\/articoli-religiosi\/dies-natalis-il-giorno-in-cui-si-nasce-al-cielo\/#breadcrumb","itemListElement":[{"@type":"ListItem","position":1,"name":"Homepage","item":"https:\/\/blog.holyart.it\/it\/"},{"@type":"ListItem","position":2,"name":"Religione","item":"https:\/\/blog.holyart.it\/it\/articoli-religiosi\/"},{"@type":"ListItem","position":3,"name":"Dies Natalis: il giorno in cui si nasce al cielo"}]},{"@type":"WebSite","@id":"https:\/\/blog.holyart.it\/it\/#website","url":"https:\/\/blog.holyart.it\/it\/","name":"Holyblog","description":"Il Blog di Holyart.it","publisher":{"@id":"https:\/\/blog.holyart.it\/it\/#organization"},"potentialAction":[{"@type":"SearchAction","target":{"@type":"EntryPoint","urlTemplate":"https:\/\/blog.holyart.it\/it\/?s={search_term_string}"},"query-input":{"@type":"PropertyValueSpecification","valueRequired":true,"valueName":"search_term_string"}}],"inLanguage":"it-IT"},{"@type":"Organization","@id":"https:\/\/blog.holyart.it\/it\/#organization","name":"Holyblog","url":"https:\/\/blog.holyart.it\/it\/","logo":{"@type":"ImageObject","inLanguage":"it-IT","@id":"https:\/\/blog.holyart.it\/it\/#\/schema\/logo\/image\/","url":"https:\/\/blog.holyart.it\/it\/wp-content\/uploads\/sites\/17\/2022\/12\/Holyart_Blog_Logo.jpg","contentUrl":"https:\/\/blog.holyart.it\/it\/wp-content\/uploads\/sites\/17\/2022\/12\/Holyart_Blog_Logo.jpg","width":300,"height":50,"caption":"Holyblog"},"image":{"@id":"https:\/\/blog.holyart.it\/it\/#\/schema\/logo\/image\/"}},{"@type":"Person","@id":"https:\/\/blog.holyart.it\/it\/#\/schema\/person\/0a7b686e5af0f856ec1e390dd0baecda","name":"Redazione"}]}},"_links":{"self":[{"href":"https:\/\/blog.holyart.it\/it\/wp-json\/wp\/v2\/posts\/22712","targetHints":{"allow":["GET"]}}],"collection":[{"href":"https:\/\/blog.holyart.it\/it\/wp-json\/wp\/v2\/posts"}],"about":[{"href":"https:\/\/blog.holyart.it\/it\/wp-json\/wp\/v2\/types\/post"}],"author":[{"embeddable":true,"href":"https:\/\/blog.holyart.it\/it\/wp-json\/wp\/v2\/users\/1"}],"replies":[{"embeddable":true,"href":"https:\/\/blog.holyart.it\/it\/wp-json\/wp\/v2\/comments?post=22712"}],"version-history":[{"count":3,"href":"https:\/\/blog.holyart.it\/it\/wp-json\/wp\/v2\/posts\/22712\/revisions"}],"predecessor-version":[{"id":22720,"href":"https:\/\/blog.holyart.it\/it\/wp-json\/wp\/v2\/posts\/22712\/revisions\/22720"}],"wp:featuredmedia":[{"embeddable":true,"href":"https:\/\/blog.holyart.it\/it\/wp-json\/wp\/v2\/media\/22721"}],"wp:attachment":[{"href":"https:\/\/blog.holyart.it\/it\/wp-json\/wp\/v2\/media?parent=22712"}],"wp:term":[{"taxonomy":"category","embeddable":true,"href":"https:\/\/blog.holyart.it\/it\/wp-json\/wp\/v2\/categories?post=22712"},{"taxonomy":"post_tag","embeddable":true,"href":"https:\/\/blog.holyart.it\/it\/wp-json\/wp\/v2\/tags?post=22712"}],"curies":[{"name":"wp","href":"https:\/\/api.w.org\/{rel}","templated":true}]}}