{"id":22686,"date":"2025-10-15T10:00:40","date_gmt":"2025-10-15T08:00:40","guid":{"rendered":"https:\/\/blog.holyart.it\/it\/?p=22686"},"modified":"2025-10-06T10:48:44","modified_gmt":"2025-10-06T08:48:44","slug":"i-miracoli-di-papa-giovanni-paolo-ii-il-pontefice-del-totus-tuus","status":"publish","type":"post","link":"https:\/\/blog.holyart.it\/it\/santi-e-beati\/i-miracoli-di-papa-giovanni-paolo-ii-il-pontefice-del-totus-tuus\/","title":{"rendered":"I miracoli di Papa Giovanni Paolo II, il pontefice del Totus Tuus"},"content":{"rendered":"<h4>Dal sorriso al Totus Tuus: i miracoli di Papa Giovanni Paolo II, il Pontefice venuto da lontano che ha cambiato il volto della chiesa<\/h4>\n\n<p>Era il 16 ottobre 1978. In piazza San Pietro la folla tratteneva il respiro, quando dalle logge della Basilica comparve un Papa diverso da tutti gli altri: giovane, venuto da lontano. Si rivolse alla folla in sospeso in un italiano incerto, ma con volto sorridente, e disse:<em>\u00a0&#8220;Se mi sbaglio, mi corrigerete.&#8221;<\/em>\u00a0Bastarono quelle parole pronunciate con una dolcezza e un\u2019umilt\u00e0 nuove e sorprendenti, bast\u00f2 quel sorriso buono, che raggiungeva gli occhi, per far capire al mondo che ci si trovava davanti a un Papa diverso da chiunque altro. E non solo perch\u00e9, dopo cinque secoli, il Santo Pontefice non era italiano. Cos\u00ec cominciava il pontificato di\u00a0<strong>Karol Wojtyla<\/strong>, l&#8217;uomo che sarebbe diventato <a href=\"https:\/\/www.holyart.it\/it\/occasioni-speciali\/giovanni-paolo-ii\"><strong>Giovanni Paolo II<\/strong><\/a>, il Papa viaggiatore che avrebbe cambiato per sempre il volto della Chiesa. Quando parliamo dei\u00a0<strong>miracoli di Papa Giovanni Paolo II\u00a0<\/strong>il primo \u00e8 stato proprio quel sorriso che avrebbe conquistato il mondo.<\/p>\n<p>La sua elezione rappresent\u00f2 una svolta epocale. Karol Wojtyla non era solo il primo Papa straniero dopo che per 455 anni solo cardinali italiani erano saliti al soglio pontificio. Lui portava con s\u00e9 l&#8217;esperienza di una Chiesa che aveva resistito al comunismo, la forza di un uomo forgiato dalla sofferenza della Seconda Guerra Mondiale, e soprattutto una devozione mariana cos\u00ec profonda da essere racchiusa in due sole parole latine:\u00a0<strong><em>Totus Tuus<\/em><\/strong>, tutto tuo.<\/p>\n<div class=\"link-product\">\n<div class=\"blocco-immagine\"><img loading=\"lazy\" decoding=\"async\" class=\"size-full wp-image-22687 alignleft\" src=\"https:\/\/blog.holyart.it\/it\/wp-content\/uploads\/sites\/17\/2025\/10\/statua-papa-giovanni-paolo-ii-30-cm-resina-dipinta.jpg\" alt=\"statua papa giovanni paolo ii 30 cm resina dipinta\" width=\"100\" height=\"100\" data-kale-share-title=\"I miracoli di Papa Giovanni Paolo II, il pontefice del Totus Tuus\" data-kale-share-url=\"https:\/\/blog.holyart.it\/it\/?p=22686\" \/><\/div>\n<div class=\"blocco-contenuto\">\n<div class=\"blocco-acquista\">Acquista su Holyart:<\/div>\n<div class=\"blocco-titolo\"><a href=\"https:\/\/www.holyart.it\/it\/occasioni-speciali\/giovanni-paolo-ii\">Giovanni Paolo II<\/a><\/div>\n<div class=\"blocco-descrizione\">In occasione della sua santificazione abbiamo creato un reparto interamente dedicato a lui.<\/div>\n<\/div>\n<\/div>\n<h2>Il significato del Totus Tuus: una preghiera vissuta<\/h2>\n<p>La preghiera\u00a0<strong><em>Totus Tuus<\/em><\/strong>, scelta da Giovanni Paolo II come motto apostolico, deriva da una consacrazione mariana:<\/p>\n<p><em>Totus tuus ego sum, et omnia mea tua sunt. Accipio te in mea omnia, praebe mihi cor tuum, o Maria<\/em><\/p>\n<p>&#8220;Sono tutto tuo, e tutto ci\u00f2 che \u00e8 mio \u00e8 tuo. Ti accolgo in tutto me stesso, offrimi il cuore tuo, Maria&#8221;.<\/p>\n<p>L&#8217;essenza della preghiera \u00e8 la necessit\u00e0 di affidarsi totalmente alla Vergine Maria, esprimendo una devozione profonda che si radica nella spiritualit\u00e0 e nella vita. Per Giovanni Paolo II\u00a0<em>Totus Tuus<\/em>\u00a0non era solo uno slogan da ripetere. Rappresentava\u00a0<strong>il fulcro stesso dell&#8217;anima<\/strong>, l&#8217;asse intorno alla quale ruotava tutta la sua esistenza. La sua era una <a href=\"https:\/\/www.holyart.it\/blog\/articoli-religiosi\/come-pregare-per-ottenere-una-grazia-nel-mese-mariano\/\"><strong>resa totale e incondizionata a Maria Vergine<\/strong><\/a>, nel dolce abbraccio della quale deponeva ogni respiro, lasciando che la sua luce benedetta illuminasse e guidasse ogni scelta. Quelle due parole racchiudevano l&#8217;origine stessa della sua fede, maturato negli anni della giovinezza. Quando da ragazzo lavorava duramente nelle cave della Solvay, Karol Wojty\u0142a custodiva nel cuore un piccolo libro: il\u00a0<em>Trattato della vera devozione alla Santa Vergine<\/em> di San Luigi Maria Grignion de Montfort, profeta della devozione mariana, un sacerdote francese vissuto tra il XVII e XVIII secolo, che annunciava il Vangelo con ardore e semplicit\u00e0. Fondatore della Compagnia di Maria e delle Figlie della Sapienza, dedic\u00f2 tutta la sua vita a diffondere la devozione filiale alla Vergine.<\/p>\n<div class=\"link-article\">\n<p><img loading=\"lazy\" decoding=\"async\" class=\"size-full wp-image-22688 alignleft\" src=\"https:\/\/blog.holyart.it\/it\/wp-content\/uploads\/sites\/17\/2025\/10\/chiedere-una-grazia-alla-madonna-1.jpg\" alt=\"chiedere una grazia alla madonna\" width=\"150\" height=\"99\" data-kale-share-title=\"I miracoli di Papa Giovanni Paolo II, il pontefice del Totus Tuus\" data-kale-share-url=\"https:\/\/blog.holyart.it\/it\/?p=22686\" \/><\/p>\n<div class=\"leggi-anche\">Leggi anche:<\/div>\n<p><strong><a href=\"https:\/\/www.holyart.it\/blog\/articoli-religiosi\/come-pregare-per-ottenere-una-grazia-nel-mese-mariano\/\">Come pregare per ottenere una grazia nel Mese Mariano<\/a><\/strong><br \/>\nMaggio, mese dell\u2019amore, \u00e8 da sempre dedicato alla Vergine Maria. Scopriamo come pregare per ottenere&#8230;<\/p>\n<\/div>\n<p>La sua eredit\u00e0 spirituale ha influenzato generazioni di cristiani e ispirato santi, e resta ancora oggi una guida per chi cerca in Maria la via pi\u00f9 sicura verso Cristo. Per il giovane Wojty\u0142a le pagine di de Montfort furono una rivelazione, la strada luminosa verso una consacrazione totale a Maria. Da quella lettura nacque un legame indissolubile, che divenne respiro e sostegno di tutta la sua vita, e non stupisce che il motto scelto per il suo pontificato fosse <em>Totus Tuus,<\/em>\u00a0\u201ctutto tuo\u201d, eco diretta di quel prezioso insegnamento. Quando Giovanni Paolo II divenne Papa volle che la preghiera del Totus Tuus divenisse non pi\u00f9 solo un&#8217;espressione personale di fede, ma un invito rivolto a tutti i credenti, ad abbandonarsi con fiducia nelle mani di Maria per essere condotti a Cristo. Consacrandosi a Maria, come Papa oltre che uomo, Giovanni Paolo II dichiarava l&#8217;intento di affidarsi a lei completamente, riconoscendola come mediatrice di ogni grazia e guida sicura verso Cristo. Anche quando, il 13 maggio 1981, Ali Agca gli spar\u00f2 in Piazza San Pietro, Giovanni Paolo II attribu\u00ec la sua sopravvivenza all&#8217;intercessione della\u00a0<strong><a href=\"https:\/\/www.holyart.it\/blog\/occasioni-speciali\/madonna-di-fatima-penitenza-e-preghiera-sono-la-salvezza\/\">Madonna di Fatima<\/a><\/strong>, la cui festa ricorreva proprio quel giorno.\u00a0<em>&#8220;Una mano ha sparato, un&#8217;altra mano ha guidato il proiettile,&#8221;\u00a0<\/em>dir\u00e0 successivamente. Un anno dopo l\u2019attentato, Giovanni Paolo II si rec\u00f2 in pellegrinaggio a Fatima per ringraziare la Madonna. L\u00ec depose uno dei proiettili che lo avevano ferito, facendolo incastonare nella corona della Vergine. Ancora oggi quel segno silenzioso brilla tra i raggi d\u2019oro, testimonianza di un amore filiale e di una protezione materna che salv\u00f2 la sua vita.<\/p>\n<div class=\"link-article\">\n<p><img loading=\"lazy\" decoding=\"async\" class=\"size-full wp-image-22689 alignleft\" src=\"https:\/\/blog.holyart.it\/it\/wp-content\/uploads\/sites\/17\/2025\/10\/statue-pastorelli.jpg\" alt=\"statue pastorelli\" width=\"150\" height=\"99\" data-kale-share-title=\"I miracoli di Papa Giovanni Paolo II, il pontefice del Totus Tuus\" data-kale-share-url=\"https:\/\/blog.holyart.it\/it\/?p=22686\" \/><\/p>\n<div class=\"leggi-anche\">Leggi anche:<\/div>\n<p><strong><a href=\"https:\/\/www.holyart.it\/blog\/occasioni-speciali\/madonna-di-fatima-penitenza-e-preghiera-sono-la-salvezza\/\">Madonna di Fatima: penitenza e preghiera sono la salvezza<\/a><\/strong><br \/>\nIl 13 Maggio si festeggia la Madonna di Fatima. Il suo invito alla penitenza e alla preghiera come strumenti&#8230;<\/p>\n<\/div>\n<h2>I miracoli di Papa Giovanni Paolo II: segni tangibili di santit\u00e0<\/h2>\n<p>Quando parliamo dei miracoli di Papa Giovanni Paolo II, entriamo in un territorio dove la scienza incontra la fede, dove il mistero sfida le certezze umane. Per comprendere pienamente il significato di questi eventi straordinari, dobbiamo prima capire cosa rappresentino i miracoli nel processo di canonizzazione della Chiesa Cattolica.<\/p>\n<p><strong><a href=\"https:\/\/www.holyart.it\/blog\/articoli-religiosi\/come-si-fa-a-diventare-santi-spieghiamo-il-processo-di-santificazione\/\">Diventare santi, nella Chiesa cattolica<\/a>,<\/strong> \u00e8 un cammino lungo e rigoroso. Non basta una vita di fede esemplare: occorre che la Chiesa riconosca in quella storia l\u2019impronta di Dio. Per questo, dopo averne studiato le virt\u00f9 e raccolto le testimonianze, il percorso si apre a un segno straordinario, un dono che non nasce dalle forze umane, ma dall\u2019intercessione del candidato, sostenuto dalla grazia divina. \u00c8 qui che entrano in gioco i\u00a0<a href=\"https:\/\/www.holyart.it\/blog\/articoli-religiosi\/miracoli-riconosciuti-dalla-chiesa-tutte-le-guarigioni-e-gli-eventi-prodigiosi\/\"><strong>miracoli<\/strong><\/a>: guarigioni improvvise e inspiegabili, conversioni radicali, eventi che sfuggono a ogni logica medica o razionale. La Chiesa li esamina con attenzione, chiamando medici e teologi a vagliare ogni dettaglio, finch\u00e9 resta solo l\u2019essenziale: la certezza che quell\u2019evento non ha altra spiegazione che la grazia divina. Cos\u00ec un primo miracolo apre la via alla beatificazione, mentre un secondo, riconosciuto dopo, spalanca le porte della canonizzazione. \u00c8 attraverso questi segni che la santit\u00e0 privata diventa luce per tutta la Chiesa, e un\u2019anima che ha vissuto in Cristo viene offerta al mondo come testimone eterna. I miracoli non sono dunque semplici coincidenze fortunate o guarigioni inaspettate. Devono essere eventi istantanei, completi, duraturi e, soprattutto, scientificamente inspiegabili. Devono inoltre avvenire dopo l&#8217;invocazione specifica della persona di cui si esamina la causa di beatificazione o canonizzazione.<\/p>\n<div class=\"link-article\">\n<p><img loading=\"lazy\" decoding=\"async\" class=\"size-full wp-image-22690 alignleft\" src=\"https:\/\/blog.holyart.it\/it\/wp-content\/uploads\/sites\/17\/2025\/10\/miracoli-riconosciuti-dalla-chiesa.jpg\" alt=\"miracoli riconosciuti dalla chiesa\" width=\"150\" height=\"99\" data-kale-share-title=\"I miracoli di Papa Giovanni Paolo II, il pontefice del Totus Tuus\" data-kale-share-url=\"https:\/\/blog.holyart.it\/it\/?p=22686\" \/><\/p>\n<div class=\"leggi-anche\">Leggi anche:<\/div>\n<p><strong><a href=\"https:\/\/www.holyart.it\/blog\/articoli-religiosi\/miracoli-riconosciuti-dalla-chiesa-tutte-le-guarigioni-e-gli-eventi-prodigiosi\/\">Miracoli riconosciuti dalla Chiesa: tutte le guarigioni e gli eventi prodigiosi<\/a><\/strong><br \/>\nQuali sono i miracoli riconosciuti dalla Chiesa, quali quelli ancora in&#8230;<\/p>\n<\/div>\n<p>I miracoli di Papa Giovanni Paolo II non sono reliquie da custodire in silenzio, ma semi gettati nel futuro: testimoniano che l\u2019amore di Dio \u00e8 pi\u00f9 forte della morte, che la santit\u00e0 \u00e8 viva e presente, che la fede non delude mai.<\/p>\n<h3>Il primo miracolo di Giovanni Paolo II: la guarigione di suor Marie Simon-Pierre<\/h3>\n<p>Nel silenzio raccolto del convento di Puyricard, nel sud della Francia, la giovane suor Marie Simon-Pierre vedeva spegnersi giorno dopo giorno la sua autonomia, mentre il morbo di Parkinson le rubava i gesti pi\u00f9 semplici: scrivere, camminare, vivere senza aiuto. Era la stessa croce che aveva piegato il corpo di Giovanni Paolo II, lasciando negli occhi del mondo l\u2019immagine di un Papa tremante, segnato dal dolore, ma mai vinto nello spirito.<br \/>\nNel giugno del 2005, a due mesi dalla morte del Pontefice, la comunit\u00e0 religiosa scelse di pregare con ardore per la sua intercessione. Suor Marie, che lo aveva ammirato proprio perch\u00e9 ne condivideva la malattia, si un\u00ec con un fervore particolare. E accadde l\u2019inspiegabile: una mattina si svegli\u00f2 diversa. Nessun tremore, nessuna rigidit\u00e0. Le mani fluivano sicure sulla carta, il corpo rispondeva con agilit\u00e0 dimenticata. Si sentiva, semplicemente, guarita.<br \/>\nI medici, dinanzi ai referti clinici, restarono senza parole: ogni ipotesi scientifica venne esclusa, ogni spiegazione terrena dissolta. Restava solo il mistero della grazia. Nel 2011, quel miracolo divenne la porta luminosa che condusse Giovanni Paolo II alla beatificazione, proclamata da <a href=\"https:\/\/www.holyart.it\/blog\/articoli-religiosi\/benedetto-xvi-la-storia-del-papa-emerito\/\"><strong>Benedetto XVI<\/strong><\/a>, il fedele compagno di tante battaglie e custode della sua eredit\u00e0 spirituale.<\/p>\n<div class=\"link-article\">\n<p><img loading=\"lazy\" decoding=\"async\" class=\"size-full wp-image-22692 alignleft\" src=\"https:\/\/blog.holyart.it\/it\/wp-content\/uploads\/sites\/17\/2025\/10\/papa-benedetto-xvi.jpg\" alt=\"papa benedetto xvi\" width=\"150\" height=\"99\" data-kale-share-title=\"I miracoli di Papa Giovanni Paolo II, il pontefice del Totus Tuus\" data-kale-share-url=\"https:\/\/blog.holyart.it\/it\/?p=22686\" \/><\/p>\n<div class=\"leggi-anche\">Leggi anche:<\/div>\n<p><strong><a href=\"https:\/\/www.holyart.it\/blog\/articoli-religiosi\/benedetto-xvi-la-storia-del-papa-emerito\/\">Benedetto XVI: la storia del papa emerito<\/a><\/strong><br \/>\nPapa Benedetto XVI, il Papa teologo, primo pontefice dell\u2019epoca digitale e Papa emerito&#8230;<\/p>\n<\/div>\n<h3>Il secondo miracolo di Giovanni Paolo II: la guarigione di Floribeth Mora D\u00edaz<\/h3>\n<p>Perch\u00e9 Giovanni Paolo II fosse proclamato santo, serviva un secondo miracolo. E quel segno arriv\u00f2 da lontano, dal cuore del Costa Rica, intrecciato alla vita di una donna semplice, madre di famiglia, condannata dai medici a un destino senza speranza.<br \/>\nFloribeth Mora D\u00edaz portava dentro di s\u00e9 un aneurisma cerebrale inoperabile, una minaccia silenziosa pronta a spezzare la sua vita da un momento all\u2019altro. Le avevano detto di tornare a casa e attendere la fine. Ma il 1\u00b0 maggio 2011, mentre la televisione trasmetteva la beatificazione di Giovanni Paolo II, Floribeth, stretta dall\u2019angoscia, fiss\u00f2 lo schermo e lev\u00f2 una preghiera disperata. Non una formula, ma un grido dell\u2019anima.<br \/>\nFu allora che percep\u00ec una presenza, una voce chiara dentro di s\u00e9:\u00a0<em>\u201cAlzati, non temere.\u201d<\/em>\u00a0In quell\u2019istante, la paura cedette alla pace. Nei giorni successivi i dolori scomparvero, la forza torn\u00f2. Nuovi esami rivelarono l\u2019incredibile: l\u2019aneurisma non c\u2019era pi\u00f9. Il suo cervello, un tempo segnato dalla condanna, appariva ora sano e integro.<br \/>\nIl<a href=\"https:\/\/www.holyart.it\/blog\/articoli-religiosi\/le-funzioni-del-dicastero-delle-cause-dei-santi\/\">\u00a0<strong>Dicastero delle cause dei Santi<\/strong><\/a>\u00a0esamin\u00f2 ogni dettaglio, ogni referto, ogni immagine radiologica. Non vi fu spiegazione umana. Solo il mistero della grazia rimaneva.<\/p>\n<div class=\"link-article\">\n<p><img loading=\"lazy\" decoding=\"async\" class=\"size-full wp-image-22693 alignleft\" src=\"https:\/\/blog.holyart.it\/it\/wp-content\/uploads\/sites\/17\/2025\/10\/dicastero.jpg\" alt=\"dicastero\" width=\"150\" height=\"99\" data-kale-share-title=\"I miracoli di Papa Giovanni Paolo II, il pontefice del Totus Tuus\" data-kale-share-url=\"https:\/\/blog.holyart.it\/it\/?p=22686\" \/><\/p>\n<div class=\"leggi-anche\">Leggi anche:<\/div>\n<p><strong><a href=\"https:\/\/www.holyart.it\/blog\/articoli-religiosi\/le-funzioni-del-dicastero-delle-cause-dei-santi\/\">Le funzioni del Dicastero delle cause dei santi<\/a><\/strong><br \/>\nChe cos\u2019\u00e8 e di cosa si occupa il Dicastero delle cause dei santi, l\u2019organo della Curia deputato ai processi&#8230;<\/p>\n<\/div>\n<p>Nel luglio 2013, Papa Francesco riconobbe ufficialmente il miracolo, e l\u2019anno dopo, il 27 aprile 2014, Karol Wojty\u0142a fu proclamato santo, accanto a Giovanni XXIII, davanti a una Chiesa in festa.<\/p>\n<h2>Il Papa viaggiatore: portare Cristo agli estremi confini della Terra<\/h2>\n<p>I miracoli hanno condotto Giovanni Paolo II alla santit\u00e0, ma forse la sua eredit\u00e0 pi\u00f9 luminosa resta la testimonianza di\u00a0<strong>una vita intera spesa per il Vangelo<\/strong>. Fu il Papa viaggiatore, il pastore instancabile che volle portare la Chiesa nei luoghi pi\u00f9 lontani e negli angoli pi\u00f9 dimenticati della terra. In 27 anni di pontificato percorse oltre un milione di chilometri, visit\u00f2 129 Paesi, incontr\u00f2 miliardi di persone. Ogni viaggio non era cerimonia o diplomazia, ma annuncio vivo: l\u2019eco del comando di Cristo,\u00a0<em>\u201cAndate in tutto il mondo e proclamate il Vangelo a ogni creatura\u201d<\/em>.<br \/>\nOvunque arrivasse, in Africa come in Asia, nelle Americhe come in Oceania, il suo messaggio era sempre lo stesso: la dignit\u00e0 infinita di ogni uomo, l\u2019amore misericordioso di Dio, la speranza che vince ogni disperazione.<br \/>\nIl suo ritorno in Polonia nel 1979 fu pi\u00f9 di una visita pastorale: fu un terremoto spirituale. Milioni di connazionali si riversarono nelle piazze per vederlo, e in quell\u2019incontro nacque una consapevolezza nuova: il regime che li opprimeva non era eterno, perch\u00e9 esisteva una forza pi\u00f9 grande dei carri armati e della paura.<br \/>\nCos\u00ec, quando nel 2014 Papa<strong><a href=\"https:\/\/www.holyart.it\/blog\/occasioni-speciali\/come-papa-francesco-ha-trasformato-la-chiesa-durante-il-suo-pontificato\/\">\u00a0Francesco<\/a><\/strong>\u00a0lo proclam\u00f2 santo, non sanc\u00ec soltanto un titolo, ma riconobbe la grandezza di un uomo che aveva cambiato la storia della Chiesa e dell\u2019umanit\u00e0, lasciando dietro di s\u00e9 un\u2019eredit\u00e0 di fede, coraggio e libert\u00e0. Papa Francesco, pur provenendo da una sensibilit\u00e0 pastorale diversa, ha sempre mostrato profondo rispetto e ammirazione per il Papa polacco. Entrambi hanno condiviso la convinzione che la Chiesa debba essere una\u00a0<strong><em>Chiesa in uscita<\/em><\/strong>, che non pu\u00f2 restare chiusa nelle sacrestie, ma deve andare incontro all&#8217;umanit\u00e0 ferita e bisognosa. Entrambi hanno fatto della misericordia il centro del loro messaggio. Entrambi hanno combattuto contro l&#8217;indifferenza e la cultura dello scarto che tratta le persone come oggetti usa e getta.<\/p>\n<div class=\"link-article\">\n<p><img loading=\"lazy\" decoding=\"async\" class=\"size-full wp-image-22694 alignleft\" src=\"https:\/\/blog.holyart.it\/it\/wp-content\/uploads\/sites\/17\/2025\/10\/Holyart_Blog_PapaFrancesco_it.jpg\" alt=\"papa francesco\" width=\"150\" height=\"99\" data-kale-share-title=\"I miracoli di Papa Giovanni Paolo II, il pontefice del Totus Tuus\" data-kale-share-url=\"https:\/\/blog.holyart.it\/it\/?p=22686\" \/><\/p>\n<div class=\"leggi-anche\">Leggi anche:<\/div>\n<p><strong><a href=\"https:\/\/www.holyart.it\/blog\/occasioni-speciali\/come-papa-francesco-ha-trasformato-la-chiesa-durante-il-suo-pontificato\/\">Come Papa Francesco ha trasformato la Chiesa durante il suo pontificato<\/a><\/strong><br \/>\nChe cosa ha fatto di importante Papa Francesco? Il suo pontificato \u00e8&#8230;<\/p>\n<\/div>\n<p>Quarantasette anni dopo la sua storica elezione, cosa significa ricordare Giovanni Paolo II?\u00a0I miracoli di Papa Giovanni Paolo II ci ricordano anzitutto che la santit\u00e0 non \u00e8 un&#8217;astrazione teologica, ma\u00a0<strong>una realt\u00e0 viva e operante<\/strong>. San Giovanni Paolo II continua a essere presente nella vita della Chiesa attraverso la sua intercessione presso Dio. Le guarigioni di suor Marie Simon-Pierre e di Floribeth Mora D\u00edaz non sono semplicemente eventi straordinari del passato, ma segni permanenti che ci invitano a guardare oltre il visibile, oltre il misurabile, oltre ci\u00f2 che la scienza pu\u00f2 spiegare.<br \/>\nMa la vera eredit\u00e0 di Karol Wojtyla va oltre i miracoli fisici. Sta nella sua capacit\u00e0 di\u00a0<strong>aver parlato al cuore dell&#8217;umanit\u00e0 con un linguaggio universale<\/strong>. Sta nell&#8217;aver dimostrato che la fede cristiana non \u00e8 nemica della ragione, della cultura, della libert\u00e0, ma ne \u00e8 invece il fondamento pi\u00f9 solido. Sta nell&#8217;aver vissuto fino in fondo il suo\u00a0<em>Totus Tuus<\/em>, affidandosi completamente a Maria per essere condotto a Cristo, anche quando il corpo si faceva sempre pi\u00f9 debole e sofferente.\u00a0La preghiera che nutriva ogni giorno Giovanni Paolo II non era evasione, ma radice e respiro. In quell\u2019abbandono fiducioso a Maria e a Dio egli trovava la forza di reggere il peso del mondo, di affrontare attentati e malattie, incomprensioni e dolori, mentre guidava la Chiesa nel cuore di un tempo inquieto e in trasformazione.<\/p>\n<p>Oggi, in un mondo ancor pi\u00f9 complesso e frammentato, la sua voce continua a farsi luce e bussola. Ci ricorda che\u00a0<a href=\"https:\/\/holyart.it\/blog\/santi-e-beati\/acutis-e-frassati-le-prime-canonizzazioni-di-papa-leone-xiv\/\"><strong>la santit\u00e0 \u00e8 possibile<\/strong>,<\/a> che i miracoli non appartengono a leggende remote, ma al presente vivo di Dio che cammina accanto a noi. Ogni guarigione, ogni conversione, ogni giovane che sceglie Cristo, ogni famiglia che si ricompone, ogni sofferente che scopre un senso nel proprio dolore: tutto questo \u00e8 miracolo, tutto questo \u00e8 vita nuova. Mentre ricordiamo la sua elezione, possiamo rivolgerci a lui come a un padre e a un compagno di viaggio. Possiamo chiedergli di insegnarci quel\u00a0<em>Totus Tuus<\/em>\u00a0che fu la chiave del suo cuore, di guidarci a Cristo attraverso le mani di Maria, di trasformare le nostre prove in offerta e speranza. Quarantasette anni dopo quella sera d\u2019ottobre in cui un Papa venuto da lontano pronunci\u00f2 con un sorriso le parole<em>\u00a0\u201cSe mi sbaglio, mi corrigerete\u201d<\/em>, il suo invito rimane intatto, forte come allora:\u00a0<em>non abbiate paura<\/em>. Non abbiate paura di aprire le porte a Cristo, di fidarvi della sua grazia, di credere che i miracoli accadono ancora. Perch\u00e9 Dio \u00e8 fedele, Maria \u00e8 Madre, e la santit\u00e0 \u00e8 il destino per cui siamo stati creati.<\/p>\n<div class=\"link-article\">\n<p><img loading=\"lazy\" decoding=\"async\" class=\"size-full wp-image-22695 alignleft\" src=\"https:\/\/blog.holyart.it\/it\/wp-content\/uploads\/sites\/17\/2025\/10\/canonizzazioni-papa-leone-xiv-acutis-frassati.jpg\" alt=\"canonizzazioni papa leone xiv acutis frassati\" width=\"150\" height=\"99\" data-kale-share-title=\"I miracoli di Papa Giovanni Paolo II, il pontefice del Totus Tuus\" data-kale-share-url=\"https:\/\/blog.holyart.it\/it\/?p=22686\" \/><\/p>\n<div class=\"leggi-anche\">Leggi anche:<\/div>\n<p><strong><a href=\"https:\/\/holyart.it\/blog\/santi-e-beati\/acutis-e-frassati-le-prime-canonizzazioni-di-papa-leone-xiv\/\">Acutis e Frassati: le prime canonizzazioni di Papa Leone XIV<\/a><\/strong><br \/>\nPapa Leone XIV ha scelto i suoi primi Santi. Sono Carlo Acutis e Piergiorgio Frassati, due vite luminose&#8230;<\/p>\n<\/div>\n","protected":false},"excerpt":{"rendered":"<p>Dal sorriso al Totus Tuus: i miracoli di Papa Giovanni Paolo II, il Pontefice venuto da lontano che ha cambiato il volto della chiesa Era il 16 ottobre 1978. In piazza San Pietro la folla tratteneva il respiro, quando dalle logge della Basilica comparve un&hellip;<\/p>\n","protected":false},"author":1,"featured_media":22698,"comment_status":"closed","ping_status":"open","sticky":false,"template":"","format":"standard","meta":{"_acf_changed":false,"footnotes":""},"categories":[15],"tags":[],"class_list":["post-22686","post","type-post","status-publish","format-standard","has-post-thumbnail","hentry","category-santi-e-beati"],"acf":[],"yoast_head":"<!-- This site is optimized with the Yoast SEO plugin v26.6 - https:\/\/yoast.com\/wordpress\/plugins\/seo\/ -->\n<title>I miracoli di Papa Giovanni Paolo II, il pontefice del Totus Tuus - Holyblog<\/title>\n<meta name=\"description\" content=\"Dal sorriso al Totus Tuus: i miracoli di Papa Giovanni Paolo II, il Pontefice venuto da lontano che ha cambiato il volto della chiesa\" \/>\n<meta name=\"robots\" content=\"index, follow, max-snippet:-1, max-image-preview:large, max-video-preview:-1\" \/>\n<link rel=\"canonical\" href=\"https:\/\/blog.holyart.it\/it\/santi-e-beati\/i-miracoli-di-papa-giovanni-paolo-ii-il-pontefice-del-totus-tuus\/\" \/>\n<meta property=\"og:locale\" content=\"it_IT\" \/>\n<meta property=\"og:type\" content=\"article\" \/>\n<meta property=\"og:title\" content=\"I miracoli di Papa Giovanni Paolo II, il pontefice del Totus Tuus - Holyblog\" \/>\n<meta property=\"og:description\" content=\"Dal sorriso al Totus Tuus: i miracoli di Papa Giovanni Paolo II, il Pontefice venuto da lontano che ha cambiato il volto della chiesa\" \/>\n<meta property=\"og:url\" content=\"https:\/\/blog.holyart.it\/it\/santi-e-beati\/i-miracoli-di-papa-giovanni-paolo-ii-il-pontefice-del-totus-tuus\/\" \/>\n<meta property=\"og:site_name\" content=\"Holyblog\" \/>\n<meta property=\"article:published_time\" content=\"2025-10-15T08:00:40+00:00\" \/>\n<meta property=\"og:image\" content=\"https:\/\/blog.holyart.it\/it\/wp-content\/uploads\/sites\/17\/2025\/10\/papa-giovanni-paolo-ii-miracoli.jpg\" \/>\n\t<meta property=\"og:image:width\" content=\"1000\" \/>\n\t<meta property=\"og:image:height\" content=\"666\" \/>\n\t<meta property=\"og:image:type\" content=\"image\/jpeg\" \/>\n<meta name=\"author\" content=\"Redazione\" \/>\n<meta name=\"twitter:card\" content=\"summary_large_image\" \/>\n<meta name=\"twitter:label1\" content=\"Scritto da\" \/>\n\t<meta name=\"twitter:data1\" content=\"Redazione\" \/>\n\t<meta name=\"twitter:label2\" content=\"Tempo di lettura stimato\" \/>\n\t<meta name=\"twitter:data2\" content=\"15 minuti\" \/>\n<script type=\"application\/ld+json\" class=\"yoast-schema-graph\">{\"@context\":\"https:\/\/schema.org\",\"@graph\":[{\"@type\":\"Article\",\"@id\":\"https:\/\/blog.holyart.it\/it\/santi-e-beati\/i-miracoli-di-papa-giovanni-paolo-ii-il-pontefice-del-totus-tuus\/#article\",\"isPartOf\":{\"@id\":\"https:\/\/blog.holyart.it\/it\/santi-e-beati\/i-miracoli-di-papa-giovanni-paolo-ii-il-pontefice-del-totus-tuus\/\"},\"author\":{\"name\":\"Redazione\",\"@id\":\"https:\/\/blog.holyart.it\/it\/#\/schema\/person\/0a7b686e5af0f856ec1e390dd0baecda\"},\"headline\":\"I miracoli di Papa Giovanni Paolo II, il pontefice del Totus Tuus\",\"datePublished\":\"2025-10-15T08:00:40+00:00\",\"mainEntityOfPage\":{\"@id\":\"https:\/\/blog.holyart.it\/it\/santi-e-beati\/i-miracoli-di-papa-giovanni-paolo-ii-il-pontefice-del-totus-tuus\/\"},\"wordCount\":2444,\"publisher\":{\"@id\":\"https:\/\/blog.holyart.it\/it\/#organization\"},\"image\":{\"@id\":\"https:\/\/blog.holyart.it\/it\/santi-e-beati\/i-miracoli-di-papa-giovanni-paolo-ii-il-pontefice-del-totus-tuus\/#primaryimage\"},\"thumbnailUrl\":\"https:\/\/blog.holyart.it\/it\/wp-content\/uploads\/sites\/17\/2025\/10\/papa-giovanni-paolo-ii-miracoli.jpg\",\"articleSection\":[\"Santi e beati\"],\"inLanguage\":\"it-IT\"},{\"@type\":\"WebPage\",\"@id\":\"https:\/\/blog.holyart.it\/it\/santi-e-beati\/i-miracoli-di-papa-giovanni-paolo-ii-il-pontefice-del-totus-tuus\/\",\"url\":\"https:\/\/blog.holyart.it\/it\/santi-e-beati\/i-miracoli-di-papa-giovanni-paolo-ii-il-pontefice-del-totus-tuus\/\",\"name\":\"I miracoli di Papa Giovanni Paolo II, il pontefice del Totus Tuus - Holyblog\",\"isPartOf\":{\"@id\":\"https:\/\/blog.holyart.it\/it\/#website\"},\"primaryImageOfPage\":{\"@id\":\"https:\/\/blog.holyart.it\/it\/santi-e-beati\/i-miracoli-di-papa-giovanni-paolo-ii-il-pontefice-del-totus-tuus\/#primaryimage\"},\"image\":{\"@id\":\"https:\/\/blog.holyart.it\/it\/santi-e-beati\/i-miracoli-di-papa-giovanni-paolo-ii-il-pontefice-del-totus-tuus\/#primaryimage\"},\"thumbnailUrl\":\"https:\/\/blog.holyart.it\/it\/wp-content\/uploads\/sites\/17\/2025\/10\/papa-giovanni-paolo-ii-miracoli.jpg\",\"datePublished\":\"2025-10-15T08:00:40+00:00\",\"description\":\"Dal sorriso al Totus Tuus: i miracoli di Papa Giovanni Paolo II, il Pontefice venuto da lontano che ha cambiato il volto della chiesa\",\"breadcrumb\":{\"@id\":\"https:\/\/blog.holyart.it\/it\/santi-e-beati\/i-miracoli-di-papa-giovanni-paolo-ii-il-pontefice-del-totus-tuus\/#breadcrumb\"},\"inLanguage\":\"it-IT\",\"potentialAction\":[{\"@type\":\"ReadAction\",\"target\":[\"https:\/\/blog.holyart.it\/it\/santi-e-beati\/i-miracoli-di-papa-giovanni-paolo-ii-il-pontefice-del-totus-tuus\/\"]}]},{\"@type\":\"ImageObject\",\"inLanguage\":\"it-IT\",\"@id\":\"https:\/\/blog.holyart.it\/it\/santi-e-beati\/i-miracoli-di-papa-giovanni-paolo-ii-il-pontefice-del-totus-tuus\/#primaryimage\",\"url\":\"https:\/\/blog.holyart.it\/it\/wp-content\/uploads\/sites\/17\/2025\/10\/papa-giovanni-paolo-ii-miracoli.jpg\",\"contentUrl\":\"https:\/\/blog.holyart.it\/it\/wp-content\/uploads\/sites\/17\/2025\/10\/papa-giovanni-paolo-ii-miracoli.jpg\",\"width\":1000,\"height\":666,\"caption\":\"papa giovanni paolo ii miracoli\"},{\"@type\":\"BreadcrumbList\",\"@id\":\"https:\/\/blog.holyart.it\/it\/santi-e-beati\/i-miracoli-di-papa-giovanni-paolo-ii-il-pontefice-del-totus-tuus\/#breadcrumb\",\"itemListElement\":[{\"@type\":\"ListItem\",\"position\":1,\"name\":\"Homepage\",\"item\":\"https:\/\/blog.holyart.it\/it\/\"},{\"@type\":\"ListItem\",\"position\":2,\"name\":\"Santi e beati\",\"item\":\"https:\/\/blog.holyart.it\/it\/santi-e-beati\/\"},{\"@type\":\"ListItem\",\"position\":3,\"name\":\"I miracoli di Papa Giovanni Paolo II, il pontefice del Totus Tuus\"}]},{\"@type\":\"WebSite\",\"@id\":\"https:\/\/blog.holyart.it\/it\/#website\",\"url\":\"https:\/\/blog.holyart.it\/it\/\",\"name\":\"Holyblog\",\"description\":\"Il Blog di Holyart.it\",\"publisher\":{\"@id\":\"https:\/\/blog.holyart.it\/it\/#organization\"},\"potentialAction\":[{\"@type\":\"SearchAction\",\"target\":{\"@type\":\"EntryPoint\",\"urlTemplate\":\"https:\/\/blog.holyart.it\/it\/?s={search_term_string}\"},\"query-input\":{\"@type\":\"PropertyValueSpecification\",\"valueRequired\":true,\"valueName\":\"search_term_string\"}}],\"inLanguage\":\"it-IT\"},{\"@type\":\"Organization\",\"@id\":\"https:\/\/blog.holyart.it\/it\/#organization\",\"name\":\"Holyblog\",\"url\":\"https:\/\/blog.holyart.it\/it\/\",\"logo\":{\"@type\":\"ImageObject\",\"inLanguage\":\"it-IT\",\"@id\":\"https:\/\/blog.holyart.it\/it\/#\/schema\/logo\/image\/\",\"url\":\"https:\/\/blog.holyart.it\/it\/wp-content\/uploads\/sites\/17\/2022\/12\/Holyart_Blog_Logo.jpg\",\"contentUrl\":\"https:\/\/blog.holyart.it\/it\/wp-content\/uploads\/sites\/17\/2022\/12\/Holyart_Blog_Logo.jpg\",\"width\":300,\"height\":50,\"caption\":\"Holyblog\"},\"image\":{\"@id\":\"https:\/\/blog.holyart.it\/it\/#\/schema\/logo\/image\/\"}},{\"@type\":\"Person\",\"@id\":\"https:\/\/blog.holyart.it\/it\/#\/schema\/person\/0a7b686e5af0f856ec1e390dd0baecda\",\"name\":\"Redazione\"}]}<\/script>\n<!-- \/ Yoast SEO plugin. -->","yoast_head_json":{"title":"I miracoli di Papa Giovanni Paolo II, il pontefice del Totus Tuus - Holyblog","description":"Dal sorriso al Totus Tuus: i miracoli di Papa Giovanni Paolo II, il Pontefice venuto da lontano che ha cambiato il volto della chiesa","robots":{"index":"index","follow":"follow","max-snippet":"max-snippet:-1","max-image-preview":"max-image-preview:large","max-video-preview":"max-video-preview:-1"},"canonical":"https:\/\/blog.holyart.it\/it\/santi-e-beati\/i-miracoli-di-papa-giovanni-paolo-ii-il-pontefice-del-totus-tuus\/","og_locale":"it_IT","og_type":"article","og_title":"I miracoli di Papa Giovanni Paolo II, il pontefice del Totus Tuus - Holyblog","og_description":"Dal sorriso al Totus Tuus: i miracoli di Papa Giovanni Paolo II, il Pontefice venuto da lontano che ha cambiato il volto della chiesa","og_url":"https:\/\/blog.holyart.it\/it\/santi-e-beati\/i-miracoli-di-papa-giovanni-paolo-ii-il-pontefice-del-totus-tuus\/","og_site_name":"Holyblog","article_published_time":"2025-10-15T08:00:40+00:00","og_image":[{"width":1000,"height":666,"url":"https:\/\/blog.holyart.it\/it\/wp-content\/uploads\/sites\/17\/2025\/10\/papa-giovanni-paolo-ii-miracoli.jpg","type":"image\/jpeg"}],"author":"Redazione","twitter_card":"summary_large_image","twitter_misc":{"Scritto da":"Redazione","Tempo di lettura stimato":"15 minuti"},"schema":{"@context":"https:\/\/schema.org","@graph":[{"@type":"Article","@id":"https:\/\/blog.holyart.it\/it\/santi-e-beati\/i-miracoli-di-papa-giovanni-paolo-ii-il-pontefice-del-totus-tuus\/#article","isPartOf":{"@id":"https:\/\/blog.holyart.it\/it\/santi-e-beati\/i-miracoli-di-papa-giovanni-paolo-ii-il-pontefice-del-totus-tuus\/"},"author":{"name":"Redazione","@id":"https:\/\/blog.holyart.it\/it\/#\/schema\/person\/0a7b686e5af0f856ec1e390dd0baecda"},"headline":"I miracoli di Papa Giovanni Paolo II, il pontefice del Totus Tuus","datePublished":"2025-10-15T08:00:40+00:00","mainEntityOfPage":{"@id":"https:\/\/blog.holyart.it\/it\/santi-e-beati\/i-miracoli-di-papa-giovanni-paolo-ii-il-pontefice-del-totus-tuus\/"},"wordCount":2444,"publisher":{"@id":"https:\/\/blog.holyart.it\/it\/#organization"},"image":{"@id":"https:\/\/blog.holyart.it\/it\/santi-e-beati\/i-miracoli-di-papa-giovanni-paolo-ii-il-pontefice-del-totus-tuus\/#primaryimage"},"thumbnailUrl":"https:\/\/blog.holyart.it\/it\/wp-content\/uploads\/sites\/17\/2025\/10\/papa-giovanni-paolo-ii-miracoli.jpg","articleSection":["Santi e beati"],"inLanguage":"it-IT"},{"@type":"WebPage","@id":"https:\/\/blog.holyart.it\/it\/santi-e-beati\/i-miracoli-di-papa-giovanni-paolo-ii-il-pontefice-del-totus-tuus\/","url":"https:\/\/blog.holyart.it\/it\/santi-e-beati\/i-miracoli-di-papa-giovanni-paolo-ii-il-pontefice-del-totus-tuus\/","name":"I miracoli di Papa Giovanni Paolo II, il pontefice del Totus Tuus - Holyblog","isPartOf":{"@id":"https:\/\/blog.holyart.it\/it\/#website"},"primaryImageOfPage":{"@id":"https:\/\/blog.holyart.it\/it\/santi-e-beati\/i-miracoli-di-papa-giovanni-paolo-ii-il-pontefice-del-totus-tuus\/#primaryimage"},"image":{"@id":"https:\/\/blog.holyart.it\/it\/santi-e-beati\/i-miracoli-di-papa-giovanni-paolo-ii-il-pontefice-del-totus-tuus\/#primaryimage"},"thumbnailUrl":"https:\/\/blog.holyart.it\/it\/wp-content\/uploads\/sites\/17\/2025\/10\/papa-giovanni-paolo-ii-miracoli.jpg","datePublished":"2025-10-15T08:00:40+00:00","description":"Dal sorriso al Totus Tuus: i miracoli di Papa Giovanni Paolo II, il Pontefice venuto da lontano che ha cambiato il volto della chiesa","breadcrumb":{"@id":"https:\/\/blog.holyart.it\/it\/santi-e-beati\/i-miracoli-di-papa-giovanni-paolo-ii-il-pontefice-del-totus-tuus\/#breadcrumb"},"inLanguage":"it-IT","potentialAction":[{"@type":"ReadAction","target":["https:\/\/blog.holyart.it\/it\/santi-e-beati\/i-miracoli-di-papa-giovanni-paolo-ii-il-pontefice-del-totus-tuus\/"]}]},{"@type":"ImageObject","inLanguage":"it-IT","@id":"https:\/\/blog.holyart.it\/it\/santi-e-beati\/i-miracoli-di-papa-giovanni-paolo-ii-il-pontefice-del-totus-tuus\/#primaryimage","url":"https:\/\/blog.holyart.it\/it\/wp-content\/uploads\/sites\/17\/2025\/10\/papa-giovanni-paolo-ii-miracoli.jpg","contentUrl":"https:\/\/blog.holyart.it\/it\/wp-content\/uploads\/sites\/17\/2025\/10\/papa-giovanni-paolo-ii-miracoli.jpg","width":1000,"height":666,"caption":"papa giovanni paolo ii miracoli"},{"@type":"BreadcrumbList","@id":"https:\/\/blog.holyart.it\/it\/santi-e-beati\/i-miracoli-di-papa-giovanni-paolo-ii-il-pontefice-del-totus-tuus\/#breadcrumb","itemListElement":[{"@type":"ListItem","position":1,"name":"Homepage","item":"https:\/\/blog.holyart.it\/it\/"},{"@type":"ListItem","position":2,"name":"Santi e beati","item":"https:\/\/blog.holyart.it\/it\/santi-e-beati\/"},{"@type":"ListItem","position":3,"name":"I miracoli di Papa Giovanni Paolo II, il pontefice del Totus Tuus"}]},{"@type":"WebSite","@id":"https:\/\/blog.holyart.it\/it\/#website","url":"https:\/\/blog.holyart.it\/it\/","name":"Holyblog","description":"Il Blog di Holyart.it","publisher":{"@id":"https:\/\/blog.holyart.it\/it\/#organization"},"potentialAction":[{"@type":"SearchAction","target":{"@type":"EntryPoint","urlTemplate":"https:\/\/blog.holyart.it\/it\/?s={search_term_string}"},"query-input":{"@type":"PropertyValueSpecification","valueRequired":true,"valueName":"search_term_string"}}],"inLanguage":"it-IT"},{"@type":"Organization","@id":"https:\/\/blog.holyart.it\/it\/#organization","name":"Holyblog","url":"https:\/\/blog.holyart.it\/it\/","logo":{"@type":"ImageObject","inLanguage":"it-IT","@id":"https:\/\/blog.holyart.it\/it\/#\/schema\/logo\/image\/","url":"https:\/\/blog.holyart.it\/it\/wp-content\/uploads\/sites\/17\/2022\/12\/Holyart_Blog_Logo.jpg","contentUrl":"https:\/\/blog.holyart.it\/it\/wp-content\/uploads\/sites\/17\/2022\/12\/Holyart_Blog_Logo.jpg","width":300,"height":50,"caption":"Holyblog"},"image":{"@id":"https:\/\/blog.holyart.it\/it\/#\/schema\/logo\/image\/"}},{"@type":"Person","@id":"https:\/\/blog.holyart.it\/it\/#\/schema\/person\/0a7b686e5af0f856ec1e390dd0baecda","name":"Redazione"}]}},"_links":{"self":[{"href":"https:\/\/blog.holyart.it\/it\/wp-json\/wp\/v2\/posts\/22686","targetHints":{"allow":["GET"]}}],"collection":[{"href":"https:\/\/blog.holyart.it\/it\/wp-json\/wp\/v2\/posts"}],"about":[{"href":"https:\/\/blog.holyart.it\/it\/wp-json\/wp\/v2\/types\/post"}],"author":[{"embeddable":true,"href":"https:\/\/blog.holyart.it\/it\/wp-json\/wp\/v2\/users\/1"}],"replies":[{"embeddable":true,"href":"https:\/\/blog.holyart.it\/it\/wp-json\/wp\/v2\/comments?post=22686"}],"version-history":[{"count":3,"href":"https:\/\/blog.holyart.it\/it\/wp-json\/wp\/v2\/posts\/22686\/revisions"}],"predecessor-version":[{"id":22697,"href":"https:\/\/blog.holyart.it\/it\/wp-json\/wp\/v2\/posts\/22686\/revisions\/22697"}],"wp:featuredmedia":[{"embeddable":true,"href":"https:\/\/blog.holyart.it\/it\/wp-json\/wp\/v2\/media\/22698"}],"wp:attachment":[{"href":"https:\/\/blog.holyart.it\/it\/wp-json\/wp\/v2\/media?parent=22686"}],"wp:term":[{"taxonomy":"category","embeddable":true,"href":"https:\/\/blog.holyart.it\/it\/wp-json\/wp\/v2\/categories?post=22686"},{"taxonomy":"post_tag","embeddable":true,"href":"https:\/\/blog.holyart.it\/it\/wp-json\/wp\/v2\/tags?post=22686"}],"curies":[{"name":"wp","href":"https:\/\/api.w.org\/{rel}","templated":true}]}}