{"id":22618,"date":"2025-10-13T10:00:17","date_gmt":"2025-10-13T08:00:17","guid":{"rendered":"https:\/\/blog.holyart.it\/it\/?p=22618"},"modified":"2025-09-12T11:46:22","modified_gmt":"2025-09-12T09:46:22","slug":"santa-edvige-di-andechs-la-duchessa-che-divenne-santa","status":"publish","type":"post","link":"https:\/\/blog.holyart.it\/it\/santi-e-beati\/santa-edvige-di-andechs-la-duchessa-che-divenne-santa\/","title":{"rendered":"Santa Edvige di Andechs: la duchessa che divenne santa"},"content":{"rendered":"<h4>Santa Edvige: una storia di fede, carit\u00e0 e santit\u00e0 che dall&#8217;Alta Baviera raggiunse il cuore della Slesia<\/h4>\n\n<p><strong>Santa Edvige<\/strong>\u00a0non fu semplicemente una nobildonna del suo tempo: fu una rivoluzionaria della carit\u00e0, una pioniera dell&#8217;assistenza sociale e, soprattutto, una santa che seppe trasformare il privilegio aristocratico in servizio totale verso gli ultimi. Figlia di un Duca e sposa di un altro Duca, non permise mai ai privilegi che la posizione e la nascita le avevano donato di intiepidire la sua naturale <a href=\"https:\/\/www.holyart.it\/blog\/articoli-religiosi\/fare-lelemosina-e-carita\/\"><strong>propensione alla carit\u00e0<\/strong><\/a>, alla misericordia e alla devozione totale verso Dio e gli uomini, specialmente poveri, carcerati e ammalati.<br \/>\nVisse nel XII secolo, in un&#8217;Europa attraversata da guerre continue, nella quale la fede rappresentava l&#8217;unico rifugio per le anime tormentate. Quando venne al mondo nel 1174 ad Andechs, nell&#8217;Alta Baviera, sembrava solo un&#8217;altra bambina destinata fin da piccola a un matrimonio di convenienza. Figlia del Duca di Merania, Bertoldo IV d&#8217;Andechs e di Agnese di Rochlitz, appartenente all&#8217;alta nobilt\u00e0 bavarese, venne mandata a studiare alla prestigiosa scuola delle monache benedettine di Kitzingen, presso W\u00fcrzburg. Era il destino di ogni giovane donna dell&#8217;aristocrazia dell&#8217;epoca, ma nel cuore di Edvige si stava gi\u00e0 accendendo quella scintilla di compassione che l&#8217;avrebbe resa immortale. Ancora bambina, mostrava gi\u00e0 una sensibilit\u00e0 particolare verso i sofferenti, una piet\u00e0 che andava oltre le convenzioni sociali del tempo. Quando, a soli sedici anni, conobbe il suo sposo, il giovane Enrico il Barbuto, erede del ducato della Bassa Slesia, Edvige non poteva immaginare che, quello concepito come un matrimonio dinastico, sarebbe sbocciato in una storia d&#8217;amore. Quattro anni dopo le nozze Enrico successe al padre Boleslao, ed Edvige divenne duchessa di Slesia. Il ducato era politicamente legato alla corona di Polonia, ma tanto la sua popolazione, quanto la loro cultura andavano avvicinandosi sempre di pi\u00f9 al vicino Impero Germanico.<\/p>\n<div class=\"link-article\">\n<p><img loading=\"lazy\" decoding=\"async\" class=\"size-full wp-image-22620 alignleft\" src=\"https:\/\/blog.holyart.it\/it\/wp-content\/uploads\/sites\/17\/2025\/09\/elemosina.jpg\" alt=\"elemosina\" width=\"150\" height=\"99\" data-kale-share-title=\"Santa Edvige di Andechs: la duchessa che divenne santa\" data-kale-share-url=\"https:\/\/blog.holyart.it\/it\/?p=22618\" \/><\/p>\n<div class=\"leggi-anche\">Leggi anche:<\/div>\n<p><strong><a href=\"https:\/\/www.holyart.it\/blog\/articoli-religiosi\/fare-lelemosina-e-carita\/\">Fare l\u2019elemosina: \u00e8 carit\u00e0?<\/a><\/strong><br \/>\nL\u2019elemosina ai poveri \u00e8 una manifestazione di misericordia strettamente connessa ai doveri di un buon cristiano&#8230;<\/p>\n<\/div>\n<p><a href=\"https:\/\/www.holyart.it\/it\/articoli-religiosi\/statue\/statue-in-resina-e-pvc\/statua-resina-santedvige-di-polonia-19-cm\"><strong>Edvige non fu solo una moglie devota<\/strong><\/a> e una madre attenta. Collabor\u00f2 attivamente col suo sposo per creare armonia in quel crogiolo di razze e culture e lingue che era la sua terra, per far sentire ogni suddito, polacco o tedesco, parte di una stessa casa. Contestualmente inizi\u00f2 ad avvicinarsi sempre di pi\u00f9 ai poveri, ai malati. Impar\u00f2 la lingua del popolo, non limitandosi a ordinare l&#8217;apertura di ospizi e opere pie, ma consacrando la sua stessa esistenza al servizio e alla carit\u00e0. Vestiva con una modestia che sfiorava la povert\u00e0, preferendo abiti e scarpe comode e adatti per il movimento alle ricche vesti che il suo lignaggio le imponeva. La sua nobilt\u00e0 risiedeva altrove, non necessitava di gioielli e tessuti preziosi per essere manifesta. Non era eccentrica: la sua era una scelta spirituale profonda. Santa Edvige aveva capito che per servire davvero i poveri bisognava condividere la loro condizione, non limitarsi a osservarli con piet\u00e0.<br \/>\nE non solo assisteva materialmente ed economicamente i bisognosi. Sacrificava s\u00e9 stessa, sottoponendosi a mortificazioni corporali, digiuni e penitenze, per espiare le colpe e i peccati altrui.<br \/>\nLa sua influenza spirituale si estese ben oltre i confini della Slesia. Divenne un punto di riferimento per tutte le donne nobili che volevano coniugare fede e responsabilit\u00e0 sociale, dimostrando che la santit\u00e0 non ha bisogno di rinunciare al proprio ruolo nel mondo, ma di viverlo secondo il Vangelo.<\/p>\n<div class=\"link-product\">\n<div class=\"blocco-immagine\"><img loading=\"lazy\" decoding=\"async\" class=\"size-full wp-image-22621 alignleft\" src=\"https:\/\/blog.holyart.it\/it\/wp-content\/uploads\/sites\/17\/2025\/09\/statua-resina-santedvige-di-polonia-19-cm.jpg\" alt=\"statua resina sant'edvige di polonia 19 cm\" width=\"100\" height=\"100\" data-kale-share-title=\"Santa Edvige di Andechs: la duchessa che divenne santa\" data-kale-share-url=\"https:\/\/blog.holyart.it\/it\/?p=22618\" \/><\/div>\n<div class=\"blocco-contenuto\">\n<div class=\"blocco-acquista\">Acquista su Holyart:<\/div>\n<div class=\"blocco-titolo\"><a href=\"https:\/\/www.holyart.it\/it\/articoli-religiosi\/statue\/statue-in-resina-e-pvc\/statua-resina-santedvige-di-polonia-19-cm\">Statua resina Sant&#8217;Edvige di Polonia 19 cm<\/a><\/div>\n<div class=\"blocco-descrizione\">Statuetta in resina di Santa Edvige di Polonia, raffigurata con la corona ai piedi e le vesti decorate e alta 19 cm.<\/div>\n<\/div>\n<\/div>\n<p>Ma nemmeno a lei vennero risparmiati grandi dolori. Quasi tutti i suoi sette figli morirono giovani, tranne Gertrude, che sarebbe divenuta badessa del convento di Trebnitz, fondato da Edvige stessa. Anche il suo sposo mor\u00ec, lasciandola vedova, e cos\u00ec il figlio Enrico il Pio, che gli era successo. Edvige affront\u00f2 ogni disgrazia<em>\u00a0&#8220;senza lacrime&#8221;<\/em>, sostenuta solo dalla sua fede profonda, dalla consapevolezza che ogni dolore l&#8217;avvicinava alla passione di Cristo.<\/p>\n<p><a href=\"https:\/\/www.holyart.it\/blog\/santi-e-beati\/santa-rita-protettrice-matrimoni\/\"><strong>Vedova e sola<\/strong><\/a>, continu\u00f2 a dedicarsi ai poveri e a chi aveva bisogno di lei. Solo negli ultimi anni della sua vita entr\u00f2 nel monastero cistercense di Trebnitz, che aveva fondato personalmente nel 1202, vivendo il resto dei suoi giorni in preghiera e penitenza assoluta. Prossima alla morte, chiese di essere sepolta nella tomba comune del monastero, per essere uguale e vicina, fino alla fine, alle sue sorelle pi\u00f9 umili.<\/p>\n<div class=\"link-article\">\n<p><img loading=\"lazy\" decoding=\"async\" class=\"size-full wp-image-22622 alignleft\" src=\"https:\/\/blog.holyart.it\/it\/wp-content\/uploads\/sites\/17\/2025\/09\/santa-rita-da-cascia.jpg\" alt=\"santa rita da cascia\" width=\"150\" height=\"99\" data-kale-share-title=\"Santa Edvige di Andechs: la duchessa che divenne santa\" data-kale-share-url=\"https:\/\/blog.holyart.it\/it\/?p=22618\" \/><\/p>\n<div class=\"leggi-anche\">Leggi anche:<\/div>\n<p><strong><a href=\"https:\/\/www.holyart.it\/blog\/santi-e-beati\/santa-rita-protettrice-matrimoni\/\">Santa Rita da Cascia, protettrice dei matrimoni e delle cause impossibili<\/a><\/strong><br \/>\nTra i pochi i santi sposati che la storia del Cristianesimo pu\u00f2 enumerare&#8230;<\/p>\n<\/div>\n<h2>Quando si festeggia Santa Edvige e la devozione popolare<\/h2>\n<p>Santa Edvige quando si festeggia? La Chiesa cattolica celebra la sua memoria il\u00a0<strong>15 ottobre<\/strong>, giorno della sua morte. <a href=\"https:\/\/www.holyart.it\/it\/articoli-religiosi\/statue\/statue-in-legno-dipinto\/statua-santa-edwige-da-slesia-con-chiesa-legno-dipinto-val-gardena\"><strong>Santificata nel 1267<\/strong><\/a>, merit\u00f2 fin da subito tanto la devozione dei polacchi, quanto quella dei tedeschi. La sua santit\u00e0 non era fatta solo di gesti umani, ma anche di segni che, come bagliori nella nebbia, rivelavano la presenza di un disegno pi\u00f9 alto. I miracoli che le erano stati attribuiti in vita risuonarono dopo la sua morte con tutta la potenza della grazia nascosta nelle cose semplici. Si raccontava che, durante una guerra, suo marito Enrico I fosse stato fatto prigioniero. Nessun riscatto sembrava possibile. Eppure Edvige, sola tra i soldati nemici, and\u00f2 a parlare con chi lo teneva prigioniero, senza minacce o lamenti, sostenuta solo dalla sua fede. Si diceva che guarisse i malati, ridonasse la vista ai ciechi, e che sapesse presagire guerre, carestie, cambiamenti. Bench\u00e9 bevesse solo acqua, fedele alla sua volont\u00e0 di penitenza costante, un giorno il suo bicchiere, senza che lei lo sapesse, si colm\u00f2 di vino. Il suo corpo emanava calore, i santi le parlavano e la Gerusalemme Celeste le si manifest\u00f2 in tutto il suo splendore.<br \/>\nDopo la sua morte, la tomba divenne fonte di prodigi. I malati che vi si accostavano\u00a0guarivano, i cuori pi\u00f9 aridi e freddi si convertivano.<\/p>\n<p>L&#8217;onomastico di Santa Edvige \u00e8 molto sentito, anche a causa della grande diffusione del suo nome in tutta Europa. Deriva dal tedesco antico e significa<em>\u00a0&#8220;ricca guerriera&#8221;<\/em>\u00a0o\u00a0<em>&#8220;fortuna in battaglia&#8221;<\/em>.<\/p>\n<div class=\"link-product\">\n<div class=\"blocco-immagine\"><img loading=\"lazy\" decoding=\"async\" class=\"size-full wp-image-22623 alignleft\" src=\"https:\/\/blog.holyart.it\/it\/wp-content\/uploads\/sites\/17\/2025\/09\/statua-santa-edwige-da-slesia-con-chiesa-legno-dipinto-val-gardena.jpg\" alt=\"statua santa edwige da slesia con chiesa legno dipinto val gardena\" width=\"100\" height=\"100\" data-kale-share-title=\"Santa Edvige di Andechs: la duchessa che divenne santa\" data-kale-share-url=\"https:\/\/blog.holyart.it\/it\/?p=22618\" \/><\/div>\n<div class=\"blocco-contenuto\">\n<div class=\"blocco-acquista\">Acquista su Holyart:<\/div>\n<div class=\"blocco-titolo\"><a href=\"https:\/\/www.holyart.it\/it\/articoli-religiosi\/statue\/statue-in-legno-dipinto\/statua-santa-edwige-da-slesia-con-chiesa-legno-dipinto-val-gardena\">Statua Santa Edwige da Slesia con chiesa legno dipinto Val Gardena<\/a><\/div>\n<div class=\"blocco-descrizione\">La statua , scolpita in val Gardena, ritrae Santa Edwige da Slesia che tra le mani tiene un cuscinetto con sopra una piccola chiesa.<\/div>\n<\/div>\n<\/div>\n<h2>Una preghiera a Santa Edvige, patrona dei poveri<\/h2>\n<p>La\u00a0<strong>preghiera a Santa Edvige<\/strong>\u00a0viene recitata da chi invoca la sua intercessione in situazioni di povert\u00e0 e sofferenza:<\/p>\n<p><em>Signore mio Dio, Onnipotente, Creatore del cielo e della terra,<\/em><br \/>\n<em>Tu che tutto regoli in giustizia e misericordia,<\/em><br \/>\n<em>accetta la preghiera che Ti rivolgo umilmente attraverso Santa Edvige, Tua serva,<\/em><br \/>\n<em>che Ti ha amato tanto sulla Terra e che gode della grazia di contemplare il Tuo volto divino.<\/em><br \/>\n<em>Santa Edvige, esempio di fede cristiana, specchio dell\u2019amore divino, vieni in nostro aiuto.<\/em><br \/>\n<em>Santa Edvige, fedele discepola di Cristo, umile serva del Signore, modello di amore per la croce, vieni in nostro aiuto.<\/em><br \/>\n<em>Santa Edvige, benevola madre dei poveri, ausilio dei malati, rifugio degli oppressi, vieni in nostro aiuto.<\/em><br \/>\n<em>Santa Edvige, modello delle madri cristiane, gloria della Santa Chiesa, vieni in nostro aiuto.<\/em><br \/>\n<em>Santa Edvige, per amore di Ges\u00f9, Maria e Giuseppe, fa tue le mie afflizioni. Vieni presto in mio soccorso.<\/em><\/p>\n<p><em>Amen.<\/em><\/p>\n<h2>La confusione delle due Sante Edvige<\/h2>\n<p>\u00c8 importante chiarire una confusione che spesso si genera quando si parla di\u00a0<strong>Santa Edvige<\/strong>. Esistono infatti due sante con questo nome, entrambe legate alla Polonia. Una \u00e8 Santa Edvige di Andechs (1174-1243), duchessa di Slesia, venerata come madre dei poveri e protettrice delle vedove, di cui abbiamo parlato in questo articolo, e che viene festeggiata il 15 ottobre; l&#8217;altra\u00a0<strong>Santa Edvige di Polonia<\/strong>\u00a0(1374-1399), regina di Polonia, festeggiata il 17 luglio.<br \/>\nLa seconda, Edvige di Polonia o Jadwiga, \u00e8 considerata patrona delle Regine, nonch\u00e9 Santa Patrona di Polonia. Fu una regina-bambina, nata principessa in Ungheria, voluta a soli dieci anni come sovrana dai nobili polacchi, che la proclamarono non &#8220;regina&#8221; ma &#8220;re&#8221; di Polonia. Costretta a sposare Jogaila, granduca pagano di Lituania, fu artefice della conversione del marito e di tutto il suo popolo, e seppe unire Polonia e Lituania con un legame non solo politico, ma anche spirituale. Nonostante fosse giovanissima, si rivel\u00f2 una diplomatica abile e una governante attenta al benessere culturale del suo regno. Vendette tutti i suoi gioielli personali, persino le insegne regali, per finanziare il restauro dell&#8217;Universit\u00e0 di Cracovia, che poi prese il nome di Universit\u00e0 Jagellonica in onore suo e del marito. La sua vita si concluse tragicamente a soli 25 anni nel 1399, pochi giorni dopo aver dato alla luce una figlia, che mor\u00ec subito dopo la nascita. La Chiesa la festeggia il 17 luglio, giorno della sua morte, e la proclam\u00f2 santa nel 1997, per voce di un altro polacco: <a href=\"https:\/\/www.holyart.it\/it\/occasioni-speciali\/giovanni-paolo-ii\"><strong>Giovanni Paolo II<\/strong><\/a>.<br \/>\nDue Edvige, due sante. Una camminava nella neve, l\u2019altra nei corridoi di corte. Una sfamava i poveri con il pane, l\u2019altra con il sapere. Ma entrambe erano madri. Madri di popoli, madri di visioni, madri di un amore che non cercava il proprio regno, ma quello dei cieli.<\/p>\n<div class=\"link-product\">\n<div class=\"blocco-immagine\"><img loading=\"lazy\" decoding=\"async\" class=\"size-full wp-image-22625 alignleft\" src=\"https:\/\/blog.holyart.it\/it\/wp-content\/uploads\/sites\/17\/2025\/09\/statua-san-giovanni-paolo-ii-resina-12-cm.jpg\" alt=\"statua san giovanni paolo ii resina 12 cm\" width=\"100\" height=\"100\" data-kale-share-title=\"Santa Edvige di Andechs: la duchessa che divenne santa\" data-kale-share-url=\"https:\/\/blog.holyart.it\/it\/?p=22618\" \/><\/div>\n<div class=\"blocco-contenuto\">\n<div class=\"blocco-acquista\">Acquista su Holyart:<\/div>\n<div class=\"blocco-titolo\"><a href=\"https:\/\/www.holyart.it\/it\/occasioni-speciali\/giovanni-paolo-ii\">Giovanni Paolo II<\/a><\/div>\n<div class=\"blocco-descrizione\"><\/div>\n<\/div>\n<\/div>\n","protected":false},"excerpt":{"rendered":"<p>Santa Edvige: una storia di fede, carit\u00e0 e santit\u00e0 che dall&#8217;Alta Baviera raggiunse il cuore della Slesia Santa Edvige\u00a0non fu semplicemente una nobildonna del suo tempo: fu una rivoluzionaria della carit\u00e0, una pioniera dell&#8217;assistenza sociale e, soprattutto, una santa che seppe trasformare il privilegio aristocratico&hellip;<\/p>\n","protected":false},"author":1,"featured_media":22628,"comment_status":"closed","ping_status":"open","sticky":false,"template":"","format":"standard","meta":{"_acf_changed":false,"footnotes":""},"categories":[15],"tags":[],"class_list":["post-22618","post","type-post","status-publish","format-standard","has-post-thumbnail","hentry","category-santi-e-beati"],"acf":[],"yoast_head":"<!-- This site is optimized with the Yoast SEO plugin v26.6 - https:\/\/yoast.com\/wordpress\/plugins\/seo\/ -->\n<title>Santa Edvige di Andechs: la duchessa che divenne santa - Holyblog<\/title>\n<meta name=\"description\" content=\"Santa Edvige di Andechs rinunci\u00f2 ai privilegi per servire i poveri. La sua vita, segnata da miracoli, \u00e8 esempio eterno di carit\u00e0.\" \/>\n<meta name=\"robots\" content=\"index, follow, max-snippet:-1, max-image-preview:large, max-video-preview:-1\" \/>\n<link rel=\"canonical\" href=\"https:\/\/blog.holyart.it\/it\/santi-e-beati\/santa-edvige-di-andechs-la-duchessa-che-divenne-santa\/\" \/>\n<meta property=\"og:locale\" content=\"it_IT\" \/>\n<meta property=\"og:type\" content=\"article\" \/>\n<meta property=\"og:title\" content=\"Santa Edvige di Andechs: la duchessa che divenne santa - Holyblog\" \/>\n<meta property=\"og:description\" content=\"Santa Edvige di Andechs rinunci\u00f2 ai privilegi per servire i poveri. La sua vita, segnata da miracoli, \u00e8 esempio eterno di carit\u00e0.\" \/>\n<meta property=\"og:url\" content=\"https:\/\/blog.holyart.it\/it\/santi-e-beati\/santa-edvige-di-andechs-la-duchessa-che-divenne-santa\/\" \/>\n<meta property=\"og:site_name\" content=\"Holyblog\" \/>\n<meta property=\"article:published_time\" content=\"2025-10-13T08:00:17+00:00\" \/>\n<meta property=\"og:image\" content=\"https:\/\/blog.holyart.it\/it\/wp-content\/uploads\/sites\/17\/2025\/09\/santa-edvige.jpg\" \/>\n\t<meta property=\"og:image:width\" content=\"1000\" \/>\n\t<meta property=\"og:image:height\" content=\"666\" \/>\n\t<meta property=\"og:image:type\" content=\"image\/jpeg\" \/>\n<meta name=\"author\" content=\"Redazione\" \/>\n<meta name=\"twitter:card\" content=\"summary_large_image\" \/>\n<meta name=\"twitter:label1\" content=\"Scritto da\" \/>\n\t<meta name=\"twitter:data1\" content=\"Redazione\" \/>\n\t<meta name=\"twitter:label2\" content=\"Tempo di lettura stimato\" \/>\n\t<meta name=\"twitter:data2\" content=\"10 minuti\" \/>\n<script type=\"application\/ld+json\" class=\"yoast-schema-graph\">{\"@context\":\"https:\/\/schema.org\",\"@graph\":[{\"@type\":\"Article\",\"@id\":\"https:\/\/blog.holyart.it\/it\/santi-e-beati\/santa-edvige-di-andechs-la-duchessa-che-divenne-santa\/#article\",\"isPartOf\":{\"@id\":\"https:\/\/blog.holyart.it\/it\/santi-e-beati\/santa-edvige-di-andechs-la-duchessa-che-divenne-santa\/\"},\"author\":{\"name\":\"Redazione\",\"@id\":\"https:\/\/blog.holyart.it\/it\/#\/schema\/person\/0a7b686e5af0f856ec1e390dd0baecda\"},\"headline\":\"Santa Edvige di Andechs: la duchessa che divenne santa\",\"datePublished\":\"2025-10-13T08:00:17+00:00\",\"mainEntityOfPage\":{\"@id\":\"https:\/\/blog.holyart.it\/it\/santi-e-beati\/santa-edvige-di-andechs-la-duchessa-che-divenne-santa\/\"},\"wordCount\":1515,\"publisher\":{\"@id\":\"https:\/\/blog.holyart.it\/it\/#organization\"},\"image\":{\"@id\":\"https:\/\/blog.holyart.it\/it\/santi-e-beati\/santa-edvige-di-andechs-la-duchessa-che-divenne-santa\/#primaryimage\"},\"thumbnailUrl\":\"https:\/\/blog.holyart.it\/it\/wp-content\/uploads\/sites\/17\/2025\/09\/santa-edvige.jpg\",\"articleSection\":[\"Santi e beati\"],\"inLanguage\":\"it-IT\"},{\"@type\":\"WebPage\",\"@id\":\"https:\/\/blog.holyart.it\/it\/santi-e-beati\/santa-edvige-di-andechs-la-duchessa-che-divenne-santa\/\",\"url\":\"https:\/\/blog.holyart.it\/it\/santi-e-beati\/santa-edvige-di-andechs-la-duchessa-che-divenne-santa\/\",\"name\":\"Santa Edvige di Andechs: la duchessa che divenne santa - Holyblog\",\"isPartOf\":{\"@id\":\"https:\/\/blog.holyart.it\/it\/#website\"},\"primaryImageOfPage\":{\"@id\":\"https:\/\/blog.holyart.it\/it\/santi-e-beati\/santa-edvige-di-andechs-la-duchessa-che-divenne-santa\/#primaryimage\"},\"image\":{\"@id\":\"https:\/\/blog.holyart.it\/it\/santi-e-beati\/santa-edvige-di-andechs-la-duchessa-che-divenne-santa\/#primaryimage\"},\"thumbnailUrl\":\"https:\/\/blog.holyart.it\/it\/wp-content\/uploads\/sites\/17\/2025\/09\/santa-edvige.jpg\",\"datePublished\":\"2025-10-13T08:00:17+00:00\",\"description\":\"Santa Edvige di Andechs rinunci\u00f2 ai privilegi per servire i poveri. La sua vita, segnata da miracoli, \u00e8 esempio eterno di carit\u00e0.\",\"breadcrumb\":{\"@id\":\"https:\/\/blog.holyart.it\/it\/santi-e-beati\/santa-edvige-di-andechs-la-duchessa-che-divenne-santa\/#breadcrumb\"},\"inLanguage\":\"it-IT\",\"potentialAction\":[{\"@type\":\"ReadAction\",\"target\":[\"https:\/\/blog.holyart.it\/it\/santi-e-beati\/santa-edvige-di-andechs-la-duchessa-che-divenne-santa\/\"]}]},{\"@type\":\"ImageObject\",\"inLanguage\":\"it-IT\",\"@id\":\"https:\/\/blog.holyart.it\/it\/santi-e-beati\/santa-edvige-di-andechs-la-duchessa-che-divenne-santa\/#primaryimage\",\"url\":\"https:\/\/blog.holyart.it\/it\/wp-content\/uploads\/sites\/17\/2025\/09\/santa-edvige.jpg\",\"contentUrl\":\"https:\/\/blog.holyart.it\/it\/wp-content\/uploads\/sites\/17\/2025\/09\/santa-edvige.jpg\",\"width\":1000,\"height\":666,\"caption\":\"santa edvige\"},{\"@type\":\"BreadcrumbList\",\"@id\":\"https:\/\/blog.holyart.it\/it\/santi-e-beati\/santa-edvige-di-andechs-la-duchessa-che-divenne-santa\/#breadcrumb\",\"itemListElement\":[{\"@type\":\"ListItem\",\"position\":1,\"name\":\"Homepage\",\"item\":\"https:\/\/blog.holyart.it\/it\/\"},{\"@type\":\"ListItem\",\"position\":2,\"name\":\"Santi e beati\",\"item\":\"https:\/\/blog.holyart.it\/it\/santi-e-beati\/\"},{\"@type\":\"ListItem\",\"position\":3,\"name\":\"Santa Edvige di Andechs: la duchessa che divenne santa\"}]},{\"@type\":\"WebSite\",\"@id\":\"https:\/\/blog.holyart.it\/it\/#website\",\"url\":\"https:\/\/blog.holyart.it\/it\/\",\"name\":\"Holyblog\",\"description\":\"Il Blog di Holyart.it\",\"publisher\":{\"@id\":\"https:\/\/blog.holyart.it\/it\/#organization\"},\"potentialAction\":[{\"@type\":\"SearchAction\",\"target\":{\"@type\":\"EntryPoint\",\"urlTemplate\":\"https:\/\/blog.holyart.it\/it\/?s={search_term_string}\"},\"query-input\":{\"@type\":\"PropertyValueSpecification\",\"valueRequired\":true,\"valueName\":\"search_term_string\"}}],\"inLanguage\":\"it-IT\"},{\"@type\":\"Organization\",\"@id\":\"https:\/\/blog.holyart.it\/it\/#organization\",\"name\":\"Holyblog\",\"url\":\"https:\/\/blog.holyart.it\/it\/\",\"logo\":{\"@type\":\"ImageObject\",\"inLanguage\":\"it-IT\",\"@id\":\"https:\/\/blog.holyart.it\/it\/#\/schema\/logo\/image\/\",\"url\":\"https:\/\/blog.holyart.it\/it\/wp-content\/uploads\/sites\/17\/2022\/12\/Holyart_Blog_Logo.jpg\",\"contentUrl\":\"https:\/\/blog.holyart.it\/it\/wp-content\/uploads\/sites\/17\/2022\/12\/Holyart_Blog_Logo.jpg\",\"width\":300,\"height\":50,\"caption\":\"Holyblog\"},\"image\":{\"@id\":\"https:\/\/blog.holyart.it\/it\/#\/schema\/logo\/image\/\"}},{\"@type\":\"Person\",\"@id\":\"https:\/\/blog.holyart.it\/it\/#\/schema\/person\/0a7b686e5af0f856ec1e390dd0baecda\",\"name\":\"Redazione\"}]}<\/script>\n<!-- \/ Yoast SEO plugin. -->","yoast_head_json":{"title":"Santa Edvige di Andechs: la duchessa che divenne santa - Holyblog","description":"Santa Edvige di Andechs rinunci\u00f2 ai privilegi per servire i poveri. La sua vita, segnata da miracoli, \u00e8 esempio eterno di carit\u00e0.","robots":{"index":"index","follow":"follow","max-snippet":"max-snippet:-1","max-image-preview":"max-image-preview:large","max-video-preview":"max-video-preview:-1"},"canonical":"https:\/\/blog.holyart.it\/it\/santi-e-beati\/santa-edvige-di-andechs-la-duchessa-che-divenne-santa\/","og_locale":"it_IT","og_type":"article","og_title":"Santa Edvige di Andechs: la duchessa che divenne santa - Holyblog","og_description":"Santa Edvige di Andechs rinunci\u00f2 ai privilegi per servire i poveri. La sua vita, segnata da miracoli, \u00e8 esempio eterno di carit\u00e0.","og_url":"https:\/\/blog.holyart.it\/it\/santi-e-beati\/santa-edvige-di-andechs-la-duchessa-che-divenne-santa\/","og_site_name":"Holyblog","article_published_time":"2025-10-13T08:00:17+00:00","og_image":[{"width":1000,"height":666,"url":"https:\/\/blog.holyart.it\/it\/wp-content\/uploads\/sites\/17\/2025\/09\/santa-edvige.jpg","type":"image\/jpeg"}],"author":"Redazione","twitter_card":"summary_large_image","twitter_misc":{"Scritto da":"Redazione","Tempo di lettura stimato":"10 minuti"},"schema":{"@context":"https:\/\/schema.org","@graph":[{"@type":"Article","@id":"https:\/\/blog.holyart.it\/it\/santi-e-beati\/santa-edvige-di-andechs-la-duchessa-che-divenne-santa\/#article","isPartOf":{"@id":"https:\/\/blog.holyart.it\/it\/santi-e-beati\/santa-edvige-di-andechs-la-duchessa-che-divenne-santa\/"},"author":{"name":"Redazione","@id":"https:\/\/blog.holyart.it\/it\/#\/schema\/person\/0a7b686e5af0f856ec1e390dd0baecda"},"headline":"Santa Edvige di Andechs: la duchessa che divenne santa","datePublished":"2025-10-13T08:00:17+00:00","mainEntityOfPage":{"@id":"https:\/\/blog.holyart.it\/it\/santi-e-beati\/santa-edvige-di-andechs-la-duchessa-che-divenne-santa\/"},"wordCount":1515,"publisher":{"@id":"https:\/\/blog.holyart.it\/it\/#organization"},"image":{"@id":"https:\/\/blog.holyart.it\/it\/santi-e-beati\/santa-edvige-di-andechs-la-duchessa-che-divenne-santa\/#primaryimage"},"thumbnailUrl":"https:\/\/blog.holyart.it\/it\/wp-content\/uploads\/sites\/17\/2025\/09\/santa-edvige.jpg","articleSection":["Santi e beati"],"inLanguage":"it-IT"},{"@type":"WebPage","@id":"https:\/\/blog.holyart.it\/it\/santi-e-beati\/santa-edvige-di-andechs-la-duchessa-che-divenne-santa\/","url":"https:\/\/blog.holyart.it\/it\/santi-e-beati\/santa-edvige-di-andechs-la-duchessa-che-divenne-santa\/","name":"Santa Edvige di Andechs: la duchessa che divenne santa - Holyblog","isPartOf":{"@id":"https:\/\/blog.holyart.it\/it\/#website"},"primaryImageOfPage":{"@id":"https:\/\/blog.holyart.it\/it\/santi-e-beati\/santa-edvige-di-andechs-la-duchessa-che-divenne-santa\/#primaryimage"},"image":{"@id":"https:\/\/blog.holyart.it\/it\/santi-e-beati\/santa-edvige-di-andechs-la-duchessa-che-divenne-santa\/#primaryimage"},"thumbnailUrl":"https:\/\/blog.holyart.it\/it\/wp-content\/uploads\/sites\/17\/2025\/09\/santa-edvige.jpg","datePublished":"2025-10-13T08:00:17+00:00","description":"Santa Edvige di Andechs rinunci\u00f2 ai privilegi per servire i poveri. La sua vita, segnata da miracoli, \u00e8 esempio eterno di carit\u00e0.","breadcrumb":{"@id":"https:\/\/blog.holyart.it\/it\/santi-e-beati\/santa-edvige-di-andechs-la-duchessa-che-divenne-santa\/#breadcrumb"},"inLanguage":"it-IT","potentialAction":[{"@type":"ReadAction","target":["https:\/\/blog.holyart.it\/it\/santi-e-beati\/santa-edvige-di-andechs-la-duchessa-che-divenne-santa\/"]}]},{"@type":"ImageObject","inLanguage":"it-IT","@id":"https:\/\/blog.holyart.it\/it\/santi-e-beati\/santa-edvige-di-andechs-la-duchessa-che-divenne-santa\/#primaryimage","url":"https:\/\/blog.holyart.it\/it\/wp-content\/uploads\/sites\/17\/2025\/09\/santa-edvige.jpg","contentUrl":"https:\/\/blog.holyart.it\/it\/wp-content\/uploads\/sites\/17\/2025\/09\/santa-edvige.jpg","width":1000,"height":666,"caption":"santa edvige"},{"@type":"BreadcrumbList","@id":"https:\/\/blog.holyart.it\/it\/santi-e-beati\/santa-edvige-di-andechs-la-duchessa-che-divenne-santa\/#breadcrumb","itemListElement":[{"@type":"ListItem","position":1,"name":"Homepage","item":"https:\/\/blog.holyart.it\/it\/"},{"@type":"ListItem","position":2,"name":"Santi e beati","item":"https:\/\/blog.holyart.it\/it\/santi-e-beati\/"},{"@type":"ListItem","position":3,"name":"Santa Edvige di Andechs: la duchessa che divenne santa"}]},{"@type":"WebSite","@id":"https:\/\/blog.holyart.it\/it\/#website","url":"https:\/\/blog.holyart.it\/it\/","name":"Holyblog","description":"Il Blog di Holyart.it","publisher":{"@id":"https:\/\/blog.holyart.it\/it\/#organization"},"potentialAction":[{"@type":"SearchAction","target":{"@type":"EntryPoint","urlTemplate":"https:\/\/blog.holyart.it\/it\/?s={search_term_string}"},"query-input":{"@type":"PropertyValueSpecification","valueRequired":true,"valueName":"search_term_string"}}],"inLanguage":"it-IT"},{"@type":"Organization","@id":"https:\/\/blog.holyart.it\/it\/#organization","name":"Holyblog","url":"https:\/\/blog.holyart.it\/it\/","logo":{"@type":"ImageObject","inLanguage":"it-IT","@id":"https:\/\/blog.holyart.it\/it\/#\/schema\/logo\/image\/","url":"https:\/\/blog.holyart.it\/it\/wp-content\/uploads\/sites\/17\/2022\/12\/Holyart_Blog_Logo.jpg","contentUrl":"https:\/\/blog.holyart.it\/it\/wp-content\/uploads\/sites\/17\/2022\/12\/Holyart_Blog_Logo.jpg","width":300,"height":50,"caption":"Holyblog"},"image":{"@id":"https:\/\/blog.holyart.it\/it\/#\/schema\/logo\/image\/"}},{"@type":"Person","@id":"https:\/\/blog.holyart.it\/it\/#\/schema\/person\/0a7b686e5af0f856ec1e390dd0baecda","name":"Redazione"}]}},"_links":{"self":[{"href":"https:\/\/blog.holyart.it\/it\/wp-json\/wp\/v2\/posts\/22618","targetHints":{"allow":["GET"]}}],"collection":[{"href":"https:\/\/blog.holyart.it\/it\/wp-json\/wp\/v2\/posts"}],"about":[{"href":"https:\/\/blog.holyart.it\/it\/wp-json\/wp\/v2\/types\/post"}],"author":[{"embeddable":true,"href":"https:\/\/blog.holyart.it\/it\/wp-json\/wp\/v2\/users\/1"}],"replies":[{"embeddable":true,"href":"https:\/\/blog.holyart.it\/it\/wp-json\/wp\/v2\/comments?post=22618"}],"version-history":[{"count":5,"href":"https:\/\/blog.holyart.it\/it\/wp-json\/wp\/v2\/posts\/22618\/revisions"}],"predecessor-version":[{"id":22629,"href":"https:\/\/blog.holyart.it\/it\/wp-json\/wp\/v2\/posts\/22618\/revisions\/22629"}],"wp:featuredmedia":[{"embeddable":true,"href":"https:\/\/blog.holyart.it\/it\/wp-json\/wp\/v2\/media\/22628"}],"wp:attachment":[{"href":"https:\/\/blog.holyart.it\/it\/wp-json\/wp\/v2\/media?parent=22618"}],"wp:term":[{"taxonomy":"category","embeddable":true,"href":"https:\/\/blog.holyart.it\/it\/wp-json\/wp\/v2\/categories?post=22618"},{"taxonomy":"post_tag","embeddable":true,"href":"https:\/\/blog.holyart.it\/it\/wp-json\/wp\/v2\/tags?post=22618"}],"curies":[{"name":"wp","href":"https:\/\/api.w.org\/{rel}","templated":true}]}}