{"id":22604,"date":"2025-10-20T10:00:54","date_gmt":"2025-10-20T08:00:54","guid":{"rendered":"https:\/\/blog.holyart.it\/it\/?p=22604"},"modified":"2025-09-09T11:49:32","modified_gmt":"2025-09-09T09:49:32","slug":"santi-cefalofori-martiri-con-la-testa-tra-le-mani","status":"publish","type":"post","link":"https:\/\/blog.holyart.it\/it\/santi-e-beati\/santi-cefalofori-martiri-con-la-testa-tra-le-mani\/","title":{"rendered":"Santi Cefalofori: martiri con la testa tra le mani"},"content":{"rendered":"<h4>Qual \u00e8 il significato di cefaloforia? Scopriamo la storia dei santi cefalofori, martiri che dopo la decapitazione portarono la testa tra le mani<\/h4>\n\n<p>Per rispondere alla domanda\u00a0<em>&#8220;Qual \u00e8 il significato di cefaloforia?&#8221;<\/em>, intorno alla quale ruota questo articolo, dobbiamo guardare al passato e all&#8217;iconografia dei\u00a0<strong><a href=\"https:\/\/www.holyart.it\/blog\/santi-e-beati\/santi-martiri-sacrificare-la-propria-vita-in-nome-di-dio\/\">Santi e dei martiri<\/a><\/strong>\u00a0attraverso i secoli. \u00c8 innegabile come alcune <a href=\"https:\/\/www.holyart.it\/it\/articoli-religiosi\/icone-sacre\"><strong>immagini sacre<\/strong><\/a> del passato riescano a suscitare in noi, oltre alla devozione verso i santi e beati che rappresentano, anche una sottile inquietudine. Si tratta della sensibilit\u00e0 moderna, diversa da quella di un tempo, quando si tendeva a utilizzare le immagini per raccontare storie, comunicare concetti spirituali altissimi anche a chi non era in grado di leggere e scrivere.\u00a0Nelle chiese e nei codici miniati del passato, le immagini sacre non temevano di mostrare l\u2019orrore. Al contrario, lo trasfiguravano. Non era raro incontrare santi raffigurati con la propria testa tra le mani, o con gli occhi offerti su un piatto. Non si trattava di compiacimento macabro, ma di una tradizione iconografica precisa, capace di rendere immediatamente comprensibile al fedele il tipo di martirio affrontato.\u00a0In quei volti sfigurati dal tormento, in quelle mani che sorreggono ci\u00f2 che \u00e8 stato strappato con violenza, la comunit\u00e0 cristiana riconosceva un segno:\u00a0<strong>la fede non \u00e8 spezzata dalla sofferenza, ma anzi vi trova il suo culmine.\u00a0<\/strong>Le ferite diventano trofei, la sconfitta diventa vittoria, il sangue versato diventa luce che illumina.<\/p>\n<div class=\"link-article\">\n<p><img loading=\"lazy\" decoding=\"async\" class=\"size-full wp-image-22606 alignleft\" src=\"https:\/\/blog.holyart.it\/it\/wp-content\/uploads\/sites\/17\/2025\/09\/Santi-martiri.jpg\" alt=\"Santi martiri\" width=\"150\" height=\"99\" data-kale-share-title=\"Santi Cefalofori: martiri con la testa tra le mani\" data-kale-share-url=\"https:\/\/blog.holyart.it\/it\/?p=22604\" \/><\/p>\n<div class=\"leggi-anche\">Leggi anche:<\/div>\n<p><strong><a href=\"https:\/\/www.holyart.it\/blog\/santi-e-beati\/santi-martiri-sacrificare-la-propria-vita-in-nome-di-dio\/\">Santi Martiri: sacrificare la propria vita in nome di Dio<\/a><\/strong><br \/>\nI Santi Martiri sono uomini e donne, spesso molto giovani, che hanno sacrificato la propria vita per amore di Dio&#8230;<\/p>\n<\/div>\n<p>L\u2019arte, con il suo linguaggio diretto e simbolico, parlava a un popolo in gran parte analfabeta, consegnando un messaggio chiaro:\u00a0<strong>il santo ha vinto la morte perch\u00e9 la sua fede incrollabile lo ha reso partecipe della gloria eterna.\u00a0<\/strong>Cos\u00ec la testa portata tra le mani, gli occhi offerti su un piatto o gli strumenti di tortura tenuti come emblema non raccontano tanto la crudelt\u00e0 dei carnefici, quanto la forza sovrumana della grazia divina che trasfigura ogni dolore.<br \/>\nIn quelle raffigurazioni apparentemente dure si cela dunque una dolcezza segreta: il martire non \u00e8 mai solo vittima, ma testimone glorioso. Le atrocit\u00e0 subite non sono l\u2019ultima parola, bens\u00ec il varco che apre all\u2019invisibile, la porta attraverso la quale la fragilit\u00e0 umana si trasforma in segno eterno di speranza.<\/p>\n<p>In particolare, c\u2019\u00e8 un\u2019immagine che attraversa i secoli e che ancora oggi scuote, affascina e inquieta: un santo che cammina con la propria testa tra le mani. Non \u00e8 un\u2019allegoria astratta, ma una tradizione precisa, che ha dato vita a un intero filone di figure cristiane conosciute come\u00a0<strong>cefalofori<\/strong>. Questi martiri santi, uomini e donne che secondo la leggenda continuarono a camminare o pregare dopo la decapitazione, sono tra le figure pi\u00f9 misteriose e potenti della santit\u00e0 medievale. Non sono solo sopravvissuti simbolicamente al colpo della spada, ma testimoni viventi di un messaggio che travalica il limite tra vita e morte. In loro, fede e leggenda si intrecciano in una visione radicale della speranza:\u00a0<strong>la morte non \u00e8 la fine, ma il passaggio<\/strong>. La loro cefaloforia non \u00e8 un\u2019ossessione macabra, ma un canto di vittoria. Un annuncio che anche ci\u00f2 che appare impossibile pu\u00f2 diventare segno di vita nuova.<\/p>\n<div class=\"link-product\">\n<div class=\"blocco-immagine\"><img loading=\"lazy\" decoding=\"async\" class=\"size-full wp-image-22607 alignleft\" src=\"https:\/\/blog.holyart.it\/it\/wp-content\/uploads\/sites\/17\/2025\/09\/icona-san-luca-evangelista-ovale.jpg\" alt=\"icona san luca evangelista ovale\" width=\"100\" height=\"100\" data-kale-share-title=\"Santi Cefalofori: martiri con la testa tra le mani\" data-kale-share-url=\"https:\/\/blog.holyart.it\/it\/?p=22604\" \/><\/div>\n<div class=\"blocco-contenuto\">\n<div class=\"blocco-acquista\">Acquista su Holyart:<\/div>\n<div class=\"blocco-titolo\"><a href=\"https:\/\/www.holyart.it\/it\/articoli-religiosi\/icone-sacre\">Icone Sacre<\/a><\/div>\n<div class=\"blocco-descrizione\">In questa categoria puoi trovare icone dipinte a mano secondo il metodo tradizionale.<\/div>\n<\/div>\n<\/div>\n<h2>Qual \u00e8 il significato di cefaloforia?<\/h2>\n<p>La parola\u00a0<strong>cefaloforia<\/strong>\u00a0deriva dal greco\u00a0<em>kephal\u00e9<\/em>\u00a0(testa) e\u00a0<em>phor\u00e9in<\/em>\u00a0(portare), e significa letteralmente\u00a0<em>\u201cportare la propria testa\u201d.<\/em>\u00a0Una condizione inconcepibile, sul piano fisico, ma profondamente simbolica su quello teologico.\u00a0Il\u00a0<strong>cefaloforo\u00a0<\/strong>\u00e8 la rappresentazione di un paradosso: il corpo muore, ma la fede no, e grazie ad essa il santo continua a portare avanti la propria missione. Il martirio non spegne la voce della fede, anzi la rende pi\u00f9 forte e la testa, sede della parola e dell\u2019intelletto, diventa araldo di questo messaggio. Per i fedeli del Medioevo, vedere un santo rappresentato come cefaloforo raccontava pi\u00f9 di mille testi scritti e significava solo una cosa: quel martire aveva vinto la morte e la sua fede in Dio aveva trasformato la sconfitta pi\u00f9 radicale in testimonianza eterna.<\/p>\n<p>Le figure dei cefalofori hanno lasciato tracce profonde non solo nella devozione, ma anche nell\u2019<strong>arte<\/strong>\u00a0e nella cultura europea. Le cattedrali gotiche raccontano le loro leggende in vetrate e sculture; i luoghi del loro passaggio sono diventati <a href=\"https:\/\/www.holyart.it\/blog\/articoli-religiosi\/5-luoghi-di-pellegrinaggio-dove-andare-almeno-una-volta-nella-vita\/\"><strong>mete di pellegrinaggio<\/strong><\/a> e centri spirituali.<\/p>\n<div class=\"link-article\">\n<p><img loading=\"lazy\" decoding=\"async\" class=\"wp-image-22608 size-full alignleft\" src=\"https:\/\/blog.holyart.it\/it\/wp-content\/uploads\/sites\/17\/2025\/09\/Pellegrini.jpeg\" alt=\"pellegrinaggio\" width=\"150\" height=\"99\" data-kale-share-title=\"Santi Cefalofori: martiri con la testa tra le mani\" data-kale-share-url=\"https:\/\/blog.holyart.it\/it\/?p=22604\" \/><\/p>\n<div class=\"leggi-anche\">Leggi anche:<\/div>\n<p><strong><a href=\"https:\/\/www.holyart.it\/blog\/articoli-religiosi\/5-luoghi-di-pellegrinaggio-dove-andare-almeno-una-volta-nella-vita\/\">5 luoghi di pellegrinaggio dove andare almeno una volta nella vita<\/a><\/strong><br \/>\nL\u2019azione di Dio su questa Terra lascia un segno forte e che ci attrae&#8230;<\/p>\n<\/div>\n<h2>I Grandi cefalofori della Tradizione Cristiana<\/h2>\n<p>Le cronache e le leggende ci hanno lasciato una galleria di santi cefalofori, figure in cui si mescolano memoria storica, tradizione orale e fervore devozionale.\u00a0Queste storie non sono semplici favole: parlano di identit\u00e0, di fede vissuta fino al limite, di comunit\u00e0 che nei loro santi trovarono forza e continuit\u00e0.<\/p>\n<h2>San Dionigi: il vescovo che fond\u00f2 la cristianit\u00e0 di Parigi<\/h2>\n<p>Tra i cefalofori pi\u00f9 celebri della tradizione cristiana spicca\u00a0<strong>San Dionigi<\/strong>, primo vescovo di Parigi, decapitato sul Montmartre insieme ai compagni, il presbitero Rustico e il diacono Eleuterio. Le origini storiche di San Dionigi si intrecciano con documenti antichi e con leggende che ne hanno accresciuto il fascino. Le prime\u00a0<em>passiones<\/em>\u00a0latine, redatte tra l\u2019VIII e il IX secolo, arricchirono la figura di Dionigi con dettagli leggendari.\u00a0Secondo la tradizione pi\u00f9 attendibile, Dionigi giunse dalla Roma cristiana nel III secolo per evangelizzare la Gallia e in particolare Lutezia, l\u2019antica Parigi. Dionigi organizz\u00f2 la comunit\u00e0 cristiana sulle rive della Senna e guid\u00f2 i fedeli fino al martirio, avvenuto intorno al 270. A partire dall\u2019VIII secolo, l\u2019iconografia cristiana fiss\u00f2 l\u2019immagine di San Dionigi, e le chiese di Francia raccontarono la sua storia attraverso vetrate, bassorilievi, pale d\u2019altare e miniature:\u00a0il processo davanti al governatore Sisinnio, il supplizio delle fiamme, la Comunione ricevuta miracolosamente in carcere e infine la decapitazione a Montmartre. Ma l\u2019immagine pi\u00f9 potente resta quella del vescovo che, sollevando la sua testa, percorre la strada fino al luogo della sepoltura: gesto impossibile agli occhi degli uomini, eppure simbolo eterno della fede che non si lascia vincere dalla morte.<\/p>\n<h2>Santa Solange: la pastorella che cammin\u00f2 con la sua testa tra le mani<\/h2>\n<p>Se la storia di Dionigi segna l\u2019inizio del cristianesimo parigino, quella di\u00a0<strong>Santa Solange<\/strong>\u00a0tocca corde pi\u00f9 intime. Giovane contadina francese del IX secolo, consacrata a Dio e decisa a difendere la propria purezza, si occupava del gregge di famiglia. Ogni mattina, passando davanti alla chiesa, lasciava un fiore sull\u2019altare e poi si ritirava in campagna, in una piccola cappella che aveva costruito con le proprie mani. L\u00ec pregava a lungo, talvolta rapita in estasi, fino a perdere la cognizione del tempo. Era devota, ma anche generosa, sempre pronta a soccorrere poveri e feriti. La sua bellezza, ormai sbocciata, attir\u00f2 l\u2019attenzione di Rainolfo, figlio del nuovo conte. Il giovane la chiese in sposa, ma Solange rifiut\u00f2: si era gi\u00e0 promessa a Cristo. Rifiuto dopo rifiuto, il desiderio di Rainolfo si trasform\u00f2 in ossessione. Un giorno, accecato dalla passione e dalla rabbia, tent\u00f2 di rapirla. Solange riusc\u00ec a fuggire, ma fu raggiunta e decapitata nel bosco. La leggenda racconta che dalla testa recisa si lev\u00f2 un ultimo grido:\u00a0<em>\u201cGes\u00f9\u201d<\/em>. Il corpo della giovane si rialz\u00f2, raccolse la testa e continu\u00f2 a camminare fino al campo dove era solita pregare. L\u00ec si accasci\u00f2, e fu sepolta, diventando per sempre segno di purezza e di fede incrollabile.<img loading=\"lazy\" decoding=\"async\" class=\"size-full wp-image-22609 aligncenter\" src=\"https:\/\/blog.holyart.it\/it\/wp-content\/uploads\/sites\/17\/2025\/09\/santa-solange.jpeg\" alt=\"santa solange\" width=\"499\" height=\"666\" data-kale-share-title=\"Santi Cefalofori: martiri con la testa tra le mani\" data-kale-share-url=\"https:\/\/blog.holyart.it\/it\/?p=22604\" \/><\/p>\n<h2>San Nicasio di Reims: il vescovo che cantava i salmi nella morte<\/h2>\n<p>Tra i santi cefalofori, la figura di\u00a0<strong>San Nicasio di Reims<\/strong>\u00a0ha il fascino di chi difese la propria comunit\u00e0 con la sola forza della fede. Vescovo della citt\u00e0 agli inizi del V secolo, si trov\u00f2 a guidare i fedeli in uno dei momenti pi\u00f9 drammatici della storia: l\u2019arrivo dei Vandali, che nel 407 devastarono la Gallia.\u00a0Si racconta che, quando gli invasori giunsero alle porte di Reims, molti gli consigliarono la fuga. Nicasio rifiut\u00f2, non poteva abbandonare la sua gente. Con la sorella Eutropia, giovane consacrata a Dio, rimase a incoraggiare i cristiani a restare saldi, anche a costo del martirio. Quando i barbari irruppero, il vescovo li affront\u00f2 sulla soglia della chiesa che aveva eretto e consacrato a Maria. Fu l\u00ec che venne decapitato. La sorella, per non cedere ad oltraggi peggiori, scelse a sua volta la stessa sorte.\u00a0La tradizione narra che, nel momento in cui la spada cal\u00f2, Nicasio stesse recitando i salmi, e che la sua testa, caduta al suolo, continuasse la preghiera con parole di vita e di speranza.<br \/>\nDa quel giorno, Reims vener\u00f2 Nicasio come suo protettore, e nei secoli il suo nome si diffuse ben oltre la citt\u00e0, a simboleggiare\u00a0che la voce della fede non si spegne, nemmeno quando il corpo viene ridotto al silenzio.<\/p>\n<h2>San Miniato: leggenda e mistero del primo martire fiorentino<\/h2>\n<p>Chiunque abbia ammirato un tramonto dal sagrato di<strong>\u00a0<a href=\"https:\/\/www.holyart.it\/it\/articoli-religiosi\/arazzi\/arazzo-assunta-di-san-miniato-60x40-cm\">San Miniato al Monte<\/a>\u00a0<\/strong>sa quanto quel luogo sappia mozzare il fiato: Firenze si stende ai piedi del colle come un quadro vivente, l\u2019Arno scintilla e il cielo si veste d\u2019oro e di porpora. Pochi, per\u00f2, mentre si lasciano incantare dalla bellezza, si domandano chi fosse il santo che ha dato il nome a questa basilica, tra le pi\u00f9 belle d\u2019Italia.\u00a0La tradizione racconta che\u00a0<strong>Miniato<\/strong>\u00a0fosse un soldato, forse di origine straniera, e che venne martirizzato al tempo dell\u2019imperatore Decio, nel III secolo. La sua colpa fu di non aver voluto sacrificare agli dei pagani. La leggenda narra che usc\u00ec illeso da un forno rovente, spezz\u00f2 i ceppi che lo imprigionavano e dom\u00f2 con un segno di croce un leone lanciato contro di lui nell\u2019arena. Ma alla fine la condanna definitiva arriv\u00f2: la decapitazione.\u00a0Ed \u00e8 qui che la leggenda fiorentina si tinge di meraviglioso. Miniato, raccolta la sua testa, avrebbe attraversato l\u2019Arno e risalito il colle coperto di ulivi, fermandosi nel punto in cui desiderava essere sepolto. Proprio l\u00ec sorse la chiesa che ancora oggi porta il suo nome e\u00a0domina Firenze come segno di fede e di bellezza immortale.<\/p>\n<div class=\"link-product\">\n<div class=\"blocco-immagine\"><img loading=\"lazy\" decoding=\"async\" class=\"size-full wp-image-22610 alignleft\" src=\"https:\/\/blog.holyart.it\/it\/wp-content\/uploads\/sites\/17\/2025\/09\/arazzo-assunta-di-san-miniato-60x40-cm.jpg\" alt=\"arazzo assunta di san miniato 60x40 cm\" width=\"100\" height=\"100\" data-kale-share-title=\"Santi Cefalofori: martiri con la testa tra le mani\" data-kale-share-url=\"https:\/\/blog.holyart.it\/it\/?p=22604\" \/><\/div>\n<div class=\"blocco-contenuto\">\n<div class=\"blocco-acquista\">Acquista su Holyart:<\/div>\n<div class=\"blocco-titolo\"><a href=\"https:\/\/www.holyart.it\/it\/articoli-religiosi\/arazzi\/arazzo-assunta-di-san-miniato-60x40-cm\">Arazzo Assunta di San Miniato 60&#215;40 cm<\/a><\/div>\n<div class=\"blocco-descrizione\">Arazzo in tessuto jacquard rifinito a mano, interamente in Italia.<\/div>\n<\/div>\n<\/div>\n<h2>Il Simbolismo della Decapitazione<\/h2>\n<p>La decapitazione \u00e8 il martirio estremo. Non si tratta &#8220;solo&#8221; di togliere la vita, ma di colpire il centro della persona, la sede della parola e della coscienza. Per questo, nei santi cefalofori, il miracolo \u00e8 tanto pi\u00f9 potente.\u00a0Il santo non si limita a morire: continua a camminare, a pregare, a indicare una direzione. \u00c8 l\u2019immagine di una fede che resiste oltre la materia, di un\u2019anima che non pu\u00f2 essere distrutta. Portare la propria testa diventa simbolo di\u00a0<strong>autocontrollo spirituale<\/strong>: chi in vita aveva imparato a governare s\u00e9 stesso e a dedicarsi a Dio, lo fa anche oltre la morte. Per i fedeli medievali, era la dimostrazione che il santo apparteneva gi\u00e0 a un\u2019altra realt\u00e0, capace di sfidare le leggi della natura.<\/p>\n","protected":false},"excerpt":{"rendered":"<p>Qual \u00e8 il significato di cefaloforia? Scopriamo la storia dei santi cefalofori, martiri che dopo la decapitazione portarono la testa tra le mani Per rispondere alla domanda\u00a0&#8220;Qual \u00e8 il significato di cefaloforia?&#8221;, intorno alla quale ruota questo articolo, dobbiamo guardare al passato e all&#8217;iconografia dei\u00a0Santi&hellip;<\/p>\n","protected":false},"author":1,"featured_media":22612,"comment_status":"closed","ping_status":"open","sticky":false,"template":"","format":"standard","meta":{"_acf_changed":false,"footnotes":""},"categories":[15],"tags":[],"class_list":["post-22604","post","type-post","status-publish","format-standard","has-post-thumbnail","hentry","category-santi-e-beati"],"acf":[],"yoast_head":"<!-- This site is optimized with the Yoast SEO plugin v26.6 - https:\/\/yoast.com\/wordpress\/plugins\/seo\/ -->\n<title>Santi Cefalofori: martiri con la testa tra le mani - Holyblog<\/title>\n<meta name=\"description\" content=\"Qual \u00e8 il significato di cefaloforia? Scopriamo la storia dei santi cefalofori, martiri che portarono la testa tra le mani\" \/>\n<meta name=\"robots\" content=\"index, follow, max-snippet:-1, max-image-preview:large, max-video-preview:-1\" \/>\n<link rel=\"canonical\" href=\"https:\/\/blog.holyart.it\/it\/santi-e-beati\/santi-cefalofori-martiri-con-la-testa-tra-le-mani\/\" \/>\n<meta property=\"og:locale\" content=\"it_IT\" \/>\n<meta property=\"og:type\" content=\"article\" \/>\n<meta property=\"og:title\" content=\"Santi Cefalofori: martiri con la testa tra le mani - Holyblog\" \/>\n<meta property=\"og:description\" content=\"Qual \u00e8 il significato di cefaloforia? Scopriamo la storia dei santi cefalofori, martiri che portarono la testa tra le mani\" \/>\n<meta property=\"og:url\" content=\"https:\/\/blog.holyart.it\/it\/santi-e-beati\/santi-cefalofori-martiri-con-la-testa-tra-le-mani\/\" \/>\n<meta property=\"og:site_name\" content=\"Holyblog\" \/>\n<meta property=\"article:published_time\" content=\"2025-10-20T08:00:54+00:00\" \/>\n<meta property=\"og:image\" content=\"https:\/\/blog.holyart.it\/it\/wp-content\/uploads\/sites\/17\/2025\/09\/santi-cefalofori.jpg\" \/>\n\t<meta property=\"og:image:width\" content=\"1000\" \/>\n\t<meta property=\"og:image:height\" content=\"666\" \/>\n\t<meta property=\"og:image:type\" content=\"image\/jpeg\" \/>\n<meta name=\"author\" content=\"Redazione\" \/>\n<meta name=\"twitter:card\" content=\"summary_large_image\" \/>\n<meta name=\"twitter:label1\" content=\"Scritto da\" \/>\n\t<meta name=\"twitter:data1\" content=\"Redazione\" \/>\n\t<meta name=\"twitter:label2\" content=\"Tempo di lettura stimato\" \/>\n\t<meta name=\"twitter:data2\" content=\"11 minuti\" \/>\n<script type=\"application\/ld+json\" class=\"yoast-schema-graph\">{\"@context\":\"https:\/\/schema.org\",\"@graph\":[{\"@type\":\"Article\",\"@id\":\"https:\/\/blog.holyart.it\/it\/santi-e-beati\/santi-cefalofori-martiri-con-la-testa-tra-le-mani\/#article\",\"isPartOf\":{\"@id\":\"https:\/\/blog.holyart.it\/it\/santi-e-beati\/santi-cefalofori-martiri-con-la-testa-tra-le-mani\/\"},\"author\":{\"name\":\"Redazione\",\"@id\":\"https:\/\/blog.holyart.it\/it\/#\/schema\/person\/0a7b686e5af0f856ec1e390dd0baecda\"},\"headline\":\"Santi Cefalofori: martiri con la testa tra le mani\",\"datePublished\":\"2025-10-20T08:00:54+00:00\",\"mainEntityOfPage\":{\"@id\":\"https:\/\/blog.holyart.it\/it\/santi-e-beati\/santi-cefalofori-martiri-con-la-testa-tra-le-mani\/\"},\"wordCount\":1848,\"publisher\":{\"@id\":\"https:\/\/blog.holyart.it\/it\/#organization\"},\"image\":{\"@id\":\"https:\/\/blog.holyart.it\/it\/santi-e-beati\/santi-cefalofori-martiri-con-la-testa-tra-le-mani\/#primaryimage\"},\"thumbnailUrl\":\"https:\/\/blog.holyart.it\/it\/wp-content\/uploads\/sites\/17\/2025\/09\/santi-cefalofori.jpg\",\"articleSection\":[\"Santi e beati\"],\"inLanguage\":\"it-IT\"},{\"@type\":\"WebPage\",\"@id\":\"https:\/\/blog.holyart.it\/it\/santi-e-beati\/santi-cefalofori-martiri-con-la-testa-tra-le-mani\/\",\"url\":\"https:\/\/blog.holyart.it\/it\/santi-e-beati\/santi-cefalofori-martiri-con-la-testa-tra-le-mani\/\",\"name\":\"Santi Cefalofori: martiri con la testa tra le mani - Holyblog\",\"isPartOf\":{\"@id\":\"https:\/\/blog.holyart.it\/it\/#website\"},\"primaryImageOfPage\":{\"@id\":\"https:\/\/blog.holyart.it\/it\/santi-e-beati\/santi-cefalofori-martiri-con-la-testa-tra-le-mani\/#primaryimage\"},\"image\":{\"@id\":\"https:\/\/blog.holyart.it\/it\/santi-e-beati\/santi-cefalofori-martiri-con-la-testa-tra-le-mani\/#primaryimage\"},\"thumbnailUrl\":\"https:\/\/blog.holyart.it\/it\/wp-content\/uploads\/sites\/17\/2025\/09\/santi-cefalofori.jpg\",\"datePublished\":\"2025-10-20T08:00:54+00:00\",\"description\":\"Qual \u00e8 il significato di cefaloforia? Scopriamo la storia dei santi cefalofori, martiri che portarono la testa tra le mani\",\"breadcrumb\":{\"@id\":\"https:\/\/blog.holyart.it\/it\/santi-e-beati\/santi-cefalofori-martiri-con-la-testa-tra-le-mani\/#breadcrumb\"},\"inLanguage\":\"it-IT\",\"potentialAction\":[{\"@type\":\"ReadAction\",\"target\":[\"https:\/\/blog.holyart.it\/it\/santi-e-beati\/santi-cefalofori-martiri-con-la-testa-tra-le-mani\/\"]}]},{\"@type\":\"ImageObject\",\"inLanguage\":\"it-IT\",\"@id\":\"https:\/\/blog.holyart.it\/it\/santi-e-beati\/santi-cefalofori-martiri-con-la-testa-tra-le-mani\/#primaryimage\",\"url\":\"https:\/\/blog.holyart.it\/it\/wp-content\/uploads\/sites\/17\/2025\/09\/santi-cefalofori.jpg\",\"contentUrl\":\"https:\/\/blog.holyart.it\/it\/wp-content\/uploads\/sites\/17\/2025\/09\/santi-cefalofori.jpg\",\"width\":1000,\"height\":666,\"caption\":\"qual \u00e8 il significato di cefaloforia\"},{\"@type\":\"BreadcrumbList\",\"@id\":\"https:\/\/blog.holyart.it\/it\/santi-e-beati\/santi-cefalofori-martiri-con-la-testa-tra-le-mani\/#breadcrumb\",\"itemListElement\":[{\"@type\":\"ListItem\",\"position\":1,\"name\":\"Homepage\",\"item\":\"https:\/\/blog.holyart.it\/it\/\"},{\"@type\":\"ListItem\",\"position\":2,\"name\":\"Santi e beati\",\"item\":\"https:\/\/blog.holyart.it\/it\/santi-e-beati\/\"},{\"@type\":\"ListItem\",\"position\":3,\"name\":\"Santi Cefalofori: martiri con la testa tra le mani\"}]},{\"@type\":\"WebSite\",\"@id\":\"https:\/\/blog.holyart.it\/it\/#website\",\"url\":\"https:\/\/blog.holyart.it\/it\/\",\"name\":\"Holyblog\",\"description\":\"Il Blog di Holyart.it\",\"publisher\":{\"@id\":\"https:\/\/blog.holyart.it\/it\/#organization\"},\"potentialAction\":[{\"@type\":\"SearchAction\",\"target\":{\"@type\":\"EntryPoint\",\"urlTemplate\":\"https:\/\/blog.holyart.it\/it\/?s={search_term_string}\"},\"query-input\":{\"@type\":\"PropertyValueSpecification\",\"valueRequired\":true,\"valueName\":\"search_term_string\"}}],\"inLanguage\":\"it-IT\"},{\"@type\":\"Organization\",\"@id\":\"https:\/\/blog.holyart.it\/it\/#organization\",\"name\":\"Holyblog\",\"url\":\"https:\/\/blog.holyart.it\/it\/\",\"logo\":{\"@type\":\"ImageObject\",\"inLanguage\":\"it-IT\",\"@id\":\"https:\/\/blog.holyart.it\/it\/#\/schema\/logo\/image\/\",\"url\":\"https:\/\/blog.holyart.it\/it\/wp-content\/uploads\/sites\/17\/2022\/12\/Holyart_Blog_Logo.jpg\",\"contentUrl\":\"https:\/\/blog.holyart.it\/it\/wp-content\/uploads\/sites\/17\/2022\/12\/Holyart_Blog_Logo.jpg\",\"width\":300,\"height\":50,\"caption\":\"Holyblog\"},\"image\":{\"@id\":\"https:\/\/blog.holyart.it\/it\/#\/schema\/logo\/image\/\"}},{\"@type\":\"Person\",\"@id\":\"https:\/\/blog.holyart.it\/it\/#\/schema\/person\/0a7b686e5af0f856ec1e390dd0baecda\",\"name\":\"Redazione\"}]}<\/script>\n<!-- \/ Yoast SEO plugin. -->","yoast_head_json":{"title":"Santi Cefalofori: martiri con la testa tra le mani - Holyblog","description":"Qual \u00e8 il significato di cefaloforia? Scopriamo la storia dei santi cefalofori, martiri che portarono la testa tra le mani","robots":{"index":"index","follow":"follow","max-snippet":"max-snippet:-1","max-image-preview":"max-image-preview:large","max-video-preview":"max-video-preview:-1"},"canonical":"https:\/\/blog.holyart.it\/it\/santi-e-beati\/santi-cefalofori-martiri-con-la-testa-tra-le-mani\/","og_locale":"it_IT","og_type":"article","og_title":"Santi Cefalofori: martiri con la testa tra le mani - Holyblog","og_description":"Qual \u00e8 il significato di cefaloforia? Scopriamo la storia dei santi cefalofori, martiri che portarono la testa tra le mani","og_url":"https:\/\/blog.holyart.it\/it\/santi-e-beati\/santi-cefalofori-martiri-con-la-testa-tra-le-mani\/","og_site_name":"Holyblog","article_published_time":"2025-10-20T08:00:54+00:00","og_image":[{"width":1000,"height":666,"url":"https:\/\/blog.holyart.it\/it\/wp-content\/uploads\/sites\/17\/2025\/09\/santi-cefalofori.jpg","type":"image\/jpeg"}],"author":"Redazione","twitter_card":"summary_large_image","twitter_misc":{"Scritto da":"Redazione","Tempo di lettura stimato":"11 minuti"},"schema":{"@context":"https:\/\/schema.org","@graph":[{"@type":"Article","@id":"https:\/\/blog.holyart.it\/it\/santi-e-beati\/santi-cefalofori-martiri-con-la-testa-tra-le-mani\/#article","isPartOf":{"@id":"https:\/\/blog.holyart.it\/it\/santi-e-beati\/santi-cefalofori-martiri-con-la-testa-tra-le-mani\/"},"author":{"name":"Redazione","@id":"https:\/\/blog.holyart.it\/it\/#\/schema\/person\/0a7b686e5af0f856ec1e390dd0baecda"},"headline":"Santi Cefalofori: martiri con la testa tra le mani","datePublished":"2025-10-20T08:00:54+00:00","mainEntityOfPage":{"@id":"https:\/\/blog.holyart.it\/it\/santi-e-beati\/santi-cefalofori-martiri-con-la-testa-tra-le-mani\/"},"wordCount":1848,"publisher":{"@id":"https:\/\/blog.holyart.it\/it\/#organization"},"image":{"@id":"https:\/\/blog.holyart.it\/it\/santi-e-beati\/santi-cefalofori-martiri-con-la-testa-tra-le-mani\/#primaryimage"},"thumbnailUrl":"https:\/\/blog.holyart.it\/it\/wp-content\/uploads\/sites\/17\/2025\/09\/santi-cefalofori.jpg","articleSection":["Santi e beati"],"inLanguage":"it-IT"},{"@type":"WebPage","@id":"https:\/\/blog.holyart.it\/it\/santi-e-beati\/santi-cefalofori-martiri-con-la-testa-tra-le-mani\/","url":"https:\/\/blog.holyart.it\/it\/santi-e-beati\/santi-cefalofori-martiri-con-la-testa-tra-le-mani\/","name":"Santi Cefalofori: martiri con la testa tra le mani - Holyblog","isPartOf":{"@id":"https:\/\/blog.holyart.it\/it\/#website"},"primaryImageOfPage":{"@id":"https:\/\/blog.holyart.it\/it\/santi-e-beati\/santi-cefalofori-martiri-con-la-testa-tra-le-mani\/#primaryimage"},"image":{"@id":"https:\/\/blog.holyart.it\/it\/santi-e-beati\/santi-cefalofori-martiri-con-la-testa-tra-le-mani\/#primaryimage"},"thumbnailUrl":"https:\/\/blog.holyart.it\/it\/wp-content\/uploads\/sites\/17\/2025\/09\/santi-cefalofori.jpg","datePublished":"2025-10-20T08:00:54+00:00","description":"Qual \u00e8 il significato di cefaloforia? Scopriamo la storia dei santi cefalofori, martiri che portarono la testa tra le mani","breadcrumb":{"@id":"https:\/\/blog.holyart.it\/it\/santi-e-beati\/santi-cefalofori-martiri-con-la-testa-tra-le-mani\/#breadcrumb"},"inLanguage":"it-IT","potentialAction":[{"@type":"ReadAction","target":["https:\/\/blog.holyart.it\/it\/santi-e-beati\/santi-cefalofori-martiri-con-la-testa-tra-le-mani\/"]}]},{"@type":"ImageObject","inLanguage":"it-IT","@id":"https:\/\/blog.holyart.it\/it\/santi-e-beati\/santi-cefalofori-martiri-con-la-testa-tra-le-mani\/#primaryimage","url":"https:\/\/blog.holyart.it\/it\/wp-content\/uploads\/sites\/17\/2025\/09\/santi-cefalofori.jpg","contentUrl":"https:\/\/blog.holyart.it\/it\/wp-content\/uploads\/sites\/17\/2025\/09\/santi-cefalofori.jpg","width":1000,"height":666,"caption":"qual \u00e8 il significato di cefaloforia"},{"@type":"BreadcrumbList","@id":"https:\/\/blog.holyart.it\/it\/santi-e-beati\/santi-cefalofori-martiri-con-la-testa-tra-le-mani\/#breadcrumb","itemListElement":[{"@type":"ListItem","position":1,"name":"Homepage","item":"https:\/\/blog.holyart.it\/it\/"},{"@type":"ListItem","position":2,"name":"Santi e beati","item":"https:\/\/blog.holyart.it\/it\/santi-e-beati\/"},{"@type":"ListItem","position":3,"name":"Santi Cefalofori: martiri con la testa tra le mani"}]},{"@type":"WebSite","@id":"https:\/\/blog.holyart.it\/it\/#website","url":"https:\/\/blog.holyart.it\/it\/","name":"Holyblog","description":"Il Blog di Holyart.it","publisher":{"@id":"https:\/\/blog.holyart.it\/it\/#organization"},"potentialAction":[{"@type":"SearchAction","target":{"@type":"EntryPoint","urlTemplate":"https:\/\/blog.holyart.it\/it\/?s={search_term_string}"},"query-input":{"@type":"PropertyValueSpecification","valueRequired":true,"valueName":"search_term_string"}}],"inLanguage":"it-IT"},{"@type":"Organization","@id":"https:\/\/blog.holyart.it\/it\/#organization","name":"Holyblog","url":"https:\/\/blog.holyart.it\/it\/","logo":{"@type":"ImageObject","inLanguage":"it-IT","@id":"https:\/\/blog.holyart.it\/it\/#\/schema\/logo\/image\/","url":"https:\/\/blog.holyart.it\/it\/wp-content\/uploads\/sites\/17\/2022\/12\/Holyart_Blog_Logo.jpg","contentUrl":"https:\/\/blog.holyart.it\/it\/wp-content\/uploads\/sites\/17\/2022\/12\/Holyart_Blog_Logo.jpg","width":300,"height":50,"caption":"Holyblog"},"image":{"@id":"https:\/\/blog.holyart.it\/it\/#\/schema\/logo\/image\/"}},{"@type":"Person","@id":"https:\/\/blog.holyart.it\/it\/#\/schema\/person\/0a7b686e5af0f856ec1e390dd0baecda","name":"Redazione"}]}},"_links":{"self":[{"href":"https:\/\/blog.holyart.it\/it\/wp-json\/wp\/v2\/posts\/22604","targetHints":{"allow":["GET"]}}],"collection":[{"href":"https:\/\/blog.holyart.it\/it\/wp-json\/wp\/v2\/posts"}],"about":[{"href":"https:\/\/blog.holyart.it\/it\/wp-json\/wp\/v2\/types\/post"}],"author":[{"embeddable":true,"href":"https:\/\/blog.holyart.it\/it\/wp-json\/wp\/v2\/users\/1"}],"replies":[{"embeddable":true,"href":"https:\/\/blog.holyart.it\/it\/wp-json\/wp\/v2\/comments?post=22604"}],"version-history":[{"count":4,"href":"https:\/\/blog.holyart.it\/it\/wp-json\/wp\/v2\/posts\/22604\/revisions"}],"predecessor-version":[{"id":22614,"href":"https:\/\/blog.holyart.it\/it\/wp-json\/wp\/v2\/posts\/22604\/revisions\/22614"}],"wp:featuredmedia":[{"embeddable":true,"href":"https:\/\/blog.holyart.it\/it\/wp-json\/wp\/v2\/media\/22612"}],"wp:attachment":[{"href":"https:\/\/blog.holyart.it\/it\/wp-json\/wp\/v2\/media?parent=22604"}],"wp:term":[{"taxonomy":"category","embeddable":true,"href":"https:\/\/blog.holyart.it\/it\/wp-json\/wp\/v2\/categories?post=22604"},{"taxonomy":"post_tag","embeddable":true,"href":"https:\/\/blog.holyart.it\/it\/wp-json\/wp\/v2\/tags?post=22604"}],"curies":[{"name":"wp","href":"https:\/\/api.w.org\/{rel}","templated":true}]}}