{"id":22590,"date":"2025-11-05T10:00:55","date_gmt":"2025-11-05T09:00:55","guid":{"rendered":"https:\/\/blog.holyart.it\/it\/?p=22590"},"modified":"2025-09-30T10:22:43","modified_gmt":"2025-09-30T08:22:43","slug":"lanno-dei-tre-papi-lincredibile-estate-del-1978","status":"publish","type":"post","link":"https:\/\/blog.holyart.it\/it\/articoli-religiosi\/lanno-dei-tre-papi-lincredibile-estate-del-1978\/","title":{"rendered":"L&#8217;anno dei tre papi: l&#8217;incredibile estate del 1978"},"content":{"rendered":"<h4>1978, l&#8217;anno dei tre papi: un\u2019estate irripetibile in cui Montini, Luciani e Wojtyla cambiarono per sempre il volto della Chiesa<\/h4>\n\n<p>La storia della chiesa cattolica moderna non ci ha risparmiato avvenimenti sconvolgenti e momenti di impareggiabile pathos e solennit\u00e0. In un mondo che cambia sempre pi\u00f9 rapidamente e impone sfide continue, la chiesa ha subito stravolgimenti che l&#8217;hanno costretta a cambiare, pur senza perdere la sua pi\u00f9 intima missione di speranza e salvezza. Restano immagini, momenti iconici impressi nella memoria collettiva: Papa Giovanni Paolo II che si accascia colpito da due colpi di pistola il 13 maggio 1981; <a href=\"https:\/\/www.holyart.it\/blog\/articoli-religiosi\/che-cose-la-preghiera-dello-angelus\/\"><strong>l&#8217;Angelus di Papa Francesco<\/strong><\/a> in una Piazza San Pietro deserta sotto la pioggia durante la pandemia di COVID. Pochi eventi hanno segnato l&#8217;immaginario collettivo quanto l&#8217;incredibile sequenza di avvenimenti che determin\u00f2 <strong>l&#8217;anno dei tre papi<\/strong>. Era il 1978 e, in poco pi\u00f9 di due mesi, la Chiesa cattolica visse una delle sue stagioni pi\u00f9 drammatiche e cariche di implicazioni sul piano sociale e politico, oltre che spirituale. Parliamo di un periodo turbolento, caratterizzato dai mutamenti spesso controversi definiti dall&#8217;appena concluso Concilio Vaticano II (1962-1965), dalle contestazioni giovanili, dai profondi mutamenti sociali e culturali del periodo, come il movimento del &#8217;68, ma anche da fatti storici di assoluta gravit\u00e0, come il rapimento e l&#8217;omicidio del presidente della DC Aldo Moro a opera delle Brigate Rosse, proprio nel maggio del 1978. Nel giro di pochi mesi ben tre uomini si succedettero sul trono di Pietro, lasciando, ciascuno a suo modo, un segno forte e significativo nella memoria del mondo intero. Non si \u00e8 trattato solo di una semplice successione papale: \u00e8 stata un momento di svolta che ha ridefinito il volto del Vaticano e della chiesa universale per i decenni a venire.<\/p>\n<div class=\"link-article\">\n<p><img loading=\"lazy\" decoding=\"async\" class=\"size-full wp-image-22593 alignleft\" src=\"https:\/\/blog.holyart.it\/it\/wp-content\/uploads\/sites\/17\/2025\/09\/preghiera-angelus-papa-francesco.jpg\" alt=\"preghiera angelus papa francesco\" width=\"150\" height=\"99\" data-kale-share-title=\"L\u2019anno dei tre papi: l\u2019incredibile estate del 1978\" data-kale-share-url=\"https:\/\/blog.holyart.it\/it\/?p=22590\" \/><\/p>\n<div class=\"leggi-anche\">Leggi anche:<\/div>\n<p><strong><a href=\"https:\/\/www.holyart.it\/blog\/articoli-religiosi\/che-cose-la-preghiera-dello-angelus\/\">Che cos\u2019\u00e8 la preghiera dell\u2019Angelus<\/a><\/strong><br \/>\nL\u2019Angelus, da preghiera mariana a benedizione papale. Un momento di devozione e dialogo tra il Pontefice e i fedeli&#8230;<\/p>\n<\/div>\n<p>Per comprendere appieno la portata di questi eventi, dobbiamo immergerci nelle storie intrecciate di queste tre personalit\u00e0 straordinarie:\u00a0<strong>Giovanni Battista Montini<\/strong>\u00a0(Paolo VI),\u00a0<strong>Albino Luciani<\/strong>\u00a0(Giovanni Paolo I) e\u00a0<a href=\"https:\/\/www.holyart.it\/it\/occasioni-speciali\/giovanni-paolo-ii\"><strong>Karol Wojtyla<\/strong><\/a>\u00a0(Giovanni Paolo II). Tre uomini diversi per storia, indole e carattere, ma ciascuno portatore di una visione unica del ministero petrino. L&#8217;anno dei tre papi ci conduce attraverso un ventaglio di vicende storiche, mutamenti sociali, avvenimenti tragici e segnanti, ma ci mostra anche un caleidoscopio di emozioni umane, delle quali i tre pontefici sono stati portatori. Un&#8217;epoca si \u00e8 conclusa davanti ai loro occhi, e a loro \u00e8 stato dato l&#8217;onere di portare avanti la speranza di un nuovo inizio.<\/p>\n<div class=\"link-product\">\n<div class=\"blocco-immagine\"><img loading=\"lazy\" decoding=\"async\" class=\"size-full wp-image-22594 alignleft\" src=\"https:\/\/blog.holyart.it\/it\/wp-content\/uploads\/sites\/17\/2025\/09\/papa-giovanni-paolo-ii-con-mitria-dipinto-manto-oro-legno-valgardena.jpg\" alt=\"papa giovanni paolo ii con mitria dipinto manto oro legno valgardena\" width=\"100\" height=\"100\" data-kale-share-title=\"L\u2019anno dei tre papi: l\u2019incredibile estate del 1978\" data-kale-share-url=\"https:\/\/blog.holyart.it\/it\/?p=22590\" \/><\/div>\n<div class=\"blocco-contenuto\">\n<div class=\"blocco-acquista\">Acquista su Holyart:<\/div>\n<div class=\"blocco-titolo\"><a href=\"https:\/\/www.holyart.it\/it\/occasioni-speciali\/giovanni-paolo-ii\">Giovanni Paolo II<\/a><\/div>\n<div class=\"blocco-descrizione\">Giovanni Paolo II: in occasione della sua beatificazione abbiamo creato un reparto interamente dedicato a lui.<\/div>\n<\/div>\n<\/div>\n<h2>Qual \u00e8 l&#8217;anno dei tre papi?<\/h2>\n<p>L&#8217;anno dei tre papi \u00e8 il 1978, un anno che ha segnato per sempre la storia della Chiesa cattolica attraverso una sequenza di eventi senza precedenti. Il 1978 \u00e8 stato un anno cruciale per la storia dell&#8217;Italia e del mondo intero. Oltre al gi\u00e0 citato rapimento e all&#8217;uccisione di Aldo Moro, avvenimento che sconvolse l&#8217;opinione pubblica e mise in crisi l&#8217;intero sistema politico nazionale, vennero emesse leggi rivoluzionarie, fino a poco tempo prima, che avrebbero cambiato in modo radicale la vita nel nostro paese. Pensiamo alla Legge Basaglia, sulla chiusura dei manicomi, o quella sulla legalizzazione dell&#8217;aborto. Contestualmente nel mondo si conoscevano nuove forme di libert\u00e0 inconcepibili fino a poco prima, rivendicate dai movimenti culturali e di protesta del \u201968.<\/p>\n<p>Ebbene, quello che poteva sembrare un normale passaggio di consegne, nel 1978 divenne invece una stagione irripetibile per tutta la cristianit\u00e0. In poche settimane, tre papi si avvicendarono sul trono di Pietro, e ognuno port\u00f2 con s\u00e9 un<strong>\u00a0volto diverso della Chiesa<\/strong>: Paolo VI, custode saggio delle riforme conciliari; Giovanni Paolo I, pastore mite e sorridente, capace di parlare con semplicit\u00e0 al cuore della gente; Giovanni Paolo II, giovane e carismatico, che avrebbe spalancato al papato una dimensione globale.<br \/>\nRoma, in quei mesi, si trasform\u00f2 nel centro del mondo. <a href=\"https:\/\/www.holyart.it\/blog\/articoli-religiosi\/come-si-elegge-un-papa-il-ruolo-del-conclave-e-i-segreti-del-rito\/\"><strong>Le fumate che salivano dalla Cappella Sistina<\/strong><\/a> divennero immagini planetarie, i conclavi si susseguirono con ritmo incalzante, e l\u2019attenzione dei media fiss\u00f2 il Vaticano come mai prima. Sullo sfondo, un mondo diviso dalla Guerra Fredda guardava a questi avvicendamenti con trepidazione, leggendo in essi segni di continuit\u00e0, di speranza e di cambiamento.<\/p>\n<div class=\"link-article\">\n<p><img loading=\"lazy\" decoding=\"async\" class=\"size-full wp-image-22596 alignleft\" src=\"https:\/\/blog.holyart.it\/it\/wp-content\/uploads\/sites\/17\/2025\/09\/come-si-elegge-un-papa-conclave.jpg\" alt=\"come si elegge un papa conclave\" width=\"150\" height=\"99\" data-kale-share-title=\"L\u2019anno dei tre papi: l\u2019incredibile estate del 1978\" data-kale-share-url=\"https:\/\/blog.holyart.it\/it\/?p=22590\" \/><\/p>\n<div class=\"leggi-anche\">Leggi anche:<\/div>\n<p><strong><a href=\"https:\/\/www.holyart.it\/blog\/articoli-religiosi\/come-si-elegge-un-papa-il-ruolo-del-conclave-e-i-segreti-del-rito\/\">Come si elegge un Papa: il ruolo del Conclave e i segreti del rito<\/a><\/strong><br \/>\nCome si elegge un Papa. Storia, tradizione e mistero di un rito antico: il Conclave&#8230;<\/p>\n<\/div>\n<p>La morte improvvisa di Albino Luciani lasci\u00f2 domande senza risposta e un rimpianto struggente: nei suoi soli trentatr\u00e9 giorni di pontificato aveva mostrato una Chiesa vicina, affettuosa, libera dai formalismi, e molti si chiesero quale strada avrebbe potuto tracciare se il tempo gli fosse stato concesso. Poi, con Wojtyla, il papato prese il respiro del mondo intero: viaggi, incontri, parole che varcarono confini politici e spirituali, segnando un\u2019epoca.<br \/>\nGuardando a quell\u2019estate, emerge una lezione antica e sempre nuova: la fragilit\u00e0 degli uomini e la forza delle istituzioni. Tre papi cos\u00ec diversi, eppure ognuno capace di consegnare alla storia un frammento di s\u00e9, un lascito che ancora oggi illumina la memoria della Chiesa. L\u2019anno dei tre papi resta per questo un simbolo: ci ricorda che la storia pu\u00f2 correre, bruciando in poche settimane trasformazioni che, di solito, richiedono generazioni.<\/p>\n<h2>Paolo VI: Giovanni Battista Montini e il tramonto di un\u2019epoca<\/h2>\n<p>Il primo protagonista di questa incredibile vicenda fu\u00a0<a href=\"https:\/\/www.holyart.it\/blog\/articoli-religiosi\/papa-paolo-vi-il-29-maggio-si-festeggia-la-sua-memoria\/\"><strong>Paolo VI<\/strong><\/a>, al secolo Giovanni Battista Montini, eletto al soglio pontificio il 21 giugno 1963, e che concluse il suo pontificato il 6 agosto 1978, dopo quindici anni di guida della Chiesa. Paolo VI \u00e8 stato Papa in uno dei periodi pi\u00f9 turbolenti della storia moderna, non solo di quella ecclesiale. Sua l&#8217;incombenza di mettere in pratica le riforme promulgate durante il\u00a0<strong>Concilio Vaticano II<\/strong>, ma anche di\u00a0affrontare i\u00a0<strong>mutamenti di una societ\u00e0 in fermento<\/strong>, sconvolta da trasformazioni epocali. Si fece carico di aprire un\u00a0<strong>rinnovato dialogo tra chiesa e contemporaneit\u00e0<\/strong>, e, con coraggio, seppe scoprire nuove strade nel rapporto con il mondo moderno, promuovendo la pace, l\u2019unit\u00e0 e la\u00a0<strong><em>civilt\u00e0 dell\u2019amore<\/em><\/strong>. Questa espressione, da lui introdotta durante la Pentecoste del 1970, indicava proprio la via per un mondo fondato su pace e fraternit\u00e0, in cui la Chiesa avrebbe dovuto farsi voce del Vangelo, ma soprattutto identificarsi con la causa dell\u2019uomo, promuovendo comunione e universalit\u00e0.<\/p>\n<p>Paolo VI mor\u00ec il 6 agosto 1978, all&#8217;et\u00e0 di 80 anni, a causa di un edema polmonare. Gli successe Giovanni Paolo I, &#8220;il Papa buono&#8221;.<\/p>\n<div class=\"link-article\">\n<p><img loading=\"lazy\" decoding=\"async\" class=\"size-full wp-image-22598 alignleft\" src=\"https:\/\/blog.holyart.it\/it\/wp-content\/uploads\/sites\/17\/2025\/09\/Papa-Paolo-VI-29-maggio.jpg\" alt=\"Papa Paolo VI 29 maggio\" width=\"150\" height=\"99\" data-kale-share-title=\"L\u2019anno dei tre papi: l\u2019incredibile estate del 1978\" data-kale-share-url=\"https:\/\/blog.holyart.it\/it\/?p=22590\" \/><\/p>\n<div class=\"leggi-anche\">Leggi anche:<\/div>\n<p><strong><a href=\"https:\/\/www.holyart.it\/blog\/articoli-religiosi\/papa-paolo-vi-il-29-maggio-si-festeggia-la-sua-memoria\/\">Papa Paolo VI, il 29 maggio si festeggia la sua memoria<\/a><\/strong><br \/>\nPapa Paolo VI fu un uomo riservato e cortese, dall\u2019intelletto raffinato e dalla grande profondit\u00e0 spirituale&#8230;<\/p>\n<\/div>\n<h2>Giovanni Paolo I: il Papa del sorriso<\/h2>\n<p><strong>Giovanni Paolo I<\/strong>, nato Albino Luciani nel 1912, era patriarca di Venezia, durante il pontificato di Paolo VI. Alla morte di quest&#8217;ultimo venne eletto papa il 26 agosto 1978, e scelse i nomi dei suoi due predecessori, Paolo VI e Giovanni XXIII. La sua\u00a0<strong>semplicit\u00e0 e la sua umanit\u00e0 disarmante<\/strong>\u00a0gli meritarono il soprannome di \u201cPapa buono\u201d o \u201c<a href=\"https:\/\/www.holyart.it\/blog\/articoli-religiosi\/la-preghiera-contro-la-depressione-alla-madonna-del-sorriso\/\"><strong>Papa del sorriso<\/strong><\/a>\u201d. Giovanni Paolo I aveva vissuto in prima persona i drammi del Novecento. Da sempre oppositore del fascismo, durante la Seconda guerra mondiale era stato educatore in seminario, mentre suo fratello era arruolato soldato. Proprio il dolore vissuto in prima persona in quegli anni difficili gli fece maturare\u00a0<strong>una profonda sensibilit\u00e0 verso le sofferenze di chiunque e un forte rifiuto dei totalitarismi<\/strong>, rendendolo un pastore mite e vicino alla gente comune. Il suo stile evangelico fatto di <strong>semplicit\u00e0, umanit\u00e0 e attenzione concreta ai pi\u00f9 fragili\u00a0<\/strong>gli fecero conquistare subito il cuore dei fedeli. Sfortunatamente, il suo pontificato dur\u00f2 appena 33 giorni. Il 28 settembre 1978 Giovanni Paolo I mor\u00ec. La sua figura rimane simbolo di umilt\u00e0, tenerezza e vicinanza al popolo, un segno luminoso e fragile nella storia della Chiesa.<\/p>\n<div class=\"link-article\">\n<p><img loading=\"lazy\" decoding=\"async\" class=\"size-full wp-image-22599 alignleft\" src=\"https:\/\/blog.holyart.it\/it\/wp-content\/uploads\/sites\/17\/2025\/09\/madonna-del-sorriso.jpg\" alt=\"madonna del sorriso\" width=\"150\" height=\"99\" data-kale-share-title=\"L\u2019anno dei tre papi: l\u2019incredibile estate del 1978\" data-kale-share-url=\"https:\/\/blog.holyart.it\/it\/?p=22590\" \/><\/p>\n<div class=\"leggi-anche\">Leggi anche:<\/div>\n<p><strong><a href=\"https:\/\/www.holyart.it\/blog\/articoli-religiosi\/la-preghiera-contro-la-depressione-alla-madonna-del-sorriso\/\">La preghiera contro la depressione alla Madonna del Sorriso<\/a><\/strong><br \/>\nCom\u2019\u00e8 nata la preghiera contro la depressione e chi \u00e8 stato il primo a manifestare la propria devozione&#8230;<\/p>\n<\/div>\n<p>Nonostante la brevit\u00e0 del suo papato, la sua improvvisa scomparsa scosse profondamente la Chiesa e il mondo intero, lasciando un vuoto che sembrava impossibile da colmare. Le circostanze della sua morte, bench\u00e9 attribuite ufficialmente a un infarto del miocardio, hanno alimentato nel tempo numerose speculazioni e teorie, che hanno rischiato di minare le nuove fondamenta della chiesa moderna tanto faticosamente gettate dal suo predecessore Paolo VI. Per fortuna, l&#8217;elezione di Karol Wojtyla port\u00f2 una nuova rivoluzione e, nello stesso tempo, nuova stabilit\u00e0.<\/p>\n<h2>Giovanni Paolo II: il Papa che disse \u201cNon abbiate paura\u201d<\/h2>\n<p>Il 16 ottobre 1978, il conclave scelse un nome che avrebbe risuonato nel mondo per decenni:\u00a0<strong>Karol Wojtyla<\/strong>, arcivescovo di Cracovia, che sal\u00ec al soglio pontificio col nome di\u00a0<a href=\"https:\/\/www.holyart.it\/blog\/santi-e-beati\/papa-giovanni-paolo-ii-10-curiosita-potresti-non-conoscere\/\"><strong>Giovanni Paolo II<\/strong><\/a>. Per la prima volta dopo quasi cinque secoli, un uomo non italiano saliva al soglio di Pietro. Ma non era la sua origine polacca il vero segno dirompente:\u00a0<strong>era lui stesso, con la sua giovinezza vigorosa, lo sguardo luminoso, la mente nutrita di filosofia, teatro e poesia.<\/strong><br \/>\nQuando si affacci\u00f2 su Piazza San Pietro e disse con voce ferma:\u00a0<em>\u00abNon abbiate paura\u00bb<\/em>, la folla comprese che stava iniziando una nuova stagione. In quelle parole vibrava la forza di chi aveva conosciuto sulla propria pelle i totalitarismi del Novecento, il nazismo e il comunismo, e ne era uscito con una fede temprata, sensibile alla libert\u00e0, ai diritti, alla dignit\u00e0 dell\u2019uomo. Con Wojtyla,\u00a0<strong>il papato si fece viaggio, incontro, testimonianza viva<\/strong>: non pi\u00f9 chiuso nelle stanze del Vaticano, ma in cammino tra i popoli e le strade del mondo.<\/p>\n<div class=\"link-article\">\n<p><img loading=\"lazy\" decoding=\"async\" class=\"size-full wp-image-22600 alignleft\" src=\"https:\/\/blog.holyart.it\/it\/wp-content\/uploads\/sites\/17\/2025\/09\/10-curiosita-su-Papa-Giovanni-Paolo-II.jpg\" alt=\"10 curiosit\u00e0 su Papa Giovanni Paolo II\" width=\"150\" height=\"99\" data-kale-share-title=\"L\u2019anno dei tre papi: l\u2019incredibile estate del 1978\" data-kale-share-url=\"https:\/\/blog.holyart.it\/it\/?p=22590\" \/><\/p>\n<div class=\"leggi-anche\">Leggi anche:<\/div>\n<p><strong><a href=\"https:\/\/www.holyart.it\/blog\/santi-e-beati\/papa-giovanni-paolo-ii-10-curiosita-potresti-non-conoscere\/\">Papa Giovanni Paolo II: 10 curiosit\u00e0 che potresti non conoscere<\/a><\/strong><br \/>\nPapa Giovanni Paolo II, o Papa Wojtyla, ha segnato col suo Pontificato la storia del XX secolo. Ha retto le sorti&#8230;<\/p>\n<\/div>\n","protected":false},"excerpt":{"rendered":"<p>1978, l&#8217;anno dei tre papi: un\u2019estate irripetibile in cui Montini, Luciani e Wojtyla cambiarono per sempre il volto della Chiesa La storia della chiesa cattolica moderna non ci ha risparmiato avvenimenti sconvolgenti e momenti di impareggiabile pathos e solennit\u00e0. In un mondo che cambia sempre&hellip;<\/p>\n","protected":false},"author":1,"featured_media":22602,"comment_status":"closed","ping_status":"open","sticky":false,"template":"","format":"standard","meta":{"_acf_changed":false,"footnotes":""},"categories":[16],"tags":[],"class_list":["post-22590","post","type-post","status-publish","format-standard","has-post-thumbnail","hentry","category-articoli-religiosi"],"acf":[],"yoast_head":"<!-- This site is optimized with the Yoast SEO plugin v26.6 - https:\/\/yoast.com\/wordpress\/plugins\/seo\/ -->\n<title>L&#039;anno dei tre papi: l&#039;incredibile estate del 1978 - Holyblog<\/title>\n<meta name=\"description\" content=\"1978, l&#039;anno dei tre papi: un\u2019estate irripetibile in cui Montini, Luciani e Wojtyla cambiarono per sempre il volto della Chiesa\" \/>\n<meta name=\"robots\" content=\"index, follow, max-snippet:-1, max-image-preview:large, max-video-preview:-1\" \/>\n<link rel=\"canonical\" href=\"https:\/\/blog.holyart.it\/it\/articoli-religiosi\/lanno-dei-tre-papi-lincredibile-estate-del-1978\/\" \/>\n<meta property=\"og:locale\" content=\"it_IT\" \/>\n<meta property=\"og:type\" content=\"article\" \/>\n<meta property=\"og:title\" content=\"L&#039;anno dei tre papi: l&#039;incredibile estate del 1978 - Holyblog\" \/>\n<meta property=\"og:description\" content=\"1978, l&#039;anno dei tre papi: un\u2019estate irripetibile in cui Montini, Luciani e Wojtyla cambiarono per sempre il volto della Chiesa\" \/>\n<meta property=\"og:url\" content=\"https:\/\/blog.holyart.it\/it\/articoli-religiosi\/lanno-dei-tre-papi-lincredibile-estate-del-1978\/\" \/>\n<meta property=\"og:site_name\" content=\"Holyblog\" \/>\n<meta property=\"article:published_time\" content=\"2025-11-05T09:00:55+00:00\" \/>\n<meta property=\"og:image\" content=\"https:\/\/blog.holyart.it\/it\/wp-content\/uploads\/sites\/17\/2025\/09\/anno-dei-tre-papi.jpg\" \/>\n\t<meta property=\"og:image:width\" content=\"1000\" \/>\n\t<meta property=\"og:image:height\" content=\"666\" \/>\n\t<meta property=\"og:image:type\" content=\"image\/jpeg\" \/>\n<meta name=\"author\" content=\"Redazione\" \/>\n<meta name=\"twitter:card\" content=\"summary_large_image\" \/>\n<meta name=\"twitter:label1\" content=\"Scritto da\" \/>\n\t<meta name=\"twitter:data1\" content=\"Redazione\" \/>\n\t<meta name=\"twitter:label2\" content=\"Tempo di lettura stimato\" \/>\n\t<meta name=\"twitter:data2\" content=\"11 minuti\" \/>\n<script type=\"application\/ld+json\" class=\"yoast-schema-graph\">{\"@context\":\"https:\/\/schema.org\",\"@graph\":[{\"@type\":\"Article\",\"@id\":\"https:\/\/blog.holyart.it\/it\/articoli-religiosi\/lanno-dei-tre-papi-lincredibile-estate-del-1978\/#article\",\"isPartOf\":{\"@id\":\"https:\/\/blog.holyart.it\/it\/articoli-religiosi\/lanno-dei-tre-papi-lincredibile-estate-del-1978\/\"},\"author\":{\"name\":\"Redazione\",\"@id\":\"https:\/\/blog.holyart.it\/it\/#\/schema\/person\/0a7b686e5af0f856ec1e390dd0baecda\"},\"headline\":\"L&#8217;anno dei tre papi: l&#8217;incredibile estate del 1978\",\"datePublished\":\"2025-11-05T09:00:55+00:00\",\"mainEntityOfPage\":{\"@id\":\"https:\/\/blog.holyart.it\/it\/articoli-religiosi\/lanno-dei-tre-papi-lincredibile-estate-del-1978\/\"},\"wordCount\":1616,\"publisher\":{\"@id\":\"https:\/\/blog.holyart.it\/it\/#organization\"},\"image\":{\"@id\":\"https:\/\/blog.holyart.it\/it\/articoli-religiosi\/lanno-dei-tre-papi-lincredibile-estate-del-1978\/#primaryimage\"},\"thumbnailUrl\":\"https:\/\/blog.holyart.it\/it\/wp-content\/uploads\/sites\/17\/2025\/09\/anno-dei-tre-papi.jpg\",\"articleSection\":[\"Religione\"],\"inLanguage\":\"it-IT\"},{\"@type\":\"WebPage\",\"@id\":\"https:\/\/blog.holyart.it\/it\/articoli-religiosi\/lanno-dei-tre-papi-lincredibile-estate-del-1978\/\",\"url\":\"https:\/\/blog.holyart.it\/it\/articoli-religiosi\/lanno-dei-tre-papi-lincredibile-estate-del-1978\/\",\"name\":\"L'anno dei tre papi: l'incredibile estate del 1978 - Holyblog\",\"isPartOf\":{\"@id\":\"https:\/\/blog.holyart.it\/it\/#website\"},\"primaryImageOfPage\":{\"@id\":\"https:\/\/blog.holyart.it\/it\/articoli-religiosi\/lanno-dei-tre-papi-lincredibile-estate-del-1978\/#primaryimage\"},\"image\":{\"@id\":\"https:\/\/blog.holyart.it\/it\/articoli-religiosi\/lanno-dei-tre-papi-lincredibile-estate-del-1978\/#primaryimage\"},\"thumbnailUrl\":\"https:\/\/blog.holyart.it\/it\/wp-content\/uploads\/sites\/17\/2025\/09\/anno-dei-tre-papi.jpg\",\"datePublished\":\"2025-11-05T09:00:55+00:00\",\"description\":\"1978, l'anno dei tre papi: un\u2019estate irripetibile in cui Montini, Luciani e Wojtyla cambiarono per sempre il volto della Chiesa\",\"breadcrumb\":{\"@id\":\"https:\/\/blog.holyart.it\/it\/articoli-religiosi\/lanno-dei-tre-papi-lincredibile-estate-del-1978\/#breadcrumb\"},\"inLanguage\":\"it-IT\",\"potentialAction\":[{\"@type\":\"ReadAction\",\"target\":[\"https:\/\/blog.holyart.it\/it\/articoli-religiosi\/lanno-dei-tre-papi-lincredibile-estate-del-1978\/\"]}]},{\"@type\":\"ImageObject\",\"inLanguage\":\"it-IT\",\"@id\":\"https:\/\/blog.holyart.it\/it\/articoli-religiosi\/lanno-dei-tre-papi-lincredibile-estate-del-1978\/#primaryimage\",\"url\":\"https:\/\/blog.holyart.it\/it\/wp-content\/uploads\/sites\/17\/2025\/09\/anno-dei-tre-papi.jpg\",\"contentUrl\":\"https:\/\/blog.holyart.it\/it\/wp-content\/uploads\/sites\/17\/2025\/09\/anno-dei-tre-papi.jpg\",\"width\":1000,\"height\":666,\"caption\":\"anno dei tre papi\"},{\"@type\":\"BreadcrumbList\",\"@id\":\"https:\/\/blog.holyart.it\/it\/articoli-religiosi\/lanno-dei-tre-papi-lincredibile-estate-del-1978\/#breadcrumb\",\"itemListElement\":[{\"@type\":\"ListItem\",\"position\":1,\"name\":\"Homepage\",\"item\":\"https:\/\/blog.holyart.it\/it\/\"},{\"@type\":\"ListItem\",\"position\":2,\"name\":\"Religione\",\"item\":\"https:\/\/blog.holyart.it\/it\/articoli-religiosi\/\"},{\"@type\":\"ListItem\",\"position\":3,\"name\":\"L&#8217;anno dei tre papi: l&#8217;incredibile estate del 1978\"}]},{\"@type\":\"WebSite\",\"@id\":\"https:\/\/blog.holyart.it\/it\/#website\",\"url\":\"https:\/\/blog.holyart.it\/it\/\",\"name\":\"Holyblog\",\"description\":\"Il Blog di Holyart.it\",\"publisher\":{\"@id\":\"https:\/\/blog.holyart.it\/it\/#organization\"},\"potentialAction\":[{\"@type\":\"SearchAction\",\"target\":{\"@type\":\"EntryPoint\",\"urlTemplate\":\"https:\/\/blog.holyart.it\/it\/?s={search_term_string}\"},\"query-input\":{\"@type\":\"PropertyValueSpecification\",\"valueRequired\":true,\"valueName\":\"search_term_string\"}}],\"inLanguage\":\"it-IT\"},{\"@type\":\"Organization\",\"@id\":\"https:\/\/blog.holyart.it\/it\/#organization\",\"name\":\"Holyblog\",\"url\":\"https:\/\/blog.holyart.it\/it\/\",\"logo\":{\"@type\":\"ImageObject\",\"inLanguage\":\"it-IT\",\"@id\":\"https:\/\/blog.holyart.it\/it\/#\/schema\/logo\/image\/\",\"url\":\"https:\/\/blog.holyart.it\/it\/wp-content\/uploads\/sites\/17\/2022\/12\/Holyart_Blog_Logo.jpg\",\"contentUrl\":\"https:\/\/blog.holyart.it\/it\/wp-content\/uploads\/sites\/17\/2022\/12\/Holyart_Blog_Logo.jpg\",\"width\":300,\"height\":50,\"caption\":\"Holyblog\"},\"image\":{\"@id\":\"https:\/\/blog.holyart.it\/it\/#\/schema\/logo\/image\/\"}},{\"@type\":\"Person\",\"@id\":\"https:\/\/blog.holyart.it\/it\/#\/schema\/person\/0a7b686e5af0f856ec1e390dd0baecda\",\"name\":\"Redazione\"}]}<\/script>\n<!-- \/ Yoast SEO plugin. -->","yoast_head_json":{"title":"L'anno dei tre papi: l'incredibile estate del 1978 - Holyblog","description":"1978, l'anno dei tre papi: un\u2019estate irripetibile in cui Montini, Luciani e Wojtyla cambiarono per sempre il volto della Chiesa","robots":{"index":"index","follow":"follow","max-snippet":"max-snippet:-1","max-image-preview":"max-image-preview:large","max-video-preview":"max-video-preview:-1"},"canonical":"https:\/\/blog.holyart.it\/it\/articoli-religiosi\/lanno-dei-tre-papi-lincredibile-estate-del-1978\/","og_locale":"it_IT","og_type":"article","og_title":"L'anno dei tre papi: l'incredibile estate del 1978 - Holyblog","og_description":"1978, l'anno dei tre papi: un\u2019estate irripetibile in cui Montini, Luciani e Wojtyla cambiarono per sempre il volto della Chiesa","og_url":"https:\/\/blog.holyart.it\/it\/articoli-religiosi\/lanno-dei-tre-papi-lincredibile-estate-del-1978\/","og_site_name":"Holyblog","article_published_time":"2025-11-05T09:00:55+00:00","og_image":[{"width":1000,"height":666,"url":"https:\/\/blog.holyart.it\/it\/wp-content\/uploads\/sites\/17\/2025\/09\/anno-dei-tre-papi.jpg","type":"image\/jpeg"}],"author":"Redazione","twitter_card":"summary_large_image","twitter_misc":{"Scritto da":"Redazione","Tempo di lettura stimato":"11 minuti"},"schema":{"@context":"https:\/\/schema.org","@graph":[{"@type":"Article","@id":"https:\/\/blog.holyart.it\/it\/articoli-religiosi\/lanno-dei-tre-papi-lincredibile-estate-del-1978\/#article","isPartOf":{"@id":"https:\/\/blog.holyart.it\/it\/articoli-religiosi\/lanno-dei-tre-papi-lincredibile-estate-del-1978\/"},"author":{"name":"Redazione","@id":"https:\/\/blog.holyart.it\/it\/#\/schema\/person\/0a7b686e5af0f856ec1e390dd0baecda"},"headline":"L&#8217;anno dei tre papi: l&#8217;incredibile estate del 1978","datePublished":"2025-11-05T09:00:55+00:00","mainEntityOfPage":{"@id":"https:\/\/blog.holyart.it\/it\/articoli-religiosi\/lanno-dei-tre-papi-lincredibile-estate-del-1978\/"},"wordCount":1616,"publisher":{"@id":"https:\/\/blog.holyart.it\/it\/#organization"},"image":{"@id":"https:\/\/blog.holyart.it\/it\/articoli-religiosi\/lanno-dei-tre-papi-lincredibile-estate-del-1978\/#primaryimage"},"thumbnailUrl":"https:\/\/blog.holyart.it\/it\/wp-content\/uploads\/sites\/17\/2025\/09\/anno-dei-tre-papi.jpg","articleSection":["Religione"],"inLanguage":"it-IT"},{"@type":"WebPage","@id":"https:\/\/blog.holyart.it\/it\/articoli-religiosi\/lanno-dei-tre-papi-lincredibile-estate-del-1978\/","url":"https:\/\/blog.holyart.it\/it\/articoli-religiosi\/lanno-dei-tre-papi-lincredibile-estate-del-1978\/","name":"L'anno dei tre papi: l'incredibile estate del 1978 - Holyblog","isPartOf":{"@id":"https:\/\/blog.holyart.it\/it\/#website"},"primaryImageOfPage":{"@id":"https:\/\/blog.holyart.it\/it\/articoli-religiosi\/lanno-dei-tre-papi-lincredibile-estate-del-1978\/#primaryimage"},"image":{"@id":"https:\/\/blog.holyart.it\/it\/articoli-religiosi\/lanno-dei-tre-papi-lincredibile-estate-del-1978\/#primaryimage"},"thumbnailUrl":"https:\/\/blog.holyart.it\/it\/wp-content\/uploads\/sites\/17\/2025\/09\/anno-dei-tre-papi.jpg","datePublished":"2025-11-05T09:00:55+00:00","description":"1978, l'anno dei tre papi: un\u2019estate irripetibile in cui Montini, Luciani e Wojtyla cambiarono per sempre il volto della Chiesa","breadcrumb":{"@id":"https:\/\/blog.holyart.it\/it\/articoli-religiosi\/lanno-dei-tre-papi-lincredibile-estate-del-1978\/#breadcrumb"},"inLanguage":"it-IT","potentialAction":[{"@type":"ReadAction","target":["https:\/\/blog.holyart.it\/it\/articoli-religiosi\/lanno-dei-tre-papi-lincredibile-estate-del-1978\/"]}]},{"@type":"ImageObject","inLanguage":"it-IT","@id":"https:\/\/blog.holyart.it\/it\/articoli-religiosi\/lanno-dei-tre-papi-lincredibile-estate-del-1978\/#primaryimage","url":"https:\/\/blog.holyart.it\/it\/wp-content\/uploads\/sites\/17\/2025\/09\/anno-dei-tre-papi.jpg","contentUrl":"https:\/\/blog.holyart.it\/it\/wp-content\/uploads\/sites\/17\/2025\/09\/anno-dei-tre-papi.jpg","width":1000,"height":666,"caption":"anno dei tre papi"},{"@type":"BreadcrumbList","@id":"https:\/\/blog.holyart.it\/it\/articoli-religiosi\/lanno-dei-tre-papi-lincredibile-estate-del-1978\/#breadcrumb","itemListElement":[{"@type":"ListItem","position":1,"name":"Homepage","item":"https:\/\/blog.holyart.it\/it\/"},{"@type":"ListItem","position":2,"name":"Religione","item":"https:\/\/blog.holyart.it\/it\/articoli-religiosi\/"},{"@type":"ListItem","position":3,"name":"L&#8217;anno dei tre papi: l&#8217;incredibile estate del 1978"}]},{"@type":"WebSite","@id":"https:\/\/blog.holyart.it\/it\/#website","url":"https:\/\/blog.holyart.it\/it\/","name":"Holyblog","description":"Il Blog di Holyart.it","publisher":{"@id":"https:\/\/blog.holyart.it\/it\/#organization"},"potentialAction":[{"@type":"SearchAction","target":{"@type":"EntryPoint","urlTemplate":"https:\/\/blog.holyart.it\/it\/?s={search_term_string}"},"query-input":{"@type":"PropertyValueSpecification","valueRequired":true,"valueName":"search_term_string"}}],"inLanguage":"it-IT"},{"@type":"Organization","@id":"https:\/\/blog.holyart.it\/it\/#organization","name":"Holyblog","url":"https:\/\/blog.holyart.it\/it\/","logo":{"@type":"ImageObject","inLanguage":"it-IT","@id":"https:\/\/blog.holyart.it\/it\/#\/schema\/logo\/image\/","url":"https:\/\/blog.holyart.it\/it\/wp-content\/uploads\/sites\/17\/2022\/12\/Holyart_Blog_Logo.jpg","contentUrl":"https:\/\/blog.holyart.it\/it\/wp-content\/uploads\/sites\/17\/2022\/12\/Holyart_Blog_Logo.jpg","width":300,"height":50,"caption":"Holyblog"},"image":{"@id":"https:\/\/blog.holyart.it\/it\/#\/schema\/logo\/image\/"}},{"@type":"Person","@id":"https:\/\/blog.holyart.it\/it\/#\/schema\/person\/0a7b686e5af0f856ec1e390dd0baecda","name":"Redazione"}]}},"_links":{"self":[{"href":"https:\/\/blog.holyart.it\/it\/wp-json\/wp\/v2\/posts\/22590","targetHints":{"allow":["GET"]}}],"collection":[{"href":"https:\/\/blog.holyart.it\/it\/wp-json\/wp\/v2\/posts"}],"about":[{"href":"https:\/\/blog.holyart.it\/it\/wp-json\/wp\/v2\/types\/post"}],"author":[{"embeddable":true,"href":"https:\/\/blog.holyart.it\/it\/wp-json\/wp\/v2\/users\/1"}],"replies":[{"embeddable":true,"href":"https:\/\/blog.holyart.it\/it\/wp-json\/wp\/v2\/comments?post=22590"}],"version-history":[{"count":6,"href":"https:\/\/blog.holyart.it\/it\/wp-json\/wp\/v2\/posts\/22590\/revisions"}],"predecessor-version":[{"id":22603,"href":"https:\/\/blog.holyart.it\/it\/wp-json\/wp\/v2\/posts\/22590\/revisions\/22603"}],"wp:featuredmedia":[{"embeddable":true,"href":"https:\/\/blog.holyart.it\/it\/wp-json\/wp\/v2\/media\/22602"}],"wp:attachment":[{"href":"https:\/\/blog.holyart.it\/it\/wp-json\/wp\/v2\/media?parent=22590"}],"wp:term":[{"taxonomy":"category","embeddable":true,"href":"https:\/\/blog.holyart.it\/it\/wp-json\/wp\/v2\/categories?post=22590"},{"taxonomy":"post_tag","embeddable":true,"href":"https:\/\/blog.holyart.it\/it\/wp-json\/wp\/v2\/tags?post=22590"}],"curies":[{"name":"wp","href":"https:\/\/api.w.org\/{rel}","templated":true}]}}