{"id":22574,"date":"2025-11-03T10:00:53","date_gmt":"2025-11-03T09:00:53","guid":{"rendered":"https:\/\/blog.holyart.it\/it\/?p=22574"},"modified":"2025-09-30T10:18:42","modified_gmt":"2025-09-30T08:18:42","slug":"san-martino-de-porres-chi-era-martino-della-carita","status":"publish","type":"post","link":"https:\/\/blog.holyart.it\/it\/santi-e-beati\/san-martino-de-porres-chi-era-martino-della-carita\/","title":{"rendered":"San Martino de Porres: chi era \u201cMartino della Carit\u00e0\u201d"},"content":{"rendered":"<h4>San Martino de Porres: carit\u00e0 e umilt\u00e0 come vocazione e stile di vita<\/h4>\n\n<p>Pu\u00f2 sembrare insolito parlare di santi e beati nel Per\u00f9 coloniale del XVI secolo. Eppure anche tra le strade di Lima percorse da carrozze e da folle variopinte di mercanti, schiavi liberati e nobili spagnoli, albergava la santit\u00e0. Anzi, proprio in questa citt\u00e0 e in questa epoca controversa nacque un uomo destinato a diventare il primo santo mulatto della chiesa cattolica, un esempio di carit\u00e0 e spiritualit\u00e0 cristiane che fa ancora parlare di s\u00e9. Il suo nome era\u00a0<strong>San Martin de Porres<\/strong>, conosciuto anche come\u00a0<strong>San Martino de Porres<\/strong>, e la sua vita \u00e8 stata un esempio di umilt\u00e0, compassione e amore per gli ultimi.\u00a0Nel panorama dei\u00a0<strong><a href=\"https:\/\/www.holyart.it\/blog\/santi-e-beati\/santi-americani-storie-di-fede-dal-mondo-da-non-perdere\/\">Santi Americani<\/a><\/strong>, missionari, mistici, fondatori di scuole e ospedali, che gettarono le basi della fede cattolica in America fin dal XVI secolo, San Martino de Porres \u00e8 un nome fondamentale.<\/p>\n<div class=\"link-article\">\n<p><img loading=\"lazy\" decoding=\"async\" class=\"size-full wp-image-22576 alignleft\" src=\"https:\/\/blog.holyart.it\/it\/wp-content\/uploads\/sites\/17\/2025\/09\/santi-americani.jpg\" alt=\"santi americani\" width=\"150\" height=\"99\" data-kale-share-title=\"San Martino de Porres: chi era \u201cMartino della Carit\u00e0\u201d\" data-kale-share-url=\"https:\/\/blog.holyart.it\/it\/?p=22574\" \/><\/p>\n<div class=\"leggi-anche\">Leggi anche:<\/div>\n<p><strong><a href=\"https:\/\/www.holyart.it\/blog\/santi-e-beati\/santi-americani-storie-di-fede-dal-mondo-da-non-perdere\/\">Santi americani: storie di fede dal mondo da non perdere<\/a><\/strong><br \/>\nMissionari, mistici, fondatori di scuole e ospedali, i Santi americani hanno gettato le basi della fede cattolica&#8230;<\/p>\n<\/div>\n<p>In un&#8217;epoca in cui solo pochi godevano di sicurezza economica e di un nome che li proteggesse dalle avversit\u00e0, Martino nacque figlio illegittimo di un nobile spagnolo e di una schiava liberata afro-peruviana. Era il 1579, e fin da bambino speriment\u00f2 il peso del pregiudizio e della discriminazione. La sua \u00e8 la storia di un ragazzo che non si lasci\u00f2 abbattere dalle barriere sociali e razziali, ma che fece della sua condizione un dono, della sua sfortuna un\u2019opportunit\u00e0. Subendo in prima persona gli effetti dei preconcetti e la malevolenza delle persone, comprese pi\u00f9 profondamente la sofferenza degli emarginati e scelse deliberatamente e consapevolmente di servire chiunque bussasse alla sua porta.<\/p>\n<p>Questa generosit\u00e0, cos\u00ec estrema da meritargli a volte perfino il giudizio severo dei confratelli, gli fece meritare il soprannome di \u201c<a href=\"https:\/\/www.holyart.it\/it\/articoli-religiosi\/statue\/statue-in-resina-e-pvc\/san-martino-de-porres-resina-dipinta-a-mano-40-cm\"><strong>Martino della Carit\u00e0<\/strong><\/a>\u201d. Il suo volto e il suo nome divennero sinonimo di misericordia e la fama di questo umile frate domenicano, che seppe unire contemplazione e azione, preghiera e cura, estasi e lavoro quotidiano, giunse fino alle orecchie del Vicer\u00e8 del Per\u00f9, che lo supplic\u00f2 di pregare per lui. Ancora oggi chi si ferma davanti a una<strong>\u00a0<\/strong>statua di San Martino de Porres, non scorge in lui solo un santo, ma un fratello universale, capace di parlare a chiunque viva sulla propria pelle ingiustizia, malattia e povert\u00e0.<\/p>\n<div class=\"link-product\">\n<div class=\"blocco-immagine\"><img loading=\"lazy\" decoding=\"async\" class=\"size-full wp-image-22577 alignleft\" src=\"https:\/\/blog.holyart.it\/it\/wp-content\/uploads\/sites\/17\/2025\/09\/san-martino-de-porres-resina-dipinta-a-mano-40-cm.jpg\" alt=\"san martino de porres resina dipinta a mano 40 cm\" width=\"100\" height=\"100\" data-kale-share-title=\"San Martino de Porres: chi era \u201cMartino della Carit\u00e0\u201d\" data-kale-share-url=\"https:\/\/blog.holyart.it\/it\/?p=22574\" \/><\/div>\n<div class=\"blocco-contenuto\">\n<div class=\"blocco-acquista\">Acquista su Holyart:<\/div>\n<div class=\"blocco-titolo\"><a href=\"https:\/\/www.holyart.it\/it\/articoli-religiosi\/statue\/statue-in-resina-e-pvc\/san-martino-de-porres-resina-dipinta-a-mano-40-cm\">San Martino de Porres resina dipinta a mano 40 cm<\/a><\/div>\n<div class=\"blocco-descrizione\">Questa elegante statuetta raffigura San Martino de Porres, patrono del Per\u00f9, realizzata con grande cura in resina dipinta a mano.<\/div>\n<\/div>\n<\/div>\n<h2>La vocazione di San Martino di Porres<\/h2>\n<p>La vocazione di Martino germogli\u00f2 piano, come un seme nascosto nella terra. Fin da giovanissimo mostr\u00f2 un grande cuore e una sensibilit\u00e0 al dolore altrui sconcertante. Poco pi\u00f9 che fanciullo si impegn\u00f2 per imparare i rudimenti di medicina e di erboristeria con l\u2019unico scopo di poter\u00a0<a href=\"https:\/\/www.holyart.it\/blog\/articoli-religiosi\/preghiera-per-i-malati-pregare-per-una-persona-cara-o-per-se-stessi\/\"><strong>curare i malati<\/strong><\/a>\u00a0pi\u00f9 poveri, spesso abbandonati a loro stessi. A quattordici anni buss\u00f2 al convento domenicano di Lima, ma data la sua condizione di illegittimo venne accolto dai frati come semplice \u201coblato\u201d, \u201cdonato\u201d, una sorta di servitore laico incaricato delle mansioni pi\u00f9 umili, come spazzare i pavimenti, pulire i refettori, servire in cucina. Quello che agli occhi del mondo era un lavoro da servo, nelle mani di Martino divent\u00f2 un sacrificio offerto a Dio in ogni gesto. \u201cIl Santo della scopa\u201d sarebbe diventato un altro dei suoi soprannomi, proprio per via di quell\u2019umile arnese destinato al lavoro, che nelle sue mani e nella sua iconografia \u00e8 diventato simbolo di servizio, sacrificio, umilt\u00e0.<\/p>\n<div class=\"link-article\">\n<p><img loading=\"lazy\" decoding=\"async\" class=\"size-full wp-image-22579 alignleft\" src=\"https:\/\/blog.holyart.it\/it\/wp-content\/uploads\/sites\/17\/2025\/09\/preghiera-per-i-malati.jpg\" alt=\"preghiera per i malati\" width=\"150\" height=\"99\" data-kale-share-title=\"San Martino de Porres: chi era \u201cMartino della Carit\u00e0\u201d\" data-kale-share-url=\"https:\/\/blog.holyart.it\/it\/?p=22574\" \/><\/p>\n<div class=\"leggi-anche\">Leggi anche:<\/div>\n<p><strong><a href=\"https:\/\/www.holyart.it\/blog\/articoli-religiosi\/preghiera-per-i-malati-pregare-per-una-persona-cara-o-per-se-stessi\/\">Preghiera per i malati: pregare per una persona cara o per se stessi<\/a><\/strong><br \/>\nEcco la preghiera per i malati da rivolgere a Ges\u00f9 o alla Madonna&#8230;<\/p>\n<\/div>\n<p>Ben presto i confratelli si accorsero che c\u2019era qualcosa di incredibile in quel giovane: guariva ferite, leniva febbri, consolava i morenti con una dolcezza che sembrava sovraumana. Non faceva distinzioni tra ricchi e poveri, spagnoli o indigeni, cristiani o non credenti: tutti trovavano in lui ascolto e soccorso, una mano tesa, una parola di conforto. Il suo rapporto con gli\u00a0<strong>animali\u00a0<\/strong>fu altrettanto straordinario. Amava ogni creatura, cani randagi, gatti feriti, perfino i topi che infestavano i granai del convento. Li nutriva e li educava con tale pazienza che, si dice, persino i roditori rispettavano i confini della dispensa, radunandosi ordinati in giardino per ricevere da lui il cibo quotidiano. Non pago di curare gli esseri umani, curava anche cani e gatti sofferenti, per i quali cre\u00f2 un apposito ospedale. Per questo in molte delle raffigurazioni che lo rappresentano viene mostrato con cani, gatti e topi ai suoi piedi.<\/p>\n<p>La sua vita spirituale era altrettanto intensa: trascorreva notti intere in adorazione e pi\u00f9 volte fu visto in estasi. Per Martino, pregare e servire erano la stessa cosa: due lati dello stesso amore che lo legava indissolubilmente a Cristo e ai fratelli.<\/p>\n<h2>I miracoli di San Martin de Porres<\/h2>\n<p>Le cronache raccontano di miracoli e prodigi sorprendenti. Si dice che San Martin de Porres guarisse malattie ritenute incurabili: peste, tifo, febbre gialla. Spesso bastava una carezza, un\u2019erba benedetta, una preghiera sussurrata, e il malato ritrovava forza e salute.\u00a0<em>\u201cIo ti guarisco, Dio ti salva\u201d\u00a0<\/em>soleva ripetere a chi lo ringraziava per l\u2019avvenuta guarigione, dimostrando anche in questo caso un\u2019umilt\u00e0 commovente, l\u2019assoluta consapevolezza di non essere nulla, davanti a Dio e alla Sua misericordia.<\/p>\n<p>E poi ci sono i miracoli veri e propri, gli episodi di\u00a0<strong>bilocazione, levitazione e preveggenza.<\/strong>\u00a0Numerosi testimoni riferirono fenomeni inspiegabili: Martino appariva in pi\u00f9 luoghi contemporaneamente, soprattutto quando i malati avevano bisogno di lui. E quando le scorte di cibo finivano, riusciva a moltiplicare pane e viveri come in un piccolo miracolo quotidiano. Ma forse il pi\u00f9 grande miracolo di Martino fu la sua capacit\u00e0 di trasformare l\u2019odio in riconciliazione, la diffidenza in fiducia, la discriminazione in abbraccio fraterno, in un mondo lacerato dalle divisioni. Riguardo alle sue capacit\u00e0 straordinarie si schermiva, scherzava, rispondeva con ironia, come se non fossero doni miracolosi, come se non avessero davvero importanza. Quando, di ritorno dalle sue sortite notturne fuori dal convento chiuso e sorvegliato, veniva interrogato su come potesse entrare e uscire non visto, rispondeva con un immancabile sorriso:\u00a0<em>\u201cIo ho i miei modi, per entrare e uscire.\u201d\u00a0<\/em>Battezzato nello stesso fonte battesimale di\u00a0<strong><a href=\"https:\/\/www.holyart.it\/blog\/santi-e-beati\/santa-rosa-da-lima-la-storia-della-prima-santa-damerica\/\">Santa Rosa da Lima<\/a><\/strong>, si dice che conobbe quella destinata a diventare la prima santa delle Americhe.<\/p>\n<div class=\"link-article\">\n<p><img loading=\"lazy\" decoding=\"async\" class=\"size-full wp-image-22580 alignleft\" src=\"https:\/\/blog.holyart.it\/it\/wp-content\/uploads\/sites\/17\/2025\/09\/santa-rosa-da-lima.jpg\" alt=\"santa rosa da lima\" width=\"150\" height=\"99\" data-kale-share-title=\"San Martino de Porres: chi era \u201cMartino della Carit\u00e0\u201d\" data-kale-share-url=\"https:\/\/blog.holyart.it\/it\/?p=22574\" \/><\/p>\n<div class=\"leggi-anche\">Leggi anche:<\/div>\n<p><strong><a href=\"https:\/\/www.holyart.it\/blog\/santi-e-beati\/santa-rosa-da-lima-la-storia-della-prima-santa-damerica\/\">Santa Rosa da Lima: la storia della prima santa d\u2019America<\/a><\/strong><br \/>\nSanta Rosa da Lima, prima santa delle Americhe, trasform\u00f2 il dolore in amore divino dedicando la sua breve&#8230;<\/p>\n<\/div>\n<h2>Quando si festeggia San Martino de Porres?<\/h2>\n<p>La Chiesa celebra <a href=\"https:\/\/www.holyart.it\/it\/articoli-religiosi\/quadri-stampe-codici-miniati\/quadro-su-tela-pittorica-san-martin-de-porres-25x20-cm\"><strong>San Martino de Porres il\u00a03 novembre<\/strong><\/a>, giorno della sua morte nel 1639. Quel giorno, raccontano i cronisti, tutta Lima pianse la perdita del frate che aveva guarito, nutrito, consolato e amato come un padre.<\/p>\n<p>Il giorno della memoria liturgica di San Martino de Porres diventa ogni anno occasione di festa e riflessione. In Per\u00f9, processioni e celebrazioni popolari animano le strade e in molte citt\u00e0 dell\u2019America Latina si organizzano banchetti comunitari aperti a poveri e bisognosi, ripercorrendo i gesti di generosit\u00e0 del santo. Il 6 maggio 1962, Papa Giovanni XXIII lo canonizz\u00f2 ufficialmente, riconoscendo in lui il patrono della giustizia sociale e dell\u2019uguaglianza razziale. Da allora, il 3 novembre \u00e8 un giorno in cui i fedeli di tutto il mondo ricordano che la santit\u00e0 non \u00e8 privilegio dei potenti, ma dono che nasce dall\u2019amore umile.<\/p>\n<div class=\"link-product\">\n<div class=\"blocco-immagine\"><img loading=\"lazy\" decoding=\"async\" class=\"size-full wp-image-22584 alignleft\" src=\"https:\/\/blog.holyart.it\/it\/wp-content\/uploads\/sites\/17\/2025\/09\/quadro-su-tela-pittorica-san-martin-de-porres-25x20-cm.jpg\" alt=\"quadro su tela pittorica san martin de porres 25x20 cm\" width=\"100\" height=\"100\" data-kale-share-title=\"San Martino de Porres: chi era \u201cMartino della Carit\u00e0\u201d\" data-kale-share-url=\"https:\/\/blog.holyart.it\/it\/?p=22574\" \/><\/div>\n<div class=\"blocco-contenuto\">\n<div class=\"blocco-acquista\">Acquista su Holyart:<\/div>\n<div class=\"blocco-titolo\"><a href=\"https:\/\/www.holyart.it\/it\/articoli-religiosi\/quadri-stampe-codici-miniati\/quadro-su-tela-pittorica-san-martin-de-porres-25x20-cm\">Quadro su tela pittorica San Martin de Porres 25&#215;20 cm<\/a><\/div>\n<div class=\"blocco-descrizione\">Quadro su tela pittorica 25&#215;20 cm raffigurante San Martin de Porres.<\/div>\n<\/div>\n<\/div>\n<h2>San Martino de Porres: preghiera<\/h2>\n<p>La devozione verso il \u201cMartino della Carit\u00e0\u201d ha dato vita a tante suppliche e preghiere che esprimono in poche parole la sua missione di pace e servizio:<\/p>\n<p><em>O glorioso San Martino de Porres, con l&#8217;anima inondata di serena fiducia, ti invochiamo ricordando la tua infiammata carit\u00e0 benefattrice di tutte le classi sociali; a te mite e umile di cuore, presentiamo i nostri desideri. Versa sulle famiglie i soavi doni della tua intercessione sollecita e generosa; apri ai popoli di ogni stirpe e di ogni colore, il cammino dell&#8217;unit\u00e0 e della giustizia; chiedi al Padre che \u00e8 nei cieli la venuta del Suo Regno; affinch\u00e9 l\u2019umanit\u00e0 nella reciproca benevolenza, fondata nella fratellanza in Dio, aumenti i frutti della grazia e meriti il premio della gloria.<\/em><\/p>\n<p><a href=\"https:\/\/www.holyart.it\/it\/articoli-religiosi\/statue\/statue-in-gesso\/statuetta-san-martin-de-porres-30-cm-gesso-dipinta-a-mano-barsanti\"><strong>Le statue di San Martino de Porres<\/strong><\/a> lo raffigurano<strong>\u00a0<\/strong>con l\u2019abito domenicano, un crocifisso e gli animali ai suoi piedi. Sono immagini devozionali, e in quanto tali a volte un poco ingenue, ma il loro messaggio \u00e8 prorompente. Esse contengono un invito silenzioso a imitare l\u2019esempio di questo piccolo uomo umile e straordinario e rendere la nostra vita quotidiana un\u2019offerta di amore. Il mondo in cui viviamo, in guerra, diviso da razzismo e disuguaglianze, dominato da ingiustizie, ha pi\u00f9 che mai bisogno di un sorriso mite, di una mano tesa verso i pi\u00f9 poveri, i pi\u00f9 fragili. Seguendo l\u2019esempio di San Martino de Porres, il \u201cMartino della Carit\u00e0\u201d, possiamo tendere molte mani, e cos\u00ec la sua carit\u00e0 e generosit\u00e0 continueranno a vivere, ogni volta che un cuore sceglie di servire, guarire, perdonare e amare. La vita di San Martino de Porres ci ricorda che la santit\u00e0 non \u00e8 fatta di gesti eroici eclatanti, ma di piccoli atti d\u2019amore ripetuti con umilt\u00e0 e totale abnegazione. In lui, il Vangelo si \u00e8 fatto carne nella carit\u00e0 concreta verso gli ultimi.<\/p>\n<div class=\"link-product\">\n<div class=\"blocco-immagine\"><img loading=\"lazy\" decoding=\"async\" class=\"size-full wp-image-22581 alignleft\" src=\"https:\/\/blog.holyart.it\/it\/wp-content\/uploads\/sites\/17\/2025\/09\/statuetta-san-martin-de-porres-30-cm-gesso-dipinta-a-mano-barsanti.jpg\" alt=\"statuetta san martin de porres 30 cm gesso dipinta a mano barsanti\" width=\"100\" height=\"100\" data-kale-share-title=\"San Martino de Porres: chi era \u201cMartino della Carit\u00e0\u201d\" data-kale-share-url=\"https:\/\/blog.holyart.it\/it\/?p=22574\" \/><\/div>\n<div class=\"blocco-contenuto\">\n<div class=\"blocco-acquista\">Acquista su Holyart:<\/div>\n<div class=\"blocco-titolo\"><a href=\"https:\/\/www.holyart.it\/it\/articoli-religiosi\/statue\/statue-in-gesso\/statuetta-san-martin-de-porres-30-cm-gesso-dipinta-a-mano-barsanti\">Statuetta San Martin de Porres 30 cm gesso dipinta a mano Barsanti<\/a><\/div>\n<div class=\"blocco-descrizione\">Statuetta in gesso di altezza 30 cm, raffigurante San Martin de Porres, patrono del Per\u00f9.<\/div>\n<\/div>\n<\/div>\n","protected":false},"excerpt":{"rendered":"<p>San Martino de Porres: carit\u00e0 e umilt\u00e0 come vocazione e stile di vita Pu\u00f2 sembrare insolito parlare di santi e beati nel Per\u00f9 coloniale del XVI secolo. Eppure anche tra le strade di Lima percorse da carrozze e da folle variopinte di mercanti, schiavi liberati&hellip;<\/p>\n","protected":false},"author":1,"featured_media":22587,"comment_status":"closed","ping_status":"open","sticky":false,"template":"","format":"standard","meta":{"_acf_changed":false,"footnotes":""},"categories":[15],"tags":[],"class_list":["post-22574","post","type-post","status-publish","format-standard","has-post-thumbnail","hentry","category-santi-e-beati"],"acf":[],"yoast_head":"<!-- This site is optimized with the Yoast SEO plugin v26.6 - https:\/\/yoast.com\/wordpress\/plugins\/seo\/ -->\n<title>San Martino de Porres: chi era \u201cMartino della Carit\u00e0\u201d - Holyblog<\/title>\n<meta name=\"description\" content=\"San Martino de Porres, primo Santo mulatto della chiesa cattolica. Umilt\u00e0, carit\u00e0 e sacrificio come scelta e vocazione.\" \/>\n<meta name=\"robots\" content=\"index, follow, max-snippet:-1, max-image-preview:large, max-video-preview:-1\" \/>\n<link rel=\"canonical\" href=\"https:\/\/blog.holyart.it\/it\/santi-e-beati\/san-martino-de-porres-chi-era-martino-della-carita\/\" \/>\n<meta property=\"og:locale\" content=\"it_IT\" \/>\n<meta property=\"og:type\" content=\"article\" \/>\n<meta property=\"og:title\" content=\"San Martino de Porres: chi era \u201cMartino della Carit\u00e0\u201d - Holyblog\" \/>\n<meta property=\"og:description\" content=\"San Martino de Porres, primo Santo mulatto della chiesa cattolica. Umilt\u00e0, carit\u00e0 e sacrificio come scelta e vocazione.\" \/>\n<meta property=\"og:url\" content=\"https:\/\/blog.holyart.it\/it\/santi-e-beati\/san-martino-de-porres-chi-era-martino-della-carita\/\" \/>\n<meta property=\"og:site_name\" content=\"Holyblog\" \/>\n<meta property=\"article:published_time\" content=\"2025-11-03T09:00:53+00:00\" \/>\n<meta property=\"og:image\" content=\"https:\/\/blog.holyart.it\/it\/wp-content\/uploads\/sites\/17\/2025\/09\/san-martino-de-porres.jpg\" \/>\n\t<meta property=\"og:image:width\" content=\"1000\" \/>\n\t<meta property=\"og:image:height\" content=\"666\" \/>\n\t<meta property=\"og:image:type\" content=\"image\/jpeg\" \/>\n<meta name=\"author\" content=\"Redazione\" \/>\n<meta name=\"twitter:card\" content=\"summary_large_image\" \/>\n<meta name=\"twitter:label1\" content=\"Scritto da\" \/>\n\t<meta name=\"twitter:data1\" content=\"Redazione\" \/>\n\t<meta name=\"twitter:label2\" content=\"Tempo di lettura stimato\" \/>\n\t<meta name=\"twitter:data2\" content=\"10 minuti\" \/>\n<script type=\"application\/ld+json\" class=\"yoast-schema-graph\">{\"@context\":\"https:\/\/schema.org\",\"@graph\":[{\"@type\":\"Article\",\"@id\":\"https:\/\/blog.holyart.it\/it\/santi-e-beati\/san-martino-de-porres-chi-era-martino-della-carita\/#article\",\"isPartOf\":{\"@id\":\"https:\/\/blog.holyart.it\/it\/santi-e-beati\/san-martino-de-porres-chi-era-martino-della-carita\/\"},\"author\":{\"name\":\"Redazione\",\"@id\":\"https:\/\/blog.holyart.it\/it\/#\/schema\/person\/0a7b686e5af0f856ec1e390dd0baecda\"},\"headline\":\"San Martino de Porres: chi era \u201cMartino della Carit\u00e0\u201d\",\"datePublished\":\"2025-11-03T09:00:53+00:00\",\"mainEntityOfPage\":{\"@id\":\"https:\/\/blog.holyart.it\/it\/santi-e-beati\/san-martino-de-porres-chi-era-martino-della-carita\/\"},\"wordCount\":1613,\"publisher\":{\"@id\":\"https:\/\/blog.holyart.it\/it\/#organization\"},\"image\":{\"@id\":\"https:\/\/blog.holyart.it\/it\/santi-e-beati\/san-martino-de-porres-chi-era-martino-della-carita\/#primaryimage\"},\"thumbnailUrl\":\"https:\/\/blog.holyart.it\/it\/wp-content\/uploads\/sites\/17\/2025\/09\/san-martino-de-porres.jpg\",\"articleSection\":[\"Santi e beati\"],\"inLanguage\":\"it-IT\"},{\"@type\":\"WebPage\",\"@id\":\"https:\/\/blog.holyart.it\/it\/santi-e-beati\/san-martino-de-porres-chi-era-martino-della-carita\/\",\"url\":\"https:\/\/blog.holyart.it\/it\/santi-e-beati\/san-martino-de-porres-chi-era-martino-della-carita\/\",\"name\":\"San Martino de Porres: chi era \u201cMartino della Carit\u00e0\u201d - Holyblog\",\"isPartOf\":{\"@id\":\"https:\/\/blog.holyart.it\/it\/#website\"},\"primaryImageOfPage\":{\"@id\":\"https:\/\/blog.holyart.it\/it\/santi-e-beati\/san-martino-de-porres-chi-era-martino-della-carita\/#primaryimage\"},\"image\":{\"@id\":\"https:\/\/blog.holyart.it\/it\/santi-e-beati\/san-martino-de-porres-chi-era-martino-della-carita\/#primaryimage\"},\"thumbnailUrl\":\"https:\/\/blog.holyart.it\/it\/wp-content\/uploads\/sites\/17\/2025\/09\/san-martino-de-porres.jpg\",\"datePublished\":\"2025-11-03T09:00:53+00:00\",\"description\":\"San Martino de Porres, primo Santo mulatto della chiesa cattolica. Umilt\u00e0, carit\u00e0 e sacrificio come scelta e vocazione.\",\"breadcrumb\":{\"@id\":\"https:\/\/blog.holyart.it\/it\/santi-e-beati\/san-martino-de-porres-chi-era-martino-della-carita\/#breadcrumb\"},\"inLanguage\":\"it-IT\",\"potentialAction\":[{\"@type\":\"ReadAction\",\"target\":[\"https:\/\/blog.holyart.it\/it\/santi-e-beati\/san-martino-de-porres-chi-era-martino-della-carita\/\"]}]},{\"@type\":\"ImageObject\",\"inLanguage\":\"it-IT\",\"@id\":\"https:\/\/blog.holyart.it\/it\/santi-e-beati\/san-martino-de-porres-chi-era-martino-della-carita\/#primaryimage\",\"url\":\"https:\/\/blog.holyart.it\/it\/wp-content\/uploads\/sites\/17\/2025\/09\/san-martino-de-porres.jpg\",\"contentUrl\":\"https:\/\/blog.holyart.it\/it\/wp-content\/uploads\/sites\/17\/2025\/09\/san-martino-de-porres.jpg\",\"width\":1000,\"height\":666,\"caption\":\"san martino de porres\"},{\"@type\":\"BreadcrumbList\",\"@id\":\"https:\/\/blog.holyart.it\/it\/santi-e-beati\/san-martino-de-porres-chi-era-martino-della-carita\/#breadcrumb\",\"itemListElement\":[{\"@type\":\"ListItem\",\"position\":1,\"name\":\"Homepage\",\"item\":\"https:\/\/blog.holyart.it\/it\/\"},{\"@type\":\"ListItem\",\"position\":2,\"name\":\"Santi e beati\",\"item\":\"https:\/\/blog.holyart.it\/it\/santi-e-beati\/\"},{\"@type\":\"ListItem\",\"position\":3,\"name\":\"San Martino de Porres: chi era \u201cMartino della Carit\u00e0\u201d\"}]},{\"@type\":\"WebSite\",\"@id\":\"https:\/\/blog.holyart.it\/it\/#website\",\"url\":\"https:\/\/blog.holyart.it\/it\/\",\"name\":\"Holyblog\",\"description\":\"Il Blog di Holyart.it\",\"publisher\":{\"@id\":\"https:\/\/blog.holyart.it\/it\/#organization\"},\"potentialAction\":[{\"@type\":\"SearchAction\",\"target\":{\"@type\":\"EntryPoint\",\"urlTemplate\":\"https:\/\/blog.holyart.it\/it\/?s={search_term_string}\"},\"query-input\":{\"@type\":\"PropertyValueSpecification\",\"valueRequired\":true,\"valueName\":\"search_term_string\"}}],\"inLanguage\":\"it-IT\"},{\"@type\":\"Organization\",\"@id\":\"https:\/\/blog.holyart.it\/it\/#organization\",\"name\":\"Holyblog\",\"url\":\"https:\/\/blog.holyart.it\/it\/\",\"logo\":{\"@type\":\"ImageObject\",\"inLanguage\":\"it-IT\",\"@id\":\"https:\/\/blog.holyart.it\/it\/#\/schema\/logo\/image\/\",\"url\":\"https:\/\/blog.holyart.it\/it\/wp-content\/uploads\/sites\/17\/2022\/12\/Holyart_Blog_Logo.jpg\",\"contentUrl\":\"https:\/\/blog.holyart.it\/it\/wp-content\/uploads\/sites\/17\/2022\/12\/Holyart_Blog_Logo.jpg\",\"width\":300,\"height\":50,\"caption\":\"Holyblog\"},\"image\":{\"@id\":\"https:\/\/blog.holyart.it\/it\/#\/schema\/logo\/image\/\"}},{\"@type\":\"Person\",\"@id\":\"https:\/\/blog.holyart.it\/it\/#\/schema\/person\/0a7b686e5af0f856ec1e390dd0baecda\",\"name\":\"Redazione\"}]}<\/script>\n<!-- \/ Yoast SEO plugin. -->","yoast_head_json":{"title":"San Martino de Porres: chi era \u201cMartino della Carit\u00e0\u201d - Holyblog","description":"San Martino de Porres, primo Santo mulatto della chiesa cattolica. Umilt\u00e0, carit\u00e0 e sacrificio come scelta e vocazione.","robots":{"index":"index","follow":"follow","max-snippet":"max-snippet:-1","max-image-preview":"max-image-preview:large","max-video-preview":"max-video-preview:-1"},"canonical":"https:\/\/blog.holyart.it\/it\/santi-e-beati\/san-martino-de-porres-chi-era-martino-della-carita\/","og_locale":"it_IT","og_type":"article","og_title":"San Martino de Porres: chi era \u201cMartino della Carit\u00e0\u201d - Holyblog","og_description":"San Martino de Porres, primo Santo mulatto della chiesa cattolica. Umilt\u00e0, carit\u00e0 e sacrificio come scelta e vocazione.","og_url":"https:\/\/blog.holyart.it\/it\/santi-e-beati\/san-martino-de-porres-chi-era-martino-della-carita\/","og_site_name":"Holyblog","article_published_time":"2025-11-03T09:00:53+00:00","og_image":[{"width":1000,"height":666,"url":"https:\/\/blog.holyart.it\/it\/wp-content\/uploads\/sites\/17\/2025\/09\/san-martino-de-porres.jpg","type":"image\/jpeg"}],"author":"Redazione","twitter_card":"summary_large_image","twitter_misc":{"Scritto da":"Redazione","Tempo di lettura stimato":"10 minuti"},"schema":{"@context":"https:\/\/schema.org","@graph":[{"@type":"Article","@id":"https:\/\/blog.holyart.it\/it\/santi-e-beati\/san-martino-de-porres-chi-era-martino-della-carita\/#article","isPartOf":{"@id":"https:\/\/blog.holyart.it\/it\/santi-e-beati\/san-martino-de-porres-chi-era-martino-della-carita\/"},"author":{"name":"Redazione","@id":"https:\/\/blog.holyart.it\/it\/#\/schema\/person\/0a7b686e5af0f856ec1e390dd0baecda"},"headline":"San Martino de Porres: chi era \u201cMartino della Carit\u00e0\u201d","datePublished":"2025-11-03T09:00:53+00:00","mainEntityOfPage":{"@id":"https:\/\/blog.holyart.it\/it\/santi-e-beati\/san-martino-de-porres-chi-era-martino-della-carita\/"},"wordCount":1613,"publisher":{"@id":"https:\/\/blog.holyart.it\/it\/#organization"},"image":{"@id":"https:\/\/blog.holyart.it\/it\/santi-e-beati\/san-martino-de-porres-chi-era-martino-della-carita\/#primaryimage"},"thumbnailUrl":"https:\/\/blog.holyart.it\/it\/wp-content\/uploads\/sites\/17\/2025\/09\/san-martino-de-porres.jpg","articleSection":["Santi e beati"],"inLanguage":"it-IT"},{"@type":"WebPage","@id":"https:\/\/blog.holyart.it\/it\/santi-e-beati\/san-martino-de-porres-chi-era-martino-della-carita\/","url":"https:\/\/blog.holyart.it\/it\/santi-e-beati\/san-martino-de-porres-chi-era-martino-della-carita\/","name":"San Martino de Porres: chi era \u201cMartino della Carit\u00e0\u201d - Holyblog","isPartOf":{"@id":"https:\/\/blog.holyart.it\/it\/#website"},"primaryImageOfPage":{"@id":"https:\/\/blog.holyart.it\/it\/santi-e-beati\/san-martino-de-porres-chi-era-martino-della-carita\/#primaryimage"},"image":{"@id":"https:\/\/blog.holyart.it\/it\/santi-e-beati\/san-martino-de-porres-chi-era-martino-della-carita\/#primaryimage"},"thumbnailUrl":"https:\/\/blog.holyart.it\/it\/wp-content\/uploads\/sites\/17\/2025\/09\/san-martino-de-porres.jpg","datePublished":"2025-11-03T09:00:53+00:00","description":"San Martino de Porres, primo Santo mulatto della chiesa cattolica. Umilt\u00e0, carit\u00e0 e sacrificio come scelta e vocazione.","breadcrumb":{"@id":"https:\/\/blog.holyart.it\/it\/santi-e-beati\/san-martino-de-porres-chi-era-martino-della-carita\/#breadcrumb"},"inLanguage":"it-IT","potentialAction":[{"@type":"ReadAction","target":["https:\/\/blog.holyart.it\/it\/santi-e-beati\/san-martino-de-porres-chi-era-martino-della-carita\/"]}]},{"@type":"ImageObject","inLanguage":"it-IT","@id":"https:\/\/blog.holyart.it\/it\/santi-e-beati\/san-martino-de-porres-chi-era-martino-della-carita\/#primaryimage","url":"https:\/\/blog.holyart.it\/it\/wp-content\/uploads\/sites\/17\/2025\/09\/san-martino-de-porres.jpg","contentUrl":"https:\/\/blog.holyart.it\/it\/wp-content\/uploads\/sites\/17\/2025\/09\/san-martino-de-porres.jpg","width":1000,"height":666,"caption":"san martino de porres"},{"@type":"BreadcrumbList","@id":"https:\/\/blog.holyart.it\/it\/santi-e-beati\/san-martino-de-porres-chi-era-martino-della-carita\/#breadcrumb","itemListElement":[{"@type":"ListItem","position":1,"name":"Homepage","item":"https:\/\/blog.holyart.it\/it\/"},{"@type":"ListItem","position":2,"name":"Santi e beati","item":"https:\/\/blog.holyart.it\/it\/santi-e-beati\/"},{"@type":"ListItem","position":3,"name":"San Martino de Porres: chi era \u201cMartino della Carit\u00e0\u201d"}]},{"@type":"WebSite","@id":"https:\/\/blog.holyart.it\/it\/#website","url":"https:\/\/blog.holyart.it\/it\/","name":"Holyblog","description":"Il Blog di Holyart.it","publisher":{"@id":"https:\/\/blog.holyart.it\/it\/#organization"},"potentialAction":[{"@type":"SearchAction","target":{"@type":"EntryPoint","urlTemplate":"https:\/\/blog.holyart.it\/it\/?s={search_term_string}"},"query-input":{"@type":"PropertyValueSpecification","valueRequired":true,"valueName":"search_term_string"}}],"inLanguage":"it-IT"},{"@type":"Organization","@id":"https:\/\/blog.holyart.it\/it\/#organization","name":"Holyblog","url":"https:\/\/blog.holyart.it\/it\/","logo":{"@type":"ImageObject","inLanguage":"it-IT","@id":"https:\/\/blog.holyart.it\/it\/#\/schema\/logo\/image\/","url":"https:\/\/blog.holyart.it\/it\/wp-content\/uploads\/sites\/17\/2022\/12\/Holyart_Blog_Logo.jpg","contentUrl":"https:\/\/blog.holyart.it\/it\/wp-content\/uploads\/sites\/17\/2022\/12\/Holyart_Blog_Logo.jpg","width":300,"height":50,"caption":"Holyblog"},"image":{"@id":"https:\/\/blog.holyart.it\/it\/#\/schema\/logo\/image\/"}},{"@type":"Person","@id":"https:\/\/blog.holyart.it\/it\/#\/schema\/person\/0a7b686e5af0f856ec1e390dd0baecda","name":"Redazione"}]}},"_links":{"self":[{"href":"https:\/\/blog.holyart.it\/it\/wp-json\/wp\/v2\/posts\/22574","targetHints":{"allow":["GET"]}}],"collection":[{"href":"https:\/\/blog.holyart.it\/it\/wp-json\/wp\/v2\/posts"}],"about":[{"href":"https:\/\/blog.holyart.it\/it\/wp-json\/wp\/v2\/types\/post"}],"author":[{"embeddable":true,"href":"https:\/\/blog.holyart.it\/it\/wp-json\/wp\/v2\/users\/1"}],"replies":[{"embeddable":true,"href":"https:\/\/blog.holyart.it\/it\/wp-json\/wp\/v2\/comments?post=22574"}],"version-history":[{"count":6,"href":"https:\/\/blog.holyart.it\/it\/wp-json\/wp\/v2\/posts\/22574\/revisions"}],"predecessor-version":[{"id":22588,"href":"https:\/\/blog.holyart.it\/it\/wp-json\/wp\/v2\/posts\/22574\/revisions\/22588"}],"wp:featuredmedia":[{"embeddable":true,"href":"https:\/\/blog.holyart.it\/it\/wp-json\/wp\/v2\/media\/22587"}],"wp:attachment":[{"href":"https:\/\/blog.holyart.it\/it\/wp-json\/wp\/v2\/media?parent=22574"}],"wp:term":[{"taxonomy":"category","embeddable":true,"href":"https:\/\/blog.holyart.it\/it\/wp-json\/wp\/v2\/categories?post=22574"},{"taxonomy":"post_tag","embeddable":true,"href":"https:\/\/blog.holyart.it\/it\/wp-json\/wp\/v2\/tags?post=22574"}],"curies":[{"name":"wp","href":"https:\/\/api.w.org\/{rel}","templated":true}]}}