{"id":22507,"date":"2025-12-31T10:00:37","date_gmt":"2025-12-31T09:00:37","guid":{"rendered":"https:\/\/blog.holyart.it\/it\/?p=22507"},"modified":"2026-03-03T10:34:55","modified_gmt":"2026-03-03T09:34:55","slug":"slabbinck-i-paramenti-che-uniscono-fede-arte-e-maestria-sartoriale","status":"publish","type":"post","link":"https:\/\/blog.holyart.it\/it\/accessori-liturgia\/slabbinck-i-paramenti-che-uniscono-fede-arte-e-maestria-sartoriale\/","title":{"rendered":"Slabbinck: i paramenti che uniscono fede, arte e maestria sartoriale"},"content":{"rendered":"<h4>Atelier Slabbinck, eccellenza delle Fiandre. Da oltre cento anni realizza paramenti sacri con maestria artigianale e fede<\/h4>\n\n<p>Il cuore delle Fiandre belghe ospita da pi\u00f9 di un secolo un luogo molto speciale, dove la stoffa si trasforma in preghiera. In una terra dove il vento porta con s\u00e9 profumo di lino e la memoria di antichi artigiani ha ancora molto da raccontare, l\u2019atelier\u00a0<strong>Slabbinck\u00a0<\/strong>da generazioni cuce paramenti sacri con la stessa dedizione con cui si recita una preghiera. Nelle mani di chi lavora qui ago e filo diventano strumenti di liturgia, e l\u2019eleganza non \u00e8 fine a s\u00e9 stessa, ma nasce per servire la fede.<\/p>\n<p>Da Bruges alle cattedrali di Roma, dai santuari affollati alle chiese di campagna, i manufatti tessili di Slabbinck hanno accompagnato, per oltre cento anni, le celebrazioni pi\u00f9 solenni e quelle pi\u00f9 raccolte. Un\u2019arte antica che vive nel presente, dove ogni punto di ago \u00e8 meditazione, e ogni scelta di colore un atto di liturgia. Ma cosa rende cos\u00ec speciali <a href=\"https:\/\/www.holyart.it\/it\/accessori-per-la-liturgia\/paramenti-liturgici-servizi-altare-coprileggii\/slabbinck\"><strong>i paramenti Slabbinck<\/strong><\/a>? Come \u00e8 possibile che tessuti, fili e aghi possano diventare strumenti di evangelizzazione?<br \/>\nI paramenti Slabbinck non sono solo abiti religiosi. Fili e ricami racchiudono un gesto di fede, il mistero che si celebra e si rinnova a ogni liturgia. Soprattutto nel nostro mondo, in cui tutto sembra correre verso la standardizzazione e la produzione di massa, Slabbinck resiste stoicamente, con creativit\u00e0 e amore, cura e arte, e i suoi laboratori sono luoghi sospesi nel tempo. Ogni casula, ogni\u00a0<a href=\"https:\/\/www.holyart.it\/it\/accessori-per-la-liturgia\/paramenti-liturgici-servizi-altare-coprileggii\/piviali-e-pianete-liturgiche\"><strong>piviale<\/strong><\/a>, ogni\u00a0<a href=\"https:\/\/www.holyart.it\/it\/accessori-per-la-liturgia\/paramenti-liturgici-servizi-altare-coprileggii\/stole-sacerdotali\"><strong>stola<\/strong><\/a>\u00a0che esce dal loro atelier \u00e8 un unicum irripetibile, pensato e realizzato per essere indossato da chi celebra i misteri pi\u00f9 sacri della fede cristiana.<\/p>\n<div class=\"link-product\">\n<div class=\"blocco-immagine\"><img loading=\"lazy\" decoding=\"async\" class=\"size-full wp-image-22510 alignleft\" src=\"https:\/\/blog.holyart.it\/it\/wp-content\/uploads\/sites\/17\/2025\/08\/casula-gotica-logo-ufficiale-in-italiano-giubileo-2025-ricamato-avorio-oro-slabbinck.jpg\" alt=\"casula gotica logo ufficiale in italiano giubileo 2025 ricamato avorio oro slabbinck\" width=\"100\" height=\"100\" data-kale-share-title=\"Slabbinck: i paramenti che uniscono fede, arte e maestria sartoriale\" data-kale-share-url=\"https:\/\/blog.holyart.it\/it\/?p=22507\" \/><\/div>\n<div class=\"blocco-contenuto\">\n<div class=\"blocco-acquista\">Acquista su Holyart:<\/div>\n<div class=\"blocco-titolo\"><a href=\"https:\/\/www.holyart.it\/it\/accessori-per-la-liturgia\/paramenti-liturgici-servizi-altare-coprileggii\/slabbinck\">Slabbinck<\/a><\/div>\n<div class=\"blocco-descrizione\">Scopri la nostra selezione dei paramenti liturgici di Slabbinck.<\/div>\n<\/div>\n<\/div>\n<p>Per capire davvero cosa rende unico\u00a0<strong>Slabbinck<\/strong>, bisogna partire dalla sua storia e seguire il filo che la unisce alle creazioni destinate ai Pontefici di oggi. \u00c8 un percorso fatto di mani esperte, di fede vissuta e di un gusto per il bello che sa trasformare stoffa e filo in segni visibili di preghiera.<\/p>\n<h2>Storia dell\u2019atelier Slabbinck<\/h2>\n<p>Le Fiandre sono state da sempre terra di arazzi e arte eccelsa. Basti pensare alla luce dipinta sui volti dei santi, da maestri come Van Eyck e Memling. In terreno culturale fertile e legato a una tradizione secolare, nacque all\u2019inizio del Novecento questo laboratorio speciale, dove la sapienza tessile si sposava magistralmente alla vocazione liturgica. Fin dal principio, la filosofia era chiara: non realizzare semplicemente\u00a0<em>\u201cabiti per il clero\u201d<\/em>, ma strumenti sacri, custodi di simboli e di gesti che si ripetono da secoli. Gi\u00e0 le prime\u00a0<a href=\"https:\/\/www.holyart.it\/it\/accessori-per-la-liturgia\/paramenti-liturgici-servizi-altare-coprileggii\/slabbinck?page=1&amp;params=%7B%22offset%22:0,%22limit%22:60,%22filters%22:%5B%5D,%22sorter%22:%22YEAR_BEST_SELLERS%22,%22categoryIds%22:%5B108633%5D,%22filtersByIds%22:%5B%7B%22key%22:39,%22values%22:%5B2219%5D%7D%5D%7D\"><strong>casule Slabbinck<\/strong><\/a>\u00a0avevano linee semplici, pensate per cadere con eleganza, e dettagli curati con attenzione estrema. Ricordiamo che la<strong>\u00a0casula<\/strong>\u00a0\u00e8 il paramento che, durante la Messa, avvolge il sacerdote come un segno visibile della celebrazione. Ampia, senza maniche, ricopre completamente l\u2019<strong>alba<\/strong>, la lunga veste bianca base dell\u2019abbigliamento liturgico. Sulla casula e l\u2019alba si indossa infine la\u00a0<strong>stola<\/strong>, la lunga striscia di tessuto, spesso ricamata, che il sacerdote porta attorno al collo, simbolo dell\u2019autorit\u00e0 sacerdotale e del servizio. Casula e stola cambiano di colore a seconda del\u00a0<strong><a href=\"https:\/\/www.holyart.it\/blog\/accessori-liturgia\/lanno-e-tempi-liturgici-facciamo-chiarezza\/\">tempo liturgico<\/a><\/strong>\u00a0(bianco, rosso, verde, viola, ecc.).<\/p>\n<p>Era il 1903 quando, nel silenzio di una soffitta a Bruges,\u00a0<strong>Hendrik Slabbinck<\/strong>, appena riconosciuto \u201cMaestro nella Gilda dei Ricamatori d\u2019Oro\u201d, apr\u00ec un piccolo laboratorio. L\u00ec, tra telai e fili dorati, nacque non solo un\u2019azienda, ma un\u2019arte destinata a vestire la liturgia per pi\u00f9 di un secolo.<br \/>\nDopo la\u00a0<strong>Prima Guerra Mondiale<\/strong>, il lavoro di Slabbinck varc\u00f2 i confini del Belgio e raggiunse Germania, Austria, Italia, Stati Uniti e Canada.<br \/>\nNel 1923 vide la luce il\u00a0<strong>primo catalogo in bianco e nero<\/strong>\u00a0e l\u2019anno seguente, il giovane\u00a0<strong>Maurice Slabbinck<\/strong>\u00a0entr\u00f2 in laboratorio accanto al padre Hendrik, inaugurando la seconda generazione.<br \/>\nDurante la\u00a0<strong>Seconda Guerra Mondiale<\/strong>, per tenere lontani i diciotto artigiani dall\u2019industria bellica, l\u2019atelier si dedic\u00f2 a ricami unici, veri e propri \u201cquadri\u201d realizzati con l\u2019ago, preservando insieme l\u2019arte e il lavoro.<br \/>\nNegli anni Sessanta arriv\u00f2 la terza generazione:\u00a0<strong>Marc<\/strong>\u00a0nel 1961, seguito dal fratello\u00a0<strong>Dirk<\/strong>\u00a0nel 1963.<\/p>\n<div class=\"sp-styles-warning\" style=\"width: 450px; background-color: #FFF; color: #F00; border: 1px solid #F00; padding: 10px; font-size: 14px;\">\n\t\t\t<span style=\"font-weight: bold;\">Warning: The stylesheets were not loaded!<\/span> \n\t\t\tYou will need to change the <i>Load stylesheets<\/i> setting from <i>Automatically<\/i> to <i>On homepage<\/i> or <i>On all pages<\/i>. \n\t\t\tYou can set that <a style=\"text-decoration: underline; color: #F00;\" href=\"https:\/\/blog.holyart.it\/it\/wp-admin\/admin.php?page=sliderpro-settings\">here<\/a>.\n\t\t\t<\/div>\r\n<div id=\"slider-pro-237\" class=\"slider-pro sp-no-js\" style=\"width: 500px; height: 500px;\">\r\n\t<div class=\"sp-slides\">\r\n\t\t\r\n\t\t<div class=\"sp-slide\">\r\n\t\t\t<img loading=\"lazy\" decoding=\"async\" class=\"sp-image\" src=\"https:\/\/blog.holyart.it\/it\/wp-content\/uploads\/sites\/17\/2025\/08\/casula-damascata-e-ricamata-a-macchina-slabbinck-1.jpg\" alt=\"casula damascata e ricamata a macchina slabbinck\" width=\"500\" height=\"500\" \/>\r\n\t\t\t<div class=\"sp-thumbnail\"><a class=\"\" href=\"https:\/\/www.holyart.it\/it\/accessori-per-la-liturgia\/paramenti-liturgici-servizi-altare-coprileggii\/slabbinck\/casula-damascata-e-ricamata-a-macchina-slabbinck\">\r\n\t\t\t\t<img decoding=\"async\" src=\"https:\/\/blog.holyart.it\/it\/wp-content\/uploads\/sites\/17\/2025\/08\/casula-damascata-e-ricamata-a-macchina-slabbinck.jpg\" alt=\"casula damascata e ricamata a macchina slabbinck\" \/>\r\n\t\t\t<\/a>\r\n\t\t\t<\/div>\r\n\t\t\t<div class=\"sp-caption\">Casula damascata e ricamata a macchina Slabbinck<br \/>\n<strong><a href=\"https:\/\/www.holyart.it\/it\/accessori-per-la-liturgia\/paramenti-liturgici-servizi-altare-coprileggii\/slabbinck\/casula-damascata-e-ricamata-a-macchina-slabbinck\">Acquista su Holyart<\/a><\/strong><\/div>\r\n\t\t<\/div>\r\n\t\t<div class=\"sp-slide\">\r\n\t\t\t<img loading=\"lazy\" decoding=\"async\" class=\"sp-image\" src=\"https:\/\/blog.holyart.it\/it\/wp-content\/uploads\/sites\/17\/2025\/08\/casula-mariana-azzurra-dettagli-intrecciati-filo-dorato-slabbinck.jpg\" alt=\"casula mariana azzurra dettagli intrecciati filo dorato slabbinck\" width=\"500\" height=\"500\" \/>\r\n\t\t\t<div class=\"sp-thumbnail\"><a class=\"\" href=\"https:\/\/www.holyart.it\/it\/accessori-per-la-liturgia\/paramenti-liturgici-servizi-altare-coprileggii\/slabbinck\/casula-mariana-azzurra-dettagli-intrecciati-filo-dorato-slabbinck\">\r\n\t\t\t\t<img decoding=\"async\" src=\"https:\/\/blog.holyart.it\/it\/wp-content\/uploads\/sites\/17\/2025\/08\/casula-mariana-azzurra-dettagli-intrecciati-filo-dorato-slabbinck-e1756212049562.jpg\" alt=\"casula mariana azzurra dettagli intrecciati filo dorato slabbinck\" \/>\r\n\t\t\t<\/a>\r\n\t\t\t<\/div>\r\n\t\t\t<div class=\"sp-caption\">Casula mariana azzurra dettagli intrecciati filo dorato Slabbinck<br \/>\n<strong><a href=\"https:\/\/www.holyart.it\/it\/accessori-per-la-liturgia\/paramenti-liturgici-servizi-altare-coprileggii\/slabbinck\/casula-mariana-azzurra-dettagli-intrecciati-filo-dorato-slabbinck\">Acquista su Holyart<\/a><\/strong><\/div>\r\n\t\t<\/div>\r\n\t\t<div class=\"sp-slide\">\r\n\t\t\t<img loading=\"lazy\" decoding=\"async\" class=\"sp-image\" src=\"https:\/\/blog.holyart.it\/it\/wp-content\/uploads\/sites\/17\/2025\/08\/casula-slabbinck-con-collo-rivoltato-e-croci-ricamate-a-macchina.jpg\" alt=\"casula slabbinck con collo rivoltato e croci ricamate a macchina\" width=\"500\" height=\"500\" \/>\r\n\t\t\t<div class=\"sp-thumbnail\"><a class=\"\" href=\"https:\/\/www.holyart.it\/it\/accessori-per-la-liturgia\/paramenti-liturgici-servizi-altare-coprileggii\/slabbinck\/casula-slabbinck-con-collo-ad-anello-e-croci-ricamate-a-macchina\">\r\n\t\t\t\t<img decoding=\"async\" src=\"https:\/\/blog.holyart.it\/it\/wp-content\/uploads\/sites\/17\/2025\/08\/casula-slabbinck-con-collo-rivoltato-e-croci-ricamate-a-macchina-1.jpg\" alt=\"casula slabbinck con collo rivoltato e croci ricamate a macchina\" \/>\r\n\t\t\t<\/a>\r\n\t\t\t<\/div>\r\n\t\t\t<div class=\"sp-caption\">Casula Slabbinck con collo ad anello e croci ricamate a macchina<br \/>\n<strong><a href=\"https:\/\/www.holyart.it\/it\/accessori-per-la-liturgia\/paramenti-liturgici-servizi-altare-coprileggii\/slabbinck\/casula-slabbinck-con-collo-ad-anello-e-croci-ricamate-a-macchina\">Acquista su Holyart<\/a><\/strong><\/div>\r\n\t\t<\/div>\r\n\t\t<div class=\"sp-slide\">\r\n\t\t\t<img loading=\"lazy\" decoding=\"async\" class=\"sp-image\" src=\"https:\/\/blog.holyart.it\/it\/wp-content\/uploads\/sites\/17\/2025\/08\/casula-mariana-ricamata-a-mano-slabbinck-bianca.jpg\" alt=\"casula mariana ricamata a mano slabbinck bianca\" width=\"500\" height=\"500\" \/>\r\n\t\t\t<div class=\"sp-thumbnail\"><a class=\"\" href=\"https:\/\/www.holyart.it\/it\/accessori-per-la-liturgia\/paramenti-liturgici-servizi-altare-coprileggii\/slabbinck\/casula-mariana-ricamata-a-mano-slabbinck-bianca\">\r\n\t\t\t\t<img decoding=\"async\" src=\"https:\/\/blog.holyart.it\/it\/wp-content\/uploads\/sites\/17\/2025\/08\/casula-mariana-ricamata-a-mano-slabbinck-bianca-e1756212283106.jpg\" alt=\"casula mariana ricamata a mano slabbinck bianca\" \/>\r\n\t\t\t<\/a>\r\n\t\t\t<\/div>\r\n\t\t\t<div class=\"sp-caption\">Casula mariana ricamata a mano Slabbinck bianca<br \/>\n<strong><a href=\"https:\/\/www.holyart.it\/it\/accessori-per-la-liturgia\/paramenti-liturgici-servizi-altare-coprileggii\/slabbinck\/casula-mariana-ricamata-a-mano-slabbinck-bianca\">Acquista su Holyart<\/a><\/strong><\/div>\r\n\t\t<\/div>\r\n\t<\/div>\r\n<\/div>\n<p>Pochi anni dopo, nel 1965,\u00a0<strong>Hendrik si spense<\/strong>, lasciando un\u2019eredit\u00e0 intessuta di fili preziosi e devozione. Nel 1973 vide la luce il\u00a0<strong>primo catalogo a colori<\/strong>\u00a0e l\u2019anno successivo l\u2019atelier si trasfer\u00ec dalla citt\u00e0 vecchia a una nuova sede nella Lieven Bauwensstraat, segno di un\u2019azienda che cresceva, ma restava fedele al cuore artigianale.<br \/>\nIl\u00a0<strong>1999<\/strong>\u00a0port\u00f2 un nuovo vento: la quarta generazione, composta da Mirabel, Viktor e Mathias Slabbinck, entr\u00f2 in azienda. Due anni pi\u00f9 tardi nacque\u00a0<strong>Slabbinck Home Creations<\/strong>, collezione di biancheria per la casa, un\u2019estensione elegante della maestria tessile gi\u00e0 rinomata in ambito liturgico. Nel 2003, per il centenario, Bruges risuon\u00f2 di musica: un concerto dedicato a clienti e dipendenti celebrava cento anni di servizio alla liturgia.<br \/>\nNel 2013, con l\u2019uscita di Marc e Dirk, la quarta generazione rest\u00f2 sola al timone. La storia conobbe una prova inattesa nel 2019: la\u00a0<strong>pandemia di Covid-19<\/strong>. In quei mesi sospesi, Slabbinck mise da parte i paramenti per confezionare mascherine, offrendo alla comunit\u00e0 il dono della propria competenza e tagliando tessuti perch\u00e9 i cittadini potessero cucire protezioni nelle proprie case.<\/p>\n<p>Oggi Mirabel e Viktor guidano un\u2019azienda che, pur attraversando epoche, guerre e crisi, continua a servire la liturgia in tutto il mondo. Ogni casula, piviale o stola che lascia l\u2019atelier non \u00e8 soltanto un manufatto: \u00e8 una testimonianza silenziosa di come l\u2019arte, quando \u00e8 mossa dalla fede, possa sopravvivere a tutto e continuare a unire, con un filo d\u2019oro, l\u2019umano e il divino.<\/p>\n<p>Nel tempo Slabbinck \u00e8 diventato un riferimento inestimabile per vescovi e cardinali da tutta Europa e ha avuto l\u2019onore di creare paramenti per le celebrazioni pontificie. L\u2019ingresso ufficiale nel servizio alla\u00a0<strong>Santa Sede<\/strong>\u00a0non fu solo un riconoscimento della qualit\u00e0 artigianale, ma anche della capacit\u00e0 di rispettare e reinterpretare le norme liturgiche con sensibilit\u00e0 contemporanea. Tutto questo fa di Slabbinck un sinonimo di eccellenza nel mondo della sartoria liturgica, un baluardo contro l\u2019omologazione, dove ogni opera \u00e8 ancora realizzata a mano, con la pazienza e la cura di chi sa che il proprio lavoro diventer\u00e0 parte della preghiera della Chiesa.<\/p>\n<h2>Le opere realizzate per Papa Francesco<\/h2>\n<p>Con\u00a0<strong><a href=\"https:\/\/www.holyart.it\/blog\/occasioni-speciali\/come-papa-francesco-ha-trasformato-la-chiesa-durante-il-suo-pontificato\/\">Papa Francesco<\/a><\/strong>\u00a0la liturgia ha assunto un volto pi\u00f9 sobrio, senza rinunciare alla sua profondit\u00e0.<br \/>\nNel 2017, per il pellegrinaggio a Fatima,\u00a0<strong>Slabbinck<\/strong> realizz\u00f2 per lui una casula bianca, segno di purezza, con ricami in fili dorati e argentati che richiamavano la luce e la bellezza della Madonna. Uno stile perfetto per Papa Francesco, uomo di luce e grazia, splendente nel suo scegliere la semplicit\u00e0 in ogni gesto, grande nella sua umilt\u00e0.<\/p>\n<div class=\"link-article\">\n<p><img loading=\"lazy\" decoding=\"async\" class=\"size-full wp-image-22520 alignleft\" src=\"https:\/\/blog.holyart.it\/it\/wp-content\/uploads\/sites\/17\/2025\/08\/Holyart_Blog_PapaFrancesco_it-1.jpg\" alt=\"papa francesco\" width=\"150\" height=\"99\" data-kale-share-title=\"Slabbinck: i paramenti che uniscono fede, arte e maestria sartoriale\" data-kale-share-url=\"https:\/\/blog.holyart.it\/it\/?p=22507\" \/><\/p>\n<div class=\"leggi-anche\">Leggi anche:<\/div>\n<p><strong><a href=\"https:\/\/www.holyart.it\/blog\/occasioni-speciali\/come-papa-francesco-ha-trasformato-la-chiesa-durante-il-suo-pontificato\/\">Come Papa Francesco ha trasformato la Chiesa durante il suo pontificato<\/a><\/strong><br \/>\nChe cosa ha fatto di importante Papa Francesco? Il suo pontificato \u00e8&#8230;<\/p>\n<\/div>\n<p>Oltre alle casule, l\u2019atelier ha realizzato per il Papa una raffinata\u00a0<strong><a href=\"https:\/\/www.holyart.it\/blog\/accessori-liturgia\/servizi-da-messa-dal-copricalice-al-corporale-tutti-i-tessuti-della-liturgia\/\">biancheria d\u2019altare<\/a><\/strong>: lino purissimo, ricami a mano, simboli eucaristici discreti, ma eloquenti. Tovaglia, purificatoio e corporale realizzati in un equilibrio perfetto tra dignit\u00e0 liturgica e sobriet\u00e0 evangelica, fedeli alla missione che Slabbinck si \u00e8 dato nel tempo: dare forma alla semplicit\u00e0 senza cadere nella povert\u00e0 estetica, mantenendo la bellezza come veicolo privilegiato di evangelizzazione.<\/p>\n<h2>La casula di Papa Benedetto XVI<\/h2>\n<p>Se Papa Francesco ha ispirato creazioni improntate alla sobriet\u00e0, <a href=\"https:\/\/www.holyart.it\/it\/accessori-per-la-liturgia\/paramenti-liturgici-servizi-altare-coprileggii\/slabbinck\/casula-benedetto-xvi-ricamata-oro-slabbinck\"><strong>Papa Benedetto XVI<\/strong><\/a> ha offerto a Slabbinck l\u2019opportunit\u00e0 di esprimere l\u2019opulenza teologica e simbolica della liturgia.<br \/>\nPer la visita apostolica in Brasile nel 2007, l\u2019atelier realizz\u00f2 una casula bianca in tessuto Cantate, con ricami in fili dorati e argentati sul collo, sulle maniche e sulle bande. L\u2019oro, lavorato secondo antiche tecniche bizantine, irradiava una luce che sembrava spirituale pi\u00f9 che materiale. Era un abito che non si limitava a vestire il Pontefice: lo inseriva in una cornice di secoli di tradizione, facendo parlare la stoffa come fosse parola proclamata.<\/p>\n<div class=\"link-product\">\n<div class=\"blocco-immagine\"><img loading=\"lazy\" decoding=\"async\" class=\"size-full wp-image-22512 alignleft\" src=\"https:\/\/blog.holyart.it\/it\/wp-content\/uploads\/sites\/17\/2025\/08\/casula-benedetto-xvi-ricamata-oro-slabbinck.jpg\" alt=\"casula benedetto xvi ricamata oro slabbinck\" width=\"100\" height=\"100\" data-kale-share-title=\"Slabbinck: i paramenti che uniscono fede, arte e maestria sartoriale\" data-kale-share-url=\"https:\/\/blog.holyart.it\/it\/?p=22507\" \/><\/div>\n<div class=\"blocco-contenuto\">\n<div class=\"blocco-acquista\">Acquista su Holyart:<\/div>\n<div class=\"blocco-titolo\"><a href=\"https:\/\/www.holyart.it\/it\/accessori-per-la-liturgia\/paramenti-liturgici-servizi-altare-coprileggii\/slabbinck\/casula-benedetto-xvi-ricamata-oro-slabbinck\">Casula Benedetto XVI ricamata oro Slabbinck<\/a><\/div>\n<div class=\"blocco-descrizione\">Casula misto lana realizzata dal prestigioso atelier belga Slabbinck. Indossata da Papa Benedetto XVI nel suo viaggio apostolico in Brasile del 2007.<\/div>\n<\/div>\n<\/div>\n<h2>Slabbinck oggi: arte, fede e futuro<\/h2>\n<p>In un\u2019epoca dominata dalla velocit\u00e0 e dalla produzione seriale, Slabbinck porta avanti la sua missione con orgoglio e tenacia: fare bene, con lentezza creativa e maestria artigiana. Ogni opera, dalla veste di un parroco di campagna, alla casula che accompagna il Papa in una celebrazione solenne, nasce con la stessa dedizione. In una cattedrale di Roma o in una piccola parrocchia, ogni pezzo Slabbinck porta in s\u00e9 il medesimo messaggio: la fede merita di essere celebrata con il meglio che le mani e il cuore possano offrire.<\/p>\n","protected":false},"excerpt":{"rendered":"<p>Atelier Slabbinck, eccellenza delle Fiandre. Da oltre cento anni realizza paramenti sacri con maestria artigianale e fede Il cuore delle Fiandre belghe ospita da pi\u00f9 di un secolo un luogo molto speciale, dove la stoffa si trasforma in preghiera. In una terra dove il vento&hellip;<\/p>\n","protected":false},"author":1,"featured_media":22976,"comment_status":"closed","ping_status":"open","sticky":false,"template":"","format":"standard","meta":{"_acf_changed":false,"footnotes":""},"categories":[14],"tags":[],"class_list":["post-22507","post","type-post","status-publish","format-standard","has-post-thumbnail","hentry","category-accessori-liturgia"],"acf":[],"yoast_head":"<!-- This site is optimized with the Yoast SEO plugin v26.6 - https:\/\/yoast.com\/wordpress\/plugins\/seo\/ -->\n<title>Slabbinck: i paramenti che uniscono fede, arte e maestria sartoriale - Holyblog<\/title>\n<meta name=\"description\" content=\"Dalle fiandre al mondo: Slabbinck cuce paramenti sacri da oltre un secolo, unendo tradizione, arte e fede in ogni filo.\" \/>\n<meta name=\"robots\" content=\"index, follow, max-snippet:-1, max-image-preview:large, max-video-preview:-1\" \/>\n<link rel=\"canonical\" href=\"https:\/\/blog.holyart.it\/it\/accessori-liturgia\/slabbinck-i-paramenti-che-uniscono-fede-arte-e-maestria-sartoriale\/\" \/>\n<meta property=\"og:locale\" content=\"it_IT\" \/>\n<meta property=\"og:type\" content=\"article\" \/>\n<meta property=\"og:title\" content=\"Slabbinck: i paramenti che uniscono fede, arte e maestria sartoriale - Holyblog\" \/>\n<meta property=\"og:description\" content=\"Dalle fiandre al mondo: Slabbinck cuce paramenti sacri da oltre un secolo, unendo tradizione, arte e fede in ogni filo.\" \/>\n<meta property=\"og:url\" content=\"https:\/\/blog.holyart.it\/it\/accessori-liturgia\/slabbinck-i-paramenti-che-uniscono-fede-arte-e-maestria-sartoriale\/\" \/>\n<meta property=\"og:site_name\" content=\"Holyblog\" \/>\n<meta property=\"article:published_time\" content=\"2025-12-31T09:00:37+00:00\" \/>\n<meta property=\"article:modified_time\" content=\"2026-03-03T09:34:55+00:00\" \/>\n<meta property=\"og:image\" content=\"https:\/\/blog.holyart.it\/it\/wp-content\/uploads\/sites\/17\/2025\/08\/paramenti-slabbinck.jpg\" \/>\n\t<meta property=\"og:image:width\" content=\"1000\" \/>\n\t<meta property=\"og:image:height\" content=\"666\" \/>\n\t<meta property=\"og:image:type\" content=\"image\/jpeg\" \/>\n<meta name=\"author\" content=\"Redazione\" \/>\n<meta name=\"twitter:card\" content=\"summary_large_image\" \/>\n<meta name=\"twitter:label1\" content=\"Scritto da\" \/>\n\t<meta name=\"twitter:data1\" content=\"Redazione\" \/>\n\t<meta name=\"twitter:label2\" content=\"Tempo di lettura stimato\" \/>\n\t<meta name=\"twitter:data2\" content=\"9 minuti\" \/>\n<script type=\"application\/ld+json\" class=\"yoast-schema-graph\">{\"@context\":\"https:\/\/schema.org\",\"@graph\":[{\"@type\":\"Article\",\"@id\":\"https:\/\/blog.holyart.it\/it\/accessori-liturgia\/slabbinck-i-paramenti-che-uniscono-fede-arte-e-maestria-sartoriale\/#article\",\"isPartOf\":{\"@id\":\"https:\/\/blog.holyart.it\/it\/accessori-liturgia\/slabbinck-i-paramenti-che-uniscono-fede-arte-e-maestria-sartoriale\/\"},\"author\":{\"name\":\"Redazione\",\"@id\":\"https:\/\/blog.holyart.it\/it\/#\/schema\/person\/0a7b686e5af0f856ec1e390dd0baecda\"},\"headline\":\"Slabbinck: i paramenti che uniscono fede, arte e maestria sartoriale\",\"datePublished\":\"2025-12-31T09:00:37+00:00\",\"dateModified\":\"2026-03-03T09:34:55+00:00\",\"mainEntityOfPage\":{\"@id\":\"https:\/\/blog.holyart.it\/it\/accessori-liturgia\/slabbinck-i-paramenti-che-uniscono-fede-arte-e-maestria-sartoriale\/\"},\"wordCount\":1437,\"publisher\":{\"@id\":\"https:\/\/blog.holyart.it\/it\/#organization\"},\"image\":{\"@id\":\"https:\/\/blog.holyart.it\/it\/accessori-liturgia\/slabbinck-i-paramenti-che-uniscono-fede-arte-e-maestria-sartoriale\/#primaryimage\"},\"thumbnailUrl\":\"https:\/\/blog.holyart.it\/it\/wp-content\/uploads\/sites\/17\/2025\/08\/paramenti-slabbinck.jpg\",\"articleSection\":[\"Liturgia\"],\"inLanguage\":\"it-IT\"},{\"@type\":\"WebPage\",\"@id\":\"https:\/\/blog.holyart.it\/it\/accessori-liturgia\/slabbinck-i-paramenti-che-uniscono-fede-arte-e-maestria-sartoriale\/\",\"url\":\"https:\/\/blog.holyart.it\/it\/accessori-liturgia\/slabbinck-i-paramenti-che-uniscono-fede-arte-e-maestria-sartoriale\/\",\"name\":\"Slabbinck: i paramenti che uniscono fede, arte e maestria sartoriale - Holyblog\",\"isPartOf\":{\"@id\":\"https:\/\/blog.holyart.it\/it\/#website\"},\"primaryImageOfPage\":{\"@id\":\"https:\/\/blog.holyart.it\/it\/accessori-liturgia\/slabbinck-i-paramenti-che-uniscono-fede-arte-e-maestria-sartoriale\/#primaryimage\"},\"image\":{\"@id\":\"https:\/\/blog.holyart.it\/it\/accessori-liturgia\/slabbinck-i-paramenti-che-uniscono-fede-arte-e-maestria-sartoriale\/#primaryimage\"},\"thumbnailUrl\":\"https:\/\/blog.holyart.it\/it\/wp-content\/uploads\/sites\/17\/2025\/08\/paramenti-slabbinck.jpg\",\"datePublished\":\"2025-12-31T09:00:37+00:00\",\"dateModified\":\"2026-03-03T09:34:55+00:00\",\"description\":\"Dalle fiandre al mondo: Slabbinck cuce paramenti sacri da oltre un secolo, unendo tradizione, arte e fede in ogni filo.\",\"breadcrumb\":{\"@id\":\"https:\/\/blog.holyart.it\/it\/accessori-liturgia\/slabbinck-i-paramenti-che-uniscono-fede-arte-e-maestria-sartoriale\/#breadcrumb\"},\"inLanguage\":\"it-IT\",\"potentialAction\":[{\"@type\":\"ReadAction\",\"target\":[\"https:\/\/blog.holyart.it\/it\/accessori-liturgia\/slabbinck-i-paramenti-che-uniscono-fede-arte-e-maestria-sartoriale\/\"]}]},{\"@type\":\"ImageObject\",\"inLanguage\":\"it-IT\",\"@id\":\"https:\/\/blog.holyart.it\/it\/accessori-liturgia\/slabbinck-i-paramenti-che-uniscono-fede-arte-e-maestria-sartoriale\/#primaryimage\",\"url\":\"https:\/\/blog.holyart.it\/it\/wp-content\/uploads\/sites\/17\/2025\/08\/paramenti-slabbinck.jpg\",\"contentUrl\":\"https:\/\/blog.holyart.it\/it\/wp-content\/uploads\/sites\/17\/2025\/08\/paramenti-slabbinck.jpg\",\"width\":1000,\"height\":666,\"caption\":\"paramenti slabbinck\"},{\"@type\":\"BreadcrumbList\",\"@id\":\"https:\/\/blog.holyart.it\/it\/accessori-liturgia\/slabbinck-i-paramenti-che-uniscono-fede-arte-e-maestria-sartoriale\/#breadcrumb\",\"itemListElement\":[{\"@type\":\"ListItem\",\"position\":1,\"name\":\"Homepage\",\"item\":\"https:\/\/blog.holyart.it\/it\/\"},{\"@type\":\"ListItem\",\"position\":2,\"name\":\"Liturgia\",\"item\":\"https:\/\/blog.holyart.it\/it\/accessori-liturgia\/\"},{\"@type\":\"ListItem\",\"position\":3,\"name\":\"Slabbinck: i paramenti che uniscono fede, arte e maestria sartoriale\"}]},{\"@type\":\"WebSite\",\"@id\":\"https:\/\/blog.holyart.it\/it\/#website\",\"url\":\"https:\/\/blog.holyart.it\/it\/\",\"name\":\"Holyblog\",\"description\":\"Il Blog di Holyart.it\",\"publisher\":{\"@id\":\"https:\/\/blog.holyart.it\/it\/#organization\"},\"potentialAction\":[{\"@type\":\"SearchAction\",\"target\":{\"@type\":\"EntryPoint\",\"urlTemplate\":\"https:\/\/blog.holyart.it\/it\/?s={search_term_string}\"},\"query-input\":{\"@type\":\"PropertyValueSpecification\",\"valueRequired\":true,\"valueName\":\"search_term_string\"}}],\"inLanguage\":\"it-IT\"},{\"@type\":\"Organization\",\"@id\":\"https:\/\/blog.holyart.it\/it\/#organization\",\"name\":\"Holyblog\",\"url\":\"https:\/\/blog.holyart.it\/it\/\",\"logo\":{\"@type\":\"ImageObject\",\"inLanguage\":\"it-IT\",\"@id\":\"https:\/\/blog.holyart.it\/it\/#\/schema\/logo\/image\/\",\"url\":\"https:\/\/blog.holyart.it\/it\/wp-content\/uploads\/sites\/17\/2022\/12\/Holyart_Blog_Logo.jpg\",\"contentUrl\":\"https:\/\/blog.holyart.it\/it\/wp-content\/uploads\/sites\/17\/2022\/12\/Holyart_Blog_Logo.jpg\",\"width\":300,\"height\":50,\"caption\":\"Holyblog\"},\"image\":{\"@id\":\"https:\/\/blog.holyart.it\/it\/#\/schema\/logo\/image\/\"}},{\"@type\":\"Person\",\"@id\":\"https:\/\/blog.holyart.it\/it\/#\/schema\/person\/0a7b686e5af0f856ec1e390dd0baecda\",\"name\":\"Redazione\"}]}<\/script>\n<!-- \/ Yoast SEO plugin. -->","yoast_head_json":{"title":"Slabbinck: i paramenti che uniscono fede, arte e maestria sartoriale - Holyblog","description":"Dalle fiandre al mondo: Slabbinck cuce paramenti sacri da oltre un secolo, unendo tradizione, arte e fede in ogni filo.","robots":{"index":"index","follow":"follow","max-snippet":"max-snippet:-1","max-image-preview":"max-image-preview:large","max-video-preview":"max-video-preview:-1"},"canonical":"https:\/\/blog.holyart.it\/it\/accessori-liturgia\/slabbinck-i-paramenti-che-uniscono-fede-arte-e-maestria-sartoriale\/","og_locale":"it_IT","og_type":"article","og_title":"Slabbinck: i paramenti che uniscono fede, arte e maestria sartoriale - Holyblog","og_description":"Dalle fiandre al mondo: Slabbinck cuce paramenti sacri da oltre un secolo, unendo tradizione, arte e fede in ogni filo.","og_url":"https:\/\/blog.holyart.it\/it\/accessori-liturgia\/slabbinck-i-paramenti-che-uniscono-fede-arte-e-maestria-sartoriale\/","og_site_name":"Holyblog","article_published_time":"2025-12-31T09:00:37+00:00","article_modified_time":"2026-03-03T09:34:55+00:00","og_image":[{"width":1000,"height":666,"url":"https:\/\/blog.holyart.it\/it\/wp-content\/uploads\/sites\/17\/2025\/08\/paramenti-slabbinck.jpg","type":"image\/jpeg"}],"author":"Redazione","twitter_card":"summary_large_image","twitter_misc":{"Scritto da":"Redazione","Tempo di lettura stimato":"9 minuti"},"schema":{"@context":"https:\/\/schema.org","@graph":[{"@type":"Article","@id":"https:\/\/blog.holyart.it\/it\/accessori-liturgia\/slabbinck-i-paramenti-che-uniscono-fede-arte-e-maestria-sartoriale\/#article","isPartOf":{"@id":"https:\/\/blog.holyart.it\/it\/accessori-liturgia\/slabbinck-i-paramenti-che-uniscono-fede-arte-e-maestria-sartoriale\/"},"author":{"name":"Redazione","@id":"https:\/\/blog.holyart.it\/it\/#\/schema\/person\/0a7b686e5af0f856ec1e390dd0baecda"},"headline":"Slabbinck: i paramenti che uniscono fede, arte e maestria sartoriale","datePublished":"2025-12-31T09:00:37+00:00","dateModified":"2026-03-03T09:34:55+00:00","mainEntityOfPage":{"@id":"https:\/\/blog.holyart.it\/it\/accessori-liturgia\/slabbinck-i-paramenti-che-uniscono-fede-arte-e-maestria-sartoriale\/"},"wordCount":1437,"publisher":{"@id":"https:\/\/blog.holyart.it\/it\/#organization"},"image":{"@id":"https:\/\/blog.holyart.it\/it\/accessori-liturgia\/slabbinck-i-paramenti-che-uniscono-fede-arte-e-maestria-sartoriale\/#primaryimage"},"thumbnailUrl":"https:\/\/blog.holyart.it\/it\/wp-content\/uploads\/sites\/17\/2025\/08\/paramenti-slabbinck.jpg","articleSection":["Liturgia"],"inLanguage":"it-IT"},{"@type":"WebPage","@id":"https:\/\/blog.holyart.it\/it\/accessori-liturgia\/slabbinck-i-paramenti-che-uniscono-fede-arte-e-maestria-sartoriale\/","url":"https:\/\/blog.holyart.it\/it\/accessori-liturgia\/slabbinck-i-paramenti-che-uniscono-fede-arte-e-maestria-sartoriale\/","name":"Slabbinck: i paramenti che uniscono fede, arte e maestria sartoriale - Holyblog","isPartOf":{"@id":"https:\/\/blog.holyart.it\/it\/#website"},"primaryImageOfPage":{"@id":"https:\/\/blog.holyart.it\/it\/accessori-liturgia\/slabbinck-i-paramenti-che-uniscono-fede-arte-e-maestria-sartoriale\/#primaryimage"},"image":{"@id":"https:\/\/blog.holyart.it\/it\/accessori-liturgia\/slabbinck-i-paramenti-che-uniscono-fede-arte-e-maestria-sartoriale\/#primaryimage"},"thumbnailUrl":"https:\/\/blog.holyart.it\/it\/wp-content\/uploads\/sites\/17\/2025\/08\/paramenti-slabbinck.jpg","datePublished":"2025-12-31T09:00:37+00:00","dateModified":"2026-03-03T09:34:55+00:00","description":"Dalle fiandre al mondo: Slabbinck cuce paramenti sacri da oltre un secolo, unendo tradizione, arte e fede in ogni filo.","breadcrumb":{"@id":"https:\/\/blog.holyart.it\/it\/accessori-liturgia\/slabbinck-i-paramenti-che-uniscono-fede-arte-e-maestria-sartoriale\/#breadcrumb"},"inLanguage":"it-IT","potentialAction":[{"@type":"ReadAction","target":["https:\/\/blog.holyart.it\/it\/accessori-liturgia\/slabbinck-i-paramenti-che-uniscono-fede-arte-e-maestria-sartoriale\/"]}]},{"@type":"ImageObject","inLanguage":"it-IT","@id":"https:\/\/blog.holyart.it\/it\/accessori-liturgia\/slabbinck-i-paramenti-che-uniscono-fede-arte-e-maestria-sartoriale\/#primaryimage","url":"https:\/\/blog.holyart.it\/it\/wp-content\/uploads\/sites\/17\/2025\/08\/paramenti-slabbinck.jpg","contentUrl":"https:\/\/blog.holyart.it\/it\/wp-content\/uploads\/sites\/17\/2025\/08\/paramenti-slabbinck.jpg","width":1000,"height":666,"caption":"paramenti slabbinck"},{"@type":"BreadcrumbList","@id":"https:\/\/blog.holyart.it\/it\/accessori-liturgia\/slabbinck-i-paramenti-che-uniscono-fede-arte-e-maestria-sartoriale\/#breadcrumb","itemListElement":[{"@type":"ListItem","position":1,"name":"Homepage","item":"https:\/\/blog.holyart.it\/it\/"},{"@type":"ListItem","position":2,"name":"Liturgia","item":"https:\/\/blog.holyart.it\/it\/accessori-liturgia\/"},{"@type":"ListItem","position":3,"name":"Slabbinck: i paramenti che uniscono fede, arte e maestria sartoriale"}]},{"@type":"WebSite","@id":"https:\/\/blog.holyart.it\/it\/#website","url":"https:\/\/blog.holyart.it\/it\/","name":"Holyblog","description":"Il Blog di Holyart.it","publisher":{"@id":"https:\/\/blog.holyart.it\/it\/#organization"},"potentialAction":[{"@type":"SearchAction","target":{"@type":"EntryPoint","urlTemplate":"https:\/\/blog.holyart.it\/it\/?s={search_term_string}"},"query-input":{"@type":"PropertyValueSpecification","valueRequired":true,"valueName":"search_term_string"}}],"inLanguage":"it-IT"},{"@type":"Organization","@id":"https:\/\/blog.holyart.it\/it\/#organization","name":"Holyblog","url":"https:\/\/blog.holyart.it\/it\/","logo":{"@type":"ImageObject","inLanguage":"it-IT","@id":"https:\/\/blog.holyart.it\/it\/#\/schema\/logo\/image\/","url":"https:\/\/blog.holyart.it\/it\/wp-content\/uploads\/sites\/17\/2022\/12\/Holyart_Blog_Logo.jpg","contentUrl":"https:\/\/blog.holyart.it\/it\/wp-content\/uploads\/sites\/17\/2022\/12\/Holyart_Blog_Logo.jpg","width":300,"height":50,"caption":"Holyblog"},"image":{"@id":"https:\/\/blog.holyart.it\/it\/#\/schema\/logo\/image\/"}},{"@type":"Person","@id":"https:\/\/blog.holyart.it\/it\/#\/schema\/person\/0a7b686e5af0f856ec1e390dd0baecda","name":"Redazione"}]}},"_links":{"self":[{"href":"https:\/\/blog.holyart.it\/it\/wp-json\/wp\/v2\/posts\/22507","targetHints":{"allow":["GET"]}}],"collection":[{"href":"https:\/\/blog.holyart.it\/it\/wp-json\/wp\/v2\/posts"}],"about":[{"href":"https:\/\/blog.holyart.it\/it\/wp-json\/wp\/v2\/types\/post"}],"author":[{"embeddable":true,"href":"https:\/\/blog.holyart.it\/it\/wp-json\/wp\/v2\/users\/1"}],"replies":[{"embeddable":true,"href":"https:\/\/blog.holyart.it\/it\/wp-json\/wp\/v2\/comments?post=22507"}],"version-history":[{"count":7,"href":"https:\/\/blog.holyart.it\/it\/wp-json\/wp\/v2\/posts\/22507\/revisions"}],"predecessor-version":[{"id":22977,"href":"https:\/\/blog.holyart.it\/it\/wp-json\/wp\/v2\/posts\/22507\/revisions\/22977"}],"wp:featuredmedia":[{"embeddable":true,"href":"https:\/\/blog.holyart.it\/it\/wp-json\/wp\/v2\/media\/22976"}],"wp:attachment":[{"href":"https:\/\/blog.holyart.it\/it\/wp-json\/wp\/v2\/media?parent=22507"}],"wp:term":[{"taxonomy":"category","embeddable":true,"href":"https:\/\/blog.holyart.it\/it\/wp-json\/wp\/v2\/categories?post=22507"},{"taxonomy":"post_tag","embeddable":true,"href":"https:\/\/blog.holyart.it\/it\/wp-json\/wp\/v2\/tags?post=22507"}],"curies":[{"name":"wp","href":"https:\/\/api.w.org\/{rel}","templated":true}]}}