{"id":22387,"date":"2025-08-04T12:45:10","date_gmt":"2025-08-04T10:45:10","guid":{"rendered":"https:\/\/blog.holyart.it\/it\/?p=22387"},"modified":"2025-09-30T17:33:01","modified_gmt":"2025-09-30T15:33:01","slug":"thun-e-la-sua-limited-edition-del-presepe-dedicato-al-giubileo-2025","status":"publish","type":"post","link":"https:\/\/blog.holyart.it\/it\/giubileo-2025\/thun-e-la-sua-limited-edition-del-presepe-dedicato-al-giubileo-2025\/","title":{"rendered":"THUN e la sua limited edition del Presepe dedicato al Giubileo 2025"},"content":{"rendered":"<h4>THUN Presepe Giubileo 2025: quando la fede prende forma tra le mani degli angeli<\/h4>\n\n<p>Nel silenzio di un laboratorio alpino, tra montagne innevate e profumo d\u2019argilla, nascono creature che parlano al cuore. \u00c8 l\u00ec che, pi\u00f9 di settant\u2019anni fa, una contessa dal cuore gentile, <strong>Lene Thun<\/strong>, diede vita a un piccolo angelo di ceramica. Senza bisogno di parole: solo un gesto, una curva, un sorriso modellato nel tempo. Non era un semplice oggetto, ma un sussurro d\u2019amore, una carezza dolce che avrebbe attraversato i decenni, arrivando fino a noi. Oggi, quel soffio d\u2019eternit\u00e0 si rinnova con la nuova, esclusiva collezione\u00a0<a href=\"https:\/\/www.holyart.it\/it\/natale\/presepi\/presepe-thun\"><strong>THUN Presepe Giubileo 2025<\/strong><\/a>. Nel pieno del\u00a0<strong><a href=\"https:\/\/www.holyart.it\/blog\/articoli-religiosi\/il-calendario-degli-eventi-del-giubileo-2025\/\">Giubileo 2025<\/a><\/strong>, THUN dona nuova luce alla sua tradizione, dando vita a <strong>una collezione in edizione limitata<\/strong> che \u00e8 molto pi\u00f9 di un gesto artistico: \u00e8 un sigillo dell&#8217;anima, un ricordo condiviso da chi crede nella speranza.<br \/>\nI personaggi del Presepe del Giubileo non parlano, ma comunicano con una tenerezza profonda: raccontano viaggi dello spirito, promesse silenziose, una fede che resiste al tempo. Quale miglior messaggio per il Giubileo 2025, dedicato ai\u00a0<strong>Pellegrini di Speranza<\/strong>, un\u2019occasione per l\u2019intera umanit\u00e0 di fermarsi, e ricordare cosa veramente conta, cosa ci unisce, cosa ci rende umani?<\/p>\n<p>Il Giubileo \u00e8 un anno di grazia che si apre su mondi pi\u00f9 profondi. Tutto comincia con un gesto solenne: l\u2019<strong><a href=\"https:\/\/www.holyart.it\/blog\/articoli-religiosi\/porta-santa-cose-e-cosa-rappresenta-la-sua-apertura\/\">apertura della Porta Santa<\/a><\/strong>. Ma il vero passaggio avviene altrove, nel cuore di ciascuno, quando scegliamo coscientemente di lasciarci il buio alle spalle, e davanti a noi si apre uno spiraglio alla luce, al perdono, alla rinascita.<br \/>\nNel cammino del 2025, milioni di anime si mettono in viaggio armati solo di amore e speranza. E la speranza, per fiorire davvero, ha bisogno di essere protetta, nutrita, tenuta viva nella memoria. \u00c8 qui che entra in scena la nuova collezione THUN: piccole figure che incarnano una grande verit\u00e0. Che la fede pu\u00f2 abitare le nostre case. Che l\u2019arte pu\u00f2 farsi veicolo di spiritualit\u00e0. Che anche un presepe pu\u00f2 contenere il mistero di un Anno Santo.<\/p>\n<p>Il\u00a0<strong>Presepe del Giubileo THUN<\/strong> non \u00e8 solo una collezione da esporre. \u00c8 un dono da custodire, un simbolo da tramandare, una fede da modellare, giorno dopo giorno, con la stessa pazienza con cui si plasma l\u2019argilla. Perch\u00e9 alcune emozioni non si possono spiegare, ma si possono toccare e tenere tra le mani. E, nel farlo, impariamo a riconoscere che c\u2019\u00e8 qualcosa di sacro anche nel gesto pi\u00f9 piccolo. \u00c8 cos\u00ec che l\u2019arte custodisce l\u2019anima. Ed \u00e8 cos\u00ec che, tra le mani di chi crea e di chi contempla, la speranza prende forma.<\/p>\n<div class=\"sp-styles-warning\" style=\"width: 450px; background-color: #FFF; color: #F00; border: 1px solid #F00; padding: 10px; font-size: 14px;\">\n\t\t\t<span style=\"font-weight: bold;\">Warning: The stylesheets were not loaded!<\/span> \n\t\t\tYou will need to change the <i>Load stylesheets<\/i> setting from <i>Automatically<\/i> to <i>On homepage<\/i> or <i>On all pages<\/i>. \n\t\t\tYou can set that <a style=\"text-decoration: underline; color: #F00;\" href=\"https:\/\/blog.holyart.it\/it\/wp-admin\/admin.php?page=sliderpro-settings\">here<\/a>.\n\t\t\t<\/div>\r\n<div id=\"slider-pro-234\" class=\"slider-pro sp-no-js\" style=\"width: 500px; height: 500px;\">\r\n\t<div class=\"sp-slides\">\r\n\t\t\r\n\t\t<div class=\"sp-slide\">\r\n\t\t\t<img loading=\"lazy\" decoding=\"async\" class=\"sp-image\" src=\"https:\/\/blog.holyart.it\/it\/wp-content\/uploads\/sites\/17\/2025\/08\/pellegrino-in-ginocchio-thun-giubileo-2025.jpg\" alt=\"pellegrino in ginocchio thun giubileo 2025\" width=\"500\" height=\"500\" \/>\r\n\t\t\t<div class=\"sp-thumbnail\"><a class=\"\" href=\"https:\/\/www.holyart.it\/it\/giubileo-2025-pellegrini-di-speranza\/gadget-e-souvenir-giubileo-2025\/viandante-presepe-thun-giubileo-2025-limited-edition\">\r\n\t\t\t\t<img decoding=\"async\" src=\"https:\/\/blog.holyart.it\/it\/wp-content\/uploads\/sites\/17\/2025\/08\/pellegrino-in-ginocchio-thun-giubileo-2025-1.jpg\" alt=\"pellegrino in ginocchio thun giubileo 2025\" \/>\r\n\t\t\t<\/a>\r\n\t\t\t<\/div>\r\n\t\t\t<div class=\"sp-caption\">Viandante presepe THUN Giubileo 2025 limited edition.<br \/>\nStatuina firmata THUN raffigurante un pellegrino della speranza, inginocchiato con il bastone tra le mani, realizzata in occasione del Giubileo 2025.<br \/>\n<strong><a href=\"https:\/\/www.holyart.it\/it\/giubileo-2025-pellegrini-di-speranza\/gadget-e-souvenir-giubileo-2025\/viandante-presepe-thun-giubileo-2025-limited-edition\">Acquista su Holyart<\/a><\/strong><\/div>\r\n\t\t<\/div>\r\n\t\t<div class=\"sp-slide\">\r\n\t\t\t<img loading=\"lazy\" decoding=\"async\" class=\"sp-image\" src=\"https:\/\/blog.holyart.it\/it\/wp-content\/uploads\/sites\/17\/2025\/08\/maria-thun-linea-presepe-classico-bianco.jpg\" alt=\"maria thun linea presepe classico bianco\" width=\"500\" height=\"500\" \/>\r\n\t\t\t<div class=\"sp-thumbnail\"><a class=\"\" href=\"https:\/\/www.holyart.it\/it\/natale\/presepi\/presepe-thun\/maria-thun-linea-presepe-classico-bianco\">\r\n\t\t\t\t<img decoding=\"async\" src=\"https:\/\/blog.holyart.it\/it\/wp-content\/uploads\/sites\/17\/2025\/08\/maria-thun-linea-presepe-classico-bianco-1.jpg\" alt=\"maria thun linea presepe classico bianco\" \/>\r\n\t\t\t<\/a>\r\n\t\t\t<\/div>\r\n\t\t\t<div class=\"sp-caption\">Maria THUN linea Presepe Classico bianco.<br \/>\nCompleta il tuo presepe THUN con la figura sacra di Maria, simbolo di dolcezza, accoglienza e spiritualit\u00e0.<br \/>\n<strong><a href=\"https:\/\/www.holyart.it\/it\/natale\/presepi\/presepe-thun\/maria-thun-linea-presepe-classico-bianco\">Acquista su Holyart<\/a><\/strong><\/div>\r\n\t\t<\/div>\r\n\t\t<div class=\"sp-slide\">\r\n\t\t\t<img loading=\"lazy\" decoding=\"async\" class=\"sp-image\" src=\"https:\/\/blog.holyart.it\/it\/wp-content\/uploads\/sites\/17\/2025\/08\/gesu-bambino-thun-linea-presepe-classico-bianco.jpg\" alt=\"ges\u00f9 bambino thun linea presepe classico bianco\" width=\"500\" height=\"500\" \/>\r\n\t\t\t<div class=\"sp-thumbnail\"><a class=\"\" href=\"https:\/\/www.holyart.it\/it\/natale\/presepi\/presepe-thun\/gesu-bambino-thun-linea-presepe-classico-bianco\">\r\n\t\t\t\t<img decoding=\"async\" src=\"https:\/\/blog.holyart.it\/it\/wp-content\/uploads\/sites\/17\/2025\/08\/gesu-bambino-thun-linea-presepe-classico-bianco-1.jpg\" alt=\"ges\u00f9 bambino thun linea presepe classico bianco\" \/>\r\n\t\t\t<\/a>\r\n\t\t\t<\/div>\r\n\t\t\t<div class=\"sp-caption\">Ges\u00f9 bambino THUN linea Presepe Classico bianco.<br \/>\nCompleta la tua Sacra Famiglia THUN con la figura di Ges\u00f9 Bambino, realizzata in ceramica decorata a mano con la consueta dolcezza e cura dei dettagli.<br \/>\n<strong><a href=\"https:\/\/www.holyart.it\/it\/natale\/presepi\/presepe-thun\/gesu-bambino-thun-linea-presepe-classico-bianco\">Acquista su Holyart<\/a><\/strong><\/div>\r\n\t\t<\/div>\r\n\t\t<div class=\"sp-slide\">\r\n\t\t\t<img loading=\"lazy\" decoding=\"async\" class=\"sp-image\" src=\"https:\/\/blog.holyart.it\/it\/wp-content\/uploads\/sites\/17\/2025\/08\/giuseppe-thun-linea-presepe-classico-bianco.jpg\" alt=\"giuseppe thun linea presepe classico bianco\" width=\"500\" height=\"500\" \/>\r\n\t\t\t<div class=\"sp-thumbnail\"><a class=\"\" href=\"https:\/\/www.holyart.it\/it\/natale\/presepi\/presepe-thun\/giuseppe-thun-linea-presepe-classico-bianco\">\r\n\t\t\t\t<img decoding=\"async\" src=\"https:\/\/blog.holyart.it\/it\/wp-content\/uploads\/sites\/17\/2025\/08\/giuseppe-thun-linea-presepe-classico-bianco-1.jpg\" alt=\"giuseppe thun linea presepe classico bianco\" \/>\r\n\t\t\t<\/a>\r\n\t\t\t<\/div>\r\n\t\t\t<div class=\"sp-caption\">Giuseppe THUN linea Presepe Classico bianco.<br \/>\nUn grande classico del Natale si unisce alla magia firmata THUN.<br \/>\nI personaggi del presepe si animano di dolcezza e spiritualit\u00e0, come Giuseppe, raffigurato con la lanterna in mano, simbolo di luce e guida.<br \/>\n<strong><a href=\"https:\/\/www.holyart.it\/it\/natale\/presepi\/presepe-thun\/giuseppe-thun-linea-presepe-classico-bianco\">Acquista su Holyart<\/a><\/strong><\/div>\r\n\t\t<\/div>\r\n\t\t<div class=\"sp-slide\">\r\n\t\t\t<img loading=\"lazy\" decoding=\"async\" class=\"sp-image\" src=\"https:\/\/blog.holyart.it\/it\/wp-content\/uploads\/sites\/17\/2025\/08\/stalla-thun-linea-presepe-classico.jpg\" alt=\"stalla thun linea presepe classico\" width=\"500\" height=\"500\" \/>\r\n\t\t\t<div class=\"sp-thumbnail\"><a class=\"\" href=\"https:\/\/www.holyart.it\/it\/natale\/presepi\/presepe-thun\/stalla-thun-linea-presepe-classico\">\r\n\t\t\t\t<img decoding=\"async\" src=\"https:\/\/blog.holyart.it\/it\/wp-content\/uploads\/sites\/17\/2025\/08\/stalla-thun-linea-presepe-classico-1.jpg\" alt=\"stalla thun linea presepe classico\" \/>\r\n\t\t\t<\/a>\r\n\t\t\t<\/div>\r\n\t\t\t<div class=\"sp-caption\">Stalla THUN linea presepe classico.<br \/>\n<strong><a href=\"https:\/\/www.holyart.it\/it\/natale\/presepi\/presepe-thun\/stalla-thun-linea-presepe-classico\">Acquista su Holyart<\/a><\/strong><\/div>\r\n\t\t<\/div>\r\n\t\t<div class=\"sp-slide\">\r\n\t\t\t<img loading=\"lazy\" decoding=\"async\" class=\"sp-image\" src=\"https:\/\/blog.holyart.it\/it\/wp-content\/uploads\/sites\/17\/2025\/08\/angelo-annunciazione-thun-linea-presepe-classico-variante-beige.jpg\" alt=\"angelo annunciazione thun linea presepe classico variante beige\" width=\"500\" height=\"500\" \/>\r\n\t\t\t<div class=\"sp-thumbnail\"><a class=\"\" href=\"https:\/\/www.holyart.it\/it\/natale\/presepi\/presepe-thun\/angelo-annunciazione-thun-linea-presepe-classico-variante-beige\">\r\n\t\t\t\t<img decoding=\"async\" src=\"https:\/\/blog.holyart.it\/it\/wp-content\/uploads\/sites\/17\/2025\/08\/angelo-annunciazione-thun-linea-presepe-classico-variante-beige-1.jpg\" alt=\"angelo annunciazione thun linea presepe classico variante beige\" \/>\r\n\t\t\t<\/a>\r\n\t\t\t<\/div>\r\n\t\t\t<div class=\"sp-caption\">Angelo annunciazione THUN linea Presepe classico variante beige.<br \/>\nDona un tocco di spiritualit\u00e0 al tuo presepe con l\u2019angelo dell\u2019annunciazione beige firmato THUN.<br \/>\n<strong><a href=\"https:\/\/www.holyart.it\/it\/natale\/presepi\/presepe-thun\/angelo-annunciazione-thun-linea-presepe-classico-variante-beige\">Acquista su Holyart<\/a><\/strong><\/div>\r\n\t\t<\/div>\r\n\t<\/div>\r\n<\/div>\n<h2>Un presepe che accoglie l\u2019umanit\u00e0 in cammino<\/h2>\n<p>I personaggi del <strong>Presepe del Giubileo THUN<\/strong> non sono semplici statuine. Coi loro volti sereni, le mani tese, i gesti gentili abbracciano tutti i pellegrini in un cerchio d\u2019amore. Sono <a href=\"https:\/\/www.holyart.it\/it\/giubileo-2025-pellegrini-di-speranza\/gadget-e-souvenir-giubileo-2025\/nativita-thun-formella-logo-giubileo-2025-limited-edition\"><strong>l\u2019umile Sacra Famiglia<\/strong><\/a> che accoglie ogni anima stanca, le vesti morbide dei sapienti, i passi lenti dei pastori, gli occhi pieni di meraviglia dei bambini. Sono l\u2019umanit\u00e0 intera in cammino verso la luce, all\u2019ombra di quella croce che nel\u00a0<strong><a href=\"https:\/\/www.holyart.it\/blog\/articoli-religiosi\/il-significato-del-logo-del-giubileo-2025-pellegrini-di-speranza\/\">logo del Giubileo<\/a><\/strong>\u00a0si fa ancora di salvezza. Ogni figura \u00e8 plasmata e dipinta a mano, con quella cura che non si improvvisa, ma nasce dal rispetto, dalla tradizione, dall\u2019amore per ci\u00f2 che \u00e8 destinato a durare. Le forme tondeggianti, le espressioni pacifiche, i colori tenui, raccontano una bellezza disarmante, che non ha bisogno di stupire, ma solo di essere contemplata. Nelle loro piccole mani racchiudono gi\u00e0 un ricordo dell\u2019Anno Santo, un ricordo prezioso, perch\u00e9, quando l\u2019anno sar\u00e0 passato, e i rintocchi solenni si saranno spenti, sar\u00e0 nel silenzio di casa che torneremo a ricercare il significato pi\u00f9 profondo di ci\u00f2 che abbiamo vissuto. Ogni figura THUN sar\u00e0 allora un testimone silenzioso, un custode di emozioni, una lampada accesa nei giorni d\u2019ombra. Per i bambini sar\u00e0 un racconto da ascoltare. Per gli anziani, l\u2019eco di altri Giubilei. Per tutti, un invito a fermarsi, a respirare, a credere ancora nella possibilit\u00e0 di un bene pi\u00f9 grande.<\/p>\n<div class=\"link-product\">\n<div class=\"blocco-immagine\"><img loading=\"lazy\" decoding=\"async\" class=\"size-full wp-image-22404 alignleft\" src=\"https:\/\/blog.holyart.it\/it\/wp-content\/uploads\/sites\/17\/2025\/08\/nativita-thun-formella-logo-giubileo-2025.jpg\" alt=\"nativit\u00e0 thun formella logo giubileo 2025\" width=\"100\" height=\"100\" data-kale-share-title=\"Thun e la sua limited edition del Presepe dedicato al Giubileo 2025\" data-kale-share-url=\"https:\/\/blog.holyart.it\/it\/?p=22387\" \/><\/div>\n<div class=\"blocco-contenuto\">\n<div class=\"blocco-acquista\">Acquista su Holyart:<\/div>\n<div class=\"blocco-titolo\"><a href=\"https:\/\/www.holyart.it\/it\/giubileo-2025-pellegrini-di-speranza\/gadget-e-souvenir-giubileo-2025\/nativita-thun-formella-logo-giubileo-2025-limited-edition\">Nativit\u00e0 THUN formella logo Giubileo 2025 limited edition<\/a><\/div>\n<div class=\"blocco-descrizione\">Mini presepe firmato THUN raffigurante la Nativit\u00e0, creato in occasione del Giubileo 2025.<\/div>\n<\/div>\n<\/div>\n<h2>THUN: quando l\u2019arte diventa carezza per l\u2019anima<\/h2>\n<p>Nella storia di THUN, ogni gesto ha un\u2019intenzione, ogni dettaglio \u00e8 portatore di senso. Come negli\u00a0<em>Angeli Custodi<\/em>, che portano incise sul retro parole lievi come il respiro del cielo, anche i personaggi del presepe giubilare parlano un linguaggio silenzioso, fatto per chi sa vedere con gli occhi del cuore.\u00a0La piega di un mantello, un sorriso abbozzato, lo sguardo rivolto all\u2019infinito: tutto racconta. La ceramica, tra le mani degli artigiani, si fa scrittura senza parole, poesia che prende forma, presenza sacra nel quotidiano. Un Dio che non alza la voce, ma si rivela nei dettagli pi\u00f9 semplici, nel quotidiano, nei gesti piccoli, nei simboli che parlano piano. La collezione del Presepe Giubilare nasce con questa stessa delicatezza: pensata per durare nel tempo, per abitare la memoria e accompagnare la preghiera. Parla ai nonni che ricordano i Giubilei del passato, ai genitori che trasmettono la fede con l\u2019esempio, ai bambini che muovono i primi passi nel mistero della speranza.<br \/>\n\u00c8 un presepe che attraversa le et\u00e0 della vita, che stringe le generazioni in un abbraccio tenero, silenzioso, universale.<\/p>\n<h2>Quando la bellezza si fa dono: arte che cura, arte che unisce<\/h2>\n<p>THUN \u00e8 bellezza, ma non si ferma alla forma. \u00c8 anche un impegno concreto, una scelta di responsabilit\u00e0. Dal 2022 \u00e8\u00a0<em>Societ\u00e0 Benefit<\/em>, e ha fatto della sua missione artistica anche un atto d\u2019amore. Perch\u00e9 la bellezza autentica non \u00e8 mai fine a s\u00e9 stessa. Entra negli ospedali, raggiunge chi soffre. Attraverso la <strong>Fondazione Lene Thun<\/strong>, i laboratori di ceramico-terapia regalano sorrisi e forza ai bambini in cura, trasformando la fragilit\u00e0 in colore, la paura in creazione. Questa stessa vocazione abita anche <a href=\"https:\/\/www.holyart.it\/it\/giubileo-2025-pellegrini-di-speranza\/gadget-e-souvenir-giubileo-2025?page=1&amp;params=%7B%22offset%22:0,%22limit%22:60,%22filters%22:%5B%5D,%22sorter%22:%22YEAR_BEST_SELLERS%22,%22categoryIds%22:%5B108585%5D,%22filtersByIds%22:%5B%7B%22key%22:39,%22values%22:%5B3233%5D%7D%5D%7D\"><strong>la collezione del Giubileo<\/strong><\/a>. Ogni personaggio \u00e8 intriso di cura, inclusione, speranza condivisa. \u00c8 pi\u00f9 di una figura di ceramica: \u00e8 un piccolo seme di bene, pronto a germogliare nel cuore di chi lo accoglie.<\/p>\n<div class=\"sp-styles-warning\" style=\"width: 450px; background-color: #FFF; color: #F00; border: 1px solid #F00; padding: 10px; font-size: 14px;\">\n\t\t\t<span style=\"font-weight: bold;\">Warning: The stylesheets were not loaded!<\/span> \n\t\t\tYou will need to change the <i>Load stylesheets<\/i> setting from <i>Automatically<\/i> to <i>On homepage<\/i> or <i>On all pages<\/i>. \n\t\t\tYou can set that <a style=\"text-decoration: underline; color: #F00;\" href=\"https:\/\/blog.holyart.it\/it\/wp-admin\/admin.php?page=sliderpro-settings\">here<\/a>.\n\t\t\t<\/div>\r\n<div id=\"slider-pro-235\" class=\"slider-pro sp-no-js\" style=\"width: 500px; height: 500px;\">\r\n\t<div class=\"sp-slides\">\r\n\t\t\r\n\t\t<div class=\"sp-slide\">\r\n\t\t\t<img loading=\"lazy\" decoding=\"async\" class=\"sp-image\" src=\"https:\/\/blog.holyart.it\/it\/wp-content\/uploads\/sites\/17\/2025\/08\/teddy-pellegrino-thun-giubileo-2025.jpg\" alt=\"teddy pellegrino thun giubileo 2025\" width=\"500\" height=\"500\" \/>\r\n\t\t\t<div class=\"sp-thumbnail\"><a class=\"\" href=\"https:\/\/www.holyart.it\/it\/giubileo-2025-pellegrini-di-speranza\/gadget-e-souvenir-giubileo-2025\/teddy-pellegrino-thun-giubileo-2025-limited-edition\">\r\n\t\t\t\t<img decoding=\"async\" src=\"https:\/\/blog.holyart.it\/it\/wp-content\/uploads\/sites\/17\/2025\/08\/teddy-pellegrino-thun-giubileo-2025-1.jpg\" alt=\"teddy pellegrino thun giubileo 2025\" \/>\r\n\t\t\t<\/a>\r\n\t\t\t<\/div>\r\n\t\t\t<div class=\"sp-caption\">Teddy pellegrino THUN Giubileo 2025 limited edition.<br \/>\nStatuina firmata THUN raffigurante un tenero Teddy vestito da pellegrino della speranza, in occasione del Giubileo 2025.<br \/>\n<strong><a href=\"https:\/\/www.holyart.it\/it\/giubileo-2025-pellegrini-di-speranza\/gadget-e-souvenir-giubileo-2025\/teddy-pellegrino-thun-giubileo-2025-limited-edition\">Acquista su Holyart<\/a><\/strong><\/div>\r\n\t\t<\/div>\r\n\t\t<div class=\"sp-slide\">\r\n\t\t\t<img loading=\"lazy\" decoding=\"async\" class=\"sp-image\" src=\"https:\/\/blog.holyart.it\/it\/wp-content\/uploads\/sites\/17\/2025\/08\/tazza-thun-con-teddy-pellegrino-giubileo-2025.jpg\" alt=\"tazza thun con teddy pellegrino giubileo 2025\" width=\"500\" height=\"500\" \/>\r\n\t\t\t<div class=\"sp-thumbnail\"><a class=\"\" href=\"https:\/\/www.holyart.it\/it\/giubileo-2025-pellegrini-di-speranza\/gadget-e-souvenir-giubileo-2025\/tazza-thun-con-teddy-pellegrino-giubileo-2025\">\r\n\t\t\t\t<img decoding=\"async\" src=\"https:\/\/blog.holyart.it\/it\/wp-content\/uploads\/sites\/17\/2025\/08\/tazza-thun-con-teddy-pellegrino-giubileo-2025-1.jpg\" alt=\"tazza thun con teddy pellegrino giubileo 2025\" \/>\r\n\t\t\t<\/a>\r\n\t\t\t<\/div>\r\n\t\t\t<div class=\"sp-caption\">Tazza THUN con teddy pellegrino Giubileo 2025.<br \/>\nTazza firmata THUN raffigurante il tenero Teddy vestito da pellegrino della speranza, mentre affronta il cammino con alle spalle una chiesa, simbolo del Giubileo 2025.<br \/>\n<strong><a href=\"https:\/\/www.holyart.it\/it\/giubileo-2025-pellegrini-di-speranza\/gadget-e-souvenir-giubileo-2025\/tazza-thun-con-teddy-pellegrino-giubileo-2025\">Acquista su Holyart<\/a><\/strong><\/div>\r\n\t\t<\/div>\r\n\t\t<div class=\"sp-slide\">\r\n\t\t\t<img loading=\"lazy\" decoding=\"async\" class=\"sp-image\" src=\"https:\/\/blog.holyart.it\/it\/wp-content\/uploads\/sites\/17\/2025\/08\/portachiavi-thun-teddy-pellegrino-giubileo-2025.jpg\" alt=\"portachiavi thun teddy pellegrino giubileo 2025\" width=\"500\" height=\"500\" \/>\r\n\t\t\t<div class=\"sp-thumbnail\"><a class=\"\" href=\"https:\/\/www.holyart.it\/it\/giubileo-2025-pellegrini-di-speranza\/gadget-e-souvenir-giubileo-2025\/portachiavi-thun-teddy-pellegrino-giubileo-2025\">\r\n\t\t\t\t<img decoding=\"async\" src=\"https:\/\/blog.holyart.it\/it\/wp-content\/uploads\/sites\/17\/2025\/08\/portachiavi-thun-teddy-pellegrino-giubileo-2025-1.jpg\" alt=\"portachiavi thun teddy pellegrino giubileo 2025\" \/>\r\n\t\t\t<\/a>\r\n\t\t\t<\/div>\r\n\t\t\t<div class=\"sp-caption\">Portachiavi THUN teddy pellegrino Giubileo 2025.<br \/>\nPortachiavi smaltato firmato THUN, raffigurante il dolce Teddy vestito da pellegrino della speranza, con bastone e borsa decorata con il logo ufficiale del Giubileo 2025.<br \/>\n<strong><a href=\"https:\/\/www.holyart.it\/it\/giubileo-2025-pellegrini-di-speranza\/gadget-e-souvenir-giubileo-2025\/portachiavi-thun-teddy-pellegrino-giubileo-2025\">Acquista su Holyart<\/a><\/strong><\/div>\r\n\t\t<\/div>\r\n\t\t<div class=\"sp-slide\">\r\n\t\t\t<img loading=\"lazy\" decoding=\"async\" class=\"sp-image\" src=\"https:\/\/blog.holyart.it\/it\/wp-content\/uploads\/sites\/17\/2025\/08\/pellegrino-in-ginocchio-thun-giubileo-2025.jpg\" alt=\"pellegrino in ginocchio thun giubileo 2025\" width=\"500\" height=\"500\" \/>\r\n\t\t\t<div class=\"sp-thumbnail\"><a class=\"\" href=\"https:\/\/www.holyart.it\/it\/giubileo-2025-pellegrini-di-speranza\/gadget-e-souvenir-giubileo-2025\/viandante-presepe-thun-giubileo-2025-limited-edition\">\r\n\t\t\t\t<img decoding=\"async\" src=\"https:\/\/blog.holyart.it\/it\/wp-content\/uploads\/sites\/17\/2025\/08\/pellegrino-in-ginocchio-thun-giubileo-2025-1.jpg\" alt=\"pellegrino in ginocchio thun giubileo 2025\" \/>\r\n\t\t\t<\/a>\r\n\t\t\t<\/div>\r\n\t\t\t<div class=\"sp-caption\">Viandante presepe THUN Giubileo 2025 limited edition.<br \/>\nStatuina firmata THUN raffigurante un pellegrino della speranza, inginocchiato con il bastone tra le mani, realizzata in occasione del Giubileo 2025.<br \/>\n<strong><a href=\"https:\/\/www.holyart.it\/it\/giubileo-2025-pellegrini-di-speranza\/gadget-e-souvenir-giubileo-2025\/viandante-presepe-thun-giubileo-2025-limited-edition\">Acquista su Holyart<\/a><\/strong><\/div>\r\n\t\t<\/div>\r\n\t\t<div class=\"sp-slide\">\r\n\t\t\t<img loading=\"lazy\" decoding=\"async\" class=\"sp-image\" src=\"https:\/\/blog.holyart.it\/it\/wp-content\/uploads\/sites\/17\/2025\/08\/nativita-thun-formella-logo-giubileo-2025-1.jpg\" alt=\"nativit\u00e0 thun formella logo giubileo 2025\" width=\"500\" height=\"500\" \/>\r\n\t\t\t<div class=\"sp-thumbnail\"><a class=\"\" href=\"https:\/\/www.holyart.it\/it\/giubileo-2025-pellegrini-di-speranza\/gadget-e-souvenir-giubileo-2025\/nativita-thun-formella-logo-giubileo-2025-limited-edition\">\r\n\t\t\t\t<img decoding=\"async\" src=\"https:\/\/blog.holyart.it\/it\/wp-content\/uploads\/sites\/17\/2025\/08\/nativita-thun-formella-logo-giubileo-2025-2.jpg\" alt=\"nativit\u00e0 thun formella logo giubileo 2025\" \/>\r\n\t\t\t<\/a>\r\n\t\t\t<\/div>\r\n\t\t\t<div class=\"sp-caption\">Nativit\u00e0 THUN formella logo Giubileo 2025 limited edition.<br \/>\nini presepe firmato THUN raffigurante la Nativit\u00e0, creato in occasione del Giubileo 2025.<br \/>\n<strong><a href=\"https:\/\/www.holyart.it\/it\/giubileo-2025-pellegrini-di-speranza\/gadget-e-souvenir-giubileo-2025\/nativita-thun-formella-logo-giubileo-2025-limited-edition\">Acquista su Holyart<\/a><\/strong><\/div>\r\n\t\t<\/div>\r\n\t<\/div>\r\n<\/div>\n","protected":false},"excerpt":{"rendered":"<p>THUN Presepe Giubileo 2025: quando la fede prende forma tra le mani degli angeli Nel silenzio di un laboratorio alpino, tra montagne innevate e profumo d\u2019argilla, nascono creature che parlano al cuore. \u00c8 l\u00ec che, pi\u00f9 di settant\u2019anni fa, una contessa dal cuore gentile, Lene&hellip;<\/p>\n","protected":false},"author":1,"featured_media":22389,"comment_status":"closed","ping_status":"open","sticky":false,"template":"","format":"standard","meta":{"_acf_changed":false,"footnotes":""},"categories":[25],"tags":[],"class_list":["post-22387","post","type-post","status-publish","format-standard","has-post-thumbnail","hentry","category-giubileo-2025"],"acf":[],"yoast_head":"<!-- This site is optimized with the Yoast SEO plugin v26.6 - https:\/\/yoast.com\/wordpress\/plugins\/seo\/ -->\n<title>THUN e la sua limited edition del Presepe dedicato al Giubileo 2025<\/title>\n<meta name=\"description\" content=\"La nuova esclusiva collezione THUN Presepe Giubileo 2025: quando la fede prende forma tra le mani degli angeli.\" \/>\n<meta name=\"robots\" content=\"index, follow, max-snippet:-1, max-image-preview:large, max-video-preview:-1\" \/>\n<link rel=\"canonical\" href=\"https:\/\/blog.holyart.it\/it\/giubileo-2025\/thun-e-la-sua-limited-edition-del-presepe-dedicato-al-giubileo-2025\/\" \/>\n<meta property=\"og:locale\" content=\"it_IT\" \/>\n<meta property=\"og:type\" content=\"article\" \/>\n<meta property=\"og:title\" content=\"THUN e la sua limited edition del Presepe dedicato al Giubileo 2025\" \/>\n<meta property=\"og:description\" content=\"La nuova esclusiva collezione THUN Presepe Giubileo 2025: quando la fede prende forma tra le mani degli angeli.\" \/>\n<meta property=\"og:url\" content=\"https:\/\/blog.holyart.it\/it\/giubileo-2025\/thun-e-la-sua-limited-edition-del-presepe-dedicato-al-giubileo-2025\/\" \/>\n<meta property=\"og:site_name\" content=\"Holyblog\" \/>\n<meta property=\"article:published_time\" content=\"2025-08-04T10:45:10+00:00\" \/>\n<meta property=\"article:modified_time\" content=\"2025-09-30T15:33:01+00:00\" \/>\n<meta property=\"og:image\" content=\"https:\/\/blog.holyart.it\/it\/wp-content\/uploads\/sites\/17\/2025\/08\/Holyart_Blog_ThunGiubileo.jpg\" \/>\n\t<meta property=\"og:image:width\" content=\"1000\" \/>\n\t<meta property=\"og:image:height\" content=\"666\" \/>\n\t<meta property=\"og:image:type\" content=\"image\/jpeg\" \/>\n<meta name=\"author\" content=\"Redazione\" \/>\n<meta name=\"twitter:card\" content=\"summary_large_image\" \/>\n<meta name=\"twitter:label1\" content=\"Scritto da\" \/>\n\t<meta name=\"twitter:data1\" content=\"Redazione\" \/>\n\t<meta name=\"twitter:label2\" content=\"Tempo di lettura stimato\" \/>\n\t<meta name=\"twitter:data2\" content=\"6 minuti\" \/>\n<script type=\"application\/ld+json\" class=\"yoast-schema-graph\">{\"@context\":\"https:\/\/schema.org\",\"@graph\":[{\"@type\":\"Article\",\"@id\":\"https:\/\/blog.holyart.it\/it\/giubileo-2025\/thun-e-la-sua-limited-edition-del-presepe-dedicato-al-giubileo-2025\/#article\",\"isPartOf\":{\"@id\":\"https:\/\/blog.holyart.it\/it\/giubileo-2025\/thun-e-la-sua-limited-edition-del-presepe-dedicato-al-giubileo-2025\/\"},\"author\":{\"name\":\"Redazione\",\"@id\":\"https:\/\/blog.holyart.it\/it\/#\/schema\/person\/0a7b686e5af0f856ec1e390dd0baecda\"},\"headline\":\"THUN e la sua limited edition del Presepe dedicato al Giubileo 2025\",\"datePublished\":\"2025-08-04T10:45:10+00:00\",\"dateModified\":\"2025-09-30T15:33:01+00:00\",\"mainEntityOfPage\":{\"@id\":\"https:\/\/blog.holyart.it\/it\/giubileo-2025\/thun-e-la-sua-limited-edition-del-presepe-dedicato-al-giubileo-2025\/\"},\"wordCount\":1011,\"publisher\":{\"@id\":\"https:\/\/blog.holyart.it\/it\/#organization\"},\"image\":{\"@id\":\"https:\/\/blog.holyart.it\/it\/giubileo-2025\/thun-e-la-sua-limited-edition-del-presepe-dedicato-al-giubileo-2025\/#primaryimage\"},\"thumbnailUrl\":\"https:\/\/blog.holyart.it\/it\/wp-content\/uploads\/sites\/17\/2025\/08\/Holyart_Blog_ThunGiubileo.jpg\",\"articleSection\":[\"Giubileo 2025\"],\"inLanguage\":\"it-IT\"},{\"@type\":\"WebPage\",\"@id\":\"https:\/\/blog.holyart.it\/it\/giubileo-2025\/thun-e-la-sua-limited-edition-del-presepe-dedicato-al-giubileo-2025\/\",\"url\":\"https:\/\/blog.holyart.it\/it\/giubileo-2025\/thun-e-la-sua-limited-edition-del-presepe-dedicato-al-giubileo-2025\/\",\"name\":\"THUN e la sua limited edition del Presepe dedicato al Giubileo 2025\",\"isPartOf\":{\"@id\":\"https:\/\/blog.holyart.it\/it\/#website\"},\"primaryImageOfPage\":{\"@id\":\"https:\/\/blog.holyart.it\/it\/giubileo-2025\/thun-e-la-sua-limited-edition-del-presepe-dedicato-al-giubileo-2025\/#primaryimage\"},\"image\":{\"@id\":\"https:\/\/blog.holyart.it\/it\/giubileo-2025\/thun-e-la-sua-limited-edition-del-presepe-dedicato-al-giubileo-2025\/#primaryimage\"},\"thumbnailUrl\":\"https:\/\/blog.holyart.it\/it\/wp-content\/uploads\/sites\/17\/2025\/08\/Holyart_Blog_ThunGiubileo.jpg\",\"datePublished\":\"2025-08-04T10:45:10+00:00\",\"dateModified\":\"2025-09-30T15:33:01+00:00\",\"description\":\"La nuova esclusiva collezione THUN Presepe Giubileo 2025: quando la fede prende forma tra le mani degli angeli.\",\"breadcrumb\":{\"@id\":\"https:\/\/blog.holyart.it\/it\/giubileo-2025\/thun-e-la-sua-limited-edition-del-presepe-dedicato-al-giubileo-2025\/#breadcrumb\"},\"inLanguage\":\"it-IT\",\"potentialAction\":[{\"@type\":\"ReadAction\",\"target\":[\"https:\/\/blog.holyart.it\/it\/giubileo-2025\/thun-e-la-sua-limited-edition-del-presepe-dedicato-al-giubileo-2025\/\"]}]},{\"@type\":\"ImageObject\",\"inLanguage\":\"it-IT\",\"@id\":\"https:\/\/blog.holyart.it\/it\/giubileo-2025\/thun-e-la-sua-limited-edition-del-presepe-dedicato-al-giubileo-2025\/#primaryimage\",\"url\":\"https:\/\/blog.holyart.it\/it\/wp-content\/uploads\/sites\/17\/2025\/08\/Holyart_Blog_ThunGiubileo.jpg\",\"contentUrl\":\"https:\/\/blog.holyart.it\/it\/wp-content\/uploads\/sites\/17\/2025\/08\/Holyart_Blog_ThunGiubileo.jpg\",\"width\":1000,\"height\":666,\"caption\":\"thun presepe giubileo\"},{\"@type\":\"BreadcrumbList\",\"@id\":\"https:\/\/blog.holyart.it\/it\/giubileo-2025\/thun-e-la-sua-limited-edition-del-presepe-dedicato-al-giubileo-2025\/#breadcrumb\",\"itemListElement\":[{\"@type\":\"ListItem\",\"position\":1,\"name\":\"Homepage\",\"item\":\"https:\/\/blog.holyart.it\/it\/\"},{\"@type\":\"ListItem\",\"position\":2,\"name\":\"Giubileo 2025\",\"item\":\"https:\/\/blog.holyart.it\/it\/giubileo-2025\/\"},{\"@type\":\"ListItem\",\"position\":3,\"name\":\"THUN e la sua limited edition del Presepe dedicato al Giubileo 2025\"}]},{\"@type\":\"WebSite\",\"@id\":\"https:\/\/blog.holyart.it\/it\/#website\",\"url\":\"https:\/\/blog.holyart.it\/it\/\",\"name\":\"Holyblog\",\"description\":\"Il Blog di Holyart.it\",\"publisher\":{\"@id\":\"https:\/\/blog.holyart.it\/it\/#organization\"},\"potentialAction\":[{\"@type\":\"SearchAction\",\"target\":{\"@type\":\"EntryPoint\",\"urlTemplate\":\"https:\/\/blog.holyart.it\/it\/?s={search_term_string}\"},\"query-input\":{\"@type\":\"PropertyValueSpecification\",\"valueRequired\":true,\"valueName\":\"search_term_string\"}}],\"inLanguage\":\"it-IT\"},{\"@type\":\"Organization\",\"@id\":\"https:\/\/blog.holyart.it\/it\/#organization\",\"name\":\"Holyblog\",\"url\":\"https:\/\/blog.holyart.it\/it\/\",\"logo\":{\"@type\":\"ImageObject\",\"inLanguage\":\"it-IT\",\"@id\":\"https:\/\/blog.holyart.it\/it\/#\/schema\/logo\/image\/\",\"url\":\"https:\/\/blog.holyart.it\/it\/wp-content\/uploads\/sites\/17\/2022\/12\/Holyart_Blog_Logo.jpg\",\"contentUrl\":\"https:\/\/blog.holyart.it\/it\/wp-content\/uploads\/sites\/17\/2022\/12\/Holyart_Blog_Logo.jpg\",\"width\":300,\"height\":50,\"caption\":\"Holyblog\"},\"image\":{\"@id\":\"https:\/\/blog.holyart.it\/it\/#\/schema\/logo\/image\/\"}},{\"@type\":\"Person\",\"@id\":\"https:\/\/blog.holyart.it\/it\/#\/schema\/person\/0a7b686e5af0f856ec1e390dd0baecda\",\"name\":\"Redazione\"}]}<\/script>\n<!-- \/ Yoast SEO plugin. -->","yoast_head_json":{"title":"THUN e la sua limited edition del Presepe dedicato al Giubileo 2025","description":"La nuova esclusiva collezione THUN Presepe Giubileo 2025: quando la fede prende forma tra le mani degli angeli.","robots":{"index":"index","follow":"follow","max-snippet":"max-snippet:-1","max-image-preview":"max-image-preview:large","max-video-preview":"max-video-preview:-1"},"canonical":"https:\/\/blog.holyart.it\/it\/giubileo-2025\/thun-e-la-sua-limited-edition-del-presepe-dedicato-al-giubileo-2025\/","og_locale":"it_IT","og_type":"article","og_title":"THUN e la sua limited edition del Presepe dedicato al Giubileo 2025","og_description":"La nuova esclusiva collezione THUN Presepe Giubileo 2025: quando la fede prende forma tra le mani degli angeli.","og_url":"https:\/\/blog.holyart.it\/it\/giubileo-2025\/thun-e-la-sua-limited-edition-del-presepe-dedicato-al-giubileo-2025\/","og_site_name":"Holyblog","article_published_time":"2025-08-04T10:45:10+00:00","article_modified_time":"2025-09-30T15:33:01+00:00","og_image":[{"width":1000,"height":666,"url":"https:\/\/blog.holyart.it\/it\/wp-content\/uploads\/sites\/17\/2025\/08\/Holyart_Blog_ThunGiubileo.jpg","type":"image\/jpeg"}],"author":"Redazione","twitter_card":"summary_large_image","twitter_misc":{"Scritto da":"Redazione","Tempo di lettura stimato":"6 minuti"},"schema":{"@context":"https:\/\/schema.org","@graph":[{"@type":"Article","@id":"https:\/\/blog.holyart.it\/it\/giubileo-2025\/thun-e-la-sua-limited-edition-del-presepe-dedicato-al-giubileo-2025\/#article","isPartOf":{"@id":"https:\/\/blog.holyart.it\/it\/giubileo-2025\/thun-e-la-sua-limited-edition-del-presepe-dedicato-al-giubileo-2025\/"},"author":{"name":"Redazione","@id":"https:\/\/blog.holyart.it\/it\/#\/schema\/person\/0a7b686e5af0f856ec1e390dd0baecda"},"headline":"THUN e la sua limited edition del Presepe dedicato al Giubileo 2025","datePublished":"2025-08-04T10:45:10+00:00","dateModified":"2025-09-30T15:33:01+00:00","mainEntityOfPage":{"@id":"https:\/\/blog.holyart.it\/it\/giubileo-2025\/thun-e-la-sua-limited-edition-del-presepe-dedicato-al-giubileo-2025\/"},"wordCount":1011,"publisher":{"@id":"https:\/\/blog.holyart.it\/it\/#organization"},"image":{"@id":"https:\/\/blog.holyart.it\/it\/giubileo-2025\/thun-e-la-sua-limited-edition-del-presepe-dedicato-al-giubileo-2025\/#primaryimage"},"thumbnailUrl":"https:\/\/blog.holyart.it\/it\/wp-content\/uploads\/sites\/17\/2025\/08\/Holyart_Blog_ThunGiubileo.jpg","articleSection":["Giubileo 2025"],"inLanguage":"it-IT"},{"@type":"WebPage","@id":"https:\/\/blog.holyart.it\/it\/giubileo-2025\/thun-e-la-sua-limited-edition-del-presepe-dedicato-al-giubileo-2025\/","url":"https:\/\/blog.holyart.it\/it\/giubileo-2025\/thun-e-la-sua-limited-edition-del-presepe-dedicato-al-giubileo-2025\/","name":"THUN e la sua limited edition del Presepe dedicato al Giubileo 2025","isPartOf":{"@id":"https:\/\/blog.holyart.it\/it\/#website"},"primaryImageOfPage":{"@id":"https:\/\/blog.holyart.it\/it\/giubileo-2025\/thun-e-la-sua-limited-edition-del-presepe-dedicato-al-giubileo-2025\/#primaryimage"},"image":{"@id":"https:\/\/blog.holyart.it\/it\/giubileo-2025\/thun-e-la-sua-limited-edition-del-presepe-dedicato-al-giubileo-2025\/#primaryimage"},"thumbnailUrl":"https:\/\/blog.holyart.it\/it\/wp-content\/uploads\/sites\/17\/2025\/08\/Holyart_Blog_ThunGiubileo.jpg","datePublished":"2025-08-04T10:45:10+00:00","dateModified":"2025-09-30T15:33:01+00:00","description":"La nuova esclusiva collezione THUN Presepe Giubileo 2025: quando la fede prende forma tra le mani degli angeli.","breadcrumb":{"@id":"https:\/\/blog.holyart.it\/it\/giubileo-2025\/thun-e-la-sua-limited-edition-del-presepe-dedicato-al-giubileo-2025\/#breadcrumb"},"inLanguage":"it-IT","potentialAction":[{"@type":"ReadAction","target":["https:\/\/blog.holyart.it\/it\/giubileo-2025\/thun-e-la-sua-limited-edition-del-presepe-dedicato-al-giubileo-2025\/"]}]},{"@type":"ImageObject","inLanguage":"it-IT","@id":"https:\/\/blog.holyart.it\/it\/giubileo-2025\/thun-e-la-sua-limited-edition-del-presepe-dedicato-al-giubileo-2025\/#primaryimage","url":"https:\/\/blog.holyart.it\/it\/wp-content\/uploads\/sites\/17\/2025\/08\/Holyart_Blog_ThunGiubileo.jpg","contentUrl":"https:\/\/blog.holyart.it\/it\/wp-content\/uploads\/sites\/17\/2025\/08\/Holyart_Blog_ThunGiubileo.jpg","width":1000,"height":666,"caption":"thun presepe giubileo"},{"@type":"BreadcrumbList","@id":"https:\/\/blog.holyart.it\/it\/giubileo-2025\/thun-e-la-sua-limited-edition-del-presepe-dedicato-al-giubileo-2025\/#breadcrumb","itemListElement":[{"@type":"ListItem","position":1,"name":"Homepage","item":"https:\/\/blog.holyart.it\/it\/"},{"@type":"ListItem","position":2,"name":"Giubileo 2025","item":"https:\/\/blog.holyart.it\/it\/giubileo-2025\/"},{"@type":"ListItem","position":3,"name":"THUN e la sua limited edition del Presepe dedicato al Giubileo 2025"}]},{"@type":"WebSite","@id":"https:\/\/blog.holyart.it\/it\/#website","url":"https:\/\/blog.holyart.it\/it\/","name":"Holyblog","description":"Il Blog di Holyart.it","publisher":{"@id":"https:\/\/blog.holyart.it\/it\/#organization"},"potentialAction":[{"@type":"SearchAction","target":{"@type":"EntryPoint","urlTemplate":"https:\/\/blog.holyart.it\/it\/?s={search_term_string}"},"query-input":{"@type":"PropertyValueSpecification","valueRequired":true,"valueName":"search_term_string"}}],"inLanguage":"it-IT"},{"@type":"Organization","@id":"https:\/\/blog.holyart.it\/it\/#organization","name":"Holyblog","url":"https:\/\/blog.holyart.it\/it\/","logo":{"@type":"ImageObject","inLanguage":"it-IT","@id":"https:\/\/blog.holyart.it\/it\/#\/schema\/logo\/image\/","url":"https:\/\/blog.holyart.it\/it\/wp-content\/uploads\/sites\/17\/2022\/12\/Holyart_Blog_Logo.jpg","contentUrl":"https:\/\/blog.holyart.it\/it\/wp-content\/uploads\/sites\/17\/2022\/12\/Holyart_Blog_Logo.jpg","width":300,"height":50,"caption":"Holyblog"},"image":{"@id":"https:\/\/blog.holyart.it\/it\/#\/schema\/logo\/image\/"}},{"@type":"Person","@id":"https:\/\/blog.holyart.it\/it\/#\/schema\/person\/0a7b686e5af0f856ec1e390dd0baecda","name":"Redazione"}]}},"_links":{"self":[{"href":"https:\/\/blog.holyart.it\/it\/wp-json\/wp\/v2\/posts\/22387","targetHints":{"allow":["GET"]}}],"collection":[{"href":"https:\/\/blog.holyart.it\/it\/wp-json\/wp\/v2\/posts"}],"about":[{"href":"https:\/\/blog.holyart.it\/it\/wp-json\/wp\/v2\/types\/post"}],"author":[{"embeddable":true,"href":"https:\/\/blog.holyart.it\/it\/wp-json\/wp\/v2\/users\/1"}],"replies":[{"embeddable":true,"href":"https:\/\/blog.holyart.it\/it\/wp-json\/wp\/v2\/comments?post=22387"}],"version-history":[{"count":7,"href":"https:\/\/blog.holyart.it\/it\/wp-json\/wp\/v2\/posts\/22387\/revisions"}],"predecessor-version":[{"id":22481,"href":"https:\/\/blog.holyart.it\/it\/wp-json\/wp\/v2\/posts\/22387\/revisions\/22481"}],"wp:featuredmedia":[{"embeddable":true,"href":"https:\/\/blog.holyart.it\/it\/wp-json\/wp\/v2\/media\/22389"}],"wp:attachment":[{"href":"https:\/\/blog.holyart.it\/it\/wp-json\/wp\/v2\/media?parent=22387"}],"wp:term":[{"taxonomy":"category","embeddable":true,"href":"https:\/\/blog.holyart.it\/it\/wp-json\/wp\/v2\/categories?post=22387"},{"taxonomy":"post_tag","embeddable":true,"href":"https:\/\/blog.holyart.it\/it\/wp-json\/wp\/v2\/tags?post=22387"}],"curies":[{"name":"wp","href":"https:\/\/api.w.org\/{rel}","templated":true}]}}