{"id":22371,"date":"2025-09-17T10:00:24","date_gmt":"2025-09-17T08:00:24","guid":{"rendered":"https:\/\/blog.holyart.it\/it\/?p=22371"},"modified":"2025-10-07T15:16:36","modified_gmt":"2025-10-07T13:16:36","slug":"bartolo-longo-la-sua-eredita-spirituale-e-la-canonizzazione-nel-giubileo-2025","status":"publish","type":"post","link":"https:\/\/blog.holyart.it\/it\/santi-e-beati\/bartolo-longo-la-sua-eredita-spirituale-e-la-canonizzazione-nel-giubileo-2025\/","title":{"rendered":"Bartolo Longo: la sua eredit\u00e0 spirituale e la canonizzazione nel Giubileo 2025"},"content":{"rendered":"<h4>Bartolo Longo: l\u2019uomo che risorse a Pompei. Eredit\u00e0, fede e il canto immortale della Supplica nel Giubileo 2025<\/h4>\n\n<p>C\u2019\u00e8 una strada, fatta non solo di pietre e polvere, ma di scelte, ombre, redenzione. Su quella strada cammin\u00f2\u00a0<strong>Bartolo Longo<\/strong>, un uomo che seppe attraversare la notte pi\u00f9 cupa per scoprire, in s\u00e9 stesso e nella devozione alla Madonna, la fiamma di una rinascita.<br \/>\nNato nel 1841 a Latiano, nel cuore della Puglia contadina, Bartolo non fu sempre il santo che oggi veneriamo. La sua giovinezza fu segnata dal dubbio, dalla ricerca, dalla caduta. In una Napoli irrequieta e affamata di spiritualit\u00e0, si lasci\u00f2 sedurre da filosofie occulte e fu iniziato al satanismo, vivendo gli anni pi\u00f9 bui della sua anima. Ma come spesso accade nelle vite predestinate, una luce si accese quando tutto sembrava perduto: fu l\u2019incontro con il\u00a0<strong><a href=\"https:\/\/www.holyart.it\/blog\/articoli-religiosi\/ottobre-mese-del-santo-rosario\/\">Rosario<\/a><\/strong>, con la fede semplice e granitica che da secoli custodisce la speranza del popolo cristiano. Inginocchiato davanti alla Madonna, Bartolo Longo trov\u00f2 la via del ritorno. E fu a Pompei, dove la miseria era pi\u00f9 feroce e la disperazione pi\u00f9 fitta, che scelse di rinascere.<\/p>\n<div class=\"link-article\">\n<p><img loading=\"lazy\" decoding=\"async\" class=\"size-full wp-image-22372 alignleft\" src=\"https:\/\/blog.holyart.it\/it\/wp-content\/uploads\/sites\/17\/2025\/07\/Ottobre-il-mese-del-rosario-2.jpg\" alt=\"Ottobre il mese del rosario\" width=\"150\" height=\"100\" data-kale-share-title=\"Bartolo Longo: la sua eredit\u00e0 spirituale e la canonizzazione nel Giubileo 2025\" data-kale-share-url=\"https:\/\/blog.holyart.it\/it\/?p=22371\" \/><\/p>\n<div class=\"leggi-anche\">Leggi anche:<\/div>\n<p><strong><a href=\"https:\/\/www.holyart.it\/blog\/articoli-religiosi\/ottobre-mese-del-santo-rosario\/\">Ottobre: il mese del Santo Rosario<\/a><\/strong><br \/>\nChe cosa lega il mese autunnale con quella che \u00e8 forse la forma devozionale pi\u00f9 importante e diffusa al mondo? Ottobre&#8230;<\/p>\n<\/div>\n<p>Oggi, sulle ali della Supplica e tra le mura del <strong><a href=\"https:\/\/www.holyart.it\/blog\/santi-e-beati\/la-devozione-di-padre-pio-alla-madonna-di-pompei-e-il-dono-della-rosa\/\">Santuario di Pompei<\/a><\/strong>, Bartolo Longo parla ancora. La sua voce, fatta di lacrime e di risate, di dubbi e di certezze, risuona nei cuori di chi cerca, di chi si rialza, di chi ogni giorno si mette in cammino.<br \/>\nAnnunciata per il 19 ottobre 2025, nel corso del\u00a0<strong>Giubileo<\/strong>, la sua canonizzazione sar\u00e0 molto pi\u00f9 di un rito: sar\u00e0 il sigillo su una storia di caduta e resurrezione che appartiene a ciascuno di noi. La sua eredit\u00e0 spirituale \u00e8 l\u2019invito pi\u00f9 potente: non smettere mai di pregare, di ricostruire, di sperare.<br \/>\nNon arrendersi mai alle tenebre, perch\u00e9, come insegna il beato Bartolo Longo, anche dalla notte pi\u00f9 nera pu\u00f2 nascere il giorno pi\u00f9 luminoso.<\/p>\n<div class=\"link-article\">\n<p><img loading=\"lazy\" decoding=\"async\" class=\"size-full wp-image-22373 alignleft\" style=\"font-size: 16px;\" src=\"https:\/\/blog.holyart.it\/it\/wp-content\/uploads\/sites\/17\/2025\/07\/padre-pio-e-madonna-di-pompei.jpeg\" alt=\"padre pio\" width=\"150\" height=\"93\" data-kale-share-title=\"Bartolo Longo: la sua eredit\u00e0 spirituale e la canonizzazione nel Giubileo 2025\" data-kale-share-url=\"https:\/\/blog.holyart.it\/it\/?p=22371\" \/><\/p>\n<div class=\"leggi-anche\">Leggi anche:<\/div>\n<p><strong><a href=\"https:\/\/www.holyart.it\/blog\/santi-e-beati\/la-devozione-di-padre-pio-alla-madonna-di-pompei-e-il-dono-della-rosa\/\">La devozione di Padre Pio alla Madonna di Pompei e il dono della rosa<\/a><\/strong><br \/>\nIl 5 maggio si festeggia l\u2019onomastico del Santo di Pietrelcina. Scopriamo&#8230;<\/p>\n<\/div>\n<h2>Chi \u00e8 beato Bartolo Longo?<\/h2>\n<p>Bartolo Longo nacque nel cuore del Sud, dove la terra rossa della Puglia si mescola ai sogni e ai tormenti di generazioni. Eppure, come spesso accade ai grandi cuori, la strada verso la luce fu per lui segnata da ombre fitte. Figlio di un medico e di una donna profondamente cristiana, dopo gli studi classici e giuridici a Lecce e Napoli, Bartolo si immerse nell\u2019aria irrequieta della citt\u00e0 partenopea dell\u2019Ottocento: un tempo in cui le passioni filosofiche, i fermenti politici e le seduzioni dell\u2019occultismo si aggiravano nei salotti e nei vicoli. Giovane brillante, ma inquieto, Bartolo Longo fu travolto dalla fascinazione per il\u00a0<strong>mistero<\/strong>, si avvicin\u00f2 allo spiritismo e agli ambienti esoterici, fino a essere iniziato al satanismo, divenendo perfino\u00a0<em>\u201csacerdote di satana\u201d<\/em>. Eppure la disperazione lo divorava, la sua mente oscillava tra visioni cupe e un senso di perdita assoluta. In quelle notti di tormento, la madre, costantemente in preghiera per lui, sembrava un\u2019ancora lontana. Ma fu proprio in questo abisso che un incontro cambi\u00f2 il corso della sua vita: fu\u00a0<strong>Don Alberto Radente<\/strong>, un domenicano dalle parole semplici e profonde, a offrirgli la via della redenzione. Bartolo scelse allora la via pi\u00f9 difficile: risalire dagli abissi. <strong><a href=\"https:\/\/www.holyart.it\/blog\/articoli-religiosi\/confessione-e-segretezza-il-ruolo-del-sigillo-sacramentale\/\">Si confess\u00f2<\/a><\/strong>, rinunci\u00f2 agli errori del passato, e, guidato dal Rosario, riabbracci\u00f2 la fede cattolica. \u00c8 in questa lotta furiosa tra ombra e luce che il beato Bartolo Longo divenne, per s\u00e9 stesso e per il mondo, simbolo vivente di una misericordia che non conosce confini.<\/p>\n<div class=\"link-article\">\n<p><img loading=\"lazy\" decoding=\"async\" class=\"size-full wp-image-22375 alignleft\" src=\"https:\/\/blog.holyart.it\/it\/wp-content\/uploads\/sites\/17\/2025\/07\/segreto-confessionale.jpg\" alt=\"segreto confessionale\" width=\"150\" height=\"99\" data-kale-share-title=\"Bartolo Longo: la sua eredit\u00e0 spirituale e la canonizzazione nel Giubileo 2025\" data-kale-share-url=\"https:\/\/blog.holyart.it\/it\/?p=22371\" \/><\/p>\n<div class=\"leggi-anche\">Leggi anche:<\/div>\n<p><strong><a href=\"https:\/\/www.holyart.it\/blog\/articoli-religiosi\/confessione-e-segretezza-il-ruolo-del-sigillo-sacramentale\/\">Confessione e segretezza: il ruolo del Sigillo Sacramentale<\/a><\/strong><br \/>\nI sacerdoti che raccolgono le confessioni sono tenuti a rispettare il segreto confessionale. Ma questa regola vale sempre&#8230;<\/p>\n<\/div>\n<p>Ma il cammino della redenzione non \u00e8 mai solitario. Ogni conversione autentica genera onde, trasforma i luoghi e le vite che tocca. Dopo il diluvio interiore e la salvezza ritrovata, Bartolo Longo rest\u00f2 a\u00a0<strong>Napoli<\/strong>, la citt\u00e0 dei mille contrasti, sospesa tra devozione e disperazione. Era un giovane avvocato redento, ma la sua anima non trovava ancora riposo. Nel fervore della metropoli, Bartolo divenne apostolo della fede ritrovata: visitava i carcerati, soccorreva i poveri, si faceva voce per chi non aveva voce.<br \/>\nEppure, la Provvidenza aveva per lui un disegno ancora pi\u00f9 vasto. Fu qui che incontr\u00f2 una donna destinata a essere non solo compagna d\u2019opera, ma anche sorella d\u2019anima: la\u00a0<strong>contessa Marianna Farnararo<\/strong>, giovane vedova De Fusco. Marianna, donna di grande fede e sensibilit\u00e0, era a sua volta impegnata nell\u2019aiuto ai pi\u00f9 deboli e amministrava, con spirito generoso, alcune terre nella valle di Pompei, un luogo allora dimenticato, infestato dalla malaria e segnato dalla miseria pi\u00f9 nera.<br \/>\nL\u2019incontro tra Bartolo Longo e Marianna fu come la scintilla che accende la miccia di un fuoco sacro. Uniti dalla stessa sete di carit\u00e0, iniziarono a collaborare per soccorrere orfani e vedove, a educare i bambini privi di futuro, a costruire piccole scuole dove prima c\u2019era solo abbandono.<br \/>\nTra loro nacque una profonda amicizia spirituale, un\u2019intesa che sapeva parlare il linguaggio del Rosario e dell\u2019amore disinteressato.<\/p>\n<h2>Bartolo Longo e il santuario di Pompei<\/h2>\n<p>Il destino di Bartolo Longo e della Valle di Pompei si intrecciarono quasi per caso, nel 1872, quando fu mandato a occuparsi delle questioni amministrative delle terre della contessa De Fusco. Ma quello che trov\u00f2 superava di gran lunga le sue attese: la valle era un mosaico di povert\u00e0 e abbandono, un luogo in cui mille esistenze sopravvivevano ai margini, prive di conforto e di futuro.<br \/>\nAnche la piccola chiesa, cuore antico di quella comunit\u00e0, versava in condizioni di miseria, dimenticata come la sua gente.<br \/>\nFu in quel contesto, tra silenzi e macerie, che Bartolo avvert\u00ec come una chiamata misteriosa: un impulso interiore che gli suggeriva di cambiare il destino di quel luogo. In un momento di profonda solitudine, mentre la campagna vibrava delle preghiere semplici degli umili, intu\u00ec che la sua vita doveva intrecciarsi a quella di Pompei attraverso il Rosario. Da quel giorno, comprese che la sua missione sarebbe stata portare luce, educazione e fede proprio in quella valle dimenticata, riunendo le persone in una nuova comunit\u00e0 votata al <a href=\"https:\/\/www.holyart.it\/it\/articoli-religiosi\/rosari-e-portarosari\"><strong>Santo Rosario<\/strong><\/a>. Cos\u00ec nacque la visione che avrebbe cambiato tutto: non pi\u00f9 solo gestire affari terreni, ma diventare seminatore di speranza, dando inizio a quell\u2019opera che, partendo dal nulla, avrebbe trasformato Pompei in un faro di carit\u00e0 e di preghiera. Bartolo Longo si trasfer\u00ec a Pompei, terra allora dimenticata, segnata dalla miseria, dalla malaria e dall\u2019abbandono. Qui la sua esistenza divenne un\u2019offerta, un seme gettato tra le rovine dell\u2019antica citt\u00e0 romana. Fu tra i poveri e gli orfani che Bartolo trov\u00f2 la sua missione: ricostruire anime, ricostruendo mura.<\/p>\n<div class=\"link-product\">\n<div class=\"blocco-immagine\"><img loading=\"lazy\" decoding=\"async\" class=\"size-full wp-image-22376 alignleft\" src=\"https:\/\/blog.holyart.it\/it\/wp-content\/uploads\/sites\/17\/2025\/07\/rosario-ghirelli-8mm-uomo-legno-e-acciaio.jpg\" alt=\"rosario ghirelli 8mm uomo legno e acciaio\" width=\"100\" height=\"100\" data-kale-share-title=\"Bartolo Longo: la sua eredit\u00e0 spirituale e la canonizzazione nel Giubileo 2025\" data-kale-share-url=\"https:\/\/blog.holyart.it\/it\/?p=22371\" \/><\/div>\n<div class=\"blocco-contenuto\">\n<div class=\"blocco-acquista\">Acquista su Holyart:<\/div>\n<div class=\"blocco-titolo\"><a href=\"https:\/\/www.holyart.it\/it\/articoli-religiosi\/rosari-e-portarosari\">Rosari e portarosari<\/a><\/div>\n<div class=\"blocco-descrizione\">Corone del Santo Rosario: qui trovi un&#8217;ampissima gamma di rosari.<\/div>\n<\/div>\n<\/div>\n<p>Nel 1875 acquist\u00f2 un modesto quadro della Madonna del Rosario, l\u2019icona che sarebbe diventata il cuore del Santuario di Pompei. I miracoli iniziarono subito a moltiplicarsi. Gente umile e potente, disperati e nobili, affluivano a Pompei in cerca di una grazia, di un segno.<br \/>\nIl sodalizio tra Bartolo Longo e la contessa Marianna cambi\u00f2 per sempre la storia di Pompei. Fu lei a donare il terreno su cui sarebbe sorto il futuro santuario. Insieme, lottarono contro la miseria e la superstizione, affidando ogni fatica e ogni sogno alla Madonna di Pompei, madre delle anime ferite. Con il tempo, il loro legame si fece ancora pi\u00f9 saldo: su consiglio di Papa Leone XIII, nel 1885 Bartolo e Marianna si sposarono, consacrando la loro unione non all\u2019amore terreno, ma a una comune missione di bene. Furono sposi nella castit\u00e0, compagni nella preghiera, co-fondatori di opere immortali.<br \/>\nDalla loro forza congiunta nacquero non solo il santuario di Pompei, ma anche istituti per orfani e figli di carcerati, scuole per ragazze povere, ospizi per anziani e malati. Ogni giorno, fianco a fianco, sfidarono la fatica e la diffidenza del mondo con la sola arma della fede. Il sodalizio tra Bartolo Longo e Marianna Farnararo De Fusco fu la linfa di un miracolo sociale che ancora oggi pulsa nel cuore di Pompei. Senza il loro incontro, forse, il santuario non sarebbe mai sorto, la Supplica non avrebbe trovato la sua voce, e la valle sarebbe rimasta solo un luogo di rovina e desolazione.<\/p>\n<h2>La Supplica alla Vergine del Rosario: il cuore della devozione<\/h2>\n<p>Eppure, nessuna opera di Bartolo Longo sarebbe completa senza evocare la poesia della sua<strong><em><a href=\"https:\/\/www.holyart.it\/blog\/articoli-religiosi\/come-recitare-la-supplica-alla-madonna-di-pompei\"> Supplica alla Vergine del Rosario.<\/a><\/em><\/strong><\/p>\n<div class=\"link-article\">\n<p><img loading=\"lazy\" decoding=\"async\" class=\"size-full wp-image-22377 alignleft\" src=\"https:\/\/blog.holyart.it\/it\/wp-content\/uploads\/sites\/17\/2025\/07\/supplica-alla-madonna-di-pompei.jpeg\" alt=\"supplica alla madonna di pompei\" width=\"150\" height=\"99\" data-kale-share-title=\"Bartolo Longo: la sua eredit\u00e0 spirituale e la canonizzazione nel Giubileo 2025\" data-kale-share-url=\"https:\/\/blog.holyart.it\/it\/?p=22371\" \/><\/p>\n<div class=\"leggi-anche\">Leggi anche:<\/div>\n<p><strong><a href=\"https:\/\/www.holyart.it\/blog\/articoli-religiosi\/come-recitare-la-supplica-alla-madonna-di-pompei\/\">Come recitare la supplica alla Madonna di Pompei<\/a><\/strong><br \/>\nL\u20198 maggio si festeggia la Vergine del Rosario. Oggi ci soffermiamo sulla fondazione del Santuario di Pompei&#8230;<\/p>\n<\/div>\n<p>Scritta nel 1883, la Supplica alla Vergine del Rosario di Pompei \u00e8 molto pi\u00f9 di una semplice preghiera: \u00e8 una voce collettiva che, ogni anno, l\u20198 maggio e la prima domenica di ottobre, si leva come un\u2019onda dalle piazze, dalle case, dai cuori della gente. A Pompei, migliaia di persone si radunano davanti al santuario: chi porta un dolore segreto, chi una speranza, chi un grazie sussurrato. La Supplica diventa cos\u00ec un filo che unisce generazioni e storie diverse, una richiesta d\u2019aiuto e di affidamento a Maria, Madre e custode di chi si sente fragile.<br \/>\nNel testo, si sente pulsare la vita vera: la fiducia dei semplici, il peso delle lacrime, la ricerca di una protezione che sa accogliere tutto. Ogni parola della Supplica \u00e8 uno spazio aperto dove la fede incontra la fatica quotidiana e la trasforma in speranza.<br \/>\nNon \u00e8 solo una preghiera, ma un\u2019onda emotiva che attraversa i secoli. Bartolo Longo la scrisse inginocchiato, con l\u2019anima nuda, offrendo alla Vergine il suo passato di dolore e la sua voglia di rinascere.<br \/>\nC\u2019\u00e8 chi dice che le note di questa Supplica, nel silenzio del Santuario di Pompei, sembrino carezzare le anime come una brezza che sale dalla piana vesuviana. Ed \u00e8 vero: chi ascolta, chi prega, chi si affida, sente la presenza di Bartolo Longo, uomo divenuto voce della misericordia, poeta della fede risorta.<\/p>\n<h2>Bartolo Longo santo nel Giubileo 2025<\/h2>\n<p>Il miracolo di Pompei, la rinascita della citt\u00e0, la fioritura di carit\u00e0, il prodigio della Supplica, sono oggi la pietra su cui si fonda l\u2019annuncio tanto atteso:\u00a0<strong>Bartolo Longo sar\u00e0 proclamato santo <a href=\"https:\/\/www.holyart.it\/blog\/articoli-religiosi\/il-calendario-degli-eventi-del-giubileo-2025\/\">durante il Giubileo 2025<\/a><\/strong>.<\/p>\n<div class=\"link-article\">\n<p><img loading=\"lazy\" decoding=\"async\" class=\"size-full wp-image-22378 alignleft\" src=\"https:\/\/blog.holyart.it\/it\/wp-content\/uploads\/sites\/17\/2025\/07\/giubileo-2025.jpg\" alt=\"giubileo 2025\" width=\"150\" height=\"99\" data-kale-share-title=\"Bartolo Longo: la sua eredit\u00e0 spirituale e la canonizzazione nel Giubileo 2025\" data-kale-share-url=\"https:\/\/blog.holyart.it\/it\/?p=22371\" \/><\/p>\n<div class=\"leggi-anche\">Leggi anche:<\/div>\n<p><strong><a href=\"https:\/\/www.holyart.it\/blog\/articoli-religiosi\/il-calendario-degli-eventi-del-giubileo-2025\/\">Il calendario degli eventi del Giubileo 2025<\/a><\/strong><br \/>\n\u00c8 stato pubblicato il calendario degli eventi del Giubileo 2025, dodici mesi di eventi e occasioni per approfondire la fede&#8230;<\/p>\n<\/div>\n<p><a href=\"https:\/\/www.holyart.it\/blog\/occasioni-speciali\/come-papa-francesco-ha-trasformato-la-chiesa-durante-il-suo-pontificato\/\"><strong>Papa Francesco<\/strong><\/a>, durante la sua degenza al Policlinico Agostino Gemelli di Roma, aveva gi\u00e0 riconosciuto nella vita di questo\u00a0<em>\u201claico innamorato del Rosario\u201d<\/em>\u00a0un messaggio attualissimo. Bartolo Longo non fu prete, non fu monaco, non fond\u00f2 ordini, ma rivoluzion\u00f2 la storia partendo dal basso, con la forza silenziosa della fede e la tenacia di chi si \u00e8 rialzato dal peccato pi\u00f9 nero. La canonizzazione, che avverr\u00e0 nell\u2019anno santo, sar\u00e0 una festa di tutta Pompei e di quanti, nel mondo, hanno invocato la preghiera a Bartolo Longo. Sar\u00e0 il trionfo della misericordia su ogni giudizio, la dimostrazione che nessuna caduta \u00e8 definitiva, che anche dal fondo dell\u2019abisso pu\u00f2 nascere un santo. Bartolo Longo santo nel Giubileo 2025 \u00e8 la storia di una seconda possibilit\u00e0 offerta a tutti, l\u2019eco di una voce che continua a dire:\u00a0<em>\u201cNessuno \u00e8 perduto, finch\u00e9 c\u2019\u00e8 una Madre che prega\u201d.<\/em><\/p>\n<div class=\"link-article\">\n<p><img loading=\"lazy\" decoding=\"async\" class=\"size-full wp-image-22379 alignleft\" src=\"https:\/\/blog.holyart.it\/it\/wp-content\/uploads\/sites\/17\/2025\/07\/Holyart_Blog_PapaFrancesco_it-2.jpg\" alt=\"papa francesco\" width=\"150\" height=\"99\" data-kale-share-title=\"Bartolo Longo: la sua eredit\u00e0 spirituale e la canonizzazione nel Giubileo 2025\" data-kale-share-url=\"https:\/\/blog.holyart.it\/it\/?p=22371\" \/><\/p>\n<div class=\"leggi-anche\">Leggi anche:<\/div>\n<p><strong><a href=\"https:\/\/www.holyart.it\/blog\/occasioni-speciali\/come-papa-francesco-ha-trasformato-la-chiesa-durante-il-suo-pontificato\/\">Come Papa Francesco ha trasformato la Chiesa durante il suo pontificato<\/a><\/strong><br \/>\nChe cosa ha fatto di importante Papa Francesco? Il suo pontificato \u00e8&#8230;<\/p>\n<\/div>\n<h2>Preghiera a Bartolo Longo<\/h2>\n<p><em>O beato Bartolo Longo<br \/>\nche amasti Maria con tenerezza di figlio<br \/>\ne ne diffondesti la devozione con la recita del santo Rosario<br \/>\ne per sua intercessione ricevesti sovrabbondante grazia<br \/>\nper amare e servire Cristo nell\u2019infanzia abbandonata,<br \/>\nottieni a noi la grazia di vivere nello spirito di preghiera uniti a Dio<br \/>\nper amarlo come te nei nostri fratelli.<\/em><\/p>\n<p>Tu, che al termine del terreno pellegrinaggio<br \/>\ndichiarasti di non esserti mai stancato di pregare<br \/>\nper ogni dolore, per ogni affanno, per ogni calamit\u00e0<br \/>\nconfidando nell\u2019onnipotenza di Dio<br \/>\ne nell\u2019intercessione della sua Madre divina,<br \/>\ncontinua a intercedere per quanti sono chiamati<br \/>\na proseguire la tua opera di fede e di amore a Pompei<br \/>\ne per tutti i Rosarianti del mondo.<\/p>\n<p><em>Ottienici che, dopo la contemplazione terrena<br \/>\ndei misteri gaudiosi e dolorosi,<br \/>\npossiamo insieme a te e con Maria,<br \/>\nRegina degli angeli e dei Santi,<br \/>\ncondividere la gioia dei misteri gloriosi nel cielo.<br \/>\nAmen.<\/em><\/p>\n","protected":false},"excerpt":{"rendered":"<p>Bartolo Longo: l\u2019uomo che risorse a Pompei. Eredit\u00e0, fede e il canto immortale della Supplica nel Giubileo 2025 C\u2019\u00e8 una strada, fatta non solo di pietre e polvere, ma di scelte, ombre, redenzione. Su quella strada cammin\u00f2\u00a0Bartolo Longo, un uomo che seppe attraversare la notte&hellip;<\/p>\n","protected":false},"author":1,"featured_media":22418,"comment_status":"closed","ping_status":"open","sticky":false,"template":"","format":"standard","meta":{"_acf_changed":false,"footnotes":""},"categories":[15],"tags":[],"class_list":["post-22371","post","type-post","status-publish","format-standard","has-post-thumbnail","hentry","category-santi-e-beati"],"acf":[],"yoast_head":"<!-- This site is optimized with the Yoast SEO plugin v26.6 - https:\/\/yoast.com\/wordpress\/plugins\/seo\/ -->\n<title>Bartolo Longo: la sua eredit\u00e0 spirituale e la canonizzazione nel Giubileo 2025<\/title>\n<meta name=\"description\" content=\"Bartolo Longo: la sua fede ha trasformato Pompei. Santo nel Giubileo 2025, la sua eredit\u00e0 illumina il cuore di milioni di fedeli.\" \/>\n<meta name=\"robots\" content=\"index, follow, max-snippet:-1, max-image-preview:large, max-video-preview:-1\" \/>\n<link rel=\"canonical\" href=\"https:\/\/blog.holyart.it\/it\/santi-e-beati\/bartolo-longo-la-sua-eredita-spirituale-e-la-canonizzazione-nel-giubileo-2025\/\" \/>\n<meta property=\"og:locale\" content=\"it_IT\" \/>\n<meta property=\"og:type\" content=\"article\" \/>\n<meta property=\"og:title\" content=\"Bartolo Longo: la sua eredit\u00e0 spirituale e la canonizzazione nel Giubileo 2025\" \/>\n<meta property=\"og:description\" content=\"Bartolo Longo: la sua fede ha trasformato Pompei. Santo nel Giubileo 2025, la sua eredit\u00e0 illumina il cuore di milioni di fedeli.\" \/>\n<meta property=\"og:url\" content=\"https:\/\/blog.holyart.it\/it\/santi-e-beati\/bartolo-longo-la-sua-eredita-spirituale-e-la-canonizzazione-nel-giubileo-2025\/\" \/>\n<meta property=\"og:site_name\" content=\"Holyblog\" \/>\n<meta property=\"article:published_time\" content=\"2025-09-17T08:00:24+00:00\" \/>\n<meta property=\"article:modified_time\" content=\"2025-10-07T13:16:36+00:00\" \/>\n<meta property=\"og:image\" content=\"https:\/\/blog.holyart.it\/it\/wp-content\/uploads\/sites\/17\/2025\/08\/bartolo-longo-pompei.jpg\" \/>\n\t<meta property=\"og:image:width\" content=\"1000\" \/>\n\t<meta property=\"og:image:height\" content=\"666\" \/>\n\t<meta property=\"og:image:type\" content=\"image\/jpeg\" \/>\n<meta name=\"author\" content=\"Redazione\" \/>\n<meta name=\"twitter:card\" content=\"summary_large_image\" \/>\n<meta name=\"twitter:label1\" content=\"Scritto da\" \/>\n\t<meta name=\"twitter:data1\" content=\"Redazione\" \/>\n\t<meta name=\"twitter:label2\" content=\"Tempo di lettura stimato\" \/>\n\t<meta name=\"twitter:data2\" content=\"13 minuti\" \/>\n<script type=\"application\/ld+json\" class=\"yoast-schema-graph\">{\"@context\":\"https:\/\/schema.org\",\"@graph\":[{\"@type\":\"Article\",\"@id\":\"https:\/\/blog.holyart.it\/it\/santi-e-beati\/bartolo-longo-la-sua-eredita-spirituale-e-la-canonizzazione-nel-giubileo-2025\/#article\",\"isPartOf\":{\"@id\":\"https:\/\/blog.holyart.it\/it\/santi-e-beati\/bartolo-longo-la-sua-eredita-spirituale-e-la-canonizzazione-nel-giubileo-2025\/\"},\"author\":{\"name\":\"Redazione\",\"@id\":\"https:\/\/blog.holyart.it\/it\/#\/schema\/person\/0a7b686e5af0f856ec1e390dd0baecda\"},\"headline\":\"Bartolo Longo: la sua eredit\u00e0 spirituale e la canonizzazione nel Giubileo 2025\",\"datePublished\":\"2025-09-17T08:00:24+00:00\",\"dateModified\":\"2025-10-07T13:16:36+00:00\",\"mainEntityOfPage\":{\"@id\":\"https:\/\/blog.holyart.it\/it\/santi-e-beati\/bartolo-longo-la-sua-eredita-spirituale-e-la-canonizzazione-nel-giubileo-2025\/\"},\"wordCount\":2085,\"publisher\":{\"@id\":\"https:\/\/blog.holyart.it\/it\/#organization\"},\"image\":{\"@id\":\"https:\/\/blog.holyart.it\/it\/santi-e-beati\/bartolo-longo-la-sua-eredita-spirituale-e-la-canonizzazione-nel-giubileo-2025\/#primaryimage\"},\"thumbnailUrl\":\"https:\/\/blog.holyart.it\/it\/wp-content\/uploads\/sites\/17\/2025\/08\/bartolo-longo-pompei.jpg\",\"articleSection\":[\"Santi e beati\"],\"inLanguage\":\"it-IT\"},{\"@type\":\"WebPage\",\"@id\":\"https:\/\/blog.holyart.it\/it\/santi-e-beati\/bartolo-longo-la-sua-eredita-spirituale-e-la-canonizzazione-nel-giubileo-2025\/\",\"url\":\"https:\/\/blog.holyart.it\/it\/santi-e-beati\/bartolo-longo-la-sua-eredita-spirituale-e-la-canonizzazione-nel-giubileo-2025\/\",\"name\":\"Bartolo Longo: la sua eredit\u00e0 spirituale e la canonizzazione nel Giubileo 2025\",\"isPartOf\":{\"@id\":\"https:\/\/blog.holyart.it\/it\/#website\"},\"primaryImageOfPage\":{\"@id\":\"https:\/\/blog.holyart.it\/it\/santi-e-beati\/bartolo-longo-la-sua-eredita-spirituale-e-la-canonizzazione-nel-giubileo-2025\/#primaryimage\"},\"image\":{\"@id\":\"https:\/\/blog.holyart.it\/it\/santi-e-beati\/bartolo-longo-la-sua-eredita-spirituale-e-la-canonizzazione-nel-giubileo-2025\/#primaryimage\"},\"thumbnailUrl\":\"https:\/\/blog.holyart.it\/it\/wp-content\/uploads\/sites\/17\/2025\/08\/bartolo-longo-pompei.jpg\",\"datePublished\":\"2025-09-17T08:00:24+00:00\",\"dateModified\":\"2025-10-07T13:16:36+00:00\",\"description\":\"Bartolo Longo: la sua fede ha trasformato Pompei. Santo nel Giubileo 2025, la sua eredit\u00e0 illumina il cuore di milioni di fedeli.\",\"breadcrumb\":{\"@id\":\"https:\/\/blog.holyart.it\/it\/santi-e-beati\/bartolo-longo-la-sua-eredita-spirituale-e-la-canonizzazione-nel-giubileo-2025\/#breadcrumb\"},\"inLanguage\":\"it-IT\",\"potentialAction\":[{\"@type\":\"ReadAction\",\"target\":[\"https:\/\/blog.holyart.it\/it\/santi-e-beati\/bartolo-longo-la-sua-eredita-spirituale-e-la-canonizzazione-nel-giubileo-2025\/\"]}]},{\"@type\":\"ImageObject\",\"inLanguage\":\"it-IT\",\"@id\":\"https:\/\/blog.holyart.it\/it\/santi-e-beati\/bartolo-longo-la-sua-eredita-spirituale-e-la-canonizzazione-nel-giubileo-2025\/#primaryimage\",\"url\":\"https:\/\/blog.holyart.it\/it\/wp-content\/uploads\/sites\/17\/2025\/08\/bartolo-longo-pompei.jpg\",\"contentUrl\":\"https:\/\/blog.holyart.it\/it\/wp-content\/uploads\/sites\/17\/2025\/08\/bartolo-longo-pompei.jpg\",\"width\":1000,\"height\":666,\"caption\":\"bartolo longo pompei\"},{\"@type\":\"BreadcrumbList\",\"@id\":\"https:\/\/blog.holyart.it\/it\/santi-e-beati\/bartolo-longo-la-sua-eredita-spirituale-e-la-canonizzazione-nel-giubileo-2025\/#breadcrumb\",\"itemListElement\":[{\"@type\":\"ListItem\",\"position\":1,\"name\":\"Homepage\",\"item\":\"https:\/\/blog.holyart.it\/it\/\"},{\"@type\":\"ListItem\",\"position\":2,\"name\":\"Santi e beati\",\"item\":\"https:\/\/blog.holyart.it\/it\/santi-e-beati\/\"},{\"@type\":\"ListItem\",\"position\":3,\"name\":\"Bartolo Longo: la sua eredit\u00e0 spirituale e la canonizzazione nel Giubileo 2025\"}]},{\"@type\":\"WebSite\",\"@id\":\"https:\/\/blog.holyart.it\/it\/#website\",\"url\":\"https:\/\/blog.holyart.it\/it\/\",\"name\":\"Holyblog\",\"description\":\"Il Blog di Holyart.it\",\"publisher\":{\"@id\":\"https:\/\/blog.holyart.it\/it\/#organization\"},\"potentialAction\":[{\"@type\":\"SearchAction\",\"target\":{\"@type\":\"EntryPoint\",\"urlTemplate\":\"https:\/\/blog.holyart.it\/it\/?s={search_term_string}\"},\"query-input\":{\"@type\":\"PropertyValueSpecification\",\"valueRequired\":true,\"valueName\":\"search_term_string\"}}],\"inLanguage\":\"it-IT\"},{\"@type\":\"Organization\",\"@id\":\"https:\/\/blog.holyart.it\/it\/#organization\",\"name\":\"Holyblog\",\"url\":\"https:\/\/blog.holyart.it\/it\/\",\"logo\":{\"@type\":\"ImageObject\",\"inLanguage\":\"it-IT\",\"@id\":\"https:\/\/blog.holyart.it\/it\/#\/schema\/logo\/image\/\",\"url\":\"https:\/\/blog.holyart.it\/it\/wp-content\/uploads\/sites\/17\/2022\/12\/Holyart_Blog_Logo.jpg\",\"contentUrl\":\"https:\/\/blog.holyart.it\/it\/wp-content\/uploads\/sites\/17\/2022\/12\/Holyart_Blog_Logo.jpg\",\"width\":300,\"height\":50,\"caption\":\"Holyblog\"},\"image\":{\"@id\":\"https:\/\/blog.holyart.it\/it\/#\/schema\/logo\/image\/\"}},{\"@type\":\"Person\",\"@id\":\"https:\/\/blog.holyart.it\/it\/#\/schema\/person\/0a7b686e5af0f856ec1e390dd0baecda\",\"name\":\"Redazione\"}]}<\/script>\n<!-- \/ Yoast SEO plugin. -->","yoast_head_json":{"title":"Bartolo Longo: la sua eredit\u00e0 spirituale e la canonizzazione nel Giubileo 2025","description":"Bartolo Longo: la sua fede ha trasformato Pompei. Santo nel Giubileo 2025, la sua eredit\u00e0 illumina il cuore di milioni di fedeli.","robots":{"index":"index","follow":"follow","max-snippet":"max-snippet:-1","max-image-preview":"max-image-preview:large","max-video-preview":"max-video-preview:-1"},"canonical":"https:\/\/blog.holyart.it\/it\/santi-e-beati\/bartolo-longo-la-sua-eredita-spirituale-e-la-canonizzazione-nel-giubileo-2025\/","og_locale":"it_IT","og_type":"article","og_title":"Bartolo Longo: la sua eredit\u00e0 spirituale e la canonizzazione nel Giubileo 2025","og_description":"Bartolo Longo: la sua fede ha trasformato Pompei. Santo nel Giubileo 2025, la sua eredit\u00e0 illumina il cuore di milioni di fedeli.","og_url":"https:\/\/blog.holyart.it\/it\/santi-e-beati\/bartolo-longo-la-sua-eredita-spirituale-e-la-canonizzazione-nel-giubileo-2025\/","og_site_name":"Holyblog","article_published_time":"2025-09-17T08:00:24+00:00","article_modified_time":"2025-10-07T13:16:36+00:00","og_image":[{"width":1000,"height":666,"url":"https:\/\/blog.holyart.it\/it\/wp-content\/uploads\/sites\/17\/2025\/08\/bartolo-longo-pompei.jpg","type":"image\/jpeg"}],"author":"Redazione","twitter_card":"summary_large_image","twitter_misc":{"Scritto da":"Redazione","Tempo di lettura stimato":"13 minuti"},"schema":{"@context":"https:\/\/schema.org","@graph":[{"@type":"Article","@id":"https:\/\/blog.holyart.it\/it\/santi-e-beati\/bartolo-longo-la-sua-eredita-spirituale-e-la-canonizzazione-nel-giubileo-2025\/#article","isPartOf":{"@id":"https:\/\/blog.holyart.it\/it\/santi-e-beati\/bartolo-longo-la-sua-eredita-spirituale-e-la-canonizzazione-nel-giubileo-2025\/"},"author":{"name":"Redazione","@id":"https:\/\/blog.holyart.it\/it\/#\/schema\/person\/0a7b686e5af0f856ec1e390dd0baecda"},"headline":"Bartolo Longo: la sua eredit\u00e0 spirituale e la canonizzazione nel Giubileo 2025","datePublished":"2025-09-17T08:00:24+00:00","dateModified":"2025-10-07T13:16:36+00:00","mainEntityOfPage":{"@id":"https:\/\/blog.holyart.it\/it\/santi-e-beati\/bartolo-longo-la-sua-eredita-spirituale-e-la-canonizzazione-nel-giubileo-2025\/"},"wordCount":2085,"publisher":{"@id":"https:\/\/blog.holyart.it\/it\/#organization"},"image":{"@id":"https:\/\/blog.holyart.it\/it\/santi-e-beati\/bartolo-longo-la-sua-eredita-spirituale-e-la-canonizzazione-nel-giubileo-2025\/#primaryimage"},"thumbnailUrl":"https:\/\/blog.holyart.it\/it\/wp-content\/uploads\/sites\/17\/2025\/08\/bartolo-longo-pompei.jpg","articleSection":["Santi e beati"],"inLanguage":"it-IT"},{"@type":"WebPage","@id":"https:\/\/blog.holyart.it\/it\/santi-e-beati\/bartolo-longo-la-sua-eredita-spirituale-e-la-canonizzazione-nel-giubileo-2025\/","url":"https:\/\/blog.holyart.it\/it\/santi-e-beati\/bartolo-longo-la-sua-eredita-spirituale-e-la-canonizzazione-nel-giubileo-2025\/","name":"Bartolo Longo: la sua eredit\u00e0 spirituale e la canonizzazione nel Giubileo 2025","isPartOf":{"@id":"https:\/\/blog.holyart.it\/it\/#website"},"primaryImageOfPage":{"@id":"https:\/\/blog.holyart.it\/it\/santi-e-beati\/bartolo-longo-la-sua-eredita-spirituale-e-la-canonizzazione-nel-giubileo-2025\/#primaryimage"},"image":{"@id":"https:\/\/blog.holyart.it\/it\/santi-e-beati\/bartolo-longo-la-sua-eredita-spirituale-e-la-canonizzazione-nel-giubileo-2025\/#primaryimage"},"thumbnailUrl":"https:\/\/blog.holyart.it\/it\/wp-content\/uploads\/sites\/17\/2025\/08\/bartolo-longo-pompei.jpg","datePublished":"2025-09-17T08:00:24+00:00","dateModified":"2025-10-07T13:16:36+00:00","description":"Bartolo Longo: la sua fede ha trasformato Pompei. Santo nel Giubileo 2025, la sua eredit\u00e0 illumina il cuore di milioni di fedeli.","breadcrumb":{"@id":"https:\/\/blog.holyart.it\/it\/santi-e-beati\/bartolo-longo-la-sua-eredita-spirituale-e-la-canonizzazione-nel-giubileo-2025\/#breadcrumb"},"inLanguage":"it-IT","potentialAction":[{"@type":"ReadAction","target":["https:\/\/blog.holyart.it\/it\/santi-e-beati\/bartolo-longo-la-sua-eredita-spirituale-e-la-canonizzazione-nel-giubileo-2025\/"]}]},{"@type":"ImageObject","inLanguage":"it-IT","@id":"https:\/\/blog.holyart.it\/it\/santi-e-beati\/bartolo-longo-la-sua-eredita-spirituale-e-la-canonizzazione-nel-giubileo-2025\/#primaryimage","url":"https:\/\/blog.holyart.it\/it\/wp-content\/uploads\/sites\/17\/2025\/08\/bartolo-longo-pompei.jpg","contentUrl":"https:\/\/blog.holyart.it\/it\/wp-content\/uploads\/sites\/17\/2025\/08\/bartolo-longo-pompei.jpg","width":1000,"height":666,"caption":"bartolo longo pompei"},{"@type":"BreadcrumbList","@id":"https:\/\/blog.holyart.it\/it\/santi-e-beati\/bartolo-longo-la-sua-eredita-spirituale-e-la-canonizzazione-nel-giubileo-2025\/#breadcrumb","itemListElement":[{"@type":"ListItem","position":1,"name":"Homepage","item":"https:\/\/blog.holyart.it\/it\/"},{"@type":"ListItem","position":2,"name":"Santi e beati","item":"https:\/\/blog.holyart.it\/it\/santi-e-beati\/"},{"@type":"ListItem","position":3,"name":"Bartolo Longo: la sua eredit\u00e0 spirituale e la canonizzazione nel Giubileo 2025"}]},{"@type":"WebSite","@id":"https:\/\/blog.holyart.it\/it\/#website","url":"https:\/\/blog.holyart.it\/it\/","name":"Holyblog","description":"Il Blog di Holyart.it","publisher":{"@id":"https:\/\/blog.holyart.it\/it\/#organization"},"potentialAction":[{"@type":"SearchAction","target":{"@type":"EntryPoint","urlTemplate":"https:\/\/blog.holyart.it\/it\/?s={search_term_string}"},"query-input":{"@type":"PropertyValueSpecification","valueRequired":true,"valueName":"search_term_string"}}],"inLanguage":"it-IT"},{"@type":"Organization","@id":"https:\/\/blog.holyart.it\/it\/#organization","name":"Holyblog","url":"https:\/\/blog.holyart.it\/it\/","logo":{"@type":"ImageObject","inLanguage":"it-IT","@id":"https:\/\/blog.holyart.it\/it\/#\/schema\/logo\/image\/","url":"https:\/\/blog.holyart.it\/it\/wp-content\/uploads\/sites\/17\/2022\/12\/Holyart_Blog_Logo.jpg","contentUrl":"https:\/\/blog.holyart.it\/it\/wp-content\/uploads\/sites\/17\/2022\/12\/Holyart_Blog_Logo.jpg","width":300,"height":50,"caption":"Holyblog"},"image":{"@id":"https:\/\/blog.holyart.it\/it\/#\/schema\/logo\/image\/"}},{"@type":"Person","@id":"https:\/\/blog.holyart.it\/it\/#\/schema\/person\/0a7b686e5af0f856ec1e390dd0baecda","name":"Redazione"}]}},"_links":{"self":[{"href":"https:\/\/blog.holyart.it\/it\/wp-json\/wp\/v2\/posts\/22371","targetHints":{"allow":["GET"]}}],"collection":[{"href":"https:\/\/blog.holyart.it\/it\/wp-json\/wp\/v2\/posts"}],"about":[{"href":"https:\/\/blog.holyart.it\/it\/wp-json\/wp\/v2\/types\/post"}],"author":[{"embeddable":true,"href":"https:\/\/blog.holyart.it\/it\/wp-json\/wp\/v2\/users\/1"}],"replies":[{"embeddable":true,"href":"https:\/\/blog.holyart.it\/it\/wp-json\/wp\/v2\/comments?post=22371"}],"version-history":[{"count":6,"href":"https:\/\/blog.holyart.it\/it\/wp-json\/wp\/v2\/posts\/22371\/revisions"}],"predecessor-version":[{"id":22420,"href":"https:\/\/blog.holyart.it\/it\/wp-json\/wp\/v2\/posts\/22371\/revisions\/22420"}],"wp:featuredmedia":[{"embeddable":true,"href":"https:\/\/blog.holyart.it\/it\/wp-json\/wp\/v2\/media\/22418"}],"wp:attachment":[{"href":"https:\/\/blog.holyart.it\/it\/wp-json\/wp\/v2\/media?parent=22371"}],"wp:term":[{"taxonomy":"category","embeddable":true,"href":"https:\/\/blog.holyart.it\/it\/wp-json\/wp\/v2\/categories?post=22371"},{"taxonomy":"post_tag","embeddable":true,"href":"https:\/\/blog.holyart.it\/it\/wp-json\/wp\/v2\/tags?post=22371"}],"curies":[{"name":"wp","href":"https:\/\/api.w.org\/{rel}","templated":true}]}}