{"id":22317,"date":"2025-09-01T10:00:06","date_gmt":"2025-09-01T08:00:06","guid":{"rendered":"https:\/\/blog.holyart.it\/it\/?p=22317"},"modified":"2025-07-29T14:58:47","modified_gmt":"2025-07-29T12:58:47","slug":"santi-bambini-quando-la-santita-non-ha-eta","status":"publish","type":"post","link":"https:\/\/blog.holyart.it\/it\/santi-e-beati\/santi-bambini-quando-la-santita-non-ha-eta\/","title":{"rendered":"Santi bambini: quando la santit\u00e0 non ha et\u00e0"},"content":{"rendered":"<h4>Santi bambini: quando la santit\u00e0 non ha et\u00e0. Storie di piccoli innocenti morti troppo presto e accolti in Cielo<\/h4>\n\n<p>Ci sono storie che non hanno bisogno di clamore. Camminano in punta di piedi, come fanno i bambini quando esplorano una stanza nuova. Ci sono vite brevi, troppo brevi, ma intense come fiammelle nel vento: si direbbero flebili, fragili, eppure hanno resistito alle tempeste del tempo e hanno illuminato i secoli. Parliamo dei\u00a0<strong>santi bambini<\/strong>, creature che hanno vissuto l\u2019essenziale prima ancora di imparare cosa fosse davvero la vita. Anime che, nella loro purezza, hanno percorso in pochi anni il cammino di fede e grazia che altri non compiono in una vita.<br \/>\nBrillano con una luce diversa, ostinata, senza tempo, e\u00a0non appartengono solo al passato.<br \/>\nI bambini santi continuano a nascere, a soffrire, a scegliere il bene, ad amare con radicalit\u00e0. Alcuni lo fanno nel silenzio di una malattia, altri restando innocenti in mezzo alla violenza, altri ancora in un\u2019aula scolastica <a href=\"https:\/\/www.holyart.it\/it\/articoli-religiosi\/statue\/statue-in-resina-e-pvc\/statua-carlo-acutis-rosario-e-telecamera-resina-dipinta-13-cm\"><strong>o dietro uno schermo<\/strong><\/a>.<br \/>\nIn loro c\u2019\u00e8 qualcosa che commuove, che spiazza: la grazia che non aspetta l\u2019et\u00e0 della ragione.<\/p>\n<div class=\"link-product\">\n<div class=\"blocco-immagine\"><img loading=\"lazy\" decoding=\"async\" class=\"size-full wp-image-22318 alignleft\" src=\"https:\/\/blog.holyart.it\/it\/wp-content\/uploads\/sites\/17\/2025\/07\/statua-carlo-acutis-rosario-e-telecamera-resina-dipinta-13-cm.jpg\" alt=\"statua carlo acutis rosario e telecamera resina dipinta 13 cm\" width=\"100\" height=\"100\" data-kale-share-title=\"Santi bambini: quando la santit\u00e0 non ha et\u00e0\" data-kale-share-url=\"https:\/\/blog.holyart.it\/it\/?p=22317\" \/><\/div>\n<div class=\"blocco-contenuto\">\n<div class=\"blocco-acquista\">Acquista su Holyart:<\/div>\n<div class=\"blocco-titolo\"><a href=\"https:\/\/www.holyart.it\/it\/articoli-religiosi\/statue\/statue-in-resina-e-pvc\/statua-carlo-acutis-rosario-e-telecamera-resina-dipinta-13-cm\">Statua Carlo Acutis rosario e telecamera resina dipinta 13 cm<\/a><\/div>\n<div class=\"blocco-descrizione\">Questa statua, dedicata al giovane Carlo Acutis, \u00e8 realizzata in resina e rifinita con estrema cura nei dettagli.<\/div>\n<\/div>\n<\/div>\n<p>Nel frastuono del presente, i santi bambini parlano piano.<br \/>\nNon impongono, non giudicano. Ma la loro sola esistenza diventa domanda, diventa specchio.<br \/>\nCi obbligano a chiederci: cosa stiamo insegnando ai nostri figli? Cosa coltiviamo nei loro sogni, nelle loro paure, nei loro silenzi?\u00a0Ogni bambino che prega, ogni bambino che soffre con dignit\u00e0, ogni bambino che sceglie il bene quando nessuno lo guarda\u2026 \u00e8 gi\u00e0 un seme di luce. Un promemoria del cielo.<br \/>\nE forse, come diceva <a href=\"https:\/\/www.holyart.it\/it\/articoli-religiosi\/statue\/statue-in-resina-e-pvc\/statua-don-bosco-e-d.-savio-30-cm-resina\"><strong>il piccolo Domenico Savio<\/strong><\/a>, dovremmo tutti scrivere sul cuore una sola frase:<br \/>\n<strong>\u201cPreferisco morire piuttosto che peccare.\u201d<\/strong><br \/>\nNon perch\u00e9 siamo santi. Ma perch\u00e9 vogliamo, nel nostro piccolo, camminare con loro.<\/p>\n<div class=\"link-product\">\n<div class=\"blocco-immagine\"><img loading=\"lazy\" decoding=\"async\" class=\"size-full wp-image-22319 alignleft\" src=\"https:\/\/blog.holyart.it\/it\/wp-content\/uploads\/sites\/17\/2025\/07\/statua-don-bosco-e-d.-savio-30-cm-resina.jpg\" alt=\"statua don bosco e d. savio 30 cm resina\" width=\"100\" height=\"100\" data-kale-share-title=\"Santi bambini: quando la santit\u00e0 non ha et\u00e0\" data-kale-share-url=\"https:\/\/blog.holyart.it\/it\/?p=22317\" \/><\/div>\n<div class=\"blocco-contenuto\">\n<div class=\"blocco-acquista\">Acquista su Holyart:<\/div>\n<div class=\"blocco-titolo\"><a href=\"https:\/\/www.holyart.it\/it\/articoli-religiosi\/statue\/statue-in-resina-e-pvc\/statua-don-bosco-e-d.-savio-30-cm-resina\">Statua Don Bosco e D. Savio 30 cm resina<\/a><\/div>\n<div class=\"blocco-descrizione\">Statua raffigurante Don Bosco con il suo allievo, San Domenico Savio.<\/div>\n<\/div>\n<\/div>\n<h2>Santi e beati bambini<\/h2>\n<p>C\u2019\u00e8 chi pensa che la santit\u00e0 sia una meta da adulti, un traguardo per chi ha percorso la vita tra rinunce e predicazioni.<br \/>\nEppure, i santi e beati bambini rovesciano questa idea. Non con le parole, ma con i fatti. Con la coerenza dei piccoli, con una forza che non fa rumore, eppure scuote il mondo fin dalle fondamenta.<br \/>\nQuesti piccoli testimoni della fede hanno affrontato prove grandi con cuore libero. Hanno amato Dio con una semplicit\u00e0 assoluta, senza retorica, senza calcoli.<br \/>\nAlcuni hanno\u00a0<strong><a href=\"https:\/\/www.holyart.it\/blog\/santi-e-beati\/santi-martiri-sacrificare-la-propria-vita-in-nome-di-dio\/\">subito il martirio<\/a><\/strong>; altri hanno vissuto ogni giorno come un\u2019offerta nascosta. Ma tutti hanno avuto uno sguardo limpido e uno slancio impetuoso verso il cielo.\u00a0E non si tratta di romanticismi o devozioni sdolcinate.<br \/>\nIl riconoscimento della loro santit\u00e0 richiede rigore: per stabilire\u00a0<strong><a href=\"https:\/\/www.holyart.it\/blog\/articoli-religiosi\/come-si-fa-a-diventare-santi-spieghiamo-il-processo-di-santificazione\/\">chi pu\u00f2 diventare santo<\/a><\/strong>, la Chiesa esamina non solo la presenza di miracoli, ma la maturit\u00e0 interiore, la consapevolezza, la libert\u00e0.<br \/>\nSi cerca una fede viva, personale, mai imposta. Una fiamma accesa per scelta, per amore.<br \/>\nIn questi bambini la fede non \u00e8 imitazione: \u00e8 esperienza. Una sorgente che zampilla da dentro, senza che nessuno gliel\u2019abbia spiegata del tutto.<br \/>\n\u00c8 lo Spirito che parla, che gioca, che abita i piccoli.<\/p>\n<div class=\"link-article\">\n<p><img loading=\"lazy\" decoding=\"async\" class=\"size-full wp-image-22320 alignleft\" src=\"https:\/\/blog.holyart.it\/it\/wp-content\/uploads\/sites\/17\/2025\/07\/Santi-martiri.jpg\" alt=\"Santi martiri\" width=\"150\" height=\"99\" data-kale-share-title=\"Santi bambini: quando la santit\u00e0 non ha et\u00e0\" data-kale-share-url=\"https:\/\/blog.holyart.it\/it\/?p=22317\" \/><\/p>\n<div class=\"leggi-anche\">Leggi anche:<\/div>\n<p><strong><a href=\"https:\/\/www.holyart.it\/blog\/santi-e-beati\/santi-martiri-sacrificare-la-propria-vita-in-nome-di-dio\/\">Santi Martiri: sacrificare la propria vita in nome di Dio<\/a><\/strong><br \/>\nI Santi Martiri sono uomini e donne, spesso molto giovani, che hanno sacrificato la propria vita per amore di Dio&#8230;<\/p>\n<\/div>\n<p>Questi sono i santi bambini. Non li si ricorda solo perch\u00e9 piccoli, ma perch\u00e9 grandi. Perch\u00e9 ci insegnano che la santit\u00e0 non \u00e8 una vetta riservata ai mistici o ai <a href=\"https:\/\/www.holyart.it\/blog\/santi-e-beati\/i-dottori-della-chiesa-chi-sono-e-i-requisiti-per-avere-questo-titolo\/\"><strong>dottori della Chiesa<\/strong><\/a>.<br \/>\n\u00c8 una strada aperta a tutti, anche ai piedi scalzi di un bimbo che prega, che sogna, che ama.<br \/>\nE se oggi il mondo li dimentica, noi possiamo ancora raccontarli. Perch\u00e9 nelle loro vite brevi batte l\u2019eternit\u00e0.<\/p>\n<p>C\u2019\u00e8 una processione invisibile che attraversa la storia: sono<strong>\u00a0<\/strong>tutti i santi bambini, ognuno con il proprio nome, il proprio sguardo, la propria ferita d\u2019amore.<br \/>\nNon li accomuna il tempo n\u00e9 la geografia, ma un&#8217;intimit\u00e0 profonda con Dio e il suo Mistero d&#8217;Amore.<br \/>\nDall\u2019antica Roma ai campi di battaglia del Novecento, da villaggi sperduti del Portogallo ai marciapiedi delle nostre citt\u00e0, la santit\u00e0 ha trovato nei bambini terreno fertile.\u00a0Alcuni erano figli di contadini, altri di famiglie nobili. Alcuni hanno imparato a leggere la Parola, altri non hanno avuto il tempo. Ma tutti, in modi diversi, hanno risposto\u00a0<strong>a una chiamata<\/strong>.<br \/>\nE il loro s\u00ec, pronunciato con la voce o con la vita, \u00e8 riecheggiato in cieli e coscienze.<br \/>\nLe loro storie ci parlano di una santit\u00e0 che si nasconde nei gesti pi\u00f9 semplici: una carezza data nel dolore, un&#8217;offerta silenziosa, un sorriso che consola.<br \/>\nIn loro non c\u2019\u00e8 ostentazione, non c\u2019\u00e8 calcolo. Solo una dolce urgenza di bene. Genitori, insegnanti, catechisti possono trovare in questi volti infantili ispirazione, forza e commozione.<br \/>\nPerch\u00e9 i santi bambini ci insegnano che\u00a0<strong>Dio ama nascondersi nelle piccole cose<\/strong>. E nei piccoli cuori.<\/p>\n<div class=\"link-article\">\n<p><img loading=\"lazy\" decoding=\"async\" class=\"size-full wp-image-22321 alignleft\" src=\"https:\/\/blog.holyart.it\/it\/wp-content\/uploads\/sites\/17\/2025\/07\/processo-di-santificazione.jpg\" alt=\"processo di santificazione\" width=\"150\" height=\"99\" data-kale-share-title=\"Santi bambini: quando la santit\u00e0 non ha et\u00e0\" data-kale-share-url=\"https:\/\/blog.holyart.it\/it\/?p=22317\" \/><\/p>\n<div class=\"leggi-anche\">Leggi anche:<\/div>\n<p><strong><a href=\"https:\/\/www.holyart.it\/blog\/articoli-religiosi\/come-si-fa-a-diventare-santi-spieghiamo-il-processo-di-santificazione\/\">Come si fa a diventare santi? Spieghiamo il processo di santificazione<\/a><\/strong><br \/>\nIl processo di Santificazione \u00e8 composto da diverse fasi e si articola&#8230;<\/p>\n<\/div>\n<h2>Tutti i santi bambini<\/h2>\n<p>Non sono tanti, ma sono tutti indimenticabili. Alcuni sono stati martiri, altri profeti in miniatura. Alcuni hanno lasciato lettere, visioni, reliquie. Altri solo l\u2019impronta lieve di un passaggio nella neve.<\/p>\n<h3>Sant\u2019Agnese<\/h3>\n<p>Una\u00a0<strong><a href=\"https:\/\/www.holyart.it\/it\/articoli-religiosi\/statue\/statue-in-legno-dipinto\/santa-agnese-che-tiene-agnello-dipinta-legno-acero-valgardena\">bambina nella Roma pagana<\/a><\/strong>, promessa sposa a un potere che non voleva. Lei disse no. No al compromesso, no alla paura.<em>\u00a0\u201cSono gi\u00e0 promessa a un altro Sposo\u201d<\/em>, dichiar\u00f2, e quel S\u00ec a Dio le cost\u00f2 la vita.<br \/>\nAveva dodici anni. Ma nella purezza e nella fermezza, aveva la forza di mille adulti. Il suo nome \u00e8 oggi sinonimo di coraggio casto, di fedelt\u00e0 radicale.<\/p>\n<div class=\"link-product\">\n<div class=\"blocco-immagine\"><img loading=\"lazy\" decoding=\"async\" class=\"size-full wp-image-22323 alignleft\" src=\"https:\/\/blog.holyart.it\/it\/wp-content\/uploads\/sites\/17\/2025\/07\/santa-agnese-che-tiene-agnello-dipinta-legno-acero-valgardena.jpg\" alt=\"santa agnese che tiene agnello dipinta legno acero valgardena\" width=\"100\" height=\"100\" data-kale-share-title=\"Santi bambini: quando la santit\u00e0 non ha et\u00e0\" data-kale-share-url=\"https:\/\/blog.holyart.it\/it\/?p=22317\" \/><\/div>\n<div class=\"blocco-contenuto\">\n<div class=\"blocco-acquista\">Acquista su Holyart:<\/div>\n<div class=\"blocco-titolo\"><a href=\"https:\/\/www.holyart.it\/it\/articoli-religiosi\/statue\/statue-in-legno-dipinto\/santa-agnese-che-tiene-agnello-dipinta-legno-acero-valgardena\">Santa Agnese che tiene agnello dipinta legno acero Valgardena<\/a><\/div>\n<div class=\"blocco-descrizione\">Statua in legno d&#8217;acero e successivamente dipinto a mano dagli artigiani pittori della val Gardena.<\/div>\n<\/div>\n<\/div>\n<h3>San Pancrazio<\/h3>\n<p>Un altro martire giovanissimo, appena adolescente. In un mondo che chiedeva idolatria, offr\u00ec la sua vita a un Dio che non si vede, ma che si ama con tutto se stessi. La sua giovinezza fu il vessillo di una fede indomita. Oggi \u00e8 patrono dei giovani e dei giuramenti fedeli.<\/p>\n<h3>San Domenico Savio<\/h3>\n<p><strong><a href=\"https:\/\/www.holyart.it\/blog\/santi-e-beati\/san-domenico-savio-lallievo-di-don-bosco\/\">Discepolo di Don Bosco<\/a><\/strong>, Domenico fu un vulcano di vita e spirito. Giocava, rideva, studiava. Ma il suo cuore era gi\u00e0 oltre.\u00a0<em>\u201cIo voglio diventare santo, subito\u201d<\/em>, diceva. E ci riusc\u00ec. In un\u2019et\u00e0 in cui si pensa solo a crescere, lui scelse di salire. E arriv\u00f2, in fretta. Aveva quindici anni. Ma il suo diario interiore \u00e8 un trattato di spiritualit\u00e0 quotidiana.<\/p>\n<div class=\"link-article\">\n<p><img loading=\"lazy\" decoding=\"async\" class=\"size-full wp-image-22324 alignleft\" src=\"https:\/\/blog.holyart.it\/it\/wp-content\/uploads\/sites\/17\/2025\/07\/don-bosco-e-san-domenico-savio.jpg\" alt=\"don bosco e san domenico savio\" width=\"150\" height=\"99\" data-kale-share-title=\"Santi bambini: quando la santit\u00e0 non ha et\u00e0\" data-kale-share-url=\"https:\/\/blog.holyart.it\/it\/?p=22317\" \/><\/p>\n<div class=\"leggi-anche\">Leggi anche:<\/div>\n<p><strong><a href=\"https:\/\/www.holyart.it\/blog\/santi-e-beati\/san-domenico-savio-lallievo-di-don-bosco\/\">San Domenico Savio, l\u2019allievo di Don Bosco<\/a><\/strong><br \/>\nProtettore dei bambini e delle gestanti, San Domenico Savio fu un esempio di virt\u00f9 e qualit\u00e0 irraggiungibili&#8230;<\/p>\n<\/div>\n<h3>Santa Maria Goretti<\/h3>\n<p>Dodici anni. Una vita povera, semplice, e un\u2019innocenza pi\u00f9 forte della violenza. Ferita a morte per aver difeso la sua purezza,\u00a0<a href=\"https:\/\/www.holyart.it\/blog\/articoli-religiosi\/santa-maria-goretti-la-purezza-e-il-perdono\/\"><strong>sul letto d\u2019agonia perdon\u00f2 il suo assassino<\/strong><\/a>. La sua santit\u00e0 non fu fatta solo di rifiuto, ma di misericordia. Di quella che cambia anche i cuori pi\u00f9 oscuri.<\/p>\n<div class=\"link-article\">\n<p><img loading=\"lazy\" decoding=\"async\" class=\"size-full wp-image-22325 alignleft\" src=\"https:\/\/blog.holyart.it\/it\/wp-content\/uploads\/sites\/17\/2025\/07\/santa-maria-goretti-new.jpg\" alt=\"santa maria goretti\" width=\"150\" height=\"99\" data-kale-share-title=\"Santi bambini: quando la santit\u00e0 non ha et\u00e0\" data-kale-share-url=\"https:\/\/blog.holyart.it\/it\/?p=22317\" \/><\/p>\n<div class=\"leggi-anche\">Leggi anche:<\/div>\n<p><strong><a href=\"https:\/\/www.holyart.it\/blog\/articoli-religiosi\/santa-maria-goretti-la-purezza-e-il-perdono\/\">Santa Maria Goretti, la purezza e il perdono<\/a><\/strong><br \/>\nIl 6 luglio si ricorda Santa Maria Goretti, la santa bambina morta per preservare la propria innocenza&#8230;<\/p>\n<\/div>\n<h3>Santa Giacinta Marto<\/h3>\n<p><strong><a href=\"https:\/\/www.holyart.it\/blog\/santi-e-beati\/giacinta-marto-la-santa-bambina-di-fatima\/\">Una delle veggenti di Fatima<\/a><\/strong>, insieme al fratello Francesco e a Lucia. Giacinta aveva sette anni quando vide la Madonna. E da quel giorno, il mondo per lei non fu pi\u00f9 lo stesso. Offriva sacrifici per \u201ci peccatori\u201d, piangeva per chi non conosceva Dio. Mor\u00ec a dieci anni, con una maturit\u00e0 spirituale che fa tremare.<\/p>\n<div class=\"link-article\">\n<p><img loading=\"lazy\" decoding=\"async\" class=\"size-full wp-image-22326 alignleft\" src=\"https:\/\/blog.holyart.it\/it\/wp-content\/uploads\/sites\/17\/2025\/07\/giacinta-marto-madonna-di-fatima.jpg\" alt=\"giacinta marto madonna di fatima\" width=\"150\" height=\"99\" data-kale-share-title=\"Santi bambini: quando la santit\u00e0 non ha et\u00e0\" data-kale-share-url=\"https:\/\/blog.holyart.it\/it\/?p=22317\" \/><\/p>\n<div class=\"leggi-anche\">Leggi anche:<\/div>\n<p><strong><a href=\"https:\/\/www.holyart.it\/blog\/santi-e-beati\/giacinta-marto-la-santa-bambina-di-fatima\/\">Giacinta Marto: la santa bambina di Fatima<\/a><\/strong><br \/>\nGiacinta Marto: fede, apparizioni, miracoli e il messaggio che ancora oggi commuove il mondo. Lei e il fratellino&#8230;<\/p>\n<\/div>\n<h3>San Jos\u00e9 Luis S\u00e1nchez del R\u00edo<\/h3>\n<p>Messico, 1928. Jos\u00e9 ha quattordici anni. Vede i suoi amici fucilati, la fede calpestata, la libert\u00e0 cancellata. Si unisce ai\u00a0<em>Cristeros<\/em>\u00a0e combatte per Cristo. Quando viene catturato, lo torturano, gli tagliano la pianta dei piedi e lo costringono a camminare nel sale e nel sangue. Lui cammina. E grida:\u00a0<em>\u201c\u00a1Viva Cristo Rey!<\/em>\u201d Muore da eroe. Da santo. Muore come solo un bambino pu\u00f2 morire.<\/p>\n<h3>Carlo Acutis (Beato, prossimamente santo nell\u2019anno del Giubileo)<\/h3>\n<p><strong><a href=\"https:\/\/www.holyart.it\/blog\/articoli-religiosi\/carlo-acutis-il-beato-dellera-digitale\/\">Il primo santo della generazione digitale<\/a><\/strong>. Un ragazzo di Milano, jeans, felpa, Pok\u00e9mon e computer. Ma anche Eucaristia quotidiana, Rosario, aiuto ai poveri, siti web per parlare di miracoli. \u00c8 morto nel 2006, a quindici anni, di leucemia fulminante. Diceva:\u00a0<em>\u201cL\u2019eucaristia \u00e8 la mia autostrada per il cielo.\u201d<\/em>\u00a0Nel 2025,\u00a0<strong><a href=\"https:\/\/www.holyart.it\/blog\/articoli-religiosi\/il-calendario-degli-eventi-del-giubileo-2025\/\">Anno del Giubileo<\/a>,<\/strong> diventer\u00e0 santo. Un segno per i giovani di oggi, e una speranza per chi cerca Dio senza spegnere il Wi-Fi.<\/p>\n<div class=\"link-article\">\n<p><img loading=\"lazy\" decoding=\"async\" class=\"size-full wp-image-22327 alignleft\" src=\"https:\/\/blog.holyart.it\/it\/wp-content\/uploads\/sites\/17\/2025\/07\/carlo-acutis-1.jpg\" alt=\"carlo acutis\" width=\"150\" height=\"99\" data-kale-share-title=\"Santi bambini: quando la santit\u00e0 non ha et\u00e0\" data-kale-share-url=\"https:\/\/blog.holyart.it\/it\/?p=22317\" \/><\/p>\n<div class=\"leggi-anche\">Leggi anche:<\/div>\n<p><strong><a href=\"https:\/\/www.holyart.it\/blog\/articoli-religiosi\/carlo-acutis-il-beato-dellera-digitale\/\">Carlo Acutis: il beato dell\u2019era digitale<\/a><\/strong><br \/>\nCarlo Acutis, il santo millennial che ha dedicato la sua breve vita a Ges\u00f9 e all\u2019aiuto per i pi\u00f9 poveri e bisognosi&#8230;<\/p>\n<\/div>\n<h3>Santi Innocenti<\/h3>\n<p><strong><a href=\"https:\/\/www.holyart.it\/blog\/santi-e-beati\/cosa-si-celebra-nel-giorno-dedicato-ai-santi-innocenti\/\">Sono i primi martiri<\/a>.<\/strong> Non hanno scelto. Non hanno parlato. Non hanno predicato. Sono i bambini uccisi da Erode nella strage di Betlemme, per paura del Re dei re. Ma proprio per questo, sono santi: perch\u00e9 hanno partecipato al mistero della Croce senza sapere, senza poter decidere. Eppure, Dio li ha voluti con s\u00e9, come semi del Regno.<\/p>\n<div class=\"link-article\">\n<p><img loading=\"lazy\" decoding=\"async\" class=\"size-full wp-image-22328 alignleft\" src=\"https:\/\/blog.holyart.it\/it\/wp-content\/uploads\/sites\/17\/2025\/07\/santi-innocenti.jpg\" alt=\"santi innocenti\" width=\"150\" height=\"99\" data-kale-share-title=\"Santi bambini: quando la santit\u00e0 non ha et\u00e0\" data-kale-share-url=\"https:\/\/blog.holyart.it\/it\/?p=22317\" \/><\/p>\n<div class=\"leggi-anche\">Leggi anche:<\/div>\n<p><strong><a href=\"https:\/\/www.holyart.it\/blog\/santi-e-beati\/cosa-si-celebra-nel-giorno-dedicato-ai-santi-innocenti\/\">Cosa si celebra nel giorno dedicato ai Santi Innocenti<\/a><\/strong><br \/>\nI Santi innocenti sono i bambini trucidati per ordine di Erode, che sperava cos\u00ec di eliminare il piccolo Ges\u00f9&#8230;<\/p>\n<\/div>\n","protected":false},"excerpt":{"rendered":"<p>Santi bambini: quando la santit\u00e0 non ha et\u00e0. Storie di piccoli innocenti morti troppo presto e accolti in Cielo Ci sono storie che non hanno bisogno di clamore. Camminano in punta di piedi, come fanno i bambini quando esplorano una stanza nuova. Ci sono vite&hellip;<\/p>\n","protected":false},"author":1,"featured_media":22331,"comment_status":"closed","ping_status":"open","sticky":false,"template":"","format":"standard","meta":{"_acf_changed":false,"footnotes":""},"categories":[15],"tags":[],"class_list":["post-22317","post","type-post","status-publish","format-standard","has-post-thumbnail","hentry","category-santi-e-beati"],"acf":[],"yoast_head":"<!-- This site is optimized with the Yoast SEO plugin v26.6 - https:\/\/yoast.com\/wordpress\/plugins\/seo\/ -->\n<title>Santi bambini: quando la santit\u00e0 non ha et\u00e0 - Holyblog<\/title>\n<meta name=\"description\" content=\"Santi bambini: alcuni morti in nome di Dio, o per preservare la propria innocenza, altri senza sapere perch\u00e9.\" \/>\n<meta name=\"robots\" content=\"index, follow, max-snippet:-1, max-image-preview:large, max-video-preview:-1\" \/>\n<link rel=\"canonical\" href=\"https:\/\/blog.holyart.it\/it\/santi-e-beati\/santi-bambini-quando-la-santita-non-ha-eta\/\" \/>\n<meta property=\"og:locale\" content=\"it_IT\" \/>\n<meta property=\"og:type\" content=\"article\" \/>\n<meta property=\"og:title\" content=\"Santi bambini: quando la santit\u00e0 non ha et\u00e0 - Holyblog\" \/>\n<meta property=\"og:description\" content=\"Santi bambini: alcuni morti in nome di Dio, o per preservare la propria innocenza, altri senza sapere perch\u00e9.\" \/>\n<meta property=\"og:url\" content=\"https:\/\/blog.holyart.it\/it\/santi-e-beati\/santi-bambini-quando-la-santita-non-ha-eta\/\" \/>\n<meta property=\"og:site_name\" content=\"Holyblog\" \/>\n<meta property=\"article:published_time\" content=\"2025-09-01T08:00:06+00:00\" \/>\n<meta property=\"og:image\" content=\"https:\/\/blog.holyart.it\/it\/wp-content\/uploads\/sites\/17\/2025\/07\/santi-bambini.jpeg\" \/>\n\t<meta property=\"og:image:width\" content=\"1000\" \/>\n\t<meta property=\"og:image:height\" content=\"666\" \/>\n\t<meta property=\"og:image:type\" content=\"image\/jpeg\" \/>\n<meta name=\"author\" content=\"Redazione\" \/>\n<meta name=\"twitter:card\" content=\"summary_large_image\" \/>\n<meta name=\"twitter:label1\" content=\"Scritto da\" \/>\n\t<meta name=\"twitter:data1\" content=\"Redazione\" \/>\n\t<meta name=\"twitter:label2\" content=\"Tempo di lettura stimato\" \/>\n\t<meta name=\"twitter:data2\" content=\"11 minuti\" \/>\n<script type=\"application\/ld+json\" class=\"yoast-schema-graph\">{\"@context\":\"https:\/\/schema.org\",\"@graph\":[{\"@type\":\"Article\",\"@id\":\"https:\/\/blog.holyart.it\/it\/santi-e-beati\/santi-bambini-quando-la-santita-non-ha-eta\/#article\",\"isPartOf\":{\"@id\":\"https:\/\/blog.holyart.it\/it\/santi-e-beati\/santi-bambini-quando-la-santita-non-ha-eta\/\"},\"author\":{\"name\":\"Redazione\",\"@id\":\"https:\/\/blog.holyart.it\/it\/#\/schema\/person\/0a7b686e5af0f856ec1e390dd0baecda\"},\"headline\":\"Santi bambini: quando la santit\u00e0 non ha et\u00e0\",\"datePublished\":\"2025-09-01T08:00:06+00:00\",\"mainEntityOfPage\":{\"@id\":\"https:\/\/blog.holyart.it\/it\/santi-e-beati\/santi-bambini-quando-la-santita-non-ha-eta\/\"},\"wordCount\":1576,\"publisher\":{\"@id\":\"https:\/\/blog.holyart.it\/it\/#organization\"},\"image\":{\"@id\":\"https:\/\/blog.holyart.it\/it\/santi-e-beati\/santi-bambini-quando-la-santita-non-ha-eta\/#primaryimage\"},\"thumbnailUrl\":\"https:\/\/blog.holyart.it\/it\/wp-content\/uploads\/sites\/17\/2025\/07\/santi-bambini.jpeg\",\"articleSection\":[\"Santi e beati\"],\"inLanguage\":\"it-IT\"},{\"@type\":\"WebPage\",\"@id\":\"https:\/\/blog.holyart.it\/it\/santi-e-beati\/santi-bambini-quando-la-santita-non-ha-eta\/\",\"url\":\"https:\/\/blog.holyart.it\/it\/santi-e-beati\/santi-bambini-quando-la-santita-non-ha-eta\/\",\"name\":\"Santi bambini: quando la santit\u00e0 non ha et\u00e0 - Holyblog\",\"isPartOf\":{\"@id\":\"https:\/\/blog.holyart.it\/it\/#website\"},\"primaryImageOfPage\":{\"@id\":\"https:\/\/blog.holyart.it\/it\/santi-e-beati\/santi-bambini-quando-la-santita-non-ha-eta\/#primaryimage\"},\"image\":{\"@id\":\"https:\/\/blog.holyart.it\/it\/santi-e-beati\/santi-bambini-quando-la-santita-non-ha-eta\/#primaryimage\"},\"thumbnailUrl\":\"https:\/\/blog.holyart.it\/it\/wp-content\/uploads\/sites\/17\/2025\/07\/santi-bambini.jpeg\",\"datePublished\":\"2025-09-01T08:00:06+00:00\",\"description\":\"Santi bambini: alcuni morti in nome di Dio, o per preservare la propria innocenza, altri senza sapere perch\u00e9.\",\"breadcrumb\":{\"@id\":\"https:\/\/blog.holyart.it\/it\/santi-e-beati\/santi-bambini-quando-la-santita-non-ha-eta\/#breadcrumb\"},\"inLanguage\":\"it-IT\",\"potentialAction\":[{\"@type\":\"ReadAction\",\"target\":[\"https:\/\/blog.holyart.it\/it\/santi-e-beati\/santi-bambini-quando-la-santita-non-ha-eta\/\"]}]},{\"@type\":\"ImageObject\",\"inLanguage\":\"it-IT\",\"@id\":\"https:\/\/blog.holyart.it\/it\/santi-e-beati\/santi-bambini-quando-la-santita-non-ha-eta\/#primaryimage\",\"url\":\"https:\/\/blog.holyart.it\/it\/wp-content\/uploads\/sites\/17\/2025\/07\/santi-bambini.jpeg\",\"contentUrl\":\"https:\/\/blog.holyart.it\/it\/wp-content\/uploads\/sites\/17\/2025\/07\/santi-bambini.jpeg\",\"width\":1000,\"height\":666,\"caption\":\"santi bambini\"},{\"@type\":\"BreadcrumbList\",\"@id\":\"https:\/\/blog.holyart.it\/it\/santi-e-beati\/santi-bambini-quando-la-santita-non-ha-eta\/#breadcrumb\",\"itemListElement\":[{\"@type\":\"ListItem\",\"position\":1,\"name\":\"Homepage\",\"item\":\"https:\/\/blog.holyart.it\/it\/\"},{\"@type\":\"ListItem\",\"position\":2,\"name\":\"Santi e beati\",\"item\":\"https:\/\/blog.holyart.it\/it\/santi-e-beati\/\"},{\"@type\":\"ListItem\",\"position\":3,\"name\":\"Santi bambini: quando la santit\u00e0 non ha et\u00e0\"}]},{\"@type\":\"WebSite\",\"@id\":\"https:\/\/blog.holyart.it\/it\/#website\",\"url\":\"https:\/\/blog.holyart.it\/it\/\",\"name\":\"Holyblog\",\"description\":\"Il Blog di Holyart.it\",\"publisher\":{\"@id\":\"https:\/\/blog.holyart.it\/it\/#organization\"},\"potentialAction\":[{\"@type\":\"SearchAction\",\"target\":{\"@type\":\"EntryPoint\",\"urlTemplate\":\"https:\/\/blog.holyart.it\/it\/?s={search_term_string}\"},\"query-input\":{\"@type\":\"PropertyValueSpecification\",\"valueRequired\":true,\"valueName\":\"search_term_string\"}}],\"inLanguage\":\"it-IT\"},{\"@type\":\"Organization\",\"@id\":\"https:\/\/blog.holyart.it\/it\/#organization\",\"name\":\"Holyblog\",\"url\":\"https:\/\/blog.holyart.it\/it\/\",\"logo\":{\"@type\":\"ImageObject\",\"inLanguage\":\"it-IT\",\"@id\":\"https:\/\/blog.holyart.it\/it\/#\/schema\/logo\/image\/\",\"url\":\"https:\/\/blog.holyart.it\/it\/wp-content\/uploads\/sites\/17\/2022\/12\/Holyart_Blog_Logo.jpg\",\"contentUrl\":\"https:\/\/blog.holyart.it\/it\/wp-content\/uploads\/sites\/17\/2022\/12\/Holyart_Blog_Logo.jpg\",\"width\":300,\"height\":50,\"caption\":\"Holyblog\"},\"image\":{\"@id\":\"https:\/\/blog.holyart.it\/it\/#\/schema\/logo\/image\/\"}},{\"@type\":\"Person\",\"@id\":\"https:\/\/blog.holyart.it\/it\/#\/schema\/person\/0a7b686e5af0f856ec1e390dd0baecda\",\"name\":\"Redazione\"}]}<\/script>\n<!-- \/ Yoast SEO plugin. -->","yoast_head_json":{"title":"Santi bambini: quando la santit\u00e0 non ha et\u00e0 - Holyblog","description":"Santi bambini: alcuni morti in nome di Dio, o per preservare la propria innocenza, altri senza sapere perch\u00e9.","robots":{"index":"index","follow":"follow","max-snippet":"max-snippet:-1","max-image-preview":"max-image-preview:large","max-video-preview":"max-video-preview:-1"},"canonical":"https:\/\/blog.holyart.it\/it\/santi-e-beati\/santi-bambini-quando-la-santita-non-ha-eta\/","og_locale":"it_IT","og_type":"article","og_title":"Santi bambini: quando la santit\u00e0 non ha et\u00e0 - Holyblog","og_description":"Santi bambini: alcuni morti in nome di Dio, o per preservare la propria innocenza, altri senza sapere perch\u00e9.","og_url":"https:\/\/blog.holyart.it\/it\/santi-e-beati\/santi-bambini-quando-la-santita-non-ha-eta\/","og_site_name":"Holyblog","article_published_time":"2025-09-01T08:00:06+00:00","og_image":[{"width":1000,"height":666,"url":"https:\/\/blog.holyart.it\/it\/wp-content\/uploads\/sites\/17\/2025\/07\/santi-bambini.jpeg","type":"image\/jpeg"}],"author":"Redazione","twitter_card":"summary_large_image","twitter_misc":{"Scritto da":"Redazione","Tempo di lettura stimato":"11 minuti"},"schema":{"@context":"https:\/\/schema.org","@graph":[{"@type":"Article","@id":"https:\/\/blog.holyart.it\/it\/santi-e-beati\/santi-bambini-quando-la-santita-non-ha-eta\/#article","isPartOf":{"@id":"https:\/\/blog.holyart.it\/it\/santi-e-beati\/santi-bambini-quando-la-santita-non-ha-eta\/"},"author":{"name":"Redazione","@id":"https:\/\/blog.holyart.it\/it\/#\/schema\/person\/0a7b686e5af0f856ec1e390dd0baecda"},"headline":"Santi bambini: quando la santit\u00e0 non ha et\u00e0","datePublished":"2025-09-01T08:00:06+00:00","mainEntityOfPage":{"@id":"https:\/\/blog.holyart.it\/it\/santi-e-beati\/santi-bambini-quando-la-santita-non-ha-eta\/"},"wordCount":1576,"publisher":{"@id":"https:\/\/blog.holyart.it\/it\/#organization"},"image":{"@id":"https:\/\/blog.holyart.it\/it\/santi-e-beati\/santi-bambini-quando-la-santita-non-ha-eta\/#primaryimage"},"thumbnailUrl":"https:\/\/blog.holyart.it\/it\/wp-content\/uploads\/sites\/17\/2025\/07\/santi-bambini.jpeg","articleSection":["Santi e beati"],"inLanguage":"it-IT"},{"@type":"WebPage","@id":"https:\/\/blog.holyart.it\/it\/santi-e-beati\/santi-bambini-quando-la-santita-non-ha-eta\/","url":"https:\/\/blog.holyart.it\/it\/santi-e-beati\/santi-bambini-quando-la-santita-non-ha-eta\/","name":"Santi bambini: quando la santit\u00e0 non ha et\u00e0 - Holyblog","isPartOf":{"@id":"https:\/\/blog.holyart.it\/it\/#website"},"primaryImageOfPage":{"@id":"https:\/\/blog.holyart.it\/it\/santi-e-beati\/santi-bambini-quando-la-santita-non-ha-eta\/#primaryimage"},"image":{"@id":"https:\/\/blog.holyart.it\/it\/santi-e-beati\/santi-bambini-quando-la-santita-non-ha-eta\/#primaryimage"},"thumbnailUrl":"https:\/\/blog.holyart.it\/it\/wp-content\/uploads\/sites\/17\/2025\/07\/santi-bambini.jpeg","datePublished":"2025-09-01T08:00:06+00:00","description":"Santi bambini: alcuni morti in nome di Dio, o per preservare la propria innocenza, altri senza sapere perch\u00e9.","breadcrumb":{"@id":"https:\/\/blog.holyart.it\/it\/santi-e-beati\/santi-bambini-quando-la-santita-non-ha-eta\/#breadcrumb"},"inLanguage":"it-IT","potentialAction":[{"@type":"ReadAction","target":["https:\/\/blog.holyart.it\/it\/santi-e-beati\/santi-bambini-quando-la-santita-non-ha-eta\/"]}]},{"@type":"ImageObject","inLanguage":"it-IT","@id":"https:\/\/blog.holyart.it\/it\/santi-e-beati\/santi-bambini-quando-la-santita-non-ha-eta\/#primaryimage","url":"https:\/\/blog.holyart.it\/it\/wp-content\/uploads\/sites\/17\/2025\/07\/santi-bambini.jpeg","contentUrl":"https:\/\/blog.holyart.it\/it\/wp-content\/uploads\/sites\/17\/2025\/07\/santi-bambini.jpeg","width":1000,"height":666,"caption":"santi bambini"},{"@type":"BreadcrumbList","@id":"https:\/\/blog.holyart.it\/it\/santi-e-beati\/santi-bambini-quando-la-santita-non-ha-eta\/#breadcrumb","itemListElement":[{"@type":"ListItem","position":1,"name":"Homepage","item":"https:\/\/blog.holyart.it\/it\/"},{"@type":"ListItem","position":2,"name":"Santi e beati","item":"https:\/\/blog.holyart.it\/it\/santi-e-beati\/"},{"@type":"ListItem","position":3,"name":"Santi bambini: quando la santit\u00e0 non ha et\u00e0"}]},{"@type":"WebSite","@id":"https:\/\/blog.holyart.it\/it\/#website","url":"https:\/\/blog.holyart.it\/it\/","name":"Holyblog","description":"Il Blog di Holyart.it","publisher":{"@id":"https:\/\/blog.holyart.it\/it\/#organization"},"potentialAction":[{"@type":"SearchAction","target":{"@type":"EntryPoint","urlTemplate":"https:\/\/blog.holyart.it\/it\/?s={search_term_string}"},"query-input":{"@type":"PropertyValueSpecification","valueRequired":true,"valueName":"search_term_string"}}],"inLanguage":"it-IT"},{"@type":"Organization","@id":"https:\/\/blog.holyart.it\/it\/#organization","name":"Holyblog","url":"https:\/\/blog.holyart.it\/it\/","logo":{"@type":"ImageObject","inLanguage":"it-IT","@id":"https:\/\/blog.holyart.it\/it\/#\/schema\/logo\/image\/","url":"https:\/\/blog.holyart.it\/it\/wp-content\/uploads\/sites\/17\/2022\/12\/Holyart_Blog_Logo.jpg","contentUrl":"https:\/\/blog.holyart.it\/it\/wp-content\/uploads\/sites\/17\/2022\/12\/Holyart_Blog_Logo.jpg","width":300,"height":50,"caption":"Holyblog"},"image":{"@id":"https:\/\/blog.holyart.it\/it\/#\/schema\/logo\/image\/"}},{"@type":"Person","@id":"https:\/\/blog.holyart.it\/it\/#\/schema\/person\/0a7b686e5af0f856ec1e390dd0baecda","name":"Redazione"}]}},"_links":{"self":[{"href":"https:\/\/blog.holyart.it\/it\/wp-json\/wp\/v2\/posts\/22317","targetHints":{"allow":["GET"]}}],"collection":[{"href":"https:\/\/blog.holyart.it\/it\/wp-json\/wp\/v2\/posts"}],"about":[{"href":"https:\/\/blog.holyart.it\/it\/wp-json\/wp\/v2\/types\/post"}],"author":[{"embeddable":true,"href":"https:\/\/blog.holyart.it\/it\/wp-json\/wp\/v2\/users\/1"}],"replies":[{"embeddable":true,"href":"https:\/\/blog.holyart.it\/it\/wp-json\/wp\/v2\/comments?post=22317"}],"version-history":[{"count":4,"href":"https:\/\/blog.holyart.it\/it\/wp-json\/wp\/v2\/posts\/22317\/revisions"}],"predecessor-version":[{"id":22332,"href":"https:\/\/blog.holyart.it\/it\/wp-json\/wp\/v2\/posts\/22317\/revisions\/22332"}],"wp:featuredmedia":[{"embeddable":true,"href":"https:\/\/blog.holyart.it\/it\/wp-json\/wp\/v2\/media\/22331"}],"wp:attachment":[{"href":"https:\/\/blog.holyart.it\/it\/wp-json\/wp\/v2\/media?parent=22317"}],"wp:term":[{"taxonomy":"category","embeddable":true,"href":"https:\/\/blog.holyart.it\/it\/wp-json\/wp\/v2\/categories?post=22317"},{"taxonomy":"post_tag","embeddable":true,"href":"https:\/\/blog.holyart.it\/it\/wp-json\/wp\/v2\/tags?post=22317"}],"curies":[{"name":"wp","href":"https:\/\/api.w.org\/{rel}","templated":true}]}}