{"id":22290,"date":"2025-08-18T10:00:28","date_gmt":"2025-08-18T08:00:28","guid":{"rendered":"https:\/\/blog.holyart.it\/it\/?p=22290"},"modified":"2025-07-07T15:08:52","modified_gmt":"2025-07-07T13:08:52","slug":"santa-rosa-da-lima-la-storia-della-prima-santa-damerica","status":"publish","type":"post","link":"https:\/\/blog.holyart.it\/it\/santi-e-beati\/santa-rosa-da-lima-la-storia-della-prima-santa-damerica\/","title":{"rendered":"Santa Rosa da Lima: la storia della prima santa d&#8217;America"},"content":{"rendered":"<h4>Santa Rosa da Lima, prima santa delle Americhe, trasform\u00f2 il dolore in amore divino dedicando la sua breve vita alla preghiera, alla penitenza e al servizio dei pi\u00f9 vulnerabili<\/h4>\n\n<p>Nel paradosso di un amore che trova la sua massima espressione nel\u00a0<strong>dolore liberamente accolto<\/strong>,\u00a0<strong>Santa Rosa da Lima<\/strong>, prima Santa delle Americhe, ci svela una verit\u00e0 sconcertante: non \u00e8 nella fuga dalla sofferenza, ma nel suo abbraccio consapevole e amoroso, che l&#8217;essere umano pu\u00f2 trovare la strada della redenzione e diventare strumento di guarigione per l&#8217;umanit\u00e0 intera.<br \/>\nSanta Rosa \u00e8<strong>\u00a0<a href=\"https:\/\/www.holyart.it\/it\/articoli-religiosi\/statue\/statue-in-resina-e-pvc\/santa-rosa-da-lima-12-cm-resina-dipinta\">la prima persona nata nelle Americhe ad essere canonizzata dalla Chiesa Cattolica<\/a>.<\/strong>\u00a0In lei si sublima l&#8217;incontro tra le tradizioni spirituali europee e la realt\u00e0 del continente americano, e la sua stessa esperienza umana diventa simbolo dell&#8217;universalit\u00e0 del messaggio cristiano e della sua capacit\u00e0 di incarnarsi in contesti culturali diversi.<br \/>\nLa sua vita, segnata da un&#8217;intensa ricerca spirituale e da un\u00a0<strong>concreto impegno sociale<\/strong>, continua a ispirare credenti e non credenti.<\/p>\n<div class=\"link-product\">\n<div class=\"blocco-immagine\"><img loading=\"lazy\" decoding=\"async\" class=\"size-full wp-image-22293 alignleft\" src=\"https:\/\/blog.holyart.it\/it\/wp-content\/uploads\/sites\/17\/2025\/07\/santa-rosa-da-lima-12-cm-resina-dipinta.jpg\" alt=\"santa rosa da lima 12 cm resina dipinta\" width=\"100\" height=\"100\" data-kale-share-title=\"Santa Rosa da Lima: la storia della prima santa d\u2019America\" data-kale-share-url=\"https:\/\/blog.holyart.it\/it\/?p=22290\" \/><\/div>\n<div class=\"blocco-contenuto\">\n<div class=\"blocco-acquista\">Acquista su Holyart:<\/div>\n<div class=\"blocco-titolo\"><a href=\"https:\/\/www.holyart.it\/it\/articoli-religiosi\/statue\/statue-in-resina-e-pvc\/santa-rosa-da-lima-12-cm-resina-dipinta\">Santa Rosa da Lima 12 cm resina dipinta<\/a><\/div>\n<div class=\"blocco-descrizione\">Statua raffigurante Santa Rosa da Lima, patrona del Per\u00f9.<\/div>\n<\/div>\n<\/div>\n<p>Santa Rosa da Lima, il cui vero nome era\u00a0<strong>Isabel Flores de Oliva<\/strong>, nacque il 20 aprile 1586 a Lima, in Per\u00f9, allora parte del Vicereame del Per\u00f9 sotto la corona spagnola, in una famiglia di origini spagnole di condizione modesta. Suo padre, Gaspar Flores, era un archibugiere della guardia vicereale, mentre sua madre, Mar\u00eda de Oliva, era di origini creole. Sin dalla pi\u00f9 tenera et\u00e0, la bambina fu caratterizzata da una\u00a0<strong>straordinaria bellezza<\/strong>, tanto che la sua balia Marianna, di origine indiana, le aveva affettuosamente attribuito il soprannome di <strong><em>Rosa<\/em><\/strong>, e con lei tutta la famiglia. In seguito, durante la\u00a0<strong><a href=\"https:\/\/www.holyart.it\/blog\/occasioni-speciali\/il-significato-dei-simboli-della-cresima\/\">Cresima<\/a><\/strong>, Isabel avrebbe adottato proprio questo nome per consacrarsi a Dio.<\/p>\n<p>L&#8217;infanzia di Rosa fu segnata da episodi che gi\u00e0 preannunciavano la sua futura vocazione. Si racconta che all&#8217;et\u00e0 di cinque anni fece voto di verginit\u00e0, un gesto eccezionale che indicava la sua precoce inclinazione alla vita religiosa. Crescendo in un ambiente permeato dalla fede cattolica e dalle tradizioni spagnole trapiantate nel Nuovo Mondo, Rosa svilupp\u00f2 una spiritualit\u00e0 profonda e personale.<br \/>\nContrariamente ai desideri della famiglia, che auspicava per lei un matrimonio vantaggioso,\u00a0<strong>Rosa scelse di consacrarsi interamente a Dio.<\/strong>\u00a0La sua determinazione la port\u00f2 ad adottare\u00a0<strong>pratiche ascetiche estreme<\/strong>. Divenne una fervente devota di\u00a0<a href=\"https:\/\/www.holyart.it\/blog\/santi-e-beati\/santa-caterina-da-siena-patrona-ditalia\"><strong>Santa Caterina da Siena<\/strong><\/a>\u00a0e inizi\u00f2 a sottoporsi a severe mortificazioni corporali: indossava una corona di spine nascosta sotto una ghirlanda di fiori, digiunava rigorosamente, si flagellava e dormiva su un letto di pietre e vetri rotti. Queste pratiche riflettevano il desiderio di\u00a0<strong>imitare le sofferenze di Cristo<\/strong>.<\/p>\n<div class=\"link-article\">\n<p><img loading=\"lazy\" decoding=\"async\" class=\"size-full wp-image-22294 alignleft\" src=\"https:\/\/blog.holyart.it\/it\/wp-content\/uploads\/sites\/17\/2025\/07\/Santa-Caterina-da-Siena-matrimonio.jpg\" alt=\"Santa Caterina da Siena matrimonio\" width=\"150\" height=\"99\" data-kale-share-title=\"Santa Rosa da Lima: la storia della prima santa d\u2019America\" data-kale-share-url=\"https:\/\/blog.holyart.it\/it\/?p=22290\" \/><\/p>\n<div class=\"leggi-anche\">Leggi anche:<\/div>\n<p><strong><a href=\"https:\/\/www.holyart.it\/blog\/santi-e-beati\/santa-caterina-da-siena-patrona-ditalia\/\">Santa Caterina da Siena: patrona d\u2019Italia<\/a><\/strong><br \/>\nSanta Caterina da Siena, da donna del popolo a consigliera di Papi e principi. Coraggiosa, saggia, e totalmente devota a Cristo&#8230;<\/p>\n<\/div>\n<p>All&#8217;et\u00e0 di 20 anni, Rosa prese l&#8217;abito del\u00a0<strong>Terz&#8217;Ordine Domenicano<\/strong>, pur continuando a vivere nella casa paterna. Nel giardino di famiglia costru\u00ec una piccola cella dove trascorreva gran parte del suo tempo in preghiera e contemplazione, dedicandosi contemporaneamente al lavoro manuale: cuciva, ricamava e coltivava fiori che vendeva per sostenere economicamente la sua famiglia e per aiutare i poveri.<br \/>\nNonostante la vita contemplativa, Rosa non si isol\u00f2 completamente dal mondo. Al contrario, il suo<strong>\u00a0impegno sociale<\/strong>\u00a0fu notevole, soprattutto considerando il contesto della Lima coloniale del XVII secolo, caratterizzata da profonde\u00a0<strong>disuguaglianze sociali\u00a0<\/strong>tra conquistatori spagnoli e popolazioni native.<br \/>\nAccolse nella casa di famiglia poveri e bisognosi, creando una sorta di rifugio dove gli ultimi tra gli ultimi potevano trovare ristoro e sollievo. Cos\u00ec divideva le proprie giornate e le proprie notti tra preghiera, penitenza e opera di carit\u00e0 e misericordia. Trasform\u00f2 parte della casa familiare in una sorta di infermeria dove accoglieva e curava malati, anziani e bambini indigenti, con particolare attenzione agli indigeni e agli schiavi di origine africana. Questo aspetto della sua vita rivela una\u00a0<strong>dimensione pratica della sua spiritualit\u00e0<\/strong>: la fede che si traduce in <a href=\"https:\/\/www.holyart.it\/blog\/articoli-religiosi\/le-missionarie-della-carita-di-madre-teresa-di-calcutta\/\"><strong>azioni concrete di carit\u00e0<\/strong><\/a> e giustizia sociale.<\/p>\n<div class=\"link-article\">\n<p><img loading=\"lazy\" decoding=\"async\" class=\"size-full wp-image-22295 alignleft\" src=\"https:\/\/blog.holyart.it\/it\/wp-content\/uploads\/sites\/17\/2025\/07\/missionarie-della-carita.jpg\" alt=\"missionarie della carit\u00e0\" width=\"150\" height=\"99\" data-kale-share-title=\"Santa Rosa da Lima: la storia della prima santa d\u2019America\" data-kale-share-url=\"https:\/\/blog.holyart.it\/it\/?p=22290\" \/><\/p>\n<div class=\"leggi-anche\">Leggi anche:<\/div>\n<p><strong><a href=\"https:\/\/www.holyart.it\/blog\/articoli-religiosi\/le-missionarie-della-carita-di-madre-teresa-di-calcutta\/\">Le Missionarie della Carit\u00e0 di Madre Teresa di Calcutta<\/a><\/strong><br \/>\nLe Missionarie della Carit\u00e0 di Madre Teresa di Calcutta vivono quotidianamente l\u2019eredit\u00e0 di amore e compassione&#8230;<\/p>\n<\/div>\n<p>La vita spirituale di Rosa fu caratterizzata da\u00a0<strong>intense esperienze mistiche<\/strong>. Riferiva visioni e colloqui con Cristo, con la Vergine Maria e con i santi. Come molti mistici, visse periodi di\u00a0<em>&#8220;notte oscura dell&#8217;anima&#8221;<\/em>, durante i quali si sentiva abbandonata da Dio, alternati a momenti di estasi spirituale. In un momento di intima preghiera davanti all&#8217;<a href=\"https:\/\/www.holyart.it\/it\/articoli-religiosi\/icone-sacre\/icone-romania-dipinte\/icona-madonna-con-bambino-intagliata-su-sfondo-rosso-45x30-cm\"><strong>immagine della Vergine col Bambino<\/strong><\/a>, avvenne l&#8217;incontro che avrebbe segnato per sempre il destino di Rosa. Dal piccolo Ges\u00f9 tra le braccia di Maria, una voce trafisse dolcemente il suo cuore:\u00a0<em>&#8220;Rosa, dedicami tutto il tuo amore&#8230;&#8221;<\/em>. Quelle parole, sussurrate nell&#8217;intimo della sua anima, non lasciarono spazio a dubbi o esitazioni. Come fiore che si apre completamente ai raggi del sole, Rosa don\u00f2 interamente se stessa a Cristo, facendo di Lui il suo unico, esclusivo sposo fino all&#8217;ultimo respiro.<br \/>\nQuesto amore totalizzante fior\u00ec nel giardino della verginit\u00e0, crebbe nella preghiera incessante e si tempr\u00f3 nel crogiolo della penitenza. Le sue labbra, come petali che custodiscono il profumo pi\u00f9 intenso, ripetevano spesso parole che rivelano l&#8217;essenza della sua spiritualit\u00e0:\u00a0<em>&#8220;Mio Dio, puoi aumentare le sofferenze, purch\u00e9 aumenti il mio amore per te&#8221;.<\/em>\u00a0In questa preghiera palpita il cuore stesso della sua comprensione spirituale:\u00a0<strong>il dolore, quando \u00e8 abbracciato con fede ardente, non distrugge ma redime, non annienta, ma salva.<\/strong><br \/>\nFu una rivelazione luminosa che trasform\u00f2 la sua visione: il dolore dell&#8217;uomo, quel compagno di viaggio spesso temuto e rifiutato, poteva diventare partecipazione viva al sacrificio redentore di Cristo. Questa profonda comprensione coincise con l&#8217;incontro spirituale con gli scritti di Santa Caterina da Siena, maestra che le svel\u00f2 il valore infinito del sangue di Cristo e l&#8217;amore appassionato per la Chiesa, corpo mistico ferito eppure santo.<br \/>\nNel silenzio del suo piccolo eremo, nascosto tra i fiori del giardino familiare, Rosa non fuggiva dal mondo ma lo abbracciava pi\u00f9 intensamente. L\u00ec, mentre nella sua carne riviveva i tormenti della passione di Ges\u00f9, il suo cuore si dilatava in un<strong>\u00a0abbraccio universale<\/strong>\u00a0che non conosceva distinzioni: pregava con eguale intensit\u00e0 per la conversione degli spagnoli conquistatori e per l&#8217;evangelizzazione degli indios oppressi. Il suo dolore diventava cos\u00ec ponte tra due mondi, la sua sofferenza offerta come seme di riconciliazione in una terra lacerata da profonde divisioni.<\/p>\n<div class=\"link-product\">\n<div class=\"blocco-immagine\"><img loading=\"lazy\" decoding=\"async\" class=\"wp-image-22297 size-full alignleft\" src=\"https:\/\/blog.holyart.it\/it\/wp-content\/uploads\/sites\/17\/2025\/07\/icona-madonna-con-bambino-intagliata-su-sfondo-rosso-45x30-cm-e1751891996239.jpg\" alt=\"icona madonna con bambino intagliata su sfondo rosso 45x30 cm\" width=\"100\" height=\"100\" data-kale-share-title=\"Santa Rosa da Lima: la storia della prima santa d\u2019America\" data-kale-share-url=\"https:\/\/blog.holyart.it\/it\/?p=22290\" \/><\/div>\n<div class=\"blocco-contenuto\">\n<div class=\"blocco-acquista\">Acquista su Holyart:<\/div>\n<div class=\"blocco-titolo\"><a href=\"https:\/\/www.holyart.it\/it\/articoli-religiosi\/icone-sacre\/icone-romania-dipinte\/icona-madonna-con-bambino-intagliata-su-sfondo-rosso-45x30-cm\">Icona Madonna con bambino intagliata su sfondo rosso 45&#215;30 cm<\/a><\/div>\n<div class=\"blocco-descrizione\">La figura della Madonna con bambino \u00e8 intagliata quindi messa in risalto rispetto allo sfondo rosso su cui si trova, dipinta a mano secondo la tradizione bizantina.<\/div>\n<\/div>\n<\/div>\n<p>Santa Rosa\u00a0<strong>mor\u00ec il 24 agosto 1617<\/strong>, all&#8217;et\u00e0 di soli 31 anni, consumata dalle privazioni e dalle malattie. Le sue esequie si trasformarono in un evento di massa, con una partecipazione popolare straordinaria che testimoniava gi\u00e0 la devozione di cui godeva.<br \/>\nIl processo di beatificazione inizi\u00f2 rapidamente: fu beatificata da Papa Clemente IX nel 1668 e canonizzata da Papa Clemente X nel 1671, diventando cos\u00ec la prima santa delle Americhe.<\/p>\n<h2>Santa Rosa da Lima preghiera<\/h2>\n<p>Ecco solo una delle tante preghiere dedicate nel corso dei secoli a Santa Rosa da Lima, manifestazioni di devozione popolare, ma anche la prova di come il suo modello di vita e fede sia ancora oggi molto vivo e sentito tra gli abitanti del Sud America e non solo.<\/p>\n<p><em>O primo e venustissimo fiore dell&#8217;America, Santa Rosa,<\/em><\/p>\n<p><em>prevenuta dall&#8217;infanzia di carismi tanto peculiari,<\/em><\/p>\n<p><em>che, a gran ragione, ne fu preso indizio di futura gloria.<\/em><\/p>\n<p><em>Beato il tuo cuore, siffattamente illuminato<\/em><\/p>\n<p><em>che, giunta appena a cinque anni, ti consacr\u00f2<\/em><\/p>\n<p><em>con voto di perpetua castit\u00e0 al suo diletto,<\/em><\/p>\n<p><em>serbando a lui sino al termine della vita<\/em><\/p>\n<p><em>tutta la verginale fragranza.<\/em><\/p>\n<p><em>O meraviglia di penitenza, cara Santa Rosa,<\/em><\/p>\n<p><em>un fremito di orrore mi corre per le ossa,<\/em><\/p>\n<p><em>allorch\u00e9 ripenso agli indicibili strazi,<\/em><\/p>\n<p><em>coi quali venisti sfibrando e sfinendo l&#8217;innocente tuo corpo.<\/em><\/p>\n<p><em>Tu, o cara Santa, desti a Ges\u00f9<\/em><\/p>\n<p><em>ogni testimonianza del pi\u00f9 cocente amore,<\/em><\/p>\n<p><em>poich\u00e9 niuna forza d&#8217;inferno, scatenata ai tuoi danni,<\/em><\/p>\n<p><em>valse a farti allontanare, neppure di un punto,<\/em><\/p>\n<p><em>dalle singolarissime vie da te con eroici sforzi percorse.<\/em><\/p>\n<p><em>Impetra anche a me amore alla purezza,<\/em><\/p>\n<p><em>sicch\u00e8 l&#8217;anima mia e il mio corpo si conservino<\/em><\/p>\n<p><em>come vaso degno dello Spirito Santo.<\/em><\/p>\n<h2>Santa Rosa da Lima quando si festeggia<\/h2>\n<p>La sua festa, celebrata il\u00a0<strong>23 agosto<\/strong>\u00a0(il 30 agosto in Per\u00f9 e in alcuni paesi latinoamericani), \u00e8 occasione di manifestazioni religiose e popolari di grande partecipazione, soprattutto in Per\u00f9, dove Santa Rosa \u00e8 considerata patrona nazionale.<\/p>\n<h2>Chi protegge Santa Rosa da Lima?<\/h2>\n<p>Oltre a essere Santa\u00a0<strong>patrona del Per\u00f9\u00a0<\/strong>e di molte citt\u00e0 in America Latina, nonch\u00e9 delle\u00a0<strong>Filippine<\/strong>, dove \u00e8 molto venerata,\u00a0Santa Rosa da Lima \u00e8 considerata la\u00a0<strong>patrona dei nativi americani e dei giardinieri<\/strong>. In particolare il patronato di quest&#8217;ultimo gruppo \u00e8 dovuto al soprannome che le fu attribuito gi\u00e0 in tenera et\u00e0 dalla sua balia per la straordinaria bellezza, e successivamente confermato dall&#8217;arcivescovo Toribio de Mogrovejo durante la Cresima:\u00a0<em>Rosa<\/em>, appunto. Ma un&#8217;altra ragione \u00e8 il suo legame con il giardino della casa materna, dove si occupava personalmente della coltivazione dei fiori e dell&#8217;orto familiare.<br \/>\nInfine, episodi leggendari rafforzano questo patronato. Si narra che gi\u00e0 a tre mesi dalla nascita la sua culla fosse circondata da rose, un evento interpretato come segno della sua futura santit\u00e0.<\/p>\n<div class=\"link-article\">\n<p><img loading=\"lazy\" decoding=\"async\" class=\"size-full wp-image-22298 alignleft\" src=\"https:\/\/blog.holyart.it\/it\/wp-content\/uploads\/sites\/17\/2025\/07\/simboli-della-cresima.jpg\" alt=\"simboli della cresima\" width=\"150\" height=\"99\" data-kale-share-title=\"Santa Rosa da Lima: la storia della prima santa d\u2019America\" data-kale-share-url=\"https:\/\/blog.holyart.it\/it\/?p=22290\" \/><\/p>\n<div class=\"leggi-anche\">Leggi anche:<\/div>\n<p><strong><a href=\"https:\/\/www.holyart.it\/blog\/occasioni-speciali\/il-significato-dei-simboli-della-cresima\/\">Il significato dei simboli della Cresima<\/a><\/strong><br \/>\nI simboli della Cresima esprimono l\u2019importanza fondamentale di questo Sacramento. Dal crisma, che simboleggia la presenza dello Spirito Santo&#8230;<\/p>\n<\/div>\n","protected":false},"excerpt":{"rendered":"<p>Santa Rosa da Lima, prima santa delle Americhe, trasform\u00f2 il dolore in amore divino dedicando la sua breve vita alla preghiera, alla penitenza e al servizio dei pi\u00f9 vulnerabili Nel paradosso di un amore che trova la sua massima espressione nel\u00a0dolore liberamente accolto,\u00a0Santa Rosa da&hellip;<\/p>\n","protected":false},"author":1,"featured_media":22300,"comment_status":"closed","ping_status":"open","sticky":false,"template":"","format":"standard","meta":{"_acf_changed":false,"footnotes":""},"categories":[15],"tags":[],"class_list":["post-22290","post","type-post","status-publish","format-standard","has-post-thumbnail","hentry","category-santi-e-beati"],"acf":[],"yoast_head":"<!-- This site is optimized with the Yoast SEO plugin v26.6 - https:\/\/yoast.com\/wordpress\/plugins\/seo\/ -->\n<title>Santa Rosa da Lima: la storia della prima santa d&#039;America - Holyblog<\/title>\n<meta name=\"description\" content=\"Santa Rosa da Lima, prima Santa delle Americhe, insegna che il dolore, abbracciato con fede ardente, non distrugge, ma redime.\" \/>\n<meta name=\"robots\" content=\"index, follow, max-snippet:-1, max-image-preview:large, max-video-preview:-1\" \/>\n<link rel=\"canonical\" href=\"https:\/\/blog.holyart.it\/it\/santi-e-beati\/santa-rosa-da-lima-la-storia-della-prima-santa-damerica\/\" \/>\n<meta property=\"og:locale\" content=\"it_IT\" \/>\n<meta property=\"og:type\" content=\"article\" \/>\n<meta property=\"og:title\" content=\"Santa Rosa da Lima: la storia della prima santa d&#039;America - Holyblog\" \/>\n<meta property=\"og:description\" content=\"Santa Rosa da Lima, prima Santa delle Americhe, insegna che il dolore, abbracciato con fede ardente, non distrugge, ma redime.\" \/>\n<meta property=\"og:url\" content=\"https:\/\/blog.holyart.it\/it\/santi-e-beati\/santa-rosa-da-lima-la-storia-della-prima-santa-damerica\/\" \/>\n<meta property=\"og:site_name\" content=\"Holyblog\" \/>\n<meta property=\"article:published_time\" content=\"2025-08-18T08:00:28+00:00\" \/>\n<meta property=\"og:image\" content=\"https:\/\/blog.holyart.it\/it\/wp-content\/uploads\/sites\/17\/2025\/07\/santa-rosa-da-lima.jpg\" \/>\n\t<meta property=\"og:image:width\" content=\"1000\" \/>\n\t<meta property=\"og:image:height\" content=\"666\" \/>\n\t<meta property=\"og:image:type\" content=\"image\/jpeg\" \/>\n<meta name=\"author\" content=\"Redazione\" \/>\n<meta name=\"twitter:card\" content=\"summary_large_image\" \/>\n<meta name=\"twitter:label1\" content=\"Scritto da\" \/>\n\t<meta name=\"twitter:data1\" content=\"Redazione\" \/>\n\t<meta name=\"twitter:label2\" content=\"Tempo di lettura stimato\" \/>\n\t<meta name=\"twitter:data2\" content=\"10 minuti\" \/>\n<script type=\"application\/ld+json\" class=\"yoast-schema-graph\">{\"@context\":\"https:\/\/schema.org\",\"@graph\":[{\"@type\":\"Article\",\"@id\":\"https:\/\/blog.holyart.it\/it\/santi-e-beati\/santa-rosa-da-lima-la-storia-della-prima-santa-damerica\/#article\",\"isPartOf\":{\"@id\":\"https:\/\/blog.holyart.it\/it\/santi-e-beati\/santa-rosa-da-lima-la-storia-della-prima-santa-damerica\/\"},\"author\":{\"name\":\"Redazione\",\"@id\":\"https:\/\/blog.holyart.it\/it\/#\/schema\/person\/0a7b686e5af0f856ec1e390dd0baecda\"},\"headline\":\"Santa Rosa da Lima: la storia della prima santa d&#8217;America\",\"datePublished\":\"2025-08-18T08:00:28+00:00\",\"mainEntityOfPage\":{\"@id\":\"https:\/\/blog.holyart.it\/it\/santi-e-beati\/santa-rosa-da-lima-la-storia-della-prima-santa-damerica\/\"},\"wordCount\":1567,\"publisher\":{\"@id\":\"https:\/\/blog.holyart.it\/it\/#organization\"},\"image\":{\"@id\":\"https:\/\/blog.holyart.it\/it\/santi-e-beati\/santa-rosa-da-lima-la-storia-della-prima-santa-damerica\/#primaryimage\"},\"thumbnailUrl\":\"https:\/\/blog.holyart.it\/it\/wp-content\/uploads\/sites\/17\/2025\/07\/santa-rosa-da-lima.jpg\",\"articleSection\":[\"Santi e beati\"],\"inLanguage\":\"it-IT\"},{\"@type\":\"WebPage\",\"@id\":\"https:\/\/blog.holyart.it\/it\/santi-e-beati\/santa-rosa-da-lima-la-storia-della-prima-santa-damerica\/\",\"url\":\"https:\/\/blog.holyart.it\/it\/santi-e-beati\/santa-rosa-da-lima-la-storia-della-prima-santa-damerica\/\",\"name\":\"Santa Rosa da Lima: la storia della prima santa d'America - Holyblog\",\"isPartOf\":{\"@id\":\"https:\/\/blog.holyart.it\/it\/#website\"},\"primaryImageOfPage\":{\"@id\":\"https:\/\/blog.holyart.it\/it\/santi-e-beati\/santa-rosa-da-lima-la-storia-della-prima-santa-damerica\/#primaryimage\"},\"image\":{\"@id\":\"https:\/\/blog.holyart.it\/it\/santi-e-beati\/santa-rosa-da-lima-la-storia-della-prima-santa-damerica\/#primaryimage\"},\"thumbnailUrl\":\"https:\/\/blog.holyart.it\/it\/wp-content\/uploads\/sites\/17\/2025\/07\/santa-rosa-da-lima.jpg\",\"datePublished\":\"2025-08-18T08:00:28+00:00\",\"description\":\"Santa Rosa da Lima, prima Santa delle Americhe, insegna che il dolore, abbracciato con fede ardente, non distrugge, ma redime.\",\"breadcrumb\":{\"@id\":\"https:\/\/blog.holyart.it\/it\/santi-e-beati\/santa-rosa-da-lima-la-storia-della-prima-santa-damerica\/#breadcrumb\"},\"inLanguage\":\"it-IT\",\"potentialAction\":[{\"@type\":\"ReadAction\",\"target\":[\"https:\/\/blog.holyart.it\/it\/santi-e-beati\/santa-rosa-da-lima-la-storia-della-prima-santa-damerica\/\"]}]},{\"@type\":\"ImageObject\",\"inLanguage\":\"it-IT\",\"@id\":\"https:\/\/blog.holyart.it\/it\/santi-e-beati\/santa-rosa-da-lima-la-storia-della-prima-santa-damerica\/#primaryimage\",\"url\":\"https:\/\/blog.holyart.it\/it\/wp-content\/uploads\/sites\/17\/2025\/07\/santa-rosa-da-lima.jpg\",\"contentUrl\":\"https:\/\/blog.holyart.it\/it\/wp-content\/uploads\/sites\/17\/2025\/07\/santa-rosa-da-lima.jpg\",\"width\":1000,\"height\":666,\"caption\":\"santa rosa da lima\"},{\"@type\":\"BreadcrumbList\",\"@id\":\"https:\/\/blog.holyart.it\/it\/santi-e-beati\/santa-rosa-da-lima-la-storia-della-prima-santa-damerica\/#breadcrumb\",\"itemListElement\":[{\"@type\":\"ListItem\",\"position\":1,\"name\":\"Homepage\",\"item\":\"https:\/\/blog.holyart.it\/it\/\"},{\"@type\":\"ListItem\",\"position\":2,\"name\":\"Santi e beati\",\"item\":\"https:\/\/blog.holyart.it\/it\/santi-e-beati\/\"},{\"@type\":\"ListItem\",\"position\":3,\"name\":\"Santa Rosa da Lima: la storia della prima santa d&#8217;America\"}]},{\"@type\":\"WebSite\",\"@id\":\"https:\/\/blog.holyart.it\/it\/#website\",\"url\":\"https:\/\/blog.holyart.it\/it\/\",\"name\":\"Holyblog\",\"description\":\"Il Blog di Holyart.it\",\"publisher\":{\"@id\":\"https:\/\/blog.holyart.it\/it\/#organization\"},\"potentialAction\":[{\"@type\":\"SearchAction\",\"target\":{\"@type\":\"EntryPoint\",\"urlTemplate\":\"https:\/\/blog.holyart.it\/it\/?s={search_term_string}\"},\"query-input\":{\"@type\":\"PropertyValueSpecification\",\"valueRequired\":true,\"valueName\":\"search_term_string\"}}],\"inLanguage\":\"it-IT\"},{\"@type\":\"Organization\",\"@id\":\"https:\/\/blog.holyart.it\/it\/#organization\",\"name\":\"Holyblog\",\"url\":\"https:\/\/blog.holyart.it\/it\/\",\"logo\":{\"@type\":\"ImageObject\",\"inLanguage\":\"it-IT\",\"@id\":\"https:\/\/blog.holyart.it\/it\/#\/schema\/logo\/image\/\",\"url\":\"https:\/\/blog.holyart.it\/it\/wp-content\/uploads\/sites\/17\/2022\/12\/Holyart_Blog_Logo.jpg\",\"contentUrl\":\"https:\/\/blog.holyart.it\/it\/wp-content\/uploads\/sites\/17\/2022\/12\/Holyart_Blog_Logo.jpg\",\"width\":300,\"height\":50,\"caption\":\"Holyblog\"},\"image\":{\"@id\":\"https:\/\/blog.holyart.it\/it\/#\/schema\/logo\/image\/\"}},{\"@type\":\"Person\",\"@id\":\"https:\/\/blog.holyart.it\/it\/#\/schema\/person\/0a7b686e5af0f856ec1e390dd0baecda\",\"name\":\"Redazione\"}]}<\/script>\n<!-- \/ Yoast SEO plugin. -->","yoast_head_json":{"title":"Santa Rosa da Lima: la storia della prima santa d'America - Holyblog","description":"Santa Rosa da Lima, prima Santa delle Americhe, insegna che il dolore, abbracciato con fede ardente, non distrugge, ma redime.","robots":{"index":"index","follow":"follow","max-snippet":"max-snippet:-1","max-image-preview":"max-image-preview:large","max-video-preview":"max-video-preview:-1"},"canonical":"https:\/\/blog.holyart.it\/it\/santi-e-beati\/santa-rosa-da-lima-la-storia-della-prima-santa-damerica\/","og_locale":"it_IT","og_type":"article","og_title":"Santa Rosa da Lima: la storia della prima santa d'America - Holyblog","og_description":"Santa Rosa da Lima, prima Santa delle Americhe, insegna che il dolore, abbracciato con fede ardente, non distrugge, ma redime.","og_url":"https:\/\/blog.holyart.it\/it\/santi-e-beati\/santa-rosa-da-lima-la-storia-della-prima-santa-damerica\/","og_site_name":"Holyblog","article_published_time":"2025-08-18T08:00:28+00:00","og_image":[{"width":1000,"height":666,"url":"https:\/\/blog.holyart.it\/it\/wp-content\/uploads\/sites\/17\/2025\/07\/santa-rosa-da-lima.jpg","type":"image\/jpeg"}],"author":"Redazione","twitter_card":"summary_large_image","twitter_misc":{"Scritto da":"Redazione","Tempo di lettura stimato":"10 minuti"},"schema":{"@context":"https:\/\/schema.org","@graph":[{"@type":"Article","@id":"https:\/\/blog.holyart.it\/it\/santi-e-beati\/santa-rosa-da-lima-la-storia-della-prima-santa-damerica\/#article","isPartOf":{"@id":"https:\/\/blog.holyart.it\/it\/santi-e-beati\/santa-rosa-da-lima-la-storia-della-prima-santa-damerica\/"},"author":{"name":"Redazione","@id":"https:\/\/blog.holyart.it\/it\/#\/schema\/person\/0a7b686e5af0f856ec1e390dd0baecda"},"headline":"Santa Rosa da Lima: la storia della prima santa d&#8217;America","datePublished":"2025-08-18T08:00:28+00:00","mainEntityOfPage":{"@id":"https:\/\/blog.holyart.it\/it\/santi-e-beati\/santa-rosa-da-lima-la-storia-della-prima-santa-damerica\/"},"wordCount":1567,"publisher":{"@id":"https:\/\/blog.holyart.it\/it\/#organization"},"image":{"@id":"https:\/\/blog.holyart.it\/it\/santi-e-beati\/santa-rosa-da-lima-la-storia-della-prima-santa-damerica\/#primaryimage"},"thumbnailUrl":"https:\/\/blog.holyart.it\/it\/wp-content\/uploads\/sites\/17\/2025\/07\/santa-rosa-da-lima.jpg","articleSection":["Santi e beati"],"inLanguage":"it-IT"},{"@type":"WebPage","@id":"https:\/\/blog.holyart.it\/it\/santi-e-beati\/santa-rosa-da-lima-la-storia-della-prima-santa-damerica\/","url":"https:\/\/blog.holyart.it\/it\/santi-e-beati\/santa-rosa-da-lima-la-storia-della-prima-santa-damerica\/","name":"Santa Rosa da Lima: la storia della prima santa d'America - Holyblog","isPartOf":{"@id":"https:\/\/blog.holyart.it\/it\/#website"},"primaryImageOfPage":{"@id":"https:\/\/blog.holyart.it\/it\/santi-e-beati\/santa-rosa-da-lima-la-storia-della-prima-santa-damerica\/#primaryimage"},"image":{"@id":"https:\/\/blog.holyart.it\/it\/santi-e-beati\/santa-rosa-da-lima-la-storia-della-prima-santa-damerica\/#primaryimage"},"thumbnailUrl":"https:\/\/blog.holyart.it\/it\/wp-content\/uploads\/sites\/17\/2025\/07\/santa-rosa-da-lima.jpg","datePublished":"2025-08-18T08:00:28+00:00","description":"Santa Rosa da Lima, prima Santa delle Americhe, insegna che il dolore, abbracciato con fede ardente, non distrugge, ma redime.","breadcrumb":{"@id":"https:\/\/blog.holyart.it\/it\/santi-e-beati\/santa-rosa-da-lima-la-storia-della-prima-santa-damerica\/#breadcrumb"},"inLanguage":"it-IT","potentialAction":[{"@type":"ReadAction","target":["https:\/\/blog.holyart.it\/it\/santi-e-beati\/santa-rosa-da-lima-la-storia-della-prima-santa-damerica\/"]}]},{"@type":"ImageObject","inLanguage":"it-IT","@id":"https:\/\/blog.holyart.it\/it\/santi-e-beati\/santa-rosa-da-lima-la-storia-della-prima-santa-damerica\/#primaryimage","url":"https:\/\/blog.holyart.it\/it\/wp-content\/uploads\/sites\/17\/2025\/07\/santa-rosa-da-lima.jpg","contentUrl":"https:\/\/blog.holyart.it\/it\/wp-content\/uploads\/sites\/17\/2025\/07\/santa-rosa-da-lima.jpg","width":1000,"height":666,"caption":"santa rosa da lima"},{"@type":"BreadcrumbList","@id":"https:\/\/blog.holyart.it\/it\/santi-e-beati\/santa-rosa-da-lima-la-storia-della-prima-santa-damerica\/#breadcrumb","itemListElement":[{"@type":"ListItem","position":1,"name":"Homepage","item":"https:\/\/blog.holyart.it\/it\/"},{"@type":"ListItem","position":2,"name":"Santi e beati","item":"https:\/\/blog.holyart.it\/it\/santi-e-beati\/"},{"@type":"ListItem","position":3,"name":"Santa Rosa da Lima: la storia della prima santa d&#8217;America"}]},{"@type":"WebSite","@id":"https:\/\/blog.holyart.it\/it\/#website","url":"https:\/\/blog.holyart.it\/it\/","name":"Holyblog","description":"Il Blog di Holyart.it","publisher":{"@id":"https:\/\/blog.holyart.it\/it\/#organization"},"potentialAction":[{"@type":"SearchAction","target":{"@type":"EntryPoint","urlTemplate":"https:\/\/blog.holyart.it\/it\/?s={search_term_string}"},"query-input":{"@type":"PropertyValueSpecification","valueRequired":true,"valueName":"search_term_string"}}],"inLanguage":"it-IT"},{"@type":"Organization","@id":"https:\/\/blog.holyart.it\/it\/#organization","name":"Holyblog","url":"https:\/\/blog.holyart.it\/it\/","logo":{"@type":"ImageObject","inLanguage":"it-IT","@id":"https:\/\/blog.holyart.it\/it\/#\/schema\/logo\/image\/","url":"https:\/\/blog.holyart.it\/it\/wp-content\/uploads\/sites\/17\/2022\/12\/Holyart_Blog_Logo.jpg","contentUrl":"https:\/\/blog.holyart.it\/it\/wp-content\/uploads\/sites\/17\/2022\/12\/Holyart_Blog_Logo.jpg","width":300,"height":50,"caption":"Holyblog"},"image":{"@id":"https:\/\/blog.holyart.it\/it\/#\/schema\/logo\/image\/"}},{"@type":"Person","@id":"https:\/\/blog.holyart.it\/it\/#\/schema\/person\/0a7b686e5af0f856ec1e390dd0baecda","name":"Redazione"}]}},"_links":{"self":[{"href":"https:\/\/blog.holyart.it\/it\/wp-json\/wp\/v2\/posts\/22290","targetHints":{"allow":["GET"]}}],"collection":[{"href":"https:\/\/blog.holyart.it\/it\/wp-json\/wp\/v2\/posts"}],"about":[{"href":"https:\/\/blog.holyart.it\/it\/wp-json\/wp\/v2\/types\/post"}],"author":[{"embeddable":true,"href":"https:\/\/blog.holyart.it\/it\/wp-json\/wp\/v2\/users\/1"}],"replies":[{"embeddable":true,"href":"https:\/\/blog.holyart.it\/it\/wp-json\/wp\/v2\/comments?post=22290"}],"version-history":[{"count":5,"href":"https:\/\/blog.holyart.it\/it\/wp-json\/wp\/v2\/posts\/22290\/revisions"}],"predecessor-version":[{"id":22301,"href":"https:\/\/blog.holyart.it\/it\/wp-json\/wp\/v2\/posts\/22290\/revisions\/22301"}],"wp:featuredmedia":[{"embeddable":true,"href":"https:\/\/blog.holyart.it\/it\/wp-json\/wp\/v2\/media\/22300"}],"wp:attachment":[{"href":"https:\/\/blog.holyart.it\/it\/wp-json\/wp\/v2\/media?parent=22290"}],"wp:term":[{"taxonomy":"category","embeddable":true,"href":"https:\/\/blog.holyart.it\/it\/wp-json\/wp\/v2\/categories?post=22290"},{"taxonomy":"post_tag","embeddable":true,"href":"https:\/\/blog.holyart.it\/it\/wp-json\/wp\/v2\/tags?post=22290"}],"curies":[{"name":"wp","href":"https:\/\/api.w.org\/{rel}","templated":true}]}}