{"id":22247,"date":"2025-08-11T10:00:34","date_gmt":"2025-08-11T08:00:34","guid":{"rendered":"https:\/\/blog.holyart.it\/it\/?p=22247"},"modified":"2025-08-26T17:44:35","modified_gmt":"2025-08-26T15:44:35","slug":"acutis-e-frassati-le-prime-canonizzazioni-di-papa-leone-xiv","status":"publish","type":"post","link":"https:\/\/blog.holyart.it\/it\/santi-e-beati\/acutis-e-frassati-le-prime-canonizzazioni-di-papa-leone-xiv\/","title":{"rendered":"Acutis e Frassati: le prime canonizzazioni di Papa Leone XIV"},"content":{"rendered":"<h4>Papa Leone XIV ha scelto i suoi primi Santi. Sono Carlo Acutis e Piergiorgio Frassati, due vite luminose per il cuore inquieto del Terzo Millennio<\/h4>\n\n<p>Nel silenzio vibrante della Basilica di San Pietro, tra le navate colme di canti e attese, i nomi di due giovani uomini risuonano come promesse mantenute. Il\u00a0<strong>7 settembre 2025<\/strong>, Papa Leone XIV consacrer\u00e0 il proprio pontificato con un gesto che sa di rivoluzione e memoria, di futuro e radici: la canonizzazione di <a href=\"https:\/\/www.holyart.it\/blog\/articoli-religiosi\/carlo-acutis-il-beato-dellera-digitale\/\"><strong>Carlo Acutis<\/strong><\/a> e <strong>Piergiorgio Frassati<\/strong>, i\u00a0<em>\u201csuoi\u201d\u00a0<\/em>primi santi, due anime giovani che parlano con voce profetica a un mondo in cerca di luce.<\/p>\n<p>Carlo e Pier Giorgio. Due giovani. Due secoli. Un\u2019unica Santit\u00e0, due stili di vita.<br \/>\nUno parla il linguaggio del cloud, l\u2019altro quello dei sentieri di montagna. Uno evangelizza con una tastiera, l\u2019altro con un panino donato a un povero. Ma entrambi hanno lo stesso cuore ardente, lo stesso sguardo fisso su Cristo, la stessa gioia scandalosa della santit\u00e0. Carlo e Pier Giorgio sono due santi per il terzo millennio, due modelli che non mettono soggezione, ma che attraggono. Non fanno sentire in colpa, ma chiamano a qualcosa di pi\u00f9 grande. Il loro messaggio \u00e8 potente, rivoluzionario, come solo la giovinezza sa essere: <strong>si pu\u00f2 essere giovani, innamorati della vita, immersi nella modernit\u00e0\u2026 e insieme profondamente santi<\/strong>.<\/p>\n<div class=\"link-article\">\n<p><img loading=\"lazy\" decoding=\"async\" class=\"size-full wp-image-22251 alignleft\" src=\"https:\/\/blog.holyart.it\/it\/wp-content\/uploads\/sites\/17\/2025\/07\/carlo-acutis.jpg\" alt=\"carlo acutis\" width=\"150\" height=\"99\" data-kale-share-title=\"Acutis e Frassati: le prime canonizzazioni di Papa Leone XIV\" data-kale-share-url=\"https:\/\/blog.holyart.it\/it\/?p=22247\" \/><\/p>\n<div class=\"leggi-anche\">Leggi anche:<\/div>\n<p><strong><a href=\"https:\/\/www.holyart.it\/blog\/articoli-religiosi\/carlo-acutis-il-beato-dellera-digitale\/\">Carlo Acutis: il beato dell\u2019era digitale<\/a><\/strong><br \/>\nCarlo Acutis, il santo millennial che ha dedicato la sua breve vita a Ges\u00f9 e all\u2019aiuto per i pi\u00f9 poveri e bisognosi&#8230;<\/p>\n<\/div>\n<p>Il 7 settembre 2025, quando ci sar\u00e0 la canonizzazione di Carlo Acutis e <strong><a href=\"https:\/\/holyart.it\/blog\/articoli-religiosi\/santi-e-beati\/dalla-montagna-al-cielo-la-vita-e-il-messaggio-di-pier-giorgio-frassati\/\">Pier Giorgio Frassati<\/a><\/strong>, i giovani del mondo si sentiranno un po&#8217; meno soli.<br \/>\nPapa Leone XIV, con questo gesto, non canonizza solo due persone: canonizza una visione. Una Chiesa che guarda avanti senza dimenticare, che riconosce la bellezza nella fragilit\u00e0, che non si accontenta di nostalgie, ma cerca volti vivi. Carlo Acutis santo e Pier Giorgio Frassati santo saranno le stelle polari di un pontificato che vuole parlare a TikTok e alle vette alpine, agli studenti e ai poveri, ai volontari e ai\u00a0<em>coder<\/em>, ai mistici e ai creativi. In un tempo stanco e disilluso, queste canonizzazioni sono una carezza e una sfida. Una carezza per chi cerca senso. Una sfida per chi si accontenta del minimo.<br \/>\nIl 7 settembre 2025, la Chiesa non aggiunger\u00e0 solo due nomi al suo calendario: accender\u00e0 due segnali potenti e luminosi per l\u2019umanit\u00e0 in cammino.<br \/>\nCarlo e Pier Giorgio, pregate per noi. E soprattutto, restate con noi. Il mondo ha bisogno della vostra luce.<\/p>\n<div class=\"link-article\">\n<p><img loading=\"lazy\" decoding=\"async\" class=\"size-full wp-image-22252 alignleft\" src=\"https:\/\/blog.holyart.it\/it\/wp-content\/uploads\/sites\/17\/2025\/07\/pier-giorgio-frassati.jpeg\" alt=\"pier giorgio frassati\" width=\"150\" height=\"100\" data-kale-share-title=\"Acutis e Frassati: le prime canonizzazioni di Papa Leone XIV\" data-kale-share-url=\"https:\/\/blog.holyart.it\/it\/?p=22247\" \/><\/p>\n<div class=\"leggi-anche\">Leggi anche:<\/div>\n<p><strong><a href=\"https:\/\/holyart.it\/blog\/articoli-religiosi\/santi-e-beati\/dalla-montagna-al-cielo-la-vita-e-il-messaggio-di-pier-giorgio-frassati\/\">Dalla montagna al cielo: la vita e il messaggio di Pier Giorgio Frassati<\/a><\/strong><br \/>\nDalla montagna al cielo: la vita e il messaggio di Pier Giorgio Frassati&#8230;<\/p>\n<\/div>\n<h2>Un Papa per i giovani e per il futuro<\/h2>\n<p>Ci sono gesti che non sono solo decisioni, ma visioni.<br \/>\nPapa Leone XIV ha scelto di cominciare il suo cammino da Pontefice con una celebrazione che guarda al futuro, ma affonda le radici in due vite gi\u00e0 fiorite nella santit\u00e0: Carlo Acutis e Pier Giorgio Frassati. Un annuncio che non nasce dal nulla. Gi\u00e0 nel novembre del 2024, durante una delle sue ultime udienze generali, era stato\u00a0<strong>Papa Francesco,<\/strong>\u00a0la voce affaticata, ma ancora vibrante, a scaldare il cuore della folla in Piazza San Pietro, rivelando la futura canonizzazione dei due giovani. Un lungo applauso era scoppiato tra le colonne del Bernini, come un\u2019onda di gioia che correva fino al cielo. Carlo, il ragazzo della Rete e del Rosario, sarebbe stato proclamato santo il 27 aprile, nella\u00a0<strong><a href=\"https:\/\/www.holyart.it\/blog\/pasqua\/domenica-in-albis-significato-religioso\/\">Domenica della Divina Misericordia<\/a><\/strong>, all\u2019interno del Giubileo degli adolescenti; Pier Giorgio, il santo con le scarpe infangate e il cuore in alto, avrebbe ricevuto l\u2019aureola durante il Giubileo dei Giovani, a fine luglio. Ma il tempo ha scompaginato le date: la\u00a0<a href=\"https:\/\/www.holyart.it\/blog\/occasioni-speciali\/come-papa-francesco-ha-trasformato-la-chiesa-durante-il-suo-pontificato\/\"><strong>morte improvvisa di Bergoglio<\/strong><\/a>, il 21 aprile, ha annullato tutto, lasciando in sospeso il sogno, e con esso migliaia di cuori in attesa. Su Frassati, poi, si era fatto silenzio. Nessun comunicato, nessun cenno. Come se la sua canonizzazione fosse svanita nel vuoto, come certi tramonti che non diventano mai notte.<\/p>\n<div class=\"link-article\">\n<p><img loading=\"lazy\" decoding=\"async\" class=\"size-full wp-image-22253 alignleft\" src=\"https:\/\/blog.holyart.it\/it\/wp-content\/uploads\/sites\/17\/2025\/07\/Holyart_Blog_PapaFrancesco_it-1.jpg\" alt=\"Papa Francesco\" width=\"150\" height=\"99\" data-kale-share-title=\"Acutis e Frassati: le prime canonizzazioni di Papa Leone XIV\" data-kale-share-url=\"https:\/\/blog.holyart.it\/it\/?p=22247\" \/><\/p>\n<div class=\"leggi-anche\">Leggi anche:<\/div>\n<p><strong><a href=\"https:\/\/www.holyart.it\/blog\/occasioni-speciali\/come-papa-francesco-ha-trasformato-la-chiesa-durante-il-suo-pontificato\/\">Come Papa Francesco ha trasformato la Chiesa durante il suo pontificato<\/a><\/strong><br \/>\nChe cosa ha fatto di importante Papa Francesco? Il suo pontificato \u00e8&#8230;<\/p>\n<\/div>\n<p>Poi, come un lampo nel cielo immobile,\u00a0<strong>\u00e8 arrivato l\u2019annuncio di Papa Leone XIV.<\/strong>\u00a0Con una scelta che sa di profezia pi\u00f9 che di programma, ha unito le due date in una sola, potente, liturgia del 7 settembre. Non per semplificare, ma per suggellare: due giovani santi, di secoli e cammini diversi, proclamati nello stesso giorno, come fratelli spirituali, come sentinelle della stessa aurora. Una decisione che non \u00e8 solo una data nel calendario, ma un atto d\u2019amore verso una Chiesa che desidera essere giovane nel cuore, nella voce, nella fede. E che trova, in Carlo e Pier Giorgio, due fari accesi per chi ancora cerca Dio tra i muretti della scuola, nelle periferie del mondo, o nel silenzio di un tramonto in montagna.<br \/>\nNon \u00e8 una scelta neutra, n\u00e9 diplomatica. \u00c8 una dichiarazione di intenti.\u00a0<a href=\"https:\/\/www.holyart.it\/blog\/occasioni-speciali\/papa-leone-xiv-tutto-quello-che-ce-da-sapere-sul-nuovo-pontefice\/\"><strong>Papa Leone XIV<\/strong><\/a>, eletto a sorpresa in un conclave attraversato da timori e desideri, ha scelto di partire dalla giovinezza, da due volti sorridenti e inquieti, da due storie bruciate in fretta, ma che hanno lasciato tracce di fuoco. Con la decisione di unificare le canonizzazioni previste da Papa Francesco in un&#8217;unica celebrazione, Leone XIV ha voluto dare un segnale forte: la santit\u00e0 non \u00e8 un museo di reliquie, ma una corrente viva che attraversa le generazioni, una chiamata che pulsa oggi, nelle aule universitarie e tra i server della rete. Ora alle domande\u00a0<em>\u201cQuando ci sar\u00e0 la canonizzazione di Carlo Acutis?\u201d<\/em>\u00a0e\u00a0<em>\u201cQuando verr\u00e0 canonizzato Pier Giorgio Frassati?\u201d<\/em>\u00a0abbiamo una sola risposta: il 7 settembre 2025, festa della giovinezza e della santit\u00e0 incarnata, nell\u2019abbraccio di un\u2019unica liturgia.<\/p>\n<div class=\"link-article\">\n<p><img loading=\"lazy\" decoding=\"async\" class=\"size-full wp-image-22254 alignleft\" src=\"https:\/\/blog.holyart.it\/it\/wp-content\/uploads\/sites\/17\/2025\/07\/Leone-XIV-1.jpg\" alt=\"Leone XIV\" width=\"150\" height=\"99\" data-kale-share-title=\"Acutis e Frassati: le prime canonizzazioni di Papa Leone XIV\" data-kale-share-url=\"https:\/\/blog.holyart.it\/it\/?p=22247\" \/><\/p>\n<div class=\"leggi-anche\">Leggi anche:<\/div>\n<p><strong><a href=\"https:\/\/www.holyart.it\/blog\/occasioni-speciali\/papa-leone-xiv-tutto-quello-che-ce-da-sapere-sul-nuovo-pontefice\/\">Papa Leone XIV: tutto quello che c\u2019\u00e8 da sapere sul nuovo Pontefice<\/a><\/strong><br \/>\nIl pontificato di Papa Leone XIV si apre come una porta socchiusa&#8230;<\/p>\n<\/div>\n<h2>Carlo Acutis: il santo della rete e dell\u2019eucaristia<\/h2>\n<p>Aveva solo 15 anni quando una leucemia fulminante lo strapp\u00f2 alla vita. Ma\u00a0<a href=\"https:\/\/www.holyart.it\/it\/occasioni-speciali\/carlo-acutis\"><strong>Carlo Acutis<\/strong><\/a>, nato a Londra e cresciuto a Milano, aveva gi\u00e0 tracciato il suo cammino verso il cielo, lasciando dietro di s\u00e9 non solo dolore, ma una scia di grazia. Ma cosa ha fatto Carlo Acutis per diventare santo?\u00a0<strong>Ha amato<\/strong>. Con intensit\u00e0. Con semplicit\u00e0. Con creativit\u00e0.<br \/>\nHa fatto dell\u2019Eucaristia il centro della sua esistenza,\u00a0<em>\u201cla mia autostrada per il cielo\u201d<\/em>, diceva, e dell\u2019informatica il suo pulpito. Ha creato una mostra sui miracoli eucaristici che ha girato il mondo, toccando cuori anche molto lontani dalla fede. Non predicava: narrava, con i codici e le immagini del suo tempo. I miracoli di Carlo Acutis non sono solo quelli ufficialmente riconosciuti (come la guarigione del piccolo Matheus in Brasile): sono anche quelli silenziosi, quotidiani, invisibili. Quanti adolescenti si sono riavvicinati ai sacramenti grazie a lui? Quante conversioni sono nate da un video, da una foto, da una frase? Ma soprattutto, Carlo ha mostrato che\u00a0<strong>la santit\u00e0 \u00e8 possibile per chiunque<\/strong>: che si pu\u00f2 andare a scuola, amare i videogiochi, avere amici, fare volontariato\u2026 e intanto camminare verso il Cielo a passi giganti. Oggi riposa ad Assisi, nel Santuario della Spogliazione. E da l\u00ec continua a parlare con dolcezza e forza ai ragazzi del nostro tempo.<\/p>\n<div class=\"sp-styles-warning\" style=\"width: 450px; background-color: #FFF; color: #F00; border: 1px solid #F00; padding: 10px; font-size: 14px;\">\n\t\t\t<span style=\"font-weight: bold;\">Warning: The stylesheets were not loaded!<\/span> \n\t\t\tYou will need to change the <i>Load stylesheets<\/i> setting from <i>Automatically<\/i> to <i>On homepage<\/i> or <i>On all pages<\/i>. \n\t\t\tYou can set that <a style=\"text-decoration: underline; color: #F00;\" href=\"https:\/\/blog.holyart.it\/it\/wp-admin\/admin.php?page=sliderpro-settings\">here<\/a>.\n\t\t\t<\/div>\r\n<div id=\"slider-pro-232\" class=\"slider-pro sp-no-js\" style=\"width: 500px; height: 500px;\">\r\n\t<div class=\"sp-slides\">\r\n\t\t\r\n\t\t<div class=\"sp-slide\">\r\n\t\t\t<img loading=\"lazy\" decoding=\"async\" class=\"sp-image\" src=\"https:\/\/blog.holyart.it\/it\/wp-content\/uploads\/sites\/17\/2025\/07\/carlo-acutis-statuetta-resina-colorata-30-cm.jpg\" alt=\"carlo acutis statuetta resina colorata 30 cm\" width=\"500\" height=\"500\" \/>\r\n\t\t\t<div class=\"sp-thumbnail\"><a class=\"\" href=\"https:\/\/www.holyart.it\/it\/articoli-religiosi\/statue\/statue-in-resina-e-pvc\/statua-carlo-acutis-con-rosario-resina-dipinta-30-cm\">\r\n\t\t\t\t<img decoding=\"async\" src=\"https:\/\/blog.holyart.it\/it\/wp-content\/uploads\/sites\/17\/2025\/07\/carlo-acutis-statuetta-resina-colorata-30-cm-1.jpg\" alt=\"carlo acutis statuetta resina colorata 30 cm\" \/>\r\n\t\t\t<\/a>\r\n\t\t\t<\/div>\r\n\t\t\t<div class=\"sp-caption\">Statua Carlo Acutis con rosario resina dipinta 30 cm<br \/>\n<strong><a href=\"https:\/\/www.holyart.it\/it\/articoli-religiosi\/statue\/statue-in-resina-e-pvc\/statua-carlo-acutis-con-rosario-resina-dipinta-30-cm\">Acquista su Holyart<\/a><\/strong><\/div>\r\n\t\t<\/div>\r\n\t\t<div class=\"sp-slide\">\r\n\t\t\t<img loading=\"lazy\" decoding=\"async\" class=\"sp-image\" src=\"https:\/\/blog.holyart.it\/it\/wp-content\/uploads\/sites\/17\/2025\/07\/t-shirt-carlo-acutis-cotone-gialla-ape-social-wear.jpg\" alt=\"t-shirt carlo acutis cotone gialla ape social wear\" width=\"500\" height=\"500\" \/>\r\n\t\t\t<div class=\"sp-thumbnail\"><a class=\"\" href=\"https:\/\/www.holyart.it\/it\/occasioni-speciali\/carlo-acutis\/t-shirt-carlo-acutis-cotone-gialla-ape-social-wear\">\r\n\t\t\t\t<img decoding=\"async\" src=\"https:\/\/blog.holyart.it\/it\/wp-content\/uploads\/sites\/17\/2025\/07\/t-shirt-carlo-acutis-cotone-gialla-ape-social-wear-e1751451772675.jpg\" alt=\"t-shirt carlo acutis cotone gialla ape social wear\" \/>\r\n\t\t\t<\/a>\r\n\t\t\t<\/div>\r\n\t\t\t<div class=\"sp-caption\">T-shirt Carlo Acutis cotone gialla APE Social Wear<br \/>\n<strong><a href=\"https:\/\/www.holyart.it\/it\/occasioni-speciali\/carlo-acutis\/t-shirt-carlo-acutis-cotone-gialla-ape-social-wear\">Acquista su Holyart<\/a><\/strong><\/div>\r\n\t\t<\/div>\r\n\t\t<div class=\"sp-slide\">\r\n\t\t\t<img loading=\"lazy\" decoding=\"async\" class=\"sp-image\" src=\"https:\/\/blog.holyart.it\/it\/wp-content\/uploads\/sites\/17\/2025\/07\/croce-tessuto-carlo-acutis-14x10-cm.jpg\" alt=\"croce tessuto carlo acutis 14x10 cm\" width=\"500\" height=\"500\" \/>\r\n\t\t\t<div class=\"sp-thumbnail\"><a class=\"\" href=\"https:\/\/www.holyart.it\/it\/accessori-per-la-liturgia\/accessori-vari\/croce-tessuto-carlo-acutis-14x10-cm\">\r\n\t\t\t\t<img decoding=\"async\" src=\"https:\/\/blog.holyart.it\/it\/wp-content\/uploads\/sites\/17\/2025\/07\/croce-tessuto-carlo-acutis-14x10-cm-e1751451815914.jpg\" alt=\"croce tessuto carlo acutis 14x10 cm\" \/>\r\n\t\t\t<\/a>\r\n\t\t\t<\/div>\r\n\t\t\t<div class=\"sp-caption\">Croce tessuto Carlo Acutis 14x10 cm<br \/>\n<strong><a href=\"https:\/\/www.holyart.it\/it\/accessori-per-la-liturgia\/accessori-vari\/croce-tessuto-carlo-acutis-14x10-cm\">Acquista su Holyart<\/a><\/strong><\/div>\r\n\t\t<\/div>\r\n\t\t<div class=\"sp-slide\">\r\n\t\t\t<img loading=\"lazy\" decoding=\"async\" class=\"sp-image\" src=\"https:\/\/blog.holyart.it\/it\/wp-content\/uploads\/sites\/17\/2025\/07\/rosario-in-legno-medaglia-carlo-acutis.jpg\" alt=\"rosario in legno medaglia carlo acutis\" width=\"500\" height=\"500\" \/>\r\n\t\t\t<div class=\"sp-thumbnail\"><a class=\"\" href=\"https:\/\/www.holyart.it\/it\/articoli-religiosi\/rosari-e-portarosari\/rosari-legno\/rosario-in-legno-medaglia-carlo-acutis\">\r\n\t\t\t\t<img decoding=\"async\" src=\"https:\/\/blog.holyart.it\/it\/wp-content\/uploads\/sites\/17\/2025\/07\/rosario-in-legno-medaglia-carlo-acutis-e1751451854724.jpg\" alt=\"rosario in legno medaglia carlo acutis\" \/>\r\n\t\t\t<\/a>\r\n\t\t\t<\/div>\r\n\t\t\t<div class=\"sp-caption\">Rosario in legno medaglia Carlo Acutis<br \/>\n<strong><a href=\"https:\/\/www.holyart.it\/it\/articoli-religiosi\/rosari-e-portarosari\/rosari-legno\/rosario-in-legno-medaglia-carlo-acutis\">Acquista su Holyart<\/a><\/strong><\/div>\r\n\t\t<\/div>\r\n\t<\/div>\r\n<\/div>\n<h2>Pier Giorgio Frassati: il santo che scendeva dalle vette per servire<\/h2>\n<p>Cento anni prima di Carlo, un altro giovane moriva troppo presto. Era\u00a0<a href=\"https:\/\/www.holyart.it\/it\/occasioni-speciali\/pier-giorgio-frassati\"><strong>Pier Giorgio Frassati<\/strong><\/a>, torinese, figlio di senatori, studente di ingegneria, appassionato di montagna, ma soprattutto, un amante instancabile dei poveri. Da decenni, da dopo che \u00e8 stato dichiarato beato nel 1990, la domanda rimbalza incessantemente nelle sale vaticane e nella memoria di chi ha fatto di lui un modello per la vita e per la fede:\u00a0<em>&#8220;Quando diventa santo Pier Giorgio Frassati?&#8221;<\/em><br \/>\nOra abbiamo una risposta scritta con lettere solenni: il 7 settembre 2025, insieme a Carlo.<\/p>\n<p>Pier Giorgio Frassati sar\u00e0 santo perch\u00e9 ha fatto della carit\u00e0 il suo sport estremo. Scendeva dalle vette per portare medicine, vestiti, conforto. Entrava nei tuguri, nei vicoli, nelle corsie d\u2019ospedale. Senza clamore. Senza retorica. Era un giovane allegro, pieno di vita, amico degli ultimi. Iscritto all\u2019Azione Cattolica, ai Vincenziani, terziario domenicano.\u00a0<strong>Pregava, camminava, rideva.<\/strong>\u00a0Scriveva lettere appassionate, si commuoveva davanti a un\u2019icona, prendeva posizioni forti contro il fascismo e l\u2019ingiustizia.<br \/>\nMor\u00ec nel 1925, a soli 24 anni, per una poliomielite fulminante contratta durante una delle sue visite ai malati.<br \/>\nFu Giovanni Paolo II a beatificarlo nel 1990, chiamandolo\u00a0<em>\u201cl\u2019uomo delle beatitudini\u201d<\/em>. E finalmente sar\u00e0 proclamato santo da una Chiesa che ha bisogno di profeti del quotidiano, di rivoluzionari della gentilezza. Quando verr\u00e0 canonizzato Pier Giorgio Frassati non sar\u00e0 pi\u00f9 una domanda. Sar\u00e0 un giorno di festa.<\/p>\n<div class=\"sp-styles-warning\" style=\"width: 450px; background-color: #FFF; color: #F00; border: 1px solid #F00; padding: 10px; font-size: 14px;\">\n\t\t\t<span style=\"font-weight: bold;\">Warning: The stylesheets were not loaded!<\/span> \n\t\t\tYou will need to change the <i>Load stylesheets<\/i> setting from <i>Automatically<\/i> to <i>On homepage<\/i> or <i>On all pages<\/i>. \n\t\t\tYou can set that <a style=\"text-decoration: underline; color: #F00;\" href=\"https:\/\/blog.holyart.it\/it\/wp-admin\/admin.php?page=sliderpro-settings\">here<\/a>.\n\t\t\t<\/div>\r\n<div id=\"slider-pro-233\" class=\"slider-pro sp-no-js\" style=\"width: 500px; height: 500px;\">\r\n\t<div class=\"sp-slides\">\r\n\t\t\r\n\t\t<div class=\"sp-slide\">\r\n\t\t\t<img loading=\"lazy\" decoding=\"async\" class=\"sp-image\" src=\"https:\/\/blog.holyart.it\/it\/wp-content\/uploads\/sites\/17\/2025\/07\/t-shirt-azzurra-cotone-bio-stampa-nera-verso-lalto-piergiorgio-frassati.jpg\" alt=\"t-shirt azzurra cotone bio stampa nera verso l&#039;alto piergiorgio frassati\" width=\"500\" height=\"500\" \/>\r\n\t\t\t<div class=\"sp-thumbnail\"><a class=\"\" href=\"https:\/\/www.holyart.it\/it\/occasioni-speciali\/pier-giorgio-frassati\/t-shirt-azzurra-cotone-bio-stampa-nera-verso-lalto-piergiorgio-frassati\">\r\n\t\t\t\t<img decoding=\"async\" src=\"https:\/\/blog.holyart.it\/it\/wp-content\/uploads\/sites\/17\/2025\/07\/t-shirt-azzurra-cotone-bio-stampa-nera-verso-lalto-piergiorgio-frassati-1.jpg\" alt=\"t-shirt azzurra cotone bio stampa nera verso l&#039;alto piergiorgio frassati\" \/>\r\n\t\t\t<\/a>\r\n\t\t\t<\/div>\r\n\t\t\t<div class=\"sp-caption\">T-shirt azzurra cotone bio stampa nera ''Verso l'alto'' Piergiorgio Frassati<br \/>\n<strong><a href=\"https:\/\/www.holyart.it\/it\/occasioni-speciali\/pier-giorgio-frassati\/t-shirt-azzurra-cotone-bio-stampa-nera-verso-lalto-piergiorgio-frassati\">Acquista su Holyart<\/a><\/strong><\/div>\r\n\t\t<\/div>\r\n\t\t<div class=\"sp-slide\">\r\n\t\t\t<img loading=\"lazy\" decoding=\"async\" class=\"sp-image\" src=\"https:\/\/blog.holyart.it\/it\/wp-content\/uploads\/sites\/17\/2025\/07\/statua-pier-giorgio-frassati-resina-20-cm-dipinta-a-mano-1.jpg\" alt=\"statua pier giorgio frassati resina 20 cm dipinta a mano\" width=\"500\" height=\"500\" \/>\r\n\t\t\t<div class=\"sp-thumbnail\"><a class=\"\" href=\"https:\/\/www.holyart.it\/it\/articoli-religiosi\/statue\/statue-in-resina-e-pvc\/statua-pier-giorgio-frassati-resina-20-cm-dipinta-a-mano\">\r\n\t\t\t\t<img decoding=\"async\" src=\"https:\/\/blog.holyart.it\/it\/wp-content\/uploads\/sites\/17\/2025\/07\/statua-pier-giorgio-frassati-resina-20-cm-dipinta-a-mano-2.jpg\" alt=\"statua pier giorgio frassati resina 20 cm dipinta a mano\" \/>\r\n\t\t\t<\/a>\r\n\t\t\t<\/div>\r\n\t\t\t<div class=\"sp-caption\">Statua Pier Giorgio Frassati resina 20 cm dipinta a mano<br \/>\n<strong><a href=\"https:\/\/www.holyart.it\/it\/articoli-religiosi\/statue\/statue-in-resina-e-pvc\/statua-pier-giorgio-frassati-resina-20-cm-dipinta-a-mano\">Acquista su Holyart<\/a><\/strong><\/div>\r\n\t\t<\/div>\r\n\t\t<div class=\"sp-slide\">\r\n\t\t\t<img loading=\"lazy\" decoding=\"async\" class=\"sp-image\" src=\"https:\/\/blog.holyart.it\/it\/wp-content\/uploads\/sites\/17\/2025\/07\/t-shirt-antracite-cotone-bio-stampa-gialla-vivere-non-vivacchiare-piergiorgio-frassati.jpg\" alt=\"t-shirt antracite cotone bio stampa gialla vivere non vivacchiare piergiorgio frassati\" width=\"500\" height=\"500\" \/>\r\n\t\t\t<div class=\"sp-thumbnail\"><a class=\"\" href=\"https:\/\/www.holyart.it\/it\/occasioni-speciali\/pier-giorgio-frassati\/t-shirt-antracite-cotone-bio-stampa-gialla-vivere-non-vivacchiare-piergiorgio-frassati\">\r\n\t\t\t\t<img decoding=\"async\" src=\"https:\/\/blog.holyart.it\/it\/wp-content\/uploads\/sites\/17\/2025\/07\/t-shirt-antracite-cotone-bio-stampa-gialla-vivere-non-vivacchiare-piergiorgio-frassati-1.jpg\" alt=\"t-shirt antracite cotone bio stampa gialla vivere non vivacchiare piergiorgio frassati\" \/>\r\n\t\t\t<\/a>\r\n\t\t\t<\/div>\r\n\t\t\t<div class=\"sp-caption\">T-shirt antracite cotone bio stampa gialla ''Vivere non vivacchiare'' Piergiorgio Frassati<br \/>\n<strong><a href=\"https:\/\/www.holyart.it\/it\/occasioni-speciali\/pier-giorgio-frassati\/t-shirt-antracite-cotone-bio-stampa-gialla-vivere-non-vivacchiare-piergiorgio-frassati\">Acquista su Holyart<\/a><\/strong><\/div>\r\n\t\t<\/div>\r\n\t\t<div class=\"sp-slide\">\r\n\t\t\t<img loading=\"lazy\" decoding=\"async\" class=\"sp-image\" src=\"https:\/\/blog.holyart.it\/it\/wp-content\/uploads\/sites\/17\/2025\/07\/t-shirt-bimbo-bianca-cotone-bio-stampa-nera-verso-lalto-piergiorgio-frassati.jpg\" alt=\"t-shirt bimbo bianca cotone bio stampa nera verso l&#039;alto piergiorgio frassati\" width=\"500\" height=\"500\" \/>\r\n\t\t\t<div class=\"sp-thumbnail\"><a class=\"\" href=\"https:\/\/www.holyart.it\/it\/occasioni-speciali\/pier-giorgio-frassati\/t-shirt-bimbo-bianca-cotone-bio-stampa-nera-verso-lalto-piergiorgio-frassati\">\r\n\t\t\t\t<img decoding=\"async\" src=\"https:\/\/blog.holyart.it\/it\/wp-content\/uploads\/sites\/17\/2025\/07\/t-shirt-bimbo-bianca-cotone-bio-stampa-nera-verso-lalto-piergiorgio-frassati-1.jpg\" alt=\"t-shirt bimbo bianca cotone bio stampa nera verso l&#039;alto piergiorgio frassati\" \/>\r\n\t\t\t<\/a>\r\n\t\t\t<\/div>\r\n\t\t\t<div class=\"sp-caption\">T-shirt bimbo bianca cotone bio stampa nera ''Verso l'alto'' Piergiorgio Frassati<br \/>\n<strong><a href=\"https:\/\/www.holyart.it\/it\/occasioni-speciali\/pier-giorgio-frassati\/t-shirt-bimbo-bianca-cotone-bio-stampa-nera-verso-lalto-piergiorgio-frassati\">Acquista su Holyart<\/a><\/strong><\/div>\r\n\t\t<\/div>\r\n\t<\/div>\r\n<\/div>\n","protected":false},"excerpt":{"rendered":"<p>Papa Leone XIV ha scelto i suoi primi Santi. Sono Carlo Acutis e Piergiorgio Frassati, due vite luminose per il cuore inquieto del Terzo Millennio Nel silenzio vibrante della Basilica di San Pietro, tra le navate colme di canti e attese, i nomi di due&hellip;<\/p>\n","protected":false},"author":1,"featured_media":22269,"comment_status":"closed","ping_status":"open","sticky":false,"template":"","format":"standard","meta":{"_acf_changed":false,"footnotes":""},"categories":[25,15],"tags":[],"class_list":["post-22247","post","type-post","status-publish","format-standard","has-post-thumbnail","hentry","category-giubileo-2025","category-santi-e-beati"],"acf":[],"yoast_head":"<!-- This site is optimized with the Yoast SEO plugin v26.6 - https:\/\/yoast.com\/wordpress\/plugins\/seo\/ -->\n<title>Acutis e Frassati: le prime canonizzazioni di Papa Leone XIV - Holyblog<\/title>\n<meta name=\"description\" content=\"Carlo Acutis e Pier Giorgio Frassati saranno canonizzati da Leone XIV: due giovani per ispirare la fede nel cuore del III millennio\" \/>\n<meta name=\"robots\" content=\"index, follow, max-snippet:-1, max-image-preview:large, max-video-preview:-1\" \/>\n<link rel=\"canonical\" href=\"https:\/\/blog.holyart.it\/it\/santi-e-beati\/acutis-e-frassati-le-prime-canonizzazioni-di-papa-leone-xiv\/\" \/>\n<meta property=\"og:locale\" content=\"it_IT\" \/>\n<meta property=\"og:type\" content=\"article\" \/>\n<meta property=\"og:title\" content=\"Acutis e Frassati: le prime canonizzazioni di Papa Leone XIV - Holyblog\" \/>\n<meta property=\"og:description\" content=\"Carlo Acutis e Pier Giorgio Frassati saranno canonizzati da Leone XIV: due giovani per ispirare la fede nel cuore del III millennio\" \/>\n<meta property=\"og:url\" content=\"https:\/\/blog.holyart.it\/it\/santi-e-beati\/acutis-e-frassati-le-prime-canonizzazioni-di-papa-leone-xiv\/\" \/>\n<meta property=\"og:site_name\" content=\"Holyblog\" \/>\n<meta property=\"article:published_time\" content=\"2025-08-11T08:00:34+00:00\" \/>\n<meta property=\"article:modified_time\" content=\"2025-08-26T15:44:35+00:00\" \/>\n<meta property=\"og:image\" content=\"https:\/\/blog.holyart.it\/it\/wp-content\/uploads\/sites\/17\/2025\/07\/canonizzazioni-papa-leone-xiv-acutis-frassati.jpg\" \/>\n\t<meta property=\"og:image:width\" content=\"1000\" \/>\n\t<meta property=\"og:image:height\" content=\"666\" \/>\n\t<meta property=\"og:image:type\" content=\"image\/jpeg\" \/>\n<meta name=\"author\" content=\"Redazione\" \/>\n<meta name=\"twitter:card\" content=\"summary_large_image\" \/>\n<meta name=\"twitter:label1\" content=\"Scritto da\" \/>\n\t<meta name=\"twitter:data1\" content=\"Redazione\" \/>\n\t<meta name=\"twitter:label2\" content=\"Tempo di lettura stimato\" \/>\n\t<meta name=\"twitter:data2\" content=\"9 minuti\" \/>\n<script type=\"application\/ld+json\" class=\"yoast-schema-graph\">{\"@context\":\"https:\/\/schema.org\",\"@graph\":[{\"@type\":\"Article\",\"@id\":\"https:\/\/blog.holyart.it\/it\/santi-e-beati\/acutis-e-frassati-le-prime-canonizzazioni-di-papa-leone-xiv\/#article\",\"isPartOf\":{\"@id\":\"https:\/\/blog.holyart.it\/it\/santi-e-beati\/acutis-e-frassati-le-prime-canonizzazioni-di-papa-leone-xiv\/\"},\"author\":{\"name\":\"Redazione\",\"@id\":\"https:\/\/blog.holyart.it\/it\/#\/schema\/person\/0a7b686e5af0f856ec1e390dd0baecda\"},\"headline\":\"Acutis e Frassati: le prime canonizzazioni di Papa Leone XIV\",\"datePublished\":\"2025-08-11T08:00:34+00:00\",\"dateModified\":\"2025-08-26T15:44:35+00:00\",\"mainEntityOfPage\":{\"@id\":\"https:\/\/blog.holyart.it\/it\/santi-e-beati\/acutis-e-frassati-le-prime-canonizzazioni-di-papa-leone-xiv\/\"},\"wordCount\":1460,\"publisher\":{\"@id\":\"https:\/\/blog.holyart.it\/it\/#organization\"},\"image\":{\"@id\":\"https:\/\/blog.holyart.it\/it\/santi-e-beati\/acutis-e-frassati-le-prime-canonizzazioni-di-papa-leone-xiv\/#primaryimage\"},\"thumbnailUrl\":\"https:\/\/blog.holyart.it\/it\/wp-content\/uploads\/sites\/17\/2025\/07\/canonizzazioni-papa-leone-xiv-acutis-frassati.jpg\",\"articleSection\":[\"Giubileo 2025\",\"Santi e beati\"],\"inLanguage\":\"it-IT\"},{\"@type\":\"WebPage\",\"@id\":\"https:\/\/blog.holyart.it\/it\/santi-e-beati\/acutis-e-frassati-le-prime-canonizzazioni-di-papa-leone-xiv\/\",\"url\":\"https:\/\/blog.holyart.it\/it\/santi-e-beati\/acutis-e-frassati-le-prime-canonizzazioni-di-papa-leone-xiv\/\",\"name\":\"Acutis e Frassati: le prime canonizzazioni di Papa Leone XIV - Holyblog\",\"isPartOf\":{\"@id\":\"https:\/\/blog.holyart.it\/it\/#website\"},\"primaryImageOfPage\":{\"@id\":\"https:\/\/blog.holyart.it\/it\/santi-e-beati\/acutis-e-frassati-le-prime-canonizzazioni-di-papa-leone-xiv\/#primaryimage\"},\"image\":{\"@id\":\"https:\/\/blog.holyart.it\/it\/santi-e-beati\/acutis-e-frassati-le-prime-canonizzazioni-di-papa-leone-xiv\/#primaryimage\"},\"thumbnailUrl\":\"https:\/\/blog.holyart.it\/it\/wp-content\/uploads\/sites\/17\/2025\/07\/canonizzazioni-papa-leone-xiv-acutis-frassati.jpg\",\"datePublished\":\"2025-08-11T08:00:34+00:00\",\"dateModified\":\"2025-08-26T15:44:35+00:00\",\"description\":\"Carlo Acutis e Pier Giorgio Frassati saranno canonizzati da Leone XIV: due giovani per ispirare la fede nel cuore del III millennio\",\"breadcrumb\":{\"@id\":\"https:\/\/blog.holyart.it\/it\/santi-e-beati\/acutis-e-frassati-le-prime-canonizzazioni-di-papa-leone-xiv\/#breadcrumb\"},\"inLanguage\":\"it-IT\",\"potentialAction\":[{\"@type\":\"ReadAction\",\"target\":[\"https:\/\/blog.holyart.it\/it\/santi-e-beati\/acutis-e-frassati-le-prime-canonizzazioni-di-papa-leone-xiv\/\"]}]},{\"@type\":\"ImageObject\",\"inLanguage\":\"it-IT\",\"@id\":\"https:\/\/blog.holyart.it\/it\/santi-e-beati\/acutis-e-frassati-le-prime-canonizzazioni-di-papa-leone-xiv\/#primaryimage\",\"url\":\"https:\/\/blog.holyart.it\/it\/wp-content\/uploads\/sites\/17\/2025\/07\/canonizzazioni-papa-leone-xiv-acutis-frassati.jpg\",\"contentUrl\":\"https:\/\/blog.holyart.it\/it\/wp-content\/uploads\/sites\/17\/2025\/07\/canonizzazioni-papa-leone-xiv-acutis-frassati.jpg\",\"width\":1000,\"height\":666,\"caption\":\"canonizzazioni papa leone xiv acutis frassati\"},{\"@type\":\"BreadcrumbList\",\"@id\":\"https:\/\/blog.holyart.it\/it\/santi-e-beati\/acutis-e-frassati-le-prime-canonizzazioni-di-papa-leone-xiv\/#breadcrumb\",\"itemListElement\":[{\"@type\":\"ListItem\",\"position\":1,\"name\":\"Homepage\",\"item\":\"https:\/\/blog.holyart.it\/it\/\"},{\"@type\":\"ListItem\",\"position\":2,\"name\":\"Santi e beati\",\"item\":\"https:\/\/blog.holyart.it\/it\/santi-e-beati\/\"},{\"@type\":\"ListItem\",\"position\":3,\"name\":\"Acutis e Frassati: le prime canonizzazioni di Papa Leone XIV\"}]},{\"@type\":\"WebSite\",\"@id\":\"https:\/\/blog.holyart.it\/it\/#website\",\"url\":\"https:\/\/blog.holyart.it\/it\/\",\"name\":\"Holyblog\",\"description\":\"Il Blog di Holyart.it\",\"publisher\":{\"@id\":\"https:\/\/blog.holyart.it\/it\/#organization\"},\"potentialAction\":[{\"@type\":\"SearchAction\",\"target\":{\"@type\":\"EntryPoint\",\"urlTemplate\":\"https:\/\/blog.holyart.it\/it\/?s={search_term_string}\"},\"query-input\":{\"@type\":\"PropertyValueSpecification\",\"valueRequired\":true,\"valueName\":\"search_term_string\"}}],\"inLanguage\":\"it-IT\"},{\"@type\":\"Organization\",\"@id\":\"https:\/\/blog.holyart.it\/it\/#organization\",\"name\":\"Holyblog\",\"url\":\"https:\/\/blog.holyart.it\/it\/\",\"logo\":{\"@type\":\"ImageObject\",\"inLanguage\":\"it-IT\",\"@id\":\"https:\/\/blog.holyart.it\/it\/#\/schema\/logo\/image\/\",\"url\":\"https:\/\/blog.holyart.it\/it\/wp-content\/uploads\/sites\/17\/2022\/12\/Holyart_Blog_Logo.jpg\",\"contentUrl\":\"https:\/\/blog.holyart.it\/it\/wp-content\/uploads\/sites\/17\/2022\/12\/Holyart_Blog_Logo.jpg\",\"width\":300,\"height\":50,\"caption\":\"Holyblog\"},\"image\":{\"@id\":\"https:\/\/blog.holyart.it\/it\/#\/schema\/logo\/image\/\"}},{\"@type\":\"Person\",\"@id\":\"https:\/\/blog.holyart.it\/it\/#\/schema\/person\/0a7b686e5af0f856ec1e390dd0baecda\",\"name\":\"Redazione\"}]}<\/script>\n<!-- \/ Yoast SEO plugin. -->","yoast_head_json":{"title":"Acutis e Frassati: le prime canonizzazioni di Papa Leone XIV - Holyblog","description":"Carlo Acutis e Pier Giorgio Frassati saranno canonizzati da Leone XIV: due giovani per ispirare la fede nel cuore del III millennio","robots":{"index":"index","follow":"follow","max-snippet":"max-snippet:-1","max-image-preview":"max-image-preview:large","max-video-preview":"max-video-preview:-1"},"canonical":"https:\/\/blog.holyart.it\/it\/santi-e-beati\/acutis-e-frassati-le-prime-canonizzazioni-di-papa-leone-xiv\/","og_locale":"it_IT","og_type":"article","og_title":"Acutis e Frassati: le prime canonizzazioni di Papa Leone XIV - Holyblog","og_description":"Carlo Acutis e Pier Giorgio Frassati saranno canonizzati da Leone XIV: due giovani per ispirare la fede nel cuore del III millennio","og_url":"https:\/\/blog.holyart.it\/it\/santi-e-beati\/acutis-e-frassati-le-prime-canonizzazioni-di-papa-leone-xiv\/","og_site_name":"Holyblog","article_published_time":"2025-08-11T08:00:34+00:00","article_modified_time":"2025-08-26T15:44:35+00:00","og_image":[{"width":1000,"height":666,"url":"https:\/\/blog.holyart.it\/it\/wp-content\/uploads\/sites\/17\/2025\/07\/canonizzazioni-papa-leone-xiv-acutis-frassati.jpg","type":"image\/jpeg"}],"author":"Redazione","twitter_card":"summary_large_image","twitter_misc":{"Scritto da":"Redazione","Tempo di lettura stimato":"9 minuti"},"schema":{"@context":"https:\/\/schema.org","@graph":[{"@type":"Article","@id":"https:\/\/blog.holyart.it\/it\/santi-e-beati\/acutis-e-frassati-le-prime-canonizzazioni-di-papa-leone-xiv\/#article","isPartOf":{"@id":"https:\/\/blog.holyart.it\/it\/santi-e-beati\/acutis-e-frassati-le-prime-canonizzazioni-di-papa-leone-xiv\/"},"author":{"name":"Redazione","@id":"https:\/\/blog.holyart.it\/it\/#\/schema\/person\/0a7b686e5af0f856ec1e390dd0baecda"},"headline":"Acutis e Frassati: le prime canonizzazioni di Papa Leone XIV","datePublished":"2025-08-11T08:00:34+00:00","dateModified":"2025-08-26T15:44:35+00:00","mainEntityOfPage":{"@id":"https:\/\/blog.holyart.it\/it\/santi-e-beati\/acutis-e-frassati-le-prime-canonizzazioni-di-papa-leone-xiv\/"},"wordCount":1460,"publisher":{"@id":"https:\/\/blog.holyart.it\/it\/#organization"},"image":{"@id":"https:\/\/blog.holyart.it\/it\/santi-e-beati\/acutis-e-frassati-le-prime-canonizzazioni-di-papa-leone-xiv\/#primaryimage"},"thumbnailUrl":"https:\/\/blog.holyart.it\/it\/wp-content\/uploads\/sites\/17\/2025\/07\/canonizzazioni-papa-leone-xiv-acutis-frassati.jpg","articleSection":["Giubileo 2025","Santi e beati"],"inLanguage":"it-IT"},{"@type":"WebPage","@id":"https:\/\/blog.holyart.it\/it\/santi-e-beati\/acutis-e-frassati-le-prime-canonizzazioni-di-papa-leone-xiv\/","url":"https:\/\/blog.holyart.it\/it\/santi-e-beati\/acutis-e-frassati-le-prime-canonizzazioni-di-papa-leone-xiv\/","name":"Acutis e Frassati: le prime canonizzazioni di Papa Leone XIV - Holyblog","isPartOf":{"@id":"https:\/\/blog.holyart.it\/it\/#website"},"primaryImageOfPage":{"@id":"https:\/\/blog.holyart.it\/it\/santi-e-beati\/acutis-e-frassati-le-prime-canonizzazioni-di-papa-leone-xiv\/#primaryimage"},"image":{"@id":"https:\/\/blog.holyart.it\/it\/santi-e-beati\/acutis-e-frassati-le-prime-canonizzazioni-di-papa-leone-xiv\/#primaryimage"},"thumbnailUrl":"https:\/\/blog.holyart.it\/it\/wp-content\/uploads\/sites\/17\/2025\/07\/canonizzazioni-papa-leone-xiv-acutis-frassati.jpg","datePublished":"2025-08-11T08:00:34+00:00","dateModified":"2025-08-26T15:44:35+00:00","description":"Carlo Acutis e Pier Giorgio Frassati saranno canonizzati da Leone XIV: due giovani per ispirare la fede nel cuore del III millennio","breadcrumb":{"@id":"https:\/\/blog.holyart.it\/it\/santi-e-beati\/acutis-e-frassati-le-prime-canonizzazioni-di-papa-leone-xiv\/#breadcrumb"},"inLanguage":"it-IT","potentialAction":[{"@type":"ReadAction","target":["https:\/\/blog.holyart.it\/it\/santi-e-beati\/acutis-e-frassati-le-prime-canonizzazioni-di-papa-leone-xiv\/"]}]},{"@type":"ImageObject","inLanguage":"it-IT","@id":"https:\/\/blog.holyart.it\/it\/santi-e-beati\/acutis-e-frassati-le-prime-canonizzazioni-di-papa-leone-xiv\/#primaryimage","url":"https:\/\/blog.holyart.it\/it\/wp-content\/uploads\/sites\/17\/2025\/07\/canonizzazioni-papa-leone-xiv-acutis-frassati.jpg","contentUrl":"https:\/\/blog.holyart.it\/it\/wp-content\/uploads\/sites\/17\/2025\/07\/canonizzazioni-papa-leone-xiv-acutis-frassati.jpg","width":1000,"height":666,"caption":"canonizzazioni papa leone xiv acutis frassati"},{"@type":"BreadcrumbList","@id":"https:\/\/blog.holyart.it\/it\/santi-e-beati\/acutis-e-frassati-le-prime-canonizzazioni-di-papa-leone-xiv\/#breadcrumb","itemListElement":[{"@type":"ListItem","position":1,"name":"Homepage","item":"https:\/\/blog.holyart.it\/it\/"},{"@type":"ListItem","position":2,"name":"Santi e beati","item":"https:\/\/blog.holyart.it\/it\/santi-e-beati\/"},{"@type":"ListItem","position":3,"name":"Acutis e Frassati: le prime canonizzazioni di Papa Leone XIV"}]},{"@type":"WebSite","@id":"https:\/\/blog.holyart.it\/it\/#website","url":"https:\/\/blog.holyart.it\/it\/","name":"Holyblog","description":"Il Blog di Holyart.it","publisher":{"@id":"https:\/\/blog.holyart.it\/it\/#organization"},"potentialAction":[{"@type":"SearchAction","target":{"@type":"EntryPoint","urlTemplate":"https:\/\/blog.holyart.it\/it\/?s={search_term_string}"},"query-input":{"@type":"PropertyValueSpecification","valueRequired":true,"valueName":"search_term_string"}}],"inLanguage":"it-IT"},{"@type":"Organization","@id":"https:\/\/blog.holyart.it\/it\/#organization","name":"Holyblog","url":"https:\/\/blog.holyart.it\/it\/","logo":{"@type":"ImageObject","inLanguage":"it-IT","@id":"https:\/\/blog.holyart.it\/it\/#\/schema\/logo\/image\/","url":"https:\/\/blog.holyart.it\/it\/wp-content\/uploads\/sites\/17\/2022\/12\/Holyart_Blog_Logo.jpg","contentUrl":"https:\/\/blog.holyart.it\/it\/wp-content\/uploads\/sites\/17\/2022\/12\/Holyart_Blog_Logo.jpg","width":300,"height":50,"caption":"Holyblog"},"image":{"@id":"https:\/\/blog.holyart.it\/it\/#\/schema\/logo\/image\/"}},{"@type":"Person","@id":"https:\/\/blog.holyart.it\/it\/#\/schema\/person\/0a7b686e5af0f856ec1e390dd0baecda","name":"Redazione"}]}},"_links":{"self":[{"href":"https:\/\/blog.holyart.it\/it\/wp-json\/wp\/v2\/posts\/22247","targetHints":{"allow":["GET"]}}],"collection":[{"href":"https:\/\/blog.holyart.it\/it\/wp-json\/wp\/v2\/posts"}],"about":[{"href":"https:\/\/blog.holyart.it\/it\/wp-json\/wp\/v2\/types\/post"}],"author":[{"embeddable":true,"href":"https:\/\/blog.holyart.it\/it\/wp-json\/wp\/v2\/users\/1"}],"replies":[{"embeddable":true,"href":"https:\/\/blog.holyart.it\/it\/wp-json\/wp\/v2\/comments?post=22247"}],"version-history":[{"count":8,"href":"https:\/\/blog.holyart.it\/it\/wp-json\/wp\/v2\/posts\/22247\/revisions"}],"predecessor-version":[{"id":22352,"href":"https:\/\/blog.holyart.it\/it\/wp-json\/wp\/v2\/posts\/22247\/revisions\/22352"}],"wp:featuredmedia":[{"embeddable":true,"href":"https:\/\/blog.holyart.it\/it\/wp-json\/wp\/v2\/media\/22269"}],"wp:attachment":[{"href":"https:\/\/blog.holyart.it\/it\/wp-json\/wp\/v2\/media?parent=22247"}],"wp:term":[{"taxonomy":"category","embeddable":true,"href":"https:\/\/blog.holyart.it\/it\/wp-json\/wp\/v2\/categories?post=22247"},{"taxonomy":"post_tag","embeddable":true,"href":"https:\/\/blog.holyart.it\/it\/wp-json\/wp\/v2\/tags?post=22247"}],"curies":[{"name":"wp","href":"https:\/\/api.w.org\/{rel}","templated":true}]}}