{"id":22233,"date":"2025-08-06T10:00:22","date_gmt":"2025-08-06T08:00:22","guid":{"rendered":"https:\/\/blog.holyart.it\/it\/?p=22233"},"modified":"2025-12-31T10:02:58","modified_gmt":"2025-12-31T09:02:58","slug":"perche-il-sabato-e-dedicato-alla-madonna","status":"publish","type":"post","link":"https:\/\/blog.holyart.it\/it\/articoli-religiosi\/perche-il-sabato-e-dedicato-alla-madonna\/","title":{"rendered":"Perch\u00e9 il sabato \u00e8 dedicato alla Madonna?"},"content":{"rendered":"<h4>Perch\u00e9 il sabato \u00e8 dedicato alla Madonna? Il giorno sospeso fra cielo e terra, memoria di Maria, Madre dell\u2019Attesa<\/h4>\n<p>C\u2019\u00e8 un giorno che la Chiesa ha voluto mettere da parte non per eroi celebrati o santi leggendari, ma per una donna che ha fatto dell\u2019attesa la sua forza:\u00a0<strong>Maria.<\/strong><br \/>\nDa qui nasce la\u00a0<strong>Memoria di santa Maria in sabato<\/strong>: una piccola abitudine dal sapore antico, che ritorna fedele ogni settimana nel cuore della liturgia e della\u00a0<strong><a href=\"https:\/\/www.holyart.it\/blog\/articoli-religiosi\/feste-mariane-dedicate-a-maria\/\">devozione mariana<\/a><\/strong>, come un gesto affettuoso che non si dimentica mai.<br \/>\nMa perch\u00e9 proprio il sabato? Che cosa lega questo giorno quasi dimenticato, terra di nessuno fra il dolore e la gioia, alla Madonna che veglia su di noi?<\/p>\n<div class=\"link-article\">\n<p><img loading=\"lazy\" decoding=\"async\" class=\"size-full wp-image-22235 alignleft\" src=\"https:\/\/blog.holyart.it\/it\/wp-content\/uploads\/sites\/17\/2025\/07\/feste-mariane.jpg\" alt=\"feste mariane\" width=\"150\" height=\"99\" data-kale-share-title=\"Perch\u00e9 il sabato \u00e8 dedicato alla Madonna?\" data-kale-share-url=\"https:\/\/blog.holyart.it\/it\/?p=22233\" \/><\/p>\n<div class=\"leggi-anche\">Leggi anche:<\/div>\n<p><strong><a href=\"https:\/\/www.holyart.it\/blog\/articoli-religiosi\/feste-mariane-dedicate-a-maria\/\">Feste Mariane: ecco tutte le ricorrenze dell\u2019anno dedicate a Maria<\/a><\/strong><br \/>\nFeste Mariane, tutti i volti della devozione a Maria Madre di Ges\u00f9&#8230;<\/p>\n<\/div>\n<p>Per comprendere perch\u00e9 il sabato \u00e8 <a href=\"https:\/\/www.holyart.it\/it\/articoli-religiosi\/icone-sacre\/icone-grecia-dipinte-e-serigrafate\/icona-madre-di-dio-gioia-e-sollievo-manto-blu\"><strong>dedicato alla Madonna<\/strong><\/a>, bisogna lasciarsi portare indietro dal vento della storia, fino ai secoli in cui la devozione alla Madre di Dio cominciava a fiorire come viole fra le pietre dei monasteri.<br \/>\nFu\u00a0<strong>Alcuino di York<\/strong>, monaco e poeta della rinascenza carolingia, uno dei grandi promotori della devozione mariana. Egli sugger\u00ec di celebrare una Messa votiva in onore di Maria ogni sabato, pratica che inizi\u00f2 a diffondersi nei monasteri carolingi gi\u00e0 nel IX secolo.<br \/>\nLa motivazione teologica e spirituale, il\u00a0<strong>sabato come \u201cgiorno vuoto\u201d fra la morte e la risurrezione di Cristo<\/strong>, \u00e8 una consapevolezza maturata nei secoli successivi, arricchendo di senso la tradizione della Memoria di santa Maria in sabato.<br \/>\nCol tempo, la celebrazione mariana del sabato si diffuse in tutto l\u2019Occidente cristiano, diventando un appuntamento fisso nella liturgia e nella devozione mariana della Chiesa.<\/p>\n<div class=\"link-product\">\n<div class=\"blocco-immagine\"><img loading=\"lazy\" decoding=\"async\" class=\"size-full wp-image-22242 alignleft\" src=\"https:\/\/blog.holyart.it\/it\/wp-content\/uploads\/sites\/17\/2025\/07\/icona-madre-di-dio-gioia-e-sollievo-manto-blu.jpg\" alt=\"icona madre di dio gioia e sollievo manto blu\" width=\"100\" height=\"100\" data-kale-share-title=\"Perch\u00e9 il sabato \u00e8 dedicato alla Madonna?\" data-kale-share-url=\"https:\/\/blog.holyart.it\/it\/?p=22233\" \/><\/div>\n<div class=\"blocco-contenuto\">\n<div class=\"blocco-acquista\">Acquista su Holyart:<\/div>\n<div class=\"blocco-titolo\"><a href=\"https:\/\/www.holyart.it\/it\/articoli-religiosi\/icone-sacre\/icone-grecia-dipinte-e-serigrafate\/icona-madre-di-dio-gioia-e-sollievo-manto-blu\">Icona Madre di Dio gioia e sollievo manto blu<\/a><\/div>\n<div class=\"blocco-descrizione\">Icona serigrafata che riproduce una icona miracolosa custodita sul monte Athos.<\/div>\n<\/div>\n<\/div>\n<p>La liturgia allora cuc\u00ec per la prima volta, su questo giorno sospeso, il manto di Maria. Da allora, generazioni di credenti hanno reso il sabato un piccolo santuario domestico, in cui il cielo sembra pi\u00f9 vicino e la terra meno pesante.\u00a0Il sabato ha sempre avuto un\u2019aria strana, quasi sospesa. \u00c8 il giorno in cui, secondo il Vangelo,\u00a0<a href=\"https:\/\/www.holyart.it\/blog\/articoli-religiosi\/gli-avvenimenti-della-passione-di-gesu-dallultima-cena-alla-sua-crocifissione\/\"><strong>Ges\u00f9 riposa nel sepolcro<\/strong><\/a>: tutto si ferma, l\u2019aria sembra pi\u00f9 pesante e nessuno sa davvero che cosa aspettarsi. Gli apostoli, spaesati, si tengono alla larga; le speranze, per un attimo, sembrano svanite nell\u2019ombra, e anche il cielo, cos\u00ec raccontano i pi\u00f9 sensibili, pare chiudersi in un silenzio carico, come una casa rimasta senza voci.<br \/>\nEppure, proprio in quel silenzio,\u00a0<strong>Maria<\/strong>\u00a0resta. Non si arrende al buio, non lascia che la fede si spenga. Diventa la\u00a0<strong>Donna dell\u2019Attesa<\/strong>, la sentinella delle promesse, la madre che veglia anche quando nessuno crede pi\u00f9 possibile una Pasqua. Il sabato \u00e8 la soglia del mistero, lo spazio in cui la fede si fa coraggio senza vedere la luce, il tempo in cui la devozione mariana prende la forma della speranza tenace. E Maria diventa la Regina dei giorni sospesi.<\/p>\n<div class=\"link-article\">\n<p><img loading=\"lazy\" decoding=\"async\" class=\"size-full wp-image-22237 alignleft\" src=\"https:\/\/blog.holyart.it\/it\/wp-content\/uploads\/sites\/17\/2025\/07\/passione-di-gesu.jpg\" alt=\"passione di ges\u00f9\" width=\"150\" height=\"99\" data-kale-share-title=\"Perch\u00e9 il sabato \u00e8 dedicato alla Madonna?\" data-kale-share-url=\"https:\/\/blog.holyart.it\/it\/?p=22233\" \/><\/p>\n<div class=\"leggi-anche\">Leggi anche:<\/div>\n<p><strong><a href=\"https:\/\/www.holyart.it\/blog\/pasqua\/gli-avvenimenti-della-passione-di-gesu-dallultima-cena-alla-sua-crocifissione\/\">Gli avvenimenti della Passione di Ges\u00f9: dall\u2019Ultima Cena alla Sua crocifissione<\/a><\/strong><br \/>\nLa Passione di Ges\u00f9 \u00e8 il momento pi\u00f9 alto e terribile della Sua parabola&#8230;<\/p>\n<\/div>\n<p>Chi non ha conosciuto almeno una volta nella vita un \u201csabato dell\u2019anima\u201d? Quei giorni grigi, senza risposta, in cui la fatica pesa sulle spalle e la luce sembra dimenticata? In questi giorni, la<strong>\u00a0<\/strong>Madonna diventa compagna silenziosa, custode delle nostre veglie pi\u00f9 oscure.\u00a0La devozione mariana del sabato nasce proprio da qui: non da un trionfo, ma da un\u2019attesa che non si arrende.<br \/>\nMaria, nella liturgia del Sabato Santo, \u00e8 la fede che non vacilla quando tutto crolla. \u00c8 la madre che serba nel cuore la Parola, anche quando il Verbo tace. \u00c8 la regina dei \u201cnon ancora\u201d, di quelle stagioni in cui tutto sembra perduto e invece la vita, silenziosamente, ricomincia a tessere il proprio miracolo. La Chiesa, nel suo lungo cammino, ha custodito e coltivato la Memoria di santa Maria in sabato come un piccolo seme di speranza settimanale. Non una festa solenne, ma una perla nascosta: ogni sabato, nella liturgia, un pensiero, una preghiera, una candela accesa per la Madonna.<br \/>\nQuesta devozione non \u00e8 solo rito, ma scuola di umanit\u00e0. \u00c8 l\u2019invito a trasformare ogni sabato, ogni attesa, ogni incertezza, ogni soglia non varcata, in uno spazio di incontro con Maria.<br \/>\n\u00c8 la lezione a non temere i giorni \u201cdi mezzo\u201d, ma a viverli con la fiducia di chi sa che la notte non \u00e8 mai eterna.<br \/>\nQuante madri, nel silenzio delle case, hanno affidato i loro figli alla Madonna il sabato mattina, mescolando rosari e caff\u00e8, ansie e piccole gioie? Quanti giovani, inquieti e sospesi, hanno trovato nella devozione mariana del sabato una luce discreta, un abbraccio che non giudica ma consola?<br \/>\nE quante volte anche tu, anche io, abbiamo avuto bisogno di una madre che ci dicesse:\u00a0<em>\u201cAspetta. Non tutto \u00e8 perduto. Anche quando non vedi nulla, la vita prepara la sua rinascita\u201d?<\/em><br \/>\nLa Madonna, nel suo sabato eterno, ci insegna la pazienza di chi ama. E chi ama, sa attendere.<\/p>\n<p>Ecco perch\u00e9 il sabato <a href=\"https:\/\/www.holyart.it\/blog\/articoli-religiosi\/compleanno-della-madonna-5-agosto-8-settembre\/\"><strong>\u00e8 dedicato alla Madonna<\/strong><\/a>. La liturgia della Chiesa ha dato voce a questa sapienza antica: Messa votiva, antifone mariane, litanie che sussurrano nei chiostri e nelle case, un fiume di devozione che attraversa i secoli e giunge fino a noi. Il sabato dedicato a Maria \u00e8, in fondo, la forma pi\u00f9 autentica di devozione mariana: non quella che va in cerca di prodigi, ma quella che<strong>\u00a0sa restare fedele anche quando non succede nulla di speciale<\/strong>. \u00c8 la scelta di chi, invece di inseguire emozioni forti o segni eclatanti, rimane l\u00ec, saldo, anche quando tutto intorno sembra suggerire che sarebbe meglio scappare.<\/p>\n<div class=\"link-article\">\n<p><img loading=\"lazy\" decoding=\"async\" class=\"size-full wp-image-22238 alignleft\" src=\"https:\/\/blog.holyart.it\/it\/wp-content\/uploads\/sites\/17\/2025\/07\/compleanno-madonna-medjugorje.jpg\" alt=\"compleanno madonna medjugorje\" width=\"150\" height=\"99\" data-kale-share-title=\"Perch\u00e9 il sabato \u00e8 dedicato alla Madonna?\" data-kale-share-url=\"https:\/\/blog.holyart.it\/it\/?p=22233\" \/><\/p>\n<div class=\"leggi-anche\">Leggi anche:<\/div>\n<p><strong><a href=\"https:\/\/www.holyart.it\/blog\/articoli-religiosi\/compleanno-della-madonna-5-agosto-8-settembre\/\">Compleanno della Madonna: \u00e8 nata il 5 agosto o l\u20198 settembre?<\/a><\/strong><br \/>\nIl compleanno della Madonna: 5 agosto o 8 settembre? Scopriamo quando e perch\u00e9 la Chiesa&#8230;<\/p>\n<\/div>\n<p>Viviamo in tempi che\u00a0<strong>hanno smarrito il valore dell\u2019attesa<\/strong>. Tutto deve essere subito, ogni silenzio \u00e8 fastidio, ogni attesa \u00e8 una ferita. Eppure, forse pi\u00f9 che mai, abbiamo bisogno di Maria, della sua scuola lenta e paziente.<br \/>\nNel rumore del nostro tempo, la Madonna ci insegna a fare del sabato un altare segreto. Ci invita a rallentare, a restare in ascolto, a lasciar maturare i desideri, a credere che la notte prepara l\u2019aurora.<br \/>\nLa devozione mariana del sabato \u00e8 un atto di ribellione contro la superficialit\u00e0, un elogio della profondit\u00e0, un\u2019ode al mistero delle cose che nascono nel silenzio.<br \/>\nLa Chiesa, con la Memoria di santa Maria in sabato, non ci propone una fuga dalla realt\u00e0, ma una maniera nuova di abitare il tempo.<br \/>\nNon ci chiede di aggiungere una pratica in pi\u00f9, ma di imparare da Maria\u00a0che ogni attesa pu\u00f2 diventare feconda, ogni \u201csabato\u201d pu\u00f2 essere una vigilia di risurrezione.<br \/>\nEd \u00e8 forse per questo che, ormai da secoli, il sabato \u00e8 diventato il giorno in cui tanti affidano a Maria le proprie inquietudini: un giorno un po\u2019 dimenticato, scelto proprio perch\u00e9 nessun altro lo voleva. Perch\u00e9 \u00e8 l\u00ec, in quella pausa sospesa, che solo una madre ha la pazienza di rimanere sveglia, senza arrendersi mai all\u2019attesa. E cos\u00ec, quando arriva il sabato, sembra quasi che il cielo si avvicini un po\u2019 di pi\u00f9, come se ci abbracciasse piano. E la <a href=\"https:\/\/www.holyart.it\/it\/articoli-religiosi\/statue\/statue-in-legno-dipinto\/statua-legno-madonna-delle-grazie-dipinta-val-gardena\"><strong>Madonna<\/strong><\/a>, discreta ma forte come solo le madri sanno essere, continua a camminare al nostro fianco. Con lei, anche i giorni pi\u00f9 difficili diventano un po\u2019 meno pesanti, e aspettare ha ancora senso.<\/p>\n<div class=\"link-product\">\n<div class=\"blocco-immagine\"><img loading=\"lazy\" decoding=\"async\" class=\"size-full wp-image-22243 alignleft\" src=\"https:\/\/blog.holyart.it\/it\/wp-content\/uploads\/sites\/17\/2025\/07\/statua-legno-madonna-delle-grazie-dipinta-val-gardena.jpg\" alt=\"statua legno madonna delle grazie dipinta val gardena\" width=\"100\" height=\"100\" data-kale-share-title=\"Perch\u00e9 il sabato \u00e8 dedicato alla Madonna?\" data-kale-share-url=\"https:\/\/blog.holyart.it\/it\/?p=22233\" \/><\/div>\n<div class=\"blocco-contenuto\">\n<div class=\"blocco-acquista\">Acquista su Holyart:<\/div>\n<div class=\"blocco-titolo\"><a href=\"https:\/\/www.holyart.it\/it\/articoli-religiosi\/statue\/statue-in-legno-dipinto\/statua-legno-madonna-delle-grazie-dipinta-val-gardena\">Statua legno &#8220;Madonna delle Grazie&#8221; dipinta Val Gardena<\/a><\/div>\n<div class=\"blocco-descrizione\">Statua in legno dipinto &#8220;Madonna delle Grazie&#8221;.<\/div>\n<\/div>\n<\/div>\n","protected":false},"excerpt":{"rendered":"<p>Perch\u00e9 il sabato \u00e8 dedicato alla Madonna? Il giorno sospeso fra cielo e terra, memoria di Maria, Madre dell\u2019Attesa C\u2019\u00e8 un giorno che la Chiesa ha voluto mettere da parte non per eroi celebrati o santi leggendari, ma per una donna che ha fatto dell\u2019attesa&hellip;<\/p>\n","protected":false},"author":1,"featured_media":22245,"comment_status":"closed","ping_status":"open","sticky":false,"template":"","format":"standard","meta":{"_acf_changed":false,"footnotes":""},"categories":[16],"tags":[],"class_list":["post-22233","post","type-post","status-publish","format-standard","has-post-thumbnail","hentry","category-articoli-religiosi"],"acf":[],"yoast_head":"<!-- This site is optimized with the Yoast SEO plugin v26.6 - https:\/\/yoast.com\/wordpress\/plugins\/seo\/ -->\n<title>Perch\u00e9 il sabato \u00e8 dedicato alla Madonna? - Holyblog<\/title>\n<meta name=\"description\" content=\"Perch\u00e9 il sabato \u00e8 dedicato alla Madonna? Il giorno sospeso fra cielo e terra, memoria di Maria, Madre dell\u2019Attesa\" \/>\n<meta name=\"robots\" content=\"index, follow, max-snippet:-1, max-image-preview:large, max-video-preview:-1\" \/>\n<link rel=\"canonical\" href=\"https:\/\/blog.holyart.it\/it\/articoli-religiosi\/perche-il-sabato-e-dedicato-alla-madonna\/\" \/>\n<meta property=\"og:locale\" content=\"it_IT\" \/>\n<meta property=\"og:type\" content=\"article\" \/>\n<meta property=\"og:title\" content=\"Perch\u00e9 il sabato \u00e8 dedicato alla Madonna? - Holyblog\" \/>\n<meta property=\"og:description\" content=\"Perch\u00e9 il sabato \u00e8 dedicato alla Madonna? Il giorno sospeso fra cielo e terra, memoria di Maria, Madre dell\u2019Attesa\" \/>\n<meta property=\"og:url\" content=\"https:\/\/blog.holyart.it\/it\/articoli-religiosi\/perche-il-sabato-e-dedicato-alla-madonna\/\" \/>\n<meta property=\"og:site_name\" content=\"Holyblog\" \/>\n<meta property=\"article:published_time\" content=\"2025-08-06T08:00:22+00:00\" \/>\n<meta property=\"article:modified_time\" content=\"2025-12-31T09:02:58+00:00\" \/>\n<meta property=\"og:image\" content=\"https:\/\/blog.holyart.it\/it\/wp-content\/uploads\/sites\/17\/2025\/07\/perche-il-sabato-e-dedicato-alla-madonna.jpg\" \/>\n\t<meta property=\"og:image:width\" content=\"1000\" \/>\n\t<meta property=\"og:image:height\" content=\"666\" \/>\n\t<meta property=\"og:image:type\" content=\"image\/jpeg\" \/>\n<meta name=\"author\" content=\"Redazione\" \/>\n<meta name=\"twitter:card\" content=\"summary_large_image\" \/>\n<meta name=\"twitter:label1\" content=\"Scritto da\" \/>\n\t<meta name=\"twitter:data1\" content=\"Redazione\" \/>\n\t<meta name=\"twitter:label2\" content=\"Tempo di lettura stimato\" \/>\n\t<meta name=\"twitter:data2\" content=\"8 minuti\" \/>\n<script type=\"application\/ld+json\" class=\"yoast-schema-graph\">{\"@context\":\"https:\/\/schema.org\",\"@graph\":[{\"@type\":\"Article\",\"@id\":\"https:\/\/blog.holyart.it\/it\/articoli-religiosi\/perche-il-sabato-e-dedicato-alla-madonna\/#article\",\"isPartOf\":{\"@id\":\"https:\/\/blog.holyart.it\/it\/articoli-religiosi\/perche-il-sabato-e-dedicato-alla-madonna\/\"},\"author\":{\"name\":\"Redazione\",\"@id\":\"https:\/\/blog.holyart.it\/it\/#\/schema\/person\/0a7b686e5af0f856ec1e390dd0baecda\"},\"headline\":\"Perch\u00e9 il sabato \u00e8 dedicato alla Madonna?\",\"datePublished\":\"2025-08-06T08:00:22+00:00\",\"dateModified\":\"2025-12-31T09:02:58+00:00\",\"mainEntityOfPage\":{\"@id\":\"https:\/\/blog.holyart.it\/it\/articoli-religiosi\/perche-il-sabato-e-dedicato-alla-madonna\/\"},\"wordCount\":1252,\"publisher\":{\"@id\":\"https:\/\/blog.holyart.it\/it\/#organization\"},\"image\":{\"@id\":\"https:\/\/blog.holyart.it\/it\/articoli-religiosi\/perche-il-sabato-e-dedicato-alla-madonna\/#primaryimage\"},\"thumbnailUrl\":\"https:\/\/blog.holyart.it\/it\/wp-content\/uploads\/sites\/17\/2025\/07\/perche-il-sabato-e-dedicato-alla-madonna.jpg\",\"articleSection\":[\"Religione\"],\"inLanguage\":\"it-IT\"},{\"@type\":\"WebPage\",\"@id\":\"https:\/\/blog.holyart.it\/it\/articoli-religiosi\/perche-il-sabato-e-dedicato-alla-madonna\/\",\"url\":\"https:\/\/blog.holyart.it\/it\/articoli-religiosi\/perche-il-sabato-e-dedicato-alla-madonna\/\",\"name\":\"Perch\u00e9 il sabato \u00e8 dedicato alla Madonna? - Holyblog\",\"isPartOf\":{\"@id\":\"https:\/\/blog.holyart.it\/it\/#website\"},\"primaryImageOfPage\":{\"@id\":\"https:\/\/blog.holyart.it\/it\/articoli-religiosi\/perche-il-sabato-e-dedicato-alla-madonna\/#primaryimage\"},\"image\":{\"@id\":\"https:\/\/blog.holyart.it\/it\/articoli-religiosi\/perche-il-sabato-e-dedicato-alla-madonna\/#primaryimage\"},\"thumbnailUrl\":\"https:\/\/blog.holyart.it\/it\/wp-content\/uploads\/sites\/17\/2025\/07\/perche-il-sabato-e-dedicato-alla-madonna.jpg\",\"datePublished\":\"2025-08-06T08:00:22+00:00\",\"dateModified\":\"2025-12-31T09:02:58+00:00\",\"description\":\"Perch\u00e9 il sabato \u00e8 dedicato alla Madonna? Il giorno sospeso fra cielo e terra, memoria di Maria, Madre dell\u2019Attesa\",\"breadcrumb\":{\"@id\":\"https:\/\/blog.holyart.it\/it\/articoli-religiosi\/perche-il-sabato-e-dedicato-alla-madonna\/#breadcrumb\"},\"inLanguage\":\"it-IT\",\"potentialAction\":[{\"@type\":\"ReadAction\",\"target\":[\"https:\/\/blog.holyart.it\/it\/articoli-religiosi\/perche-il-sabato-e-dedicato-alla-madonna\/\"]}]},{\"@type\":\"ImageObject\",\"inLanguage\":\"it-IT\",\"@id\":\"https:\/\/blog.holyart.it\/it\/articoli-religiosi\/perche-il-sabato-e-dedicato-alla-madonna\/#primaryimage\",\"url\":\"https:\/\/blog.holyart.it\/it\/wp-content\/uploads\/sites\/17\/2025\/07\/perche-il-sabato-e-dedicato-alla-madonna.jpg\",\"contentUrl\":\"https:\/\/blog.holyart.it\/it\/wp-content\/uploads\/sites\/17\/2025\/07\/perche-il-sabato-e-dedicato-alla-madonna.jpg\",\"width\":1000,\"height\":666,\"caption\":\"perch\u00e9 il sabato \u00e8 dedicato alla madonna\"},{\"@type\":\"BreadcrumbList\",\"@id\":\"https:\/\/blog.holyart.it\/it\/articoli-religiosi\/perche-il-sabato-e-dedicato-alla-madonna\/#breadcrumb\",\"itemListElement\":[{\"@type\":\"ListItem\",\"position\":1,\"name\":\"Homepage\",\"item\":\"https:\/\/blog.holyart.it\/it\/\"},{\"@type\":\"ListItem\",\"position\":2,\"name\":\"Religione\",\"item\":\"https:\/\/blog.holyart.it\/it\/articoli-religiosi\/\"},{\"@type\":\"ListItem\",\"position\":3,\"name\":\"Perch\u00e9 il sabato \u00e8 dedicato alla Madonna?\"}]},{\"@type\":\"WebSite\",\"@id\":\"https:\/\/blog.holyart.it\/it\/#website\",\"url\":\"https:\/\/blog.holyart.it\/it\/\",\"name\":\"Holyblog\",\"description\":\"Il Blog di Holyart.it\",\"publisher\":{\"@id\":\"https:\/\/blog.holyart.it\/it\/#organization\"},\"potentialAction\":[{\"@type\":\"SearchAction\",\"target\":{\"@type\":\"EntryPoint\",\"urlTemplate\":\"https:\/\/blog.holyart.it\/it\/?s={search_term_string}\"},\"query-input\":{\"@type\":\"PropertyValueSpecification\",\"valueRequired\":true,\"valueName\":\"search_term_string\"}}],\"inLanguage\":\"it-IT\"},{\"@type\":\"Organization\",\"@id\":\"https:\/\/blog.holyart.it\/it\/#organization\",\"name\":\"Holyblog\",\"url\":\"https:\/\/blog.holyart.it\/it\/\",\"logo\":{\"@type\":\"ImageObject\",\"inLanguage\":\"it-IT\",\"@id\":\"https:\/\/blog.holyart.it\/it\/#\/schema\/logo\/image\/\",\"url\":\"https:\/\/blog.holyart.it\/it\/wp-content\/uploads\/sites\/17\/2022\/12\/Holyart_Blog_Logo.jpg\",\"contentUrl\":\"https:\/\/blog.holyart.it\/it\/wp-content\/uploads\/sites\/17\/2022\/12\/Holyart_Blog_Logo.jpg\",\"width\":300,\"height\":50,\"caption\":\"Holyblog\"},\"image\":{\"@id\":\"https:\/\/blog.holyart.it\/it\/#\/schema\/logo\/image\/\"}},{\"@type\":\"Person\",\"@id\":\"https:\/\/blog.holyart.it\/it\/#\/schema\/person\/0a7b686e5af0f856ec1e390dd0baecda\",\"name\":\"Redazione\"}]}<\/script>\n<!-- \/ Yoast SEO plugin. -->","yoast_head_json":{"title":"Perch\u00e9 il sabato \u00e8 dedicato alla Madonna? - Holyblog","description":"Perch\u00e9 il sabato \u00e8 dedicato alla Madonna? Il giorno sospeso fra cielo e terra, memoria di Maria, Madre dell\u2019Attesa","robots":{"index":"index","follow":"follow","max-snippet":"max-snippet:-1","max-image-preview":"max-image-preview:large","max-video-preview":"max-video-preview:-1"},"canonical":"https:\/\/blog.holyart.it\/it\/articoli-religiosi\/perche-il-sabato-e-dedicato-alla-madonna\/","og_locale":"it_IT","og_type":"article","og_title":"Perch\u00e9 il sabato \u00e8 dedicato alla Madonna? - Holyblog","og_description":"Perch\u00e9 il sabato \u00e8 dedicato alla Madonna? Il giorno sospeso fra cielo e terra, memoria di Maria, Madre dell\u2019Attesa","og_url":"https:\/\/blog.holyart.it\/it\/articoli-religiosi\/perche-il-sabato-e-dedicato-alla-madonna\/","og_site_name":"Holyblog","article_published_time":"2025-08-06T08:00:22+00:00","article_modified_time":"2025-12-31T09:02:58+00:00","og_image":[{"width":1000,"height":666,"url":"https:\/\/blog.holyart.it\/it\/wp-content\/uploads\/sites\/17\/2025\/07\/perche-il-sabato-e-dedicato-alla-madonna.jpg","type":"image\/jpeg"}],"author":"Redazione","twitter_card":"summary_large_image","twitter_misc":{"Scritto da":"Redazione","Tempo di lettura stimato":"8 minuti"},"schema":{"@context":"https:\/\/schema.org","@graph":[{"@type":"Article","@id":"https:\/\/blog.holyart.it\/it\/articoli-religiosi\/perche-il-sabato-e-dedicato-alla-madonna\/#article","isPartOf":{"@id":"https:\/\/blog.holyart.it\/it\/articoli-religiosi\/perche-il-sabato-e-dedicato-alla-madonna\/"},"author":{"name":"Redazione","@id":"https:\/\/blog.holyart.it\/it\/#\/schema\/person\/0a7b686e5af0f856ec1e390dd0baecda"},"headline":"Perch\u00e9 il sabato \u00e8 dedicato alla Madonna?","datePublished":"2025-08-06T08:00:22+00:00","dateModified":"2025-12-31T09:02:58+00:00","mainEntityOfPage":{"@id":"https:\/\/blog.holyart.it\/it\/articoli-religiosi\/perche-il-sabato-e-dedicato-alla-madonna\/"},"wordCount":1252,"publisher":{"@id":"https:\/\/blog.holyart.it\/it\/#organization"},"image":{"@id":"https:\/\/blog.holyart.it\/it\/articoli-religiosi\/perche-il-sabato-e-dedicato-alla-madonna\/#primaryimage"},"thumbnailUrl":"https:\/\/blog.holyart.it\/it\/wp-content\/uploads\/sites\/17\/2025\/07\/perche-il-sabato-e-dedicato-alla-madonna.jpg","articleSection":["Religione"],"inLanguage":"it-IT"},{"@type":"WebPage","@id":"https:\/\/blog.holyart.it\/it\/articoli-religiosi\/perche-il-sabato-e-dedicato-alla-madonna\/","url":"https:\/\/blog.holyart.it\/it\/articoli-religiosi\/perche-il-sabato-e-dedicato-alla-madonna\/","name":"Perch\u00e9 il sabato \u00e8 dedicato alla Madonna? - Holyblog","isPartOf":{"@id":"https:\/\/blog.holyart.it\/it\/#website"},"primaryImageOfPage":{"@id":"https:\/\/blog.holyart.it\/it\/articoli-religiosi\/perche-il-sabato-e-dedicato-alla-madonna\/#primaryimage"},"image":{"@id":"https:\/\/blog.holyart.it\/it\/articoli-religiosi\/perche-il-sabato-e-dedicato-alla-madonna\/#primaryimage"},"thumbnailUrl":"https:\/\/blog.holyart.it\/it\/wp-content\/uploads\/sites\/17\/2025\/07\/perche-il-sabato-e-dedicato-alla-madonna.jpg","datePublished":"2025-08-06T08:00:22+00:00","dateModified":"2025-12-31T09:02:58+00:00","description":"Perch\u00e9 il sabato \u00e8 dedicato alla Madonna? Il giorno sospeso fra cielo e terra, memoria di Maria, Madre dell\u2019Attesa","breadcrumb":{"@id":"https:\/\/blog.holyart.it\/it\/articoli-religiosi\/perche-il-sabato-e-dedicato-alla-madonna\/#breadcrumb"},"inLanguage":"it-IT","potentialAction":[{"@type":"ReadAction","target":["https:\/\/blog.holyart.it\/it\/articoli-religiosi\/perche-il-sabato-e-dedicato-alla-madonna\/"]}]},{"@type":"ImageObject","inLanguage":"it-IT","@id":"https:\/\/blog.holyart.it\/it\/articoli-religiosi\/perche-il-sabato-e-dedicato-alla-madonna\/#primaryimage","url":"https:\/\/blog.holyart.it\/it\/wp-content\/uploads\/sites\/17\/2025\/07\/perche-il-sabato-e-dedicato-alla-madonna.jpg","contentUrl":"https:\/\/blog.holyart.it\/it\/wp-content\/uploads\/sites\/17\/2025\/07\/perche-il-sabato-e-dedicato-alla-madonna.jpg","width":1000,"height":666,"caption":"perch\u00e9 il sabato \u00e8 dedicato alla madonna"},{"@type":"BreadcrumbList","@id":"https:\/\/blog.holyart.it\/it\/articoli-religiosi\/perche-il-sabato-e-dedicato-alla-madonna\/#breadcrumb","itemListElement":[{"@type":"ListItem","position":1,"name":"Homepage","item":"https:\/\/blog.holyart.it\/it\/"},{"@type":"ListItem","position":2,"name":"Religione","item":"https:\/\/blog.holyart.it\/it\/articoli-religiosi\/"},{"@type":"ListItem","position":3,"name":"Perch\u00e9 il sabato \u00e8 dedicato alla Madonna?"}]},{"@type":"WebSite","@id":"https:\/\/blog.holyart.it\/it\/#website","url":"https:\/\/blog.holyart.it\/it\/","name":"Holyblog","description":"Il Blog di Holyart.it","publisher":{"@id":"https:\/\/blog.holyart.it\/it\/#organization"},"potentialAction":[{"@type":"SearchAction","target":{"@type":"EntryPoint","urlTemplate":"https:\/\/blog.holyart.it\/it\/?s={search_term_string}"},"query-input":{"@type":"PropertyValueSpecification","valueRequired":true,"valueName":"search_term_string"}}],"inLanguage":"it-IT"},{"@type":"Organization","@id":"https:\/\/blog.holyart.it\/it\/#organization","name":"Holyblog","url":"https:\/\/blog.holyart.it\/it\/","logo":{"@type":"ImageObject","inLanguage":"it-IT","@id":"https:\/\/blog.holyart.it\/it\/#\/schema\/logo\/image\/","url":"https:\/\/blog.holyart.it\/it\/wp-content\/uploads\/sites\/17\/2022\/12\/Holyart_Blog_Logo.jpg","contentUrl":"https:\/\/blog.holyart.it\/it\/wp-content\/uploads\/sites\/17\/2022\/12\/Holyart_Blog_Logo.jpg","width":300,"height":50,"caption":"Holyblog"},"image":{"@id":"https:\/\/blog.holyart.it\/it\/#\/schema\/logo\/image\/"}},{"@type":"Person","@id":"https:\/\/blog.holyart.it\/it\/#\/schema\/person\/0a7b686e5af0f856ec1e390dd0baecda","name":"Redazione"}]}},"_links":{"self":[{"href":"https:\/\/blog.holyart.it\/it\/wp-json\/wp\/v2\/posts\/22233","targetHints":{"allow":["GET"]}}],"collection":[{"href":"https:\/\/blog.holyart.it\/it\/wp-json\/wp\/v2\/posts"}],"about":[{"href":"https:\/\/blog.holyart.it\/it\/wp-json\/wp\/v2\/types\/post"}],"author":[{"embeddable":true,"href":"https:\/\/blog.holyart.it\/it\/wp-json\/wp\/v2\/users\/1"}],"replies":[{"embeddable":true,"href":"https:\/\/blog.holyart.it\/it\/wp-json\/wp\/v2\/comments?post=22233"}],"version-history":[{"count":6,"href":"https:\/\/blog.holyart.it\/it\/wp-json\/wp\/v2\/posts\/22233\/revisions"}],"predecessor-version":[{"id":22246,"href":"https:\/\/blog.holyart.it\/it\/wp-json\/wp\/v2\/posts\/22233\/revisions\/22246"}],"wp:featuredmedia":[{"embeddable":true,"href":"https:\/\/blog.holyart.it\/it\/wp-json\/wp\/v2\/media\/22245"}],"wp:attachment":[{"href":"https:\/\/blog.holyart.it\/it\/wp-json\/wp\/v2\/media?parent=22233"}],"wp:term":[{"taxonomy":"category","embeddable":true,"href":"https:\/\/blog.holyart.it\/it\/wp-json\/wp\/v2\/categories?post=22233"},{"taxonomy":"post_tag","embeddable":true,"href":"https:\/\/blog.holyart.it\/it\/wp-json\/wp\/v2\/tags?post=22233"}],"curies":[{"name":"wp","href":"https:\/\/api.w.org\/{rel}","templated":true}]}}