{"id":22216,"date":"2025-08-05T10:00:15","date_gmt":"2025-08-05T08:00:15","guid":{"rendered":"https:\/\/blog.holyart.it\/it\/?p=22216"},"modified":"2026-04-22T15:46:34","modified_gmt":"2026-04-22T13:46:34","slug":"qual-e-il-nome-piu-usato-dai-papi","status":"publish","type":"post","link":"https:\/\/blog.holyart.it\/it\/articoli-religiosi\/qual-e-il-nome-piu-usato-dai-papi\/","title":{"rendered":"Qual \u00e8 il nome pi\u00f9 usato dai papi?"},"content":{"rendered":"<h4>Qual \u00e8 il nome pi\u00f9 usato dai papi? Un viaggio attraverso i segreti millenari dei nomi sacri<\/h4>\n\n<p>C\u2019\u00e8 una domanda che si insinua lieve tra le fessure della storia, come un raggio di sole filtrato da una vetrata gotica:\u00a0<strong>qual \u00e8 il nome pi\u00f9 usato dai papi?<\/strong><br \/>\nNon \u00e8 solo una curiosit\u00e0 da enciclopedia. \u00c8 una chiave, una parola magica capace di aprire <a href=\"https:\/\/www.holyart.it\/blog\/articoli-religiosi\/come-si-elegge-un-papa-il-ruolo-del-conclave-e-i-segreti-del-rito\/\"><strong>i portali segreti di una lunga notte di veglia<\/strong><\/a>.<br \/>\nQuando sussurriamo i nomi dei papi, evochiamo un esercito silenzioso di uomini che hanno camminato sulla soglia tra il divino e il terreno, custodi di un mistero antico quanto il desiderio umano di salvezza. Ogni nome \u00e8 una stella appesa al firmamento della memoria, ogni successione dei papi una costellazione di destini intrecciati.<br \/>\nScorrere la lista dei papi non significa contare, ma ascoltare il battito di un cuore che non si \u00e8 mai fermato: quello della Chiesa, nel suo lungo sogno di pietra e luce.<br \/>\nE proprio in questo sogno, tra voci latine e profili scolpiti nella cera, scopriamo che il nome pi\u00f9 amato, quello che ha attraversato i secoli come una litania, \u00e8\u00a0<strong>Giovanni<\/strong>. Ventitr\u00e9 volte. Ventitr\u00e9 rintocchi sulla campana della storia.<\/p>\n<div class=\"link-article\">\n<p><img loading=\"lazy\" decoding=\"async\" class=\"size-full wp-image-22218 alignleft\" src=\"https:\/\/blog.holyart.it\/it\/wp-content\/uploads\/sites\/17\/2025\/07\/come-si-elegge-un-papa-conclave.jpg\" alt=\"come si elegge un papa conclave\" width=\"150\" height=\"99\" data-kale-share-title=\"Qual \u00e8 il nome pi\u00f9 usato dai papi?\" data-kale-share-url=\"https:\/\/blog.holyart.it\/it\/?p=22216\" \/><\/p>\n<div class=\"leggi-anche\">Leggi anche:<\/div>\n<p><strong><a href=\"https:\/\/www.holyart.it\/blog\/articoli-religiosi\/come-si-elegge-un-papa-il-ruolo-del-conclave-e-i-segreti-del-rito\/\">Come si elegge un Papa: il ruolo del Conclave e i segreti del rito<\/a><\/strong><br \/>\nCome si elegge un Papa. Storia, tradizione e mistero di un rito antico: il Conclave&#8230;<\/p>\n<\/div>\n<h2>I nomi che hanno scritto la leggenda dei papi<\/h2>\n<p>Ecco che la domanda \u201cqual \u00e8 il nome pi\u00f9 usato dai papi?\u201d si fa preghiera, eco, racconto che non finisce mai. Perch\u00e9 dietro ogni nome c\u2019\u00e8 una storia, dietro ogni storia, il mistero, tenero e feroce, di uomini chiamati a farsi ponte tra la terra e il cielo. E ancora oggi, se cerchi tra tutti i papi della storia, se scandagli la successione come un rabdomante, trovi lui:\u00a0<strong>Giovanni<\/strong>. Il nome pi\u00f9 amato, quello che rimbalza di secolo in secolo come una promessa mai spenta.<\/p>\n<h3>Giovanni<\/h3>\n<p>Ventitr\u00e9 papi hanno scelto questo nome, e ognuno di loro sembra aver raccolto, al momento dell\u2019elezione, un testimone invisibile passato di mano in mano lungo duemila anni. Giovanni \u00e8 il nome che risuona come una promessa di rinascita, di misericordia e di speranza. \u00c8 il nome dell\u2019evangelista che nel silenzio dell\u2019esilio scrisse di luce e di tenebre, del Battista che urlava nel deserto e preparava la via, dell\u2019<strong><a href=\"https:\/\/www.holyart.it\/blog\/articoli-religiosi\/il-discepolo-prediletto-chi-era-il-discepolo-amato-da-gesu\/\">apostolo amato<\/a><\/strong> che fu testimone della croce e della risurrezione.<\/p>\n<div class=\"link-article\">\n<p><img loading=\"lazy\" decoding=\"async\" class=\"size-full wp-image-22219 alignleft\" src=\"https:\/\/blog.holyart.it\/it\/wp-content\/uploads\/sites\/17\/2025\/07\/giovanni-evangelista.jpeg\" alt=\"giovanni evangelista\" width=\"150\" height=\"99\" data-kale-share-title=\"Qual \u00e8 il nome pi\u00f9 usato dai papi?\" data-kale-share-url=\"https:\/\/blog.holyart.it\/it\/?p=22216\" \/><\/p>\n<div class=\"leggi-anche\">Leggi anche:<\/div>\n<p><strong><a href=\"https:\/\/www.holyart.it\/blog\/articoli-religiosi\/il-discepolo-prediletto-chi-era-il-discepolo-amato-da-gesu\/\">Il discepolo prediletto: chi era il discepolo \u201camato\u201d da Ges\u00f9<\/a><\/strong><br \/>\nGiovanni, il discepolo prediletto di Ges\u00f9. Pescatore, come i fratelli Simon Pietro e Andrea, aveva un rapporto speciale col Cristo&#8230;<\/p>\n<\/div>\n<p>Scegliere Giovanni non \u00e8 mai stato solo un gesto di umilt\u00e0, ma un atto di affidamento: chi lo porta sulle spalle si fa eco delle domande e delle attese di tutta la Chiesa. Ogni Giovanni ha dovuto misurarsi con il peso della tradizione e la sfida del cambiamento. Giovanni XXIII, il papa buono, seppe spalancare le finestre del Vaticano, lasciando entrare il vento di un nuovo concilio. Giovanni Paolo I fuse il nome con quello del suo predecessore, tessendo un ponte tra passato e futuro, mentre <a href=\"https:\/\/www.holyart.it\/it\/occasioni-speciali\/giovanni-paolo-ii\"><strong>Giovanni Paolo II<\/strong><\/a> ha portato quel doppio nome ai confini del mondo.<br \/>\nGiovanni \u00e8 un nome che si rinnova ogni volta che viene pronunciato, come una sorgente segreta da cui la Chiesa attinge forza, compassione, audacia. \u00c8 il nome dell\u2019abbraccio, della custodia, della fedelt\u00e0 a ci\u00f2 che non muore mai: la speranza che la storia, nonostante tutto, sia ancora capace di stupore e di misericordia.<\/p>\n<div class=\"link-product\">\n<div class=\"blocco-immagine\"><img loading=\"lazy\" decoding=\"async\" class=\"size-full wp-image-22220 alignleft\" src=\"https:\/\/blog.holyart.it\/it\/wp-content\/uploads\/sites\/17\/2025\/07\/santino-giovanni-paolo-ii-in-preghiera.jpg\" alt=\"santino giovanni paolo ii in preghiera\" width=\"100\" height=\"100\" data-kale-share-title=\"Qual \u00e8 il nome pi\u00f9 usato dai papi?\" data-kale-share-url=\"https:\/\/blog.holyart.it\/it\/?p=22216\" \/><\/div>\n<div class=\"blocco-contenuto\">\n<div class=\"blocco-acquista\">Acquista su Holyart:<\/div>\n<div class=\"blocco-titolo\"><a href=\"https:\/\/www.holyart.it\/it\/occasioni-speciali\/giovanni-paolo-ii\">Giovanni Paolo II<\/a><\/div>\n<div class=\"blocco-descrizione\">Reparto interamente dedicato a Giovanni Paolo II.<\/div>\n<\/div>\n<\/div>\n<h3>Gregorio<\/h3>\n<p>Un nome che vibra come una campana all\u2019alba: sono sedici i pontefici che hanno indossato il mantello di Gregorio. Porta con s\u00e9 l\u2019eco di san\u00a0<strong><a href=\"https:\/\/www.holyart.it\/blog\/santi-e-beati\/san-gregorio-magno-papa-e-dottore-della-chiesa\/\">Gregorio Magno<\/a><\/strong>, il papa che fece della Chiesa una bussola nell\u2019et\u00e0 buia, l\u2019uomo che invent\u00f2 la musica del sacro, la regola, la diplomazia come arte. Scegliere Gregorio \u00e8 scegliere il timbro profondo dell\u2019autorit\u00e0 spirituale, la pazienza dei giardinieri dell\u2019anima.<\/p>\n<div class=\"link-article\">\n<p><img loading=\"lazy\" decoding=\"async\" class=\"size-full wp-image-22221 alignleft\" src=\"https:\/\/blog.holyart.it\/it\/wp-content\/uploads\/sites\/17\/2025\/07\/san-gregorio-magno.jpeg\" alt=\"san gregorio magno\" width=\"150\" height=\"99\" data-kale-share-title=\"Qual \u00e8 il nome pi\u00f9 usato dai papi?\" data-kale-share-url=\"https:\/\/blog.holyart.it\/it\/?p=22216\" \/><\/p>\n<div class=\"leggi-anche\">Leggi anche:<\/div>\n<p><strong><a href=\"https:\/\/www.holyart.it\/blog\/santi-e-beati\/san-gregorio-magno-papa-e-dottore-della-chiesa\/\">San Gregorio Magno, papa e dottore della Chiesa<\/a><\/strong><br \/>\nSan Gregorio Magno, \u201cil console di Dio\u201d, venerato come santo e dottore della Chiesa. Ma chi era&#8230;<\/p>\n<\/div>\n<h3>Benedetto<\/h3>\n<p>Quindici papi, e il nome sembra gi\u00e0 una preghiera: Benedetto, il benedetto, il chiamato alla pace dei chiostri e all\u2019ardore della riforma. Benedetto XVI, il teologo mite, si affida all\u2019ombra di\u00a0<strong><a href=\"https:\/\/www.holyart.it\/blog\/santi-e-beati\/san-benedetto-norcia-patrono-deuropa\/\">san Benedetto da Norcia<\/a><\/strong>, patrono d\u2019Europa, ma il nome evoca anche antichi abati, custodi della regola e del silenzio.<\/p>\n<h3>Leone<\/h3>\n<p>Quattordici volte, nella lunga notte della storia, un papa ha scelto il nome Leone. <a href=\"https:\/\/holyart.it\/blog\/occasioni-speciali\/papa-leone-xiv-tutto-quello-che-ce-da-sapere-sul-nuovo-pontefice\/\"><strong>L&#8217;ultimo solo pochi mesi fa<\/strong><\/a>. \u00c8 il ruggito della Chiesa che non teme i potenti, la forza che ferma gli Unni alle porte di Roma, il coraggio che resiste ai secoli di ferro. Leone \u00e8 il nome dei condottieri e dei pacificatori, dei diplomatici e dei santi, di chi ha saputo sfidare i draghi della storia e restare saldo.<\/p>\n<div class=\"link-article\">\n<p><img loading=\"lazy\" decoding=\"async\" class=\"size-full wp-image-22222 alignleft\" src=\"https:\/\/blog.holyart.it\/it\/wp-content\/uploads\/sites\/17\/2025\/07\/Leone-XIV.jpg\" alt=\"Leone XIV\" width=\"150\" height=\"99\" data-kale-share-title=\"Qual \u00e8 il nome pi\u00f9 usato dai papi?\" data-kale-share-url=\"https:\/\/blog.holyart.it\/it\/?p=22216\" \/><\/p>\n<div class=\"leggi-anche\">Leggi anche:<\/div>\n<p><strong><a href=\"https:\/\/holyart.it\/blog\/occasioni-speciali\/papa-leone-xiv-tutto-quello-che-ce-da-sapere-sul-nuovo-pontefice\/\">Papa Leone XIV: tutto quello che c\u2019\u00e8 da sapere sul nuovo Pontefice<\/a><\/strong><br \/>\nIl pontificato di Papa Leone XIV si apre come una porta socchiusa sul&#8230;<\/p>\n<\/div>\n<h3>Clemente<\/h3>\n<p>Quattordici papi hanno abbracciato il nome Clemente, la dolcezza vestita d\u2019autorit\u00e0. \u00c8 il nome del perdono, della clemenza che scioglie i nodi, che guarisce i conflitti. Clemente porta con s\u00e9 la memoria di chi ha scelto la mano tesa invece della spada, la parola che lenisce invece di dividere.<\/p>\n<h3>Innocenzo<\/h3>\n<p>Tredici pontefici chiamati Innocenzo: un nome quasi paradossale, scelto forse come talismano in un mondo di colpe e responsabilit\u00e0. Gli Innocenzo furono a volte forti come re, a volte deboli come agnelli. Alcuni hanno segnato la storia con gesti di grandezza e altri con ombre pesanti, ma tutti hanno portato sulla fronte il peso di un nome che invoca purezza e giustizia.<\/p>\n<h3>Pio<\/h3>\n<p>Dodici papi hanno indossato il nome Pio. Un nome che profuma di devozione, di preghiera, di fedelt\u00e0 alle radici. I Pio sono stati spesso riformatori, uomini di frontiera, traghettatori nei secoli pi\u00f9 turbolenti. Tra loro, Pio XII, pontefice della Seconda guerra mondiale, e Pio IX, il papa del dogma e dell\u2019esilio.<\/p>\n<p>Questi nomi, Gregorio, Benedetto, Leone, Clemente, Innocenzo, Pio, non sono solo etichette in una lista, ma archetipi.<br \/>\nSono ponti gettati tra la terra e il cielo, risposte alla paura e al desiderio degli uomini di essere, almeno per un istante, custodi del mistero e padroni della propria storia.\u00a0Ogni volta che un nuovo pontefice sceglie uno di questi nomi, accende una candela nella notte e si pone in ascolto del passato, pronto a riscrivere il futuro a partire da una parola sacra.<\/p>\n<h2>I nomi dei primi papi della storia<\/h2>\n<p>Nel principio fu la terra battuta, le catacombe, le fiaccole che tremavano nelle mani di uomini e donne perseguitati.<br \/>\nI\u00a0<strong>primi papi<\/strong>\u00a0non avevano troni n\u00e9 potere: avevano nomi corti, nudi, essenziali, come la fede che li sosteneva.\u00a0<strong><a href=\"https:\/\/www.holyart.it\/blog\/santi-e-beati\/la-tomba-di-san-pietro-e-la-sua-incredibile-scoperta\/\">Pietro<\/a>,<\/strong>\u00a0il pescatore, la roccia, la soglia tra due mondi. E poi Lino, Cleto, Clemente: nomi che sembrano gocce d\u2019acqua raccolte nella notte, custodite come reliquie nel silenzio.<br \/>\nNon c\u2019era ancora la consuetudine di cambiare nome: i papi della storia, in quei secoli, portavano con s\u00e9 il proprio nome di battesimo come una ferita d\u2019infanzia, come una promessa. L\u2019elenco dei papi delle origini somiglia pi\u00f9 a una schiera di fratelli che a una parata di monarchi: nessuno avrebbe osato, nei primi mille anni, chiamarsi Pietro II. Era un nome troppo sacro, una cima troppo alta.<\/p>\n<div class=\"link-article\">\n<p><img loading=\"lazy\" decoding=\"async\" class=\"size-full wp-image-22224 alignleft\" src=\"https:\/\/blog.holyart.it\/it\/wp-content\/uploads\/sites\/17\/2025\/07\/tomba-vaticano.jpeg\" alt=\"san pietro\" width=\"150\" height=\"100\" data-kale-share-title=\"Qual \u00e8 il nome pi\u00f9 usato dai papi?\" data-kale-share-url=\"https:\/\/blog.holyart.it\/it\/?p=22216\" \/><\/p>\n<div class=\"leggi-anche\">Leggi anche:<\/div>\n<p><strong><a href=\"https:\/\/www.holyart.it\/blog\/santi-e-beati\/la-tomba-di-san-pietro-e-la-sua-incredibile-scoperta\/\">La tomba di San Pietro e la sua incredibile scoperta<\/a><\/strong><br \/>\nLa tomba di San Pietro a Roma \u00e8 da sempre considerato uno dei luoghi sacri per eccellenza della cristianit\u00e0&#8230;<\/p>\n<\/div>\n<p>Il rito del cambio nome \u00e8 un\u2019invenzione \u201cmoderna\u201d, figlia della vertigine di essere ormai diventati pi\u00f9 che semplici uomini.<br \/>\nIl primo a compiere il gesto silenzioso, ma rivoluzionario, di cambiare il proprio nome fu\u00a0<strong>Giovanni II<\/strong>, salito al soglio pontificio nel 533. Era nato con un nome carico di echi pagani, Mercurio, un nome che sapeva di antichi templi e di divinit\u00e0 dimenticate. Ma al momento dell\u2019elezione, avvert\u00ec il peso di quel nome sulle spalle e decise di lasciarlo indietro come un abito fuori tempo. Non era degno, pens\u00f2, che il pastore dei cristiani portasse il nome di un dio pagano: cos\u00ec, scelse Giovanni, un nome puro, gi\u00e0 risuonato nei Vangeli come eco di profezia e promessa.<br \/>\nQuesto gesto, nato da una questione di fede e opportunit\u00e0, rimase per secoli un\u2019eccezione. Solo pi\u00f9 tardi, sul finire del primo millennio, la pratica si consolid\u00f2: fu con\u00a0<strong>Gregorio V<\/strong>\u00a0(996-999), che portava un nome barbarico, Brunone, che cambiare nome divenne un atto quasi rituale, un ponte tra il passato umano e la nuova missione divina.<br \/>\nGiovanni II, quindi, non fu il primo papa in assoluto a ricevere un nuovo nome, ma fu il primo a compiere questa scelta per ragioni profondamente legate alla fede e al significato simbolico che il nome reca con s\u00e9. Da quel momento, ogni nome scelto dal successore di Pietro sarebbe diventato non solo un\u2019identit\u00e0, ma una dichiarazione di intenti e di visione spirituale.<\/p>\n<h2>Quanti sono stati i papi<\/h2>\n<p>Quanti sono stati i papi? Sembra una domanda da registro scolastico, e invece \u00e8 un abisso. Lungo l\u2019elenco dei papi, quello ufficiale, quello delle notti insonni nei palazzi vaticani, sfilano\u00a0<strong>duecentosessantasei\u00a0<\/strong>nomi. Ma in realt\u00e0 sono molti di pi\u00f9, o forse molti di meno: ci sono gli antipapi, i fantasmi, i doppi, i falsi, i dimenticati.<br \/>\nLa successione dei papi \u00e8 una danza di ombre e luci, scandita da scismi, guerre, miracoli e tradimenti.<br \/>\nC\u2019\u00e8 stato un tempo, il medioevo degli specchi infranti, in cui il mondo vide tre papi in lotta tra loro, come se la Chiesa fosse un castello assediato da troppi pretendenti. Altre volte il trono rest\u00f2 vuoto, sospeso nel vuoto tra due pontificati, come un cuore che smette di battere per un istante.<br \/>\nMa <a href=\"https:\/\/www.holyart.it\/blog\/articoli-religiosi\/cosa-succede-alla-morte-di-un-papa-tutte-le-fasi-dal-decesso-allelezione-del-successore\/\"><strong>il vero miracolo \u00e8 la continuit\u00e0<\/strong><\/a>: attraverso catastrofi, pestilenze, imperi bruciati e citt\u00e0 ricostruite, i papi della storia hanno lasciato una traccia. Una scia di candele accese nella tempesta. In questa lunga processione, ogni nome scelto, Leone, Pio, Gregorio, Innocenzo, \u00e8 un vessillo piantato nella polvere del tempo.<br \/>\nDomandarsi quanti sono stati i papi \u00e8, in fondo, domandarsi quanti uomini hanno osato portare sulle spalle il peso del cielo. E quanti, invece, hanno solo sfiorato la soglia, lasciando il loro nome sospeso tra memoria e oblio.<br \/>\nOgni nuovo nome nella lista dei papi \u00e8 una parola incisa su una lastra di marmo, ma anche un respiro che corre tra le navate, una carezza sulla fronte della storia.<br \/>\nLa tradizione si piega, si trasforma, si rinnova: i papi della storia sono pellegrini e sentinelle, traghettatori di anime in un mare in tempesta.<\/p>\n<div class=\"link-article\">\n<p><img loading=\"lazy\" decoding=\"async\" class=\"size-full wp-image-22225 alignleft\" src=\"https:\/\/blog.holyart.it\/it\/wp-content\/uploads\/sites\/17\/2025\/07\/balcone-conclave-vaticano.jpg\" alt=\"balcone conclave vaticano\" width=\"150\" height=\"99\" data-kale-share-title=\"Qual \u00e8 il nome pi\u00f9 usato dai papi?\" data-kale-share-url=\"https:\/\/blog.holyart.it\/it\/?p=22216\" \/><\/p>\n<div class=\"leggi-anche\">Leggi anche:<\/div>\n<p><strong><a href=\"https:\/\/www.holyart.it\/blog\/articoli-religiosi\/cosa-succede-alla-morte-di-un-papa-tutte-le-fasi-dal-decesso-allelezione-del-successore\/\">Cosa succede alla morte di un Papa: tutte le fasi dal decesso all\u2019elezione del successore<\/a><\/strong><br \/>\nMorte di un Papa: cosa succede davvero tra il decesso e l\u2019elezione del&#8230;<\/p>\n<\/div>\n<h2>Nomi dei papi dal 1900 ad oggi<\/h2>\n<p>Il Novecento, secolo veloce e tremendo, ha visto la Chiesa attraversare tempeste di fuoco e ghiaccio. I nomi dei papi dal 1900 ad oggi sono specchi di un mondo che cambia, ma anche radici che si aggrappano ostinate alla roccia.<\/p>\n<p><strong>Leone XIII<\/strong>\u00a0(1878-1903) fu il pontefice che apr\u00ec il secolo con un nome regale e una visione di riconciliazione tra fede e modernit\u00e0. Poeta, filosofo, e padre della dottrina sociale della Chiesa: con la\u00a0<em>Rerum Novarum<\/em>\u00a0fece entrare la voce dei lavoratori nelle preghiere del Vaticano.<br \/>\nPoi, nella notte delle\u00a0<strong>guerre mondiali<\/strong>, sfilano quattro nomi che suonano come armature, scudi contro il caos.<br \/>\n<strong>Pio X\u00a0<\/strong>(1903-1914), veneto dallo sguardo limpido e la voce ruvida di popolo, fu il papa della semplicit\u00e0, delle riforme liturgiche e della <a href=\"https:\/\/www.holyart.it\/it\/occasioni-speciali\/prima-comunione\"><strong>Prima Comunione ai bambini<\/strong><\/a>. La sua fede disarmante lo rese santo tra la sua stessa gente, anche nei tempi inquieti che preannunciavano la guerra.<br \/>\n<strong>Benedetto XV\u00a0<\/strong>(1914-1922) fu il papa del dolore e della pace negata. Durante la Grande Guerra, alz\u00f2 la voce inascoltata contro la follia dei cannoni. Fu pontefice di compassione e diplomazia, ricordato come \u201cBenedetto della pace\u201d.<br \/>\n<strong>Pio XI\u00a0<\/strong>(1922-1939), montanaro lombardo, uomo di rigore e di visione. Sigl\u00f2 i Patti Lateranensi, riannodando il filo tra Stato italiano e Chiesa. In un\u2019Europa sull\u2019orlo del baratro, fu difensore della libert\u00e0 spirituale contro i totalitarismi nascenti.<br \/>\n<strong>Pio XII\u00a0<\/strong>(1939-1958), il papa dall\u2019eleganza romana e dallo spirito d\u2019acciaio: eletto durante la Seconda Guerra mondiale, attravers\u00f2 tempeste di fuoco e ambiguit\u00e0. Diplomazia silenziosa e preghiera incessante: un pontificato segnato dalla paura e dalla speranza.<\/p>\n<p>Arriva poi una rivoluzione gentile di\u00a0<strong>Giovanni XXIII\u00a0<\/strong>(1958-1963), il \u201cpapa buono\u201d. Col suo sorriso disarmante riapr\u00ec le finestre della Chiesa con il Concilio Vaticano II, portando un soffio d\u2019aria nuova, di dialogo, di misericordia. Il suo nome, Giovanni, torn\u00f2 a risplendere dopo secoli di assenza.<\/p>\n<div class=\"link-product\">\n<div class=\"blocco-immagine\"><img loading=\"lazy\" decoding=\"async\" class=\"size-full wp-image-22227 alignleft\" src=\"https:\/\/blog.holyart.it\/it\/wp-content\/uploads\/sites\/17\/2025\/07\/kit-prima-comunione-tunica-croce-cingolo-modello-classico-in-primis.jpg\" alt=\"kit prima comunione tunica croce cingolo modello classico in primis\" width=\"100\" height=\"100\" data-kale-share-title=\"Qual \u00e8 il nome pi\u00f9 usato dai papi?\" data-kale-share-url=\"https:\/\/blog.holyart.it\/it\/?p=22216\" \/><\/div>\n<div class=\"blocco-contenuto\">\n<div class=\"blocco-acquista\">Acquista su Holyart:<\/div>\n<div class=\"blocco-titolo\"><a href=\"https:\/\/www.holyart.it\/it\/occasioni-speciali\/prima-comunione\">Prima Comunione<\/a><\/div>\n<div class=\"blocco-descrizione\">Reparto interamente dedicato agli articoli per la Prima Comunione.<\/div>\n<\/div>\n<\/div>\n<p>Dopo di lui\u00a0<strong>Paolo VI<\/strong>\u00a0(1963-1978) prende il bastone del pellegrino e lo porta oltre i confini dell\u2019antico mondo, fino agli angoli pi\u00f9 remoti del pianeta. Viaggiatore inquieto, raffinato e solitario, primo papa a viaggiare in aereo, attravers\u00f2 il mondo per abbracciare l\u2019umanit\u00e0 e portare la Chiesa fuori dalle mura. Fece da traghettatore nei tempi della contestazione e del cambiamento.<\/p>\n<p><strong>Giovanni Paolo I\u00a0<\/strong>(1978), trentatr\u00e9 giorni di luce candida: il \u201cpapa del sorriso\u201d. Per la prima volta due nomi fusi in uno, come un abbraccio tra tradizione e novit\u00e0. Il suo pontificato brevissimo resta una meteora gentile nella storia dei papi di Roma.<\/p>\n<p><strong>Giovanni Paolo II\u00a0<\/strong>(1978-2005) \u00e8 stato il gigante venuto dall\u2019Est, atleta dello spirito e della storia. Abbatt\u00e9 muri, viaggi\u00f2 ovunque, cambi\u00f2 la percezione stessa del papato. Il suo nome \u00e8 diventato simbolo di speranza, libert\u00e0, lotta contro la paura.<\/p>\n<p><strong>Benedetto XVI\u00a0<\/strong>(2005-2013) fu teologo della mitezza, custode della fede e della ragione. Primo papa dopo secoli a rinunciare al soglio, ha lasciato una traccia di profondit\u00e0 e umilt\u00e0 in un mondo sempre pi\u00f9 smarrito.<\/p>\n<p><a href=\"https:\/\/www.holyart.it\/blog\/occasioni-speciali\/come-papa-francesco-ha-trasformato-la-chiesa-durante-il-suo-pontificato\/\"><strong>Francesco\u00a0(2013 &#8211; 2025)<\/strong><\/a> \u00e8 stato il rivoluzionario gentile, primo a portare il nome del poverello d\u2019Assisi. Ha dato voce agli ultimi e acceso i riflettori sulla fraternit\u00e0 universale, scegliendo uno stile semplice e diretto, quasi profetico.<\/p>\n<p><strong>Leone XIV<\/strong>\u00a0(2025 &#8211; ): una storia tutta da scrivere.<\/p>\n<div class=\"link-article\">\n<p><img loading=\"lazy\" decoding=\"async\" class=\"size-full wp-image-22228 alignleft\" src=\"https:\/\/blog.holyart.it\/it\/wp-content\/uploads\/sites\/17\/2025\/07\/Holyart_Blog_PapaFrancesco_it.jpg\" alt=\"Papa Francesco\" width=\"150\" height=\"99\" data-kale-share-title=\"Qual \u00e8 il nome pi\u00f9 usato dai papi?\" data-kale-share-url=\"https:\/\/blog.holyart.it\/it\/?p=22216\" \/><\/p>\n<div class=\"leggi-anche\">Leggi anche:<\/div>\n<p><strong><a href=\"https:\/\/www.holyart.it\/blog\/occasioni-speciali\/come-papa-francesco-ha-trasformato-la-chiesa-durante-il-suo-pontificato\/\">Come Papa Francesco ha trasformato la Chiesa durante il suo pontificato<\/a><\/strong><br \/>\nChe cosa ha fatto di importante Papa Francesco? Il suo pontificato \u00e8&#8230;<\/p>\n<\/div>\n","protected":false},"excerpt":{"rendered":"<p>Qual \u00e8 il nome pi\u00f9 usato dai papi? Un viaggio attraverso i segreti millenari dei nomi sacri C\u2019\u00e8 una domanda che si insinua lieve tra le fessure della storia, come un raggio di sole filtrato da una vetrata gotica:\u00a0qual \u00e8 il nome pi\u00f9 usato dai&hellip;<\/p>\n","protected":false},"author":1,"featured_media":22231,"comment_status":"closed","ping_status":"open","sticky":false,"template":"","format":"standard","meta":{"_acf_changed":false,"footnotes":""},"categories":[16],"tags":[],"class_list":["post-22216","post","type-post","status-publish","format-standard","has-post-thumbnail","hentry","category-articoli-religiosi"],"acf":[],"yoast_head":"<!-- This site is optimized with the Yoast SEO plugin v26.6 - https:\/\/yoast.com\/wordpress\/plugins\/seo\/ -->\n<title>Qual \u00e8 il nome pi\u00f9 usato dai papi? - Holyblog<\/title>\n<meta name=\"description\" content=\"Qual \u00e8 il nome pi\u00f9 usato dai papi? Scopriamo la storia, il significato e la classifica dei nomi pi\u00f9 scelti nella successione dei papi\" \/>\n<meta name=\"robots\" content=\"index, follow, max-snippet:-1, max-image-preview:large, max-video-preview:-1\" \/>\n<link rel=\"canonical\" href=\"https:\/\/blog.holyart.it\/it\/articoli-religiosi\/qual-e-il-nome-piu-usato-dai-papi\/\" \/>\n<meta property=\"og:locale\" content=\"it_IT\" \/>\n<meta property=\"og:type\" content=\"article\" \/>\n<meta property=\"og:title\" content=\"Qual \u00e8 il nome pi\u00f9 usato dai papi? - Holyblog\" \/>\n<meta property=\"og:description\" content=\"Qual \u00e8 il nome pi\u00f9 usato dai papi? Scopriamo la storia, il significato e la classifica dei nomi pi\u00f9 scelti nella successione dei papi\" \/>\n<meta property=\"og:url\" content=\"https:\/\/blog.holyart.it\/it\/articoli-religiosi\/qual-e-il-nome-piu-usato-dai-papi\/\" \/>\n<meta property=\"og:site_name\" content=\"Holyblog\" \/>\n<meta property=\"article:published_time\" content=\"2025-08-05T08:00:15+00:00\" \/>\n<meta property=\"article:modified_time\" content=\"2026-04-22T13:46:34+00:00\" \/>\n<meta property=\"og:image\" content=\"https:\/\/blog.holyart.it\/it\/wp-content\/uploads\/sites\/17\/2025\/07\/qual-e-il-nome-piu-usato-dai-papi.jpg\" \/>\n\t<meta property=\"og:image:width\" content=\"1000\" \/>\n\t<meta property=\"og:image:height\" content=\"666\" \/>\n\t<meta property=\"og:image:type\" content=\"image\/jpeg\" \/>\n<meta name=\"author\" content=\"Redazione\" \/>\n<meta name=\"twitter:card\" content=\"summary_large_image\" \/>\n<meta name=\"twitter:label1\" content=\"Scritto da\" \/>\n\t<meta name=\"twitter:data1\" content=\"Redazione\" \/>\n\t<meta name=\"twitter:label2\" content=\"Tempo di lettura stimato\" \/>\n\t<meta name=\"twitter:data2\" content=\"15 minuti\" \/>\n<script type=\"application\/ld+json\" class=\"yoast-schema-graph\">{\"@context\":\"https:\/\/schema.org\",\"@graph\":[{\"@type\":\"Article\",\"@id\":\"https:\/\/blog.holyart.it\/it\/articoli-religiosi\/qual-e-il-nome-piu-usato-dai-papi\/#article\",\"isPartOf\":{\"@id\":\"https:\/\/blog.holyart.it\/it\/articoli-religiosi\/qual-e-il-nome-piu-usato-dai-papi\/\"},\"author\":{\"name\":\"Redazione\",\"@id\":\"https:\/\/blog.holyart.it\/it\/#\/schema\/person\/0a7b686e5af0f856ec1e390dd0baecda\"},\"headline\":\"Qual \u00e8 il nome pi\u00f9 usato dai papi?\",\"datePublished\":\"2025-08-05T08:00:15+00:00\",\"dateModified\":\"2026-04-22T13:46:34+00:00\",\"mainEntityOfPage\":{\"@id\":\"https:\/\/blog.holyart.it\/it\/articoli-religiosi\/qual-e-il-nome-piu-usato-dai-papi\/\"},\"wordCount\":2378,\"publisher\":{\"@id\":\"https:\/\/blog.holyart.it\/it\/#organization\"},\"image\":{\"@id\":\"https:\/\/blog.holyart.it\/it\/articoli-religiosi\/qual-e-il-nome-piu-usato-dai-papi\/#primaryimage\"},\"thumbnailUrl\":\"https:\/\/blog.holyart.it\/it\/wp-content\/uploads\/sites\/17\/2025\/07\/qual-e-il-nome-piu-usato-dai-papi.jpg\",\"articleSection\":[\"Religione\"],\"inLanguage\":\"it-IT\"},{\"@type\":\"WebPage\",\"@id\":\"https:\/\/blog.holyart.it\/it\/articoli-religiosi\/qual-e-il-nome-piu-usato-dai-papi\/\",\"url\":\"https:\/\/blog.holyart.it\/it\/articoli-religiosi\/qual-e-il-nome-piu-usato-dai-papi\/\",\"name\":\"Qual \u00e8 il nome pi\u00f9 usato dai papi? - Holyblog\",\"isPartOf\":{\"@id\":\"https:\/\/blog.holyart.it\/it\/#website\"},\"primaryImageOfPage\":{\"@id\":\"https:\/\/blog.holyart.it\/it\/articoli-religiosi\/qual-e-il-nome-piu-usato-dai-papi\/#primaryimage\"},\"image\":{\"@id\":\"https:\/\/blog.holyart.it\/it\/articoli-religiosi\/qual-e-il-nome-piu-usato-dai-papi\/#primaryimage\"},\"thumbnailUrl\":\"https:\/\/blog.holyart.it\/it\/wp-content\/uploads\/sites\/17\/2025\/07\/qual-e-il-nome-piu-usato-dai-papi.jpg\",\"datePublished\":\"2025-08-05T08:00:15+00:00\",\"dateModified\":\"2026-04-22T13:46:34+00:00\",\"description\":\"Qual \u00e8 il nome pi\u00f9 usato dai papi? Scopriamo la storia, il significato e la classifica dei nomi pi\u00f9 scelti nella successione dei papi\",\"breadcrumb\":{\"@id\":\"https:\/\/blog.holyart.it\/it\/articoli-religiosi\/qual-e-il-nome-piu-usato-dai-papi\/#breadcrumb\"},\"inLanguage\":\"it-IT\",\"potentialAction\":[{\"@type\":\"ReadAction\",\"target\":[\"https:\/\/blog.holyart.it\/it\/articoli-religiosi\/qual-e-il-nome-piu-usato-dai-papi\/\"]}]},{\"@type\":\"ImageObject\",\"inLanguage\":\"it-IT\",\"@id\":\"https:\/\/blog.holyart.it\/it\/articoli-religiosi\/qual-e-il-nome-piu-usato-dai-papi\/#primaryimage\",\"url\":\"https:\/\/blog.holyart.it\/it\/wp-content\/uploads\/sites\/17\/2025\/07\/qual-e-il-nome-piu-usato-dai-papi.jpg\",\"contentUrl\":\"https:\/\/blog.holyart.it\/it\/wp-content\/uploads\/sites\/17\/2025\/07\/qual-e-il-nome-piu-usato-dai-papi.jpg\",\"width\":1000,\"height\":666,\"caption\":\"qual \u00e8 il nome pi\u00f9 usato dai papi\"},{\"@type\":\"BreadcrumbList\",\"@id\":\"https:\/\/blog.holyart.it\/it\/articoli-religiosi\/qual-e-il-nome-piu-usato-dai-papi\/#breadcrumb\",\"itemListElement\":[{\"@type\":\"ListItem\",\"position\":1,\"name\":\"Homepage\",\"item\":\"https:\/\/blog.holyart.it\/it\/\"},{\"@type\":\"ListItem\",\"position\":2,\"name\":\"Religione\",\"item\":\"https:\/\/blog.holyart.it\/it\/articoli-religiosi\/\"},{\"@type\":\"ListItem\",\"position\":3,\"name\":\"Qual \u00e8 il nome pi\u00f9 usato dai papi?\"}]},{\"@type\":\"WebSite\",\"@id\":\"https:\/\/blog.holyart.it\/it\/#website\",\"url\":\"https:\/\/blog.holyart.it\/it\/\",\"name\":\"Holyblog\",\"description\":\"Il Blog di Holyart.it\",\"publisher\":{\"@id\":\"https:\/\/blog.holyart.it\/it\/#organization\"},\"potentialAction\":[{\"@type\":\"SearchAction\",\"target\":{\"@type\":\"EntryPoint\",\"urlTemplate\":\"https:\/\/blog.holyart.it\/it\/?s={search_term_string}\"},\"query-input\":{\"@type\":\"PropertyValueSpecification\",\"valueRequired\":true,\"valueName\":\"search_term_string\"}}],\"inLanguage\":\"it-IT\"},{\"@type\":\"Organization\",\"@id\":\"https:\/\/blog.holyart.it\/it\/#organization\",\"name\":\"Holyblog\",\"url\":\"https:\/\/blog.holyart.it\/it\/\",\"logo\":{\"@type\":\"ImageObject\",\"inLanguage\":\"it-IT\",\"@id\":\"https:\/\/blog.holyart.it\/it\/#\/schema\/logo\/image\/\",\"url\":\"https:\/\/blog.holyart.it\/it\/wp-content\/uploads\/sites\/17\/2022\/12\/Holyart_Blog_Logo.jpg\",\"contentUrl\":\"https:\/\/blog.holyart.it\/it\/wp-content\/uploads\/sites\/17\/2022\/12\/Holyart_Blog_Logo.jpg\",\"width\":300,\"height\":50,\"caption\":\"Holyblog\"},\"image\":{\"@id\":\"https:\/\/blog.holyart.it\/it\/#\/schema\/logo\/image\/\"}},{\"@type\":\"Person\",\"@id\":\"https:\/\/blog.holyart.it\/it\/#\/schema\/person\/0a7b686e5af0f856ec1e390dd0baecda\",\"name\":\"Redazione\"}]}<\/script>\n<!-- \/ Yoast SEO plugin. -->","yoast_head_json":{"title":"Qual \u00e8 il nome pi\u00f9 usato dai papi? - Holyblog","description":"Qual \u00e8 il nome pi\u00f9 usato dai papi? Scopriamo la storia, il significato e la classifica dei nomi pi\u00f9 scelti nella successione dei papi","robots":{"index":"index","follow":"follow","max-snippet":"max-snippet:-1","max-image-preview":"max-image-preview:large","max-video-preview":"max-video-preview:-1"},"canonical":"https:\/\/blog.holyart.it\/it\/articoli-religiosi\/qual-e-il-nome-piu-usato-dai-papi\/","og_locale":"it_IT","og_type":"article","og_title":"Qual \u00e8 il nome pi\u00f9 usato dai papi? - Holyblog","og_description":"Qual \u00e8 il nome pi\u00f9 usato dai papi? Scopriamo la storia, il significato e la classifica dei nomi pi\u00f9 scelti nella successione dei papi","og_url":"https:\/\/blog.holyart.it\/it\/articoli-religiosi\/qual-e-il-nome-piu-usato-dai-papi\/","og_site_name":"Holyblog","article_published_time":"2025-08-05T08:00:15+00:00","article_modified_time":"2026-04-22T13:46:34+00:00","og_image":[{"width":1000,"height":666,"url":"https:\/\/blog.holyart.it\/it\/wp-content\/uploads\/sites\/17\/2025\/07\/qual-e-il-nome-piu-usato-dai-papi.jpg","type":"image\/jpeg"}],"author":"Redazione","twitter_card":"summary_large_image","twitter_misc":{"Scritto da":"Redazione","Tempo di lettura stimato":"15 minuti"},"schema":{"@context":"https:\/\/schema.org","@graph":[{"@type":"Article","@id":"https:\/\/blog.holyart.it\/it\/articoli-religiosi\/qual-e-il-nome-piu-usato-dai-papi\/#article","isPartOf":{"@id":"https:\/\/blog.holyart.it\/it\/articoli-religiosi\/qual-e-il-nome-piu-usato-dai-papi\/"},"author":{"name":"Redazione","@id":"https:\/\/blog.holyart.it\/it\/#\/schema\/person\/0a7b686e5af0f856ec1e390dd0baecda"},"headline":"Qual \u00e8 il nome pi\u00f9 usato dai papi?","datePublished":"2025-08-05T08:00:15+00:00","dateModified":"2026-04-22T13:46:34+00:00","mainEntityOfPage":{"@id":"https:\/\/blog.holyart.it\/it\/articoli-religiosi\/qual-e-il-nome-piu-usato-dai-papi\/"},"wordCount":2378,"publisher":{"@id":"https:\/\/blog.holyart.it\/it\/#organization"},"image":{"@id":"https:\/\/blog.holyart.it\/it\/articoli-religiosi\/qual-e-il-nome-piu-usato-dai-papi\/#primaryimage"},"thumbnailUrl":"https:\/\/blog.holyart.it\/it\/wp-content\/uploads\/sites\/17\/2025\/07\/qual-e-il-nome-piu-usato-dai-papi.jpg","articleSection":["Religione"],"inLanguage":"it-IT"},{"@type":"WebPage","@id":"https:\/\/blog.holyart.it\/it\/articoli-religiosi\/qual-e-il-nome-piu-usato-dai-papi\/","url":"https:\/\/blog.holyart.it\/it\/articoli-religiosi\/qual-e-il-nome-piu-usato-dai-papi\/","name":"Qual \u00e8 il nome pi\u00f9 usato dai papi? - Holyblog","isPartOf":{"@id":"https:\/\/blog.holyart.it\/it\/#website"},"primaryImageOfPage":{"@id":"https:\/\/blog.holyart.it\/it\/articoli-religiosi\/qual-e-il-nome-piu-usato-dai-papi\/#primaryimage"},"image":{"@id":"https:\/\/blog.holyart.it\/it\/articoli-religiosi\/qual-e-il-nome-piu-usato-dai-papi\/#primaryimage"},"thumbnailUrl":"https:\/\/blog.holyart.it\/it\/wp-content\/uploads\/sites\/17\/2025\/07\/qual-e-il-nome-piu-usato-dai-papi.jpg","datePublished":"2025-08-05T08:00:15+00:00","dateModified":"2026-04-22T13:46:34+00:00","description":"Qual \u00e8 il nome pi\u00f9 usato dai papi? Scopriamo la storia, il significato e la classifica dei nomi pi\u00f9 scelti nella successione dei papi","breadcrumb":{"@id":"https:\/\/blog.holyart.it\/it\/articoli-religiosi\/qual-e-il-nome-piu-usato-dai-papi\/#breadcrumb"},"inLanguage":"it-IT","potentialAction":[{"@type":"ReadAction","target":["https:\/\/blog.holyart.it\/it\/articoli-religiosi\/qual-e-il-nome-piu-usato-dai-papi\/"]}]},{"@type":"ImageObject","inLanguage":"it-IT","@id":"https:\/\/blog.holyart.it\/it\/articoli-religiosi\/qual-e-il-nome-piu-usato-dai-papi\/#primaryimage","url":"https:\/\/blog.holyart.it\/it\/wp-content\/uploads\/sites\/17\/2025\/07\/qual-e-il-nome-piu-usato-dai-papi.jpg","contentUrl":"https:\/\/blog.holyart.it\/it\/wp-content\/uploads\/sites\/17\/2025\/07\/qual-e-il-nome-piu-usato-dai-papi.jpg","width":1000,"height":666,"caption":"qual \u00e8 il nome pi\u00f9 usato dai papi"},{"@type":"BreadcrumbList","@id":"https:\/\/blog.holyart.it\/it\/articoli-religiosi\/qual-e-il-nome-piu-usato-dai-papi\/#breadcrumb","itemListElement":[{"@type":"ListItem","position":1,"name":"Homepage","item":"https:\/\/blog.holyart.it\/it\/"},{"@type":"ListItem","position":2,"name":"Religione","item":"https:\/\/blog.holyart.it\/it\/articoli-religiosi\/"},{"@type":"ListItem","position":3,"name":"Qual \u00e8 il nome pi\u00f9 usato dai papi?"}]},{"@type":"WebSite","@id":"https:\/\/blog.holyart.it\/it\/#website","url":"https:\/\/blog.holyart.it\/it\/","name":"Holyblog","description":"Il Blog di Holyart.it","publisher":{"@id":"https:\/\/blog.holyart.it\/it\/#organization"},"potentialAction":[{"@type":"SearchAction","target":{"@type":"EntryPoint","urlTemplate":"https:\/\/blog.holyart.it\/it\/?s={search_term_string}"},"query-input":{"@type":"PropertyValueSpecification","valueRequired":true,"valueName":"search_term_string"}}],"inLanguage":"it-IT"},{"@type":"Organization","@id":"https:\/\/blog.holyart.it\/it\/#organization","name":"Holyblog","url":"https:\/\/blog.holyart.it\/it\/","logo":{"@type":"ImageObject","inLanguage":"it-IT","@id":"https:\/\/blog.holyart.it\/it\/#\/schema\/logo\/image\/","url":"https:\/\/blog.holyart.it\/it\/wp-content\/uploads\/sites\/17\/2022\/12\/Holyart_Blog_Logo.jpg","contentUrl":"https:\/\/blog.holyart.it\/it\/wp-content\/uploads\/sites\/17\/2022\/12\/Holyart_Blog_Logo.jpg","width":300,"height":50,"caption":"Holyblog"},"image":{"@id":"https:\/\/blog.holyart.it\/it\/#\/schema\/logo\/image\/"}},{"@type":"Person","@id":"https:\/\/blog.holyart.it\/it\/#\/schema\/person\/0a7b686e5af0f856ec1e390dd0baecda","name":"Redazione"}]}},"_links":{"self":[{"href":"https:\/\/blog.holyart.it\/it\/wp-json\/wp\/v2\/posts\/22216","targetHints":{"allow":["GET"]}}],"collection":[{"href":"https:\/\/blog.holyart.it\/it\/wp-json\/wp\/v2\/posts"}],"about":[{"href":"https:\/\/blog.holyart.it\/it\/wp-json\/wp\/v2\/types\/post"}],"author":[{"embeddable":true,"href":"https:\/\/blog.holyart.it\/it\/wp-json\/wp\/v2\/users\/1"}],"replies":[{"embeddable":true,"href":"https:\/\/blog.holyart.it\/it\/wp-json\/wp\/v2\/comments?post=22216"}],"version-history":[{"count":7,"href":"https:\/\/blog.holyart.it\/it\/wp-json\/wp\/v2\/posts\/22216\/revisions"}],"predecessor-version":[{"id":22386,"href":"https:\/\/blog.holyart.it\/it\/wp-json\/wp\/v2\/posts\/22216\/revisions\/22386"}],"wp:featuredmedia":[{"embeddable":true,"href":"https:\/\/blog.holyart.it\/it\/wp-json\/wp\/v2\/media\/22231"}],"wp:attachment":[{"href":"https:\/\/blog.holyart.it\/it\/wp-json\/wp\/v2\/media?parent=22216"}],"wp:term":[{"taxonomy":"category","embeddable":true,"href":"https:\/\/blog.holyart.it\/it\/wp-json\/wp\/v2\/categories?post=22216"},{"taxonomy":"post_tag","embeddable":true,"href":"https:\/\/blog.holyart.it\/it\/wp-json\/wp\/v2\/tags?post=22216"}],"curies":[{"name":"wp","href":"https:\/\/api.w.org\/{rel}","templated":true}]}}