{"id":22205,"date":"2025-07-28T10:00:52","date_gmt":"2025-07-28T08:00:52","guid":{"rendered":"https:\/\/blog.holyart.it\/it\/?p=22205"},"modified":"2025-06-30T17:23:21","modified_gmt":"2025-06-30T15:23:21","slug":"chi-era-santeusebio-di-vercelli","status":"publish","type":"post","link":"https:\/\/blog.holyart.it\/it\/santi-e-beati\/chi-era-santeusebio-di-vercelli\/","title":{"rendered":"Chi era Sant&#8217;Eusebio di Vercelli"},"content":{"rendered":"<h4>Sant&#8217;Eusebio di Vercelli, il pastore di roccia che sfid\u00f2 l\u2019imperatore per amore della Verit\u00e0<\/h4>\n\n<p>C\u2019erano tempi in cui credere significava rischiare. Non una scelta di comodo, ma un atto di resistenza. Bastava pronunciare il nome di Cristo perch\u00e9 il mondo ti si rivoltasse contro. In quegli anni in cui la fede poteva costare la vita e l\u2019incenso pagano ancora bruciava nei templi, ci fu un uomo che non abbass\u00f2 lo sguardo. Mentre tanti tacevano per timore,\u00a0<a href=\"https:\/\/www.holyart.it\/it\/articoli-religiosi\/santini-e-biglietti-augurali\/santini-da-collezione\/santino-di-san-eusebio-decoro-merlettato-11x7-cm\"><strong>Eusebio di Vercelli<\/strong><\/a>\u00a0alz\u00f2 la voce. Non per superbia, ma per amore della Verit\u00e0. E quella voce, temprata dal dolore e accesa dalla speranza, ancora oggi attraversa i secoli come un richiamo per chi si rifiuta di barattare la coscienza.<br \/>\n<em>\u201cNon abbiate paura della verit\u00e0,\u201d<\/em>\u00a0sembra dire.\u00a0<em>\u201cAnche se vi costa. Anche se vi isola. La verit\u00e0 \u00e8 sempre la strada pi\u00f9 stretta, ma anche quella che porta pi\u00f9 in alto.\u201d<br \/>\n<\/em>E in un tempo come il nostro, in cui tutto pare negoziabile, Sant\u2019Eusebio non \u00e8 un ricordo polveroso. \u00c8 un faro. \u00c8 una sfida. \u00c8 un invito. A tenere la schiena dritta. A non vendere l\u2019anima. A credere, ancora, che la luce, alla fine, vince.<\/p>\n<div class=\"link-product\">\n<div class=\"blocco-immagine\"><img loading=\"lazy\" decoding=\"async\" class=\"size-full wp-image-22207 alignleft\" src=\"https:\/\/blog.holyart.it\/it\/wp-content\/uploads\/sites\/17\/2025\/06\/santino-di-san-eusebio-decoro-merlettato-11x7-cm.jpg\" alt=\"santino di san eusebio decoro merlettato 11x7 cm\" width=\"100\" height=\"100\" data-kale-share-title=\"Chi era Sant\u2019Eusebio di Vercelli\" data-kale-share-url=\"https:\/\/blog.holyart.it\/it\/?p=22205\" \/><\/div>\n<div class=\"blocco-contenuto\">\n<div class=\"blocco-acquista\">Acquista su Holyart:<\/div>\n<div class=\"blocco-titolo\"><a href=\"https:\/\/www.holyart.it\/it\/articoli-religiosi\/santini-e-biglietti-augurali\/santini-da-collezione\/santino-di-san-eusebio-decoro-merlettato-11x7-cm\">Santino di San Eusebio decoro merlettato 11&#215;7 cm<\/a><\/div>\n<div class=\"blocco-descrizione\">Il santino di San Eusebio \u00e8 realizzato in carta pregiata in fibra di cotone e misura circa 11&#215;7 cm.<\/div>\n<\/div>\n<\/div>\n<h2>Cosa ha fatto Sant&#8217;Eusebio<\/h2>\n<p>Era nato in Sardegna, pi\u00f9 o meno nel 283 dopo Cristo. Un bambino come tanti, se non fosse che la fede gli avrebbe strappato il padre troppo presto. Fu con la madre Restituta e la sorella Eusebia che lasci\u00f2 l\u2019isola, cercando rifugio e futuro a Roma. L\u00ec, tra le pietre antiche e i sepolcri dei martiri, impar\u00f2 a leggere la Scrittura come si legge una ferita: con attenzione, con rispetto, con il desiderio di guarire. E l\u00ec sent\u00ec, forse non subito, forse all\u2019improvviso, che Dio lo chiamava.<br \/>\nFu Papa Marco a ordinargli le mani, e Papa Giulio I, anni dopo, a inviargli tra le nebbie del nord, a\u00a0<strong>Vercelli<\/strong>, una citt\u00e0 che ancora non sapeva di avere bisogno di lui. Era il 345. E l\u00ec cominci\u00f2 davvero la sua storia.<\/p>\n<p>Arrivato a Vercelli, cap\u00ec che la prima riforma da fare era nel cuore del clero. Cos\u00ec cre\u00f2 una\u00a0<strong>comunit\u00e0 di sacerdoti<\/strong>\u00a0che vivevano insieme, pregavano insieme, condividevano la mensa e il servizio. Un\u2019intuizione che anticipava di secoli l\u2019esperienza dei Canonici Regolari.<br \/>\nMa il vero banco di prova arriv\u00f2 nel 355, al\u00a0<strong>Sinodo di Milano<\/strong>. L\u2019imperatore Costanzo II, legato alla corrente ariana, voleva imporre la condanna di Sant\u2019Atanasio, fermo difensore della divinit\u00e0 di Cristo. Molti cedettero. Eusebio no. Si alz\u00f2, e con fermezza rifiut\u00f2 di firmare. Fu lodato per questo anche da\u00a0<strong><a href=\"https:\/\/www.holyart.it\/blog\/santi-e-beati\/santambrogio-chi-era-il-santo-patrono-di-milano\/\">Sant\u2019Ambrogio di Milano<\/a><\/strong>.<\/p>\n<div class=\"link-article\">\n<p><img loading=\"lazy\" decoding=\"async\" class=\"size-full wp-image-22208 alignleft\" src=\"https:\/\/blog.holyart.it\/it\/wp-content\/uploads\/sites\/17\/2025\/06\/santambrogio.jpeg\" alt=\"sant'ambrogio\" width=\"150\" height=\"99\" data-kale-share-title=\"Chi era Sant\u2019Eusebio di Vercelli\" data-kale-share-url=\"https:\/\/blog.holyart.it\/it\/?p=22205\" \/><\/p>\n<div class=\"leggi-anche\">Leggi anche:<\/div>\n<p><strong><a href=\"https:\/\/www.holyart.it\/blog\/santi-e-beati\/santambrogio-chi-era-il-santo-patrono-di-milano\/\">Sant\u2019Ambrogio, chi era il santo patrono di Milano<\/a><\/strong><br \/>\nSant\u2019Ambrogio \u00e8 uno dei patroni di Milano ed \u00e8 venerato da tutte le Chiese cristiane. Conosciamolo meglio&#8230;<\/p>\n<\/div>\n<p>Durante gli anni d\u2019esilio \u2014 anni lunghi, scomodi, dispersi tra la Palestina, la Cappadocia e la Tebaide \u2014\u00a0<strong>Eusebio non si spense<\/strong>. Scriveva. Pregava. Amava da lontano. Le sue lettere, inviate alla comunit\u00e0 di Vercelli, erano come fiammelle nel buio: parole di conforto, ma anche di guida, capaci di tenere unito un gregge smarrito.<br \/>\nQuando Costanzo II mor\u00ec, nel 361, le porte si riaprirono. E il ritorno fu un trionfo silenzioso: non corone n\u00e9 fanfare, ma volti commossi, mani intrecciate, un popolo che non aveva dimenticato.<\/p>\n<p>Tornato a casa, Eusebio non si concesse tregua. Insieme a\u00a0<strong>Sant\u2019Ilario di Poitiers<\/strong>, suo alleato e fratello nella fede, si mise a ricostruire: dottrina, cuori, comunit\u00e0. Voleva sanare le ferite lasciate dall\u2019eresia, e rifondare, pietra su pietra, una Chiesa fedele al mistero di Cristo. E cos\u00ec fece, percorrendo valli e villaggi, portando Vangelo e presenza, accendendo lumi dove c\u2019era solo nebbia.<\/p>\n<h2>Sant&#8217;Eusebio e il culto della Madonna Nera<\/h2>\n<p>Una leggenda, dolce come certi racconti che nascono nel cuore della gente, racconta che durante l\u2019esilio, tra le terre d\u2019Oriente, Eusebio si imbatt\u00e9 in un\u2019antica statua della Vergine. La custod\u00ec, la riport\u00f2 con s\u00e9, e la pose tra le braccia del monte Oropa, dove ancora oggi viene venerata come la\u00a0<strong><a href=\"https:\/\/www.holyart.it\/blog\/santi-e-beati\/madonna-di-oropa-storia-tradizioni-e-il-santuario-mariano-di-biella\/\">Madonna Nera di Oropa<\/a><\/strong>.<br \/>\nChe sia vero o no, importa fino a un certo punto. Perch\u00e9 quella narrazione rivela comunque qualcosa di profondo:\u00a0<strong>Eusebio amava Maria<\/strong>. E in quel volto scuro, in quella madre silenziosa, vedeva la prova concreta dell\u2019Incarnazione. Venerare lei significava difendere ci\u00f2 che gli ariani negavano: un Dio che si fa carne, che entra nella storia, che prende il volto di un bambino. Per Eusebio, Maria era il segno concreto dell\u2019Incarnazione,\u00a0<strong>la risposta vivente all\u2019eresia ariana<\/strong>. Non una devozione dolciastra, ma un atto teologico potente.<\/p>\n<div class=\"link-article\">\n<p><img loading=\"lazy\" decoding=\"async\" class=\"size-full wp-image-22210 alignleft\" src=\"https:\/\/blog.holyart.it\/it\/wp-content\/uploads\/sites\/17\/2025\/06\/santiario-della-madonna-di-oropa.jpg\" alt=\"santuario della madonna di oropa\" width=\"150\" height=\"99\" data-kale-share-title=\"Chi era Sant\u2019Eusebio di Vercelli\" data-kale-share-url=\"https:\/\/blog.holyart.it\/it\/?p=22205\" \/><\/p>\n<div class=\"leggi-anche\">Leggi anche:<\/div>\n<p><strong><a href=\"https:\/\/www.holyart.it\/blog\/santi-e-beati\/madonna-di-oropa-storia-tradizioni-e-il-santuario-mariano-di-biella\/\">Madonna di Oropa: storia, tradizioni e il santuario mariano di Biella<\/a><\/strong><br \/>\nMadonna di Oropa: la Signora Nera delle Alpi. Storia, tradizioni e&#8230;<\/p>\n<\/div>\n<h2>Patrono della regione del Piemonte<\/h2>\n<p>Ogni\u00a0<strong>2 agosto<\/strong>, il Piemonte si ferma. Non per un rito vuoto, ma per rendere omaggio a chi ha scolpito nel tempo l\u2019identit\u00e0 spirituale di questa terra. Eusebio non fu solo il primo vescovo di Vercelli: fu l\u2019apostolo delle valli, l\u2019evangelizzatore delle campagne, il tessitore di comunit\u00e0.<br \/>\nNon \u00e8 un caso se ancora oggi lo si sente vicino. Patrono di una regione austera e fiera, che si specchia nella sua figura: montanara, concreta, capace di soffrire e di sperare. Un uomo di roccia, s\u00ec, ma con il cuore acceso.<br \/>\nNel cuore della citt\u00e0 che lo vide pastore e padre, sorge la\u00a0<strong>Cattedrale<\/strong>\u00a0a lui intitolata. La sua prima fondazione risale al IV secolo, voluta proprio da <a href=\"https:\/\/www.holyart.it\/it\/accessori-per-la-liturgia\/calici-pissidi-patene\/calici-pissidi-patene-metallo\/calice-mod.-santeusebio-22-cm-ottone\"><strong>Eusebio<\/strong><\/a>. Ricostruita pi\u00f9 volte, oggi si presenta in una veste neoclassica imponente, con la facciata ornata dagli apostoli e dal Redentore.<\/p>\n<div class=\"link-product\">\n<div class=\"blocco-immagine\"><img loading=\"lazy\" decoding=\"async\" class=\"size-full wp-image-22211 alignleft\" src=\"https:\/\/blog.holyart.it\/it\/wp-content\/uploads\/sites\/17\/2025\/06\/calice-mod.-santeusebio-22-cm-ottone.jpg\" alt=\"calice mod. sant'eusebio 22 cm ottone\" width=\"100\" height=\"100\" data-kale-share-title=\"Chi era Sant\u2019Eusebio di Vercelli\" data-kale-share-url=\"https:\/\/blog.holyart.it\/it\/?p=22205\" \/><\/div>\n<div class=\"blocco-contenuto\">\n<div class=\"blocco-acquista\">Acquista su Holyart:<\/div>\n<div class=\"blocco-titolo\"><a href=\"https:\/\/www.holyart.it\/it\/accessori-per-la-liturgia\/calici-pissidi-patene\/calici-pissidi-patene-metallo\/calice-mod.-santeusebio-22-cm-ottone\">Calice mod. Sant&#8217;Eusebio 22 cm ottone<\/a><\/div>\n<div class=\"blocco-descrizione\">Calice modello Sant&#8217;Eusebio della linea Forma Fluens realizzato in Italia in ottone argentato e ottone dorato.<\/div>\n<\/div>\n<\/div>\n<p>Varcare il suo portale significa entrare in un tempo diverso. La luce filtra tra le navate come una benedizione, e il Crocifisso ottoniano, un capolavoro del X secolo in argento, sembra sospeso tra cielo e terra. Le cappelle laterali raccontano storie di santi e principi, ma il cuore pulsa nella Cappella di Sant\u2019Eusebio, che custodisce le sue reliquie: ossa che hanno camminato con fermezza, mani che hanno benedetto e lottato.<\/p>\n<p><strong>Chi protegge Sant&#8217;Eusebio?\u00a0<\/strong>La domanda, all\u2019apparenza ironica, nasconde un\u2019intuizione profonda. Perch\u00e9 i santi sono pontefici, costruttori di ponti. E se Eusebio protegge il Piemonte, \u00e8 altrettanto vero che chi ama la verit\u00e0, chi non si arrende, chi lotta per una giustizia pi\u00f9 alta&#8230; in un certo senso protegge Eusebio. Gli d\u00e0 voce. Gli d\u00e0 futuro. Lo invocano i contadini, quando il cielo si chiude. Lo cercano i sacerdoti, quando si sentono soli. Lo pregano i cristiani che non vogliono piegarsi alla menzogna. Perch\u00e9 Eusebio non fu mai una figura comoda: fu fuoco che purifica, e parola che divide il vero dal falso.<\/p>\n","protected":false},"excerpt":{"rendered":"<p>Sant&#8217;Eusebio di Vercelli, il pastore di roccia che sfid\u00f2 l\u2019imperatore per amore della Verit\u00e0 C\u2019erano tempi in cui credere significava rischiare. Non una scelta di comodo, ma un atto di resistenza. Bastava pronunciare il nome di Cristo perch\u00e9 il mondo ti si rivoltasse contro. In&hellip;<\/p>\n","protected":false},"author":1,"featured_media":22214,"comment_status":"closed","ping_status":"open","sticky":false,"template":"","format":"standard","meta":{"_acf_changed":false,"footnotes":""},"categories":[15],"tags":[],"class_list":["post-22205","post","type-post","status-publish","format-standard","has-post-thumbnail","hentry","category-santi-e-beati"],"acf":[],"yoast_head":"<!-- This site is optimized with the Yoast SEO plugin v26.6 - https:\/\/yoast.com\/wordpress\/plugins\/seo\/ -->\n<title>Chi era Sant&#039;Eusebio di Vercelli - Holyblog<\/title>\n<meta name=\"description\" content=\"Sant\u2019Eusebio di Vercelli, Vescovo e difensore della fede cattolica contro l\u2019arianesimo. Vedeva in Maria il simbolo dell\u2019Incarnazione di Ges\u00f9.\" \/>\n<meta name=\"robots\" content=\"index, follow, max-snippet:-1, max-image-preview:large, max-video-preview:-1\" \/>\n<link rel=\"canonical\" href=\"https:\/\/blog.holyart.it\/it\/santi-e-beati\/chi-era-santeusebio-di-vercelli\/\" \/>\n<meta property=\"og:locale\" content=\"it_IT\" \/>\n<meta property=\"og:type\" content=\"article\" \/>\n<meta property=\"og:title\" content=\"Chi era Sant&#039;Eusebio di Vercelli - Holyblog\" \/>\n<meta property=\"og:description\" content=\"Sant\u2019Eusebio di Vercelli, Vescovo e difensore della fede cattolica contro l\u2019arianesimo. Vedeva in Maria il simbolo dell\u2019Incarnazione di Ges\u00f9.\" \/>\n<meta property=\"og:url\" content=\"https:\/\/blog.holyart.it\/it\/santi-e-beati\/chi-era-santeusebio-di-vercelli\/\" \/>\n<meta property=\"og:site_name\" content=\"Holyblog\" \/>\n<meta property=\"article:published_time\" content=\"2025-07-28T08:00:52+00:00\" \/>\n<meta property=\"og:image\" content=\"https:\/\/blog.holyart.it\/it\/wp-content\/uploads\/sites\/17\/2025\/06\/sant-eusebio-di-vercelli.jpg\" \/>\n\t<meta property=\"og:image:width\" content=\"1000\" \/>\n\t<meta property=\"og:image:height\" content=\"666\" \/>\n\t<meta property=\"og:image:type\" content=\"image\/jpeg\" \/>\n<meta name=\"author\" content=\"Redazione\" \/>\n<meta name=\"twitter:card\" content=\"summary_large_image\" \/>\n<meta name=\"twitter:label1\" content=\"Scritto da\" \/>\n\t<meta name=\"twitter:data1\" content=\"Redazione\" \/>\n\t<meta name=\"twitter:label2\" content=\"Tempo di lettura stimato\" \/>\n\t<meta name=\"twitter:data2\" content=\"8 minuti\" \/>\n<script type=\"application\/ld+json\" class=\"yoast-schema-graph\">{\"@context\":\"https:\/\/schema.org\",\"@graph\":[{\"@type\":\"Article\",\"@id\":\"https:\/\/blog.holyart.it\/it\/santi-e-beati\/chi-era-santeusebio-di-vercelli\/#article\",\"isPartOf\":{\"@id\":\"https:\/\/blog.holyart.it\/it\/santi-e-beati\/chi-era-santeusebio-di-vercelli\/\"},\"author\":{\"name\":\"Redazione\",\"@id\":\"https:\/\/blog.holyart.it\/it\/#\/schema\/person\/0a7b686e5af0f856ec1e390dd0baecda\"},\"headline\":\"Chi era Sant&#8217;Eusebio di Vercelli\",\"datePublished\":\"2025-07-28T08:00:52+00:00\",\"mainEntityOfPage\":{\"@id\":\"https:\/\/blog.holyart.it\/it\/santi-e-beati\/chi-era-santeusebio-di-vercelli\/\"},\"wordCount\":1150,\"publisher\":{\"@id\":\"https:\/\/blog.holyart.it\/it\/#organization\"},\"image\":{\"@id\":\"https:\/\/blog.holyart.it\/it\/santi-e-beati\/chi-era-santeusebio-di-vercelli\/#primaryimage\"},\"thumbnailUrl\":\"https:\/\/blog.holyart.it\/it\/wp-content\/uploads\/sites\/17\/2025\/06\/sant-eusebio-di-vercelli.jpg\",\"articleSection\":[\"Santi e beati\"],\"inLanguage\":\"it-IT\"},{\"@type\":\"WebPage\",\"@id\":\"https:\/\/blog.holyart.it\/it\/santi-e-beati\/chi-era-santeusebio-di-vercelli\/\",\"url\":\"https:\/\/blog.holyart.it\/it\/santi-e-beati\/chi-era-santeusebio-di-vercelli\/\",\"name\":\"Chi era Sant'Eusebio di Vercelli - Holyblog\",\"isPartOf\":{\"@id\":\"https:\/\/blog.holyart.it\/it\/#website\"},\"primaryImageOfPage\":{\"@id\":\"https:\/\/blog.holyart.it\/it\/santi-e-beati\/chi-era-santeusebio-di-vercelli\/#primaryimage\"},\"image\":{\"@id\":\"https:\/\/blog.holyart.it\/it\/santi-e-beati\/chi-era-santeusebio-di-vercelli\/#primaryimage\"},\"thumbnailUrl\":\"https:\/\/blog.holyart.it\/it\/wp-content\/uploads\/sites\/17\/2025\/06\/sant-eusebio-di-vercelli.jpg\",\"datePublished\":\"2025-07-28T08:00:52+00:00\",\"description\":\"Sant\u2019Eusebio di Vercelli, Vescovo e difensore della fede cattolica contro l\u2019arianesimo. Vedeva in Maria il simbolo dell\u2019Incarnazione di Ges\u00f9.\",\"breadcrumb\":{\"@id\":\"https:\/\/blog.holyart.it\/it\/santi-e-beati\/chi-era-santeusebio-di-vercelli\/#breadcrumb\"},\"inLanguage\":\"it-IT\",\"potentialAction\":[{\"@type\":\"ReadAction\",\"target\":[\"https:\/\/blog.holyart.it\/it\/santi-e-beati\/chi-era-santeusebio-di-vercelli\/\"]}]},{\"@type\":\"ImageObject\",\"inLanguage\":\"it-IT\",\"@id\":\"https:\/\/blog.holyart.it\/it\/santi-e-beati\/chi-era-santeusebio-di-vercelli\/#primaryimage\",\"url\":\"https:\/\/blog.holyart.it\/it\/wp-content\/uploads\/sites\/17\/2025\/06\/sant-eusebio-di-vercelli.jpg\",\"contentUrl\":\"https:\/\/blog.holyart.it\/it\/wp-content\/uploads\/sites\/17\/2025\/06\/sant-eusebio-di-vercelli.jpg\",\"width\":1000,\"height\":666,\"caption\":\"sant'eusebio di vercelli\"},{\"@type\":\"BreadcrumbList\",\"@id\":\"https:\/\/blog.holyart.it\/it\/santi-e-beati\/chi-era-santeusebio-di-vercelli\/#breadcrumb\",\"itemListElement\":[{\"@type\":\"ListItem\",\"position\":1,\"name\":\"Homepage\",\"item\":\"https:\/\/blog.holyart.it\/it\/\"},{\"@type\":\"ListItem\",\"position\":2,\"name\":\"Santi e beati\",\"item\":\"https:\/\/blog.holyart.it\/it\/santi-e-beati\/\"},{\"@type\":\"ListItem\",\"position\":3,\"name\":\"Chi era Sant&#8217;Eusebio di Vercelli\"}]},{\"@type\":\"WebSite\",\"@id\":\"https:\/\/blog.holyart.it\/it\/#website\",\"url\":\"https:\/\/blog.holyart.it\/it\/\",\"name\":\"Holyblog\",\"description\":\"Il Blog di Holyart.it\",\"publisher\":{\"@id\":\"https:\/\/blog.holyart.it\/it\/#organization\"},\"potentialAction\":[{\"@type\":\"SearchAction\",\"target\":{\"@type\":\"EntryPoint\",\"urlTemplate\":\"https:\/\/blog.holyart.it\/it\/?s={search_term_string}\"},\"query-input\":{\"@type\":\"PropertyValueSpecification\",\"valueRequired\":true,\"valueName\":\"search_term_string\"}}],\"inLanguage\":\"it-IT\"},{\"@type\":\"Organization\",\"@id\":\"https:\/\/blog.holyart.it\/it\/#organization\",\"name\":\"Holyblog\",\"url\":\"https:\/\/blog.holyart.it\/it\/\",\"logo\":{\"@type\":\"ImageObject\",\"inLanguage\":\"it-IT\",\"@id\":\"https:\/\/blog.holyart.it\/it\/#\/schema\/logo\/image\/\",\"url\":\"https:\/\/blog.holyart.it\/it\/wp-content\/uploads\/sites\/17\/2022\/12\/Holyart_Blog_Logo.jpg\",\"contentUrl\":\"https:\/\/blog.holyart.it\/it\/wp-content\/uploads\/sites\/17\/2022\/12\/Holyart_Blog_Logo.jpg\",\"width\":300,\"height\":50,\"caption\":\"Holyblog\"},\"image\":{\"@id\":\"https:\/\/blog.holyart.it\/it\/#\/schema\/logo\/image\/\"}},{\"@type\":\"Person\",\"@id\":\"https:\/\/blog.holyart.it\/it\/#\/schema\/person\/0a7b686e5af0f856ec1e390dd0baecda\",\"name\":\"Redazione\"}]}<\/script>\n<!-- \/ Yoast SEO plugin. -->","yoast_head_json":{"title":"Chi era Sant'Eusebio di Vercelli - Holyblog","description":"Sant\u2019Eusebio di Vercelli, Vescovo e difensore della fede cattolica contro l\u2019arianesimo. Vedeva in Maria il simbolo dell\u2019Incarnazione di Ges\u00f9.","robots":{"index":"index","follow":"follow","max-snippet":"max-snippet:-1","max-image-preview":"max-image-preview:large","max-video-preview":"max-video-preview:-1"},"canonical":"https:\/\/blog.holyart.it\/it\/santi-e-beati\/chi-era-santeusebio-di-vercelli\/","og_locale":"it_IT","og_type":"article","og_title":"Chi era Sant'Eusebio di Vercelli - Holyblog","og_description":"Sant\u2019Eusebio di Vercelli, Vescovo e difensore della fede cattolica contro l\u2019arianesimo. Vedeva in Maria il simbolo dell\u2019Incarnazione di Ges\u00f9.","og_url":"https:\/\/blog.holyart.it\/it\/santi-e-beati\/chi-era-santeusebio-di-vercelli\/","og_site_name":"Holyblog","article_published_time":"2025-07-28T08:00:52+00:00","og_image":[{"width":1000,"height":666,"url":"https:\/\/blog.holyart.it\/it\/wp-content\/uploads\/sites\/17\/2025\/06\/sant-eusebio-di-vercelli.jpg","type":"image\/jpeg"}],"author":"Redazione","twitter_card":"summary_large_image","twitter_misc":{"Scritto da":"Redazione","Tempo di lettura stimato":"8 minuti"},"schema":{"@context":"https:\/\/schema.org","@graph":[{"@type":"Article","@id":"https:\/\/blog.holyart.it\/it\/santi-e-beati\/chi-era-santeusebio-di-vercelli\/#article","isPartOf":{"@id":"https:\/\/blog.holyart.it\/it\/santi-e-beati\/chi-era-santeusebio-di-vercelli\/"},"author":{"name":"Redazione","@id":"https:\/\/blog.holyart.it\/it\/#\/schema\/person\/0a7b686e5af0f856ec1e390dd0baecda"},"headline":"Chi era Sant&#8217;Eusebio di Vercelli","datePublished":"2025-07-28T08:00:52+00:00","mainEntityOfPage":{"@id":"https:\/\/blog.holyart.it\/it\/santi-e-beati\/chi-era-santeusebio-di-vercelli\/"},"wordCount":1150,"publisher":{"@id":"https:\/\/blog.holyart.it\/it\/#organization"},"image":{"@id":"https:\/\/blog.holyart.it\/it\/santi-e-beati\/chi-era-santeusebio-di-vercelli\/#primaryimage"},"thumbnailUrl":"https:\/\/blog.holyart.it\/it\/wp-content\/uploads\/sites\/17\/2025\/06\/sant-eusebio-di-vercelli.jpg","articleSection":["Santi e beati"],"inLanguage":"it-IT"},{"@type":"WebPage","@id":"https:\/\/blog.holyart.it\/it\/santi-e-beati\/chi-era-santeusebio-di-vercelli\/","url":"https:\/\/blog.holyart.it\/it\/santi-e-beati\/chi-era-santeusebio-di-vercelli\/","name":"Chi era Sant'Eusebio di Vercelli - Holyblog","isPartOf":{"@id":"https:\/\/blog.holyart.it\/it\/#website"},"primaryImageOfPage":{"@id":"https:\/\/blog.holyart.it\/it\/santi-e-beati\/chi-era-santeusebio-di-vercelli\/#primaryimage"},"image":{"@id":"https:\/\/blog.holyart.it\/it\/santi-e-beati\/chi-era-santeusebio-di-vercelli\/#primaryimage"},"thumbnailUrl":"https:\/\/blog.holyart.it\/it\/wp-content\/uploads\/sites\/17\/2025\/06\/sant-eusebio-di-vercelli.jpg","datePublished":"2025-07-28T08:00:52+00:00","description":"Sant\u2019Eusebio di Vercelli, Vescovo e difensore della fede cattolica contro l\u2019arianesimo. Vedeva in Maria il simbolo dell\u2019Incarnazione di Ges\u00f9.","breadcrumb":{"@id":"https:\/\/blog.holyart.it\/it\/santi-e-beati\/chi-era-santeusebio-di-vercelli\/#breadcrumb"},"inLanguage":"it-IT","potentialAction":[{"@type":"ReadAction","target":["https:\/\/blog.holyart.it\/it\/santi-e-beati\/chi-era-santeusebio-di-vercelli\/"]}]},{"@type":"ImageObject","inLanguage":"it-IT","@id":"https:\/\/blog.holyart.it\/it\/santi-e-beati\/chi-era-santeusebio-di-vercelli\/#primaryimage","url":"https:\/\/blog.holyart.it\/it\/wp-content\/uploads\/sites\/17\/2025\/06\/sant-eusebio-di-vercelli.jpg","contentUrl":"https:\/\/blog.holyart.it\/it\/wp-content\/uploads\/sites\/17\/2025\/06\/sant-eusebio-di-vercelli.jpg","width":1000,"height":666,"caption":"sant'eusebio di vercelli"},{"@type":"BreadcrumbList","@id":"https:\/\/blog.holyart.it\/it\/santi-e-beati\/chi-era-santeusebio-di-vercelli\/#breadcrumb","itemListElement":[{"@type":"ListItem","position":1,"name":"Homepage","item":"https:\/\/blog.holyart.it\/it\/"},{"@type":"ListItem","position":2,"name":"Santi e beati","item":"https:\/\/blog.holyart.it\/it\/santi-e-beati\/"},{"@type":"ListItem","position":3,"name":"Chi era Sant&#8217;Eusebio di Vercelli"}]},{"@type":"WebSite","@id":"https:\/\/blog.holyart.it\/it\/#website","url":"https:\/\/blog.holyart.it\/it\/","name":"Holyblog","description":"Il Blog di Holyart.it","publisher":{"@id":"https:\/\/blog.holyart.it\/it\/#organization"},"potentialAction":[{"@type":"SearchAction","target":{"@type":"EntryPoint","urlTemplate":"https:\/\/blog.holyart.it\/it\/?s={search_term_string}"},"query-input":{"@type":"PropertyValueSpecification","valueRequired":true,"valueName":"search_term_string"}}],"inLanguage":"it-IT"},{"@type":"Organization","@id":"https:\/\/blog.holyart.it\/it\/#organization","name":"Holyblog","url":"https:\/\/blog.holyart.it\/it\/","logo":{"@type":"ImageObject","inLanguage":"it-IT","@id":"https:\/\/blog.holyart.it\/it\/#\/schema\/logo\/image\/","url":"https:\/\/blog.holyart.it\/it\/wp-content\/uploads\/sites\/17\/2022\/12\/Holyart_Blog_Logo.jpg","contentUrl":"https:\/\/blog.holyart.it\/it\/wp-content\/uploads\/sites\/17\/2022\/12\/Holyart_Blog_Logo.jpg","width":300,"height":50,"caption":"Holyblog"},"image":{"@id":"https:\/\/blog.holyart.it\/it\/#\/schema\/logo\/image\/"}},{"@type":"Person","@id":"https:\/\/blog.holyart.it\/it\/#\/schema\/person\/0a7b686e5af0f856ec1e390dd0baecda","name":"Redazione"}]}},"_links":{"self":[{"href":"https:\/\/blog.holyart.it\/it\/wp-json\/wp\/v2\/posts\/22205","targetHints":{"allow":["GET"]}}],"collection":[{"href":"https:\/\/blog.holyart.it\/it\/wp-json\/wp\/v2\/posts"}],"about":[{"href":"https:\/\/blog.holyart.it\/it\/wp-json\/wp\/v2\/types\/post"}],"author":[{"embeddable":true,"href":"https:\/\/blog.holyart.it\/it\/wp-json\/wp\/v2\/users\/1"}],"replies":[{"embeddable":true,"href":"https:\/\/blog.holyart.it\/it\/wp-json\/wp\/v2\/comments?post=22205"}],"version-history":[{"count":5,"href":"https:\/\/blog.holyart.it\/it\/wp-json\/wp\/v2\/posts\/22205\/revisions"}],"predecessor-version":[{"id":22215,"href":"https:\/\/blog.holyart.it\/it\/wp-json\/wp\/v2\/posts\/22205\/revisions\/22215"}],"wp:featuredmedia":[{"embeddable":true,"href":"https:\/\/blog.holyart.it\/it\/wp-json\/wp\/v2\/media\/22214"}],"wp:attachment":[{"href":"https:\/\/blog.holyart.it\/it\/wp-json\/wp\/v2\/media?parent=22205"}],"wp:term":[{"taxonomy":"category","embeddable":true,"href":"https:\/\/blog.holyart.it\/it\/wp-json\/wp\/v2\/categories?post=22205"},{"taxonomy":"post_tag","embeddable":true,"href":"https:\/\/blog.holyart.it\/it\/wp-json\/wp\/v2\/tags?post=22205"}],"curies":[{"name":"wp","href":"https:\/\/api.w.org\/{rel}","templated":true}]}}